{"id":90653,"date":"2021-03-28T09:33:44","date_gmt":"2021-03-28T07:33:44","guid":{"rendered":"https:\/\/all4camper.com\/\/?p=90653"},"modified":"2021-05-25T15:37:23","modified_gmt":"2021-05-25T13:37:23","slug":"kempy-roku-2021-v-evrope-kategorie-prizniva-cena-nejkrasnejsi-socialky-i-pobyt-se-psem","status":"publish","type":"post","link":"https:\/\/all4camper.com\/cs\/kempy-roku-2021-v-evrope-kategorie-prizniva-cena-nejkrasnejsi-socialky-i-pobyt-se-psem\/","title":{"rendered":"Kempy roku 2021 v Evrop\u011b &#8211; kategorie p\u0159\u00edzniv\u00e1 cena, nejkr\u00e1sn\u011bj\u0161\u00ed soci\u00e1lky i pobyt se psem"},"content":{"rendered":"\n<p>Neskute\u010dn\u011b rychle to let\u00ed. Rok se s rokem se\u0161el a m\u00e1me tu op\u011bt v\u00fdsledky ankety <strong>Campsite Award 2021<\/strong>, kter\u00e1 je rozd\u011blena do mnoha kategori\u00ed. Ty v\u00e1m tady budu postupn\u011b vyd\u00e1vat. Ka\u017edop\u00e1dn\u011b v tomto prvn\u00edm \u010dl\u00e1nku z t\u00e9to s\u00e9rie jsme se s Ivem zam\u011b\u0159ili na kategorii soci\u00e1lky, kempov\u00e1n\u00ed se psy \u010di nejkr\u00e1sn\u011bj\u0161\u00ed kempy. Poj\u010fme se tedy nyn\u00ed spole\u010dn\u011b pod\u00edvat na ocen\u011bn\u00e9 v&nbsp;t\u011bchto kategori\u00edch.&nbsp;<\/p>\n\n\n\n<h4 class=\"wp-block-heading\">O\u010d se vlastn\u011b jedn\u00e1? <\/h4>\n\n\n\n<p>T\u00e9to sout\u011b\u017ee se mohou \u00fa\u010dastnit kempy z&nbsp;r\u016fzn\u00fdch kout\u016f Evropy. Vyhodnocen\u00ed prob\u00edh\u00e1 v&nbsp;n\u011bkolika oblastech a inovativn\u00ed kempy jsou n\u00e1sledn\u011b ocen\u011bny. O v\u00fdsledku hlasov\u00e1n\u00ed rozhoduj\u00ed \u010dten\u00e1\u0159i \u010dasopis\u016f Reisemobil International, Camping, Cars and Caravans, CamperVans a dal\u0161\u00ed. Pro v\u00e1s je to skv\u011bl\u00e9 doporu\u010den\u00ed, kam se vydat na cesty a u\u017e\u00edt si pohodov\u00e9 chv\u00edle.<\/p>\n\n\n\n<figure class=\"wp-block-image size-large\"><img loading=\"lazy\" decoding=\"async\" width=\"1000\" height=\"650\" src=\"https:\/\/all4camper.com\/\/wp-content\/uploads\/2021\/03\/kempy-roku-Evrope\u030c-2021.png\" alt=\"\" class=\"wp-image-90658\" srcset=\"https:\/\/all4camper.com\/wp-content\/uploads\/2021\/03\/kempy-roku-Evrope\u030c-2021.png 1000w, https:\/\/all4camper.com\/wp-content\/uploads\/2021\/03\/kempy-roku-Evrope\u030c-2021-300x195.png 300w, https:\/\/all4camper.com\/wp-content\/uploads\/2021\/03\/kempy-roku-Evrope\u030c-2021-150x98.png 150w, https:\/\/all4camper.com\/wp-content\/uploads\/2021\/03\/kempy-roku-Evrope\u030c-2021-768x499.png 768w\" sizes=\"auto, (max-width: 1000px) 100vw, 1000px\" \/><\/figure>\n\n\n\n<h3 class=\"wp-block-heading\">Kategorie &#8211; Sanit\u00e1rn\u00ed design<\/h3>\n\n\n\n<ul class=\"wp-block-list\"><li><strong>1.m\u00edsto: Chimsee Strand Camping (N\u011bmecko)<\/strong> <a href=\"https:\/\/chiemsee-strandcamping.de\/\" target=\"_blank\" rel=\"noreferrer noopener\">web<\/a> <a href=\"https:\/\/www.google.cz\/maps\/place\/Chiemsee+Strandcamping\/@47.8755063,12.5273213,15.96z\/data=!4m5!3m4!1s0x477671deafd284dd:0xf3b0d505271846!8m2!3d47.876489!4d12.528839?hl=cs\" target=\"_blank\" rel=\"noreferrer noopener\">mapa<\/a><ul><li>N\u00e1dhern\u00fd kemp, kter\u00fd se nach\u00e1z\u00ed na b\u0159ehu jezera Chimsee, tak\u017ee kempujete prakticky p\u0159\u00edmo na pl\u00e1\u017ei odkud stoj\u00ed za to ve\u010der pozorovat n\u00e1dhern\u00e9 z\u00e1pady slunce. V&nbsp;okol\u00ed kempu m\u016f\u017eete nav\u0161t\u00edvit nap\u0159\u00edklad historick\u00e9 m\u011bsto Salzburg v&nbsp;nedalek\u00e9m Rakousku nebo si prost\u011b jen tak u\u017e\u00edvat kouzeln\u00e9 p\u0159\u00edrody na proch\u00e1zk\u00e1ch okolo jezera. V&nbsp;kempu je mo\u017eno zaparkovat jak sv\u016fj karavan, tak zde i postavit stan. K&nbsp;dispozici v\u00e1m je v are\u00e1lu bar s&nbsp;venkovn\u00edm i vnit\u0159n\u00edm posezen\u00edm a mal\u00fd obchod s&nbsp;nab\u00eddkou z\u00e1kladn\u00edch potravin a drogistick\u00fdch pot\u0159eb.&nbsp;<\/li><\/ul><\/li><\/ul>\n\n\n\n<figure class=\"wp-block-image size-large\"><img loading=\"lazy\" decoding=\"async\" width=\"1920\" height=\"604\" src=\"https:\/\/all4camper.com\/\/wp-content\/uploads\/2021\/03\/Chimsee-1920x604.jpg\" alt=\"\" class=\"wp-image-90793\" srcset=\"https:\/\/all4camper.com\/wp-content\/uploads\/2021\/03\/Chimsee-1920x604.jpg 1920w, https:\/\/all4camper.com\/wp-content\/uploads\/2021\/03\/Chimsee-300x94.jpg 300w, https:\/\/all4camper.com\/wp-content\/uploads\/2021\/03\/Chimsee-150x47.jpg 150w, https:\/\/all4camper.com\/wp-content\/uploads\/2021\/03\/Chimsee-768x242.jpg 768w, https:\/\/all4camper.com\/wp-content\/uploads\/2021\/03\/Chimsee-1536x483.jpg 1536w, https:\/\/all4camper.com\/wp-content\/uploads\/2021\/03\/Chimsee-2048x644.jpg 2048w\" sizes=\"auto, (max-width: 1920px) 100vw, 1920px\" \/><figcaption>Zdroj: <a href=\"https:\/\/chiemsee-strandcamping.de\/\" target=\"_blank\" rel=\"noreferrer noopener\">chiemsee-strandcamping.de<\/a><\/figcaption><\/figure>\n\n\n\n<ul class=\"wp-block-list\"><li><strong>2.m\u00edsto: S\u00fcdsee-Camp (N\u011bmecko<\/strong>)&nbsp; <a href=\"https:\/\/www.suedsee-camp.de\/\" target=\"_blank\" rel=\"noreferrer noopener\">web<\/a> &nbsp; <a href=\"https:\/\/www.google.cz\/maps\/place\/S%C3%BCdsee-Camp\/@52.9336211,9.9623288,15.7z\/data=!4m8!3m7!1s0x47b03570c614a745:0x83ea5b1df676e2ae!5m2!4m1!1i2!8m2!3d52.931671!4d9.965242?hl=cs\" target=\"_blank\" rel=\"noreferrer noopener\">mapa<\/a><ul><li>Druh\u00e9 m\u00edst v&nbsp;t\u00e9to kategorii z\u00edskal p\u011btihv\u011bzdi\u010dkov\u00fd rodinn\u00fd kemp, kter\u00fd naleznete na severu N\u011bmecka, pobl\u00ed\u017e m\u011bsta Br\u00e9my. A je \u00fapln\u011b jedno zda cestujete karavanem, \u010di chcete pod stan, nebo vyu\u017eijete pr\u00e1zdninov\u00e9 domy \u010di chatky. Nem\u00e1te vlastn\u00ed karavan a chcete p\u0159esto za\u017e\u00edt tu atmosf\u00e9ru? P\u0159\u00edmo v&nbsp;are\u00e1lu si m\u016f\u017eete pronajmout pln\u011b vybaven\u00fd modern\u00ed karavan. Nav\u00edc pokud jste flexibiln\u00ed a chcete zde str\u00e1vit max. 3 noci, pak m\u016f\u017eete vyu\u017e\u00edt zdej\u0161\u00ed Stellplatz. Modern\u00ed vydl\u00e1\u017ed\u011bn\u00e1 n\u00e1m\u011bst\u00ed v\u00e1m nab\u00edzej\u00ed elekt\u0159inu, vodu, kanalizaci. K&nbsp;dispozici je v\u00e1m z\u00e1zem\u00ed s&nbsp;WC i sprchami. Samoz\u0159ejm\u011b m\u016f\u017eete vyu\u017e\u00edt ve\u0161ker\u00e9 z\u00e1zem\u00ed kempu, v\u010detn\u011b baz\u00e9nu \u010di koup\u00e1n\u00ed v&nbsp;n\u00e1dhern\u00e9m jeze\u0159e a restauraci v&nbsp;are\u00e1lu.&nbsp;<\/li><\/ul><\/li><\/ul>\n\n\n\n<figure class=\"wp-block-image size-large is-resized\"><img loading=\"lazy\" decoding=\"async\" src=\"https:\/\/all4camper.com\/\/wp-content\/uploads\/2021\/03\/Su\u0308dsee-Camp.jpg\" alt=\"\" class=\"wp-image-90795\" width=\"843\" height=\"565\" srcset=\"https:\/\/all4camper.com\/wp-content\/uploads\/2021\/03\/Su\u0308dsee-Camp.jpg 560w, https:\/\/all4camper.com\/wp-content\/uploads\/2021\/03\/Su\u0308dsee-Camp-300x201.jpg 300w, https:\/\/all4camper.com\/wp-content\/uploads\/2021\/03\/Su\u0308dsee-Camp-150x100.jpg 150w\" sizes=\"auto, (max-width: 843px) 100vw, 843px\" \/><figcaption>Zdroj: <a href=\"https:\/\/www.suedsee-camp.de\/\" target=\"_blank\" rel=\"noreferrer noopener\">www.suedsee-camp.de<\/a><\/figcaption><\/figure>\n\n\n\n<ul class=\"wp-block-list\"><li><strong>3.m\u00edsto: Camping L\u00f6wenhof&nbsp; (It\u00e1lie)<\/strong> &nbsp; <a href=\"https:\/\/www.loewenhof.it\/en\" target=\"_blank\" rel=\"noreferrer noopener\">web<\/a> &nbsp; <a href=\"https:\/\/www.google.cz\/maps\/place\/Campingplatz+am+L%C3%B6wenhof\/@46.7343457,11.6469996,17.78z\/data=!4m5!3m4!1s0x477805019f329a37:0xafc8d551aebfdca6!8m2!3d46.7347829!4d11.6476801?hl=cs\" target=\"_blank\" rel=\"noreferrer noopener\">mapa<\/a><ul><li>Na t\u0159et\u00edm m\u00edst\u011b se um\u00edstila It\u00e1lie, kde tento mal\u00fd kemp nalezneme. Nab\u00edz\u00ed cca 50 m\u00edst a vytv\u00e1\u0159\u00ed tak pohodovou, t\u00e9m\u011b\u0159 rodinnou atmosf\u00e9ru. Kemp je obklopen listnat\u00fdmi stromy a z&nbsp;jedn\u00e9 strany \u0159ekou, od baz\u00e9nu se m\u016f\u017eete kochat pohledem na Dolomity. Vyu\u017e\u00edt m\u016f\u017eete p\u016fj\u010dovnu kol a elektrokol a vydat se na zdej\u0161\u00ed cyklostezky. Plusem je, \u017ee ka\u017ed\u00fd n\u00e1v\u0161t\u011bvn\u00edk obdr\u017e\u00ed bonusovou kartu Brixen, kterou vyu\u017eijete p\u0159i v\u00fdjezdu lanovkou na zdej\u0161\u00ed horu, n\u00e1v\u0161t\u011bv\u00e1m r\u016fzn\u00fdch muze\u00ed \u010di cestov\u00e1n\u00ed hromadnou dopravou.&nbsp;<\/li><\/ul><\/li><\/ul>\n\n\n\n<figure class=\"wp-block-image size-large\"><img loading=\"lazy\" decoding=\"async\" width=\"1620\" height=\"1080\" src=\"https:\/\/all4camper.com\/\/wp-content\/uploads\/2021\/03\/Lo\u0308wenhof-1620x1080.jpg\" alt=\"\" class=\"wp-image-90798\" srcset=\"https:\/\/all4camper.com\/wp-content\/uploads\/2021\/03\/Lo\u0308wenhof-1620x1080.jpg 1620w, https:\/\/all4camper.com\/wp-content\/uploads\/2021\/03\/Lo\u0308wenhof-300x200.jpg 300w, https:\/\/all4camper.com\/wp-content\/uploads\/2021\/03\/Lo\u0308wenhof-150x100.jpg 150w, https:\/\/all4camper.com\/wp-content\/uploads\/2021\/03\/Lo\u0308wenhof-768x512.jpg 768w, https:\/\/all4camper.com\/wp-content\/uploads\/2021\/03\/Lo\u0308wenhof-1536x1024.jpg 1536w, https:\/\/all4camper.com\/wp-content\/uploads\/2021\/03\/Lo\u0308wenhof.jpg 1800w\" sizes=\"auto, (max-width: 1620px) 100vw, 1620px\" \/><figcaption>Zdroj: <a href=\"https:\/\/www.loewenhof.it\/en\" target=\"_blank\" rel=\"noreferrer noopener\">www.loewenhof.it<\/a><\/figcaption><\/figure>\n\n\n\n<ul class=\"wp-block-list\"><li><strong>3. m\u00edsto: Komfort-Campingpark Burgstaller<\/strong> (Rakousko)\u00a0 <a href=\"http:\/\/www.burgstaller.co.at\/public_html\/index.htm\" target=\"_blank\" rel=\"noreferrer noopener\">web<\/a> \u00a0 <a href=\"https:\/\/www.google.cz\/maps\/place\/Accommodations+Comfort+Camping+Burgstaller\/@46.7702013,13.64574,17z\/data=!4m8!3m7!1s0x477099c02475812f:0xc17977aa0ab6e793!5m2!4m1!1i2!8m2!3d46.769878!4d13.648036?hl=cs\" target=\"_blank\" rel=\"noreferrer noopener\">mapa<\/a><ul><li>O bronzovou p\u0159\u00ed\u010dku v\u00a0t\u00e9to kategorii se d\u011bl\u00ed tak\u00e9 tento kemp v\u00a0Korutanech le\u017e\u00edc\u00ed na b\u0159ehu jezera Millstatt. Jsou pro v\u00e1s sanit\u00e1rn\u00ed za\u0159\u00edzen\u00ed jedn\u00edm z\u00a0hlavn\u00edch krit\u00e9ri\u00ed v\u00fdb\u011bru kempu? Zde naleznete celkem 3 a vybaven\u00ed? Modern\u011b vybaven\u00e9 a vyt\u00e1p\u011bn\u00e9 toalety a um\u00fdv\u00e1rny, samo\u010dist\u00edc\u00ed WC, d\u011btsk\u00e9 toalety, pra\u010dky, su\u0161i\u010dky, my\u010dky a mnoho dal\u0161\u00edho. Samoz\u0159ejmost\u00ed je n\u011bkolik restaurac\u00ed v\u00a0are\u00e1lu kempu, d\u00e1le pak baz\u00e9n, anima\u010dn\u00ed programy pro va\u0161e ratolesti, dosp\u011bl\u00ed jist\u011b ocen\u00ed po\u0159\u00e1d\u00e1n\u00ed hudebn\u00edch akc\u00ed a koncert\u016f. Zaj\u00edmavost\u00ed je, \u017ee si zde m\u016f\u017eete zarezervovat jedine\u010dn\u00e9 m\u00edsto \u2013 Stellplatz, kter\u00fd se neust\u00e1le ot\u00e1\u010d\u00ed za sluncem neboli ein Platz an der Sonne \ud83d\ude0a.<\/li><\/ul><\/li><\/ul>\n\n\n\n<figure class=\"wp-block-image size-large\"><img loading=\"lazy\" decoding=\"async\" width=\"876\" height=\"637\" src=\"https:\/\/all4camper.com\/\/wp-content\/uploads\/2021\/03\/Komfort-Campingpark-Burgstaller.jpg\" alt=\"\" class=\"wp-image-90799\" srcset=\"https:\/\/all4camper.com\/wp-content\/uploads\/2021\/03\/Komfort-Campingpark-Burgstaller.jpg 876w, https:\/\/all4camper.com\/wp-content\/uploads\/2021\/03\/Komfort-Campingpark-Burgstaller-300x218.jpg 300w, https:\/\/all4camper.com\/wp-content\/uploads\/2021\/03\/Komfort-Campingpark-Burgstaller-150x109.jpg 150w, https:\/\/all4camper.com\/wp-content\/uploads\/2021\/03\/Komfort-Campingpark-Burgstaller-768x558.jpg 768w\" sizes=\"auto, (max-width: 876px) 100vw, 876px\" \/><figcaption><a href=\"http:\/\/www.burgstaller.co.at\/public_html\/index.htm\" target=\"_blank\" rel=\"noreferrer noopener\">www.burgstaller.co.at<\/a><\/figcaption><\/figure>\n\n\n\n<h3 class=\"wp-block-heading\"><strong>Kategorie \u2013 Sanit\u00e1rn\u00ed funkce<\/strong><\/h3>\n\n\n\n<p>V\u00edt\u011bzem v&nbsp;kategorii se stal <strong>S\u00fcdsee-Camp<\/strong>, kter\u00fd se um\u00edstil tak\u00e9 v&nbsp;kategorii Sanit\u00e1rn\u00ed design a tam najdete bli\u017e\u0161\u00ed informace. <\/p>\n\n\n\n<ul class=\"wp-block-list\"><li><strong>2.m\u00edsto: Camping Seeblick Toni<\/strong> (Rakousko)&nbsp; <a href=\"https:\/\/www.camping-seeblick.tirol\/\" target=\"_blank\" rel=\"noreferrer noopener\">web<\/a>&nbsp; <a href=\"https:\/\/www.google.cz\/maps\/place\/Camping+Seeblick+-+Toni\/@47.4649736,11.8921868,14.66z\/data=!4m8!3m7!1s0x47762cad45bd89e5:0xdd93753db90f2053!5m2!4m1!1i2!8m2!3d47.460994!4d11.906316?hl=cs\" target=\"_blank\" rel=\"noreferrer noopener\">mapa<\/a><ul><li>Okouzluj\u00edc\u00ed p\u0159\u00edroda v&nbsp;okol\u00ed p\u011btihv\u011bzdi\u010dkov\u00e9 kempu na b\u0159ehu jezera Reintaler v&nbsp;Tyrolsku, lze jen doporu\u010dit. K&nbsp;dispozici je v\u00e1m komfortn\u00ed soci\u00e1ln\u00ed za\u0159\u00edzen\u00ed, kade\u0159nictv\u00ed, speci\u00e1ln\u011b pro d\u011bti pak Kinderwash Aquarium, viz. foto. Pokud nevlastn\u00edte karavan \u010di stan, nezoufejte, i na v\u00e1s zde mysleli. Vyberte si z&nbsp;\u0159ady typ\u016f ubytov\u00e1n\u00ed, doporu\u010dujeme vyzkou\u0161et spac\u00ed sudy z&nbsp;borov\u00e9ho d\u0159eva. Sou\u010d\u00e1st\u00ed kempu je restaurace, vinn\u00fd skl\u00edpek nebo tak\u00e9 wellness.&nbsp;<\/li><\/ul><\/li><\/ul>\n\n\n\n<figure class=\"wp-block-image size-large\"><img loading=\"lazy\" decoding=\"async\" width=\"800\" height=\"540\" src=\"https:\/\/all4camper.com\/\/wp-content\/uploads\/2021\/03\/Camping-Seeblick-Toni.jpg\" alt=\"\" class=\"wp-image-90800\" srcset=\"https:\/\/all4camper.com\/wp-content\/uploads\/2021\/03\/Camping-Seeblick-Toni.jpg 800w, https:\/\/all4camper.com\/wp-content\/uploads\/2021\/03\/Camping-Seeblick-Toni-300x203.jpg 300w, https:\/\/all4camper.com\/wp-content\/uploads\/2021\/03\/Camping-Seeblick-Toni-150x101.jpg 150w, https:\/\/all4camper.com\/wp-content\/uploads\/2021\/03\/Camping-Seeblick-Toni-768x518.jpg 768w\" sizes=\"auto, (max-width: 800px) 100vw, 800px\" \/><figcaption>Zdroj: <a href=\"https:\/\/www.camping-seeblick.tirol\/\" target=\"_blank\" rel=\"noreferrer noopener\">www.camping-seeblick.tirol<\/a><\/figcaption><\/figure>\n\n\n\n<ul class=\"wp-block-list\"><li><strong>3.m\u00edsto: KNAUS Campingpark Bernkastel-Kues<\/strong> (N\u011bmecko) <a href=\"https:\/\/www.knauscamp.de\/bernkastel-kues.html\" target=\"_blank\" rel=\"noreferrer noopener\">web<\/a>&nbsp; <a href=\"https:\/\/www.google.cz\/maps\/place\/KNAUS+Campingpark+Bernkastel-Kues\/@49.9065215,7.0498209,13.41z\/data=!4m8!3m7!1s0x47be258af990ccb9:0x54bfdfd1285cab3b!5m2!4m1!1i2!8m2!3d49.9087341!4d7.056266?hl=cs\" target=\"_blank\" rel=\"noreferrer noopener\">mapa<\/a><ul><li>Toto klidn\u00e9 m\u00edsto se nach\u00e1z\u00ed na b\u0159ehu \u0159eky Mosel, obklopen\u00e9 lesy a vinicemi, prost\u011b o\u00e1za klidu a pohody. Rekonstruovan\u00e9 sanit\u00e1rn\u00ed za\u0159\u00edzen\u00ed v\u00e1m nab\u00edz\u00ed pra\u010dky, su\u0161i\u010dky a \u0161irok\u00e9 kuchy\u0148sk\u00e9 vybaven\u00ed. D\u011bti jist\u011b ocen\u00ed d\u011btsk\u00e9 h\u0159i\u0161t\u011b, dosp\u011bl\u00ed zase mo\u017enost grilov\u00e1n\u00ed \u010di rybolovu, k&nbsp;dispozici je i mal\u00fd obchod s potravinami. T\u011b\u0161te se na n\u00e1dhern\u00e9 proch\u00e1zky v&nbsp;okol\u00ed v&nbsp;t\u00e9to \u010darokr\u00e1sn\u00e9 krajin\u011b. Jen nam\u00e1tkou nap\u0159. star\u00e9 m\u011bsto Bernkastel &#8211; Kues, z\u0159\u00edcenina hradu Landshut \u010di t\u0159eba muzeum vina\u0159stv\u00ed.&nbsp;<\/li><\/ul><\/li><\/ul>\n\n\n\n<figure class=\"wp-block-image size-large is-resized\"><img loading=\"lazy\" decoding=\"async\" src=\"https:\/\/all4camper.com\/\/wp-content\/uploads\/2021\/03\/Knaus-Bernkastel_1.jpg\" alt=\"\" class=\"wp-image-90801\" width=\"839\" height=\"454\" srcset=\"https:\/\/all4camper.com\/wp-content\/uploads\/2021\/03\/Knaus-Bernkastel_1.jpg 750w, https:\/\/all4camper.com\/wp-content\/uploads\/2021\/03\/Knaus-Bernkastel_1-300x162.jpg 300w, https:\/\/all4camper.com\/wp-content\/uploads\/2021\/03\/Knaus-Bernkastel_1-150x81.jpg 150w\" sizes=\"auto, (max-width: 839px) 100vw, 839px\" \/><figcaption>Zdroj: <a href=\"https:\/\/moselcamper.de\/knaus-campingpark-bernkastel-kues\/\" target=\"_blank\" rel=\"noreferrer noopener\">moselcamper.de<\/a><\/figcaption><\/figure>\n\n\n\n<h3 class=\"wp-block-heading\"><strong>Kategorie \u2013 Technick\u00e9 vybaven\u00ed<\/strong><\/h3>\n\n\n\n<ul class=\"wp-block-list\"><li><strong>1.m\u00edsto: Zugspitz Resort Camping 5*<\/strong> (N\u011bmecko)&nbsp; <a href=\"https:\/\/www.zugspitz-resort.at\/camping\/\" target=\"_blank\" rel=\"noreferrer noopener\">web<\/a> &nbsp; <a href=\"https:\/\/www.google.cz\/maps\/place\/Campingplatz+Zugspitz+Resort\/@47.4264636,10.9407161,17z\/data=!3m1!4b1!4m8!3m7!1s0x479cfd656485e0dd:0x6ce97f2825b1a4c4!5m2!4m1!1i2!8m2!3d47.4264636!4d10.9429048?hl=cs\" target=\"_blank\" rel=\"noreferrer noopener\">mapa<\/a><ul><li>Tento p\u011btihv\u011bzdi\u010dkov\u00fd kemp se nach\u00e1z\u00ed na \u00fapat\u00ed hory Zugspitze a nab\u00edz\u00ed v\u00e1m naprost\u00fd luxus od kempovac\u00edch prostor, p\u0159es soci\u00e1ln\u00ed vybaven\u00ed a\u017e po stravov\u00e1n\u00ed. M\u016f\u017eete se vybrat bu\u010f Standart Stellplatz, cca 100 m\u00edst na okraji lesa nebo Comfort Stellplatz, co\u017e je 50 v\u011bt\u0161\u00edch parkovac\u00edch m\u00edst pobl\u00ed\u017e l\u00e1ze\u0148sk\u00e9ho domu. K&nbsp;dispozici je v\u00e1m 35 soukrom\u00fdch koupelen s&nbsp;WC, vybaven\u00e1 kuchy\u0148, kde m\u016f\u017eete vyu\u017e\u00edt my\u010dky n\u00e1dob\u00ed, lednice a samoz\u0159ejm\u011b tak\u00e9 prostory s&nbsp;pra\u010dkami a su\u0161i\u010dkami. P\u00e1r minut od kempu je stanice Zugspitzbahn, kter\u00e1 v\u00e1s za kr\u00e1tkou chv\u00edli vyveze na nejvy\u0161\u0161\u00ed horu N\u011bmecka Zugspitze. K&nbsp;relaxaci m\u016f\u017eete vyu\u017e\u00edt sauny, baz\u00e9ny a dal\u0161\u00ed wellness aktivity.&nbsp;<\/li><\/ul><\/li><\/ul>\n\n\n\n<figure class=\"wp-block-image size-large\"><img loading=\"lazy\" decoding=\"async\" width=\"1280\" height=\"720\" src=\"https:\/\/all4camper.com\/\/wp-content\/uploads\/2021\/03\/Zugspitz-Resort.jpg\" alt=\"\" class=\"wp-image-90804\" srcset=\"https:\/\/all4camper.com\/wp-content\/uploads\/2021\/03\/Zugspitz-Resort.jpg 1280w, https:\/\/all4camper.com\/wp-content\/uploads\/2021\/03\/Zugspitz-Resort-300x169.jpg 300w, https:\/\/all4camper.com\/wp-content\/uploads\/2021\/03\/Zugspitz-Resort-150x84.jpg 150w, https:\/\/all4camper.com\/wp-content\/uploads\/2021\/03\/Zugspitz-Resort-768x432.jpg 768w, https:\/\/all4camper.com\/wp-content\/uploads\/2021\/03\/Zugspitz-Resort-678x381.jpg 678w\" sizes=\"auto, (max-width: 1280px) 100vw, 1280px\" \/><figcaption>Zdroj: <a href=\"https:\/\/www.zugspitz-resort.at\/camping\/\" target=\"_blank\" rel=\"noreferrer noopener\">www.zugspitz-resort.at<\/a><\/figcaption><\/figure>\n\n\n\n<ul class=\"wp-block-list\"><li><strong>2.m\u00edsto: Camping S\u00f6lden <\/strong>(Rakousko) <a href=\"https:\/\/www.camping-soelden.com\/\" target=\"_blank\" rel=\"noreferrer noopener\">web<\/a>&nbsp; <a href=\"https:\/\/www.google.cz\/maps\/place\/Camping+S%C3%B6lden\/@46.9577624,11.0095961,17z\/data=!3m1!4b1!4m8!3m7!1s0x479d3258005b1813:0x51f290623e416687!5m2!4m1!1i2!8m2!3d46.9577624!4d11.0117848?hl=cs\" target=\"_blank\" rel=\"noreferrer noopener\">mapa<\/a><ul><li>Hezk\u00fd a \u00fatuln\u00fd kemp, kter\u00fd se nach\u00e1z\u00ed v&nbsp;jedn\u00e9 z&nbsp;nejzn\u00e1m\u011bj\u0161\u00edch cyklistick\u00fdch a ly\u017ea\u0159sk\u00fdch destinac\u00ed. A\u0165 je zima \u010di l\u00e9to, m\u016f\u017eete vyu\u017e\u00edt zdej\u0161\u00ed par\u00e1dn\u00ed wellness. Samoz\u0159ejmost\u00ed je vynikaj\u00edc\u00ed soci\u00e1ln\u00ed za\u0159\u00edzen\u00ed a bonusem nap\u0159\u00edklad horolezeck\u00e1 st\u011bna. D\u00e1le pak t\u0159eba posilovna, kter\u00e1 je zcela zdarma, p\u016fj\u010dovna kol a elektrokol a jist\u011b ocen\u00edte tak\u00e9 pln\u011b automatickou \u010dist\u00edc\u00ed stanici pro mobiln\u00ed chemick\u00e9 toalety a mnoho dal\u0161\u00edho. Hodinku cesty se pak nach\u00e1z\u00ed Ar\u00e9na 47, kter\u00e1 nab\u00edz\u00ed na 30 sportovn\u00edch aktivit, nap\u0159\u00edklad wakeboarding, kanoistiku a rafting. Na sv\u00e9 si p\u0159ijdou i vyznava\u010di golfu.&nbsp;<\/li><\/ul><\/li><\/ul>\n\n\n\n<figure class=\"wp-block-image size-large\"><img loading=\"lazy\" decoding=\"async\" width=\"1600\" height=\"800\" src=\"https:\/\/all4camper.com\/\/wp-content\/uploads\/2021\/03\/Camping-So\u0308lden.jpg\" alt=\"\" class=\"wp-image-90805\" srcset=\"https:\/\/all4camper.com\/wp-content\/uploads\/2021\/03\/Camping-So\u0308lden.jpg 1600w, https:\/\/all4camper.com\/wp-content\/uploads\/2021\/03\/Camping-So\u0308lden-300x150.jpg 300w, https:\/\/all4camper.com\/wp-content\/uploads\/2021\/03\/Camping-So\u0308lden-150x75.jpg 150w, https:\/\/all4camper.com\/wp-content\/uploads\/2021\/03\/Camping-So\u0308lden-768x384.jpg 768w, https:\/\/all4camper.com\/wp-content\/uploads\/2021\/03\/Camping-So\u0308lden-1536x768.jpg 1536w\" sizes=\"auto, (max-width: 1600px) 100vw, 1600px\" \/><figcaption>Zdroj: <a href=\"https:\/\/www.camping-soelden.com\/\" target=\"_blank\" rel=\"noreferrer noopener\">www.camping-soelden.com<\/a><\/figcaption><\/figure>\n\n\n\n<ul class=\"wp-block-list\"><li><strong>3.m\u00edsto: Campingpark Erfurt<\/strong> (N\u011bmecko) &nbsp; <a href=\"https:\/\/campingpark-erfurt.de\/\" target=\"_blank\" rel=\"noreferrer noopener\">web<\/a>&nbsp; &nbsp; <a href=\"https:\/\/www.google.cz\/maps\/place\/Campingpark+Erfurt\/@50.9671598,11.0653509,17z\/data=!3m1!4b1!4m8!3m7!1s0x47a40dfc5233c21b:0x970bb76c268abdf6!5m2!4m1!1i2!8m2!3d50.9671598!4d11.0675395?hl=cs\" target=\"_blank\" rel=\"noreferrer noopener\">mapa<\/a><ul><li>Jedn\u00e1 se o pom\u011brn\u011b nov\u00fd kemping s&nbsp;prostorn\u00fdm a modern\u00edm soci\u00e1ln\u00edm za\u0159\u00edzen\u00edm. V&nbsp;are\u00e1lu se nach\u00e1z\u00ed tak\u00e9 mal\u00fd obchod s&nbsp;potravinami a kav\u00e1rna. K&nbsp;dispozici v\u00e1m jsou my\u010dky, su\u0161i\u010dky a pra\u010dky, stejn\u011b tak pln\u011b vybaven\u00e1 kuchy\u0148ka. Kempovac\u00ed m\u00edsta jsou zde prostorn\u00e1 jak pro karavany, tak i pro stany. V&nbsp;okol\u00ed doporu\u010dujeme nav\u0161t\u00edvit historick\u00e9 m\u011bsto Erfurt s&nbsp;\u0159adou pam\u00e1tek jako je t\u0159eba Star\u00e1 Synagoga, d\u00e1le pak m\u016f\u017eete vyrazit na n\u011bkter\u00e9 z&nbsp;okoln\u00edch hrad\u016f \u010di z\u00e1mk\u016f.&nbsp;<\/li><\/ul><\/li><\/ul>\n\n\n\n<figure class=\"wp-block-image size-large is-resized\"><img loading=\"lazy\" decoding=\"async\" src=\"https:\/\/all4camper.com\/\/wp-content\/uploads\/2021\/03\/Campingpark-Erfurt-1920x1080.jpg\" alt=\"\" class=\"wp-image-90806\" width=\"840\" height=\"472\" srcset=\"https:\/\/all4camper.com\/wp-content\/uploads\/2021\/03\/Campingpark-Erfurt-1920x1080.jpg 1920w, https:\/\/all4camper.com\/wp-content\/uploads\/2021\/03\/Campingpark-Erfurt-300x169.jpg 300w, https:\/\/all4camper.com\/wp-content\/uploads\/2021\/03\/Campingpark-Erfurt-150x84.jpg 150w, https:\/\/all4camper.com\/wp-content\/uploads\/2021\/03\/Campingpark-Erfurt-768x432.jpg 768w, https:\/\/all4camper.com\/wp-content\/uploads\/2021\/03\/Campingpark-Erfurt-1536x864.jpg 1536w, https:\/\/all4camper.com\/wp-content\/uploads\/2021\/03\/Campingpark-Erfurt-678x381.jpg 678w, https:\/\/all4camper.com\/wp-content\/uploads\/2021\/03\/Campingpark-Erfurt.jpg 2000w\" sizes=\"auto, (max-width: 840px) 100vw, 840px\" \/><figcaption>Zdroj: <a href=\"https:\/\/campingpark-erfurt.de\/\" target=\"_blank\" rel=\"noreferrer noopener\">campingpark-erfurt.de<\/a><\/figcaption><\/figure>\n\n\n\n<h3 class=\"wp-block-heading\"><strong>Kategorie \u2013 Kempujeme se psem<\/strong><\/h3>\n\n\n\n<ul class=\"wp-block-list\"><li><strong>1.m\u00edsto: Camping H\u00fcmmlinger Land<\/strong> (N\u011bmecko) <a href=\"https:\/\/www.huemmlingerland.de\/\" target=\"_blank\" rel=\"noreferrer noopener\">web<\/a>&nbsp; &nbsp; <a href=\"https:\/\/www.google.cz\/maps\/place\/Camping+H%C3%BCmmlinger+Land\/@52.8711603,7.6865065,17z\/data=!3m1!4b1!4m8!3m7!1s0x47b70bd86110ecc9:0x6e2a46d0b95cd82c!5m2!4m1!1i2!8m2!3d52.8711603!4d7.6886952?hl=cs\" target=\"_blank\" rel=\"noreferrer noopener\">mapa<\/a><ul><li>Ide\u00e1ln\u00ed m\u00edsto pro cykloturistiku nab\u00edz\u00ed louky a lesy m\u00edstn\u00edho p\u0159\u00edrodn\u00edho parku H\u00fcmmling. Pro va\u0161e \u010dty\u0159noh\u00e9 mil\u00e1\u010dky je zde oplocen\u00e1 louka a ps\u00ed sprcha zdarma. Zdarma jsou pytle na ps\u00ed odpad a za 4 eura na den si m\u016f\u017eete zap\u016fj\u010dit mobiln\u00ed plot pro psy, kter\u00e9 lehce nainstalujete u va\u0161eho karavanu a nemus\u00edte jej m\u00edt na vod\u00edtku. Ka\u017ed\u00fd kempovac\u00ed pozemek nab\u00edz\u00ed elektrick\u00e9 p\u0159ipojen\u00ed a bezplatnou wifi. Pro d\u011bti je v&nbsp;are\u00e1lu hezk\u00e9 d\u011btsk\u00e9 h\u0159i\u0161t\u011b s&nbsp;lanovkou a zaj\u00edmavost\u00ed je jezdeck\u00e1 hala hned vedle kempu, tak\u017ee milovn\u00edci kon\u00ed si p\u0159ijdou tak\u00e9 na sv\u00e9. Sanit\u00e1rn\u00ed za\u0159\u00edzen\u00ed poskytuje sprchy, toalety, kuchy\u0148ku,&nbsp; pra\u010dky i su\u0161i\u010dky. Nakoupit m\u016f\u017eete v&nbsp;mal\u00e9m obch\u016fdku, ka\u017ed\u00fd den nab\u00edz\u00ed mj. \u010derstv\u00e9 pe\u010divo.&nbsp;<\/li><\/ul><\/li><\/ul>\n\n\n\n<figure class=\"wp-block-image size-large\"><img loading=\"lazy\" decoding=\"async\" width=\"920\" height=\"294\" src=\"https:\/\/all4camper.com\/\/wp-content\/uploads\/2021\/03\/Camping-Hu\u0308mmlinger-Land.jpg\" alt=\"\" class=\"wp-image-90807\" srcset=\"https:\/\/all4camper.com\/wp-content\/uploads\/2021\/03\/Camping-Hu\u0308mmlinger-Land.jpg 920w, https:\/\/all4camper.com\/wp-content\/uploads\/2021\/03\/Camping-Hu\u0308mmlinger-Land-300x96.jpg 300w, https:\/\/all4camper.com\/wp-content\/uploads\/2021\/03\/Camping-Hu\u0308mmlinger-Land-150x48.jpg 150w, https:\/\/all4camper.com\/wp-content\/uploads\/2021\/03\/Camping-Hu\u0308mmlinger-Land-768x245.jpg 768w\" sizes=\"auto, (max-width: 920px) 100vw, 920px\" \/><figcaption>Zdroj: <a href=\"https:\/\/www.huemmlingerland.de\/\" target=\"_blank\" rel=\"noreferrer noopener\">www.huemmlingerland.de<\/a><\/figcaption><\/figure>\n\n\n\n<ul class=\"wp-block-list\"><li><strong>2.m\u00edsto: MCM Camping<\/strong>&nbsp; (\u010cern\u00e1 Hora) <a href=\"http:\/\/www.mcmbeach.me\/\" target=\"_blank\" rel=\"noreferrer noopener\">web<\/a> <a href=\"https:\/\/www.google.cz\/maps\/place\/MCM+Camping\/@41.900958,19.2736033,17z\/data=!3m1!4b1!4m8!3m7!1s0x134e141b9893cdd9:0xa5fb2ca203e4135!5m2!4m1!1i2!8m2!3d41.900958!4d19.275792?hl=cs\" target=\"_blank\" rel=\"noreferrer noopener\">mapa<\/a>&nbsp;&nbsp;<ul><li>Kemp se nach\u00e1z\u00ed na kr\u00e1sn\u00e9 pl\u00e1\u017e\u00ed nedaleko historick\u00e9ho m\u011bsta Ulcinj, kempovat budete v&nbsp;borovicov\u00e9m h\u00e1ji a k&nbsp;dispozici je p\u0159\u00edvod elekt\u0159iny i vody. Pln\u011b vybaven\u00e9 sanit\u00e1rn\u00ed za\u0159\u00edzen\u00ed, mo\u017enost grilov\u00e1n\u00ed, pro d\u011bti pak h\u0159i\u0161t\u011b s&nbsp;mno\u017estv\u00edm atrakc\u00ed. V&nbsp;m\u00edstn\u00ed restauraci se m\u016f\u017eete t\u011b\u0161it na mo\u0159sk\u00e9 plody, tradi\u010dn\u00ed kuchyni a dal\u0161\u00ed dobroty. Zdej\u0161\u00ed pl\u00e1\u017e je hodnocena jako nejkr\u00e1sn\u011bj\u0161\u00ed v&nbsp;\u010cern\u00e9 Ho\u0159e.&nbsp;<\/li><\/ul><\/li><\/ul>\n\n\n\n<figure class=\"wp-block-image size-large\"><img loading=\"lazy\" decoding=\"async\" width=\"1728\" height=\"1080\" src=\"https:\/\/all4camper.com\/\/wp-content\/uploads\/2021\/03\/MCM-Camping-1728x1080.jpg\" alt=\"\" class=\"wp-image-90808\" srcset=\"https:\/\/all4camper.com\/wp-content\/uploads\/2021\/03\/MCM-Camping-1728x1080.jpg 1728w, https:\/\/all4camper.com\/wp-content\/uploads\/2021\/03\/MCM-Camping-300x188.jpg 300w, https:\/\/all4camper.com\/wp-content\/uploads\/2021\/03\/MCM-Camping-150x94.jpg 150w, https:\/\/all4camper.com\/wp-content\/uploads\/2021\/03\/MCM-Camping-768x480.jpg 768w, https:\/\/all4camper.com\/wp-content\/uploads\/2021\/03\/MCM-Camping-1536x960.jpg 1536w, https:\/\/all4camper.com\/wp-content\/uploads\/2021\/03\/MCM-Camping.jpg 1920w\" sizes=\"auto, (max-width: 1728px) 100vw, 1728px\" \/><figcaption>Zdroj: <a href=\"http:\/\/mcmbeach.me\/index.html\" target=\"_blank\" rel=\"noreferrer noopener\">mcmbeach.me<\/a><\/figcaption><\/figure>\n\n\n\n<ul class=\"wp-block-list\"><li><strong>3.m\u00edsto Campingplatz K\u00fcstencamp<\/strong>&nbsp; (N\u011bmecko) <a href=\"http:\/\/www.kuestencamp.de\/\" target=\"_blank\" rel=\"noreferrer noopener\">web<\/a>&nbsp; <a href=\"https:\/\/www.google.cz\/maps\/place\/Campingplatz+K%C3%BCstencamp\/@54.662834,13.2668803,17z\/data=!3m1!4b1!4m8!3m7!1s0x47ab568f9ada268d:0xe22af8f99e117581!5m2!4m1!1i2!8m2!3d54.662834!4d13.269069?hl=cs\" target=\"_blank\" rel=\"noreferrer noopener\">mapa<\/a>&nbsp;<ul><li>N\u00e1dhern\u00e9 pl\u00e1\u017ee ostrova Rujana, jako stvo\u0159en\u00e9 k&nbsp;proch\u00e1zk\u00e1m s&nbsp;va\u0161\u00edm \u010dty\u0159noh\u00fdm p\u0159\u00edtelem. Rovinat\u00fd ter\u00e9n s&nbsp;listnat\u00fdmi stromy nab\u00edz\u00ed \u0159adu st\u00e1n\u00ed pro karavany \u010di postaven\u00ed va\u0161eho stanu, samoz\u0159ejmost\u00ed jsou p\u0159\u00edpojky na elekt\u0159inu a vodu, kompletn\u00ed sanit\u00e1rn\u00ed za\u0159\u00edzen\u00ed k&nbsp;dispozici. Voln\u00fd \u010das m\u016f\u017eete tr\u00e1vit surfov\u00e1n\u00edm, placht\u011bn\u00edm a ryba\u0159en\u00edm, pro za\u010d\u00e1te\u010dn\u00edky je k&nbsp;dispozici \u0161kola surfov\u00e1n\u00ed a placht\u011bn\u00ed s&nbsp;p\u016fj\u010dovnou. Milovn\u00edci cyklistiky jist\u011b vyu\u017eij\u00ed sv\u00e9 kolo k&nbsp;prozkoum\u00e1n\u00ed kr\u00e1s zdej\u0161\u00edho okol\u00ed.&nbsp;<\/li><\/ul><\/li><\/ul>\n\n\n\n<figure class=\"wp-block-image size-large\"><img loading=\"lazy\" decoding=\"async\" width=\"1280\" height=\"720\" src=\"https:\/\/all4camper.com\/\/wp-content\/uploads\/2021\/03\/Ku\u0308stencamp-2.jpg\" alt=\"\" class=\"wp-image-90813\" srcset=\"https:\/\/all4camper.com\/wp-content\/uploads\/2021\/03\/Ku\u0308stencamp-2.jpg 1280w, https:\/\/all4camper.com\/wp-content\/uploads\/2021\/03\/Ku\u0308stencamp-2-300x169.jpg 300w, https:\/\/all4camper.com\/wp-content\/uploads\/2021\/03\/Ku\u0308stencamp-2-150x84.jpg 150w, https:\/\/all4camper.com\/wp-content\/uploads\/2021\/03\/Ku\u0308stencamp-2-768x432.jpg 768w, https:\/\/all4camper.com\/wp-content\/uploads\/2021\/03\/Ku\u0308stencamp-2-678x381.jpg 678w\" sizes=\"auto, (max-width: 1280px) 100vw, 1280px\" \/><figcaption>Zdroj: <a href=\"http:\/\/www.kuestencamp.de\/\" target=\"_blank\" rel=\"noreferrer noopener\">www.kuestencamp.de<\/a><\/figcaption><\/figure>\n\n\n\n<ul class=\"wp-block-list\"><li><strong>3.m\u00edsto: Campingplatz Leutesdorf &amp; Biergarten OASE<\/strong> (N\u011bmecko)&nbsp; <a href=\"https:\/\/www.camping-leutesdorf.de\/\" target=\"_blank\" rel=\"noreferrer noopener\">web<\/a>&nbsp; <a href=\"https:\/\/www.google.cz\/maps\/place\/Campingplatz+Leutesdorf\/@50.4596483,7.3657766,15.44z\/data=!4m5!3m4!1s0x47bef56c039c1313:0x548a5397100fe61b!8m2!3d50.46142!4d7.367588?hl=cs\" target=\"_blank\" rel=\"noreferrer noopener\">mapa<\/a><ul><li>Tento kemp se nach\u00e1z\u00ed na b\u0159ehu \u0159eky R\u00fdn v&nbsp;okol\u00ed vina\u0159sk\u00fdch oblast\u00ed, jedn\u00e1 se o men\u0161\u00ed zrekonstruovan\u00fd kemp, kter\u00fd nab\u00edz\u00ed p\u0159ibli\u017en\u011b 60 kempovac\u00edch m\u00edst, k&nbsp;dispozici jsou sprchy i WC, odpo\u010d\u00edvat m\u016f\u017eete na pivn\u00ed zahr\u00e1dce zdej\u0161\u00ed restaurace s&nbsp;lahodn\u00fdm pivem \u010di se sklenkou vynikaj\u00edc\u00edho v\u00edna Leutesdorf. Dny m\u016f\u017eete tr\u00e1vit proch\u00e1zkami se sv\u00fdm \u010dty\u0159noh\u00fdm p\u0159\u00edtelem na vin\u00edc\u00edch. Kousek od kempu je klidn\u00fd p\u0159\u00edtok R\u00fdna, ide\u00e1ln\u00ed pro plav\u00e1n\u00ed ps\u016f. V&nbsp;okol\u00ed se nab\u00edz\u00ed n\u00e1v\u0161t\u011bva m\u011bsta Koblenz se starou pevnost\u00ed.&nbsp;<\/li><\/ul><\/li><\/ul>\n\n\n\n<figure class=\"wp-block-image size-large\"><img loading=\"lazy\" decoding=\"async\" width=\"1280\" height=\"854\" src=\"https:\/\/all4camper.com\/\/wp-content\/uploads\/2021\/03\/Campingplatz-am-Rhein.jpg\" alt=\"\" class=\"wp-image-90816\" srcset=\"https:\/\/all4camper.com\/wp-content\/uploads\/2021\/03\/Campingplatz-am-Rhein.jpg 1280w, https:\/\/all4camper.com\/wp-content\/uploads\/2021\/03\/Campingplatz-am-Rhein-300x200.jpg 300w, https:\/\/all4camper.com\/wp-content\/uploads\/2021\/03\/Campingplatz-am-Rhein-150x100.jpg 150w, https:\/\/all4camper.com\/wp-content\/uploads\/2021\/03\/Campingplatz-am-Rhein-768x512.jpg 768w\" sizes=\"auto, (max-width: 1280px) 100vw, 1280px\" \/><figcaption>Zdroj: <a href=\"https:\/\/www.camping-leutesdorf.de\/\" target=\"_blank\" rel=\"noreferrer noopener\">www.camping-leutesdorf.de<\/a><\/figcaption><\/figure>\n\n\n\n<h3 class=\"wp-block-heading\"><strong>Kategorie \u2013 Speci\u00e1ln\u00ed orientace<\/strong><\/h3>\n\n\n\n<ul class=\"wp-block-list\"><li><strong>1.m\u00edsto: Max 1 \u2013 Thermalcamping mit Genuss (N\u011bmecko)<\/strong>&nbsp; <a href=\"https:\/\/www.campingmax.de\/\" target=\"_blank\" rel=\"noreferrer noopener\">web<\/a> &nbsp; <a href=\"https:\/\/www.google.cz\/maps\/place\/Spa+and+resort+Camping+MAX+1\/@48.332585,13.3120843,17z\/data=!3m1!4b1!4m8!3m7!1s0x4774469212990939:0x74fdb13ca2a0830c!5m2!4m1!1i2!8m2!3d48.332585!4d13.314273?hl=cs\" target=\"_blank\" rel=\"noreferrer noopener\">mapa<\/a><ul><li>Motto tohoto kempu je \u201eKempov\u00e1n\u00ed s&nbsp;radost\u00ed\u201c a tady to opravdu plat\u00ed. Maxim\u00e1ln\u011b c\u00edl\u00ed na va\u0161e zdrav\u00ed a wellness, jen nam\u00e1tkou, koup\u00e1n\u00ed v&nbsp;p\u0159\u00edrodn\u00edm jeze\u0159e, vnit\u0159n\u00ed a venkovn\u00ed baz\u00e9n v&nbsp;term\u00e1ln\u00edch l\u00e1zn\u00edch s&nbsp;l\u00e9\u010divou vodou, mas\u00e1\u017ee, sauny, kosmetick\u00fd a kade\u0159nick\u00fd sal\u00f3n a to je jen \u010d\u00e1st luxusu, kter\u00fd tohle m\u00edsto nab\u00edz\u00ed. K&nbsp;dispozici je 160 parkovac\u00edch m\u00edst a na sv\u00e9 si p\u0159ijdou i milovn\u00edci stanov\u00e1n\u00ed. Celkem zde najdete 3 sanit\u00e1rn\u00ed budovy, tak\u017ee z&nbsp;ka\u017ed\u00e9ho m\u00edsta to m\u00e1te pom\u011brn\u011b bl\u00edzko. Tento kemp je pr\u00e1vem v\u00edt\u011bzem sv\u00e9 kategorie a zdej\u0161\u00ed L\u00e1ze\u0148sk\u00fd d\u016fm a p\u0159\u00edrodu si jist\u011b zamilujete.<\/li><\/ul><\/li><\/ul>\n\n\n\n<figure class=\"wp-block-image size-large\"><img loading=\"lazy\" decoding=\"async\" width=\"1440\" height=\"1080\" src=\"https:\/\/all4camper.com\/\/wp-content\/uploads\/2021\/03\/Camping-Max-1440x1080.jpg\" alt=\"\" class=\"wp-image-90817\" srcset=\"https:\/\/all4camper.com\/wp-content\/uploads\/2021\/03\/Camping-Max-1440x1080.jpg 1440w, https:\/\/all4camper.com\/wp-content\/uploads\/2021\/03\/Camping-Max-300x225.jpg 300w, https:\/\/all4camper.com\/wp-content\/uploads\/2021\/03\/Camping-Max-150x113.jpg 150w, https:\/\/all4camper.com\/wp-content\/uploads\/2021\/03\/Camping-Max-768x576.jpg 768w, https:\/\/all4camper.com\/wp-content\/uploads\/2021\/03\/Camping-Max-1536x1152.jpg 1536w, https:\/\/all4camper.com\/wp-content\/uploads\/2021\/03\/Camping-Max-678x509.jpg 678w, https:\/\/all4camper.com\/wp-content\/uploads\/2021\/03\/Camping-Max-326x245.jpg 326w, https:\/\/all4camper.com\/wp-content\/uploads\/2021\/03\/Camping-Max-80x60.jpg 80w, https:\/\/all4camper.com\/wp-content\/uploads\/2021\/03\/Camping-Max.jpg 2048w\" sizes=\"auto, (max-width: 1440px) 100vw, 1440px\" \/><figcaption>Zdroj: <a href=\"https:\/\/www.campingmax.de\/\" target=\"_blank\" rel=\"noreferrer noopener\">www.campingmax.de<\/a><\/figcaption><\/figure>\n\n\n\n<ul class=\"wp-block-list\"><li><strong>2.m\u00edsto:<\/strong> Na druh\u00e9m m\u00edst\u011b se v&nbsp;t\u00e9to kategorii um\u00edstil <strong>Campingpark Erfurt<\/strong>, kter\u00fd byl tak\u00e9 ocen\u011bn v&nbsp;kategorii Technick\u00e9 vybaven\u00ed, kde naleznete bli\u017e\u0161\u00ed informace. Doporu\u010dujeme zejm\u00e9na milovn\u00edk\u016fm klidn\u00e9ho prost\u0159ed\u00ed a historick\u00fdch pam\u00e1tek, kter\u00fd je v&nbsp;okol\u00ed kempu opravdu mnoho.&nbsp;<\/li><\/ul>\n\n\n\n<ul class=\"wp-block-list\"><li><strong>3.m\u00edsto: FKK Campingplatz am R\u00e4tzsee (N\u011bmecko) <\/strong><a href=\"https:\/\/www.raetzsee.de\/\" target=\"_blank\" rel=\"noreferrer noopener\"><strong>web<\/strong><\/a><strong>&nbsp; <\/strong><a href=\"https:\/\/www.google.cz\/maps\/place\/FKK+Campingplatz+am+R%C3%A4tzsee+-+Campingzeit+am+R%C3%A4tzsee+GmbH\/@53.254629,12.9042989,15.18z\/data=!4m5!3m4!1s0x47a95c89b7b24019:0x44e264379a7bf0d5!8m2!3d53.2520686!4d12.9095347?hl=cs\" target=\"_blank\" rel=\"noreferrer noopener\"><strong>mapa<\/strong><\/a><ul><li>Co je na tomto kempu zvl\u00e1\u0161tn\u00edho? Inu, jedn\u00e1 se o naturistick\u00fd kemp u n\u00e1dhern\u00e9ho jezera. Prost\u011b takov\u00e1 rekreace bez obl\u00e9k\u00e1n\u00ed, naz\u00ed p\u00e1dlujete na jeze\u0159e, u\u017e\u00edv\u00e1te si na pl\u00e1\u017ei prost\u011b volnost a pohoda. Samoz\u0159ejmost\u00ed je soci\u00e1ln\u00ed za\u0159\u00edzen\u00ed zcela k&nbsp;dispozici, p\u016fj\u010dovna kol a lod\u011bk, mal\u00fd obch\u016fdek p\u0159\u00edmo v&nbsp;are\u00e1lu a kdo chce, m\u016f\u017ee z\u00edskat povolen\u00ed k&nbsp;rybolovu. Pokud tedy chcete netradi\u010dn\u00ed m\u00edsto, p\u0159ije\u010fte pr\u00e1v\u011b sem.&nbsp;<\/li><\/ul><\/li><\/ul>\n\n\n\n<figure class=\"wp-block-image size-large\"><img loading=\"lazy\" decoding=\"async\" width=\"1123\" height=\"708\" src=\"https:\/\/all4camper.com\/\/wp-content\/uploads\/2021\/03\/Wohnmobilstellplatz-am-FKK-Campingplatz-am-Ra\u0308tzsee.jpg\" alt=\"\" class=\"wp-image-90818\" srcset=\"https:\/\/all4camper.com\/wp-content\/uploads\/2021\/03\/Wohnmobilstellplatz-am-FKK-Campingplatz-am-Ra\u0308tzsee.jpg 1123w, https:\/\/all4camper.com\/wp-content\/uploads\/2021\/03\/Wohnmobilstellplatz-am-FKK-Campingplatz-am-Ra\u0308tzsee-300x189.jpg 300w, https:\/\/all4camper.com\/wp-content\/uploads\/2021\/03\/Wohnmobilstellplatz-am-FKK-Campingplatz-am-Ra\u0308tzsee-150x95.jpg 150w, https:\/\/all4camper.com\/wp-content\/uploads\/2021\/03\/Wohnmobilstellplatz-am-FKK-Campingplatz-am-Ra\u0308tzsee-768x484.jpg 768w\" sizes=\"auto, (max-width: 1123px) 100vw, 1123px\" \/><figcaption>Zdroj: <a href=\"https:\/\/www.raetzsee.de\/\" target=\"_blank\" rel=\"noreferrer noopener\">www.raetzsee.de<\/a><\/figcaption><\/figure>\n\n\n\n<h3 class=\"wp-block-heading\"><strong>Kategorie \u2013 P\u0159\u00edzniv\u00e1 cenov\u00e1 nab\u00eddka<\/strong><\/h3>\n\n\n\n<p>V\u00edt\u011bzem kategorie je n\u00e1m ji\u017e dob\u0159e zn\u00e1m\u00fd <strong>S\u00fcdsee-Camp<\/strong>, pokud jste p\u0159edchoz\u00ed \u0159\u00e1dky \u010detli pozorn\u011b. Kemp, kter\u00fd se mimo jin\u00e9 py\u0161n\u00ed vynikaj\u00edc\u00edm sanit\u00e1rn\u00edm za\u0159\u00edzen\u00edm, v&nbsp;obou sanit\u00e1rn\u00edch kategori\u00edch bral ceny. Z\u00e1rove\u0148 nab\u00edz\u00ed spoustu z\u00e1bavy a v\u0161e za velmi p\u0159\u00edzniv\u00e9 ceny.<\/p>\n\n\n\n<ul class=\"wp-block-list\"><li><strong>2.m\u00edsto: KNAUS Campingpark Hennesee (N\u011bmecko) <\/strong><a href=\"https:\/\/www.knauscamp.de\/hennesee-meschede.html\" target=\"_blank\" rel=\"noreferrer noopener\"><strong>web<\/strong><\/a><strong>&nbsp; <\/strong><a href=\"https:\/\/www.google.cz\/maps\/place\/KNAUS+Campingpark+Hennesee\/@51.29863,8.2622913,17z\/data=!3m1!4b1!4m8!3m7!1s0x47bbe5faeda54273:0xa2573ebf7a140e61!5m2!4m1!1i2!8m2!3d51.29863!4d8.26448?hl=cs\" target=\"_blank\" rel=\"noreferrer noopener\"><strong>mapa<\/strong><\/a><ul><li>P\u0159\u00edjemn\u00fd kemp nab\u00edzej\u00edc\u00ed spoustu z\u00e1bavy pro v\u0161echny v\u011bkov\u00e9 kategorie. \u010cekaj\u00ed v\u00e1s anima\u010dn\u00ed programy, krmen\u00ed zv\u00ed\u0159at, s\u00e1\u0148ka\u0159sk\u00e1 dr\u00e1ha, spousta cyklostezek, nebo t\u0159eba fitness. M\u00e1te psa? Vezm\u011bte ho sebou a m\u016f\u017eete s&nbsp;n\u00edm b\u011bhat, \u010di se proch\u00e1zet okolo jezera. Kemp disponuje vlastn\u00edm kryt\u00fdm baz\u00e9nem a saunou, co\u017e jist\u011b ocen\u00edte. Nesm\u00ed chyb\u011bt restaurace a prodejna potravin. Prost\u011b za solidn\u00ed cenu hodn\u011b muziky a z\u00e1bavy \ud83d\ude0a<\/li><\/ul><\/li><\/ul>\n\n\n\n<figure class=\"wp-block-image size-large\"><img loading=\"lazy\" decoding=\"async\" width=\"900\" height=\"600\" src=\"https:\/\/all4camper.com\/\/wp-content\/uploads\/2021\/03\/Campingpark-Hennesee.jpg\" alt=\"\" class=\"wp-image-90819\" srcset=\"https:\/\/all4camper.com\/wp-content\/uploads\/2021\/03\/Campingpark-Hennesee.jpg 900w, https:\/\/all4camper.com\/wp-content\/uploads\/2021\/03\/Campingpark-Hennesee-300x200.jpg 300w, https:\/\/all4camper.com\/wp-content\/uploads\/2021\/03\/Campingpark-Hennesee-150x100.jpg 150w, https:\/\/all4camper.com\/wp-content\/uploads\/2021\/03\/Campingpark-Hennesee-768x512.jpg 768w\" sizes=\"auto, (max-width: 900px) 100vw, 900px\" \/><figcaption>Zdroj: <a href=\"https:\/\/www.campingcard.com\/de\/deutschland\/nordrhein-westfalen\/meschede\/knaus-campingpark-hennesee-102150\/\" target=\"_blank\" rel=\"noreferrer noopener\">www.campingcard.com<\/a><\/figcaption><\/figure>\n\n\n\n<ul class=\"wp-block-list\"><li>Na t\u0159et\u00edm m\u00edst\u011b v&nbsp;t\u00e9to kategorii se um\u00edstil tyrolsk\u00fd <strong>Camping Seeblick Toni<\/strong>, kter\u00fd byl ocen\u011bn i v&nbsp;kategorii Sanit\u00e1rn\u00ed funkce a jde o opravdu kr\u00e1sn\u00fd rodinn\u00fd kemp v&nbsp;kouzeln\u00e9 p\u0159\u00edrod\u011b.<\/li><\/ul>\n\n\n\n<h3 class=\"wp-block-heading\"><strong>Kategorie \u2013 Tajn\u00fd tip pro zasv\u011bcen\u00e9<\/strong><\/h3>\n\n\n\n<ul class=\"wp-block-list\"><li>Za v\u00edt\u011bze v&nbsp;t\u00e9to kategorii byl vybr\u00e1n <strong>Camping L\u00f6wenhof<\/strong> v&nbsp;It\u00e1lii. Ocen\u011bn byl ji\u017e v&nbsp;sekci Sanit\u00e1rn\u00ed design a tenhle kemp v&nbsp;Dolomitech by jste nem\u011bli vynechat. Ide\u00e1ln\u011b jej lze doporu\u010dit pro milovn\u00edky turistiky a dlouh\u00fdch proch\u00e1zek.<\/li><li>St\u0159\u00edbrnou medaili bere <strong>Campingplatz K\u00fcstencamp<\/strong>, p\u0159i\u010dem\u017e si oproti bronzov\u00e9 p\u0159\u00ed\u010dce v&nbsp;kategorii Kempujeme se psem o jeden stup\u00ednek polep\u0161il. Pokud ocen\u00edte chladn\u011bj\u0161\u00ed podneb\u00ed na severon\u011bmeck\u00e9m ostrov\u011b Rujana, tak jste se za\u010detli spr\u00e1vn\u011b. A p\u0159\u00e1tel\u00e9, kolo sebou, tady ho opravdu vyu\u017eijete.&nbsp;<\/li><\/ul>\n\n\n\n<ul class=\"wp-block-list\"><li><strong>3.m\u00edsto: Campingpark H\u00fcttensee (N\u011bmecko)<\/strong>\u00a0 <a href=\"https:\/\/www.campingpark-huettensee.de\/de\/start\/\" target=\"_blank\" rel=\"noreferrer noopener\">web<\/a>\u00a0 <a href=\"https:\/\/www.google.cz\/maps\/place\/Campingpark+H%C3%BCttensee\/@52.71986,9.8226113,17z\/data=!3m1!4b1!4m5!3m4!1s0x4164e65a19d7af45:0x4d16d0abac63b220!8m2!3d52.71986!4d9.8248?hl=cs\" target=\"_blank\" rel=\"noreferrer noopener\">mapa<\/a><ul><li>Jist\u011b pr\u00e1vem byl ocen\u011bn tak\u00e9 tento kemp, kter\u00fd se nach\u00e1z\u00ed uprost\u0159ed p\u0159\u00edrodn\u00ed a pta\u010d\u00ed rezervace na L\u00fcnebursk\u00e9m v\u0159esovi\u0161ti. Najdete zde spoustu m\u00edsta pro v\u00e1\u0161 karavan, stan \u010di jin\u00fd ubytovac\u00ed prostor. Naj\u00edst se m\u016f\u017eete v\u00a0m\u00edstn\u00ed restauraci, kde ochutn\u00e1te n\u011bkter\u00e9 z\u00a0tradi\u010dn\u00edch j\u00eddel. P\u0159ipraveno je pro v\u00e1s velmi p\u011bkn\u00e9 soci\u00e1ln\u00ed za\u0159\u00edzen\u00ed, hork\u00e9 sprchy zdarma, h\u0159i\u0161t\u011b na pl\u00e1\u017eov\u00fd volejbal, minigolf, trampol\u00edny. Pokud sem vyraz\u00edte, pak ur\u010dit\u011b podnikn\u011bte proch\u00e1zku po zdej\u0161\u00ed okru\u017en\u00ed turistick\u00e9 stezce s\u00a0pozorovatelnami pt\u00e1k\u016f.\u00a0<\/li><\/ul><\/li><\/ul>\n\n\n\n<figure class=\"wp-block-image size-large\"><img loading=\"lazy\" decoding=\"async\" width=\"1024\" height=\"421\" src=\"https:\/\/all4camper.com\/\/wp-content\/uploads\/2021\/03\/Campingpark-Hu\u0308ttensee-Hu\u0308ttenseepark.jpg\" alt=\"\" class=\"wp-image-90822\" srcset=\"https:\/\/all4camper.com\/wp-content\/uploads\/2021\/03\/Campingpark-Hu\u0308ttensee-Hu\u0308ttenseepark.jpg 1024w, https:\/\/all4camper.com\/wp-content\/uploads\/2021\/03\/Campingpark-Hu\u0308ttensee-Hu\u0308ttenseepark-300x123.jpg 300w, https:\/\/all4camper.com\/wp-content\/uploads\/2021\/03\/Campingpark-Hu\u0308ttensee-Hu\u0308ttenseepark-150x62.jpg 150w, https:\/\/all4camper.com\/wp-content\/uploads\/2021\/03\/Campingpark-Hu\u0308ttensee-Hu\u0308ttenseepark-768x316.jpg 768w\" sizes=\"auto, (max-width: 1024px) 100vw, 1024px\" \/><figcaption>Zdroj: <a href=\"https:\/\/www.campingpark-huettensee.de\/de\/start\/\" target=\"_blank\" rel=\"noreferrer noopener\">www.campingpark-huettensee.d<\/a>e<\/figcaption><\/figure>\n\n\n\n<p>Dal\u0161\u00ed tipy na kempy najdete v rubrice <a href=\"\/cs?tag=kempy-1\" target=\"_blank\" rel=\"noreferrer noopener\">Kempy a zaj\u00edmav\u00e1 m\u00edsta<\/a>.<\/p>\n","protected":false},"excerpt":{"rendered":"<p>Neskute\u010dn\u011b rychle to let\u00ed. Rok se s rokem se\u0161el a m\u00e1me tu op\u011bt v\u00fdsledky ankety Campsite Award 2021, kter\u00e1 je rozd\u011blena do mnoha kategori\u00ed. Ty v\u00e1m tady budu postupn\u011b vyd\u00e1vat. Ka\u017edop\u00e1dn\u011b v tomto prvn\u00edm \u010dl\u00e1nku z t\u00e9to s\u00e9rie jsme se s Ivem zam\u011b\u0159ili na kategorii soci\u00e1lky, kempov\u00e1n\u00ed se psy \u010di nejkr\u00e1sn\u011bj\u0161\u00ed kempy. Poj\u010fme se tedy [&hellip;]<\/p>\n","protected":false},"author":381,"featured_media":90817,"comment_status":"closed","ping_status":"open","sticky":false,"template":"","format":"standard","meta":{"_monsterinsights_skip_tracking":false,"_monsterinsights_sitenote_active":false,"_monsterinsights_sitenote_note":"","_monsterinsights_sitenote_category":0,"footnotes":""},"categories":[68,422,11685],"tags":[101,380],"class_list":{"0":"post-90653","1":"post","2":"type-post","3":"status-publish","4":"format-standard","5":"has-post-thumbnail","7":"category-kempovani-a-zajimave-cile","8":"category-novinky-kempovani-a-karavaning","9":"category-top-kempy","10":"tag-kempy-1","11":"tag-topkempy"},"yoast_head":"<!-- This site is optimized with the Yoast SEO plugin v27.4 - https:\/\/yoast.com\/product\/yoast-seo-wordpress\/ -->\n<title>Kempy roku 2021 v Evrop\u011b - kategorie p\u0159\u00edzniv\u00e1 cena, nejkr\u00e1sn\u011bj\u0161\u00ed soci\u00e1lky i pobyt se psem - All4Camper<\/title>\n<meta name=\"description\" content=\"All4Camper - Kempy roku 2021 v Evrop\u011b - kategorie p\u0159\u00edzniv\u00e1 cena, nejkr\u00e1sn\u011bj\u0161\u00ed soci\u00e1lky i pobyt se psem\" \/>\n<meta name=\"robots\" content=\"index, follow, max-snippet:-1, max-image-preview:large, max-video-preview:-1\" \/>\n<link rel=\"canonical\" href=\"https:\/\/all4camper.com\/cs\/kempy-roku-2021-v-evrope-kategorie-prizniva-cena-nejkrasnejsi-socialky-i-pobyt-se-psem\/\" \/>\n<meta property=\"og:locale\" content=\"cs_CZ\" \/>\n<meta property=\"og:type\" content=\"article\" \/>\n<meta property=\"og:title\" content=\"Kempy roku 2021 v Evrop\u011b - kategorie p\u0159\u00edzniv\u00e1 cena, nejkr\u00e1sn\u011bj\u0161\u00ed soci\u00e1lky i pobyt se psem - All4Camper\" \/>\n<meta property=\"og:description\" content=\"All4Camper - Kempy roku 2021 v Evrop\u011b - kategorie p\u0159\u00edzniv\u00e1 cena, nejkr\u00e1sn\u011bj\u0161\u00ed soci\u00e1lky i pobyt se psem\" \/>\n<meta property=\"og:url\" content=\"https:\/\/all4camper.com\/cs\/kempy-roku-2021-v-evrope-kategorie-prizniva-cena-nejkrasnejsi-socialky-i-pobyt-se-psem\/\" \/>\n<meta property=\"og:site_name\" content=\"All4Camper\" \/>\n<meta property=\"article:published_time\" content=\"2021-03-28T07:33:44+00:00\" \/>\n<meta property=\"article:modified_time\" content=\"2021-05-25T13:37:23+00:00\" \/>\n<meta property=\"og:image\" content=\"https:\/\/all4camper.com\/wp-content\/uploads\/2021\/03\/Camping-Max.jpg\" \/>\n\t<meta property=\"og:image:width\" content=\"2048\" \/>\n\t<meta property=\"og:image:height\" content=\"1536\" \/>\n\t<meta property=\"og:image:type\" content=\"image\/jpeg\" \/>\n<meta name=\"author\" content=\"Ivo Pavelek\" \/>\n<meta name=\"twitter:card\" content=\"summary_large_image\" \/>\n<meta name=\"twitter:label1\" content=\"Napsal(a)\" \/>\n\t<meta name=\"twitter:data1\" content=\"Ivo Pavelek\" \/>\n\t<meta name=\"twitter:label2\" content=\"Odhadovan\u00e1 doba \u010dten\u00ed\" \/>\n\t<meta name=\"twitter:data2\" content=\"14 minut\" \/>\n<script type=\"application\/ld+json\" class=\"yoast-schema-graph\">{\"@context\":\"https:\\\/\\\/schema.org\",\"@graph\":[{\"@type\":\"Article\",\"@id\":\"https:\\\/\\\/all4camper.com\\\/cs\\\/kempy-roku-2021-v-evrope-kategorie-prizniva-cena-nejkrasnejsi-socialky-i-pobyt-se-psem\\\/#article\",\"isPartOf\":{\"@id\":\"https:\\\/\\\/all4camper.com\\\/cs\\\/kempy-roku-2021-v-evrope-kategorie-prizniva-cena-nejkrasnejsi-socialky-i-pobyt-se-psem\\\/\"},\"author\":{\"name\":\"Ivo Pavelek\",\"@id\":\"https:\\\/\\\/all4camper.com\\\/cs\\\/#\\\/schema\\\/person\\\/a6387842443a2105d550878fdd898965\"},\"headline\":\"Kempy roku 2021 v Evrop\u011b &#8211; kategorie p\u0159\u00edzniv\u00e1 cena, nejkr\u00e1sn\u011bj\u0161\u00ed soci\u00e1lky i pobyt se psem\",\"datePublished\":\"2021-03-28T07:33:44+00:00\",\"dateModified\":\"2021-05-25T13:37:23+00:00\",\"mainEntityOfPage\":{\"@id\":\"https:\\\/\\\/all4camper.com\\\/cs\\\/kempy-roku-2021-v-evrope-kategorie-prizniva-cena-nejkrasnejsi-socialky-i-pobyt-se-psem\\\/\"},\"wordCount\":2761,\"publisher\":{\"@id\":\"https:\\\/\\\/all4camper.com\\\/cs\\\/#organization\"},\"image\":{\"@id\":\"https:\\\/\\\/all4camper.com\\\/cs\\\/kempy-roku-2021-v-evrope-kategorie-prizniva-cena-nejkrasnejsi-socialky-i-pobyt-se-psem\\\/#primaryimage\"},\"thumbnailUrl\":\"https:\\\/\\\/all4camper.com\\\/wp-content\\\/uploads\\\/2021\\\/03\\\/Camping-Max.jpg\",\"keywords\":[\"Kempy a kempovac\u00ed m\u00edsta\",\"TOPkempy\"],\"articleSection\":[\"Kempy a zaj\u00edmav\u00e1 m\u00edsta\",\"Novinky - Kempov\u00e1n\u00ed a karavaning\",\"TOP kempy\"],\"inLanguage\":\"cs\"},{\"@type\":\"WebPage\",\"@id\":\"https:\\\/\\\/all4camper.com\\\/cs\\\/kempy-roku-2021-v-evrope-kategorie-prizniva-cena-nejkrasnejsi-socialky-i-pobyt-se-psem\\\/\",\"url\":\"https:\\\/\\\/all4camper.com\\\/cs\\\/kempy-roku-2021-v-evrope-kategorie-prizniva-cena-nejkrasnejsi-socialky-i-pobyt-se-psem\\\/\",\"name\":\"Kempy roku 2021 v Evrop\u011b - kategorie p\u0159\u00edzniv\u00e1 cena, nejkr\u00e1sn\u011bj\u0161\u00ed soci\u00e1lky i pobyt se psem - All4Camper\",\"isPartOf\":{\"@id\":\"https:\\\/\\\/all4camper.com\\\/cs\\\/#website\"},\"primaryImageOfPage\":{\"@id\":\"https:\\\/\\\/all4camper.com\\\/cs\\\/kempy-roku-2021-v-evrope-kategorie-prizniva-cena-nejkrasnejsi-socialky-i-pobyt-se-psem\\\/#primaryimage\"},\"image\":{\"@id\":\"https:\\\/\\\/all4camper.com\\\/cs\\\/kempy-roku-2021-v-evrope-kategorie-prizniva-cena-nejkrasnejsi-socialky-i-pobyt-se-psem\\\/#primaryimage\"},\"thumbnailUrl\":\"https:\\\/\\\/all4camper.com\\\/wp-content\\\/uploads\\\/2021\\\/03\\\/Camping-Max.jpg\",\"datePublished\":\"2021-03-28T07:33:44+00:00\",\"dateModified\":\"2021-05-25T13:37:23+00:00\",\"description\":\"All4Camper - Kempy roku 2021 v Evrop\u011b - kategorie p\u0159\u00edzniv\u00e1 cena, nejkr\u00e1sn\u011bj\u0161\u00ed soci\u00e1lky i pobyt se psem\",\"breadcrumb\":{\"@id\":\"https:\\\/\\\/all4camper.com\\\/cs\\\/kempy-roku-2021-v-evrope-kategorie-prizniva-cena-nejkrasnejsi-socialky-i-pobyt-se-psem\\\/#breadcrumb\"},\"inLanguage\":\"cs\",\"potentialAction\":[{\"@type\":\"ReadAction\",\"target\":[\"https:\\\/\\\/all4camper.com\\\/cs\\\/kempy-roku-2021-v-evrope-kategorie-prizniva-cena-nejkrasnejsi-socialky-i-pobyt-se-psem\\\/\"]}]},{\"@type\":\"ImageObject\",\"inLanguage\":\"cs\",\"@id\":\"https:\\\/\\\/all4camper.com\\\/cs\\\/kempy-roku-2021-v-evrope-kategorie-prizniva-cena-nejkrasnejsi-socialky-i-pobyt-se-psem\\\/#primaryimage\",\"url\":\"https:\\\/\\\/all4camper.com\\\/wp-content\\\/uploads\\\/2021\\\/03\\\/Camping-Max.jpg\",\"contentUrl\":\"https:\\\/\\\/all4camper.com\\\/wp-content\\\/uploads\\\/2021\\\/03\\\/Camping-Max.jpg\",\"width\":2048,\"height\":1536},{\"@type\":\"BreadcrumbList\",\"@id\":\"https:\\\/\\\/all4camper.com\\\/cs\\\/kempy-roku-2021-v-evrope-kategorie-prizniva-cena-nejkrasnejsi-socialky-i-pobyt-se-psem\\\/#breadcrumb\",\"itemListElement\":[{\"@type\":\"ListItem\",\"position\":1,\"name\":\"Dom\u016f\",\"item\":\"https:\\\/\\\/all4camper.com\\\/cs\\\/\"},{\"@type\":\"ListItem\",\"position\":2,\"name\":\"Kempy a zaj\u00edmav\u00e1 m\u00edsta\",\"item\":\"https:\\\/\\\/all4camper.com\\\/cs\\\/category\\\/kempovani-a-zajimave-cile\\\/\"},{\"@type\":\"ListItem\",\"position\":3,\"name\":\"Kempy roku 2021 v Evrop\u011b &#8211; kategorie p\u0159\u00edzniv\u00e1 cena, nejkr\u00e1sn\u011bj\u0161\u00ed soci\u00e1lky i pobyt se psem\"}]},{\"@type\":\"WebSite\",\"@id\":\"https:\\\/\\\/all4camper.com\\\/cs\\\/#website\",\"url\":\"https:\\\/\\\/all4camper.com\\\/cs\\\/\",\"name\":\"All4Camper\",\"description\":\"Nejv\u011bt\u0161\u00ed online magaz\u00edn o kempov\u00e1n\u00ed a karavaninku. V\u00edce jak 900 \u010dl\u00e1nk\u016f pln\u00fdch rad a tip\u016f o kempech a kempov\u00e1n\u00ed.\",\"publisher\":{\"@id\":\"https:\\\/\\\/all4camper.com\\\/cs\\\/#organization\"},\"potentialAction\":[{\"@type\":\"SearchAction\",\"target\":{\"@type\":\"EntryPoint\",\"urlTemplate\":\"https:\\\/\\\/all4camper.com\\\/cs\\\/?s={search_term_string}\"},\"query-input\":{\"@type\":\"PropertyValueSpecification\",\"valueRequired\":true,\"valueName\":\"search_term_string\"}}],\"inLanguage\":\"cs\"},{\"@type\":\"Organization\",\"@id\":\"https:\\\/\\\/all4camper.com\\\/cs\\\/#organization\",\"name\":\"All4Camper - kempujeme s Kl\u00e1rou\",\"url\":\"https:\\\/\\\/all4camper.com\\\/cs\\\/\",\"logo\":{\"@type\":\"ImageObject\",\"inLanguage\":\"cs\",\"@id\":\"https:\\\/\\\/all4camper.com\\\/cs\\\/#\\\/schema\\\/logo\\\/image\\\/\",\"url\":\"https:\\\/\\\/all4camper.com\\\/wp-content\\\/uploads\\\/2018\\\/09\\\/novelogo.png\",\"contentUrl\":\"https:\\\/\\\/all4camper.com\\\/wp-content\\\/uploads\\\/2018\\\/09\\\/novelogo.png\",\"width\":1520,\"height\":600,\"caption\":\"All4Camper - kempujeme s Kl\u00e1rou\"},\"image\":{\"@id\":\"https:\\\/\\\/all4camper.com\\\/cs\\\/#\\\/schema\\\/logo\\\/image\\\/\"}},{\"@type\":\"Person\",\"@id\":\"https:\\\/\\\/all4camper.com\\\/cs\\\/#\\\/schema\\\/person\\\/a6387842443a2105d550878fdd898965\",\"name\":\"Ivo Pavelek\",\"url\":\"https:\\\/\\\/all4camper.com\\\/cs\\\/author\\\/ivopavelek\\\/\"}]}<\/script>\n<!-- \/ Yoast SEO plugin. -->","yoast_head_json":{"title":"Kempy roku 2021 v Evrop\u011b - kategorie p\u0159\u00edzniv\u00e1 cena, nejkr\u00e1sn\u011bj\u0161\u00ed soci\u00e1lky i pobyt se psem - All4Camper","description":"All4Camper - Kempy roku 2021 v Evrop\u011b - kategorie p\u0159\u00edzniv\u00e1 cena, nejkr\u00e1sn\u011bj\u0161\u00ed soci\u00e1lky i pobyt se psem","robots":{"index":"index","follow":"follow","max-snippet":"max-snippet:-1","max-image-preview":"max-image-preview:large","max-video-preview":"max-video-preview:-1"},"canonical":"https:\/\/all4camper.com\/cs\/kempy-roku-2021-v-evrope-kategorie-prizniva-cena-nejkrasnejsi-socialky-i-pobyt-se-psem\/","og_locale":"cs_CZ","og_type":"article","og_title":"Kempy roku 2021 v Evrop\u011b - kategorie p\u0159\u00edzniv\u00e1 cena, nejkr\u00e1sn\u011bj\u0161\u00ed soci\u00e1lky i pobyt se psem - All4Camper","og_description":"All4Camper - Kempy roku 2021 v Evrop\u011b - kategorie p\u0159\u00edzniv\u00e1 cena, nejkr\u00e1sn\u011bj\u0161\u00ed soci\u00e1lky i pobyt se psem","og_url":"https:\/\/all4camper.com\/cs\/kempy-roku-2021-v-evrope-kategorie-prizniva-cena-nejkrasnejsi-socialky-i-pobyt-se-psem\/","og_site_name":"All4Camper","article_published_time":"2021-03-28T07:33:44+00:00","article_modified_time":"2021-05-25T13:37:23+00:00","og_image":[{"width":2048,"height":1536,"url":"https:\/\/all4camper.com\/wp-content\/uploads\/2021\/03\/Camping-Max.jpg","type":"image\/jpeg"}],"author":"Ivo Pavelek","twitter_card":"summary_large_image","twitter_misc":{"Napsal(a)":"Ivo Pavelek","Odhadovan\u00e1 doba \u010dten\u00ed":"14 minut"},"schema":{"@context":"https:\/\/schema.org","@graph":[{"@type":"Article","@id":"https:\/\/all4camper.com\/cs\/kempy-roku-2021-v-evrope-kategorie-prizniva-cena-nejkrasnejsi-socialky-i-pobyt-se-psem\/#article","isPartOf":{"@id":"https:\/\/all4camper.com\/cs\/kempy-roku-2021-v-evrope-kategorie-prizniva-cena-nejkrasnejsi-socialky-i-pobyt-se-psem\/"},"author":{"name":"Ivo Pavelek","@id":"https:\/\/all4camper.com\/cs\/#\/schema\/person\/a6387842443a2105d550878fdd898965"},"headline":"Kempy roku 2021 v Evrop\u011b &#8211; kategorie p\u0159\u00edzniv\u00e1 cena, nejkr\u00e1sn\u011bj\u0161\u00ed soci\u00e1lky i pobyt se psem","datePublished":"2021-03-28T07:33:44+00:00","dateModified":"2021-05-25T13:37:23+00:00","mainEntityOfPage":{"@id":"https:\/\/all4camper.com\/cs\/kempy-roku-2021-v-evrope-kategorie-prizniva-cena-nejkrasnejsi-socialky-i-pobyt-se-psem\/"},"wordCount":2761,"publisher":{"@id":"https:\/\/all4camper.com\/cs\/#organization"},"image":{"@id":"https:\/\/all4camper.com\/cs\/kempy-roku-2021-v-evrope-kategorie-prizniva-cena-nejkrasnejsi-socialky-i-pobyt-se-psem\/#primaryimage"},"thumbnailUrl":"https:\/\/all4camper.com\/wp-content\/uploads\/2021\/03\/Camping-Max.jpg","keywords":["Kempy a kempovac\u00ed m\u00edsta","TOPkempy"],"articleSection":["Kempy a zaj\u00edmav\u00e1 m\u00edsta","Novinky - Kempov\u00e1n\u00ed a karavaning","TOP kempy"],"inLanguage":"cs"},{"@type":"WebPage","@id":"https:\/\/all4camper.com\/cs\/kempy-roku-2021-v-evrope-kategorie-prizniva-cena-nejkrasnejsi-socialky-i-pobyt-se-psem\/","url":"https:\/\/all4camper.com\/cs\/kempy-roku-2021-v-evrope-kategorie-prizniva-cena-nejkrasnejsi-socialky-i-pobyt-se-psem\/","name":"Kempy roku 2021 v Evrop\u011b - kategorie p\u0159\u00edzniv\u00e1 cena, nejkr\u00e1sn\u011bj\u0161\u00ed soci\u00e1lky i pobyt se psem - All4Camper","isPartOf":{"@id":"https:\/\/all4camper.com\/cs\/#website"},"primaryImageOfPage":{"@id":"https:\/\/all4camper.com\/cs\/kempy-roku-2021-v-evrope-kategorie-prizniva-cena-nejkrasnejsi-socialky-i-pobyt-se-psem\/#primaryimage"},"image":{"@id":"https:\/\/all4camper.com\/cs\/kempy-roku-2021-v-evrope-kategorie-prizniva-cena-nejkrasnejsi-socialky-i-pobyt-se-psem\/#primaryimage"},"thumbnailUrl":"https:\/\/all4camper.com\/wp-content\/uploads\/2021\/03\/Camping-Max.jpg","datePublished":"2021-03-28T07:33:44+00:00","dateModified":"2021-05-25T13:37:23+00:00","description":"All4Camper - Kempy roku 2021 v Evrop\u011b - kategorie p\u0159\u00edzniv\u00e1 cena, nejkr\u00e1sn\u011bj\u0161\u00ed soci\u00e1lky i pobyt se psem","breadcrumb":{"@id":"https:\/\/all4camper.com\/cs\/kempy-roku-2021-v-evrope-kategorie-prizniva-cena-nejkrasnejsi-socialky-i-pobyt-se-psem\/#breadcrumb"},"inLanguage":"cs","potentialAction":[{"@type":"ReadAction","target":["https:\/\/all4camper.com\/cs\/kempy-roku-2021-v-evrope-kategorie-prizniva-cena-nejkrasnejsi-socialky-i-pobyt-se-psem\/"]}]},{"@type":"ImageObject","inLanguage":"cs","@id":"https:\/\/all4camper.com\/cs\/kempy-roku-2021-v-evrope-kategorie-prizniva-cena-nejkrasnejsi-socialky-i-pobyt-se-psem\/#primaryimage","url":"https:\/\/all4camper.com\/wp-content\/uploads\/2021\/03\/Camping-Max.jpg","contentUrl":"https:\/\/all4camper.com\/wp-content\/uploads\/2021\/03\/Camping-Max.jpg","width":2048,"height":1536},{"@type":"BreadcrumbList","@id":"https:\/\/all4camper.com\/cs\/kempy-roku-2021-v-evrope-kategorie-prizniva-cena-nejkrasnejsi-socialky-i-pobyt-se-psem\/#breadcrumb","itemListElement":[{"@type":"ListItem","position":1,"name":"Dom\u016f","item":"https:\/\/all4camper.com\/cs\/"},{"@type":"ListItem","position":2,"name":"Kempy a zaj\u00edmav\u00e1 m\u00edsta","item":"https:\/\/all4camper.com\/cs\/category\/kempovani-a-zajimave-cile\/"},{"@type":"ListItem","position":3,"name":"Kempy roku 2021 v Evrop\u011b &#8211; kategorie p\u0159\u00edzniv\u00e1 cena, nejkr\u00e1sn\u011bj\u0161\u00ed soci\u00e1lky i pobyt se psem"}]},{"@type":"WebSite","@id":"https:\/\/all4camper.com\/cs\/#website","url":"https:\/\/all4camper.com\/cs\/","name":"All4Camper","description":"Nejv\u011bt\u0161\u00ed online magaz\u00edn o kempov\u00e1n\u00ed a karavaninku. V\u00edce jak 900 \u010dl\u00e1nk\u016f pln\u00fdch rad a tip\u016f o kempech a kempov\u00e1n\u00ed.","publisher":{"@id":"https:\/\/all4camper.com\/cs\/#organization"},"potentialAction":[{"@type":"SearchAction","target":{"@type":"EntryPoint","urlTemplate":"https:\/\/all4camper.com\/cs\/?s={search_term_string}"},"query-input":{"@type":"PropertyValueSpecification","valueRequired":true,"valueName":"search_term_string"}}],"inLanguage":"cs"},{"@type":"Organization","@id":"https:\/\/all4camper.com\/cs\/#organization","name":"All4Camper - kempujeme s Kl\u00e1rou","url":"https:\/\/all4camper.com\/cs\/","logo":{"@type":"ImageObject","inLanguage":"cs","@id":"https:\/\/all4camper.com\/cs\/#\/schema\/logo\/image\/","url":"https:\/\/all4camper.com\/wp-content\/uploads\/2018\/09\/novelogo.png","contentUrl":"https:\/\/all4camper.com\/wp-content\/uploads\/2018\/09\/novelogo.png","width":1520,"height":600,"caption":"All4Camper - kempujeme s Kl\u00e1rou"},"image":{"@id":"https:\/\/all4camper.com\/cs\/#\/schema\/logo\/image\/"}},{"@type":"Person","@id":"https:\/\/all4camper.com\/cs\/#\/schema\/person\/a6387842443a2105d550878fdd898965","name":"Ivo Pavelek","url":"https:\/\/all4camper.com\/cs\/author\/ivopavelek\/"}]}},"_links":{"self":[{"href":"https:\/\/all4camper.com\/cs\/wp-json\/wp\/v2\/posts\/90653","targetHints":{"allow":["GET"]}}],"collection":[{"href":"https:\/\/all4camper.com\/cs\/wp-json\/wp\/v2\/posts"}],"about":[{"href":"https:\/\/all4camper.com\/cs\/wp-json\/wp\/v2\/types\/post"}],"author":[{"embeddable":true,"href":"https:\/\/all4camper.com\/cs\/wp-json\/wp\/v2\/users\/381"}],"replies":[{"embeddable":true,"href":"https:\/\/all4camper.com\/cs\/wp-json\/wp\/v2\/comments?post=90653"}],"version-history":[{"count":0,"href":"https:\/\/all4camper.com\/cs\/wp-json\/wp\/v2\/posts\/90653\/revisions"}],"wp:featuredmedia":[{"embeddable":true,"href":"https:\/\/all4camper.com\/cs\/wp-json\/wp\/v2\/media\/90817"}],"wp:attachment":[{"href":"https:\/\/all4camper.com\/cs\/wp-json\/wp\/v2\/media?parent=90653"}],"wp:term":[{"taxonomy":"category","embeddable":true,"href":"https:\/\/all4camper.com\/cs\/wp-json\/wp\/v2\/categories?post=90653"},{"taxonomy":"post_tag","embeddable":true,"href":"https:\/\/all4camper.com\/cs\/wp-json\/wp\/v2\/tags?post=90653"}],"curies":[{"name":"wp","href":"https:\/\/api.w.org\/{rel}","templated":true}]}}