{"id":90143,"date":"2021-02-19T16:01:21","date_gmt":"2021-02-19T15:01:21","guid":{"rendered":"https:\/\/all4camper.com\/\/?p=90143"},"modified":"2021-03-02T12:04:31","modified_gmt":"2021-03-02T11:04:31","slug":"co-pro-karavanisty-a-cestovatele-chysta-dansko-v-roce-2021","status":"publish","type":"post","link":"https:\/\/all4camper.com\/cs\/co-pro-karavanisty-a-cestovatele-chysta-dansko-v-roce-2021\/","title":{"rendered":"Co pro karavanisty a cestovatele chyst\u00e1 D\u00e1nsko v roce 2021?"},"content":{"rendered":"\n<h4 class=\"wp-block-heading\">Nebudu v\u00e1s dlouho nap\u00ednat a hned na \u00favod zodpov\u00edm ot\u00e1zku z&nbsp;nadpisu. Je toho opravdu mnoho, cestovatel\u00e9, karavanist\u00e9 a v\u00fdletn\u00edci. M\u00e1te se na\u010d t\u011b\u0161it, D\u00e1nsko je toti\u017e p\u0159ipraveno v\u00e1s p\u0159ijmout s&nbsp;otev\u0159enou n\u00e1ru\u010d\u00ed. A nejen letos.<\/h4>\n\n\n\n<p>Ale p\u011bkn\u011b popo\u0159ad\u011b. Na za\u010d\u00e1tek tady m\u00e1m velkou ud\u00e1lost, kter\u00e1 p\u0159ipad\u00e1 na 18. 1. 2021 (ano, u\u017e je po term\u00ednu, nicm\u00e9n\u011b jak budete \u010d\u00edst d\u00e1l, pozn\u00e1te, pro\u010d o tom p\u00ed\u0161i). V&nbsp;tento den slav\u00ed 100 v\u00fdro\u010d\u00ed takzvan\u00fd d\u00e1nsk\u00fd hotdog \u2013 pro mnoh\u00e9 ta nejv\u011bt\u0161\u00ed dobrota, kter\u00e1 je ned\u00edlnou sou\u010d\u00e1st\u00ed ka\u017ed\u00e9 dovolen\u00e9 v&nbsp;D\u00e1nsku. Jak\u00e1 je tedy historie d\u00e1nsk\u00e9ho Hot dogu? Dne 18.1.1921 obdr\u017eelo prvn\u00edch 6 st\u00e1nk\u016f jm\u00e9men P\u00f8lsevogne \u2013 tedy Hot dog-Buden povolen\u00ed prodeje takzvan\u00e9 \u010derven\u00e9 klob\u00e1sy v&nbsp;housce. A nyn\u00ed c\u00edlen\u00fd \u00fatok na va\u0161e chu\u0165ov\u00e9 bu\u0148ky. \u010cerven\u00e9 klob\u00e1sky se pod\u00e1vaj\u00ed bu\u010f va\u0159en\u00e9, nebo sma\u017een\u00e9. Nechyb\u00ed v nich sma\u017een\u00e1 cibulka, pl\u00e1tky okurky, restovan\u00e1 cibulka a t\u0159i druhy om\u00e1\u010dek. A te\u010f to nejd\u016fle\u017eit\u011bj\u0161\u00ed! Dnes najdete takov\u00e9 st\u00e1nky v&nbsp;\u0159ad\u011b d\u00e1nsk\u00fdch m\u011bst, kdy jeden z&nbsp;nejzn\u00e1m\u011bj\u0161\u00edch st\u00e1nk\u016f je Annies Kiosk v&nbsp;S\u00f8nderhav. Z&nbsp;jeho venkovn\u00edho posezen\u00ed m\u016f\u017eete pozorovat lod\u011b pluj\u00edc\u00ed ve fjordu a p\u0159itom si dop\u0159\u00e1vat tuhle dobrotu. <a href=\"https:\/\/www.google.cz\/maps\/place\/Annies+Kiosk\/@54.8424087,9.4837825,12.35z\/data=!4m5!3m4!1s0x47b3447e87bd5c71:0x84c1facb7beb2b24!8m2!3d54.8596422!4d9.4962136?hl=cs\" target=\"_blank\" rel=\"noreferrer noopener\">mapa zde<\/a><\/p>\n\n\n\n<figure class=\"wp-block-embed is-type-video is-provider-youtube wp-block-embed-youtube wp-embed-aspect-16-9 wp-has-aspect-ratio\"><div class=\"wp-block-embed__wrapper\">\n<iframe loading=\"lazy\" title=\"Celebrating 100 Years of the Hot Dog stand in Denmark\" width=\"696\" height=\"392\" src=\"https:\/\/www.youtube.com\/embed\/FKgEyPj8itw?feature=oembed\" frameborder=\"0\" allow=\"accelerometer; autoplay; clipboard-write; encrypted-media; gyroscope; picture-in-picture\" allowfullscreen><\/iframe>\n<\/div><figcaption>Zdroj: VisitDenmark<\/figcaption><\/figure>\n\n\n\n<p>A nemus\u00edte smutnit, \u017ee v\u00fdro\u010dn\u00ed den ji\u017e ub\u011bhl, tuhle dobrotu si m\u016f\u017eete d\u00e1t na kter\u00e9koliv sv\u00e9 pl\u00e1novan\u00e9 cest\u011b kdykoli, kvalita je st\u00e1le stejn\u00e1, o nic nebudete ochuzeni. Tak\u017ee p\u0159eji dobrou chu\u0165!<\/p>\n\n\n\n<figure class=\"wp-block-image size-large\"><img loading=\"lazy\" decoding=\"async\" width=\"1920\" height=\"1077\" src=\"https:\/\/all4camper.com\/\/wp-content\/uploads\/2021\/02\/Da\u0301nsky\u0301-hot-dog.jpg\" alt=\"\" class=\"wp-image-90170\" srcset=\"https:\/\/all4camper.com\/wp-content\/uploads\/2021\/02\/Da\u0301nsky\u0301-hot-dog.jpg 1920w, https:\/\/all4camper.com\/wp-content\/uploads\/2021\/02\/Da\u0301nsky\u0301-hot-dog-300x168.jpg 300w, https:\/\/all4camper.com\/wp-content\/uploads\/2021\/02\/Da\u0301nsky\u0301-hot-dog-150x84.jpg 150w, https:\/\/all4camper.com\/wp-content\/uploads\/2021\/02\/Da\u0301nsky\u0301-hot-dog-768x431.jpg 768w, https:\/\/all4camper.com\/wp-content\/uploads\/2021\/02\/Da\u0301nsky\u0301-hot-dog-1536x862.jpg 1536w, https:\/\/all4camper.com\/wp-content\/uploads\/2021\/02\/Da\u0301nsky\u0301-hot-dog-678x381.jpg 678w\" sizes=\"auto, (max-width: 1920px) 100vw, 1920px\" \/><\/figure>\n\n\n\n<p>A nyn\u00ed budeme pokra\u010dovat d\u00e1l. Pokud se rozhodnete nav\u0161t\u00edvit m\u011bsto Odense, pak ur\u010dit\u011b nevynechejte Muzeum Hanse Christiana Andersena <a href=\"https:\/\/hcandersensodense.dk\/h-c-andersen-museum\/?lang=en\" target=\"_blank\" rel=\"noreferrer noopener\">andersen<\/a>, kter\u00fd se v&nbsp;roce 1805 na m\u00edstn\u00edm ostrov\u011b Fyn narodil. A pr\u00e1v\u011b v&nbsp;leto\u0161n\u00edm roce se v&nbsp;Odense otev\u00edr\u00e1 nov\u00e9 muzeum v\u011bnovan\u00e9 tomuto \u00fa\u017easn\u00e9mu poh\u00e1dk\u00e1\u0159i, d\u00edky n\u011bmu\u017e budete moci vstoupit do jeho kouzeln\u00e9ho sv\u011bta dobrodru\u017estv\u00ed a p\u0159\u00edb\u011bh\u016f. Otev\u0159en\u00ed je pl\u00e1nov\u00e1no na \u010derven 2021 a muzeum vyroste na plo\u0161e 5600 metr\u016f \u010dtvere\u010dn\u00edch, z&nbsp;nich\u017e dv\u011b t\u0159etiny budou pod \u00farovn\u00ed ter\u00e9nu a prostor nad muzeem vypln\u00ed velk\u00fd m\u011bstsk\u00fd park.&nbsp;<\/p>\n\n\n\n<figure class=\"wp-block-image size-large\"><img loading=\"lazy\" decoding=\"async\" width=\"700\" height=\"394\" src=\"https:\/\/all4camper.com\/\/wp-content\/uploads\/2021\/02\/Andersen-muzeum.jpg\" alt=\"\" class=\"wp-image-90171\" srcset=\"https:\/\/all4camper.com\/wp-content\/uploads\/2021\/02\/Andersen-muzeum.jpg 700w, https:\/\/all4camper.com\/wp-content\/uploads\/2021\/02\/Andersen-muzeum-300x169.jpg 300w, https:\/\/all4camper.com\/wp-content\/uploads\/2021\/02\/Andersen-muzeum-150x84.jpg 150w, https:\/\/all4camper.com\/wp-content\/uploads\/2021\/02\/Andersen-muzeum-678x381.jpg 678w\" sizes=\"auto, (max-width: 700px) 100vw, 700px\" \/><figcaption>Zdroj: www.hcandersen-homepage.dk<\/figcaption><\/figure>\n\n\n\n<p>V&nbsp;sou\u010dasn\u00e9 dob\u011b m\u016f\u017eete nav\u0161t\u00edvit soubor muze\u00ed, kter\u00e1 zahrnuj\u00ed rodn\u00fd d\u016fm H. Ch. Andersena, jedn\u00e1 se o mal\u00fd \u017elut\u00fd domek na rohu ulic Hans Jensens Str\u00e6de 45 a ulice Bangs Boder. Dal\u0161\u00ed pam\u00e1tkou je d\u016fm Andersenova d\u011btstv\u00ed, kter\u00fd se nach\u00e1z\u00ed v&nbsp;ulici 3-5 Munkem\u00f8llestr\u00e6de, zde str\u00e1vil slavn\u00fd spisovatel v&nbsp;podstat\u011b cel\u00e9 sv\u00e9 ml\u00e1d\u00ed. Trio muze\u00ed dopl\u0148uje p\u016fvodn\u00ed \u2013 neboli Star\u00e9 muzeum H. Ch. Andersena na adrese 11 Claus Bergs Gade. Jednotliv\u00e1 m\u00edsta v\u00e1s provedou postupn\u011b jeho zaj\u00edmav\u00fdm p\u0159\u00edb\u011bhem a m\u016f\u017eete zde vid\u011bt \u0159adu expon\u00e1t\u016f a d\u011bl z&nbsp;jeho \u017eivota. Celkov\u00e1 vzd\u00e1lenost mezi jednotliv\u00fdmi muzei v\u00e1m nezabere v\u00edce ne\u017e 10 minut ch\u016fze. <a href=\"https:\/\/www.google.cz\/maps\/dir\/Hans+Jensens+Str%C3%A6de+45,+Odense+Municipality,+D%C3%A1nsko\/Munkem%C3%B8llestr%C3%A6de+3,+5000+Odense,+D%C3%A1nsko\/Claus+Bergs+Gade+11,+5000+Odense,+D%C3%A1nsko\/@55.3966964,10.3889412,16.26z\/data=!4m20!4m19!1m5!1m1!1s0x464cdff8a73c83fb:0x8de20f01e943116b!2m2!1d10.3907626!2d55.3987425!1m5!1m1!1s0x464cdff82025aae3:0x55093a5bde0b64bd!2m2!1d10.3872453!2d55.3945211!1m5!1m1!1s0x464d20075341a9f7:0xb6d5e0225c9563f5!2m2!1d10.3924337!2d55.3996691!3e2\" target=\"_blank\" rel=\"noreferrer noopener\">mapa muze\u00ed HC Andersena<\/a> a <a href=\"https:\/\/hcandersensodense.dk\/h-c-andersen-museum\/?lang=en\" target=\"_blank\" rel=\"noreferrer noopener\">webov\u00e9 str\u00e1nky<\/a>.&nbsp;&nbsp;<\/p>\n\n\n\n<figure class=\"wp-block-image size-large\"><img loading=\"lazy\" decoding=\"async\" width=\"1814\" height=\"1080\" src=\"https:\/\/all4camper.com\/\/wp-content\/uploads\/2021\/02\/Rodny\u0301-du\u030am-H.-Ch.-Andersena-1814x1080.jpg\" alt=\"\" class=\"wp-image-90173\" srcset=\"https:\/\/all4camper.com\/wp-content\/uploads\/2021\/02\/Rodny\u0301-du\u030am-H.-Ch.-Andersena-1814x1080.jpg 1814w, https:\/\/all4camper.com\/wp-content\/uploads\/2021\/02\/Rodny\u0301-du\u030am-H.-Ch.-Andersena-300x179.jpg 300w, https:\/\/all4camper.com\/wp-content\/uploads\/2021\/02\/Rodny\u0301-du\u030am-H.-Ch.-Andersena-150x89.jpg 150w, https:\/\/all4camper.com\/wp-content\/uploads\/2021\/02\/Rodny\u0301-du\u030am-H.-Ch.-Andersena-768x457.jpg 768w, https:\/\/all4camper.com\/wp-content\/uploads\/2021\/02\/Rodny\u0301-du\u030am-H.-Ch.-Andersena-1536x914.jpg 1536w, https:\/\/all4camper.com\/wp-content\/uploads\/2021\/02\/Rodny\u0301-du\u030am-H.-Ch.-Andersena.jpg 2048w\" sizes=\"auto, (max-width: 1814px) 100vw, 1814px\" \/><figcaption>Zdroj: <a href=\"https:\/\/www.hcandersen-homepage.dk\/\" target=\"_blank\" rel=\"noreferrer noopener\">www.hcandersen-homepage.dk<\/a><\/figcaption><\/figure>\n\n\n\n<p>Ale poj\u010fme u\u017e se z&nbsp;poh\u00e1dky p\u0159esunout na dal\u0161\u00ed \u0161taci \u2013 co takhle nav\u0161t\u00edvit tzv. Muzeum Ji\u017en\u00edho souostrov\u00ed Fyn, ve vod\u00e1ch sm\u011brem na jih od ostrova Fyn naleznete n\u011bkolik des\u00edtek men\u0161\u00edch ostrov\u016f a ostr\u016fvk\u016f, kde se m\u016f\u017eete kochat n\u00e1dhernou p\u0159\u00edrodou a u\u017e\u00edt si zde nap\u0159\u00edklad \u0161norchlovac\u00ed safari s&nbsp;pr\u016fvodcem nebo t\u0159eba j\u00edzdu na kon\u00edch zdej\u0161\u00ed n\u00e1dhernou krajinou, kter\u00e1 se formuje ji\u017e od doby ledov\u00e9. Muzeum v\u00e1m bude k&nbsp;dispozici od kv\u011btna 2021 a bude mapovat \u017eivot zdej\u0161\u00edch obyvatel.&nbsp;V\u0161e se podrobn\u011b m\u016f\u017eete dozv\u011bd\u011bt nap\u0159\u00edklad tady: <a href=\"https:\/\/www.visitfyn.com\/\" target=\"_blank\" rel=\"noreferrer noopener\">visitfyn<\/a><\/p>\n\n\n\n<figure class=\"wp-block-image size-large\"><img loading=\"lazy\" decoding=\"async\" width=\"1450\" height=\"650\" src=\"https:\/\/all4camper.com\/\/wp-content\/uploads\/2021\/02\/Ostrov-Fyn.jpg\" alt=\"\" class=\"wp-image-90176\" srcset=\"https:\/\/all4camper.com\/wp-content\/uploads\/2021\/02\/Ostrov-Fyn.jpg 1450w, https:\/\/all4camper.com\/wp-content\/uploads\/2021\/02\/Ostrov-Fyn-300x134.jpg 300w, https:\/\/all4camper.com\/wp-content\/uploads\/2021\/02\/Ostrov-Fyn-150x67.jpg 150w, https:\/\/all4camper.com\/wp-content\/uploads\/2021\/02\/Ostrov-Fyn-768x344.jpg 768w\" sizes=\"auto, (max-width: 1450px) 100vw, 1450px\" \/><figcaption>Zdroj: <a href=\"https:\/\/www.visitfyn.com\/\" target=\"_blank\" rel=\"noreferrer noopener\">www.visitfyn.com<\/a><\/figcaption><\/figure>\n\n\n\n<p>A te\u010f n\u011bco pro dobrodruhy a milovn\u00edky kempov\u00e1n\u00ed v&nbsp;divok\u00e9 p\u0159\u00edrod\u011b. Pokud v\u00e1s tato v\u011bta nadchla, tak vyrazte do N\u00e1rodn\u00edho parku Thy. Nach\u00e1z\u00ed se na severoz\u00e1padn\u00edm pob\u0159e\u017e\u00ed D\u00e1nska mezi m\u011bsty Hantsholm a Agger. <a href=\"https:\/\/www.google.cz\/maps\/dir\/Hanstholm,+D%C3%A1nsko\/7770+Agger,+D%C3%A1nsko\/@56.9550832,8.3639369,10.52z\/data=!4m13!4m12!1m5!1m1!1s0x4649bb199191b1d1:0x4c997709b93115e3!2m2!1d8.617668!2d57.112861!1m5!1m1!1s0x4649f31e8a7cbf4b:0xa00afcc1d514250!2m2!1d8.238483!2d56.781856\" target=\"_blank\" rel=\"noreferrer noopener\">NP Thy mapa<\/a>&nbsp; Park je pr\u00e1vem naz\u00fdv\u00e1n nejv\u011bt\u0161\u00ed divo\u010dinou D\u00e1nska a skl\u00e1d\u00e1 se z&nbsp;nedot\u010den\u00fdch dun, v\u0159esovi\u0161\u0165 a v\u00edce ne\u017e 200 jezer. A vy m\u016f\u017eete tuto n\u00e1dheru obdivovat nejen p\u0159i va\u0161ich toulk\u00e1ch, ale tak\u00e9 zde i t\u00e1bo\u0159it, vyu\u017e\u00edvat pozorovatelen pro ornitology, ryba\u0159it a prost\u011b u\u017e\u00edvat klidu. Tady m\u00e1te str\u00e1nky parku: <a href=\"https:\/\/eng.nationalparkthy.dk\/\" target=\"_blank\" rel=\"noreferrer noopener\">nationalparkthy<\/a> Ve\u0161ker\u00e9 informace k&nbsp;v\u00fd\u0161e uveden\u00e9mu naleznete v&nbsp;aplikaci Nationalpark Thy, kterou si m\u016f\u017eete st\u00e1hnout do sv\u00e9ho mobiln\u00edho telefonu. <\/p>\n\n\n\n<p>Dal\u0161\u00ed slova by byla dle m\u00e9ho zbyte\u010dn\u00e1, tady se koukn\u011bte na video: <a href=\"https:\/\/www.youtube.com\/watch?v=noBWPNRf66k\" target=\"_blank\" rel=\"noreferrer noopener\">Thy video<\/a> a nejl\u00e9pe uvid\u00edte, co na v\u00e1s \u010dek\u00e1 a j\u00e1 v\u011b\u0159\u00edm, \u017ee n\u00e1v\u0161t\u011bv\u011b N\u00e1rodn\u00edho parku Thy neodol\u00e1te.&nbsp;<\/p>\n\n\n\n<figure class=\"wp-block-image size-large\"><img loading=\"lazy\" decoding=\"async\" width=\"1440\" height=\"1080\" src=\"https:\/\/all4camper.com\/\/wp-content\/uploads\/2021\/02\/Thy-1440x1080.jpg\" alt=\"\" class=\"wp-image-90179\" srcset=\"https:\/\/all4camper.com\/wp-content\/uploads\/2021\/02\/Thy-1440x1080.jpg 1440w, https:\/\/all4camper.com\/wp-content\/uploads\/2021\/02\/Thy-300x225.jpg 300w, https:\/\/all4camper.com\/wp-content\/uploads\/2021\/02\/Thy-150x113.jpg 150w, https:\/\/all4camper.com\/wp-content\/uploads\/2021\/02\/Thy-768x576.jpg 768w, https:\/\/all4camper.com\/wp-content\/uploads\/2021\/02\/Thy-1536x1152.jpg 1536w, https:\/\/all4camper.com\/wp-content\/uploads\/2021\/02\/Thy-678x509.jpg 678w, https:\/\/all4camper.com\/wp-content\/uploads\/2021\/02\/Thy-326x245.jpg 326w, https:\/\/all4camper.com\/wp-content\/uploads\/2021\/02\/Thy-80x60.jpg 80w, https:\/\/all4camper.com\/wp-content\/uploads\/2021\/02\/Thy.jpg 2048w\" sizes=\"auto, (max-width: 1440px) 100vw, 1440px\" \/><figcaption>Zdroj : <a href=\"http:\/\/www.nationalparkthy.dk\/?fbclid=IwAR0DoJ8CEVmJLVrG7eHl8Q7kFioh4O4G1GITgjkO0MfN7HrEG1EBNytv_mw\" rel=\"noreferrer noopener\" target=\"_blank\">www.nationalparkthy.dk<\/a> \u2013 jo a v\u00e1\u017en\u011b je to mro\u017e!<\/figcaption><\/figure>\n\n\n\n<p>Pokud nehled\u00e1te vylo\u017een\u011b kemp, mrn\u011bte sem: <a href=\"https:\/\/udinaturen.dk\/\" target=\"_blank\" rel=\"noreferrer noopener\">udinaturen<\/a> a nebo sem: <a href=\"https:\/\/eng.naturstyrelsen.dk\/experience-nature\/sleeping-outside-in-nature\/\" target=\"_blank\" rel=\"noreferrer noopener\">sleeping-outside-in-nature<\/a> Nicm\u00e9n\u011b s kempy tu v\u016fbec probl\u00e9m nen\u00ed. <a href=\"https:\/\/www.google.cz\/maps\/search\/camping\/@56.9482677,8.4407897,10.52z\" target=\"_blank\" rel=\"noreferrer noopener\">mapa kemp\u016f<\/a>&nbsp;<\/p>\n\n\n\n<figure class=\"wp-block-image size-large\"><img loading=\"lazy\" decoding=\"async\" width=\"1200\" height=\"575\" src=\"https:\/\/all4camper.com\/\/wp-content\/uploads\/2021\/02\/Da\u0301nske\u0301-kempy.jpg\" alt=\"\" class=\"wp-image-90196\" srcset=\"https:\/\/all4camper.com\/wp-content\/uploads\/2021\/02\/Da\u0301nske\u0301-kempy.jpg 1200w, https:\/\/all4camper.com\/wp-content\/uploads\/2021\/02\/Da\u0301nske\u0301-kempy-300x144.jpg 300w, https:\/\/all4camper.com\/wp-content\/uploads\/2021\/02\/Da\u0301nske\u0301-kempy-150x72.jpg 150w, https:\/\/all4camper.com\/wp-content\/uploads\/2021\/02\/Da\u0301nske\u0301-kempy-768x368.jpg 768w\" sizes=\"auto, (max-width: 1200px) 100vw, 1200px\" \/><figcaption>Zdroj: <a href=\"https:\/\/www.dcu.dk\/\" target=\"_blank\" rel=\"noreferrer noopener\">www.dcu.dk<\/a><\/figcaption><\/figure>\n\n\n\n<p>A te\u010f pros\u00edm o mimo\u0159\u00e1dnou pozornost v\u0161echny karavanistky a karavanisty, v&nbsp;okol\u00ed vodn\u00edho hradu Egeskov se letos na ja\u0159e chyst\u00e1 velk\u00e1 v\u00fdstava karavan\u016f a obytn\u00fdch voz\u016f pod z\u00e1\u0161titou hradn\u00edho p\u00e1na hrab\u011bte Michaeal Ahlefeldt-Laurvig-Bille a Dansk Camping Union, nejv\u011bt\u0161\u00ed d\u00e1nsk\u00e9 campingov\u00e9 asociace. Tato v\u00fdstava prob\u011bhne v&nbsp;prvn\u00ed evropsk\u00e9m venkovn\u00edm muzeu, kter\u00e9 bude pr\u00e1v\u011b tohoto jara otev\u0159eno zam\u011b\u0159eno bude nejen na historii kempov\u00e1n\u00ed, ale tak\u00e9 klade d\u016fraz na soun\u00e1le\u017eitost s&nbsp;p\u0159\u00edrodou.&nbsp;Aktu\u00e1ln\u011b v\u0161e sledujte na jejich str\u00e1nk\u00e1ch: <a href=\"https:\/\/www.dcu.dk\/\" target=\"_blank\" rel=\"noreferrer noopener\">DCU<\/a><\/p>\n\n\n\n<figure class=\"wp-block-image size-large\"><img loading=\"lazy\" decoding=\"async\" width=\"1619\" height=\"1080\" src=\"https:\/\/all4camper.com\/\/wp-content\/uploads\/2021\/02\/Egeskov-1619x1080.jpg\" alt=\"\" class=\"wp-image-90182\" srcset=\"https:\/\/all4camper.com\/wp-content\/uploads\/2021\/02\/Egeskov-1619x1080.jpg 1619w, https:\/\/all4camper.com\/wp-content\/uploads\/2021\/02\/Egeskov-300x200.jpg 300w, https:\/\/all4camper.com\/wp-content\/uploads\/2021\/02\/Egeskov-150x100.jpg 150w, https:\/\/all4camper.com\/wp-content\/uploads\/2021\/02\/Egeskov-768x512.jpg 768w, https:\/\/all4camper.com\/wp-content\/uploads\/2021\/02\/Egeskov-1536x1025.jpg 1536w, https:\/\/all4camper.com\/wp-content\/uploads\/2021\/02\/Egeskov.jpg 1920w\" sizes=\"auto, (max-width: 1619px) 100vw, 1619px\" \/><\/figure>\n\n\n\n<p>Pro milovn\u00edky cyklistiky je pro rok 2021 pl\u00e1nov\u00e1no otev\u0159en\u00ed nov\u00e9 52 km dlouh\u00e9 cyklostezky v&nbsp;oblasti kolem fjordu Horsens Fjord. Tato okru\u017en\u00ed trasa povede p\u0159es lesy a mal\u00e9 vesni\u010dky, po kr\u00e1sn\u00fdch pl\u00e1\u017e\u00edch a zase zp\u00e1tky do m\u011bste\u010dka Horsens. Lah\u016fdkou t\u00e9to trasy je n\u00e1v\u0161t\u011bva dvou ostrov\u016f Alr\u00f8 a Hjarn\u00f8, na kter\u00e9 se od kv\u011btna do z\u00e1\u0159\u00ed dostanete cyklistick\u00fdm trajektem. <a href=\"https:\/\/www.google.cz\/maps\/place\/Horsens+Fjord\/@55.8465297,9.7454506,9.92z\/data=!4m5!3m4!1s0x464c5e51707e2091:0x352dd04adf524afd!8m2!3d55.8565929!4d10.0259446\" target=\"_blank\" rel=\"noreferrer noopener\">m\u011bsto Horsens<\/a><\/p>\n\n\n\n<figure class=\"wp-block-image size-large is-resized\"><img loading=\"lazy\" decoding=\"async\" src=\"https:\/\/all4camper.com\/\/wp-content\/uploads\/2021\/02\/Horsens.jpg\" alt=\"\" class=\"wp-image-90183\" width=\"750\" height=\"423\" srcset=\"https:\/\/all4camper.com\/wp-content\/uploads\/2021\/02\/Horsens.jpg 814w, https:\/\/all4camper.com\/wp-content\/uploads\/2021\/02\/Horsens-300x170.jpg 300w, https:\/\/all4camper.com\/wp-content\/uploads\/2021\/02\/Horsens-150x85.jpg 150w, https:\/\/all4camper.com\/wp-content\/uploads\/2021\/02\/Horsens-768x434.jpg 768w, https:\/\/all4camper.com\/wp-content\/uploads\/2021\/02\/Horsens-678x381.jpg 678w\" sizes=\"auto, (max-width: 750px) 100vw, 750px\" \/><figcaption>Zdroj: <a href=\"https:\/\/www.visithorsens.com\/\" target=\"_blank\" rel=\"noreferrer noopener\">www.visithorsens.com<\/a><\/figcaption><\/figure>\n\n\n\n<p>A z\u00e1v\u011brem pozv\u00e1n\u00ed na z\u00e1bavu pro celou rodinu, tentokr\u00e1te z&nbsp;jin\u00e9ho soudku. S&nbsp;d\u011btmi jist\u011b budete cht\u00edt nav\u0161t\u00edvit proslul\u00fd Legoland, kter\u00fd v&nbsp;roce 2021 chyst\u00e1 novou atrakci \u2013 Lego Movie World, n\u00e1v\u0161t\u011bvn\u00edci se zde mohou t\u011b\u0161it na prvn\u00ed l\u00e9taj\u00edc\u00ed skandin\u00e1vsk\u00e9 kino a dal\u0161\u00ed interaktivn\u00ed dobrodru\u017estv\u00ed. Bli\u017e\u0161\u00ed informace nalezte <a href=\"https:\/\/www.legoland.dk\/de\/erkunden\/der-park\/bereiche\/the-lego-movie-world\/?utm_source=SFMC-DE%20-%20Press&amp;utm_medium=email&amp;utm_campaign=de_press_release_highlights_2021_version2&amp;utm_content=textlink_lego_movie_world\" target=\"_blank\" rel=\"noreferrer noopener\">zde<\/a> Ka\u017edop\u00e1dn\u011b na Legoland si vyhra\u010fte minim\u00e1ln\u011b jeden cel\u00fd den va\u0161\u00ed skandin\u00e1vsk\u00e9 cesty.&nbsp;<\/p>\n\n\n\n<figure class=\"wp-block-image size-large\"><img loading=\"lazy\" decoding=\"async\" width=\"750\" height=\"500\" src=\"https:\/\/all4camper.com\/\/wp-content\/uploads\/2021\/02\/Lego-Movie-World.jpg\" alt=\"\" class=\"wp-image-90185\" srcset=\"https:\/\/all4camper.com\/wp-content\/uploads\/2021\/02\/Lego-Movie-World.jpg 750w, https:\/\/all4camper.com\/wp-content\/uploads\/2021\/02\/Lego-Movie-World-300x200.jpg 300w, https:\/\/all4camper.com\/wp-content\/uploads\/2021\/02\/Lego-Movie-World-150x100.jpg 150w\" sizes=\"auto, (max-width: 750px) 100vw, 750px\" \/><figcaption>Zdroj: <a href=\"https:\/\/www.legoland.dk\/\" target=\"_blank\" rel=\"noreferrer noopener\">www.legoland.dk<\/a><\/figcaption><\/figure>\n\n\n\n<p>Pokud u\u017e str\u00e1d\u00e1te bez hudebn\u00edch festival\u016f, tak na p\u0159elomu \u010dervna a \u010dervence se bude konat 50. ro\u010dn\u00edk nejv\u011bt\u0161\u00edho d\u00e1nsk\u00e9ho hudebn\u00edho festivalu <a href=\"https:\/\/www.roskilde-festival.dk\/en\/?utm_source=SFMC-DE%20-%20Press&amp;utm_medium=email&amp;utm_campaign=de_press_release_highlights_2021_version2&amp;utm_content=textlink_roskilde_festival\" target=\"_blank\" rel=\"noreferrer noopener\">Roskilde<\/a>. V&nbsp;srpnu 2021 pak m\u016f\u017eete nav\u0161t\u00edvit barevn\u00fd festival &#8222;Pod Duhou&#8220;, kter\u00fd se bude konat v&nbsp;Kodani a cel\u00e1 akce symbolizuje setk\u00e1n\u00ed za spravedliv\u011bj\u0161\u00ed sv\u011bt a rovnost pr\u00e1v pro LGBTI.<a href=\"https:\/\/www.rainbowfamilyfestival.com\/en\/\" target=\"_blank\" rel=\"noreferrer noopener\"> <\/a><a href=\"https:\/\/www.rainbowfamilyfestival.com\/en\/\" target=\"_blank\" rel=\"noreferrer noopener\"><\/a><a href=\"https:\/\/copenhagen2021.com\/rainbow-alliance\/\" target=\"_blank\" rel=\"noreferrer noopener\">copenhagen2021<\/a><\/p>\n\n\n\n<figure class=\"wp-block-image size-large\"><img loading=\"lazy\" decoding=\"async\" width=\"1024\" height=\"683\" src=\"https:\/\/all4camper.com\/\/wp-content\/uploads\/2021\/02\/Rainbow-Alliance.jpg\" alt=\"\" class=\"wp-image-90189\" srcset=\"https:\/\/all4camper.com\/wp-content\/uploads\/2021\/02\/Rainbow-Alliance.jpg 1024w, https:\/\/all4camper.com\/wp-content\/uploads\/2021\/02\/Rainbow-Alliance-300x200.jpg 300w, https:\/\/all4camper.com\/wp-content\/uploads\/2021\/02\/Rainbow-Alliance-150x100.jpg 150w, https:\/\/all4camper.com\/wp-content\/uploads\/2021\/02\/Rainbow-Alliance-768x512.jpg 768w\" sizes=\"auto, (max-width: 1024px) 100vw, 1024px\" \/><figcaption>Zdroj: <a href=\"https:\/\/copenhagen2021.com\/rainbow-alliance\/\" target=\"_blank\" rel=\"noreferrer noopener\">copenhagen2021.com<\/a><\/figcaption><\/figure>\n\n\n\n<p>Tak co \u0159\u00edk\u00e1te, m\u016f\u017ee b\u00fdt D\u00e1nsko t\u00edm prav\u00fdm c\u00edlem va\u0161ich cest v&nbsp;roce 2021? A te\u010f si p\u0159edstavte, \u017ee toto v\u0161echno v\u00fd\u0161e uveden\u00e9 je p\u0159ev\u00e1\u017en\u011b v\u00fd\u010det novinek chystan\u00fdch pro leto\u0161n\u00ed rok. D\u00e1nsko m\u00e1 pro v\u00e1s spoustu dal\u0161\u00edch kr\u00e1s, kter\u00e9 stoj\u00ed za to pozn\u00e1vat, tak p\u0159eji, a\u0165 se v\u00e1m v&nbsp;t\u00e9to n\u00e1dhern\u00e9 skandin\u00e1vsk\u00e9 zemi l\u00edb\u00ed.&nbsp;<\/p>\n","protected":false},"excerpt":{"rendered":"<p>Nebudu v\u00e1s dlouho nap\u00ednat a hned na \u00favod zodpov\u00edm ot\u00e1zku z&nbsp;nadpisu. Je toho opravdu mnoho, cestovatel\u00e9, karavanist\u00e9 a v\u00fdletn\u00edci. M\u00e1te se na\u010d t\u011b\u0161it, D\u00e1nsko je toti\u017e p\u0159ipraveno v\u00e1s p\u0159ijmout s&nbsp;otev\u0159enou n\u00e1ru\u010d\u00ed. A nejen letos. Ale p\u011bkn\u011b popo\u0159ad\u011b. Na za\u010d\u00e1tek tady m\u00e1m velkou ud\u00e1lost, kter\u00e1 p\u0159ipad\u00e1 na 18. 1. 2021 (ano, u\u017e je po term\u00ednu, nicm\u00e9n\u011b [&hellip;]<\/p>\n","protected":false},"author":381,"featured_media":90198,"comment_status":"closed","ping_status":"open","sticky":false,"template":"","format":"standard","meta":{"_monsterinsights_skip_tracking":false,"_monsterinsights_sitenote_active":false,"_monsterinsights_sitenote_note":"","_monsterinsights_sitenote_category":0,"footnotes":""},"categories":[68,422,2373],"tags":[352,383,226],"class_list":{"0":"post-90143","1":"post","2":"type-post","3":"status-publish","4":"format-standard","5":"has-post-thumbnail","7":"category-kempovani-a-zajimave-cile","8":"category-novinky-kempovani-a-karavaning","9":"category-ostatni-zeme","10":"tag-dansko-1","11":"tag-ostatni-zeme","12":"tag-rady-a-tipy"},"yoast_head":"<!-- This site is optimized with the Yoast SEO plugin v27.5 - https:\/\/yoast.com\/product\/yoast-seo-wordpress\/ -->\n<title>Co pro karavanisty a cestovatele chyst\u00e1 D\u00e1nsko v roce 2021? - All4Camper<\/title>\n<meta name=\"description\" content=\"All4Camper - Co pro karavanisty a cestovatele chyst\u00e1 D\u00e1nsko v roce 2021?\" \/>\n<meta name=\"robots\" content=\"index, follow, max-snippet:-1, max-image-preview:large, max-video-preview:-1\" \/>\n<link rel=\"canonical\" href=\"https:\/\/all4camper.com\/cs\/co-pro-karavanisty-a-cestovatele-chysta-dansko-v-roce-2021\/\" \/>\n<meta property=\"og:locale\" content=\"cs_CZ\" \/>\n<meta property=\"og:type\" content=\"article\" \/>\n<meta property=\"og:title\" content=\"Co pro karavanisty a cestovatele chyst\u00e1 D\u00e1nsko v roce 2021? - All4Camper\" \/>\n<meta property=\"og:description\" content=\"All4Camper - Co pro karavanisty a cestovatele chyst\u00e1 D\u00e1nsko v roce 2021?\" \/>\n<meta property=\"og:url\" content=\"https:\/\/all4camper.com\/cs\/co-pro-karavanisty-a-cestovatele-chysta-dansko-v-roce-2021\/\" \/>\n<meta property=\"og:site_name\" content=\"All4Camper\" \/>\n<meta property=\"article:published_time\" content=\"2021-02-19T15:01:21+00:00\" \/>\n<meta property=\"article:modified_time\" content=\"2021-03-02T11:04:31+00:00\" \/>\n<meta property=\"og:image\" content=\"https:\/\/all4camper.com\/wp-content\/uploads\/2021\/02\/Da\u0301nsko.jpg\" \/>\n\t<meta property=\"og:image:width\" content=\"1200\" \/>\n\t<meta property=\"og:image:height\" content=\"700\" \/>\n\t<meta property=\"og:image:type\" content=\"image\/jpeg\" \/>\n<meta name=\"author\" content=\"Ivo Pavelek\" \/>\n<meta name=\"twitter:card\" content=\"summary_large_image\" \/>\n<meta name=\"twitter:label1\" content=\"Napsal(a)\" \/>\n\t<meta name=\"twitter:data1\" content=\"Ivo Pavelek\" \/>\n\t<meta name=\"twitter:label2\" content=\"Odhadovan\u00e1 doba \u010dten\u00ed\" \/>\n\t<meta name=\"twitter:data2\" content=\"7 minut\" \/>\n<script type=\"application\/ld+json\" class=\"yoast-schema-graph\">{\"@context\":\"https:\\\/\\\/schema.org\",\"@graph\":[{\"@type\":\"Article\",\"@id\":\"https:\\\/\\\/all4camper.com\\\/cs\\\/co-pro-karavanisty-a-cestovatele-chysta-dansko-v-roce-2021\\\/#article\",\"isPartOf\":{\"@id\":\"https:\\\/\\\/all4camper.com\\\/cs\\\/co-pro-karavanisty-a-cestovatele-chysta-dansko-v-roce-2021\\\/\"},\"author\":{\"name\":\"Ivo Pavelek\",\"@id\":\"https:\\\/\\\/all4camper.com\\\/cs\\\/#\\\/schema\\\/person\\\/a6387842443a2105d550878fdd898965\"},\"headline\":\"Co pro karavanisty a cestovatele chyst\u00e1 D\u00e1nsko v roce 2021?\",\"datePublished\":\"2021-02-19T15:01:21+00:00\",\"dateModified\":\"2021-03-02T11:04:31+00:00\",\"mainEntityOfPage\":{\"@id\":\"https:\\\/\\\/all4camper.com\\\/cs\\\/co-pro-karavanisty-a-cestovatele-chysta-dansko-v-roce-2021\\\/\"},\"wordCount\":1382,\"publisher\":{\"@id\":\"https:\\\/\\\/all4camper.com\\\/cs\\\/#organization\"},\"image\":{\"@id\":\"https:\\\/\\\/all4camper.com\\\/cs\\\/co-pro-karavanisty-a-cestovatele-chysta-dansko-v-roce-2021\\\/#primaryimage\"},\"thumbnailUrl\":\"https:\\\/\\\/all4camper.com\\\/wp-content\\\/uploads\\\/2021\\\/02\\\/Da\u0301nsko.jpg\",\"keywords\":[\"D\u00e1nsko\",\"Ostatn\u00ed zem\u011b\",\"Rady-tipy-informace\"],\"articleSection\":[\"Kempy a zaj\u00edmav\u00e1 m\u00edsta\",\"Novinky - Kempov\u00e1n\u00ed a karavaning\",\"Ostatn\u00ed zem\u011b\"],\"inLanguage\":\"cs\"},{\"@type\":\"WebPage\",\"@id\":\"https:\\\/\\\/all4camper.com\\\/cs\\\/co-pro-karavanisty-a-cestovatele-chysta-dansko-v-roce-2021\\\/\",\"url\":\"https:\\\/\\\/all4camper.com\\\/cs\\\/co-pro-karavanisty-a-cestovatele-chysta-dansko-v-roce-2021\\\/\",\"name\":\"Co pro karavanisty a cestovatele chyst\u00e1 D\u00e1nsko v roce 2021? - All4Camper\",\"isPartOf\":{\"@id\":\"https:\\\/\\\/all4camper.com\\\/cs\\\/#website\"},\"primaryImageOfPage\":{\"@id\":\"https:\\\/\\\/all4camper.com\\\/cs\\\/co-pro-karavanisty-a-cestovatele-chysta-dansko-v-roce-2021\\\/#primaryimage\"},\"image\":{\"@id\":\"https:\\\/\\\/all4camper.com\\\/cs\\\/co-pro-karavanisty-a-cestovatele-chysta-dansko-v-roce-2021\\\/#primaryimage\"},\"thumbnailUrl\":\"https:\\\/\\\/all4camper.com\\\/wp-content\\\/uploads\\\/2021\\\/02\\\/Da\u0301nsko.jpg\",\"datePublished\":\"2021-02-19T15:01:21+00:00\",\"dateModified\":\"2021-03-02T11:04:31+00:00\",\"description\":\"All4Camper - Co pro karavanisty a cestovatele chyst\u00e1 D\u00e1nsko v roce 2021?\",\"breadcrumb\":{\"@id\":\"https:\\\/\\\/all4camper.com\\\/cs\\\/co-pro-karavanisty-a-cestovatele-chysta-dansko-v-roce-2021\\\/#breadcrumb\"},\"inLanguage\":\"cs\",\"potentialAction\":[{\"@type\":\"ReadAction\",\"target\":[\"https:\\\/\\\/all4camper.com\\\/cs\\\/co-pro-karavanisty-a-cestovatele-chysta-dansko-v-roce-2021\\\/\"]}]},{\"@type\":\"ImageObject\",\"inLanguage\":\"cs\",\"@id\":\"https:\\\/\\\/all4camper.com\\\/cs\\\/co-pro-karavanisty-a-cestovatele-chysta-dansko-v-roce-2021\\\/#primaryimage\",\"url\":\"https:\\\/\\\/all4camper.com\\\/wp-content\\\/uploads\\\/2021\\\/02\\\/Da\u0301nsko.jpg\",\"contentUrl\":\"https:\\\/\\\/all4camper.com\\\/wp-content\\\/uploads\\\/2021\\\/02\\\/Da\u0301nsko.jpg\",\"width\":1200,\"height\":700},{\"@type\":\"BreadcrumbList\",\"@id\":\"https:\\\/\\\/all4camper.com\\\/cs\\\/co-pro-karavanisty-a-cestovatele-chysta-dansko-v-roce-2021\\\/#breadcrumb\",\"itemListElement\":[{\"@type\":\"ListItem\",\"position\":1,\"name\":\"Dom\u016f\",\"item\":\"https:\\\/\\\/all4camper.com\\\/cs\\\/\"},{\"@type\":\"ListItem\",\"position\":2,\"name\":\"Kempy a zaj\u00edmav\u00e1 m\u00edsta\",\"item\":\"https:\\\/\\\/all4camper.com\\\/cs\\\/category\\\/kempovani-a-zajimave-cile\\\/\"},{\"@type\":\"ListItem\",\"position\":3,\"name\":\"Co pro karavanisty a cestovatele chyst\u00e1 D\u00e1nsko v roce 2021?\"}]},{\"@type\":\"WebSite\",\"@id\":\"https:\\\/\\\/all4camper.com\\\/cs\\\/#website\",\"url\":\"https:\\\/\\\/all4camper.com\\\/cs\\\/\",\"name\":\"All4Camper\",\"description\":\"Nejv\u011bt\u0161\u00ed online magaz\u00edn o kempov\u00e1n\u00ed a karavaninku. V\u00edce jak 900 \u010dl\u00e1nk\u016f pln\u00fdch rad a tip\u016f o kempech a kempov\u00e1n\u00ed.\",\"publisher\":{\"@id\":\"https:\\\/\\\/all4camper.com\\\/cs\\\/#organization\"},\"potentialAction\":[{\"@type\":\"SearchAction\",\"target\":{\"@type\":\"EntryPoint\",\"urlTemplate\":\"https:\\\/\\\/all4camper.com\\\/cs\\\/?s={search_term_string}\"},\"query-input\":{\"@type\":\"PropertyValueSpecification\",\"valueRequired\":true,\"valueName\":\"search_term_string\"}}],\"inLanguage\":\"cs\"},{\"@type\":\"Organization\",\"@id\":\"https:\\\/\\\/all4camper.com\\\/cs\\\/#organization\",\"name\":\"All4Camper - kempujeme s Kl\u00e1rou\",\"url\":\"https:\\\/\\\/all4camper.com\\\/cs\\\/\",\"logo\":{\"@type\":\"ImageObject\",\"inLanguage\":\"cs\",\"@id\":\"https:\\\/\\\/all4camper.com\\\/cs\\\/#\\\/schema\\\/logo\\\/image\\\/\",\"url\":\"https:\\\/\\\/all4camper.com\\\/wp-content\\\/uploads\\\/2018\\\/09\\\/novelogo.png\",\"contentUrl\":\"https:\\\/\\\/all4camper.com\\\/wp-content\\\/uploads\\\/2018\\\/09\\\/novelogo.png\",\"width\":1520,\"height\":600,\"caption\":\"All4Camper - kempujeme s Kl\u00e1rou\"},\"image\":{\"@id\":\"https:\\\/\\\/all4camper.com\\\/cs\\\/#\\\/schema\\\/logo\\\/image\\\/\"}},{\"@type\":\"Person\",\"@id\":\"https:\\\/\\\/all4camper.com\\\/cs\\\/#\\\/schema\\\/person\\\/a6387842443a2105d550878fdd898965\",\"name\":\"Ivo Pavelek\",\"url\":\"https:\\\/\\\/all4camper.com\\\/cs\\\/author\\\/ivopavelek\\\/\"}]}<\/script>\n<!-- \/ Yoast SEO plugin. -->","yoast_head_json":{"title":"Co pro karavanisty a cestovatele chyst\u00e1 D\u00e1nsko v roce 2021? - All4Camper","description":"All4Camper - Co pro karavanisty a cestovatele chyst\u00e1 D\u00e1nsko v roce 2021?","robots":{"index":"index","follow":"follow","max-snippet":"max-snippet:-1","max-image-preview":"max-image-preview:large","max-video-preview":"max-video-preview:-1"},"canonical":"https:\/\/all4camper.com\/cs\/co-pro-karavanisty-a-cestovatele-chysta-dansko-v-roce-2021\/","og_locale":"cs_CZ","og_type":"article","og_title":"Co pro karavanisty a cestovatele chyst\u00e1 D\u00e1nsko v roce 2021? - All4Camper","og_description":"All4Camper - Co pro karavanisty a cestovatele chyst\u00e1 D\u00e1nsko v roce 2021?","og_url":"https:\/\/all4camper.com\/cs\/co-pro-karavanisty-a-cestovatele-chysta-dansko-v-roce-2021\/","og_site_name":"All4Camper","article_published_time":"2021-02-19T15:01:21+00:00","article_modified_time":"2021-03-02T11:04:31+00:00","og_image":[{"width":1200,"height":700,"url":"https:\/\/all4camper.com\/wp-content\/uploads\/2021\/02\/Da\u0301nsko.jpg","type":"image\/jpeg"}],"author":"Ivo Pavelek","twitter_card":"summary_large_image","twitter_misc":{"Napsal(a)":"Ivo Pavelek","Odhadovan\u00e1 doba \u010dten\u00ed":"7 minut"},"schema":{"@context":"https:\/\/schema.org","@graph":[{"@type":"Article","@id":"https:\/\/all4camper.com\/cs\/co-pro-karavanisty-a-cestovatele-chysta-dansko-v-roce-2021\/#article","isPartOf":{"@id":"https:\/\/all4camper.com\/cs\/co-pro-karavanisty-a-cestovatele-chysta-dansko-v-roce-2021\/"},"author":{"name":"Ivo Pavelek","@id":"https:\/\/all4camper.com\/cs\/#\/schema\/person\/a6387842443a2105d550878fdd898965"},"headline":"Co pro karavanisty a cestovatele chyst\u00e1 D\u00e1nsko v roce 2021?","datePublished":"2021-02-19T15:01:21+00:00","dateModified":"2021-03-02T11:04:31+00:00","mainEntityOfPage":{"@id":"https:\/\/all4camper.com\/cs\/co-pro-karavanisty-a-cestovatele-chysta-dansko-v-roce-2021\/"},"wordCount":1382,"publisher":{"@id":"https:\/\/all4camper.com\/cs\/#organization"},"image":{"@id":"https:\/\/all4camper.com\/cs\/co-pro-karavanisty-a-cestovatele-chysta-dansko-v-roce-2021\/#primaryimage"},"thumbnailUrl":"https:\/\/all4camper.com\/wp-content\/uploads\/2021\/02\/Da\u0301nsko.jpg","keywords":["D\u00e1nsko","Ostatn\u00ed zem\u011b","Rady-tipy-informace"],"articleSection":["Kempy a zaj\u00edmav\u00e1 m\u00edsta","Novinky - Kempov\u00e1n\u00ed a karavaning","Ostatn\u00ed zem\u011b"],"inLanguage":"cs"},{"@type":"WebPage","@id":"https:\/\/all4camper.com\/cs\/co-pro-karavanisty-a-cestovatele-chysta-dansko-v-roce-2021\/","url":"https:\/\/all4camper.com\/cs\/co-pro-karavanisty-a-cestovatele-chysta-dansko-v-roce-2021\/","name":"Co pro karavanisty a cestovatele chyst\u00e1 D\u00e1nsko v roce 2021? - All4Camper","isPartOf":{"@id":"https:\/\/all4camper.com\/cs\/#website"},"primaryImageOfPage":{"@id":"https:\/\/all4camper.com\/cs\/co-pro-karavanisty-a-cestovatele-chysta-dansko-v-roce-2021\/#primaryimage"},"image":{"@id":"https:\/\/all4camper.com\/cs\/co-pro-karavanisty-a-cestovatele-chysta-dansko-v-roce-2021\/#primaryimage"},"thumbnailUrl":"https:\/\/all4camper.com\/wp-content\/uploads\/2021\/02\/Da\u0301nsko.jpg","datePublished":"2021-02-19T15:01:21+00:00","dateModified":"2021-03-02T11:04:31+00:00","description":"All4Camper - Co pro karavanisty a cestovatele chyst\u00e1 D\u00e1nsko v roce 2021?","breadcrumb":{"@id":"https:\/\/all4camper.com\/cs\/co-pro-karavanisty-a-cestovatele-chysta-dansko-v-roce-2021\/#breadcrumb"},"inLanguage":"cs","potentialAction":[{"@type":"ReadAction","target":["https:\/\/all4camper.com\/cs\/co-pro-karavanisty-a-cestovatele-chysta-dansko-v-roce-2021\/"]}]},{"@type":"ImageObject","inLanguage":"cs","@id":"https:\/\/all4camper.com\/cs\/co-pro-karavanisty-a-cestovatele-chysta-dansko-v-roce-2021\/#primaryimage","url":"https:\/\/all4camper.com\/wp-content\/uploads\/2021\/02\/Da\u0301nsko.jpg","contentUrl":"https:\/\/all4camper.com\/wp-content\/uploads\/2021\/02\/Da\u0301nsko.jpg","width":1200,"height":700},{"@type":"BreadcrumbList","@id":"https:\/\/all4camper.com\/cs\/co-pro-karavanisty-a-cestovatele-chysta-dansko-v-roce-2021\/#breadcrumb","itemListElement":[{"@type":"ListItem","position":1,"name":"Dom\u016f","item":"https:\/\/all4camper.com\/cs\/"},{"@type":"ListItem","position":2,"name":"Kempy a zaj\u00edmav\u00e1 m\u00edsta","item":"https:\/\/all4camper.com\/cs\/category\/kempovani-a-zajimave-cile\/"},{"@type":"ListItem","position":3,"name":"Co pro karavanisty a cestovatele chyst\u00e1 D\u00e1nsko v roce 2021?"}]},{"@type":"WebSite","@id":"https:\/\/all4camper.com\/cs\/#website","url":"https:\/\/all4camper.com\/cs\/","name":"All4Camper","description":"Nejv\u011bt\u0161\u00ed online magaz\u00edn o kempov\u00e1n\u00ed a karavaninku. V\u00edce jak 900 \u010dl\u00e1nk\u016f pln\u00fdch rad a tip\u016f o kempech a kempov\u00e1n\u00ed.","publisher":{"@id":"https:\/\/all4camper.com\/cs\/#organization"},"potentialAction":[{"@type":"SearchAction","target":{"@type":"EntryPoint","urlTemplate":"https:\/\/all4camper.com\/cs\/?s={search_term_string}"},"query-input":{"@type":"PropertyValueSpecification","valueRequired":true,"valueName":"search_term_string"}}],"inLanguage":"cs"},{"@type":"Organization","@id":"https:\/\/all4camper.com\/cs\/#organization","name":"All4Camper - kempujeme s Kl\u00e1rou","url":"https:\/\/all4camper.com\/cs\/","logo":{"@type":"ImageObject","inLanguage":"cs","@id":"https:\/\/all4camper.com\/cs\/#\/schema\/logo\/image\/","url":"https:\/\/all4camper.com\/wp-content\/uploads\/2018\/09\/novelogo.png","contentUrl":"https:\/\/all4camper.com\/wp-content\/uploads\/2018\/09\/novelogo.png","width":1520,"height":600,"caption":"All4Camper - kempujeme s Kl\u00e1rou"},"image":{"@id":"https:\/\/all4camper.com\/cs\/#\/schema\/logo\/image\/"}},{"@type":"Person","@id":"https:\/\/all4camper.com\/cs\/#\/schema\/person\/a6387842443a2105d550878fdd898965","name":"Ivo Pavelek","url":"https:\/\/all4camper.com\/cs\/author\/ivopavelek\/"}]}},"_links":{"self":[{"href":"https:\/\/all4camper.com\/cs\/wp-json\/wp\/v2\/posts\/90143","targetHints":{"allow":["GET"]}}],"collection":[{"href":"https:\/\/all4camper.com\/cs\/wp-json\/wp\/v2\/posts"}],"about":[{"href":"https:\/\/all4camper.com\/cs\/wp-json\/wp\/v2\/types\/post"}],"author":[{"embeddable":true,"href":"https:\/\/all4camper.com\/cs\/wp-json\/wp\/v2\/users\/381"}],"replies":[{"embeddable":true,"href":"https:\/\/all4camper.com\/cs\/wp-json\/wp\/v2\/comments?post=90143"}],"version-history":[{"count":0,"href":"https:\/\/all4camper.com\/cs\/wp-json\/wp\/v2\/posts\/90143\/revisions"}],"wp:featuredmedia":[{"embeddable":true,"href":"https:\/\/all4camper.com\/cs\/wp-json\/wp\/v2\/media\/90198"}],"wp:attachment":[{"href":"https:\/\/all4camper.com\/cs\/wp-json\/wp\/v2\/media?parent=90143"}],"wp:term":[{"taxonomy":"category","embeddable":true,"href":"https:\/\/all4camper.com\/cs\/wp-json\/wp\/v2\/categories?post=90143"},{"taxonomy":"post_tag","embeddable":true,"href":"https:\/\/all4camper.com\/cs\/wp-json\/wp\/v2\/tags?post=90143"}],"curies":[{"name":"wp","href":"https:\/\/api.w.org\/{rel}","templated":true}]}}