{"id":90122,"date":"2021-02-09T09:38:58","date_gmt":"2021-02-09T08:38:58","guid":{"rendered":"https:\/\/all4camper.com\/\/?p=90122"},"modified":"2021-02-11T14:18:14","modified_gmt":"2021-02-11T13:18:14","slug":"malebny-kemp-na-madarskem-venkovu","status":"publish","type":"post","link":"https:\/\/all4camper.com\/cs\/malebny-kemp-na-madarskem-venkovu\/","title":{"rendered":"Malebn\u00fd kemp na ma\u010farsk\u00e9m venkov\u011b"},"content":{"rendered":"\n<p>Mo\u017en\u00e1 u\u017e si tak pl\u00e1nujete kam vyraz\u00edte karavanem \u010di jin\u00fdm dopravn\u00edm prost\u0159edkem, jakmile se po\u010das\u00ed otepl\u00ed a bude p\u0159\u00edzniv\u011bji k\u00a0voln\u00e9mu kempov\u00e1n\u00ed. Zkusili jste Ma\u010farsko? Dnes v\u00e1m p\u0159in\u00e1\u0161\u00edm tip na par\u00e1dn\u00ed kemp, kter\u00fd se nach\u00e1z\u00ed necelou hodinku od ji\u017en\u00ed strany Balatonu. Jedn\u00e1 se o <a href=\"https:\/\/www.hungariancountrycamping.com\/\" target=\"_blank\" rel=\"noreferrer noopener\">Hungarian Country Camping \u2013 Kopp\u00e1ny Pines<\/a>, je\u017e le\u017e\u00ed u vesni\u010dky Kopp\u00e1nysz\u00e1nt\u00f3 maj\u00edc\u00ed jen p\u00e1r set obyvatel. Tak\u017ee skute\u010dn\u011b klidn\u00e9 prost\u0159ed\u00ed pro relaxaci v p\u0159\u00edrod\u011b. <a href=\"https:\/\/www.google.cz\/maps\/place\/Hungarian+Country+Camping+-+Kopp%C3%A1ny+Pines+Campsite+%26+Lodge\/@46.5900789,18.1304007,11.27z\/data=!4m8!3m7!1s0x47682da7ec410103:0x60b5388cd70607b8!5m2!4m1!1i2!8m2!3d46.5902475!4d18.1037494?hl=cs\" target=\"_blank\" rel=\"noreferrer noopener\">mapa<\/a><\/p>\n\n\n\n<figure class=\"wp-block-image\"><img decoding=\"async\" src=\"https:\/\/lh3.googleusercontent.com\/PrdFgMaF6LbronTFfjZUJLf2HTEIkC-DOUP8Cunw5_Yssnm5_gvv_ylGwIDN26dxxpd8TXbpdoT_i3gisDcwzcEgU6QegbE0O6NFBJP7030DI3lMqxeHEL_JlljaHQjKntIbMR0\" alt=\"\"\/><\/figure>\n\n\n\n<p>Heslo tohoto kempu je \u201eP\u0159\u00edroda, svoboda a \u00fanik\u201c a dokonale vystihuje jeho samotnou podstatu. Nach\u00e1z\u00ed se v\u00a0chr\u00e1n\u011bn\u00e9m p\u0159\u00edrodn\u00edm parku Kopp\u00e1ny Walley a m\u016f\u017eete zde nik\u00fdm neru\u0161eni absolvovat \u0159adu n\u00e1dhern\u00fdch proch\u00e1zek m\u00edstn\u00edmi vinicemi.\u00a0<\/p>\n\n\n\n<figure class=\"wp-block-image\"><img decoding=\"async\" src=\"https:\/\/lh5.googleusercontent.com\/MSp2tVMIrgXzGYniLJQjvXDwU-WtqqRorkk_bnt_dbpy8YpO4youzbDbbeD0zZoAdxNESxEYnqoePwae8cMSCX43-mUnIYWeUKp2mgCAUECp5oigwVZqQ3QmRR5B4gLXhzL2yMA\" alt=\"\"\/><\/figure>\n\n\n\n<p>Samotn\u00fd kemp je ur\u010den jak majitel\u016fm karavan\u016f, tak i milovn\u00edk\u016fm stanov\u00e1n\u00ed. Kdo neholduje ani jedn\u00e9 variant\u011b, m\u016f\u017ee se ubytovat ve zdej\u0161\u00ed Koppany Pines Lodge, kter\u00e1 disponuje 2 \u00fatuln\u00fdmi pokoj\u00edky. Dal\u0161\u00ed variantou je pronajmout si stan Stargazer Bell <a href=\"https:\/\/www.hungariancountrycamping.com\/stargazer-bell-tent\/\" target=\"_blank\" rel=\"noreferrer noopener\">(info zde<\/a>) V\u00a0sou\u010dasn\u00e9 dob\u011b prob\u00edh\u00e1 p\u0159\u00edprava Glampavanu Neomi, kde budete moci vyu\u017e\u00edt dv\u011b man\u017eelsk\u00e9 postele, sprchu, kuchy\u0148ku a dal\u0161\u00ed vybaven\u00ed.\u00a0<\/p>\n\n\n\n<figure class=\"wp-block-image\"><img decoding=\"async\" src=\"https:\/\/lh3.googleusercontent.com\/DipGDxKK0JDK-UY6ENmzySitwOzjrnqKD01FsVoEbm5DKWEjW1DOxfWUQa91XtBInK4ulHvaREmG4T54E1X0sPieoOFF6lP7e7HHwA7qSnJMpXhTTenoWv2S4hu1-UEO4kLWWZc\" alt=\"\"\/><\/figure>\n\n\n\n<p>Nu a co samotn\u00fd kemp nab\u00edz\u00ed? Nen\u00ed toho m\u00e1lo. K\u00a0dispozici je bezplatn\u00e1 WiFi, vybaven\u00ed pro grilov\u00e1n\u00ed, mo\u017enost zap\u016fj\u010den\u00ed j\u00edzdn\u00edch kol a samoz\u0159ejm\u011b tak\u00e9 baz\u00e9n vyhrazen\u00fd pro hosty kempu.\u00a0 Vyr\u00e1\u017e\u00edte na cesty se sv\u00fdm dom\u00e1c\u00edm mazl\u00ed\u010dkem? Nen\u00ed probl\u00e9m, tady v\u00e1s uv\u00edt\u00e1me s\u00a0otev\u0159enou n\u00e1ru\u010d\u00ed, jsme \u201ePet friendly\u201c.<\/p>\n\n\n\n<figure class=\"wp-block-image size-large\"><img loading=\"lazy\" decoding=\"async\" width=\"945\" height=\"825\" src=\"https:\/\/all4camper.com\/\/wp-content\/uploads\/2021\/02\/kemp-vesnice-madarsko-1.jpg\" alt=\"\" class=\"wp-image-90127\" srcset=\"https:\/\/all4camper.com\/wp-content\/uploads\/2021\/02\/kemp-vesnice-madarsko-1.jpg 945w, https:\/\/all4camper.com\/wp-content\/uploads\/2021\/02\/kemp-vesnice-madarsko-1-300x262.jpg 300w, https:\/\/all4camper.com\/wp-content\/uploads\/2021\/02\/kemp-vesnice-madarsko-1-150x131.jpg 150w, https:\/\/all4camper.com\/wp-content\/uploads\/2021\/02\/kemp-vesnice-madarsko-1-768x670.jpg 768w\" sizes=\"auto, (max-width: 945px) 100vw, 945px\" \/><\/figure>\n\n\n\n<p>Je libo n\u011bco dobr\u00e9ho na zub \u010di \u0161\u00e1lek lahodn\u00e9ho \u010daje? Pak je v\u00e1m p\u0159\u00edmo v\u00a0kempu k\u00a0dispozici \u010dajovna TeeHouse, kde si mimo v\u00fdborn\u00e9ho \u010daje m\u016f\u017eete objednat tak\u00e9 sn\u00eddani, ob\u011bd \u010di ve\u010de\u0159i, v\u011bt\u0161inou m\u00edstn\u00ed speciality. Upozor\u0148uji, \u017ee j\u00eddlo je pot\u0159eba si objednat den p\u0159edem, ale to se ji\u017e jist\u011b domluv\u00edte na m\u00edst\u011b. A jak se zde d\u00e1le zabavit? <strong>V\u00a0kempu po\u0159\u00e1daj\u00ed r\u016fzn\u00e9 workshopy zam\u011b\u0159en\u00e9 na \u0159emesln\u00e9 a lidov\u00e9 tradice, d\u00e1le je pro v\u00e1s p\u0159ipravena mo\u017enost ochutn\u00e1vky v\u00edn, vyj\u00ed\u017e\u010fky na koni a dal\u0161\u00ed.<\/strong> Ve\u010der m\u016f\u017eete u sklenky dobr\u00e9ho v\u00edna pozorovat hv\u011bzdy dalekohledem, kter\u00fd je v\u00e1m v\u00a0kempu zcela zdarma k\u00a0dispozici. <strong>Kdy\u017e budete m\u00edt jen trochu \u0161t\u011bst\u00ed, tak v\u00a0pr\u016fb\u011bhu dne zahl\u00e9dnete li\u0161ky, jeleny \u010di srnky, prost\u011b p\u0159\u00edroda na ka\u017ed\u00e9m kroku.\u00a0<\/strong><\/p>\n\n\n\n<figure class=\"wp-block-image size-large\"><img loading=\"lazy\" decoding=\"async\" width=\"945\" height=\"836\" src=\"https:\/\/all4camper.com\/\/wp-content\/uploads\/2021\/02\/kemp-vesnice-madarsko-2-1.jpg\" alt=\"\" class=\"wp-image-90131\" srcset=\"https:\/\/all4camper.com\/wp-content\/uploads\/2021\/02\/kemp-vesnice-madarsko-2-1.jpg 945w, https:\/\/all4camper.com\/wp-content\/uploads\/2021\/02\/kemp-vesnice-madarsko-2-1-300x265.jpg 300w, https:\/\/all4camper.com\/wp-content\/uploads\/2021\/02\/kemp-vesnice-madarsko-2-1-150x133.jpg 150w, https:\/\/all4camper.com\/wp-content\/uploads\/2021\/02\/kemp-vesnice-madarsko-2-1-768x679.jpg 768w\" sizes=\"auto, (max-width: 945px) 100vw, 945px\" \/><\/figure>\n\n\n\n<p>Na v\u00fdlet mohu doporu\u010dit ji\u017e zm\u00edn\u011bn\u00e9 jezero Balaton, pak t\u0159eba m\u011bste\u010dka Zamardi a Si\u00f3fok, kter\u00e1 se tak\u00e9 nach\u00e1z\u00ed u Balatonu, u\u017eijete si zde jak m\u00edstn\u00ed folkl\u00f3r, tak i t\u0159eba vodn\u00ed sporty a dal\u0161\u00ed.\u00a0D\u00e1le m\u016f\u017eete nav\u0161t\u00edvit m\u011bste\u010dko Foynod a jeho tr\u017ei\u0161t\u011b, op\u011bt u Balatonu, mapu kudy dojet k\u00a0m\u011bste\u010dk\u016fm naleznete <a href=\"https:\/\/www.google.cz\/maps\/dir\/Kopp%C3%A1nysz%C3%A1nt%C3%B3,+Hungarian+Country+Camping+-+Kopp%C3%A1ny+Pines+Campsite+%26+Lodge,+D%C3%B3zsa+Gy%C3%B6rgy+u.+334,+7094+Ma%C4%8Farsko\/Si%C3%B3fok,+Ma%C4%8Farsko\/Zam%C3%A1rdi,+Ma%C4%8Farsko\/Fony%C3%B3d,+Ma%C4%8Farsko\/@46.7367273,17.7222987,10.74z\/data=!4m26!4m25!1m5!1m1!1s0x47682da7ec410103:0x60b5388cd70607b8!2m2!1d18.1037493!2d46.5902475!1m5!1m1!1s0x4769c0c1d19f524f:0xb066d0df5c3768d8!2m2!1d18.0746239!2d46.9090603!1m5!1m1!1s0x4769b92fc434b2cb:0x647dcdabcf7f4e3a!2m2!1d17.9580947!2d46.8840799!1m5!1m1!1s0x4769ab129b7d66a9:0x400c4290c1e1b00!2m2!1d17.5591474!2d46.7424519!3e0?hl=cs\" target=\"_blank\" rel=\"noreferrer noopener\">zde<\/a>. Jen 15 minut autem od kempu se nach\u00e1z\u00ed l\u00e9\u010div\u00e9 l\u00e1zn\u011b Tamasi.\u00a0<\/p>\n\n\n\n<p>Pokud vyhled\u00e1v\u00e1te jin\u00fd druh relaxace, tak tady m\u00e1me n\u011bco opravdu par\u00e1dn\u00edho pro na\u0161e \u201etich\u00e9 bl\u00e1zny\u201c . Ve zdej\u0161\u00ed oblasti se nach\u00e1z\u00ed 3 jezera ur\u010den\u00e1 k\u00a0rybolovu. Doporu\u010duji soukrom\u00e9 jezero ve vlastnictv\u00ed m\u00edstn\u00edho domorodce, kde m\u016f\u017eete lovit za mal\u00fd poplatek. D\u00e1le pak jezero Andocs (l\u00edstky zakoup\u00edte v\u00a0hospod\u011b) a jezero Kocsola (povolenky koup\u00edte p\u0159\u00edmo na b\u0159ehu jezera). T\u011b\u0161it se m\u016f\u017eete na kapra, sumce, \u0161tiku \u010di cand\u00e1ta. D\u016fle\u017eit\u00e9 upozorn\u011bn\u00ed &#8211; vybaven\u00ed je nutno m\u00edt vlastn\u00ed.\u00a0<\/p>\n\n\n\n<figure class=\"wp-block-image\"><img decoding=\"async\" src=\"https:\/\/lh5.googleusercontent.com\/p5IEfKdUC3fWvyIerw_OrSHiqWz-8-p_qCqn1RHwAQ2j6xFHDU6twoeYYFz0igQBW48W51d7Vl1cwD_v7059fQ7RER-ls-1pn23YfPEbedMAs5xrYSX419YivVGZ-9CxBIudeEU\" alt=\"\"\/><\/figure>\n\n\n\n<p>O zdej\u0161\u00edch kr\u00e1s\u00e1ch bychom mohli ps\u00e1t je\u0161t\u011b hodn\u011b dlouho, ale j\u00e1 v\u011b\u0159\u00edm, \u017ee u\u017e rad\u011bji vyraz\u00edte a v\u0161e si obhl\u00e9dnete osobn\u011b na m\u00edst\u011b. T\u011b\u0161\u00ed se na v\u00e1s majitel\u00e9 kempu Debs a Mark. P\u0159eji v\u00e1m poklidn\u00fd pobyt v\u00a0n\u00e1dhern\u00e9 krajin\u011b Ma\u010farska.<\/p>\n","protected":false},"excerpt":{"rendered":"<p>Mo\u017en\u00e1 u\u017e si tak pl\u00e1nujete kam vyraz\u00edte karavanem \u010di jin\u00fdm dopravn\u00edm prost\u0159edkem, jakmile se po\u010das\u00ed otepl\u00ed a bude p\u0159\u00edzniv\u011bji k\u00a0voln\u00e9mu kempov\u00e1n\u00ed. Zkusili jste Ma\u010farsko? Dnes v\u00e1m p\u0159in\u00e1\u0161\u00edm tip na par\u00e1dn\u00ed kemp, kter\u00fd se nach\u00e1z\u00ed necelou hodinku od ji\u017en\u00ed strany Balatonu. Jedn\u00e1 se o Hungarian Country Camping \u2013 Kopp\u00e1ny Pines, je\u017e le\u017e\u00ed u vesni\u010dky Kopp\u00e1nysz\u00e1nt\u00f3 maj\u00edc\u00ed [&hellip;]<\/p>\n","protected":false},"author":381,"featured_media":90127,"comment_status":"closed","ping_status":"open","sticky":false,"template":"","format":"standard","meta":{"_monsterinsights_skip_tracking":false,"_monsterinsights_sitenote_active":false,"_monsterinsights_sitenote_note":"","_monsterinsights_sitenote_category":0,"footnotes":""},"categories":[68,422,2373],"tags":[101,86],"class_list":{"0":"post-90122","1":"post","2":"type-post","3":"status-publish","4":"format-standard","5":"has-post-thumbnail","7":"category-kempovani-a-zajimave-cile","8":"category-novinky-kempovani-a-karavaning","9":"category-ostatni-zeme","10":"tag-kempy-1","11":"tag-madarsko"},"yoast_head":"<!-- This site is optimized with the Yoast SEO plugin v27.4 - https:\/\/yoast.com\/product\/yoast-seo-wordpress\/ -->\n<title>Malebn\u00fd kemp na ma\u010farsk\u00e9m venkov\u011b - All4Camper<\/title>\n<meta name=\"description\" content=\"All4Camper - Malebn\u00fd kemp na ma\u010farsk\u00e9m venkov\u011b\" \/>\n<meta name=\"robots\" content=\"index, follow, max-snippet:-1, max-image-preview:large, max-video-preview:-1\" \/>\n<link rel=\"canonical\" href=\"https:\/\/all4camper.com\/cs\/malebny-kemp-na-madarskem-venkovu\/\" \/>\n<meta property=\"og:locale\" content=\"cs_CZ\" \/>\n<meta property=\"og:type\" content=\"article\" \/>\n<meta property=\"og:title\" content=\"Malebn\u00fd kemp na ma\u010farsk\u00e9m venkov\u011b - All4Camper\" \/>\n<meta property=\"og:description\" content=\"All4Camper - Malebn\u00fd kemp na ma\u010farsk\u00e9m venkov\u011b\" \/>\n<meta property=\"og:url\" content=\"https:\/\/all4camper.com\/cs\/malebny-kemp-na-madarskem-venkovu\/\" \/>\n<meta property=\"og:site_name\" content=\"All4Camper\" \/>\n<meta property=\"article:published_time\" content=\"2021-02-09T08:38:58+00:00\" \/>\n<meta property=\"article:modified_time\" content=\"2021-02-11T13:18:14+00:00\" \/>\n<meta property=\"og:image\" content=\"https:\/\/all4camper.com\/wp-content\/uploads\/2021\/02\/kemp-vesnice-madarsko-1.jpg\" \/>\n\t<meta property=\"og:image:width\" content=\"945\" \/>\n\t<meta property=\"og:image:height\" content=\"825\" \/>\n\t<meta property=\"og:image:type\" content=\"image\/jpeg\" \/>\n<meta name=\"author\" content=\"Ivo Pavelek\" \/>\n<meta name=\"twitter:card\" content=\"summary_large_image\" \/>\n<meta name=\"twitter:label1\" content=\"Napsal(a)\" \/>\n\t<meta name=\"twitter:data1\" content=\"Ivo Pavelek\" \/>\n\t<meta name=\"twitter:label2\" content=\"Odhadovan\u00e1 doba \u010dten\u00ed\" \/>\n\t<meta name=\"twitter:data2\" content=\"3 minuty\" \/>\n<script type=\"application\/ld+json\" class=\"yoast-schema-graph\">{\"@context\":\"https:\\\/\\\/schema.org\",\"@graph\":[{\"@type\":\"Article\",\"@id\":\"https:\\\/\\\/all4camper.com\\\/cs\\\/malebny-kemp-na-madarskem-venkovu\\\/#article\",\"isPartOf\":{\"@id\":\"https:\\\/\\\/all4camper.com\\\/cs\\\/malebny-kemp-na-madarskem-venkovu\\\/\"},\"author\":{\"name\":\"Ivo Pavelek\",\"@id\":\"https:\\\/\\\/all4camper.com\\\/cs\\\/#\\\/schema\\\/person\\\/a6387842443a2105d550878fdd898965\"},\"headline\":\"Malebn\u00fd kemp na ma\u010farsk\u00e9m venkov\u011b\",\"datePublished\":\"2021-02-09T08:38:58+00:00\",\"dateModified\":\"2021-02-11T13:18:14+00:00\",\"mainEntityOfPage\":{\"@id\":\"https:\\\/\\\/all4camper.com\\\/cs\\\/malebny-kemp-na-madarskem-venkovu\\\/\"},\"wordCount\":701,\"publisher\":{\"@id\":\"https:\\\/\\\/all4camper.com\\\/cs\\\/#organization\"},\"image\":{\"@id\":\"https:\\\/\\\/all4camper.com\\\/cs\\\/malebny-kemp-na-madarskem-venkovu\\\/#primaryimage\"},\"thumbnailUrl\":\"https:\\\/\\\/all4camper.com\\\/wp-content\\\/uploads\\\/2021\\\/02\\\/kemp-vesnice-madarsko-1.jpg\",\"keywords\":[\"Kempy a kempovac\u00ed m\u00edsta\",\"Ma\u010farsko\"],\"articleSection\":[\"Kempy a zaj\u00edmav\u00e1 m\u00edsta\",\"Novinky - Kempov\u00e1n\u00ed a karavaning\",\"Ostatn\u00ed zem\u011b\"],\"inLanguage\":\"cs\"},{\"@type\":\"WebPage\",\"@id\":\"https:\\\/\\\/all4camper.com\\\/cs\\\/malebny-kemp-na-madarskem-venkovu\\\/\",\"url\":\"https:\\\/\\\/all4camper.com\\\/cs\\\/malebny-kemp-na-madarskem-venkovu\\\/\",\"name\":\"Malebn\u00fd kemp na ma\u010farsk\u00e9m venkov\u011b - All4Camper\",\"isPartOf\":{\"@id\":\"https:\\\/\\\/all4camper.com\\\/cs\\\/#website\"},\"primaryImageOfPage\":{\"@id\":\"https:\\\/\\\/all4camper.com\\\/cs\\\/malebny-kemp-na-madarskem-venkovu\\\/#primaryimage\"},\"image\":{\"@id\":\"https:\\\/\\\/all4camper.com\\\/cs\\\/malebny-kemp-na-madarskem-venkovu\\\/#primaryimage\"},\"thumbnailUrl\":\"https:\\\/\\\/all4camper.com\\\/wp-content\\\/uploads\\\/2021\\\/02\\\/kemp-vesnice-madarsko-1.jpg\",\"datePublished\":\"2021-02-09T08:38:58+00:00\",\"dateModified\":\"2021-02-11T13:18:14+00:00\",\"description\":\"All4Camper - Malebn\u00fd kemp na ma\u010farsk\u00e9m venkov\u011b\",\"breadcrumb\":{\"@id\":\"https:\\\/\\\/all4camper.com\\\/cs\\\/malebny-kemp-na-madarskem-venkovu\\\/#breadcrumb\"},\"inLanguage\":\"cs\",\"potentialAction\":[{\"@type\":\"ReadAction\",\"target\":[\"https:\\\/\\\/all4camper.com\\\/cs\\\/malebny-kemp-na-madarskem-venkovu\\\/\"]}]},{\"@type\":\"ImageObject\",\"inLanguage\":\"cs\",\"@id\":\"https:\\\/\\\/all4camper.com\\\/cs\\\/malebny-kemp-na-madarskem-venkovu\\\/#primaryimage\",\"url\":\"https:\\\/\\\/all4camper.com\\\/wp-content\\\/uploads\\\/2021\\\/02\\\/kemp-vesnice-madarsko-1.jpg\",\"contentUrl\":\"https:\\\/\\\/all4camper.com\\\/wp-content\\\/uploads\\\/2021\\\/02\\\/kemp-vesnice-madarsko-1.jpg\",\"width\":945,\"height\":825},{\"@type\":\"BreadcrumbList\",\"@id\":\"https:\\\/\\\/all4camper.com\\\/cs\\\/malebny-kemp-na-madarskem-venkovu\\\/#breadcrumb\",\"itemListElement\":[{\"@type\":\"ListItem\",\"position\":1,\"name\":\"Dom\u016f\",\"item\":\"https:\\\/\\\/all4camper.com\\\/cs\\\/\"},{\"@type\":\"ListItem\",\"position\":2,\"name\":\"Kempy a zaj\u00edmav\u00e1 m\u00edsta\",\"item\":\"https:\\\/\\\/all4camper.com\\\/cs\\\/category\\\/kempovani-a-zajimave-cile\\\/\"},{\"@type\":\"ListItem\",\"position\":3,\"name\":\"Malebn\u00fd kemp na ma\u010farsk\u00e9m venkov\u011b\"}]},{\"@type\":\"WebSite\",\"@id\":\"https:\\\/\\\/all4camper.com\\\/cs\\\/#website\",\"url\":\"https:\\\/\\\/all4camper.com\\\/cs\\\/\",\"name\":\"All4Camper\",\"description\":\"Nejv\u011bt\u0161\u00ed online magaz\u00edn o kempov\u00e1n\u00ed a karavaninku. V\u00edce jak 900 \u010dl\u00e1nk\u016f pln\u00fdch rad a tip\u016f o kempech a kempov\u00e1n\u00ed.\",\"publisher\":{\"@id\":\"https:\\\/\\\/all4camper.com\\\/cs\\\/#organization\"},\"potentialAction\":[{\"@type\":\"SearchAction\",\"target\":{\"@type\":\"EntryPoint\",\"urlTemplate\":\"https:\\\/\\\/all4camper.com\\\/cs\\\/?s={search_term_string}\"},\"query-input\":{\"@type\":\"PropertyValueSpecification\",\"valueRequired\":true,\"valueName\":\"search_term_string\"}}],\"inLanguage\":\"cs\"},{\"@type\":\"Organization\",\"@id\":\"https:\\\/\\\/all4camper.com\\\/cs\\\/#organization\",\"name\":\"All4Camper - kempujeme s Kl\u00e1rou\",\"url\":\"https:\\\/\\\/all4camper.com\\\/cs\\\/\",\"logo\":{\"@type\":\"ImageObject\",\"inLanguage\":\"cs\",\"@id\":\"https:\\\/\\\/all4camper.com\\\/cs\\\/#\\\/schema\\\/logo\\\/image\\\/\",\"url\":\"https:\\\/\\\/all4camper.com\\\/wp-content\\\/uploads\\\/2018\\\/09\\\/novelogo.png\",\"contentUrl\":\"https:\\\/\\\/all4camper.com\\\/wp-content\\\/uploads\\\/2018\\\/09\\\/novelogo.png\",\"width\":1520,\"height\":600,\"caption\":\"All4Camper - kempujeme s Kl\u00e1rou\"},\"image\":{\"@id\":\"https:\\\/\\\/all4camper.com\\\/cs\\\/#\\\/schema\\\/logo\\\/image\\\/\"}},{\"@type\":\"Person\",\"@id\":\"https:\\\/\\\/all4camper.com\\\/cs\\\/#\\\/schema\\\/person\\\/a6387842443a2105d550878fdd898965\",\"name\":\"Ivo Pavelek\",\"url\":\"https:\\\/\\\/all4camper.com\\\/cs\\\/author\\\/ivopavelek\\\/\"}]}<\/script>\n<!-- \/ Yoast SEO plugin. -->","yoast_head_json":{"title":"Malebn\u00fd kemp na ma\u010farsk\u00e9m venkov\u011b - All4Camper","description":"All4Camper - Malebn\u00fd kemp na ma\u010farsk\u00e9m venkov\u011b","robots":{"index":"index","follow":"follow","max-snippet":"max-snippet:-1","max-image-preview":"max-image-preview:large","max-video-preview":"max-video-preview:-1"},"canonical":"https:\/\/all4camper.com\/cs\/malebny-kemp-na-madarskem-venkovu\/","og_locale":"cs_CZ","og_type":"article","og_title":"Malebn\u00fd kemp na ma\u010farsk\u00e9m venkov\u011b - All4Camper","og_description":"All4Camper - Malebn\u00fd kemp na ma\u010farsk\u00e9m venkov\u011b","og_url":"https:\/\/all4camper.com\/cs\/malebny-kemp-na-madarskem-venkovu\/","og_site_name":"All4Camper","article_published_time":"2021-02-09T08:38:58+00:00","article_modified_time":"2021-02-11T13:18:14+00:00","og_image":[{"width":945,"height":825,"url":"https:\/\/all4camper.com\/wp-content\/uploads\/2021\/02\/kemp-vesnice-madarsko-1.jpg","type":"image\/jpeg"}],"author":"Ivo Pavelek","twitter_card":"summary_large_image","twitter_misc":{"Napsal(a)":"Ivo Pavelek","Odhadovan\u00e1 doba \u010dten\u00ed":"3 minuty"},"schema":{"@context":"https:\/\/schema.org","@graph":[{"@type":"Article","@id":"https:\/\/all4camper.com\/cs\/malebny-kemp-na-madarskem-venkovu\/#article","isPartOf":{"@id":"https:\/\/all4camper.com\/cs\/malebny-kemp-na-madarskem-venkovu\/"},"author":{"name":"Ivo Pavelek","@id":"https:\/\/all4camper.com\/cs\/#\/schema\/person\/a6387842443a2105d550878fdd898965"},"headline":"Malebn\u00fd kemp na ma\u010farsk\u00e9m venkov\u011b","datePublished":"2021-02-09T08:38:58+00:00","dateModified":"2021-02-11T13:18:14+00:00","mainEntityOfPage":{"@id":"https:\/\/all4camper.com\/cs\/malebny-kemp-na-madarskem-venkovu\/"},"wordCount":701,"publisher":{"@id":"https:\/\/all4camper.com\/cs\/#organization"},"image":{"@id":"https:\/\/all4camper.com\/cs\/malebny-kemp-na-madarskem-venkovu\/#primaryimage"},"thumbnailUrl":"https:\/\/all4camper.com\/wp-content\/uploads\/2021\/02\/kemp-vesnice-madarsko-1.jpg","keywords":["Kempy a kempovac\u00ed m\u00edsta","Ma\u010farsko"],"articleSection":["Kempy a zaj\u00edmav\u00e1 m\u00edsta","Novinky - Kempov\u00e1n\u00ed a karavaning","Ostatn\u00ed zem\u011b"],"inLanguage":"cs"},{"@type":"WebPage","@id":"https:\/\/all4camper.com\/cs\/malebny-kemp-na-madarskem-venkovu\/","url":"https:\/\/all4camper.com\/cs\/malebny-kemp-na-madarskem-venkovu\/","name":"Malebn\u00fd kemp na ma\u010farsk\u00e9m venkov\u011b - All4Camper","isPartOf":{"@id":"https:\/\/all4camper.com\/cs\/#website"},"primaryImageOfPage":{"@id":"https:\/\/all4camper.com\/cs\/malebny-kemp-na-madarskem-venkovu\/#primaryimage"},"image":{"@id":"https:\/\/all4camper.com\/cs\/malebny-kemp-na-madarskem-venkovu\/#primaryimage"},"thumbnailUrl":"https:\/\/all4camper.com\/wp-content\/uploads\/2021\/02\/kemp-vesnice-madarsko-1.jpg","datePublished":"2021-02-09T08:38:58+00:00","dateModified":"2021-02-11T13:18:14+00:00","description":"All4Camper - Malebn\u00fd kemp na ma\u010farsk\u00e9m venkov\u011b","breadcrumb":{"@id":"https:\/\/all4camper.com\/cs\/malebny-kemp-na-madarskem-venkovu\/#breadcrumb"},"inLanguage":"cs","potentialAction":[{"@type":"ReadAction","target":["https:\/\/all4camper.com\/cs\/malebny-kemp-na-madarskem-venkovu\/"]}]},{"@type":"ImageObject","inLanguage":"cs","@id":"https:\/\/all4camper.com\/cs\/malebny-kemp-na-madarskem-venkovu\/#primaryimage","url":"https:\/\/all4camper.com\/wp-content\/uploads\/2021\/02\/kemp-vesnice-madarsko-1.jpg","contentUrl":"https:\/\/all4camper.com\/wp-content\/uploads\/2021\/02\/kemp-vesnice-madarsko-1.jpg","width":945,"height":825},{"@type":"BreadcrumbList","@id":"https:\/\/all4camper.com\/cs\/malebny-kemp-na-madarskem-venkovu\/#breadcrumb","itemListElement":[{"@type":"ListItem","position":1,"name":"Dom\u016f","item":"https:\/\/all4camper.com\/cs\/"},{"@type":"ListItem","position":2,"name":"Kempy a zaj\u00edmav\u00e1 m\u00edsta","item":"https:\/\/all4camper.com\/cs\/category\/kempovani-a-zajimave-cile\/"},{"@type":"ListItem","position":3,"name":"Malebn\u00fd kemp na ma\u010farsk\u00e9m venkov\u011b"}]},{"@type":"WebSite","@id":"https:\/\/all4camper.com\/cs\/#website","url":"https:\/\/all4camper.com\/cs\/","name":"All4Camper","description":"Nejv\u011bt\u0161\u00ed online magaz\u00edn o kempov\u00e1n\u00ed a karavaninku. V\u00edce jak 900 \u010dl\u00e1nk\u016f pln\u00fdch rad a tip\u016f o kempech a kempov\u00e1n\u00ed.","publisher":{"@id":"https:\/\/all4camper.com\/cs\/#organization"},"potentialAction":[{"@type":"SearchAction","target":{"@type":"EntryPoint","urlTemplate":"https:\/\/all4camper.com\/cs\/?s={search_term_string}"},"query-input":{"@type":"PropertyValueSpecification","valueRequired":true,"valueName":"search_term_string"}}],"inLanguage":"cs"},{"@type":"Organization","@id":"https:\/\/all4camper.com\/cs\/#organization","name":"All4Camper - kempujeme s Kl\u00e1rou","url":"https:\/\/all4camper.com\/cs\/","logo":{"@type":"ImageObject","inLanguage":"cs","@id":"https:\/\/all4camper.com\/cs\/#\/schema\/logo\/image\/","url":"https:\/\/all4camper.com\/wp-content\/uploads\/2018\/09\/novelogo.png","contentUrl":"https:\/\/all4camper.com\/wp-content\/uploads\/2018\/09\/novelogo.png","width":1520,"height":600,"caption":"All4Camper - kempujeme s Kl\u00e1rou"},"image":{"@id":"https:\/\/all4camper.com\/cs\/#\/schema\/logo\/image\/"}},{"@type":"Person","@id":"https:\/\/all4camper.com\/cs\/#\/schema\/person\/a6387842443a2105d550878fdd898965","name":"Ivo Pavelek","url":"https:\/\/all4camper.com\/cs\/author\/ivopavelek\/"}]}},"_links":{"self":[{"href":"https:\/\/all4camper.com\/cs\/wp-json\/wp\/v2\/posts\/90122","targetHints":{"allow":["GET"]}}],"collection":[{"href":"https:\/\/all4camper.com\/cs\/wp-json\/wp\/v2\/posts"}],"about":[{"href":"https:\/\/all4camper.com\/cs\/wp-json\/wp\/v2\/types\/post"}],"author":[{"embeddable":true,"href":"https:\/\/all4camper.com\/cs\/wp-json\/wp\/v2\/users\/381"}],"replies":[{"embeddable":true,"href":"https:\/\/all4camper.com\/cs\/wp-json\/wp\/v2\/comments?post=90122"}],"version-history":[{"count":0,"href":"https:\/\/all4camper.com\/cs\/wp-json\/wp\/v2\/posts\/90122\/revisions"}],"wp:featuredmedia":[{"embeddable":true,"href":"https:\/\/all4camper.com\/cs\/wp-json\/wp\/v2\/media\/90127"}],"wp:attachment":[{"href":"https:\/\/all4camper.com\/cs\/wp-json\/wp\/v2\/media?parent=90122"}],"wp:term":[{"taxonomy":"category","embeddable":true,"href":"https:\/\/all4camper.com\/cs\/wp-json\/wp\/v2\/categories?post=90122"},{"taxonomy":"post_tag","embeddable":true,"href":"https:\/\/all4camper.com\/cs\/wp-json\/wp\/v2\/tags?post=90122"}],"curies":[{"name":"wp","href":"https:\/\/api.w.org\/{rel}","templated":true}]}}