{"id":90031,"date":"2021-02-04T09:00:59","date_gmt":"2021-02-04T08:00:59","guid":{"rendered":"https:\/\/all4camper.com\/\/?p=90031"},"modified":"2022-12-13T14:46:49","modified_gmt":"2022-12-13T13:46:49","slug":"kempovani-v-americe-aneb-vse-co-potrebujete-vedet","status":"publish","type":"post","link":"https:\/\/all4camper.com\/cs\/kempovani-v-americe-aneb-vse-co-potrebujete-vedet\/","title":{"rendered":"Kempov\u00e1n\u00ed v Americe aneb v\u0161e, co pot\u0159ebujete v\u011bd\u011bt"},"content":{"rendered":"\n<h4 class=\"wp-block-heading\">Tak\u00e9 jste si n\u011bkdy pohr\u00e1vali s my\u0161lenkou, jak\u00e9 by to bylo zkusit s obytn\u00fdm autem procestovat Ameriku? J\u00e1 rozhodn\u011b a i z toho d\u016fvodu vznikl tenhle velmi podrobn\u00fd rozhovor ve kter\u00e9m se nejen dozv\u00edte jak vznikl n\u00e1pad vytvo\u0159it CK, ale tak\u00e9 jak v Americe vypad\u00e1 cestov\u00e1n\u00ed karavanem a co v\u0161e mus\u00edte za\u0159\u00eddit, ne\u017e se tam vyd\u00e1te. <a href=\"https:\/\/travelamerica.cz\/\" target=\"_blank\" rel=\"noreferrer noopener\">Travelamerica<\/a> to m\u00e1 v mal\u00ed\u010dku. <\/h4>\n\n\n\n<figure class=\"wp-block-image size-large\"><img loading=\"lazy\" decoding=\"async\" width=\"800\" height=\"600\" src=\"https:\/\/all4camper.com\/\/wp-content\/uploads\/2021\/02\/Kemp-v-Collier-Seminole-State-Park.jpg\" alt=\"\" class=\"wp-image-90034\" srcset=\"https:\/\/all4camper.com\/wp-content\/uploads\/2021\/02\/Kemp-v-Collier-Seminole-State-Park.jpg 800w, https:\/\/all4camper.com\/wp-content\/uploads\/2021\/02\/Kemp-v-Collier-Seminole-State-Park-300x225.jpg 300w, https:\/\/all4camper.com\/wp-content\/uploads\/2021\/02\/Kemp-v-Collier-Seminole-State-Park-150x113.jpg 150w, https:\/\/all4camper.com\/wp-content\/uploads\/2021\/02\/Kemp-v-Collier-Seminole-State-Park-768x576.jpg 768w, https:\/\/all4camper.com\/wp-content\/uploads\/2021\/02\/Kemp-v-Collier-Seminole-State-Park-678x509.jpg 678w, https:\/\/all4camper.com\/wp-content\/uploads\/2021\/02\/Kemp-v-Collier-Seminole-State-Park-326x245.jpg 326w, https:\/\/all4camper.com\/wp-content\/uploads\/2021\/02\/Kemp-v-Collier-Seminole-State-Park-80x60.jpg 80w\" sizes=\"auto, (max-width: 800px) 100vw, 800px\" \/><\/figure>\n\n\n\n<h3 class=\"wp-block-heading\">Kde se vzal n\u00e1pad na takovou cestovn\u00ed spole\u010dnost?<\/h3>\n\n\n\n<p>N\u00e1pad vznikl nep\u0159\u00edmo p\u0159i uskute\u010d\u0148ov\u00e1n\u00ed snu z d\u011btstv\u00ed. Martin je u\u017e od klukovsk\u00fdch let obrovsk\u00fd nad\u0161enec do kosmonautiky a v\u017edycky si p\u0159\u00e1l nav\u0161t\u00edvit m\u00edsta s&nbsp;n\u00ed spojen\u00e1. Jen\u017ee za komunismu si o nich mohl nechat jenom zd\u00e1t. Tak\u017ee kdy\u017e u\u017e to \u0161lo, prodal kuponov\u00e9 kn\u00ed\u017eky z privatizace, n\u011bco si p\u016fj\u010dil a odlet\u011bl v l\u00e9t\u011b 1994 do USA s&nbsp;t\u00edm, \u017ee chce nav\u0161t\u00edvit kosmodrom na Florid\u011b a dal\u0161\u00ed vesm\u00edrn\u00e1 st\u0159ediska NASA po cel\u00fdch Spojen\u00fdch st\u00e1tech. B\u011bhem 10 t\u00fddn\u016f Ameriku procestoval autobusy Greyhound od v\u00fdchodu na z\u00e1pad a zase zp\u011bt. Amerika se mu dostala pod k\u016f\u017ei, tak\u017ee po sv\u00e9m n\u00e1vratu p\u0159em\u00fd\u0161lel, jak se tam zase leg\u00e1ln\u011b vr\u00e1tit, nebo jak ud\u011blat, aby tam mohl pravideln\u011b zaj\u00ed\u017ed\u011bt. Pr\u00e1ce turistick\u00e9ho pr\u016fvodce v USA se jevila jako nejlep\u0161\u00ed \u0159e\u0161en\u00ed. Krom\u011b samotn\u00e9ho pr\u016fvodcov\u00e1n\u00ed tak\u00e9 p\u0159ipravil a uskute\u010dnil n\u011bkolik z\u00e1jezd\u016f s&nbsp;letecko-kosmonautickou t\u00e9matikou pro specializovanou cestovn\u00ed kancel\u00e1\u0159. V&nbsp;t\u00e9 dob\u011b u\u017e kl\u00ed\u010dil n\u00e1pad na vlastn\u00ed cestovn\u00ed agenturu.<\/p>\n\n\n\n<figure class=\"wp-block-image size-large\"><img loading=\"lazy\" decoding=\"async\" width=\"800\" height=\"600\" src=\"https:\/\/all4camper.com\/\/wp-content\/uploads\/2021\/02\/Americka\u0304-karavany.jpg\" alt=\"\" class=\"wp-image-90035\" srcset=\"https:\/\/all4camper.com\/wp-content\/uploads\/2021\/02\/Americka\u0304-karavany.jpg 800w, https:\/\/all4camper.com\/wp-content\/uploads\/2021\/02\/Americka\u0304-karavany-300x225.jpg 300w, https:\/\/all4camper.com\/wp-content\/uploads\/2021\/02\/Americka\u0304-karavany-150x113.jpg 150w, https:\/\/all4camper.com\/wp-content\/uploads\/2021\/02\/Americka\u0304-karavany-768x576.jpg 768w, https:\/\/all4camper.com\/wp-content\/uploads\/2021\/02\/Americka\u0304-karavany-678x509.jpg 678w, https:\/\/all4camper.com\/wp-content\/uploads\/2021\/02\/Americka\u0304-karavany-326x245.jpg 326w, https:\/\/all4camper.com\/wp-content\/uploads\/2021\/02\/Americka\u0304-karavany-80x60.jpg 80w\" sizes=\"auto, (max-width: 800px) 100vw, 800px\" \/><\/figure>\n\n\n\n<h3 class=\"wp-block-heading\">A jak se to tedy v\u0161e za\u010dalo realizovat?<\/h3>\n\n\n\n<p>Kdy\u017e jsme se v&nbsp;roce 2001 sezn\u00e1mili, Martin byl velmi vyt\u00ed\u017een\u00fd pr\u016fvodce a j\u00e1 jsem pracovala v&nbsp;cestovn\u00ed agentu\u0159e zprost\u0159edkov\u00e1vaj\u00edc\u00ed Au Pair pobyty a jazykov\u00e9 kurzy. Na starosti jsem m\u011bla pr\u00e1v\u011b Ameriku. Kr\u00e1tce po sezn\u00e1men\u00ed jsme vymysleli na\u0161i prvn\u00ed spole\u010dnou cestu a str\u00e1vili n\u011bkolik t\u00fddn\u016f cestov\u00e1n\u00edm po z\u00e1padn\u00ed Kanad\u011b a Alja\u0161ce. Po n\u00e1vratu jsem za\u010dala pracovat pro nadn\u00e1rodn\u00ed korporaci a kdy\u017e jsem po \u010dty\u0159ech letech odch\u00e1zela na mate\u0159skou dovolenou, u\u017e jsme v\u011bd\u011bli, \u017ee bychom cht\u011bli z\u00faro\u010dit dosavadn\u00ed pracovn\u00ed zku\u0161enosti n\u00e1s obou a v&nbsp;roce 2008 jsme z cestovn\u00ed agentury vytvo\u0159ili cestovn\u00ed kancel\u00e1\u0159.<\/p>\n\n\n\n<h3 class=\"wp-block-heading\">A jak to tedy pokra\u010dovalo i ke karavaningu?<\/h3>\n\n\n\n<p>My jsme se do karavaningu zamilovali pot\u00e9, co jsme si ho vyzkou\u0161eli. Sami nejsme majitel\u00e9 karavanu, proto\u017ee prim\u00e1rn\u00ed je pro n\u00e1s pr\u00e1ce v cestovn\u00ed kancel\u00e1\u0159i a ta je \u010dasov\u011b velmi n\u00e1ro\u010dn\u00e1. V sou\u010dtu Martin tr\u00e1v\u00ed n\u011bkolik m\u011bs\u00edc\u016f v&nbsp;roce pr\u016fvodcov\u00e1n\u00edm, zbylou \u010d\u00e1st roku p\u0159\u00edpravou z\u00e1jezd\u016f a cest na\u0161ich klient\u016f, nic z&nbsp;toho se bohu\u017eel z&nbsp;karavanu zodpov\u011bdn\u011b d\u011blat ned\u00e1.<\/p>\n\n\n\n<figure class=\"wp-block-image size-large\"><img loading=\"lazy\" decoding=\"async\" width=\"800\" height=\"600\" src=\"https:\/\/all4camper.com\/\/wp-content\/uploads\/2021\/02\/I-pz\u0307i-tankov\u2020n\u00b0-je-vA\u0301ude-m\u00b0sta-dost..jpg\" alt=\"\" class=\"wp-image-90036\" srcset=\"https:\/\/all4camper.com\/wp-content\/uploads\/2021\/02\/I-pz\u0307i-tankov\u2020n\u00b0-je-vA\u0301ude-m\u00b0sta-dost..jpg 800w, https:\/\/all4camper.com\/wp-content\/uploads\/2021\/02\/I-pz\u0307i-tankov\u2020n\u00b0-je-vA\u0301ude-m\u00b0sta-dost.-300x225.jpg 300w, https:\/\/all4camper.com\/wp-content\/uploads\/2021\/02\/I-pz\u0307i-tankov\u2020n\u00b0-je-vA\u0301ude-m\u00b0sta-dost.-150x113.jpg 150w, https:\/\/all4camper.com\/wp-content\/uploads\/2021\/02\/I-pz\u0307i-tankov\u2020n\u00b0-je-vA\u0301ude-m\u00b0sta-dost.-768x576.jpg 768w, https:\/\/all4camper.com\/wp-content\/uploads\/2021\/02\/I-pz\u0307i-tankov\u2020n\u00b0-je-vA\u0301ude-m\u00b0sta-dost.-678x509.jpg 678w, https:\/\/all4camper.com\/wp-content\/uploads\/2021\/02\/I-pz\u0307i-tankov\u2020n\u00b0-je-vA\u0301ude-m\u00b0sta-dost.-326x245.jpg 326w, https:\/\/all4camper.com\/wp-content\/uploads\/2021\/02\/I-pz\u0307i-tankov\u2020n\u00b0-je-vA\u0301ude-m\u00b0sta-dost.-80x60.jpg 80w\" sizes=\"auto, (max-width: 800px) 100vw, 800px\" \/><figcaption>Ani p\u0159i tankov\u00e1n\u00ed nen\u00ed probl\u00e9m s m\u00edstem. <\/figcaption><\/figure>\n\n\n\n<h3 class=\"wp-block-heading\">To v\u00e1m ale nebr\u00e1n\u00ed s karavany \u017e\u00edt&#8230;<\/h3>\n\n\n\n<p>Doslova roky jsme zprost\u0159edkov\u00e1vali pron\u00e1jem karavan\u016f v USA a Kanad\u011b a pl\u00e1novali cesty na\u0161im klient\u016fm, v\u011bd\u011bli jsme o tom, \u017ee Amerika je d\u00edky vybudovan\u00e9 funk\u010dn\u00ed infrastruktu\u0159e pro karavanisty zem\u00ed zasl\u00edbenou, ale teprve osobn\u00ed zku\u0161enost n\u00e1m dala poznat, co na tom karavaningu vlastn\u011b je. Ka\u017edop\u00e1dn\u011b, na\u0161e rodinn\u00e9 cesty po Americe budou u\u017e jenom v&nbsp;karavanu, to v\u00edme bezpe\u010dn\u011b.<\/p>\n\n\n\n<figure class=\"wp-block-image size-large\"><img loading=\"lazy\" decoding=\"async\" width=\"800\" height=\"600\" src=\"https:\/\/all4camper.com\/\/wp-content\/uploads\/2021\/02\/I-takova\u0304-luxuxn\u00b0-kempy-jsou-v-USA.jpg\" alt=\"\" class=\"wp-image-90037\" srcset=\"https:\/\/all4camper.com\/wp-content\/uploads\/2021\/02\/I-takova\u0304-luxuxn\u00b0-kempy-jsou-v-USA.jpg 800w, https:\/\/all4camper.com\/wp-content\/uploads\/2021\/02\/I-takova\u0304-luxuxn\u00b0-kempy-jsou-v-USA-300x225.jpg 300w, https:\/\/all4camper.com\/wp-content\/uploads\/2021\/02\/I-takova\u0304-luxuxn\u00b0-kempy-jsou-v-USA-150x113.jpg 150w, https:\/\/all4camper.com\/wp-content\/uploads\/2021\/02\/I-takova\u0304-luxuxn\u00b0-kempy-jsou-v-USA-768x576.jpg 768w, https:\/\/all4camper.com\/wp-content\/uploads\/2021\/02\/I-takova\u0304-luxuxn\u00b0-kempy-jsou-v-USA-678x509.jpg 678w, https:\/\/all4camper.com\/wp-content\/uploads\/2021\/02\/I-takova\u0304-luxuxn\u00b0-kempy-jsou-v-USA-326x245.jpg 326w, https:\/\/all4camper.com\/wp-content\/uploads\/2021\/02\/I-takova\u0304-luxuxn\u00b0-kempy-jsou-v-USA-80x60.jpg 80w\" sizes=\"auto, (max-width: 800px) 100vw, 800px\" \/><figcaption>Luxusn\u00ed kemp. <\/figcaption><\/figure>\n\n\n\n<h3 class=\"wp-block-heading\">Jak byste tedy mohla charakterizovat americk\u00fd karavaning?<\/h3>\n\n\n\n<p>P\u0159edev\u0161\u00edm jako obrovsky rozvinut\u00fd s&nbsp;dlouhodobou tradic\u00ed. Amerika je velk\u00e1 zem\u011b a Ameri\u010dan\u00e9 po n\u00ed hodn\u011b a r\u00e1di cestuj\u00ed. Americk\u00fd karavaning bych ozna\u010dila jako intenzivn\u00ed cestov\u00e1n\u00ed p\u0159i zachov\u00e1n\u00ed pohodl\u00ed. Ameri\u010dan\u00e9 svoje karavany p\u0159ev\u00e1\u017en\u011b vlastn\u00ed, cestuj\u00ed a bydl\u00ed v&nbsp;nich dlouhodob\u011b, tak\u017ee n\u011bjak\u00e9 kompromisy ohledn\u011b prostoru podle m\u00e9ho n\u00e1zoru ned\u011blaj\u00ed. V&nbsp;kempech a na cest\u00e1ch tak dost \u010dasto potk\u00e1v\u00e1te obrovsk\u00e9 karavany, kter\u00e9 za sebou je\u0161t\u011b t\u00e1hnou osobn\u00ed automobil. <\/p>\n\n\n\n<h3 class=\"wp-block-heading\">Tak\u017ee b\u011b\u017en\u00e1 sou\u010d\u00e1st \u017eivota&#8230;<\/h3>\n\n\n\n<p>Pr\u00e1v\u011b v&nbsp;USA je \u010dast\u00e9, \u017ee se po skon\u010den\u00ed profesn\u00ed kari\u00e9ry lid\u00e9 rozhodnout str\u00e1vit d\u016fchod cestov\u00e1n\u00edm v&nbsp;karavanu. Vzpom\u00edn\u00e1m si na star\u0161\u00ed man\u017eele, kter\u00e9 jsme potkali v&nbsp;z\u00e1padn\u00ed Kanad\u011b a kte\u0159\u00ed n\u00e1m vypr\u00e1v\u011bli o tom, jak velkou \u010d\u00e1st \u017eivota str\u00e1vili ve velk\u00e9m&nbsp;dom\u011b na b\u0159ehu Michigansk\u00e9ho jezera, ale kdy\u017e d\u011bti ode\u0161ly, tak se rozhodli vysn\u011bn\u00fd d\u016fm prodat a koupit si karavan a cestovat n\u011bkolik let po Americe. A ten karavan rozhodn\u011b nebyl \u017e\u00e1dn\u00fd drobe\u010dek.<\/p>\n\n\n\n<h3 class=\"wp-block-heading\">V&nbsp;\u010dem je podle v\u00e1s nejv\u011bt\u0161\u00ed rozd\u00edl oproti tomu, na co jsme zvykl\u00ed u n\u00e1s?<\/h3>\n\n\n\n<p>Amerika je kol\u00e9bkou karavaningu, tak u\u017e tam v\u0161e, co karavanista pot\u0159ebuje, je k&nbsp;dispozici. Za nejv\u011bt\u0161\u00ed pozitivum pova\u017euji pln\u011b vybudovanou a rozvinutou infrastrukturu \u2013 obrovskou s\u00ed\u0165 kemp\u016f. Jenom nap\u0159\u00edklad spole\u010dnost KOA (Kampgrounds of America) m\u00e1 t\u00e9m\u011b\u0159 500 kemp\u016f po cel\u00fdch Spojen\u00fdch st\u00e1tech. Pat\u0159\u00ed k&nbsp;t\u011bm nejl\u00e9pe vybaven\u00fdm a je to takov\u00e1 jistota na cest\u00e1ch. S&nbsp;KOA jsme po\u010d\u00edtali, kdy\u017e jsme si cht\u011bli vyprat a usu\u0161it oble\u010den\u00ed, doplnit plyn atd. P\u0159\u00edpojky na vodu a elekt\u0159inu a odpad jsou tam samoz\u0159ejmost\u00ed. &nbsp;V&nbsp;Americe je ale i bezpo\u010det mal\u00fdch rodinn\u00fdch kemp\u016f s&nbsp;r\u016fznou \u00farovn\u00ed vybavenosti. Kempy jsou v&nbsp;n\u00e1rodn\u00edch, st\u00e1tn\u00edch i provin\u010dn\u00edch parc\u00edch. <\/p>\n\n\n\n<figure class=\"wp-block-image size-large\"><img loading=\"lazy\" decoding=\"async\" width=\"800\" height=\"600\" src=\"https:\/\/all4camper.com\/\/wp-content\/uploads\/2021\/02\/Kemp-v-na\u0301rodni\u0301m-parku.jpg\" alt=\"\" class=\"wp-image-90038\" srcset=\"https:\/\/all4camper.com\/wp-content\/uploads\/2021\/02\/Kemp-v-na\u0301rodni\u0301m-parku.jpg 800w, https:\/\/all4camper.com\/wp-content\/uploads\/2021\/02\/Kemp-v-na\u0301rodni\u0301m-parku-300x225.jpg 300w, https:\/\/all4camper.com\/wp-content\/uploads\/2021\/02\/Kemp-v-na\u0301rodni\u0301m-parku-150x113.jpg 150w, https:\/\/all4camper.com\/wp-content\/uploads\/2021\/02\/Kemp-v-na\u0301rodni\u0301m-parku-768x576.jpg 768w, https:\/\/all4camper.com\/wp-content\/uploads\/2021\/02\/Kemp-v-na\u0301rodni\u0301m-parku-678x509.jpg 678w, https:\/\/all4camper.com\/wp-content\/uploads\/2021\/02\/Kemp-v-na\u0301rodni\u0301m-parku-326x245.jpg 326w, https:\/\/all4camper.com\/wp-content\/uploads\/2021\/02\/Kemp-v-na\u0301rodni\u0301m-parku-80x60.jpg 80w\" sizes=\"auto, (max-width: 800px) 100vw, 800px\" \/><figcaption>Kemp v n\u00e1rodn\u00edm parku. <\/figcaption><\/figure>\n\n\n\n<h3 class=\"wp-block-heading\">Tak\u017ee je na v\u00fdb\u011br&#8230;<\/h3>\n\n\n\n<p>Li\u0161\u00ed se vybavenost\u00ed, od t\u011bch luxusn\u00edch a\u017e po ty, kter\u00e9 v\u00e1m nab\u00eddnou alespo\u0148 centr\u00e1ln\u00ed zdroj vody a odpad (tzv. dump station), WC a n\u011bkdy sprchy. \u00da\u017easn\u00e1 v\u011bc na americk\u00e9m karavaningu je to, \u017ee v&nbsp;tak rozlehl\u00fdch zem\u00edch, jak\u00fdmi USA i Kanada jsou, vlastn\u011b funguje jednotn\u00fd syst\u00e9m. To cestov\u00e1n\u00ed ohromn\u011b uleh\u010duje.<\/p>\n\n\n\n<figure class=\"wp-block-image size-large\"><img loading=\"lazy\" decoding=\"async\" width=\"800\" height=\"600\" src=\"https:\/\/all4camper.com\/\/wp-content\/uploads\/2021\/02\/Kempov\u2020n\u00b0-v-soukroma\u0304m-kempu-ve-Fort-de-Soto..jpg\" alt=\"\" class=\"wp-image-90039\" srcset=\"https:\/\/all4camper.com\/wp-content\/uploads\/2021\/02\/Kempov\u2020n\u00b0-v-soukroma\u0304m-kempu-ve-Fort-de-Soto..jpg 800w, https:\/\/all4camper.com\/wp-content\/uploads\/2021\/02\/Kempov\u2020n\u00b0-v-soukroma\u0304m-kempu-ve-Fort-de-Soto.-300x225.jpg 300w, https:\/\/all4camper.com\/wp-content\/uploads\/2021\/02\/Kempov\u2020n\u00b0-v-soukroma\u0304m-kempu-ve-Fort-de-Soto.-150x113.jpg 150w, https:\/\/all4camper.com\/wp-content\/uploads\/2021\/02\/Kempov\u2020n\u00b0-v-soukroma\u0304m-kempu-ve-Fort-de-Soto.-768x576.jpg 768w, https:\/\/all4camper.com\/wp-content\/uploads\/2021\/02\/Kempov\u2020n\u00b0-v-soukroma\u0304m-kempu-ve-Fort-de-Soto.-678x509.jpg 678w, https:\/\/all4camper.com\/wp-content\/uploads\/2021\/02\/Kempov\u2020n\u00b0-v-soukroma\u0304m-kempu-ve-Fort-de-Soto.-326x245.jpg 326w, https:\/\/all4camper.com\/wp-content\/uploads\/2021\/02\/Kempov\u2020n\u00b0-v-soukroma\u0304m-kempu-ve-Fort-de-Soto.-80x60.jpg 80w\" sizes=\"auto, (max-width: 800px) 100vw, 800px\" \/><figcaption>Soukrom\u00fd kemp Fort de Soto. <\/figcaption><\/figure>\n\n\n\n<h3 class=\"wp-block-heading\">A co americk\u00e9 karavany?<\/h3>\n\n\n\n<p>Jako v\u0161echno v&nbsp;Americe, i karavany jsou o dost v\u011bt\u0161\u00ed ne\u017e ty, na kter\u00e9 jsme zvykl\u00ed z domova. Mnohem v\u00edce tam vid\u00edte obrovsk\u00e9 karavany velikosti autobusu ne\u017e karavan velikosti dod\u00e1vky. &nbsp;Nap\u0159\u00edklad n\u00e1m se karavan C 25 od Cruise America, kter\u00fd m\u00e1 skoro 8 metr\u016f, zd\u00e1l opravdu velik\u00fd, ale pouze do p\u0159\u00edjezdu do prvn\u00edho kempu, kde jsme vid\u011bli ty americk\u00e9 obry. Je tam opravdu rozd\u00edl mezi turistick\u00fdm a americk\u00fdm rodinn\u00fdm karavanem. Ameri\u010dan\u00e9 ve sv\u00fdch karavanech bydl\u00ed, a to se v\u0161\u00edm pohodl\u00edm. Pokud si chcete vytvo\u0159it p\u0159edstavu o turistick\u00fdch karavanech a kempech v&nbsp;Americe, m\u016f\u017eete se pod\u00edvat na n\u011bkter\u00e1 videa na na\u0161em YouTube kan\u00e1le, mysl\u00edm si, \u017ee opravdu v\u011brn\u011b ilustruj\u00ed skute\u010dnost: <a href=\"https:\/\/www.youtube.com\/user\/TravelAmericaCz\" target=\"_blank\" rel=\"noreferrer noopener\">tady<\/a><\/p>\n\n\n\n<figure class=\"wp-block-image size-large\"><img loading=\"lazy\" decoding=\"async\" width=\"800\" height=\"600\" src=\"https:\/\/all4camper.com\/\/wp-content\/uploads\/2021\/02\/Kempovani-v-soukromem-kempu-ve-Fort-de-Soto2.jpg\" alt=\"\" class=\"wp-image-90040\" srcset=\"https:\/\/all4camper.com\/wp-content\/uploads\/2021\/02\/Kempovani-v-soukromem-kempu-ve-Fort-de-Soto2.jpg 800w, https:\/\/all4camper.com\/wp-content\/uploads\/2021\/02\/Kempovani-v-soukromem-kempu-ve-Fort-de-Soto2-300x225.jpg 300w, https:\/\/all4camper.com\/wp-content\/uploads\/2021\/02\/Kempovani-v-soukromem-kempu-ve-Fort-de-Soto2-150x113.jpg 150w, https:\/\/all4camper.com\/wp-content\/uploads\/2021\/02\/Kempovani-v-soukromem-kempu-ve-Fort-de-Soto2-768x576.jpg 768w, https:\/\/all4camper.com\/wp-content\/uploads\/2021\/02\/Kempovani-v-soukromem-kempu-ve-Fort-de-Soto2-678x509.jpg 678w, https:\/\/all4camper.com\/wp-content\/uploads\/2021\/02\/Kempovani-v-soukromem-kempu-ve-Fort-de-Soto2-326x245.jpg 326w, https:\/\/all4camper.com\/wp-content\/uploads\/2021\/02\/Kempovani-v-soukromem-kempu-ve-Fort-de-Soto2-80x60.jpg 80w\" sizes=\"auto, (max-width: 800px) 100vw, 800px\" \/><figcaption>Fort de Soto. <\/figcaption><\/figure>\n\n\n\n<h3 class=\"wp-block-heading\">Zept\u00e1m se \u00fapln\u011b podrobn\u011b. Rozhodnu se, \u017ee chci cestovat po Americe v\u00a0karavanu, jak to tedy v\u0161e bude prob\u00edhat?<\/h3>\n\n\n\n<p>Doporu\u010dila bych V\u00e1m, abyste se nejd\u0159\u00edve pod\u00edvala na na\u0161e webov\u00e9 str\u00e1nky <a href=\"http:\/\/www.karavanyvamerice.cz\" target=\"_blank\" rel=\"noreferrer noopener\">karavanyvamerice<\/a>, kde jsme vypracovali opravdu \u0161irokou nab\u00eddku karavan\u016f a vybrala si ten sv\u016fj karavan. M\u00e1me v&nbsp;nab\u00eddce karavany 12 spole\u010dnost\u00ed a jsme ofici\u00e1ln\u00ed z\u00e1stupci spole\u010dnosti Cruise America, kter\u00e1 je nejv\u011bt\u0161\u00edm pronaj\u00edmatelem karavan\u016f v&nbsp;USA a kter\u00e1 m\u00e1 v&nbsp;Kanad\u011b dce\u0159inou spole\u010dnost Cruise Canada. Pr\u00e1v\u011b tyto spole\u010dnosti nab\u00edzej\u00ed, podle na\u0161ich dosavadn\u00edch zku\u0161enost\u00ed, nejv\u00fdhodn\u011bj\u0161\u00ed ceny na trhu.<\/p>\n\n\n\n<h3 class=\"wp-block-heading\">A jak zjist\u00edm, co m\u011b bude \u010dekat?<\/h3>\n\n\n\n<p>Na na\u0161ich str\u00e1nk\u00e1ch najdete tak\u00e9 odpov\u011bdi na nej\u010dast\u011bji pokl\u00e1dan\u00e9 dotazy na\u0161ich klient\u016f a rady a doporu\u010den\u00ed k&nbsp;cestov\u00e1n\u00ed karavanem po Americe.&nbsp; Kdy\u017e si vyberete ur\u010dit\u00fd karavan a v\u00edte kdy, odkud a kam budete cestovat, nech\u00e1te si od n\u00e1s p\u0159ipravit cenovou nab\u00eddku. Pokud ji akceptujete, zaplat\u00edte za pron\u00e1jem a my v\u00e1s vybav\u00edme nejen voucherem, ale i materi\u00e1ly a radami na cestu. Pokud si to budete p\u0159\u00e1t, p\u0159iprav\u00edme v\u00e1m podrobn\u00fd itiner\u00e1\u0159 cesty, rezervace kemp\u016f, zajist\u00edme ubytov\u00e1n\u00ed po p\u0159\u00edletu atd.<\/p>\n\n\n\n<h3 class=\"wp-block-heading\">Jak v\u0161e vypad\u00e1 po samotn\u00e9m p\u0159\u00edletu do St\u00e1t\u016f? Vystoup\u00edm z&nbsp;letadla, v\u0161e projdu, stanu p\u0159ed leti\u0161t\u011bm a co bude d\u00e1l\u2026<\/h3>\n\n\n\n<p>P\u016fjdete se ubytovat a vyspat se.<em> (sm\u00edch)<\/em> A to z&nbsp;toho d\u016fvodu, \u017ee karavan si m\u016f\u017eete vyzvednout a\u017e druh\u00fd den po p\u0159\u00edletu z Evropy. Plat\u00ed to u v\u0161ech spole\u010dnost\u00ed a je t\u0159eba s t\u00edm po\u010d\u00edtat p\u0159i pl\u00e1nov\u00e1n\u00ed va\u0161\u00ed cesty. P\u0159edem zkontaktujete p\u016fj\u010dovnu, kde si karavan budete vyzved\u00e1vat a domluv\u00edte si hodinu p\u0159evzet\u00ed vozidla. Pak u\u017e se jen s&nbsp;voucherem od n\u00e1s dostav\u00edte do p\u016fj\u010dovny, podep\u00ed\u0161ete smlouvu o pron\u00e1jmu, p\u0159evezmete karavan a vyraz\u00edte na cestu.<\/p>\n\n\n\n<figure class=\"wp-block-image size-large\"><img loading=\"lazy\" decoding=\"async\" width=\"800\" height=\"600\" src=\"https:\/\/all4camper.com\/\/wp-content\/uploads\/2021\/02\/PO\u0308ju\u0308ovna-Cruise-America-v-Orlandu-na-Florido\u0304..jpg\" alt=\"\" class=\"wp-image-90041\" srcset=\"https:\/\/all4camper.com\/wp-content\/uploads\/2021\/02\/PO\u0308ju\u0308ovna-Cruise-America-v-Orlandu-na-Florido\u0304..jpg 800w, https:\/\/all4camper.com\/wp-content\/uploads\/2021\/02\/PO\u0308ju\u0308ovna-Cruise-America-v-Orlandu-na-Florido\u0304.-300x225.jpg 300w, https:\/\/all4camper.com\/wp-content\/uploads\/2021\/02\/PO\u0308ju\u0308ovna-Cruise-America-v-Orlandu-na-Florido\u0304.-150x113.jpg 150w, https:\/\/all4camper.com\/wp-content\/uploads\/2021\/02\/PO\u0308ju\u0308ovna-Cruise-America-v-Orlandu-na-Florido\u0304.-768x576.jpg 768w, https:\/\/all4camper.com\/wp-content\/uploads\/2021\/02\/PO\u0308ju\u0308ovna-Cruise-America-v-Orlandu-na-Florido\u0304.-678x509.jpg 678w, https:\/\/all4camper.com\/wp-content\/uploads\/2021\/02\/PO\u0308ju\u0308ovna-Cruise-America-v-Orlandu-na-Florido\u0304.-326x245.jpg 326w, https:\/\/all4camper.com\/wp-content\/uploads\/2021\/02\/PO\u0308ju\u0308ovna-Cruise-America-v-Orlandu-na-Florido\u0304.-80x60.jpg 80w\" sizes=\"auto, (max-width: 800px) 100vw, 800px\" \/><figcaption>P\u016fj\u010dovna v Orlandu.<\/figcaption><\/figure>\n\n\n\n<h3 class=\"wp-block-heading\">Pot\u0159ebuji v\u00edzum?<\/h3>\n\n\n\n<p>V&nbsp;p\u0159\u00edpad\u011b pobytu do 90 dn\u00ed sta\u010d\u00ed pro vstup do USA i Kanady pouze elektronick\u00e1 registrace,&nbsp;v&nbsp;USA je to tzv. ESTA, v&nbsp;Kanad\u011b tzv. eTA. Ob\u011b lze prov\u00e9st p\u0159es na\u0161e webov\u00e9 str\u00e1nky<a href=\"http:\/\/www.travelamerica.cz\" target=\"_blank\" rel=\"noreferrer noopener\"> karavanyvamerice<\/a>. Vy\u0159\u00edzen\u00ed registrace nab\u00edz\u00edme i na\u0161im klient\u016fm, pouze musej\u00ed vyplnit dotazn\u00edk s&nbsp;osobn\u00edmi \u00fadaji. Pro cestu del\u0161\u00ed ne\u017e 90 dn\u00ed je u\u017e pot\u0159eba v\u00edzum do obou zem\u00ed, samoz\u0159ejm\u011b klient\u016fm zajist\u00edme asistenci.<\/p>\n\n\n\n<figure class=\"wp-block-image size-large\"><img loading=\"lazy\" decoding=\"async\" width=\"800\" height=\"600\" src=\"https:\/\/all4camper.com\/\/wp-content\/uploads\/2021\/02\/Sousedy-jsme-mo\u0304li-bl\u00b0zko-ale-vA\u0301ude-byl-klid-a-velmi-u\u0308isto..jpg\" alt=\"\" class=\"wp-image-90042\" srcset=\"https:\/\/all4camper.com\/wp-content\/uploads\/2021\/02\/Sousedy-jsme-mo\u0304li-bl\u00b0zko-ale-vA\u0301ude-byl-klid-a-velmi-u\u0308isto..jpg 800w, https:\/\/all4camper.com\/wp-content\/uploads\/2021\/02\/Sousedy-jsme-mo\u0304li-bl\u00b0zko-ale-vA\u0301ude-byl-klid-a-velmi-u\u0308isto.-300x225.jpg 300w, https:\/\/all4camper.com\/wp-content\/uploads\/2021\/02\/Sousedy-jsme-mo\u0304li-bl\u00b0zko-ale-vA\u0301ude-byl-klid-a-velmi-u\u0308isto.-150x113.jpg 150w, https:\/\/all4camper.com\/wp-content\/uploads\/2021\/02\/Sousedy-jsme-mo\u0304li-bl\u00b0zko-ale-vA\u0301ude-byl-klid-a-velmi-u\u0308isto.-768x576.jpg 768w, https:\/\/all4camper.com\/wp-content\/uploads\/2021\/02\/Sousedy-jsme-mo\u0304li-bl\u00b0zko-ale-vA\u0301ude-byl-klid-a-velmi-u\u0308isto.-678x509.jpg 678w, https:\/\/all4camper.com\/wp-content\/uploads\/2021\/02\/Sousedy-jsme-mo\u0304li-bl\u00b0zko-ale-vA\u0301ude-byl-klid-a-velmi-u\u0308isto.-326x245.jpg 326w, https:\/\/all4camper.com\/wp-content\/uploads\/2021\/02\/Sousedy-jsme-mo\u0304li-bl\u00b0zko-ale-vA\u0301ude-byl-klid-a-velmi-u\u0308isto.-80x60.jpg 80w\" sizes=\"auto, (max-width: 800px) 100vw, 800px\" \/><\/figure>\n\n\n\n<h3 class=\"wp-block-heading\">A co \u0159idi\u010dsk\u00fd pr\u016fkaz, jak je vlastn\u011b v\u0161e nastaven\u00e9?<\/h3>\n\n\n\n<p>Pro \u0159\u00edzen\u00ed v\u0161ech typ\u016f karavan\u016f v&nbsp;USA i Kanad\u011b sta\u010d\u00ed \u0159idi\u010dsk\u00fd pr\u016fkaz skupiny B. P\u016fj\u010dovny po\u017eaduj\u00ed dosa\u017een\u00ed minim\u00e1ln\u00edho v\u011bku \u0159idi\u010de, zpravidla je to 21 let. Pro pron\u00e1jem karavanu a uzav\u0159en\u00ed smlouvy v&nbsp;p\u016fj\u010dovn\u011b sta\u010d\u00ed n\u00e1rodn\u00ed \u0159idi\u010dsk\u00fd pr\u016fkaz a kreditn\u00ed (ne debetn\u00ed) karta na jm\u00e9no toho, kdo uzav\u00edr\u00e1 v&nbsp;p\u016fj\u010dovn\u011b smlouvu. D\u00e1le je t\u0159eba m\u00edt i mezin\u00e1rodn\u00ed \u0159idi\u010dsk\u00fd pr\u016fkaz pro p\u0159\u00edpad kontroly polici\u00ed.&nbsp;<\/p>\n\n\n\n<h3 class=\"wp-block-heading\">M\u00e1m se b\u00e1t v&nbsp;Americe \u0159\u00eddit, nebo se na n\u011bco speci\u00e1ln\u00edho p\u0159ipravit?<\/h3>\n\n\n\n<p>V&nbsp;Americe se ur\u010dit\u011b \u0159\u00eddit nebojte. \u0158\u00edzen\u00ed i samotn\u00fd provoz na silnic\u00edch je jednodu\u0161\u0161\u00ed ne\u017e v&nbsp;\u010cesk\u00e9 republice a trouf\u00e1me si \u0159\u00edct, \u017ee \u0159idi\u010di jsou tam ohledupln\u011bj\u0161\u00ed ne\u017e u n\u00e1s. Pravidla (nejen ta silni\u010dn\u00ed) se tam skute\u010dn\u011b dodr\u017euj\u00ed. Na to je t\u0159eba myslet, pokud si karavan p\u016fj\u010duji a chci ho \u0159\u00eddit. Samotn\u00e9 \u0159\u00edzen\u00ed nen\u00ed pro zku\u0161en\u00e9ho \u0159idi\u010de probl\u00e9m, karavany maj\u00ed automatickou p\u0159evodovku. Jsou to samoz\u0159ejm\u011b auta v\u011bt\u0161\u00ed ne\u017e osobn\u00ed a na to je t\u0159eba b\u00fdt p\u0159ipraven. Majitel karavanu nebo ten, kdo u\u017e si ho n\u011bkdy p\u016fj\u010dil a \u0159\u00eddil, ur\u010dit\u011b p\u0159ipraven je. Kdo p\u0159em\u00fd\u0161l\u00ed o tom, vydat se poprv\u00e9 na svoji dovolenou karavanem, USA a Kanada jsou zem\u011b, kter\u00e9 jsou pro nov\u00e1\u010dky ide\u00e1ln\u00ed.<\/p>\n\n\n\n<figure class=\"wp-block-image size-large\"><img loading=\"lazy\" decoding=\"async\" width=\"800\" height=\"600\" src=\"https:\/\/all4camper.com\/\/wp-content\/uploads\/2021\/02\/V-kempu-jsou-pz\u0307ipraveni-i-kdys-pz\u0307ijedete-pozdo\u0304.-Pokyny-jsou-jasna\u0304-r\u2020no-vA\u0301e-v-klidu-dovyz\u0307\u00b0d\u00b0te..jpg\" alt=\"\" class=\"wp-image-90043\" srcset=\"https:\/\/all4camper.com\/wp-content\/uploads\/2021\/02\/V-kempu-jsou-pz\u0307ipraveni-i-kdys-pz\u0307ijedete-pozdo\u0304.-Pokyny-jsou-jasna\u0304-r\u2020no-vA\u0301e-v-klidu-dovyz\u0307\u00b0d\u00b0te..jpg 800w, https:\/\/all4camper.com\/wp-content\/uploads\/2021\/02\/V-kempu-jsou-pz\u0307ipraveni-i-kdys-pz\u0307ijedete-pozdo\u0304.-Pokyny-jsou-jasna\u0304-r\u2020no-vA\u0301e-v-klidu-dovyz\u0307\u00b0d\u00b0te.-300x225.jpg 300w, https:\/\/all4camper.com\/wp-content\/uploads\/2021\/02\/V-kempu-jsou-pz\u0307ipraveni-i-kdys-pz\u0307ijedete-pozdo\u0304.-Pokyny-jsou-jasna\u0304-r\u2020no-vA\u0301e-v-klidu-dovyz\u0307\u00b0d\u00b0te.-150x113.jpg 150w, https:\/\/all4camper.com\/wp-content\/uploads\/2021\/02\/V-kempu-jsou-pz\u0307ipraveni-i-kdys-pz\u0307ijedete-pozdo\u0304.-Pokyny-jsou-jasna\u0304-r\u2020no-vA\u0301e-v-klidu-dovyz\u0307\u00b0d\u00b0te.-768x576.jpg 768w, https:\/\/all4camper.com\/wp-content\/uploads\/2021\/02\/V-kempu-jsou-pz\u0307ipraveni-i-kdys-pz\u0307ijedete-pozdo\u0304.-Pokyny-jsou-jasna\u0304-r\u2020no-vA\u0301e-v-klidu-dovyz\u0307\u00b0d\u00b0te.-678x509.jpg 678w, https:\/\/all4camper.com\/wp-content\/uploads\/2021\/02\/V-kempu-jsou-pz\u0307ipraveni-i-kdys-pz\u0307ijedete-pozdo\u0304.-Pokyny-jsou-jasna\u0304-r\u2020no-vA\u0301e-v-klidu-dovyz\u0307\u00b0d\u00b0te.-326x245.jpg 326w, https:\/\/all4camper.com\/wp-content\/uploads\/2021\/02\/V-kempu-jsou-pz\u0307ipraveni-i-kdys-pz\u0307ijedete-pozdo\u0304.-Pokyny-jsou-jasna\u0304-r\u2020no-vA\u0301e-v-klidu-dovyz\u0307\u00b0d\u00b0te.-80x60.jpg 80w\" sizes=\"auto, (max-width: 800px) 100vw, 800px\" \/><figcaption>P\u0159\u00edjezd v noci. <\/figcaption><\/figure>\n\n\n\n<h3 class=\"wp-block-heading\">Mohu se zeptat i na cenovou rovinu? Jak je takov\u00e1 dovolen\u00e1 n\u00e1kladn\u00e1?<\/h3>\n\n\n\n<p>Cena za dovolenou v&nbsp;karavanu v&nbsp;Americe je p\u0159ibli\u017en\u011b srovnateln\u00e1 (z\u00e1le\u017e\u00ed, jak moc dop\u0159edu si karavan rezervujete) s&nbsp;cenou, kterou byste platili, pokud byste si p\u016fj\u010dili auto a bydleli v&nbsp;levn\u00fdch motelech a stravovali se ve fastfoodech. N\u00e1m jako nejv\u011bt\u0161\u00ed pozitivum dovolen\u00e9 v&nbsp;karavanu v&nbsp;Americe p\u0159ipadala \u010dasov\u00e1 \u00faspora a flexibilita. Amerika je velk\u00e1 zem\u011b, vzd\u00e1lenosti jednotliv\u00fdch m\u00edst jsou mnohdy skute\u010dn\u011b obrovsk\u00e9. &nbsp;V&nbsp;karavanu vyt\u011b\u017e\u00edte ze sv\u00e9ho pobytu v Americe maximum. Ne\u0159e\u0161\u00edte p\u0159ejezdy od atraktivn\u00edch, zaj\u00edmav\u00fdch m\u00edst zp\u00e1tky do hotel\u016f a nap\u0159. r\u00e1na a ve\u010dery v n\u00e1rodn\u00edch nebo st\u00e1tn\u00edch parc\u00edch jsou t\u00e9m\u011b\u0159 bez lid\u00ed.<\/p>\n\n\n\n<figure class=\"wp-block-image size-large\"><img loading=\"lazy\" decoding=\"async\" width=\"800\" height=\"600\" src=\"https:\/\/all4camper.com\/\/wp-content\/uploads\/2021\/02\/V-kempu-Long-Pine-Key-v-NP-Everglades-je-pouze-centr\u2020ln\u00b0-dumping-station.-Instrukce-jsou-jasna\u0304..jpg\" alt=\"\" class=\"wp-image-90044\" srcset=\"https:\/\/all4camper.com\/wp-content\/uploads\/2021\/02\/V-kempu-Long-Pine-Key-v-NP-Everglades-je-pouze-centr\u2020ln\u00b0-dumping-station.-Instrukce-jsou-jasna\u0304..jpg 800w, https:\/\/all4camper.com\/wp-content\/uploads\/2021\/02\/V-kempu-Long-Pine-Key-v-NP-Everglades-je-pouze-centr\u2020ln\u00b0-dumping-station.-Instrukce-jsou-jasna\u0304.-300x225.jpg 300w, https:\/\/all4camper.com\/wp-content\/uploads\/2021\/02\/V-kempu-Long-Pine-Key-v-NP-Everglades-je-pouze-centr\u2020ln\u00b0-dumping-station.-Instrukce-jsou-jasna\u0304.-150x113.jpg 150w, https:\/\/all4camper.com\/wp-content\/uploads\/2021\/02\/V-kempu-Long-Pine-Key-v-NP-Everglades-je-pouze-centr\u2020ln\u00b0-dumping-station.-Instrukce-jsou-jasna\u0304.-768x576.jpg 768w, https:\/\/all4camper.com\/wp-content\/uploads\/2021\/02\/V-kempu-Long-Pine-Key-v-NP-Everglades-je-pouze-centr\u2020ln\u00b0-dumping-station.-Instrukce-jsou-jasna\u0304.-678x509.jpg 678w, https:\/\/all4camper.com\/wp-content\/uploads\/2021\/02\/V-kempu-Long-Pine-Key-v-NP-Everglades-je-pouze-centr\u2020ln\u00b0-dumping-station.-Instrukce-jsou-jasna\u0304.-326x245.jpg 326w, https:\/\/all4camper.com\/wp-content\/uploads\/2021\/02\/V-kempu-Long-Pine-Key-v-NP-Everglades-je-pouze-centr\u2020ln\u00b0-dumping-station.-Instrukce-jsou-jasna\u0304.-80x60.jpg 80w\" sizes=\"auto, (max-width: 800px) 100vw, 800px\" \/><figcaption>Kemp Long Pine Key. <\/figcaption><\/figure>\n\n\n\n<h3 class=\"wp-block-heading\">A na co myslet p\u0159i pl\u00e1nov\u00e1n\u00ed?<\/h3>\n\n\n\n<p>P\u0159i pl\u00e1nov\u00e1n\u00ed dovolen\u00e9 v&nbsp;USA a v&nbsp;Kanad\u011b karavanem je t\u0159eba si uv\u011bdomit, \u017ee karavany si zde opravdu p\u016fj\u010duj\u00ed lid\u00e9 z&nbsp;cel\u00e9ho sv\u011bta a \u017ee vozidel je omezen\u00fd po\u010det. Proto zde plat\u00ed, \u017ee \u010d\u00edm d\u0159\u00edv si karavan p\u016fj\u010dujete, t\u00edm je cena lep\u0161\u00ed, proto\u017ee karavan\u016f je dostatek. S&nbsp;bl\u00ed\u017e\u00edc\u00edm se za\u010d\u00e1tkem nejvy\u0161\u0161\u00ed sez\u00f3ny kles\u00e1 po\u010det karavan\u016f k&nbsp;dispozici a cena za jejich pron\u00e1jem se zvy\u0161uje, a to a\u017e o des\u00edtky tis\u00edc korun. Tzv. last minute nab\u00eddky tady ur\u010dit\u011b nefunguj\u00ed. Zku\u0161en\u00ed cestovatel\u00e9 do Ameriky si karavan rezervuj\u00ed i rok dop\u0159edu. Cenu pron\u00e1jmu karavanu tak\u00e9 v\u00fdrazn\u011b ovliv\u0148uje m\u00edsto, kde si jej p\u016fj\u010dujete. M\u016f\u017eeme v\u00e1m poradit, jak u\u0161et\u0159it hodn\u011b pen\u011bz, nap\u0159. pouze t\u00edm, \u017ee si v l\u00e9t\u011b pronajmete karavan ve Phoenixu a ne v Los Angeles. Klient\u016fm rozhodn\u011b doporu\u010dujeme si nejd\u0159\u00edve zajistit karavan a teprve potom letenky, nikdy ne naopak. &nbsp;<\/p>\n\n\n\n<h3 class=\"wp-block-heading\">Co bych vlastn\u011b m\u011bla v\u0161echno zn\u00e1t a um\u011bt, abych se na takovou dovolenou mohla vydat?<\/h3>\n\n\n\n<p>Proto\u017ee jedete bez pr\u016fvodce, doporu\u010dujeme znalost angli\u010dtiny na komunikativn\u00ed \u00farovni, v&nbsp;r\u016fzn\u00fdch situac\u00edch je t\u0159eba se um\u011bt domluvit. Samoz\u0159ejm\u011b, um\u011bt \u0159\u00eddit tak, abyste se c\u00edtila p\u0159i \u0159\u00edzen\u00ed karavanu dob\u0159e a ur\u010ditou d\u00e1vku samostatnosti, kter\u00e1 je pro cestov\u00e1n\u00ed obecn\u011b pot\u0159eba. Na Americe a na USA p\u0159edev\u0161\u00edm je v\u00fdhodou, \u017ee v\u011bci a slu\u017eby tam prost\u011b funguj\u00ed, tak\u017ee pokud n\u011bco pot\u0159ebujete, tak to dostanete, a nen\u00ed proto d\u016fvod k&nbsp;obav\u00e1m z cestov\u00e1n\u00ed do USA a Kanady samostatn\u011b.<\/p>\n\n\n\n<figure class=\"wp-block-image size-large\"><img loading=\"lazy\" decoding=\"async\" width=\"800\" height=\"600\" src=\"https:\/\/all4camper.com\/\/wp-content\/uploads\/2021\/02\/Vz\u030cchod-Slunce-v-kempu-v-Orlandu.jpg\" alt=\"\" class=\"wp-image-90045\" srcset=\"https:\/\/all4camper.com\/wp-content\/uploads\/2021\/02\/Vz\u030cchod-Slunce-v-kempu-v-Orlandu.jpg 800w, https:\/\/all4camper.com\/wp-content\/uploads\/2021\/02\/Vz\u030cchod-Slunce-v-kempu-v-Orlandu-300x225.jpg 300w, https:\/\/all4camper.com\/wp-content\/uploads\/2021\/02\/Vz\u030cchod-Slunce-v-kempu-v-Orlandu-150x113.jpg 150w, https:\/\/all4camper.com\/wp-content\/uploads\/2021\/02\/Vz\u030cchod-Slunce-v-kempu-v-Orlandu-768x576.jpg 768w, https:\/\/all4camper.com\/wp-content\/uploads\/2021\/02\/Vz\u030cchod-Slunce-v-kempu-v-Orlandu-678x509.jpg 678w, https:\/\/all4camper.com\/wp-content\/uploads\/2021\/02\/Vz\u030cchod-Slunce-v-kempu-v-Orlandu-326x245.jpg 326w, https:\/\/all4camper.com\/wp-content\/uploads\/2021\/02\/Vz\u030cchod-Slunce-v-kempu-v-Orlandu-80x60.jpg 80w\" sizes=\"auto, (max-width: 800px) 100vw, 800px\" \/><figcaption>V\u00fdchod slunce v Orlandu.<\/figcaption><\/figure>\n\n\n\n<h3 class=\"wp-block-heading\">A vy mi to p\u0159\u00edpadn\u011b vymysl\u00edte i &#8222;na m\u00edru&#8220;&#8230;<\/h3>\n\n\n\n<p>Samoz\u0159ejm\u011b, klient\u016fm nab\u00edz\u00edme p\u0159\u00edpravu jejich dovolen\u00e9 p\u0159\u00edmo na m\u00edru. Je jenom na nich, zda si od n\u00e1s pouze pronajmou karavan nebo si nechaj\u00ed p\u0159ipravit dovolenou den po dni, zarezervovat od n\u00e1s kempy, zajistit letenky, ubytov\u00e1n\u00ed po p\u0159\u00edletu, nechat se pojistit na cesty, zajistit vstupn\u00ed registraci. M\u00e1me kompletn\u00ed nab\u00eddku tak, aby si ka\u017ed\u00fd mohl zvolit. R\u00e1di s&nbsp;ka\u017ed\u00fdm klientem prodiskutujeme jeho p\u0159edstavu, d\u00e1me tipy a p\u0159iprav\u00edme mu dovolenou p\u0159\u00edmo na m\u00edru.<\/p>\n\n\n\n<figure class=\"wp-block-image size-large\"><img loading=\"lazy\" decoding=\"async\" width=\"800\" height=\"600\" src=\"https:\/\/all4camper.com\/\/wp-content\/uploads\/2021\/02\/Americkz\u030c-obr..jpg\" alt=\"\" class=\"wp-image-90046\" srcset=\"https:\/\/all4camper.com\/wp-content\/uploads\/2021\/02\/Americkz\u030c-obr..jpg 800w, https:\/\/all4camper.com\/wp-content\/uploads\/2021\/02\/Americkz\u030c-obr.-300x225.jpg 300w, https:\/\/all4camper.com\/wp-content\/uploads\/2021\/02\/Americkz\u030c-obr.-150x113.jpg 150w, https:\/\/all4camper.com\/wp-content\/uploads\/2021\/02\/Americkz\u030c-obr.-768x576.jpg 768w, https:\/\/all4camper.com\/wp-content\/uploads\/2021\/02\/Americkz\u030c-obr.-678x509.jpg 678w, https:\/\/all4camper.com\/wp-content\/uploads\/2021\/02\/Americkz\u030c-obr.-326x245.jpg 326w, https:\/\/all4camper.com\/wp-content\/uploads\/2021\/02\/Americkz\u030c-obr.-80x60.jpg 80w\" sizes=\"auto, (max-width: 800px) 100vw, 800px\" \/><figcaption>Americk\u00fd obr.<\/figcaption><\/figure>\n\n\n\n<h3 class=\"wp-block-heading\">Jak byste v\u016fbec popsala americk\u00e9 kempy?<\/h3>\n\n\n\n<p>S\u00ed\u0165 kemp\u016f je v&nbsp;Americe velmi hust\u00e1 a najdete zde jak st\u00e1tn\u00ed (p\u0159\u00edmo v&nbsp;n\u00e1rodn\u00edch, st\u00e1tn\u00edch nebo provin\u010dn\u00edch parc\u00edch), tak soukrom\u00e9 kempy. Ty jsou zpravidla velmi dob\u0159e vybaveny, kdy p\u0159\u00edmo u karavanu m\u00e1te p\u0159ipojen\u00ed na vodu, elekt\u0159inu a odpad (tzv. full hook-ups), gril nebo ohni\u0161t\u011b, piknikov\u00fd st\u016fl. V&nbsp;kempu jsou k&nbsp;dispozici WC, sprchy, mnohdy i pr\u00e1delna se su\u0161i\u010dkami, baz\u00e9n, d\u011btsk\u00e9 h\u0159i\u0161t\u011b, obvykle tak\u00e9 obchod a mo\u017enost sportovn\u00edch aktivit. Ve st\u00e1tn\u00edch kempech je p\u0159\u00edmo u karavanu maxim\u00e1ln\u011b p\u0159ipojen\u00ed na elekt\u0159inu, piknikov\u00fd st\u016fl a ohni\u0161t\u011b nebo gril. V&nbsp;kempu je k&nbsp;dispozici v\u011bt\u0161inou centr\u00e1ln\u00ed zdroj vody a odpad (tzv. dump station), WC a n\u011bkdy sprchy. Mysl\u00edm, \u017ee informace o kempech jsme pom\u011brn\u011b p\u0159ehledn\u011b zpracovali na na\u0161ich webov\u00fdch str\u00e1nk\u00e1ch. Z\u00e1jemci zde mohou naj\u00edt nejen popis druh\u016f kemp\u016f a odpov\u011bdi na \u010dasto kladen\u00e9 ot\u00e1zky, ale i odkazy na webov\u00e9 str\u00e1nky, kde si mohou sv\u016fj kemp naj\u00edt i rezervovat.<\/p>\n\n\n\n<figure class=\"wp-block-image size-large\"><img loading=\"lazy\" decoding=\"async\" width=\"800\" height=\"600\" src=\"https:\/\/all4camper.com\/\/wp-content\/uploads\/2021\/02\/Kempy-znau\u0308ky-KOA-maj\u00b0-k-dispozici-obchod-spoleu\u0308enskz\u030c-s\u2020l-baza\u0304n-atd..jpg\" alt=\"\" class=\"wp-image-90047\" srcset=\"https:\/\/all4camper.com\/wp-content\/uploads\/2021\/02\/Kempy-znau\u0308ky-KOA-maj\u00b0-k-dispozici-obchod-spoleu\u0308enskz\u030c-s\u2020l-baza\u0304n-atd..jpg 800w, https:\/\/all4camper.com\/wp-content\/uploads\/2021\/02\/Kempy-znau\u0308ky-KOA-maj\u00b0-k-dispozici-obchod-spoleu\u0308enskz\u030c-s\u2020l-baza\u0304n-atd.-300x225.jpg 300w, https:\/\/all4camper.com\/wp-content\/uploads\/2021\/02\/Kempy-znau\u0308ky-KOA-maj\u00b0-k-dispozici-obchod-spoleu\u0308enskz\u030c-s\u2020l-baza\u0304n-atd.-150x113.jpg 150w, https:\/\/all4camper.com\/wp-content\/uploads\/2021\/02\/Kempy-znau\u0308ky-KOA-maj\u00b0-k-dispozici-obchod-spoleu\u0308enskz\u030c-s\u2020l-baza\u0304n-atd.-768x576.jpg 768w, https:\/\/all4camper.com\/wp-content\/uploads\/2021\/02\/Kempy-znau\u0308ky-KOA-maj\u00b0-k-dispozici-obchod-spoleu\u0308enskz\u030c-s\u2020l-baza\u0304n-atd.-678x509.jpg 678w, https:\/\/all4camper.com\/wp-content\/uploads\/2021\/02\/Kempy-znau\u0308ky-KOA-maj\u00b0-k-dispozici-obchod-spoleu\u0308enskz\u030c-s\u2020l-baza\u0304n-atd.-326x245.jpg 326w, https:\/\/all4camper.com\/wp-content\/uploads\/2021\/02\/Kempy-znau\u0308ky-KOA-maj\u00b0-k-dispozici-obchod-spoleu\u0308enskz\u030c-s\u2020l-baza\u0304n-atd.-80x60.jpg 80w\" sizes=\"auto, (max-width: 800px) 100vw, 800px\" \/><figcaption>Kempy zna\u010dky KOA. <\/figcaption><\/figure>\n\n\n\n<h3 class=\"wp-block-heading\">A jak je to s&nbsp;kempov\u00e1n\u00edm \u201ena divoko\u201c?<\/h3>\n\n\n\n<p>Mimo Alja\u0161ku, Yukon a severn\u00ed Britskou Kolumbii (na sever od Prince George) lze dle z\u00e1kona kempovat pouze na m\u00edstech k tomu ur\u010den\u00fdch (tj. v kempech a vyhrazen\u00fdch m\u00edstech v Public Lands) nebo na soukrom\u00e9m pozemku se svolen\u00edm majitele. V praxi lze v USA kempovat zdarma na parkovi\u0161t\u00edch supermarketu Wallmart po p\u0159edchoz\u00edm svolen\u00ed mana\u017eera prodejny. Z&nbsp;bezpe\u010dnostn\u00edch d\u016fvod\u016f v\u0161ak ve m\u011bstech mimo kempy nedoporu\u010dujeme kempovat. &nbsp;Pokud se v\u00e1m stane, \u017ee jste unaveni a u\u017e je pozd\u011b na hled\u00e1n\u00ed kempu, m\u016f\u017eete mimo m\u011bsta zastavit na opu\u0161t\u011bn\u00e9m m\u00edst\u011b (nesm\u00ed b\u00fdt soukrom\u00e9) a str\u00e1vit zde noc v&nbsp;karavanu. P\u0159i p\u0159\u00edpadn\u00e9 kontrole polici\u00ed lze \u0159\u00edci, \u017ee jste byli unaveni a nena\u0161li kemp. Ale leg\u00e1ln\u00ed to nen\u00ed. Kempov\u00e1n\u00ed mimo kempy v&nbsp;n\u00e1rodn\u00edch, st\u00e1tn\u00edch a provin\u010dn\u00edch parc\u00edch je striktn\u011b zak\u00e1z\u00e1no.<\/p>\n\n\n\n<h3 class=\"wp-block-heading\">A je je\u0161t\u011b n\u011bjak\u00e1 alternativa?<\/h3>\n\n\n\n<p>D\u00e1le lze kempovat zdarma v&nbsp;n\u011bkter\u00e9m z&nbsp;n\u00e1dhern\u00fdch Public Lands. Tato m\u00edsta byla vy\u010dlen\u011bna vl\u00e1dami USA a Kanady pro rekrea\u010dn\u00ed \u00fa\u010dely. Doporu\u010dujeme m\u00edsta pod spr\u00e1vou Forest Service (Forest Service Land), BLM (Bureau of Land Management), WMA (Wildlife Management Areas), County Parks a City Parks. V\u0161echna tato m\u00edsta nenab\u00edzej\u00ed \u017e\u00e1dn\u00e9 p\u0159\u00edpojky, \u017eijete zde ve sv\u00e9m karavanu bez p\u0159ipojen\u00ed k&nbsp;elektrice, vod\u011b a odpadu.<\/p>\n\n\n\n<figure class=\"wp-block-image size-large\"><img loading=\"lazy\" decoding=\"async\" width=\"800\" height=\"600\" src=\"https:\/\/all4camper.com\/\/wp-content\/uploads\/2021\/02\/L\u00b0zen\u00b0-karavanu-v-USA-je-stejna\u0304-jako-doma..jpg\" alt=\"\" class=\"wp-image-90048\" srcset=\"https:\/\/all4camper.com\/wp-content\/uploads\/2021\/02\/L\u00b0zen\u00b0-karavanu-v-USA-je-stejna\u0304-jako-doma..jpg 800w, https:\/\/all4camper.com\/wp-content\/uploads\/2021\/02\/L\u00b0zen\u00b0-karavanu-v-USA-je-stejna\u0304-jako-doma.-300x225.jpg 300w, https:\/\/all4camper.com\/wp-content\/uploads\/2021\/02\/L\u00b0zen\u00b0-karavanu-v-USA-je-stejna\u0304-jako-doma.-150x113.jpg 150w, https:\/\/all4camper.com\/wp-content\/uploads\/2021\/02\/L\u00b0zen\u00b0-karavanu-v-USA-je-stejna\u0304-jako-doma.-768x576.jpg 768w, https:\/\/all4camper.com\/wp-content\/uploads\/2021\/02\/L\u00b0zen\u00b0-karavanu-v-USA-je-stejna\u0304-jako-doma.-678x509.jpg 678w, https:\/\/all4camper.com\/wp-content\/uploads\/2021\/02\/L\u00b0zen\u00b0-karavanu-v-USA-je-stejna\u0304-jako-doma.-326x245.jpg 326w, https:\/\/all4camper.com\/wp-content\/uploads\/2021\/02\/L\u00b0zen\u00b0-karavanu-v-USA-je-stejna\u0304-jako-doma.-80x60.jpg 80w\" sizes=\"auto, (max-width: 800px) 100vw, 800px\" \/><figcaption>\u0158\u00edzen\u00ed je stejn\u00e9 jako u n\u00e1s. <\/figcaption><\/figure>\n\n\n\n<h3 class=\"wp-block-heading\">M\u00e1te n\u011bjak\u00fd sv\u016fj speci\u00e1ln\u00ed americk\u00fd kempa\u0159sk\u00fd z\u00e1\u017eitek?<\/h3>\n\n\n\n<p>Nev\u00edm, zda je p\u0159\u00edmo kempa\u0159sk\u00fd, ale n\u00e1\u0161 asi nejsiln\u011bj\u0161\u00ed z\u00e1\u017eitek z&nbsp;kempov\u00e1n\u00ed po Florid\u011b byla mo\u017enost p\u0159ijet karavanen na Mys Canaveral a b\u011bhem t\u0159\u00ed dn\u016f zde sledovat start dvou raket: Falcon 9 od Space X a Atlas 5 s&nbsp;kosmickou lod\u00ed Starliner. Falcoln 9 startoval v noci a Atlas 5 p\u0159i v\u00fdchodu slunce. Byla tma, my jsme ale p\u0159edstartovn\u00ed operace poslouchali p\u0159es internet v pohodl\u00ed karavanu a \u010dekali zde t\u00e9m\u011b\u0159 a\u017e do startu. Dali jsme si j\u00eddlo, k\u00e1vu, prost\u011b jsme si to zp\u0159\u00edjemnili. Takto v&nbsp;pohod\u011b by to bez karavanu prost\u011b ne\u0161lo, to jsme si uv\u011bdomili.<\/p>\n\n\n\n<h3 class=\"wp-block-heading\">To muselo b\u00fdt \u00fa\u017easn\u00e9&#8230;<\/h3>\n\n\n\n<p>Pro n\u00e1s pro v\u0161echny to byl velmi siln\u00fd z\u00e1\u017eitek, ale nejsiln\u011bj\u0161\u00ed pro Martina, proto\u017ee on, kter\u00fd u\u017e do USA jezd\u00ed 26 let a na kosmodromu byl nejm\u00e9n\u011b 30 x, vid\u011bl start rakety, vlastn\u011b dvou, v\u016fbec poprv\u00e9 v \u017eivot\u011b. D\u011bl\u00e1me si z&nbsp;n\u011bj te\u010f legraci, \u017ee evidentn\u011b se vyplat\u00ed vz\u00edt rodinu a pronajmout si karavan, takov\u00e9 z\u00e1\u017eitky by jinak nem\u011bl. <em>(sm\u00edch)<\/em><\/p>\n\n\n\n<figure class=\"wp-block-image size-large\"><img loading=\"lazy\" decoding=\"async\" width=\"800\" height=\"600\" src=\"https:\/\/all4camper.com\/\/wp-content\/uploads\/2021\/02\/Soukromz\u030c-kemp-u-jezera-Okeechobee-ve-floridska\u0304m-vnitrozem\u00b0.jpg\" alt=\"\" class=\"wp-image-90049\" srcset=\"https:\/\/all4camper.com\/wp-content\/uploads\/2021\/02\/Soukromz\u030c-kemp-u-jezera-Okeechobee-ve-floridska\u0304m-vnitrozem\u00b0.jpg 800w, https:\/\/all4camper.com\/wp-content\/uploads\/2021\/02\/Soukromz\u030c-kemp-u-jezera-Okeechobee-ve-floridska\u0304m-vnitrozem\u00b0-300x225.jpg 300w, https:\/\/all4camper.com\/wp-content\/uploads\/2021\/02\/Soukromz\u030c-kemp-u-jezera-Okeechobee-ve-floridska\u0304m-vnitrozem\u00b0-150x113.jpg 150w, https:\/\/all4camper.com\/wp-content\/uploads\/2021\/02\/Soukromz\u030c-kemp-u-jezera-Okeechobee-ve-floridska\u0304m-vnitrozem\u00b0-768x576.jpg 768w, https:\/\/all4camper.com\/wp-content\/uploads\/2021\/02\/Soukromz\u030c-kemp-u-jezera-Okeechobee-ve-floridska\u0304m-vnitrozem\u00b0-678x509.jpg 678w, https:\/\/all4camper.com\/wp-content\/uploads\/2021\/02\/Soukromz\u030c-kemp-u-jezera-Okeechobee-ve-floridska\u0304m-vnitrozem\u00b0-326x245.jpg 326w, https:\/\/all4camper.com\/wp-content\/uploads\/2021\/02\/Soukromz\u030c-kemp-u-jezera-Okeechobee-ve-floridska\u0304m-vnitrozem\u00b0-80x60.jpg 80w\" sizes=\"auto, (max-width: 800px) 100vw, 800px\" \/><figcaption>Kemp u jezera Okeechobee ve floridska\u0304m vnitrozem\u00ed. <\/figcaption><\/figure>\n\n\n\n<h3 class=\"wp-block-heading\">Jak\u00fd je v\u016fbec nyn\u00ed o pron\u00e1jem obyt\u0148\u00e1ku v&nbsp;Americe z\u00e1jem?<\/h3>\n\n\n\n<p>Je o n\u011bj velk\u00fd z\u00e1jem, co\u017e ur\u010dit\u011b souvis\u00ed s&nbsp;boomem karavaningu v&nbsp;\u010cech\u00e1ch a i s&nbsp;t\u00edm, \u017ee lid\u00e9 u\u017e v\u011bd\u00ed, \u017ee karavaning jim nab\u00edz\u00ed \u00fapln\u011b jin\u00fd zp\u016fsob, jak pozn\u00e1vat a u\u017e\u00edt si Ameriku. Kdy\u017e jsme za\u010dali s&nbsp;t\u00edmto projektem, \u0159\u00edkali jsme si, \u017ee nemus\u00edme p\u0159esv\u011bd\u010dovat karavanisty o v\u00fdhod\u00e1ch cestov\u00e1n\u00ed obyt\u0148\u00e1kem. To, co bychom cht\u011bli, je p\u0159esv\u011bd\u010dit lidi, kte\u0159\u00ed pl\u00e1nuj\u00ed dovolenou v USA nebo v Kanad\u011b, aby zap\u0159em\u00fd\u0161leli o pron\u00e1jmu karavanu jako o skv\u011bl\u00e9 mo\u017enosti, jak si pobyt u\u017e\u00edt a jak intenzivn\u011bji poznat Ameriku. Zkr\u00e1tka pro\u017e\u00edt svou dovolenou v Americe jinak.<\/p>\n\n\n\n<figure class=\"wp-block-image size-large\"><img loading=\"lazy\" decoding=\"async\" width=\"800\" height=\"600\" src=\"https:\/\/all4camper.com\/\/wp-content\/uploads\/2021\/02\/Tzv.-Full-hook-up-v-kempu-u-jezera-Okochobee.jpg\" alt=\"\" class=\"wp-image-90050\" srcset=\"https:\/\/all4camper.com\/wp-content\/uploads\/2021\/02\/Tzv.-Full-hook-up-v-kempu-u-jezera-Okochobee.jpg 800w, https:\/\/all4camper.com\/wp-content\/uploads\/2021\/02\/Tzv.-Full-hook-up-v-kempu-u-jezera-Okochobee-300x225.jpg 300w, https:\/\/all4camper.com\/wp-content\/uploads\/2021\/02\/Tzv.-Full-hook-up-v-kempu-u-jezera-Okochobee-150x113.jpg 150w, https:\/\/all4camper.com\/wp-content\/uploads\/2021\/02\/Tzv.-Full-hook-up-v-kempu-u-jezera-Okochobee-768x576.jpg 768w, https:\/\/all4camper.com\/wp-content\/uploads\/2021\/02\/Tzv.-Full-hook-up-v-kempu-u-jezera-Okochobee-678x509.jpg 678w, https:\/\/all4camper.com\/wp-content\/uploads\/2021\/02\/Tzv.-Full-hook-up-v-kempu-u-jezera-Okochobee-326x245.jpg 326w, https:\/\/all4camper.com\/wp-content\/uploads\/2021\/02\/Tzv.-Full-hook-up-v-kempu-u-jezera-Okochobee-80x60.jpg 80w\" sizes=\"auto, (max-width: 800px) 100vw, 800px\" \/><figcaption>Full hook-up. <\/figcaption><\/figure>\n\n\n\n<h3 class=\"wp-block-heading\">Jak\u00e9 m\u00e1te dal\u0161\u00ed projekty?<\/h3>\n\n\n\n<p>Krom\u011b \u201eKaravan\u016f v&nbsp;Americe\u201c jsme spustili i n\u00e1\u0161 dal\u0161\u00ed projekt \u201eMotorky v&nbsp;Americe\u201c, kter\u00fdm c\u00edl\u00edme na milovn\u00edky siln\u00fdch motorek. Ti si od n\u00e1s mohou za velmi zaj\u00edmav\u00e9 ceny pronajmout v&nbsp;USA motocykl a nechat si p\u0159ipravit dovolenou na m\u00edru v\u010detn\u011b itiner\u00e1\u0159e, ubytov\u00e1n\u00ed na cest\u011b a v\u0161ech cestovn\u00edch slu\u017eeb. Mohou cestovat bu\u010f sami podle p\u0159edem p\u0159ipraven\u00e9ho itiner\u00e1\u0159e nebo s&nbsp;pr\u016fvodcem. Tyto z\u00e1jezdy v\u017edy pr\u016fvodcuje Martin, kter\u00fd jede v&nbsp;doprovodn\u00e9m aut\u011b se zavazadly klient\u016f a p\u0159\u00edpadn\u011b s klienty, kte\u0159\u00ed necht\u011bj\u00ed \u0159\u00eddit motorky. U\u017e n\u011bkolik sez\u00f3n tyto z\u00e1jezdy realizujeme, nejen po obl\u00edben\u00e9 Route 66, z\u00e1padu USA nebo Florid\u011b, ale i v&nbsp;Kanad\u011b p\u0159i p\u0159ejezdu kanadsk\u00fdch Rockies. No a samostatn\u00e1 kapitola jsou ji\u017e zm\u00edn\u011bn\u00e9 z\u00e1jezdy na m\u00edru. P\u0159ipravujeme pro na\u0161e klienty z\u00e1jezdy p\u0159esn\u011b c\u00edlen\u00e9 na jejich p\u0159\u00e1n\u00ed a\u0165 ji\u017e s pr\u016fvodcem, nebo samostatn\u011b. Amerika je velk\u00e1 zem\u011b a i v turistick\u00e9m businessu zde plat\u00ed, \u017ee je to zem\u011b neomezen\u00fdch mo\u017enost\u00ed.<\/p>\n\n\n\n<h3 class=\"wp-block-heading\">A co pl\u00e1ny do budoucna?<\/h3>\n\n\n\n<p>Kdy\u017e jsme vraceli v&nbsp;lednu 2020 karavan v&nbsp;p\u016fj\u010dovn\u011b v&nbsp;Orlandu, \u0159\u00edkali jsme si, \u017ee jste si m\u011bli cestu napl\u00e1novat na mnohem del\u0161\u00ed dobu a bylo n\u00e1m smutno, \u017ee u\u017e to kon\u010d\u00ed. A to jsme zdaleka netu\u0161ili, co p\u0159ijde za dva m\u011bs\u00edce\u2026 Na\u0161\u00edm pl\u00e1nem do budoucna je tedy zase se do Ameriky vr\u00e1tit a zase cestovat karavanem. Doma u\u017e d\u00e1v\u00e1me dohromady itiner\u00e1\u0159 cesty. Zat\u00edm v\u00edme, \u017ee to bude okruh st\u00e1ty Arizona, Colorado, Ji\u017en\u00ed Dakota, Utah a Wyoming.<\/p>\n\n\n\n<h3 class=\"wp-block-heading\">Ano, doba tomu zrovna nenahr\u00e1v\u00e1&#8230;<\/h3>\n\n\n\n<p>Nikdo z&nbsp;n\u00e1s nev\u00ed, kdy a za jak\u00fdch podm\u00ednek bude mo\u017en\u00e9 op\u011bt do Ameriky cestovat. Ale na\u0161e \u017eivotn\u00ed zku\u0161enosti n\u00e1s nau\u010dily, \u017ee je t\u0159eba m\u00edt svoje cestovatelsk\u00e9 sny a b\u00fdt p\u0159ipraven je uskute\u010dnit, kdy\u017e to jde. Pevn\u011b v\u011b\u0159\u00edme, \u017ee to bude ji\u017e brzy.<\/p>\n\n\n\n<figure class=\"wp-block-image size-large\"><img loading=\"lazy\" decoding=\"async\" width=\"800\" height=\"600\" src=\"https:\/\/all4camper.com\/\/wp-content\/uploads\/2021\/02\/Karavan-typu-tranzit-v-kempu-Flamingo-v-N\u2020rodn\u00b0m-parku-Everglades.jpg\" alt=\"\" class=\"wp-image-90051\" srcset=\"https:\/\/all4camper.com\/wp-content\/uploads\/2021\/02\/Karavan-typu-tranzit-v-kempu-Flamingo-v-N\u2020rodn\u00b0m-parku-Everglades.jpg 800w, https:\/\/all4camper.com\/wp-content\/uploads\/2021\/02\/Karavan-typu-tranzit-v-kempu-Flamingo-v-N\u2020rodn\u00b0m-parku-Everglades-300x225.jpg 300w, https:\/\/all4camper.com\/wp-content\/uploads\/2021\/02\/Karavan-typu-tranzit-v-kempu-Flamingo-v-N\u2020rodn\u00b0m-parku-Everglades-150x113.jpg 150w, https:\/\/all4camper.com\/wp-content\/uploads\/2021\/02\/Karavan-typu-tranzit-v-kempu-Flamingo-v-N\u2020rodn\u00b0m-parku-Everglades-768x576.jpg 768w, https:\/\/all4camper.com\/wp-content\/uploads\/2021\/02\/Karavan-typu-tranzit-v-kempu-Flamingo-v-N\u2020rodn\u00b0m-parku-Everglades-678x509.jpg 678w, https:\/\/all4camper.com\/wp-content\/uploads\/2021\/02\/Karavan-typu-tranzit-v-kempu-Flamingo-v-N\u2020rodn\u00b0m-parku-Everglades-326x245.jpg 326w, https:\/\/all4camper.com\/wp-content\/uploads\/2021\/02\/Karavan-typu-tranzit-v-kempu-Flamingo-v-N\u2020rodn\u00b0m-parku-Everglades-80x60.jpg 80w\" sizes=\"auto, (max-width: 800px) 100vw, 800px\" \/><\/figure>\n\n\n\n<h3 class=\"wp-block-heading\">A co z hlediska karavaningu jako takov\u00e9ho?<\/h3>\n\n\n\n<p>Co se t\u00fd\u010de karavaningu, chceme letos za\u010d\u00edt oslovovat majitele kemp\u016f, prodejce a pronaj\u00edmatele karavan\u016f v \u010cesk\u00e9 republice a na Slovensku a nab\u00edzet jim spolupr\u00e1ci na pron\u00e1jmy karavan\u016f v USA a Kanad\u011b. My m\u00e1me zku\u0161enosti, oni maj\u00ed klienty. Pro\u010d to nezkusit d\u00e1t dohromady?<\/p>\n\n\n\n<h3 class=\"wp-block-heading\">A m\u016f\u017eeme v\u00e1s n\u011bkde i potkat?<\/h3>\n\n\n\n<p>Ano, tak\u00e9 chceme v\u00edce propagovat karavaning v Americe formou p\u0159edn\u00e1\u0161ek, besed a \u010dl\u00e1nk\u016f. Pro za\u010d\u00e1tek m\u016f\u017eete nav\u0161t\u00edvit t\u0159eba na\u0161e p\u0159edn\u00e1\u0161ky o karavaningu v Americe na veletrhu For Caravan v dubnu v Praze. Budou se konat v p\u00e1tek i v sobotu.<\/p>\n","protected":false},"excerpt":{"rendered":"<p>Tak\u00e9 jste si n\u011bkdy pohr\u00e1vali s my\u0161lenkou, jak\u00e9 by to bylo zkusit s obytn\u00fdm autem procestovat Ameriku? J\u00e1 rozhodn\u011b a i z toho d\u016fvodu vznikl tenhle velmi podrobn\u00fd rozhovor ve kter\u00e9m se nejen dozv\u00edte jak vznikl n\u00e1pad vytvo\u0159it CK, ale tak\u00e9 jak v Americe vypad\u00e1 cestov\u00e1n\u00ed karavanem a co v\u0161e mus\u00edte za\u0159\u00eddit, ne\u017e se tam [&hellip;]<\/p>\n","protected":false},"author":161,"featured_media":90040,"comment_status":"closed","ping_status":"open","sticky":false,"template":"","format":"standard","meta":{"_monsterinsights_skip_tracking":false,"_monsterinsights_sitenote_active":false,"_monsterinsights_sitenote_note":"","_monsterinsights_sitenote_category":0,"footnotes":""},"categories":[11194,422,2373],"tags":[9364,383,343,366,8122],"class_list":{"0":"post-90031","1":"post","2":"type-post","3":"status-publish","4":"format-standard","5":"has-post-thumbnail","7":"category-karavaning","8":"category-novinky-kempovani-a-karavaning","9":"category-ostatni-zeme","10":"tag-karavanistemezinami","11":"tag-ostatni-zeme","12":"tag-rozhovory","13":"tag-zakladni-informace","14":"tag-karavaning"},"yoast_head":"<!-- This site is optimized with the Yoast SEO plugin v27.5 - https:\/\/yoast.com\/product\/yoast-seo-wordpress\/ -->\n<title>Kempov\u00e1n\u00ed v Americe aneb v\u0161e, co pot\u0159ebujete v\u011bd\u011bt - All4Camper<\/title>\n<meta name=\"description\" content=\"All4Camper - Kempov\u00e1n\u00ed v Americe aneb v\u0161e, co pot\u0159ebujete v\u011bd\u011bt\" \/>\n<meta name=\"robots\" content=\"index, follow, max-snippet:-1, max-image-preview:large, max-video-preview:-1\" \/>\n<link rel=\"canonical\" href=\"https:\/\/all4camper.com\/cs\/kempovani-v-americe-aneb-vse-co-potrebujete-vedet\/\" \/>\n<meta property=\"og:locale\" content=\"cs_CZ\" \/>\n<meta property=\"og:type\" content=\"article\" \/>\n<meta property=\"og:title\" content=\"Kempov\u00e1n\u00ed v Americe aneb v\u0161e, co pot\u0159ebujete v\u011bd\u011bt - All4Camper\" \/>\n<meta property=\"og:description\" content=\"All4Camper - Kempov\u00e1n\u00ed v Americe aneb v\u0161e, co pot\u0159ebujete v\u011bd\u011bt\" \/>\n<meta property=\"og:url\" content=\"https:\/\/all4camper.com\/cs\/kempovani-v-americe-aneb-vse-co-potrebujete-vedet\/\" \/>\n<meta property=\"og:site_name\" content=\"All4Camper\" \/>\n<meta property=\"article:published_time\" content=\"2021-02-04T08:00:59+00:00\" \/>\n<meta property=\"article:modified_time\" content=\"2022-12-13T13:46:49+00:00\" \/>\n<meta property=\"og:image\" content=\"https:\/\/all4camper.com\/wp-content\/uploads\/2021\/02\/Kempovani-v-soukromem-kempu-ve-Fort-de-Soto2.jpg\" \/>\n\t<meta property=\"og:image:width\" content=\"800\" \/>\n\t<meta property=\"og:image:height\" content=\"600\" \/>\n\t<meta property=\"og:image:type\" content=\"image\/jpeg\" \/>\n<meta name=\"author\" content=\"Kate\u0159ina\" \/>\n<meta name=\"twitter:card\" content=\"summary_large_image\" \/>\n<meta name=\"twitter:label1\" content=\"Napsal(a)\" \/>\n\t<meta name=\"twitter:data1\" content=\"Kate\u0159ina\" \/>\n\t<meta name=\"twitter:label2\" content=\"Odhadovan\u00e1 doba \u010dten\u00ed\" \/>\n\t<meta name=\"twitter:data2\" content=\"19 minut\" \/>\n<script type=\"application\/ld+json\" class=\"yoast-schema-graph\">{\"@context\":\"https:\\\/\\\/schema.org\",\"@graph\":[{\"@type\":\"Article\",\"@id\":\"https:\\\/\\\/all4camper.com\\\/cs\\\/kempovani-v-americe-aneb-vse-co-potrebujete-vedet\\\/#article\",\"isPartOf\":{\"@id\":\"https:\\\/\\\/all4camper.com\\\/cs\\\/kempovani-v-americe-aneb-vse-co-potrebujete-vedet\\\/\"},\"author\":{\"name\":\"Kate\u0159ina\",\"@id\":\"https:\\\/\\\/all4camper.com\\\/cs\\\/#\\\/schema\\\/person\\\/9349489688d4c221ca0fc39ae6bcb70b\"},\"headline\":\"Kempov\u00e1n\u00ed v Americe aneb v\u0161e, co pot\u0159ebujete v\u011bd\u011bt\",\"datePublished\":\"2021-02-04T08:00:59+00:00\",\"dateModified\":\"2022-12-13T13:46:49+00:00\",\"mainEntityOfPage\":{\"@id\":\"https:\\\/\\\/all4camper.com\\\/cs\\\/kempovani-v-americe-aneb-vse-co-potrebujete-vedet\\\/\"},\"wordCount\":3898,\"publisher\":{\"@id\":\"https:\\\/\\\/all4camper.com\\\/cs\\\/#organization\"},\"image\":{\"@id\":\"https:\\\/\\\/all4camper.com\\\/cs\\\/kempovani-v-americe-aneb-vse-co-potrebujete-vedet\\\/#primaryimage\"},\"thumbnailUrl\":\"https:\\\/\\\/all4camper.com\\\/wp-content\\\/uploads\\\/2021\\\/02\\\/Kempovani-v-soukromem-kempu-ve-Fort-de-Soto2.jpg\",\"keywords\":[\"karavanist\u00e9mezin\u00e1mi\",\"Ostatn\u00ed zem\u011b\",\"Rozhovory\",\"Z\u00e1kladn\u00ed informace\",\"Ze sv\u011bta karavaningu\"],\"articleSection\":[\"Karavanink\",\"Novinky - Kempov\u00e1n\u00ed a karavaning\",\"Ostatn\u00ed zem\u011b\"],\"inLanguage\":\"cs\"},{\"@type\":\"WebPage\",\"@id\":\"https:\\\/\\\/all4camper.com\\\/cs\\\/kempovani-v-americe-aneb-vse-co-potrebujete-vedet\\\/\",\"url\":\"https:\\\/\\\/all4camper.com\\\/cs\\\/kempovani-v-americe-aneb-vse-co-potrebujete-vedet\\\/\",\"name\":\"Kempov\u00e1n\u00ed v Americe aneb v\u0161e, co pot\u0159ebujete v\u011bd\u011bt - All4Camper\",\"isPartOf\":{\"@id\":\"https:\\\/\\\/all4camper.com\\\/cs\\\/#website\"},\"primaryImageOfPage\":{\"@id\":\"https:\\\/\\\/all4camper.com\\\/cs\\\/kempovani-v-americe-aneb-vse-co-potrebujete-vedet\\\/#primaryimage\"},\"image\":{\"@id\":\"https:\\\/\\\/all4camper.com\\\/cs\\\/kempovani-v-americe-aneb-vse-co-potrebujete-vedet\\\/#primaryimage\"},\"thumbnailUrl\":\"https:\\\/\\\/all4camper.com\\\/wp-content\\\/uploads\\\/2021\\\/02\\\/Kempovani-v-soukromem-kempu-ve-Fort-de-Soto2.jpg\",\"datePublished\":\"2021-02-04T08:00:59+00:00\",\"dateModified\":\"2022-12-13T13:46:49+00:00\",\"description\":\"All4Camper - Kempov\u00e1n\u00ed v Americe aneb v\u0161e, co pot\u0159ebujete v\u011bd\u011bt\",\"breadcrumb\":{\"@id\":\"https:\\\/\\\/all4camper.com\\\/cs\\\/kempovani-v-americe-aneb-vse-co-potrebujete-vedet\\\/#breadcrumb\"},\"inLanguage\":\"cs\",\"potentialAction\":[{\"@type\":\"ReadAction\",\"target\":[\"https:\\\/\\\/all4camper.com\\\/cs\\\/kempovani-v-americe-aneb-vse-co-potrebujete-vedet\\\/\"]}]},{\"@type\":\"ImageObject\",\"inLanguage\":\"cs\",\"@id\":\"https:\\\/\\\/all4camper.com\\\/cs\\\/kempovani-v-americe-aneb-vse-co-potrebujete-vedet\\\/#primaryimage\",\"url\":\"https:\\\/\\\/all4camper.com\\\/wp-content\\\/uploads\\\/2021\\\/02\\\/Kempovani-v-soukromem-kempu-ve-Fort-de-Soto2.jpg\",\"contentUrl\":\"https:\\\/\\\/all4camper.com\\\/wp-content\\\/uploads\\\/2021\\\/02\\\/Kempovani-v-soukromem-kempu-ve-Fort-de-Soto2.jpg\",\"width\":800,\"height\":600},{\"@type\":\"BreadcrumbList\",\"@id\":\"https:\\\/\\\/all4camper.com\\\/cs\\\/kempovani-v-americe-aneb-vse-co-potrebujete-vedet\\\/#breadcrumb\",\"itemListElement\":[{\"@type\":\"ListItem\",\"position\":1,\"name\":\"Dom\u016f\",\"item\":\"https:\\\/\\\/all4camper.com\\\/cs\\\/\"},{\"@type\":\"ListItem\",\"position\":2,\"name\":\"Karavanink\",\"item\":\"https:\\\/\\\/all4camper.com\\\/cs\\\/category\\\/karavaning\\\/\"},{\"@type\":\"ListItem\",\"position\":3,\"name\":\"Kempov\u00e1n\u00ed v Americe aneb v\u0161e, co pot\u0159ebujete v\u011bd\u011bt\"}]},{\"@type\":\"WebSite\",\"@id\":\"https:\\\/\\\/all4camper.com\\\/cs\\\/#website\",\"url\":\"https:\\\/\\\/all4camper.com\\\/cs\\\/\",\"name\":\"All4Camper\",\"description\":\"Nejv\u011bt\u0161\u00ed online magaz\u00edn o kempov\u00e1n\u00ed a karavaninku. V\u00edce jak 900 \u010dl\u00e1nk\u016f pln\u00fdch rad a tip\u016f o kempech a kempov\u00e1n\u00ed.\",\"publisher\":{\"@id\":\"https:\\\/\\\/all4camper.com\\\/cs\\\/#organization\"},\"potentialAction\":[{\"@type\":\"SearchAction\",\"target\":{\"@type\":\"EntryPoint\",\"urlTemplate\":\"https:\\\/\\\/all4camper.com\\\/cs\\\/?s={search_term_string}\"},\"query-input\":{\"@type\":\"PropertyValueSpecification\",\"valueRequired\":true,\"valueName\":\"search_term_string\"}}],\"inLanguage\":\"cs\"},{\"@type\":\"Organization\",\"@id\":\"https:\\\/\\\/all4camper.com\\\/cs\\\/#organization\",\"name\":\"All4Camper - kempujeme s Kl\u00e1rou\",\"url\":\"https:\\\/\\\/all4camper.com\\\/cs\\\/\",\"logo\":{\"@type\":\"ImageObject\",\"inLanguage\":\"cs\",\"@id\":\"https:\\\/\\\/all4camper.com\\\/cs\\\/#\\\/schema\\\/logo\\\/image\\\/\",\"url\":\"https:\\\/\\\/all4camper.com\\\/wp-content\\\/uploads\\\/2018\\\/09\\\/novelogo.png\",\"contentUrl\":\"https:\\\/\\\/all4camper.com\\\/wp-content\\\/uploads\\\/2018\\\/09\\\/novelogo.png\",\"width\":1520,\"height\":600,\"caption\":\"All4Camper - kempujeme s Kl\u00e1rou\"},\"image\":{\"@id\":\"https:\\\/\\\/all4camper.com\\\/cs\\\/#\\\/schema\\\/logo\\\/image\\\/\"}},{\"@type\":\"Person\",\"@id\":\"https:\\\/\\\/all4camper.com\\\/cs\\\/#\\\/schema\\\/person\\\/9349489688d4c221ca0fc39ae6bcb70b\",\"name\":\"Kate\u0159ina\",\"url\":\"https:\\\/\\\/all4camper.com\\\/cs\\\/author\\\/kterina\\\/\"}]}<\/script>\n<!-- \/ Yoast SEO plugin. -->","yoast_head_json":{"title":"Kempov\u00e1n\u00ed v Americe aneb v\u0161e, co pot\u0159ebujete v\u011bd\u011bt - All4Camper","description":"All4Camper - Kempov\u00e1n\u00ed v Americe aneb v\u0161e, co pot\u0159ebujete v\u011bd\u011bt","robots":{"index":"index","follow":"follow","max-snippet":"max-snippet:-1","max-image-preview":"max-image-preview:large","max-video-preview":"max-video-preview:-1"},"canonical":"https:\/\/all4camper.com\/cs\/kempovani-v-americe-aneb-vse-co-potrebujete-vedet\/","og_locale":"cs_CZ","og_type":"article","og_title":"Kempov\u00e1n\u00ed v Americe aneb v\u0161e, co pot\u0159ebujete v\u011bd\u011bt - All4Camper","og_description":"All4Camper - Kempov\u00e1n\u00ed v Americe aneb v\u0161e, co pot\u0159ebujete v\u011bd\u011bt","og_url":"https:\/\/all4camper.com\/cs\/kempovani-v-americe-aneb-vse-co-potrebujete-vedet\/","og_site_name":"All4Camper","article_published_time":"2021-02-04T08:00:59+00:00","article_modified_time":"2022-12-13T13:46:49+00:00","og_image":[{"width":800,"height":600,"url":"https:\/\/all4camper.com\/wp-content\/uploads\/2021\/02\/Kempovani-v-soukromem-kempu-ve-Fort-de-Soto2.jpg","type":"image\/jpeg"}],"author":"Kate\u0159ina","twitter_card":"summary_large_image","twitter_misc":{"Napsal(a)":"Kate\u0159ina","Odhadovan\u00e1 doba \u010dten\u00ed":"19 minut"},"schema":{"@context":"https:\/\/schema.org","@graph":[{"@type":"Article","@id":"https:\/\/all4camper.com\/cs\/kempovani-v-americe-aneb-vse-co-potrebujete-vedet\/#article","isPartOf":{"@id":"https:\/\/all4camper.com\/cs\/kempovani-v-americe-aneb-vse-co-potrebujete-vedet\/"},"author":{"name":"Kate\u0159ina","@id":"https:\/\/all4camper.com\/cs\/#\/schema\/person\/9349489688d4c221ca0fc39ae6bcb70b"},"headline":"Kempov\u00e1n\u00ed v Americe aneb v\u0161e, co pot\u0159ebujete v\u011bd\u011bt","datePublished":"2021-02-04T08:00:59+00:00","dateModified":"2022-12-13T13:46:49+00:00","mainEntityOfPage":{"@id":"https:\/\/all4camper.com\/cs\/kempovani-v-americe-aneb-vse-co-potrebujete-vedet\/"},"wordCount":3898,"publisher":{"@id":"https:\/\/all4camper.com\/cs\/#organization"},"image":{"@id":"https:\/\/all4camper.com\/cs\/kempovani-v-americe-aneb-vse-co-potrebujete-vedet\/#primaryimage"},"thumbnailUrl":"https:\/\/all4camper.com\/wp-content\/uploads\/2021\/02\/Kempovani-v-soukromem-kempu-ve-Fort-de-Soto2.jpg","keywords":["karavanist\u00e9mezin\u00e1mi","Ostatn\u00ed zem\u011b","Rozhovory","Z\u00e1kladn\u00ed informace","Ze sv\u011bta karavaningu"],"articleSection":["Karavanink","Novinky - Kempov\u00e1n\u00ed a karavaning","Ostatn\u00ed zem\u011b"],"inLanguage":"cs"},{"@type":"WebPage","@id":"https:\/\/all4camper.com\/cs\/kempovani-v-americe-aneb-vse-co-potrebujete-vedet\/","url":"https:\/\/all4camper.com\/cs\/kempovani-v-americe-aneb-vse-co-potrebujete-vedet\/","name":"Kempov\u00e1n\u00ed v Americe aneb v\u0161e, co pot\u0159ebujete v\u011bd\u011bt - All4Camper","isPartOf":{"@id":"https:\/\/all4camper.com\/cs\/#website"},"primaryImageOfPage":{"@id":"https:\/\/all4camper.com\/cs\/kempovani-v-americe-aneb-vse-co-potrebujete-vedet\/#primaryimage"},"image":{"@id":"https:\/\/all4camper.com\/cs\/kempovani-v-americe-aneb-vse-co-potrebujete-vedet\/#primaryimage"},"thumbnailUrl":"https:\/\/all4camper.com\/wp-content\/uploads\/2021\/02\/Kempovani-v-soukromem-kempu-ve-Fort-de-Soto2.jpg","datePublished":"2021-02-04T08:00:59+00:00","dateModified":"2022-12-13T13:46:49+00:00","description":"All4Camper - Kempov\u00e1n\u00ed v Americe aneb v\u0161e, co pot\u0159ebujete v\u011bd\u011bt","breadcrumb":{"@id":"https:\/\/all4camper.com\/cs\/kempovani-v-americe-aneb-vse-co-potrebujete-vedet\/#breadcrumb"},"inLanguage":"cs","potentialAction":[{"@type":"ReadAction","target":["https:\/\/all4camper.com\/cs\/kempovani-v-americe-aneb-vse-co-potrebujete-vedet\/"]}]},{"@type":"ImageObject","inLanguage":"cs","@id":"https:\/\/all4camper.com\/cs\/kempovani-v-americe-aneb-vse-co-potrebujete-vedet\/#primaryimage","url":"https:\/\/all4camper.com\/wp-content\/uploads\/2021\/02\/Kempovani-v-soukromem-kempu-ve-Fort-de-Soto2.jpg","contentUrl":"https:\/\/all4camper.com\/wp-content\/uploads\/2021\/02\/Kempovani-v-soukromem-kempu-ve-Fort-de-Soto2.jpg","width":800,"height":600},{"@type":"BreadcrumbList","@id":"https:\/\/all4camper.com\/cs\/kempovani-v-americe-aneb-vse-co-potrebujete-vedet\/#breadcrumb","itemListElement":[{"@type":"ListItem","position":1,"name":"Dom\u016f","item":"https:\/\/all4camper.com\/cs\/"},{"@type":"ListItem","position":2,"name":"Karavanink","item":"https:\/\/all4camper.com\/cs\/category\/karavaning\/"},{"@type":"ListItem","position":3,"name":"Kempov\u00e1n\u00ed v Americe aneb v\u0161e, co pot\u0159ebujete v\u011bd\u011bt"}]},{"@type":"WebSite","@id":"https:\/\/all4camper.com\/cs\/#website","url":"https:\/\/all4camper.com\/cs\/","name":"All4Camper","description":"Nejv\u011bt\u0161\u00ed online magaz\u00edn o kempov\u00e1n\u00ed a karavaninku. V\u00edce jak 900 \u010dl\u00e1nk\u016f pln\u00fdch rad a tip\u016f o kempech a kempov\u00e1n\u00ed.","publisher":{"@id":"https:\/\/all4camper.com\/cs\/#organization"},"potentialAction":[{"@type":"SearchAction","target":{"@type":"EntryPoint","urlTemplate":"https:\/\/all4camper.com\/cs\/?s={search_term_string}"},"query-input":{"@type":"PropertyValueSpecification","valueRequired":true,"valueName":"search_term_string"}}],"inLanguage":"cs"},{"@type":"Organization","@id":"https:\/\/all4camper.com\/cs\/#organization","name":"All4Camper - kempujeme s Kl\u00e1rou","url":"https:\/\/all4camper.com\/cs\/","logo":{"@type":"ImageObject","inLanguage":"cs","@id":"https:\/\/all4camper.com\/cs\/#\/schema\/logo\/image\/","url":"https:\/\/all4camper.com\/wp-content\/uploads\/2018\/09\/novelogo.png","contentUrl":"https:\/\/all4camper.com\/wp-content\/uploads\/2018\/09\/novelogo.png","width":1520,"height":600,"caption":"All4Camper - kempujeme s Kl\u00e1rou"},"image":{"@id":"https:\/\/all4camper.com\/cs\/#\/schema\/logo\/image\/"}},{"@type":"Person","@id":"https:\/\/all4camper.com\/cs\/#\/schema\/person\/9349489688d4c221ca0fc39ae6bcb70b","name":"Kate\u0159ina","url":"https:\/\/all4camper.com\/cs\/author\/kterina\/"}]}},"_links":{"self":[{"href":"https:\/\/all4camper.com\/cs\/wp-json\/wp\/v2\/posts\/90031","targetHints":{"allow":["GET"]}}],"collection":[{"href":"https:\/\/all4camper.com\/cs\/wp-json\/wp\/v2\/posts"}],"about":[{"href":"https:\/\/all4camper.com\/cs\/wp-json\/wp\/v2\/types\/post"}],"author":[{"embeddable":true,"href":"https:\/\/all4camper.com\/cs\/wp-json\/wp\/v2\/users\/161"}],"replies":[{"embeddable":true,"href":"https:\/\/all4camper.com\/cs\/wp-json\/wp\/v2\/comments?post=90031"}],"version-history":[{"count":0,"href":"https:\/\/all4camper.com\/cs\/wp-json\/wp\/v2\/posts\/90031\/revisions"}],"wp:featuredmedia":[{"embeddable":true,"href":"https:\/\/all4camper.com\/cs\/wp-json\/wp\/v2\/media\/90040"}],"wp:attachment":[{"href":"https:\/\/all4camper.com\/cs\/wp-json\/wp\/v2\/media?parent=90031"}],"wp:term":[{"taxonomy":"category","embeddable":true,"href":"https:\/\/all4camper.com\/cs\/wp-json\/wp\/v2\/categories?post=90031"},{"taxonomy":"post_tag","embeddable":true,"href":"https:\/\/all4camper.com\/cs\/wp-json\/wp\/v2\/tags?post=90031"}],"curies":[{"name":"wp","href":"https:\/\/api.w.org\/{rel}","templated":true}]}}