{"id":89810,"date":"2021-01-22T09:01:26","date_gmt":"2021-01-22T08:01:26","guid":{"rendered":"https:\/\/all4camper.com\/\/?p=89810"},"modified":"2021-01-22T09:13:17","modified_gmt":"2021-01-22T08:13:17","slug":"karavanem-do-roznova-pod-radhostem-a-jeho-okoli","status":"publish","type":"post","link":"https:\/\/all4camper.com\/cs\/karavanem-do-roznova-pod-radhostem-a-jeho-okoli\/","title":{"rendered":"Karavanem do Ro\u017enova pod Radho\u0161t\u011bm a jeho okol\u00ed"},"content":{"rendered":"\n<p>Hled\u00e1te inspiraci kam vyrazit karavanem na prodlou\u017een\u00fd v\u00edkend \u010di t\u0159eba na cel\u00fd t\u00fdden? Pokud si chcete u\u017e\u00edt turistiku, koup\u00e1n\u00ed a pozn\u00e1v\u00e1n\u00ed nov\u00fdch m\u00edst a historie, pak dejte \u0161anci Ro\u017enovu pod Radho\u0161t\u011bm a jeho okol\u00ed. Pro m\u011b je to jasn\u00e1 srdcovka a v\u011b\u0159\u00edm, \u017ee ur\u010dit\u011b chytne i v\u00e1s.<\/p>\n\n\n\n<figure class=\"wp-block-image size-large\"><img loading=\"lazy\" decoding=\"async\" width=\"1024\" height=\"683\" src=\"https:\/\/all4camper.com\/\/wp-content\/uploads\/2021\/01\/roznov-pod-radhostem-12.jpg\" alt=\"\" class=\"wp-image-89811\" srcset=\"https:\/\/all4camper.com\/wp-content\/uploads\/2021\/01\/roznov-pod-radhostem-12.jpg 1024w, https:\/\/all4camper.com\/wp-content\/uploads\/2021\/01\/roznov-pod-radhostem-12-300x200.jpg 300w, https:\/\/all4camper.com\/wp-content\/uploads\/2021\/01\/roznov-pod-radhostem-12-150x100.jpg 150w, https:\/\/all4camper.com\/wp-content\/uploads\/2021\/01\/roznov-pod-radhostem-12-768x512.jpg 768w\" sizes=\"auto, (max-width: 1024px) 100vw, 1024px\" \/><figcaption>Zdroj: roznovsko.cz<\/figcaption><\/figure>\n\n\n\n<p>Ro\u017enov pod Radho\u0161t\u011bm se nach\u00e1z\u00ed na Vala\u0161sku v&nbsp;\u00fadol\u00ed \u0159eky Ro\u017enovsk\u00e9 Be\u010dvy na \u00fapat\u00ed Vset\u00ednsk\u00fdch vrch\u016f a Radho\u0161t\u011b, jedn\u00e1 se o starobyl\u00e9 kouzeln\u00e9 m\u011bste\u010dko, kter\u00e9 m\u00e1 n\u011bco m\u00e1lo p\u0159es 15 tis\u00edc obyvatel a pr\u00e1vem je naz\u00fdv\u00e1no srdcem Vala\u0161ska.&nbsp;<\/p>\n\n\n\n<figure class=\"wp-block-image size-large\"><img loading=\"lazy\" decoding=\"async\" width=\"800\" height=\"600\" src=\"https:\/\/all4camper.com\/\/wp-content\/uploads\/2021\/01\/roz\u030cnov-pro-radhos\u030cte\u030cm.jpeg\" alt=\"\" class=\"wp-image-89815\" srcset=\"https:\/\/all4camper.com\/wp-content\/uploads\/2021\/01\/roz\u030cnov-pro-radhos\u030cte\u030cm.jpeg 800w, https:\/\/all4camper.com\/wp-content\/uploads\/2021\/01\/roz\u030cnov-pro-radhos\u030cte\u030cm-300x225.jpeg 300w, https:\/\/all4camper.com\/wp-content\/uploads\/2021\/01\/roz\u030cnov-pro-radhos\u030cte\u030cm-150x113.jpeg 150w, https:\/\/all4camper.com\/wp-content\/uploads\/2021\/01\/roz\u030cnov-pro-radhos\u030cte\u030cm-768x576.jpeg 768w, https:\/\/all4camper.com\/wp-content\/uploads\/2021\/01\/roz\u030cnov-pro-radhos\u030cte\u030cm-678x509.jpeg 678w, https:\/\/all4camper.com\/wp-content\/uploads\/2021\/01\/roz\u030cnov-pro-radhos\u030cte\u030cm-326x245.jpeg 326w, https:\/\/all4camper.com\/wp-content\/uploads\/2021\/01\/roz\u030cnov-pro-radhos\u030cte\u030cm-80x60.jpeg 80w\" sizes=\"auto, (max-width: 800px) 100vw, 800px\" \/><\/figure>\n\n\n\n<p>Na za\u010d\u00e1tek nap\u00ed\u0161i p\u00e1r tip\u016f kde zanechat va\u0161eho obytn\u00e9ho kamar\u00e1da tak, abyste se pak mohli u\u017e jen vrhnout na pozn\u00e1v\u00e1n\u00ed t\u00e9to malebn\u00e9 oblasti. Pro kempov\u00e1n\u00ed tedy m\u016f\u017eete zvolit nap\u0159\u00edklad <a href=\"https:\/\/www.tjroznov.eu\/kemp-sport\/\" target=\"_blank\" rel=\"noreferrer noopener\">AutoCamp Sport Ro\u017enov<\/a>, kter\u00fd se nach\u00e1z\u00ed v\u00a0sousedstv\u00ed stadionu m\u00edstn\u00edho fotbalov\u00e9ho klubu &#8211; <a href=\"https:\/\/www.google.cz\/maps\/place\/Autokemp+Sport+Ro%C5%BEnov+pod+Radho%C5%A1t%C4%9Bm\/@49.464876,18.1621101,18.56z\/data=!4m5!3m4!1s0x47138ec615ca76ab:0x418f53f07e004360!8m2!3d49.4652971!4d18.1615953?hl=cs\" target=\"_blank\" rel=\"noreferrer noopener\">mapa<\/a>.\u00a0Dal\u0161\u00ed mo\u017enost najdete hned kousek a je j\u00edm legend\u00e1rn\u00ed <a href=\"https:\/\/www.camproznov.cz\/ubytovani.html\" target=\"_blank\" rel=\"noreferrer noopener\">Camping Ro\u017enov<\/a>, kde mimo karavanist\u016f najdou sv\u016fj do\u010dasn\u00fd domov tak\u00e9 p\u0159\u00edznivci stanov\u00e1n\u00ed \u010di ti, kte\u0159\u00ed vyu\u017eij\u00ed velmi p\u011bkn\u00fdch apartm\u00e1n\u016f a bungalov\u016f &#8211; <a href=\"https:\/\/www.google.cz\/maps\/place\/Camping+Ro%C5%BEnov\/@49.4665547,18.1632684,17.52z\/data=!4m8!3m7!1s0x47138ec79779d6f5:0x2340b9da9ee9857a!5m2!4m1!1i2!8m2!3d49.466774!4d18.164064?hl=cs\" target=\"_blank\" rel=\"noreferrer noopener\">mapa zde<\/a>.\u00a0<\/p>\n\n\n\n<figure class=\"wp-block-image size-large\"><img loading=\"lazy\" decoding=\"async\" width=\"1024\" height=\"768\" src=\"https:\/\/all4camper.com\/\/wp-content\/uploads\/2021\/01\/kemp-roz\u030cnov.jpg\" alt=\"\" class=\"wp-image-89821\" srcset=\"https:\/\/all4camper.com\/wp-content\/uploads\/2021\/01\/kemp-roz\u030cnov.jpg 1024w, https:\/\/all4camper.com\/wp-content\/uploads\/2021\/01\/kemp-roz\u030cnov-300x225.jpg 300w, https:\/\/all4camper.com\/wp-content\/uploads\/2021\/01\/kemp-roz\u030cnov-150x113.jpg 150w, https:\/\/all4camper.com\/wp-content\/uploads\/2021\/01\/kemp-roz\u030cnov-768x576.jpg 768w, https:\/\/all4camper.com\/wp-content\/uploads\/2021\/01\/kemp-roz\u030cnov-678x509.jpg 678w, https:\/\/all4camper.com\/wp-content\/uploads\/2021\/01\/kemp-roz\u030cnov-326x245.jpg 326w, https:\/\/all4camper.com\/wp-content\/uploads\/2021\/01\/kemp-roz\u030cnov-80x60.jpg 80w\" sizes=\"auto, (max-width: 1024px) 100vw, 1024px\" \/><figcaption>Zdroj: camproznov.cz<\/figcaption><\/figure>\n\n\n\n<p>Nevlastn\u00edte karavan ani jin\u00fd obytn\u00fd v\u016fz a z\u00e1rove\u0148 nem\u00e1te chu\u0165 stanovat? Nevad\u00ed. I pro v\u00e1s, a\u0165 u\u017e do Ro\u017enova doraz\u00edte autem, vlakem \u010di autobusem, najdeme p\u0159\u00edst\u0159e\u0161\u00ed. Zkuste t\u0159eba <a href=\"http:\/\/www.mobilheimkemp.cz\/roznov\/ubytovani\" target=\"_blank\" rel=\"noreferrer noopener\">Mobilheim Kemp Ro\u017enov<\/a> p\u0159\u00edpadn\u011b z&nbsp;m\u00edstn\u00edch hotel\u016f doporu\u010d\u00edm nap\u0159\u00edklad <a href=\"http:\/\/www.hotelrelax.cz\/\" target=\"_blank\" rel=\"noreferrer noopener\">Beskydsk\u00fd hotel Relax<\/a> nebo&nbsp; <a href=\"https:\/\/www.hotel-horal.cz\/\" target=\"_blank\" rel=\"noreferrer noopener\">Wellness Spa Hotel Horal<\/a>. <\/p>\n\n\n\n<p>Tak, nyn\u00ed u\u017e jsme se snad v\u0161ichni ubytovali a nikdo nez\u016fstane bez st\u0159echy nad hlavou a m\u016f\u017eeme vyrazit za kr\u00e1sami Ro\u017enova pod Radho\u0161t\u011bm. Je libo mal\u00fd v\u00fd\u0161lap, kter\u00fd zvl\u00e1dne prakticky ka\u017ed\u00fd? Pak nen\u00ed nic jednodu\u0161\u0161\u00edho ne\u017e vyrazit na <strong>Jurkovi\u010dovu rozhlednu<\/strong>, kter\u00e1 se nach\u00e1z\u00ed na v\u00fdchodn\u00edm okraji m\u011bsta a a\u0165 u\u017e jste si v\u00fd\u0161e vybrali kteroukoliv mo\u017enost ubytov\u00e1n\u00ed, tak p\u0159esun na start zvl\u00e1dnete naprosto v&nbsp;pohod\u011b p\u011b\u0161ky. <\/p>\n\n\n\n<figure class=\"wp-block-gallery columns-2 is-cropped wp-block-gallery-1 is-layout-flex wp-block-gallery-is-layout-flex\"><ul class=\"blocks-gallery-grid\"><li class=\"blocks-gallery-item\"><figure><a href=\"https:\/\/all4camper.com\/\/?attachment_id=89825\"><img loading=\"lazy\" decoding=\"async\" width=\"512\" height=\"768\" src=\"https:\/\/all4camper.com\/\/wp-content\/uploads\/2021\/01\/roznov-pod-radhostem-1.jpg\" alt=\"\" data-id=\"89825\" data-link=\"https:\/\/all4camper.com\/\/?attachment_id=89825\" class=\"wp-image-89825\" srcset=\"https:\/\/all4camper.com\/wp-content\/uploads\/2021\/01\/roznov-pod-radhostem-1.jpg 512w, https:\/\/all4camper.com\/wp-content\/uploads\/2021\/01\/roznov-pod-radhostem-1-200x300.jpg 200w, https:\/\/all4camper.com\/wp-content\/uploads\/2021\/01\/roznov-pod-radhostem-1-100x150.jpg 100w\" sizes=\"auto, (max-width: 512px) 100vw, 512px\" \/><\/a><\/figure><\/li><li class=\"blocks-gallery-item\"><figure><a href=\"https:\/\/all4camper.com\/\/?attachment_id=89829\"><img loading=\"lazy\" decoding=\"async\" width=\"810\" height=\"1080\" src=\"https:\/\/all4camper.com\/\/wp-content\/uploads\/2021\/01\/jurkovic-watchtower-2275959_1920-810x1080.jpg\" alt=\"\" data-id=\"89829\" data-full-url=\"https:\/\/all4camper.com\/\/wp-content\/uploads\/2021\/01\/jurkovic-watchtower-2275959_1920.jpg\" data-link=\"https:\/\/all4camper.com\/\/?attachment_id=89829\" class=\"wp-image-89829\" srcset=\"https:\/\/all4camper.com\/wp-content\/uploads\/2021\/01\/jurkovic-watchtower-2275959_1920-810x1080.jpg 810w, https:\/\/all4camper.com\/wp-content\/uploads\/2021\/01\/jurkovic-watchtower-2275959_1920-225x300.jpg 225w, https:\/\/all4camper.com\/wp-content\/uploads\/2021\/01\/jurkovic-watchtower-2275959_1920-113x150.jpg 113w, https:\/\/all4camper.com\/wp-content\/uploads\/2021\/01\/jurkovic-watchtower-2275959_1920-768x1024.jpg 768w, https:\/\/all4camper.com\/wp-content\/uploads\/2021\/01\/jurkovic-watchtower-2275959_1920-1152x1536.jpg 1152w, https:\/\/all4camper.com\/wp-content\/uploads\/2021\/01\/jurkovic-watchtower-2275959_1920.jpg 1440w\" sizes=\"auto, (max-width: 810px) 100vw, 810px\" \/><\/a><\/figure><\/li><\/ul><\/figure>\n\n\n\n<p><a href=\"http:\/\/www.visitroznov.cz\/jurkovicova-rozhledna\/ds-1012\/p1=1007\" target=\"_blank\" rel=\"noreferrer noopener\">Jurkovi\u010dova rozhledna<\/a> zde stoj\u00ed necel\u00fdch deset let a vznikla dle v\u00edce ne\u017e sto let star\u00fdch grafick\u00fdch n\u00e1vrh\u016f architekta Du\u0161ana Jurkovi\u010de, jeho\u017e stavby m\u016f\u017eete obdivovat na nedalek\u00fdch Pustevn\u00e1ch.&nbsp;V\u00fdstup k rozhledn\u011b v\u00e1m zabere asi tak p\u016flhodinku pohodov\u00e9 ch\u016fze, kdy celou dobu proch\u00e1z\u00edte p\u0159\u00edjemnou lesn\u00ed krajinou. Po zaplacen\u00ed m\u00edrn\u00e9ho vstupn\u00e9ho p\u0159i vstupu na rozhlednu se m\u016f\u017eete kochat n\u00e1dhern\u00fdmi v\u00fdhledy do krajiny Ro\u017enovska. (<a href=\"https:\/\/mapy.cz\/zakladni?planovani-trasy&amp;x=18.1590894&amp;y=49.4641803&amp;z=17&amp;rc=9pg.BxUUKNgkdf-7&amp;rs=traf&amp;rs=base&amp;ri=55173&amp;ri=1893603&amp;mrp=%7B%22c%22%3A132%7D&amp;xc=%5B%5D&amp;rwp=1%3B9phF3xUUDih87fiU\" target=\"_blank\" rel=\"noreferrer noopener\">trasa v\u00fdstupu<\/a>). V&nbsp;p\u0159\u00edzemn\u00edch prostor\u00e1ch rozhledny je mo\u017en\u00e9 zakoupit drobn\u00e9 ob\u010derstven\u00ed (voda, tatranka, atd.) a p\u0159\u00edmo u rozhledny se nach\u00e1z\u00ed n\u011bkolik posezen\u00ed vyroben\u00fdch z&nbsp;pora\u017een\u00fdch kmen\u016f strom\u016f, kde si m\u016f\u017eete odpo\u010dinout a vyh\u0159\u00edvat se na slunci.<\/p>\n\n\n\n<p><\/p>\n\n\n\n<p>D\u00e1le se m\u016f\u017eeme p\u0159esunout do centra m\u011bsta a prohl\u00e9dnout si kr\u00e1sn\u00e9 Masarykovo n\u00e1m\u011bst\u00ed, kde si m\u016f\u017eete d\u00e1t n\u011bco dobr\u00e9ho na zub, d\u011bti r\u00e1dy ochutnaj\u00ed zmrzlinu, doporu\u010duji <a href=\"https:\/\/www.google.cz\/maps\/place\/Cukrarna+BE+%26+SA+U+SALIHO\/@49.4584217,18.1424224,165m\/data=!3m1!1e3!4m22!1m16!4m15!1m6!1m2!1s0x47138ec3e6533343:0x13d884f161cc07f!2zUGFya292acWhdMSbIFNrYW56ZW4!2m2!1d18.1543349!2d49.4636147!1m6!1m2!1s0x47138ec42d4f3f01:0xffe9e72f9b1016ca!2sJurkovi%C4%8Dova+rozhledna,+756+61+Ro%C5%BEnov+pod+Radho%C5%A1t%C4%9Bm!2m2!1d18.1587898!2d49.4623819!3e2!3m4!1s0x47138ee7a369ee6f:0xe51846570878573f!8m2!3d49.4587005!4d18.1427421?hl=cs\">U Saliho<\/a> a vy si m\u016f\u017eete u k\u00e1vy vychutn\u00e1vat zdej\u0161\u00ed atmosf\u00e9ru. <a href=\"https:\/\/mapy.cz\/zakladni?planovani-trasy&amp;x=18.1437372&amp;y=49.4617344&amp;z=15&amp;rc=9phjexU8kAd.jeSA&amp;rs=base&amp;rs=stre&amp;ri=1893603&amp;ri=137397&amp;mrp=%7B%22c%22%3A132%7D&amp;xc=%5B%5D&amp;rwp=1%3B9p51SxU8nDedWgOMfQ9ABfW4ff8fjFZLfIxfiFffYffQDMfUd\">mapa<\/a> Jednou z\u00a0dominant n\u00e1m\u011bst\u00ed je socha na\u0161eho prvn\u00ed prezidenta, po n\u011bm\u017e je n\u00e1m\u011bst\u00ed pojmenov\u00e1no. Filmov\u00ed nad\u0161enci si mo\u017en\u00e1 vzpomenou na d\u011btsk\u00fd film Metr\u00e1\u010dek, kter\u00fd se v\u00a0mj. v\u00a0Ro\u017enov\u011b p. Radho\u0161t\u011bm nat\u00e1\u010del.\u00a0<\/p>\n\n\n\n<p>Po dobr\u00e9m ob\u011bd\u011b a chutn\u00e9 k\u00e1v\u011b p\u0159ich\u00e1z\u00ed par\u00e1dn\u00ed program pro odpoledne -n\u00e1v\u0161t\u011bva <strong>Vala\u0161sk\u00e9ho muzea v\u00a0p\u0159\u00edrod\u011b neboli Skanzen v\u00a0Ro\u017enov\u011b pod Radho\u0161t\u011bm<\/strong> <a href=\"https:\/\/mapy.cz\/zakladni?planovani-trasy&amp;x=18.1509094&amp;y=49.4617057&amp;z=17&amp;rc=9pejOxUTCBh4zh3tgi.UOgR6fbm&amp;rs=stre&amp;rs=base&amp;rs=base&amp;rs=base&amp;ri=137397&amp;ri=1714159&amp;ri=1923497&amp;ri=1898394&amp;mrp=%7B%22c%22%3A132%7D&amp;xc=%5B%5D\">mapa<\/a>. Jedn\u00e1 se o opravdov\u00fd skvost na\u0161\u00ed historie a uk\u00e1zku lidov\u00e9 architektury. Vstupenky a r\u016fzn\u00e9 upom\u00ednkov\u00e9 p\u0159edm\u011bty zakoup\u00edte <a href=\"https:\/\/www.google.cz\/maps\/place\/Vala%C5%A1sk%C3%A9+muzeum+v+p%C5%99%C3%ADrod%C4%9B\/@49.4612227,18.1492732,198m\/data=!3m1!1e3!4m5!3m4!1s0x47138ec29b7cb85d:0xfffac73128bef4bc!8m2!3d49.4614487!4d18.1492691?hl=cs\">zde<\/a>. <\/p>\n\n\n\n<figure class=\"wp-block-image size-large\"><img loading=\"lazy\" decoding=\"async\" width=\"1000\" height=\"692\" src=\"https:\/\/all4camper.com\/\/wp-content\/uploads\/2021\/01\/skanzen-ror\u030cnov.jpg\" alt=\"\" class=\"wp-image-89834\" srcset=\"https:\/\/all4camper.com\/wp-content\/uploads\/2021\/01\/skanzen-ror\u030cnov.jpg 1000w, https:\/\/all4camper.com\/wp-content\/uploads\/2021\/01\/skanzen-ror\u030cnov-300x208.jpg 300w, https:\/\/all4camper.com\/wp-content\/uploads\/2021\/01\/skanzen-ror\u030cnov-150x104.jpg 150w, https:\/\/all4camper.com\/wp-content\/uploads\/2021\/01\/skanzen-ror\u030cnov-768x531.jpg 768w\" sizes=\"auto, (max-width: 1000px) 100vw, 1000px\" \/><figcaption>Zdroj: roznovsko.cz<\/figcaption><\/figure>\n\n\n\n<p>Cel\u00fd skanzen vlastn\u011b tvo\u0159\u00ed t\u0159i samostatn\u00e9 \u010d\u00e1sti a to D\u0159ev\u011bn\u00e9 m\u011bste\u010dko, kter\u00e9 je nejstar\u0161\u00ed ve st\u0159edn\u00ed Evrop\u011b (1925) a m\u016f\u017eete si zde prohl\u00e9dnout nap\u0159\u00edklad p\u016fvodn\u00ed domy z\u00a0Ro\u017enovsk\u00e9ho n\u00e1m\u011bst\u00ed a dal\u0161\u00ed zaj\u00edmav\u00e9 stavby jako je nap\u0159\u00edklad kostel\u00edk Sv. Anny. Okolo kostel\u00edka se rozl\u00e9h\u00e1 mal\u00fd h\u0159bitov zvan\u00fd Vala\u0161sk\u00fd Slav\u00edn. Na n\u011bm\u017e jsou ulo\u017eeny ostatky v\u00fdznamn\u00fdch osobnost\u00ed v\u00fdchodn\u00ed Moravy a Vala\u0161ska (nap\u0159\u00edklad olympij\u0161t\u00ed v\u00edt\u011bzov\u00e9 Emil Z\u00e1topek, Ji\u0159\u00ed Ra\u0161ka \u010di Ludv\u00edk Dan\u011bk). Dal\u0161\u00ed \u010d\u00e1st\u00ed skanzenu je Vala\u0161sk\u00e1 d\u011bdina, kter\u00e1 je typickou dobovou vesnic\u00ed skl\u00e1daj\u00edc\u00ed se z\u00a0v\u00edce ne\u017e sedmdes\u00e1ti\u00a0d\u0159ev\u011bn\u00fdch staveb spojen\u00fdch s\u00a0chovem zv\u00ed\u0159at a p\u011bstov\u00e1n\u00edm plodin. V tomto tak zvan\u011b \u017eiv\u00e9m muzeum naleznete i v\u011btrn\u00fd ml\u00fdn, kov\u00e1rnu, su\u0161\u00e1rnu ovoce a dal\u0161\u00ed velice zaj\u00edmav\u00e9 budovy. T\u0159et\u00ed a posledn\u00ed \u010d\u00e1st\u00ed je Ml\u00fdnsk\u00e1 dolina v\u011bnuj\u00edc\u00ed se uk\u00e1zce technick\u00e9ho stavitelstv\u00ed. Zde m\u016f\u017eete vid\u011bt funk\u010dn\u00ed technick\u00e9 stavby jako je hamr, valcha, pila a ml\u00fdn. <a href=\"https:\/\/www.nmvp.cz\/roznov\" target=\"_blank\" rel=\"noreferrer noopener\">web Skanzenu<\/a>.<\/p>\n\n\n\n<figure class=\"wp-block-image size-large\"><img loading=\"lazy\" decoding=\"async\" width=\"838\" height=\"657\" src=\"https:\/\/all4camper.com\/\/wp-content\/uploads\/2021\/01\/roznov-pod-radhostem-10.jpg\" alt=\"\" class=\"wp-image-89838\" srcset=\"https:\/\/all4camper.com\/wp-content\/uploads\/2021\/01\/roznov-pod-radhostem-10.jpg 838w, https:\/\/all4camper.com\/wp-content\/uploads\/2021\/01\/roznov-pod-radhostem-10-300x235.jpg 300w, https:\/\/all4camper.com\/wp-content\/uploads\/2021\/01\/roznov-pod-radhostem-10-150x118.jpg 150w, https:\/\/all4camper.com\/wp-content\/uploads\/2021\/01\/roznov-pod-radhostem-10-768x602.jpg 768w\" sizes=\"auto, (max-width: 838px) 100vw, 838px\" \/><\/figure>\n\n\n\n<p><\/p>\n\n\n\n<p>Rozhodn\u011b doporu\u010duji p\u0159ed n\u00e1v\u0161t\u011bvou sledovat str\u00e1nky skanzenu. \u010casto se v n\u011bm toti\u017e konaj\u00ed r\u016fzn\u00e9 kulturn\u00ed a folkl\u00f3rn\u00ed akce, kter\u00e9 je\u0161t\u011b v\u00edce umocn\u00ed v\u00e1\u0161 z\u00e1\u017eitek z\u00a0n\u00e1v\u0161t\u011bvy. Jednou z\u00a0takov\u00fdch mimo\u0159\u00e1dn\u00fdch akc\u00ed je Ro\u017enovsk\u00e9 l\u00e9to.<\/p>\n\n\n\n<figure class=\"wp-block-image size-large\"><img loading=\"lazy\" decoding=\"async\" width=\"1200\" height=\"868\" src=\"https:\/\/all4camper.com\/\/wp-content\/uploads\/2021\/01\/roznov-pod-radhostem-9.jpg\" alt=\"\" class=\"wp-image-89843\" srcset=\"https:\/\/all4camper.com\/wp-content\/uploads\/2021\/01\/roznov-pod-radhostem-9.jpg 1200w, https:\/\/all4camper.com\/wp-content\/uploads\/2021\/01\/roznov-pod-radhostem-9-300x217.jpg 300w, https:\/\/all4camper.com\/wp-content\/uploads\/2021\/01\/roznov-pod-radhostem-9-150x109.jpg 150w, https:\/\/all4camper.com\/wp-content\/uploads\/2021\/01\/roznov-pod-radhostem-9-768x556.jpg 768w\" sizes=\"auto, (max-width: 1200px) 100vw, 1200px\" \/><\/figure>\n\n\n\n<p>Den pln\u00fd z\u00e1\u017eitk\u016f se pomalu ch\u00fdl\u00ed ke konci a vy m\u016f\u017eete k\u00a0ve\u010deru v\u00a0klidu posed\u011bt a prom\u00edtat si v\u00a0hlav\u011b chv\u00edle str\u00e1ven\u00e9 v\u00a0nejkr\u00e1sn\u011bj\u0161\u00edm m\u011bst\u011b, Ro\u017enov\u011b pod Radho\u0161t\u011bm. A nesmutn\u011bte, t\u00edmto na\u0161e putov\u00e1n\u00ed po Ro\u017enovsku ur\u010dit\u011b nekon\u010d\u00ed a m\u016f\u017eete se t\u011b\u0161it na dal\u0161\u00ed zaj\u00edmav\u00e9 tipy. A ne\u017e se tak stane, doporu\u010duji se mrknout na tyto str\u00e1nky, kde jich najdete nemal\u00e9 mno\u017estv\u00ed. (<a href=\"http:\/\/www.roznovsko.cz\/\" target=\"_blank\" rel=\"noreferrer noopener\">http:\/\/www.roznovsko.cz\/<\/a>). Dal\u0161\u00ed tipy na cestov\u00e1n\u00ed po na\u0161\u00ed kr\u00e1sn\u00e9 zemi najdete <a href=\"\/cs?cat_ID=364\" target=\"_blank\" rel=\"noreferrer noopener\">ZDE<\/a>.<\/p>\n","protected":false},"excerpt":{"rendered":"<p>Hled\u00e1te inspiraci kam vyrazit karavanem na prodlou\u017een\u00fd v\u00edkend \u010di t\u0159eba na cel\u00fd t\u00fdden? Pokud si chcete u\u017e\u00edt turistiku, koup\u00e1n\u00ed a pozn\u00e1v\u00e1n\u00ed nov\u00fdch m\u00edst a historie, pak dejte \u0161anci Ro\u017enovu pod Radho\u0161t\u011bm a jeho okol\u00ed. Pro m\u011b je to jasn\u00e1 srdcovka a v\u011b\u0159\u00edm, \u017ee ur\u010dit\u011b chytne i v\u00e1s. Ro\u017enov pod Radho\u0161t\u011bm se nach\u00e1z\u00ed na Vala\u0161sku v&nbsp;\u00fadol\u00ed [&hellip;]<\/p>\n","protected":false},"author":381,"featured_media":89834,"comment_status":"closed","ping_status":"open","sticky":false,"template":"","format":"standard","meta":{"_monsterinsights_skip_tracking":false,"_monsterinsights_sitenote_active":false,"_monsterinsights_sitenote_note":"","_monsterinsights_sitenote_category":0,"footnotes":""},"categories":[364,422],"tags":[354,325],"class_list":{"0":"post-89810","1":"post","2":"type-post","3":"status-publish","4":"format-standard","5":"has-post-thumbnail","7":"category-cestujeme-a-kempujeme-v-cr","8":"category-novinky-kempovani-a-karavaning","9":"tag-morava","10":"tag-poznavaci-dovolena"},"yoast_head":"<!-- This site is optimized with the Yoast SEO plugin v27.5 - https:\/\/yoast.com\/product\/yoast-seo-wordpress\/ -->\n<title>Karavanem do Ro\u017enova pod Radho\u0161t\u011bm a jeho okol\u00ed - All4Camper<\/title>\n<meta name=\"description\" content=\"All4Camper - Karavanem do Ro\u017enova pod Radho\u0161t\u011bm a jeho okol\u00ed\" \/>\n<meta name=\"robots\" content=\"index, follow, max-snippet:-1, max-image-preview:large, max-video-preview:-1\" \/>\n<link rel=\"canonical\" href=\"https:\/\/all4camper.com\/cs\/karavanem-do-roznova-pod-radhostem-a-jeho-okoli\/\" \/>\n<meta property=\"og:locale\" content=\"cs_CZ\" \/>\n<meta property=\"og:type\" content=\"article\" \/>\n<meta property=\"og:title\" content=\"Karavanem do Ro\u017enova pod Radho\u0161t\u011bm a jeho okol\u00ed - All4Camper\" \/>\n<meta property=\"og:description\" content=\"All4Camper - Karavanem do Ro\u017enova pod Radho\u0161t\u011bm a jeho okol\u00ed\" \/>\n<meta property=\"og:url\" content=\"https:\/\/all4camper.com\/cs\/karavanem-do-roznova-pod-radhostem-a-jeho-okoli\/\" \/>\n<meta property=\"og:site_name\" content=\"All4Camper\" \/>\n<meta property=\"article:published_time\" content=\"2021-01-22T08:01:26+00:00\" \/>\n<meta property=\"article:modified_time\" content=\"2021-01-22T08:13:17+00:00\" \/>\n<meta property=\"og:image\" content=\"https:\/\/all4camper.com\/wp-content\/uploads\/2021\/01\/skanzen-ror\u030cnov.jpg\" \/>\n\t<meta property=\"og:image:width\" content=\"1000\" \/>\n\t<meta property=\"og:image:height\" content=\"692\" \/>\n\t<meta property=\"og:image:type\" content=\"image\/jpeg\" \/>\n<meta name=\"author\" content=\"Ivo Pavelek\" \/>\n<meta name=\"twitter:card\" content=\"summary_large_image\" \/>\n<meta name=\"twitter:label1\" content=\"Napsal(a)\" \/>\n\t<meta name=\"twitter:data1\" content=\"Ivo Pavelek\" \/>\n\t<meta name=\"twitter:label2\" content=\"Odhadovan\u00e1 doba \u010dten\u00ed\" \/>\n\t<meta name=\"twitter:data2\" content=\"5 minut\" \/>\n<script type=\"application\/ld+json\" class=\"yoast-schema-graph\">{\"@context\":\"https:\\\/\\\/schema.org\",\"@graph\":[{\"@type\":\"Article\",\"@id\":\"https:\\\/\\\/all4camper.com\\\/cs\\\/karavanem-do-roznova-pod-radhostem-a-jeho-okoli\\\/#article\",\"isPartOf\":{\"@id\":\"https:\\\/\\\/all4camper.com\\\/cs\\\/karavanem-do-roznova-pod-radhostem-a-jeho-okoli\\\/\"},\"author\":{\"name\":\"Ivo Pavelek\",\"@id\":\"https:\\\/\\\/all4camper.com\\\/cs\\\/#\\\/schema\\\/person\\\/a6387842443a2105d550878fdd898965\"},\"headline\":\"Karavanem do Ro\u017enova pod Radho\u0161t\u011bm a jeho okol\u00ed\",\"datePublished\":\"2021-01-22T08:01:26+00:00\",\"dateModified\":\"2021-01-22T08:13:17+00:00\",\"mainEntityOfPage\":{\"@id\":\"https:\\\/\\\/all4camper.com\\\/cs\\\/karavanem-do-roznova-pod-radhostem-a-jeho-okoli\\\/\"},\"wordCount\":1072,\"publisher\":{\"@id\":\"https:\\\/\\\/all4camper.com\\\/cs\\\/#organization\"},\"image\":{\"@id\":\"https:\\\/\\\/all4camper.com\\\/cs\\\/karavanem-do-roznova-pod-radhostem-a-jeho-okoli\\\/#primaryimage\"},\"thumbnailUrl\":\"https:\\\/\\\/all4camper.com\\\/wp-content\\\/uploads\\\/2021\\\/01\\\/skanzen-ror\u030cnov.jpg\",\"keywords\":[\"Morava\",\"Pozn\u00e1vac\u00ed dovolen\u00e1\"],\"articleSection\":[\"Cestujeme a kempujeme v \u010cR\",\"Novinky - Kempov\u00e1n\u00ed a karavaning\"],\"inLanguage\":\"cs\"},{\"@type\":\"WebPage\",\"@id\":\"https:\\\/\\\/all4camper.com\\\/cs\\\/karavanem-do-roznova-pod-radhostem-a-jeho-okoli\\\/\",\"url\":\"https:\\\/\\\/all4camper.com\\\/cs\\\/karavanem-do-roznova-pod-radhostem-a-jeho-okoli\\\/\",\"name\":\"Karavanem do Ro\u017enova pod Radho\u0161t\u011bm a jeho okol\u00ed - All4Camper\",\"isPartOf\":{\"@id\":\"https:\\\/\\\/all4camper.com\\\/cs\\\/#website\"},\"primaryImageOfPage\":{\"@id\":\"https:\\\/\\\/all4camper.com\\\/cs\\\/karavanem-do-roznova-pod-radhostem-a-jeho-okoli\\\/#primaryimage\"},\"image\":{\"@id\":\"https:\\\/\\\/all4camper.com\\\/cs\\\/karavanem-do-roznova-pod-radhostem-a-jeho-okoli\\\/#primaryimage\"},\"thumbnailUrl\":\"https:\\\/\\\/all4camper.com\\\/wp-content\\\/uploads\\\/2021\\\/01\\\/skanzen-ror\u030cnov.jpg\",\"datePublished\":\"2021-01-22T08:01:26+00:00\",\"dateModified\":\"2021-01-22T08:13:17+00:00\",\"description\":\"All4Camper - Karavanem do Ro\u017enova pod Radho\u0161t\u011bm a jeho okol\u00ed\",\"breadcrumb\":{\"@id\":\"https:\\\/\\\/all4camper.com\\\/cs\\\/karavanem-do-roznova-pod-radhostem-a-jeho-okoli\\\/#breadcrumb\"},\"inLanguage\":\"cs\",\"potentialAction\":[{\"@type\":\"ReadAction\",\"target\":[\"https:\\\/\\\/all4camper.com\\\/cs\\\/karavanem-do-roznova-pod-radhostem-a-jeho-okoli\\\/\"]}]},{\"@type\":\"ImageObject\",\"inLanguage\":\"cs\",\"@id\":\"https:\\\/\\\/all4camper.com\\\/cs\\\/karavanem-do-roznova-pod-radhostem-a-jeho-okoli\\\/#primaryimage\",\"url\":\"https:\\\/\\\/all4camper.com\\\/wp-content\\\/uploads\\\/2021\\\/01\\\/skanzen-ror\u030cnov.jpg\",\"contentUrl\":\"https:\\\/\\\/all4camper.com\\\/wp-content\\\/uploads\\\/2021\\\/01\\\/skanzen-ror\u030cnov.jpg\",\"width\":1000,\"height\":692},{\"@type\":\"BreadcrumbList\",\"@id\":\"https:\\\/\\\/all4camper.com\\\/cs\\\/karavanem-do-roznova-pod-radhostem-a-jeho-okoli\\\/#breadcrumb\",\"itemListElement\":[{\"@type\":\"ListItem\",\"position\":1,\"name\":\"Dom\u016f\",\"item\":\"https:\\\/\\\/all4camper.com\\\/cs\\\/\"},{\"@type\":\"ListItem\",\"position\":2,\"name\":\"Cestujeme a kempujeme v \u010cR\",\"item\":\"https:\\\/\\\/all4camper.com\\\/cs\\\/category\\\/cestujeme-a-kempujeme-v-cr\\\/\"},{\"@type\":\"ListItem\",\"position\":3,\"name\":\"Karavanem do Ro\u017enova pod Radho\u0161t\u011bm a jeho okol\u00ed\"}]},{\"@type\":\"WebSite\",\"@id\":\"https:\\\/\\\/all4camper.com\\\/cs\\\/#website\",\"url\":\"https:\\\/\\\/all4camper.com\\\/cs\\\/\",\"name\":\"All4Camper\",\"description\":\"Nejv\u011bt\u0161\u00ed online magaz\u00edn o kempov\u00e1n\u00ed a karavaninku. V\u00edce jak 900 \u010dl\u00e1nk\u016f pln\u00fdch rad a tip\u016f o kempech a kempov\u00e1n\u00ed.\",\"publisher\":{\"@id\":\"https:\\\/\\\/all4camper.com\\\/cs\\\/#organization\"},\"potentialAction\":[{\"@type\":\"SearchAction\",\"target\":{\"@type\":\"EntryPoint\",\"urlTemplate\":\"https:\\\/\\\/all4camper.com\\\/cs\\\/?s={search_term_string}\"},\"query-input\":{\"@type\":\"PropertyValueSpecification\",\"valueRequired\":true,\"valueName\":\"search_term_string\"}}],\"inLanguage\":\"cs\"},{\"@type\":\"Organization\",\"@id\":\"https:\\\/\\\/all4camper.com\\\/cs\\\/#organization\",\"name\":\"All4Camper - kempujeme s Kl\u00e1rou\",\"url\":\"https:\\\/\\\/all4camper.com\\\/cs\\\/\",\"logo\":{\"@type\":\"ImageObject\",\"inLanguage\":\"cs\",\"@id\":\"https:\\\/\\\/all4camper.com\\\/cs\\\/#\\\/schema\\\/logo\\\/image\\\/\",\"url\":\"https:\\\/\\\/all4camper.com\\\/wp-content\\\/uploads\\\/2018\\\/09\\\/novelogo.png\",\"contentUrl\":\"https:\\\/\\\/all4camper.com\\\/wp-content\\\/uploads\\\/2018\\\/09\\\/novelogo.png\",\"width\":1520,\"height\":600,\"caption\":\"All4Camper - kempujeme s Kl\u00e1rou\"},\"image\":{\"@id\":\"https:\\\/\\\/all4camper.com\\\/cs\\\/#\\\/schema\\\/logo\\\/image\\\/\"}},{\"@type\":\"Person\",\"@id\":\"https:\\\/\\\/all4camper.com\\\/cs\\\/#\\\/schema\\\/person\\\/a6387842443a2105d550878fdd898965\",\"name\":\"Ivo Pavelek\",\"url\":\"https:\\\/\\\/all4camper.com\\\/cs\\\/author\\\/ivopavelek\\\/\"}]}<\/script>\n<!-- \/ Yoast SEO plugin. -->","yoast_head_json":{"title":"Karavanem do Ro\u017enova pod Radho\u0161t\u011bm a jeho okol\u00ed - All4Camper","description":"All4Camper - Karavanem do Ro\u017enova pod Radho\u0161t\u011bm a jeho okol\u00ed","robots":{"index":"index","follow":"follow","max-snippet":"max-snippet:-1","max-image-preview":"max-image-preview:large","max-video-preview":"max-video-preview:-1"},"canonical":"https:\/\/all4camper.com\/cs\/karavanem-do-roznova-pod-radhostem-a-jeho-okoli\/","og_locale":"cs_CZ","og_type":"article","og_title":"Karavanem do Ro\u017enova pod Radho\u0161t\u011bm a jeho okol\u00ed - All4Camper","og_description":"All4Camper - Karavanem do Ro\u017enova pod Radho\u0161t\u011bm a jeho okol\u00ed","og_url":"https:\/\/all4camper.com\/cs\/karavanem-do-roznova-pod-radhostem-a-jeho-okoli\/","og_site_name":"All4Camper","article_published_time":"2021-01-22T08:01:26+00:00","article_modified_time":"2021-01-22T08:13:17+00:00","og_image":[{"width":1000,"height":692,"url":"https:\/\/all4camper.com\/wp-content\/uploads\/2021\/01\/skanzen-ror\u030cnov.jpg","type":"image\/jpeg"}],"author":"Ivo Pavelek","twitter_card":"summary_large_image","twitter_misc":{"Napsal(a)":"Ivo Pavelek","Odhadovan\u00e1 doba \u010dten\u00ed":"5 minut"},"schema":{"@context":"https:\/\/schema.org","@graph":[{"@type":"Article","@id":"https:\/\/all4camper.com\/cs\/karavanem-do-roznova-pod-radhostem-a-jeho-okoli\/#article","isPartOf":{"@id":"https:\/\/all4camper.com\/cs\/karavanem-do-roznova-pod-radhostem-a-jeho-okoli\/"},"author":{"name":"Ivo Pavelek","@id":"https:\/\/all4camper.com\/cs\/#\/schema\/person\/a6387842443a2105d550878fdd898965"},"headline":"Karavanem do Ro\u017enova pod Radho\u0161t\u011bm a jeho okol\u00ed","datePublished":"2021-01-22T08:01:26+00:00","dateModified":"2021-01-22T08:13:17+00:00","mainEntityOfPage":{"@id":"https:\/\/all4camper.com\/cs\/karavanem-do-roznova-pod-radhostem-a-jeho-okoli\/"},"wordCount":1072,"publisher":{"@id":"https:\/\/all4camper.com\/cs\/#organization"},"image":{"@id":"https:\/\/all4camper.com\/cs\/karavanem-do-roznova-pod-radhostem-a-jeho-okoli\/#primaryimage"},"thumbnailUrl":"https:\/\/all4camper.com\/wp-content\/uploads\/2021\/01\/skanzen-ror\u030cnov.jpg","keywords":["Morava","Pozn\u00e1vac\u00ed dovolen\u00e1"],"articleSection":["Cestujeme a kempujeme v \u010cR","Novinky - Kempov\u00e1n\u00ed a karavaning"],"inLanguage":"cs"},{"@type":"WebPage","@id":"https:\/\/all4camper.com\/cs\/karavanem-do-roznova-pod-radhostem-a-jeho-okoli\/","url":"https:\/\/all4camper.com\/cs\/karavanem-do-roznova-pod-radhostem-a-jeho-okoli\/","name":"Karavanem do Ro\u017enova pod Radho\u0161t\u011bm a jeho okol\u00ed - All4Camper","isPartOf":{"@id":"https:\/\/all4camper.com\/cs\/#website"},"primaryImageOfPage":{"@id":"https:\/\/all4camper.com\/cs\/karavanem-do-roznova-pod-radhostem-a-jeho-okoli\/#primaryimage"},"image":{"@id":"https:\/\/all4camper.com\/cs\/karavanem-do-roznova-pod-radhostem-a-jeho-okoli\/#primaryimage"},"thumbnailUrl":"https:\/\/all4camper.com\/wp-content\/uploads\/2021\/01\/skanzen-ror\u030cnov.jpg","datePublished":"2021-01-22T08:01:26+00:00","dateModified":"2021-01-22T08:13:17+00:00","description":"All4Camper - Karavanem do Ro\u017enova pod Radho\u0161t\u011bm a jeho okol\u00ed","breadcrumb":{"@id":"https:\/\/all4camper.com\/cs\/karavanem-do-roznova-pod-radhostem-a-jeho-okoli\/#breadcrumb"},"inLanguage":"cs","potentialAction":[{"@type":"ReadAction","target":["https:\/\/all4camper.com\/cs\/karavanem-do-roznova-pod-radhostem-a-jeho-okoli\/"]}]},{"@type":"ImageObject","inLanguage":"cs","@id":"https:\/\/all4camper.com\/cs\/karavanem-do-roznova-pod-radhostem-a-jeho-okoli\/#primaryimage","url":"https:\/\/all4camper.com\/wp-content\/uploads\/2021\/01\/skanzen-ror\u030cnov.jpg","contentUrl":"https:\/\/all4camper.com\/wp-content\/uploads\/2021\/01\/skanzen-ror\u030cnov.jpg","width":1000,"height":692},{"@type":"BreadcrumbList","@id":"https:\/\/all4camper.com\/cs\/karavanem-do-roznova-pod-radhostem-a-jeho-okoli\/#breadcrumb","itemListElement":[{"@type":"ListItem","position":1,"name":"Dom\u016f","item":"https:\/\/all4camper.com\/cs\/"},{"@type":"ListItem","position":2,"name":"Cestujeme a kempujeme v \u010cR","item":"https:\/\/all4camper.com\/cs\/category\/cestujeme-a-kempujeme-v-cr\/"},{"@type":"ListItem","position":3,"name":"Karavanem do Ro\u017enova pod Radho\u0161t\u011bm a jeho okol\u00ed"}]},{"@type":"WebSite","@id":"https:\/\/all4camper.com\/cs\/#website","url":"https:\/\/all4camper.com\/cs\/","name":"All4Camper","description":"Nejv\u011bt\u0161\u00ed online magaz\u00edn o kempov\u00e1n\u00ed a karavaninku. V\u00edce jak 900 \u010dl\u00e1nk\u016f pln\u00fdch rad a tip\u016f o kempech a kempov\u00e1n\u00ed.","publisher":{"@id":"https:\/\/all4camper.com\/cs\/#organization"},"potentialAction":[{"@type":"SearchAction","target":{"@type":"EntryPoint","urlTemplate":"https:\/\/all4camper.com\/cs\/?s={search_term_string}"},"query-input":{"@type":"PropertyValueSpecification","valueRequired":true,"valueName":"search_term_string"}}],"inLanguage":"cs"},{"@type":"Organization","@id":"https:\/\/all4camper.com\/cs\/#organization","name":"All4Camper - kempujeme s Kl\u00e1rou","url":"https:\/\/all4camper.com\/cs\/","logo":{"@type":"ImageObject","inLanguage":"cs","@id":"https:\/\/all4camper.com\/cs\/#\/schema\/logo\/image\/","url":"https:\/\/all4camper.com\/wp-content\/uploads\/2018\/09\/novelogo.png","contentUrl":"https:\/\/all4camper.com\/wp-content\/uploads\/2018\/09\/novelogo.png","width":1520,"height":600,"caption":"All4Camper - kempujeme s Kl\u00e1rou"},"image":{"@id":"https:\/\/all4camper.com\/cs\/#\/schema\/logo\/image\/"}},{"@type":"Person","@id":"https:\/\/all4camper.com\/cs\/#\/schema\/person\/a6387842443a2105d550878fdd898965","name":"Ivo Pavelek","url":"https:\/\/all4camper.com\/cs\/author\/ivopavelek\/"}]}},"_links":{"self":[{"href":"https:\/\/all4camper.com\/cs\/wp-json\/wp\/v2\/posts\/89810","targetHints":{"allow":["GET"]}}],"collection":[{"href":"https:\/\/all4camper.com\/cs\/wp-json\/wp\/v2\/posts"}],"about":[{"href":"https:\/\/all4camper.com\/cs\/wp-json\/wp\/v2\/types\/post"}],"author":[{"embeddable":true,"href":"https:\/\/all4camper.com\/cs\/wp-json\/wp\/v2\/users\/381"}],"replies":[{"embeddable":true,"href":"https:\/\/all4camper.com\/cs\/wp-json\/wp\/v2\/comments?post=89810"}],"version-history":[{"count":0,"href":"https:\/\/all4camper.com\/cs\/wp-json\/wp\/v2\/posts\/89810\/revisions"}],"wp:featuredmedia":[{"embeddable":true,"href":"https:\/\/all4camper.com\/cs\/wp-json\/wp\/v2\/media\/89834"}],"wp:attachment":[{"href":"https:\/\/all4camper.com\/cs\/wp-json\/wp\/v2\/media?parent=89810"}],"wp:term":[{"taxonomy":"category","embeddable":true,"href":"https:\/\/all4camper.com\/cs\/wp-json\/wp\/v2\/categories?post=89810"},{"taxonomy":"post_tag","embeddable":true,"href":"https:\/\/all4camper.com\/cs\/wp-json\/wp\/v2\/tags?post=89810"}],"curies":[{"name":"wp","href":"https:\/\/api.w.org\/{rel}","templated":true}]}}