{"id":89442,"date":"2021-01-05T10:30:56","date_gmt":"2021-01-05T09:30:56","guid":{"rendered":"https:\/\/all4camper.com\/\/?p=89442"},"modified":"2021-01-14T09:06:55","modified_gmt":"2021-01-14T08:06:55","slug":"vikend-karavanem-do-malebneho-kokorinska","status":"publish","type":"post","link":"https:\/\/all4camper.com\/cs\/vikend-karavanem-do-malebneho-kokorinska\/","title":{"rendered":"Na v\u00edkend karavanem do malebn\u00e9ho Koko\u0159\u00ednska"},"content":{"rendered":"\n<h4 class=\"wp-block-heading\">Pokud pr\u00e1v\u011b zva\u017eujete kam by se dalo aktu\u00e1ln\u011b vyrazit karavanem na v\u00edkend, pak Koko\u0159\u00ednsko je dobr\u00e1 volba. \u010cek\u00e1 tam na v\u00e1s poh\u00e1dkov\u00fd hrad Koko\u0159\u00edn, v\u00fd\u0161lap na Pokli\u010dky \u010di Skaln\u00ed bludi\u0161t\u011b. <\/h4>\n\n\n\n<figure class=\"wp-block-image size-large\"><img loading=\"lazy\" decoding=\"async\" width=\"900\" height=\"646\" src=\"https:\/\/all4camper.com\/\/wp-content\/uploads\/2021\/01\/hrad-kokor\u030ci\u0301n.jpg\" alt=\"\" class=\"wp-image-89443\" srcset=\"https:\/\/all4camper.com\/wp-content\/uploads\/2021\/01\/hrad-kokor\u030ci\u0301n.jpg 900w, https:\/\/all4camper.com\/wp-content\/uploads\/2021\/01\/hrad-kokor\u030ci\u0301n-300x215.jpg 300w, https:\/\/all4camper.com\/wp-content\/uploads\/2021\/01\/hrad-kokor\u030ci\u0301n-150x108.jpg 150w, https:\/\/all4camper.com\/wp-content\/uploads\/2021\/01\/hrad-kokor\u030ci\u0301n-768x551.jpg 768w\" sizes=\"auto, (max-width: 900px) 100vw, 900px\" \/><figcaption>zdroj: hradkokorin.eu<\/figcaption><\/figure>\n\n\n\n<p>Koko\u0159\u00ednsko je chr\u00e1n\u011bnou krajinnou oblast\u00ed na M\u011blnicku. Cel\u00e1 oblast vznikla v&nbsp;obdob\u00ed t\u0159etihor a naleznete zde nap\u0159\u00edklad p\u00edskovcov\u00e9 sk\u00e1ly, jeskyn\u011b a rokliny, skaln\u00ed p\u0159evisy a jin\u00e9 zaj\u00edmav\u00e9 p\u0159\u00edrodn\u00ed \u00fatvary.&nbsp;Prvn\u00ed c\u00edlem na\u0161\u00ed cesty je hrad Koko\u0159\u00edn ze 14.stolet\u00ed na n\u011bm\u017e se v&nbsp;minulosti nat\u00e1\u010delo n\u011bkolik \u010desk\u00fdch poh\u00e1dek, nap\u0159. v\u0161em dob\u0159e zn\u00e1m\u00e1 Princezna se zlatou hv\u011bzdou na \u010dele. Zaparkovat m\u016f\u017eete pod hradem na placen\u00e9m parkovi\u0161ti <a href=\"https:\/\/www.google.cz\/maps\/place\/Parkovi%C5%A1t%C4%9B+Koko%C5%99%C3%ADn+-+b%C3%BDval%C3%A9+koupali%C5%A1t%C4%9B\/@50.4398648,14.5816071,15.73z\/data=!4m5!3m4!1s0x47095fcb2b6c2477:0x4e101d88dbe78958!8m2!3d50.4382363!4d14.5804319?hl=cs\">zde<\/a>. Hned vedle parkovi\u0161t\u011b najdete ob\u010derstven\u00ed s&nbsp;venkovn\u00edm posezen\u00edm. My se vyd\u00e1v\u00e1me p\u011b\u0161ky vzh\u016fru na samotn\u00fd hrad, z parkovi\u0161t\u011b je to asi 15 minut (<a href=\"https:\/\/www.google.cz\/maps\/dir\/Parkovi%C5%A1t%C4%9B+Koko%C5%99%C3%ADn+-+b%C3%BDval%C3%A9+koupali%C5%A1t%C4%9B\/Hrad+Koko%C5%99%C3%ADn,+277+23+Koko%C5%99%C3%ADn\/@50.4398648,14.5816071,15.73z\/data=!4m13!4m12!1m5!1m1!1s0x47095fcb2b6c2477:0x4e101d88dbe78958!2m2!1d14.5804309!2d50.4382367!1m5!1m1!1s0x47095f9b2dc2c107:0x66671eb75aa2b844!2m2!1d14.5766588!2d50.4403303?hl=cs\" target=\"_blank\" rel=\"noreferrer noopener\">trasa na hrad<\/a>) a u\u017e po cest\u011b nahoru m\u016f\u017eete obdivovat r\u016fzn\u00e9 skaln\u00ed \u00fatvary. Mimochodem, jen kousek od hradu se nach\u00e1z\u00ed velmi hezk\u00e9 t\u00e1bo\u0159i\u0161t\u011b, kde se d\u00e1 kempovat i s karavanem (<a href=\"https:\/\/goo.gl\/maps\/4q791t2oQR5c4aqs5\" target=\"_blank\" rel=\"noreferrer noopener\">mapa<\/a>).<\/p>\n\n\n\n<p>Pomalu p\u0159ich\u00e1z\u00edme k&nbsp;samotn\u00e9mu hradu, k&nbsp;n\u011bmu\u017e vede byteln\u00e1 d\u0159ev\u011bn\u00e1 l\u00e1vka a vstupujeme do pevnosti hradu Koko\u0159\u00edn. P\u0159es mal\u00e9 n\u00e1dvo\u0159\u00ed p\u0159ijdete k&nbsp;pokladn\u011b, kde si m\u016f\u017eete zakoupit jednak vstupenky na komentovanou prohl\u00eddku s&nbsp;pr\u016fvodcem, tak i drobn\u00e9 suven\u00fdry, doporu\u010duji m\u00edt s sebou hotovost. Bli\u017e\u0161\u00ed informace k&nbsp;cen\u011b vstupn\u00e9ho a prohl\u00eddkov\u00fdm tras\u00e1m naleznete <a href=\"https:\/\/hradkokorin.eu\/vstupne\/\">zde<\/a>. Samotn\u00e1 prohl\u00eddka trvala cca 45 minut a bonusem byly n\u00e1dhern\u00e9 vyhl\u00eddky z&nbsp;hradn\u00ed v\u011b\u017ee.<\/p>\n\n\n\n<figure class=\"wp-block-gallery columns-2 is-cropped wp-block-gallery-1 is-layout-flex wp-block-gallery-is-layout-flex\"><ul class=\"blocks-gallery-grid\"><li class=\"blocks-gallery-item\"><figure><img loading=\"lazy\" decoding=\"async\" width=\"718\" height=\"551\" src=\"https:\/\/all4camper.com\/\/wp-content\/uploads\/2021\/01\/FB_IMG_1608554714959.jpg\" alt=\"\" data-id=\"89447\" class=\"wp-image-89447\" srcset=\"https:\/\/all4camper.com\/wp-content\/uploads\/2021\/01\/FB_IMG_1608554714959.jpg 718w, https:\/\/all4camper.com\/wp-content\/uploads\/2021\/01\/FB_IMG_1608554714959-300x230.jpg 300w, https:\/\/all4camper.com\/wp-content\/uploads\/2021\/01\/FB_IMG_1608554714959-150x115.jpg 150w, https:\/\/all4camper.com\/wp-content\/uploads\/2021\/01\/FB_IMG_1608554714959-80x60.jpg 80w\" sizes=\"auto, (max-width: 718px) 100vw, 718px\" \/><\/figure><\/li><li class=\"blocks-gallery-item\"><figure><a href=\"https:\/\/all4camper.com\/\/?attachment_id=89451\"><img loading=\"lazy\" decoding=\"async\" width=\"716\" height=\"581\" src=\"https:\/\/all4camper.com\/\/wp-content\/uploads\/2021\/01\/FB_IMG_1608554754938.jpg\" alt=\"\" data-id=\"89451\" data-full-url=\"https:\/\/all4camper.com\/\/wp-content\/uploads\/2021\/01\/FB_IMG_1608554754938.jpg\" data-link=\"https:\/\/all4camper.com\/\/?attachment_id=89451\" class=\"wp-image-89451\" srcset=\"https:\/\/all4camper.com\/wp-content\/uploads\/2021\/01\/FB_IMG_1608554754938.jpg 716w, https:\/\/all4camper.com\/wp-content\/uploads\/2021\/01\/FB_IMG_1608554754938-300x243.jpg 300w, https:\/\/all4camper.com\/wp-content\/uploads\/2021\/01\/FB_IMG_1608554754938-150x122.jpg 150w\" sizes=\"auto, (max-width: 716px) 100vw, 716px\" \/><\/a><\/figure><\/li><\/ul><\/figure>\n\n\n\n<p>A\u010d samotn\u00e9 prostory ur\u010den\u00e9 k&nbsp;prohl\u00eddce jsou nevelk\u00e9, m\u016f\u017eete obdivovat hezkou historickou v\u00fdzdobu doprov\u00e1zenou poutav\u00fdm vypr\u00e1v\u011bn\u00edm pr\u016fvodce. Samoz\u0159ejm\u011b se m\u016f\u017eete na cokoliv zeptat a d\u011bti mohou spo\u010d\u00edtat schody v&nbsp;hradn\u00ed v\u011b\u017ei. V&nbsp;samotn\u00e9m hradu nebylo mo\u017eno si zakoupit n\u011bjak\u00e9 ob\u010derstven\u00ed, a tak doporu\u010duji z\u00e1sobit se p\u0159edem, hlavn\u011b tekutinami a klidn\u011b i n\u011b\u010d\u00edm dobr\u00fdm na zub.<\/p>\n\n\n\n<p>Po tomto hezk\u00e9m z\u00e1\u017eitku se vrac\u00edme k&nbsp;autu a pokra\u010dujeme d\u00e1l sm\u011br Pokli\u010dky M\u0161eno. Autem jste zde z&nbsp;parkovi\u0161t\u011b pod hradem za pouh\u00e9 3 minuty a zaparkujete na vyhrazen\u00e9m parkovi\u0161ti s&nbsp;poplatkem 10 korun za hodinu (<a href=\"https:\/\/www.google.cz\/maps\/dir\/Parkovi%C5%A1t%C4%9B+Koko%C5%99%C3%ADn+-+Podhrad%C3%AD,+Koko%C5%99%C3%ADn\/Parkovi%C5%A1t%C4%9B+Pokli%C4%8Dky\/@50.4485735,14.5810811,14.74z\/data=!4m13!4m12!1m5!1m1!1s0x47095f9cad6cda03:0x343f6fbbe51750a7!2m2!1d14.5796567!2d50.4397822!1m5!1m1!1s0x47095fa400c7c3df:0xe0bca02f89f689a3!2m2!1d14.5863651!2d50.4547411?hl=cs\">parking<\/a>). Samoz\u0159ejm\u011b ale m\u016f\u017eete karavan nechat na parkovi\u0161ti pod hradem nebo na t\u00e1bo\u0159i\u0161ti a j\u00edt po t\u00e9to hezk\u00e9 cest\u011b lesem. Na tuto cestu se dostanete z t\u00e1bo\u0159i\u0161t\u011b, kdy p\u0159ejdete potok a d\u00e1te se doleva. Pozor, nen\u00ed vhodn\u00e1 pro ko\u010d\u00e1rky. Samotn\u00e1 stezka nahoru ke skaln\u00edmu \u00fatvaru Pokli\u010dky je velmi dob\u0159e turisticky zna\u010den\u00e1, tak\u017ee nem\u016f\u017eete zabloudit. V\u00fdstup nen\u00ed nijak extr\u00e9mn\u011b n\u00e1ro\u010dn\u00fd a trv\u00e1 cca 20 minut. (<a href=\"https:\/\/www.google.cz\/maps\/place\/Pokli%C4%8Dky\/@50.454965,14.5878411,324m\/data=!3m1!1e3!4m5!3m4!1s0x47095fa6c09fe375:0x3f74da8e508eec2!8m2!3d50.4553951!4d14.5889747?hl=cs\" target=\"_blank\" rel=\"noreferrer noopener\">pokli\u010dky<\/a>)&nbsp;A co\u017ee jsou to ty Pokli\u010dky? Jedn\u00e1 se o p\u00edskovcov\u00e9 \u00fatvary maj\u00edc\u00ed tvar houby \u010di pokli\u010dky. Jako se z&nbsp;n\u011bkter\u00fdch skaln\u00edch \u00fatvar\u016f teprve \u010dasem pokli\u010dky vyvinou, tak ty, na kter\u00e9 ji\u017e p\u016fsob\u00ed eroze se \u010dasem rozpadnou a z\u0159\u00edt\u00ed.&nbsp;<\/p>\n\n\n\n<figure class=\"wp-block-image size-large\"><img loading=\"lazy\" decoding=\"async\" width=\"1360\" height=\"900\" src=\"https:\/\/all4camper.com\/\/wp-content\/uploads\/2021\/01\/poklic\u030cky.jpg\" alt=\"\" class=\"wp-image-89455\" srcset=\"https:\/\/all4camper.com\/wp-content\/uploads\/2021\/01\/poklic\u030cky.jpg 1360w, https:\/\/all4camper.com\/wp-content\/uploads\/2021\/01\/poklic\u030cky-300x199.jpg 300w, https:\/\/all4camper.com\/wp-content\/uploads\/2021\/01\/poklic\u030cky-150x99.jpg 150w, https:\/\/all4camper.com\/wp-content\/uploads\/2021\/01\/poklic\u030cky-768x508.jpg 768w\" sizes=\"auto, (max-width: 1360px) 100vw, 1360px\" \/><figcaption>Zdroj: kudyznudy.cz<\/figcaption><\/figure>\n\n\n\n<p>Turistick\u00e1 trasa vede lesem a je lemov\u00e1na r\u016fzn\u00fdmi nau\u010dn\u00fdmi tabulemi, ze kter\u00fdch se dozv\u00edte lecos zaj\u00edmav\u00e9ho. Tak\u00e9 tu je opravdu spousta kr\u00e1sn\u00fdch skaln\u00edch z\u00e1kout\u00ed. Samotn\u00fd v\u00fdstup je v&nbsp;n\u011bkter\u00fdch \u00fasec\u00edch usnadn\u011bn d\u0159ev\u011bn\u00fdmi schody. Naho\u0159e budete op\u011bt odm\u011bn\u011bni kr\u00e1sn\u00fdmi v\u00fdhledy.<\/p>\n\n\n\n<p>Ale to je\u0161t\u011b nen\u00ed konec, na z\u00e1v\u011br va\u0161eho v\u00fdletu nesm\u00edte vynechat kr\u00e1sn\u00e9 skaln\u00ed m\u011bsto a bludi\u0161t\u011b M\u0161eno, kter\u00e9 je takov\u00fdm mal\u00fdm Adr\u0161pachem, av\u0161ak mnohem m\u00e9n\u011b turisticky zat\u00ed\u017een\u00e9. (<a href=\"https:\/\/goo.gl\/maps\/UgqkW6F5Lc8NM11GA\" target=\"_blank\" rel=\"noreferrer noopener\">mapa<\/a>) U samotn\u00e9ho skaln\u00edho m\u011bsta se nenach\u00e1z\u00ed \u017e\u00e1dn\u00e9 ofici\u00e1ln\u00ed parkovi\u0161t\u011b, tak\u017ee karavan postavte na jedno z parkovi\u0161\u0165 ve M\u0161enu ze kter\u00e9ho vede turistick\u00e1 trasa a\u017e do sklan\u00edho m\u011bsta a bludi\u0161t\u011b.<\/p>\n\n\n\n<p>P\u0159i n\u00e1\u0161\u00ed n\u00e1v\u0161t\u011bv\u011b se povedlo, \u017ee jsme zde byli po celou dobu absolutn\u011b sami, a tak jsme m\u011bli cel\u00e9 bludi\u0161t\u011b jen pro sebe. Je\u0161t\u011b jsem opomn\u011bl zm\u00ednit, \u017ee vstup je zcela zdarma a stejn\u011b tak na p\u0159edchoz\u00edch \u201ePokli\u010dk\u00e1ch\u201c, vyjma parkovi\u0161t\u011b, nic neplat\u00edte. Ve skal\u00e1ch je velmi p\u0159\u00edjemn\u00e9 klima a obzvl\u00e1\u0161t\u011b v&nbsp;letn\u00edch hork\u00fdch m\u011bs\u00edc\u00edch ocen\u00edte p\u0159\u00edjemn\u00fd chlad. V zim\u011b pozor na kluzk\u00fd povrch. Ve skal\u00e1ch je spousta r\u016fzn\u00fdch tras, kudy m\u016f\u017eete proch\u00e1zet a pravda, n\u011bkter\u00e9 jsou trochu u\u017e\u0161\u00ed, ale nebojte, daj\u00ed se obej\u00edt. <\/p>\n\n\n\n<figure class=\"wp-block-gallery columns-2 is-cropped wp-block-gallery-2 is-layout-flex wp-block-gallery-is-layout-flex\"><ul class=\"blocks-gallery-grid\"><li class=\"blocks-gallery-item\"><figure><a href=\"https:\/\/all4camper.com\/\/?attachment_id=89459\"><img loading=\"lazy\" decoding=\"async\" width=\"719\" height=\"670\" src=\"https:\/\/all4camper.com\/\/wp-content\/uploads\/2021\/01\/FB_IMG_1608554854412.jpg\" alt=\"\" data-id=\"89459\" data-full-url=\"https:\/\/all4camper.com\/\/wp-content\/uploads\/2021\/01\/FB_IMG_1608554854412.jpg\" data-link=\"https:\/\/all4camper.com\/\/?attachment_id=89459\" class=\"wp-image-89459\" srcset=\"https:\/\/all4camper.com\/wp-content\/uploads\/2021\/01\/FB_IMG_1608554854412.jpg 719w, https:\/\/all4camper.com\/wp-content\/uploads\/2021\/01\/FB_IMG_1608554854412-300x280.jpg 300w, https:\/\/all4camper.com\/wp-content\/uploads\/2021\/01\/FB_IMG_1608554854412-150x140.jpg 150w\" sizes=\"auto, (max-width: 719px) 100vw, 719px\" \/><\/a><\/figure><\/li><li class=\"blocks-gallery-item\"><figure><a href=\"https:\/\/all4camper.com\/\/?attachment_id=89463\"><img loading=\"lazy\" decoding=\"async\" width=\"718\" height=\"653\" src=\"https:\/\/all4camper.com\/\/wp-content\/uploads\/2021\/01\/FB_IMG_1608554841640.jpg\" alt=\"\" data-id=\"89463\" data-full-url=\"https:\/\/all4camper.com\/\/wp-content\/uploads\/2021\/01\/FB_IMG_1608554841640.jpg\" data-link=\"https:\/\/all4camper.com\/\/?attachment_id=89463\" class=\"wp-image-89463\" srcset=\"https:\/\/all4camper.com\/wp-content\/uploads\/2021\/01\/FB_IMG_1608554841640.jpg 718w, https:\/\/all4camper.com\/wp-content\/uploads\/2021\/01\/FB_IMG_1608554841640-300x273.jpg 300w, https:\/\/all4camper.com\/wp-content\/uploads\/2021\/01\/FB_IMG_1608554841640-150x136.jpg 150w\" sizes=\"auto, (max-width: 718px) 100vw, 718px\" \/><\/a><\/figure><\/li><\/ul><\/figure>\n\n\n\n<p>Za mne tedy jednozna\u010dn\u011b na tento v\u00fdlet d\u00e1v\u00e1m palec nahoru a ur\u010dit\u011b, jakmile budete m\u00edt chvilku, tak vyra\u017ete. A vzhledem k&nbsp;m\u00edrn\u00e9mu po\u010d\u00e1tku zimy bych se neb\u00e1l ani nyn\u00ed, stejn\u011b tak v&nbsp;kteroukoliv jinou ro\u010dn\u00ed dobu. A pokud chcete za\u017e\u00edt je\u0161t\u011b v\u00edce, m\u016f\u017ee si zde proj\u00edt takzvanou Cinibulkovu stezku, viz. <a href=\"https:\/\/www.kudyznudy.cz\/aktivity\/cinibulkova-stezka-to-nejlepsi-z-kokorinska\" target=\"_blank\" rel=\"noreferrer noopener\">zde<\/a>.  <em>Autor: Ivo Pavelek<\/em><\/p>\n\n\n\n<figure class=\"wp-block-image size-large\"><img loading=\"lazy\" decoding=\"async\" width=\"800\" height=\"536\" src=\"https:\/\/all4camper.com\/\/wp-content\/uploads\/2021\/01\/https-www.kudyznudy.czaktivitycinibulkova-stezka-to-nejlepsi-z-kokorinska.jpg\" alt=\"\" class=\"wp-image-89467\" srcset=\"https:\/\/all4camper.com\/wp-content\/uploads\/2021\/01\/https-www.kudyznudy.czaktivitycinibulkova-stezka-to-nejlepsi-z-kokorinska.jpg 800w, https:\/\/all4camper.com\/wp-content\/uploads\/2021\/01\/https-www.kudyznudy.czaktivitycinibulkova-stezka-to-nejlepsi-z-kokorinska-300x201.jpg 300w, https:\/\/all4camper.com\/wp-content\/uploads\/2021\/01\/https-www.kudyznudy.czaktivitycinibulkova-stezka-to-nejlepsi-z-kokorinska-150x101.jpg 150w, https:\/\/all4camper.com\/wp-content\/uploads\/2021\/01\/https-www.kudyznudy.czaktivitycinibulkova-stezka-to-nejlepsi-z-kokorinska-768x515.jpg 768w\" sizes=\"auto, (max-width: 800px) 100vw, 800px\" \/><figcaption>Cinibulkova stezka<\/figcaption><\/figure>\n","protected":false},"excerpt":{"rendered":"<p>Pokud pr\u00e1v\u011b zva\u017eujete kam by se dalo aktu\u00e1ln\u011b vyrazit karavanem na v\u00edkend, pak Koko\u0159\u00ednsko je dobr\u00e1 volba. \u010cek\u00e1 tam na v\u00e1s poh\u00e1dkov\u00fd hrad Koko\u0159\u00edn, v\u00fd\u0161lap na Pokli\u010dky \u010di Skaln\u00ed bludi\u0161t\u011b. Koko\u0159\u00ednsko je chr\u00e1n\u011bnou krajinnou oblast\u00ed na M\u011blnicku. Cel\u00e1 oblast vznikla v&nbsp;obdob\u00ed t\u0159etihor a naleznete zde nap\u0159\u00edklad p\u00edskovcov\u00e9 sk\u00e1ly, jeskyn\u011b a rokliny, skaln\u00ed p\u0159evisy a jin\u00e9 [&hellip;]<\/p>\n","protected":false},"author":27,"featured_media":89443,"comment_status":"closed","ping_status":"open","sticky":false,"template":"","format":"standard","meta":{"_monsterinsights_skip_tracking":false,"_monsterinsights_sitenote_active":false,"_monsterinsights_sitenote_note":"","_monsterinsights_sitenote_category":0,"footnotes":""},"categories":[364,422],"tags":[100],"class_list":{"0":"post-89442","1":"post","2":"type-post","3":"status-publish","4":"format-standard","5":"has-post-thumbnail","7":"category-cestujeme-a-kempujeme-v-cr","8":"category-novinky-kempovani-a-karavaning","9":"tag-cechy"},"yoast_head":"<!-- This site is optimized with the Yoast SEO plugin v27.5 - https:\/\/yoast.com\/product\/yoast-seo-wordpress\/ -->\n<title>Na v\u00edkend karavanem do malebn\u00e9ho Koko\u0159\u00ednska - All4Camper<\/title>\n<meta name=\"description\" content=\"All4Camper - Na v\u00edkend karavanem do malebn\u00e9ho Koko\u0159\u00ednska\" \/>\n<meta name=\"robots\" content=\"index, follow, max-snippet:-1, max-image-preview:large, max-video-preview:-1\" \/>\n<link rel=\"canonical\" href=\"https:\/\/all4camper.com\/cs\/vikend-karavanem-do-malebneho-kokorinska\/\" \/>\n<meta property=\"og:locale\" content=\"cs_CZ\" \/>\n<meta property=\"og:type\" content=\"article\" \/>\n<meta property=\"og:title\" content=\"Na v\u00edkend karavanem do malebn\u00e9ho Koko\u0159\u00ednska - All4Camper\" \/>\n<meta property=\"og:description\" content=\"All4Camper - Na v\u00edkend karavanem do malebn\u00e9ho Koko\u0159\u00ednska\" \/>\n<meta property=\"og:url\" content=\"https:\/\/all4camper.com\/cs\/vikend-karavanem-do-malebneho-kokorinska\/\" \/>\n<meta property=\"og:site_name\" content=\"All4Camper\" \/>\n<meta property=\"article:published_time\" content=\"2021-01-05T09:30:56+00:00\" \/>\n<meta property=\"article:modified_time\" content=\"2021-01-14T08:06:55+00:00\" \/>\n<meta property=\"og:image\" content=\"https:\/\/all4camper.com\/wp-content\/uploads\/2021\/01\/hrad-kokor\u030ci\u0301n.jpg\" \/>\n\t<meta property=\"og:image:width\" content=\"900\" \/>\n\t<meta property=\"og:image:height\" content=\"646\" \/>\n\t<meta property=\"og:image:type\" content=\"image\/jpeg\" \/>\n<meta name=\"author\" content=\"Od na\u0161ich \u010dten\u00e1\u0159\u016f\" \/>\n<meta name=\"twitter:card\" content=\"summary_large_image\" \/>\n<meta name=\"twitter:label1\" content=\"Napsal(a)\" \/>\n\t<meta name=\"twitter:data1\" content=\"Od na\u0161ich \u010dten\u00e1\u0159\u016f\" \/>\n\t<meta name=\"twitter:label2\" content=\"Odhadovan\u00e1 doba \u010dten\u00ed\" \/>\n\t<meta name=\"twitter:data2\" content=\"5 minut\" \/>\n<script type=\"application\/ld+json\" class=\"yoast-schema-graph\">{\"@context\":\"https:\\\/\\\/schema.org\",\"@graph\":[{\"@type\":\"Article\",\"@id\":\"https:\\\/\\\/all4camper.com\\\/cs\\\/vikend-karavanem-do-malebneho-kokorinska\\\/#article\",\"isPartOf\":{\"@id\":\"https:\\\/\\\/all4camper.com\\\/cs\\\/vikend-karavanem-do-malebneho-kokorinska\\\/\"},\"author\":{\"name\":\"Od na\u0161ich \u010dten\u00e1\u0159\u016f\",\"@id\":\"https:\\\/\\\/all4camper.com\\\/cs\\\/#\\\/schema\\\/person\\\/6e44acf123c404fdffce72310b6e0f1c\"},\"headline\":\"Na v\u00edkend karavanem do malebn\u00e9ho Koko\u0159\u00ednska\",\"datePublished\":\"2021-01-05T09:30:56+00:00\",\"dateModified\":\"2021-01-14T08:06:55+00:00\",\"mainEntityOfPage\":{\"@id\":\"https:\\\/\\\/all4camper.com\\\/cs\\\/vikend-karavanem-do-malebneho-kokorinska\\\/\"},\"wordCount\":931,\"publisher\":{\"@id\":\"https:\\\/\\\/all4camper.com\\\/cs\\\/#organization\"},\"image\":{\"@id\":\"https:\\\/\\\/all4camper.com\\\/cs\\\/vikend-karavanem-do-malebneho-kokorinska\\\/#primaryimage\"},\"thumbnailUrl\":\"https:\\\/\\\/all4camper.com\\\/wp-content\\\/uploads\\\/2021\\\/01\\\/hrad-kokor\u030ci\u0301n.jpg\",\"keywords\":[\"\u010cechy\"],\"articleSection\":[\"Cestujeme a kempujeme v \u010cR\",\"Novinky - Kempov\u00e1n\u00ed a karavaning\"],\"inLanguage\":\"cs\"},{\"@type\":\"WebPage\",\"@id\":\"https:\\\/\\\/all4camper.com\\\/cs\\\/vikend-karavanem-do-malebneho-kokorinska\\\/\",\"url\":\"https:\\\/\\\/all4camper.com\\\/cs\\\/vikend-karavanem-do-malebneho-kokorinska\\\/\",\"name\":\"Na v\u00edkend karavanem do malebn\u00e9ho Koko\u0159\u00ednska - All4Camper\",\"isPartOf\":{\"@id\":\"https:\\\/\\\/all4camper.com\\\/cs\\\/#website\"},\"primaryImageOfPage\":{\"@id\":\"https:\\\/\\\/all4camper.com\\\/cs\\\/vikend-karavanem-do-malebneho-kokorinska\\\/#primaryimage\"},\"image\":{\"@id\":\"https:\\\/\\\/all4camper.com\\\/cs\\\/vikend-karavanem-do-malebneho-kokorinska\\\/#primaryimage\"},\"thumbnailUrl\":\"https:\\\/\\\/all4camper.com\\\/wp-content\\\/uploads\\\/2021\\\/01\\\/hrad-kokor\u030ci\u0301n.jpg\",\"datePublished\":\"2021-01-05T09:30:56+00:00\",\"dateModified\":\"2021-01-14T08:06:55+00:00\",\"description\":\"All4Camper - Na v\u00edkend karavanem do malebn\u00e9ho Koko\u0159\u00ednska\",\"breadcrumb\":{\"@id\":\"https:\\\/\\\/all4camper.com\\\/cs\\\/vikend-karavanem-do-malebneho-kokorinska\\\/#breadcrumb\"},\"inLanguage\":\"cs\",\"potentialAction\":[{\"@type\":\"ReadAction\",\"target\":[\"https:\\\/\\\/all4camper.com\\\/cs\\\/vikend-karavanem-do-malebneho-kokorinska\\\/\"]}]},{\"@type\":\"ImageObject\",\"inLanguage\":\"cs\",\"@id\":\"https:\\\/\\\/all4camper.com\\\/cs\\\/vikend-karavanem-do-malebneho-kokorinska\\\/#primaryimage\",\"url\":\"https:\\\/\\\/all4camper.com\\\/wp-content\\\/uploads\\\/2021\\\/01\\\/hrad-kokor\u030ci\u0301n.jpg\",\"contentUrl\":\"https:\\\/\\\/all4camper.com\\\/wp-content\\\/uploads\\\/2021\\\/01\\\/hrad-kokor\u030ci\u0301n.jpg\",\"width\":900,\"height\":646},{\"@type\":\"BreadcrumbList\",\"@id\":\"https:\\\/\\\/all4camper.com\\\/cs\\\/vikend-karavanem-do-malebneho-kokorinska\\\/#breadcrumb\",\"itemListElement\":[{\"@type\":\"ListItem\",\"position\":1,\"name\":\"Dom\u016f\",\"item\":\"https:\\\/\\\/all4camper.com\\\/cs\\\/\"},{\"@type\":\"ListItem\",\"position\":2,\"name\":\"Cestujeme a kempujeme v \u010cR\",\"item\":\"https:\\\/\\\/all4camper.com\\\/cs\\\/category\\\/cestujeme-a-kempujeme-v-cr\\\/\"},{\"@type\":\"ListItem\",\"position\":3,\"name\":\"Na v\u00edkend karavanem do malebn\u00e9ho Koko\u0159\u00ednska\"}]},{\"@type\":\"WebSite\",\"@id\":\"https:\\\/\\\/all4camper.com\\\/cs\\\/#website\",\"url\":\"https:\\\/\\\/all4camper.com\\\/cs\\\/\",\"name\":\"All4Camper\",\"description\":\"Nejv\u011bt\u0161\u00ed online magaz\u00edn o kempov\u00e1n\u00ed a karavaninku. V\u00edce jak 900 \u010dl\u00e1nk\u016f pln\u00fdch rad a tip\u016f o kempech a kempov\u00e1n\u00ed.\",\"publisher\":{\"@id\":\"https:\\\/\\\/all4camper.com\\\/cs\\\/#organization\"},\"potentialAction\":[{\"@type\":\"SearchAction\",\"target\":{\"@type\":\"EntryPoint\",\"urlTemplate\":\"https:\\\/\\\/all4camper.com\\\/cs\\\/?s={search_term_string}\"},\"query-input\":{\"@type\":\"PropertyValueSpecification\",\"valueRequired\":true,\"valueName\":\"search_term_string\"}}],\"inLanguage\":\"cs\"},{\"@type\":\"Organization\",\"@id\":\"https:\\\/\\\/all4camper.com\\\/cs\\\/#organization\",\"name\":\"All4Camper - kempujeme s Kl\u00e1rou\",\"url\":\"https:\\\/\\\/all4camper.com\\\/cs\\\/\",\"logo\":{\"@type\":\"ImageObject\",\"inLanguage\":\"cs\",\"@id\":\"https:\\\/\\\/all4camper.com\\\/cs\\\/#\\\/schema\\\/logo\\\/image\\\/\",\"url\":\"https:\\\/\\\/all4camper.com\\\/wp-content\\\/uploads\\\/2018\\\/09\\\/novelogo.png\",\"contentUrl\":\"https:\\\/\\\/all4camper.com\\\/wp-content\\\/uploads\\\/2018\\\/09\\\/novelogo.png\",\"width\":1520,\"height\":600,\"caption\":\"All4Camper - kempujeme s Kl\u00e1rou\"},\"image\":{\"@id\":\"https:\\\/\\\/all4camper.com\\\/cs\\\/#\\\/schema\\\/logo\\\/image\\\/\"}},{\"@type\":\"Person\",\"@id\":\"https:\\\/\\\/all4camper.com\\\/cs\\\/#\\\/schema\\\/person\\\/6e44acf123c404fdffce72310b6e0f1c\",\"name\":\"Od na\u0161ich \u010dten\u00e1\u0159\u016f\",\"url\":\"https:\\\/\\\/all4camper.com\\\/cs\\\/author\\\/od-nasich-ctenaru\\\/\"}]}<\/script>\n<!-- \/ Yoast SEO plugin. -->","yoast_head_json":{"title":"Na v\u00edkend karavanem do malebn\u00e9ho Koko\u0159\u00ednska - All4Camper","description":"All4Camper - Na v\u00edkend karavanem do malebn\u00e9ho Koko\u0159\u00ednska","robots":{"index":"index","follow":"follow","max-snippet":"max-snippet:-1","max-image-preview":"max-image-preview:large","max-video-preview":"max-video-preview:-1"},"canonical":"https:\/\/all4camper.com\/cs\/vikend-karavanem-do-malebneho-kokorinska\/","og_locale":"cs_CZ","og_type":"article","og_title":"Na v\u00edkend karavanem do malebn\u00e9ho Koko\u0159\u00ednska - All4Camper","og_description":"All4Camper - Na v\u00edkend karavanem do malebn\u00e9ho Koko\u0159\u00ednska","og_url":"https:\/\/all4camper.com\/cs\/vikend-karavanem-do-malebneho-kokorinska\/","og_site_name":"All4Camper","article_published_time":"2021-01-05T09:30:56+00:00","article_modified_time":"2021-01-14T08:06:55+00:00","og_image":[{"width":900,"height":646,"url":"https:\/\/all4camper.com\/wp-content\/uploads\/2021\/01\/hrad-kokor\u030ci\u0301n.jpg","type":"image\/jpeg"}],"author":"Od na\u0161ich \u010dten\u00e1\u0159\u016f","twitter_card":"summary_large_image","twitter_misc":{"Napsal(a)":"Od na\u0161ich \u010dten\u00e1\u0159\u016f","Odhadovan\u00e1 doba \u010dten\u00ed":"5 minut"},"schema":{"@context":"https:\/\/schema.org","@graph":[{"@type":"Article","@id":"https:\/\/all4camper.com\/cs\/vikend-karavanem-do-malebneho-kokorinska\/#article","isPartOf":{"@id":"https:\/\/all4camper.com\/cs\/vikend-karavanem-do-malebneho-kokorinska\/"},"author":{"name":"Od na\u0161ich \u010dten\u00e1\u0159\u016f","@id":"https:\/\/all4camper.com\/cs\/#\/schema\/person\/6e44acf123c404fdffce72310b6e0f1c"},"headline":"Na v\u00edkend karavanem do malebn\u00e9ho Koko\u0159\u00ednska","datePublished":"2021-01-05T09:30:56+00:00","dateModified":"2021-01-14T08:06:55+00:00","mainEntityOfPage":{"@id":"https:\/\/all4camper.com\/cs\/vikend-karavanem-do-malebneho-kokorinska\/"},"wordCount":931,"publisher":{"@id":"https:\/\/all4camper.com\/cs\/#organization"},"image":{"@id":"https:\/\/all4camper.com\/cs\/vikend-karavanem-do-malebneho-kokorinska\/#primaryimage"},"thumbnailUrl":"https:\/\/all4camper.com\/wp-content\/uploads\/2021\/01\/hrad-kokor\u030ci\u0301n.jpg","keywords":["\u010cechy"],"articleSection":["Cestujeme a kempujeme v \u010cR","Novinky - Kempov\u00e1n\u00ed a karavaning"],"inLanguage":"cs"},{"@type":"WebPage","@id":"https:\/\/all4camper.com\/cs\/vikend-karavanem-do-malebneho-kokorinska\/","url":"https:\/\/all4camper.com\/cs\/vikend-karavanem-do-malebneho-kokorinska\/","name":"Na v\u00edkend karavanem do malebn\u00e9ho Koko\u0159\u00ednska - All4Camper","isPartOf":{"@id":"https:\/\/all4camper.com\/cs\/#website"},"primaryImageOfPage":{"@id":"https:\/\/all4camper.com\/cs\/vikend-karavanem-do-malebneho-kokorinska\/#primaryimage"},"image":{"@id":"https:\/\/all4camper.com\/cs\/vikend-karavanem-do-malebneho-kokorinska\/#primaryimage"},"thumbnailUrl":"https:\/\/all4camper.com\/wp-content\/uploads\/2021\/01\/hrad-kokor\u030ci\u0301n.jpg","datePublished":"2021-01-05T09:30:56+00:00","dateModified":"2021-01-14T08:06:55+00:00","description":"All4Camper - Na v\u00edkend karavanem do malebn\u00e9ho Koko\u0159\u00ednska","breadcrumb":{"@id":"https:\/\/all4camper.com\/cs\/vikend-karavanem-do-malebneho-kokorinska\/#breadcrumb"},"inLanguage":"cs","potentialAction":[{"@type":"ReadAction","target":["https:\/\/all4camper.com\/cs\/vikend-karavanem-do-malebneho-kokorinska\/"]}]},{"@type":"ImageObject","inLanguage":"cs","@id":"https:\/\/all4camper.com\/cs\/vikend-karavanem-do-malebneho-kokorinska\/#primaryimage","url":"https:\/\/all4camper.com\/wp-content\/uploads\/2021\/01\/hrad-kokor\u030ci\u0301n.jpg","contentUrl":"https:\/\/all4camper.com\/wp-content\/uploads\/2021\/01\/hrad-kokor\u030ci\u0301n.jpg","width":900,"height":646},{"@type":"BreadcrumbList","@id":"https:\/\/all4camper.com\/cs\/vikend-karavanem-do-malebneho-kokorinska\/#breadcrumb","itemListElement":[{"@type":"ListItem","position":1,"name":"Dom\u016f","item":"https:\/\/all4camper.com\/cs\/"},{"@type":"ListItem","position":2,"name":"Cestujeme a kempujeme v \u010cR","item":"https:\/\/all4camper.com\/cs\/category\/cestujeme-a-kempujeme-v-cr\/"},{"@type":"ListItem","position":3,"name":"Na v\u00edkend karavanem do malebn\u00e9ho Koko\u0159\u00ednska"}]},{"@type":"WebSite","@id":"https:\/\/all4camper.com\/cs\/#website","url":"https:\/\/all4camper.com\/cs\/","name":"All4Camper","description":"Nejv\u011bt\u0161\u00ed online magaz\u00edn o kempov\u00e1n\u00ed a karavaninku. V\u00edce jak 900 \u010dl\u00e1nk\u016f pln\u00fdch rad a tip\u016f o kempech a kempov\u00e1n\u00ed.","publisher":{"@id":"https:\/\/all4camper.com\/cs\/#organization"},"potentialAction":[{"@type":"SearchAction","target":{"@type":"EntryPoint","urlTemplate":"https:\/\/all4camper.com\/cs\/?s={search_term_string}"},"query-input":{"@type":"PropertyValueSpecification","valueRequired":true,"valueName":"search_term_string"}}],"inLanguage":"cs"},{"@type":"Organization","@id":"https:\/\/all4camper.com\/cs\/#organization","name":"All4Camper - kempujeme s Kl\u00e1rou","url":"https:\/\/all4camper.com\/cs\/","logo":{"@type":"ImageObject","inLanguage":"cs","@id":"https:\/\/all4camper.com\/cs\/#\/schema\/logo\/image\/","url":"https:\/\/all4camper.com\/wp-content\/uploads\/2018\/09\/novelogo.png","contentUrl":"https:\/\/all4camper.com\/wp-content\/uploads\/2018\/09\/novelogo.png","width":1520,"height":600,"caption":"All4Camper - kempujeme s Kl\u00e1rou"},"image":{"@id":"https:\/\/all4camper.com\/cs\/#\/schema\/logo\/image\/"}},{"@type":"Person","@id":"https:\/\/all4camper.com\/cs\/#\/schema\/person\/6e44acf123c404fdffce72310b6e0f1c","name":"Od na\u0161ich \u010dten\u00e1\u0159\u016f","url":"https:\/\/all4camper.com\/cs\/author\/od-nasich-ctenaru\/"}]}},"_links":{"self":[{"href":"https:\/\/all4camper.com\/cs\/wp-json\/wp\/v2\/posts\/89442","targetHints":{"allow":["GET"]}}],"collection":[{"href":"https:\/\/all4camper.com\/cs\/wp-json\/wp\/v2\/posts"}],"about":[{"href":"https:\/\/all4camper.com\/cs\/wp-json\/wp\/v2\/types\/post"}],"author":[{"embeddable":true,"href":"https:\/\/all4camper.com\/cs\/wp-json\/wp\/v2\/users\/27"}],"replies":[{"embeddable":true,"href":"https:\/\/all4camper.com\/cs\/wp-json\/wp\/v2\/comments?post=89442"}],"version-history":[{"count":0,"href":"https:\/\/all4camper.com\/cs\/wp-json\/wp\/v2\/posts\/89442\/revisions"}],"wp:featuredmedia":[{"embeddable":true,"href":"https:\/\/all4camper.com\/cs\/wp-json\/wp\/v2\/media\/89443"}],"wp:attachment":[{"href":"https:\/\/all4camper.com\/cs\/wp-json\/wp\/v2\/media?parent=89442"}],"wp:term":[{"taxonomy":"category","embeddable":true,"href":"https:\/\/all4camper.com\/cs\/wp-json\/wp\/v2\/categories?post=89442"},{"taxonomy":"post_tag","embeddable":true,"href":"https:\/\/all4camper.com\/cs\/wp-json\/wp\/v2\/tags?post=89442"}],"curies":[{"name":"wp","href":"https:\/\/api.w.org\/{rel}","templated":true}]}}