{"id":89089,"date":"2020-12-08T12:31:31","date_gmt":"2020-12-08T11:31:31","guid":{"rendered":"https:\/\/all4camper.com\/\/?p=89089"},"modified":"2020-12-08T13:04:03","modified_gmt":"2020-12-08T12:04:03","slug":"restaurace-v-obytnaku-proc-ne-novy-fenomen-se-siri-nemeckem-jak-lavina","status":"publish","type":"post","link":"https:\/\/all4camper.com\/cs\/restaurace-v-obytnaku-proc-ne-novy-fenomen-se-siri-nemeckem-jak-lavina\/","title":{"rendered":"Restaurace v obyt\u0148\u00e1ku? Pro\u010d ne! Nov\u00fd fenom\u00e9n se \u0161\u00ed\u0159\u00ed N\u011bmeckem jak lavina"},"content":{"rendered":"\n<h4 class=\"wp-block-heading\">N\u011bmci se toho rozhodn\u011b neboj\u00ed a i p\u0159es aktu\u00e1ln\u00ed omezen\u00ed spojen\u00e1 s uzav\u0159en\u00edm restaurac\u00ed se rozhodli pro n\u011bco, co je\u0161t\u011b nikdo nezkusil a funguje to! \u0158\u00edkaj\u00ed tomu Motorhome dinner a m\u00e1 to obrovsk\u00fd \u00fasp\u011bch. O co jde?<\/h4>\n\n\n\n<figure class=\"wp-block-image size-large\"><img loading=\"lazy\" decoding=\"async\" width=\"1440\" height=\"1080\" src=\"https:\/\/all4camper.com\/\/wp-content\/uploads\/2020\/12\/coronavirus-vec\u030cer\u030ce-karavan.jpg\" alt=\"\" class=\"wp-image-89090\" srcset=\"https:\/\/all4camper.com\/wp-content\/uploads\/2020\/12\/coronavirus-vec\u030cer\u030ce-karavan.jpg 1440w, https:\/\/all4camper.com\/wp-content\/uploads\/2020\/12\/coronavirus-vec\u030cer\u030ce-karavan-300x225.jpg 300w, https:\/\/all4camper.com\/wp-content\/uploads\/2020\/12\/coronavirus-vec\u030cer\u030ce-karavan-150x113.jpg 150w, https:\/\/all4camper.com\/wp-content\/uploads\/2020\/12\/coronavirus-vec\u030cer\u030ce-karavan-768x576.jpg 768w, https:\/\/all4camper.com\/wp-content\/uploads\/2020\/12\/coronavirus-vec\u030cer\u030ce-karavan-678x509.jpg 678w, https:\/\/all4camper.com\/wp-content\/uploads\/2020\/12\/coronavirus-vec\u030cer\u030ce-karavan-326x245.jpg 326w, https:\/\/all4camper.com\/wp-content\/uploads\/2020\/12\/coronavirus-vec\u030cer\u030ce-karavan-80x60.jpg 80w\" sizes=\"auto, (max-width: 1440px) 100vw, 1440px\" \/><figcaption>Foto: Katharina Mayer<\/figcaption><\/figure>\n\n\n\n<p>O super n\u00e1pad, kdy se n\u011bme\u010dt\u00ed karavanist\u00e9 a restaurat\u00e9\u0159i rozhodli vz\u00e1jemn\u011b podpo\u0159it. Jak v\u00edme, st\u00e1n\u00ed na stellplatzech bylo v t\u00e9to zemi v ned\u00e1vn\u00e9 dob\u011b zak\u00e1z\u00e1no, stejn\u011b jako bylo omezeno jak\u00e9koliv cestov\u00e1n\u00ed a bylo uzav\u0159eno mnoho obchod\u016f, restaurac\u00ed a dal\u0161\u00edch slu\u017eeb nejen spojen\u00fdch s cestovn\u00edm ruchem. Mnoho karavanist\u016f tak bylo nuceno z\u016fstat doma. Jen\u017ee, jak v\u0161ichni v\u00edme &#8211; tohle v\u0161e lze p\u0159ijmout, ale jen chv\u00edli. D\u0159\u00edve nebo pozd\u011bji to za\u010dne toti\u017e dopadat na ka\u017ed\u00e9ho. Obchodn\u00edci a restaurat\u00e9\u0159i p\u0159ich\u00e1zej\u00ed o nemal\u00e9 zisky, a my, cestovatel\u00e9 a karavanist\u00e9, m\u00e1me tzv. &#8222;svrb\u011bn\u00ed rukou&#8220;, kdy se u\u017e t\u011b\u0161\u00edme na moment, kdy usedneme za volant a budeme moci vyrazit za jak\u00fdmkoliv z\u00e1\u017eitkem.<\/p>\n\n\n\n<figure class=\"wp-block-image size-large\"><img loading=\"lazy\" decoding=\"async\" width=\"1640\" height=\"856\" src=\"https:\/\/all4camper.com\/\/wp-content\/uploads\/2020\/12\/vec\u030cere-v-obytna\u0301ku.jpg\" alt=\"\" class=\"wp-image-89093\" srcset=\"https:\/\/all4camper.com\/wp-content\/uploads\/2020\/12\/vec\u030cere-v-obytna\u0301ku.jpg 1640w, https:\/\/all4camper.com\/wp-content\/uploads\/2020\/12\/vec\u030cere-v-obytna\u0301ku-300x157.jpg 300w, https:\/\/all4camper.com\/wp-content\/uploads\/2020\/12\/vec\u030cere-v-obytna\u0301ku-150x78.jpg 150w, https:\/\/all4camper.com\/wp-content\/uploads\/2020\/12\/vec\u030cere-v-obytna\u0301ku-768x401.jpg 768w, https:\/\/all4camper.com\/wp-content\/uploads\/2020\/12\/vec\u030cere-v-obytna\u0301ku-1536x802.jpg 1536w\" sizes=\"auto, (max-width: 1640px) 100vw, 1640px\" \/><\/figure>\n\n\n\n<p>No a jedn\u00edm z t\u011bch z\u00e1\u017eitk\u016f je samoz\u0159ejm\u011b i ten gastronomick\u00fd, proto\u017ee p\u0159iznejme si &#8211; kdo z v\u00e1s se net\u011b\u0161\u00ed na to, a\u017e n\u011bkam p\u0159ijede a ochutn\u00e1 n\u011bco dobr\u00e9ho z m\u00edstn\u00ed kuchyn\u011b \u010di vynikaj\u00edc\u00ed restaurace. Tak\u017ee N\u011bmci se k tomu v\u0161emu postavili \u010delem a zalo\u017eili nejen <a href=\"https:\/\/www.facebook.com\/groups\/2648323072097519\" target=\"_blank\" rel=\"noreferrer noopener\">facebookovou skupinu<\/a>, na kter\u00e9 se sdru\u017euj\u00ed restaurace nab\u00edzej\u00edc\u00ed mo\u017enost parkovat na jejich parkovi\u0161t\u00edch, kdy podm\u00ednkou je konzumace jimi p\u0159ipraven\u00e9ho menu, ale jsou tam i karavanist\u00e9 tou\u017e\u00edc\u00ed alespo\u0148 po tomto mal\u00e9m z\u00e1\u017eitku p\u0159ipom\u00ednaj\u00edc\u00edm jim \u010dasy, kdy mohli cestovat za dobr\u00fdm j\u00eddlem. A pozor! Proto\u017ee N\u011bmci tak n\u011bjak tu\u0161\u00ed, \u017ee leto\u0161n\u00ed silvestrovsk\u00e9 ve\u010de\u0159e v restaurac\u00edch nebudou mo\u017en\u00e9, u\u017e te\u010f spou\u0161t\u00ed akci nazvanou &#8222;Silvestrovsk\u00e1 ve\u010de\u0159e v karavanu&#8220;, o kterou je opravdu velk\u00fd z\u00e1jem.<\/p>\n\n\n\n<figure class=\"wp-block-image size-large\"><img loading=\"lazy\" decoding=\"async\" width=\"670\" height=\"423\" src=\"https:\/\/all4camper.com\/\/wp-content\/uploads\/2020\/12\/908856_1_articledetail_34487ac2-3503-4f7a-81d6-13b6cff1ed0d.jpg\" alt=\"\" class=\"wp-image-89097\" srcset=\"https:\/\/all4camper.com\/wp-content\/uploads\/2020\/12\/908856_1_articledetail_34487ac2-3503-4f7a-81d6-13b6cff1ed0d.jpg 670w, https:\/\/all4camper.com\/wp-content\/uploads\/2020\/12\/908856_1_articledetail_34487ac2-3503-4f7a-81d6-13b6cff1ed0d-300x189.jpg 300w, https:\/\/all4camper.com\/wp-content\/uploads\/2020\/12\/908856_1_articledetail_34487ac2-3503-4f7a-81d6-13b6cff1ed0d-150x95.jpg 150w\" sizes=\"auto, (max-width: 670px) 100vw, 670px\" \/><figcaption>Foto: Gabriel Habermann<\/figcaption><\/figure>\n\n\n\n<figure class=\"wp-block-image size-large\"><img loading=\"lazy\" decoding=\"async\" width=\"1249\" height=\"833\" src=\"https:\/\/all4camper.com\/\/wp-content\/uploads\/2020\/12\/Wohnmobildinner_Uebersicht_Googlemaps-1249x833-1.jpg\" alt=\"\" class=\"wp-image-89101\" srcset=\"https:\/\/all4camper.com\/wp-content\/uploads\/2020\/12\/Wohnmobildinner_Uebersicht_Googlemaps-1249x833-1.jpg 1249w, https:\/\/all4camper.com\/wp-content\/uploads\/2020\/12\/Wohnmobildinner_Uebersicht_Googlemaps-1249x833-1-300x200.jpg 300w, https:\/\/all4camper.com\/wp-content\/uploads\/2020\/12\/Wohnmobildinner_Uebersicht_Googlemaps-1249x833-1-150x100.jpg 150w, https:\/\/all4camper.com\/wp-content\/uploads\/2020\/12\/Wohnmobildinner_Uebersicht_Googlemaps-1249x833-1-768x512.jpg 768w\" sizes=\"auto, (max-width: 1249px) 100vw, 1249px\" \/><figcaption>Zdroj: <a href=\"https:\/\/www.google.com\/maps\/d\/u\/0\/viewer?mid=1Su98DOypVhKw93tZW_22yNB05-RN_9Nt&amp;hl=de&amp;fbclid=IwAR28THP-IgYSm7Y_Q3kyLWIEfDu0bxUxYrHGea_KRjq-YHYhWEPbtOrN1Fo&amp;ll=51.281257886355654%2C10.26629009999997&amp;z=6\" target=\"_blank\" rel=\"noreferrer noopener\">google maps<\/a><\/figcaption><\/figure>\n\n\n\n<h4 class=\"wp-block-heading\">Tak\u017ee jak to cel\u00e9 funguje?<\/h4>\n\n\n\n<p>Jednodu\u0161e. Restaurace na sv\u00e9m parkovi\u0161ti p\u0159edem vyhrad\u00ed m\u00edsta pro karavany v pot\u0159ebn\u00e9 vzd\u00e1lenosti od sebe. Karavanist\u00e9 si u n\u00ed dop\u0159edu objednaj\u00ed menu na vybran\u00fd \u010das a p\u0159ijedou. Na m\u00edst\u011b je pak u\u017e \u010dek\u00e1 jen obsluha, kter\u00e1 jim donese objednan\u00e9 menu, to v\u0161e samoz\u0159ejm\u011b za dodr\u017een\u00ed v\u0161ech p\u0159\u00edsn\u00fdch hygienick\u00fdch podm\u00ednek, a v\u0161ichni si to par\u00e1dn\u011b u\u017eij\u00ed. <strong>A v\u00fdsledek? Restaurace va\u0159\u00ed, karavanist\u00e9 si vychutn\u00e1vaj\u00ed perfektn\u00ed j\u00eddlo a z\u00e1\u017eitek a v\u0161ichni se navz\u00e1jem podpo\u0159\u00ed. Dokonal\u00e9!<\/strong> P\u0159ehled restaurac\u00ed v N\u011bmecku si otev\u0159ete <a href=\"https:\/\/www.google.com\/maps\/d\/u\/0\/viewer?mid=1Su98DOypVhKw93tZW_22yNB05-RN_9Nt&amp;hl=de&amp;fbclid=IwAR28THP-IgYSm7Y_Q3kyLWIEfDu0bxUxYrHGea_KRjq-YHYhWEPbtOrN1Fo&amp;ll=51.281257886355654%2C10.26629009999997&amp;z=6\" target=\"_blank\" rel=\"noreferrer noopener\">tady<\/a>.<\/p>\n\n\n\n<figure class=\"wp-block-image size-large\"><img loading=\"lazy\" decoding=\"async\" width=\"960\" height=\"454\" src=\"https:\/\/all4camper.com\/\/wp-content\/uploads\/2020\/12\/130704601_111874827424893_1003323881782521906_n.png\" alt=\"\" class=\"wp-image-89107\" srcset=\"https:\/\/all4camper.com\/wp-content\/uploads\/2020\/12\/130704601_111874827424893_1003323881782521906_n.png 960w, https:\/\/all4camper.com\/wp-content\/uploads\/2020\/12\/130704601_111874827424893_1003323881782521906_n-300x142.png 300w, https:\/\/all4camper.com\/wp-content\/uploads\/2020\/12\/130704601_111874827424893_1003323881782521906_n-150x71.png 150w, https:\/\/all4camper.com\/wp-content\/uploads\/2020\/12\/130704601_111874827424893_1003323881782521906_n-768x363.png 768w\" sizes=\"auto, (max-width: 960px) 100vw, 960px\" \/><\/figure>\n\n\n\n<h4 class=\"wp-block-heading\">Ale to nen\u00ed v\u0161e!<\/h4>\n\n\n\n<p>Tohoto nekomer\u010dn\u00edho super n\u00e1padu se chytlo i Rakousko, a tak i v n\u011bm m\u016f\u017eete pozorovat pomal\u00fd n\u00e1r\u016fst t\u00e9to nab\u00eddky. (<a href=\"https:\/\/www.facebook.com\/groups\/828537517690441\/\" target=\"_blank\" rel=\"noreferrer noopener\">facebook<\/a>, <a href=\"https:\/\/www.google.com\/maps\/d\/u\/0\/viewer?mid=1NaNMnx80xgFD2KfyFywtH54D-yHBNjb8&amp;fbclid=IwAR3vaoikhVwHtECrnLygp6w4H6eeJ3vxigOZDPclFmBdrFPIImCd8CSkRQ8&amp;ll=49.26376494167768%2C11.356583534238144&amp;z=6\" target=\"_blank\" rel=\"noreferrer noopener\">mapa<\/a>) Nen\u00ed zat\u00edm moc velk\u00fd, ale kdo v\u00ed. T\u0159eba i v t\u00e9to zemi se tento n\u00e1pad ujme. Ostatn\u011b j\u00e1 osobn\u011b bych si p\u0159\u00e1la, kdyby tomu tak bylo i u n\u00e1s&#8230; Zda se to povede je velkou ot\u00e1zkou. Ka\u017edop\u00e1dn\u011b j\u00e1 jen douf\u00e1m, \u017ee pokud ano, tak to nep\u016fjde komer\u010dn\u00ed cestou, ale stejnou jakou to jde v N\u011bmecku. Tedy vir\u00e1ln\u00ed, spont\u00e1nn\u00ed a up\u0159\u00edmnou. Za tento n\u00e1pad tedy tlesk\u00e1m a z\u00e1vid\u00edm!<\/p>\n\n\n\n<figure class=\"wp-block-image size-large\"><img loading=\"lazy\" decoding=\"async\" width=\"1440\" height=\"1080\" src=\"https:\/\/all4camper.com\/\/wp-content\/uploads\/2020\/12\/130447659_3584464878305237_5770448340965665539_o.jpg\" alt=\"\" class=\"wp-image-89111\" srcset=\"https:\/\/all4camper.com\/wp-content\/uploads\/2020\/12\/130447659_3584464878305237_5770448340965665539_o.jpg 1440w, https:\/\/all4camper.com\/wp-content\/uploads\/2020\/12\/130447659_3584464878305237_5770448340965665539_o-300x225.jpg 300w, https:\/\/all4camper.com\/wp-content\/uploads\/2020\/12\/130447659_3584464878305237_5770448340965665539_o-150x113.jpg 150w, https:\/\/all4camper.com\/wp-content\/uploads\/2020\/12\/130447659_3584464878305237_5770448340965665539_o-768x576.jpg 768w, https:\/\/all4camper.com\/wp-content\/uploads\/2020\/12\/130447659_3584464878305237_5770448340965665539_o-678x509.jpg 678w, https:\/\/all4camper.com\/wp-content\/uploads\/2020\/12\/130447659_3584464878305237_5770448340965665539_o-326x245.jpg 326w, https:\/\/all4camper.com\/wp-content\/uploads\/2020\/12\/130447659_3584464878305237_5770448340965665539_o-80x60.jpg 80w\" sizes=\"auto, (max-width: 1440px) 100vw, 1440px\" \/><\/figure>\n","protected":false},"excerpt":{"rendered":"<p>N\u011bmci se toho rozhodn\u011b neboj\u00ed a i p\u0159es aktu\u00e1ln\u00ed omezen\u00ed spojen\u00e1 s uzav\u0159en\u00edm restaurac\u00ed se rozhodli pro n\u011bco, co je\u0161t\u011b nikdo nezkusil a funguje to! \u0158\u00edkaj\u00ed tomu Motorhome dinner a m\u00e1 to obrovsk\u00fd \u00fasp\u011bch. O co jde? O super n\u00e1pad, kdy se n\u011bme\u010dt\u00ed karavanist\u00e9 a restaurat\u00e9\u0159i rozhodli vz\u00e1jemn\u011b podpo\u0159it. Jak v\u00edme, st\u00e1n\u00ed na stellplatzech bylo [&hellip;]<\/p>\n","protected":false},"author":4,"featured_media":89097,"comment_status":"closed","ping_status":"open","sticky":false,"template":"","format":"standard","meta":{"_monsterinsights_skip_tracking":false,"_monsterinsights_sitenote_active":false,"_monsterinsights_sitenote_note":"","_monsterinsights_sitenote_category":0,"footnotes":""},"categories":[2377,422,8209],"tags":[97,226],"class_list":{"0":"post-89089","1":"post","2":"type-post","3":"status-publish","4":"format-standard","5":"has-post-thumbnail","7":"category-kempovani-a-cestovani-v-nemecku","8":"category-novinky-kempovani-a-karavaning","9":"category-rady-tipy-informace","10":"tag-nemecko","11":"tag-rady-a-tipy"},"yoast_head":"<!-- This site is optimized with the Yoast SEO plugin v27.5 - https:\/\/yoast.com\/product\/yoast-seo-wordpress\/ -->\n<title>Restaurace v obyt\u0148\u00e1ku? Pro\u010d ne! Nov\u00fd fenom\u00e9n se \u0161\u00ed\u0159\u00ed N\u011bmeckem jak lavina - All4Camper<\/title>\n<meta name=\"description\" content=\"All4Camper - Restaurace v obyt\u0148\u00e1ku? Pro\u010d ne! Nov\u00fd fenom\u00e9n se \u0161\u00ed\u0159\u00ed N\u011bmeckem jak lavina\" \/>\n<meta name=\"robots\" content=\"index, follow, max-snippet:-1, max-image-preview:large, max-video-preview:-1\" \/>\n<link rel=\"canonical\" href=\"https:\/\/all4camper.com\/cs\/restaurace-v-obytnaku-proc-ne-novy-fenomen-se-siri-nemeckem-jak-lavina\/\" \/>\n<meta property=\"og:locale\" content=\"cs_CZ\" \/>\n<meta property=\"og:type\" content=\"article\" \/>\n<meta property=\"og:title\" content=\"Restaurace v obyt\u0148\u00e1ku? Pro\u010d ne! Nov\u00fd fenom\u00e9n se \u0161\u00ed\u0159\u00ed N\u011bmeckem jak lavina - All4Camper\" \/>\n<meta property=\"og:description\" content=\"All4Camper - Restaurace v obyt\u0148\u00e1ku? Pro\u010d ne! Nov\u00fd fenom\u00e9n se \u0161\u00ed\u0159\u00ed N\u011bmeckem jak lavina\" \/>\n<meta property=\"og:url\" content=\"https:\/\/all4camper.com\/cs\/restaurace-v-obytnaku-proc-ne-novy-fenomen-se-siri-nemeckem-jak-lavina\/\" \/>\n<meta property=\"og:site_name\" content=\"All4Camper\" \/>\n<meta property=\"article:published_time\" content=\"2020-12-08T11:31:31+00:00\" \/>\n<meta property=\"article:modified_time\" content=\"2020-12-08T12:04:03+00:00\" \/>\n<meta property=\"og:image\" content=\"https:\/\/all4camper.com\/wp-content\/uploads\/2020\/12\/908856_1_articledetail_34487ac2-3503-4f7a-81d6-13b6cff1ed0d.jpg\" \/>\n\t<meta property=\"og:image:width\" content=\"670\" \/>\n\t<meta property=\"og:image:height\" content=\"423\" \/>\n\t<meta property=\"og:image:type\" content=\"image\/jpeg\" \/>\n<meta name=\"author\" content=\"Kl\u00e1ra H\u00e1jkov\u00e1\" \/>\n<meta name=\"twitter:card\" content=\"summary_large_image\" \/>\n<meta name=\"twitter:label1\" content=\"Napsal(a)\" \/>\n\t<meta name=\"twitter:data1\" content=\"Kl\u00e1ra H\u00e1jkov\u00e1\" \/>\n\t<meta name=\"twitter:label2\" content=\"Odhadovan\u00e1 doba \u010dten\u00ed\" \/>\n\t<meta name=\"twitter:data2\" content=\"3 minuty\" \/>\n<script type=\"application\/ld+json\" class=\"yoast-schema-graph\">{\"@context\":\"https:\\\/\\\/schema.org\",\"@graph\":[{\"@type\":\"Article\",\"@id\":\"https:\\\/\\\/all4camper.com\\\/cs\\\/restaurace-v-obytnaku-proc-ne-novy-fenomen-se-siri-nemeckem-jak-lavina\\\/#article\",\"isPartOf\":{\"@id\":\"https:\\\/\\\/all4camper.com\\\/cs\\\/restaurace-v-obytnaku-proc-ne-novy-fenomen-se-siri-nemeckem-jak-lavina\\\/\"},\"author\":{\"name\":\"Kl\u00e1ra H\u00e1jkov\u00e1\",\"@id\":\"https:\\\/\\\/all4camper.com\\\/cs\\\/#\\\/schema\\\/person\\\/c6f1efdf1d02bc7d8c53a891cbe18c62\"},\"headline\":\"Restaurace v obyt\u0148\u00e1ku? Pro\u010d ne! Nov\u00fd fenom\u00e9n se \u0161\u00ed\u0159\u00ed N\u011bmeckem jak lavina\",\"datePublished\":\"2020-12-08T11:31:31+00:00\",\"dateModified\":\"2020-12-08T12:04:03+00:00\",\"mainEntityOfPage\":{\"@id\":\"https:\\\/\\\/all4camper.com\\\/cs\\\/restaurace-v-obytnaku-proc-ne-novy-fenomen-se-siri-nemeckem-jak-lavina\\\/\"},\"wordCount\":614,\"publisher\":{\"@id\":\"https:\\\/\\\/all4camper.com\\\/cs\\\/#organization\"},\"image\":{\"@id\":\"https:\\\/\\\/all4camper.com\\\/cs\\\/restaurace-v-obytnaku-proc-ne-novy-fenomen-se-siri-nemeckem-jak-lavina\\\/#primaryimage\"},\"thumbnailUrl\":\"https:\\\/\\\/all4camper.com\\\/wp-content\\\/uploads\\\/2020\\\/12\\\/908856_1_articledetail_34487ac2-3503-4f7a-81d6-13b6cff1ed0d.jpg\",\"keywords\":[\"N\u011bmecko\",\"Rady-tipy-informace\"],\"articleSection\":[\"Kempov\u00e1n\u00ed a cestov\u00e1n\u00ed v N\u011bmecku\",\"Novinky - Kempov\u00e1n\u00ed a karavaning\",\"Rady, tipy, informace\"],\"inLanguage\":\"cs\"},{\"@type\":\"WebPage\",\"@id\":\"https:\\\/\\\/all4camper.com\\\/cs\\\/restaurace-v-obytnaku-proc-ne-novy-fenomen-se-siri-nemeckem-jak-lavina\\\/\",\"url\":\"https:\\\/\\\/all4camper.com\\\/cs\\\/restaurace-v-obytnaku-proc-ne-novy-fenomen-se-siri-nemeckem-jak-lavina\\\/\",\"name\":\"Restaurace v obyt\u0148\u00e1ku? Pro\u010d ne! Nov\u00fd fenom\u00e9n se \u0161\u00ed\u0159\u00ed N\u011bmeckem jak lavina - All4Camper\",\"isPartOf\":{\"@id\":\"https:\\\/\\\/all4camper.com\\\/cs\\\/#website\"},\"primaryImageOfPage\":{\"@id\":\"https:\\\/\\\/all4camper.com\\\/cs\\\/restaurace-v-obytnaku-proc-ne-novy-fenomen-se-siri-nemeckem-jak-lavina\\\/#primaryimage\"},\"image\":{\"@id\":\"https:\\\/\\\/all4camper.com\\\/cs\\\/restaurace-v-obytnaku-proc-ne-novy-fenomen-se-siri-nemeckem-jak-lavina\\\/#primaryimage\"},\"thumbnailUrl\":\"https:\\\/\\\/all4camper.com\\\/wp-content\\\/uploads\\\/2020\\\/12\\\/908856_1_articledetail_34487ac2-3503-4f7a-81d6-13b6cff1ed0d.jpg\",\"datePublished\":\"2020-12-08T11:31:31+00:00\",\"dateModified\":\"2020-12-08T12:04:03+00:00\",\"description\":\"All4Camper - Restaurace v obyt\u0148\u00e1ku? Pro\u010d ne! Nov\u00fd fenom\u00e9n se \u0161\u00ed\u0159\u00ed N\u011bmeckem jak lavina\",\"breadcrumb\":{\"@id\":\"https:\\\/\\\/all4camper.com\\\/cs\\\/restaurace-v-obytnaku-proc-ne-novy-fenomen-se-siri-nemeckem-jak-lavina\\\/#breadcrumb\"},\"inLanguage\":\"cs\",\"potentialAction\":[{\"@type\":\"ReadAction\",\"target\":[\"https:\\\/\\\/all4camper.com\\\/cs\\\/restaurace-v-obytnaku-proc-ne-novy-fenomen-se-siri-nemeckem-jak-lavina\\\/\"]}]},{\"@type\":\"ImageObject\",\"inLanguage\":\"cs\",\"@id\":\"https:\\\/\\\/all4camper.com\\\/cs\\\/restaurace-v-obytnaku-proc-ne-novy-fenomen-se-siri-nemeckem-jak-lavina\\\/#primaryimage\",\"url\":\"https:\\\/\\\/all4camper.com\\\/wp-content\\\/uploads\\\/2020\\\/12\\\/908856_1_articledetail_34487ac2-3503-4f7a-81d6-13b6cff1ed0d.jpg\",\"contentUrl\":\"https:\\\/\\\/all4camper.com\\\/wp-content\\\/uploads\\\/2020\\\/12\\\/908856_1_articledetail_34487ac2-3503-4f7a-81d6-13b6cff1ed0d.jpg\",\"width\":670,\"height\":423},{\"@type\":\"BreadcrumbList\",\"@id\":\"https:\\\/\\\/all4camper.com\\\/cs\\\/restaurace-v-obytnaku-proc-ne-novy-fenomen-se-siri-nemeckem-jak-lavina\\\/#breadcrumb\",\"itemListElement\":[{\"@type\":\"ListItem\",\"position\":1,\"name\":\"Dom\u016f\",\"item\":\"https:\\\/\\\/all4camper.com\\\/cs\\\/\"},{\"@type\":\"ListItem\",\"position\":2,\"name\":\"Kempov\u00e1n\u00ed a cestov\u00e1n\u00ed v N\u011bmecku\",\"item\":\"https:\\\/\\\/all4camper.com\\\/cs\\\/category\\\/kempovani-a-cestovani-v-nemecku\\\/\"},{\"@type\":\"ListItem\",\"position\":3,\"name\":\"Restaurace v obyt\u0148\u00e1ku? Pro\u010d ne! Nov\u00fd fenom\u00e9n se \u0161\u00ed\u0159\u00ed N\u011bmeckem jak lavina\"}]},{\"@type\":\"WebSite\",\"@id\":\"https:\\\/\\\/all4camper.com\\\/cs\\\/#website\",\"url\":\"https:\\\/\\\/all4camper.com\\\/cs\\\/\",\"name\":\"All4Camper\",\"description\":\"Nejv\u011bt\u0161\u00ed online magaz\u00edn o kempov\u00e1n\u00ed a karavaninku. V\u00edce jak 900 \u010dl\u00e1nk\u016f pln\u00fdch rad a tip\u016f o kempech a kempov\u00e1n\u00ed.\",\"publisher\":{\"@id\":\"https:\\\/\\\/all4camper.com\\\/cs\\\/#organization\"},\"potentialAction\":[{\"@type\":\"SearchAction\",\"target\":{\"@type\":\"EntryPoint\",\"urlTemplate\":\"https:\\\/\\\/all4camper.com\\\/cs\\\/?s={search_term_string}\"},\"query-input\":{\"@type\":\"PropertyValueSpecification\",\"valueRequired\":true,\"valueName\":\"search_term_string\"}}],\"inLanguage\":\"cs\"},{\"@type\":\"Organization\",\"@id\":\"https:\\\/\\\/all4camper.com\\\/cs\\\/#organization\",\"name\":\"All4Camper - kempujeme s Kl\u00e1rou\",\"url\":\"https:\\\/\\\/all4camper.com\\\/cs\\\/\",\"logo\":{\"@type\":\"ImageObject\",\"inLanguage\":\"cs\",\"@id\":\"https:\\\/\\\/all4camper.com\\\/cs\\\/#\\\/schema\\\/logo\\\/image\\\/\",\"url\":\"https:\\\/\\\/all4camper.com\\\/wp-content\\\/uploads\\\/2018\\\/09\\\/novelogo.png\",\"contentUrl\":\"https:\\\/\\\/all4camper.com\\\/wp-content\\\/uploads\\\/2018\\\/09\\\/novelogo.png\",\"width\":1520,\"height\":600,\"caption\":\"All4Camper - kempujeme s Kl\u00e1rou\"},\"image\":{\"@id\":\"https:\\\/\\\/all4camper.com\\\/cs\\\/#\\\/schema\\\/logo\\\/image\\\/\"}},{\"@type\":\"Person\",\"@id\":\"https:\\\/\\\/all4camper.com\\\/cs\\\/#\\\/schema\\\/person\\\/c6f1efdf1d02bc7d8c53a891cbe18c62\",\"name\":\"Kl\u00e1ra H\u00e1jkov\u00e1\",\"sameAs\":[\"http:\\\/\\\/www.all4camper.com\"],\"url\":\"https:\\\/\\\/all4camper.com\\\/cs\\\/author\\\/klarinkacestuje1\\\/\"}]}<\/script>\n<!-- \/ Yoast SEO plugin. -->","yoast_head_json":{"title":"Restaurace v obyt\u0148\u00e1ku? Pro\u010d ne! Nov\u00fd fenom\u00e9n se \u0161\u00ed\u0159\u00ed N\u011bmeckem jak lavina - All4Camper","description":"All4Camper - Restaurace v obyt\u0148\u00e1ku? Pro\u010d ne! Nov\u00fd fenom\u00e9n se \u0161\u00ed\u0159\u00ed N\u011bmeckem jak lavina","robots":{"index":"index","follow":"follow","max-snippet":"max-snippet:-1","max-image-preview":"max-image-preview:large","max-video-preview":"max-video-preview:-1"},"canonical":"https:\/\/all4camper.com\/cs\/restaurace-v-obytnaku-proc-ne-novy-fenomen-se-siri-nemeckem-jak-lavina\/","og_locale":"cs_CZ","og_type":"article","og_title":"Restaurace v obyt\u0148\u00e1ku? Pro\u010d ne! Nov\u00fd fenom\u00e9n se \u0161\u00ed\u0159\u00ed N\u011bmeckem jak lavina - All4Camper","og_description":"All4Camper - Restaurace v obyt\u0148\u00e1ku? Pro\u010d ne! Nov\u00fd fenom\u00e9n se \u0161\u00ed\u0159\u00ed N\u011bmeckem jak lavina","og_url":"https:\/\/all4camper.com\/cs\/restaurace-v-obytnaku-proc-ne-novy-fenomen-se-siri-nemeckem-jak-lavina\/","og_site_name":"All4Camper","article_published_time":"2020-12-08T11:31:31+00:00","article_modified_time":"2020-12-08T12:04:03+00:00","og_image":[{"width":670,"height":423,"url":"https:\/\/all4camper.com\/wp-content\/uploads\/2020\/12\/908856_1_articledetail_34487ac2-3503-4f7a-81d6-13b6cff1ed0d.jpg","type":"image\/jpeg"}],"author":"Kl\u00e1ra H\u00e1jkov\u00e1","twitter_card":"summary_large_image","twitter_misc":{"Napsal(a)":"Kl\u00e1ra H\u00e1jkov\u00e1","Odhadovan\u00e1 doba \u010dten\u00ed":"3 minuty"},"schema":{"@context":"https:\/\/schema.org","@graph":[{"@type":"Article","@id":"https:\/\/all4camper.com\/cs\/restaurace-v-obytnaku-proc-ne-novy-fenomen-se-siri-nemeckem-jak-lavina\/#article","isPartOf":{"@id":"https:\/\/all4camper.com\/cs\/restaurace-v-obytnaku-proc-ne-novy-fenomen-se-siri-nemeckem-jak-lavina\/"},"author":{"name":"Kl\u00e1ra H\u00e1jkov\u00e1","@id":"https:\/\/all4camper.com\/cs\/#\/schema\/person\/c6f1efdf1d02bc7d8c53a891cbe18c62"},"headline":"Restaurace v obyt\u0148\u00e1ku? Pro\u010d ne! Nov\u00fd fenom\u00e9n se \u0161\u00ed\u0159\u00ed N\u011bmeckem jak lavina","datePublished":"2020-12-08T11:31:31+00:00","dateModified":"2020-12-08T12:04:03+00:00","mainEntityOfPage":{"@id":"https:\/\/all4camper.com\/cs\/restaurace-v-obytnaku-proc-ne-novy-fenomen-se-siri-nemeckem-jak-lavina\/"},"wordCount":614,"publisher":{"@id":"https:\/\/all4camper.com\/cs\/#organization"},"image":{"@id":"https:\/\/all4camper.com\/cs\/restaurace-v-obytnaku-proc-ne-novy-fenomen-se-siri-nemeckem-jak-lavina\/#primaryimage"},"thumbnailUrl":"https:\/\/all4camper.com\/wp-content\/uploads\/2020\/12\/908856_1_articledetail_34487ac2-3503-4f7a-81d6-13b6cff1ed0d.jpg","keywords":["N\u011bmecko","Rady-tipy-informace"],"articleSection":["Kempov\u00e1n\u00ed a cestov\u00e1n\u00ed v N\u011bmecku","Novinky - Kempov\u00e1n\u00ed a karavaning","Rady, tipy, informace"],"inLanguage":"cs"},{"@type":"WebPage","@id":"https:\/\/all4camper.com\/cs\/restaurace-v-obytnaku-proc-ne-novy-fenomen-se-siri-nemeckem-jak-lavina\/","url":"https:\/\/all4camper.com\/cs\/restaurace-v-obytnaku-proc-ne-novy-fenomen-se-siri-nemeckem-jak-lavina\/","name":"Restaurace v obyt\u0148\u00e1ku? Pro\u010d ne! Nov\u00fd fenom\u00e9n se \u0161\u00ed\u0159\u00ed N\u011bmeckem jak lavina - All4Camper","isPartOf":{"@id":"https:\/\/all4camper.com\/cs\/#website"},"primaryImageOfPage":{"@id":"https:\/\/all4camper.com\/cs\/restaurace-v-obytnaku-proc-ne-novy-fenomen-se-siri-nemeckem-jak-lavina\/#primaryimage"},"image":{"@id":"https:\/\/all4camper.com\/cs\/restaurace-v-obytnaku-proc-ne-novy-fenomen-se-siri-nemeckem-jak-lavina\/#primaryimage"},"thumbnailUrl":"https:\/\/all4camper.com\/wp-content\/uploads\/2020\/12\/908856_1_articledetail_34487ac2-3503-4f7a-81d6-13b6cff1ed0d.jpg","datePublished":"2020-12-08T11:31:31+00:00","dateModified":"2020-12-08T12:04:03+00:00","description":"All4Camper - Restaurace v obyt\u0148\u00e1ku? Pro\u010d ne! Nov\u00fd fenom\u00e9n se \u0161\u00ed\u0159\u00ed N\u011bmeckem jak lavina","breadcrumb":{"@id":"https:\/\/all4camper.com\/cs\/restaurace-v-obytnaku-proc-ne-novy-fenomen-se-siri-nemeckem-jak-lavina\/#breadcrumb"},"inLanguage":"cs","potentialAction":[{"@type":"ReadAction","target":["https:\/\/all4camper.com\/cs\/restaurace-v-obytnaku-proc-ne-novy-fenomen-se-siri-nemeckem-jak-lavina\/"]}]},{"@type":"ImageObject","inLanguage":"cs","@id":"https:\/\/all4camper.com\/cs\/restaurace-v-obytnaku-proc-ne-novy-fenomen-se-siri-nemeckem-jak-lavina\/#primaryimage","url":"https:\/\/all4camper.com\/wp-content\/uploads\/2020\/12\/908856_1_articledetail_34487ac2-3503-4f7a-81d6-13b6cff1ed0d.jpg","contentUrl":"https:\/\/all4camper.com\/wp-content\/uploads\/2020\/12\/908856_1_articledetail_34487ac2-3503-4f7a-81d6-13b6cff1ed0d.jpg","width":670,"height":423},{"@type":"BreadcrumbList","@id":"https:\/\/all4camper.com\/cs\/restaurace-v-obytnaku-proc-ne-novy-fenomen-se-siri-nemeckem-jak-lavina\/#breadcrumb","itemListElement":[{"@type":"ListItem","position":1,"name":"Dom\u016f","item":"https:\/\/all4camper.com\/cs\/"},{"@type":"ListItem","position":2,"name":"Kempov\u00e1n\u00ed a cestov\u00e1n\u00ed v N\u011bmecku","item":"https:\/\/all4camper.com\/cs\/category\/kempovani-a-cestovani-v-nemecku\/"},{"@type":"ListItem","position":3,"name":"Restaurace v obyt\u0148\u00e1ku? Pro\u010d ne! Nov\u00fd fenom\u00e9n se \u0161\u00ed\u0159\u00ed N\u011bmeckem jak lavina"}]},{"@type":"WebSite","@id":"https:\/\/all4camper.com\/cs\/#website","url":"https:\/\/all4camper.com\/cs\/","name":"All4Camper","description":"Nejv\u011bt\u0161\u00ed online magaz\u00edn o kempov\u00e1n\u00ed a karavaninku. V\u00edce jak 900 \u010dl\u00e1nk\u016f pln\u00fdch rad a tip\u016f o kempech a kempov\u00e1n\u00ed.","publisher":{"@id":"https:\/\/all4camper.com\/cs\/#organization"},"potentialAction":[{"@type":"SearchAction","target":{"@type":"EntryPoint","urlTemplate":"https:\/\/all4camper.com\/cs\/?s={search_term_string}"},"query-input":{"@type":"PropertyValueSpecification","valueRequired":true,"valueName":"search_term_string"}}],"inLanguage":"cs"},{"@type":"Organization","@id":"https:\/\/all4camper.com\/cs\/#organization","name":"All4Camper - kempujeme s Kl\u00e1rou","url":"https:\/\/all4camper.com\/cs\/","logo":{"@type":"ImageObject","inLanguage":"cs","@id":"https:\/\/all4camper.com\/cs\/#\/schema\/logo\/image\/","url":"https:\/\/all4camper.com\/wp-content\/uploads\/2018\/09\/novelogo.png","contentUrl":"https:\/\/all4camper.com\/wp-content\/uploads\/2018\/09\/novelogo.png","width":1520,"height":600,"caption":"All4Camper - kempujeme s Kl\u00e1rou"},"image":{"@id":"https:\/\/all4camper.com\/cs\/#\/schema\/logo\/image\/"}},{"@type":"Person","@id":"https:\/\/all4camper.com\/cs\/#\/schema\/person\/c6f1efdf1d02bc7d8c53a891cbe18c62","name":"Kl\u00e1ra H\u00e1jkov\u00e1","sameAs":["http:\/\/www.all4camper.com"],"url":"https:\/\/all4camper.com\/cs\/author\/klarinkacestuje1\/"}]}},"_links":{"self":[{"href":"https:\/\/all4camper.com\/cs\/wp-json\/wp\/v2\/posts\/89089","targetHints":{"allow":["GET"]}}],"collection":[{"href":"https:\/\/all4camper.com\/cs\/wp-json\/wp\/v2\/posts"}],"about":[{"href":"https:\/\/all4camper.com\/cs\/wp-json\/wp\/v2\/types\/post"}],"author":[{"embeddable":true,"href":"https:\/\/all4camper.com\/cs\/wp-json\/wp\/v2\/users\/4"}],"replies":[{"embeddable":true,"href":"https:\/\/all4camper.com\/cs\/wp-json\/wp\/v2\/comments?post=89089"}],"version-history":[{"count":0,"href":"https:\/\/all4camper.com\/cs\/wp-json\/wp\/v2\/posts\/89089\/revisions"}],"wp:featuredmedia":[{"embeddable":true,"href":"https:\/\/all4camper.com\/cs\/wp-json\/wp\/v2\/media\/89097"}],"wp:attachment":[{"href":"https:\/\/all4camper.com\/cs\/wp-json\/wp\/v2\/media?parent=89089"}],"wp:term":[{"taxonomy":"category","embeddable":true,"href":"https:\/\/all4camper.com\/cs\/wp-json\/wp\/v2\/categories?post=89089"},{"taxonomy":"post_tag","embeddable":true,"href":"https:\/\/all4camper.com\/cs\/wp-json\/wp\/v2\/tags?post=89089"}],"curies":[{"name":"wp","href":"https:\/\/api.w.org\/{rel}","templated":true}]}}