{"id":89031,"date":"2020-12-04T12:05:42","date_gmt":"2020-12-04T11:05:42","guid":{"rendered":"https:\/\/all4camper.com\/\/?p=89031"},"modified":"2020-12-04T12:25:03","modified_gmt":"2020-12-04T11:25:03","slug":"tip-na-perfektni-rodinny-vylet-nejen-karavanem-v-okoli-prahy","status":"publish","type":"post","link":"https:\/\/all4camper.com\/cs\/tip-na-perfektni-rodinny-vylet-nejen-karavanem-v-okoli-prahy\/","title":{"rendered":"Tip na perfektn\u00ed rodinn\u00fd v\u00fdlet nejen karavanem v okol\u00ed Prahy"},"content":{"rendered":"\n<h4 class=\"wp-block-heading\">N\u00e1pad na tento v\u00fdlet se mi v\u00a0hlav\u011b zrodil ve chv\u00edli, kdy jsem pl\u00e1noval co s\u00a0rodinkou podnikneme v\u00a0r\u00e1mci na\u0161eho t\u00fddenn\u00edho pobytu v\u00a0hlavn\u00edm m\u011bst\u011b. Po\u010das\u00ed n\u00e1m p\u0159\u00e1lo, a tak jsme se po sn\u00eddani naskl\u00e1dali do auta a vyrazili z\u00a0na\u0161\u00ed z\u00e1kladny v\u00a0Praze 14 na jih. Po m\u011bstsk\u00e9m okruhu a\u017e k\u00a0Vltav\u011b a pak d\u00e1le po t\u00e9 kr\u00e1sn\u00e9 Strakonick\u00e9 na jih. <\/h4>\n\n\n\n<p>M\u00edj\u00edme Zbraslav a kolem Vrann\u00e9ho p\u0159ij\u00ed\u017ed\u00edme k\u00a0prvn\u00edmu bodu na\u0161eho v\u00fdletu. Tady mus\u00edm zm\u00ednit, \u017ee tentokr\u00e1t jsem myslel i tak trochu v\u00edce na sebe a nad\u0161enci v\u00e1le\u010dn\u00fdch sn\u00edmk\u016f se ji\u017e mo\u017en\u00e1 dovt\u00edpili, \u017ee tat\u00ednek vyvezl rodinku do Davle. Ano p\u0159\u00e1tel\u00e9, prvn\u00edm c\u00edlem je je <strong>tzv. Most u Remagenu.<\/strong> Cestou jsme u M\u011bchenic minuli <strong>star\u00fd \u017eelezni\u010dn\u00ed most, kter\u00fd jste tak\u00e9 mohli spat\u0159it ve filmu z\u00a0roku 1969<\/strong>.(<a href=\"http:\/\/49.888916985941954, 14.399859246491303\" target=\"_blank\" rel=\"noreferrer noopener\">mapa<\/a>, hezk\u00fd \u010dl\u00e1nek o tomto most\u011b si m\u016f\u017eete p\u0159e\u010d\u00edst <a href=\"https:\/\/www.idnes.cz\/praha\/zpravy\/obyvatele-davle-vzpominaji-na-nataceni-mostu-u-remagenu.A160702_2257563_praha-zpravy_rsr\" target=\"_blank\" rel=\"noreferrer noopener\">tady<\/a>). Mimochodem u tohoto mostu se d\u00e1 velmi hezky zaparkovat s obyt\u0148\u00e1kem (<a href=\"https:\/\/goo.gl\/maps\/JHffV2RJgRB5kh7D8\" target=\"_blank\" rel=\"noreferrer noopener\">mapa<\/a>).<\/p>\n\n\n\n<figure class=\"wp-block-gallery columns-2 is-cropped wp-block-gallery-1 is-layout-flex wp-block-gallery-is-layout-flex\"><ul class=\"blocks-gallery-grid\"><li class=\"blocks-gallery-item\"><figure><a href=\"https:\/\/all4camper.com\/\/?attachment_id=89032\"><img loading=\"lazy\" decoding=\"async\" width=\"720\" height=\"960\" src=\"https:\/\/all4camper.com\/\/wp-content\/uploads\/2020\/12\/127975724_160714835736264_4394924645041324086_n.jpg\" alt=\"\" data-id=\"89032\" data-full-url=\"https:\/\/all4camper.com\/\/wp-content\/uploads\/2020\/12\/127975724_160714835736264_4394924645041324086_n.jpg\" data-link=\"https:\/\/all4camper.com\/\/?attachment_id=89032\" class=\"wp-image-89032\" srcset=\"https:\/\/all4camper.com\/wp-content\/uploads\/2020\/12\/127975724_160714835736264_4394924645041324086_n.jpg 720w, https:\/\/all4camper.com\/wp-content\/uploads\/2020\/12\/127975724_160714835736264_4394924645041324086_n-225x300.jpg 225w, https:\/\/all4camper.com\/wp-content\/uploads\/2020\/12\/127975724_160714835736264_4394924645041324086_n-113x150.jpg 113w\" sizes=\"auto, (max-width: 720px) 100vw, 720px\" \/><\/a><\/figure><\/li><li class=\"blocks-gallery-item\"><figure><a href=\"https:\/\/all4camper.com\/\/?attachment_id=89034\"><img loading=\"lazy\" decoding=\"async\" width=\"720\" height=\"960\" src=\"https:\/\/all4camper.com\/\/wp-content\/uploads\/2020\/12\/127863462_2841568889455768_9151892058146885324_n.jpg\" alt=\"\" data-id=\"89034\" data-full-url=\"https:\/\/all4camper.com\/\/wp-content\/uploads\/2020\/12\/127863462_2841568889455768_9151892058146885324_n.jpg\" data-link=\"https:\/\/all4camper.com\/\/?attachment_id=89034\" class=\"wp-image-89034\" srcset=\"https:\/\/all4camper.com\/wp-content\/uploads\/2020\/12\/127863462_2841568889455768_9151892058146885324_n.jpg 720w, https:\/\/all4camper.com\/wp-content\/uploads\/2020\/12\/127863462_2841568889455768_9151892058146885324_n-225x300.jpg 225w, https:\/\/all4camper.com\/wp-content\/uploads\/2020\/12\/127863462_2841568889455768_9151892058146885324_n-113x150.jpg 113w\" sizes=\"auto, (max-width: 720px) 100vw, 720px\" \/><\/a><\/figure><\/li><\/ul><\/figure>\n\n\n\n<p>Poklidn\u00fdm krokem se cel\u00e1 rodina (tat\u00ednek dychtiv\u011b o p\u00e1r krok\u016f vep\u0159edu) p\u0159esunuje k\u00a0samotn\u00e9mu mostu, kter\u00fd zde stoj\u00ed ji\u017e od roku 1905. Jeliko\u017e se jedn\u00e1 o b\u011b\u017en\u00fd pracovn\u00ed den, v\u011bt\u0161ina starousedl\u00edk\u016f je ji\u017e od rann\u00edch hodin v\u00a0tov\u00e1rn\u011b, a tak m\u00e1me cel\u00fd most t\u00e9m\u011b\u0159 pro sebe. Zde bych r\u00e1d zm\u00ednil, \u017ee prost\u0159ed\u00ed okolo mostu a samotn\u00e1 Davle jsou moc kr\u00e1sn\u00e9 a kdy\u017e tref\u00edte po\u010das\u00ed tak absolvujete p\u0159\u00edjemnou proch\u00e1zku. <strong>Pokud p\u0159ejdete samotn\u00fd most, m\u016f\u017eete ve svahu spat\u0159it zasypanou \u0161tolu, kter\u00e1 byla vyra\u017eena pouze pro \u00fa\u010dely filmu. <\/strong>R\u00e1d bych zm\u00ednil, \u017ee a\u010dkoliv jde o t\u00e9ma sp\u00ed\u0161e pro tat\u00ednky, tak nakonec se zde cel\u00e9 rodin\u011b moc l\u00edbilo a ur\u010dit\u011b doporu\u010duji. Pro mne bylo hezk\u00fdm pocitem vid\u011bt m\u00edsta, kde ze v\u0161ech sil bojoval za z\u00e1chranu mostu americk\u00fd herec Robert Vaughn, kter\u00e9ho p\u0159\u00edznivci westernov\u00e9ho \u017e\u00e1nru jist\u011b pamatuj\u00ed z\u00a0legend\u00e1rn\u00edch Sedmi state\u010dn\u00fdch.<\/p>\n\n\n\n<figure class=\"wp-block-image size-large\"><img loading=\"lazy\" decoding=\"async\" width=\"900\" height=\"596\" src=\"https:\/\/all4camper.com\/\/wp-content\/uploads\/2020\/12\/most-u-remagenu-1.jpg\" alt=\"\" class=\"wp-image-89037\" srcset=\"https:\/\/all4camper.com\/wp-content\/uploads\/2020\/12\/most-u-remagenu-1.jpg 900w, https:\/\/all4camper.com\/wp-content\/uploads\/2020\/12\/most-u-remagenu-1-300x199.jpg 300w, https:\/\/all4camper.com\/wp-content\/uploads\/2020\/12\/most-u-remagenu-1-150x99.jpg 150w, https:\/\/all4camper.com\/wp-content\/uploads\/2020\/12\/most-u-remagenu-1-768x509.jpg 768w\" sizes=\"auto, (max-width: 900px) 100vw, 900px\" \/><figcaption>Zdroj: <a href=\"https:\/\/www.extrastory.cz\/srpnu-1968-jezdily-praze-americke-tanky-rusti-vojaci-je-malem-rozstrileli\" target=\"_blank\" rel=\"noreferrer noopener\">srpnu-1968-jezdily-praze-americke-tanky-rusti-vojaci-je-malem-rozstrileli<\/a><\/figcaption><\/figure>\n\n\n\n<p>Jakmile p\u0159ejdete most, tak m\u016f\u017eete korzovat pod\u00e9l Vltavy, pozorovat labut\u011b a kachny, krmen\u00ed v\u00a0rozumn\u00e9m obsahu povoleno, a ter\u00e9n je pom\u011brn\u011b solidn\u011b sj\u00edzdn\u00fd i s\u00a0ko\u010d\u00e1rkem. Nav\u00edc se v\u00e1m naskytne kr\u00e1sn\u00fd v\u00fdhled na panorama samotn\u00e9ho mostu a malebn\u00e9ho m\u011bste\u010dka Davle. <\/p>\n\n\n\n<p>Po tomto vysiluj\u00edc\u00edm z\u00e1\u017eitku p\u0159ej\u00ed\u017ed\u00edme na druhou stranu Vltavy a m\u00ed\u0159\u00edme tentokr\u00e1te na sever do m\u011bste\u010dka Zvole. Na\u0161\u00edm dal\u0161\u00edm c\u00edlem, co\u017e je m\u00fdm p\u0159ekvapen\u00edm p\u0159edev\u0161\u00edm pro d\u011bti, je m\u00edstn\u00ed <a href=\"https:\/\/www.facebook.com\/terarko\/\" target=\"_blank\" rel=\"noreferrer noopener\">Kontaktn\u00ed Zoo<\/a>. Nejprve je v\u0161ak t\u0159eba se nasytit a k\u00a0tomu vyu\u017e\u00edv\u00e1m p\u0159\u00edjemnou restauraci ve Zvoli na n\u00e1m\u011bst\u00ed s\u00a0venkovn\u00edm posezen\u00edm a\u00a0v\u00fdhledem na Zvolsk\u00fd potok, kter\u00fd zde tvo\u0159\u00ed sp\u00ed\u0161e jez\u00edrko. No prost\u011b vesnick\u00e1 idylka. Na prot\u011bj\u0161\u00edm b\u0159ehu, co\u017e jsou cca 3 minutky pomal\u00e9 p\u011b\u0161\u00ed ch\u016fze, se mohou va\u0161i nejmen\u0161\u00ed vy\u0159\u00e1dit na d\u011btsk\u00e9m h\u0159i\u0161ti u p\u0159ilehl\u00e9 kav\u00e1rny s\u00a0terasou.<\/p>\n\n\n\n<figure class=\"wp-block-gallery columns-2 is-cropped wp-block-gallery-2 is-layout-flex wp-block-gallery-is-layout-flex\"><ul class=\"blocks-gallery-grid\"><li class=\"blocks-gallery-item\"><figure><a href=\"https:\/\/all4camper.com\/\/?attachment_id=89051\"><img loading=\"lazy\" decoding=\"async\" width=\"720\" height=\"960\" src=\"https:\/\/all4camper.com\/\/wp-content\/uploads\/2020\/12\/127896522_980405769148473_5312973940085111259_n.jpg\" alt=\"\" data-id=\"89051\" data-full-url=\"https:\/\/all4camper.com\/\/wp-content\/uploads\/2020\/12\/127896522_980405769148473_5312973940085111259_n.jpg\" data-link=\"https:\/\/all4camper.com\/\/?attachment_id=89051\" class=\"wp-image-89051\" srcset=\"https:\/\/all4camper.com\/wp-content\/uploads\/2020\/12\/127896522_980405769148473_5312973940085111259_n.jpg 720w, https:\/\/all4camper.com\/wp-content\/uploads\/2020\/12\/127896522_980405769148473_5312973940085111259_n-225x300.jpg 225w, https:\/\/all4camper.com\/wp-content\/uploads\/2020\/12\/127896522_980405769148473_5312973940085111259_n-113x150.jpg 113w\" sizes=\"auto, (max-width: 720px) 100vw, 720px\" \/><\/a><\/figure><\/li><li class=\"blocks-gallery-item\"><figure><a href=\"https:\/\/all4camper.com\/\/?attachment_id=89053\"><img loading=\"lazy\" decoding=\"async\" width=\"720\" height=\"960\" src=\"https:\/\/all4camper.com\/\/wp-content\/uploads\/2020\/12\/128025866_366761061091979_8011807603049536657_n.jpg\" alt=\"\" data-id=\"89053\" data-full-url=\"https:\/\/all4camper.com\/\/wp-content\/uploads\/2020\/12\/128025866_366761061091979_8011807603049536657_n.jpg\" data-link=\"https:\/\/all4camper.com\/\/?attachment_id=89053\" class=\"wp-image-89053\" srcset=\"https:\/\/all4camper.com\/wp-content\/uploads\/2020\/12\/128025866_366761061091979_8011807603049536657_n.jpg 720w, https:\/\/all4camper.com\/wp-content\/uploads\/2020\/12\/128025866_366761061091979_8011807603049536657_n-225x300.jpg 225w, https:\/\/all4camper.com\/wp-content\/uploads\/2020\/12\/128025866_366761061091979_8011807603049536657_n-113x150.jpg 113w\" sizes=\"auto, (max-width: 720px) 100vw, 720px\" \/><\/a><\/figure><\/li><\/ul><\/figure>\n\n\n\n<p>S\u00a0pln\u00fdm b\u0159\u00ed\u0161kem se p\u0159esunujeme p\u00e1r set metr\u016f k\u00a0hlavn\u00edmu bodu na\u0161eho dne\u0161n\u00edho v\u00fdletu, \u010d\u00edm\u017e je ji\u017e zm\u00edn\u011bn\u00e1 Kontaktn\u00ed Zoo ve Zvoli. Pohodln\u011b zaparkujeme na prostranstv\u00ed u lesa a jen co se hlava rodiny p\u0159ibl\u00ed\u017e\u00ed k\u00a0br\u00e1n\u011b objektu, hned na mne vykoukne hlava p\u0161trosa, no mo\u017en\u00e1 to byl emu, ale jak jsem se lekl, tak jsem opravdu nem\u011bl \u010das pt\u00e1t se kdo je kdo. Zazvon\u00edme a uj\u00edm\u00e1 se n\u00e1s p\u00e1n, kter\u00fd n\u00e1s bude celou prohl\u00eddkou are\u00e1lu prov\u00e1zet. Jsme tu sami, a tak m\u00e1me cel\u00fd objekt a pana pr\u016fvodce jen pro sebe. Toto velmi oce\u0148uji, jeliko\u017e se nejedn\u00e1 o pouh\u00e9 shl\u00e9dnut\u00ed chovan\u00fdch druh\u016f, ale doprovod s\u00a0velmi poutav\u00fdm koment\u00e1\u0159em a z\u00e1rove\u0148 m\u00e1te prostor se na cokoliv co v\u00e1s zaj\u00edm\u00e1 zeptat. Ale co je hlavn\u00ed, jak jsem zm\u00ednil, jedn\u00e1 se o kontaktn\u00ed Zoo a tak si m\u016f\u017eete zv\u00ed\u0159\u00e1tka prohl\u00e9dnout z\u00a0bezprost\u0159edn\u00ed bl\u00edzkosti a co nejv\u00edc ocen\u00ed ti nejmen\u0161\u00ed, ano\u2026 samoz\u0159ejm\u011b si je i pohladit. Hned u prvn\u00edho v\u00fdb\u011bhu d\u011bv\u010data za\u010d\u00ednaj\u00ed krmit (krmivo obdr\u017e\u00edte od pr\u016fvodce) a pan pr\u016fvodce si je hned z\u00edsk\u00e1v\u00e1 kr\u00e1sn\u00fdm d\u00e1rkem v\u00a0podob\u011b dikobraz\u00edho ostnu, kter\u00fd nepochybn\u011b vyu\u017eij\u00ed. D\u00e1le se p\u0159esunujeme k\u00a0ost\u0159ej\u0161\u00edm tvor\u016fm a pan pr\u016fvodce n\u00e1m p\u0159edv\u00e1d\u00ed krmen\u00ed kajmana a n\u00e1dhernou pumu ve\u00a0vedlej\u0161\u00edm v\u00fdb\u011bhu. Podot\u00fdk\u00e1m, \u017ee \u010dasu je dostatek a nikdo v\u00e1s nikam v\u00a0pr\u016fb\u011bhu prohl\u00eddky nepopoh\u00e1n\u00ed, tak\u017ee nakonec se sp\u00ed\u0161e rodi\u010de sna\u017e\u00ed sv\u00e9 ratolesti odtrhnout a posunout se k\u00a0dal\u0161\u00ed \u010d\u00e1sti kontaktn\u00ed Zoo. Po tomto hezk\u00e9m z\u00e1\u017eitku se dost\u00e1v\u00e1me k\u00a0vrcholu na\u0161\u00ed n\u00e1v\u0161t\u011bvy a d\u011bti jsou plny o\u010dek\u00e1v\u00e1n\u00ed co se je\u0161t\u011b bude d\u00edt. Tat\u00ednek v\u00ed, p\u0159edb\u011b\u017en\u011b se informoval, a tak nyn\u00ed vstupujeme do domu, kde n\u00e1s <strong>\u010dek\u00e1 nekone\u010dn\u00e1 kontaktn\u00ed z\u00e1bava s\u00a0mal\u00fdmi ml\u00e1\u010faty pumy americk\u00e9 doprov\u00e1zen\u00e1 odborn\u00fdm v\u00fdkladem.<\/strong><\/p>\n\n\n\n<figure class=\"wp-block-gallery columns-2 is-cropped wp-block-gallery-3 is-layout-flex wp-block-gallery-is-layout-flex\"><ul class=\"blocks-gallery-grid\"><li class=\"blocks-gallery-item\"><figure><a href=\"https:\/\/all4camper.com\/\/?attachment_id=89056\"><img loading=\"lazy\" decoding=\"async\" width=\"720\" height=\"960\" src=\"https:\/\/all4camper.com\/\/wp-content\/uploads\/2020\/12\/127579390_402659284220509_3920505168438642917_n.jpg\" alt=\"\" data-id=\"89056\" data-full-url=\"https:\/\/all4camper.com\/\/wp-content\/uploads\/2020\/12\/127579390_402659284220509_3920505168438642917_n.jpg\" data-link=\"https:\/\/all4camper.com\/\/?attachment_id=89056\" class=\"wp-image-89056\" srcset=\"https:\/\/all4camper.com\/wp-content\/uploads\/2020\/12\/127579390_402659284220509_3920505168438642917_n.jpg 720w, https:\/\/all4camper.com\/wp-content\/uploads\/2020\/12\/127579390_402659284220509_3920505168438642917_n-225x300.jpg 225w, https:\/\/all4camper.com\/wp-content\/uploads\/2020\/12\/127579390_402659284220509_3920505168438642917_n-113x150.jpg 113w\" sizes=\"auto, (max-width: 720px) 100vw, 720px\" \/><\/a><\/figure><\/li><li class=\"blocks-gallery-item\"><figure><a href=\"https:\/\/all4camper.com\/\/?attachment_id=89058\"><img loading=\"lazy\" decoding=\"async\" width=\"720\" height=\"960\" src=\"https:\/\/all4camper.com\/\/wp-content\/uploads\/2020\/12\/127824392_727740207948883_718204583137275487_n.jpg\" alt=\"\" data-id=\"89058\" data-full-url=\"https:\/\/all4camper.com\/\/wp-content\/uploads\/2020\/12\/127824392_727740207948883_718204583137275487_n.jpg\" data-link=\"https:\/\/all4camper.com\/\/?attachment_id=89058\" class=\"wp-image-89058\" srcset=\"https:\/\/all4camper.com\/wp-content\/uploads\/2020\/12\/127824392_727740207948883_718204583137275487_n.jpg 720w, https:\/\/all4camper.com\/wp-content\/uploads\/2020\/12\/127824392_727740207948883_718204583137275487_n-225x300.jpg 225w, https:\/\/all4camper.com\/wp-content\/uploads\/2020\/12\/127824392_727740207948883_718204583137275487_n-113x150.jpg 113w\" sizes=\"auto, (max-width: 720px) 100vw, 720px\" \/><\/a><\/figure><\/li><\/ul><\/figure>\n\n\n\n<p>Po dlouh\u00e9m mazlen\u00ed s\u00a0mal\u00fdmi p\u0159\u00ed\u0161erkami se pomalu lou\u010d\u00edme. K\u00a0samotn\u00e9 n\u00e1v\u0161t\u011bv\u011b kontaktn\u00ed Zoo je\u0161t\u011b p\u00e1r rad a doporu\u010den\u00ed, v\u017edy se objednejte p\u0159edem telefonicky na konkr\u00e9tni den a hodinu, pl\u00e1nujte v\u00fdlet i podle p\u0159edpov\u011b\u010fi po\u010das\u00ed, a\u0165 si mohou va\u0161e d\u011bti dostate\u010dn\u011b vyhr\u00e1t a z\u00e1rove\u0148 nejsou cel\u00e9 od bl\u00e1ta. My jsme Zoo nav\u0161t\u00edvili cca p\u0159ed t\u0159emi lety a p\u0159ed \u010dasem jsem zaznamenal zm\u00ednku majitel\u016f o \u00famyslu p\u0159esunout Zoo na vhodn\u011bj\u0161\u00ed m\u00edsto, proto doporu\u010duji p\u0159edem telefonicky prov\u011b\u0159it, zda nedoch\u00e1z\u00ed k\u00a0n\u011bjak\u00e9 rekonstrukci.<\/p>\n\n\n\n<p>A to u\u017e je z\u00a0na\u0161eho v\u00fdletu v\u0161e, m\u00e9 doporu\u010den\u00ed zn\u00ed, nev\u00e1hejte a vydejte se po na\u0161ich stop\u00e1ch, vy i va\u0161e d\u011bti pro\u017eijete kr\u00e1sn\u00fd den a o tom to p\u0159eci je. <em>Autor: Ivo Pavelek<\/em><\/p>\n","protected":false},"excerpt":{"rendered":"<p>N\u00e1pad na tento v\u00fdlet se mi v\u00a0hlav\u011b zrodil ve chv\u00edli, kdy jsem pl\u00e1noval co s\u00a0rodinkou podnikneme v\u00a0r\u00e1mci na\u0161eho t\u00fddenn\u00edho pobytu v\u00a0hlavn\u00edm m\u011bst\u011b. Po\u010das\u00ed n\u00e1m p\u0159\u00e1lo, a tak jsme se po sn\u00eddani naskl\u00e1dali do auta a vyrazili z\u00a0na\u0161\u00ed z\u00e1kladny v\u00a0Praze 14 na jih. Po m\u011bstsk\u00e9m okruhu a\u017e k\u00a0Vltav\u011b a pak d\u00e1le po t\u00e9 kr\u00e1sn\u00e9 Strakonick\u00e9 na [&hellip;]<\/p>\n","protected":false},"author":27,"featured_media":89062,"comment_status":"closed","ping_status":"open","sticky":false,"template":"","format":"standard","meta":{"_monsterinsights_skip_tracking":false,"_monsterinsights_sitenote_active":false,"_monsterinsights_sitenote_note":"","_monsterinsights_sitenote_category":0,"footnotes":""},"categories":[364,422],"tags":[100,110,106],"class_list":{"0":"post-89031","1":"post","2":"type-post","3":"status-publish","4":"format-standard","5":"has-post-thumbnail","7":"category-cestujeme-a-kempujeme-v-cr","8":"category-novinky-kempovani-a-karavaning","9":"tag-cechy","10":"tag-cestopis","11":"tag-dovolena-s-detmi-1"},"yoast_head":"<!-- This site is optimized with the Yoast SEO plugin v27.5 - https:\/\/yoast.com\/product\/yoast-seo-wordpress\/ -->\n<title>Tip na perfektn\u00ed rodinn\u00fd v\u00fdlet nejen karavanem v okol\u00ed Prahy - All4Camper<\/title>\n<meta name=\"description\" content=\"All4Camper - Tip na perfektn\u00ed rodinn\u00fd v\u00fdlet nejen karavanem v okol\u00ed Prahy\" \/>\n<meta name=\"robots\" content=\"index, follow, max-snippet:-1, max-image-preview:large, max-video-preview:-1\" \/>\n<link rel=\"canonical\" href=\"https:\/\/all4camper.com\/cs\/tip-na-perfektni-rodinny-vylet-nejen-karavanem-v-okoli-prahy\/\" \/>\n<meta property=\"og:locale\" content=\"cs_CZ\" \/>\n<meta property=\"og:type\" content=\"article\" \/>\n<meta property=\"og:title\" content=\"Tip na perfektn\u00ed rodinn\u00fd v\u00fdlet nejen karavanem v okol\u00ed Prahy - All4Camper\" \/>\n<meta property=\"og:description\" content=\"All4Camper - Tip na perfektn\u00ed rodinn\u00fd v\u00fdlet nejen karavanem v okol\u00ed Prahy\" \/>\n<meta property=\"og:url\" content=\"https:\/\/all4camper.com\/cs\/tip-na-perfektni-rodinny-vylet-nejen-karavanem-v-okoli-prahy\/\" \/>\n<meta property=\"og:site_name\" content=\"All4Camper\" \/>\n<meta property=\"article:published_time\" content=\"2020-12-04T11:05:42+00:00\" \/>\n<meta property=\"article:modified_time\" content=\"2020-12-04T11:25:03+00:00\" \/>\n<meta property=\"og:image\" content=\"https:\/\/all4camper.com\/wp-content\/uploads\/2020\/12\/kontaktni\u0301-zoo.jpg\" \/>\n\t<meta property=\"og:image:width\" content=\"1534\" \/>\n\t<meta property=\"og:image:height\" content=\"1048\" \/>\n\t<meta property=\"og:image:type\" content=\"image\/jpeg\" \/>\n<meta name=\"author\" content=\"Od na\u0161ich \u010dten\u00e1\u0159\u016f\" \/>\n<meta name=\"twitter:card\" content=\"summary_large_image\" \/>\n<meta name=\"twitter:label1\" content=\"Napsal(a)\" \/>\n\t<meta name=\"twitter:data1\" content=\"Od na\u0161ich \u010dten\u00e1\u0159\u016f\" \/>\n\t<meta name=\"twitter:label2\" content=\"Odhadovan\u00e1 doba \u010dten\u00ed\" \/>\n\t<meta name=\"twitter:data2\" content=\"6 minut\" \/>\n<script type=\"application\/ld+json\" class=\"yoast-schema-graph\">{\"@context\":\"https:\\\/\\\/schema.org\",\"@graph\":[{\"@type\":\"Article\",\"@id\":\"https:\\\/\\\/all4camper.com\\\/cs\\\/tip-na-perfektni-rodinny-vylet-nejen-karavanem-v-okoli-prahy\\\/#article\",\"isPartOf\":{\"@id\":\"https:\\\/\\\/all4camper.com\\\/cs\\\/tip-na-perfektni-rodinny-vylet-nejen-karavanem-v-okoli-prahy\\\/\"},\"author\":{\"name\":\"Od na\u0161ich \u010dten\u00e1\u0159\u016f\",\"@id\":\"https:\\\/\\\/all4camper.com\\\/cs\\\/#\\\/schema\\\/person\\\/6e44acf123c404fdffce72310b6e0f1c\"},\"headline\":\"Tip na perfektn\u00ed rodinn\u00fd v\u00fdlet nejen karavanem v okol\u00ed Prahy\",\"datePublished\":\"2020-12-04T11:05:42+00:00\",\"dateModified\":\"2020-12-04T11:25:03+00:00\",\"mainEntityOfPage\":{\"@id\":\"https:\\\/\\\/all4camper.com\\\/cs\\\/tip-na-perfektni-rodinny-vylet-nejen-karavanem-v-okoli-prahy\\\/\"},\"wordCount\":1128,\"publisher\":{\"@id\":\"https:\\\/\\\/all4camper.com\\\/cs\\\/#organization\"},\"image\":{\"@id\":\"https:\\\/\\\/all4camper.com\\\/cs\\\/tip-na-perfektni-rodinny-vylet-nejen-karavanem-v-okoli-prahy\\\/#primaryimage\"},\"thumbnailUrl\":\"https:\\\/\\\/all4camper.com\\\/wp-content\\\/uploads\\\/2020\\\/12\\\/kontaktni\u0301-zoo.jpg\",\"keywords\":[\"\u010cechy\",\"Cestopis\",\"Dovolen\u00e1 s d\u011btmi\"],\"articleSection\":[\"Cestujeme a kempujeme v \u010cR\",\"Novinky - Kempov\u00e1n\u00ed a karavaning\"],\"inLanguage\":\"cs\"},{\"@type\":\"WebPage\",\"@id\":\"https:\\\/\\\/all4camper.com\\\/cs\\\/tip-na-perfektni-rodinny-vylet-nejen-karavanem-v-okoli-prahy\\\/\",\"url\":\"https:\\\/\\\/all4camper.com\\\/cs\\\/tip-na-perfektni-rodinny-vylet-nejen-karavanem-v-okoli-prahy\\\/\",\"name\":\"Tip na perfektn\u00ed rodinn\u00fd v\u00fdlet nejen karavanem v okol\u00ed Prahy - All4Camper\",\"isPartOf\":{\"@id\":\"https:\\\/\\\/all4camper.com\\\/cs\\\/#website\"},\"primaryImageOfPage\":{\"@id\":\"https:\\\/\\\/all4camper.com\\\/cs\\\/tip-na-perfektni-rodinny-vylet-nejen-karavanem-v-okoli-prahy\\\/#primaryimage\"},\"image\":{\"@id\":\"https:\\\/\\\/all4camper.com\\\/cs\\\/tip-na-perfektni-rodinny-vylet-nejen-karavanem-v-okoli-prahy\\\/#primaryimage\"},\"thumbnailUrl\":\"https:\\\/\\\/all4camper.com\\\/wp-content\\\/uploads\\\/2020\\\/12\\\/kontaktni\u0301-zoo.jpg\",\"datePublished\":\"2020-12-04T11:05:42+00:00\",\"dateModified\":\"2020-12-04T11:25:03+00:00\",\"description\":\"All4Camper - Tip na perfektn\u00ed rodinn\u00fd v\u00fdlet nejen karavanem v okol\u00ed Prahy\",\"breadcrumb\":{\"@id\":\"https:\\\/\\\/all4camper.com\\\/cs\\\/tip-na-perfektni-rodinny-vylet-nejen-karavanem-v-okoli-prahy\\\/#breadcrumb\"},\"inLanguage\":\"cs\",\"potentialAction\":[{\"@type\":\"ReadAction\",\"target\":[\"https:\\\/\\\/all4camper.com\\\/cs\\\/tip-na-perfektni-rodinny-vylet-nejen-karavanem-v-okoli-prahy\\\/\"]}]},{\"@type\":\"ImageObject\",\"inLanguage\":\"cs\",\"@id\":\"https:\\\/\\\/all4camper.com\\\/cs\\\/tip-na-perfektni-rodinny-vylet-nejen-karavanem-v-okoli-prahy\\\/#primaryimage\",\"url\":\"https:\\\/\\\/all4camper.com\\\/wp-content\\\/uploads\\\/2020\\\/12\\\/kontaktni\u0301-zoo.jpg\",\"contentUrl\":\"https:\\\/\\\/all4camper.com\\\/wp-content\\\/uploads\\\/2020\\\/12\\\/kontaktni\u0301-zoo.jpg\",\"width\":1534,\"height\":1048},{\"@type\":\"BreadcrumbList\",\"@id\":\"https:\\\/\\\/all4camper.com\\\/cs\\\/tip-na-perfektni-rodinny-vylet-nejen-karavanem-v-okoli-prahy\\\/#breadcrumb\",\"itemListElement\":[{\"@type\":\"ListItem\",\"position\":1,\"name\":\"Dom\u016f\",\"item\":\"https:\\\/\\\/all4camper.com\\\/cs\\\/\"},{\"@type\":\"ListItem\",\"position\":2,\"name\":\"Cestujeme a kempujeme v \u010cR\",\"item\":\"https:\\\/\\\/all4camper.com\\\/cs\\\/category\\\/cestujeme-a-kempujeme-v-cr\\\/\"},{\"@type\":\"ListItem\",\"position\":3,\"name\":\"Tip na perfektn\u00ed rodinn\u00fd v\u00fdlet nejen karavanem v okol\u00ed Prahy\"}]},{\"@type\":\"WebSite\",\"@id\":\"https:\\\/\\\/all4camper.com\\\/cs\\\/#website\",\"url\":\"https:\\\/\\\/all4camper.com\\\/cs\\\/\",\"name\":\"All4Camper\",\"description\":\"Nejv\u011bt\u0161\u00ed online magaz\u00edn o kempov\u00e1n\u00ed a karavaninku. V\u00edce jak 900 \u010dl\u00e1nk\u016f pln\u00fdch rad a tip\u016f o kempech a kempov\u00e1n\u00ed.\",\"publisher\":{\"@id\":\"https:\\\/\\\/all4camper.com\\\/cs\\\/#organization\"},\"potentialAction\":[{\"@type\":\"SearchAction\",\"target\":{\"@type\":\"EntryPoint\",\"urlTemplate\":\"https:\\\/\\\/all4camper.com\\\/cs\\\/?s={search_term_string}\"},\"query-input\":{\"@type\":\"PropertyValueSpecification\",\"valueRequired\":true,\"valueName\":\"search_term_string\"}}],\"inLanguage\":\"cs\"},{\"@type\":\"Organization\",\"@id\":\"https:\\\/\\\/all4camper.com\\\/cs\\\/#organization\",\"name\":\"All4Camper - kempujeme s Kl\u00e1rou\",\"url\":\"https:\\\/\\\/all4camper.com\\\/cs\\\/\",\"logo\":{\"@type\":\"ImageObject\",\"inLanguage\":\"cs\",\"@id\":\"https:\\\/\\\/all4camper.com\\\/cs\\\/#\\\/schema\\\/logo\\\/image\\\/\",\"url\":\"https:\\\/\\\/all4camper.com\\\/wp-content\\\/uploads\\\/2018\\\/09\\\/novelogo.png\",\"contentUrl\":\"https:\\\/\\\/all4camper.com\\\/wp-content\\\/uploads\\\/2018\\\/09\\\/novelogo.png\",\"width\":1520,\"height\":600,\"caption\":\"All4Camper - kempujeme s Kl\u00e1rou\"},\"image\":{\"@id\":\"https:\\\/\\\/all4camper.com\\\/cs\\\/#\\\/schema\\\/logo\\\/image\\\/\"}},{\"@type\":\"Person\",\"@id\":\"https:\\\/\\\/all4camper.com\\\/cs\\\/#\\\/schema\\\/person\\\/6e44acf123c404fdffce72310b6e0f1c\",\"name\":\"Od na\u0161ich \u010dten\u00e1\u0159\u016f\",\"url\":\"https:\\\/\\\/all4camper.com\\\/cs\\\/author\\\/od-nasich-ctenaru\\\/\"}]}<\/script>\n<!-- \/ Yoast SEO plugin. -->","yoast_head_json":{"title":"Tip na perfektn\u00ed rodinn\u00fd v\u00fdlet nejen karavanem v okol\u00ed Prahy - All4Camper","description":"All4Camper - Tip na perfektn\u00ed rodinn\u00fd v\u00fdlet nejen karavanem v okol\u00ed Prahy","robots":{"index":"index","follow":"follow","max-snippet":"max-snippet:-1","max-image-preview":"max-image-preview:large","max-video-preview":"max-video-preview:-1"},"canonical":"https:\/\/all4camper.com\/cs\/tip-na-perfektni-rodinny-vylet-nejen-karavanem-v-okoli-prahy\/","og_locale":"cs_CZ","og_type":"article","og_title":"Tip na perfektn\u00ed rodinn\u00fd v\u00fdlet nejen karavanem v okol\u00ed Prahy - All4Camper","og_description":"All4Camper - Tip na perfektn\u00ed rodinn\u00fd v\u00fdlet nejen karavanem v okol\u00ed Prahy","og_url":"https:\/\/all4camper.com\/cs\/tip-na-perfektni-rodinny-vylet-nejen-karavanem-v-okoli-prahy\/","og_site_name":"All4Camper","article_published_time":"2020-12-04T11:05:42+00:00","article_modified_time":"2020-12-04T11:25:03+00:00","og_image":[{"width":1534,"height":1048,"url":"https:\/\/all4camper.com\/wp-content\/uploads\/2020\/12\/kontaktni\u0301-zoo.jpg","type":"image\/jpeg"}],"author":"Od na\u0161ich \u010dten\u00e1\u0159\u016f","twitter_card":"summary_large_image","twitter_misc":{"Napsal(a)":"Od na\u0161ich \u010dten\u00e1\u0159\u016f","Odhadovan\u00e1 doba \u010dten\u00ed":"6 minut"},"schema":{"@context":"https:\/\/schema.org","@graph":[{"@type":"Article","@id":"https:\/\/all4camper.com\/cs\/tip-na-perfektni-rodinny-vylet-nejen-karavanem-v-okoli-prahy\/#article","isPartOf":{"@id":"https:\/\/all4camper.com\/cs\/tip-na-perfektni-rodinny-vylet-nejen-karavanem-v-okoli-prahy\/"},"author":{"name":"Od na\u0161ich \u010dten\u00e1\u0159\u016f","@id":"https:\/\/all4camper.com\/cs\/#\/schema\/person\/6e44acf123c404fdffce72310b6e0f1c"},"headline":"Tip na perfektn\u00ed rodinn\u00fd v\u00fdlet nejen karavanem v okol\u00ed Prahy","datePublished":"2020-12-04T11:05:42+00:00","dateModified":"2020-12-04T11:25:03+00:00","mainEntityOfPage":{"@id":"https:\/\/all4camper.com\/cs\/tip-na-perfektni-rodinny-vylet-nejen-karavanem-v-okoli-prahy\/"},"wordCount":1128,"publisher":{"@id":"https:\/\/all4camper.com\/cs\/#organization"},"image":{"@id":"https:\/\/all4camper.com\/cs\/tip-na-perfektni-rodinny-vylet-nejen-karavanem-v-okoli-prahy\/#primaryimage"},"thumbnailUrl":"https:\/\/all4camper.com\/wp-content\/uploads\/2020\/12\/kontaktni\u0301-zoo.jpg","keywords":["\u010cechy","Cestopis","Dovolen\u00e1 s d\u011btmi"],"articleSection":["Cestujeme a kempujeme v \u010cR","Novinky - Kempov\u00e1n\u00ed a karavaning"],"inLanguage":"cs"},{"@type":"WebPage","@id":"https:\/\/all4camper.com\/cs\/tip-na-perfektni-rodinny-vylet-nejen-karavanem-v-okoli-prahy\/","url":"https:\/\/all4camper.com\/cs\/tip-na-perfektni-rodinny-vylet-nejen-karavanem-v-okoli-prahy\/","name":"Tip na perfektn\u00ed rodinn\u00fd v\u00fdlet nejen karavanem v okol\u00ed Prahy - All4Camper","isPartOf":{"@id":"https:\/\/all4camper.com\/cs\/#website"},"primaryImageOfPage":{"@id":"https:\/\/all4camper.com\/cs\/tip-na-perfektni-rodinny-vylet-nejen-karavanem-v-okoli-prahy\/#primaryimage"},"image":{"@id":"https:\/\/all4camper.com\/cs\/tip-na-perfektni-rodinny-vylet-nejen-karavanem-v-okoli-prahy\/#primaryimage"},"thumbnailUrl":"https:\/\/all4camper.com\/wp-content\/uploads\/2020\/12\/kontaktni\u0301-zoo.jpg","datePublished":"2020-12-04T11:05:42+00:00","dateModified":"2020-12-04T11:25:03+00:00","description":"All4Camper - Tip na perfektn\u00ed rodinn\u00fd v\u00fdlet nejen karavanem v okol\u00ed Prahy","breadcrumb":{"@id":"https:\/\/all4camper.com\/cs\/tip-na-perfektni-rodinny-vylet-nejen-karavanem-v-okoli-prahy\/#breadcrumb"},"inLanguage":"cs","potentialAction":[{"@type":"ReadAction","target":["https:\/\/all4camper.com\/cs\/tip-na-perfektni-rodinny-vylet-nejen-karavanem-v-okoli-prahy\/"]}]},{"@type":"ImageObject","inLanguage":"cs","@id":"https:\/\/all4camper.com\/cs\/tip-na-perfektni-rodinny-vylet-nejen-karavanem-v-okoli-prahy\/#primaryimage","url":"https:\/\/all4camper.com\/wp-content\/uploads\/2020\/12\/kontaktni\u0301-zoo.jpg","contentUrl":"https:\/\/all4camper.com\/wp-content\/uploads\/2020\/12\/kontaktni\u0301-zoo.jpg","width":1534,"height":1048},{"@type":"BreadcrumbList","@id":"https:\/\/all4camper.com\/cs\/tip-na-perfektni-rodinny-vylet-nejen-karavanem-v-okoli-prahy\/#breadcrumb","itemListElement":[{"@type":"ListItem","position":1,"name":"Dom\u016f","item":"https:\/\/all4camper.com\/cs\/"},{"@type":"ListItem","position":2,"name":"Cestujeme a kempujeme v \u010cR","item":"https:\/\/all4camper.com\/cs\/category\/cestujeme-a-kempujeme-v-cr\/"},{"@type":"ListItem","position":3,"name":"Tip na perfektn\u00ed rodinn\u00fd v\u00fdlet nejen karavanem v okol\u00ed Prahy"}]},{"@type":"WebSite","@id":"https:\/\/all4camper.com\/cs\/#website","url":"https:\/\/all4camper.com\/cs\/","name":"All4Camper","description":"Nejv\u011bt\u0161\u00ed online magaz\u00edn o kempov\u00e1n\u00ed a karavaninku. V\u00edce jak 900 \u010dl\u00e1nk\u016f pln\u00fdch rad a tip\u016f o kempech a kempov\u00e1n\u00ed.","publisher":{"@id":"https:\/\/all4camper.com\/cs\/#organization"},"potentialAction":[{"@type":"SearchAction","target":{"@type":"EntryPoint","urlTemplate":"https:\/\/all4camper.com\/cs\/?s={search_term_string}"},"query-input":{"@type":"PropertyValueSpecification","valueRequired":true,"valueName":"search_term_string"}}],"inLanguage":"cs"},{"@type":"Organization","@id":"https:\/\/all4camper.com\/cs\/#organization","name":"All4Camper - kempujeme s Kl\u00e1rou","url":"https:\/\/all4camper.com\/cs\/","logo":{"@type":"ImageObject","inLanguage":"cs","@id":"https:\/\/all4camper.com\/cs\/#\/schema\/logo\/image\/","url":"https:\/\/all4camper.com\/wp-content\/uploads\/2018\/09\/novelogo.png","contentUrl":"https:\/\/all4camper.com\/wp-content\/uploads\/2018\/09\/novelogo.png","width":1520,"height":600,"caption":"All4Camper - kempujeme s Kl\u00e1rou"},"image":{"@id":"https:\/\/all4camper.com\/cs\/#\/schema\/logo\/image\/"}},{"@type":"Person","@id":"https:\/\/all4camper.com\/cs\/#\/schema\/person\/6e44acf123c404fdffce72310b6e0f1c","name":"Od na\u0161ich \u010dten\u00e1\u0159\u016f","url":"https:\/\/all4camper.com\/cs\/author\/od-nasich-ctenaru\/"}]}},"_links":{"self":[{"href":"https:\/\/all4camper.com\/cs\/wp-json\/wp\/v2\/posts\/89031","targetHints":{"allow":["GET"]}}],"collection":[{"href":"https:\/\/all4camper.com\/cs\/wp-json\/wp\/v2\/posts"}],"about":[{"href":"https:\/\/all4camper.com\/cs\/wp-json\/wp\/v2\/types\/post"}],"author":[{"embeddable":true,"href":"https:\/\/all4camper.com\/cs\/wp-json\/wp\/v2\/users\/27"}],"replies":[{"embeddable":true,"href":"https:\/\/all4camper.com\/cs\/wp-json\/wp\/v2\/comments?post=89031"}],"version-history":[{"count":0,"href":"https:\/\/all4camper.com\/cs\/wp-json\/wp\/v2\/posts\/89031\/revisions"}],"wp:featuredmedia":[{"embeddable":true,"href":"https:\/\/all4camper.com\/cs\/wp-json\/wp\/v2\/media\/89062"}],"wp:attachment":[{"href":"https:\/\/all4camper.com\/cs\/wp-json\/wp\/v2\/media?parent=89031"}],"wp:term":[{"taxonomy":"category","embeddable":true,"href":"https:\/\/all4camper.com\/cs\/wp-json\/wp\/v2\/categories?post=89031"},{"taxonomy":"post_tag","embeddable":true,"href":"https:\/\/all4camper.com\/cs\/wp-json\/wp\/v2\/tags?post=89031"}],"curies":[{"name":"wp","href":"https:\/\/api.w.org\/{rel}","templated":true}]}}