{"id":88949,"date":"2020-11-24T14:25:55","date_gmt":"2020-11-24T13:25:55","guid":{"rendered":"https:\/\/all4camper.com\/\/?p=88949"},"modified":"2021-03-12T12:44:19","modified_gmt":"2021-03-12T11:44:19","slug":"vestavba-cestovani-vanoce-a-miminko-ze-to-nejde-dohromady-ale-kdeze","status":"publish","type":"post","link":"https:\/\/all4camper.com\/cs\/vestavba-cestovani-vanoce-a-miminko-ze-to-nejde-dohromady-ale-kdeze\/","title":{"rendered":"Vestavba, cestov\u00e1n\u00ed, V\u00e1noce a miminko. \u017de to nejde dohromady? Ale kde\u017ee&#8230;"},"content":{"rendered":"\n<h4 class=\"wp-block-heading\"><strong>Martina se sv\u00fdm partnerem (a te\u010f u\u017e i malou Cestovatelkou) mohou b\u00fdt inspirac\u00ed pro v\u0161echny, kte\u0159\u00ed sn\u00ed o opravdu dlouh\u00e9 cest\u011b a hlavn\u011b o \u017eivot\u011b na cest\u00e1ch. P\u0159\u00edpadn\u011b pro ty, kte\u0159\u00ed uva\u017euj\u00ed o tom, \u017ee mimo pevn\u00e9 zdi pro\u017eij\u00ed nap\u0159\u00edlkad i V\u00e1noce<\/strong>, co\u017e je jen kr\u016f\u010dek k tomu v\u011bt\u0161\u00edmu cestov\u00e1n\u00ed. Nebo ne? A\u0165 je to jakkoliv, m\u00e1m pro v\u00e1s dnes opravdu zaj\u00edmav\u00fd p\u0159\u00edb\u011bh, kter\u00fd stoj\u00ed za to si p\u0159e\u010d\u00edst.<\/h4>\n\n\n\n<figure class=\"wp-block-image size-large\"><img loading=\"lazy\" decoding=\"async\" width=\"1920\" height=\"1080\" src=\"https:\/\/all4camper.com\/\/wp-content\/uploads\/2020\/11\/Dolomity_zari-2020-1920x1080.jpg\" alt=\"\" class=\"wp-image-88951\" srcset=\"https:\/\/all4camper.com\/wp-content\/uploads\/2020\/11\/Dolomity_zari-2020-1920x1080.jpg 1920w, https:\/\/all4camper.com\/wp-content\/uploads\/2020\/11\/Dolomity_zari-2020-300x169.jpg 300w, https:\/\/all4camper.com\/wp-content\/uploads\/2020\/11\/Dolomity_zari-2020-150x84.jpg 150w, https:\/\/all4camper.com\/wp-content\/uploads\/2020\/11\/Dolomity_zari-2020-768x432.jpg 768w, https:\/\/all4camper.com\/wp-content\/uploads\/2020\/11\/Dolomity_zari-2020-1536x864.jpg 1536w, https:\/\/all4camper.com\/wp-content\/uploads\/2020\/11\/Dolomity_zari-2020-678x381.jpg 678w, https:\/\/all4camper.com\/wp-content\/uploads\/2020\/11\/Dolomity_zari-2020.jpg 2048w\" sizes=\"auto, (max-width: 1920px) 100vw, 1920px\" \/><figcaption>Dolomity z\u00e1\u0159\u00ed 2020<\/figcaption><\/figure>\n\n\n\n<h4 class=\"wp-block-heading\"><strong>Jak byste se n\u00e1m jako cestovatelka p\u0159edstavila?<\/strong><\/h4>\n\n\n\n<p>Ahoj, jmenuji se Martina a na\u0161la jsem \u017eivotn\u00ed styl, kter\u00fd mi vyhovuje. Umo\u017e\u0148uje mi b\u00fdt s moj\u00ed rodinou, v\u011bnovat se pr\u00e1ci, a p\u0159itom objevovat kr\u00e1sn\u00e1 m\u00edsta a pozn\u00e1vat zaj\u00edmav\u00e9 lidi.<\/p>\n\n\n\n<h4 class=\"wp-block-heading\"><strong>Zm\u00ednila jste rodinu, p\u0159edstav\u00edte n\u00e1m zbytek sv\u00e9 \u201epos\u00e1dky\u201c?<\/strong><\/h4>\n\n\n\n<p>M\u016fj partner je povol\u00e1n\u00edm architekt, du\u0161\u00ed horolezec a znamen\u00edm bl\u00ed\u017eenec. To asi hovo\u0159\u00ed za v\u0161e. Na\u0161\u00ed mal\u00e9 Cestovatelce byly v z\u00e1\u0159\u00ed dva roky a zat\u00edm to vypad\u00e1, \u017ee je dokonalou kombinac\u00ed n\u00e1s obou.<\/p>\n\n\n\n<figure class=\"wp-block-image size-large\"><img loading=\"lazy\" decoding=\"async\" width=\"1920\" height=\"1080\" src=\"https:\/\/all4camper.com\/\/wp-content\/uploads\/2020\/11\/Kreta_unor-2020-1920x1080.jpg\" alt=\"\" class=\"wp-image-88952\" srcset=\"https:\/\/all4camper.com\/wp-content\/uploads\/2020\/11\/Kreta_unor-2020-1920x1080.jpg 1920w, https:\/\/all4camper.com\/wp-content\/uploads\/2020\/11\/Kreta_unor-2020-300x169.jpg 300w, https:\/\/all4camper.com\/wp-content\/uploads\/2020\/11\/Kreta_unor-2020-150x84.jpg 150w, https:\/\/all4camper.com\/wp-content\/uploads\/2020\/11\/Kreta_unor-2020-768x432.jpg 768w, https:\/\/all4camper.com\/wp-content\/uploads\/2020\/11\/Kreta_unor-2020-1536x864.jpg 1536w, https:\/\/all4camper.com\/wp-content\/uploads\/2020\/11\/Kreta_unor-2020-678x381.jpg 678w, https:\/\/all4camper.com\/wp-content\/uploads\/2020\/11\/Kreta_unor-2020.jpg 2048w\" sizes=\"auto, (max-width: 1920px) 100vw, 1920px\" \/><figcaption>Kr\u00e9ta \u00fanor 2020<\/figcaption><\/figure>\n\n\n\n<h4 class=\"wp-block-heading\">A <strong>Kde se v\u016fbec vzala va\u0161e l\u00e1ska k&nbsp;cestov\u00e1n\u00ed?<\/strong><\/h4>\n\n\n\n<p>Cestov\u00e1n\u00ed m\u011b dlouho vlastn\u011b moc nezaj\u00edmalo. Mysl\u00edm, \u017ee to bylo proto, \u017ee jsem se prost\u011b b\u00e1la. S rodi\u010di jsme nikdy nebyli na klasick\u00e9 dovolen\u00e9 ani po \u010cech\u00e1ch, nato\u017e v zahrani\u010d\u00ed. Nebyly finance a z jejich strany asi ani chu\u0165. L\u00e9to jsem tr\u00e1vila u babi\u010dky na vesnici a od podzimu n\u00e1s zase t\u00e1ta bral na chalupu do Orlick\u00fdch hor. K mo\u0159i jsem se dostala poprv\u00e9 asi v&nbsp;\u0161estn\u00e1cti, a to je\u0161t\u011b autobusem. Na leteckou dovolenou m\u011b tehdej\u0161\u00ed kamar\u00e1dka vyt\u00e1hla a\u017e po dvac\u00edtce.<\/p>\n\n\n\n<h4 class=\"wp-block-heading\"><strong>Tak to tedy pot\u00e9 nastal dost radik\u00e1ln\u00ed zlom\u2026<\/strong><\/h4>\n\n\n\n<p>Kdy\u017e jsem se trochu otrkala, zjistila jsem, \u017ee m\u011b bav\u00ed objevovat, co je za dal\u0161\u00edm rohem \u010di kopcem. A \u017ee p\u0159ekon\u00e1v\u00e1n\u00ed toho m\u00e9ho strachu z cestov\u00e1n\u00ed za to stoj\u00ed. Pak jsem odjela na Erasmus do Norska, a to m\u011b v m\u00e9m p\u0159esv\u011bd\u010den\u00ed jen utvrdilo. Definitivn\u00ed opro\u0161t\u011bn\u00ed od strachu z cestov\u00e1n\u00ed mi pak dal vztah s cizincem.<\/p>\n\n\n\n<h4 class=\"wp-block-heading\"><strong>A kdy\u017e zm\u00edn\u00edm to svobodn\u00e9 cestov\u00e1n\u00ed\u2026 K tomu jste p\u0159i\u0161la jak?<\/strong><\/h4>\n\n\n\n<p>Podle m\u011b je ka\u017ed\u00e9 cestov\u00e1n\u00ed svobodn\u00e9. Pokud v\u00e1s ale zaj\u00edm\u00e1, jak jsem propadla vanlifu, tak k tomu sta\u010dil asi jeden hezk\u00fd ve\u010der u jezera kdesi v It\u00e1lii.<\/p>\n\n\n\n<h4 class=\"wp-block-heading\">No <strong>tak to chci samoz\u0159ejm\u011b zn\u00e1t detaily\u2026.<\/strong><\/h4>\n\n\n\n<p>Vybrali jsme si m\u00edsto s nejhez\u010d\u00edm v\u00fdhledem, rozlo\u017eili si span\u00ed v VW Caddy, uva\u0159ili t\u011bstoviny v e\u0161usu a koukali na tu n\u00e1dheru.<\/p>\n\n\n\n<h4 class=\"wp-block-heading\"><strong>VW Caddy u\u017e je cestovn\u00ed par\u00e1da, ale pro zaj\u00edmavost, jak<\/strong><strong>\u00e9 bylo va\u0161e v\u016fbec prvn\u00ed auto?<\/strong><\/h4>\n\n\n\n<p>Po d\u011bdovi jsem zd\u011bdila sta\u0159i\u010dk\u00fd Fiat Cienquecento. Na okresk\u00e1ch byl nep\u0159ekonateln\u00fd, ale kdy\u017e jsme z n\u011bj vylezli n\u011bkde v Alp\u00e1ch my dva dlouh\u00e1ni a pes, bylo to trochu komick\u00e9. Prvn\u00ed &#8222;spac\u00ed&#8220; auto byla VW Caddy. Hrozn\u011b r\u00e1di na ni vzpom\u00edn\u00e1me.<\/p>\n\n\n\n<h4 class=\"wp-block-heading\"><strong>A s&nbsp;\u010d\u00edm tedy cestujete nyn\u00ed?<\/strong><strong><\/strong><\/h4>\n\n\n\n<p>M\u00e1me Fiat Ducato s obytnou vestavbou Active line od KPS Automobile.<\/p>\n\n\n\n<figure class=\"wp-block-image size-large\"><img loading=\"lazy\" decoding=\"async\" width=\"1200\" height=\"700\" src=\"https:\/\/all4camper.com\/\/wp-content\/uploads\/2020\/11\/Int1.jpg\" alt=\"\" class=\"wp-image-88960\" srcset=\"https:\/\/all4camper.com\/wp-content\/uploads\/2020\/11\/Int1.jpg 1200w, https:\/\/all4camper.com\/wp-content\/uploads\/2020\/11\/Int1-300x175.jpg 300w, https:\/\/all4camper.com\/wp-content\/uploads\/2020\/11\/Int1-150x88.jpg 150w, https:\/\/all4camper.com\/wp-content\/uploads\/2020\/11\/Int1-768x448.jpg 768w\" sizes=\"auto, (max-width: 1200px) 100vw, 1200px\" \/><\/figure>\n\n\n\n<h4 class=\"wp-block-heading\"><strong>Na z\u00e1klad\u011b \u010deho jste v\u016fz vyb\u00edrali?<\/strong><\/h4>\n\n\n\n<p>P\u016fvodn\u011b jsme si cht\u011bli ud\u011blat vestavbu sami do ojet\u00e9 dod\u00e1vky. Nejsme ale kutilov\u00e9, tak\u017ee by n\u00e1s to st\u00e1lo stra\u0161n\u011b moc \u00fasil\u00ed a \u010dasu, kter\u00fd bychom nemohli v\u011bnovat jin\u00fdm v\u011bcem. V\u00fdsledek by nav\u00edc rozhodn\u011b neodpov\u00eddal na\u0161im p\u0159edstav\u00e1m a architektovu estetick\u00e9mu c\u00edt\u011bn\u00ed. Ve fin\u00e1le jsme si zkusili odhadnout \u010das, kter\u00fd bychom tomu v\u011bnovali, a zjistili jsme, \u017ee kdy\u017e m\u00edsto toho budeme pracovat, vyd\u011bl\u00e1me si na profi vestavbu, a je\u0161t\u011b se profesn\u011b posuneme.<\/p>\n\n\n\n<h4 class=\"wp-block-heading\">Tak\u017ee jste hledali&#8230;<\/h4>\n\n\n\n<p>Ze s\u00e9riov\u00e9 v\u00fdroby n\u00e1s nic neoslovilo. M\u011bli jsme jasnou p\u0159edstavu a t\u00e9 se nejv\u00edc bl\u00ed\u017eil pr\u00e1v\u011b Active line. D\u016fle\u017eit\u00e9 pro n\u00e1s bylo i to, \u017ee je to \u010desk\u00fd v\u00fdrobce. Pro p\u0159\u00edpadn\u00e9 reklamace \u010di opravy jsme necht\u011bli jezdit za hranice.<\/p>\n\n\n\n<h4 class=\"wp-block-heading\"><strong>Hledali jste tedy v\u016fz, kter\u00fd si m\u016f\u017eete u v\u00fdrobce sami v\u00edce m\u00e9n\u011b navrhnout dle po\u017eadavk\u016f a z\u00e1rove\u0148 si ji i nad\u00e1le upravovat?<\/strong><\/h4>\n\n\n\n<p>Ano. Pr\u00e1v\u011b ta mo\u017enost p\u0159izp\u016fsoben\u00ed pro n\u00e1s byla p\u0159i vyb\u00edr\u00e1n\u00ed dost z\u00e1sadn\u00ed. Dod\u00e1vku m\u00e1me dva a p\u016fl roku, poprv\u00e9 jsme vyr\u00e1\u017eeli, kdy\u017e u\u017e jsem byla t\u011bhotn\u00e1, a te\u010f m\u00e1me dvoulet\u00e9 d\u00edt\u011b, tak\u017ee oce\u0148ujeme, \u017ee m\u016f\u017eeme vestavbu upravovat dle na\u0161ich pot\u0159eb i nad\u00e1le.<\/p>\n\n\n\n<figure class=\"wp-block-image size-large\"><img loading=\"lazy\" decoding=\"async\" width=\"1200\" height=\"700\" src=\"https:\/\/all4camper.com\/\/wp-content\/uploads\/2020\/11\/Int2.jpg\" alt=\"\" class=\"wp-image-88961\" srcset=\"https:\/\/all4camper.com\/wp-content\/uploads\/2020\/11\/Int2.jpg 1200w, https:\/\/all4camper.com\/wp-content\/uploads\/2020\/11\/Int2-300x175.jpg 300w, https:\/\/all4camper.com\/wp-content\/uploads\/2020\/11\/Int2-150x88.jpg 150w, https:\/\/all4camper.com\/wp-content\/uploads\/2020\/11\/Int2-768x448.jpg 768w\" sizes=\"auto, (max-width: 1200px) 100vw, 1200px\" \/><\/figure>\n\n\n\n<h4 class=\"wp-block-heading\"><strong>A jak se va\u0161e cestov\u00e1n\u00ed zm\u011bnilo s&nbsp;p\u0159\u00edchodem d\u011b\u0165\u00e1tka?<\/strong><\/h4>\n\n\n\n<p>Cestujeme v\u00edce a na del\u0161\u00ed dobu a m\u00edsta na p\u0159esp\u00e1n\u00ed hled\u00e1me s ohledem na bl\u00edzkost d\u011btsk\u00fdch h\u0159i\u0161\u0165 a dal\u0161\u00edch d\u011bt\u00ed.<\/p>\n\n\n\n<figure class=\"wp-block-image size-large\"><img loading=\"lazy\" decoding=\"async\" width=\"1920\" height=\"1080\" src=\"https:\/\/all4camper.com\/\/wp-content\/uploads\/2020\/11\/rakouske-Alpy_srpen-2019-1920x1080.jpg\" alt=\"\" class=\"wp-image-88953\" srcset=\"https:\/\/all4camper.com\/wp-content\/uploads\/2020\/11\/rakouske-Alpy_srpen-2019-1920x1080.jpg 1920w, https:\/\/all4camper.com\/wp-content\/uploads\/2020\/11\/rakouske-Alpy_srpen-2019-300x169.jpg 300w, https:\/\/all4camper.com\/wp-content\/uploads\/2020\/11\/rakouske-Alpy_srpen-2019-150x84.jpg 150w, https:\/\/all4camper.com\/wp-content\/uploads\/2020\/11\/rakouske-Alpy_srpen-2019-768x432.jpg 768w, https:\/\/all4camper.com\/wp-content\/uploads\/2020\/11\/rakouske-Alpy_srpen-2019-1536x864.jpg 1536w, https:\/\/all4camper.com\/wp-content\/uploads\/2020\/11\/rakouske-Alpy_srpen-2019-678x381.jpg 678w, https:\/\/all4camper.com\/wp-content\/uploads\/2020\/11\/rakouske-Alpy_srpen-2019.jpg 2048w\" sizes=\"auto, (max-width: 1920px) 100vw, 1920px\" \/><figcaption>Rakousk\u00e9 Alpy srpen 2019<\/figcaption><\/figure>\n\n\n\n<h4 class=\"wp-block-heading\"><strong>V\u00e1\u0161 b\u011b\u017en\u00fd den je tedy?<\/strong><\/h4>\n\n\n\n<p>To se dost li\u0161\u00ed podle toho, jak moc pot\u0159ebujeme pracovat. Jestli\u017ee toho m\u00e1me oba hodn\u011b, pot\u0159ebujeme b\u00fdt na jednom m\u00edst\u011b v\u00edce dn\u00ed. Pak se m\u016f\u017eeme u mal\u00e9 Cestovatelky vyst\u0159\u00eddat. V\u011bt\u0161inou to znamen\u00e1, \u017ee jeden pracuje a druh\u00fd je s n\u00ed na p\u016fl dne venku. Po spole\u010dn\u00e9m ob\u011bd\u011b si to prohod\u00edme. Doplnit vodu a vypr\u00e1zdnit chemickou toaletu v\u011bt\u0161inou pot\u0159ebujeme po \u010dty\u0159ech dnech, tak\u017ee to rovnou spojujeme i s n\u00e1kupem potravin a p\u0159\u00edpadn\u00fdm p\u0159ejezdem.<\/p>\n\n\n\n<h4 class=\"wp-block-heading\"><strong>Co v\u0161echno jste u\u017e spole\u010dn\u011b odcestovali?<\/strong><\/h4>\n\n\n\n<p>Dod\u00e1vkou jsme byli na zku\u0161ebn\u00ed cest\u011b v Tosk\u00e1nsku, a hned na to p\u0159es dva m\u011bs\u00edce v Portugalsku. Ke konci m\u00e9ho t\u011bhotenstv\u00ed u\u017e jsme se zdr\u017eovali v dod\u00e1vce po \u010cech\u00e1ch, ale kdy\u017e bylo mal\u00e9 Cestovatelce p\u016fl roku, vyrazili jsme na dva m\u011bs\u00edce na Sardinii. N\u00e1sledoval v sou\u010dtu asi m\u011bs\u00edc v Rakousku a pak jsme vyjeli do \u0158ecka. P\u0159edstava byla z\u016fstat tam \u010dty\u0159i t\u00fddny, nakonec jsme setrvali rovnou t\u0159i m\u011bs\u00edce. V\u00e1noce 2019 jsme tak str\u00e1vili na Kr\u00e9t\u011b. Vr\u00e1tili jsme se kr\u00e1tce p\u0159ed vypuknut\u00edm prvn\u00ed vlny korona krize v \u010cech\u00e1ch a znovu jsme odjeli, kdy\u017e se za\u010dala bl\u00ed\u017eit druh\u00e1 vlna. Mimo republiku jsme doposud.<\/p>\n\n\n\n<figure class=\"wp-block-image size-large\"><img loading=\"lazy\" decoding=\"async\" width=\"1920\" height=\"1080\" src=\"https:\/\/all4camper.com\/\/wp-content\/uploads\/2020\/11\/Sardinie_brezen-2019-1920x1080.jpg\" alt=\"\" class=\"wp-image-88954\" srcset=\"https:\/\/all4camper.com\/wp-content\/uploads\/2020\/11\/Sardinie_brezen-2019-1920x1080.jpg 1920w, https:\/\/all4camper.com\/wp-content\/uploads\/2020\/11\/Sardinie_brezen-2019-300x169.jpg 300w, https:\/\/all4camper.com\/wp-content\/uploads\/2020\/11\/Sardinie_brezen-2019-150x84.jpg 150w, https:\/\/all4camper.com\/wp-content\/uploads\/2020\/11\/Sardinie_brezen-2019-768x432.jpg 768w, https:\/\/all4camper.com\/wp-content\/uploads\/2020\/11\/Sardinie_brezen-2019-1536x864.jpg 1536w, https:\/\/all4camper.com\/wp-content\/uploads\/2020\/11\/Sardinie_brezen-2019-678x381.jpg 678w, https:\/\/all4camper.com\/wp-content\/uploads\/2020\/11\/Sardinie_brezen-2019.jpg 2048w\" sizes=\"auto, (max-width: 1920px) 100vw, 1920px\" \/><figcaption>Sardinie 2019<\/figcaption><\/figure>\n\n\n\n<figure class=\"wp-block-image size-large\"><img loading=\"lazy\" decoding=\"async\" width=\"1920\" height=\"1080\" src=\"https:\/\/all4camper.com\/\/wp-content\/uploads\/2020\/11\/Kreta_unor-2020_2-1920x1080.jpg\" alt=\"\" class=\"wp-image-88957\" srcset=\"https:\/\/all4camper.com\/wp-content\/uploads\/2020\/11\/Kreta_unor-2020_2-1920x1080.jpg 1920w, https:\/\/all4camper.com\/wp-content\/uploads\/2020\/11\/Kreta_unor-2020_2-300x169.jpg 300w, https:\/\/all4camper.com\/wp-content\/uploads\/2020\/11\/Kreta_unor-2020_2-150x84.jpg 150w, https:\/\/all4camper.com\/wp-content\/uploads\/2020\/11\/Kreta_unor-2020_2-768x432.jpg 768w, https:\/\/all4camper.com\/wp-content\/uploads\/2020\/11\/Kreta_unor-2020_2-1536x864.jpg 1536w, https:\/\/all4camper.com\/wp-content\/uploads\/2020\/11\/Kreta_unor-2020_2-678x381.jpg 678w, https:\/\/all4camper.com\/wp-content\/uploads\/2020\/11\/Kreta_unor-2020_2.jpg 2048w\" sizes=\"auto, (max-width: 1920px) 100vw, 1920px\" \/><figcaption>Kr\u00e9ta \u00fanor 2020<\/figcaption><\/figure>\n\n\n\n<h4 class=\"wp-block-heading\"><strong>Kdy\u017e to spo\u010d\u00edt\u00e1me, nyn\u00ed jste na cest\u00e1ch jak dlouho?<\/strong><\/h4>\n\n\n\n<p>Na konci srpna jsme vyrazili do Rakouska, od t\u00e9 doby jsme se stavili doma jen v z\u00e1\u0159\u00ed na dv\u011b noci. N\u00e1sledn\u011b jsme odjeli do Dolomit, a nakonec skon\u010dili v Chorvatsku.<\/p>\n\n\n\n<figure class=\"wp-block-image size-large\"><img loading=\"lazy\" decoding=\"async\" width=\"1920\" height=\"1080\" src=\"https:\/\/all4camper.com\/\/wp-content\/uploads\/2020\/11\/Chorvatsko_rijen-2020-1920x1080.jpg\" alt=\"\" class=\"wp-image-88956\" srcset=\"https:\/\/all4camper.com\/wp-content\/uploads\/2020\/11\/Chorvatsko_rijen-2020-1920x1080.jpg 1920w, https:\/\/all4camper.com\/wp-content\/uploads\/2020\/11\/Chorvatsko_rijen-2020-300x169.jpg 300w, https:\/\/all4camper.com\/wp-content\/uploads\/2020\/11\/Chorvatsko_rijen-2020-150x84.jpg 150w, https:\/\/all4camper.com\/wp-content\/uploads\/2020\/11\/Chorvatsko_rijen-2020-768x432.jpg 768w, https:\/\/all4camper.com\/wp-content\/uploads\/2020\/11\/Chorvatsko_rijen-2020-1536x864.jpg 1536w, https:\/\/all4camper.com\/wp-content\/uploads\/2020\/11\/Chorvatsko_rijen-2020-2048x1152.jpg 2048w, https:\/\/all4camper.com\/wp-content\/uploads\/2020\/11\/Chorvatsko_rijen-2020-678x381.jpg 678w\" sizes=\"auto, (max-width: 1920px) 100vw, 1920px\" \/><figcaption>Chorvatsko 2020<\/figcaption><\/figure>\n\n\n\n<h4 class=\"wp-block-heading\"><strong>Kde p\u0159esn\u011b v Chorvatsku se tedy nyn\u00ed nach\u00e1z\u00edte?<\/strong><\/h4>\n\n\n\n<p>Moment\u00e1ln\u011b jsme na Istrii v zimn\u00edm kempu. Je to pro n\u00e1s \u00fapln\u011b nov\u00e1 zku\u0161enost a moc si to u\u017e\u00edv\u00e1me.<\/p>\n\n\n\n<h4 class=\"wp-block-heading\"><strong>Zm\u00ednila jste i n\u00e1vrat dom\u016f, sice kr\u00e1tk\u00fd, ale p\u0159ece. Co v\u00e1s k&nbsp;n\u011bmu vede?<\/strong><\/h4>\n\n\n\n<p>Na cesty vyr\u00e1\u017e\u00edme, kdy\u017e m\u00e1 partner projekty v takov\u00e9 f\u00e1zi, \u017ee se jim m\u016f\u017ee v\u011bnovat online. Vrac\u00edme se, kdy\u017e se n\u00e1m za\u010dne st\u00fdskat nebo u\u017e pot\u0159ebujeme b\u00fdt n\u011bkde osobn\u011b.<\/p>\n\n\n\n<h4 class=\"wp-block-heading\"><strong>Kter<\/strong><strong>\u00e9 m\u00edsto z&nbsp;t\u011bch, co jste dosud nav\u0161t\u00edvili, pro v\u00e1s bylo nejz\u00e1sadn\u011bj\u0161\u00ed a \u010d\u00edm?<\/strong><\/h4>\n\n\n\n<p>Jako rodina jsme si nejv\u00edce u\u017eili \u0158ecko, tam se rozhodn\u011b pl\u00e1nujeme vr\u00e1tit. Pro m\u011b osobn\u011b byla p\u0159elomov\u00e1 Patagonie, kam jsem dokonce odjela sama.<\/p>\n\n\n\n<h4 class=\"wp-block-heading\"><strong>A jak to vid\u00edte s&nbsp;V\u00e1nocemi, st\u00e1le na cest\u00e1ch?<\/strong><\/h4>\n\n\n\n<p>D\u00edky tomu, jakou tu m\u00e1me v kempu \u00fa\u017easnou komunitu, m\u011b V\u00e1noce tady hodn\u011b l\u00e1kaj\u00ed. O d\u011bn\u00ed v \u010cR m\u00e1me spoustu zpr\u00e1v, ale t\u00e9m\u011b\u0159 \u017e\u00e1dn\u00e9 pozitivn\u00ed. I na\u0161i klienti n\u00e1s p\u0159esv\u011bd\u010duj\u00ed, a\u0165 tu rad\u011bji z\u016fstaneme, tak\u017ee pokud se tu n\u011bjak dramaticky nezhor\u0161\u00ed po\u010das\u00ed, nebo nep\u0159ijdou n\u011bjak\u00e1 drastick\u00e1 omezen\u00ed, asi je poslechneme.<\/p>\n\n\n\n<h4 class=\"wp-block-heading\"><strong>V\u00e1noce v&nbsp;karavanu u\u017e jste za\u017eili, popi\u0161te n\u00e1m, jak mohou prob\u00edhat?<\/strong><\/h4>\n\n\n\n<p>V\u00e1noce v dod\u00e1vce jsme si ud\u011blali u\u017e loni. P\u016fvodn\u011b jsme je cht\u011bli \u00fapln\u011b vynechat, ale nakonec n\u00e1m to nedalo. Ozdobili jsme si v\u011btev m\u00edstn\u00edho jehli\u010dnanu, ud\u011blali sal\u00e1t a usma\u017eili \u0159\u00edzky. P\u0159ipili jsme si s dvoji\u010dkou z druh\u00e9 dod\u00e1vky, a dokonce i tu Rybovku jsme si pustili.<\/p>\n\n\n\n<figure class=\"wp-block-image size-large\"><img loading=\"lazy\" decoding=\"async\" width=\"1920\" height=\"1080\" src=\"https:\/\/all4camper.com\/\/wp-content\/uploads\/2020\/11\/Kreta_Vanoce-2019-1920x1080.jpg\" alt=\"\" class=\"wp-image-88958\" srcset=\"https:\/\/all4camper.com\/wp-content\/uploads\/2020\/11\/Kreta_Vanoce-2019-1920x1080.jpg 1920w, https:\/\/all4camper.com\/wp-content\/uploads\/2020\/11\/Kreta_Vanoce-2019-300x169.jpg 300w, https:\/\/all4camper.com\/wp-content\/uploads\/2020\/11\/Kreta_Vanoce-2019-150x84.jpg 150w, https:\/\/all4camper.com\/wp-content\/uploads\/2020\/11\/Kreta_Vanoce-2019-768x432.jpg 768w, https:\/\/all4camper.com\/wp-content\/uploads\/2020\/11\/Kreta_Vanoce-2019-1536x864.jpg 1536w, https:\/\/all4camper.com\/wp-content\/uploads\/2020\/11\/Kreta_Vanoce-2019-678x381.jpg 678w, https:\/\/all4camper.com\/wp-content\/uploads\/2020\/11\/Kreta_Vanoce-2019.jpg 2048w\" sizes=\"auto, (max-width: 1920px) 100vw, 1920px\" \/><figcaption>Kr\u00e9ta V\u00e1noce 2019<\/figcaption><\/figure>\n\n\n\n<h4 class=\"wp-block-heading\">A pokud tedy z\u016fstanete v Chorvatsku?<\/h4>\n\n\n\n<p>Pokud z\u016fstaneme tady, ur\u010dit\u011b to budeme v\u00edc \u0159e\u0161it i kv\u016fli tomu, \u017ee Cestovatelka je tu mezi d\u011btmi. Nejsp\u00ed\u0161 ud\u011bl\u00e1me n\u011bjak\u00e9 mezin\u00e1rodn\u00ed V\u00e1noce s dal\u0161\u00edmi rodinami a cestovateli.<\/p>\n\n\n\n<h4 class=\"wp-block-heading\"><strong>Jak\u00fdm zp\u016fsobem se v souhrnu na va\u0161em cestov\u00e1n\u00ed podepsal koronavirus?<\/strong><\/h4>\n\n\n\n<p>P\u016fvodn\u011b jsme uva\u017eovali, \u017ee str\u00e1v\u00edme l\u00e9to a za\u010d\u00e1tek podzimu ve Skandin\u00e1vii. Bylo by to komplikovan\u00e9, ale proto\u017ee jsme po n\u00e1vratu z \u0158ecka byli je\u0161t\u011b t\u0159i m\u011bs\u00edce mimo Prahu, byli jsme r\u00e1di, \u017ee jsme se na l\u00e9to mohli vr\u00e1tit dom\u016f. Na zimu jsme se cht\u011bli do \u0158ecka vr\u00e1tit, ale v sou\u010dasn\u00e9 dob\u011b se n\u00e1m tak daleko jezdit nechce.<\/p>\n\n\n\n<h4 class=\"wp-block-heading\"><strong>A co pl\u00e1ny do budoucna, m\u00e1te?<\/strong><\/h4>\n\n\n\n<p>My nikdy moc nepl\u00e1nujeme. Pov\u00edd\u00e1me si o tom co by n\u00e1s l\u00e1kalo a pak se rozhodujeme na posledn\u00ed chv\u00edli. Proto\u017ee se n\u00e1m ale u\u017e podruh\u00e9 stalo, \u017ee jsme vyr\u00e1\u017eeli n\u011bkam na p\u00e1r t\u00fddn\u016f a prot\u00e1hli to na n\u011bkolik m\u011bs\u00edc\u016f, m\u00e1m v pl\u00e1nu p\u0159\u00ed\u0161t\u011b balit minim\u00e1ln\u011b na \u010dtvrt roku. (sm\u00edch)<\/p>\n\n\n\n<p>Martinu s rodinou m\u016f\u017eete sledovat tady:<\/p>\n\n\n\n<ul class=\"wp-block-list\"><li><a href=\"https:\/\/pohled-za-hranice.cz\/\" target=\"_blank\" rel=\"noreferrer noopener\">pohled-za-hranice.cz<\/a><\/li><li>instagram: <a href=\"https:\/\/www.instagram.com\/pohledzahranice\/\" target=\"_blank\" rel=\"noreferrer noopener\">instagram.com\/pohledzahranice<\/a><\/li><\/ul>\n\n\n\n<p><em>No a pokud i vy m\u00e1te n\u011bjak\u00fd sv\u016fj kr\u00e1sn\u00fd p\u0159\u00edb\u011bh, se kter\u00fdm byste se cht\u011bli pod\u011blit s ostatn\u00edmi nad\u0161enci na\u0161eho \u017eivotn\u00edho stylu, nen\u00ed nic jednodu\u0161\u0161\u00edho, ne\u017e mi napsat na facebook nebo poslat email. Ur\u010dit\u011b vymysl\u00edme podobn\u011b hezk\u00fd rozhovor! T\u011b\u0161\u00edm se na va\u0161e zpr\u00e1vy \ud83d\ude09.<\/em><\/p>\n","protected":false},"excerpt":{"rendered":"<p>Martina se sv\u00fdm partnerem (a te\u010f u\u017e i malou Cestovatelkou) mohou b\u00fdt inspirac\u00ed pro v\u0161echny, kte\u0159\u00ed sn\u00ed o opravdu dlouh\u00e9 cest\u011b a hlavn\u011b o \u017eivot\u011b na cest\u00e1ch. P\u0159\u00edpadn\u011b pro ty, kte\u0159\u00ed uva\u017euj\u00ed o tom, \u017ee mimo pevn\u00e9 zdi pro\u017eij\u00ed nap\u0159\u00edlkad i V\u00e1noce, co\u017e je jen kr\u016f\u010dek k tomu v\u011bt\u0161\u00edmu cestov\u00e1n\u00ed. Nebo ne? A\u0165 je to [&hellip;]<\/p>\n","protected":false},"author":161,"featured_media":88952,"comment_status":"closed","ping_status":"open","sticky":false,"template":"","format":"standard","meta":{"_monsterinsights_skip_tracking":false,"_monsterinsights_sitenote_active":false,"_monsterinsights_sitenote_note":"","_monsterinsights_sitenote_category":0,"footnotes":""},"categories":[422],"tags":[9364],"class_list":{"0":"post-88949","1":"post","2":"type-post","3":"status-publish","4":"format-standard","5":"has-post-thumbnail","7":"category-novinky-kempovani-a-karavaning","8":"tag-karavanistemezinami"},"yoast_head":"<!-- This site is optimized with the Yoast SEO plugin v27.5 - https:\/\/yoast.com\/product\/yoast-seo-wordpress\/ -->\n<title>Vestavba, cestov\u00e1n\u00ed, V\u00e1noce a miminko. \u017de to nejde dohromady? Ale kde\u017ee... - All4Camper<\/title>\n<meta name=\"description\" content=\"All4Camper - Vestavba, cestov\u00e1n\u00ed, V\u00e1noce a miminko. \u017de to nejde dohromady? Ale kde\u017ee...\" \/>\n<meta name=\"robots\" content=\"index, follow, max-snippet:-1, max-image-preview:large, max-video-preview:-1\" \/>\n<link rel=\"canonical\" href=\"https:\/\/all4camper.com\/cs\/vestavba-cestovani-vanoce-a-miminko-ze-to-nejde-dohromady-ale-kdeze\/\" \/>\n<meta property=\"og:locale\" content=\"cs_CZ\" \/>\n<meta property=\"og:type\" content=\"article\" \/>\n<meta property=\"og:title\" content=\"Vestavba, cestov\u00e1n\u00ed, V\u00e1noce a miminko. \u017de to nejde dohromady? Ale kde\u017ee... - All4Camper\" \/>\n<meta property=\"og:description\" content=\"All4Camper - Vestavba, cestov\u00e1n\u00ed, V\u00e1noce a miminko. \u017de to nejde dohromady? Ale kde\u017ee...\" \/>\n<meta property=\"og:url\" content=\"https:\/\/all4camper.com\/cs\/vestavba-cestovani-vanoce-a-miminko-ze-to-nejde-dohromady-ale-kdeze\/\" \/>\n<meta property=\"og:site_name\" content=\"All4Camper\" \/>\n<meta property=\"article:published_time\" content=\"2020-11-24T13:25:55+00:00\" \/>\n<meta property=\"article:modified_time\" content=\"2021-03-12T11:44:19+00:00\" \/>\n<meta property=\"og:image\" content=\"https:\/\/all4camper.com\/wp-content\/uploads\/2020\/11\/Kreta_unor-2020.jpg\" \/>\n\t<meta property=\"og:image:width\" content=\"2048\" \/>\n\t<meta property=\"og:image:height\" content=\"1152\" \/>\n\t<meta property=\"og:image:type\" content=\"image\/jpeg\" \/>\n<meta name=\"author\" content=\"Kate\u0159ina\" \/>\n<meta name=\"twitter:card\" content=\"summary_large_image\" \/>\n<meta name=\"twitter:label1\" content=\"Napsal(a)\" \/>\n\t<meta name=\"twitter:data1\" content=\"Kate\u0159ina\" \/>\n\t<meta name=\"twitter:label2\" content=\"Odhadovan\u00e1 doba \u010dten\u00ed\" \/>\n\t<meta name=\"twitter:data2\" content=\"9 minut\" \/>\n<script type=\"application\/ld+json\" class=\"yoast-schema-graph\">{\"@context\":\"https:\\\/\\\/schema.org\",\"@graph\":[{\"@type\":\"Article\",\"@id\":\"https:\\\/\\\/all4camper.com\\\/cs\\\/vestavba-cestovani-vanoce-a-miminko-ze-to-nejde-dohromady-ale-kdeze\\\/#article\",\"isPartOf\":{\"@id\":\"https:\\\/\\\/all4camper.com\\\/cs\\\/vestavba-cestovani-vanoce-a-miminko-ze-to-nejde-dohromady-ale-kdeze\\\/\"},\"author\":{\"name\":\"Kate\u0159ina\",\"@id\":\"https:\\\/\\\/all4camper.com\\\/cs\\\/#\\\/schema\\\/person\\\/9349489688d4c221ca0fc39ae6bcb70b\"},\"headline\":\"Vestavba, cestov\u00e1n\u00ed, V\u00e1noce a miminko. \u017de to nejde dohromady? Ale kde\u017ee&#8230;\",\"datePublished\":\"2020-11-24T13:25:55+00:00\",\"dateModified\":\"2021-03-12T11:44:19+00:00\",\"mainEntityOfPage\":{\"@id\":\"https:\\\/\\\/all4camper.com\\\/cs\\\/vestavba-cestovani-vanoce-a-miminko-ze-to-nejde-dohromady-ale-kdeze\\\/\"},\"wordCount\":1788,\"publisher\":{\"@id\":\"https:\\\/\\\/all4camper.com\\\/cs\\\/#organization\"},\"image\":{\"@id\":\"https:\\\/\\\/all4camper.com\\\/cs\\\/vestavba-cestovani-vanoce-a-miminko-ze-to-nejde-dohromady-ale-kdeze\\\/#primaryimage\"},\"thumbnailUrl\":\"https:\\\/\\\/all4camper.com\\\/wp-content\\\/uploads\\\/2020\\\/11\\\/Kreta_unor-2020.jpg\",\"keywords\":[\"karavanist\u00e9mezin\u00e1mi\"],\"articleSection\":[\"Novinky - Kempov\u00e1n\u00ed a karavaning\"],\"inLanguage\":\"cs\"},{\"@type\":\"WebPage\",\"@id\":\"https:\\\/\\\/all4camper.com\\\/cs\\\/vestavba-cestovani-vanoce-a-miminko-ze-to-nejde-dohromady-ale-kdeze\\\/\",\"url\":\"https:\\\/\\\/all4camper.com\\\/cs\\\/vestavba-cestovani-vanoce-a-miminko-ze-to-nejde-dohromady-ale-kdeze\\\/\",\"name\":\"Vestavba, cestov\u00e1n\u00ed, V\u00e1noce a miminko. \u017de to nejde dohromady? Ale kde\u017ee... - All4Camper\",\"isPartOf\":{\"@id\":\"https:\\\/\\\/all4camper.com\\\/cs\\\/#website\"},\"primaryImageOfPage\":{\"@id\":\"https:\\\/\\\/all4camper.com\\\/cs\\\/vestavba-cestovani-vanoce-a-miminko-ze-to-nejde-dohromady-ale-kdeze\\\/#primaryimage\"},\"image\":{\"@id\":\"https:\\\/\\\/all4camper.com\\\/cs\\\/vestavba-cestovani-vanoce-a-miminko-ze-to-nejde-dohromady-ale-kdeze\\\/#primaryimage\"},\"thumbnailUrl\":\"https:\\\/\\\/all4camper.com\\\/wp-content\\\/uploads\\\/2020\\\/11\\\/Kreta_unor-2020.jpg\",\"datePublished\":\"2020-11-24T13:25:55+00:00\",\"dateModified\":\"2021-03-12T11:44:19+00:00\",\"description\":\"All4Camper - Vestavba, cestov\u00e1n\u00ed, V\u00e1noce a miminko. \u017de to nejde dohromady? Ale kde\u017ee...\",\"breadcrumb\":{\"@id\":\"https:\\\/\\\/all4camper.com\\\/cs\\\/vestavba-cestovani-vanoce-a-miminko-ze-to-nejde-dohromady-ale-kdeze\\\/#breadcrumb\"},\"inLanguage\":\"cs\",\"potentialAction\":[{\"@type\":\"ReadAction\",\"target\":[\"https:\\\/\\\/all4camper.com\\\/cs\\\/vestavba-cestovani-vanoce-a-miminko-ze-to-nejde-dohromady-ale-kdeze\\\/\"]}]},{\"@type\":\"ImageObject\",\"inLanguage\":\"cs\",\"@id\":\"https:\\\/\\\/all4camper.com\\\/cs\\\/vestavba-cestovani-vanoce-a-miminko-ze-to-nejde-dohromady-ale-kdeze\\\/#primaryimage\",\"url\":\"https:\\\/\\\/all4camper.com\\\/wp-content\\\/uploads\\\/2020\\\/11\\\/Kreta_unor-2020.jpg\",\"contentUrl\":\"https:\\\/\\\/all4camper.com\\\/wp-content\\\/uploads\\\/2020\\\/11\\\/Kreta_unor-2020.jpg\",\"width\":2048,\"height\":1152,\"caption\":\"OLYMPUS DIGITAL CAMERA\"},{\"@type\":\"BreadcrumbList\",\"@id\":\"https:\\\/\\\/all4camper.com\\\/cs\\\/vestavba-cestovani-vanoce-a-miminko-ze-to-nejde-dohromady-ale-kdeze\\\/#breadcrumb\",\"itemListElement\":[{\"@type\":\"ListItem\",\"position\":1,\"name\":\"Dom\u016f\",\"item\":\"https:\\\/\\\/all4camper.com\\\/cs\\\/\"},{\"@type\":\"ListItem\",\"position\":2,\"name\":\"Novinky - Kempov\u00e1n\u00ed a karavaning\",\"item\":\"https:\\\/\\\/all4camper.com\\\/cs\\\/category\\\/novinky-kempovani-a-karavaning\\\/\"},{\"@type\":\"ListItem\",\"position\":3,\"name\":\"Vestavba, cestov\u00e1n\u00ed, V\u00e1noce a miminko. \u017de to nejde dohromady? Ale kde\u017ee&#8230;\"}]},{\"@type\":\"WebSite\",\"@id\":\"https:\\\/\\\/all4camper.com\\\/cs\\\/#website\",\"url\":\"https:\\\/\\\/all4camper.com\\\/cs\\\/\",\"name\":\"All4Camper\",\"description\":\"Nejv\u011bt\u0161\u00ed online magaz\u00edn o kempov\u00e1n\u00ed a karavaninku. V\u00edce jak 900 \u010dl\u00e1nk\u016f pln\u00fdch rad a tip\u016f o kempech a kempov\u00e1n\u00ed.\",\"publisher\":{\"@id\":\"https:\\\/\\\/all4camper.com\\\/cs\\\/#organization\"},\"potentialAction\":[{\"@type\":\"SearchAction\",\"target\":{\"@type\":\"EntryPoint\",\"urlTemplate\":\"https:\\\/\\\/all4camper.com\\\/cs\\\/?s={search_term_string}\"},\"query-input\":{\"@type\":\"PropertyValueSpecification\",\"valueRequired\":true,\"valueName\":\"search_term_string\"}}],\"inLanguage\":\"cs\"},{\"@type\":\"Organization\",\"@id\":\"https:\\\/\\\/all4camper.com\\\/cs\\\/#organization\",\"name\":\"All4Camper - kempujeme s Kl\u00e1rou\",\"url\":\"https:\\\/\\\/all4camper.com\\\/cs\\\/\",\"logo\":{\"@type\":\"ImageObject\",\"inLanguage\":\"cs\",\"@id\":\"https:\\\/\\\/all4camper.com\\\/cs\\\/#\\\/schema\\\/logo\\\/image\\\/\",\"url\":\"https:\\\/\\\/all4camper.com\\\/wp-content\\\/uploads\\\/2018\\\/09\\\/novelogo.png\",\"contentUrl\":\"https:\\\/\\\/all4camper.com\\\/wp-content\\\/uploads\\\/2018\\\/09\\\/novelogo.png\",\"width\":1520,\"height\":600,\"caption\":\"All4Camper - kempujeme s Kl\u00e1rou\"},\"image\":{\"@id\":\"https:\\\/\\\/all4camper.com\\\/cs\\\/#\\\/schema\\\/logo\\\/image\\\/\"}},{\"@type\":\"Person\",\"@id\":\"https:\\\/\\\/all4camper.com\\\/cs\\\/#\\\/schema\\\/person\\\/9349489688d4c221ca0fc39ae6bcb70b\",\"name\":\"Kate\u0159ina\",\"url\":\"https:\\\/\\\/all4camper.com\\\/cs\\\/author\\\/kterina\\\/\"}]}<\/script>\n<!-- \/ Yoast SEO plugin. -->","yoast_head_json":{"title":"Vestavba, cestov\u00e1n\u00ed, V\u00e1noce a miminko. \u017de to nejde dohromady? Ale kde\u017ee... - All4Camper","description":"All4Camper - Vestavba, cestov\u00e1n\u00ed, V\u00e1noce a miminko. \u017de to nejde dohromady? Ale kde\u017ee...","robots":{"index":"index","follow":"follow","max-snippet":"max-snippet:-1","max-image-preview":"max-image-preview:large","max-video-preview":"max-video-preview:-1"},"canonical":"https:\/\/all4camper.com\/cs\/vestavba-cestovani-vanoce-a-miminko-ze-to-nejde-dohromady-ale-kdeze\/","og_locale":"cs_CZ","og_type":"article","og_title":"Vestavba, cestov\u00e1n\u00ed, V\u00e1noce a miminko. \u017de to nejde dohromady? Ale kde\u017ee... - All4Camper","og_description":"All4Camper - Vestavba, cestov\u00e1n\u00ed, V\u00e1noce a miminko. \u017de to nejde dohromady? Ale kde\u017ee...","og_url":"https:\/\/all4camper.com\/cs\/vestavba-cestovani-vanoce-a-miminko-ze-to-nejde-dohromady-ale-kdeze\/","og_site_name":"All4Camper","article_published_time":"2020-11-24T13:25:55+00:00","article_modified_time":"2021-03-12T11:44:19+00:00","og_image":[{"width":2048,"height":1152,"url":"https:\/\/all4camper.com\/wp-content\/uploads\/2020\/11\/Kreta_unor-2020.jpg","type":"image\/jpeg"}],"author":"Kate\u0159ina","twitter_card":"summary_large_image","twitter_misc":{"Napsal(a)":"Kate\u0159ina","Odhadovan\u00e1 doba \u010dten\u00ed":"9 minut"},"schema":{"@context":"https:\/\/schema.org","@graph":[{"@type":"Article","@id":"https:\/\/all4camper.com\/cs\/vestavba-cestovani-vanoce-a-miminko-ze-to-nejde-dohromady-ale-kdeze\/#article","isPartOf":{"@id":"https:\/\/all4camper.com\/cs\/vestavba-cestovani-vanoce-a-miminko-ze-to-nejde-dohromady-ale-kdeze\/"},"author":{"name":"Kate\u0159ina","@id":"https:\/\/all4camper.com\/cs\/#\/schema\/person\/9349489688d4c221ca0fc39ae6bcb70b"},"headline":"Vestavba, cestov\u00e1n\u00ed, V\u00e1noce a miminko. \u017de to nejde dohromady? Ale kde\u017ee&#8230;","datePublished":"2020-11-24T13:25:55+00:00","dateModified":"2021-03-12T11:44:19+00:00","mainEntityOfPage":{"@id":"https:\/\/all4camper.com\/cs\/vestavba-cestovani-vanoce-a-miminko-ze-to-nejde-dohromady-ale-kdeze\/"},"wordCount":1788,"publisher":{"@id":"https:\/\/all4camper.com\/cs\/#organization"},"image":{"@id":"https:\/\/all4camper.com\/cs\/vestavba-cestovani-vanoce-a-miminko-ze-to-nejde-dohromady-ale-kdeze\/#primaryimage"},"thumbnailUrl":"https:\/\/all4camper.com\/wp-content\/uploads\/2020\/11\/Kreta_unor-2020.jpg","keywords":["karavanist\u00e9mezin\u00e1mi"],"articleSection":["Novinky - Kempov\u00e1n\u00ed a karavaning"],"inLanguage":"cs"},{"@type":"WebPage","@id":"https:\/\/all4camper.com\/cs\/vestavba-cestovani-vanoce-a-miminko-ze-to-nejde-dohromady-ale-kdeze\/","url":"https:\/\/all4camper.com\/cs\/vestavba-cestovani-vanoce-a-miminko-ze-to-nejde-dohromady-ale-kdeze\/","name":"Vestavba, cestov\u00e1n\u00ed, V\u00e1noce a miminko. \u017de to nejde dohromady? Ale kde\u017ee... - All4Camper","isPartOf":{"@id":"https:\/\/all4camper.com\/cs\/#website"},"primaryImageOfPage":{"@id":"https:\/\/all4camper.com\/cs\/vestavba-cestovani-vanoce-a-miminko-ze-to-nejde-dohromady-ale-kdeze\/#primaryimage"},"image":{"@id":"https:\/\/all4camper.com\/cs\/vestavba-cestovani-vanoce-a-miminko-ze-to-nejde-dohromady-ale-kdeze\/#primaryimage"},"thumbnailUrl":"https:\/\/all4camper.com\/wp-content\/uploads\/2020\/11\/Kreta_unor-2020.jpg","datePublished":"2020-11-24T13:25:55+00:00","dateModified":"2021-03-12T11:44:19+00:00","description":"All4Camper - Vestavba, cestov\u00e1n\u00ed, V\u00e1noce a miminko. \u017de to nejde dohromady? Ale kde\u017ee...","breadcrumb":{"@id":"https:\/\/all4camper.com\/cs\/vestavba-cestovani-vanoce-a-miminko-ze-to-nejde-dohromady-ale-kdeze\/#breadcrumb"},"inLanguage":"cs","potentialAction":[{"@type":"ReadAction","target":["https:\/\/all4camper.com\/cs\/vestavba-cestovani-vanoce-a-miminko-ze-to-nejde-dohromady-ale-kdeze\/"]}]},{"@type":"ImageObject","inLanguage":"cs","@id":"https:\/\/all4camper.com\/cs\/vestavba-cestovani-vanoce-a-miminko-ze-to-nejde-dohromady-ale-kdeze\/#primaryimage","url":"https:\/\/all4camper.com\/wp-content\/uploads\/2020\/11\/Kreta_unor-2020.jpg","contentUrl":"https:\/\/all4camper.com\/wp-content\/uploads\/2020\/11\/Kreta_unor-2020.jpg","width":2048,"height":1152,"caption":"OLYMPUS DIGITAL CAMERA"},{"@type":"BreadcrumbList","@id":"https:\/\/all4camper.com\/cs\/vestavba-cestovani-vanoce-a-miminko-ze-to-nejde-dohromady-ale-kdeze\/#breadcrumb","itemListElement":[{"@type":"ListItem","position":1,"name":"Dom\u016f","item":"https:\/\/all4camper.com\/cs\/"},{"@type":"ListItem","position":2,"name":"Novinky - Kempov\u00e1n\u00ed a karavaning","item":"https:\/\/all4camper.com\/cs\/category\/novinky-kempovani-a-karavaning\/"},{"@type":"ListItem","position":3,"name":"Vestavba, cestov\u00e1n\u00ed, V\u00e1noce a miminko. \u017de to nejde dohromady? Ale kde\u017ee&#8230;"}]},{"@type":"WebSite","@id":"https:\/\/all4camper.com\/cs\/#website","url":"https:\/\/all4camper.com\/cs\/","name":"All4Camper","description":"Nejv\u011bt\u0161\u00ed online magaz\u00edn o kempov\u00e1n\u00ed a karavaninku. V\u00edce jak 900 \u010dl\u00e1nk\u016f pln\u00fdch rad a tip\u016f o kempech a kempov\u00e1n\u00ed.","publisher":{"@id":"https:\/\/all4camper.com\/cs\/#organization"},"potentialAction":[{"@type":"SearchAction","target":{"@type":"EntryPoint","urlTemplate":"https:\/\/all4camper.com\/cs\/?s={search_term_string}"},"query-input":{"@type":"PropertyValueSpecification","valueRequired":true,"valueName":"search_term_string"}}],"inLanguage":"cs"},{"@type":"Organization","@id":"https:\/\/all4camper.com\/cs\/#organization","name":"All4Camper - kempujeme s Kl\u00e1rou","url":"https:\/\/all4camper.com\/cs\/","logo":{"@type":"ImageObject","inLanguage":"cs","@id":"https:\/\/all4camper.com\/cs\/#\/schema\/logo\/image\/","url":"https:\/\/all4camper.com\/wp-content\/uploads\/2018\/09\/novelogo.png","contentUrl":"https:\/\/all4camper.com\/wp-content\/uploads\/2018\/09\/novelogo.png","width":1520,"height":600,"caption":"All4Camper - kempujeme s Kl\u00e1rou"},"image":{"@id":"https:\/\/all4camper.com\/cs\/#\/schema\/logo\/image\/"}},{"@type":"Person","@id":"https:\/\/all4camper.com\/cs\/#\/schema\/person\/9349489688d4c221ca0fc39ae6bcb70b","name":"Kate\u0159ina","url":"https:\/\/all4camper.com\/cs\/author\/kterina\/"}]}},"_links":{"self":[{"href":"https:\/\/all4camper.com\/cs\/wp-json\/wp\/v2\/posts\/88949","targetHints":{"allow":["GET"]}}],"collection":[{"href":"https:\/\/all4camper.com\/cs\/wp-json\/wp\/v2\/posts"}],"about":[{"href":"https:\/\/all4camper.com\/cs\/wp-json\/wp\/v2\/types\/post"}],"author":[{"embeddable":true,"href":"https:\/\/all4camper.com\/cs\/wp-json\/wp\/v2\/users\/161"}],"replies":[{"embeddable":true,"href":"https:\/\/all4camper.com\/cs\/wp-json\/wp\/v2\/comments?post=88949"}],"version-history":[{"count":0,"href":"https:\/\/all4camper.com\/cs\/wp-json\/wp\/v2\/posts\/88949\/revisions"}],"wp:featuredmedia":[{"embeddable":true,"href":"https:\/\/all4camper.com\/cs\/wp-json\/wp\/v2\/media\/88952"}],"wp:attachment":[{"href":"https:\/\/all4camper.com\/cs\/wp-json\/wp\/v2\/media?parent=88949"}],"wp:term":[{"taxonomy":"category","embeddable":true,"href":"https:\/\/all4camper.com\/cs\/wp-json\/wp\/v2\/categories?post=88949"},{"taxonomy":"post_tag","embeddable":true,"href":"https:\/\/all4camper.com\/cs\/wp-json\/wp\/v2\/tags?post=88949"}],"curies":[{"name":"wp","href":"https:\/\/api.w.org\/{rel}","templated":true}]}}