{"id":88941,"date":"2020-11-27T11:16:48","date_gmt":"2020-11-27T10:16:48","guid":{"rendered":"https:\/\/all4camper.com\/\/?p=88941"},"modified":"2021-03-12T14:32:17","modified_gmt":"2021-03-12T13:32:17","slug":"vanocni-trhy-v-krakove-vratislavi-varsave-ci-gdansku-jsou-zruseny","status":"publish","type":"post","link":"https:\/\/all4camper.com\/cs\/vanocni-trhy-v-krakove-vratislavi-varsave-ci-gdansku-jsou-zruseny\/","title":{"rendered":"V\u00e1no\u010dn\u00ed trhy v Krakov\u011b, Vratislavi, Var\u0161av\u011b \u010di Gda\u0148sku jsou ZRU\u0160ENY"},"content":{"rendered":"\n<h4 class=\"wp-block-heading\">Smutn\u011bj\u0161\u00ed \u010dl\u00e1nek jsem zde na sv\u00fdch str\u00e1nk\u00e1ch snad je\u0161t\u011b nepsala. Pot\u00e9, co jsem vydala \u010dl\u00e1nek informuj\u00edc\u00ed v\u00e1s jak to bude letos v N\u011bmecku (<a href=\"\/cs?p=88931\" target=\"_blank\" rel=\"noreferrer noopener\">Jak to bude letos s v\u00e1no\u010dn\u00edmi trhy v N\u011bmecku<\/a>), mus\u00edm vydat i tuto informaci. PRO\u010c? Proto\u017ee nem\u00e1lo z n\u00e1s se up\u00ednalo pr\u00e1v\u011b k Polsku s v\u00edrou, \u017ee alespo\u0148 tam ty jejich kr\u00e1sn\u00e9 v\u00e1no\u010dn\u00ed trhy budou. Nepro\u0161la jsem samoz\u0159ejm\u011b je\u0161t\u011b v\u0161echna m\u011bsta, ale rovnou tak n\u011bjak mohu napsat \u017ee NEBUDOU&#8230; A bude to stejn\u00e9 jako v N\u011bmecku. Bohu\u017eel.<\/h4>\n\n\n\n<figure class=\"wp-block-image size-large\"><img loading=\"lazy\" decoding=\"async\" width=\"1280\" height=\"809\" src=\"https:\/\/all4camper.com\/\/wp-content\/uploads\/2020\/11\/wrocaw-3503461_1280.jpg\" alt=\"\" class=\"wp-image-88942\" srcset=\"https:\/\/all4camper.com\/wp-content\/uploads\/2020\/11\/wrocaw-3503461_1280.jpg 1280w, https:\/\/all4camper.com\/wp-content\/uploads\/2020\/11\/wrocaw-3503461_1280-300x190.jpg 300w, https:\/\/all4camper.com\/wp-content\/uploads\/2020\/11\/wrocaw-3503461_1280-150x95.jpg 150w, https:\/\/all4camper.com\/wp-content\/uploads\/2020\/11\/wrocaw-3503461_1280-768x485.jpg 768w\" sizes=\"auto, (max-width: 1280px) 100vw, 1280px\" \/><\/figure>\n\n\n\n<p>Dle <a href=\"http:\/\/radiozet.pl\" target=\"_blank\" rel=\"noreferrer noopener\">radiozet.pl<\/a> je u\u017e potvrzeno, \u017ee ani v t\u011bchto na\u0161ich obl\u00edben\u00fdch polsk\u00fdch m\u011bstech se v\u00e1no\u010dn\u00ed trhy konat nebudou. <\/p>\n\n\n\n<h3 class=\"wp-block-heading\">Vratislav ozn\u00e1mila, \u017ee trhy letos nebudou<\/h3>\n\n\n\n<p>Tento trh nav\u0161t\u00edvil alespo\u0148 jednou snad ka\u017ed\u00fd, kdo se jen trochu o Polsko zaj\u00edm\u00e1. I my na n\u011bm n\u011bkolikr\u00e1t byli a t\u011b\u0161ili se, \u017ee si jej u\u017eijeme i letos. Bohu\u017eel tomu tak nebude. Jak napsal starosta m\u011bsta: <em>&#8222;Ocitli jsme se ve velmi obt\u00ed\u017en\u00e9 a neobvykl\u00e9 situaci. Po celou dobu, kdy jsme se na tento trh p\u0159ipravovali, jsme v\u011b\u0159ili, \u017ee se n\u00e1m ho poda\u0159\u00ed realizovat v souladu s platn\u00fdmi pokyny&#8230; Doufali jsme, \u017ee navzdory omezen\u00edm bude moci prob\u011bhnout&#8230; <\/em>Bohu\u017eel se to nepovedlo a bylo p\u0159ed p\u00e1r dny ozn\u00e1meno, \u017ee na trh<em> &#8222;si budeme muset po\u010dkat do p\u0159\u00ed\u0161t\u00edho roku<\/em>&#8222;.<em> <\/em><a href=\"https:\/\/www.facebook.com\/JarmarkBozonarodzeniowy\/\" target=\"_blank\" rel=\"noreferrer noopener\">JarmarkBozonarodzeniowy<\/a><\/p>\n\n\n\n<figure class=\"wp-block-embed-youtube wp-block-embed is-type-video is-provider-youtube wp-embed-aspect-16-9 wp-has-aspect-ratio\"><div class=\"wp-block-embed__wrapper\">\n<iframe loading=\"lazy\" title=\"Jarmark Boz\u0307onarodzeniowy Wroc\u0142aw 2018 - zaproszenie\" width=\"696\" height=\"392\" src=\"https:\/\/www.youtube.com\/embed\/lhgFWax7Lk8?feature=oembed&#038;enablejsapi=1\" frameborder=\"0\" allow=\"accelerometer; autoplay; clipboard-write; encrypted-media; gyroscope; picture-in-picture\" allowfullscreen><\/iframe>\n<\/div><\/figure>\n\n\n\n<p><\/p>\n\n\n\n<h4 class=\"wp-block-heading\">Krakovsk\u00fd v\u00e1no\u010dn\u00ed trh je tak\u00e9 zru\u0161en<\/h4>\n\n\n\n<p>Ano, je to pravda. Starosta Krakova Jacek Majchrowski zve\u0159ejnil tuto ofici\u00e1ln\u00ed zpr\u00e1vu na Facebooku a t\u00edm dal na v\u011bdom\u00ed, \u017ee trhy opravdu letos nebudou. <em>&#8222;Pandemie pokra\u010duje. Po\u010det infekc\u00ed koronaviru se zvy\u0161uje a hygienick\u00e1 omezen\u00ed jsou st\u00e1le p\u0159\u00edsn\u011bj\u0161\u00ed. Na z\u00e1klad\u011b t\u00e9to situace oznamujeme, \u017ee byl tradi\u010dn\u00ed krakovsk\u00fd v\u00e1no\u010dn\u00ed trh zru\u0161en&#8230;&#8220; <\/em><a href=\"https:\/\/www.facebook.com\/jacek.majchrowski\/photos\/a.392029757558999\/3435159666579311\/?type=3\" target=\"_blank\" rel=\"noreferrer noopener\">zpr\u00e1va na facebooku<\/a><br><\/p>\n\n\n\n<figure class=\"wp-block-image size-large\"><img loading=\"lazy\" decoding=\"async\" width=\"1622\" height=\"1080\" src=\"https:\/\/all4camper.com\/\/wp-content\/uploads\/2020\/11\/krakov-va\u0301noc\u030cni\u0301-trh-1622x1080.jpg\" alt=\"\" class=\"wp-image-88978\" srcset=\"https:\/\/all4camper.com\/wp-content\/uploads\/2020\/11\/krakov-va\u0301noc\u030cni\u0301-trh-1622x1080.jpg 1622w, https:\/\/all4camper.com\/wp-content\/uploads\/2020\/11\/krakov-va\u0301noc\u030cni\u0301-trh-300x200.jpg 300w, https:\/\/all4camper.com\/wp-content\/uploads\/2020\/11\/krakov-va\u0301noc\u030cni\u0301-trh-150x100.jpg 150w, https:\/\/all4camper.com\/wp-content\/uploads\/2020\/11\/krakov-va\u0301noc\u030cni\u0301-trh-768x511.jpg 768w, https:\/\/all4camper.com\/wp-content\/uploads\/2020\/11\/krakov-va\u0301noc\u030cni\u0301-trh-1536x1023.jpg 1536w, https:\/\/all4camper.com\/wp-content\/uploads\/2020\/11\/krakov-va\u0301noc\u030cni\u0301-trh.jpg 2000w\" sizes=\"auto, (max-width: 1622px) 100vw, 1622px\" \/><\/figure>\n\n\n\n<h4 class=\"wp-block-heading\">Gda\u0148sk<\/h4>\n\n\n\n<p>V\u00e1no\u010dn\u00ed trh v Gda\u0148sku m\u011bl jako obvykle za\u010d\u00edt koncem listopadu a skon\u010dit za\u010d\u00e1tkem ledna. Bohu\u017eel i on je d\u00edky pandemii koronaviru zru\u0161en. Ofici\u00e1ln\u00ed vyj\u00e1d\u0159en\u00ed organiz\u00e1tor\u016f je: <em>&#8222;Vzhledem k sou\u010dasn\u00e9 pandemick\u00e9 situaci jsme se spole\u010dn\u011b s \u00fa\u0159ady m\u011bsta Gda\u0148sk rozhodli zru\u0161it leto\u0161n\u00ed v\u00e1no\u010dn\u00ed trh v jeho klasick\u00e9 podob\u011b. Nicm\u00e9n\u011b chceme ho uspo\u0159\u00e1dat alespo\u0148 online.<\/em> <em>Pl\u00e1n veletrhu ve scen\u00e9rii v\u00e1no\u010dn\u00edho m\u011bsta najdete na webov\u00fdch str\u00e1nk\u00e1ch&nbsp;<a href=\"https:\/\/bozonarodzeniowy.gda.pl\/\" target=\"_blank\" rel=\"noreferrer noopener\">www.bozysznekowy.gda.pl<\/a> . Na tomto virtu\u00e1ln\u00edm veletrhu na v\u00e1s \u010dekaj\u00ed na\u0161i vystavovatel\u00e9 s dekoracemi, d\u00e1rky a pamlsky, stejn\u011b jako s atrakcemi, jako jsou recepty, omalov\u00e1nky a mnoho dal\u0161\u00edho.&#8220;<\/em><\/p>\n\n\n\n<figure class=\"wp-block-image size-large\"><img loading=\"lazy\" decoding=\"async\" width=\"1620\" height=\"1080\" src=\"https:\/\/all4camper.com\/\/wp-content\/uploads\/2020\/11\/va\u0301noc\u030cni\u0301-trh-gdan\u030csk-1620x1080.jpg\" alt=\"\" class=\"wp-image-88980\" srcset=\"https:\/\/all4camper.com\/wp-content\/uploads\/2020\/11\/va\u0301noc\u030cni\u0301-trh-gdan\u030csk-1620x1080.jpg 1620w, https:\/\/all4camper.com\/wp-content\/uploads\/2020\/11\/va\u0301noc\u030cni\u0301-trh-gdan\u030csk-300x200.jpg 300w, https:\/\/all4camper.com\/wp-content\/uploads\/2020\/11\/va\u0301noc\u030cni\u0301-trh-gdan\u030csk-150x100.jpg 150w, https:\/\/all4camper.com\/wp-content\/uploads\/2020\/11\/va\u0301noc\u030cni\u0301-trh-gdan\u030csk-768x512.jpg 768w, https:\/\/all4camper.com\/wp-content\/uploads\/2020\/11\/va\u0301noc\u030cni\u0301-trh-gdan\u030csk-1536x1024.jpg 1536w, https:\/\/all4camper.com\/wp-content\/uploads\/2020\/11\/va\u0301noc\u030cni\u0301-trh-gdan\u030csk.jpg 1875w\" sizes=\"auto, (max-width: 1620px) 100vw, 1620px\" \/><\/figure>\n\n\n\n<p><br>Co napsat na z\u00e1v\u011br. Snad jen to, \u017ee mus\u00edme doufat, \u017ee v p\u0159\u00ed\u0161t\u00edm roce se v\u0161e vr\u00e1t\u00ed do norm\u00e1lu a my v\u0161ichni si v\u00e1no\u010dn\u00ed trhy u\u017eijeme tak, jak jsme zvykl\u00ed. V\u017edy\u0165 p\u0159ece bez sva\u0159\u00e1ku, v\u00e1no\u010dn\u00edch koled a st\u00e1nk\u016f s dobrotami \u010di drobn\u00fdmi d\u00e1rky je ta kouzeln\u00e1 atmosf\u00e9ra V\u00e1noc tak n\u011bjak &#8230; pry\u010d :-(.  <\/p>\n","protected":false},"excerpt":{"rendered":"<p>Smutn\u011bj\u0161\u00ed \u010dl\u00e1nek jsem zde na sv\u00fdch str\u00e1nk\u00e1ch snad je\u0161t\u011b nepsala. Pot\u00e9, co jsem vydala \u010dl\u00e1nek informuj\u00edc\u00ed v\u00e1s jak to bude letos v N\u011bmecku (Jak to bude letos s v\u00e1no\u010dn\u00edmi trhy v N\u011bmecku), mus\u00edm vydat i tuto informaci. PRO\u010c? Proto\u017ee nem\u00e1lo z n\u00e1s se up\u00ednalo pr\u00e1v\u011b k Polsku s v\u00edrou, \u017ee alespo\u0148 tam ty jejich kr\u00e1sn\u00e9 [&hellip;]<\/p>\n","protected":false},"author":4,"featured_media":88980,"comment_status":"closed","ping_status":"open","sticky":false,"template":"","format":"standard","meta":{"_monsterinsights_skip_tracking":false,"_monsterinsights_sitenote_active":false,"_monsterinsights_sitenote_note":"","_monsterinsights_sitenote_category":0,"footnotes":""},"categories":[422],"tags":[],"class_list":{"0":"post-88941","1":"post","2":"type-post","3":"status-publish","4":"format-standard","5":"has-post-thumbnail","7":"category-novinky-kempovani-a-karavaning"},"yoast_head":"<!-- This site is optimized with the Yoast SEO plugin v27.5 - https:\/\/yoast.com\/product\/yoast-seo-wordpress\/ -->\n<title>V\u00e1no\u010dn\u00ed trhy v Krakov\u011b, Vratislavi, Var\u0161av\u011b \u010di Gda\u0148sku jsou ZRU\u0160ENY - All4Camper<\/title>\n<meta name=\"description\" content=\"All4Camper - V\u00e1no\u010dn\u00ed trhy v Krakov\u011b, Vratislavi, Var\u0161av\u011b \u010di Gda\u0148sku jsou ZRU\u0160ENY\" \/>\n<meta name=\"robots\" content=\"index, follow, max-snippet:-1, max-image-preview:large, max-video-preview:-1\" \/>\n<link rel=\"canonical\" href=\"https:\/\/all4camper.com\/cs\/vanocni-trhy-v-krakove-vratislavi-varsave-ci-gdansku-jsou-zruseny\/\" \/>\n<meta property=\"og:locale\" content=\"cs_CZ\" \/>\n<meta property=\"og:type\" content=\"article\" \/>\n<meta property=\"og:title\" content=\"V\u00e1no\u010dn\u00ed trhy v Krakov\u011b, Vratislavi, Var\u0161av\u011b \u010di Gda\u0148sku jsou ZRU\u0160ENY - All4Camper\" \/>\n<meta property=\"og:description\" content=\"All4Camper - V\u00e1no\u010dn\u00ed trhy v Krakov\u011b, Vratislavi, Var\u0161av\u011b \u010di Gda\u0148sku jsou ZRU\u0160ENY\" \/>\n<meta property=\"og:url\" content=\"https:\/\/all4camper.com\/cs\/vanocni-trhy-v-krakove-vratislavi-varsave-ci-gdansku-jsou-zruseny\/\" \/>\n<meta property=\"og:site_name\" content=\"All4Camper\" \/>\n<meta property=\"article:published_time\" content=\"2020-11-27T10:16:48+00:00\" \/>\n<meta property=\"article:modified_time\" content=\"2021-03-12T13:32:17+00:00\" \/>\n<meta property=\"og:image\" content=\"https:\/\/all4camper.com\/wp-content\/uploads\/2020\/11\/va\u0301noc\u030cni\u0301-trh-gdan\u030csk.jpg\" \/>\n\t<meta property=\"og:image:width\" content=\"1875\" \/>\n\t<meta property=\"og:image:height\" content=\"1250\" \/>\n\t<meta property=\"og:image:type\" content=\"image\/jpeg\" \/>\n<meta name=\"author\" content=\"Kl\u00e1ra H\u00e1jkov\u00e1\" \/>\n<meta name=\"twitter:card\" content=\"summary_large_image\" \/>\n<meta name=\"twitter:label1\" content=\"Napsal(a)\" \/>\n\t<meta name=\"twitter:data1\" content=\"Kl\u00e1ra H\u00e1jkov\u00e1\" \/>\n\t<meta name=\"twitter:label2\" content=\"Odhadovan\u00e1 doba \u010dten\u00ed\" \/>\n\t<meta name=\"twitter:data2\" content=\"3 minuty\" \/>\n<script type=\"application\/ld+json\" class=\"yoast-schema-graph\">{\"@context\":\"https:\\\/\\\/schema.org\",\"@graph\":[{\"@type\":\"Article\",\"@id\":\"https:\\\/\\\/all4camper.com\\\/cs\\\/vanocni-trhy-v-krakove-vratislavi-varsave-ci-gdansku-jsou-zruseny\\\/#article\",\"isPartOf\":{\"@id\":\"https:\\\/\\\/all4camper.com\\\/cs\\\/vanocni-trhy-v-krakove-vratislavi-varsave-ci-gdansku-jsou-zruseny\\\/\"},\"author\":{\"name\":\"Kl\u00e1ra H\u00e1jkov\u00e1\",\"@id\":\"https:\\\/\\\/all4camper.com\\\/cs\\\/#\\\/schema\\\/person\\\/c6f1efdf1d02bc7d8c53a891cbe18c62\"},\"headline\":\"V\u00e1no\u010dn\u00ed trhy v Krakov\u011b, Vratislavi, Var\u0161av\u011b \u010di Gda\u0148sku jsou ZRU\u0160ENY\",\"datePublished\":\"2020-11-27T10:16:48+00:00\",\"dateModified\":\"2021-03-12T13:32:17+00:00\",\"mainEntityOfPage\":{\"@id\":\"https:\\\/\\\/all4camper.com\\\/cs\\\/vanocni-trhy-v-krakove-vratislavi-varsave-ci-gdansku-jsou-zruseny\\\/\"},\"wordCount\":579,\"publisher\":{\"@id\":\"https:\\\/\\\/all4camper.com\\\/cs\\\/#organization\"},\"image\":{\"@id\":\"https:\\\/\\\/all4camper.com\\\/cs\\\/vanocni-trhy-v-krakove-vratislavi-varsave-ci-gdansku-jsou-zruseny\\\/#primaryimage\"},\"thumbnailUrl\":\"https:\\\/\\\/all4camper.com\\\/wp-content\\\/uploads\\\/2020\\\/11\\\/va\u0301noc\u030cni\u0301-trh-gdan\u030csk.jpg\",\"articleSection\":[\"Novinky - Kempov\u00e1n\u00ed a karavaning\"],\"inLanguage\":\"cs\"},{\"@type\":\"WebPage\",\"@id\":\"https:\\\/\\\/all4camper.com\\\/cs\\\/vanocni-trhy-v-krakove-vratislavi-varsave-ci-gdansku-jsou-zruseny\\\/\",\"url\":\"https:\\\/\\\/all4camper.com\\\/cs\\\/vanocni-trhy-v-krakove-vratislavi-varsave-ci-gdansku-jsou-zruseny\\\/\",\"name\":\"V\u00e1no\u010dn\u00ed trhy v Krakov\u011b, Vratislavi, Var\u0161av\u011b \u010di Gda\u0148sku jsou ZRU\u0160ENY - All4Camper\",\"isPartOf\":{\"@id\":\"https:\\\/\\\/all4camper.com\\\/cs\\\/#website\"},\"primaryImageOfPage\":{\"@id\":\"https:\\\/\\\/all4camper.com\\\/cs\\\/vanocni-trhy-v-krakove-vratislavi-varsave-ci-gdansku-jsou-zruseny\\\/#primaryimage\"},\"image\":{\"@id\":\"https:\\\/\\\/all4camper.com\\\/cs\\\/vanocni-trhy-v-krakove-vratislavi-varsave-ci-gdansku-jsou-zruseny\\\/#primaryimage\"},\"thumbnailUrl\":\"https:\\\/\\\/all4camper.com\\\/wp-content\\\/uploads\\\/2020\\\/11\\\/va\u0301noc\u030cni\u0301-trh-gdan\u030csk.jpg\",\"datePublished\":\"2020-11-27T10:16:48+00:00\",\"dateModified\":\"2021-03-12T13:32:17+00:00\",\"description\":\"All4Camper - V\u00e1no\u010dn\u00ed trhy v Krakov\u011b, Vratislavi, Var\u0161av\u011b \u010di Gda\u0148sku jsou ZRU\u0160ENY\",\"breadcrumb\":{\"@id\":\"https:\\\/\\\/all4camper.com\\\/cs\\\/vanocni-trhy-v-krakove-vratislavi-varsave-ci-gdansku-jsou-zruseny\\\/#breadcrumb\"},\"inLanguage\":\"cs\",\"potentialAction\":[{\"@type\":\"ReadAction\",\"target\":[\"https:\\\/\\\/all4camper.com\\\/cs\\\/vanocni-trhy-v-krakove-vratislavi-varsave-ci-gdansku-jsou-zruseny\\\/\"]}]},{\"@type\":\"ImageObject\",\"inLanguage\":\"cs\",\"@id\":\"https:\\\/\\\/all4camper.com\\\/cs\\\/vanocni-trhy-v-krakove-vratislavi-varsave-ci-gdansku-jsou-zruseny\\\/#primaryimage\",\"url\":\"https:\\\/\\\/all4camper.com\\\/wp-content\\\/uploads\\\/2020\\\/11\\\/va\u0301noc\u030cni\u0301-trh-gdan\u030csk.jpg\",\"contentUrl\":\"https:\\\/\\\/all4camper.com\\\/wp-content\\\/uploads\\\/2020\\\/11\\\/va\u0301noc\u030cni\u0301-trh-gdan\u030csk.jpg\",\"width\":1875,\"height\":1250},{\"@type\":\"BreadcrumbList\",\"@id\":\"https:\\\/\\\/all4camper.com\\\/cs\\\/vanocni-trhy-v-krakove-vratislavi-varsave-ci-gdansku-jsou-zruseny\\\/#breadcrumb\",\"itemListElement\":[{\"@type\":\"ListItem\",\"position\":1,\"name\":\"Dom\u016f\",\"item\":\"https:\\\/\\\/all4camper.com\\\/cs\\\/\"},{\"@type\":\"ListItem\",\"position\":2,\"name\":\"Novinky - Kempov\u00e1n\u00ed a karavaning\",\"item\":\"https:\\\/\\\/all4camper.com\\\/cs\\\/category\\\/novinky-kempovani-a-karavaning\\\/\"},{\"@type\":\"ListItem\",\"position\":3,\"name\":\"V\u00e1no\u010dn\u00ed trhy v Krakov\u011b, Vratislavi, Var\u0161av\u011b \u010di Gda\u0148sku jsou ZRU\u0160ENY\"}]},{\"@type\":\"WebSite\",\"@id\":\"https:\\\/\\\/all4camper.com\\\/cs\\\/#website\",\"url\":\"https:\\\/\\\/all4camper.com\\\/cs\\\/\",\"name\":\"All4Camper\",\"description\":\"Nejv\u011bt\u0161\u00ed online magaz\u00edn o kempov\u00e1n\u00ed a karavaninku. V\u00edce jak 900 \u010dl\u00e1nk\u016f pln\u00fdch rad a tip\u016f o kempech a kempov\u00e1n\u00ed.\",\"publisher\":{\"@id\":\"https:\\\/\\\/all4camper.com\\\/cs\\\/#organization\"},\"potentialAction\":[{\"@type\":\"SearchAction\",\"target\":{\"@type\":\"EntryPoint\",\"urlTemplate\":\"https:\\\/\\\/all4camper.com\\\/cs\\\/?s={search_term_string}\"},\"query-input\":{\"@type\":\"PropertyValueSpecification\",\"valueRequired\":true,\"valueName\":\"search_term_string\"}}],\"inLanguage\":\"cs\"},{\"@type\":\"Organization\",\"@id\":\"https:\\\/\\\/all4camper.com\\\/cs\\\/#organization\",\"name\":\"All4Camper - kempujeme s Kl\u00e1rou\",\"url\":\"https:\\\/\\\/all4camper.com\\\/cs\\\/\",\"logo\":{\"@type\":\"ImageObject\",\"inLanguage\":\"cs\",\"@id\":\"https:\\\/\\\/all4camper.com\\\/cs\\\/#\\\/schema\\\/logo\\\/image\\\/\",\"url\":\"https:\\\/\\\/all4camper.com\\\/wp-content\\\/uploads\\\/2018\\\/09\\\/novelogo.png\",\"contentUrl\":\"https:\\\/\\\/all4camper.com\\\/wp-content\\\/uploads\\\/2018\\\/09\\\/novelogo.png\",\"width\":1520,\"height\":600,\"caption\":\"All4Camper - kempujeme s Kl\u00e1rou\"},\"image\":{\"@id\":\"https:\\\/\\\/all4camper.com\\\/cs\\\/#\\\/schema\\\/logo\\\/image\\\/\"}},{\"@type\":\"Person\",\"@id\":\"https:\\\/\\\/all4camper.com\\\/cs\\\/#\\\/schema\\\/person\\\/c6f1efdf1d02bc7d8c53a891cbe18c62\",\"name\":\"Kl\u00e1ra H\u00e1jkov\u00e1\",\"sameAs\":[\"http:\\\/\\\/www.all4camper.com\"],\"url\":\"https:\\\/\\\/all4camper.com\\\/cs\\\/author\\\/klarinkacestuje1\\\/\"}]}<\/script>\n<!-- \/ Yoast SEO plugin. -->","yoast_head_json":{"title":"V\u00e1no\u010dn\u00ed trhy v Krakov\u011b, Vratislavi, Var\u0161av\u011b \u010di Gda\u0148sku jsou ZRU\u0160ENY - All4Camper","description":"All4Camper - V\u00e1no\u010dn\u00ed trhy v Krakov\u011b, Vratislavi, Var\u0161av\u011b \u010di Gda\u0148sku jsou ZRU\u0160ENY","robots":{"index":"index","follow":"follow","max-snippet":"max-snippet:-1","max-image-preview":"max-image-preview:large","max-video-preview":"max-video-preview:-1"},"canonical":"https:\/\/all4camper.com\/cs\/vanocni-trhy-v-krakove-vratislavi-varsave-ci-gdansku-jsou-zruseny\/","og_locale":"cs_CZ","og_type":"article","og_title":"V\u00e1no\u010dn\u00ed trhy v Krakov\u011b, Vratislavi, Var\u0161av\u011b \u010di Gda\u0148sku jsou ZRU\u0160ENY - All4Camper","og_description":"All4Camper - V\u00e1no\u010dn\u00ed trhy v Krakov\u011b, Vratislavi, Var\u0161av\u011b \u010di Gda\u0148sku jsou ZRU\u0160ENY","og_url":"https:\/\/all4camper.com\/cs\/vanocni-trhy-v-krakove-vratislavi-varsave-ci-gdansku-jsou-zruseny\/","og_site_name":"All4Camper","article_published_time":"2020-11-27T10:16:48+00:00","article_modified_time":"2021-03-12T13:32:17+00:00","og_image":[{"width":1875,"height":1250,"url":"https:\/\/all4camper.com\/wp-content\/uploads\/2020\/11\/va\u0301noc\u030cni\u0301-trh-gdan\u030csk.jpg","type":"image\/jpeg"}],"author":"Kl\u00e1ra H\u00e1jkov\u00e1","twitter_card":"summary_large_image","twitter_misc":{"Napsal(a)":"Kl\u00e1ra H\u00e1jkov\u00e1","Odhadovan\u00e1 doba \u010dten\u00ed":"3 minuty"},"schema":{"@context":"https:\/\/schema.org","@graph":[{"@type":"Article","@id":"https:\/\/all4camper.com\/cs\/vanocni-trhy-v-krakove-vratislavi-varsave-ci-gdansku-jsou-zruseny\/#article","isPartOf":{"@id":"https:\/\/all4camper.com\/cs\/vanocni-trhy-v-krakove-vratislavi-varsave-ci-gdansku-jsou-zruseny\/"},"author":{"name":"Kl\u00e1ra H\u00e1jkov\u00e1","@id":"https:\/\/all4camper.com\/cs\/#\/schema\/person\/c6f1efdf1d02bc7d8c53a891cbe18c62"},"headline":"V\u00e1no\u010dn\u00ed trhy v Krakov\u011b, Vratislavi, Var\u0161av\u011b \u010di Gda\u0148sku jsou ZRU\u0160ENY","datePublished":"2020-11-27T10:16:48+00:00","dateModified":"2021-03-12T13:32:17+00:00","mainEntityOfPage":{"@id":"https:\/\/all4camper.com\/cs\/vanocni-trhy-v-krakove-vratislavi-varsave-ci-gdansku-jsou-zruseny\/"},"wordCount":579,"publisher":{"@id":"https:\/\/all4camper.com\/cs\/#organization"},"image":{"@id":"https:\/\/all4camper.com\/cs\/vanocni-trhy-v-krakove-vratislavi-varsave-ci-gdansku-jsou-zruseny\/#primaryimage"},"thumbnailUrl":"https:\/\/all4camper.com\/wp-content\/uploads\/2020\/11\/va\u0301noc\u030cni\u0301-trh-gdan\u030csk.jpg","articleSection":["Novinky - Kempov\u00e1n\u00ed a karavaning"],"inLanguage":"cs"},{"@type":"WebPage","@id":"https:\/\/all4camper.com\/cs\/vanocni-trhy-v-krakove-vratislavi-varsave-ci-gdansku-jsou-zruseny\/","url":"https:\/\/all4camper.com\/cs\/vanocni-trhy-v-krakove-vratislavi-varsave-ci-gdansku-jsou-zruseny\/","name":"V\u00e1no\u010dn\u00ed trhy v Krakov\u011b, Vratislavi, Var\u0161av\u011b \u010di Gda\u0148sku jsou ZRU\u0160ENY - All4Camper","isPartOf":{"@id":"https:\/\/all4camper.com\/cs\/#website"},"primaryImageOfPage":{"@id":"https:\/\/all4camper.com\/cs\/vanocni-trhy-v-krakove-vratislavi-varsave-ci-gdansku-jsou-zruseny\/#primaryimage"},"image":{"@id":"https:\/\/all4camper.com\/cs\/vanocni-trhy-v-krakove-vratislavi-varsave-ci-gdansku-jsou-zruseny\/#primaryimage"},"thumbnailUrl":"https:\/\/all4camper.com\/wp-content\/uploads\/2020\/11\/va\u0301noc\u030cni\u0301-trh-gdan\u030csk.jpg","datePublished":"2020-11-27T10:16:48+00:00","dateModified":"2021-03-12T13:32:17+00:00","description":"All4Camper - V\u00e1no\u010dn\u00ed trhy v Krakov\u011b, Vratislavi, Var\u0161av\u011b \u010di Gda\u0148sku jsou ZRU\u0160ENY","breadcrumb":{"@id":"https:\/\/all4camper.com\/cs\/vanocni-trhy-v-krakove-vratislavi-varsave-ci-gdansku-jsou-zruseny\/#breadcrumb"},"inLanguage":"cs","potentialAction":[{"@type":"ReadAction","target":["https:\/\/all4camper.com\/cs\/vanocni-trhy-v-krakove-vratislavi-varsave-ci-gdansku-jsou-zruseny\/"]}]},{"@type":"ImageObject","inLanguage":"cs","@id":"https:\/\/all4camper.com\/cs\/vanocni-trhy-v-krakove-vratislavi-varsave-ci-gdansku-jsou-zruseny\/#primaryimage","url":"https:\/\/all4camper.com\/wp-content\/uploads\/2020\/11\/va\u0301noc\u030cni\u0301-trh-gdan\u030csk.jpg","contentUrl":"https:\/\/all4camper.com\/wp-content\/uploads\/2020\/11\/va\u0301noc\u030cni\u0301-trh-gdan\u030csk.jpg","width":1875,"height":1250},{"@type":"BreadcrumbList","@id":"https:\/\/all4camper.com\/cs\/vanocni-trhy-v-krakove-vratislavi-varsave-ci-gdansku-jsou-zruseny\/#breadcrumb","itemListElement":[{"@type":"ListItem","position":1,"name":"Dom\u016f","item":"https:\/\/all4camper.com\/cs\/"},{"@type":"ListItem","position":2,"name":"Novinky - Kempov\u00e1n\u00ed a karavaning","item":"https:\/\/all4camper.com\/cs\/category\/novinky-kempovani-a-karavaning\/"},{"@type":"ListItem","position":3,"name":"V\u00e1no\u010dn\u00ed trhy v Krakov\u011b, Vratislavi, Var\u0161av\u011b \u010di Gda\u0148sku jsou ZRU\u0160ENY"}]},{"@type":"WebSite","@id":"https:\/\/all4camper.com\/cs\/#website","url":"https:\/\/all4camper.com\/cs\/","name":"All4Camper","description":"Nejv\u011bt\u0161\u00ed online magaz\u00edn o kempov\u00e1n\u00ed a karavaninku. V\u00edce jak 900 \u010dl\u00e1nk\u016f pln\u00fdch rad a tip\u016f o kempech a kempov\u00e1n\u00ed.","publisher":{"@id":"https:\/\/all4camper.com\/cs\/#organization"},"potentialAction":[{"@type":"SearchAction","target":{"@type":"EntryPoint","urlTemplate":"https:\/\/all4camper.com\/cs\/?s={search_term_string}"},"query-input":{"@type":"PropertyValueSpecification","valueRequired":true,"valueName":"search_term_string"}}],"inLanguage":"cs"},{"@type":"Organization","@id":"https:\/\/all4camper.com\/cs\/#organization","name":"All4Camper - kempujeme s Kl\u00e1rou","url":"https:\/\/all4camper.com\/cs\/","logo":{"@type":"ImageObject","inLanguage":"cs","@id":"https:\/\/all4camper.com\/cs\/#\/schema\/logo\/image\/","url":"https:\/\/all4camper.com\/wp-content\/uploads\/2018\/09\/novelogo.png","contentUrl":"https:\/\/all4camper.com\/wp-content\/uploads\/2018\/09\/novelogo.png","width":1520,"height":600,"caption":"All4Camper - kempujeme s Kl\u00e1rou"},"image":{"@id":"https:\/\/all4camper.com\/cs\/#\/schema\/logo\/image\/"}},{"@type":"Person","@id":"https:\/\/all4camper.com\/cs\/#\/schema\/person\/c6f1efdf1d02bc7d8c53a891cbe18c62","name":"Kl\u00e1ra H\u00e1jkov\u00e1","sameAs":["http:\/\/www.all4camper.com"],"url":"https:\/\/all4camper.com\/cs\/author\/klarinkacestuje1\/"}]}},"_links":{"self":[{"href":"https:\/\/all4camper.com\/cs\/wp-json\/wp\/v2\/posts\/88941","targetHints":{"allow":["GET"]}}],"collection":[{"href":"https:\/\/all4camper.com\/cs\/wp-json\/wp\/v2\/posts"}],"about":[{"href":"https:\/\/all4camper.com\/cs\/wp-json\/wp\/v2\/types\/post"}],"author":[{"embeddable":true,"href":"https:\/\/all4camper.com\/cs\/wp-json\/wp\/v2\/users\/4"}],"replies":[{"embeddable":true,"href":"https:\/\/all4camper.com\/cs\/wp-json\/wp\/v2\/comments?post=88941"}],"version-history":[{"count":0,"href":"https:\/\/all4camper.com\/cs\/wp-json\/wp\/v2\/posts\/88941\/revisions"}],"wp:featuredmedia":[{"embeddable":true,"href":"https:\/\/all4camper.com\/cs\/wp-json\/wp\/v2\/media\/88980"}],"wp:attachment":[{"href":"https:\/\/all4camper.com\/cs\/wp-json\/wp\/v2\/media?parent=88941"}],"wp:term":[{"taxonomy":"category","embeddable":true,"href":"https:\/\/all4camper.com\/cs\/wp-json\/wp\/v2\/categories?post=88941"},{"taxonomy":"post_tag","embeddable":true,"href":"https:\/\/all4camper.com\/cs\/wp-json\/wp\/v2\/tags?post=88941"}],"curies":[{"name":"wp","href":"https:\/\/api.w.org\/{rel}","templated":true}]}}