{"id":88084,"date":"2020-09-23T11:18:48","date_gmt":"2020-09-23T09:18:48","guid":{"rendered":"https:\/\/all4camper.com\/\/?p=88084"},"modified":"2022-05-21T08:21:54","modified_gmt":"2022-05-21T06:21:54","slug":"maly-velky-obytnak-s-idealni-cestovni-delkou-pro-rodinu-s-detmi","status":"publish","type":"post","link":"https:\/\/all4camper.com\/cs\/maly-velky-obytnak-s-idealni-cestovni-delkou-pro-rodinu-s-detmi\/","title":{"rendered":"Mal\u00fd velk\u00fd obyt\u0148\u00e1k s ide\u00e1ln\u00ed cestovn\u00ed d\u00e9lkou pro rodinu s d\u011btmi"},"content":{"rendered":"\n<h4 class=\"wp-block-heading\">Kdy\u017e jsem p\u0159ed t\u0159emi t\u00fddny zav\u00edtala do n\u011bmeck\u00e9ho Carada, konkr\u00e9tn\u011b do tov\u00e1rny Capron v Neustadtu, nemohla jsem odtrhnout o\u010di od t\u00e9to novinky pro rok 2021. Jedn\u00e1 se toti\u017e o opravdu skv\u011ble vybavenou alkovnu s d\u00e9lkou 5,95 metru a v\u016fbec se nediv\u00edm, \u017ee v moment\u011b, kdy s touto novinkou p\u0159i\u0161lo Carado na trh, byl z\u00e1jem tak velik\u00fd, \u017ee v\u0161echny &#8222;skladov\u00e9&#8220; z\u00e1soby byly okam\u017eit\u011b vyprod\u00e1ny. <\/h4>\n\n\n\n<figure class=\"wp-block-image size-large\"><img loading=\"lazy\" decoding=\"async\" width=\"1000\" height=\"500\" src=\"https:\/\/all4camper.com\/\/wp-content\/uploads\/2020\/09\/carado-a132_10.jpg\" alt=\"\" class=\"wp-image-88109\" srcset=\"https:\/\/all4camper.com\/wp-content\/uploads\/2020\/09\/carado-a132_10.jpg 1000w, https:\/\/all4camper.com\/wp-content\/uploads\/2020\/09\/carado-a132_10-300x150.jpg 300w, https:\/\/all4camper.com\/wp-content\/uploads\/2020\/09\/carado-a132_10-150x75.jpg 150w, https:\/\/all4camper.com\/wp-content\/uploads\/2020\/09\/carado-a132_10-768x384.jpg 768w\" sizes=\"auto, (max-width: 1000px) 100vw, 1000px\" \/><\/figure>\n\n\n\n<p>Prvn\u00ed, co m\u011b napadlo, bylo, \u017ee p\u0159esn\u011b tento obytn\u00fd v\u016fz bude ide\u00e1ln\u00ed jak pro za\u010d\u00e1te\u010dn\u00edky, tak pro rodiny s d\u011btmi. Pro za\u010d\u00e1te\u010dn\u00edky z toho d\u016fvodu, \u017ee \u010dasto z p\u016fj\u010doven obytn\u00fdch voz\u016f sl\u00fdch\u00e1v\u00e1m, \u017ee nov\u00e1\u010dci maj\u00ed probl\u00e9m s d\u00e9lkou vozu, kter\u00e1 se nej\u010dast\u011bji pohybuje kolem 7,2 metru. P\u0159ece jen se takto dlouh\u00fd v\u016fz u\u017e \u0159\u00edd\u00ed jinak, mus\u00edte si naj\u00ed\u017ed\u011bt, a pokud nem\u00e1te v\u011bt\u0161\u00ed zku\u0161enosti a jste zvykl\u00ed na men\u0161\u00ed rodinn\u00e9 vozy, prvn\u00edch p\u00e1r des\u00edtek kilometr\u016f, kruhov\u00fdch objezd\u016f, vjezd\u016f do \u00fazk\u00fdch p\u0159\u00edjezdov\u00fdch cest ke kemp\u016fm atd. s t\u00edm bojujete. N\u011bkte\u0159\u00ed se s d\u00e9lkou s\u017eij\u00ed rychle a opravdu jim sta\u010d\u00ed on\u011bch p\u00e1r des\u00edtek kilometr\u016f, n\u011bkomu to trv\u00e1 d\u00e9le. No a rodiny s d\u011btmi proto, \u017ee se \u010dasto \u0159e\u0161\u00ed trajekty a pohodl\u00ed v r\u00e1mci parkov\u00e1n\u00ed jako takov\u00e9ho, kdy karavanist\u00e9 cht\u011bj\u00ed z\u016fstat pr\u00e1v\u011b u d\u00e9lky do 6 metr\u016f. Jen\u017ee jak to ud\u011blat, kdy\u017e jste t\u0159i nebo \u010dty\u0159i, pot\u0159ebujete m\u00edt s sebou na cest\u00e1ch kvalitn\u00ed z\u00e1zem\u00ed, chcete se pohodln\u011b vyspat, naj\u00edst, uva\u0159it si a je\u0161t\u011b se pohodln\u011b do vozu vej\u00edt&#8230; To v\u0161e splnit, na men\u0161\u00edm prostoru, je hodn\u011b t\u011b\u017ek\u00e9. <strong>A p\u0159esn\u011b tuto ot\u00e1zku, v duchu trendu, kter\u00fd zde je a \u0159\u00edk\u00e1, \u017ee karavanist\u00e9 cht\u011bj\u00ed krat\u0161\u00ed obytn\u00e9 vozy, si polo\u017eilo i Carado a rozhodlo se na trh uv\u00e9st Carado A132.<\/strong> Poj\u010fme se tedy s t\u00edmto krasavcem v\u00edce sezn\u00e1mit a \u0159\u00edci si, kde jej m\u016f\u017eete s pozdn\u00edm podzimem koupit, ani\u017e byste museli \u010dekat rok.<\/p>\n\n\n\n<figure class=\"wp-block-gallery columns-1 is-cropped wp-block-gallery-1 is-layout-flex wp-block-gallery-is-layout-flex\"><ul class=\"blocks-gallery-grid\"><li class=\"blocks-gallery-item\"><figure><a href=\"https:\/\/all4camper.com\/\/?attachment_id=88086\"><img loading=\"lazy\" decoding=\"async\" width=\"1000\" height=\"500\" src=\"https:\/\/all4camper.com\/\/wp-content\/uploads\/2020\/09\/carado-a132_1.jpg\" alt=\"\" data-id=\"88086\" data-link=\"https:\/\/all4camper.com\/\/?attachment_id=88086\" class=\"wp-image-88086\" srcset=\"https:\/\/all4camper.com\/wp-content\/uploads\/2020\/09\/carado-a132_1.jpg 1000w, https:\/\/all4camper.com\/wp-content\/uploads\/2020\/09\/carado-a132_1-300x150.jpg 300w, https:\/\/all4camper.com\/wp-content\/uploads\/2020\/09\/carado-a132_1-150x75.jpg 150w, https:\/\/all4camper.com\/wp-content\/uploads\/2020\/09\/carado-a132_1-768x384.jpg 768w\" sizes=\"auto, (max-width: 1000px) 100vw, 1000px\" \/><\/a><\/figure><\/li><li class=\"blocks-gallery-item\"><figure><a href=\"https:\/\/all4camper.com\/\/?attachment_id=88087\"><img loading=\"lazy\" decoding=\"async\" width=\"1000\" height=\"500\" src=\"https:\/\/all4camper.com\/\/wp-content\/uploads\/2020\/09\/carado-a132_6.jpg\" alt=\"\" data-id=\"88087\" data-full-url=\"https:\/\/all4camper.com\/\/wp-content\/uploads\/2020\/09\/carado-a132_6.jpg\" data-link=\"https:\/\/all4camper.com\/\/?attachment_id=88087\" class=\"wp-image-88087\" srcset=\"https:\/\/all4camper.com\/wp-content\/uploads\/2020\/09\/carado-a132_6.jpg 1000w, https:\/\/all4camper.com\/wp-content\/uploads\/2020\/09\/carado-a132_6-300x150.jpg 300w, https:\/\/all4camper.com\/wp-content\/uploads\/2020\/09\/carado-a132_6-150x75.jpg 150w, https:\/\/all4camper.com\/wp-content\/uploads\/2020\/09\/carado-a132_6-768x384.jpg 768w\" sizes=\"auto, (max-width: 1000px) 100vw, 1000px\" \/><\/a><\/figure><\/li><\/ul><\/figure>\n\n\n\n<p>Za\u010dnu alkovnou a spac\u00edm prostorem&#8230; Jsem r\u00e1da, \u017ee Carado i v tomto modelu zachovalo svou opravdu velkou spac\u00ed plochu v alkovn\u011b, stejn\u011b jako v\u00fd\u0161kov\u00fd prostor. <strong>Tohle m\u00e1m u t\u00e9to zna\u010dky r\u00e1da<\/strong>. Ne ka\u017ed\u00e1 zna\u010dka dop\u0159\u00e1v\u00e1 sv\u00fdm karavanist\u016fm pohodln\u00e9 span\u00ed a hlavn\u011b velkorys\u00fd v\u00fd\u0161kov\u00fd prostor. Mnohokr\u00e1t jsem vid\u011bla, \u017ee alkovna byla n\u00edzk\u00e1, a d\u00edky tomu na mnoho karavanist\u016f p\u016fsobila tzv. klaustrofobicky. Tak\u017ee span\u00ed v alkovn\u011b je u Carada jako v\u017edy na jedni\u010dku (rozm\u011br postele: 210 x 160 cm). Co se t\u00fd\u010de zadn\u00ed postele, jej\u00ed rozm\u011bry jsou 210 x 140 (130) centimetr\u016f. Pro d\u011bti nebo man\u017eelsk\u00fd p\u00e1r naprosto dosta\u010duj\u00edc\u00ed. Oba spac\u00ed prostory maj\u00ed samoz\u0159ejm\u011b velmi pohodln\u00e9 matrace, nechyb\u00ed osv\u011btlen\u00ed a v zadn\u00ed \u010d\u00e1sti najdete sk\u0159\u00ed\u0148ky na oble\u010den\u00ed. <\/p>\n\n\n\n<figure class=\"wp-block-image size-large\"><img loading=\"lazy\" decoding=\"async\" width=\"1440\" height=\"1080\" src=\"https:\/\/all4camper.com\/\/wp-content\/uploads\/2020\/09\/IMG_20200909_145312-1440x1080.jpg\" alt=\"\" class=\"wp-image-88088\" srcset=\"https:\/\/all4camper.com\/wp-content\/uploads\/2020\/09\/IMG_20200909_145312-1440x1080.jpg 1440w, https:\/\/all4camper.com\/wp-content\/uploads\/2020\/09\/IMG_20200909_145312-300x225.jpg 300w, https:\/\/all4camper.com\/wp-content\/uploads\/2020\/09\/IMG_20200909_145312-150x113.jpg 150w, https:\/\/all4camper.com\/wp-content\/uploads\/2020\/09\/IMG_20200909_145312-768x576.jpg 768w, https:\/\/all4camper.com\/wp-content\/uploads\/2020\/09\/IMG_20200909_145312-1536x1152.jpg 1536w, https:\/\/all4camper.com\/wp-content\/uploads\/2020\/09\/IMG_20200909_145312-2048x1536.jpg 2048w, https:\/\/all4camper.com\/wp-content\/uploads\/2020\/09\/IMG_20200909_145312-678x509.jpg 678w, https:\/\/all4camper.com\/wp-content\/uploads\/2020\/09\/IMG_20200909_145312-326x245.jpg 326w, https:\/\/all4camper.com\/wp-content\/uploads\/2020\/09\/IMG_20200909_145312-80x60.jpg 80w\" sizes=\"auto, (max-width: 1440px) 100vw, 1440px\" \/><\/figure>\n\n\n\n<p><strong>Dal\u0161\u00ed, moc hezky \u0159e\u0161en\u00fd \u00falo\u017en\u00fd prostor, je nad j\u00eddeln\u00edm stolem, na kter\u00e9m se mi l\u00edb\u00ed jeho rozd\u011blen\u00ed na 4 d\u00edly.<\/strong> D\u00edky n\u011bmu tak m\u00e1 ka\u017ed\u00fd \u010dlen rodiny dal\u0161\u00ed sv\u016fj mal\u00fd \u00falo\u017en\u00fd prostor. A aby toho nebylo m\u00e1lo, tak <strong>design\u00e9\u0159i opravdu pln\u011b mysleli na pot\u0159ebu \u00falo\u017en\u00fdch prostor\u016f a povedlo se jim vedle kuchy\u0148sk\u00e9 linky naj\u00edt m\u00edsto pro malou \u0161atn\u00ed sk\u0159\u00ed\u0148 s poli\u010dkou<\/strong>, stejn\u011b jako pod postel\u00ed na\u0161li dal\u0161\u00ed mal\u00fd prostor, kter\u00fd se m\u016f\u017ee hodit t\u0159eba na technick\u00e9 v\u011bci, kter\u00e9 pot\u0159ebujete m\u00edt &#8222;p\u0159i ruce&#8220;. <\/p>\n\n\n\n<figure class=\"wp-block-gallery columns-2 is-cropped wp-block-gallery-2 is-layout-flex wp-block-gallery-is-layout-flex\"><ul class=\"blocks-gallery-grid\"><li class=\"blocks-gallery-item\"><figure><img loading=\"lazy\" decoding=\"async\" width=\"810\" height=\"1080\" src=\"https:\/\/all4camper.com\/\/wp-content\/uploads\/2020\/09\/IMG_20200909_145243-810x1080.jpg\" alt=\"\" data-id=\"88090\" data-full-url=\"https:\/\/all4camper.com\/\/wp-content\/uploads\/2020\/09\/IMG_20200909_145243-scaled.jpg\" data-link=\"https:\/\/all4camper.com\/\/cs\/?attachment_id=88090\" class=\"wp-image-88090\" srcset=\"https:\/\/all4camper.com\/wp-content\/uploads\/2020\/09\/IMG_20200909_145243-810x1080.jpg 810w, https:\/\/all4camper.com\/wp-content\/uploads\/2020\/09\/IMG_20200909_145243-225x300.jpg 225w, https:\/\/all4camper.com\/wp-content\/uploads\/2020\/09\/IMG_20200909_145243-113x150.jpg 113w, https:\/\/all4camper.com\/wp-content\/uploads\/2020\/09\/IMG_20200909_145243-768x1024.jpg 768w, https:\/\/all4camper.com\/wp-content\/uploads\/2020\/09\/IMG_20200909_145243-1152x1536.jpg 1152w, https:\/\/all4camper.com\/wp-content\/uploads\/2020\/09\/IMG_20200909_145243-1536x2048.jpg 1536w, https:\/\/all4camper.com\/wp-content\/uploads\/2020\/09\/IMG_20200909_145243-scaled.jpg 1920w\" sizes=\"auto, (max-width: 810px) 100vw, 810px\" \/><\/figure><\/li><li class=\"blocks-gallery-item\"><figure><img loading=\"lazy\" decoding=\"async\" width=\"810\" height=\"1080\" src=\"https:\/\/all4camper.com\/\/wp-content\/uploads\/2020\/09\/IMG_20200909_145444-810x1080.jpg\" alt=\"\" data-id=\"88092\" data-full-url=\"https:\/\/all4camper.com\/\/wp-content\/uploads\/2020\/09\/IMG_20200909_145444-scaled.jpg\" data-link=\"https:\/\/all4camper.com\/\/cs\/?attachment_id=88092\" class=\"wp-image-88092\" srcset=\"https:\/\/all4camper.com\/wp-content\/uploads\/2020\/09\/IMG_20200909_145444-810x1080.jpg 810w, https:\/\/all4camper.com\/wp-content\/uploads\/2020\/09\/IMG_20200909_145444-225x300.jpg 225w, https:\/\/all4camper.com\/wp-content\/uploads\/2020\/09\/IMG_20200909_145444-113x150.jpg 113w, https:\/\/all4camper.com\/wp-content\/uploads\/2020\/09\/IMG_20200909_145444-768x1024.jpg 768w, https:\/\/all4camper.com\/wp-content\/uploads\/2020\/09\/IMG_20200909_145444-1152x1536.jpg 1152w, https:\/\/all4camper.com\/wp-content\/uploads\/2020\/09\/IMG_20200909_145444-1536x2048.jpg 1536w, https:\/\/all4camper.com\/wp-content\/uploads\/2020\/09\/IMG_20200909_145444-scaled.jpg 1920w\" sizes=\"auto, (max-width: 810px) 100vw, 810px\" \/><\/figure><\/li><li class=\"blocks-gallery-item\"><figure><img loading=\"lazy\" decoding=\"async\" width=\"1440\" height=\"1080\" src=\"https:\/\/all4camper.com\/\/wp-content\/uploads\/2020\/09\/IMG_20200909_145349-1-1440x1080.jpg\" alt=\"\" data-id=\"88091\" data-full-url=\"https:\/\/all4camper.com\/\/wp-content\/uploads\/2020\/09\/IMG_20200909_145349-1-scaled.jpg\" data-link=\"https:\/\/all4camper.com\/\/cs\/?attachment_id=88091\" class=\"wp-image-88091\" srcset=\"https:\/\/all4camper.com\/wp-content\/uploads\/2020\/09\/IMG_20200909_145349-1-1440x1080.jpg 1440w, https:\/\/all4camper.com\/wp-content\/uploads\/2020\/09\/IMG_20200909_145349-1-300x225.jpg 300w, https:\/\/all4camper.com\/wp-content\/uploads\/2020\/09\/IMG_20200909_145349-1-150x113.jpg 150w, https:\/\/all4camper.com\/wp-content\/uploads\/2020\/09\/IMG_20200909_145349-1-768x576.jpg 768w, https:\/\/all4camper.com\/wp-content\/uploads\/2020\/09\/IMG_20200909_145349-1-1536x1152.jpg 1536w, https:\/\/all4camper.com\/wp-content\/uploads\/2020\/09\/IMG_20200909_145349-1-2048x1536.jpg 2048w, https:\/\/all4camper.com\/wp-content\/uploads\/2020\/09\/IMG_20200909_145349-1-678x509.jpg 678w, https:\/\/all4camper.com\/wp-content\/uploads\/2020\/09\/IMG_20200909_145349-1-326x245.jpg 326w, https:\/\/all4camper.com\/wp-content\/uploads\/2020\/09\/IMG_20200909_145349-1-80x60.jpg 80w\" sizes=\"auto, (max-width: 1440px) 100vw, 1440px\" \/><\/figure><\/li><\/ul><\/figure>\n\n\n\n<p>Pokud se zam\u011b\u0159\u00edm na kuchy\u0148skou linku, kter\u00e1 je nem\u00e9n\u011b d\u016fle\u017eit\u00e1 pro rodinn\u00fd \u017eivot v obytn\u00e9m voze, tak i ta si zachovala sv\u00e9 &#8222;Caradovsk\u00e9&#8220; prvky, kter\u00e9 m\u00e1m u t\u00e9to zna\u010dky (coby b\u00fdval\u00fd dlouholet\u00fd majitel Carada) r\u00e1da. <strong>Jej\u00ed v\u00fd\u0161ka je p\u0159\u00edjemn\u00e1 a i v tomto modelu nab\u00edz\u00ed skv\u011bl\u00fd prostor jak na pohodln\u00e9 va\u0159en\u00ed, tak na myt\u00ed n\u00e1dob\u00ed, kter\u00e9ho m\u00e1 rodina s d\u011btmi prost\u011b mnoho<\/strong>. <em>(sm\u00edch)<\/em> Samoz\u0159ejmost\u00ed jsou dv\u011b sk\u0159\u00ed\u0148ky na n\u00e1dob\u00ed nad varn\u00fdm prostorem, \u0161upl\u00edk na p\u0159\u00edbory a dal\u0161\u00ed \u00falo\u017en\u00fd prostor na z\u00e1kladn\u00ed potraviny v\u010detn\u011b ledni\u010dky o objemu 113 litr\u016f. Sice by bylo fajn, kdyby byla o n\u011bco v\u011bt\u0161\u00ed, ale ta u\u017e by se sem opravdu neve\u0161la, nebo by byla um\u00edst\u011bna na \u00fakor jin\u00e9ho prostoru, co\u017e by z m\u00e9ho pohledu byla \u0161koda.<\/p>\n\n\n\n<figure class=\"wp-block-gallery columns-1 is-cropped wp-block-gallery-3 is-layout-flex wp-block-gallery-is-layout-flex\"><ul class=\"blocks-gallery-grid\"><li class=\"blocks-gallery-item\"><figure><img loading=\"lazy\" decoding=\"async\" width=\"1440\" height=\"1080\" src=\"https:\/\/all4camper.com\/\/wp-content\/uploads\/2020\/09\/IMG_20200909_145425-1-1440x1080.jpg\" alt=\"\" data-id=\"88094\" data-full-url=\"https:\/\/all4camper.com\/\/wp-content\/uploads\/2020\/09\/IMG_20200909_145425-1-scaled.jpg\" data-link=\"https:\/\/all4camper.com\/\/cs\/?attachment_id=88094\" class=\"wp-image-88094\" srcset=\"https:\/\/all4camper.com\/wp-content\/uploads\/2020\/09\/IMG_20200909_145425-1-1440x1080.jpg 1440w, https:\/\/all4camper.com\/wp-content\/uploads\/2020\/09\/IMG_20200909_145425-1-300x225.jpg 300w, https:\/\/all4camper.com\/wp-content\/uploads\/2020\/09\/IMG_20200909_145425-1-150x113.jpg 150w, https:\/\/all4camper.com\/wp-content\/uploads\/2020\/09\/IMG_20200909_145425-1-768x576.jpg 768w, https:\/\/all4camper.com\/wp-content\/uploads\/2020\/09\/IMG_20200909_145425-1-1536x1152.jpg 1536w, https:\/\/all4camper.com\/wp-content\/uploads\/2020\/09\/IMG_20200909_145425-1-2048x1536.jpg 2048w, https:\/\/all4camper.com\/wp-content\/uploads\/2020\/09\/IMG_20200909_145425-1-678x509.jpg 678w, https:\/\/all4camper.com\/wp-content\/uploads\/2020\/09\/IMG_20200909_145425-1-326x245.jpg 326w, https:\/\/all4camper.com\/wp-content\/uploads\/2020\/09\/IMG_20200909_145425-1-80x60.jpg 80w\" sizes=\"auto, (max-width: 1440px) 100vw, 1440px\" \/><\/figure><\/li><li class=\"blocks-gallery-item\"><figure><img loading=\"lazy\" decoding=\"async\" width=\"1000\" height=\"500\" src=\"https:\/\/all4camper.com\/\/wp-content\/uploads\/2020\/09\/carado-a132_3.jpg\" alt=\"\" data-id=\"88095\" data-full-url=\"https:\/\/all4camper.com\/\/wp-content\/uploads\/2020\/09\/carado-a132_3.jpg\" data-link=\"https:\/\/all4camper.com\/\/cs\/?attachment_id=88095\" class=\"wp-image-88095\" srcset=\"https:\/\/all4camper.com\/wp-content\/uploads\/2020\/09\/carado-a132_3.jpg 1000w, https:\/\/all4camper.com\/wp-content\/uploads\/2020\/09\/carado-a132_3-300x150.jpg 300w, https:\/\/all4camper.com\/wp-content\/uploads\/2020\/09\/carado-a132_3-150x75.jpg 150w, https:\/\/all4camper.com\/wp-content\/uploads\/2020\/09\/carado-a132_3-768x384.jpg 768w\" sizes=\"auto, (max-width: 1000px) 100vw, 1000px\" \/><\/figure><\/li><\/ul><\/figure>\n\n\n\n<p><strong>A jak je to s gar\u00e1\u017e\u00ed? <\/strong>Popravd\u011b jsem to \u010dekala hor\u0161\u00ed, proto\u017ee kdy\u017e chcete mal\u00fd obyt\u0148\u00e1k, tak se to z\u00e1konit\u011b mus\u00ed n\u011bkde projevit. A tady se to projevilo. Ale nebojte, nen\u00ed to \u017e\u00e1dn\u00e1 &#8222;katastrofa&#8220;. Naopak jsem byla mile p\u0159ekvapena, proto\u017ee <strong>kempingov\u00fd n\u00e1bytek pro celou rodinu se sem rozhodn\u011b vejde, stejn\u011b jako \u0161ikovn\u00fd tat\u00ednek si v jej\u00edm prostoru vytvo\u0159\u00ed rozumn\u00fd (t\u0159eba z\u00e1v\u011bsn\u00fd \u010di jin\u00fd) prostor na sv\u00e9 n\u00e1\u0159ad\u00ed, bez kter\u00e9ho se na cest\u00e1ch neobejde, kabel na elekt\u0159inu se sem tak\u00e9 vejde, stejn\u011b jako hadice na dopln\u011bn\u00ed pitn\u00e9 vody. <\/strong>Samoz\u0159ejm\u011b budete muset v\u00edce p\u0159em\u00fd\u0161let na t\u00edm, co si opravdu na cestu s sebou pot\u0159ebujete vz\u00edt, a co je lep\u0161\u00ed ponechat doma. <em>(sm\u00edch)<\/em> No a kdy\u017e je nejh\u016f\u0159e, tak v\u00e1m prozrad\u00edm f\u00edgl, kter\u00fd jsme i my s Dav\u00edm u na\u0161eho b\u00fdval\u00e9ho Carada \u0159e\u0161ili, neb jsme tak\u00e9 m\u011bli men\u0161\u00ed gar\u00e1\u017e. Jednodu\u0161e t\u011bch p\u00e1r dal\u0161\u00edch drobnost\u00ed d\u00e1te na j\u00edzdu do alkovny a zabezpe\u010d\u00edte je s\u00edt\u00ed, kter\u00e1 zde samoz\u0159ejm\u011b nechyb\u00ed. No a v kempu, kdy\u017e vynd\u00e1te kempovac\u00ed n\u00e1bytek, ty v\u011bci jednodu\u0161e p\u0159end\u00e1te do gar\u00e1\u017ee. Ano, tohle \u0159e\u0161en\u00ed nen\u00ed vhodn\u00e9 kdy\u017e se rozhodnete provozovat tzv. kempov\u00e1n\u00ed na divoko. Ale up\u0159\u00edmn\u011b &#8211; pokud pojedete tzv. wild camping, tak zase s sebou tolik v\u011bc\u00ed nepovezete, \u017ee? <\/p>\n\n\n\n<figure class=\"wp-block-gallery columns-2 is-cropped wp-block-gallery-4 is-layout-flex wp-block-gallery-is-layout-flex\"><ul class=\"blocks-gallery-grid\"><li class=\"blocks-gallery-item\"><figure><img loading=\"lazy\" decoding=\"async\" width=\"1000\" height=\"500\" src=\"https:\/\/all4camper.com\/\/wp-content\/uploads\/2020\/09\/carado-a132_2.jpg\" alt=\"\" data-id=\"88096\" data-link=\"https:\/\/all4camper.com\/\/?attachment_id=88096\" class=\"wp-image-88096\" srcset=\"https:\/\/all4camper.com\/wp-content\/uploads\/2020\/09\/carado-a132_2.jpg 1000w, https:\/\/all4camper.com\/wp-content\/uploads\/2020\/09\/carado-a132_2-300x150.jpg 300w, https:\/\/all4camper.com\/wp-content\/uploads\/2020\/09\/carado-a132_2-150x75.jpg 150w, https:\/\/all4camper.com\/wp-content\/uploads\/2020\/09\/carado-a132_2-768x384.jpg 768w\" sizes=\"auto, (max-width: 1000px) 100vw, 1000px\" \/><\/figure><\/li><li class=\"blocks-gallery-item\"><figure><img loading=\"lazy\" decoding=\"async\" width=\"810\" height=\"1080\" src=\"https:\/\/all4camper.com\/\/wp-content\/uploads\/2020\/09\/IMG_20200909_145129-810x1080.jpg\" alt=\"\" data-id=\"88097\" data-full-url=\"https:\/\/all4camper.com\/\/wp-content\/uploads\/2020\/09\/IMG_20200909_145129-scaled.jpg\" data-link=\"https:\/\/all4camper.com\/\/?attachment_id=88097\" class=\"wp-image-88097\" srcset=\"https:\/\/all4camper.com\/wp-content\/uploads\/2020\/09\/IMG_20200909_145129-810x1080.jpg 810w, https:\/\/all4camper.com\/wp-content\/uploads\/2020\/09\/IMG_20200909_145129-225x300.jpg 225w, https:\/\/all4camper.com\/wp-content\/uploads\/2020\/09\/IMG_20200909_145129-113x150.jpg 113w, https:\/\/all4camper.com\/wp-content\/uploads\/2020\/09\/IMG_20200909_145129-768x1024.jpg 768w, https:\/\/all4camper.com\/wp-content\/uploads\/2020\/09\/IMG_20200909_145129-1152x1536.jpg 1152w, https:\/\/all4camper.com\/wp-content\/uploads\/2020\/09\/IMG_20200909_145129-1536x2048.jpg 1536w, https:\/\/all4camper.com\/wp-content\/uploads\/2020\/09\/IMG_20200909_145129-scaled.jpg 1920w\" sizes=\"auto, (max-width: 810px) 100vw, 810px\" \/><\/figure><\/li><\/ul><\/figure>\n\n\n\n<p>Je\u0161t\u011b ne\u017e p\u0159ejdu d\u016fle\u017eit\u00fdm technick\u00fdm parametr\u016fm, kter\u00e9 budou zaj\u00edmat zejm\u00e9na p\u00e1ny, zm\u00edn\u00edm posledn\u00ed vychyt\u00e1vky, kter\u00e9 se mi v\u00e1\u017en\u011b l\u00edb\u00ed. Prvn\u00ed je stup\u00e1tko na zadn\u00ed postel, kter\u00e9 je vymy\u0161len\u00e9 ve stejn\u00e9m duchu efektivn\u00edho vyu\u017eit\u00ed v\u0161ech voln\u00fdch prostor\u016f, a kdy\u017e je vyklop\u00edte, op\u011bt v n\u011bm najdete n\u011bjak\u00e9 to m\u00edste\u010dko na v\u011bci, kter\u00e9 pot\u0159ebujete schovat. <strong>Tak\u00e9 se mi l\u00edb\u00ed koupelna<\/strong>. Na tak mal\u00fd v\u016fz je slu\u0161n\u011b prostorn\u00e1, pracuje i s rizikem &#8222;c\u00e1k\u00e1n\u00ed&#8220; vody, kter\u00e9mu na mal\u00e9m prostoru nem\u016f\u017eete zabr\u00e1nit a t\u00edm p\u00e1dem jsou dve\u0159e z vod\u011bodoln\u00e9ho materi\u00e1lu. <\/p>\n\n\n\n<figure class=\"wp-block-image size-large\"><img loading=\"lazy\" decoding=\"async\" width=\"1000\" height=\"500\" src=\"https:\/\/all4camper.com\/\/wp-content\/uploads\/2020\/09\/carado-a132_5.jpg\" alt=\"\" class=\"wp-image-88098\" srcset=\"https:\/\/all4camper.com\/wp-content\/uploads\/2020\/09\/carado-a132_5.jpg 1000w, https:\/\/all4camper.com\/wp-content\/uploads\/2020\/09\/carado-a132_5-300x150.jpg 300w, https:\/\/all4camper.com\/wp-content\/uploads\/2020\/09\/carado-a132_5-150x75.jpg 150w, https:\/\/all4camper.com\/wp-content\/uploads\/2020\/09\/carado-a132_5-768x384.jpg 768w\" sizes=\"auto, (max-width: 1000px) 100vw, 1000px\" \/><\/figure>\n\n\n\n<p>A te\u010f zmi\u0148ovan\u00e9 technick\u00e9 parametry. P\u0159izn\u00e1m se, \u017ee na to nejsem odborn\u00edk a rad\u011bji se zam\u011b\u0159uji na praktick\u00e9 informace, tolik nezbytn\u00e9 zn\u00e1t pro \u017eivot v obytn\u00e9m voze a na cest\u00e1ch, proto sem uv\u00e1d\u00edm pouze z\u00e1kladn\u00ed v\u00fd\u010det informac\u00ed. Zbytek si m\u016f\u017eete p\u0159e\u010d\u00edst na str\u00e1nk\u00e1ch <a aria-label=\"Carada (opens in a new tab)\" href=\"https:\/\/carado.com\/de\/de\/unsere-fahrzeuge\/alkoven\/a-132\" target=\"_blank\" rel=\"noreferrer noopener\">Carada<\/a>, nebo si je zjistit u va\u0161eho prodejce, kter\u00fd v\u00e1m odborn\u011b zodpov\u00ed na v\u0161e pot\u0159ebn\u00e9. Tak\u017ee: v z\u00e1kladu m\u00e1 Carado A132 z\u00e1kladn\u00ed motorizaci 2,3 l Multijet na podvozku Fiat Ducato. Emise jsou na dnes u\u017e samoz\u0159ejm\u00e9m Euru 6, provozn\u00ed hmotnost \u010d\u00edt\u00e1 2 770 kg a pro \u0159\u00edzen\u00ed obyt\u0148\u00e1ku v\u00e1m sta\u010d\u00ed \u0158P skupiny B. Co se t\u00fd\u010de topen\u00ed a vody, tak v n\u011bm najdete Truma Combi 6. N\u00e1dr\u017e na pitnou vodu m\u00e1 kapacitu 122 litr\u016f a na odpadn\u00ed 90 litr\u016f. <\/p>\n\n\n\n<figure class=\"wp-block-image size-large\"><img loading=\"lazy\" decoding=\"async\" width=\"1000\" height=\"500\" src=\"https:\/\/all4camper.com\/\/wp-content\/uploads\/2020\/09\/carado-a132.jpg\" alt=\"\" class=\"wp-image-88099\" srcset=\"https:\/\/all4camper.com\/wp-content\/uploads\/2020\/09\/carado-a132.jpg 1000w, https:\/\/all4camper.com\/wp-content\/uploads\/2020\/09\/carado-a132-300x150.jpg 300w, https:\/\/all4camper.com\/wp-content\/uploads\/2020\/09\/carado-a132-150x75.jpg 150w, https:\/\/all4camper.com\/wp-content\/uploads\/2020\/09\/carado-a132-768x384.jpg 768w\" sizes=\"auto, (max-width: 1000px) 100vw, 1000px\" \/><\/figure>\n\n\n\n<p><strong>A kde tento model zakoupit? <\/strong>P\u0159izn\u00e1m se, \u017ee jsem byla trochu v \u0161oku, kdy\u017e mi v tov\u00e1rn\u011b Carada \u0159ekli, \u017ee \u010dekac\u00ed lh\u016fta na nov\u00fd v\u016fz je dnes v\u00edce jak 10 m\u011bs\u00edc\u016f. <strong>Na\u0161t\u011bst\u00ed v\u0161ak mi obratem <a aria-label=\"Hykro (opens in a new tab)\" href=\"https:\/\/hykro.cz\/\" target=\"_blank\" rel=\"noreferrer noopener\">Hykro<\/a><\/strong>, kter\u00e9 m\u011b na tuto prohl\u00eddku a diskuzi s mana\u017eery Carada pozvalo, \u0159eklo, \u017ee s p\u0159edstihem ud\u011blalo objedn\u00e1vku na n\u011bkolik t\u011bchto model\u016f a m\u011bly by p\u0159ij\u00edt s pozdn\u00edm podzimem. Z\u00e1rove\u0148 mi v\u0161ak Hykro t\u00fdm \u0159ekl, \u017ee u\u017e jich moc voln\u00fdch nem\u00e1, proto\u017ee je o n\u011b nemal\u00fd z\u00e1jem a rozhodn\u011b n\u011bkter\u00e9 vozy za\u0159ad\u00ed v p\u0159\u00ed\u0161t\u00edm roce do sv\u00e9 p\u016fj\u010dovny a jsou na n\u011b ji\u017e fixn\u00ed objedn\u00e1vky od z\u00e1kazn\u00edk\u016f. P\u0159esto si mysl\u00edm, \u017ee jeden dva obyt\u0148\u00e1ky se u nich je\u0161t\u011b najdou, ani\u017e byste museli \u010dekat na l\u00e9to. Budu v\u00e1m dr\u017eet palce, aby to vy\u0161lo, proto\u017ee pokud hled\u00e1te obytn\u00fd v\u016fz, kter\u00fd chcete m\u00edt doma u\u017e na ja\u0159e a nechce se v\u00e1m \u010dekat skoro rok, jsem p\u0159esv\u011bd\u010dena, \u017ee o tento model bude velk\u00fd z\u00e1jem. P\u0159\u00edpadn\u011b dal\u0161\u00edm prodejce Carada je je\u0161t\u011b Caravan Centrum Pardubice, tak t\u0159eba i tam maj\u00ed v\u010das objedn\u00e1no, v co\u017e pevn\u011b douf\u00e1m. Tohle je toti\u017e v\u00e1\u017en\u011b obyt\u0148\u00e1k, kter\u00fd stoj\u00ed za to si po\u0159\u00eddit. <\/p>\n\n\n\n<p>Kr\u00e1sn\u00e9 cestov\u00e1n\u00ed a je\u0161t\u011b jednou velik\u00e9 d\u00edky kluk\u016fm z <a aria-label=\"Hykra (opens in a new tab)\" href=\"https:\/\/hykro.cz\/\" target=\"_blank\" rel=\"noreferrer noopener\">Hykra<\/a> za tuhle p\u0159\u00edle\u017eitost, proto\u017ee d\u00edky n\u00ed v\u00e1m ji\u017e brzy nap\u00ed\u0161i dal\u0161\u00ed novinky ze sv\u011bta Carada pro rok 2021.<\/p>\n\n\n\n<figure class=\"wp-block-gallery columns-2 is-cropped wp-block-gallery-5 is-layout-flex wp-block-gallery-is-layout-flex\"><ul class=\"blocks-gallery-grid\"><li class=\"blocks-gallery-item\"><figure><a href=\"https:\/\/all4camper.com\/\/?attachment_id=88100\"><img loading=\"lazy\" decoding=\"async\" width=\"1440\" height=\"1080\" src=\"https:\/\/all4camper.com\/\/wp-content\/uploads\/2020\/09\/IMG_20200909_145142-1440x1080.jpg\" alt=\"\" data-id=\"88100\" data-link=\"https:\/\/all4camper.com\/\/?attachment_id=88100\" class=\"wp-image-88100\" srcset=\"https:\/\/all4camper.com\/wp-content\/uploads\/2020\/09\/IMG_20200909_145142-1440x1080.jpg 1440w, https:\/\/all4camper.com\/wp-content\/uploads\/2020\/09\/IMG_20200909_145142-300x225.jpg 300w, https:\/\/all4camper.com\/wp-content\/uploads\/2020\/09\/IMG_20200909_145142-150x113.jpg 150w, https:\/\/all4camper.com\/wp-content\/uploads\/2020\/09\/IMG_20200909_145142-768x576.jpg 768w, https:\/\/all4camper.com\/wp-content\/uploads\/2020\/09\/IMG_20200909_145142-1536x1152.jpg 1536w, https:\/\/all4camper.com\/wp-content\/uploads\/2020\/09\/IMG_20200909_145142-2048x1536.jpg 2048w, https:\/\/all4camper.com\/wp-content\/uploads\/2020\/09\/IMG_20200909_145142-678x509.jpg 678w, https:\/\/all4camper.com\/wp-content\/uploads\/2020\/09\/IMG_20200909_145142-326x245.jpg 326w, https:\/\/all4camper.com\/wp-content\/uploads\/2020\/09\/IMG_20200909_145142-80x60.jpg 80w\" sizes=\"auto, (max-width: 1440px) 100vw, 1440px\" \/><\/a><\/figure><\/li><li class=\"blocks-gallery-item\"><figure><a href=\"https:\/\/all4camper.com\/\/?attachment_id=88101\"><img loading=\"lazy\" decoding=\"async\" width=\"1440\" height=\"1080\" src=\"https:\/\/all4camper.com\/\/wp-content\/uploads\/2020\/09\/IMG_20200909_145518-1440x1080.jpg\" alt=\"\" data-id=\"88101\" data-link=\"https:\/\/all4camper.com\/\/?attachment_id=88101\" class=\"wp-image-88101\" srcset=\"https:\/\/all4camper.com\/wp-content\/uploads\/2020\/09\/IMG_20200909_145518-1440x1080.jpg 1440w, https:\/\/all4camper.com\/wp-content\/uploads\/2020\/09\/IMG_20200909_145518-300x225.jpg 300w, https:\/\/all4camper.com\/wp-content\/uploads\/2020\/09\/IMG_20200909_145518-150x113.jpg 150w, https:\/\/all4camper.com\/wp-content\/uploads\/2020\/09\/IMG_20200909_145518-768x576.jpg 768w, https:\/\/all4camper.com\/wp-content\/uploads\/2020\/09\/IMG_20200909_145518-1536x1152.jpg 1536w, https:\/\/all4camper.com\/wp-content\/uploads\/2020\/09\/IMG_20200909_145518-2048x1536.jpg 2048w, https:\/\/all4camper.com\/wp-content\/uploads\/2020\/09\/IMG_20200909_145518-678x509.jpg 678w, https:\/\/all4camper.com\/wp-content\/uploads\/2020\/09\/IMG_20200909_145518-326x245.jpg 326w, https:\/\/all4camper.com\/wp-content\/uploads\/2020\/09\/IMG_20200909_145518-80x60.jpg 80w\" sizes=\"auto, (max-width: 1440px) 100vw, 1440px\" \/><\/a><\/figure><\/li><li class=\"blocks-gallery-item\"><figure><a href=\"https:\/\/all4camper.com\/\/?attachment_id=88102\"><img loading=\"lazy\" decoding=\"async\" width=\"1440\" height=\"1080\" src=\"https:\/\/all4camper.com\/\/wp-content\/uploads\/2020\/09\/IMG_20200909_145556-1440x1080.jpg\" alt=\"\" data-id=\"88102\" data-link=\"https:\/\/all4camper.com\/\/?attachment_id=88102\" class=\"wp-image-88102\" srcset=\"https:\/\/all4camper.com\/wp-content\/uploads\/2020\/09\/IMG_20200909_145556-1440x1080.jpg 1440w, https:\/\/all4camper.com\/wp-content\/uploads\/2020\/09\/IMG_20200909_145556-300x225.jpg 300w, https:\/\/all4camper.com\/wp-content\/uploads\/2020\/09\/IMG_20200909_145556-150x113.jpg 150w, https:\/\/all4camper.com\/wp-content\/uploads\/2020\/09\/IMG_20200909_145556-768x576.jpg 768w, https:\/\/all4camper.com\/wp-content\/uploads\/2020\/09\/IMG_20200909_145556-1536x1152.jpg 1536w, https:\/\/all4camper.com\/wp-content\/uploads\/2020\/09\/IMG_20200909_145556-2048x1536.jpg 2048w, https:\/\/all4camper.com\/wp-content\/uploads\/2020\/09\/IMG_20200909_145556-678x509.jpg 678w, https:\/\/all4camper.com\/wp-content\/uploads\/2020\/09\/IMG_20200909_145556-326x245.jpg 326w, https:\/\/all4camper.com\/wp-content\/uploads\/2020\/09\/IMG_20200909_145556-80x60.jpg 80w\" sizes=\"auto, (max-width: 1440px) 100vw, 1440px\" \/><\/a><\/figure><\/li><li class=\"blocks-gallery-item\"><figure><a href=\"https:\/\/all4camper.com\/\/?attachment_id=88103\"><img loading=\"lazy\" decoding=\"async\" width=\"1440\" height=\"1080\" src=\"https:\/\/all4camper.com\/\/wp-content\/uploads\/2020\/09\/IMG_20200909_150120-1440x1080.jpg\" alt=\"\" data-id=\"88103\" data-link=\"https:\/\/all4camper.com\/\/?attachment_id=88103\" class=\"wp-image-88103\" srcset=\"https:\/\/all4camper.com\/wp-content\/uploads\/2020\/09\/IMG_20200909_150120-1440x1080.jpg 1440w, https:\/\/all4camper.com\/wp-content\/uploads\/2020\/09\/IMG_20200909_150120-300x225.jpg 300w, https:\/\/all4camper.com\/wp-content\/uploads\/2020\/09\/IMG_20200909_150120-150x113.jpg 150w, https:\/\/all4camper.com\/wp-content\/uploads\/2020\/09\/IMG_20200909_150120-768x576.jpg 768w, https:\/\/all4camper.com\/wp-content\/uploads\/2020\/09\/IMG_20200909_150120-1536x1152.jpg 1536w, https:\/\/all4camper.com\/wp-content\/uploads\/2020\/09\/IMG_20200909_150120-2048x1536.jpg 2048w, https:\/\/all4camper.com\/wp-content\/uploads\/2020\/09\/IMG_20200909_150120-678x509.jpg 678w, https:\/\/all4camper.com\/wp-content\/uploads\/2020\/09\/IMG_20200909_150120-326x245.jpg 326w, https:\/\/all4camper.com\/wp-content\/uploads\/2020\/09\/IMG_20200909_150120-80x60.jpg 80w\" sizes=\"auto, (max-width: 1440px) 100vw, 1440px\" \/><\/a><\/figure><\/li><li class=\"blocks-gallery-item\"><figure><a href=\"https:\/\/all4camper.com\/\/?attachment_id=88104\"><img loading=\"lazy\" decoding=\"async\" width=\"1000\" height=\"500\" src=\"https:\/\/all4camper.com\/\/wp-content\/uploads\/2020\/09\/carado-a132_9.jpg\" alt=\"\" data-id=\"88104\" data-full-url=\"https:\/\/all4camper.com\/\/wp-content\/uploads\/2020\/09\/carado-a132_9.jpg\" data-link=\"https:\/\/all4camper.com\/\/?attachment_id=88104\" class=\"wp-image-88104\" srcset=\"https:\/\/all4camper.com\/wp-content\/uploads\/2020\/09\/carado-a132_9.jpg 1000w, https:\/\/all4camper.com\/wp-content\/uploads\/2020\/09\/carado-a132_9-300x150.jpg 300w, https:\/\/all4camper.com\/wp-content\/uploads\/2020\/09\/carado-a132_9-150x75.jpg 150w, https:\/\/all4camper.com\/wp-content\/uploads\/2020\/09\/carado-a132_9-768x384.jpg 768w\" sizes=\"auto, (max-width: 1000px) 100vw, 1000px\" \/><\/a><\/figure><\/li><li class=\"blocks-gallery-item\"><figure><a href=\"https:\/\/all4camper.com\/\/?attachment_id=88105\"><img loading=\"lazy\" decoding=\"async\" width=\"1000\" height=\"500\" src=\"https:\/\/all4camper.com\/\/wp-content\/uploads\/2020\/09\/carado-a132_7.jpg\" alt=\"\" data-id=\"88105\" data-full-url=\"https:\/\/all4camper.com\/\/wp-content\/uploads\/2020\/09\/carado-a132_7.jpg\" data-link=\"https:\/\/all4camper.com\/\/?attachment_id=88105\" class=\"wp-image-88105\" srcset=\"https:\/\/all4camper.com\/wp-content\/uploads\/2020\/09\/carado-a132_7.jpg 1000w, https:\/\/all4camper.com\/wp-content\/uploads\/2020\/09\/carado-a132_7-300x150.jpg 300w, https:\/\/all4camper.com\/wp-content\/uploads\/2020\/09\/carado-a132_7-150x75.jpg 150w, https:\/\/all4camper.com\/wp-content\/uploads\/2020\/09\/carado-a132_7-768x384.jpg 768w\" sizes=\"auto, (max-width: 1000px) 100vw, 1000px\" \/><\/a><\/figure><\/li><li class=\"blocks-gallery-item\"><figure><a href=\"https:\/\/all4camper.com\/\/?attachment_id=88106\"><img loading=\"lazy\" decoding=\"async\" width=\"1000\" height=\"500\" src=\"https:\/\/all4camper.com\/\/wp-content\/uploads\/2020\/09\/carado-a132_4.jpg\" alt=\"\" data-id=\"88106\" data-full-url=\"https:\/\/all4camper.com\/\/wp-content\/uploads\/2020\/09\/carado-a132_4.jpg\" data-link=\"https:\/\/all4camper.com\/\/?attachment_id=88106\" class=\"wp-image-88106\" srcset=\"https:\/\/all4camper.com\/wp-content\/uploads\/2020\/09\/carado-a132_4.jpg 1000w, https:\/\/all4camper.com\/wp-content\/uploads\/2020\/09\/carado-a132_4-300x150.jpg 300w, https:\/\/all4camper.com\/wp-content\/uploads\/2020\/09\/carado-a132_4-150x75.jpg 150w, https:\/\/all4camper.com\/wp-content\/uploads\/2020\/09\/carado-a132_4-768x384.jpg 768w\" sizes=\"auto, (max-width: 1000px) 100vw, 1000px\" \/><\/a><\/figure><\/li><\/ul><\/figure>\n","protected":false},"excerpt":{"rendered":"<p>Kdy\u017e jsem p\u0159ed t\u0159emi t\u00fddny zav\u00edtala do n\u011bmeck\u00e9ho Carada, konkr\u00e9tn\u011b do tov\u00e1rny Capron v Neustadtu, nemohla jsem odtrhnout o\u010di od t\u00e9to novinky pro rok 2021. Jedn\u00e1 se toti\u017e o opravdu skv\u011ble vybavenou alkovnu s d\u00e9lkou 5,95 metru a v\u016fbec se nediv\u00edm, \u017ee v moment\u011b, kdy s touto novinkou p\u0159i\u0161lo Carado na trh, byl z\u00e1jem tak [&hellip;]<\/p>\n","protected":false},"author":4,"featured_media":88109,"comment_status":"closed","ping_status":"open","sticky":false,"template":"","format":"standard","meta":{"_monsterinsights_skip_tracking":false,"_monsterinsights_sitenote_active":false,"_monsterinsights_sitenote_note":"","_monsterinsights_sitenote_category":0,"footnotes":""},"categories":[11194,422],"tags":[8122],"class_list":{"0":"post-88084","1":"post","2":"type-post","3":"status-publish","4":"format-standard","5":"has-post-thumbnail","7":"category-karavaning","8":"category-novinky-kempovani-a-karavaning","9":"tag-karavaning"},"yoast_head":"<!-- This site is optimized with the Yoast SEO plugin v27.5 - https:\/\/yoast.com\/product\/yoast-seo-wordpress\/ -->\n<title>Mal\u00fd velk\u00fd obyt\u0148\u00e1k s ide\u00e1ln\u00ed cestovn\u00ed d\u00e9lkou pro rodinu s d\u011btmi - All4Camper<\/title>\n<meta name=\"description\" content=\"All4Camper - Mal\u00fd velk\u00fd obyt\u0148\u00e1k s ide\u00e1ln\u00ed cestovn\u00ed d\u00e9lkou pro rodinu s d\u011btmi\" \/>\n<meta name=\"robots\" content=\"index, follow, max-snippet:-1, max-image-preview:large, max-video-preview:-1\" \/>\n<link rel=\"canonical\" href=\"https:\/\/all4camper.com\/cs\/maly-velky-obytnak-s-idealni-cestovni-delkou-pro-rodinu-s-detmi\/\" \/>\n<meta property=\"og:locale\" content=\"cs_CZ\" \/>\n<meta property=\"og:type\" content=\"article\" \/>\n<meta property=\"og:title\" content=\"Mal\u00fd velk\u00fd obyt\u0148\u00e1k s ide\u00e1ln\u00ed cestovn\u00ed d\u00e9lkou pro rodinu s d\u011btmi - All4Camper\" \/>\n<meta property=\"og:description\" content=\"All4Camper - Mal\u00fd velk\u00fd obyt\u0148\u00e1k s ide\u00e1ln\u00ed cestovn\u00ed d\u00e9lkou pro rodinu s d\u011btmi\" \/>\n<meta property=\"og:url\" content=\"https:\/\/all4camper.com\/cs\/maly-velky-obytnak-s-idealni-cestovni-delkou-pro-rodinu-s-detmi\/\" \/>\n<meta property=\"og:site_name\" content=\"All4Camper\" \/>\n<meta property=\"article:published_time\" content=\"2020-09-23T09:18:48+00:00\" \/>\n<meta property=\"article:modified_time\" content=\"2022-05-21T06:21:54+00:00\" \/>\n<meta property=\"og:image\" content=\"https:\/\/all4camper.com\/wp-content\/uploads\/2020\/09\/carado-a132_10.jpg\" \/>\n\t<meta property=\"og:image:width\" content=\"1000\" \/>\n\t<meta property=\"og:image:height\" content=\"500\" \/>\n\t<meta property=\"og:image:type\" content=\"image\/jpeg\" \/>\n<meta name=\"author\" content=\"Kl\u00e1ra H\u00e1jkov\u00e1\" \/>\n<meta name=\"twitter:card\" content=\"summary_large_image\" \/>\n<meta name=\"twitter:label1\" content=\"Napsal(a)\" \/>\n\t<meta name=\"twitter:data1\" content=\"Kl\u00e1ra H\u00e1jkov\u00e1\" \/>\n\t<meta name=\"twitter:label2\" content=\"Odhadovan\u00e1 doba \u010dten\u00ed\" \/>\n\t<meta name=\"twitter:data2\" content=\"8 minut\" \/>\n<script type=\"application\/ld+json\" class=\"yoast-schema-graph\">{\"@context\":\"https:\\\/\\\/schema.org\",\"@graph\":[{\"@type\":\"Article\",\"@id\":\"https:\\\/\\\/all4camper.com\\\/cs\\\/maly-velky-obytnak-s-idealni-cestovni-delkou-pro-rodinu-s-detmi\\\/#article\",\"isPartOf\":{\"@id\":\"https:\\\/\\\/all4camper.com\\\/cs\\\/maly-velky-obytnak-s-idealni-cestovni-delkou-pro-rodinu-s-detmi\\\/\"},\"author\":{\"name\":\"Kl\u00e1ra H\u00e1jkov\u00e1\",\"@id\":\"https:\\\/\\\/all4camper.com\\\/cs\\\/#\\\/schema\\\/person\\\/c6f1efdf1d02bc7d8c53a891cbe18c62\"},\"headline\":\"Mal\u00fd velk\u00fd obyt\u0148\u00e1k s ide\u00e1ln\u00ed cestovn\u00ed d\u00e9lkou pro rodinu s d\u011btmi\",\"datePublished\":\"2020-09-23T09:18:48+00:00\",\"dateModified\":\"2022-05-21T06:21:54+00:00\",\"mainEntityOfPage\":{\"@id\":\"https:\\\/\\\/all4camper.com\\\/cs\\\/maly-velky-obytnak-s-idealni-cestovni-delkou-pro-rodinu-s-detmi\\\/\"},\"wordCount\":1629,\"publisher\":{\"@id\":\"https:\\\/\\\/all4camper.com\\\/cs\\\/#organization\"},\"image\":{\"@id\":\"https:\\\/\\\/all4camper.com\\\/cs\\\/maly-velky-obytnak-s-idealni-cestovni-delkou-pro-rodinu-s-detmi\\\/#primaryimage\"},\"thumbnailUrl\":\"https:\\\/\\\/all4camper.com\\\/wp-content\\\/uploads\\\/2020\\\/09\\\/carado-a132_10.jpg\",\"keywords\":[\"Ze sv\u011bta karavaningu\"],\"articleSection\":[\"Karavanink\",\"Novinky - Kempov\u00e1n\u00ed a karavaning\"],\"inLanguage\":\"cs\"},{\"@type\":\"WebPage\",\"@id\":\"https:\\\/\\\/all4camper.com\\\/cs\\\/maly-velky-obytnak-s-idealni-cestovni-delkou-pro-rodinu-s-detmi\\\/\",\"url\":\"https:\\\/\\\/all4camper.com\\\/cs\\\/maly-velky-obytnak-s-idealni-cestovni-delkou-pro-rodinu-s-detmi\\\/\",\"name\":\"Mal\u00fd velk\u00fd obyt\u0148\u00e1k s ide\u00e1ln\u00ed cestovn\u00ed d\u00e9lkou pro rodinu s d\u011btmi - All4Camper\",\"isPartOf\":{\"@id\":\"https:\\\/\\\/all4camper.com\\\/cs\\\/#website\"},\"primaryImageOfPage\":{\"@id\":\"https:\\\/\\\/all4camper.com\\\/cs\\\/maly-velky-obytnak-s-idealni-cestovni-delkou-pro-rodinu-s-detmi\\\/#primaryimage\"},\"image\":{\"@id\":\"https:\\\/\\\/all4camper.com\\\/cs\\\/maly-velky-obytnak-s-idealni-cestovni-delkou-pro-rodinu-s-detmi\\\/#primaryimage\"},\"thumbnailUrl\":\"https:\\\/\\\/all4camper.com\\\/wp-content\\\/uploads\\\/2020\\\/09\\\/carado-a132_10.jpg\",\"datePublished\":\"2020-09-23T09:18:48+00:00\",\"dateModified\":\"2022-05-21T06:21:54+00:00\",\"description\":\"All4Camper - Mal\u00fd velk\u00fd obyt\u0148\u00e1k s ide\u00e1ln\u00ed cestovn\u00ed d\u00e9lkou pro rodinu s d\u011btmi\",\"breadcrumb\":{\"@id\":\"https:\\\/\\\/all4camper.com\\\/cs\\\/maly-velky-obytnak-s-idealni-cestovni-delkou-pro-rodinu-s-detmi\\\/#breadcrumb\"},\"inLanguage\":\"cs\",\"potentialAction\":[{\"@type\":\"ReadAction\",\"target\":[\"https:\\\/\\\/all4camper.com\\\/cs\\\/maly-velky-obytnak-s-idealni-cestovni-delkou-pro-rodinu-s-detmi\\\/\"]}]},{\"@type\":\"ImageObject\",\"inLanguage\":\"cs\",\"@id\":\"https:\\\/\\\/all4camper.com\\\/cs\\\/maly-velky-obytnak-s-idealni-cestovni-delkou-pro-rodinu-s-detmi\\\/#primaryimage\",\"url\":\"https:\\\/\\\/all4camper.com\\\/wp-content\\\/uploads\\\/2020\\\/09\\\/carado-a132_10.jpg\",\"contentUrl\":\"https:\\\/\\\/all4camper.com\\\/wp-content\\\/uploads\\\/2020\\\/09\\\/carado-a132_10.jpg\",\"width\":1000,\"height\":500},{\"@type\":\"BreadcrumbList\",\"@id\":\"https:\\\/\\\/all4camper.com\\\/cs\\\/maly-velky-obytnak-s-idealni-cestovni-delkou-pro-rodinu-s-detmi\\\/#breadcrumb\",\"itemListElement\":[{\"@type\":\"ListItem\",\"position\":1,\"name\":\"Dom\u016f\",\"item\":\"https:\\\/\\\/all4camper.com\\\/cs\\\/\"},{\"@type\":\"ListItem\",\"position\":2,\"name\":\"Karavanink\",\"item\":\"https:\\\/\\\/all4camper.com\\\/cs\\\/category\\\/karavaning\\\/\"},{\"@type\":\"ListItem\",\"position\":3,\"name\":\"Mal\u00fd velk\u00fd obyt\u0148\u00e1k s ide\u00e1ln\u00ed cestovn\u00ed d\u00e9lkou pro rodinu s d\u011btmi\"}]},{\"@type\":\"WebSite\",\"@id\":\"https:\\\/\\\/all4camper.com\\\/cs\\\/#website\",\"url\":\"https:\\\/\\\/all4camper.com\\\/cs\\\/\",\"name\":\"All4Camper\",\"description\":\"Nejv\u011bt\u0161\u00ed online magaz\u00edn o kempov\u00e1n\u00ed a karavaninku. V\u00edce jak 900 \u010dl\u00e1nk\u016f pln\u00fdch rad a tip\u016f o kempech a kempov\u00e1n\u00ed.\",\"publisher\":{\"@id\":\"https:\\\/\\\/all4camper.com\\\/cs\\\/#organization\"},\"potentialAction\":[{\"@type\":\"SearchAction\",\"target\":{\"@type\":\"EntryPoint\",\"urlTemplate\":\"https:\\\/\\\/all4camper.com\\\/cs\\\/?s={search_term_string}\"},\"query-input\":{\"@type\":\"PropertyValueSpecification\",\"valueRequired\":true,\"valueName\":\"search_term_string\"}}],\"inLanguage\":\"cs\"},{\"@type\":\"Organization\",\"@id\":\"https:\\\/\\\/all4camper.com\\\/cs\\\/#organization\",\"name\":\"All4Camper - kempujeme s Kl\u00e1rou\",\"url\":\"https:\\\/\\\/all4camper.com\\\/cs\\\/\",\"logo\":{\"@type\":\"ImageObject\",\"inLanguage\":\"cs\",\"@id\":\"https:\\\/\\\/all4camper.com\\\/cs\\\/#\\\/schema\\\/logo\\\/image\\\/\",\"url\":\"https:\\\/\\\/all4camper.com\\\/wp-content\\\/uploads\\\/2018\\\/09\\\/novelogo.png\",\"contentUrl\":\"https:\\\/\\\/all4camper.com\\\/wp-content\\\/uploads\\\/2018\\\/09\\\/novelogo.png\",\"width\":1520,\"height\":600,\"caption\":\"All4Camper - kempujeme s Kl\u00e1rou\"},\"image\":{\"@id\":\"https:\\\/\\\/all4camper.com\\\/cs\\\/#\\\/schema\\\/logo\\\/image\\\/\"}},{\"@type\":\"Person\",\"@id\":\"https:\\\/\\\/all4camper.com\\\/cs\\\/#\\\/schema\\\/person\\\/c6f1efdf1d02bc7d8c53a891cbe18c62\",\"name\":\"Kl\u00e1ra H\u00e1jkov\u00e1\",\"sameAs\":[\"http:\\\/\\\/www.all4camper.com\"],\"url\":\"https:\\\/\\\/all4camper.com\\\/cs\\\/author\\\/klarinkacestuje1\\\/\"}]}<\/script>\n<!-- \/ Yoast SEO plugin. -->","yoast_head_json":{"title":"Mal\u00fd velk\u00fd obyt\u0148\u00e1k s ide\u00e1ln\u00ed cestovn\u00ed d\u00e9lkou pro rodinu s d\u011btmi - All4Camper","description":"All4Camper - Mal\u00fd velk\u00fd obyt\u0148\u00e1k s ide\u00e1ln\u00ed cestovn\u00ed d\u00e9lkou pro rodinu s d\u011btmi","robots":{"index":"index","follow":"follow","max-snippet":"max-snippet:-1","max-image-preview":"max-image-preview:large","max-video-preview":"max-video-preview:-1"},"canonical":"https:\/\/all4camper.com\/cs\/maly-velky-obytnak-s-idealni-cestovni-delkou-pro-rodinu-s-detmi\/","og_locale":"cs_CZ","og_type":"article","og_title":"Mal\u00fd velk\u00fd obyt\u0148\u00e1k s ide\u00e1ln\u00ed cestovn\u00ed d\u00e9lkou pro rodinu s d\u011btmi - All4Camper","og_description":"All4Camper - Mal\u00fd velk\u00fd obyt\u0148\u00e1k s ide\u00e1ln\u00ed cestovn\u00ed d\u00e9lkou pro rodinu s d\u011btmi","og_url":"https:\/\/all4camper.com\/cs\/maly-velky-obytnak-s-idealni-cestovni-delkou-pro-rodinu-s-detmi\/","og_site_name":"All4Camper","article_published_time":"2020-09-23T09:18:48+00:00","article_modified_time":"2022-05-21T06:21:54+00:00","og_image":[{"width":1000,"height":500,"url":"https:\/\/all4camper.com\/wp-content\/uploads\/2020\/09\/carado-a132_10.jpg","type":"image\/jpeg"}],"author":"Kl\u00e1ra H\u00e1jkov\u00e1","twitter_card":"summary_large_image","twitter_misc":{"Napsal(a)":"Kl\u00e1ra H\u00e1jkov\u00e1","Odhadovan\u00e1 doba \u010dten\u00ed":"8 minut"},"schema":{"@context":"https:\/\/schema.org","@graph":[{"@type":"Article","@id":"https:\/\/all4camper.com\/cs\/maly-velky-obytnak-s-idealni-cestovni-delkou-pro-rodinu-s-detmi\/#article","isPartOf":{"@id":"https:\/\/all4camper.com\/cs\/maly-velky-obytnak-s-idealni-cestovni-delkou-pro-rodinu-s-detmi\/"},"author":{"name":"Kl\u00e1ra H\u00e1jkov\u00e1","@id":"https:\/\/all4camper.com\/cs\/#\/schema\/person\/c6f1efdf1d02bc7d8c53a891cbe18c62"},"headline":"Mal\u00fd velk\u00fd obyt\u0148\u00e1k s ide\u00e1ln\u00ed cestovn\u00ed d\u00e9lkou pro rodinu s d\u011btmi","datePublished":"2020-09-23T09:18:48+00:00","dateModified":"2022-05-21T06:21:54+00:00","mainEntityOfPage":{"@id":"https:\/\/all4camper.com\/cs\/maly-velky-obytnak-s-idealni-cestovni-delkou-pro-rodinu-s-detmi\/"},"wordCount":1629,"publisher":{"@id":"https:\/\/all4camper.com\/cs\/#organization"},"image":{"@id":"https:\/\/all4camper.com\/cs\/maly-velky-obytnak-s-idealni-cestovni-delkou-pro-rodinu-s-detmi\/#primaryimage"},"thumbnailUrl":"https:\/\/all4camper.com\/wp-content\/uploads\/2020\/09\/carado-a132_10.jpg","keywords":["Ze sv\u011bta karavaningu"],"articleSection":["Karavanink","Novinky - Kempov\u00e1n\u00ed a karavaning"],"inLanguage":"cs"},{"@type":"WebPage","@id":"https:\/\/all4camper.com\/cs\/maly-velky-obytnak-s-idealni-cestovni-delkou-pro-rodinu-s-detmi\/","url":"https:\/\/all4camper.com\/cs\/maly-velky-obytnak-s-idealni-cestovni-delkou-pro-rodinu-s-detmi\/","name":"Mal\u00fd velk\u00fd obyt\u0148\u00e1k s ide\u00e1ln\u00ed cestovn\u00ed d\u00e9lkou pro rodinu s d\u011btmi - All4Camper","isPartOf":{"@id":"https:\/\/all4camper.com\/cs\/#website"},"primaryImageOfPage":{"@id":"https:\/\/all4camper.com\/cs\/maly-velky-obytnak-s-idealni-cestovni-delkou-pro-rodinu-s-detmi\/#primaryimage"},"image":{"@id":"https:\/\/all4camper.com\/cs\/maly-velky-obytnak-s-idealni-cestovni-delkou-pro-rodinu-s-detmi\/#primaryimage"},"thumbnailUrl":"https:\/\/all4camper.com\/wp-content\/uploads\/2020\/09\/carado-a132_10.jpg","datePublished":"2020-09-23T09:18:48+00:00","dateModified":"2022-05-21T06:21:54+00:00","description":"All4Camper - Mal\u00fd velk\u00fd obyt\u0148\u00e1k s ide\u00e1ln\u00ed cestovn\u00ed d\u00e9lkou pro rodinu s d\u011btmi","breadcrumb":{"@id":"https:\/\/all4camper.com\/cs\/maly-velky-obytnak-s-idealni-cestovni-delkou-pro-rodinu-s-detmi\/#breadcrumb"},"inLanguage":"cs","potentialAction":[{"@type":"ReadAction","target":["https:\/\/all4camper.com\/cs\/maly-velky-obytnak-s-idealni-cestovni-delkou-pro-rodinu-s-detmi\/"]}]},{"@type":"ImageObject","inLanguage":"cs","@id":"https:\/\/all4camper.com\/cs\/maly-velky-obytnak-s-idealni-cestovni-delkou-pro-rodinu-s-detmi\/#primaryimage","url":"https:\/\/all4camper.com\/wp-content\/uploads\/2020\/09\/carado-a132_10.jpg","contentUrl":"https:\/\/all4camper.com\/wp-content\/uploads\/2020\/09\/carado-a132_10.jpg","width":1000,"height":500},{"@type":"BreadcrumbList","@id":"https:\/\/all4camper.com\/cs\/maly-velky-obytnak-s-idealni-cestovni-delkou-pro-rodinu-s-detmi\/#breadcrumb","itemListElement":[{"@type":"ListItem","position":1,"name":"Dom\u016f","item":"https:\/\/all4camper.com\/cs\/"},{"@type":"ListItem","position":2,"name":"Karavanink","item":"https:\/\/all4camper.com\/cs\/category\/karavaning\/"},{"@type":"ListItem","position":3,"name":"Mal\u00fd velk\u00fd obyt\u0148\u00e1k s ide\u00e1ln\u00ed cestovn\u00ed d\u00e9lkou pro rodinu s d\u011btmi"}]},{"@type":"WebSite","@id":"https:\/\/all4camper.com\/cs\/#website","url":"https:\/\/all4camper.com\/cs\/","name":"All4Camper","description":"Nejv\u011bt\u0161\u00ed online magaz\u00edn o kempov\u00e1n\u00ed a karavaninku. V\u00edce jak 900 \u010dl\u00e1nk\u016f pln\u00fdch rad a tip\u016f o kempech a kempov\u00e1n\u00ed.","publisher":{"@id":"https:\/\/all4camper.com\/cs\/#organization"},"potentialAction":[{"@type":"SearchAction","target":{"@type":"EntryPoint","urlTemplate":"https:\/\/all4camper.com\/cs\/?s={search_term_string}"},"query-input":{"@type":"PropertyValueSpecification","valueRequired":true,"valueName":"search_term_string"}}],"inLanguage":"cs"},{"@type":"Organization","@id":"https:\/\/all4camper.com\/cs\/#organization","name":"All4Camper - kempujeme s Kl\u00e1rou","url":"https:\/\/all4camper.com\/cs\/","logo":{"@type":"ImageObject","inLanguage":"cs","@id":"https:\/\/all4camper.com\/cs\/#\/schema\/logo\/image\/","url":"https:\/\/all4camper.com\/wp-content\/uploads\/2018\/09\/novelogo.png","contentUrl":"https:\/\/all4camper.com\/wp-content\/uploads\/2018\/09\/novelogo.png","width":1520,"height":600,"caption":"All4Camper - kempujeme s Kl\u00e1rou"},"image":{"@id":"https:\/\/all4camper.com\/cs\/#\/schema\/logo\/image\/"}},{"@type":"Person","@id":"https:\/\/all4camper.com\/cs\/#\/schema\/person\/c6f1efdf1d02bc7d8c53a891cbe18c62","name":"Kl\u00e1ra H\u00e1jkov\u00e1","sameAs":["http:\/\/www.all4camper.com"],"url":"https:\/\/all4camper.com\/cs\/author\/klarinkacestuje1\/"}]}},"_links":{"self":[{"href":"https:\/\/all4camper.com\/cs\/wp-json\/wp\/v2\/posts\/88084","targetHints":{"allow":["GET"]}}],"collection":[{"href":"https:\/\/all4camper.com\/cs\/wp-json\/wp\/v2\/posts"}],"about":[{"href":"https:\/\/all4camper.com\/cs\/wp-json\/wp\/v2\/types\/post"}],"author":[{"embeddable":true,"href":"https:\/\/all4camper.com\/cs\/wp-json\/wp\/v2\/users\/4"}],"replies":[{"embeddable":true,"href":"https:\/\/all4camper.com\/cs\/wp-json\/wp\/v2\/comments?post=88084"}],"version-history":[{"count":0,"href":"https:\/\/all4camper.com\/cs\/wp-json\/wp\/v2\/posts\/88084\/revisions"}],"wp:featuredmedia":[{"embeddable":true,"href":"https:\/\/all4camper.com\/cs\/wp-json\/wp\/v2\/media\/88109"}],"wp:attachment":[{"href":"https:\/\/all4camper.com\/cs\/wp-json\/wp\/v2\/media?parent=88084"}],"wp:term":[{"taxonomy":"category","embeddable":true,"href":"https:\/\/all4camper.com\/cs\/wp-json\/wp\/v2\/categories?post=88084"},{"taxonomy":"post_tag","embeddable":true,"href":"https:\/\/all4camper.com\/cs\/wp-json\/wp\/v2\/tags?post=88084"}],"curies":[{"name":"wp","href":"https:\/\/api.w.org\/{rel}","templated":true}]}}