{"id":87686,"date":"2020-08-12T07:43:51","date_gmt":"2020-08-12T05:43:51","guid":{"rendered":"https:\/\/all4camper.com\/\/?p=87686"},"modified":"2020-08-12T07:43:57","modified_gmt":"2020-08-12T05:43:57","slug":"chorvatsky-hrad-trakoscan-a-krasny-kemp-s-termalnimi-laznemi","status":"publish","type":"post","link":"https:\/\/all4camper.com\/cs\/chorvatsky-hrad-trakoscan-a-krasny-kemp-s-termalnimi-laznemi\/","title":{"rendered":"Chorvatsk\u00fd hrad Trako\u0161\u0107an a kr\u00e1sn\u00fd kemp s term\u00e1ln\u00edmi l\u00e1zn\u011bmi"},"content":{"rendered":"\n<h4 class=\"wp-block-heading\"><strong>Existuj\u00ed cestovatel\u00e9, kte\u0159\u00ed prost\u011b jedou a jedou (samoz\u0159ejm\u011b, pokud je to bezpe\u010dn\u00e9), dokud nedoraz\u00ed do c\u00edle. A pak ti, kte\u0159\u00ed berou my\u0161lenku,<em> \u017ee cesta je c\u00edl<\/em>, doslova a r\u00e1di nav\u0161t\u011bvuj\u00ed r\u016fzn\u00e9 zaj\u00edmavosti u\u017e b\u011bhem \u201ep\u0159esunu\u201c kamkoli. A\u0165 pat\u0159\u00edte do kter\u00e9koli skupiny, tuhle zast\u00e1vku bych v\u00e1m cestou k&nbsp;chorvatsk\u00e9mu mo\u0159i doporu\u010dila. Je to hned za hranicemi se Slovinskem, tak\u017ee v&nbsp;par\u00e1dn\u00edm m\u00edst\u011b, kde se hod\u00ed nabrat s\u00edly a t\u0159eba p\u0159enocovat. Hrad Trako\u0161\u0107an je kr\u00e1sn\u00fd a p\u0159ibli\u017en\u011b 40 kilometr\u016f odsud najdete kemp s&nbsp;term\u00e1ln\u00edmi l\u00e1zn\u011bmi. To se ur\u010dit\u011b hod\u00ed i v&nbsp;p\u0159\u00edpad\u011b, \u017ee by v\u00e1m zkr\u00e1tka u toho mo\u0159e nevy\u0161lo po\u010das\u00ed. Mimochodem, hrad je perfektn\u00ed zast\u00e1vka na to trochu se prospat a zat\u00edm nechat vyv\u011btrat rodinu. <\/strong><\/h4>\n\n\n\n<figure class=\"wp-block-image size-large\"><img loading=\"lazy\" decoding=\"async\" width=\"1920\" height=\"1080\" src=\"https:\/\/all4camper.com\/\/wp-content\/uploads\/2020\/08\/camp-vita-terme-tuhelj-023.jpg\" alt=\"\" class=\"wp-image-87695\" srcset=\"https:\/\/all4camper.com\/wp-content\/uploads\/2020\/08\/camp-vita-terme-tuhelj-023.jpg 1920w, https:\/\/all4camper.com\/wp-content\/uploads\/2020\/08\/camp-vita-terme-tuhelj-023-300x169.jpg 300w, https:\/\/all4camper.com\/wp-content\/uploads\/2020\/08\/camp-vita-terme-tuhelj-023-150x84.jpg 150w, https:\/\/all4camper.com\/wp-content\/uploads\/2020\/08\/camp-vita-terme-tuhelj-023-768x432.jpg 768w, https:\/\/all4camper.com\/wp-content\/uploads\/2020\/08\/camp-vita-terme-tuhelj-023-1536x864.jpg 1536w, https:\/\/all4camper.com\/wp-content\/uploads\/2020\/08\/camp-vita-terme-tuhelj-023-678x381.jpg 678w\" sizes=\"auto, (max-width: 1920px) 100vw, 1920px\" \/><\/figure>\n\n\n\n<h3 class=\"wp-block-heading\"><strong>Hrad\nTrako\u0161\u0107an<\/strong><\/h3>\n\n\n\n<p>Trako\u0161\u0107\u00e1n je hrad v severn\u00edm Chorvatsku. <a aria-label=\" (opens in a new tab)\" href=\"https:\/\/www.trakoscan.hr\/index-en.html\" target=\"_blank\" rel=\"noreferrer noopener\">trakoscan<\/a> Najdete jej na silnici 508, na kterou je sjezd za (nebo p\u0159ed, podle toho, z&nbsp;kter\u00e9 strany jedete) hrani\u010dn\u00edm p\u0159echodem Macelj. Je to dob\u0159e a p\u0159ehledn\u011b zna\u010deno. Hrad poch\u00e1z\u00ed ze 13. stolet\u00ed a p\u016fvodn\u011b se jednalo o str\u00e1\u017en\u00ed pevnost. Tenhle historick\u00fd skvost je vystav\u011bn uprost\u0159ed kr\u00e1sn\u00e9 zahrady, a to p\u0159\u00edmo nad jezerem. Je to i par\u00e1dn\u00ed zast\u00e1vka, na kterou m\u016f\u017eete nal\u00e1kat d\u011bti. V&nbsp;tomhle p\u0159\u00edpad\u011b to lze i vy\u0159e\u0161it tak, \u017ee se jedna skupina odebere na prohl\u00eddku, zat\u00edmco \u0159idi\u010d se trochu prosp\u00ed, jak u\u017e jsem zmi\u0148ovala v \u00favodu. Nejen pro n\u011bj je kdy\u017etak velmi podrobn\u00e1 virtu\u00e1ln\u00ed prohl\u00eddka tady: <a aria-label=\" (opens in a new tab)\" href=\"http:\/\/www.trakoscan.hr\/360\/virtual-tour1\/\" target=\"_blank\" rel=\"noreferrer noopener\">virtual-tour<\/a><\/p>\n\n\n\n<figure class=\"wp-block-image size-large\"><img loading=\"lazy\" decoding=\"async\" width=\"1620\" height=\"1080\" src=\"https:\/\/all4camper.com\/\/wp-content\/uploads\/2020\/08\/trakoscan-4544654_1920-1620x1080.jpg\" alt=\"\" class=\"wp-image-87689\" srcset=\"https:\/\/all4camper.com\/wp-content\/uploads\/2020\/08\/trakoscan-4544654_1920-1620x1080.jpg 1620w, https:\/\/all4camper.com\/wp-content\/uploads\/2020\/08\/trakoscan-4544654_1920-300x200.jpg 300w, https:\/\/all4camper.com\/wp-content\/uploads\/2020\/08\/trakoscan-4544654_1920-150x100.jpg 150w, https:\/\/all4camper.com\/wp-content\/uploads\/2020\/08\/trakoscan-4544654_1920-768x512.jpg 768w, https:\/\/all4camper.com\/wp-content\/uploads\/2020\/08\/trakoscan-4544654_1920-1536x1024.jpg 1536w, https:\/\/all4camper.com\/wp-content\/uploads\/2020\/08\/trakoscan-4544654_1920.jpg 1920w\" sizes=\"auto, (max-width: 1620px) 100vw, 1620px\" \/><\/figure>\n\n\n\n<h3 class=\"wp-block-heading\"><strong>Par\u00e1dn\u00ed chorvatsk\u00e9 term\u00e1ln\u00ed l\u00e1zn\u011b s&nbsp;kempem<\/strong><\/h3>\n\n\n\n<p>Tak tady se v\u00e1m bude l\u00edbit. Terme Tuhelj jsou kempingov\u00fd, glampingov\u00fd, hotelov\u00fd, a hlavn\u011b term\u00e1ln\u00ed resort, kde si p\u0159i cest\u011b v\u00e1\u017en\u011b odpo\u010dinete. Jsou tu velk\u00e9 venkovn\u00ed i kryt\u00e9 term\u00e1ln\u00ed baz\u00e9ny, saunov\u00fd sv\u011bt (4 finsk\u00e9 sauny, 3 parn\u00ed sauny, v\u00ed\u0159ivka, relaxa\u010dn\u00ed m\u00edstnost s vodn\u00edmi postelemi), bary, restaurace, mno\u017estv\u00ed vy\u017eit\u00ed pro d\u011bti i l\u00e9\u010div\u00e9 bahno. Teplota term\u00e1ln\u00ed vody se pohybuje v rozmez\u00ed 27 a\u017e 34 stup\u0148\u016f \u2013 ta nejni\u017e\u0161\u00ed je v plaveck\u00e9m baz\u00e9nu. Relaxovat m\u016f\u017eete v odpo\u010dinkov\u00fdch z\u00f3n\u00e1ch, d\u011bti, ale i mnoz\u00ed dosp\u011bl\u00ed, ocen\u00ed zase n\u011bkolik tobog\u00e1n\u016f a ob\u0159\u00ed skluzavky. Kemp je p\u0159\u00edmo spojen s\u00a0term\u00e1ln\u00edmi l\u00e1zn\u011bmi a \u010dekaj\u00ed na v\u00e1s par\u00e1dn\u00ed velk\u00e1 m\u00edsta. Kr\u00e1sn\u011b je to ostatn\u011b vid\u011bt i na prvn\u00ed fotce. V\u00a0r\u00e1mci ubytov\u00e1n\u00ed v\u00a0kempu si lze domluvit stravov\u00e1n\u00ed v\u00a0hotelu (i varianta all inclusive s n\u00e1poji) a nab\u00edzej\u00ed t\u0159eba i degustace v\u00edna na hrad\u011b Mihanovi\u0107. <a aria-label=\" (opens in a new tab)\" href=\"https:\/\/www.terme-tuhelj.hr\/\" target=\"_blank\" rel=\"noreferrer noopener\">terme-tuhelj<\/a><\/p>\n\n\n\n<figure class=\"wp-block-image size-large\"><img loading=\"lazy\" decoding=\"async\" width=\"1920\" height=\"1080\" src=\"https:\/\/all4camper.com\/\/wp-content\/uploads\/2020\/08\/outdoor-water-planet-terme-tuhelj-302.jpg\" alt=\"\" class=\"wp-image-87691\" srcset=\"https:\/\/all4camper.com\/wp-content\/uploads\/2020\/08\/outdoor-water-planet-terme-tuhelj-302.jpg 1920w, https:\/\/all4camper.com\/wp-content\/uploads\/2020\/08\/outdoor-water-planet-terme-tuhelj-302-300x169.jpg 300w, https:\/\/all4camper.com\/wp-content\/uploads\/2020\/08\/outdoor-water-planet-terme-tuhelj-302-150x84.jpg 150w, https:\/\/all4camper.com\/wp-content\/uploads\/2020\/08\/outdoor-water-planet-terme-tuhelj-302-768x432.jpg 768w, https:\/\/all4camper.com\/wp-content\/uploads\/2020\/08\/outdoor-water-planet-terme-tuhelj-302-1536x864.jpg 1536w, https:\/\/all4camper.com\/wp-content\/uploads\/2020\/08\/outdoor-water-planet-terme-tuhelj-302-678x381.jpg 678w\" sizes=\"auto, (max-width: 1920px) 100vw, 1920px\" \/><\/figure>\n","protected":false},"excerpt":{"rendered":"<p>Existuj\u00ed cestovatel\u00e9, kte\u0159\u00ed prost\u011b jedou a jedou (samoz\u0159ejm\u011b, pokud je to bezpe\u010dn\u00e9), dokud nedoraz\u00ed do c\u00edle. A pak ti, kte\u0159\u00ed berou my\u0161lenku, \u017ee cesta je c\u00edl, doslova a r\u00e1di nav\u0161t\u011bvuj\u00ed r\u016fzn\u00e9 zaj\u00edmavosti u\u017e b\u011bhem \u201ep\u0159esunu\u201c kamkoli. A\u0165 pat\u0159\u00edte do kter\u00e9koli skupiny, tuhle zast\u00e1vku bych v\u00e1m cestou k&nbsp;chorvatsk\u00e9mu mo\u0159i doporu\u010dila. Je to hned za hranicemi se [&hellip;]<\/p>\n","protected":false},"author":161,"featured_media":87696,"comment_status":"closed","ping_status":"open","sticky":false,"template":"","format":"standard","meta":{"_monsterinsights_skip_tracking":false,"_monsterinsights_sitenote_active":false,"_monsterinsights_sitenote_note":"","_monsterinsights_sitenote_category":0,"footnotes":""},"categories":[2382,68,422,342],"tags":[112,81],"class_list":{"0":"post-87686","1":"post","2":"type-post","3":"status-publish","4":"format-standard","5":"has-post-thumbnail","7":"category-kempovani-a-cestovani-v-chorvatsku","8":"category-kempovani-a-zajimave-cile","9":"category-novinky-kempovani-a-karavaning","10":"category-termalni-lazne-a-aquaparky-zabavni-parky","11":"tag-chorvatsko","12":"tag-termalni-lazne"},"yoast_head":"<!-- This site is optimized with the Yoast SEO plugin v27.5 - https:\/\/yoast.com\/product\/yoast-seo-wordpress\/ -->\n<title>Chorvatsk\u00fd hrad Trako\u0161\u0107an a kr\u00e1sn\u00fd kemp s term\u00e1ln\u00edmi l\u00e1zn\u011bmi - All4Camper<\/title>\n<meta name=\"description\" content=\"All4Camper - Chorvatsk\u00fd hrad Trako\u0161\u0107an a kr\u00e1sn\u00fd kemp s term\u00e1ln\u00edmi l\u00e1zn\u011bmi\" \/>\n<meta name=\"robots\" content=\"index, follow, max-snippet:-1, max-image-preview:large, max-video-preview:-1\" \/>\n<link rel=\"canonical\" href=\"https:\/\/all4camper.com\/cs\/chorvatsky-hrad-trakoscan-a-krasny-kemp-s-termalnimi-laznemi\/\" \/>\n<meta property=\"og:locale\" content=\"cs_CZ\" \/>\n<meta property=\"og:type\" content=\"article\" \/>\n<meta property=\"og:title\" content=\"Chorvatsk\u00fd hrad Trako\u0161\u0107an a kr\u00e1sn\u00fd kemp s term\u00e1ln\u00edmi l\u00e1zn\u011bmi - All4Camper\" \/>\n<meta property=\"og:description\" content=\"All4Camper - Chorvatsk\u00fd hrad Trako\u0161\u0107an a kr\u00e1sn\u00fd kemp s term\u00e1ln\u00edmi l\u00e1zn\u011bmi\" \/>\n<meta property=\"og:url\" content=\"https:\/\/all4camper.com\/cs\/chorvatsky-hrad-trakoscan-a-krasny-kemp-s-termalnimi-laznemi\/\" \/>\n<meta property=\"og:site_name\" content=\"All4Camper\" \/>\n<meta property=\"article:published_time\" content=\"2020-08-12T05:43:51+00:00\" \/>\n<meta property=\"article:modified_time\" content=\"2020-08-12T05:43:57+00:00\" \/>\n<meta property=\"og:image\" content=\"https:\/\/all4camper.com\/wp-content\/uploads\/2020\/08\/tuhezmen.jpg\" \/>\n\t<meta property=\"og:image:width\" content=\"1200\" \/>\n\t<meta property=\"og:image:height\" content=\"700\" \/>\n\t<meta property=\"og:image:type\" content=\"image\/jpeg\" \/>\n<meta name=\"author\" content=\"Kate\u0159ina\" \/>\n<meta name=\"twitter:card\" content=\"summary_large_image\" \/>\n<meta name=\"twitter:label1\" content=\"Napsal(a)\" \/>\n\t<meta name=\"twitter:data1\" content=\"Kate\u0159ina\" \/>\n\t<meta name=\"twitter:label2\" content=\"Odhadovan\u00e1 doba \u010dten\u00ed\" \/>\n\t<meta name=\"twitter:data2\" content=\"2 minuty\" \/>\n<script type=\"application\/ld+json\" class=\"yoast-schema-graph\">{\"@context\":\"https:\\\/\\\/schema.org\",\"@graph\":[{\"@type\":\"Article\",\"@id\":\"https:\\\/\\\/all4camper.com\\\/cs\\\/chorvatsky-hrad-trakoscan-a-krasny-kemp-s-termalnimi-laznemi\\\/#article\",\"isPartOf\":{\"@id\":\"https:\\\/\\\/all4camper.com\\\/cs\\\/chorvatsky-hrad-trakoscan-a-krasny-kemp-s-termalnimi-laznemi\\\/\"},\"author\":{\"name\":\"Kate\u0159ina\",\"@id\":\"https:\\\/\\\/all4camper.com\\\/cs\\\/#\\\/schema\\\/person\\\/9349489688d4c221ca0fc39ae6bcb70b\"},\"headline\":\"Chorvatsk\u00fd hrad Trako\u0161\u0107an a kr\u00e1sn\u00fd kemp s term\u00e1ln\u00edmi l\u00e1zn\u011bmi\",\"datePublished\":\"2020-08-12T05:43:51+00:00\",\"dateModified\":\"2020-08-12T05:43:57+00:00\",\"mainEntityOfPage\":{\"@id\":\"https:\\\/\\\/all4camper.com\\\/cs\\\/chorvatsky-hrad-trakoscan-a-krasny-kemp-s-termalnimi-laznemi\\\/\"},\"wordCount\":505,\"publisher\":{\"@id\":\"https:\\\/\\\/all4camper.com\\\/cs\\\/#organization\"},\"image\":{\"@id\":\"https:\\\/\\\/all4camper.com\\\/cs\\\/chorvatsky-hrad-trakoscan-a-krasny-kemp-s-termalnimi-laznemi\\\/#primaryimage\"},\"thumbnailUrl\":\"https:\\\/\\\/all4camper.com\\\/wp-content\\\/uploads\\\/2020\\\/08\\\/tuhezmen.jpg\",\"keywords\":[\"Chorvatsko\",\"Term\u00e1ln\u00ed l\u00e1zn\u011b\"],\"articleSection\":[\"Kempov\u00e1n\u00ed a cestov\u00e1n\u00ed v Chorvatsku\",\"Kempy a zaj\u00edmav\u00e1 m\u00edsta\",\"Novinky - Kempov\u00e1n\u00ed a karavaning\",\"Term\u00e1ln\u00ed l\u00e1zn\u011b, akvaparky a z\u00e1bavn\u00ed parky\"],\"inLanguage\":\"cs\"},{\"@type\":\"WebPage\",\"@id\":\"https:\\\/\\\/all4camper.com\\\/cs\\\/chorvatsky-hrad-trakoscan-a-krasny-kemp-s-termalnimi-laznemi\\\/\",\"url\":\"https:\\\/\\\/all4camper.com\\\/cs\\\/chorvatsky-hrad-trakoscan-a-krasny-kemp-s-termalnimi-laznemi\\\/\",\"name\":\"Chorvatsk\u00fd hrad Trako\u0161\u0107an a kr\u00e1sn\u00fd kemp s term\u00e1ln\u00edmi l\u00e1zn\u011bmi - All4Camper\",\"isPartOf\":{\"@id\":\"https:\\\/\\\/all4camper.com\\\/cs\\\/#website\"},\"primaryImageOfPage\":{\"@id\":\"https:\\\/\\\/all4camper.com\\\/cs\\\/chorvatsky-hrad-trakoscan-a-krasny-kemp-s-termalnimi-laznemi\\\/#primaryimage\"},\"image\":{\"@id\":\"https:\\\/\\\/all4camper.com\\\/cs\\\/chorvatsky-hrad-trakoscan-a-krasny-kemp-s-termalnimi-laznemi\\\/#primaryimage\"},\"thumbnailUrl\":\"https:\\\/\\\/all4camper.com\\\/wp-content\\\/uploads\\\/2020\\\/08\\\/tuhezmen.jpg\",\"datePublished\":\"2020-08-12T05:43:51+00:00\",\"dateModified\":\"2020-08-12T05:43:57+00:00\",\"description\":\"All4Camper - Chorvatsk\u00fd hrad Trako\u0161\u0107an a kr\u00e1sn\u00fd kemp s term\u00e1ln\u00edmi l\u00e1zn\u011bmi\",\"breadcrumb\":{\"@id\":\"https:\\\/\\\/all4camper.com\\\/cs\\\/chorvatsky-hrad-trakoscan-a-krasny-kemp-s-termalnimi-laznemi\\\/#breadcrumb\"},\"inLanguage\":\"cs\",\"potentialAction\":[{\"@type\":\"ReadAction\",\"target\":[\"https:\\\/\\\/all4camper.com\\\/cs\\\/chorvatsky-hrad-trakoscan-a-krasny-kemp-s-termalnimi-laznemi\\\/\"]}]},{\"@type\":\"ImageObject\",\"inLanguage\":\"cs\",\"@id\":\"https:\\\/\\\/all4camper.com\\\/cs\\\/chorvatsky-hrad-trakoscan-a-krasny-kemp-s-termalnimi-laznemi\\\/#primaryimage\",\"url\":\"https:\\\/\\\/all4camper.com\\\/wp-content\\\/uploads\\\/2020\\\/08\\\/tuhezmen.jpg\",\"contentUrl\":\"https:\\\/\\\/all4camper.com\\\/wp-content\\\/uploads\\\/2020\\\/08\\\/tuhezmen.jpg\",\"width\":1200,\"height\":700},{\"@type\":\"BreadcrumbList\",\"@id\":\"https:\\\/\\\/all4camper.com\\\/cs\\\/chorvatsky-hrad-trakoscan-a-krasny-kemp-s-termalnimi-laznemi\\\/#breadcrumb\",\"itemListElement\":[{\"@type\":\"ListItem\",\"position\":1,\"name\":\"Dom\u016f\",\"item\":\"https:\\\/\\\/all4camper.com\\\/cs\\\/\"},{\"@type\":\"ListItem\",\"position\":2,\"name\":\"Kempov\u00e1n\u00ed a cestov\u00e1n\u00ed v Chorvatsku\",\"item\":\"https:\\\/\\\/all4camper.com\\\/cs\\\/category\\\/kempovani-a-cestovani-v-chorvatsku\\\/\"},{\"@type\":\"ListItem\",\"position\":3,\"name\":\"Chorvatsk\u00fd hrad Trako\u0161\u0107an a kr\u00e1sn\u00fd kemp s term\u00e1ln\u00edmi l\u00e1zn\u011bmi\"}]},{\"@type\":\"WebSite\",\"@id\":\"https:\\\/\\\/all4camper.com\\\/cs\\\/#website\",\"url\":\"https:\\\/\\\/all4camper.com\\\/cs\\\/\",\"name\":\"All4Camper\",\"description\":\"Nejv\u011bt\u0161\u00ed online magaz\u00edn o kempov\u00e1n\u00ed a karavaninku. V\u00edce jak 900 \u010dl\u00e1nk\u016f pln\u00fdch rad a tip\u016f o kempech a kempov\u00e1n\u00ed.\",\"publisher\":{\"@id\":\"https:\\\/\\\/all4camper.com\\\/cs\\\/#organization\"},\"potentialAction\":[{\"@type\":\"SearchAction\",\"target\":{\"@type\":\"EntryPoint\",\"urlTemplate\":\"https:\\\/\\\/all4camper.com\\\/cs\\\/?s={search_term_string}\"},\"query-input\":{\"@type\":\"PropertyValueSpecification\",\"valueRequired\":true,\"valueName\":\"search_term_string\"}}],\"inLanguage\":\"cs\"},{\"@type\":\"Organization\",\"@id\":\"https:\\\/\\\/all4camper.com\\\/cs\\\/#organization\",\"name\":\"All4Camper - kempujeme s Kl\u00e1rou\",\"url\":\"https:\\\/\\\/all4camper.com\\\/cs\\\/\",\"logo\":{\"@type\":\"ImageObject\",\"inLanguage\":\"cs\",\"@id\":\"https:\\\/\\\/all4camper.com\\\/cs\\\/#\\\/schema\\\/logo\\\/image\\\/\",\"url\":\"https:\\\/\\\/all4camper.com\\\/wp-content\\\/uploads\\\/2018\\\/09\\\/novelogo.png\",\"contentUrl\":\"https:\\\/\\\/all4camper.com\\\/wp-content\\\/uploads\\\/2018\\\/09\\\/novelogo.png\",\"width\":1520,\"height\":600,\"caption\":\"All4Camper - kempujeme s Kl\u00e1rou\"},\"image\":{\"@id\":\"https:\\\/\\\/all4camper.com\\\/cs\\\/#\\\/schema\\\/logo\\\/image\\\/\"}},{\"@type\":\"Person\",\"@id\":\"https:\\\/\\\/all4camper.com\\\/cs\\\/#\\\/schema\\\/person\\\/9349489688d4c221ca0fc39ae6bcb70b\",\"name\":\"Kate\u0159ina\",\"url\":\"https:\\\/\\\/all4camper.com\\\/cs\\\/author\\\/kterina\\\/\"}]}<\/script>\n<!-- \/ Yoast SEO plugin. -->","yoast_head_json":{"title":"Chorvatsk\u00fd hrad Trako\u0161\u0107an a kr\u00e1sn\u00fd kemp s term\u00e1ln\u00edmi l\u00e1zn\u011bmi - All4Camper","description":"All4Camper - Chorvatsk\u00fd hrad Trako\u0161\u0107an a kr\u00e1sn\u00fd kemp s term\u00e1ln\u00edmi l\u00e1zn\u011bmi","robots":{"index":"index","follow":"follow","max-snippet":"max-snippet:-1","max-image-preview":"max-image-preview:large","max-video-preview":"max-video-preview:-1"},"canonical":"https:\/\/all4camper.com\/cs\/chorvatsky-hrad-trakoscan-a-krasny-kemp-s-termalnimi-laznemi\/","og_locale":"cs_CZ","og_type":"article","og_title":"Chorvatsk\u00fd hrad Trako\u0161\u0107an a kr\u00e1sn\u00fd kemp s term\u00e1ln\u00edmi l\u00e1zn\u011bmi - All4Camper","og_description":"All4Camper - Chorvatsk\u00fd hrad Trako\u0161\u0107an a kr\u00e1sn\u00fd kemp s term\u00e1ln\u00edmi l\u00e1zn\u011bmi","og_url":"https:\/\/all4camper.com\/cs\/chorvatsky-hrad-trakoscan-a-krasny-kemp-s-termalnimi-laznemi\/","og_site_name":"All4Camper","article_published_time":"2020-08-12T05:43:51+00:00","article_modified_time":"2020-08-12T05:43:57+00:00","og_image":[{"width":1200,"height":700,"url":"https:\/\/all4camper.com\/wp-content\/uploads\/2020\/08\/tuhezmen.jpg","type":"image\/jpeg"}],"author":"Kate\u0159ina","twitter_card":"summary_large_image","twitter_misc":{"Napsal(a)":"Kate\u0159ina","Odhadovan\u00e1 doba \u010dten\u00ed":"2 minuty"},"schema":{"@context":"https:\/\/schema.org","@graph":[{"@type":"Article","@id":"https:\/\/all4camper.com\/cs\/chorvatsky-hrad-trakoscan-a-krasny-kemp-s-termalnimi-laznemi\/#article","isPartOf":{"@id":"https:\/\/all4camper.com\/cs\/chorvatsky-hrad-trakoscan-a-krasny-kemp-s-termalnimi-laznemi\/"},"author":{"name":"Kate\u0159ina","@id":"https:\/\/all4camper.com\/cs\/#\/schema\/person\/9349489688d4c221ca0fc39ae6bcb70b"},"headline":"Chorvatsk\u00fd hrad Trako\u0161\u0107an a kr\u00e1sn\u00fd kemp s term\u00e1ln\u00edmi l\u00e1zn\u011bmi","datePublished":"2020-08-12T05:43:51+00:00","dateModified":"2020-08-12T05:43:57+00:00","mainEntityOfPage":{"@id":"https:\/\/all4camper.com\/cs\/chorvatsky-hrad-trakoscan-a-krasny-kemp-s-termalnimi-laznemi\/"},"wordCount":505,"publisher":{"@id":"https:\/\/all4camper.com\/cs\/#organization"},"image":{"@id":"https:\/\/all4camper.com\/cs\/chorvatsky-hrad-trakoscan-a-krasny-kemp-s-termalnimi-laznemi\/#primaryimage"},"thumbnailUrl":"https:\/\/all4camper.com\/wp-content\/uploads\/2020\/08\/tuhezmen.jpg","keywords":["Chorvatsko","Term\u00e1ln\u00ed l\u00e1zn\u011b"],"articleSection":["Kempov\u00e1n\u00ed a cestov\u00e1n\u00ed v Chorvatsku","Kempy a zaj\u00edmav\u00e1 m\u00edsta","Novinky - Kempov\u00e1n\u00ed a karavaning","Term\u00e1ln\u00ed l\u00e1zn\u011b, akvaparky a z\u00e1bavn\u00ed parky"],"inLanguage":"cs"},{"@type":"WebPage","@id":"https:\/\/all4camper.com\/cs\/chorvatsky-hrad-trakoscan-a-krasny-kemp-s-termalnimi-laznemi\/","url":"https:\/\/all4camper.com\/cs\/chorvatsky-hrad-trakoscan-a-krasny-kemp-s-termalnimi-laznemi\/","name":"Chorvatsk\u00fd hrad Trako\u0161\u0107an a kr\u00e1sn\u00fd kemp s term\u00e1ln\u00edmi l\u00e1zn\u011bmi - All4Camper","isPartOf":{"@id":"https:\/\/all4camper.com\/cs\/#website"},"primaryImageOfPage":{"@id":"https:\/\/all4camper.com\/cs\/chorvatsky-hrad-trakoscan-a-krasny-kemp-s-termalnimi-laznemi\/#primaryimage"},"image":{"@id":"https:\/\/all4camper.com\/cs\/chorvatsky-hrad-trakoscan-a-krasny-kemp-s-termalnimi-laznemi\/#primaryimage"},"thumbnailUrl":"https:\/\/all4camper.com\/wp-content\/uploads\/2020\/08\/tuhezmen.jpg","datePublished":"2020-08-12T05:43:51+00:00","dateModified":"2020-08-12T05:43:57+00:00","description":"All4Camper - Chorvatsk\u00fd hrad Trako\u0161\u0107an a kr\u00e1sn\u00fd kemp s term\u00e1ln\u00edmi l\u00e1zn\u011bmi","breadcrumb":{"@id":"https:\/\/all4camper.com\/cs\/chorvatsky-hrad-trakoscan-a-krasny-kemp-s-termalnimi-laznemi\/#breadcrumb"},"inLanguage":"cs","potentialAction":[{"@type":"ReadAction","target":["https:\/\/all4camper.com\/cs\/chorvatsky-hrad-trakoscan-a-krasny-kemp-s-termalnimi-laznemi\/"]}]},{"@type":"ImageObject","inLanguage":"cs","@id":"https:\/\/all4camper.com\/cs\/chorvatsky-hrad-trakoscan-a-krasny-kemp-s-termalnimi-laznemi\/#primaryimage","url":"https:\/\/all4camper.com\/wp-content\/uploads\/2020\/08\/tuhezmen.jpg","contentUrl":"https:\/\/all4camper.com\/wp-content\/uploads\/2020\/08\/tuhezmen.jpg","width":1200,"height":700},{"@type":"BreadcrumbList","@id":"https:\/\/all4camper.com\/cs\/chorvatsky-hrad-trakoscan-a-krasny-kemp-s-termalnimi-laznemi\/#breadcrumb","itemListElement":[{"@type":"ListItem","position":1,"name":"Dom\u016f","item":"https:\/\/all4camper.com\/cs\/"},{"@type":"ListItem","position":2,"name":"Kempov\u00e1n\u00ed a cestov\u00e1n\u00ed v Chorvatsku","item":"https:\/\/all4camper.com\/cs\/category\/kempovani-a-cestovani-v-chorvatsku\/"},{"@type":"ListItem","position":3,"name":"Chorvatsk\u00fd hrad Trako\u0161\u0107an a kr\u00e1sn\u00fd kemp s term\u00e1ln\u00edmi l\u00e1zn\u011bmi"}]},{"@type":"WebSite","@id":"https:\/\/all4camper.com\/cs\/#website","url":"https:\/\/all4camper.com\/cs\/","name":"All4Camper","description":"Nejv\u011bt\u0161\u00ed online magaz\u00edn o kempov\u00e1n\u00ed a karavaninku. V\u00edce jak 900 \u010dl\u00e1nk\u016f pln\u00fdch rad a tip\u016f o kempech a kempov\u00e1n\u00ed.","publisher":{"@id":"https:\/\/all4camper.com\/cs\/#organization"},"potentialAction":[{"@type":"SearchAction","target":{"@type":"EntryPoint","urlTemplate":"https:\/\/all4camper.com\/cs\/?s={search_term_string}"},"query-input":{"@type":"PropertyValueSpecification","valueRequired":true,"valueName":"search_term_string"}}],"inLanguage":"cs"},{"@type":"Organization","@id":"https:\/\/all4camper.com\/cs\/#organization","name":"All4Camper - kempujeme s Kl\u00e1rou","url":"https:\/\/all4camper.com\/cs\/","logo":{"@type":"ImageObject","inLanguage":"cs","@id":"https:\/\/all4camper.com\/cs\/#\/schema\/logo\/image\/","url":"https:\/\/all4camper.com\/wp-content\/uploads\/2018\/09\/novelogo.png","contentUrl":"https:\/\/all4camper.com\/wp-content\/uploads\/2018\/09\/novelogo.png","width":1520,"height":600,"caption":"All4Camper - kempujeme s Kl\u00e1rou"},"image":{"@id":"https:\/\/all4camper.com\/cs\/#\/schema\/logo\/image\/"}},{"@type":"Person","@id":"https:\/\/all4camper.com\/cs\/#\/schema\/person\/9349489688d4c221ca0fc39ae6bcb70b","name":"Kate\u0159ina","url":"https:\/\/all4camper.com\/cs\/author\/kterina\/"}]}},"_links":{"self":[{"href":"https:\/\/all4camper.com\/cs\/wp-json\/wp\/v2\/posts\/87686","targetHints":{"allow":["GET"]}}],"collection":[{"href":"https:\/\/all4camper.com\/cs\/wp-json\/wp\/v2\/posts"}],"about":[{"href":"https:\/\/all4camper.com\/cs\/wp-json\/wp\/v2\/types\/post"}],"author":[{"embeddable":true,"href":"https:\/\/all4camper.com\/cs\/wp-json\/wp\/v2\/users\/161"}],"replies":[{"embeddable":true,"href":"https:\/\/all4camper.com\/cs\/wp-json\/wp\/v2\/comments?post=87686"}],"version-history":[{"count":0,"href":"https:\/\/all4camper.com\/cs\/wp-json\/wp\/v2\/posts\/87686\/revisions"}],"wp:featuredmedia":[{"embeddable":true,"href":"https:\/\/all4camper.com\/cs\/wp-json\/wp\/v2\/media\/87696"}],"wp:attachment":[{"href":"https:\/\/all4camper.com\/cs\/wp-json\/wp\/v2\/media?parent=87686"}],"wp:term":[{"taxonomy":"category","embeddable":true,"href":"https:\/\/all4camper.com\/cs\/wp-json\/wp\/v2\/categories?post=87686"},{"taxonomy":"post_tag","embeddable":true,"href":"https:\/\/all4camper.com\/cs\/wp-json\/wp\/v2\/tags?post=87686"}],"curies":[{"name":"wp","href":"https:\/\/api.w.org\/{rel}","templated":true}]}}