{"id":87538,"date":"2020-07-31T07:52:17","date_gmt":"2020-07-31T05:52:17","guid":{"rendered":"https:\/\/all4camper.com\/\/?p=87538"},"modified":"2020-07-31T07:54:41","modified_gmt":"2020-07-31T05:54:41","slug":"karavanem-do-ekologickeho-kempu-v-zillertalu","status":"publish","type":"post","link":"https:\/\/all4camper.com\/cs\/karavanem-do-ekologickeho-kempu-v-zillertalu\/","title":{"rendered":"Karavanem do ekologick\u00e9ho kempu v Zillertalu"},"content":{"rendered":"\n<h4 class=\"wp-block-heading\"><strong>V p\u0159edn\u00ed \u010d\u00e1sti \u00fadol\u00ed Zillertal le\u017e\u00ed kr\u00e1sn\u00e1 obec F\u00fcgen <\/strong><a aria-label=\" (opens in a new tab)\" href=\"https:\/\/www.google.cz\/maps\/place\/F%C3%BCgen,+Rakousko\/@47.3470637,11.7079542,11z\/data=!4m5!3m4!1s0x4777d0d55e4c416b:0x40097572de69720!8m2!3d47.3469995!4d11.8493875\" target=\"_blank\" rel=\"noreferrer noopener\">Rakousko<\/a><strong>. A pr\u00e1v\u011b tam najdete resort \u201eNat\u00fcrlich Hell\u201c <\/strong><a aria-label=\" (opens in a new tab)\" href=\"https:\/\/www.hell-tirol.at\/\" target=\"_blank\" rel=\"noreferrer noopener\">hell-tirol<\/a><strong>, kter\u00fd jen nejen moc kr\u00e1sn\u00fd, ale tak\u00e9 pe\u010dliv\u011b db\u00e1 na udr\u017eiteln\u00e9 kempov\u00e1n\u00ed a bydlen\u00ed. <\/strong><\/h4>\n\n\n\n<figure class=\"wp-block-image size-large\"><img loading=\"lazy\" decoding=\"async\" width=\"1240\" height=\"531\" src=\"https:\/\/all4camper.com\/\/wp-content\/uploads\/2020\/07\/csm_Hells_Ferienresort_Ferienhaus_01_e69f0b6394.jpg\" alt=\"\" class=\"wp-image-87539\" srcset=\"https:\/\/all4camper.com\/wp-content\/uploads\/2020\/07\/csm_Hells_Ferienresort_Ferienhaus_01_e69f0b6394.jpg 1240w, https:\/\/all4camper.com\/wp-content\/uploads\/2020\/07\/csm_Hells_Ferienresort_Ferienhaus_01_e69f0b6394-300x128.jpg 300w, https:\/\/all4camper.com\/wp-content\/uploads\/2020\/07\/csm_Hells_Ferienresort_Ferienhaus_01_e69f0b6394-150x64.jpg 150w, https:\/\/all4camper.com\/wp-content\/uploads\/2020\/07\/csm_Hells_Ferienresort_Ferienhaus_01_e69f0b6394-768x329.jpg 768w\" sizes=\"auto, (max-width: 1240px) 100vw, 1240px\" \/><\/figure>\n\n\n\n<h3 class=\"wp-block-heading\"><strong>Kemp, kter\u00fd m\u00e1 r\u00e1d p\u0159\u00edrodu<\/strong><\/h3>\n\n\n\n<p>Jedn\u00e1 se o ekologick\u00fd resort rodiny Hell, kter\u00fd je obklopen\u00fd loukami a nab\u00edz\u00ed n\u00e1dhern\u00fd v\u00fdhled na hory. Um\u00edrn\u011bn\u00e9 zach\u00e1zen\u00ed s p\u0159\u00edrodn\u00edmi zdroji je pro majitele to nejd\u016fle\u017eit\u011bj\u0161\u00ed. Je to vid\u011bt kup\u0159\u00edkladu na p\u0159\u00edrodn\u00edm os\u00e1zen\u00ed kempu a t\u0159eba na st\u0159e\u0161e hlavn\u00ed budovy najdete v\u010del\u00ed \u00faly. D\u0159evo pro oblo\u017een\u00ed a parkety t\u0159in\u00e1cti vkusn\u00fdch apartm\u00e1n\u016f a \u010dty\u0159 zahradn\u00edch l\u00f3\u017e\u00ed poch\u00e1z\u00ed z tamn\u00edho regionu. O teplo se staraj\u00ed sol\u00e1rn\u00ed panely a peletov\u00e1 kamna. Promy\u0161len\u00fd syst\u00e9m \u0159\u00edd\u00ed a minimalizuje spot\u0159ebu energie tak\u00e9 ve wellness s kryt\u00fdm a venkovn\u00edm baz\u00e9nem, saunami a fitness m\u00edstnost\u00ed. D\u00edky \u010detn\u00fdm opat\u0159en\u00edm nese tento kemp Rakouskou zna\u010dku \u017eivotn\u00edho prost\u0159ed\u00ed, ekologickou zna\u010dku EU-Ecolabel a je to partner iniciativy \u201eklimaaktiv\u201c.<\/p>\n\n\n\n<figure class=\"wp-block-image size-large\"><img loading=\"lazy\" decoding=\"async\" width=\"1200\" height=\"600\" src=\"https:\/\/all4camper.com\/\/wp-content\/uploads\/2020\/07\/csm_herbstcamping_699cb709ee.jpg\" alt=\"\" class=\"wp-image-87540\" srcset=\"https:\/\/all4camper.com\/wp-content\/uploads\/2020\/07\/csm_herbstcamping_699cb709ee.jpg 1200w, https:\/\/all4camper.com\/wp-content\/uploads\/2020\/07\/csm_herbstcamping_699cb709ee-300x150.jpg 300w, https:\/\/all4camper.com\/wp-content\/uploads\/2020\/07\/csm_herbstcamping_699cb709ee-150x75.jpg 150w, https:\/\/all4camper.com\/wp-content\/uploads\/2020\/07\/csm_herbstcamping_699cb709ee-768x384.jpg 768w\" sizes=\"auto, (max-width: 1200px) 100vw, 1200px\" \/><\/figure>\n\n\n\n<h3 class=\"wp-block-heading\"> Co p\u0159esn\u011b \u010dekat od kempu<\/h3>\n\n\n\n<p>Jedn\u00e1 se o celoro\u010dn\u011b otev\u0159en\u00fd kemp, kter\u00fd nab\u00edz\u00ed kr\u00e1sn\u011b upraven\u00e1, velk\u00e1 st\u00e1n\u00ed. Moc p\u0159\u00edjemn\u00e9 je, \u017ee v&nbsp;r\u00e1mci ubytov\u00e1n\u00ed m\u016f\u017eete vyu\u017e\u00edvat i ji\u017e zm\u00edn\u011bn\u00e9 wellness, a to na celkov\u00e9 plo\u0161e 1500 \u010dtvere\u010dn\u00edch metr\u016f. Z&nbsp;vnit\u0159n\u00edho baz\u00e9nu je par\u00e1dn\u00ed panoramatick\u00fd v\u00fdhled, t\u011blo si proh\u0159ejete v&nbsp;saunov\u00e9m sv\u011bt\u011b a je tu dostatek vy\u017eit\u00ed i pro d\u011bti. <\/p>\n\n\n\n<figure class=\"wp-block-image size-large\"><img loading=\"lazy\" decoding=\"async\" width=\"1240\" height=\"531\" src=\"https:\/\/all4camper.com\/\/wp-content\/uploads\/2020\/07\/csm_Hells_Ferienresort_Indoorpool_001_e9773796ba.jpg\" alt=\"\" class=\"wp-image-87541\" srcset=\"https:\/\/all4camper.com\/wp-content\/uploads\/2020\/07\/csm_Hells_Ferienresort_Indoorpool_001_e9773796ba.jpg 1240w, https:\/\/all4camper.com\/wp-content\/uploads\/2020\/07\/csm_Hells_Ferienresort_Indoorpool_001_e9773796ba-300x128.jpg 300w, https:\/\/all4camper.com\/wp-content\/uploads\/2020\/07\/csm_Hells_Ferienresort_Indoorpool_001_e9773796ba-150x64.jpg 150w, https:\/\/all4camper.com\/wp-content\/uploads\/2020\/07\/csm_Hells_Ferienresort_Indoorpool_001_e9773796ba-768x329.jpg 768w\" sizes=\"auto, (max-width: 1240px) 100vw, 1240px\" \/><\/figure>\n\n\n\n<h3 class=\"wp-block-heading\">Co podniknout v&nbsp;okol\u00ed?<\/h3>\n\n\n\n<p>Nap\u0159\u00edklad v\u00fdlety do m\u011bst Innsbruck, Hall, Kufstein nebo Salzburg. V&nbsp;bl\u00edzkosti kempu proch\u00e1z\u00ed cyklostezka <a aria-label=\" (opens in a new tab)\" href=\"https:\/\/www.hell-tirol.at\/zillertal\/mountainbiken-radfahren\/\" target=\"_blank\" rel=\"noreferrer noopener\">radfahren<\/a>, ale i spousta tras pro p\u011b\u0161\u00ed t\u00fary, ferraty \u010di golfov\u00e9 h\u0159i\u0161t\u011b. A nemus\u00edte se nikam vyd\u00e1vat ani autem. Zast\u00e1vka Zillertalbahn <a aria-label=\" (opens in a new tab)\" href=\"https:\/\/www.zillertalbahn.at\/page.cfm?vpath=index\" target=\"_blank\" rel=\"noreferrer noopener\">zillertalbahn<\/a> je jen p\u00e1r minut ch\u016fze od kempu. Za n\u00e1svt\u011bvu stoj\u00ed i zlat\u00fd d\u016fl v Zellu <a aria-label=\" (opens in a new tab)\" href=\"https:\/\/www.goldschaubergwerk.com\/\" target=\"_blank\" rel=\"noreferrer noopener\">goldschaubergwerk<\/a>, nebo planet\u00e1rium a observato\u0159 K\u00f6nigsleiten <a aria-label=\" (opens in a new tab)\" href=\"https:\/\/www.fddb.org\/domes\/observatory-and-planetarium-konigsleiten-in-observatory-konigsleiten\/\" target=\"_blank\" rel=\"noreferrer noopener\">observatory<\/a>. Pokud jste gurm\u00e1ni, ur\u010dit\u011b se vydejte do Mayrhofenu a tam nav\u0161tivte ml\u00e9k\u00e1rnu&nbsp;ErlebnisSennerei \u2013 je to celkem 6.000 m\u00b2 velk\u00fd are\u00e1l. <a aria-label=\" (opens in a new tab)\" href=\"https:\/\/www.erlebnissennerei-zillertal.at\/online-shop\/\" target=\"_blank\" rel=\"noreferrer noopener\">erlebnissennerei<\/a> Z\u00e1\u017eitkem je i j\u00edzda po 100 let star\u00e9 \u017eeleznici. <a aria-label=\" (opens in a new tab)\" href=\"https:\/\/www.zillertalbahn.at\/page.cfm?vpath=index\" target=\"_blank\" rel=\"noreferrer noopener\">zillertalbahn<\/a><\/p>\n\n\n\n<figure class=\"wp-block-image size-large\"><img loading=\"lazy\" decoding=\"async\" width=\"600\" height=\"400\" src=\"https:\/\/all4camper.com\/\/wp-content\/uploads\/2020\/07\/csm_wandern02_e906829c41.jpg\" alt=\"\" class=\"wp-image-87542\" srcset=\"https:\/\/all4camper.com\/wp-content\/uploads\/2020\/07\/csm_wandern02_e906829c41.jpg 600w, https:\/\/all4camper.com\/wp-content\/uploads\/2020\/07\/csm_wandern02_e906829c41-300x200.jpg 300w, https:\/\/all4camper.com\/wp-content\/uploads\/2020\/07\/csm_wandern02_e906829c41-150x100.jpg 150w\" sizes=\"auto, (max-width: 600px) 100vw, 600px\" \/><\/figure>\n\n\n\n<p><em>Zdroj: Rakousk\u00e1 n\u00e1rodn\u00ed turistick\u00e1 cent\u00e1la \u00d6sterreich Werbung<\/em><\/p>\n","protected":false},"excerpt":{"rendered":"<p>V p\u0159edn\u00ed \u010d\u00e1sti \u00fadol\u00ed Zillertal le\u017e\u00ed kr\u00e1sn\u00e1 obec F\u00fcgen Rakousko. A pr\u00e1v\u011b tam najdete resort \u201eNat\u00fcrlich Hell\u201c hell-tirol, kter\u00fd jen nejen moc kr\u00e1sn\u00fd, ale tak\u00e9 pe\u010dliv\u011b db\u00e1 na udr\u017eiteln\u00e9 kempov\u00e1n\u00ed a bydlen\u00ed. Kemp, kter\u00fd m\u00e1 r\u00e1d p\u0159\u00edrodu Jedn\u00e1 se o ekologick\u00fd resort rodiny Hell, kter\u00fd je obklopen\u00fd loukami a nab\u00edz\u00ed n\u00e1dhern\u00fd v\u00fdhled na hory. Um\u00edrn\u011bn\u00e9 [&hellip;]<\/p>\n","protected":false},"author":161,"featured_media":87546,"comment_status":"closed","ping_status":"open","sticky":false,"template":"","format":"standard","meta":{"_monsterinsights_skip_tracking":false,"_monsterinsights_sitenote_active":false,"_monsterinsights_sitenote_note":"","_monsterinsights_sitenote_category":0,"footnotes":""},"categories":[2379,68,422],"tags":[101,105],"class_list":{"0":"post-87538","1":"post","2":"type-post","3":"status-publish","4":"format-standard","5":"has-post-thumbnail","7":"category-kempujeme-a-cestujeme-v-rakousku","8":"category-kempovani-a-zajimave-cile","9":"category-novinky-kempovani-a-karavaning","10":"tag-kempy-1","11":"tag-rakousko"},"yoast_head":"<!-- This site is optimized with the Yoast SEO plugin v27.4 - https:\/\/yoast.com\/product\/yoast-seo-wordpress\/ -->\n<title>Karavanem do ekologick\u00e9ho kempu v Zillertalu - All4Camper<\/title>\n<meta name=\"description\" content=\"All4Camper - Karavanem do ekologick\u00e9ho kempu v Zillertalu\" \/>\n<meta name=\"robots\" content=\"index, follow, max-snippet:-1, max-image-preview:large, max-video-preview:-1\" \/>\n<link rel=\"canonical\" href=\"https:\/\/all4camper.com\/cs\/karavanem-do-ekologickeho-kempu-v-zillertalu\/\" \/>\n<meta property=\"og:locale\" content=\"cs_CZ\" \/>\n<meta property=\"og:type\" content=\"article\" \/>\n<meta property=\"og:title\" content=\"Karavanem do ekologick\u00e9ho kempu v Zillertalu - All4Camper\" \/>\n<meta property=\"og:description\" content=\"All4Camper - Karavanem do ekologick\u00e9ho kempu v Zillertalu\" \/>\n<meta property=\"og:url\" content=\"https:\/\/all4camper.com\/cs\/karavanem-do-ekologickeho-kempu-v-zillertalu\/\" \/>\n<meta property=\"og:site_name\" content=\"All4Camper\" \/>\n<meta property=\"article:published_time\" content=\"2020-07-31T05:52:17+00:00\" \/>\n<meta property=\"article:modified_time\" content=\"2020-07-31T05:54:41+00:00\" \/>\n<meta property=\"og:image\" content=\"https:\/\/all4camper.com\/wp-content\/uploads\/2020\/07\/ZillZmens\u030ceny\u0301.jpg\" \/>\n\t<meta property=\"og:image:width\" content=\"1200\" \/>\n\t<meta property=\"og:image:height\" content=\"700\" \/>\n\t<meta property=\"og:image:type\" content=\"image\/jpeg\" \/>\n<meta name=\"author\" content=\"Kate\u0159ina\" \/>\n<meta name=\"twitter:card\" content=\"summary_large_image\" \/>\n<meta name=\"twitter:label1\" content=\"Napsal(a)\" \/>\n\t<meta name=\"twitter:data1\" content=\"Kate\u0159ina\" \/>\n\t<meta name=\"twitter:label2\" content=\"Odhadovan\u00e1 doba \u010dten\u00ed\" \/>\n\t<meta name=\"twitter:data2\" content=\"2 minuty\" \/>\n<script type=\"application\/ld+json\" class=\"yoast-schema-graph\">{\"@context\":\"https:\\\/\\\/schema.org\",\"@graph\":[{\"@type\":\"Article\",\"@id\":\"https:\\\/\\\/all4camper.com\\\/cs\\\/karavanem-do-ekologickeho-kempu-v-zillertalu\\\/#article\",\"isPartOf\":{\"@id\":\"https:\\\/\\\/all4camper.com\\\/cs\\\/karavanem-do-ekologickeho-kempu-v-zillertalu\\\/\"},\"author\":{\"name\":\"Kate\u0159ina\",\"@id\":\"https:\\\/\\\/all4camper.com\\\/cs\\\/#\\\/schema\\\/person\\\/9349489688d4c221ca0fc39ae6bcb70b\"},\"headline\":\"Karavanem do ekologick\u00e9ho kempu v Zillertalu\",\"datePublished\":\"2020-07-31T05:52:17+00:00\",\"dateModified\":\"2020-07-31T05:54:41+00:00\",\"mainEntityOfPage\":{\"@id\":\"https:\\\/\\\/all4camper.com\\\/cs\\\/karavanem-do-ekologickeho-kempu-v-zillertalu\\\/\"},\"wordCount\":424,\"publisher\":{\"@id\":\"https:\\\/\\\/all4camper.com\\\/cs\\\/#organization\"},\"image\":{\"@id\":\"https:\\\/\\\/all4camper.com\\\/cs\\\/karavanem-do-ekologickeho-kempu-v-zillertalu\\\/#primaryimage\"},\"thumbnailUrl\":\"https:\\\/\\\/all4camper.com\\\/wp-content\\\/uploads\\\/2020\\\/07\\\/ZillZmens\u030ceny\u0301.jpg\",\"keywords\":[\"Kempy a kempovac\u00ed m\u00edsta\",\"Rakousko\"],\"articleSection\":[\"Kempujeme a cestujeme v Rakousku\",\"Kempy a zaj\u00edmav\u00e1 m\u00edsta\",\"Novinky - Kempov\u00e1n\u00ed a karavaning\"],\"inLanguage\":\"cs\"},{\"@type\":\"WebPage\",\"@id\":\"https:\\\/\\\/all4camper.com\\\/cs\\\/karavanem-do-ekologickeho-kempu-v-zillertalu\\\/\",\"url\":\"https:\\\/\\\/all4camper.com\\\/cs\\\/karavanem-do-ekologickeho-kempu-v-zillertalu\\\/\",\"name\":\"Karavanem do ekologick\u00e9ho kempu v Zillertalu - All4Camper\",\"isPartOf\":{\"@id\":\"https:\\\/\\\/all4camper.com\\\/cs\\\/#website\"},\"primaryImageOfPage\":{\"@id\":\"https:\\\/\\\/all4camper.com\\\/cs\\\/karavanem-do-ekologickeho-kempu-v-zillertalu\\\/#primaryimage\"},\"image\":{\"@id\":\"https:\\\/\\\/all4camper.com\\\/cs\\\/karavanem-do-ekologickeho-kempu-v-zillertalu\\\/#primaryimage\"},\"thumbnailUrl\":\"https:\\\/\\\/all4camper.com\\\/wp-content\\\/uploads\\\/2020\\\/07\\\/ZillZmens\u030ceny\u0301.jpg\",\"datePublished\":\"2020-07-31T05:52:17+00:00\",\"dateModified\":\"2020-07-31T05:54:41+00:00\",\"description\":\"All4Camper - Karavanem do ekologick\u00e9ho kempu v Zillertalu\",\"breadcrumb\":{\"@id\":\"https:\\\/\\\/all4camper.com\\\/cs\\\/karavanem-do-ekologickeho-kempu-v-zillertalu\\\/#breadcrumb\"},\"inLanguage\":\"cs\",\"potentialAction\":[{\"@type\":\"ReadAction\",\"target\":[\"https:\\\/\\\/all4camper.com\\\/cs\\\/karavanem-do-ekologickeho-kempu-v-zillertalu\\\/\"]}]},{\"@type\":\"ImageObject\",\"inLanguage\":\"cs\",\"@id\":\"https:\\\/\\\/all4camper.com\\\/cs\\\/karavanem-do-ekologickeho-kempu-v-zillertalu\\\/#primaryimage\",\"url\":\"https:\\\/\\\/all4camper.com\\\/wp-content\\\/uploads\\\/2020\\\/07\\\/ZillZmens\u030ceny\u0301.jpg\",\"contentUrl\":\"https:\\\/\\\/all4camper.com\\\/wp-content\\\/uploads\\\/2020\\\/07\\\/ZillZmens\u030ceny\u0301.jpg\",\"width\":1200,\"height\":700},{\"@type\":\"BreadcrumbList\",\"@id\":\"https:\\\/\\\/all4camper.com\\\/cs\\\/karavanem-do-ekologickeho-kempu-v-zillertalu\\\/#breadcrumb\",\"itemListElement\":[{\"@type\":\"ListItem\",\"position\":1,\"name\":\"Dom\u016f\",\"item\":\"https:\\\/\\\/all4camper.com\\\/cs\\\/\"},{\"@type\":\"ListItem\",\"position\":2,\"name\":\"Kempujeme a cestujeme v Rakousku\",\"item\":\"https:\\\/\\\/all4camper.com\\\/cs\\\/category\\\/kempujeme-a-cestujeme-v-rakousku\\\/\"},{\"@type\":\"ListItem\",\"position\":3,\"name\":\"Karavanem do ekologick\u00e9ho kempu v Zillertalu\"}]},{\"@type\":\"WebSite\",\"@id\":\"https:\\\/\\\/all4camper.com\\\/cs\\\/#website\",\"url\":\"https:\\\/\\\/all4camper.com\\\/cs\\\/\",\"name\":\"All4Camper\",\"description\":\"Nejv\u011bt\u0161\u00ed online magaz\u00edn o kempov\u00e1n\u00ed a karavaninku. V\u00edce jak 900 \u010dl\u00e1nk\u016f pln\u00fdch rad a tip\u016f o kempech a kempov\u00e1n\u00ed.\",\"publisher\":{\"@id\":\"https:\\\/\\\/all4camper.com\\\/cs\\\/#organization\"},\"potentialAction\":[{\"@type\":\"SearchAction\",\"target\":{\"@type\":\"EntryPoint\",\"urlTemplate\":\"https:\\\/\\\/all4camper.com\\\/cs\\\/?s={search_term_string}\"},\"query-input\":{\"@type\":\"PropertyValueSpecification\",\"valueRequired\":true,\"valueName\":\"search_term_string\"}}],\"inLanguage\":\"cs\"},{\"@type\":\"Organization\",\"@id\":\"https:\\\/\\\/all4camper.com\\\/cs\\\/#organization\",\"name\":\"All4Camper - kempujeme s Kl\u00e1rou\",\"url\":\"https:\\\/\\\/all4camper.com\\\/cs\\\/\",\"logo\":{\"@type\":\"ImageObject\",\"inLanguage\":\"cs\",\"@id\":\"https:\\\/\\\/all4camper.com\\\/cs\\\/#\\\/schema\\\/logo\\\/image\\\/\",\"url\":\"https:\\\/\\\/all4camper.com\\\/wp-content\\\/uploads\\\/2018\\\/09\\\/novelogo.png\",\"contentUrl\":\"https:\\\/\\\/all4camper.com\\\/wp-content\\\/uploads\\\/2018\\\/09\\\/novelogo.png\",\"width\":1520,\"height\":600,\"caption\":\"All4Camper - kempujeme s Kl\u00e1rou\"},\"image\":{\"@id\":\"https:\\\/\\\/all4camper.com\\\/cs\\\/#\\\/schema\\\/logo\\\/image\\\/\"}},{\"@type\":\"Person\",\"@id\":\"https:\\\/\\\/all4camper.com\\\/cs\\\/#\\\/schema\\\/person\\\/9349489688d4c221ca0fc39ae6bcb70b\",\"name\":\"Kate\u0159ina\",\"url\":\"https:\\\/\\\/all4camper.com\\\/cs\\\/author\\\/kterina\\\/\"}]}<\/script>\n<!-- \/ Yoast SEO plugin. -->","yoast_head_json":{"title":"Karavanem do ekologick\u00e9ho kempu v Zillertalu - All4Camper","description":"All4Camper - Karavanem do ekologick\u00e9ho kempu v Zillertalu","robots":{"index":"index","follow":"follow","max-snippet":"max-snippet:-1","max-image-preview":"max-image-preview:large","max-video-preview":"max-video-preview:-1"},"canonical":"https:\/\/all4camper.com\/cs\/karavanem-do-ekologickeho-kempu-v-zillertalu\/","og_locale":"cs_CZ","og_type":"article","og_title":"Karavanem do ekologick\u00e9ho kempu v Zillertalu - All4Camper","og_description":"All4Camper - Karavanem do ekologick\u00e9ho kempu v Zillertalu","og_url":"https:\/\/all4camper.com\/cs\/karavanem-do-ekologickeho-kempu-v-zillertalu\/","og_site_name":"All4Camper","article_published_time":"2020-07-31T05:52:17+00:00","article_modified_time":"2020-07-31T05:54:41+00:00","og_image":[{"width":1200,"height":700,"url":"https:\/\/all4camper.com\/wp-content\/uploads\/2020\/07\/ZillZmens\u030ceny\u0301.jpg","type":"image\/jpeg"}],"author":"Kate\u0159ina","twitter_card":"summary_large_image","twitter_misc":{"Napsal(a)":"Kate\u0159ina","Odhadovan\u00e1 doba \u010dten\u00ed":"2 minuty"},"schema":{"@context":"https:\/\/schema.org","@graph":[{"@type":"Article","@id":"https:\/\/all4camper.com\/cs\/karavanem-do-ekologickeho-kempu-v-zillertalu\/#article","isPartOf":{"@id":"https:\/\/all4camper.com\/cs\/karavanem-do-ekologickeho-kempu-v-zillertalu\/"},"author":{"name":"Kate\u0159ina","@id":"https:\/\/all4camper.com\/cs\/#\/schema\/person\/9349489688d4c221ca0fc39ae6bcb70b"},"headline":"Karavanem do ekologick\u00e9ho kempu v Zillertalu","datePublished":"2020-07-31T05:52:17+00:00","dateModified":"2020-07-31T05:54:41+00:00","mainEntityOfPage":{"@id":"https:\/\/all4camper.com\/cs\/karavanem-do-ekologickeho-kempu-v-zillertalu\/"},"wordCount":424,"publisher":{"@id":"https:\/\/all4camper.com\/cs\/#organization"},"image":{"@id":"https:\/\/all4camper.com\/cs\/karavanem-do-ekologickeho-kempu-v-zillertalu\/#primaryimage"},"thumbnailUrl":"https:\/\/all4camper.com\/wp-content\/uploads\/2020\/07\/ZillZmens\u030ceny\u0301.jpg","keywords":["Kempy a kempovac\u00ed m\u00edsta","Rakousko"],"articleSection":["Kempujeme a cestujeme v Rakousku","Kempy a zaj\u00edmav\u00e1 m\u00edsta","Novinky - Kempov\u00e1n\u00ed a karavaning"],"inLanguage":"cs"},{"@type":"WebPage","@id":"https:\/\/all4camper.com\/cs\/karavanem-do-ekologickeho-kempu-v-zillertalu\/","url":"https:\/\/all4camper.com\/cs\/karavanem-do-ekologickeho-kempu-v-zillertalu\/","name":"Karavanem do ekologick\u00e9ho kempu v Zillertalu - All4Camper","isPartOf":{"@id":"https:\/\/all4camper.com\/cs\/#website"},"primaryImageOfPage":{"@id":"https:\/\/all4camper.com\/cs\/karavanem-do-ekologickeho-kempu-v-zillertalu\/#primaryimage"},"image":{"@id":"https:\/\/all4camper.com\/cs\/karavanem-do-ekologickeho-kempu-v-zillertalu\/#primaryimage"},"thumbnailUrl":"https:\/\/all4camper.com\/wp-content\/uploads\/2020\/07\/ZillZmens\u030ceny\u0301.jpg","datePublished":"2020-07-31T05:52:17+00:00","dateModified":"2020-07-31T05:54:41+00:00","description":"All4Camper - Karavanem do ekologick\u00e9ho kempu v Zillertalu","breadcrumb":{"@id":"https:\/\/all4camper.com\/cs\/karavanem-do-ekologickeho-kempu-v-zillertalu\/#breadcrumb"},"inLanguage":"cs","potentialAction":[{"@type":"ReadAction","target":["https:\/\/all4camper.com\/cs\/karavanem-do-ekologickeho-kempu-v-zillertalu\/"]}]},{"@type":"ImageObject","inLanguage":"cs","@id":"https:\/\/all4camper.com\/cs\/karavanem-do-ekologickeho-kempu-v-zillertalu\/#primaryimage","url":"https:\/\/all4camper.com\/wp-content\/uploads\/2020\/07\/ZillZmens\u030ceny\u0301.jpg","contentUrl":"https:\/\/all4camper.com\/wp-content\/uploads\/2020\/07\/ZillZmens\u030ceny\u0301.jpg","width":1200,"height":700},{"@type":"BreadcrumbList","@id":"https:\/\/all4camper.com\/cs\/karavanem-do-ekologickeho-kempu-v-zillertalu\/#breadcrumb","itemListElement":[{"@type":"ListItem","position":1,"name":"Dom\u016f","item":"https:\/\/all4camper.com\/cs\/"},{"@type":"ListItem","position":2,"name":"Kempujeme a cestujeme v Rakousku","item":"https:\/\/all4camper.com\/cs\/category\/kempujeme-a-cestujeme-v-rakousku\/"},{"@type":"ListItem","position":3,"name":"Karavanem do ekologick\u00e9ho kempu v Zillertalu"}]},{"@type":"WebSite","@id":"https:\/\/all4camper.com\/cs\/#website","url":"https:\/\/all4camper.com\/cs\/","name":"All4Camper","description":"Nejv\u011bt\u0161\u00ed online magaz\u00edn o kempov\u00e1n\u00ed a karavaninku. V\u00edce jak 900 \u010dl\u00e1nk\u016f pln\u00fdch rad a tip\u016f o kempech a kempov\u00e1n\u00ed.","publisher":{"@id":"https:\/\/all4camper.com\/cs\/#organization"},"potentialAction":[{"@type":"SearchAction","target":{"@type":"EntryPoint","urlTemplate":"https:\/\/all4camper.com\/cs\/?s={search_term_string}"},"query-input":{"@type":"PropertyValueSpecification","valueRequired":true,"valueName":"search_term_string"}}],"inLanguage":"cs"},{"@type":"Organization","@id":"https:\/\/all4camper.com\/cs\/#organization","name":"All4Camper - kempujeme s Kl\u00e1rou","url":"https:\/\/all4camper.com\/cs\/","logo":{"@type":"ImageObject","inLanguage":"cs","@id":"https:\/\/all4camper.com\/cs\/#\/schema\/logo\/image\/","url":"https:\/\/all4camper.com\/wp-content\/uploads\/2018\/09\/novelogo.png","contentUrl":"https:\/\/all4camper.com\/wp-content\/uploads\/2018\/09\/novelogo.png","width":1520,"height":600,"caption":"All4Camper - kempujeme s Kl\u00e1rou"},"image":{"@id":"https:\/\/all4camper.com\/cs\/#\/schema\/logo\/image\/"}},{"@type":"Person","@id":"https:\/\/all4camper.com\/cs\/#\/schema\/person\/9349489688d4c221ca0fc39ae6bcb70b","name":"Kate\u0159ina","url":"https:\/\/all4camper.com\/cs\/author\/kterina\/"}]}},"_links":{"self":[{"href":"https:\/\/all4camper.com\/cs\/wp-json\/wp\/v2\/posts\/87538","targetHints":{"allow":["GET"]}}],"collection":[{"href":"https:\/\/all4camper.com\/cs\/wp-json\/wp\/v2\/posts"}],"about":[{"href":"https:\/\/all4camper.com\/cs\/wp-json\/wp\/v2\/types\/post"}],"author":[{"embeddable":true,"href":"https:\/\/all4camper.com\/cs\/wp-json\/wp\/v2\/users\/161"}],"replies":[{"embeddable":true,"href":"https:\/\/all4camper.com\/cs\/wp-json\/wp\/v2\/comments?post=87538"}],"version-history":[{"count":0,"href":"https:\/\/all4camper.com\/cs\/wp-json\/wp\/v2\/posts\/87538\/revisions"}],"wp:featuredmedia":[{"embeddable":true,"href":"https:\/\/all4camper.com\/cs\/wp-json\/wp\/v2\/media\/87546"}],"wp:attachment":[{"href":"https:\/\/all4camper.com\/cs\/wp-json\/wp\/v2\/media?parent=87538"}],"wp:term":[{"taxonomy":"category","embeddable":true,"href":"https:\/\/all4camper.com\/cs\/wp-json\/wp\/v2\/categories?post=87538"},{"taxonomy":"post_tag","embeddable":true,"href":"https:\/\/all4camper.com\/cs\/wp-json\/wp\/v2\/tags?post=87538"}],"curies":[{"name":"wp","href":"https:\/\/api.w.org\/{rel}","templated":true}]}}