{"id":87352,"date":"2020-07-18T17:46:47","date_gmt":"2020-07-18T15:46:47","guid":{"rendered":"https:\/\/all4camper.com\/\/?p=87352"},"modified":"2020-07-19T12:08:20","modified_gmt":"2020-07-19T10:08:20","slug":"karavanem-do-kempu-ke-krimmelskym-vodopadum","status":"publish","type":"post","link":"https:\/\/all4camper.com\/cs\/karavanem-do-kempu-ke-krimmelskym-vodopadum\/","title":{"rendered":"Karavanem na dovolenou do kemp\u016f ke Krimmelsk\u00fdm vodop\u00e1d\u016fm"},"content":{"rendered":"\n<h4 class=\"wp-block-heading\"><strong>S v\u00fd\u0161kou 385 m pat\u0159\u00ed Krimmelsk\u00e9 vodop\u00e1dy k nejkr\u00e1sn\u011bj\u0161\u00edm vodop\u00e1d\u016fm v Evrop\u011b. U\u017e to stoj\u00ed za v\u00fdlet, ale budete p\u0159ekvapeni, jak par\u00e1dn\u011b se p\u0159\u00edmo v&nbsp;t\u00e9hle oblasti kempuje. <\/strong><\/h4>\n\n\n\n<figure class=\"wp-block-image size-large\"><img loading=\"lazy\" decoding=\"async\" width=\"1618\" height=\"1080\" src=\"https:\/\/all4camper.com\/\/wp-content\/uploads\/2020\/07\/00000033822_Nationalpark-Hohe-Tauern-Krimmler-Wasserfaelle_Oesterreich-Werbung_Reinhold-Leitner-1618x1080.jpg\" alt=\"\" class=\"wp-image-87353\" srcset=\"https:\/\/all4camper.com\/wp-content\/uploads\/2020\/07\/00000033822_Nationalpark-Hohe-Tauern-Krimmler-Wasserfaelle_Oesterreich-Werbung_Reinhold-Leitner-1618x1080.jpg 1618w, https:\/\/all4camper.com\/wp-content\/uploads\/2020\/07\/00000033822_Nationalpark-Hohe-Tauern-Krimmler-Wasserfaelle_Oesterreich-Werbung_Reinhold-Leitner-300x200.jpg 300w, https:\/\/all4camper.com\/wp-content\/uploads\/2020\/07\/00000033822_Nationalpark-Hohe-Tauern-Krimmler-Wasserfaelle_Oesterreich-Werbung_Reinhold-Leitner-150x100.jpg 150w, https:\/\/all4camper.com\/wp-content\/uploads\/2020\/07\/00000033822_Nationalpark-Hohe-Tauern-Krimmler-Wasserfaelle_Oesterreich-Werbung_Reinhold-Leitner-768x513.jpg 768w, https:\/\/all4camper.com\/wp-content\/uploads\/2020\/07\/00000033822_Nationalpark-Hohe-Tauern-Krimmler-Wasserfaelle_Oesterreich-Werbung_Reinhold-Leitner-1536x1025.jpg 1536w, https:\/\/all4camper.com\/wp-content\/uploads\/2020\/07\/00000033822_Nationalpark-Hohe-Tauern-Krimmler-Wasserfaelle_Oesterreich-Werbung_Reinhold-Leitner-2048x1367.jpg 2048w\" sizes=\"auto, (max-width: 1618px) 100vw, 1618px\" \/><\/figure>\n\n\n\n<h3 class=\"wp-block-heading\"><strong>Jedna z&nbsp;nejv\u011bt\u0161\u00edch p\u0159\u00edrodn\u00edch kr\u00e1s Rakouska<\/strong><\/h3>\n\n\n\n<p>Na rozhran\u00ed N\u00e1rodn\u00edho parku Vysok\u00e9 Taury (Hohe Tauern) a Zillertalsk\u00fdch Alp naleznete jeden z nejkr\u00e1sn\u011bj\u0161\u00edch p\u0159\u00edrodn\u00edch v\u00fdtvor\u016f nejen cel\u00e9ho Salcburska, ale podle mnoh\u00fdch tak\u00e9 cel\u00e9ho Rakouska. Krimmelsk\u00e9 vodop\u00e1dy (Krimmler Wasserf\u00e4lle) <strong><a aria-label=\" (opens in a new tab)\" href=\"https:\/\/www.wasserfaelle-krimml.at\/\" target=\"_blank\" rel=\"noreferrer noopener\">wasserfaelle-krimml<\/a> <\/strong>padaj\u00ed ve t\u0159ech stupn\u00edch z obdivuhodn\u00fdch 380 metr\u016f. Naleznete je na \u0159ece Krimmler Ache v povod\u00ed Salzach ve velice p\u016fsobiv\u00e9m skalnat\u00e9m \u00fadol\u00ed, kter\u00e9 vzniklo ji\u017e p\u0159ed zhruba 30 miliony let p\u0159i kolizi Africk\u00e9ho kontinentu s jednou z Evropsk\u00fdch pevninsk\u00fdch desek.<\/p>\n\n\n\n<figure class=\"wp-block-image size-large\"><img loading=\"lazy\" decoding=\"async\" width=\"1240\" height=\"531\" src=\"https:\/\/all4camper.com\/\/wp-content\/uploads\/2020\/07\/csm_00000039296_Nationalpark-Hohe-Tauern-Krimmler-Wasserfaelle_Oesterreich-Werbung_Reinhold-Leitner_b47742f23b.jpg\" alt=\"\" class=\"wp-image-87356\" srcset=\"https:\/\/all4camper.com\/wp-content\/uploads\/2020\/07\/csm_00000039296_Nationalpark-Hohe-Tauern-Krimmler-Wasserfaelle_Oesterreich-Werbung_Reinhold-Leitner_b47742f23b.jpg 1240w, https:\/\/all4camper.com\/wp-content\/uploads\/2020\/07\/csm_00000039296_Nationalpark-Hohe-Tauern-Krimmler-Wasserfaelle_Oesterreich-Werbung_Reinhold-Leitner_b47742f23b-300x128.jpg 300w, https:\/\/all4camper.com\/wp-content\/uploads\/2020\/07\/csm_00000039296_Nationalpark-Hohe-Tauern-Krimmler-Wasserfaelle_Oesterreich-Werbung_Reinhold-Leitner_b47742f23b-150x64.jpg 150w, https:\/\/all4camper.com\/wp-content\/uploads\/2020\/07\/csm_00000039296_Nationalpark-Hohe-Tauern-Krimmler-Wasserfaelle_Oesterreich-Werbung_Reinhold-Leitner_b47742f23b-768x329.jpg 768w\" sizes=\"auto, (max-width: 1240px) 100vw, 1240px\" \/><\/figure>\n\n\n\n<h3 class=\"wp-block-heading\"><strong>Tenhle v\u00fdlet\nprosp\u011bje i zdravotn\u011b<\/strong><\/h3>\n\n\n\n<p>Na prvn\u00ed pohled (a nad\u00fdchnut\u00ed) si v\u0161imnete mimo\u0159\u00e1dn\u00e9 sv\u011b\u017eesti okoln\u00ed p\u0159\u00edrody. Voda, t\u0159\u00ed\u0161t\u00edc\u00ed se p\u0159i p\u00e1du ze t\u0159\u00ed skalnat\u00fdch stup\u0148\u016f (140, 100 a 140 m), pln\u00ed okoln\u00ed vzduch nep\u0159etr\u017eit\u011b jemnou vodn\u00ed mlhou a okoln\u00ed p\u0159\u00edroda tak vzr\u016fstem a sv\u011b\u017eest\u00ed p\u0159ipom\u00edn\u00e1 pravideln\u011b zavla\u017eovan\u00fd sklen\u00edk. Nen\u00ed proto divu, \u017ee jedna ze studi\u00ed Salcbursk\u00e9 Paracelsus Medizinische Privatuniversit\u00e4t p\u0159isuzuje m\u00edstn\u00edmu klimatu blahod\u00e1rn\u00e9 \u00fa\u010dinky na respira\u010dn\u00ed pot\u00ed\u017ee a astma. <strong>Vstupn\u00e9 na vyhl\u00eddkovou trasu:<\/strong>&nbsp;Dosp\u011bl\u00ed 4&nbsp;\u20ac, D\u011bti 6 \u2013 15 let: 1&nbsp;\u20ac; <strong>Otev\u00edrac\u00ed doba:&nbsp;<\/strong>Otev\u0159eno denn\u011b od poloviny dubna do konce \u0159\u00edjna, v\u00edce info&nbsp;<a href=\"https:\/\/www.wasserfaelle-krimml.at\/besuchen\/tickets#lage\" target=\"_blank\" rel=\"noreferrer noopener\"><strong>ZDE<\/strong><\/a>&nbsp;<\/p>\n\n\n\n<figure class=\"wp-block-image size-large\"><img loading=\"lazy\" decoding=\"async\" width=\"1440\" height=\"1080\" src=\"https:\/\/all4camper.com\/\/wp-content\/uploads\/2020\/07\/IMG_20190704_162032-1440x1080.jpg\" alt=\"\" class=\"wp-image-87354\" srcset=\"https:\/\/all4camper.com\/wp-content\/uploads\/2020\/07\/IMG_20190704_162032-1440x1080.jpg 1440w, https:\/\/all4camper.com\/wp-content\/uploads\/2020\/07\/IMG_20190704_162032-300x225.jpg 300w, https:\/\/all4camper.com\/wp-content\/uploads\/2020\/07\/IMG_20190704_162032-150x113.jpg 150w, https:\/\/all4camper.com\/wp-content\/uploads\/2020\/07\/IMG_20190704_162032-768x576.jpg 768w, https:\/\/all4camper.com\/wp-content\/uploads\/2020\/07\/IMG_20190704_162032-1536x1152.jpg 1536w, https:\/\/all4camper.com\/wp-content\/uploads\/2020\/07\/IMG_20190704_162032-2048x1536.jpg 2048w, https:\/\/all4camper.com\/wp-content\/uploads\/2020\/07\/IMG_20190704_162032-678x509.jpg 678w, https:\/\/all4camper.com\/wp-content\/uploads\/2020\/07\/IMG_20190704_162032-326x245.jpg 326w, https:\/\/all4camper.com\/wp-content\/uploads\/2020\/07\/IMG_20190704_162032-80x60.jpg 80w\" sizes=\"auto, (max-width: 1440px) 100vw, 1440px\" \/><\/figure>\n\n\n\n<h3 class=\"wp-block-heading\"><strong>Tak tenhle\nv\u00fdstup za v\u00fdhled stoj\u00ed<\/strong><\/h3>\n\n\n\n<p>Kdy\u017e vystoup\u00e1te cestou a\u017e nad Krimmelsk\u00e9 vodop\u00e1dy, otev\u0159e se p\u0159ed v\u00e1mi kouzeln\u00e9 \u00fadol\u00ed Krimmler Achental. \u0158eka zde meandruje v zelen\u00fdch louk\u00e1ch, na kter\u00fdch se pasou kr\u00e1vy. Je zde i legend\u00e1rn\u00ed chata&nbsp;<a href=\"https:\/\/www.krimmler-tauernhaus.at\/krimmler-tauernhaus\/\" target=\"_blank\" rel=\"noreferrer noopener\"><strong>Krimmler Tauernhaus<\/strong><\/a> (naprosto luxusn\u011b tam va\u0159\u00ed a maj\u00ed pohodov\u00e9 wellness). Jej\u00ed p\u0159\u00edtomnost je zmi\u0148ov\u00e1na u\u017e od roku 1389. V t\u00e9 dob\u011b zde byla obchodn\u00ed cesta. Na jih putovali obchodn\u00edci se sol\u00ed a zp\u011bt zase s v\u00ednem a ko\u0159alkou. V Tauernhausu mohli p\u0159enocovat a odpo\u010dinout si.<\/p>\n\n\n\n<figure class=\"wp-block-image size-large\"><img loading=\"lazy\" decoding=\"async\" width=\"960\" height=\"960\" src=\"https:\/\/all4camper.com\/\/wp-content\/uploads\/2020\/07\/20900843_1909676109286523_8440146033328468817_o.jpg\" alt=\"\" class=\"wp-image-87355\" srcset=\"https:\/\/all4camper.com\/wp-content\/uploads\/2020\/07\/20900843_1909676109286523_8440146033328468817_o.jpg 960w, https:\/\/all4camper.com\/wp-content\/uploads\/2020\/07\/20900843_1909676109286523_8440146033328468817_o-300x300.jpg 300w, https:\/\/all4camper.com\/wp-content\/uploads\/2020\/07\/20900843_1909676109286523_8440146033328468817_o-150x150.jpg 150w, https:\/\/all4camper.com\/wp-content\/uploads\/2020\/07\/20900843_1909676109286523_8440146033328468817_o-768x768.jpg 768w\" sizes=\"auto, (max-width: 960px) 100vw, 960px\" \/><\/figure>\n\n\n\n<h3 class=\"wp-block-heading\"><strong>Krimmlerf\u00e4lle Hotel und Camping<\/strong><\/h3>\n\n\n\n<p>Tak tady u\u017e jm\u00e9no jasn\u011b napov\u00edd\u00e1, \u017ee to k&nbsp;vodop\u00e1d\u016fm nebudete m\u00edt daleko. <a aria-label=\"https:\/\/www.krimmlerfaelle.at\/  (opens in a new tab)\" href=\"https:\/\/www.krimmlerfaelle.at\/\" target=\"_blank\" rel=\"noreferrer noopener\"><strong>krimmlerfaelle <\/strong><\/a>A opravdu je tenhle kemp spojen\u00fd s&nbsp;hotelem par\u00e1dn\u00edm v\u00fdchoz\u00edm bodem. Nav\u00edc p\u0159i ubov\u00e1n\u00ed m\u00e1te vstup k vodop\u00e1d\u016fm zdrarma. Vyu\u017e\u00edvat tak\u00e9 m\u016f\u017eete vnit\u0159n\u00ed i venkovn\u00ed hotelov\u00fd baz\u00e9n \u010di sauny. Jinak v bl\u00edzkosti najdete obchody, ale t\u0159eba i \u010depac\u00ed stanici. <\/p>\n\n\n\n<figure class=\"wp-block-image size-large\"><img loading=\"lazy\" decoding=\"async\" width=\"1920\" height=\"400\" src=\"https:\/\/all4camper.com\/\/wp-content\/uploads\/2020\/07\/KLF_Headerbild_Camping_Caravan_03.jpg\" alt=\"\" class=\"wp-image-87359\" srcset=\"https:\/\/all4camper.com\/wp-content\/uploads\/2020\/07\/KLF_Headerbild_Camping_Caravan_03.jpg 1920w, https:\/\/all4camper.com\/wp-content\/uploads\/2020\/07\/KLF_Headerbild_Camping_Caravan_03-300x63.jpg 300w, https:\/\/all4camper.com\/wp-content\/uploads\/2020\/07\/KLF_Headerbild_Camping_Caravan_03-150x31.jpg 150w, https:\/\/all4camper.com\/wp-content\/uploads\/2020\/07\/KLF_Headerbild_Camping_Caravan_03-768x160.jpg 768w, https:\/\/all4camper.com\/wp-content\/uploads\/2020\/07\/KLF_Headerbild_Camping_Caravan_03-1536x320.jpg 1536w\" sizes=\"auto, (max-width: 1920px) 100vw, 1920px\" \/><\/figure>\n\n\n\n<h3 class=\"wp-block-heading\">S. N. P. Camping<\/h3>\n\n\n\n<p>Moc p\u0159\u00edjemn\u00fd men\u0161\u00ed kemp najdete na \u00fapat\u00ed Wald Sonnberg. <a aria-label=\" (opens in a new tab)\" href=\"https:\/\/www.snp-camping.at\/\" target=\"_blank\" rel=\"noreferrer noopener\"><strong>snp-camping<\/strong><\/a> Kemp nab\u00edz\u00ed ve\u0161ker\u00e9 pot\u0159ebn\u00e9 vybaven\u00ed a nedaleko odsud \u2013 ani ne kilometr \u2013 najdete par\u00e1dn\u00ed aquapark. <a aria-label=\" (opens in a new tab)\" href=\"https:\/\/www.kristallbadwald.at\/\" target=\"_blank\" rel=\"noreferrer noopener\"><strong>kristallbadwald<\/strong><\/a><\/p>\n\n\n\n<figure class=\"wp-block-image size-large\"><img loading=\"lazy\" decoding=\"async\" width=\"800\" height=\"440\" src=\"https:\/\/all4camper.com\/\/wp-content\/uploads\/2020\/07\/b1.jpg\" alt=\"\" class=\"wp-image-87360\" srcset=\"https:\/\/all4camper.com\/wp-content\/uploads\/2020\/07\/b1.jpg 800w, https:\/\/all4camper.com\/wp-content\/uploads\/2020\/07\/b1-300x165.jpg 300w, https:\/\/all4camper.com\/wp-content\/uploads\/2020\/07\/b1-150x83.jpg 150w, https:\/\/all4camper.com\/wp-content\/uploads\/2020\/07\/b1-768x422.jpg 768w\" sizes=\"auto, (max-width: 800px) 100vw, 800px\" \/><\/figure>\n\n\n\n<h3 class=\"wp-block-heading\">Friedburg Gasthof und Wohnmobile<\/h3>\n\n\n\n<p>V tomto p\u0159\u00edpad\u011b se jedn\u00e1 o stellplatz s panoramatick\u00fdm v\u00fdhledem, ke kter\u00e9mu pat\u0159\u00ed moc p\u0159\u00edjemn\u00e1 restaurace s dom\u00e1c\u00ed kuchyn\u00ed.  <a aria-label=\" (opens in a new tab)\" href=\"https:\/\/www.gasthof-friedburg.at\/\" target=\"_blank\" rel=\"noreferrer noopener\"><strong>gasthof-friedburg<\/strong><\/a> <\/p>\n\n\n\n<figure class=\"wp-block-image size-large\"><img loading=\"lazy\" decoding=\"async\" width=\"557\" height=\"420\" src=\"https:\/\/all4camper.com\/\/wp-content\/uploads\/2020\/07\/stellplatz4.jpg\" alt=\"\" class=\"wp-image-87362\" srcset=\"https:\/\/all4camper.com\/wp-content\/uploads\/2020\/07\/stellplatz4.jpg 557w, https:\/\/all4camper.com\/wp-content\/uploads\/2020\/07\/stellplatz4-300x226.jpg 300w, https:\/\/all4camper.com\/wp-content\/uploads\/2020\/07\/stellplatz4-150x113.jpg 150w, https:\/\/all4camper.com\/wp-content\/uploads\/2020\/07\/stellplatz4-326x245.jpg 326w, https:\/\/all4camper.com\/wp-content\/uploads\/2020\/07\/stellplatz4-80x60.jpg 80w\" sizes=\"auto, (max-width: 557px) 100vw, 557px\" \/><\/figure>\n\n\n\n<p><em>Zdroj: \u00d6sterreich Werbung Praha; www.austria.info\/cz<\/em><\/p>\n","protected":false},"excerpt":{"rendered":"<p>S v\u00fd\u0161kou 385 m pat\u0159\u00ed Krimmelsk\u00e9 vodop\u00e1dy k nejkr\u00e1sn\u011bj\u0161\u00edm vodop\u00e1d\u016fm v Evrop\u011b. U\u017e to stoj\u00ed za v\u00fdlet, ale budete p\u0159ekvapeni, jak par\u00e1dn\u011b se p\u0159\u00edmo v&nbsp;t\u00e9hle oblasti kempuje. Jedna z&nbsp;nejv\u011bt\u0161\u00edch p\u0159\u00edrodn\u00edch kr\u00e1s Rakouska Na rozhran\u00ed N\u00e1rodn\u00edho parku Vysok\u00e9 Taury (Hohe Tauern) a Zillertalsk\u00fdch Alp naleznete jeden z nejkr\u00e1sn\u011bj\u0161\u00edch p\u0159\u00edrodn\u00edch v\u00fdtvor\u016f nejen cel\u00e9ho Salcburska, ale podle mnoh\u00fdch [&hellip;]<\/p>\n","protected":false},"author":161,"featured_media":87361,"comment_status":"closed","ping_status":"open","sticky":false,"template":"","format":"standard","meta":{"_monsterinsights_skip_tracking":false,"_monsterinsights_sitenote_active":false,"_monsterinsights_sitenote_note":"","_monsterinsights_sitenote_category":0,"footnotes":""},"categories":[2379,68,422],"tags":[101,105],"class_list":{"0":"post-87352","1":"post","2":"type-post","3":"status-publish","4":"format-standard","5":"has-post-thumbnail","7":"category-kempujeme-a-cestujeme-v-rakousku","8":"category-kempovani-a-zajimave-cile","9":"category-novinky-kempovani-a-karavaning","10":"tag-kempy-1","11":"tag-rakousko"},"yoast_head":"<!-- This site is optimized with the Yoast SEO plugin v27.4 - https:\/\/yoast.com\/product\/yoast-seo-wordpress\/ -->\n<title>Karavanem na dovolenou do kemp\u016f ke Krimmelsk\u00fdm vodop\u00e1d\u016fm - All4Camper<\/title>\n<meta name=\"description\" content=\"All4Camper - Karavanem na dovolenou do kemp\u016f ke Krimmelsk\u00fdm vodop\u00e1d\u016fm\" \/>\n<meta name=\"robots\" content=\"index, follow, max-snippet:-1, max-image-preview:large, max-video-preview:-1\" \/>\n<link rel=\"canonical\" href=\"https:\/\/all4camper.com\/cs\/karavanem-do-kempu-ke-krimmelskym-vodopadum\/\" \/>\n<meta property=\"og:locale\" content=\"cs_CZ\" \/>\n<meta property=\"og:type\" content=\"article\" \/>\n<meta property=\"og:title\" content=\"Karavanem na dovolenou do kemp\u016f ke Krimmelsk\u00fdm vodop\u00e1d\u016fm - All4Camper\" \/>\n<meta property=\"og:description\" content=\"All4Camper - Karavanem na dovolenou do kemp\u016f ke Krimmelsk\u00fdm vodop\u00e1d\u016fm\" \/>\n<meta property=\"og:url\" content=\"https:\/\/all4camper.com\/cs\/karavanem-do-kempu-ke-krimmelskym-vodopadum\/\" \/>\n<meta property=\"og:site_name\" content=\"All4Camper\" \/>\n<meta property=\"article:published_time\" content=\"2020-07-18T15:46:47+00:00\" \/>\n<meta property=\"article:modified_time\" content=\"2020-07-19T10:08:20+00:00\" \/>\n<meta property=\"og:image\" content=\"https:\/\/all4camper.com\/wp-content\/uploads\/2020\/07\/Krimmzmens\u030ceny\u0301.jpg\" \/>\n\t<meta property=\"og:image:width\" content=\"1200\" \/>\n\t<meta property=\"og:image:height\" content=\"700\" \/>\n\t<meta property=\"og:image:type\" content=\"image\/jpeg\" \/>\n<meta name=\"author\" content=\"Kate\u0159ina\" \/>\n<meta name=\"twitter:card\" content=\"summary_large_image\" \/>\n<meta name=\"twitter:label1\" content=\"Napsal(a)\" \/>\n\t<meta name=\"twitter:data1\" content=\"Kate\u0159ina\" \/>\n\t<meta name=\"twitter:label2\" content=\"Odhadovan\u00e1 doba \u010dten\u00ed\" \/>\n\t<meta name=\"twitter:data2\" content=\"3 minuty\" \/>\n<script type=\"application\/ld+json\" class=\"yoast-schema-graph\">{\"@context\":\"https:\\\/\\\/schema.org\",\"@graph\":[{\"@type\":\"Article\",\"@id\":\"https:\\\/\\\/all4camper.com\\\/cs\\\/karavanem-do-kempu-ke-krimmelskym-vodopadum\\\/#article\",\"isPartOf\":{\"@id\":\"https:\\\/\\\/all4camper.com\\\/cs\\\/karavanem-do-kempu-ke-krimmelskym-vodopadum\\\/\"},\"author\":{\"name\":\"Kate\u0159ina\",\"@id\":\"https:\\\/\\\/all4camper.com\\\/cs\\\/#\\\/schema\\\/person\\\/9349489688d4c221ca0fc39ae6bcb70b\"},\"headline\":\"Karavanem na dovolenou do kemp\u016f ke Krimmelsk\u00fdm vodop\u00e1d\u016fm\",\"datePublished\":\"2020-07-18T15:46:47+00:00\",\"dateModified\":\"2020-07-19T10:08:20+00:00\",\"mainEntityOfPage\":{\"@id\":\"https:\\\/\\\/all4camper.com\\\/cs\\\/karavanem-do-kempu-ke-krimmelskym-vodopadum\\\/\"},\"wordCount\":539,\"publisher\":{\"@id\":\"https:\\\/\\\/all4camper.com\\\/cs\\\/#organization\"},\"image\":{\"@id\":\"https:\\\/\\\/all4camper.com\\\/cs\\\/karavanem-do-kempu-ke-krimmelskym-vodopadum\\\/#primaryimage\"},\"thumbnailUrl\":\"https:\\\/\\\/all4camper.com\\\/wp-content\\\/uploads\\\/2020\\\/07\\\/Krimmzmens\u030ceny\u0301.jpg\",\"keywords\":[\"Kempy a kempovac\u00ed m\u00edsta\",\"Rakousko\"],\"articleSection\":[\"Kempujeme a cestujeme v Rakousku\",\"Kempy a zaj\u00edmav\u00e1 m\u00edsta\",\"Novinky - Kempov\u00e1n\u00ed a karavaning\"],\"inLanguage\":\"cs\"},{\"@type\":\"WebPage\",\"@id\":\"https:\\\/\\\/all4camper.com\\\/cs\\\/karavanem-do-kempu-ke-krimmelskym-vodopadum\\\/\",\"url\":\"https:\\\/\\\/all4camper.com\\\/cs\\\/karavanem-do-kempu-ke-krimmelskym-vodopadum\\\/\",\"name\":\"Karavanem na dovolenou do kemp\u016f ke Krimmelsk\u00fdm vodop\u00e1d\u016fm - All4Camper\",\"isPartOf\":{\"@id\":\"https:\\\/\\\/all4camper.com\\\/cs\\\/#website\"},\"primaryImageOfPage\":{\"@id\":\"https:\\\/\\\/all4camper.com\\\/cs\\\/karavanem-do-kempu-ke-krimmelskym-vodopadum\\\/#primaryimage\"},\"image\":{\"@id\":\"https:\\\/\\\/all4camper.com\\\/cs\\\/karavanem-do-kempu-ke-krimmelskym-vodopadum\\\/#primaryimage\"},\"thumbnailUrl\":\"https:\\\/\\\/all4camper.com\\\/wp-content\\\/uploads\\\/2020\\\/07\\\/Krimmzmens\u030ceny\u0301.jpg\",\"datePublished\":\"2020-07-18T15:46:47+00:00\",\"dateModified\":\"2020-07-19T10:08:20+00:00\",\"description\":\"All4Camper - Karavanem na dovolenou do kemp\u016f ke Krimmelsk\u00fdm vodop\u00e1d\u016fm\",\"breadcrumb\":{\"@id\":\"https:\\\/\\\/all4camper.com\\\/cs\\\/karavanem-do-kempu-ke-krimmelskym-vodopadum\\\/#breadcrumb\"},\"inLanguage\":\"cs\",\"potentialAction\":[{\"@type\":\"ReadAction\",\"target\":[\"https:\\\/\\\/all4camper.com\\\/cs\\\/karavanem-do-kempu-ke-krimmelskym-vodopadum\\\/\"]}]},{\"@type\":\"ImageObject\",\"inLanguage\":\"cs\",\"@id\":\"https:\\\/\\\/all4camper.com\\\/cs\\\/karavanem-do-kempu-ke-krimmelskym-vodopadum\\\/#primaryimage\",\"url\":\"https:\\\/\\\/all4camper.com\\\/wp-content\\\/uploads\\\/2020\\\/07\\\/Krimmzmens\u030ceny\u0301.jpg\",\"contentUrl\":\"https:\\\/\\\/all4camper.com\\\/wp-content\\\/uploads\\\/2020\\\/07\\\/Krimmzmens\u030ceny\u0301.jpg\",\"width\":1200,\"height\":700},{\"@type\":\"BreadcrumbList\",\"@id\":\"https:\\\/\\\/all4camper.com\\\/cs\\\/karavanem-do-kempu-ke-krimmelskym-vodopadum\\\/#breadcrumb\",\"itemListElement\":[{\"@type\":\"ListItem\",\"position\":1,\"name\":\"Dom\u016f\",\"item\":\"https:\\\/\\\/all4camper.com\\\/cs\\\/\"},{\"@type\":\"ListItem\",\"position\":2,\"name\":\"Kempujeme a cestujeme v Rakousku\",\"item\":\"https:\\\/\\\/all4camper.com\\\/cs\\\/category\\\/kempujeme-a-cestujeme-v-rakousku\\\/\"},{\"@type\":\"ListItem\",\"position\":3,\"name\":\"Karavanem na dovolenou do kemp\u016f ke Krimmelsk\u00fdm vodop\u00e1d\u016fm\"}]},{\"@type\":\"WebSite\",\"@id\":\"https:\\\/\\\/all4camper.com\\\/cs\\\/#website\",\"url\":\"https:\\\/\\\/all4camper.com\\\/cs\\\/\",\"name\":\"All4Camper\",\"description\":\"Nejv\u011bt\u0161\u00ed online magaz\u00edn o kempov\u00e1n\u00ed a karavaninku. V\u00edce jak 900 \u010dl\u00e1nk\u016f pln\u00fdch rad a tip\u016f o kempech a kempov\u00e1n\u00ed.\",\"publisher\":{\"@id\":\"https:\\\/\\\/all4camper.com\\\/cs\\\/#organization\"},\"potentialAction\":[{\"@type\":\"SearchAction\",\"target\":{\"@type\":\"EntryPoint\",\"urlTemplate\":\"https:\\\/\\\/all4camper.com\\\/cs\\\/?s={search_term_string}\"},\"query-input\":{\"@type\":\"PropertyValueSpecification\",\"valueRequired\":true,\"valueName\":\"search_term_string\"}}],\"inLanguage\":\"cs\"},{\"@type\":\"Organization\",\"@id\":\"https:\\\/\\\/all4camper.com\\\/cs\\\/#organization\",\"name\":\"All4Camper - kempujeme s Kl\u00e1rou\",\"url\":\"https:\\\/\\\/all4camper.com\\\/cs\\\/\",\"logo\":{\"@type\":\"ImageObject\",\"inLanguage\":\"cs\",\"@id\":\"https:\\\/\\\/all4camper.com\\\/cs\\\/#\\\/schema\\\/logo\\\/image\\\/\",\"url\":\"https:\\\/\\\/all4camper.com\\\/wp-content\\\/uploads\\\/2018\\\/09\\\/novelogo.png\",\"contentUrl\":\"https:\\\/\\\/all4camper.com\\\/wp-content\\\/uploads\\\/2018\\\/09\\\/novelogo.png\",\"width\":1520,\"height\":600,\"caption\":\"All4Camper - kempujeme s Kl\u00e1rou\"},\"image\":{\"@id\":\"https:\\\/\\\/all4camper.com\\\/cs\\\/#\\\/schema\\\/logo\\\/image\\\/\"}},{\"@type\":\"Person\",\"@id\":\"https:\\\/\\\/all4camper.com\\\/cs\\\/#\\\/schema\\\/person\\\/9349489688d4c221ca0fc39ae6bcb70b\",\"name\":\"Kate\u0159ina\",\"url\":\"https:\\\/\\\/all4camper.com\\\/cs\\\/author\\\/kterina\\\/\"}]}<\/script>\n<!-- \/ Yoast SEO plugin. -->","yoast_head_json":{"title":"Karavanem na dovolenou do kemp\u016f ke Krimmelsk\u00fdm vodop\u00e1d\u016fm - All4Camper","description":"All4Camper - Karavanem na dovolenou do kemp\u016f ke Krimmelsk\u00fdm vodop\u00e1d\u016fm","robots":{"index":"index","follow":"follow","max-snippet":"max-snippet:-1","max-image-preview":"max-image-preview:large","max-video-preview":"max-video-preview:-1"},"canonical":"https:\/\/all4camper.com\/cs\/karavanem-do-kempu-ke-krimmelskym-vodopadum\/","og_locale":"cs_CZ","og_type":"article","og_title":"Karavanem na dovolenou do kemp\u016f ke Krimmelsk\u00fdm vodop\u00e1d\u016fm - All4Camper","og_description":"All4Camper - Karavanem na dovolenou do kemp\u016f ke Krimmelsk\u00fdm vodop\u00e1d\u016fm","og_url":"https:\/\/all4camper.com\/cs\/karavanem-do-kempu-ke-krimmelskym-vodopadum\/","og_site_name":"All4Camper","article_published_time":"2020-07-18T15:46:47+00:00","article_modified_time":"2020-07-19T10:08:20+00:00","og_image":[{"width":1200,"height":700,"url":"https:\/\/all4camper.com\/wp-content\/uploads\/2020\/07\/Krimmzmens\u030ceny\u0301.jpg","type":"image\/jpeg"}],"author":"Kate\u0159ina","twitter_card":"summary_large_image","twitter_misc":{"Napsal(a)":"Kate\u0159ina","Odhadovan\u00e1 doba \u010dten\u00ed":"3 minuty"},"schema":{"@context":"https:\/\/schema.org","@graph":[{"@type":"Article","@id":"https:\/\/all4camper.com\/cs\/karavanem-do-kempu-ke-krimmelskym-vodopadum\/#article","isPartOf":{"@id":"https:\/\/all4camper.com\/cs\/karavanem-do-kempu-ke-krimmelskym-vodopadum\/"},"author":{"name":"Kate\u0159ina","@id":"https:\/\/all4camper.com\/cs\/#\/schema\/person\/9349489688d4c221ca0fc39ae6bcb70b"},"headline":"Karavanem na dovolenou do kemp\u016f ke Krimmelsk\u00fdm vodop\u00e1d\u016fm","datePublished":"2020-07-18T15:46:47+00:00","dateModified":"2020-07-19T10:08:20+00:00","mainEntityOfPage":{"@id":"https:\/\/all4camper.com\/cs\/karavanem-do-kempu-ke-krimmelskym-vodopadum\/"},"wordCount":539,"publisher":{"@id":"https:\/\/all4camper.com\/cs\/#organization"},"image":{"@id":"https:\/\/all4camper.com\/cs\/karavanem-do-kempu-ke-krimmelskym-vodopadum\/#primaryimage"},"thumbnailUrl":"https:\/\/all4camper.com\/wp-content\/uploads\/2020\/07\/Krimmzmens\u030ceny\u0301.jpg","keywords":["Kempy a kempovac\u00ed m\u00edsta","Rakousko"],"articleSection":["Kempujeme a cestujeme v Rakousku","Kempy a zaj\u00edmav\u00e1 m\u00edsta","Novinky - Kempov\u00e1n\u00ed a karavaning"],"inLanguage":"cs"},{"@type":"WebPage","@id":"https:\/\/all4camper.com\/cs\/karavanem-do-kempu-ke-krimmelskym-vodopadum\/","url":"https:\/\/all4camper.com\/cs\/karavanem-do-kempu-ke-krimmelskym-vodopadum\/","name":"Karavanem na dovolenou do kemp\u016f ke Krimmelsk\u00fdm vodop\u00e1d\u016fm - All4Camper","isPartOf":{"@id":"https:\/\/all4camper.com\/cs\/#website"},"primaryImageOfPage":{"@id":"https:\/\/all4camper.com\/cs\/karavanem-do-kempu-ke-krimmelskym-vodopadum\/#primaryimage"},"image":{"@id":"https:\/\/all4camper.com\/cs\/karavanem-do-kempu-ke-krimmelskym-vodopadum\/#primaryimage"},"thumbnailUrl":"https:\/\/all4camper.com\/wp-content\/uploads\/2020\/07\/Krimmzmens\u030ceny\u0301.jpg","datePublished":"2020-07-18T15:46:47+00:00","dateModified":"2020-07-19T10:08:20+00:00","description":"All4Camper - Karavanem na dovolenou do kemp\u016f ke Krimmelsk\u00fdm vodop\u00e1d\u016fm","breadcrumb":{"@id":"https:\/\/all4camper.com\/cs\/karavanem-do-kempu-ke-krimmelskym-vodopadum\/#breadcrumb"},"inLanguage":"cs","potentialAction":[{"@type":"ReadAction","target":["https:\/\/all4camper.com\/cs\/karavanem-do-kempu-ke-krimmelskym-vodopadum\/"]}]},{"@type":"ImageObject","inLanguage":"cs","@id":"https:\/\/all4camper.com\/cs\/karavanem-do-kempu-ke-krimmelskym-vodopadum\/#primaryimage","url":"https:\/\/all4camper.com\/wp-content\/uploads\/2020\/07\/Krimmzmens\u030ceny\u0301.jpg","contentUrl":"https:\/\/all4camper.com\/wp-content\/uploads\/2020\/07\/Krimmzmens\u030ceny\u0301.jpg","width":1200,"height":700},{"@type":"BreadcrumbList","@id":"https:\/\/all4camper.com\/cs\/karavanem-do-kempu-ke-krimmelskym-vodopadum\/#breadcrumb","itemListElement":[{"@type":"ListItem","position":1,"name":"Dom\u016f","item":"https:\/\/all4camper.com\/cs\/"},{"@type":"ListItem","position":2,"name":"Kempujeme a cestujeme v Rakousku","item":"https:\/\/all4camper.com\/cs\/category\/kempujeme-a-cestujeme-v-rakousku\/"},{"@type":"ListItem","position":3,"name":"Karavanem na dovolenou do kemp\u016f ke Krimmelsk\u00fdm vodop\u00e1d\u016fm"}]},{"@type":"WebSite","@id":"https:\/\/all4camper.com\/cs\/#website","url":"https:\/\/all4camper.com\/cs\/","name":"All4Camper","description":"Nejv\u011bt\u0161\u00ed online magaz\u00edn o kempov\u00e1n\u00ed a karavaninku. V\u00edce jak 900 \u010dl\u00e1nk\u016f pln\u00fdch rad a tip\u016f o kempech a kempov\u00e1n\u00ed.","publisher":{"@id":"https:\/\/all4camper.com\/cs\/#organization"},"potentialAction":[{"@type":"SearchAction","target":{"@type":"EntryPoint","urlTemplate":"https:\/\/all4camper.com\/cs\/?s={search_term_string}"},"query-input":{"@type":"PropertyValueSpecification","valueRequired":true,"valueName":"search_term_string"}}],"inLanguage":"cs"},{"@type":"Organization","@id":"https:\/\/all4camper.com\/cs\/#organization","name":"All4Camper - kempujeme s Kl\u00e1rou","url":"https:\/\/all4camper.com\/cs\/","logo":{"@type":"ImageObject","inLanguage":"cs","@id":"https:\/\/all4camper.com\/cs\/#\/schema\/logo\/image\/","url":"https:\/\/all4camper.com\/wp-content\/uploads\/2018\/09\/novelogo.png","contentUrl":"https:\/\/all4camper.com\/wp-content\/uploads\/2018\/09\/novelogo.png","width":1520,"height":600,"caption":"All4Camper - kempujeme s Kl\u00e1rou"},"image":{"@id":"https:\/\/all4camper.com\/cs\/#\/schema\/logo\/image\/"}},{"@type":"Person","@id":"https:\/\/all4camper.com\/cs\/#\/schema\/person\/9349489688d4c221ca0fc39ae6bcb70b","name":"Kate\u0159ina","url":"https:\/\/all4camper.com\/cs\/author\/kterina\/"}]}},"_links":{"self":[{"href":"https:\/\/all4camper.com\/cs\/wp-json\/wp\/v2\/posts\/87352","targetHints":{"allow":["GET"]}}],"collection":[{"href":"https:\/\/all4camper.com\/cs\/wp-json\/wp\/v2\/posts"}],"about":[{"href":"https:\/\/all4camper.com\/cs\/wp-json\/wp\/v2\/types\/post"}],"author":[{"embeddable":true,"href":"https:\/\/all4camper.com\/cs\/wp-json\/wp\/v2\/users\/161"}],"replies":[{"embeddable":true,"href":"https:\/\/all4camper.com\/cs\/wp-json\/wp\/v2\/comments?post=87352"}],"version-history":[{"count":0,"href":"https:\/\/all4camper.com\/cs\/wp-json\/wp\/v2\/posts\/87352\/revisions"}],"wp:featuredmedia":[{"embeddable":true,"href":"https:\/\/all4camper.com\/cs\/wp-json\/wp\/v2\/media\/87361"}],"wp:attachment":[{"href":"https:\/\/all4camper.com\/cs\/wp-json\/wp\/v2\/media?parent=87352"}],"wp:term":[{"taxonomy":"category","embeddable":true,"href":"https:\/\/all4camper.com\/cs\/wp-json\/wp\/v2\/categories?post=87352"},{"taxonomy":"post_tag","embeddable":true,"href":"https:\/\/all4camper.com\/cs\/wp-json\/wp\/v2\/tags?post=87352"}],"curies":[{"name":"wp","href":"https:\/\/api.w.org\/{rel}","templated":true}]}}