{"id":87058,"date":"2020-07-01T10:09:37","date_gmt":"2020-07-01T08:09:37","guid":{"rendered":"https:\/\/all4camper.com\/\/?p=87058"},"modified":"2020-07-01T13:19:10","modified_gmt":"2020-07-01T11:19:10","slug":"co-se-o-kemparich-a-karavanistech-povida","status":"publish","type":"post","link":"https:\/\/all4camper.com\/cs\/co-se-o-kemparich-a-karavanistech-povida\/","title":{"rendered":"Co se o kempa\u0159\u00edch a karavanistech pov\u00edd\u00e1?"},"content":{"rendered":"\n<h4 class=\"wp-block-heading\">Kolem n\u00e1s \u2013 karavanist\u016f \u2013 panuje obrovsk\u00e9 mno\u017estv\u00ed r\u016fzn\u00fdch kli\u0161\u00e9 a n\u011bkter\u00e1 stoj\u00ed v\u00e1\u017en\u011b za to. Tak\u017ee jsem pro va\u0161e pobaven\u00ed se p\u0159ed pr\u00e1zdninami vybrala p\u00e1r t\u011bch nejb\u011b\u017en\u011bj\u0161\u00edch. Co vy na to? Ztoto\u017e\u0148ujete se s&nbsp;t\u00edm a nezapomn\u011bla jsem na n\u011bco z\u00e1sadn\u00edho? Podot\u00fdk\u00e1m, \u017ee to nen\u00ed n\u00e1zor m\u016fj, ale v\u00fdb\u011br toho nejzaj\u00edmav\u011bj\u0161\u00edho z r\u016fzn\u00fdch diskuz\u00ed, co jsem kde zachytila. Poj\u010fme se tedy v r\u00e1mci tohoto odleh\u010den\u00e9ho \u010dl\u00e1nku pobavit, ne\u017e se rozjedeme po cel\u00e9 Evrop\u011b. Tak\u017ee &#8222;Co se o n\u00e1s obecn\u011b pov\u00edd\u00e1 a co si o tom mysl\u00edte&#8220;&#8230; T\u011b\u0161\u00edm se na va\u0161e koment\u00e1\u0159e na facebooku a douf\u00e1m, \u017ee to po\u0159\u00e1dn\u011b rozjedeme ;-).<\/h4>\n\n\n\n<figure class=\"wp-block-image size-large\"><img loading=\"lazy\" decoding=\"async\" width=\"1620\" height=\"1080\" src=\"https:\/\/all4camper.com\/\/wp-content\/uploads\/2020\/07\/100997169_539489170293333_4378878256745545728_n-1620x1080.jpg\" alt=\"\" class=\"wp-image-87079\" srcset=\"https:\/\/all4camper.com\/wp-content\/uploads\/2020\/07\/100997169_539489170293333_4378878256745545728_n-1620x1080.jpg 1620w, https:\/\/all4camper.com\/wp-content\/uploads\/2020\/07\/100997169_539489170293333_4378878256745545728_n-300x200.jpg 300w, https:\/\/all4camper.com\/wp-content\/uploads\/2020\/07\/100997169_539489170293333_4378878256745545728_n-150x100.jpg 150w, https:\/\/all4camper.com\/wp-content\/uploads\/2020\/07\/100997169_539489170293333_4378878256745545728_n-768x512.jpg 768w, https:\/\/all4camper.com\/wp-content\/uploads\/2020\/07\/100997169_539489170293333_4378878256745545728_n-1536x1024.jpg 1536w, https:\/\/all4camper.com\/wp-content\/uploads\/2020\/07\/100997169_539489170293333_4378878256745545728_n.jpg 1920w\" sizes=\"auto, (max-width: 1620px) 100vw, 1620px\" \/><figcaption>Kemp Mokrej \u017dalud<\/figcaption><\/figure>\n\n\n\n<p>&#8222;<strong><em>Karavanist\u00e9 se \u017eiv\u00ed jen konzervami a zava\u0159en\u00fdmi j\u00eddly z&nbsp;domova. Do restaurac\u00ed nechod\u00ed v\u016fbec.<\/em><\/strong>&#8222;<\/p>\n\n\n\n<p>&#8222;<strong><em>Karavanist\u00e9 nejezd\u00ed po hlavn\u00edch silnic\u00edch a d\u00e1lnic\u00edch. A kdy\u017e jezd\u00ed, tak brzd\u00ed provoz&#8220;<\/em><\/strong><\/p>\n\n\n\n<p>&#8222;<strong><em>Milovn\u00edci karavaningu nikdy na dovolen\u00e9 nel\u00e9taj\u00ed a v\u0161ude jezd\u00ed jen t\u011bmi sv\u00fdmi karavany. <\/em>&#8222;<\/strong><\/p>\n\n\n\n<p><strong><em>&#8222;V&nbsp;karavanu v\u017edy mus\u00ed zaru\u010den\u011b vzniknout \u201eponorka\u201c.<\/em>&#8222;<\/strong><\/p>\n\n\n\n<figure class=\"wp-block-image size-large\"><img loading=\"lazy\" decoding=\"async\" width=\"1440\" height=\"1080\" src=\"https:\/\/all4camper.com\/\/wp-content\/uploads\/2020\/07\/IMG_20200614_141808-1440x1080.jpg\" alt=\"\" class=\"wp-image-87080\" srcset=\"https:\/\/all4camper.com\/wp-content\/uploads\/2020\/07\/IMG_20200614_141808-1440x1080.jpg 1440w, https:\/\/all4camper.com\/wp-content\/uploads\/2020\/07\/IMG_20200614_141808-300x225.jpg 300w, https:\/\/all4camper.com\/wp-content\/uploads\/2020\/07\/IMG_20200614_141808-150x113.jpg 150w, https:\/\/all4camper.com\/wp-content\/uploads\/2020\/07\/IMG_20200614_141808-768x576.jpg 768w, https:\/\/all4camper.com\/wp-content\/uploads\/2020\/07\/IMG_20200614_141808-1536x1152.jpg 1536w, https:\/\/all4camper.com\/wp-content\/uploads\/2020\/07\/IMG_20200614_141808-2048x1536.jpg 2048w, https:\/\/all4camper.com\/wp-content\/uploads\/2020\/07\/IMG_20200614_141808-678x509.jpg 678w, https:\/\/all4camper.com\/wp-content\/uploads\/2020\/07\/IMG_20200614_141808-326x245.jpg 326w, https:\/\/all4camper.com\/wp-content\/uploads\/2020\/07\/IMG_20200614_141808-80x60.jpg 80w\" sizes=\"auto, (max-width: 1440px) 100vw, 1440px\" \/><figcaption>Stellplatz \u017delez\u0148\u00e1k<\/figcaption><\/figure>\n\n\n\n<p>&#8222;<strong><em>Jezd\u00ed s&nbsp;karavanem, proto\u017ee nemaj\u00ed pen\u00edze na po\u0159\u00e1dnou dovolenou.<\/em><\/strong>&#8222;<\/p>\n\n\n\n<p><em>&#8222;<strong>Karavanist\u00e9 moc ne\u0159e\u0161\u00ed hygienu a moc se nesprchuj\u00ed. &#8222;<\/strong><\/em><\/p>\n\n\n\n<p>&#8222;<strong><em>S&nbsp;karavanem jezd\u00ed v\u011bt\u0161inou n\u011bme\u010dt\u00ed d\u016fchodci.&#8220; <\/em><\/strong><\/p>\n\n\n\n<figure class=\"wp-block-image size-large\"><img loading=\"lazy\" decoding=\"async\" width=\"1440\" height=\"1080\" src=\"https:\/\/all4camper.com\/\/wp-content\/uploads\/2020\/06\/IMG_20200530_193401-1440x1080.jpg\" alt=\"\" class=\"wp-image-86706\" srcset=\"https:\/\/all4camper.com\/wp-content\/uploads\/2020\/06\/IMG_20200530_193401-1440x1080.jpg 1440w, https:\/\/all4camper.com\/wp-content\/uploads\/2020\/06\/IMG_20200530_193401-300x225.jpg 300w, https:\/\/all4camper.com\/wp-content\/uploads\/2020\/06\/IMG_20200530_193401-150x113.jpg 150w, https:\/\/all4camper.com\/wp-content\/uploads\/2020\/06\/IMG_20200530_193401-768x576.jpg 768w, https:\/\/all4camper.com\/wp-content\/uploads\/2020\/06\/IMG_20200530_193401-1536x1152.jpg 1536w, https:\/\/all4camper.com\/wp-content\/uploads\/2020\/06\/IMG_20200530_193401-2048x1536.jpg 2048w, https:\/\/all4camper.com\/wp-content\/uploads\/2020\/06\/IMG_20200530_193401-678x509.jpg 678w, https:\/\/all4camper.com\/wp-content\/uploads\/2020\/06\/IMG_20200530_193401-326x245.jpg 326w, https:\/\/all4camper.com\/wp-content\/uploads\/2020\/06\/IMG_20200530_193401-80x60.jpg 80w\" sizes=\"auto, (max-width: 1440px) 100vw, 1440px\" \/><\/figure>\n\n\n\n<p><em><strong>&#8222;Kempov\u00e1n\u00ed s karavanem NEN\u00cd to spr\u00e1vn\u00e9 kempov\u00e1n\u00ed.&#8220;<\/strong><\/em><\/p>\n\n\n\n<p>&#8222;<strong><em>Karavanist\u00e9 cht\u011bj\u00ed prost\u011b u\u0161et\u0159it pen\u00edze.&#8220; <\/em><\/strong><\/p>\n\n\n\n<p><strong><em>&#8222;Karavaning je pro chud\u00e9, chci do luxusn\u00edho hotelu&#8220;<\/em><\/strong><\/p>\n\n\n\n<p><strong><em>\u201eHarcov\u00e1n\u00ed se\u201c s\u00a0karavanem je d\u011bsn\u011b n\u00e1ro\u010dn\u00e9.&#8220; <\/em><\/strong><\/p>\n\n\n\n<p><strong><em>&#8220; Jsou to po\u0161ahanci, kte\u0159\u00ed s sebou tahaj\u00ed &#8222;\u010dokla(-y)&#8220; a jinou hav\u011b\u0165, s kterou je v hotelu necht\u011bj\u00ed&#8230;&#8220;<\/em><\/strong><\/p>\n\n\n\n<figure class=\"wp-block-image size-large\"><img loading=\"lazy\" decoding=\"async\" width=\"960\" height=\"960\" src=\"https:\/\/all4camper.com\/\/wp-content\/uploads\/2020\/07\/caravaning-2020.jpg\" alt=\"\" class=\"wp-image-87100\" srcset=\"https:\/\/all4camper.com\/wp-content\/uploads\/2020\/07\/caravaning-2020.jpg 960w, https:\/\/all4camper.com\/wp-content\/uploads\/2020\/07\/caravaning-2020-300x300.jpg 300w, https:\/\/all4camper.com\/wp-content\/uploads\/2020\/07\/caravaning-2020-150x150.jpg 150w, https:\/\/all4camper.com\/wp-content\/uploads\/2020\/07\/caravaning-2020-768x768.jpg 768w\" sizes=\"auto, (max-width: 960px) 100vw, 960px\" \/><\/figure>\n\n\n\n<figure class=\"wp-block-image size-large\"><img loading=\"lazy\" decoding=\"async\" width=\"1440\" height=\"1080\" src=\"https:\/\/all4camper.com\/\/wp-content\/uploads\/2020\/07\/IMG_20200613_213310-1440x1080.jpg\" alt=\"\" class=\"wp-image-87081\" srcset=\"https:\/\/all4camper.com\/wp-content\/uploads\/2020\/07\/IMG_20200613_213310-1440x1080.jpg 1440w, https:\/\/all4camper.com\/wp-content\/uploads\/2020\/07\/IMG_20200613_213310-300x225.jpg 300w, https:\/\/all4camper.com\/wp-content\/uploads\/2020\/07\/IMG_20200613_213310-150x113.jpg 150w, https:\/\/all4camper.com\/wp-content\/uploads\/2020\/07\/IMG_20200613_213310-768x576.jpg 768w, https:\/\/all4camper.com\/wp-content\/uploads\/2020\/07\/IMG_20200613_213310-1536x1152.jpg 1536w, https:\/\/all4camper.com\/wp-content\/uploads\/2020\/07\/IMG_20200613_213310-2048x1536.jpg 2048w, https:\/\/all4camper.com\/wp-content\/uploads\/2020\/07\/IMG_20200613_213310-678x509.jpg 678w, https:\/\/all4camper.com\/wp-content\/uploads\/2020\/07\/IMG_20200613_213310-326x245.jpg 326w, https:\/\/all4camper.com\/wp-content\/uploads\/2020\/07\/IMG_20200613_213310-80x60.jpg 80w\" sizes=\"auto, (max-width: 1440px) 100vw, 1440px\" \/><figcaption>Stellplatz Velk\u00e9 B\u00edlovice &#8211; Park &#8218;n&#8216; wine<\/figcaption><\/figure>\n\n\n\n<p><strong><em>&#8222;Na dovolen\u00e9 si chci odpo\u010dinout, a ne abych se je\u0161t\u011b n\u011bkam t\u00e1hl s takovou obludou a musel \u0159\u00eddit&#8220;<\/em><\/strong><\/p>\n\n\n\n<p>&#8222;<strong><em>S&nbsp;karavanem si nikdy neprohl\u00e9dnou \u017e\u00e1dn\u00e9 m\u011bsto, proto\u017ee nezaparkuj\u00ed &#8222;<\/em><\/strong><\/p>\n\n\n\n<p>&#8222;<strong><em>Karavanist\u00e9 sed\u00ed jen v kempu, pop\u00edjej\u00ed sv\u00e9 pivo a necht\u011bj\u00ed utr\u00e1ce pen\u00edze.<\/em><\/strong>&#8222;<\/p>\n\n\n\n<p>&#8222;<strong><em>Na takov\u00e9 dovolen\u00e9 si \u010dlov\u011bk neodpo\u010dine.&#8220; <\/em><\/strong><\/p>\n\n\n\n<p>&#8222;<strong><em>Karavanist\u00e9 jsou \u201ehip\u00edci a alternativn\u00ed lid\u00e9<\/em><\/strong><em><strong>,<\/strong><\/em><em><strong> divn\u00fd to sv\u011bt.&#8220;<\/strong><\/em><\/p>\n\n\n\n<p>&#8222;<strong><em>Kempa\u0159 a karavanista mus\u00ed m\u00edt \u0159idi\u010d\u00e1k na kamion.<\/em><\/strong>&#8222;<\/p>\n\n\n\n<p>&#8222;<strong><em>S&nbsp;karavanem si nedop\u0159ejete \u017e\u00e1dn\u00fd luxus, zlat\u00fd Egypt a allinclusive.&#8220;<\/em><\/strong><\/p>\n\n\n\n<p><strong><em>&#8222;V karavanu se \u010dlov\u011bk po\u0159\u00e1dn\u011b nevysp\u00ed.&#8220; <\/em><\/strong><\/p>\n\n\n\n<figure class=\"wp-block-image size-large\"><img loading=\"lazy\" decoding=\"async\" width=\"1440\" height=\"1080\" src=\"https:\/\/all4camper.com\/\/wp-content\/uploads\/2020\/07\/IMG_20190425_155517-1440x1080.jpg\" alt=\"\" class=\"wp-image-87083\" srcset=\"https:\/\/all4camper.com\/wp-content\/uploads\/2020\/07\/IMG_20190425_155517-1440x1080.jpg 1440w, https:\/\/all4camper.com\/wp-content\/uploads\/2020\/07\/IMG_20190425_155517-300x225.jpg 300w, https:\/\/all4camper.com\/wp-content\/uploads\/2020\/07\/IMG_20190425_155517-150x113.jpg 150w, https:\/\/all4camper.com\/wp-content\/uploads\/2020\/07\/IMG_20190425_155517-768x576.jpg 768w, https:\/\/all4camper.com\/wp-content\/uploads\/2020\/07\/IMG_20190425_155517-1536x1152.jpg 1536w, https:\/\/all4camper.com\/wp-content\/uploads\/2020\/07\/IMG_20190425_155517-2048x1536.jpg 2048w, https:\/\/all4camper.com\/wp-content\/uploads\/2020\/07\/IMG_20190425_155517-678x509.jpg 678w, https:\/\/all4camper.com\/wp-content\/uploads\/2020\/07\/IMG_20190425_155517-326x245.jpg 326w, https:\/\/all4camper.com\/wp-content\/uploads\/2020\/07\/IMG_20190425_155517-80x60.jpg 80w\" sizes=\"auto, (max-width: 1440px) 100vw, 1440px\" \/><\/figure>\n\n\n\n<p>A jak to m\u00e1te vy? Poj\u010fme tyto za\u017eit\u00e9 kli\u0161\u00e9 &#8222;rozbourat&#8220; a napi\u0161te mi do koment\u00e1\u0159e na facebooku all4camper pro\u010d pr\u00e1v\u011b naopak karavaning ANO ;-). Kr\u00e1sn\u00e9 pr\u00e1zdniny ;-)<\/p>\n","protected":false},"excerpt":{"rendered":"<p>Kolem n\u00e1s \u2013 karavanist\u016f \u2013 panuje obrovsk\u00e9 mno\u017estv\u00ed r\u016fzn\u00fdch kli\u0161\u00e9 a n\u011bkter\u00e1 stoj\u00ed v\u00e1\u017en\u011b za to. Tak\u017ee jsem pro va\u0161e pobaven\u00ed se p\u0159ed pr\u00e1zdninami vybrala p\u00e1r t\u011bch nejb\u011b\u017en\u011bj\u0161\u00edch. Co vy na to? Ztoto\u017e\u0148ujete se s&nbsp;t\u00edm a nezapomn\u011bla jsem na n\u011bco z\u00e1sadn\u00edho? Podot\u00fdk\u00e1m, \u017ee to nen\u00ed n\u00e1zor m\u016fj, ale v\u00fdb\u011br toho nejzaj\u00edmav\u011bj\u0161\u00edho z r\u016fzn\u00fdch diskuz\u00ed, co [&hellip;]<\/p>\n","protected":false},"author":161,"featured_media":87084,"comment_status":"open","ping_status":"open","sticky":false,"template":"","format":"standard","meta":{"_monsterinsights_skip_tracking":false,"_monsterinsights_sitenote_active":false,"_monsterinsights_sitenote_note":"","_monsterinsights_sitenote_category":0,"footnotes":""},"categories":[368,422],"tags":[],"class_list":{"0":"post-87058","1":"post","2":"type-post","3":"status-publish","4":"format-standard","5":"has-post-thumbnail","7":"category-magazin_all4camper","8":"category-novinky-kempovani-a-karavaning"},"yoast_head":"<!-- This site is optimized with the Yoast SEO plugin v27.5 - https:\/\/yoast.com\/product\/yoast-seo-wordpress\/ -->\n<title>Co se o kempa\u0159\u00edch a karavanistech pov\u00edd\u00e1? - All4Camper<\/title>\n<meta name=\"description\" content=\"All4Camper - Co se o kempa\u0159\u00edch a karavanistech pov\u00edd\u00e1?\" \/>\n<meta name=\"robots\" content=\"index, follow, max-snippet:-1, max-image-preview:large, max-video-preview:-1\" \/>\n<link rel=\"canonical\" href=\"https:\/\/all4camper.com\/cs\/co-se-o-kemparich-a-karavanistech-povida\/\" \/>\n<meta property=\"og:locale\" content=\"cs_CZ\" \/>\n<meta property=\"og:type\" content=\"article\" \/>\n<meta property=\"og:title\" content=\"Co se o kempa\u0159\u00edch a karavanistech pov\u00edd\u00e1? - All4Camper\" \/>\n<meta property=\"og:description\" content=\"All4Camper - Co se o kempa\u0159\u00edch a karavanistech pov\u00edd\u00e1?\" \/>\n<meta property=\"og:url\" content=\"https:\/\/all4camper.com\/cs\/co-se-o-kemparich-a-karavanistech-povida\/\" \/>\n<meta property=\"og:site_name\" content=\"All4Camper\" \/>\n<meta property=\"article:published_time\" content=\"2020-07-01T08:09:37+00:00\" \/>\n<meta property=\"article:modified_time\" content=\"2020-07-01T11:19:10+00:00\" \/>\n<meta property=\"og:image\" content=\"https:\/\/all4camper.com\/wp-content\/uploads\/2020\/06\/all4camper10-1.jpg\" \/>\n\t<meta property=\"og:image:width\" content=\"903\" \/>\n\t<meta property=\"og:image:height\" content=\"621\" \/>\n\t<meta property=\"og:image:type\" content=\"image\/jpeg\" \/>\n<meta name=\"author\" content=\"Kate\u0159ina\" \/>\n<meta name=\"twitter:card\" content=\"summary_large_image\" \/>\n<meta name=\"twitter:label1\" content=\"Napsal(a)\" \/>\n\t<meta name=\"twitter:data1\" content=\"Kate\u0159ina\" \/>\n\t<meta name=\"twitter:label2\" content=\"Odhadovan\u00e1 doba \u010dten\u00ed\" \/>\n\t<meta name=\"twitter:data2\" content=\"2 minuty\" \/>\n<script type=\"application\/ld+json\" class=\"yoast-schema-graph\">{\"@context\":\"https:\\\/\\\/schema.org\",\"@graph\":[{\"@type\":\"Article\",\"@id\":\"https:\\\/\\\/all4camper.com\\\/cs\\\/co-se-o-kemparich-a-karavanistech-povida\\\/#article\",\"isPartOf\":{\"@id\":\"https:\\\/\\\/all4camper.com\\\/cs\\\/co-se-o-kemparich-a-karavanistech-povida\\\/\"},\"author\":{\"name\":\"Kate\u0159ina\",\"@id\":\"https:\\\/\\\/all4camper.com\\\/cs\\\/#\\\/schema\\\/person\\\/9349489688d4c221ca0fc39ae6bcb70b\"},\"headline\":\"Co se o kempa\u0159\u00edch a karavanistech pov\u00edd\u00e1?\",\"datePublished\":\"2020-07-01T08:09:37+00:00\",\"dateModified\":\"2020-07-01T11:19:10+00:00\",\"mainEntityOfPage\":{\"@id\":\"https:\\\/\\\/all4camper.com\\\/cs\\\/co-se-o-kemparich-a-karavanistech-povida\\\/\"},\"wordCount\":462,\"commentCount\":3,\"publisher\":{\"@id\":\"https:\\\/\\\/all4camper.com\\\/cs\\\/#organization\"},\"image\":{\"@id\":\"https:\\\/\\\/all4camper.com\\\/cs\\\/co-se-o-kemparich-a-karavanistech-povida\\\/#primaryimage\"},\"thumbnailUrl\":\"https:\\\/\\\/all4camper.com\\\/wp-content\\\/uploads\\\/2020\\\/06\\\/all4camper10-1.jpg\",\"articleSection\":[\"\u010cten\u00ed na cesty\",\"Novinky - Kempov\u00e1n\u00ed a karavaning\"],\"inLanguage\":\"cs\",\"potentialAction\":[{\"@type\":\"CommentAction\",\"name\":\"Comment\",\"target\":[\"https:\\\/\\\/all4camper.com\\\/cs\\\/co-se-o-kemparich-a-karavanistech-povida\\\/#respond\"]}]},{\"@type\":\"WebPage\",\"@id\":\"https:\\\/\\\/all4camper.com\\\/cs\\\/co-se-o-kemparich-a-karavanistech-povida\\\/\",\"url\":\"https:\\\/\\\/all4camper.com\\\/cs\\\/co-se-o-kemparich-a-karavanistech-povida\\\/\",\"name\":\"Co se o kempa\u0159\u00edch a karavanistech pov\u00edd\u00e1? - All4Camper\",\"isPartOf\":{\"@id\":\"https:\\\/\\\/all4camper.com\\\/cs\\\/#website\"},\"primaryImageOfPage\":{\"@id\":\"https:\\\/\\\/all4camper.com\\\/cs\\\/co-se-o-kemparich-a-karavanistech-povida\\\/#primaryimage\"},\"image\":{\"@id\":\"https:\\\/\\\/all4camper.com\\\/cs\\\/co-se-o-kemparich-a-karavanistech-povida\\\/#primaryimage\"},\"thumbnailUrl\":\"https:\\\/\\\/all4camper.com\\\/wp-content\\\/uploads\\\/2020\\\/06\\\/all4camper10-1.jpg\",\"datePublished\":\"2020-07-01T08:09:37+00:00\",\"dateModified\":\"2020-07-01T11:19:10+00:00\",\"description\":\"All4Camper - Co se o kempa\u0159\u00edch a karavanistech pov\u00edd\u00e1?\",\"breadcrumb\":{\"@id\":\"https:\\\/\\\/all4camper.com\\\/cs\\\/co-se-o-kemparich-a-karavanistech-povida\\\/#breadcrumb\"},\"inLanguage\":\"cs\",\"potentialAction\":[{\"@type\":\"ReadAction\",\"target\":[\"https:\\\/\\\/all4camper.com\\\/cs\\\/co-se-o-kemparich-a-karavanistech-povida\\\/\"]}]},{\"@type\":\"ImageObject\",\"inLanguage\":\"cs\",\"@id\":\"https:\\\/\\\/all4camper.com\\\/cs\\\/co-se-o-kemparich-a-karavanistech-povida\\\/#primaryimage\",\"url\":\"https:\\\/\\\/all4camper.com\\\/wp-content\\\/uploads\\\/2020\\\/06\\\/all4camper10-1.jpg\",\"contentUrl\":\"https:\\\/\\\/all4camper.com\\\/wp-content\\\/uploads\\\/2020\\\/06\\\/all4camper10-1.jpg\",\"width\":903,\"height\":621},{\"@type\":\"BreadcrumbList\",\"@id\":\"https:\\\/\\\/all4camper.com\\\/cs\\\/co-se-o-kemparich-a-karavanistech-povida\\\/#breadcrumb\",\"itemListElement\":[{\"@type\":\"ListItem\",\"position\":1,\"name\":\"Dom\u016f\",\"item\":\"https:\\\/\\\/all4camper.com\\\/cs\\\/\"},{\"@type\":\"ListItem\",\"position\":2,\"name\":\"\u010cten\u00ed na cesty\",\"item\":\"https:\\\/\\\/all4camper.com\\\/cs\\\/category\\\/magazin_all4camper\\\/\"},{\"@type\":\"ListItem\",\"position\":3,\"name\":\"Co se o kempa\u0159\u00edch a karavanistech pov\u00edd\u00e1?\"}]},{\"@type\":\"WebSite\",\"@id\":\"https:\\\/\\\/all4camper.com\\\/cs\\\/#website\",\"url\":\"https:\\\/\\\/all4camper.com\\\/cs\\\/\",\"name\":\"All4Camper\",\"description\":\"Nejv\u011bt\u0161\u00ed online magaz\u00edn o kempov\u00e1n\u00ed a karavaninku. V\u00edce jak 900 \u010dl\u00e1nk\u016f pln\u00fdch rad a tip\u016f o kempech a kempov\u00e1n\u00ed.\",\"publisher\":{\"@id\":\"https:\\\/\\\/all4camper.com\\\/cs\\\/#organization\"},\"potentialAction\":[{\"@type\":\"SearchAction\",\"target\":{\"@type\":\"EntryPoint\",\"urlTemplate\":\"https:\\\/\\\/all4camper.com\\\/cs\\\/?s={search_term_string}\"},\"query-input\":{\"@type\":\"PropertyValueSpecification\",\"valueRequired\":true,\"valueName\":\"search_term_string\"}}],\"inLanguage\":\"cs\"},{\"@type\":\"Organization\",\"@id\":\"https:\\\/\\\/all4camper.com\\\/cs\\\/#organization\",\"name\":\"All4Camper - kempujeme s Kl\u00e1rou\",\"url\":\"https:\\\/\\\/all4camper.com\\\/cs\\\/\",\"logo\":{\"@type\":\"ImageObject\",\"inLanguage\":\"cs\",\"@id\":\"https:\\\/\\\/all4camper.com\\\/cs\\\/#\\\/schema\\\/logo\\\/image\\\/\",\"url\":\"https:\\\/\\\/all4camper.com\\\/wp-content\\\/uploads\\\/2018\\\/09\\\/novelogo.png\",\"contentUrl\":\"https:\\\/\\\/all4camper.com\\\/wp-content\\\/uploads\\\/2018\\\/09\\\/novelogo.png\",\"width\":1520,\"height\":600,\"caption\":\"All4Camper - kempujeme s Kl\u00e1rou\"},\"image\":{\"@id\":\"https:\\\/\\\/all4camper.com\\\/cs\\\/#\\\/schema\\\/logo\\\/image\\\/\"}},{\"@type\":\"Person\",\"@id\":\"https:\\\/\\\/all4camper.com\\\/cs\\\/#\\\/schema\\\/person\\\/9349489688d4c221ca0fc39ae6bcb70b\",\"name\":\"Kate\u0159ina\",\"url\":\"https:\\\/\\\/all4camper.com\\\/cs\\\/author\\\/kterina\\\/\"}]}<\/script>\n<!-- \/ Yoast SEO plugin. -->","yoast_head_json":{"title":"Co se o kempa\u0159\u00edch a karavanistech pov\u00edd\u00e1? - All4Camper","description":"All4Camper - Co se o kempa\u0159\u00edch a karavanistech pov\u00edd\u00e1?","robots":{"index":"index","follow":"follow","max-snippet":"max-snippet:-1","max-image-preview":"max-image-preview:large","max-video-preview":"max-video-preview:-1"},"canonical":"https:\/\/all4camper.com\/cs\/co-se-o-kemparich-a-karavanistech-povida\/","og_locale":"cs_CZ","og_type":"article","og_title":"Co se o kempa\u0159\u00edch a karavanistech pov\u00edd\u00e1? - All4Camper","og_description":"All4Camper - Co se o kempa\u0159\u00edch a karavanistech pov\u00edd\u00e1?","og_url":"https:\/\/all4camper.com\/cs\/co-se-o-kemparich-a-karavanistech-povida\/","og_site_name":"All4Camper","article_published_time":"2020-07-01T08:09:37+00:00","article_modified_time":"2020-07-01T11:19:10+00:00","og_image":[{"width":903,"height":621,"url":"https:\/\/all4camper.com\/wp-content\/uploads\/2020\/06\/all4camper10-1.jpg","type":"image\/jpeg"}],"author":"Kate\u0159ina","twitter_card":"summary_large_image","twitter_misc":{"Napsal(a)":"Kate\u0159ina","Odhadovan\u00e1 doba \u010dten\u00ed":"2 minuty"},"schema":{"@context":"https:\/\/schema.org","@graph":[{"@type":"Article","@id":"https:\/\/all4camper.com\/cs\/co-se-o-kemparich-a-karavanistech-povida\/#article","isPartOf":{"@id":"https:\/\/all4camper.com\/cs\/co-se-o-kemparich-a-karavanistech-povida\/"},"author":{"name":"Kate\u0159ina","@id":"https:\/\/all4camper.com\/cs\/#\/schema\/person\/9349489688d4c221ca0fc39ae6bcb70b"},"headline":"Co se o kempa\u0159\u00edch a karavanistech pov\u00edd\u00e1?","datePublished":"2020-07-01T08:09:37+00:00","dateModified":"2020-07-01T11:19:10+00:00","mainEntityOfPage":{"@id":"https:\/\/all4camper.com\/cs\/co-se-o-kemparich-a-karavanistech-povida\/"},"wordCount":462,"commentCount":3,"publisher":{"@id":"https:\/\/all4camper.com\/cs\/#organization"},"image":{"@id":"https:\/\/all4camper.com\/cs\/co-se-o-kemparich-a-karavanistech-povida\/#primaryimage"},"thumbnailUrl":"https:\/\/all4camper.com\/wp-content\/uploads\/2020\/06\/all4camper10-1.jpg","articleSection":["\u010cten\u00ed na cesty","Novinky - Kempov\u00e1n\u00ed a karavaning"],"inLanguage":"cs","potentialAction":[{"@type":"CommentAction","name":"Comment","target":["https:\/\/all4camper.com\/cs\/co-se-o-kemparich-a-karavanistech-povida\/#respond"]}]},{"@type":"WebPage","@id":"https:\/\/all4camper.com\/cs\/co-se-o-kemparich-a-karavanistech-povida\/","url":"https:\/\/all4camper.com\/cs\/co-se-o-kemparich-a-karavanistech-povida\/","name":"Co se o kempa\u0159\u00edch a karavanistech pov\u00edd\u00e1? - All4Camper","isPartOf":{"@id":"https:\/\/all4camper.com\/cs\/#website"},"primaryImageOfPage":{"@id":"https:\/\/all4camper.com\/cs\/co-se-o-kemparich-a-karavanistech-povida\/#primaryimage"},"image":{"@id":"https:\/\/all4camper.com\/cs\/co-se-o-kemparich-a-karavanistech-povida\/#primaryimage"},"thumbnailUrl":"https:\/\/all4camper.com\/wp-content\/uploads\/2020\/06\/all4camper10-1.jpg","datePublished":"2020-07-01T08:09:37+00:00","dateModified":"2020-07-01T11:19:10+00:00","description":"All4Camper - Co se o kempa\u0159\u00edch a karavanistech pov\u00edd\u00e1?","breadcrumb":{"@id":"https:\/\/all4camper.com\/cs\/co-se-o-kemparich-a-karavanistech-povida\/#breadcrumb"},"inLanguage":"cs","potentialAction":[{"@type":"ReadAction","target":["https:\/\/all4camper.com\/cs\/co-se-o-kemparich-a-karavanistech-povida\/"]}]},{"@type":"ImageObject","inLanguage":"cs","@id":"https:\/\/all4camper.com\/cs\/co-se-o-kemparich-a-karavanistech-povida\/#primaryimage","url":"https:\/\/all4camper.com\/wp-content\/uploads\/2020\/06\/all4camper10-1.jpg","contentUrl":"https:\/\/all4camper.com\/wp-content\/uploads\/2020\/06\/all4camper10-1.jpg","width":903,"height":621},{"@type":"BreadcrumbList","@id":"https:\/\/all4camper.com\/cs\/co-se-o-kemparich-a-karavanistech-povida\/#breadcrumb","itemListElement":[{"@type":"ListItem","position":1,"name":"Dom\u016f","item":"https:\/\/all4camper.com\/cs\/"},{"@type":"ListItem","position":2,"name":"\u010cten\u00ed na cesty","item":"https:\/\/all4camper.com\/cs\/category\/magazin_all4camper\/"},{"@type":"ListItem","position":3,"name":"Co se o kempa\u0159\u00edch a karavanistech pov\u00edd\u00e1?"}]},{"@type":"WebSite","@id":"https:\/\/all4camper.com\/cs\/#website","url":"https:\/\/all4camper.com\/cs\/","name":"All4Camper","description":"Nejv\u011bt\u0161\u00ed online magaz\u00edn o kempov\u00e1n\u00ed a karavaninku. V\u00edce jak 900 \u010dl\u00e1nk\u016f pln\u00fdch rad a tip\u016f o kempech a kempov\u00e1n\u00ed.","publisher":{"@id":"https:\/\/all4camper.com\/cs\/#organization"},"potentialAction":[{"@type":"SearchAction","target":{"@type":"EntryPoint","urlTemplate":"https:\/\/all4camper.com\/cs\/?s={search_term_string}"},"query-input":{"@type":"PropertyValueSpecification","valueRequired":true,"valueName":"search_term_string"}}],"inLanguage":"cs"},{"@type":"Organization","@id":"https:\/\/all4camper.com\/cs\/#organization","name":"All4Camper - kempujeme s Kl\u00e1rou","url":"https:\/\/all4camper.com\/cs\/","logo":{"@type":"ImageObject","inLanguage":"cs","@id":"https:\/\/all4camper.com\/cs\/#\/schema\/logo\/image\/","url":"https:\/\/all4camper.com\/wp-content\/uploads\/2018\/09\/novelogo.png","contentUrl":"https:\/\/all4camper.com\/wp-content\/uploads\/2018\/09\/novelogo.png","width":1520,"height":600,"caption":"All4Camper - kempujeme s Kl\u00e1rou"},"image":{"@id":"https:\/\/all4camper.com\/cs\/#\/schema\/logo\/image\/"}},{"@type":"Person","@id":"https:\/\/all4camper.com\/cs\/#\/schema\/person\/9349489688d4c221ca0fc39ae6bcb70b","name":"Kate\u0159ina","url":"https:\/\/all4camper.com\/cs\/author\/kterina\/"}]}},"_links":{"self":[{"href":"https:\/\/all4camper.com\/cs\/wp-json\/wp\/v2\/posts\/87058","targetHints":{"allow":["GET"]}}],"collection":[{"href":"https:\/\/all4camper.com\/cs\/wp-json\/wp\/v2\/posts"}],"about":[{"href":"https:\/\/all4camper.com\/cs\/wp-json\/wp\/v2\/types\/post"}],"author":[{"embeddable":true,"href":"https:\/\/all4camper.com\/cs\/wp-json\/wp\/v2\/users\/161"}],"replies":[{"embeddable":true,"href":"https:\/\/all4camper.com\/cs\/wp-json\/wp\/v2\/comments?post=87058"}],"version-history":[{"count":0,"href":"https:\/\/all4camper.com\/cs\/wp-json\/wp\/v2\/posts\/87058\/revisions"}],"wp:featuredmedia":[{"embeddable":true,"href":"https:\/\/all4camper.com\/cs\/wp-json\/wp\/v2\/media\/87084"}],"wp:attachment":[{"href":"https:\/\/all4camper.com\/cs\/wp-json\/wp\/v2\/media?parent=87058"}],"wp:term":[{"taxonomy":"category","embeddable":true,"href":"https:\/\/all4camper.com\/cs\/wp-json\/wp\/v2\/categories?post=87058"},{"taxonomy":"post_tag","embeddable":true,"href":"https:\/\/all4camper.com\/cs\/wp-json\/wp\/v2\/tags?post=87058"}],"curies":[{"name":"wp","href":"https:\/\/api.w.org\/{rel}","templated":true}]}}