{"id":86831,"date":"2020-06-19T09:54:21","date_gmt":"2020-06-19T07:54:21","guid":{"rendered":"https:\/\/all4camper.com\/\/?p=86831"},"modified":"2021-04-12T06:13:46","modified_gmt":"2021-04-12T04:13:46","slug":"novy-rodinny-stellplatz-jen-kousek-od-udoli-reky-oslavy","status":"publish","type":"post","link":"https:\/\/all4camper.com\/cs\/novy-rodinny-stellplatz-jen-kousek-od-udoli-reky-oslavy\/","title":{"rendered":"Nov\u00fd rodinn\u00fd stellplatz jen kousek od \u00fadol\u00ed \u0159eky Oslavy a Jihlavy"},"content":{"rendered":"\n<h4 class=\"wp-block-heading\">O tomto stellplatzu jsem v\u011bd\u011bla ji\u017e del\u0161\u00ed dobu. Vlastn\u011b jsem o n\u011bm v\u011bd\u011bla od momentu kdy majitele, dlouholet\u00e9 karavanisty, tato my\u0161lenka napadla a rozhodli se ji realizovat. No a proto\u017ee j\u00e1 nesm\u00edm chyb\u011bt u \u017e\u00e1dn\u00fdch takov\u00fdchto novinek, bylo jasn\u00e9, \u017ee se na n\u011bj s Dav\u00edm mus\u00edme vydat a po\u0159\u00e1dn\u011b jej pro v\u00e1s prozkoumat a odzkou\u0161et. Tak\u017ee tady jsou na\u0161e post\u0159ehy a doporu\u010den\u00ed. A hned na \u00favod \u0159\u00edk\u00e1m, \u017ee jsme si jej za\u0159adili mezi na\u0161e TOP 10. <a href=\"http:\/\/www.zeleznakstpl.cz\/\" target=\"_blank\" aria-label=\"Stellplatz \u017delez\u0148\u00e1k (opens in a new tab)\" rel=\"noreferrer noopener\">Stellplatz \u017delez\u0148\u00e1k<\/a> a jeho kr\u00e1sn\u00e9 okol\u00ed se v\u00e1m t\u00edmto p\u0159edstavuje.<\/h4>\n\n\n\n<figure class=\"wp-block-image size-large\"><img loading=\"lazy\" decoding=\"async\" width=\"1440\" height=\"1080\" src=\"https:\/\/all4camper.com\/\/wp-content\/uploads\/2020\/06\/IMG_20200614_141753-1440x1080.jpg\" alt=\"\" class=\"wp-image-86833\" srcset=\"https:\/\/all4camper.com\/wp-content\/uploads\/2020\/06\/IMG_20200614_141753-1440x1080.jpg 1440w, https:\/\/all4camper.com\/wp-content\/uploads\/2020\/06\/IMG_20200614_141753-300x225.jpg 300w, https:\/\/all4camper.com\/wp-content\/uploads\/2020\/06\/IMG_20200614_141753-150x113.jpg 150w, https:\/\/all4camper.com\/wp-content\/uploads\/2020\/06\/IMG_20200614_141753-768x576.jpg 768w, https:\/\/all4camper.com\/wp-content\/uploads\/2020\/06\/IMG_20200614_141753-1536x1152.jpg 1536w, https:\/\/all4camper.com\/wp-content\/uploads\/2020\/06\/IMG_20200614_141753-2048x1536.jpg 2048w, https:\/\/all4camper.com\/wp-content\/uploads\/2020\/06\/IMG_20200614_141753-678x509.jpg 678w, https:\/\/all4camper.com\/wp-content\/uploads\/2020\/06\/IMG_20200614_141753-326x245.jpg 326w, https:\/\/all4camper.com\/wp-content\/uploads\/2020\/06\/IMG_20200614_141753-80x60.jpg 80w\" sizes=\"auto, (max-width: 1440px) 100vw, 1440px\" \/><\/figure>\n\n\n\n<h4 class=\"wp-block-heading\">Pro\u010d zrovna sem jet stoj\u00ed za to<\/h4>\n\n\n\n<p>Za\u010dnu okol\u00edm, kter\u00e9 je opravdu n\u00e1dhern\u00e9. Jen p\u00e1r des\u00edtek metr\u016f od stellplatzu za\u010d\u00edn\u00e1 malebn\u00e1 cyklostezka vedouc\u00ed lesem a tak\u00e9 kolem \u0159ek Jihlavy a Oslavy. Pokud nem\u00e1te kolo, nevad\u00ed. M\u016f\u017eete se vydat pozn\u00e1vat nejbli\u017e\u0161\u00ed okol\u00ed p\u011b\u0161ky. <\/p>\n\n\n\n<p>Prvn\u00ed va\u0161e zastaven\u00ed by m\u011blo b\u00fdt ur\u010dit\u011b u St\u0159\u00edbsk\u00e9ho ml\u00fdna (<a aria-label=\"mapa (opens in a new tab)\" href=\"https:\/\/goo.gl\/maps\/JWnC7fNUWESL714u5\" target=\"_blank\" rel=\"noreferrer noopener\">mapa<\/a>), kter\u00fd le\u017e\u00ed asi tak 1,5 km od stellplatzu. Dostanete se tam p\u0159\u00edjemnou proch\u00e1zkou po lesn\u00ed cest\u011b vedouc\u00ed mj. pod\u00e9l \u0159eky Jihlavy (z \u017delez\u0148\u00e1ku se vydejte vlevo do lesa a po cca 150 metrech pokra\u010dujte vpravo). P\u0159i t\u00e9to proch\u00e1zce budete m\u00edt z n\u011bkolika m\u00edst plnohodnotn\u00fd v\u00fdhled na \u017eelezni\u010dn\u00ed viadukt v cel\u00e9ho jeho kr\u00e1se. A \u017ee to je opravdu \u00factyhodn\u00e1 stavba.<\/p>\n\n\n\n<figure class=\"wp-block-image size-large\"><img loading=\"lazy\" decoding=\"async\" width=\"1440\" height=\"1080\" src=\"https:\/\/all4camper.com\/\/wp-content\/uploads\/2020\/06\/IMG_20200614_142507-1440x1080.jpg\" alt=\"\" class=\"wp-image-86846\" srcset=\"https:\/\/all4camper.com\/wp-content\/uploads\/2020\/06\/IMG_20200614_142507-1440x1080.jpg 1440w, https:\/\/all4camper.com\/wp-content\/uploads\/2020\/06\/IMG_20200614_142507-300x225.jpg 300w, https:\/\/all4camper.com\/wp-content\/uploads\/2020\/06\/IMG_20200614_142507-150x113.jpg 150w, https:\/\/all4camper.com\/wp-content\/uploads\/2020\/06\/IMG_20200614_142507-768x576.jpg 768w, https:\/\/all4camper.com\/wp-content\/uploads\/2020\/06\/IMG_20200614_142507-1536x1152.jpg 1536w, https:\/\/all4camper.com\/wp-content\/uploads\/2020\/06\/IMG_20200614_142507-2048x1536.jpg 2048w, https:\/\/all4camper.com\/wp-content\/uploads\/2020\/06\/IMG_20200614_142507-678x509.jpg 678w, https:\/\/all4camper.com\/wp-content\/uploads\/2020\/06\/IMG_20200614_142507-326x245.jpg 326w, https:\/\/all4camper.com\/wp-content\/uploads\/2020\/06\/IMG_20200614_142507-80x60.jpg 80w\" sizes=\"auto, (max-width: 1440px) 100vw, 1440px\" \/><\/figure>\n\n\n\n<p>A te\u010f pro\u010d se vydat na proch\u00e1zku zrovna sem. Nejen\u017ee se tady d\u00e1 vykoupat v \u0159ece, opalovat se na travnat\u00e9 pl\u00e1\u017ei a ob\u010derstvit ve zdej\u0161\u00edm ob\u010derstven\u00ed na Parn\u00edku, ale p\u0159\u00edmo p\u0159ed ml\u00fdnem jsou instalov\u00e1ny velice vtipn\u00e9 sochy. Samoz\u0159ejm\u011b se sem dostanete i na kole.<\/p>\n\n\n\n<figure class=\"wp-block-gallery columns-2 is-cropped wp-block-gallery-1 is-layout-flex wp-block-gallery-is-layout-flex\"><ul class=\"blocks-gallery-grid\"><li class=\"blocks-gallery-item\"><figure><a href=\"https:\/\/all4camper.com\/\/?attachment_id=86848\"><img loading=\"lazy\" decoding=\"async\" width=\"810\" height=\"1080\" src=\"https:\/\/all4camper.com\/\/wp-content\/uploads\/2020\/06\/IMG_20200614_143234-810x1080.jpg\" alt=\"\" data-id=\"86848\" data-link=\"https:\/\/all4camper.com\/\/?attachment_id=86848\" class=\"wp-image-86848\" srcset=\"https:\/\/all4camper.com\/wp-content\/uploads\/2020\/06\/IMG_20200614_143234-810x1080.jpg 810w, https:\/\/all4camper.com\/wp-content\/uploads\/2020\/06\/IMG_20200614_143234-225x300.jpg 225w, https:\/\/all4camper.com\/wp-content\/uploads\/2020\/06\/IMG_20200614_143234-113x150.jpg 113w, https:\/\/all4camper.com\/wp-content\/uploads\/2020\/06\/IMG_20200614_143234-768x1024.jpg 768w, https:\/\/all4camper.com\/wp-content\/uploads\/2020\/06\/IMG_20200614_143234-1152x1536.jpg 1152w, https:\/\/all4camper.com\/wp-content\/uploads\/2020\/06\/IMG_20200614_143234-1536x2048.jpg 1536w, https:\/\/all4camper.com\/wp-content\/uploads\/2020\/06\/IMG_20200614_143234-scaled.jpg 1920w\" sizes=\"auto, (max-width: 810px) 100vw, 810px\" \/><\/a><\/figure><\/li><li class=\"blocks-gallery-item\"><figure><a href=\"https:\/\/all4camper.com\/\/?attachment_id=86849\"><img loading=\"lazy\" decoding=\"async\" width=\"810\" height=\"1080\" src=\"https:\/\/all4camper.com\/\/wp-content\/uploads\/2020\/06\/IMG_20200614_143259-810x1080.jpg\" alt=\"\" data-id=\"86849\" data-link=\"https:\/\/all4camper.com\/\/?attachment_id=86849\" class=\"wp-image-86849\" srcset=\"https:\/\/all4camper.com\/wp-content\/uploads\/2020\/06\/IMG_20200614_143259-810x1080.jpg 810w, https:\/\/all4camper.com\/wp-content\/uploads\/2020\/06\/IMG_20200614_143259-225x300.jpg 225w, https:\/\/all4camper.com\/wp-content\/uploads\/2020\/06\/IMG_20200614_143259-113x150.jpg 113w, https:\/\/all4camper.com\/wp-content\/uploads\/2020\/06\/IMG_20200614_143259-768x1024.jpg 768w, https:\/\/all4camper.com\/wp-content\/uploads\/2020\/06\/IMG_20200614_143259-1152x1536.jpg 1152w, https:\/\/all4camper.com\/wp-content\/uploads\/2020\/06\/IMG_20200614_143259-1536x2048.jpg 1536w, https:\/\/all4camper.com\/wp-content\/uploads\/2020\/06\/IMG_20200614_143259-scaled.jpg 1920w\" sizes=\"auto, (max-width: 810px) 100vw, 810px\" \/><\/a><\/figure><\/li><li class=\"blocks-gallery-item\"><figure><a href=\"https:\/\/all4camper.com\/\/?attachment_id=86850\"><img loading=\"lazy\" decoding=\"async\" width=\"1440\" height=\"1080\" src=\"https:\/\/all4camper.com\/\/wp-content\/uploads\/2020\/06\/IMG_20200614_143735-1440x1080.jpg\" alt=\"\" data-id=\"86850\" data-full-url=\"https:\/\/all4camper.com\/\/wp-content\/uploads\/2020\/06\/IMG_20200614_143735-scaled.jpg\" data-link=\"https:\/\/all4camper.com\/\/?attachment_id=86850\" class=\"wp-image-86850\" srcset=\"https:\/\/all4camper.com\/wp-content\/uploads\/2020\/06\/IMG_20200614_143735-1440x1080.jpg 1440w, https:\/\/all4camper.com\/wp-content\/uploads\/2020\/06\/IMG_20200614_143735-300x225.jpg 300w, https:\/\/all4camper.com\/wp-content\/uploads\/2020\/06\/IMG_20200614_143735-150x113.jpg 150w, https:\/\/all4camper.com\/wp-content\/uploads\/2020\/06\/IMG_20200614_143735-768x576.jpg 768w, https:\/\/all4camper.com\/wp-content\/uploads\/2020\/06\/IMG_20200614_143735-1536x1152.jpg 1536w, https:\/\/all4camper.com\/wp-content\/uploads\/2020\/06\/IMG_20200614_143735-2048x1536.jpg 2048w, https:\/\/all4camper.com\/wp-content\/uploads\/2020\/06\/IMG_20200614_143735-678x509.jpg 678w, https:\/\/all4camper.com\/wp-content\/uploads\/2020\/06\/IMG_20200614_143735-326x245.jpg 326w, https:\/\/all4camper.com\/wp-content\/uploads\/2020\/06\/IMG_20200614_143735-80x60.jpg 80w\" sizes=\"auto, (max-width: 1440px) 100vw, 1440px\" \/><\/a><\/figure><\/li><\/ul><\/figure>\n\n\n\n<figure class=\"wp-block-image size-large\"><img loading=\"lazy\" decoding=\"async\" width=\"1440\" height=\"1080\" src=\"https:\/\/all4camper.com\/\/wp-content\/uploads\/2020\/06\/IMG_20200614_143820-1440x1080.jpg\" alt=\"\" class=\"wp-image-86851\" srcset=\"https:\/\/all4camper.com\/wp-content\/uploads\/2020\/06\/IMG_20200614_143820-1440x1080.jpg 1440w, https:\/\/all4camper.com\/wp-content\/uploads\/2020\/06\/IMG_20200614_143820-300x225.jpg 300w, https:\/\/all4camper.com\/wp-content\/uploads\/2020\/06\/IMG_20200614_143820-150x113.jpg 150w, https:\/\/all4camper.com\/wp-content\/uploads\/2020\/06\/IMG_20200614_143820-768x576.jpg 768w, https:\/\/all4camper.com\/wp-content\/uploads\/2020\/06\/IMG_20200614_143820-1536x1152.jpg 1536w, https:\/\/all4camper.com\/wp-content\/uploads\/2020\/06\/IMG_20200614_143820-2048x1536.jpg 2048w, https:\/\/all4camper.com\/wp-content\/uploads\/2020\/06\/IMG_20200614_143820-678x509.jpg 678w, https:\/\/all4camper.com\/wp-content\/uploads\/2020\/06\/IMG_20200614_143820-326x245.jpg 326w, https:\/\/all4camper.com\/wp-content\/uploads\/2020\/06\/IMG_20200614_143820-80x60.jpg 80w\" sizes=\"auto, (max-width: 1440px) 100vw, 1440px\" \/><\/figure>\n\n\n\n<p>Dal\u0161\u00ed va\u0161e cesta ze St\u0159\u00edbsk\u00e9ho ml\u00fdna by m\u011bla pokra\u010dovat do Ivan\u010dic (vede tam hezk\u00e1 cyklostezka, op\u011bt p\u0159\u00edrodou) na tamn\u00ed rozhlednu Alfonse Muchy (<a aria-label=\"mapa (opens in a new tab)\" href=\"https:\/\/goo.gl\/maps\/T2qmPqLmdHRiL9Vq7\" target=\"_blank\" rel=\"noreferrer noopener\">mapa<\/a>) ze kter\u00e9 se v\u00e1m naskytne hezk\u00fd pohled na toto m\u011bste\u010dko. Pokud se budete cht\u00edt ob\u010derstvit, tak doporu\u010duji <a aria-label=\"tady (opens in a new tab)\" href=\"https:\/\/goo.gl\/maps\/f2t4MfyyAcp3trjN9\" target=\"_blank\" rel=\"noreferrer noopener\">tady<\/a>. Zejm\u00e9na v hork\u00fdch dnech ocen\u00edte venkovn\u00ed posezen\u00ed pod vzrostl\u00fdmi stromy jen kousek od \u0159eky Jihlavy. Opravdu hezk\u00e9 m\u00edsto, nav\u00edc nen\u00ed daleko od zmi\u0148ovan\u00e9 rozhledny. <\/p>\n\n\n\n<p>Budete m\u00edt s sebou d\u011bti? Pak cyklov\u00fdlet m\u016f\u017eete odm\u011bnit n\u00e1v\u0161t\u011bvou Permonia v Oslavanech (<a aria-label=\"mapa (opens in a new tab)\" href=\"https:\/\/goo.gl\/maps\/cXXJ7Fowpa8tEjhg7\" target=\"_blank\" rel=\"noreferrer noopener\">mapa<\/a>). A \u017ee i tohle stoj\u00ed za vid\u011bn\u00ed. V\u00edce se dozv\u00edte na  <a aria-label=\" (opens in a new tab)\" href=\"http:\/\/www.permonium.cz\/\" target=\"_blank\" rel=\"noreferrer noopener\">permonium.cz<\/a>. A kdy\u017e jste bez d\u011bt\u00ed, pak dal\u0161\u00ed doporu\u010den\u00ed pana Hutiry, majitele \u017delez\u0148\u00e1ku, je vydat se do obce Nov\u00e1 Ves, kde jen p\u00e1r des\u00edtek metr\u016f za n\u00ed najdete n\u00e1dhern\u00e9 louky, kr\u00e1snou p\u0159\u00edrodu, velik\u00fd po\u010det vrb, mo\u017enost koup\u00e1n\u00ed se v \u0159ece a n\u011bkolik brod\u016f. (<a aria-label=\"mapa (opens in a new tab)\" href=\"https:\/\/goo.gl\/maps\/rTm5FYJPMRo7ed95A\" target=\"_blank\" rel=\"noreferrer noopener\">mapa<\/a>) Tohle m\u00edsto je opravdu n\u00e1dhern\u00e9.<\/p>\n\n\n\n<figure class=\"wp-block-gallery columns-1 is-cropped wp-block-gallery-2 is-layout-flex wp-block-gallery-is-layout-flex\"><ul class=\"blocks-gallery-grid\"><li class=\"blocks-gallery-item\"><figure><a href=\"https:\/\/all4camper.com\/\/?attachment_id=86852\"><img loading=\"lazy\" decoding=\"async\" width=\"1440\" height=\"1080\" src=\"https:\/\/all4camper.com\/\/wp-content\/uploads\/2020\/06\/IMG_20200614_150606-1440x1080.jpg\" alt=\"\" data-id=\"86852\" data-full-url=\"https:\/\/all4camper.com\/\/wp-content\/uploads\/2020\/06\/IMG_20200614_150606-scaled.jpg\" data-link=\"https:\/\/all4camper.com\/\/?attachment_id=86852\" class=\"wp-image-86852\" srcset=\"https:\/\/all4camper.com\/wp-content\/uploads\/2020\/06\/IMG_20200614_150606-1440x1080.jpg 1440w, https:\/\/all4camper.com\/wp-content\/uploads\/2020\/06\/IMG_20200614_150606-300x225.jpg 300w, https:\/\/all4camper.com\/wp-content\/uploads\/2020\/06\/IMG_20200614_150606-150x113.jpg 150w, https:\/\/all4camper.com\/wp-content\/uploads\/2020\/06\/IMG_20200614_150606-768x576.jpg 768w, https:\/\/all4camper.com\/wp-content\/uploads\/2020\/06\/IMG_20200614_150606-1536x1152.jpg 1536w, https:\/\/all4camper.com\/wp-content\/uploads\/2020\/06\/IMG_20200614_150606-2048x1536.jpg 2048w, https:\/\/all4camper.com\/wp-content\/uploads\/2020\/06\/IMG_20200614_150606-678x509.jpg 678w, https:\/\/all4camper.com\/wp-content\/uploads\/2020\/06\/IMG_20200614_150606-326x245.jpg 326w, https:\/\/all4camper.com\/wp-content\/uploads\/2020\/06\/IMG_20200614_150606-80x60.jpg 80w\" sizes=\"auto, (max-width: 1440px) 100vw, 1440px\" \/><\/a><\/figure><\/li><li class=\"blocks-gallery-item\"><figure><a href=\"https:\/\/all4camper.com\/\/?attachment_id=86853\"><img loading=\"lazy\" decoding=\"async\" width=\"1440\" height=\"1080\" src=\"https:\/\/all4camper.com\/\/wp-content\/uploads\/2020\/06\/IMG_20200614_150645-1440x1080.jpg\" alt=\"\" data-id=\"86853\" data-full-url=\"https:\/\/all4camper.com\/\/wp-content\/uploads\/2020\/06\/IMG_20200614_150645-scaled.jpg\" data-link=\"https:\/\/all4camper.com\/\/?attachment_id=86853\" class=\"wp-image-86853\" srcset=\"https:\/\/all4camper.com\/wp-content\/uploads\/2020\/06\/IMG_20200614_150645-1440x1080.jpg 1440w, https:\/\/all4camper.com\/wp-content\/uploads\/2020\/06\/IMG_20200614_150645-300x225.jpg 300w, https:\/\/all4camper.com\/wp-content\/uploads\/2020\/06\/IMG_20200614_150645-150x113.jpg 150w, https:\/\/all4camper.com\/wp-content\/uploads\/2020\/06\/IMG_20200614_150645-768x576.jpg 768w, https:\/\/all4camper.com\/wp-content\/uploads\/2020\/06\/IMG_20200614_150645-1536x1152.jpg 1536w, https:\/\/all4camper.com\/wp-content\/uploads\/2020\/06\/IMG_20200614_150645-2048x1536.jpg 2048w, https:\/\/all4camper.com\/wp-content\/uploads\/2020\/06\/IMG_20200614_150645-678x509.jpg 678w, https:\/\/all4camper.com\/wp-content\/uploads\/2020\/06\/IMG_20200614_150645-326x245.jpg 326w, https:\/\/all4camper.com\/wp-content\/uploads\/2020\/06\/IMG_20200614_150645-80x60.jpg 80w\" sizes=\"auto, (max-width: 1440px) 100vw, 1440px\" \/><\/a><\/figure><\/li><\/ul><\/figure>\n\n\n\n<p>Odtud se pak vydejte do \u00fadol\u00ed \u0159eky Oslavy. I tady je to n\u00e1dhern\u00e9, nebo\u0165 toto \u00fadol\u00ed je ka\u0148onovit\u00e9. Z\u00e1rove\u0148 d\u00e1v\u00e1m jeden tip na opravdu kr\u00e1snou vyhl\u00eddku na toto \u00fadol\u00ed, kde se v\u00e1m zmi\u0148ovan\u00e9 ka\u0148ony otev\u0159ou naplno. Dojedete sem bez probl\u00e9mu na kole, jen se p\u0159ipravte na t\u00e1hl\u00fd kopec. Na druhou stranu cesta sem vede lesem a je velice p\u0159\u00edjemn\u00e1. Vyhl\u00eddka je tady &#8211; <a aria-label=\"mapa (opens in a new tab)\" href=\"https:\/\/goo.gl\/maps\/LkuqsLAerdewjatq8\" target=\"_blank\" rel=\"noreferrer noopener\">mapa<\/a>. <\/p>\n\n\n\n<figure class=\"wp-block-image size-large\"><img loading=\"lazy\" decoding=\"async\" width=\"1440\" height=\"1080\" src=\"https:\/\/all4camper.com\/\/wp-content\/uploads\/2020\/06\/IMG_20200614_152946-1440x1080.jpg\" alt=\"\" class=\"wp-image-86856\" srcset=\"https:\/\/all4camper.com\/wp-content\/uploads\/2020\/06\/IMG_20200614_152946-1440x1080.jpg 1440w, https:\/\/all4camper.com\/wp-content\/uploads\/2020\/06\/IMG_20200614_152946-300x225.jpg 300w, https:\/\/all4camper.com\/wp-content\/uploads\/2020\/06\/IMG_20200614_152946-150x113.jpg 150w, https:\/\/all4camper.com\/wp-content\/uploads\/2020\/06\/IMG_20200614_152946-768x576.jpg 768w, https:\/\/all4camper.com\/wp-content\/uploads\/2020\/06\/IMG_20200614_152946-1536x1152.jpg 1536w, https:\/\/all4camper.com\/wp-content\/uploads\/2020\/06\/IMG_20200614_152946-2048x1536.jpg 2048w, https:\/\/all4camper.com\/wp-content\/uploads\/2020\/06\/IMG_20200614_152946-678x509.jpg 678w, https:\/\/all4camper.com\/wp-content\/uploads\/2020\/06\/IMG_20200614_152946-326x245.jpg 326w, https:\/\/all4camper.com\/wp-content\/uploads\/2020\/06\/IMG_20200614_152946-80x60.jpg 80w\" sizes=\"auto, (max-width: 1440px) 100vw, 1440px\" \/><\/figure>\n\n\n\n<p>Posledn\u00edm tipem na v\u00fdlet, kter\u00fd sem p\u0159id\u00e1v\u00e1m, je p\u0159\u00edrodn\u00ed biotop (kde se d\u00e1 koupat) um\u00edst\u011bn\u00fd v z\u00e1meck\u00e9 zahrad\u011b z\u00e1mku Oslavany. Hned u biotopu je kr\u00e1sn\u00e9 d\u011btsk\u00e9 h\u0159i\u0161t\u011b, a to v\u0161e dohromady vytv\u00e1\u0159\u00ed pro v\u00e1s dal\u0161\u00ed perfektn\u00ed zast\u00e1vku p\u0159i cyklov\u00fdletu z \u017delez\u0148\u00e1ku. Samotn\u00fd z\u00e1mek je uzav\u0159en, ale na jeho n\u00e1dvo\u0159\u00ed najdete pivovar. Tak\u017ee i p\u00e1nov\u00e9 se budou moci osv\u011b\u017eit zat\u00edmco si d\u011bti budou hr\u00e1t na h\u0159i\u0161ti \u010di se koupat v biotopu. Dal\u0161\u00ed informace se dozv\u00edte na <a aria-label=\"www.biotoposlavany.cz (opens in a new tab)\" href=\"https:\/\/www.biotoposlavany.cz\/\" target=\"_blank\" rel=\"noreferrer noopener\">biotoposlavany.cz<\/a><\/p>\n\n\n\n<figure class=\"wp-block-image size-large\"><img loading=\"lazy\" decoding=\"async\" width=\"1335\" height=\"890\" src=\"https:\/\/all4camper.com\/\/wp-content\/uploads\/2020\/06\/biotop.jpg\" alt=\"\" class=\"wp-image-86862\" srcset=\"https:\/\/all4camper.com\/wp-content\/uploads\/2020\/06\/biotop.jpg 1335w, https:\/\/all4camper.com\/wp-content\/uploads\/2020\/06\/biotop-300x200.jpg 300w, https:\/\/all4camper.com\/wp-content\/uploads\/2020\/06\/biotop-150x100.jpg 150w, https:\/\/all4camper.com\/wp-content\/uploads\/2020\/06\/biotop-768x512.jpg 768w\" sizes=\"auto, (max-width: 1335px) 100vw, 1335px\" \/><\/figure>\n\n\n\n<h4 class=\"wp-block-heading\">A te\u010f k samotn\u00e9mu stellplatzu \u017delez\u0148\u00e1k<\/h4>\n\n\n\n<p>St\u00e1n\u00ed najdete mezi Ivan\u010dicemi a Moravsk\u00fdmi Br\u00e1nicemi (<a aria-label=\"mapa (opens in a new tab)\" href=\"https:\/\/goo.gl\/maps\/nH9MpDpdN5c4jrPR9\" target=\"_blank\" rel=\"noreferrer noopener\">mapa<\/a>, n\u011bkter\u00e9 navigace jej je\u0161t\u011b nemaj\u00ed zaindexov\u00e1n, hledejte tedy &#8222;Viadukt u Ivan\u010dic&#8220;). Co se n\u00e1m hodn\u011b l\u00edbilo, bylo jeho zabezpe\u010den\u00ed. Cel\u00fd are\u00e1l je oplocen a hl\u00edd\u00e1n kamerami. D\u00edky tomu je bezpe\u010dnost st\u00e1n\u00ed opravdu zaji\u0161t\u011bna. Nav\u00edc pokud m\u00e1te mal\u00e9 d\u011bti, m\u016f\u017eete je bez jak\u00e9hokoliv strachu nechat voln\u011b pob\u00edhat, hr\u00e1t si na h\u0159i\u0161ti \u010di sk\u00e1kat na trampol\u00edn\u011b zat\u00edmco vy si budete v klidu odpo\u010d\u00edvat u karavanu. Tady se jim opravdu nic nestane.<\/p>\n\n\n\n<figure class=\"wp-block-image size-large\"><img loading=\"lazy\" decoding=\"async\" width=\"1440\" height=\"1080\" src=\"https:\/\/all4camper.com\/\/wp-content\/uploads\/2020\/06\/IMG_20200614_175226-1440x1080.jpg\" alt=\"\" class=\"wp-image-86857\" srcset=\"https:\/\/all4camper.com\/wp-content\/uploads\/2020\/06\/IMG_20200614_175226-1440x1080.jpg 1440w, https:\/\/all4camper.com\/wp-content\/uploads\/2020\/06\/IMG_20200614_175226-300x225.jpg 300w, https:\/\/all4camper.com\/wp-content\/uploads\/2020\/06\/IMG_20200614_175226-150x113.jpg 150w, https:\/\/all4camper.com\/wp-content\/uploads\/2020\/06\/IMG_20200614_175226-768x576.jpg 768w, https:\/\/all4camper.com\/wp-content\/uploads\/2020\/06\/IMG_20200614_175226-1536x1152.jpg 1536w, https:\/\/all4camper.com\/wp-content\/uploads\/2020\/06\/IMG_20200614_175226-2048x1536.jpg 2048w, https:\/\/all4camper.com\/wp-content\/uploads\/2020\/06\/IMG_20200614_175226-678x509.jpg 678w, https:\/\/all4camper.com\/wp-content\/uploads\/2020\/06\/IMG_20200614_175226-326x245.jpg 326w, https:\/\/all4camper.com\/wp-content\/uploads\/2020\/06\/IMG_20200614_175226-80x60.jpg 80w\" sizes=\"auto, (max-width: 1440px) 100vw, 1440px\" \/><\/figure>\n\n\n\n<p>Oce\u0148uji tak\u00e9 bezprobl\u00e9mov\u00fd p\u0159\u00edjezd z hlavn\u00ed silnice, velikost st\u00e1n\u00ed a vybavenost. Ur\u010dit\u011b tady nebudou m\u00edt probl\u00e9m ani v\u011bt\u0161\u00ed karavany \u010di obytn\u00e9 vozy nad 3,5 tuny. Co\u017e je super. <\/p>\n\n\n\n<figure class=\"wp-block-image size-large\"><img loading=\"lazy\" decoding=\"async\" width=\"1440\" height=\"1080\" src=\"https:\/\/all4camper.com\/\/wp-content\/uploads\/2020\/06\/IMG_20200614_114913-1440x1080.jpg\" alt=\"\" class=\"wp-image-86858\" srcset=\"https:\/\/all4camper.com\/wp-content\/uploads\/2020\/06\/IMG_20200614_114913-1440x1080.jpg 1440w, https:\/\/all4camper.com\/wp-content\/uploads\/2020\/06\/IMG_20200614_114913-300x225.jpg 300w, https:\/\/all4camper.com\/wp-content\/uploads\/2020\/06\/IMG_20200614_114913-150x113.jpg 150w, https:\/\/all4camper.com\/wp-content\/uploads\/2020\/06\/IMG_20200614_114913-768x576.jpg 768w, https:\/\/all4camper.com\/wp-content\/uploads\/2020\/06\/IMG_20200614_114913-1536x1152.jpg 1536w, https:\/\/all4camper.com\/wp-content\/uploads\/2020\/06\/IMG_20200614_114913-2048x1536.jpg 2048w, https:\/\/all4camper.com\/wp-content\/uploads\/2020\/06\/IMG_20200614_114913-678x509.jpg 678w, https:\/\/all4camper.com\/wp-content\/uploads\/2020\/06\/IMG_20200614_114913-326x245.jpg 326w, https:\/\/all4camper.com\/wp-content\/uploads\/2020\/06\/IMG_20200614_114913-80x60.jpg 80w\" sizes=\"auto, (max-width: 1440px) 100vw, 1440px\" \/><\/figure>\n\n\n\n<p>Pokud jsem zmi\u0148ovala vybaven\u00ed, pak je t\u0159eba napsat, \u017ee tu najdete elektrick\u00e9 p\u0159\u00edpojky, v\u00fdlevku chemick\u00e9ho WC, v\u00fdpus\u0165 na \u0161edivou vodu, mo\u017enost dopu\u0161t\u011bn\u00ed pitn\u00e9 vody, popelnice a pokud nem\u00e1te ve voze WC, pak je zde pro v\u00e1s i perfektn\u011b udr\u017eovan\u00e1 &#8222;toitoi&#8220;. Co se t\u00fd\u010de p\u0159\u00edjezdov\u00e9 br\u00e1ny, tak ta je pln\u011b automatizovan\u00e1 a nemus\u00edte se b\u00e1t kdykoliv p\u0159ijet a odjet. <\/p>\n\n\n\n<figure class=\"wp-block-image size-large\"><img loading=\"lazy\" decoding=\"async\" width=\"1440\" height=\"1080\" src=\"https:\/\/all4camper.com\/\/wp-content\/uploads\/2020\/06\/IMG_20200614_114841-1440x1080.jpg\" alt=\"\" class=\"wp-image-86859\" srcset=\"https:\/\/all4camper.com\/wp-content\/uploads\/2020\/06\/IMG_20200614_114841-1440x1080.jpg 1440w, https:\/\/all4camper.com\/wp-content\/uploads\/2020\/06\/IMG_20200614_114841-300x225.jpg 300w, https:\/\/all4camper.com\/wp-content\/uploads\/2020\/06\/IMG_20200614_114841-150x113.jpg 150w, https:\/\/all4camper.com\/wp-content\/uploads\/2020\/06\/IMG_20200614_114841-768x576.jpg 768w, https:\/\/all4camper.com\/wp-content\/uploads\/2020\/06\/IMG_20200614_114841-1536x1152.jpg 1536w, https:\/\/all4camper.com\/wp-content\/uploads\/2020\/06\/IMG_20200614_114841-2048x1536.jpg 2048w, https:\/\/all4camper.com\/wp-content\/uploads\/2020\/06\/IMG_20200614_114841-678x509.jpg 678w, https:\/\/all4camper.com\/wp-content\/uploads\/2020\/06\/IMG_20200614_114841-326x245.jpg 326w, https:\/\/all4camper.com\/wp-content\/uploads\/2020\/06\/IMG_20200614_114841-80x60.jpg 80w\" sizes=\"auto, (max-width: 1440px) 100vw, 1440px\" \/><\/figure>\n\n\n\n<h4 class=\"wp-block-heading\">A te\u010f nejv\u011bt\u0161\u00ed bonus nakonec<\/h4>\n\n\n\n<p>V\u0161ichni v\u00edme, \u017ee jak\u00e9koliv st\u00e1n\u00ed \u010di kemp m\u016f\u017ee b\u00fdt sebehez\u010d\u00ed, ale to co jej d\u011bl\u00e1 pro n\u00e1s pr\u00e1v\u011b t\u00edm m\u00edstem, kam se budeme r\u00e1di vracet, je pohoda a vst\u0159\u00edcnost majitel\u016f. A ta je tady opravdu velik\u00e1. Cel\u00e1 rodina Hutir\u016f je opravdu moc mil\u00e1, p\u0159ipravena v\u00e1m kdykoliv poradit \u010di pomoci a kr\u00e1tk\u00e9 posezen\u00ed s nimi v\u00e1s p\u0159\u00edjemn\u011b nalad\u00ed na zdej\u0161\u00ed pobyt. Tak\u017ee pokud budou p\u0159\u00edtomni, je mo\u017en\u00e9, \u017ee v\u00e1s pozvou mezi sebe do tamn\u00ed pergoly na dobr\u00fd drink. Jsou to opravdu velc\u00ed pohod\u00e1\u0159i a za to jim pat\u0159\u00ed na\u0161e velk\u00e9 d\u00edky! Moc bych jim p\u0159\u00e1la, aby do jejich stellplatzu \u017delez\u0148\u00e1k jezdili jen a jen pohodov\u00ed karavanist\u00e9 a jejich optimistick\u00fd p\u0159\u00edstup se nezm\u011bnil. V\u0161ak i oni sami jsou dlouholet\u00ed karavanist\u00e9, tak\u017ee pojedete vlastn\u011b za na\u0161imi kolegy. P\u0159eji v\u00e1m kr\u00e1sn\u00fd pobyt v \u017delez\u0148\u00e1ku a a\u017e tam pojedete, nezapome\u0148te je od n\u00e1s s Dav\u00edm pozdravovat!  <a aria-label=\" (opens in a new tab)\" href=\"http:\/\/www.zeleznakstpl.cz\/\" target=\"_blank\" rel=\"noreferrer noopener\">zeleznakstpl.cz<\/a> <\/p>\n\n\n\n<figure class=\"wp-block-gallery columns-1 is-cropped wp-block-gallery-3 is-layout-flex wp-block-gallery-is-layout-flex\"><ul class=\"blocks-gallery-grid\"><li class=\"blocks-gallery-item\"><figure><img loading=\"lazy\" decoding=\"async\" width=\"1440\" height=\"1080\" src=\"https:\/\/all4camper.com\/\/wp-content\/uploads\/2020\/06\/IMG_20200614_175206-1440x1080.jpg\" alt=\"\" data-id=\"86867\" data-full-url=\"https:\/\/all4camper.com\/\/wp-content\/uploads\/2020\/06\/IMG_20200614_175206-scaled.jpg\" data-link=\"https:\/\/all4camper.com\/\/?attachment_id=86867\" class=\"wp-image-86867\" srcset=\"https:\/\/all4camper.com\/wp-content\/uploads\/2020\/06\/IMG_20200614_175206-1440x1080.jpg 1440w, https:\/\/all4camper.com\/wp-content\/uploads\/2020\/06\/IMG_20200614_175206-300x225.jpg 300w, https:\/\/all4camper.com\/wp-content\/uploads\/2020\/06\/IMG_20200614_175206-150x113.jpg 150w, https:\/\/all4camper.com\/wp-content\/uploads\/2020\/06\/IMG_20200614_175206-768x576.jpg 768w, https:\/\/all4camper.com\/wp-content\/uploads\/2020\/06\/IMG_20200614_175206-1536x1152.jpg 1536w, https:\/\/all4camper.com\/wp-content\/uploads\/2020\/06\/IMG_20200614_175206-2048x1536.jpg 2048w, https:\/\/all4camper.com\/wp-content\/uploads\/2020\/06\/IMG_20200614_175206-678x509.jpg 678w, https:\/\/all4camper.com\/wp-content\/uploads\/2020\/06\/IMG_20200614_175206-326x245.jpg 326w, https:\/\/all4camper.com\/wp-content\/uploads\/2020\/06\/IMG_20200614_175206-80x60.jpg 80w\" sizes=\"auto, (max-width: 1440px) 100vw, 1440px\" \/><\/figure><\/li><li class=\"blocks-gallery-item\"><figure><img loading=\"lazy\" decoding=\"async\" width=\"1440\" height=\"1080\" src=\"https:\/\/all4camper.com\/\/wp-content\/uploads\/2020\/06\/IMG_20200614_121141-1440x1080.jpg\" alt=\"\" data-id=\"86866\" data-full-url=\"https:\/\/all4camper.com\/\/wp-content\/uploads\/2020\/06\/IMG_20200614_121141-scaled.jpg\" data-link=\"https:\/\/all4camper.com\/\/?attachment_id=86866\" class=\"wp-image-86866\" srcset=\"https:\/\/all4camper.com\/wp-content\/uploads\/2020\/06\/IMG_20200614_121141-1440x1080.jpg 1440w, https:\/\/all4camper.com\/wp-content\/uploads\/2020\/06\/IMG_20200614_121141-300x225.jpg 300w, https:\/\/all4camper.com\/wp-content\/uploads\/2020\/06\/IMG_20200614_121141-150x113.jpg 150w, https:\/\/all4camper.com\/wp-content\/uploads\/2020\/06\/IMG_20200614_121141-768x576.jpg 768w, https:\/\/all4camper.com\/wp-content\/uploads\/2020\/06\/IMG_20200614_121141-1536x1152.jpg 1536w, https:\/\/all4camper.com\/wp-content\/uploads\/2020\/06\/IMG_20200614_121141-2048x1536.jpg 2048w, https:\/\/all4camper.com\/wp-content\/uploads\/2020\/06\/IMG_20200614_121141-678x509.jpg 678w, https:\/\/all4camper.com\/wp-content\/uploads\/2020\/06\/IMG_20200614_121141-326x245.jpg 326w, https:\/\/all4camper.com\/wp-content\/uploads\/2020\/06\/IMG_20200614_121141-80x60.jpg 80w\" sizes=\"auto, (max-width: 1440px) 100vw, 1440px\" \/><\/figure><\/li><\/ul><\/figure>\n\n\n\n<figure class=\"wp-block-image size-large\"><img loading=\"lazy\" decoding=\"async\" width=\"1440\" height=\"1080\" src=\"https:\/\/all4camper.com\/\/wp-content\/uploads\/2020\/06\/IMG_20200614_141829-1440x1080.jpg\" alt=\"\" class=\"wp-image-86870\" srcset=\"https:\/\/all4camper.com\/wp-content\/uploads\/2020\/06\/IMG_20200614_141829-1440x1080.jpg 1440w, https:\/\/all4camper.com\/wp-content\/uploads\/2020\/06\/IMG_20200614_141829-300x225.jpg 300w, https:\/\/all4camper.com\/wp-content\/uploads\/2020\/06\/IMG_20200614_141829-150x113.jpg 150w, https:\/\/all4camper.com\/wp-content\/uploads\/2020\/06\/IMG_20200614_141829-768x576.jpg 768w, https:\/\/all4camper.com\/wp-content\/uploads\/2020\/06\/IMG_20200614_141829-1536x1152.jpg 1536w, https:\/\/all4camper.com\/wp-content\/uploads\/2020\/06\/IMG_20200614_141829-2048x1536.jpg 2048w, https:\/\/all4camper.com\/wp-content\/uploads\/2020\/06\/IMG_20200614_141829-678x509.jpg 678w, https:\/\/all4camper.com\/wp-content\/uploads\/2020\/06\/IMG_20200614_141829-326x245.jpg 326w, https:\/\/all4camper.com\/wp-content\/uploads\/2020\/06\/IMG_20200614_141829-80x60.jpg 80w\" sizes=\"auto, (max-width: 1440px) 100vw, 1440px\" \/><\/figure>\n\n\n\n<figure class=\"wp-block-image size-large\"><img loading=\"lazy\" decoding=\"async\" width=\"1440\" height=\"1080\" src=\"https:\/\/all4camper.com\/\/wp-content\/uploads\/2020\/06\/IMG_20200614_115156-1440x1080.jpg\" alt=\"\" class=\"wp-image-86871\" srcset=\"https:\/\/all4camper.com\/wp-content\/uploads\/2020\/06\/IMG_20200614_115156-1440x1080.jpg 1440w, https:\/\/all4camper.com\/wp-content\/uploads\/2020\/06\/IMG_20200614_115156-300x225.jpg 300w, https:\/\/all4camper.com\/wp-content\/uploads\/2020\/06\/IMG_20200614_115156-150x113.jpg 150w, https:\/\/all4camper.com\/wp-content\/uploads\/2020\/06\/IMG_20200614_115156-768x576.jpg 768w, https:\/\/all4camper.com\/wp-content\/uploads\/2020\/06\/IMG_20200614_115156-1536x1152.jpg 1536w, https:\/\/all4camper.com\/wp-content\/uploads\/2020\/06\/IMG_20200614_115156-2048x1536.jpg 2048w, https:\/\/all4camper.com\/wp-content\/uploads\/2020\/06\/IMG_20200614_115156-678x509.jpg 678w, https:\/\/all4camper.com\/wp-content\/uploads\/2020\/06\/IMG_20200614_115156-326x245.jpg 326w, https:\/\/all4camper.com\/wp-content\/uploads\/2020\/06\/IMG_20200614_115156-80x60.jpg 80w\" sizes=\"auto, (max-width: 1440px) 100vw, 1440px\" \/><\/figure>\n\n\n\n<figure class=\"wp-block-image size-large\"><img loading=\"lazy\" decoding=\"async\" width=\"1440\" height=\"1080\" src=\"https:\/\/all4camper.com\/\/wp-content\/uploads\/2020\/06\/IMG_20200614_142557-1440x1080.jpg\" alt=\"\" class=\"wp-image-86872\" srcset=\"https:\/\/all4camper.com\/wp-content\/uploads\/2020\/06\/IMG_20200614_142557-1440x1080.jpg 1440w, https:\/\/all4camper.com\/wp-content\/uploads\/2020\/06\/IMG_20200614_142557-300x225.jpg 300w, https:\/\/all4camper.com\/wp-content\/uploads\/2020\/06\/IMG_20200614_142557-150x113.jpg 150w, https:\/\/all4camper.com\/wp-content\/uploads\/2020\/06\/IMG_20200614_142557-768x576.jpg 768w, https:\/\/all4camper.com\/wp-content\/uploads\/2020\/06\/IMG_20200614_142557-1536x1152.jpg 1536w, https:\/\/all4camper.com\/wp-content\/uploads\/2020\/06\/IMG_20200614_142557-2048x1536.jpg 2048w, https:\/\/all4camper.com\/wp-content\/uploads\/2020\/06\/IMG_20200614_142557-678x509.jpg 678w, https:\/\/all4camper.com\/wp-content\/uploads\/2020\/06\/IMG_20200614_142557-326x245.jpg 326w, https:\/\/all4camper.com\/wp-content\/uploads\/2020\/06\/IMG_20200614_142557-80x60.jpg 80w\" sizes=\"auto, (max-width: 1440px) 100vw, 1440px\" \/><\/figure>\n","protected":false},"excerpt":{"rendered":"<p>O tomto stellplatzu jsem v\u011bd\u011bla ji\u017e del\u0161\u00ed dobu. Vlastn\u011b jsem o n\u011bm v\u011bd\u011bla od momentu kdy majitele, dlouholet\u00e9 karavanisty, tato my\u0161lenka napadla a rozhodli se ji realizovat. No a proto\u017ee j\u00e1 nesm\u00edm chyb\u011bt u \u017e\u00e1dn\u00fdch takov\u00fdchto novinek, bylo jasn\u00e9, \u017ee se na n\u011bj s Dav\u00edm mus\u00edme vydat a po\u0159\u00e1dn\u011b jej pro v\u00e1s prozkoumat a odzkou\u0161et. [&hellip;]<\/p>\n","protected":false},"author":4,"featured_media":86833,"comment_status":"closed","ping_status":"open","sticky":false,"template":"","format":"standard","meta":{"_monsterinsights_skip_tracking":false,"_monsterinsights_sitenote_active":false,"_monsterinsights_sitenote_note":"","_monsterinsights_sitenote_category":0,"footnotes":""},"categories":[364,68,422,11224],"tags":[437,354],"class_list":{"0":"post-86831","1":"post","2":"type-post","3":"status-publish","4":"format-standard","5":"has-post-thumbnail","7":"category-cestujeme-a-kempujeme-v-cr","8":"category-kempovani-a-zajimave-cile","9":"category-novinky-kempovani-a-karavaning","10":"category-stellplatzy","11":"tag-karavanova-stani","12":"tag-morava"},"yoast_head":"<!-- This site is optimized with the Yoast SEO plugin v27.5 - https:\/\/yoast.com\/product\/yoast-seo-wordpress\/ -->\n<title>Nov\u00fd rodinn\u00fd stellplatz jen kousek od \u00fadol\u00ed \u0159eky Oslavy a Jihlavy - All4Camper<\/title>\n<meta name=\"description\" content=\"All4Camper - Nov\u00fd rodinn\u00fd stellplatz jen kousek od \u00fadol\u00ed \u0159eky Oslavy a Jihlavy\" \/>\n<meta name=\"robots\" content=\"index, follow, max-snippet:-1, max-image-preview:large, max-video-preview:-1\" \/>\n<link rel=\"canonical\" href=\"https:\/\/all4camper.com\/cs\/novy-rodinny-stellplatz-jen-kousek-od-udoli-reky-oslavy\/\" \/>\n<meta property=\"og:locale\" content=\"cs_CZ\" \/>\n<meta property=\"og:type\" content=\"article\" \/>\n<meta property=\"og:title\" content=\"Nov\u00fd rodinn\u00fd stellplatz jen kousek od \u00fadol\u00ed \u0159eky Oslavy a Jihlavy - All4Camper\" \/>\n<meta property=\"og:description\" content=\"All4Camper - Nov\u00fd rodinn\u00fd stellplatz jen kousek od \u00fadol\u00ed \u0159eky Oslavy a Jihlavy\" \/>\n<meta property=\"og:url\" content=\"https:\/\/all4camper.com\/cs\/novy-rodinny-stellplatz-jen-kousek-od-udoli-reky-oslavy\/\" \/>\n<meta property=\"og:site_name\" content=\"All4Camper\" \/>\n<meta property=\"article:published_time\" content=\"2020-06-19T07:54:21+00:00\" \/>\n<meta property=\"article:modified_time\" content=\"2021-04-12T04:13:46+00:00\" \/>\n<meta property=\"og:image\" content=\"https:\/\/all4camper.com\/wp-content\/uploads\/2020\/06\/IMG_20200614_141753-scaled.jpg\" \/>\n\t<meta property=\"og:image:width\" content=\"2560\" \/>\n\t<meta property=\"og:image:height\" content=\"1920\" \/>\n\t<meta property=\"og:image:type\" content=\"image\/jpeg\" \/>\n<meta name=\"author\" content=\"Kl\u00e1ra H\u00e1jkov\u00e1\" \/>\n<meta name=\"twitter:card\" content=\"summary_large_image\" \/>\n<meta name=\"twitter:label1\" content=\"Napsal(a)\" \/>\n\t<meta name=\"twitter:data1\" content=\"Kl\u00e1ra H\u00e1jkov\u00e1\" \/>\n\t<meta name=\"twitter:label2\" content=\"Odhadovan\u00e1 doba \u010dten\u00ed\" \/>\n\t<meta name=\"twitter:data2\" content=\"6 minut\" \/>\n<script type=\"application\/ld+json\" class=\"yoast-schema-graph\">{\"@context\":\"https:\\\/\\\/schema.org\",\"@graph\":[{\"@type\":\"Article\",\"@id\":\"https:\\\/\\\/all4camper.com\\\/cs\\\/novy-rodinny-stellplatz-jen-kousek-od-udoli-reky-oslavy\\\/#article\",\"isPartOf\":{\"@id\":\"https:\\\/\\\/all4camper.com\\\/cs\\\/novy-rodinny-stellplatz-jen-kousek-od-udoli-reky-oslavy\\\/\"},\"author\":{\"name\":\"Kl\u00e1ra H\u00e1jkov\u00e1\",\"@id\":\"https:\\\/\\\/all4camper.com\\\/cs\\\/#\\\/schema\\\/person\\\/c6f1efdf1d02bc7d8c53a891cbe18c62\"},\"headline\":\"Nov\u00fd rodinn\u00fd stellplatz jen kousek od \u00fadol\u00ed \u0159eky Oslavy a Jihlavy\",\"datePublished\":\"2020-06-19T07:54:21+00:00\",\"dateModified\":\"2021-04-12T04:13:46+00:00\",\"mainEntityOfPage\":{\"@id\":\"https:\\\/\\\/all4camper.com\\\/cs\\\/novy-rodinny-stellplatz-jen-kousek-od-udoli-reky-oslavy\\\/\"},\"wordCount\":1115,\"publisher\":{\"@id\":\"https:\\\/\\\/all4camper.com\\\/cs\\\/#organization\"},\"image\":{\"@id\":\"https:\\\/\\\/all4camper.com\\\/cs\\\/novy-rodinny-stellplatz-jen-kousek-od-udoli-reky-oslavy\\\/#primaryimage\"},\"thumbnailUrl\":\"https:\\\/\\\/all4camper.com\\\/wp-content\\\/uploads\\\/2020\\\/06\\\/IMG_20200614_141753-scaled.jpg\",\"keywords\":[\"karavanov\u00e1 st\u00e1n\u00ed\",\"Morava\"],\"articleSection\":[\"Cestujeme a kempujeme v \u010cR\",\"Kempy a zaj\u00edmav\u00e1 m\u00edsta\",\"Novinky - Kempov\u00e1n\u00ed a karavaning\",\"Stellplatzy\"],\"inLanguage\":\"cs\"},{\"@type\":\"WebPage\",\"@id\":\"https:\\\/\\\/all4camper.com\\\/cs\\\/novy-rodinny-stellplatz-jen-kousek-od-udoli-reky-oslavy\\\/\",\"url\":\"https:\\\/\\\/all4camper.com\\\/cs\\\/novy-rodinny-stellplatz-jen-kousek-od-udoli-reky-oslavy\\\/\",\"name\":\"Nov\u00fd rodinn\u00fd stellplatz jen kousek od \u00fadol\u00ed \u0159eky Oslavy a Jihlavy - All4Camper\",\"isPartOf\":{\"@id\":\"https:\\\/\\\/all4camper.com\\\/cs\\\/#website\"},\"primaryImageOfPage\":{\"@id\":\"https:\\\/\\\/all4camper.com\\\/cs\\\/novy-rodinny-stellplatz-jen-kousek-od-udoli-reky-oslavy\\\/#primaryimage\"},\"image\":{\"@id\":\"https:\\\/\\\/all4camper.com\\\/cs\\\/novy-rodinny-stellplatz-jen-kousek-od-udoli-reky-oslavy\\\/#primaryimage\"},\"thumbnailUrl\":\"https:\\\/\\\/all4camper.com\\\/wp-content\\\/uploads\\\/2020\\\/06\\\/IMG_20200614_141753-scaled.jpg\",\"datePublished\":\"2020-06-19T07:54:21+00:00\",\"dateModified\":\"2021-04-12T04:13:46+00:00\",\"description\":\"All4Camper - Nov\u00fd rodinn\u00fd stellplatz jen kousek od \u00fadol\u00ed \u0159eky Oslavy a Jihlavy\",\"breadcrumb\":{\"@id\":\"https:\\\/\\\/all4camper.com\\\/cs\\\/novy-rodinny-stellplatz-jen-kousek-od-udoli-reky-oslavy\\\/#breadcrumb\"},\"inLanguage\":\"cs\",\"potentialAction\":[{\"@type\":\"ReadAction\",\"target\":[\"https:\\\/\\\/all4camper.com\\\/cs\\\/novy-rodinny-stellplatz-jen-kousek-od-udoli-reky-oslavy\\\/\"]}]},{\"@type\":\"ImageObject\",\"inLanguage\":\"cs\",\"@id\":\"https:\\\/\\\/all4camper.com\\\/cs\\\/novy-rodinny-stellplatz-jen-kousek-od-udoli-reky-oslavy\\\/#primaryimage\",\"url\":\"https:\\\/\\\/all4camper.com\\\/wp-content\\\/uploads\\\/2020\\\/06\\\/IMG_20200614_141753-scaled.jpg\",\"contentUrl\":\"https:\\\/\\\/all4camper.com\\\/wp-content\\\/uploads\\\/2020\\\/06\\\/IMG_20200614_141753-scaled.jpg\",\"width\":2560,\"height\":1920},{\"@type\":\"BreadcrumbList\",\"@id\":\"https:\\\/\\\/all4camper.com\\\/cs\\\/novy-rodinny-stellplatz-jen-kousek-od-udoli-reky-oslavy\\\/#breadcrumb\",\"itemListElement\":[{\"@type\":\"ListItem\",\"position\":1,\"name\":\"Dom\u016f\",\"item\":\"https:\\\/\\\/all4camper.com\\\/cs\\\/\"},{\"@type\":\"ListItem\",\"position\":2,\"name\":\"Cestujeme a kempujeme v \u010cR\",\"item\":\"https:\\\/\\\/all4camper.com\\\/cs\\\/category\\\/cestujeme-a-kempujeme-v-cr\\\/\"},{\"@type\":\"ListItem\",\"position\":3,\"name\":\"Nov\u00fd rodinn\u00fd stellplatz jen kousek od \u00fadol\u00ed \u0159eky Oslavy a Jihlavy\"}]},{\"@type\":\"WebSite\",\"@id\":\"https:\\\/\\\/all4camper.com\\\/cs\\\/#website\",\"url\":\"https:\\\/\\\/all4camper.com\\\/cs\\\/\",\"name\":\"All4Camper\",\"description\":\"Nejv\u011bt\u0161\u00ed online magaz\u00edn o kempov\u00e1n\u00ed a karavaninku. V\u00edce jak 900 \u010dl\u00e1nk\u016f pln\u00fdch rad a tip\u016f o kempech a kempov\u00e1n\u00ed.\",\"publisher\":{\"@id\":\"https:\\\/\\\/all4camper.com\\\/cs\\\/#organization\"},\"potentialAction\":[{\"@type\":\"SearchAction\",\"target\":{\"@type\":\"EntryPoint\",\"urlTemplate\":\"https:\\\/\\\/all4camper.com\\\/cs\\\/?s={search_term_string}\"},\"query-input\":{\"@type\":\"PropertyValueSpecification\",\"valueRequired\":true,\"valueName\":\"search_term_string\"}}],\"inLanguage\":\"cs\"},{\"@type\":\"Organization\",\"@id\":\"https:\\\/\\\/all4camper.com\\\/cs\\\/#organization\",\"name\":\"All4Camper - kempujeme s Kl\u00e1rou\",\"url\":\"https:\\\/\\\/all4camper.com\\\/cs\\\/\",\"logo\":{\"@type\":\"ImageObject\",\"inLanguage\":\"cs\",\"@id\":\"https:\\\/\\\/all4camper.com\\\/cs\\\/#\\\/schema\\\/logo\\\/image\\\/\",\"url\":\"https:\\\/\\\/all4camper.com\\\/wp-content\\\/uploads\\\/2018\\\/09\\\/novelogo.png\",\"contentUrl\":\"https:\\\/\\\/all4camper.com\\\/wp-content\\\/uploads\\\/2018\\\/09\\\/novelogo.png\",\"width\":1520,\"height\":600,\"caption\":\"All4Camper - kempujeme s Kl\u00e1rou\"},\"image\":{\"@id\":\"https:\\\/\\\/all4camper.com\\\/cs\\\/#\\\/schema\\\/logo\\\/image\\\/\"}},{\"@type\":\"Person\",\"@id\":\"https:\\\/\\\/all4camper.com\\\/cs\\\/#\\\/schema\\\/person\\\/c6f1efdf1d02bc7d8c53a891cbe18c62\",\"name\":\"Kl\u00e1ra H\u00e1jkov\u00e1\",\"sameAs\":[\"http:\\\/\\\/www.all4camper.com\"],\"url\":\"https:\\\/\\\/all4camper.com\\\/cs\\\/author\\\/klarinkacestuje1\\\/\"}]}<\/script>\n<!-- \/ Yoast SEO plugin. -->","yoast_head_json":{"title":"Nov\u00fd rodinn\u00fd stellplatz jen kousek od \u00fadol\u00ed \u0159eky Oslavy a Jihlavy - All4Camper","description":"All4Camper - Nov\u00fd rodinn\u00fd stellplatz jen kousek od \u00fadol\u00ed \u0159eky Oslavy a Jihlavy","robots":{"index":"index","follow":"follow","max-snippet":"max-snippet:-1","max-image-preview":"max-image-preview:large","max-video-preview":"max-video-preview:-1"},"canonical":"https:\/\/all4camper.com\/cs\/novy-rodinny-stellplatz-jen-kousek-od-udoli-reky-oslavy\/","og_locale":"cs_CZ","og_type":"article","og_title":"Nov\u00fd rodinn\u00fd stellplatz jen kousek od \u00fadol\u00ed \u0159eky Oslavy a Jihlavy - All4Camper","og_description":"All4Camper - Nov\u00fd rodinn\u00fd stellplatz jen kousek od \u00fadol\u00ed \u0159eky Oslavy a Jihlavy","og_url":"https:\/\/all4camper.com\/cs\/novy-rodinny-stellplatz-jen-kousek-od-udoli-reky-oslavy\/","og_site_name":"All4Camper","article_published_time":"2020-06-19T07:54:21+00:00","article_modified_time":"2021-04-12T04:13:46+00:00","og_image":[{"width":2560,"height":1920,"url":"https:\/\/all4camper.com\/wp-content\/uploads\/2020\/06\/IMG_20200614_141753-scaled.jpg","type":"image\/jpeg"}],"author":"Kl\u00e1ra H\u00e1jkov\u00e1","twitter_card":"summary_large_image","twitter_misc":{"Napsal(a)":"Kl\u00e1ra H\u00e1jkov\u00e1","Odhadovan\u00e1 doba \u010dten\u00ed":"6 minut"},"schema":{"@context":"https:\/\/schema.org","@graph":[{"@type":"Article","@id":"https:\/\/all4camper.com\/cs\/novy-rodinny-stellplatz-jen-kousek-od-udoli-reky-oslavy\/#article","isPartOf":{"@id":"https:\/\/all4camper.com\/cs\/novy-rodinny-stellplatz-jen-kousek-od-udoli-reky-oslavy\/"},"author":{"name":"Kl\u00e1ra H\u00e1jkov\u00e1","@id":"https:\/\/all4camper.com\/cs\/#\/schema\/person\/c6f1efdf1d02bc7d8c53a891cbe18c62"},"headline":"Nov\u00fd rodinn\u00fd stellplatz jen kousek od \u00fadol\u00ed \u0159eky Oslavy a Jihlavy","datePublished":"2020-06-19T07:54:21+00:00","dateModified":"2021-04-12T04:13:46+00:00","mainEntityOfPage":{"@id":"https:\/\/all4camper.com\/cs\/novy-rodinny-stellplatz-jen-kousek-od-udoli-reky-oslavy\/"},"wordCount":1115,"publisher":{"@id":"https:\/\/all4camper.com\/cs\/#organization"},"image":{"@id":"https:\/\/all4camper.com\/cs\/novy-rodinny-stellplatz-jen-kousek-od-udoli-reky-oslavy\/#primaryimage"},"thumbnailUrl":"https:\/\/all4camper.com\/wp-content\/uploads\/2020\/06\/IMG_20200614_141753-scaled.jpg","keywords":["karavanov\u00e1 st\u00e1n\u00ed","Morava"],"articleSection":["Cestujeme a kempujeme v \u010cR","Kempy a zaj\u00edmav\u00e1 m\u00edsta","Novinky - Kempov\u00e1n\u00ed a karavaning","Stellplatzy"],"inLanguage":"cs"},{"@type":"WebPage","@id":"https:\/\/all4camper.com\/cs\/novy-rodinny-stellplatz-jen-kousek-od-udoli-reky-oslavy\/","url":"https:\/\/all4camper.com\/cs\/novy-rodinny-stellplatz-jen-kousek-od-udoli-reky-oslavy\/","name":"Nov\u00fd rodinn\u00fd stellplatz jen kousek od \u00fadol\u00ed \u0159eky Oslavy a Jihlavy - All4Camper","isPartOf":{"@id":"https:\/\/all4camper.com\/cs\/#website"},"primaryImageOfPage":{"@id":"https:\/\/all4camper.com\/cs\/novy-rodinny-stellplatz-jen-kousek-od-udoli-reky-oslavy\/#primaryimage"},"image":{"@id":"https:\/\/all4camper.com\/cs\/novy-rodinny-stellplatz-jen-kousek-od-udoli-reky-oslavy\/#primaryimage"},"thumbnailUrl":"https:\/\/all4camper.com\/wp-content\/uploads\/2020\/06\/IMG_20200614_141753-scaled.jpg","datePublished":"2020-06-19T07:54:21+00:00","dateModified":"2021-04-12T04:13:46+00:00","description":"All4Camper - Nov\u00fd rodinn\u00fd stellplatz jen kousek od \u00fadol\u00ed \u0159eky Oslavy a Jihlavy","breadcrumb":{"@id":"https:\/\/all4camper.com\/cs\/novy-rodinny-stellplatz-jen-kousek-od-udoli-reky-oslavy\/#breadcrumb"},"inLanguage":"cs","potentialAction":[{"@type":"ReadAction","target":["https:\/\/all4camper.com\/cs\/novy-rodinny-stellplatz-jen-kousek-od-udoli-reky-oslavy\/"]}]},{"@type":"ImageObject","inLanguage":"cs","@id":"https:\/\/all4camper.com\/cs\/novy-rodinny-stellplatz-jen-kousek-od-udoli-reky-oslavy\/#primaryimage","url":"https:\/\/all4camper.com\/wp-content\/uploads\/2020\/06\/IMG_20200614_141753-scaled.jpg","contentUrl":"https:\/\/all4camper.com\/wp-content\/uploads\/2020\/06\/IMG_20200614_141753-scaled.jpg","width":2560,"height":1920},{"@type":"BreadcrumbList","@id":"https:\/\/all4camper.com\/cs\/novy-rodinny-stellplatz-jen-kousek-od-udoli-reky-oslavy\/#breadcrumb","itemListElement":[{"@type":"ListItem","position":1,"name":"Dom\u016f","item":"https:\/\/all4camper.com\/cs\/"},{"@type":"ListItem","position":2,"name":"Cestujeme a kempujeme v \u010cR","item":"https:\/\/all4camper.com\/cs\/category\/cestujeme-a-kempujeme-v-cr\/"},{"@type":"ListItem","position":3,"name":"Nov\u00fd rodinn\u00fd stellplatz jen kousek od \u00fadol\u00ed \u0159eky Oslavy a Jihlavy"}]},{"@type":"WebSite","@id":"https:\/\/all4camper.com\/cs\/#website","url":"https:\/\/all4camper.com\/cs\/","name":"All4Camper","description":"Nejv\u011bt\u0161\u00ed online magaz\u00edn o kempov\u00e1n\u00ed a karavaninku. V\u00edce jak 900 \u010dl\u00e1nk\u016f pln\u00fdch rad a tip\u016f o kempech a kempov\u00e1n\u00ed.","publisher":{"@id":"https:\/\/all4camper.com\/cs\/#organization"},"potentialAction":[{"@type":"SearchAction","target":{"@type":"EntryPoint","urlTemplate":"https:\/\/all4camper.com\/cs\/?s={search_term_string}"},"query-input":{"@type":"PropertyValueSpecification","valueRequired":true,"valueName":"search_term_string"}}],"inLanguage":"cs"},{"@type":"Organization","@id":"https:\/\/all4camper.com\/cs\/#organization","name":"All4Camper - kempujeme s Kl\u00e1rou","url":"https:\/\/all4camper.com\/cs\/","logo":{"@type":"ImageObject","inLanguage":"cs","@id":"https:\/\/all4camper.com\/cs\/#\/schema\/logo\/image\/","url":"https:\/\/all4camper.com\/wp-content\/uploads\/2018\/09\/novelogo.png","contentUrl":"https:\/\/all4camper.com\/wp-content\/uploads\/2018\/09\/novelogo.png","width":1520,"height":600,"caption":"All4Camper - kempujeme s Kl\u00e1rou"},"image":{"@id":"https:\/\/all4camper.com\/cs\/#\/schema\/logo\/image\/"}},{"@type":"Person","@id":"https:\/\/all4camper.com\/cs\/#\/schema\/person\/c6f1efdf1d02bc7d8c53a891cbe18c62","name":"Kl\u00e1ra H\u00e1jkov\u00e1","sameAs":["http:\/\/www.all4camper.com"],"url":"https:\/\/all4camper.com\/cs\/author\/klarinkacestuje1\/"}]}},"_links":{"self":[{"href":"https:\/\/all4camper.com\/cs\/wp-json\/wp\/v2\/posts\/86831","targetHints":{"allow":["GET"]}}],"collection":[{"href":"https:\/\/all4camper.com\/cs\/wp-json\/wp\/v2\/posts"}],"about":[{"href":"https:\/\/all4camper.com\/cs\/wp-json\/wp\/v2\/types\/post"}],"author":[{"embeddable":true,"href":"https:\/\/all4camper.com\/cs\/wp-json\/wp\/v2\/users\/4"}],"replies":[{"embeddable":true,"href":"https:\/\/all4camper.com\/cs\/wp-json\/wp\/v2\/comments?post=86831"}],"version-history":[{"count":0,"href":"https:\/\/all4camper.com\/cs\/wp-json\/wp\/v2\/posts\/86831\/revisions"}],"wp:featuredmedia":[{"embeddable":true,"href":"https:\/\/all4camper.com\/cs\/wp-json\/wp\/v2\/media\/86833"}],"wp:attachment":[{"href":"https:\/\/all4camper.com\/cs\/wp-json\/wp\/v2\/media?parent=86831"}],"wp:term":[{"taxonomy":"category","embeddable":true,"href":"https:\/\/all4camper.com\/cs\/wp-json\/wp\/v2\/categories?post=86831"},{"taxonomy":"post_tag","embeddable":true,"href":"https:\/\/all4camper.com\/cs\/wp-json\/wp\/v2\/tags?post=86831"}],"curies":[{"name":"wp","href":"https:\/\/api.w.org\/{rel}","templated":true}]}}