{"id":86614,"date":"2020-06-02T12:10:45","date_gmt":"2020-06-02T10:10:45","guid":{"rendered":"https:\/\/all4camper.com\/\/?p=86614"},"modified":"2022-12-13T15:24:21","modified_gmt":"2022-12-13T14:24:21","slug":"60-let-znacky-knaus-a-100-let-helmuta-knause","status":"publish","type":"post","link":"https:\/\/all4camper.com\/cs\/60-let-znacky-knaus-a-100-let-helmuta-knause\/","title":{"rendered":"60 let zna\u010dky KNAUS a 100 let Helmuta Knause"},"content":{"rendered":"\n<h4 class=\"wp-block-heading\"><strong>Velk\u00e9 a kr\u00e1sn\u00e9 v\u00fdro\u010d\u00ed slav\u00ed firma KNAUS! 60 let existence zna\u010dky a nav\u00edc 100. narozeniny jej\u00edho zakladatele. Sami k&nbsp;tomu \u0159\u00edkaj\u00ed, \u017ee je to d\u016fv\u011bra z\u00e1kazn\u00edk\u016f, co z&nbsp;nich ud\u011blalo jednu z&nbsp;nej\u00fasp\u011b\u0161n\u011bj\u0161\u00edch firem v&nbsp;dan\u00e9 oblasti a nav\u00edc je to motivuje k&nbsp;neust\u00e1l\u00e9mu vym\u00fd\u0161len\u00ed inovac\u00ed.<\/strong><\/h4>\n\n\n\n<figure class=\"wp-block-image size-large\"><img loading=\"lazy\" decoding=\"async\" width=\"1825\" height=\"1080\" src=\"https:\/\/all4camper.com\/\/wp-content\/uploads\/2020\/06\/csm_ktg-knaus-2019-60years-damals-teaser_c011f81735-1825x1080.png\" alt=\"\" class=\"wp-image-86615\" srcset=\"https:\/\/all4camper.com\/wp-content\/uploads\/2020\/06\/csm_ktg-knaus-2019-60years-damals-teaser_c011f81735-1825x1080.png 1825w, https:\/\/all4camper.com\/wp-content\/uploads\/2020\/06\/csm_ktg-knaus-2019-60years-damals-teaser_c011f81735-300x178.png 300w, https:\/\/all4camper.com\/wp-content\/uploads\/2020\/06\/csm_ktg-knaus-2019-60years-damals-teaser_c011f81735-150x89.png 150w, https:\/\/all4camper.com\/wp-content\/uploads\/2020\/06\/csm_ktg-knaus-2019-60years-damals-teaser_c011f81735-768x454.png 768w, https:\/\/all4camper.com\/wp-content\/uploads\/2020\/06\/csm_ktg-knaus-2019-60years-damals-teaser_c011f81735-1536x909.png 1536w, https:\/\/all4camper.com\/wp-content\/uploads\/2020\/06\/csm_ktg-knaus-2019-60years-damals-teaser_c011f81735.png 1920w\" sizes=\"auto, (max-width: 1825px) 100vw, 1825px\" \/><\/figure>\n\n\n\n<h3 class=\"wp-block-heading\"><strong>Mu\u017e a jeho vize\u2026 <\/strong><\/h3>\n\n\n\n<p>Jak to v\u0161echno za\u010dalo? Helmut Knaus m\u011bl vizi \u2013 r\u00e1d si u\u017e\u00edval dovolen\u00e9, ale svoboda a mo\u017enost b\u00fdt z\u00e1rove\u0148 doma kdykoli a kdekoli pro n\u011bj byla je\u0161t\u011b zaj\u00edmav\u011bj\u0161\u00ed. V&nbsp;roce 1960 se stala jeho vize skute\u010dnost\u00ed spolu s&nbsp;prvn\u00edm karavanem KNAUS. Narodilo se \u201eSchwalbennest\u201c.<\/p>\n\n\n\n<figure class=\"wp-block-image size-large\"><img loading=\"lazy\" decoding=\"async\" width=\"1825\" height=\"1080\" src=\"https:\/\/all4camper.com\/\/wp-content\/uploads\/2020\/06\/csm_ktg-knaus-2019-60years-heute-teaser_b91f74a2e2-1825x1080.png\" alt=\"\" class=\"wp-image-86616\" srcset=\"https:\/\/all4camper.com\/wp-content\/uploads\/2020\/06\/csm_ktg-knaus-2019-60years-heute-teaser_b91f74a2e2-1825x1080.png 1825w, https:\/\/all4camper.com\/wp-content\/uploads\/2020\/06\/csm_ktg-knaus-2019-60years-heute-teaser_b91f74a2e2-300x178.png 300w, https:\/\/all4camper.com\/wp-content\/uploads\/2020\/06\/csm_ktg-knaus-2019-60years-heute-teaser_b91f74a2e2-150x89.png 150w, https:\/\/all4camper.com\/wp-content\/uploads\/2020\/06\/csm_ktg-knaus-2019-60years-heute-teaser_b91f74a2e2-768x454.png 768w, https:\/\/all4camper.com\/wp-content\/uploads\/2020\/06\/csm_ktg-knaus-2019-60years-heute-teaser_b91f74a2e2-1536x909.png 1536w, https:\/\/all4camper.com\/wp-content\/uploads\/2020\/06\/csm_ktg-knaus-2019-60years-heute-teaser_b91f74a2e2.png 1920w\" sizes=\"auto, (max-width: 1825px) 100vw, 1825px\" \/><\/figure>\n\n\n\n<h3 class=\"wp-block-heading\"><strong>A na startu je jedna z&nbsp;nejsiln\u011bj\u0161\u00edch zna\u010dek v&nbsp;Evrop\u011b<\/strong><\/h3>\n\n\n\n<p>S \u201evla\u0161tov\u010d\u00edm hn\u00edzdem\u201c za\u010dal senza\u010dn\u00ed p\u0159\u00edb\u011bh o \u00fasp\u011bchu. Revolu\u010dn\u00ed my\u0161lenky Helmuta Knause byly opravdu p\u0159esn\u011b zac\u00edlen\u00e9. M\u011bl obrovskou inovativn\u00ed s\u00edlu a ta ve zna\u010dce KNAUS funguje dodnes. Od t\u00e9 doby uplynulo u\u017e 60 let. Dnes je KNAUS jedn\u00edm z&nbsp;nej\u00fasp\u011b\u0161n\u011bj\u0161\u00edch v\u00fdrobc\u016f vozidel pro voln\u00fd \u010das v&nbsp;Evrop\u011b \u2013 p\u0159esn\u011b tak, jak by se Helmutu Knausovi l\u00edbilo a jak si to p\u0159edstavoval. <\/p>\n\n\n\n<figure class=\"wp-block-image size-large\"><img loading=\"lazy\" decoding=\"async\" width=\"1825\" height=\"1080\" src=\"https:\/\/all4camper.com\/\/wp-content\/uploads\/2020\/06\/csm_ktg-knaus-2019-60years-wie-alles-begann-teaser_377c902a72-1825x1080.png\" alt=\"\" class=\"wp-image-86617\" srcset=\"https:\/\/all4camper.com\/wp-content\/uploads\/2020\/06\/csm_ktg-knaus-2019-60years-wie-alles-begann-teaser_377c902a72-1825x1080.png 1825w, https:\/\/all4camper.com\/wp-content\/uploads\/2020\/06\/csm_ktg-knaus-2019-60years-wie-alles-begann-teaser_377c902a72-300x178.png 300w, https:\/\/all4camper.com\/wp-content\/uploads\/2020\/06\/csm_ktg-knaus-2019-60years-wie-alles-begann-teaser_377c902a72-150x89.png 150w, https:\/\/all4camper.com\/wp-content\/uploads\/2020\/06\/csm_ktg-knaus-2019-60years-wie-alles-begann-teaser_377c902a72-768x454.png 768w, https:\/\/all4camper.com\/wp-content\/uploads\/2020\/06\/csm_ktg-knaus-2019-60years-wie-alles-begann-teaser_377c902a72-1536x909.png 1536w, https:\/\/all4camper.com\/wp-content\/uploads\/2020\/06\/csm_ktg-knaus-2019-60years-wie-alles-begann-teaser_377c902a72.png 1920w\" sizes=\"auto, (max-width: 1825px) 100vw, 1825px\" \/><\/figure>\n\n\n\n<h3 class=\"wp-block-heading\"><strong>Jak to v\u0161echno za\u010dalo<\/strong><\/h3>\n\n\n\n<p>Na sv\u011bt\u011b \u017eil architekt jm\u00e9nem Hemlut Knaus. Narodil se v&nbsp;roce 1920 a ml\u00e1d\u00ed str\u00e1vil ve v\u00e1lce. Stejn\u011b jako mnoho jin\u00fdch N\u011bmc\u016f tak snil zejm\u00e9na o m\u00edru a svobod\u011b. Spolu s&nbsp;koncem v\u00e1lky skon\u010dily i roky utrpen\u00ed a spole\u010dnost\u00ed se za\u010dal \u0161\u00ed\u0159it optimismus. Ruku v ruce s&nbsp;ekonomikou rostla tak\u00e9 touha N\u011bmc\u016f cestovat. A to byl ten prav\u00fd \u010das pro Knause, aby realizoval sv\u016fj sen o neomezen\u00e9 svobod\u011b. Jako symbol sv\u00e9 my\u0161lenky nakreslil dv\u011b vla\u0161tovky, kter\u00e9 brzy ozdobily prvn\u00ed skute\u010dn\u00fd KNAUS. V&nbsp;roce 1960 byla zalo\u017eena spole\u010dnost KNAUS KG a \u201eSchwalbennest\u201c se zapsal do historie karavan\u016f. Mal\u00fd kulat\u00fd karavan m\u00e1 mno\u017estv\u00ed fanou\u0161k\u016f dodnes.<\/p>\n\n\n\n<h3 class=\"wp-block-heading\"><strong>Z\u00e1kladn\u00ed k\u00e1men \u00fasp\u011bchu: KNAUS S\u00dcDWIND<\/strong><\/h3>\n\n\n\n<p>Na za\u010d\u00e1tku 60. let se tedy na trhu objevil legend\u00e1rn\u00ed \u201eSchwalbennest\u201c a v&nbsp;roce 1962 pak S\u00fcdwind, jejich absolutn\u00ed a dlouhodob\u00fd favorit. Ikona karavaningu je na trhu nep\u0159etr\u017eit\u011b 58 let. S\u00fcdwind stanovuje nov\u00e9 standardy generace po generaci a neust\u00e1le se aktualizuje a modernizuje podle trend\u016f doby i po\u017eadavk\u016f z\u00e1kazn\u00edk\u016f. Z\u00e1kladn\u00ed my\u0161lenka o karavanu, kter\u00fd by naplnil ka\u017ed\u00fd po\u017eadavek z\u00e1kazn\u00edk\u016f, byl cenov\u011b dostupn\u00fd, variabiln\u00ed a vysoce kvalitn\u00ed se tak naplnila. S\u00fcdwind splnil sen o svobod\u011b a cestov\u00e1n\u00ed na \u010dty\u0159ech kolech. To p\u0159esn\u011b Helmut Knaus cht\u011bl. Byla to ud\u00e1lost, kter\u00e1 v&nbsp;60. letech rozbu\u0161ila srdce ka\u017ed\u00e9ho N\u011bmce, kter\u00fd tou\u017eil po svobodn\u00e9m cestov\u00e1n\u00ed. <\/p>\n\n\n\n<figure class=\"wp-block-image size-large\"><img loading=\"lazy\" decoding=\"async\" width=\"1825\" height=\"1080\" src=\"https:\/\/all4camper.com\/\/wp-content\/uploads\/2020\/06\/csm_ktg-knaus-2019-60years-grundstein-suedwind-teaser_44d821d7be-1825x1080.png\" alt=\"\" class=\"wp-image-86618\" srcset=\"https:\/\/all4camper.com\/wp-content\/uploads\/2020\/06\/csm_ktg-knaus-2019-60years-grundstein-suedwind-teaser_44d821d7be-1825x1080.png 1825w, https:\/\/all4camper.com\/wp-content\/uploads\/2020\/06\/csm_ktg-knaus-2019-60years-grundstein-suedwind-teaser_44d821d7be-300x178.png 300w, https:\/\/all4camper.com\/wp-content\/uploads\/2020\/06\/csm_ktg-knaus-2019-60years-grundstein-suedwind-teaser_44d821d7be-150x89.png 150w, https:\/\/all4camper.com\/wp-content\/uploads\/2020\/06\/csm_ktg-knaus-2019-60years-grundstein-suedwind-teaser_44d821d7be-768x454.png 768w, https:\/\/all4camper.com\/wp-content\/uploads\/2020\/06\/csm_ktg-knaus-2019-60years-grundstein-suedwind-teaser_44d821d7be-1536x909.png 1536w, https:\/\/all4camper.com\/wp-content\/uploads\/2020\/06\/csm_ktg-knaus-2019-60years-grundstein-suedwind-teaser_44d821d7be.png 1920w\" sizes=\"auto, (max-width: 1825px) 100vw, 1825px\" \/><\/figure>\n\n\n\n<h3 class=\"wp-block-heading\"><strong>KNAUS dnes: inovace, tradice a v\u00e1\u0161e\u0148<\/strong><\/h3>\n\n\n\n<p>Duch inovace Halmuta Kanuse je st\u00e1le c\u00edtit ve v\u0161ech oblastech spole\u010dnosti. 60 let od zalo\u017een\u00ed se KNAUS stala zna\u010dkou, kter\u00e1 stoj\u00ed za nejvy\u0161\u0161\u00ed kvalitou, modern\u00edm designem a spoustou dobr\u00fdch n\u00e1pad\u016f \u2013 jako nikdo jin\u00fd v&nbsp;karavanov\u00e9m pr\u016fmyslu. A\u0165 u\u017e se jedn\u00e1 o v\u0161estrann\u00fd CUV, VANTI PLUS s&nbsp;pohonem v\u0161ch kol nebo DESEO s&nbsp;technologi\u00ed ultra lehk\u00e9ho r\u00e1mu: Ka\u017ed\u00fd z&nbsp;jejich model\u016f dodnes p\u0159en\u00e1\u0161\u00ed hodnoty a c\u00edle Helmuta Knause do sou\u010dasnosti. Setk\u00e1v\u00e1 se tu to nejmodern\u011bj\u0161\u00ed s&nbsp;tradic\u00ed. V\u00e1\u0161e\u0148 a \u0159emeslo. V\u0161ichni sjednoceni v&nbsp;jedn\u00e9 my\u0161lence \u2013 svoboda, kter\u00e1 se pohybuje. <\/p>\n\n\n\n<figure class=\"wp-block-image size-large\"><img loading=\"lazy\" decoding=\"async\" width=\"1440\" height=\"1080\" src=\"https:\/\/all4camper.com\/\/wp-content\/uploads\/2020\/06\/101399484_272264604135247_1074609519062941696_n-1440x1080.jpg\" alt=\"\" class=\"wp-image-86626\" srcset=\"https:\/\/all4camper.com\/wp-content\/uploads\/2020\/06\/101399484_272264604135247_1074609519062941696_n-1440x1080.jpg 1440w, https:\/\/all4camper.com\/wp-content\/uploads\/2020\/06\/101399484_272264604135247_1074609519062941696_n-300x225.jpg 300w, https:\/\/all4camper.com\/wp-content\/uploads\/2020\/06\/101399484_272264604135247_1074609519062941696_n-150x113.jpg 150w, https:\/\/all4camper.com\/wp-content\/uploads\/2020\/06\/101399484_272264604135247_1074609519062941696_n-768x576.jpg 768w, https:\/\/all4camper.com\/wp-content\/uploads\/2020\/06\/101399484_272264604135247_1074609519062941696_n-1536x1152.jpg 1536w, https:\/\/all4camper.com\/wp-content\/uploads\/2020\/06\/101399484_272264604135247_1074609519062941696_n-678x509.jpg 678w, https:\/\/all4camper.com\/wp-content\/uploads\/2020\/06\/101399484_272264604135247_1074609519062941696_n-326x245.jpg 326w, https:\/\/all4camper.com\/wp-content\/uploads\/2020\/06\/101399484_272264604135247_1074609519062941696_n-80x60.jpg 80w, https:\/\/all4camper.com\/wp-content\/uploads\/2020\/06\/101399484_272264604135247_1074609519062941696_n.jpg 2048w\" sizes=\"auto, (max-width: 1440px) 100vw, 1440px\" \/><\/figure>\n\n\n\n<p><strong>A \u00fapln\u011b na z\u00e1v\u011br. Pokud si chcete tuto zna\u010dku vyzkou\u0161et na vlastn\u00ed k\u016f\u017ei, doporu\u010duji se obr\u00e1tit na firmu HYKRO, kter\u00e1 pr\u00e1v\u011b tuto zna\u010dku prod\u00e1v\u00e1, p\u016fj\u010duje a servisuje. <a aria-label=\" (opens in a new tab)\" href=\"https:\/\/www.hykro.cz\/\" target=\"_blank\" rel=\"noreferrer noopener\">hykro.cz<\/a><\/strong>. <\/p>\n\n\n\n<figure class=\"wp-block-gallery columns-2 is-cropped wp-block-gallery-1 is-layout-flex wp-block-gallery-is-layout-flex\"><ul class=\"blocks-gallery-grid\"><li class=\"blocks-gallery-item\"><figure><a href=\"https:\/\/all4camper.com\/\/cs\/60-let-znacky-knaus-a-100-let-helmuta-knause\/101423065_288114995707991_6100180730984267776_n\/\"><img loading=\"lazy\" decoding=\"async\" width=\"1440\" height=\"1080\" src=\"https:\/\/all4camper.com\/\/wp-content\/uploads\/2020\/06\/101423065_288114995707991_6100180730984267776_n-1440x1080.jpg\" alt=\"\" data-id=\"86628\" data-full-url=\"https:\/\/all4camper.com\/\/wp-content\/uploads\/2020\/06\/101423065_288114995707991_6100180730984267776_n.jpg\" data-link=\"https:\/\/all4camper.com\/\/cs\/60-let-znacky-knaus-a-100-let-helmuta-knause\/101423065_288114995707991_6100180730984267776_n\/\" class=\"wp-image-86628\" srcset=\"https:\/\/all4camper.com\/wp-content\/uploads\/2020\/06\/101423065_288114995707991_6100180730984267776_n-1440x1080.jpg 1440w, https:\/\/all4camper.com\/wp-content\/uploads\/2020\/06\/101423065_288114995707991_6100180730984267776_n-300x225.jpg 300w, https:\/\/all4camper.com\/wp-content\/uploads\/2020\/06\/101423065_288114995707991_6100180730984267776_n-150x113.jpg 150w, https:\/\/all4camper.com\/wp-content\/uploads\/2020\/06\/101423065_288114995707991_6100180730984267776_n-768x576.jpg 768w, https:\/\/all4camper.com\/wp-content\/uploads\/2020\/06\/101423065_288114995707991_6100180730984267776_n-1536x1152.jpg 1536w, https:\/\/all4camper.com\/wp-content\/uploads\/2020\/06\/101423065_288114995707991_6100180730984267776_n-678x509.jpg 678w, https:\/\/all4camper.com\/wp-content\/uploads\/2020\/06\/101423065_288114995707991_6100180730984267776_n-326x245.jpg 326w, https:\/\/all4camper.com\/wp-content\/uploads\/2020\/06\/101423065_288114995707991_6100180730984267776_n-80x60.jpg 80w, https:\/\/all4camper.com\/wp-content\/uploads\/2020\/06\/101423065_288114995707991_6100180730984267776_n.jpg 2048w\" sizes=\"auto, (max-width: 1440px) 100vw, 1440px\" \/><\/a><\/figure><\/li><li class=\"blocks-gallery-item\"><figure><a href=\"https:\/\/all4camper.com\/\/cs\/60-let-znacky-knaus-a-100-let-helmuta-knause\/101457496_285709565919259_7941361626559545344_n\/\"><img loading=\"lazy\" decoding=\"async\" width=\"1440\" height=\"1080\" src=\"https:\/\/all4camper.com\/\/wp-content\/uploads\/2020\/06\/101457496_285709565919259_7941361626559545344_n-1440x1080.jpg\" alt=\"\" data-id=\"86629\" data-full-url=\"https:\/\/all4camper.com\/\/wp-content\/uploads\/2020\/06\/101457496_285709565919259_7941361626559545344_n.jpg\" data-link=\"https:\/\/all4camper.com\/\/cs\/60-let-znacky-knaus-a-100-let-helmuta-knause\/101457496_285709565919259_7941361626559545344_n\/\" class=\"wp-image-86629\" srcset=\"https:\/\/all4camper.com\/wp-content\/uploads\/2020\/06\/101457496_285709565919259_7941361626559545344_n-1440x1080.jpg 1440w, https:\/\/all4camper.com\/wp-content\/uploads\/2020\/06\/101457496_285709565919259_7941361626559545344_n-300x225.jpg 300w, https:\/\/all4camper.com\/wp-content\/uploads\/2020\/06\/101457496_285709565919259_7941361626559545344_n-150x113.jpg 150w, https:\/\/all4camper.com\/wp-content\/uploads\/2020\/06\/101457496_285709565919259_7941361626559545344_n-768x576.jpg 768w, https:\/\/all4camper.com\/wp-content\/uploads\/2020\/06\/101457496_285709565919259_7941361626559545344_n-1536x1152.jpg 1536w, https:\/\/all4camper.com\/wp-content\/uploads\/2020\/06\/101457496_285709565919259_7941361626559545344_n-678x509.jpg 678w, https:\/\/all4camper.com\/wp-content\/uploads\/2020\/06\/101457496_285709565919259_7941361626559545344_n-326x245.jpg 326w, https:\/\/all4camper.com\/wp-content\/uploads\/2020\/06\/101457496_285709565919259_7941361626559545344_n-80x60.jpg 80w, https:\/\/all4camper.com\/wp-content\/uploads\/2020\/06\/101457496_285709565919259_7941361626559545344_n.jpg 2048w\" sizes=\"auto, (max-width: 1440px) 100vw, 1440px\" \/><\/a><\/figure><\/li><li class=\"blocks-gallery-item\"><figure><a href=\"https:\/\/all4camper.com\/\/cs\/60-let-znacky-knaus-a-100-let-helmuta-knause\/101682774_1485841318253437_2762553888551731200_n\/\"><img loading=\"lazy\" decoding=\"async\" width=\"1440\" height=\"1080\" src=\"https:\/\/all4camper.com\/\/wp-content\/uploads\/2020\/06\/101682774_1485841318253437_2762553888551731200_n-1440x1080.jpg\" alt=\"\" data-id=\"86630\" data-full-url=\"https:\/\/all4camper.com\/\/wp-content\/uploads\/2020\/06\/101682774_1485841318253437_2762553888551731200_n.jpg\" data-link=\"https:\/\/all4camper.com\/\/cs\/60-let-znacky-knaus-a-100-let-helmuta-knause\/101682774_1485841318253437_2762553888551731200_n\/\" class=\"wp-image-86630\" srcset=\"https:\/\/all4camper.com\/wp-content\/uploads\/2020\/06\/101682774_1485841318253437_2762553888551731200_n-1440x1080.jpg 1440w, https:\/\/all4camper.com\/wp-content\/uploads\/2020\/06\/101682774_1485841318253437_2762553888551731200_n-300x225.jpg 300w, https:\/\/all4camper.com\/wp-content\/uploads\/2020\/06\/101682774_1485841318253437_2762553888551731200_n-150x113.jpg 150w, https:\/\/all4camper.com\/wp-content\/uploads\/2020\/06\/101682774_1485841318253437_2762553888551731200_n-768x576.jpg 768w, https:\/\/all4camper.com\/wp-content\/uploads\/2020\/06\/101682774_1485841318253437_2762553888551731200_n-1536x1152.jpg 1536w, https:\/\/all4camper.com\/wp-content\/uploads\/2020\/06\/101682774_1485841318253437_2762553888551731200_n-678x509.jpg 678w, https:\/\/all4camper.com\/wp-content\/uploads\/2020\/06\/101682774_1485841318253437_2762553888551731200_n-326x245.jpg 326w, https:\/\/all4camper.com\/wp-content\/uploads\/2020\/06\/101682774_1485841318253437_2762553888551731200_n-80x60.jpg 80w, https:\/\/all4camper.com\/wp-content\/uploads\/2020\/06\/101682774_1485841318253437_2762553888551731200_n.jpg 2048w\" sizes=\"auto, (max-width: 1440px) 100vw, 1440px\" \/><\/a><\/figure><\/li><\/ul><\/figure>\n\n\n\n<p><em>Zdroj: TZ knaus.com <\/em><\/p>\n","protected":false},"excerpt":{"rendered":"<p>Velk\u00e9 a kr\u00e1sn\u00e9 v\u00fdro\u010d\u00ed slav\u00ed firma KNAUS! 60 let existence zna\u010dky a nav\u00edc 100. narozeniny jej\u00edho zakladatele. Sami k&nbsp;tomu \u0159\u00edkaj\u00ed, \u017ee je to d\u016fv\u011bra z\u00e1kazn\u00edk\u016f, co z&nbsp;nich ud\u011blalo jednu z&nbsp;nej\u00fasp\u011b\u0161n\u011bj\u0161\u00edch firem v&nbsp;dan\u00e9 oblasti a nav\u00edc je to motivuje k&nbsp;neust\u00e1l\u00e9mu vym\u00fd\u0161len\u00ed inovac\u00ed. Mu\u017e a jeho vize\u2026 Jak to v\u0161echno za\u010dalo? Helmut Knaus m\u011bl vizi \u2013 r\u00e1d [&hellip;]<\/p>\n","protected":false},"author":161,"featured_media":86618,"comment_status":"closed","ping_status":"open","sticky":false,"template":"","format":"standard","meta":{"_monsterinsights_skip_tracking":false,"_monsterinsights_sitenote_active":false,"_monsterinsights_sitenote_note":"","_monsterinsights_sitenote_category":0,"footnotes":""},"categories":[368,11194,422],"tags":[226,8122,8210],"class_list":{"0":"post-86614","1":"post","2":"type-post","3":"status-publish","4":"format-standard","5":"has-post-thumbnail","7":"category-magazin_all4camper","8":"category-karavaning","9":"category-novinky-kempovani-a-karavaning","10":"tag-rady-a-tipy","11":"tag-karavaning","12":"tag-zpravy"},"yoast_head":"<!-- This site is optimized with the Yoast SEO plugin v27.5 - https:\/\/yoast.com\/product\/yoast-seo-wordpress\/ -->\n<title>60 let zna\u010dky KNAUS a 100 let Helmuta Knause - All4Camper<\/title>\n<meta name=\"description\" content=\"All4Camper - 60 let zna\u010dky KNAUS a 100 let Helmuta Knause\" \/>\n<meta name=\"robots\" content=\"index, follow, max-snippet:-1, max-image-preview:large, max-video-preview:-1\" \/>\n<link rel=\"canonical\" href=\"https:\/\/all4camper.com\/cs\/60-let-znacky-knaus-a-100-let-helmuta-knause\/\" \/>\n<meta property=\"og:locale\" content=\"cs_CZ\" \/>\n<meta property=\"og:type\" content=\"article\" \/>\n<meta property=\"og:title\" content=\"60 let zna\u010dky KNAUS a 100 let Helmuta Knause - All4Camper\" \/>\n<meta property=\"og:description\" content=\"All4Camper - 60 let zna\u010dky KNAUS a 100 let Helmuta Knause\" \/>\n<meta property=\"og:url\" content=\"https:\/\/all4camper.com\/cs\/60-let-znacky-knaus-a-100-let-helmuta-knause\/\" \/>\n<meta property=\"og:site_name\" content=\"All4Camper\" \/>\n<meta property=\"article:published_time\" content=\"2020-06-02T10:10:45+00:00\" \/>\n<meta property=\"article:modified_time\" content=\"2022-12-13T14:24:21+00:00\" \/>\n<meta property=\"og:image\" content=\"https:\/\/all4camper.com\/wp-content\/uploads\/2020\/06\/csm_ktg-knaus-2019-60years-grundstein-suedwind-teaser_44d821d7be.png\" \/>\n\t<meta property=\"og:image:width\" content=\"1920\" \/>\n\t<meta property=\"og:image:height\" content=\"1136\" \/>\n\t<meta property=\"og:image:type\" content=\"image\/png\" \/>\n<meta name=\"author\" content=\"Kate\u0159ina\" \/>\n<meta name=\"twitter:card\" content=\"summary_large_image\" \/>\n<meta name=\"twitter:label1\" content=\"Napsal(a)\" \/>\n\t<meta name=\"twitter:data1\" content=\"Kate\u0159ina\" \/>\n\t<meta name=\"twitter:label2\" content=\"Odhadovan\u00e1 doba \u010dten\u00ed\" \/>\n\t<meta name=\"twitter:data2\" content=\"3 minuty\" \/>\n<script type=\"application\/ld+json\" class=\"yoast-schema-graph\">{\"@context\":\"https:\\\/\\\/schema.org\",\"@graph\":[{\"@type\":\"Article\",\"@id\":\"https:\\\/\\\/all4camper.com\\\/cs\\\/60-let-znacky-knaus-a-100-let-helmuta-knause\\\/#article\",\"isPartOf\":{\"@id\":\"https:\\\/\\\/all4camper.com\\\/cs\\\/60-let-znacky-knaus-a-100-let-helmuta-knause\\\/\"},\"author\":{\"name\":\"Kate\u0159ina\",\"@id\":\"https:\\\/\\\/all4camper.com\\\/cs\\\/#\\\/schema\\\/person\\\/9349489688d4c221ca0fc39ae6bcb70b\"},\"headline\":\"60 let zna\u010dky KNAUS a 100 let Helmuta Knause\",\"datePublished\":\"2020-06-02T10:10:45+00:00\",\"dateModified\":\"2022-12-13T14:24:21+00:00\",\"mainEntityOfPage\":{\"@id\":\"https:\\\/\\\/all4camper.com\\\/cs\\\/60-let-znacky-knaus-a-100-let-helmuta-knause\\\/\"},\"wordCount\":675,\"publisher\":{\"@id\":\"https:\\\/\\\/all4camper.com\\\/cs\\\/#organization\"},\"image\":{\"@id\":\"https:\\\/\\\/all4camper.com\\\/cs\\\/60-let-znacky-knaus-a-100-let-helmuta-knause\\\/#primaryimage\"},\"thumbnailUrl\":\"https:\\\/\\\/all4camper.com\\\/wp-content\\\/uploads\\\/2020\\\/06\\\/csm_ktg-knaus-2019-60years-grundstein-suedwind-teaser_44d821d7be.png\",\"keywords\":[\"Rady-tipy-informace\",\"Ze sv\u011bta karavaningu\",\"Zpr\u00e1vy\"],\"articleSection\":[\"\u010cten\u00ed na cesty\",\"Karavanink\",\"Novinky - Kempov\u00e1n\u00ed a karavaning\"],\"inLanguage\":\"cs\"},{\"@type\":\"WebPage\",\"@id\":\"https:\\\/\\\/all4camper.com\\\/cs\\\/60-let-znacky-knaus-a-100-let-helmuta-knause\\\/\",\"url\":\"https:\\\/\\\/all4camper.com\\\/cs\\\/60-let-znacky-knaus-a-100-let-helmuta-knause\\\/\",\"name\":\"60 let zna\u010dky KNAUS a 100 let Helmuta Knause - All4Camper\",\"isPartOf\":{\"@id\":\"https:\\\/\\\/all4camper.com\\\/cs\\\/#website\"},\"primaryImageOfPage\":{\"@id\":\"https:\\\/\\\/all4camper.com\\\/cs\\\/60-let-znacky-knaus-a-100-let-helmuta-knause\\\/#primaryimage\"},\"image\":{\"@id\":\"https:\\\/\\\/all4camper.com\\\/cs\\\/60-let-znacky-knaus-a-100-let-helmuta-knause\\\/#primaryimage\"},\"thumbnailUrl\":\"https:\\\/\\\/all4camper.com\\\/wp-content\\\/uploads\\\/2020\\\/06\\\/csm_ktg-knaus-2019-60years-grundstein-suedwind-teaser_44d821d7be.png\",\"datePublished\":\"2020-06-02T10:10:45+00:00\",\"dateModified\":\"2022-12-13T14:24:21+00:00\",\"description\":\"All4Camper - 60 let zna\u010dky KNAUS a 100 let Helmuta Knause\",\"breadcrumb\":{\"@id\":\"https:\\\/\\\/all4camper.com\\\/cs\\\/60-let-znacky-knaus-a-100-let-helmuta-knause\\\/#breadcrumb\"},\"inLanguage\":\"cs\",\"potentialAction\":[{\"@type\":\"ReadAction\",\"target\":[\"https:\\\/\\\/all4camper.com\\\/cs\\\/60-let-znacky-knaus-a-100-let-helmuta-knause\\\/\"]}]},{\"@type\":\"ImageObject\",\"inLanguage\":\"cs\",\"@id\":\"https:\\\/\\\/all4camper.com\\\/cs\\\/60-let-znacky-knaus-a-100-let-helmuta-knause\\\/#primaryimage\",\"url\":\"https:\\\/\\\/all4camper.com\\\/wp-content\\\/uploads\\\/2020\\\/06\\\/csm_ktg-knaus-2019-60years-grundstein-suedwind-teaser_44d821d7be.png\",\"contentUrl\":\"https:\\\/\\\/all4camper.com\\\/wp-content\\\/uploads\\\/2020\\\/06\\\/csm_ktg-knaus-2019-60years-grundstein-suedwind-teaser_44d821d7be.png\",\"width\":1920,\"height\":1136},{\"@type\":\"BreadcrumbList\",\"@id\":\"https:\\\/\\\/all4camper.com\\\/cs\\\/60-let-znacky-knaus-a-100-let-helmuta-knause\\\/#breadcrumb\",\"itemListElement\":[{\"@type\":\"ListItem\",\"position\":1,\"name\":\"Dom\u016f\",\"item\":\"https:\\\/\\\/all4camper.com\\\/cs\\\/\"},{\"@type\":\"ListItem\",\"position\":2,\"name\":\"\u010cten\u00ed na cesty\",\"item\":\"https:\\\/\\\/all4camper.com\\\/cs\\\/category\\\/magazin_all4camper\\\/\"},{\"@type\":\"ListItem\",\"position\":3,\"name\":\"60 let zna\u010dky KNAUS a 100 let Helmuta Knause\"}]},{\"@type\":\"WebSite\",\"@id\":\"https:\\\/\\\/all4camper.com\\\/cs\\\/#website\",\"url\":\"https:\\\/\\\/all4camper.com\\\/cs\\\/\",\"name\":\"All4Camper\",\"description\":\"Nejv\u011bt\u0161\u00ed online magaz\u00edn o kempov\u00e1n\u00ed a karavaninku. V\u00edce jak 900 \u010dl\u00e1nk\u016f pln\u00fdch rad a tip\u016f o kempech a kempov\u00e1n\u00ed.\",\"publisher\":{\"@id\":\"https:\\\/\\\/all4camper.com\\\/cs\\\/#organization\"},\"potentialAction\":[{\"@type\":\"SearchAction\",\"target\":{\"@type\":\"EntryPoint\",\"urlTemplate\":\"https:\\\/\\\/all4camper.com\\\/cs\\\/?s={search_term_string}\"},\"query-input\":{\"@type\":\"PropertyValueSpecification\",\"valueRequired\":true,\"valueName\":\"search_term_string\"}}],\"inLanguage\":\"cs\"},{\"@type\":\"Organization\",\"@id\":\"https:\\\/\\\/all4camper.com\\\/cs\\\/#organization\",\"name\":\"All4Camper - kempujeme s Kl\u00e1rou\",\"url\":\"https:\\\/\\\/all4camper.com\\\/cs\\\/\",\"logo\":{\"@type\":\"ImageObject\",\"inLanguage\":\"cs\",\"@id\":\"https:\\\/\\\/all4camper.com\\\/cs\\\/#\\\/schema\\\/logo\\\/image\\\/\",\"url\":\"https:\\\/\\\/all4camper.com\\\/wp-content\\\/uploads\\\/2018\\\/09\\\/novelogo.png\",\"contentUrl\":\"https:\\\/\\\/all4camper.com\\\/wp-content\\\/uploads\\\/2018\\\/09\\\/novelogo.png\",\"width\":1520,\"height\":600,\"caption\":\"All4Camper - kempujeme s Kl\u00e1rou\"},\"image\":{\"@id\":\"https:\\\/\\\/all4camper.com\\\/cs\\\/#\\\/schema\\\/logo\\\/image\\\/\"}},{\"@type\":\"Person\",\"@id\":\"https:\\\/\\\/all4camper.com\\\/cs\\\/#\\\/schema\\\/person\\\/9349489688d4c221ca0fc39ae6bcb70b\",\"name\":\"Kate\u0159ina\",\"url\":\"https:\\\/\\\/all4camper.com\\\/cs\\\/author\\\/kterina\\\/\"}]}<\/script>\n<!-- \/ Yoast SEO plugin. -->","yoast_head_json":{"title":"60 let zna\u010dky KNAUS a 100 let Helmuta Knause - All4Camper","description":"All4Camper - 60 let zna\u010dky KNAUS a 100 let Helmuta Knause","robots":{"index":"index","follow":"follow","max-snippet":"max-snippet:-1","max-image-preview":"max-image-preview:large","max-video-preview":"max-video-preview:-1"},"canonical":"https:\/\/all4camper.com\/cs\/60-let-znacky-knaus-a-100-let-helmuta-knause\/","og_locale":"cs_CZ","og_type":"article","og_title":"60 let zna\u010dky KNAUS a 100 let Helmuta Knause - All4Camper","og_description":"All4Camper - 60 let zna\u010dky KNAUS a 100 let Helmuta Knause","og_url":"https:\/\/all4camper.com\/cs\/60-let-znacky-knaus-a-100-let-helmuta-knause\/","og_site_name":"All4Camper","article_published_time":"2020-06-02T10:10:45+00:00","article_modified_time":"2022-12-13T14:24:21+00:00","og_image":[{"width":1920,"height":1136,"url":"https:\/\/all4camper.com\/wp-content\/uploads\/2020\/06\/csm_ktg-knaus-2019-60years-grundstein-suedwind-teaser_44d821d7be.png","type":"image\/png"}],"author":"Kate\u0159ina","twitter_card":"summary_large_image","twitter_misc":{"Napsal(a)":"Kate\u0159ina","Odhadovan\u00e1 doba \u010dten\u00ed":"3 minuty"},"schema":{"@context":"https:\/\/schema.org","@graph":[{"@type":"Article","@id":"https:\/\/all4camper.com\/cs\/60-let-znacky-knaus-a-100-let-helmuta-knause\/#article","isPartOf":{"@id":"https:\/\/all4camper.com\/cs\/60-let-znacky-knaus-a-100-let-helmuta-knause\/"},"author":{"name":"Kate\u0159ina","@id":"https:\/\/all4camper.com\/cs\/#\/schema\/person\/9349489688d4c221ca0fc39ae6bcb70b"},"headline":"60 let zna\u010dky KNAUS a 100 let Helmuta Knause","datePublished":"2020-06-02T10:10:45+00:00","dateModified":"2022-12-13T14:24:21+00:00","mainEntityOfPage":{"@id":"https:\/\/all4camper.com\/cs\/60-let-znacky-knaus-a-100-let-helmuta-knause\/"},"wordCount":675,"publisher":{"@id":"https:\/\/all4camper.com\/cs\/#organization"},"image":{"@id":"https:\/\/all4camper.com\/cs\/60-let-znacky-knaus-a-100-let-helmuta-knause\/#primaryimage"},"thumbnailUrl":"https:\/\/all4camper.com\/wp-content\/uploads\/2020\/06\/csm_ktg-knaus-2019-60years-grundstein-suedwind-teaser_44d821d7be.png","keywords":["Rady-tipy-informace","Ze sv\u011bta karavaningu","Zpr\u00e1vy"],"articleSection":["\u010cten\u00ed na cesty","Karavanink","Novinky - Kempov\u00e1n\u00ed a karavaning"],"inLanguage":"cs"},{"@type":"WebPage","@id":"https:\/\/all4camper.com\/cs\/60-let-znacky-knaus-a-100-let-helmuta-knause\/","url":"https:\/\/all4camper.com\/cs\/60-let-znacky-knaus-a-100-let-helmuta-knause\/","name":"60 let zna\u010dky KNAUS a 100 let Helmuta Knause - All4Camper","isPartOf":{"@id":"https:\/\/all4camper.com\/cs\/#website"},"primaryImageOfPage":{"@id":"https:\/\/all4camper.com\/cs\/60-let-znacky-knaus-a-100-let-helmuta-knause\/#primaryimage"},"image":{"@id":"https:\/\/all4camper.com\/cs\/60-let-znacky-knaus-a-100-let-helmuta-knause\/#primaryimage"},"thumbnailUrl":"https:\/\/all4camper.com\/wp-content\/uploads\/2020\/06\/csm_ktg-knaus-2019-60years-grundstein-suedwind-teaser_44d821d7be.png","datePublished":"2020-06-02T10:10:45+00:00","dateModified":"2022-12-13T14:24:21+00:00","description":"All4Camper - 60 let zna\u010dky KNAUS a 100 let Helmuta Knause","breadcrumb":{"@id":"https:\/\/all4camper.com\/cs\/60-let-znacky-knaus-a-100-let-helmuta-knause\/#breadcrumb"},"inLanguage":"cs","potentialAction":[{"@type":"ReadAction","target":["https:\/\/all4camper.com\/cs\/60-let-znacky-knaus-a-100-let-helmuta-knause\/"]}]},{"@type":"ImageObject","inLanguage":"cs","@id":"https:\/\/all4camper.com\/cs\/60-let-znacky-knaus-a-100-let-helmuta-knause\/#primaryimage","url":"https:\/\/all4camper.com\/wp-content\/uploads\/2020\/06\/csm_ktg-knaus-2019-60years-grundstein-suedwind-teaser_44d821d7be.png","contentUrl":"https:\/\/all4camper.com\/wp-content\/uploads\/2020\/06\/csm_ktg-knaus-2019-60years-grundstein-suedwind-teaser_44d821d7be.png","width":1920,"height":1136},{"@type":"BreadcrumbList","@id":"https:\/\/all4camper.com\/cs\/60-let-znacky-knaus-a-100-let-helmuta-knause\/#breadcrumb","itemListElement":[{"@type":"ListItem","position":1,"name":"Dom\u016f","item":"https:\/\/all4camper.com\/cs\/"},{"@type":"ListItem","position":2,"name":"\u010cten\u00ed na cesty","item":"https:\/\/all4camper.com\/cs\/category\/magazin_all4camper\/"},{"@type":"ListItem","position":3,"name":"60 let zna\u010dky KNAUS a 100 let Helmuta Knause"}]},{"@type":"WebSite","@id":"https:\/\/all4camper.com\/cs\/#website","url":"https:\/\/all4camper.com\/cs\/","name":"All4Camper","description":"Nejv\u011bt\u0161\u00ed online magaz\u00edn o kempov\u00e1n\u00ed a karavaninku. V\u00edce jak 900 \u010dl\u00e1nk\u016f pln\u00fdch rad a tip\u016f o kempech a kempov\u00e1n\u00ed.","publisher":{"@id":"https:\/\/all4camper.com\/cs\/#organization"},"potentialAction":[{"@type":"SearchAction","target":{"@type":"EntryPoint","urlTemplate":"https:\/\/all4camper.com\/cs\/?s={search_term_string}"},"query-input":{"@type":"PropertyValueSpecification","valueRequired":true,"valueName":"search_term_string"}}],"inLanguage":"cs"},{"@type":"Organization","@id":"https:\/\/all4camper.com\/cs\/#organization","name":"All4Camper - kempujeme s Kl\u00e1rou","url":"https:\/\/all4camper.com\/cs\/","logo":{"@type":"ImageObject","inLanguage":"cs","@id":"https:\/\/all4camper.com\/cs\/#\/schema\/logo\/image\/","url":"https:\/\/all4camper.com\/wp-content\/uploads\/2018\/09\/novelogo.png","contentUrl":"https:\/\/all4camper.com\/wp-content\/uploads\/2018\/09\/novelogo.png","width":1520,"height":600,"caption":"All4Camper - kempujeme s Kl\u00e1rou"},"image":{"@id":"https:\/\/all4camper.com\/cs\/#\/schema\/logo\/image\/"}},{"@type":"Person","@id":"https:\/\/all4camper.com\/cs\/#\/schema\/person\/9349489688d4c221ca0fc39ae6bcb70b","name":"Kate\u0159ina","url":"https:\/\/all4camper.com\/cs\/author\/kterina\/"}]}},"_links":{"self":[{"href":"https:\/\/all4camper.com\/cs\/wp-json\/wp\/v2\/posts\/86614","targetHints":{"allow":["GET"]}}],"collection":[{"href":"https:\/\/all4camper.com\/cs\/wp-json\/wp\/v2\/posts"}],"about":[{"href":"https:\/\/all4camper.com\/cs\/wp-json\/wp\/v2\/types\/post"}],"author":[{"embeddable":true,"href":"https:\/\/all4camper.com\/cs\/wp-json\/wp\/v2\/users\/161"}],"replies":[{"embeddable":true,"href":"https:\/\/all4camper.com\/cs\/wp-json\/wp\/v2\/comments?post=86614"}],"version-history":[{"count":0,"href":"https:\/\/all4camper.com\/cs\/wp-json\/wp\/v2\/posts\/86614\/revisions"}],"wp:featuredmedia":[{"embeddable":true,"href":"https:\/\/all4camper.com\/cs\/wp-json\/wp\/v2\/media\/86618"}],"wp:attachment":[{"href":"https:\/\/all4camper.com\/cs\/wp-json\/wp\/v2\/media?parent=86614"}],"wp:term":[{"taxonomy":"category","embeddable":true,"href":"https:\/\/all4camper.com\/cs\/wp-json\/wp\/v2\/categories?post=86614"},{"taxonomy":"post_tag","embeddable":true,"href":"https:\/\/all4camper.com\/cs\/wp-json\/wp\/v2\/tags?post=86614"}],"curies":[{"name":"wp","href":"https:\/\/api.w.org\/{rel}","templated":true}]}}