{"id":86266,"date":"2020-05-13T09:51:45","date_gmt":"2020-05-13T07:51:45","guid":{"rendered":"https:\/\/all4camper.com\/\/?p=86266"},"modified":"2022-12-13T15:08:13","modified_gmt":"2022-12-13T14:08:13","slug":"kempovat-s-psim-milackem-proc-ne","status":"publish","type":"post","link":"https:\/\/all4camper.com\/cs\/kempovat-s-psim-milackem-proc-ne\/","title":{"rendered":"Kempovat s ps\u00edm mil\u00e1\u010dkem? Pro\u010d ne!"},"content":{"rendered":"\n<h4 class=\"wp-block-heading\"><strong>\u201eJe ale pot\u0159eba k&nbsp;tomu vychovat psa i jeho p\u00e1na.\u201c Tak touhle v\u011btou za\u010d\u00edn\u00e1 cel\u00e9 pov\u00edd\u00e1n\u00ed karavanistka La\u010fka, majitelka Artu\u0161e, se kterou jsme t\u00e9ma ps\u00ed kempov\u00e1n\u00ed prob\u00edraly. Tomu jsme se u\u017e ostatn\u011b v\u011bnovaly v&nbsp;p\u0159echoz\u00edm \u010dl\u00e1nku. <a aria-label=\" (opens in a new tab)\" href=\"https:\/\/all4camper.com\/\/cs\/kempujeme-se-svym-psim-kamaradem-zakladni-informace\/?fbclid=IwAR0IC_u4263wq4WyHdXHGNWhl-lO0TSVd29AlhrAkMbPCAZeMEa5qmMxSwM\" target=\"_blank\" rel=\"noreferrer noopener\" class=\"aioseop-link\">zakladni-informace<\/a> Nicm\u00e9n\u011b tady to m\u00e1te je\u0161t\u011b p\u0159\u00edmo z&nbsp;pohledu na konci vod\u00edtka \u2013 od cestovatelky, kter\u00e1 ned\u00e1 bez sv\u00e9ho par\u0165\u00e1ka ani r\u00e1nu. <\/strong><\/h4>\n\n\n\n<figure class=\"wp-block-image size-large\"><img loading=\"lazy\" decoding=\"async\" width=\"800\" height=\"450\" src=\"https:\/\/all4camper.com\/\/wp-content\/uploads\/2020\/05\/96383739_236937741083069_203328295868039168_n.jpg\" alt=\"\" class=\"wp-image-86267\" srcset=\"https:\/\/all4camper.com\/wp-content\/uploads\/2020\/05\/96383739_236937741083069_203328295868039168_n.jpg 800w, https:\/\/all4camper.com\/wp-content\/uploads\/2020\/05\/96383739_236937741083069_203328295868039168_n-300x169.jpg 300w, https:\/\/all4camper.com\/wp-content\/uploads\/2020\/05\/96383739_236937741083069_203328295868039168_n-150x84.jpg 150w, https:\/\/all4camper.com\/wp-content\/uploads\/2020\/05\/96383739_236937741083069_203328295868039168_n-768x432.jpg 768w, https:\/\/all4camper.com\/wp-content\/uploads\/2020\/05\/96383739_236937741083069_203328295868039168_n-678x381.jpg 678w\" sizes=\"auto, (max-width: 800px) 100vw, 800px\" \/><\/figure>\n\n\n\n<h3 class=\"wp-block-heading\"><strong>Jak to vypad\u00e1 po p\u0159\u00edjezdu do kempu?<\/strong><\/h3>\n\n\n\n<p>M\u016fj pes s&nbsp;n\u00e1mi kempuje od \u0161t\u011bn\u011bte. M\u00e1me obytku, tak\u017ee cestu m\u016f\u017ee tr\u00e1vit v&nbsp;posteli. B\u011bhem j\u00edzdy m\u00e1 samoz\u0159ejm\u011b postroj \u2013 z&nbsp;bezpe\u010dnostn\u00edch d\u016fvod\u016f. Po p\u0159\u00edjezdu do kempu z\u016fstane trp\u011bliv\u011b v&nbsp;aut\u011b, ne\u017e zajist\u00edme vhodn\u00e9 parkovac\u00ed m\u00edsto. Vyhled\u00e1v\u00e1me samotu, ale pokud to nen\u00ed mo\u017en\u00e9 a mus\u00edme m\u00edt sousedy, zajdu za nimi, popt\u00e1m se, zda maj\u00ed pejska, \u010di zda se jich n\u00e1hodou neboj\u00ed. Je-li u soused\u016f ps\u00ed kamar\u00e1d a nen\u00ed probl\u00e9mov\u00fd, nech\u00e1me je spolu sezn\u00e1mit. O\u010duchaj\u00ed se, pokud je mo\u017enost, jeden druh\u00e9ho pro\u017eenou a po p\u0159ibli\u017en\u011b p\u011bti minut\u00e1ch si jde ka\u017ed\u00fd po sv\u00e9m. <\/p>\n\n\n\n<figure class=\"wp-block-image size-large\"><img loading=\"lazy\" decoding=\"async\" width=\"800\" height=\"450\" src=\"https:\/\/all4camper.com\/\/wp-content\/uploads\/2020\/05\/96514389_831529927354504_4733860696784109568_n.jpg\" alt=\"\" class=\"wp-image-86269\" srcset=\"https:\/\/all4camper.com\/wp-content\/uploads\/2020\/05\/96514389_831529927354504_4733860696784109568_n.jpg 800w, https:\/\/all4camper.com\/wp-content\/uploads\/2020\/05\/96514389_831529927354504_4733860696784109568_n-300x169.jpg 300w, https:\/\/all4camper.com\/wp-content\/uploads\/2020\/05\/96514389_831529927354504_4733860696784109568_n-150x84.jpg 150w, https:\/\/all4camper.com\/wp-content\/uploads\/2020\/05\/96514389_831529927354504_4733860696784109568_n-768x432.jpg 768w, https:\/\/all4camper.com\/wp-content\/uploads\/2020\/05\/96514389_831529927354504_4733860696784109568_n-678x381.jpg 678w\" sizes=\"auto, (max-width: 800px) 100vw, 800px\" \/><\/figure>\n\n\n\n<h3 class=\"wp-block-heading\"><strong>A jak se se psem funguje v&nbsp;kempu?<\/strong><\/h3>\n\n\n\n<p>Mysl\u00edm, \u017ee ten n\u00e1\u0161 je vychovan\u00fd. Ostatn\u011b dokazuje to i fakt, \u017ee se mi nejednou stalo, \u017ee p\u0159i\u0161el jin\u00fd kempa\u0159 s&nbsp;pochvalou, jak na\u0161eho psa sleduje a obdivuje, jak je \u00fa\u017easn\u00fd, hodn\u00fd, poslu\u0161n\u00fd. Nejobl\u00edben\u011bj\u0161\u00ed m\u00edsto m\u00e1 pod autem, za zadn\u00ed n\u00e1pravou. Nesv\u00edt\u00ed tam slun\u00ed\u010dko, profukuje tam\u2026 Misku s&nbsp;vodou m\u00e1 v\u017edy ve st\u00ednu a na dosah. P\u0159iv\u00e1zan\u00fd nen\u00ed. Kolem proch\u00e1zej\u00ed lid\u00e9 s&nbsp;d\u011btmi nebo psy a v\u011bt\u0161inou ani nezaregistruj\u00ed, \u017ee pod autem le\u017e\u00ed \u201ebojov\u00e9 plemeno\u201c. Pokud pot\u0159ebuji od auta odej\u00edt bez n\u011bho, p\u0159iv\u00e1\u017eu ho, ale v\u011bt\u0161inou se ani nehne. Jdu-li bez n\u011bho mimo kemp, jde do auta, zajist\u00edm v\u011btr\u00e1n\u00ed a vodu. Lehne do postele a sleduje cvrkot z&nbsp;okna. Ven\u010den\u00ed prob\u00edh\u00e1 samoz\u0159ejm\u011b mimo kemp, u\u017e je zvykl\u00fd, \u017ee kolem stan\u016f a aut ven z&nbsp;kempu proch\u00e1z\u00edme zrychlen\u011b, aby nem\u011bl \u010das \u201e\u010d\u00edst noviny\u201c a n\u00e1hodou si n\u011bkde n\u011bco ozna\u010dit. A jak bych to shrnula \u2013 n\u00e1\u0161 kr\u00e1l Artu\u0161 je N\u011bmeck\u00fd boxer, je nejlep\u0161\u00ed na sv\u011bt\u011b (pro n\u00e1s). Bez n\u011bho bychom bydl\u00edkem nikdy nikam neodjeli.<\/p>\n\n\n\n<p><strong>Pes v&nbsp;kempu mus\u00ed:<\/strong><br><em>Respektovat povely p\u00e1na<br>Nev\u0161\u00edmat si proch\u00e1zej\u00edc\u00edch lid\u00ed, ani ps\u016f<br>Nepob\u00edhat voln\u011b bez dozoru po kempu<br>Nezna\u010dkovat <br>Nekadit<br>Nevr\u010det<br>Ne\u0161t\u011bkat<br>Nep\u0159ibli\u017eovat se bez dovolen\u00ed k&nbsp;ostatn\u00edm<\/em><\/p>\n\n\n\n<figure class=\"wp-block-image size-large\"><img loading=\"lazy\" decoding=\"async\" width=\"800\" height=\"450\" src=\"https:\/\/all4camper.com\/\/wp-content\/uploads\/2020\/05\/96518175_547939482580215_8089492231100039168_n.jpg\" alt=\"\" class=\"wp-image-86270\" srcset=\"https:\/\/all4camper.com\/wp-content\/uploads\/2020\/05\/96518175_547939482580215_8089492231100039168_n.jpg 800w, https:\/\/all4camper.com\/wp-content\/uploads\/2020\/05\/96518175_547939482580215_8089492231100039168_n-300x169.jpg 300w, https:\/\/all4camper.com\/wp-content\/uploads\/2020\/05\/96518175_547939482580215_8089492231100039168_n-150x84.jpg 150w, https:\/\/all4camper.com\/wp-content\/uploads\/2020\/05\/96518175_547939482580215_8089492231100039168_n-768x432.jpg 768w, https:\/\/all4camper.com\/wp-content\/uploads\/2020\/05\/96518175_547939482580215_8089492231100039168_n-678x381.jpg 678w\" sizes=\"auto, (max-width: 800px) 100vw, 800px\" \/><\/figure>\n\n\n\n<h3 class=\"wp-block-heading\"><strong>Cestov\u00e1n\u00ed bez psa?<\/strong> V\u016fbec!<\/h3>\n\n\n\n<p>Je to \u010dlen rodiny, miluje ji a chce b\u00fdt tam, kde je jeho sme\u010dka. Do kemp\u016f, kde jsou psi zak\u00e1z\u00e1ni, nejezd\u00edme. Ve v\u011bt\u0161in\u011b kemp\u016f jsou psi povoleni, ov\u0161em je pot\u0159eba respektovat pravidla. Moje svoboda kon\u010d\u00ed tam, kde za\u010d\u00edn\u00e1 nesvoboda ostatn\u00edch. \u010casto se st\u00e1v\u00e1, \u017ee mnohem v\u00edc probl\u00e9m\u016f zp\u016fsob\u00ed nevychovan\u00ed kempa\u0159i a pes nev\u011b\u0159\u00edcn\u011b krout\u00ed hlavou. Pes se neop\u00edj\u00ed, v&nbsp;noci nen\u00ed hlu\u010dn\u00fd, nerozhazuje po kempu vypit\u00e9 lahve, nedopalky a dal\u0161\u00ed odpadky, neroztahuje se, jako by mu pat\u0159il cel\u00fd kemp. Jedin\u00e9 \u2013 neum\u00ed zdravit, co\u017e vlastn\u011b v&nbsp;posledn\u00ed dob\u011b v\u011bt\u0161ina lid\u00ed taky ne. Proto nevid\u00edm jedin\u00fd d\u016fvod, pro\u010d bych nemohla m\u00edt sv\u00e9ho ps\u00edho mil\u00e1\u010dka s&nbsp;sebou. <\/p>\n\n\n\n<figure class=\"wp-block-image size-large\"><img loading=\"lazy\" decoding=\"async\" width=\"800\" height=\"450\" src=\"https:\/\/all4camper.com\/\/wp-content\/uploads\/2020\/05\/96795877_567339157523448_3870677080375033856_n.jpg\" alt=\"\" class=\"wp-image-86271\" srcset=\"https:\/\/all4camper.com\/wp-content\/uploads\/2020\/05\/96795877_567339157523448_3870677080375033856_n.jpg 800w, https:\/\/all4camper.com\/wp-content\/uploads\/2020\/05\/96795877_567339157523448_3870677080375033856_n-300x169.jpg 300w, https:\/\/all4camper.com\/wp-content\/uploads\/2020\/05\/96795877_567339157523448_3870677080375033856_n-150x84.jpg 150w, https:\/\/all4camper.com\/wp-content\/uploads\/2020\/05\/96795877_567339157523448_3870677080375033856_n-768x432.jpg 768w, https:\/\/all4camper.com\/wp-content\/uploads\/2020\/05\/96795877_567339157523448_3870677080375033856_n-678x381.jpg 678w\" sizes=\"auto, (max-width: 800px) 100vw, 800px\" \/><\/figure>\n","protected":false},"excerpt":{"rendered":"<p>\u201eJe ale pot\u0159eba k&nbsp;tomu vychovat psa i jeho p\u00e1na.\u201c Tak touhle v\u011btou za\u010d\u00edn\u00e1 cel\u00e9 pov\u00edd\u00e1n\u00ed karavanistka La\u010fka, majitelka Artu\u0161e, se kterou jsme t\u00e9ma ps\u00ed kempov\u00e1n\u00ed prob\u00edraly. Tomu jsme se u\u017e ostatn\u011b v\u011bnovaly v&nbsp;p\u0159echoz\u00edm \u010dl\u00e1nku. zakladni-informace Nicm\u00e9n\u011b tady to m\u00e1te je\u0161t\u011b p\u0159\u00edmo z&nbsp;pohledu na konci vod\u00edtka \u2013 od cestovatelky, kter\u00e1 ned\u00e1 bez sv\u00e9ho par\u0165\u00e1ka ani r\u00e1nu. [&hellip;]<\/p>\n","protected":false},"author":161,"featured_media":86277,"comment_status":"closed","ping_status":"open","sticky":false,"template":"","format":"standard","meta":{"_monsterinsights_skip_tracking":false,"_monsterinsights_sitenote_active":false,"_monsterinsights_sitenote_note":"","_monsterinsights_sitenote_category":0,"footnotes":""},"categories":[368,422,8209],"tags":[343],"class_list":{"0":"post-86266","1":"post","2":"type-post","3":"status-publish","4":"format-standard","5":"has-post-thumbnail","7":"category-magazin_all4camper","8":"category-novinky-kempovani-a-karavaning","9":"category-rady-tipy-informace","10":"tag-rozhovory"},"yoast_head":"<!-- This site is optimized with the Yoast SEO plugin v27.4 - https:\/\/yoast.com\/product\/yoast-seo-wordpress\/ -->\n<title>Kempovat s ps\u00edm mil\u00e1\u010dkem? Pro\u010d ne! - All4Camper<\/title>\n<meta name=\"description\" content=\"All4Camper - Kempovat s ps\u00edm mil\u00e1\u010dkem? Pro\u010d ne!\" \/>\n<meta name=\"robots\" content=\"index, follow, max-snippet:-1, max-image-preview:large, max-video-preview:-1\" \/>\n<link rel=\"canonical\" href=\"https:\/\/all4camper.com\/cs\/kempovat-s-psim-milackem-proc-ne\/\" \/>\n<meta property=\"og:locale\" content=\"cs_CZ\" \/>\n<meta property=\"og:type\" content=\"article\" \/>\n<meta property=\"og:title\" content=\"Kempovat s ps\u00edm mil\u00e1\u010dkem? Pro\u010d ne! - All4Camper\" \/>\n<meta property=\"og:description\" content=\"All4Camper - Kempovat s ps\u00edm mil\u00e1\u010dkem? Pro\u010d ne!\" \/>\n<meta property=\"og:url\" content=\"https:\/\/all4camper.com\/cs\/kempovat-s-psim-milackem-proc-ne\/\" \/>\n<meta property=\"og:site_name\" content=\"All4Camper\" \/>\n<meta property=\"article:published_time\" content=\"2020-05-13T07:51:45+00:00\" \/>\n<meta property=\"article:modified_time\" content=\"2022-12-13T14:08:13+00:00\" \/>\n<meta property=\"og:image\" content=\"https:\/\/all4camper.com\/wp-content\/uploads\/2020\/05\/P7193856.jpg\" \/>\n\t<meta property=\"og:image:width\" content=\"1000\" \/>\n\t<meta property=\"og:image:height\" content=\"750\" \/>\n\t<meta property=\"og:image:type\" content=\"image\/jpeg\" \/>\n<meta name=\"author\" content=\"Kate\u0159ina\" \/>\n<meta name=\"twitter:card\" content=\"summary_large_image\" \/>\n<meta name=\"twitter:label1\" content=\"Napsal(a)\" \/>\n\t<meta name=\"twitter:data1\" content=\"Kate\u0159ina\" \/>\n\t<meta name=\"twitter:label2\" content=\"Odhadovan\u00e1 doba \u010dten\u00ed\" \/>\n\t<meta name=\"twitter:data2\" content=\"3 minuty\" \/>\n<script type=\"application\/ld+json\" class=\"yoast-schema-graph\">{\"@context\":\"https:\\\/\\\/schema.org\",\"@graph\":[{\"@type\":\"Article\",\"@id\":\"https:\\\/\\\/all4camper.com\\\/cs\\\/kempovat-s-psim-milackem-proc-ne\\\/#article\",\"isPartOf\":{\"@id\":\"https:\\\/\\\/all4camper.com\\\/cs\\\/kempovat-s-psim-milackem-proc-ne\\\/\"},\"author\":{\"name\":\"Kate\u0159ina\",\"@id\":\"https:\\\/\\\/all4camper.com\\\/cs\\\/#\\\/schema\\\/person\\\/9349489688d4c221ca0fc39ae6bcb70b\"},\"headline\":\"Kempovat s ps\u00edm mil\u00e1\u010dkem? Pro\u010d ne!\",\"datePublished\":\"2020-05-13T07:51:45+00:00\",\"dateModified\":\"2022-12-13T14:08:13+00:00\",\"mainEntityOfPage\":{\"@id\":\"https:\\\/\\\/all4camper.com\\\/cs\\\/kempovat-s-psim-milackem-proc-ne\\\/\"},\"wordCount\":636,\"publisher\":{\"@id\":\"https:\\\/\\\/all4camper.com\\\/cs\\\/#organization\"},\"image\":{\"@id\":\"https:\\\/\\\/all4camper.com\\\/cs\\\/kempovat-s-psim-milackem-proc-ne\\\/#primaryimage\"},\"thumbnailUrl\":\"https:\\\/\\\/all4camper.com\\\/wp-content\\\/uploads\\\/2020\\\/05\\\/P7193856.jpg\",\"keywords\":[\"Rozhovory\"],\"articleSection\":[\"\u010cten\u00ed na cesty\",\"Novinky - Kempov\u00e1n\u00ed a karavaning\",\"Rady, tipy, informace\"],\"inLanguage\":\"cs\"},{\"@type\":\"WebPage\",\"@id\":\"https:\\\/\\\/all4camper.com\\\/cs\\\/kempovat-s-psim-milackem-proc-ne\\\/\",\"url\":\"https:\\\/\\\/all4camper.com\\\/cs\\\/kempovat-s-psim-milackem-proc-ne\\\/\",\"name\":\"Kempovat s ps\u00edm mil\u00e1\u010dkem? Pro\u010d ne! - All4Camper\",\"isPartOf\":{\"@id\":\"https:\\\/\\\/all4camper.com\\\/cs\\\/#website\"},\"primaryImageOfPage\":{\"@id\":\"https:\\\/\\\/all4camper.com\\\/cs\\\/kempovat-s-psim-milackem-proc-ne\\\/#primaryimage\"},\"image\":{\"@id\":\"https:\\\/\\\/all4camper.com\\\/cs\\\/kempovat-s-psim-milackem-proc-ne\\\/#primaryimage\"},\"thumbnailUrl\":\"https:\\\/\\\/all4camper.com\\\/wp-content\\\/uploads\\\/2020\\\/05\\\/P7193856.jpg\",\"datePublished\":\"2020-05-13T07:51:45+00:00\",\"dateModified\":\"2022-12-13T14:08:13+00:00\",\"description\":\"All4Camper - Kempovat s ps\u00edm mil\u00e1\u010dkem? Pro\u010d ne!\",\"breadcrumb\":{\"@id\":\"https:\\\/\\\/all4camper.com\\\/cs\\\/kempovat-s-psim-milackem-proc-ne\\\/#breadcrumb\"},\"inLanguage\":\"cs\",\"potentialAction\":[{\"@type\":\"ReadAction\",\"target\":[\"https:\\\/\\\/all4camper.com\\\/cs\\\/kempovat-s-psim-milackem-proc-ne\\\/\"]}]},{\"@type\":\"ImageObject\",\"inLanguage\":\"cs\",\"@id\":\"https:\\\/\\\/all4camper.com\\\/cs\\\/kempovat-s-psim-milackem-proc-ne\\\/#primaryimage\",\"url\":\"https:\\\/\\\/all4camper.com\\\/wp-content\\\/uploads\\\/2020\\\/05\\\/P7193856.jpg\",\"contentUrl\":\"https:\\\/\\\/all4camper.com\\\/wp-content\\\/uploads\\\/2020\\\/05\\\/P7193856.jpg\",\"width\":1000,\"height\":750},{\"@type\":\"BreadcrumbList\",\"@id\":\"https:\\\/\\\/all4camper.com\\\/cs\\\/kempovat-s-psim-milackem-proc-ne\\\/#breadcrumb\",\"itemListElement\":[{\"@type\":\"ListItem\",\"position\":1,\"name\":\"Dom\u016f\",\"item\":\"https:\\\/\\\/all4camper.com\\\/cs\\\/\"},{\"@type\":\"ListItem\",\"position\":2,\"name\":\"\u010cten\u00ed na cesty\",\"item\":\"https:\\\/\\\/all4camper.com\\\/cs\\\/category\\\/magazin_all4camper\\\/\"},{\"@type\":\"ListItem\",\"position\":3,\"name\":\"Kempovat s ps\u00edm mil\u00e1\u010dkem? Pro\u010d ne!\"}]},{\"@type\":\"WebSite\",\"@id\":\"https:\\\/\\\/all4camper.com\\\/cs\\\/#website\",\"url\":\"https:\\\/\\\/all4camper.com\\\/cs\\\/\",\"name\":\"All4Camper\",\"description\":\"Nejv\u011bt\u0161\u00ed online magaz\u00edn o kempov\u00e1n\u00ed a karavaninku. V\u00edce jak 900 \u010dl\u00e1nk\u016f pln\u00fdch rad a tip\u016f o kempech a kempov\u00e1n\u00ed.\",\"publisher\":{\"@id\":\"https:\\\/\\\/all4camper.com\\\/cs\\\/#organization\"},\"potentialAction\":[{\"@type\":\"SearchAction\",\"target\":{\"@type\":\"EntryPoint\",\"urlTemplate\":\"https:\\\/\\\/all4camper.com\\\/cs\\\/?s={search_term_string}\"},\"query-input\":{\"@type\":\"PropertyValueSpecification\",\"valueRequired\":true,\"valueName\":\"search_term_string\"}}],\"inLanguage\":\"cs\"},{\"@type\":\"Organization\",\"@id\":\"https:\\\/\\\/all4camper.com\\\/cs\\\/#organization\",\"name\":\"All4Camper - kempujeme s Kl\u00e1rou\",\"url\":\"https:\\\/\\\/all4camper.com\\\/cs\\\/\",\"logo\":{\"@type\":\"ImageObject\",\"inLanguage\":\"cs\",\"@id\":\"https:\\\/\\\/all4camper.com\\\/cs\\\/#\\\/schema\\\/logo\\\/image\\\/\",\"url\":\"https:\\\/\\\/all4camper.com\\\/wp-content\\\/uploads\\\/2018\\\/09\\\/novelogo.png\",\"contentUrl\":\"https:\\\/\\\/all4camper.com\\\/wp-content\\\/uploads\\\/2018\\\/09\\\/novelogo.png\",\"width\":1520,\"height\":600,\"caption\":\"All4Camper - kempujeme s Kl\u00e1rou\"},\"image\":{\"@id\":\"https:\\\/\\\/all4camper.com\\\/cs\\\/#\\\/schema\\\/logo\\\/image\\\/\"}},{\"@type\":\"Person\",\"@id\":\"https:\\\/\\\/all4camper.com\\\/cs\\\/#\\\/schema\\\/person\\\/9349489688d4c221ca0fc39ae6bcb70b\",\"name\":\"Kate\u0159ina\",\"url\":\"https:\\\/\\\/all4camper.com\\\/cs\\\/author\\\/kterina\\\/\"}]}<\/script>\n<!-- \/ Yoast SEO plugin. -->","yoast_head_json":{"title":"Kempovat s ps\u00edm mil\u00e1\u010dkem? Pro\u010d ne! - All4Camper","description":"All4Camper - Kempovat s ps\u00edm mil\u00e1\u010dkem? Pro\u010d ne!","robots":{"index":"index","follow":"follow","max-snippet":"max-snippet:-1","max-image-preview":"max-image-preview:large","max-video-preview":"max-video-preview:-1"},"canonical":"https:\/\/all4camper.com\/cs\/kempovat-s-psim-milackem-proc-ne\/","og_locale":"cs_CZ","og_type":"article","og_title":"Kempovat s ps\u00edm mil\u00e1\u010dkem? Pro\u010d ne! - All4Camper","og_description":"All4Camper - Kempovat s ps\u00edm mil\u00e1\u010dkem? Pro\u010d ne!","og_url":"https:\/\/all4camper.com\/cs\/kempovat-s-psim-milackem-proc-ne\/","og_site_name":"All4Camper","article_published_time":"2020-05-13T07:51:45+00:00","article_modified_time":"2022-12-13T14:08:13+00:00","og_image":[{"width":1000,"height":750,"url":"https:\/\/all4camper.com\/wp-content\/uploads\/2020\/05\/P7193856.jpg","type":"image\/jpeg"}],"author":"Kate\u0159ina","twitter_card":"summary_large_image","twitter_misc":{"Napsal(a)":"Kate\u0159ina","Odhadovan\u00e1 doba \u010dten\u00ed":"3 minuty"},"schema":{"@context":"https:\/\/schema.org","@graph":[{"@type":"Article","@id":"https:\/\/all4camper.com\/cs\/kempovat-s-psim-milackem-proc-ne\/#article","isPartOf":{"@id":"https:\/\/all4camper.com\/cs\/kempovat-s-psim-milackem-proc-ne\/"},"author":{"name":"Kate\u0159ina","@id":"https:\/\/all4camper.com\/cs\/#\/schema\/person\/9349489688d4c221ca0fc39ae6bcb70b"},"headline":"Kempovat s ps\u00edm mil\u00e1\u010dkem? Pro\u010d ne!","datePublished":"2020-05-13T07:51:45+00:00","dateModified":"2022-12-13T14:08:13+00:00","mainEntityOfPage":{"@id":"https:\/\/all4camper.com\/cs\/kempovat-s-psim-milackem-proc-ne\/"},"wordCount":636,"publisher":{"@id":"https:\/\/all4camper.com\/cs\/#organization"},"image":{"@id":"https:\/\/all4camper.com\/cs\/kempovat-s-psim-milackem-proc-ne\/#primaryimage"},"thumbnailUrl":"https:\/\/all4camper.com\/wp-content\/uploads\/2020\/05\/P7193856.jpg","keywords":["Rozhovory"],"articleSection":["\u010cten\u00ed na cesty","Novinky - Kempov\u00e1n\u00ed a karavaning","Rady, tipy, informace"],"inLanguage":"cs"},{"@type":"WebPage","@id":"https:\/\/all4camper.com\/cs\/kempovat-s-psim-milackem-proc-ne\/","url":"https:\/\/all4camper.com\/cs\/kempovat-s-psim-milackem-proc-ne\/","name":"Kempovat s ps\u00edm mil\u00e1\u010dkem? Pro\u010d ne! - All4Camper","isPartOf":{"@id":"https:\/\/all4camper.com\/cs\/#website"},"primaryImageOfPage":{"@id":"https:\/\/all4camper.com\/cs\/kempovat-s-psim-milackem-proc-ne\/#primaryimage"},"image":{"@id":"https:\/\/all4camper.com\/cs\/kempovat-s-psim-milackem-proc-ne\/#primaryimage"},"thumbnailUrl":"https:\/\/all4camper.com\/wp-content\/uploads\/2020\/05\/P7193856.jpg","datePublished":"2020-05-13T07:51:45+00:00","dateModified":"2022-12-13T14:08:13+00:00","description":"All4Camper - Kempovat s ps\u00edm mil\u00e1\u010dkem? Pro\u010d ne!","breadcrumb":{"@id":"https:\/\/all4camper.com\/cs\/kempovat-s-psim-milackem-proc-ne\/#breadcrumb"},"inLanguage":"cs","potentialAction":[{"@type":"ReadAction","target":["https:\/\/all4camper.com\/cs\/kempovat-s-psim-milackem-proc-ne\/"]}]},{"@type":"ImageObject","inLanguage":"cs","@id":"https:\/\/all4camper.com\/cs\/kempovat-s-psim-milackem-proc-ne\/#primaryimage","url":"https:\/\/all4camper.com\/wp-content\/uploads\/2020\/05\/P7193856.jpg","contentUrl":"https:\/\/all4camper.com\/wp-content\/uploads\/2020\/05\/P7193856.jpg","width":1000,"height":750},{"@type":"BreadcrumbList","@id":"https:\/\/all4camper.com\/cs\/kempovat-s-psim-milackem-proc-ne\/#breadcrumb","itemListElement":[{"@type":"ListItem","position":1,"name":"Dom\u016f","item":"https:\/\/all4camper.com\/cs\/"},{"@type":"ListItem","position":2,"name":"\u010cten\u00ed na cesty","item":"https:\/\/all4camper.com\/cs\/category\/magazin_all4camper\/"},{"@type":"ListItem","position":3,"name":"Kempovat s ps\u00edm mil\u00e1\u010dkem? Pro\u010d ne!"}]},{"@type":"WebSite","@id":"https:\/\/all4camper.com\/cs\/#website","url":"https:\/\/all4camper.com\/cs\/","name":"All4Camper","description":"Nejv\u011bt\u0161\u00ed online magaz\u00edn o kempov\u00e1n\u00ed a karavaninku. V\u00edce jak 900 \u010dl\u00e1nk\u016f pln\u00fdch rad a tip\u016f o kempech a kempov\u00e1n\u00ed.","publisher":{"@id":"https:\/\/all4camper.com\/cs\/#organization"},"potentialAction":[{"@type":"SearchAction","target":{"@type":"EntryPoint","urlTemplate":"https:\/\/all4camper.com\/cs\/?s={search_term_string}"},"query-input":{"@type":"PropertyValueSpecification","valueRequired":true,"valueName":"search_term_string"}}],"inLanguage":"cs"},{"@type":"Organization","@id":"https:\/\/all4camper.com\/cs\/#organization","name":"All4Camper - kempujeme s Kl\u00e1rou","url":"https:\/\/all4camper.com\/cs\/","logo":{"@type":"ImageObject","inLanguage":"cs","@id":"https:\/\/all4camper.com\/cs\/#\/schema\/logo\/image\/","url":"https:\/\/all4camper.com\/wp-content\/uploads\/2018\/09\/novelogo.png","contentUrl":"https:\/\/all4camper.com\/wp-content\/uploads\/2018\/09\/novelogo.png","width":1520,"height":600,"caption":"All4Camper - kempujeme s Kl\u00e1rou"},"image":{"@id":"https:\/\/all4camper.com\/cs\/#\/schema\/logo\/image\/"}},{"@type":"Person","@id":"https:\/\/all4camper.com\/cs\/#\/schema\/person\/9349489688d4c221ca0fc39ae6bcb70b","name":"Kate\u0159ina","url":"https:\/\/all4camper.com\/cs\/author\/kterina\/"}]}},"_links":{"self":[{"href":"https:\/\/all4camper.com\/cs\/wp-json\/wp\/v2\/posts\/86266","targetHints":{"allow":["GET"]}}],"collection":[{"href":"https:\/\/all4camper.com\/cs\/wp-json\/wp\/v2\/posts"}],"about":[{"href":"https:\/\/all4camper.com\/cs\/wp-json\/wp\/v2\/types\/post"}],"author":[{"embeddable":true,"href":"https:\/\/all4camper.com\/cs\/wp-json\/wp\/v2\/users\/161"}],"replies":[{"embeddable":true,"href":"https:\/\/all4camper.com\/cs\/wp-json\/wp\/v2\/comments?post=86266"}],"version-history":[{"count":0,"href":"https:\/\/all4camper.com\/cs\/wp-json\/wp\/v2\/posts\/86266\/revisions"}],"wp:featuredmedia":[{"embeddable":true,"href":"https:\/\/all4camper.com\/cs\/wp-json\/wp\/v2\/media\/86277"}],"wp:attachment":[{"href":"https:\/\/all4camper.com\/cs\/wp-json\/wp\/v2\/media?parent=86266"}],"wp:term":[{"taxonomy":"category","embeddable":true,"href":"https:\/\/all4camper.com\/cs\/wp-json\/wp\/v2\/categories?post=86266"},{"taxonomy":"post_tag","embeddable":true,"href":"https:\/\/all4camper.com\/cs\/wp-json\/wp\/v2\/tags?post=86266"}],"curies":[{"name":"wp","href":"https:\/\/api.w.org\/{rel}","templated":true}]}}