{"id":86204,"date":"2020-05-04T10:41:06","date_gmt":"2020-05-04T08:41:06","guid":{"rendered":"https:\/\/all4camper.com\/\/?p=86204"},"modified":"2020-05-04T10:44:38","modified_gmt":"2020-05-04T08:44:38","slug":"kempujeme-na-slovenskem-tahiti","status":"publish","type":"post","link":"https:\/\/all4camper.com\/cs\/kempujeme-na-slovenskem-tahiti\/","title":{"rendered":"Kempujeme na Slovensk\u00e9m Tahiti!"},"content":{"rendered":"\n<h4 class=\"wp-block-heading\">Slne\u010dn\u00e9 jazer\u00e1&nbsp;(nebo&nbsp;Seneck\u00e9 jazer\u00e1)&nbsp;je n\u00e1zev turistick\u00e9 lokality ve m\u011bst\u011b Senec (necel\u00fdch 30 kilometr\u016f od Bratislavy). <a aria-label=\" (opens in a new tab)\" href=\"http:\/\/www.slnecnejazera.eu\/\" target=\"_blank\" rel=\"noreferrer noopener\" class=\"aioseop-link\">slnecnejazera<\/a> Vznik tamn\u00edch jezer se datuje do roku 1845, kdy se tu bagroval \u0161t\u011brk pro stavbu \u017eeleznice. P\u011bt p\u016fvodn\u00edch jezer se postupn\u011b slou\u010dilo v&nbsp;jedno ob\u0159\u00ed s rozlohou 80 hektar\u016f a s hloubkou a\u017e 12 metr\u016f. Jako koupali\u0161t\u011b slou\u017e\u00ed od roku 1919 a to s&nbsp;p\u016fvodn\u00edm n\u00e1zvem Slovensk\u00e9 Tahiti. Na nyn\u011bj\u0161\u00ed n\u00e1zev Slune\u010dn\u00ed jezera se p\u0159e\u0161lo v&nbsp;roce 1960. Tato oblast se v&nbsp;l\u00e9t\u011b m\u016f\u017ee pochlubit mimo\u0159\u00e1dn\u011b st\u00e1l\u00fdm a slunn\u00fdm po\u010das\u00edm. A kdyby p\u0159ece jen pr\u0161elo, k&nbsp;dispozici je i velk\u00fd aquapark. <\/h4>\n\n\n\n<figure class=\"wp-block-image size-large\"><img loading=\"lazy\" decoding=\"async\" width=\"1620\" height=\"1080\" src=\"https:\/\/all4camper.com\/\/wp-content\/uploads\/2020\/05\/72784993_1164490070404621_1685868276787183616_o-1620x1080.jpg\" alt=\"\" class=\"wp-image-86205\" srcset=\"https:\/\/all4camper.com\/wp-content\/uploads\/2020\/05\/72784993_1164490070404621_1685868276787183616_o-1620x1080.jpg 1620w, https:\/\/all4camper.com\/wp-content\/uploads\/2020\/05\/72784993_1164490070404621_1685868276787183616_o-300x200.jpg 300w, https:\/\/all4camper.com\/wp-content\/uploads\/2020\/05\/72784993_1164490070404621_1685868276787183616_o-150x100.jpg 150w, https:\/\/all4camper.com\/wp-content\/uploads\/2020\/05\/72784993_1164490070404621_1685868276787183616_o-768x512.jpg 768w, https:\/\/all4camper.com\/wp-content\/uploads\/2020\/05\/72784993_1164490070404621_1685868276787183616_o-1536x1024.jpg 1536w, https:\/\/all4camper.com\/wp-content\/uploads\/2020\/05\/72784993_1164490070404621_1685868276787183616_o.jpg 1900w\" sizes=\"auto, (max-width: 1620px) 100vw, 1620px\" \/><\/figure>\n\n\n\n<h3 class=\"wp-block-heading\">Aquapark Senec<\/h3>\n\n\n\n<p>Tohle je pohodov\u00e9 m\u00edsto pro celou rodinu. <a aria-label=\" (opens in a new tab)\" href=\"https:\/\/www.aquaparksenec.sk\/\" target=\"_blank\" rel=\"noreferrer noopener\" class=\"aioseop-link\">aquaparksenec<\/a> Celoro\u010dn\u011b je tu otev\u0159eno \u0161est baz\u00e9n\u016f a vnit\u0159n\u00ed tobog\u00e1n, v&nbsp;l\u00e9t\u011b se pak p\u0159id\u00e1v\u00e1 dal\u0161\u00edch \u0161est baz\u00e9n\u016f a tobog\u00e1ny hned dva. Teplota v&nbsp;baz\u00e9nech se pak pohybuje v&nbsp;rozmez\u00ed p\u0159\u00edjemn\u00fdch 26 a\u017e 38 \u00b0C. Relaxovat pak m\u016f\u017eete v&nbsp;Sai wellness. <a aria-label=\" (opens in a new tab)\" href=\"https:\/\/www.saiwellness.sk\/\" target=\"_blank\" rel=\"noreferrer noopener\" class=\"aioseop-link\">saiwellness<\/a> Najdete tu nap\u0159\u00edklad osm r\u016fzn\u00fdch saun. <\/p>\n\n\n\n<figure class=\"wp-block-image size-large\"><img loading=\"lazy\" decoding=\"async\" width=\"1200\" height=\"801\" src=\"https:\/\/all4camper.com\/\/wp-content\/uploads\/2020\/05\/DSC_2905.jpg\" alt=\"\" class=\"wp-image-86207\" srcset=\"https:\/\/all4camper.com\/wp-content\/uploads\/2020\/05\/DSC_2905.jpg 1200w, https:\/\/all4camper.com\/wp-content\/uploads\/2020\/05\/DSC_2905-300x200.jpg 300w, https:\/\/all4camper.com\/wp-content\/uploads\/2020\/05\/DSC_2905-150x100.jpg 150w, https:\/\/all4camper.com\/wp-content\/uploads\/2020\/05\/DSC_2905-768x513.jpg 768w\" sizes=\"auto, (max-width: 1200px) 100vw, 1200px\" \/><\/figure>\n\n\n\n<h3 class=\"wp-block-heading\">Kde se ubytovat<\/h3>\n\n\n\n<p>Asi v\u00e1s nep\u0159ekvap\u00ed, \u017ee v&nbsp;kempu. Kam jinam bych v\u00e1s tak\u00e9 brala, \u017ee. V&nbsp;oblasti najdete hned dva. Kemp sever je zam\u011b\u0159en\u00fd na stany. Kemp juh pak i na karavany a obytn\u00e1 auta. Najdete tu celkem 200 m\u00edst ke st\u00e1n\u00ed a ve\u0161ker\u00e9 pot\u0159ebn\u00e9 vybaven\u00ed. P\u0159\u00edmo v&nbsp;are\u00e1lu je i mo\u017enost stravov\u00e1n\u00ed. <a aria-label=\" (opens in a new tab)\" href=\"http:\/\/www.slnecnejazera.eu\/ubytovanie-jazera\/apartmanybungalovkemp\/\" target=\"_blank\" rel=\"noreferrer noopener\" class=\"aioseop-link\">apartmanybungalovkemp<\/a><\/p>\n\n\n\n<figure class=\"wp-block-image size-large\"><img loading=\"lazy\" decoding=\"async\" width=\"1620\" height=\"1080\" src=\"https:\/\/all4camper.com\/\/wp-content\/uploads\/2020\/05\/67904101_1117925305061098_2388745730681470976_o-1620x1080.jpg\" alt=\"\" class=\"wp-image-86208\" srcset=\"https:\/\/all4camper.com\/wp-content\/uploads\/2020\/05\/67904101_1117925305061098_2388745730681470976_o-1620x1080.jpg 1620w, https:\/\/all4camper.com\/wp-content\/uploads\/2020\/05\/67904101_1117925305061098_2388745730681470976_o-300x200.jpg 300w, https:\/\/all4camper.com\/wp-content\/uploads\/2020\/05\/67904101_1117925305061098_2388745730681470976_o-150x100.jpg 150w, https:\/\/all4camper.com\/wp-content\/uploads\/2020\/05\/67904101_1117925305061098_2388745730681470976_o-768x512.jpg 768w, https:\/\/all4camper.com\/wp-content\/uploads\/2020\/05\/67904101_1117925305061098_2388745730681470976_o-1536x1024.jpg 1536w, https:\/\/all4camper.com\/wp-content\/uploads\/2020\/05\/67904101_1117925305061098_2388745730681470976_o.jpg 2048w\" sizes=\"auto, (max-width: 1620px) 100vw, 1620px\" \/><\/figure>\n\n\n\n<h3 class=\"wp-block-heading\">A co je\u0161t\u011b podniknout v&nbsp;okol\u00ed?<\/h3>\n\n\n\n<p>Tak kup\u0159\u00edkladu rafting. Nedaleko Bratislavy v&nbsp;\u010cunov\u011b najdete kan\u00e1l s&nbsp;divokou vodou. <a aria-label=\" (opens in a new tab)\" href=\"https:\/\/eurorafting.sk\/\" target=\"_blank\" rel=\"noreferrer noopener\" class=\"aioseop-link\">eurorafting<\/a> Je tu tak\u00e9 spousta mo\u017enost\u00ed pro cyklistick\u00e9 v\u00fdlety. Mapy najdete tady: <a aria-label=\" (opens in a new tab)\" href=\"http:\/\/www.slnecnejazera.eu\/vylety\/\" target=\"_blank\" rel=\"noreferrer noopener\" class=\"aioseop-link\">vylety<\/a> V&nbsp;bl\u00edzkosti m\u016f\u017eete nav\u0161t\u00edvit i muzeum v\u010dela\u0159stv\u00ed, O\u00e1zu sibi\u0159sk\u00fdch tygr\u016f, jezdeck\u00fd are\u00e1l, leti\u0161t\u011b, kde lze vyzkou\u0161et seskok pad\u00e1kem i golfov\u00e9 h\u0159i\u0161t\u011b. Zkr\u00e1tka spousta z\u00e1bavy, ke kter\u00e9 budete vyr\u00e1\u017eet od par\u00e1dn\u00edho koup\u00e1n\u00ed. I kdy\u017e \u2013 z\u00e1le\u017e\u00ed, jestli se v\u00e1m vlastn\u011b bude cht\u00edt\u2026<\/p>\n\n\n\n<figure class=\"wp-block-image size-large\"><img loading=\"lazy\" decoding=\"async\" width=\"1620\" height=\"1080\" src=\"https:\/\/all4camper.com\/\/wp-content\/uploads\/2020\/05\/30443584_804598006393831_1557312290640887808_o-1620x1080.jpg\" alt=\"\" class=\"wp-image-86209\" srcset=\"https:\/\/all4camper.com\/wp-content\/uploads\/2020\/05\/30443584_804598006393831_1557312290640887808_o-1620x1080.jpg 1620w, https:\/\/all4camper.com\/wp-content\/uploads\/2020\/05\/30443584_804598006393831_1557312290640887808_o-300x200.jpg 300w, https:\/\/all4camper.com\/wp-content\/uploads\/2020\/05\/30443584_804598006393831_1557312290640887808_o-150x100.jpg 150w, https:\/\/all4camper.com\/wp-content\/uploads\/2020\/05\/30443584_804598006393831_1557312290640887808_o-768x512.jpg 768w, https:\/\/all4camper.com\/wp-content\/uploads\/2020\/05\/30443584_804598006393831_1557312290640887808_o-1536x1024.jpg 1536w, https:\/\/all4camper.com\/wp-content\/uploads\/2020\/05\/30443584_804598006393831_1557312290640887808_o.jpg 2048w\" sizes=\"auto, (max-width: 1620px) 100vw, 1620px\" \/><\/figure>\n","protected":false},"excerpt":{"rendered":"<p>Slne\u010dn\u00e9 jazer\u00e1&nbsp;(nebo&nbsp;Seneck\u00e9 jazer\u00e1)&nbsp;je n\u00e1zev turistick\u00e9 lokality ve m\u011bst\u011b Senec (necel\u00fdch 30 kilometr\u016f od Bratislavy). slnecnejazera Vznik tamn\u00edch jezer se datuje do roku 1845, kdy se tu bagroval \u0161t\u011brk pro stavbu \u017eeleznice. P\u011bt p\u016fvodn\u00edch jezer se postupn\u011b slou\u010dilo v&nbsp;jedno ob\u0159\u00ed s rozlohou 80 hektar\u016f a s hloubkou a\u017e 12 metr\u016f. Jako koupali\u0161t\u011b slou\u017e\u00ed od roku 1919 [&hellip;]<\/p>\n","protected":false},"author":161,"featured_media":86212,"comment_status":"closed","ping_status":"open","sticky":false,"template":"","format":"standard","meta":{"_monsterinsights_skip_tracking":false,"_monsterinsights_sitenote_active":false,"_monsterinsights_sitenote_note":"","_monsterinsights_sitenote_category":0,"footnotes":""},"categories":[422,2373,342],"tags":[89,80],"class_list":{"0":"post-86204","1":"post","2":"type-post","3":"status-publish","4":"format-standard","5":"has-post-thumbnail","7":"category-novinky-kempovani-a-karavaning","8":"category-ostatni-zeme","9":"category-termalni-lazne-a-aquaparky-zabavni-parky","10":"tag-aquapark","11":"tag-slovensko"},"yoast_head":"<!-- This site is optimized with the Yoast SEO plugin v27.5 - https:\/\/yoast.com\/product\/yoast-seo-wordpress\/ -->\n<title>Kempujeme na Slovensk\u00e9m Tahiti! - All4Camper<\/title>\n<meta name=\"description\" content=\"All4Camper - Kempujeme na Slovensk\u00e9m Tahiti!\" \/>\n<meta name=\"robots\" content=\"index, follow, max-snippet:-1, max-image-preview:large, max-video-preview:-1\" \/>\n<link rel=\"canonical\" href=\"https:\/\/all4camper.com\/cs\/kempujeme-na-slovenskem-tahiti\/\" \/>\n<meta property=\"og:locale\" content=\"cs_CZ\" \/>\n<meta property=\"og:type\" content=\"article\" \/>\n<meta property=\"og:title\" content=\"Kempujeme na Slovensk\u00e9m Tahiti! - All4Camper\" \/>\n<meta property=\"og:description\" content=\"All4Camper - Kempujeme na Slovensk\u00e9m Tahiti!\" \/>\n<meta property=\"og:url\" content=\"https:\/\/all4camper.com\/cs\/kempujeme-na-slovenskem-tahiti\/\" \/>\n<meta property=\"og:site_name\" content=\"All4Camper\" \/>\n<meta property=\"article:published_time\" content=\"2020-05-04T08:41:06+00:00\" \/>\n<meta property=\"article:modified_time\" content=\"2020-05-04T08:44:38+00:00\" \/>\n<meta property=\"og:image\" content=\"https:\/\/all4camper.com\/wp-content\/uploads\/2020\/05\/Tahiti-zmens\u030ceny\u0301.jpg\" \/>\n\t<meta property=\"og:image:width\" content=\"1200\" \/>\n\t<meta property=\"og:image:height\" content=\"700\" \/>\n\t<meta property=\"og:image:type\" content=\"image\/jpeg\" \/>\n<meta name=\"author\" content=\"Kate\u0159ina\" \/>\n<meta name=\"twitter:card\" content=\"summary_large_image\" \/>\n<meta name=\"twitter:label1\" content=\"Napsal(a)\" \/>\n\t<meta name=\"twitter:data1\" content=\"Kate\u0159ina\" \/>\n\t<meta name=\"twitter:label2\" content=\"Odhadovan\u00e1 doba \u010dten\u00ed\" \/>\n\t<meta name=\"twitter:data2\" content=\"2 minuty\" \/>\n<script type=\"application\/ld+json\" class=\"yoast-schema-graph\">{\"@context\":\"https:\\\/\\\/schema.org\",\"@graph\":[{\"@type\":\"Article\",\"@id\":\"https:\\\/\\\/all4camper.com\\\/cs\\\/kempujeme-na-slovenskem-tahiti\\\/#article\",\"isPartOf\":{\"@id\":\"https:\\\/\\\/all4camper.com\\\/cs\\\/kempujeme-na-slovenskem-tahiti\\\/\"},\"author\":{\"name\":\"Kate\u0159ina\",\"@id\":\"https:\\\/\\\/all4camper.com\\\/cs\\\/#\\\/schema\\\/person\\\/9349489688d4c221ca0fc39ae6bcb70b\"},\"headline\":\"Kempujeme na Slovensk\u00e9m Tahiti!\",\"datePublished\":\"2020-05-04T08:41:06+00:00\",\"dateModified\":\"2020-05-04T08:44:38+00:00\",\"mainEntityOfPage\":{\"@id\":\"https:\\\/\\\/all4camper.com\\\/cs\\\/kempujeme-na-slovenskem-tahiti\\\/\"},\"wordCount\":386,\"publisher\":{\"@id\":\"https:\\\/\\\/all4camper.com\\\/cs\\\/#organization\"},\"image\":{\"@id\":\"https:\\\/\\\/all4camper.com\\\/cs\\\/kempujeme-na-slovenskem-tahiti\\\/#primaryimage\"},\"thumbnailUrl\":\"https:\\\/\\\/all4camper.com\\\/wp-content\\\/uploads\\\/2020\\\/05\\\/Tahiti-zmens\u030ceny\u0301.jpg\",\"keywords\":[\"aquapark\",\"Slovensko\"],\"articleSection\":[\"Novinky - Kempov\u00e1n\u00ed a karavaning\",\"Ostatn\u00ed zem\u011b\",\"Term\u00e1ln\u00ed l\u00e1zn\u011b, akvaparky a z\u00e1bavn\u00ed parky\"],\"inLanguage\":\"cs\"},{\"@type\":\"WebPage\",\"@id\":\"https:\\\/\\\/all4camper.com\\\/cs\\\/kempujeme-na-slovenskem-tahiti\\\/\",\"url\":\"https:\\\/\\\/all4camper.com\\\/cs\\\/kempujeme-na-slovenskem-tahiti\\\/\",\"name\":\"Kempujeme na Slovensk\u00e9m Tahiti! - All4Camper\",\"isPartOf\":{\"@id\":\"https:\\\/\\\/all4camper.com\\\/cs\\\/#website\"},\"primaryImageOfPage\":{\"@id\":\"https:\\\/\\\/all4camper.com\\\/cs\\\/kempujeme-na-slovenskem-tahiti\\\/#primaryimage\"},\"image\":{\"@id\":\"https:\\\/\\\/all4camper.com\\\/cs\\\/kempujeme-na-slovenskem-tahiti\\\/#primaryimage\"},\"thumbnailUrl\":\"https:\\\/\\\/all4camper.com\\\/wp-content\\\/uploads\\\/2020\\\/05\\\/Tahiti-zmens\u030ceny\u0301.jpg\",\"datePublished\":\"2020-05-04T08:41:06+00:00\",\"dateModified\":\"2020-05-04T08:44:38+00:00\",\"description\":\"All4Camper - Kempujeme na Slovensk\u00e9m Tahiti!\",\"breadcrumb\":{\"@id\":\"https:\\\/\\\/all4camper.com\\\/cs\\\/kempujeme-na-slovenskem-tahiti\\\/#breadcrumb\"},\"inLanguage\":\"cs\",\"potentialAction\":[{\"@type\":\"ReadAction\",\"target\":[\"https:\\\/\\\/all4camper.com\\\/cs\\\/kempujeme-na-slovenskem-tahiti\\\/\"]}]},{\"@type\":\"ImageObject\",\"inLanguage\":\"cs\",\"@id\":\"https:\\\/\\\/all4camper.com\\\/cs\\\/kempujeme-na-slovenskem-tahiti\\\/#primaryimage\",\"url\":\"https:\\\/\\\/all4camper.com\\\/wp-content\\\/uploads\\\/2020\\\/05\\\/Tahiti-zmens\u030ceny\u0301.jpg\",\"contentUrl\":\"https:\\\/\\\/all4camper.com\\\/wp-content\\\/uploads\\\/2020\\\/05\\\/Tahiti-zmens\u030ceny\u0301.jpg\",\"width\":1200,\"height\":700},{\"@type\":\"BreadcrumbList\",\"@id\":\"https:\\\/\\\/all4camper.com\\\/cs\\\/kempujeme-na-slovenskem-tahiti\\\/#breadcrumb\",\"itemListElement\":[{\"@type\":\"ListItem\",\"position\":1,\"name\":\"Dom\u016f\",\"item\":\"https:\\\/\\\/all4camper.com\\\/cs\\\/\"},{\"@type\":\"ListItem\",\"position\":2,\"name\":\"Novinky - Kempov\u00e1n\u00ed a karavaning\",\"item\":\"https:\\\/\\\/all4camper.com\\\/cs\\\/category\\\/novinky-kempovani-a-karavaning\\\/\"},{\"@type\":\"ListItem\",\"position\":3,\"name\":\"Kempujeme na Slovensk\u00e9m Tahiti!\"}]},{\"@type\":\"WebSite\",\"@id\":\"https:\\\/\\\/all4camper.com\\\/cs\\\/#website\",\"url\":\"https:\\\/\\\/all4camper.com\\\/cs\\\/\",\"name\":\"All4Camper\",\"description\":\"Nejv\u011bt\u0161\u00ed online magaz\u00edn o kempov\u00e1n\u00ed a karavaninku. V\u00edce jak 900 \u010dl\u00e1nk\u016f pln\u00fdch rad a tip\u016f o kempech a kempov\u00e1n\u00ed.\",\"publisher\":{\"@id\":\"https:\\\/\\\/all4camper.com\\\/cs\\\/#organization\"},\"potentialAction\":[{\"@type\":\"SearchAction\",\"target\":{\"@type\":\"EntryPoint\",\"urlTemplate\":\"https:\\\/\\\/all4camper.com\\\/cs\\\/?s={search_term_string}\"},\"query-input\":{\"@type\":\"PropertyValueSpecification\",\"valueRequired\":true,\"valueName\":\"search_term_string\"}}],\"inLanguage\":\"cs\"},{\"@type\":\"Organization\",\"@id\":\"https:\\\/\\\/all4camper.com\\\/cs\\\/#organization\",\"name\":\"All4Camper - kempujeme s Kl\u00e1rou\",\"url\":\"https:\\\/\\\/all4camper.com\\\/cs\\\/\",\"logo\":{\"@type\":\"ImageObject\",\"inLanguage\":\"cs\",\"@id\":\"https:\\\/\\\/all4camper.com\\\/cs\\\/#\\\/schema\\\/logo\\\/image\\\/\",\"url\":\"https:\\\/\\\/all4camper.com\\\/wp-content\\\/uploads\\\/2018\\\/09\\\/novelogo.png\",\"contentUrl\":\"https:\\\/\\\/all4camper.com\\\/wp-content\\\/uploads\\\/2018\\\/09\\\/novelogo.png\",\"width\":1520,\"height\":600,\"caption\":\"All4Camper - kempujeme s Kl\u00e1rou\"},\"image\":{\"@id\":\"https:\\\/\\\/all4camper.com\\\/cs\\\/#\\\/schema\\\/logo\\\/image\\\/\"}},{\"@type\":\"Person\",\"@id\":\"https:\\\/\\\/all4camper.com\\\/cs\\\/#\\\/schema\\\/person\\\/9349489688d4c221ca0fc39ae6bcb70b\",\"name\":\"Kate\u0159ina\",\"url\":\"https:\\\/\\\/all4camper.com\\\/cs\\\/author\\\/kterina\\\/\"}]}<\/script>\n<!-- \/ Yoast SEO plugin. -->","yoast_head_json":{"title":"Kempujeme na Slovensk\u00e9m Tahiti! - All4Camper","description":"All4Camper - Kempujeme na Slovensk\u00e9m Tahiti!","robots":{"index":"index","follow":"follow","max-snippet":"max-snippet:-1","max-image-preview":"max-image-preview:large","max-video-preview":"max-video-preview:-1"},"canonical":"https:\/\/all4camper.com\/cs\/kempujeme-na-slovenskem-tahiti\/","og_locale":"cs_CZ","og_type":"article","og_title":"Kempujeme na Slovensk\u00e9m Tahiti! - All4Camper","og_description":"All4Camper - Kempujeme na Slovensk\u00e9m Tahiti!","og_url":"https:\/\/all4camper.com\/cs\/kempujeme-na-slovenskem-tahiti\/","og_site_name":"All4Camper","article_published_time":"2020-05-04T08:41:06+00:00","article_modified_time":"2020-05-04T08:44:38+00:00","og_image":[{"width":1200,"height":700,"url":"https:\/\/all4camper.com\/wp-content\/uploads\/2020\/05\/Tahiti-zmens\u030ceny\u0301.jpg","type":"image\/jpeg"}],"author":"Kate\u0159ina","twitter_card":"summary_large_image","twitter_misc":{"Napsal(a)":"Kate\u0159ina","Odhadovan\u00e1 doba \u010dten\u00ed":"2 minuty"},"schema":{"@context":"https:\/\/schema.org","@graph":[{"@type":"Article","@id":"https:\/\/all4camper.com\/cs\/kempujeme-na-slovenskem-tahiti\/#article","isPartOf":{"@id":"https:\/\/all4camper.com\/cs\/kempujeme-na-slovenskem-tahiti\/"},"author":{"name":"Kate\u0159ina","@id":"https:\/\/all4camper.com\/cs\/#\/schema\/person\/9349489688d4c221ca0fc39ae6bcb70b"},"headline":"Kempujeme na Slovensk\u00e9m Tahiti!","datePublished":"2020-05-04T08:41:06+00:00","dateModified":"2020-05-04T08:44:38+00:00","mainEntityOfPage":{"@id":"https:\/\/all4camper.com\/cs\/kempujeme-na-slovenskem-tahiti\/"},"wordCount":386,"publisher":{"@id":"https:\/\/all4camper.com\/cs\/#organization"},"image":{"@id":"https:\/\/all4camper.com\/cs\/kempujeme-na-slovenskem-tahiti\/#primaryimage"},"thumbnailUrl":"https:\/\/all4camper.com\/wp-content\/uploads\/2020\/05\/Tahiti-zmens\u030ceny\u0301.jpg","keywords":["aquapark","Slovensko"],"articleSection":["Novinky - Kempov\u00e1n\u00ed a karavaning","Ostatn\u00ed zem\u011b","Term\u00e1ln\u00ed l\u00e1zn\u011b, akvaparky a z\u00e1bavn\u00ed parky"],"inLanguage":"cs"},{"@type":"WebPage","@id":"https:\/\/all4camper.com\/cs\/kempujeme-na-slovenskem-tahiti\/","url":"https:\/\/all4camper.com\/cs\/kempujeme-na-slovenskem-tahiti\/","name":"Kempujeme na Slovensk\u00e9m Tahiti! - All4Camper","isPartOf":{"@id":"https:\/\/all4camper.com\/cs\/#website"},"primaryImageOfPage":{"@id":"https:\/\/all4camper.com\/cs\/kempujeme-na-slovenskem-tahiti\/#primaryimage"},"image":{"@id":"https:\/\/all4camper.com\/cs\/kempujeme-na-slovenskem-tahiti\/#primaryimage"},"thumbnailUrl":"https:\/\/all4camper.com\/wp-content\/uploads\/2020\/05\/Tahiti-zmens\u030ceny\u0301.jpg","datePublished":"2020-05-04T08:41:06+00:00","dateModified":"2020-05-04T08:44:38+00:00","description":"All4Camper - Kempujeme na Slovensk\u00e9m Tahiti!","breadcrumb":{"@id":"https:\/\/all4camper.com\/cs\/kempujeme-na-slovenskem-tahiti\/#breadcrumb"},"inLanguage":"cs","potentialAction":[{"@type":"ReadAction","target":["https:\/\/all4camper.com\/cs\/kempujeme-na-slovenskem-tahiti\/"]}]},{"@type":"ImageObject","inLanguage":"cs","@id":"https:\/\/all4camper.com\/cs\/kempujeme-na-slovenskem-tahiti\/#primaryimage","url":"https:\/\/all4camper.com\/wp-content\/uploads\/2020\/05\/Tahiti-zmens\u030ceny\u0301.jpg","contentUrl":"https:\/\/all4camper.com\/wp-content\/uploads\/2020\/05\/Tahiti-zmens\u030ceny\u0301.jpg","width":1200,"height":700},{"@type":"BreadcrumbList","@id":"https:\/\/all4camper.com\/cs\/kempujeme-na-slovenskem-tahiti\/#breadcrumb","itemListElement":[{"@type":"ListItem","position":1,"name":"Dom\u016f","item":"https:\/\/all4camper.com\/cs\/"},{"@type":"ListItem","position":2,"name":"Novinky - Kempov\u00e1n\u00ed a karavaning","item":"https:\/\/all4camper.com\/cs\/category\/novinky-kempovani-a-karavaning\/"},{"@type":"ListItem","position":3,"name":"Kempujeme na Slovensk\u00e9m Tahiti!"}]},{"@type":"WebSite","@id":"https:\/\/all4camper.com\/cs\/#website","url":"https:\/\/all4camper.com\/cs\/","name":"All4Camper","description":"Nejv\u011bt\u0161\u00ed online magaz\u00edn o kempov\u00e1n\u00ed a karavaninku. V\u00edce jak 900 \u010dl\u00e1nk\u016f pln\u00fdch rad a tip\u016f o kempech a kempov\u00e1n\u00ed.","publisher":{"@id":"https:\/\/all4camper.com\/cs\/#organization"},"potentialAction":[{"@type":"SearchAction","target":{"@type":"EntryPoint","urlTemplate":"https:\/\/all4camper.com\/cs\/?s={search_term_string}"},"query-input":{"@type":"PropertyValueSpecification","valueRequired":true,"valueName":"search_term_string"}}],"inLanguage":"cs"},{"@type":"Organization","@id":"https:\/\/all4camper.com\/cs\/#organization","name":"All4Camper - kempujeme s Kl\u00e1rou","url":"https:\/\/all4camper.com\/cs\/","logo":{"@type":"ImageObject","inLanguage":"cs","@id":"https:\/\/all4camper.com\/cs\/#\/schema\/logo\/image\/","url":"https:\/\/all4camper.com\/wp-content\/uploads\/2018\/09\/novelogo.png","contentUrl":"https:\/\/all4camper.com\/wp-content\/uploads\/2018\/09\/novelogo.png","width":1520,"height":600,"caption":"All4Camper - kempujeme s Kl\u00e1rou"},"image":{"@id":"https:\/\/all4camper.com\/cs\/#\/schema\/logo\/image\/"}},{"@type":"Person","@id":"https:\/\/all4camper.com\/cs\/#\/schema\/person\/9349489688d4c221ca0fc39ae6bcb70b","name":"Kate\u0159ina","url":"https:\/\/all4camper.com\/cs\/author\/kterina\/"}]}},"_links":{"self":[{"href":"https:\/\/all4camper.com\/cs\/wp-json\/wp\/v2\/posts\/86204","targetHints":{"allow":["GET"]}}],"collection":[{"href":"https:\/\/all4camper.com\/cs\/wp-json\/wp\/v2\/posts"}],"about":[{"href":"https:\/\/all4camper.com\/cs\/wp-json\/wp\/v2\/types\/post"}],"author":[{"embeddable":true,"href":"https:\/\/all4camper.com\/cs\/wp-json\/wp\/v2\/users\/161"}],"replies":[{"embeddable":true,"href":"https:\/\/all4camper.com\/cs\/wp-json\/wp\/v2\/comments?post=86204"}],"version-history":[{"count":0,"href":"https:\/\/all4camper.com\/cs\/wp-json\/wp\/v2\/posts\/86204\/revisions"}],"wp:featuredmedia":[{"embeddable":true,"href":"https:\/\/all4camper.com\/cs\/wp-json\/wp\/v2\/media\/86212"}],"wp:attachment":[{"href":"https:\/\/all4camper.com\/cs\/wp-json\/wp\/v2\/media?parent=86204"}],"wp:term":[{"taxonomy":"category","embeddable":true,"href":"https:\/\/all4camper.com\/cs\/wp-json\/wp\/v2\/categories?post=86204"},{"taxonomy":"post_tag","embeddable":true,"href":"https:\/\/all4camper.com\/cs\/wp-json\/wp\/v2\/tags?post=86204"}],"curies":[{"name":"wp","href":"https:\/\/api.w.org\/{rel}","templated":true}]}}