{"id":85579,"date":"2020-03-20T09:56:35","date_gmt":"2020-03-20T08:56:35","guid":{"rendered":"https:\/\/all4camper.com\/\/?p=85579"},"modified":"2020-03-20T09:57:10","modified_gmt":"2020-03-20T08:57:10","slug":"jak-vyuzit-obytne-auto-v-case-koronaviru-nekolik-zajimavych-napadu","status":"publish","type":"post","link":"https:\/\/all4camper.com\/cs\/jak-vyuzit-obytne-auto-v-case-koronaviru-nekolik-zajimavych-napadu\/","title":{"rendered":"Jak vyu\u017e\u00edt obytn\u00e9 auto v \u010dase koronaviru &#8211; n\u011bkolik zaj\u00edmav\u00fdch n\u00e1pad\u016f"},"content":{"rendered":"\n<h4 class=\"wp-block-heading\"><strong>Tahle doba je velice n\u00e1ro\u010dn\u00e1, smutn\u00e1 a nejist\u00e1. Nikdy nev\u00edme, do jak\u00e9ho sv\u011bta se r\u00e1no probud\u00edme. T\u011b\u0161me se z&nbsp;\u00fa\u017easn\u00e9 solidarity a spolupr\u00e1ce, kterou to vyvolalo. Nezb\u00fdv\u00e1, ne\u017e b\u00fdt ohledupln\u00ed a \u010dekat, a\u017e se v\u0161echno zase postupn\u011b vr\u00e1t\u00ed do norm\u00e1lu. V\u011b\u0159\u00edme, \u017ee co nejd\u0159\u00edve. Nicm\u00e9n\u011b aby ta doba je\u0161t\u011b rychleji utekla, budeme pro v\u00e1s d\u00e1l p\u0159in\u00e1\u0161et \u010dl\u00e1nky, kter\u00e9 budou inspirac\u00ed pro cesty budouc\u00ed, p\u0159\u00edpadn\u011b v\u00e1s alespo\u0148 t\u0159eba rozvesel\u00ed a p\u0159inesou tipy, jak se zabavit. No a z&nbsp;t\u00e9to kategorie je i ten dne\u0161n\u00ed. Kdy\u017e toti\u017e m\u00e1te doma obytn\u00e9 auto \u010di karavan, m\u00e1te to o n\u011bco jednodu\u0161\u00ed ne\u017e v\u0161ichni ostatn\u00ed. Zaprv\u00e9 si ve chv\u00edli, kdy to bude povolen\u00e9 a bezpe\u010dn\u00e9, m\u016f\u017eete ud\u011blat v\u00fdlet mezi prvn\u00edmi, ale je toho mnohem v\u00edce. Poj\u010fme se na to pod\u00edvat.<\/strong><\/h4>\n\n\n\n<figure class=\"wp-block-image size-large\"><img loading=\"lazy\" decoding=\"async\" width=\"1666\" height=\"1080\" src=\"https:\/\/all4camper.com\/\/wp-content\/uploads\/2020\/03\/camping-4610052_1920-1666x1080.jpg\" alt=\"\" class=\"wp-image-85580\" srcset=\"https:\/\/all4camper.com\/wp-content\/uploads\/2020\/03\/camping-4610052_1920-1666x1080.jpg 1666w, https:\/\/all4camper.com\/wp-content\/uploads\/2020\/03\/camping-4610052_1920-300x195.jpg 300w, https:\/\/all4camper.com\/wp-content\/uploads\/2020\/03\/camping-4610052_1920-150x97.jpg 150w, https:\/\/all4camper.com\/wp-content\/uploads\/2020\/03\/camping-4610052_1920-768x498.jpg 768w, https:\/\/all4camper.com\/wp-content\/uploads\/2020\/03\/camping-4610052_1920-1536x996.jpg 1536w, https:\/\/all4camper.com\/wp-content\/uploads\/2020\/03\/camping-4610052_1920.jpg 1920w\" sizes=\"auto, (max-width: 1666px) 100vw, 1666px\" \/><\/figure>\n\n\n\n<h3 class=\"wp-block-heading\"><strong>Kempa\u0159sk\u00fd homeoffice<\/strong><\/h3>\n\n\n\n<p>Ti z&nbsp;n\u00e1s, kte\u0159\u00ed maj\u00ed mo\u017enost pracovat z&nbsp;domova, toho jist\u011b velice r\u00e1di vyu\u017eili. Nicm\u00e9n\u011b \u010dasto nast\u00e1v\u00e1 probl\u00e9m s&nbsp;t\u00edm, kam se s&nbsp;po\u010d\u00edta\u010dem a v\u0161elijak\u00fdmi pap\u00edry, slo\u017ekami a podobn\u011b poskl\u00e1d\u00e1te\u2026 Nav\u00edc dom\u00e1c\u00ed prost\u0159ed\u00ed b\u00fdv\u00e1 v\u00edc ne\u017e ru\u0161iv\u00e9. Zn\u00e1te to \u2013 televize, lednice, vinot\u00e9ka a t\u0159eba v\u016fbec b\u011b\u017en\u00fd rodinn\u00fd ruch\u2026 No a vy m\u00e1te p\u0159ece par\u00e1dn\u00ed \u0159e\u0161en\u00ed. Odst\u011bhujte se do obytn\u00e9ho auta nebo karavanu. Budete m\u00edt klid, jistotu, \u017ee sv\u00e9 pracovi\u0161t\u011b najdete v&nbsp;tom stavu, v&nbsp;jak\u00e9m jste je opustili, prost\u011b par\u00e1da\u2026 Nav\u00edc to i dost v\u00fdrazn\u011b p\u0159isp\u011bje k&nbsp;va\u0161\u00ed pracovn\u00ed mor\u00e1lce, uvid\u00edte. Kdy\u017e nic jin\u00e9ho, alespo\u0148 prost\u011b vstanete z&nbsp;postele!<\/p>\n\n\n\n<figure class=\"wp-block-image size-large\"><img loading=\"lazy\" decoding=\"async\" width=\"1621\" height=\"1080\" src=\"https:\/\/all4camper.com\/\/wp-content\/uploads\/2020\/03\/satellite-2092539_1920-1621x1080.jpg\" alt=\"\" class=\"wp-image-85581\" srcset=\"https:\/\/all4camper.com\/wp-content\/uploads\/2020\/03\/satellite-2092539_1920-1621x1080.jpg 1621w, https:\/\/all4camper.com\/wp-content\/uploads\/2020\/03\/satellite-2092539_1920-300x200.jpg 300w, https:\/\/all4camper.com\/wp-content\/uploads\/2020\/03\/satellite-2092539_1920-150x100.jpg 150w, https:\/\/all4camper.com\/wp-content\/uploads\/2020\/03\/satellite-2092539_1920-768x512.jpg 768w, https:\/\/all4camper.com\/wp-content\/uploads\/2020\/03\/satellite-2092539_1920-1536x1023.jpg 1536w, https:\/\/all4camper.com\/wp-content\/uploads\/2020\/03\/satellite-2092539_1920.jpg 1920w\" sizes=\"auto, (max-width: 1621px) 100vw, 1621px\" \/><\/figure>\n\n\n\n<h3 class=\"wp-block-heading\"><strong>Mal\u00e1 dom\u00e1c\u00ed \u0161kolka<\/strong><\/h3>\n\n\n\n<p> Tak tahle rada plat\u00ed v&nbsp;p\u0159\u00edpad\u011b, \u017ee va\u0161e d\u011bti nejsou mal\u00ed ni\u010ditel\u00e9. Vzhledem k&nbsp;tomu, \u017ee \u0161kola a velk\u00e1 \u010d\u00e1st \u0161kolek je zav\u0159en\u00e1, nast\u00e1v\u00e1 po n\u011bjak\u00e9m \u010dase doma tak trochu ponorka, a i kdy\u017e n\u011bkam do p\u0159\u00edrody se na proch\u00e1zky (zat\u00edm) m\u016f\u017ee, tak to \u010dasto dost dob\u0159e nesta\u010d\u00ed. Co tedy vytvo\u0159it d\u011btem v&nbsp;obytn\u00e9m aut\u011b nebo karavanu p\u0159echodnou hernu? Bude to pro n\u011b zm\u011bna, bude to pro n\u011b nov\u00e9 a dobrodru\u017en\u00e9 a vy si (i kdy\u017e s&nbsp;t\u011bmi nejmen\u0161\u00edmi tam budete muset b\u00fdt) na chvilku odpo\u010dinete. Druhou variantou je pak zav\u00e9st jakousi \u0161kolu v&nbsp;karavanu. Pro d\u011bti nenastaly pr\u00e1zdniny, a aby nezame\u0161kaly p\u0159\u00edli\u0161 mnoho, u\u010dit se prost\u011b musej\u00ed. Co tedy zav\u00e9st p\u0159esn\u00fd \u010das na \u0161kolu v&nbsp;karavanu. D\u011bti nebude nic ru\u0161it, nav\u00edc se t\u00edm nastav\u00ed jist\u00fd re\u017eim a p\u0159inut\u00ed je to p\u0159evl\u00e9ct se z&nbsp;py\u017eam, vyj\u00edt z&nbsp;pohody dom\u00e1cnosti, zkr\u00e1tka fungovat. Nav\u00edc to st\u00e1le zav\u00e1n\u00ed dobrodru\u017estv\u00edm a n\u011b\u010d\u00edm nezvykl\u00fdm, o \u010dem budou jist\u011b r\u00e1di vypr\u00e1v\u011bt a vzpom\u00ednat na to. Uvid\u00edte, \u017ee u\u010den\u00ed tak bude mnohem efektivn\u011bj\u0161\u00ed a v\u00fdrazn\u011b to p\u0159isp\u011bje k&nbsp;dom\u00e1c\u00ed pohod\u011b. Kdo v\u00ed, t\u0159eba se to chytne natolik, \u017ee zavedete i karavanov\u00e9 psan\u00ed \u00fakol\u016f\u2026 <\/p>\n\n\n\n<figure class=\"wp-block-image size-large\"><img loading=\"lazy\" decoding=\"async\" width=\"1280\" height=\"853\" src=\"https:\/\/all4camper.com\/\/wp-content\/uploads\/2020\/03\/caravan-2239305_1280.jpg\" alt=\"\" class=\"wp-image-85582\" srcset=\"https:\/\/all4camper.com\/wp-content\/uploads\/2020\/03\/caravan-2239305_1280.jpg 1280w, https:\/\/all4camper.com\/wp-content\/uploads\/2020\/03\/caravan-2239305_1280-300x200.jpg 300w, https:\/\/all4camper.com\/wp-content\/uploads\/2020\/03\/caravan-2239305_1280-150x100.jpg 150w, https:\/\/all4camper.com\/wp-content\/uploads\/2020\/03\/caravan-2239305_1280-768x512.jpg 768w\" sizes=\"auto, (max-width: 1280px) 100vw, 1280px\" \/><\/figure>\n\n\n\n<h3 class=\"wp-block-heading\"><strong>Jdeme do kina<\/strong><\/h3>\n\n\n\n<p> Jasn\u011b, te\u010f to prost\u011b nejde, ale co i ud\u011blat takov\u00e9 vlastn\u00ed mal\u00e9 <em>\u201ekaravankino\u201c<\/em>. Vyberte bij\u00e1k, napraskejte kuku\u0159ici a vyrazte mimo zdi va\u0161eho domova. Jasn\u011b, \u017ee ne daleko, ale zm\u011bna to je. I kdy\u017e se budete d\u00edvat t\u0159eba jen na notebook, jin\u00e9 a nov\u00e9 to bude. N\u011bkter\u00e1 kina dokonce takto nyn\u00ed online nab\u00edzej\u00ed sv\u016fj program. Mrkn\u011bte t\u0159eba sem. <a href=\"https:\/\/aerovod.cz\/\">https:\/\/aerovod.cz\/<\/a> J\u00e1 u\u017e m\u00e1m napl\u00e1novan\u00fd film Daleko od Reykjav\u00edku. Nav\u00edc tak m\u016f\u017eete drobn\u00fdm poplatkem podpo\u0159it kino, jeho\u017e budoucnost m\u016f\u017ee b\u00fdt brzy nejist\u00e1. <\/p>\n\n\n\n<figure class=\"wp-block-image size-large\"><img loading=\"lazy\" decoding=\"async\" width=\"1621\" height=\"1080\" src=\"https:\/\/all4camper.com\/\/wp-content\/uploads\/2020\/03\/rv-2788677_1920-1621x1080.jpg\" alt=\"\" class=\"wp-image-85583\" srcset=\"https:\/\/all4camper.com\/wp-content\/uploads\/2020\/03\/rv-2788677_1920-1621x1080.jpg 1621w, https:\/\/all4camper.com\/wp-content\/uploads\/2020\/03\/rv-2788677_1920-300x200.jpg 300w, https:\/\/all4camper.com\/wp-content\/uploads\/2020\/03\/rv-2788677_1920-150x100.jpg 150w, https:\/\/all4camper.com\/wp-content\/uploads\/2020\/03\/rv-2788677_1920-768x512.jpg 768w, https:\/\/all4camper.com\/wp-content\/uploads\/2020\/03\/rv-2788677_1920-1536x1023.jpg 1536w, https:\/\/all4camper.com\/wp-content\/uploads\/2020\/03\/rv-2788677_1920.jpg 1920w\" sizes=\"auto, (max-width: 1621px) 100vw, 1621px\" \/><\/figure>\n\n\n\n<h3 class=\"wp-block-heading\"><strong>Jdeme na ve\u010de\u0159i<\/strong><\/h3>\n\n\n\n<p> Tak tady je to podobn\u00e9 jako s&nbsp;t\u00edm kinem. Byli jste zvykl\u00ed alespo\u0148 jednou t\u00fddn\u011b vyrazit na n\u011bco dobr\u00e9ho? Ani to te\u010f samoz\u0159ejm\u011b nejde, ale co si improvizovanou restauraci vytvo\u0159it? Zabav\u00edte se u\u017e jen t\u00edm, \u017ee prostor vyzdob\u00edte t\u0159eba ve francouzsk\u00e9m \u010di \u010d\u00ednsk\u00e9m stylu (m\u016f\u017eete tak koneckonc\u016f i p\u0159ekvapit drahou polovi\u010dku nebo celou rodinu). J\u00eddlo pak ze sv\u00e9 obl\u00edben\u00e9 restaurace objednejte (nab\u00edz\u00ed to nyn\u00ed skoro v\u0161echny, aby se udr\u017eely), no a pak u\u017e nezb\u00fdv\u00e1 ne\u017e hodovat. A v&nbsp;p\u00e1tek m\u016f\u017ee b\u00fdt pro zm\u011bnu otev\u0159en bar jen pro v\u00e1s. A v tomhle p\u0159\u00edpad\u011b nebude vadit, kdy\u017e usnete pod barem!<\/p>\n\n\n\n<p><strong><em>A co vy, m\u00e1te tak\u00e9 n\u011bjak\u00e9 tipy, jak vyu\u017e\u00edt sv\u016fj \u201ebonusov\u00fd prostor\u201c na kolech?<\/em><\/strong><\/p>\n\n\n\n<figure class=\"wp-block-image size-large\"><img loading=\"lazy\" decoding=\"async\" width=\"1520\" height=\"1080\" src=\"https:\/\/all4camper.com\/\/wp-content\/uploads\/2020\/03\/camp-3595670_1920-1520x1080.jpg\" alt=\"\" class=\"wp-image-85584\" srcset=\"https:\/\/all4camper.com\/wp-content\/uploads\/2020\/03\/camp-3595670_1920-1520x1080.jpg 1520w, https:\/\/all4camper.com\/wp-content\/uploads\/2020\/03\/camp-3595670_1920-300x213.jpg 300w, https:\/\/all4camper.com\/wp-content\/uploads\/2020\/03\/camp-3595670_1920-150x107.jpg 150w, https:\/\/all4camper.com\/wp-content\/uploads\/2020\/03\/camp-3595670_1920-768x546.jpg 768w, https:\/\/all4camper.com\/wp-content\/uploads\/2020\/03\/camp-3595670_1920-1536x1091.jpg 1536w, https:\/\/all4camper.com\/wp-content\/uploads\/2020\/03\/camp-3595670_1920.jpg 1920w\" sizes=\"auto, (max-width: 1520px) 100vw, 1520px\" \/><\/figure>\n","protected":false},"excerpt":{"rendered":"<p>Tahle doba je velice n\u00e1ro\u010dn\u00e1, smutn\u00e1 a nejist\u00e1. Nikdy nev\u00edme, do jak\u00e9ho sv\u011bta se r\u00e1no probud\u00edme. T\u011b\u0161me se z&nbsp;\u00fa\u017easn\u00e9 solidarity a spolupr\u00e1ce, kterou to vyvolalo. Nezb\u00fdv\u00e1, ne\u017e b\u00fdt ohledupln\u00ed a \u010dekat, a\u017e se v\u0161echno zase postupn\u011b vr\u00e1t\u00ed do norm\u00e1lu. V\u011b\u0159\u00edme, \u017ee co nejd\u0159\u00edve. Nicm\u00e9n\u011b aby ta doba je\u0161t\u011b rychleji utekla, budeme pro v\u00e1s d\u00e1l p\u0159in\u00e1\u0161et [&hellip;]<\/p>\n","protected":false},"author":161,"featured_media":85587,"comment_status":"closed","ping_status":"open","sticky":false,"template":"","format":"standard","meta":{"_monsterinsights_skip_tracking":false,"_monsterinsights_sitenote_active":false,"_monsterinsights_sitenote_note":"","_monsterinsights_sitenote_category":0,"footnotes":""},"categories":[368,422],"tags":[],"class_list":{"0":"post-85579","1":"post","2":"type-post","3":"status-publish","4":"format-standard","5":"has-post-thumbnail","7":"category-magazin_all4camper","8":"category-novinky-kempovani-a-karavaning"},"yoast_head":"<!-- This site is optimized with the Yoast SEO plugin v27.5 - https:\/\/yoast.com\/product\/yoast-seo-wordpress\/ -->\n<title>Jak vyu\u017e\u00edt obytn\u00e9 auto v \u010dase koronaviru - n\u011bkolik zaj\u00edmav\u00fdch n\u00e1pad\u016f - All4Camper<\/title>\n<meta name=\"description\" content=\"All4Camper - Jak vyu\u017e\u00edt obytn\u00e9 auto v \u010dase koronaviru - n\u011bkolik zaj\u00edmav\u00fdch n\u00e1pad\u016f\" \/>\n<meta name=\"robots\" content=\"index, follow, max-snippet:-1, max-image-preview:large, max-video-preview:-1\" \/>\n<link rel=\"canonical\" href=\"https:\/\/all4camper.com\/cs\/jak-vyuzit-obytne-auto-v-case-koronaviru-nekolik-zajimavych-napadu\/\" \/>\n<meta property=\"og:locale\" content=\"cs_CZ\" \/>\n<meta property=\"og:type\" content=\"article\" \/>\n<meta property=\"og:title\" content=\"Jak vyu\u017e\u00edt obytn\u00e9 auto v \u010dase koronaviru - n\u011bkolik zaj\u00edmav\u00fdch n\u00e1pad\u016f - All4Camper\" \/>\n<meta property=\"og:description\" content=\"All4Camper - Jak vyu\u017e\u00edt obytn\u00e9 auto v \u010dase koronaviru - n\u011bkolik zaj\u00edmav\u00fdch n\u00e1pad\u016f\" \/>\n<meta property=\"og:url\" content=\"https:\/\/all4camper.com\/cs\/jak-vyuzit-obytne-auto-v-case-koronaviru-nekolik-zajimavych-napadu\/\" \/>\n<meta property=\"og:site_name\" content=\"All4Camper\" \/>\n<meta property=\"article:published_time\" content=\"2020-03-20T08:56:35+00:00\" \/>\n<meta property=\"article:modified_time\" content=\"2020-03-20T08:57:10+00:00\" \/>\n<meta property=\"og:image\" content=\"https:\/\/all4camper.com\/wp-content\/uploads\/2020\/03\/kempovani.jpg\" \/>\n\t<meta property=\"og:image:width\" content=\"1200\" \/>\n\t<meta property=\"og:image:height\" content=\"714\" \/>\n\t<meta property=\"og:image:type\" content=\"image\/jpeg\" \/>\n<meta name=\"author\" content=\"Kate\u0159ina\" \/>\n<meta name=\"twitter:card\" content=\"summary_large_image\" \/>\n<meta name=\"twitter:label1\" content=\"Napsal(a)\" \/>\n\t<meta name=\"twitter:data1\" content=\"Kate\u0159ina\" \/>\n\t<meta name=\"twitter:label2\" content=\"Odhadovan\u00e1 doba \u010dten\u00ed\" \/>\n\t<meta name=\"twitter:data2\" content=\"4 minuty\" \/>\n<script type=\"application\/ld+json\" class=\"yoast-schema-graph\">{\"@context\":\"https:\\\/\\\/schema.org\",\"@graph\":[{\"@type\":\"Article\",\"@id\":\"https:\\\/\\\/all4camper.com\\\/cs\\\/jak-vyuzit-obytne-auto-v-case-koronaviru-nekolik-zajimavych-napadu\\\/#article\",\"isPartOf\":{\"@id\":\"https:\\\/\\\/all4camper.com\\\/cs\\\/jak-vyuzit-obytne-auto-v-case-koronaviru-nekolik-zajimavych-napadu\\\/\"},\"author\":{\"name\":\"Kate\u0159ina\",\"@id\":\"https:\\\/\\\/all4camper.com\\\/cs\\\/#\\\/schema\\\/person\\\/9349489688d4c221ca0fc39ae6bcb70b\"},\"headline\":\"Jak vyu\u017e\u00edt obytn\u00e9 auto v \u010dase koronaviru &#8211; n\u011bkolik zaj\u00edmav\u00fdch n\u00e1pad\u016f\",\"datePublished\":\"2020-03-20T08:56:35+00:00\",\"dateModified\":\"2020-03-20T08:57:10+00:00\",\"mainEntityOfPage\":{\"@id\":\"https:\\\/\\\/all4camper.com\\\/cs\\\/jak-vyuzit-obytne-auto-v-case-koronaviru-nekolik-zajimavych-napadu\\\/\"},\"wordCount\":857,\"publisher\":{\"@id\":\"https:\\\/\\\/all4camper.com\\\/cs\\\/#organization\"},\"image\":{\"@id\":\"https:\\\/\\\/all4camper.com\\\/cs\\\/jak-vyuzit-obytne-auto-v-case-koronaviru-nekolik-zajimavych-napadu\\\/#primaryimage\"},\"thumbnailUrl\":\"https:\\\/\\\/all4camper.com\\\/wp-content\\\/uploads\\\/2020\\\/03\\\/kempovani.jpg\",\"articleSection\":[\"\u010cten\u00ed na cesty\",\"Novinky - Kempov\u00e1n\u00ed a karavaning\"],\"inLanguage\":\"cs\"},{\"@type\":\"WebPage\",\"@id\":\"https:\\\/\\\/all4camper.com\\\/cs\\\/jak-vyuzit-obytne-auto-v-case-koronaviru-nekolik-zajimavych-napadu\\\/\",\"url\":\"https:\\\/\\\/all4camper.com\\\/cs\\\/jak-vyuzit-obytne-auto-v-case-koronaviru-nekolik-zajimavych-napadu\\\/\",\"name\":\"Jak vyu\u017e\u00edt obytn\u00e9 auto v \u010dase koronaviru - n\u011bkolik zaj\u00edmav\u00fdch n\u00e1pad\u016f - All4Camper\",\"isPartOf\":{\"@id\":\"https:\\\/\\\/all4camper.com\\\/cs\\\/#website\"},\"primaryImageOfPage\":{\"@id\":\"https:\\\/\\\/all4camper.com\\\/cs\\\/jak-vyuzit-obytne-auto-v-case-koronaviru-nekolik-zajimavych-napadu\\\/#primaryimage\"},\"image\":{\"@id\":\"https:\\\/\\\/all4camper.com\\\/cs\\\/jak-vyuzit-obytne-auto-v-case-koronaviru-nekolik-zajimavych-napadu\\\/#primaryimage\"},\"thumbnailUrl\":\"https:\\\/\\\/all4camper.com\\\/wp-content\\\/uploads\\\/2020\\\/03\\\/kempovani.jpg\",\"datePublished\":\"2020-03-20T08:56:35+00:00\",\"dateModified\":\"2020-03-20T08:57:10+00:00\",\"description\":\"All4Camper - Jak vyu\u017e\u00edt obytn\u00e9 auto v \u010dase koronaviru - n\u011bkolik zaj\u00edmav\u00fdch n\u00e1pad\u016f\",\"breadcrumb\":{\"@id\":\"https:\\\/\\\/all4camper.com\\\/cs\\\/jak-vyuzit-obytne-auto-v-case-koronaviru-nekolik-zajimavych-napadu\\\/#breadcrumb\"},\"inLanguage\":\"cs\",\"potentialAction\":[{\"@type\":\"ReadAction\",\"target\":[\"https:\\\/\\\/all4camper.com\\\/cs\\\/jak-vyuzit-obytne-auto-v-case-koronaviru-nekolik-zajimavych-napadu\\\/\"]}]},{\"@type\":\"ImageObject\",\"inLanguage\":\"cs\",\"@id\":\"https:\\\/\\\/all4camper.com\\\/cs\\\/jak-vyuzit-obytne-auto-v-case-koronaviru-nekolik-zajimavych-napadu\\\/#primaryimage\",\"url\":\"https:\\\/\\\/all4camper.com\\\/wp-content\\\/uploads\\\/2020\\\/03\\\/kempovani.jpg\",\"contentUrl\":\"https:\\\/\\\/all4camper.com\\\/wp-content\\\/uploads\\\/2020\\\/03\\\/kempovani.jpg\",\"width\":1200,\"height\":714},{\"@type\":\"BreadcrumbList\",\"@id\":\"https:\\\/\\\/all4camper.com\\\/cs\\\/jak-vyuzit-obytne-auto-v-case-koronaviru-nekolik-zajimavych-napadu\\\/#breadcrumb\",\"itemListElement\":[{\"@type\":\"ListItem\",\"position\":1,\"name\":\"Dom\u016f\",\"item\":\"https:\\\/\\\/all4camper.com\\\/cs\\\/\"},{\"@type\":\"ListItem\",\"position\":2,\"name\":\"\u010cten\u00ed na cesty\",\"item\":\"https:\\\/\\\/all4camper.com\\\/cs\\\/category\\\/magazin_all4camper\\\/\"},{\"@type\":\"ListItem\",\"position\":3,\"name\":\"Jak vyu\u017e\u00edt obytn\u00e9 auto v \u010dase koronaviru &#8211; n\u011bkolik zaj\u00edmav\u00fdch n\u00e1pad\u016f\"}]},{\"@type\":\"WebSite\",\"@id\":\"https:\\\/\\\/all4camper.com\\\/cs\\\/#website\",\"url\":\"https:\\\/\\\/all4camper.com\\\/cs\\\/\",\"name\":\"All4Camper\",\"description\":\"Nejv\u011bt\u0161\u00ed online magaz\u00edn o kempov\u00e1n\u00ed a karavaninku. V\u00edce jak 900 \u010dl\u00e1nk\u016f pln\u00fdch rad a tip\u016f o kempech a kempov\u00e1n\u00ed.\",\"publisher\":{\"@id\":\"https:\\\/\\\/all4camper.com\\\/cs\\\/#organization\"},\"potentialAction\":[{\"@type\":\"SearchAction\",\"target\":{\"@type\":\"EntryPoint\",\"urlTemplate\":\"https:\\\/\\\/all4camper.com\\\/cs\\\/?s={search_term_string}\"},\"query-input\":{\"@type\":\"PropertyValueSpecification\",\"valueRequired\":true,\"valueName\":\"search_term_string\"}}],\"inLanguage\":\"cs\"},{\"@type\":\"Organization\",\"@id\":\"https:\\\/\\\/all4camper.com\\\/cs\\\/#organization\",\"name\":\"All4Camper - kempujeme s Kl\u00e1rou\",\"url\":\"https:\\\/\\\/all4camper.com\\\/cs\\\/\",\"logo\":{\"@type\":\"ImageObject\",\"inLanguage\":\"cs\",\"@id\":\"https:\\\/\\\/all4camper.com\\\/cs\\\/#\\\/schema\\\/logo\\\/image\\\/\",\"url\":\"https:\\\/\\\/all4camper.com\\\/wp-content\\\/uploads\\\/2018\\\/09\\\/novelogo.png\",\"contentUrl\":\"https:\\\/\\\/all4camper.com\\\/wp-content\\\/uploads\\\/2018\\\/09\\\/novelogo.png\",\"width\":1520,\"height\":600,\"caption\":\"All4Camper - kempujeme s Kl\u00e1rou\"},\"image\":{\"@id\":\"https:\\\/\\\/all4camper.com\\\/cs\\\/#\\\/schema\\\/logo\\\/image\\\/\"}},{\"@type\":\"Person\",\"@id\":\"https:\\\/\\\/all4camper.com\\\/cs\\\/#\\\/schema\\\/person\\\/9349489688d4c221ca0fc39ae6bcb70b\",\"name\":\"Kate\u0159ina\",\"url\":\"https:\\\/\\\/all4camper.com\\\/cs\\\/author\\\/kterina\\\/\"}]}<\/script>\n<!-- \/ Yoast SEO plugin. -->","yoast_head_json":{"title":"Jak vyu\u017e\u00edt obytn\u00e9 auto v \u010dase koronaviru - n\u011bkolik zaj\u00edmav\u00fdch n\u00e1pad\u016f - All4Camper","description":"All4Camper - Jak vyu\u017e\u00edt obytn\u00e9 auto v \u010dase koronaviru - n\u011bkolik zaj\u00edmav\u00fdch n\u00e1pad\u016f","robots":{"index":"index","follow":"follow","max-snippet":"max-snippet:-1","max-image-preview":"max-image-preview:large","max-video-preview":"max-video-preview:-1"},"canonical":"https:\/\/all4camper.com\/cs\/jak-vyuzit-obytne-auto-v-case-koronaviru-nekolik-zajimavych-napadu\/","og_locale":"cs_CZ","og_type":"article","og_title":"Jak vyu\u017e\u00edt obytn\u00e9 auto v \u010dase koronaviru - n\u011bkolik zaj\u00edmav\u00fdch n\u00e1pad\u016f - All4Camper","og_description":"All4Camper - Jak vyu\u017e\u00edt obytn\u00e9 auto v \u010dase koronaviru - n\u011bkolik zaj\u00edmav\u00fdch n\u00e1pad\u016f","og_url":"https:\/\/all4camper.com\/cs\/jak-vyuzit-obytne-auto-v-case-koronaviru-nekolik-zajimavych-napadu\/","og_site_name":"All4Camper","article_published_time":"2020-03-20T08:56:35+00:00","article_modified_time":"2020-03-20T08:57:10+00:00","og_image":[{"width":1200,"height":714,"url":"https:\/\/all4camper.com\/wp-content\/uploads\/2020\/03\/kempovani.jpg","type":"image\/jpeg"}],"author":"Kate\u0159ina","twitter_card":"summary_large_image","twitter_misc":{"Napsal(a)":"Kate\u0159ina","Odhadovan\u00e1 doba \u010dten\u00ed":"4 minuty"},"schema":{"@context":"https:\/\/schema.org","@graph":[{"@type":"Article","@id":"https:\/\/all4camper.com\/cs\/jak-vyuzit-obytne-auto-v-case-koronaviru-nekolik-zajimavych-napadu\/#article","isPartOf":{"@id":"https:\/\/all4camper.com\/cs\/jak-vyuzit-obytne-auto-v-case-koronaviru-nekolik-zajimavych-napadu\/"},"author":{"name":"Kate\u0159ina","@id":"https:\/\/all4camper.com\/cs\/#\/schema\/person\/9349489688d4c221ca0fc39ae6bcb70b"},"headline":"Jak vyu\u017e\u00edt obytn\u00e9 auto v \u010dase koronaviru &#8211; n\u011bkolik zaj\u00edmav\u00fdch n\u00e1pad\u016f","datePublished":"2020-03-20T08:56:35+00:00","dateModified":"2020-03-20T08:57:10+00:00","mainEntityOfPage":{"@id":"https:\/\/all4camper.com\/cs\/jak-vyuzit-obytne-auto-v-case-koronaviru-nekolik-zajimavych-napadu\/"},"wordCount":857,"publisher":{"@id":"https:\/\/all4camper.com\/cs\/#organization"},"image":{"@id":"https:\/\/all4camper.com\/cs\/jak-vyuzit-obytne-auto-v-case-koronaviru-nekolik-zajimavych-napadu\/#primaryimage"},"thumbnailUrl":"https:\/\/all4camper.com\/wp-content\/uploads\/2020\/03\/kempovani.jpg","articleSection":["\u010cten\u00ed na cesty","Novinky - Kempov\u00e1n\u00ed a karavaning"],"inLanguage":"cs"},{"@type":"WebPage","@id":"https:\/\/all4camper.com\/cs\/jak-vyuzit-obytne-auto-v-case-koronaviru-nekolik-zajimavych-napadu\/","url":"https:\/\/all4camper.com\/cs\/jak-vyuzit-obytne-auto-v-case-koronaviru-nekolik-zajimavych-napadu\/","name":"Jak vyu\u017e\u00edt obytn\u00e9 auto v \u010dase koronaviru - n\u011bkolik zaj\u00edmav\u00fdch n\u00e1pad\u016f - All4Camper","isPartOf":{"@id":"https:\/\/all4camper.com\/cs\/#website"},"primaryImageOfPage":{"@id":"https:\/\/all4camper.com\/cs\/jak-vyuzit-obytne-auto-v-case-koronaviru-nekolik-zajimavych-napadu\/#primaryimage"},"image":{"@id":"https:\/\/all4camper.com\/cs\/jak-vyuzit-obytne-auto-v-case-koronaviru-nekolik-zajimavych-napadu\/#primaryimage"},"thumbnailUrl":"https:\/\/all4camper.com\/wp-content\/uploads\/2020\/03\/kempovani.jpg","datePublished":"2020-03-20T08:56:35+00:00","dateModified":"2020-03-20T08:57:10+00:00","description":"All4Camper - Jak vyu\u017e\u00edt obytn\u00e9 auto v \u010dase koronaviru - n\u011bkolik zaj\u00edmav\u00fdch n\u00e1pad\u016f","breadcrumb":{"@id":"https:\/\/all4camper.com\/cs\/jak-vyuzit-obytne-auto-v-case-koronaviru-nekolik-zajimavych-napadu\/#breadcrumb"},"inLanguage":"cs","potentialAction":[{"@type":"ReadAction","target":["https:\/\/all4camper.com\/cs\/jak-vyuzit-obytne-auto-v-case-koronaviru-nekolik-zajimavych-napadu\/"]}]},{"@type":"ImageObject","inLanguage":"cs","@id":"https:\/\/all4camper.com\/cs\/jak-vyuzit-obytne-auto-v-case-koronaviru-nekolik-zajimavych-napadu\/#primaryimage","url":"https:\/\/all4camper.com\/wp-content\/uploads\/2020\/03\/kempovani.jpg","contentUrl":"https:\/\/all4camper.com\/wp-content\/uploads\/2020\/03\/kempovani.jpg","width":1200,"height":714},{"@type":"BreadcrumbList","@id":"https:\/\/all4camper.com\/cs\/jak-vyuzit-obytne-auto-v-case-koronaviru-nekolik-zajimavych-napadu\/#breadcrumb","itemListElement":[{"@type":"ListItem","position":1,"name":"Dom\u016f","item":"https:\/\/all4camper.com\/cs\/"},{"@type":"ListItem","position":2,"name":"\u010cten\u00ed na cesty","item":"https:\/\/all4camper.com\/cs\/category\/magazin_all4camper\/"},{"@type":"ListItem","position":3,"name":"Jak vyu\u017e\u00edt obytn\u00e9 auto v \u010dase koronaviru &#8211; n\u011bkolik zaj\u00edmav\u00fdch n\u00e1pad\u016f"}]},{"@type":"WebSite","@id":"https:\/\/all4camper.com\/cs\/#website","url":"https:\/\/all4camper.com\/cs\/","name":"All4Camper","description":"Nejv\u011bt\u0161\u00ed online magaz\u00edn o kempov\u00e1n\u00ed a karavaninku. V\u00edce jak 900 \u010dl\u00e1nk\u016f pln\u00fdch rad a tip\u016f o kempech a kempov\u00e1n\u00ed.","publisher":{"@id":"https:\/\/all4camper.com\/cs\/#organization"},"potentialAction":[{"@type":"SearchAction","target":{"@type":"EntryPoint","urlTemplate":"https:\/\/all4camper.com\/cs\/?s={search_term_string}"},"query-input":{"@type":"PropertyValueSpecification","valueRequired":true,"valueName":"search_term_string"}}],"inLanguage":"cs"},{"@type":"Organization","@id":"https:\/\/all4camper.com\/cs\/#organization","name":"All4Camper - kempujeme s Kl\u00e1rou","url":"https:\/\/all4camper.com\/cs\/","logo":{"@type":"ImageObject","inLanguage":"cs","@id":"https:\/\/all4camper.com\/cs\/#\/schema\/logo\/image\/","url":"https:\/\/all4camper.com\/wp-content\/uploads\/2018\/09\/novelogo.png","contentUrl":"https:\/\/all4camper.com\/wp-content\/uploads\/2018\/09\/novelogo.png","width":1520,"height":600,"caption":"All4Camper - kempujeme s Kl\u00e1rou"},"image":{"@id":"https:\/\/all4camper.com\/cs\/#\/schema\/logo\/image\/"}},{"@type":"Person","@id":"https:\/\/all4camper.com\/cs\/#\/schema\/person\/9349489688d4c221ca0fc39ae6bcb70b","name":"Kate\u0159ina","url":"https:\/\/all4camper.com\/cs\/author\/kterina\/"}]}},"_links":{"self":[{"href":"https:\/\/all4camper.com\/cs\/wp-json\/wp\/v2\/posts\/85579","targetHints":{"allow":["GET"]}}],"collection":[{"href":"https:\/\/all4camper.com\/cs\/wp-json\/wp\/v2\/posts"}],"about":[{"href":"https:\/\/all4camper.com\/cs\/wp-json\/wp\/v2\/types\/post"}],"author":[{"embeddable":true,"href":"https:\/\/all4camper.com\/cs\/wp-json\/wp\/v2\/users\/161"}],"replies":[{"embeddable":true,"href":"https:\/\/all4camper.com\/cs\/wp-json\/wp\/v2\/comments?post=85579"}],"version-history":[{"count":0,"href":"https:\/\/all4camper.com\/cs\/wp-json\/wp\/v2\/posts\/85579\/revisions"}],"wp:featuredmedia":[{"embeddable":true,"href":"https:\/\/all4camper.com\/cs\/wp-json\/wp\/v2\/media\/85587"}],"wp:attachment":[{"href":"https:\/\/all4camper.com\/cs\/wp-json\/wp\/v2\/media?parent=85579"}],"wp:term":[{"taxonomy":"category","embeddable":true,"href":"https:\/\/all4camper.com\/cs\/wp-json\/wp\/v2\/categories?post=85579"},{"taxonomy":"post_tag","embeddable":true,"href":"https:\/\/all4camper.com\/cs\/wp-json\/wp\/v2\/tags?post=85579"}],"curies":[{"name":"wp","href":"https:\/\/api.w.org\/{rel}","templated":true}]}}