{"id":85452,"date":"2020-03-12T13:23:38","date_gmt":"2020-03-12T12:23:38","guid":{"rendered":"https:\/\/all4camper.com\/\/?p=85452"},"modified":"2022-12-13T15:08:26","modified_gmt":"2022-12-13T14:08:26","slug":"nehasici-aneb-originalni-kempovani-v-obytne-avii","status":"publish","type":"post","link":"https:\/\/all4camper.com\/cs\/nehasici-aneb-originalni-kempovani-v-obytne-avii\/","title":{"rendered":"Nehasi\u010di aneb Origin\u00e1ln\u00ed kempov\u00e1n\u00ed v obytn\u00e9 Avii"},"content":{"rendered":"\n<h4 class=\"wp-block-heading\"><strong>Milo\u0161 Sou\u010dek je opravdu neobvykl\u00fd kempa\u0159, a pokud ne on, tak rozhodn\u011b neobvyklost\u00ed h\u00fd\u0159\u00ed jeho dopravn\u00ed prost\u0159edek. Na cesty se toti\u017e vyd\u00e1v\u00e1 s\u00a0upravenou hasi\u010dskou Avi\u00ed. Jak to v\u0161echno vzniklo a co origin\u00e1ln\u00edho chyst\u00e1, si nyn\u00ed m\u016f\u017eete p\u0159e\u010d\u00edst v dne\u0161n\u00edm p\u0159\u00edsp\u011bvku<\/strong>, kter\u00fd s radost\u00ed vyd\u00e1v\u00e1me, nebo\u0165 je fajn se dozv\u00eddat jak kdo z v\u00e1s &#8222;karavanuje&#8220;.<\/h4>\n\n\n\n<figure class=\"wp-block-image size-large\"><img loading=\"lazy\" decoding=\"async\" width=\"800\" height=\"467\" src=\"https:\/\/all4camper.com\/\/wp-content\/uploads\/2020\/03\/89102256_1051022718608709_8542374877238132736_n.jpg\" alt=\"\" class=\"wp-image-85456\" srcset=\"https:\/\/all4camper.com\/wp-content\/uploads\/2020\/03\/89102256_1051022718608709_8542374877238132736_n.jpg 800w, https:\/\/all4camper.com\/wp-content\/uploads\/2020\/03\/89102256_1051022718608709_8542374877238132736_n-300x175.jpg 300w, https:\/\/all4camper.com\/wp-content\/uploads\/2020\/03\/89102256_1051022718608709_8542374877238132736_n-150x88.jpg 150w, https:\/\/all4camper.com\/wp-content\/uploads\/2020\/03\/89102256_1051022718608709_8542374877238132736_n-768x448.jpg 768w\" sizes=\"auto, (max-width: 800px) 100vw, 800px\" \/><\/figure>\n\n\n\n<h3 class=\"wp-block-heading\"><strong>Vezm\u011bme to \u00fapln\u011b od za\u010d\u00e1tku. Jak\u00fd vy jste vlastn\u011b typ cestovatele? <\/strong><\/h3>\n\n\n\n<p>Na \u00favod mus\u00edm \u0159\u00edct, \u017ee necestuji s\u00e1m. Jezd\u00edme p\u0159ev\u00e1\u017en\u011b dva. J\u00e1 a bratranec Jakub. M\u00e1me za sebou dv\u011b sezony, kdy hlavn\u00edm c\u00edlem na\u0161eho &#8222;karavaningu&#8220; je \u00fa\u010dast na z\u00e1vodech Truck Trialu (dlouh\u00fd v\u00edkend 4\u20135x za rok). Za cestovatele se zat\u00edm je\u0161t\u011b moc nepova\u017euji a uvid\u00edme, jestli se tato touha ve m\u011b probud\u00ed ve velk\u00e9m a hlavn\u011b jestli se k n\u00ed p\u0159ipoj\u00ed i cel\u00e1 moje rodina.<\/p>\n\n\n\n<h3 class=\"wp-block-heading\"><strong>Co pro v\u00e1s tedy cestov\u00e1n\u00ed znamen\u00e1? <\/strong><\/h3>\n\n\n\n<p>Jednozna\u010dn\u011b odpo\u010dinek a z\u00e1bavu. Posledn\u00edch p\u00e1r akc\u00ed s\u00a0n\u00e1ma chlapama byl i m\u016fj prvn\u00ed syn Samuel (3 roky). Tato zm\u011bna v\u00a0dosavadn\u00ed pos\u00e1dce byla z\u00e1sadn\u00ed a p\u0159\u00edjemn\u00e1. Po\u010d\u00edt\u00e1me s\u00a0n\u00edm tedy i do budoucna. No, a nejen s\u00a0n\u00edm. M\u00e1me s\u00a0p\u0159\u00edtelkyn\u00ed i druh\u00e9ho syna Luk\u00e1\u0161e (10 m\u011bs\u00edc\u016f), ten m\u00e1 (pr\u00fd) je\u0161t\u011b na na\u0161e kempov\u00e1n\u00ed \u010das. (sm\u00edch) <\/p>\n\n\n\n<h3 class=\"wp-block-heading\"><strong>Kde se v\u00e1m zat\u00edm nejv\u00edce l\u00edbilo a pro\u010d? A jak\u00e9 c\u00edle jsou v nejbli\u017e\u0161\u00ed dob\u011b p\u0159ed V\u00e1mi?<\/strong> <\/h3>\n\n\n\n<p>L\u00edb\u00ed se mi v\u0161ude, ale jak \u0159\u00edk\u00e1m, teprve se formujeme a jsme za\u010d\u00e1te\u010dn\u00edci. Ka\u017edop\u00e1dn\u011b jsem zjistil, \u017ee ka\u017ed\u00e9 m\u00edsto na kter\u00e9 dojedeme je kr\u00e1sn\u00e9\u2026 Co se t\u00fd\u010de nejbli\u017e\u0161\u00edch pl\u00e1n\u016f, tak bych r\u00e1d kempoval p\u00e1r dn\u00ed u jezera Berzdorfer See. R\u00e1d bych toti\u017e \u0161okoval p\u00e1r N\u011bmc\u016f s na\u0161\u00ed Avi\u00ed. (sm\u00edch)<\/p>\n\n\n\n<figure class=\"wp-block-image size-large\"><img loading=\"lazy\" decoding=\"async\" width=\"800\" height=\"450\" src=\"https:\/\/all4camper.com\/\/wp-content\/uploads\/2020\/03\/89347582_498147224208716_4704455224666882048_n.jpg\" alt=\"\" class=\"wp-image-85457\" srcset=\"https:\/\/all4camper.com\/wp-content\/uploads\/2020\/03\/89347582_498147224208716_4704455224666882048_n.jpg 800w, https:\/\/all4camper.com\/wp-content\/uploads\/2020\/03\/89347582_498147224208716_4704455224666882048_n-300x169.jpg 300w, https:\/\/all4camper.com\/wp-content\/uploads\/2020\/03\/89347582_498147224208716_4704455224666882048_n-150x84.jpg 150w, https:\/\/all4camper.com\/wp-content\/uploads\/2020\/03\/89347582_498147224208716_4704455224666882048_n-768x432.jpg 768w, https:\/\/all4camper.com\/wp-content\/uploads\/2020\/03\/89347582_498147224208716_4704455224666882048_n-678x381.jpg 678w\" sizes=\"auto, (max-width: 800px) 100vw, 800px\" \/><\/figure>\n\n\n\n<h3 class=\"wp-block-heading\">Tak to bude pro n\u011b opravdu \u0161ok :-). <strong>Ale te\u010f u\u017e k tomu hlavn\u00edmu. Jezd\u00edte pom\u011brn\u011b nezvykl\u00fdm dopravn\u00edm prost\u0159edkem. M\u016f\u017eete n\u00e1m to p\u0159ibl\u00ed\u017eit? <\/strong><\/h3>\n\n\n\n<p>Jezd\u00edme s n\u011bkolika auty. Z\u00e1le\u017e\u00ed na pos\u00e1dce, pl\u00e1nu akce, jak\u00fd bude c\u00edl a tak podobn\u011b. Prvn\u00ed, a moje nejobl\u00edben\u011bj\u0161\u00ed auto, kter\u00e9 jsme si jako rodina po\u0159\u00eddili, je star\u00e1, vy\u0159azen\u00e1, hasi\u010dsk\u00e1 Avia DA 31 (r. v. 1985). Hned prvn\u00ed v\u00edkend bylo jasn\u00e9, \u017ee je to m\u00e1lo. Okam\u017eit\u011b jsme p\u0159ikoupili vlek. Tak\u017ee m\u00e1me celou soupravu. Druh\u00e9 auto byla tak\u00e9 star\u00e1, vy\u0159azen\u00e1, hasi\u010dsk\u00e1 Ifa W 50 (r. v. 1979). K\u00a0tomu jsme si po\u0159\u00eddili n\u011bco jin\u00e9ho ne\u017e vlek \u2013 \u010dlun a samoz\u0159ejm\u011b \u017ee od hasi\u010d\u016f, jak jinak! Teda pardon, lo\u010f \u2013 ozna\u010den\u00ed RUSB (rozm\u011br 5,5m x 2,3m\/12 lid\u00ed). Posledn\u00ed auto, kter\u00e9 jsme si do rodiny po\u0159\u00eddili je \u2013 uh\u00e1dnete to? Jasn\u011b \u017ee Avia, tentokr\u00e1t Furgon (r. v. 1992). A abych nezapomn\u011bl, je star\u00e1, vy\u0159azen\u00e1, hasi\u010dsk\u00e1. (sm\u00edch)<\/p>\n\n\n\n<figure class=\"wp-block-image size-large\"><img loading=\"lazy\" decoding=\"async\" width=\"800\" height=\"450\" src=\"https:\/\/all4camper.com\/\/wp-content\/uploads\/2020\/03\/89010278_1019599061760330_5838497612113641472_n.jpg\" alt=\"\" class=\"wp-image-85459\" srcset=\"https:\/\/all4camper.com\/wp-content\/uploads\/2020\/03\/89010278_1019599061760330_5838497612113641472_n.jpg 800w, https:\/\/all4camper.com\/wp-content\/uploads\/2020\/03\/89010278_1019599061760330_5838497612113641472_n-300x169.jpg 300w, https:\/\/all4camper.com\/wp-content\/uploads\/2020\/03\/89010278_1019599061760330_5838497612113641472_n-150x84.jpg 150w, https:\/\/all4camper.com\/wp-content\/uploads\/2020\/03\/89010278_1019599061760330_5838497612113641472_n-768x432.jpg 768w, https:\/\/all4camper.com\/wp-content\/uploads\/2020\/03\/89010278_1019599061760330_5838497612113641472_n-678x381.jpg 678w\" sizes=\"auto, (max-width: 800px) 100vw, 800px\" \/><\/figure>\n\n\n\n<h3 class=\"wp-block-heading\"><strong>Kde se vlastn\u011b\nvzal n\u00e1pad p\u0159ed\u011blat pr\u00e1v\u011b hasi\u010dsk\u00e9 vozy?<\/strong><strong> <\/strong><\/h3>\n\n\n\n<p>Tohle nebyl n\u00e1\u0161 n\u00e1pad. Vzniklo to cel\u00e9 n\u00e1hodou. N\u011bkolik let jsme jezdili s auty na z\u00e1vody Truck Trialu a spali jsme pod stanem, byla n\u00e1m zima, nepohodlno, mokro\u2026 Tak\u017ee jsme se pokukovali po n\u011bjak\u00e9m lep\u0161\u00edm \u0159e\u0161en\u00ed. Tud\u00ed\u017e jsme hledali n\u011bco obytn\u00e9ho za \u201enic\u201c. P\u0159i vyhled\u00e1v\u00e1n\u00ed obyt\u0148\u00e1k\u016f na bazos.cz vylezly i Avie. N\u011bjak jsem tomu prvn\u011b nev\u011bnoval pozornost, zav\u0159el jsem prohl\u00ed\u017ee\u010d a \u0161el n\u011bco d\u011blat. Ov\u0161em, hled\u00e1n\u00ed pokra\u010dovalo, cht\u011bl jsem se pochlubit t\u00edm nicnenalezen\u00edm Kubovi a vzpomn\u011bl jsem si na Avie. Kuba mi to hned vymlouval, vlastn\u011b ne\u0159ekl jedinou pozitivn\u00ed v\u011bc o t\u011bchto autech a fakt si myslel, \u017ee jsem se \u00fapln\u011b zbl\u00e1znil.<\/p>\n\n\n\n<figure class=\"wp-block-image size-large\"><img loading=\"lazy\" decoding=\"async\" width=\"800\" height=\"450\" src=\"https:\/\/all4camper.com\/\/wp-content\/uploads\/2020\/03\/89430816_611806919674946_9138444865372160000_n.jpg\" alt=\"\" class=\"wp-image-85458\" srcset=\"https:\/\/all4camper.com\/wp-content\/uploads\/2020\/03\/89430816_611806919674946_9138444865372160000_n.jpg 800w, https:\/\/all4camper.com\/wp-content\/uploads\/2020\/03\/89430816_611806919674946_9138444865372160000_n-300x169.jpg 300w, https:\/\/all4camper.com\/wp-content\/uploads\/2020\/03\/89430816_611806919674946_9138444865372160000_n-150x84.jpg 150w, https:\/\/all4camper.com\/wp-content\/uploads\/2020\/03\/89430816_611806919674946_9138444865372160000_n-768x432.jpg 768w, https:\/\/all4camper.com\/wp-content\/uploads\/2020\/03\/89430816_611806919674946_9138444865372160000_n-678x381.jpg 678w\" sizes=\"auto, (max-width: 800px) 100vw, 800px\" \/><\/figure>\n\n\n\n<h3 class=\"wp-block-heading\"><strong>Jak jste se tedy k\nvozidlu dostal? <\/strong><\/h3>\n\n\n\n<p>Jak \u0159\u00edk\u00e1m \u2013 bazos.cz. Ale existuj\u00ed i jin\u00e9 weby, specializovan\u00e9 na slo\u017eky IZS (hasi\u010de). V\u0161em bych doporu\u010dil prve pe\u010dliv\u011b prol\u00e9zt v\u0161echny mo\u017en\u00e9 weby. My jsme toho spoustu na\u0161li a\u017e kdy\u017e u\u017e bylo nakoupeno. Nejde ani tak o pen\u00edze (ceny na webech se a\u017e tak neli\u0161\u00ed), ale jde o mnohem v\u011bt\u0161\u00ed v\u00fdb\u011br. Jak jste se pak mohli do\u010d\u00edst, nemaj\u00ed tam jen auta, co\u017e je super.<\/p>\n\n\n\n<h3 class=\"wp-block-heading\"><strong>Popi\u0161te n\u00e1m cel\u00fd\nproces p\u0159estavby?&nbsp;<\/strong><\/h3>\n\n\n\n<p>Tohle je p\u0159ece jen specifick\u00e1 oblast a nejde tu o p\u0159estavbu. <strong>Mus\u00edte se poprat hlavn\u011b s\u00a0legislativou.<\/strong> Prvn\u00ed, co u\u017e mo\u017en\u00e1 spoustu \u010dten\u00e1\u0159\u016f tu\u0161\u00ed, je fakt, \u017ee pot\u0159ebujete \u0159idi\u010dsk\u00fd pr\u016fkaz \u201eC\u201c. A i kdy\u017e m\u00e1te C\u00e9\u010dko, tak nem\u016f\u017eete jen tak jezdit po silnic\u00edch s\u00a0autem v\u00a0barv\u00e1ch IZS. Tak\u017ee p\u0159ijedete si auto prohl\u00eddnout a koupit. Domluv\u00edte se, podep\u00ed\u0161ete smlouvu a je t\u00e9m\u011b\u0159 Va\u0161e. A co d\u00e1l? Tady to pak za\u010d\u00edn\u00e1. Eviden\u010dn\u00ed kontrola \u2013 ha, u\u017e tam mus\u00edte m\u00edt demontovan\u00e9 maj\u00e1ky, v\u010detn\u011b sir\u00e9n. Projdete eviden\u010dn\u00ed kontrolou a m\u016f\u017eete postoupit na p\u0159epis majitele. Te\u010f je auto u\u017e ofiko va\u0161e. Stoj\u00edte na rozcest\u00ed: prvn\u00ed mo\u017enost\u00ed je zachovat \u017eiv\u00fd pap\u00edry \u2013 nic d\u00e1l ned\u011blat (ka\u017ed\u00fd rok STK, pojistka\u2026 finan\u010dn\u011b nesmysl), nebo druh\u00e1 mo\u017enost jsou \u201eV\u201c zna\u010dky. No jo no, uzn\u00e1v\u00e1m, registrace stoj\u00ed (v\u010detn\u011b SPZ a v\u0161ech poplatk\u016f kolem, fotek) cca 6500 K\u010d, ale nemus\u00edte ka\u017ed\u00fd rok na STK a pojistka je 1\/12 norm\u00e1ln\u00ed ceny. Ale pro n\u00e1s bylo d\u016fle\u017eit\u00e9 zachovat celkov\u00fd vzhled. V\u010detn\u011b sir\u00e9ny a maj\u00e1k\u016f! To se povedlo. P\u0159i j\u00edzd\u011b na silnici mus\u00ed b\u00fdt maj\u00e1ky zakryty nepr\u016fhledn\u00fdm obalem. I kdyby je \u0159idi\u010d snad cht\u011bl zapnout, nem\u011blo by to \u017e\u00e1dn\u00e9ho efektu, jde o ochranu proti zneu\u017eit\u00ed. No a te\u010f u\u017e m\u016f\u017eete vyrazit na silnice.<\/p>\n\n\n\n<figure class=\"wp-block-image size-large\"><img loading=\"lazy\" decoding=\"async\" width=\"800\" height=\"450\" src=\"https:\/\/all4camper.com\/\/wp-content\/uploads\/2020\/03\/89430467_196626931566385_2117297660066004992_n.jpg\" alt=\"\" class=\"wp-image-85460\" srcset=\"https:\/\/all4camper.com\/wp-content\/uploads\/2020\/03\/89430467_196626931566385_2117297660066004992_n.jpg 800w, https:\/\/all4camper.com\/wp-content\/uploads\/2020\/03\/89430467_196626931566385_2117297660066004992_n-300x169.jpg 300w, https:\/\/all4camper.com\/wp-content\/uploads\/2020\/03\/89430467_196626931566385_2117297660066004992_n-150x84.jpg 150w, https:\/\/all4camper.com\/wp-content\/uploads\/2020\/03\/89430467_196626931566385_2117297660066004992_n-768x432.jpg 768w, https:\/\/all4camper.com\/wp-content\/uploads\/2020\/03\/89430467_196626931566385_2117297660066004992_n-678x381.jpg 678w\" sizes=\"auto, (max-width: 800px) 100vw, 800px\" \/><\/figure>\n\n\n\n<h3 class=\"wp-block-heading\"><strong>Jak dlouho v\u00e1m to\ntrvalo? <\/strong><\/h3>\n\n\n\n<p>Ot\u00e1zka legislativy byla asi 3 m\u011bs\u00edce. Samotn\u00e1 p\u0159estavba pak trvala asi dva t\u00fddny. V\u00a0t\u00e9 dob\u011b \u0161lo o dva chlapy, kte\u0159\u00ed cht\u011bj\u00ed stihnout a p\u0159e\u017e\u00edt prvn\u00ed z\u00e1vody v\u00a0roce. Proto jsme si tu kr\u00e1sku taky koupili&#8230; Te\u010f, kdy\u017e nad t\u00edm p\u0159em\u00fd\u0161l\u00edm, nikdy jsme to nedokon\u010dili. (sm\u00edch) Cht\u011bli jsme, ale st\u00e1le se situace m\u011bn\u00ed a s n\u00ed i n\u00e1stavba. Prvn\u011b jsem p\u0159i\u0161el na to, \u017ee pot\u0159ebuju postel pro Sama, te\u010f u\u017e pomalu \u0159e\u0161\u00edm i Lukyho. St\u00e1le je co vylep\u0161ovat. Mysl\u00edm, \u017ee nikdy \u017e\u00e1dn\u00e9 na\u0161e auto nebude hotov\u00e9 100%. Ale tak to m\u00e1 asi ka\u017ed\u00fd.<\/p>\n\n\n\n<figure class=\"wp-block-image size-large\"><img loading=\"lazy\" decoding=\"async\" width=\"800\" height=\"450\" src=\"https:\/\/all4camper.com\/\/wp-content\/uploads\/2020\/03\/89025316_230169091445658_8880383988774993920_n.jpg\" alt=\"\" class=\"wp-image-85467\" srcset=\"https:\/\/all4camper.com\/wp-content\/uploads\/2020\/03\/89025316_230169091445658_8880383988774993920_n.jpg 800w, https:\/\/all4camper.com\/wp-content\/uploads\/2020\/03\/89025316_230169091445658_8880383988774993920_n-300x169.jpg 300w, https:\/\/all4camper.com\/wp-content\/uploads\/2020\/03\/89025316_230169091445658_8880383988774993920_n-150x84.jpg 150w, https:\/\/all4camper.com\/wp-content\/uploads\/2020\/03\/89025316_230169091445658_8880383988774993920_n-768x432.jpg 768w, https:\/\/all4camper.com\/wp-content\/uploads\/2020\/03\/89025316_230169091445658_8880383988774993920_n-678x381.jpg 678w\" sizes=\"auto, (max-width: 800px) 100vw, 800px\" \/><\/figure>\n\n\n\n<h3 class=\"wp-block-heading\"><strong>Na jak\u00e1 nejv\u011bt\u0161\u00ed\n\u00faskal\u00ed jste nar\u00e1\u017eel? <\/strong><\/h3>\n\n\n\n<p>Jednozna\u010dn\u011b na legislativu. Te\u010f u\u017e v\u00edme co a jak, ale prvn\u00ed auto byl v\u00e1\u017en\u011b boj. Co se t\u00fd\u010de n\u00e1stavby, tak to je \u00fapln\u00e1 sranda. M\u00e1te k\u00a0dispozici \u00fapln\u011b \u010dist\u00fd pap\u00edr, kter\u00fd si m\u016f\u017eete pomalovat, jak vyhovuje jen v\u00e1m. Neomezuje v\u00e1s t\u00e9m\u011b\u0159 nic. \u017d\u00e1dn\u00e9 p\u0159ep\u00e1\u017eky, \u017e\u00e1dn\u00fd r\u00e1m, v\u0161ude m\u00e1te spoustu m\u00edsta, spoustu dve\u0159\u00ed, mus\u00edte si v\u00a0hlav\u011b porovnat kter\u00e9 budete pou\u017e\u00edvat, kter\u00e9 ud\u011bl\u00e1te \u201ena pevno\u201c a tak d\u00e1le.<\/p>\n\n\n\n<h3 class=\"wp-block-heading\"><strong>Kde jste sh\u00e1n\u011bl\nd\u00edly a vybaven\u00ed? <\/strong><\/h3>\n\n\n\n<p>V\u0161ude. U \u201edobr\u00e1k\u016f\u201c (u dobrovoln\u00fdch hasi\u010dsk\u00fdch sbor\u016f) cel\u00e9 \u010cR maj\u00ed spoustu d\u00edl\u016f, kter\u00e9 jim z\u016fstaly, nebo norm\u00e1ln\u011b v&nbsp;kr\u00e1mu, online&#8230; Ceny jsou naprosto sm\u011b\u0161n\u00e9.<\/p>\n\n\n\n<figure class=\"wp-block-image size-large\"><img loading=\"lazy\" decoding=\"async\" width=\"800\" height=\"450\" src=\"https:\/\/all4camper.com\/\/wp-content\/uploads\/2020\/03\/89249592_659234884847084_7172535276252692480_n.jpg\" alt=\"\" class=\"wp-image-85461\" srcset=\"https:\/\/all4camper.com\/wp-content\/uploads\/2020\/03\/89249592_659234884847084_7172535276252692480_n.jpg 800w, https:\/\/all4camper.com\/wp-content\/uploads\/2020\/03\/89249592_659234884847084_7172535276252692480_n-300x169.jpg 300w, https:\/\/all4camper.com\/wp-content\/uploads\/2020\/03\/89249592_659234884847084_7172535276252692480_n-150x84.jpg 150w, https:\/\/all4camper.com\/wp-content\/uploads\/2020\/03\/89249592_659234884847084_7172535276252692480_n-768x432.jpg 768w, https:\/\/all4camper.com\/wp-content\/uploads\/2020\/03\/89249592_659234884847084_7172535276252692480_n-678x381.jpg 678w\" sizes=\"auto, (max-width: 800px) 100vw, 800px\" \/><\/figure>\n\n\n\n<h3 class=\"wp-block-heading\"><strong>A co motor? <\/strong><\/h3>\n\n\n\n<p>Prvn\u00ed, co m\u011b napadlo, je kou\u0159 a ta \u201ev\u016fn\u011b\u201c. (sm\u00edch) Jestli tohle auto n\u011bco dokonale um\u00ed, tak se studen\u00fdm motorem zakou\u0159it oblast o 1 km \u010dtvere\u010dn\u00edm, a to i proti v\u011btru. Kdo neza\u017eil, ten neuv\u011b\u0159\u00ed. Ta na\u0161e prvn\u00ed 31 m\u011bla od v\u00fdroby (85 rok) najeto 8700 km a stejn\u011b\u2026 Ned\u00fdchatelno. Jestli to jede? Jo (ehee), jede no, neposp\u00edch\u00e1 to nikam, prost\u011b jede sv\u00fdch 80 km\/h. Ale tak nejde p\u0159ece o z\u00e1vod \u017ee. <\/p>\n\n\n\n<h3 class=\"wp-block-heading\"><strong>Pokud to nen\u00ed\ntajemstv\u00edm, na kolik v\u00e1s cel\u00fd tento projekt p\u0159i\u0161el pen\u011bz? <\/strong><\/h3>\n\n\n\n<p>Cenovka (na\u0161\u00ed prvn\u00ed) Avie 25\u00a0000 K\u010d plus legislativa. Plus SD desky, plus izolace, plus el. instalace, plus n\u011bco, plus je\u0161t\u011b n\u011bco, plus zase n\u011bco, plus u\u017e si nepamatuju, co to bylo, plus mark\u00fdza\u2026 Jo a plus vlek. Z\u00e1le\u017e\u00ed, jak se kdo rozmazl\u00ed. (sm\u00edch) Je zde opravdu velk\u00e9 rozmez\u00ed. Dnes jsem schopen ten sam\u00fd projekt ud\u011blat za polovinu ceny. \u0158ekneme, \u017ee startujete na 20\u00a0000 K\u010d (i s\u00a0n\u00e1stavbou). Po\u010d\u00edtejme zde s\u00a0hrub\u00fdm kempov\u00e1n\u00edm pro t\u0159i chlapy. Nic moc pohodl\u00ed cca na 5 \u2013 7 dn\u016f. Cenou m\u016f\u017eete j\u00edt a\u017e na 120\u00a0000 \u2013 150\u00a0000 K\u010d s\u00a0t\u00edm, \u017ee tady se u\u017e bav\u00edme o luxusu (v\u010detn\u011b klimatizace) pro rodinu s\u00a0d\u011btma, tak\u017ee 4 lidi po dobu dvou t\u00fddn\u016f.<\/p>\n\n\n\n<figure class=\"wp-block-image size-large\"><img loading=\"lazy\" decoding=\"async\" width=\"800\" height=\"450\" src=\"https:\/\/all4camper.com\/\/wp-content\/uploads\/2020\/03\/89509098_667555040453534_552810136930877440_n.jpg\" alt=\"\" class=\"wp-image-85462\" srcset=\"https:\/\/all4camper.com\/wp-content\/uploads\/2020\/03\/89509098_667555040453534_552810136930877440_n.jpg 800w, https:\/\/all4camper.com\/wp-content\/uploads\/2020\/03\/89509098_667555040453534_552810136930877440_n-300x169.jpg 300w, https:\/\/all4camper.com\/wp-content\/uploads\/2020\/03\/89509098_667555040453534_552810136930877440_n-150x84.jpg 150w, https:\/\/all4camper.com\/wp-content\/uploads\/2020\/03\/89509098_667555040453534_552810136930877440_n-768x432.jpg 768w, https:\/\/all4camper.com\/wp-content\/uploads\/2020\/03\/89509098_667555040453534_552810136930877440_n-678x381.jpg 678w\" sizes=\"auto, (max-width: 800px) 100vw, 800px\" \/><\/figure>\n\n\n\n<h3 class=\"wp-block-heading\"><strong>Jak se s takov\u00fdm\nvozem cestuje z hlediska pohodl\u00ed pro \u0159idi\u010de?&nbsp;<\/strong><\/h3>\n\n\n\n<p>Super. (sm\u00edch) To se ned\u00e1 popsat, to mus\u00edte za\u017eit! Mysl\u00edm, \u017ee v&nbsp;minul\u00e9m tis\u00edcilet\u00ed to vyu\u017e\u00edvali k&nbsp;mu\u010den\u00ed v\u011bz\u0148\u016f.<\/p>\n\n\n\n<h3 class=\"wp-block-heading\"><strong>Nechyb\u00ed v\u00e1m tedy luxus?<\/strong><\/h3>\n\n\n\n<p>Luxus? Luxus m\u00e1m doma, u\u017e\u00edv\u00e1m si ho t\u00e9m\u011b\u0159 celoro\u010dn\u011b. Pod\u00edvejte se, kolik<br>lid\u00e9 plat\u00ed za z\u00e1\u017eitky spojen\u00e9 s vystoupen\u00edm mimo svou komfortn\u00ed z\u00f3nu. Je to o<br>z\u00e1bav\u011b, p\u0159\u00edstupu. Pro n\u00e1s vlastn\u011b i ta Avie je luxus, vezm\u011bte si, \u017ee jsme<br>d\u0159\u00edve stanovali. Bez topen\u00ed, postele&#8230;<\/p>\n\n\n\n<h3 class=\"wp-block-heading\"><strong>Jak\nvypad\u00e1 \u00fadr\u017eba vozu? <\/strong><\/h3>\n\n\n\n<p>Bez probl\u00e9m\u016f a za p\u00e1r ka\u010dek. Osobn\u011b jezd\u00edm na u\u010dili\u0161t\u011b k\u00a0automechanik\u016fm v Liberci. Tam se kluci aspo\u0148 \u201enau\u010dej\u201c a m\u011b to nestoj\u00ed 1800,- K\u010d\/hodina pr\u00e1ce. Nav\u00edc tady poznaj\u00ed samotn\u00fd z\u00e1klad \u0159emesla. Dneska V\u00e1m pomalu necht\u011bj\u00ed vym\u011bnit ani olej bez diagnostick\u00e9 z\u00e1suvky a n\u00e1sledn\u00e9 tu\u010dn\u00e9 faktury. <\/p>\n\n\n\n<figure class=\"wp-block-image size-large\"><img loading=\"lazy\" decoding=\"async\" width=\"800\" height=\"450\" src=\"https:\/\/all4camper.com\/\/wp-content\/uploads\/2020\/03\/66809951_523601928381628_1252157613039157248_n.jpg\" alt=\"\" class=\"wp-image-85463\" srcset=\"https:\/\/all4camper.com\/wp-content\/uploads\/2020\/03\/66809951_523601928381628_1252157613039157248_n.jpg 800w, https:\/\/all4camper.com\/wp-content\/uploads\/2020\/03\/66809951_523601928381628_1252157613039157248_n-300x169.jpg 300w, https:\/\/all4camper.com\/wp-content\/uploads\/2020\/03\/66809951_523601928381628_1252157613039157248_n-150x84.jpg 150w, https:\/\/all4camper.com\/wp-content\/uploads\/2020\/03\/66809951_523601928381628_1252157613039157248_n-768x432.jpg 768w, https:\/\/all4camper.com\/wp-content\/uploads\/2020\/03\/66809951_523601928381628_1252157613039157248_n-678x381.jpg 678w\" sizes=\"auto, (max-width: 800px) 100vw, 800px\" \/><\/figure>\n\n\n\n<h3 class=\"wp-block-heading\"><strong>Kde v\u0161ude u\u017e jste s Avi\u00ed byl<\/strong> a j<strong>e n\u011bco, v \u010dem V\u00e1m Avie p\u0159ece jen nevyhovuje?<\/strong> <\/h3>\n\n\n\n<p>Zat\u00edm jen po \u010cR. Kdo se trochu zaj\u00edm\u00e1 o Truck Trial, tak v\u00ed. A v \u010dem mi nevyhovuje? Jo! Teploty v\u00a0l\u00e9t\u011b neupros\u00edte, v\u00a0kabin\u011b \u0159idi\u010de se pe\u010dete, motor m\u00e1te vedle sebe. S\u00a0t\u00edm trochu koresponduje i hluk v\u00a0kabin\u011b \u0159idi\u010de. Z\u00e1le\u017e\u00ed znovu na V\u00e1s. M\u016f\u017eete se s\u00a0t\u00edm sm\u00ed\u0159it, nebo v\u0161e odhlu\u010dnit. <\/p>\n\n\n\n<h3 class=\"wp-block-heading\"><strong>S jak\u00fdmi reakcemi\nna sv\u016fj v\u016fz se setk\u00e1v\u00e1te? <\/strong><\/h3>\n\n\n\n<p><strong>Tady d\u00edky za ot\u00e1zku, to je n\u011bco \u00fa\u017easn\u00e9ho.<\/strong> Prvn\u00ed efekt, co jsem zaregistroval, si nech\u00e1m pro sebe. Nebylo by to vhodn\u00e9, strategick\u00e9. Nicm\u00e9n\u011b asi mohu \u0159\u00edct, \u017ee pozdrav mezi slo\u017ekami IZS je p\u0159eci norm\u00e1ln\u00ed. (sm\u00edch) Obrovskou popularitu m\u00e1me u d\u011bt\u00ed. To se v\u00e1\u017en\u011b ned\u00e1 popsat! Jsme popul\u00e1rn\u011bj\u0161\u00ed ne\u017e zmrzlin\u00e1\u0159i. Nav\u00edc, ze st\u0159echy na\u0161\u00ed n\u00e1stavby je kr\u00e1sn\u00fd rozhled. Dosp\u011bl\u00e1ci jsou sp\u00ed\u0161e obez\u0159etn\u00ed, p\u00e1r lid\u00ed se n\u00e1s ptalo: \u201eCo se d\u011bje, kde zasahujete?\u201c<\/p>\n\n\n\n<figure class=\"wp-block-image size-large\"><img loading=\"lazy\" decoding=\"async\" width=\"800\" height=\"450\" src=\"https:\/\/all4camper.com\/\/wp-content\/uploads\/2020\/03\/88240495_3248347888512994_7163632706696249344_n.jpg\" alt=\"\" class=\"wp-image-85464\" srcset=\"https:\/\/all4camper.com\/wp-content\/uploads\/2020\/03\/88240495_3248347888512994_7163632706696249344_n.jpg 800w, https:\/\/all4camper.com\/wp-content\/uploads\/2020\/03\/88240495_3248347888512994_7163632706696249344_n-300x169.jpg 300w, https:\/\/all4camper.com\/wp-content\/uploads\/2020\/03\/88240495_3248347888512994_7163632706696249344_n-150x84.jpg 150w, https:\/\/all4camper.com\/wp-content\/uploads\/2020\/03\/88240495_3248347888512994_7163632706696249344_n-768x432.jpg 768w, https:\/\/all4camper.com\/wp-content\/uploads\/2020\/03\/88240495_3248347888512994_7163632706696249344_n-678x381.jpg 678w\" sizes=\"auto, (max-width: 800px) 100vw, 800px\" \/><\/figure>\n\n\n\n<h3 class=\"wp-block-heading\"><strong>Zm\u011bnil\nse n\u011bjak v\u00e1\u0161 pohled na hasi\u010de?<\/strong><\/h3>\n\n\n\n<p><strong>Pohled na hasi\u010de se u m\u011b ani moc nezm\u011bnil. Byli a jsou to hrdinov\u00e9 s t\u00e9m\u011b\u0159 nadpozemskou schopnost\u00ed. Ka\u017ed\u00fd m\u00e1 samoz\u0159ejm\u011b jinou, proto jich je tolik v jednom sboru.<\/strong> Sp\u00ed\u0161e jsem vice pochopil jejich syst\u00e9m a to, jak funguj\u00ed jako slo\u017eka IZS. M\u016fj syn jim \u0159\u00edk\u00e1 &#8222;hadi\u010d (stoj\u00ed u auta a star\u00e1 se hadice), st\u0159\u00edka\u010d (to je jasn\u00e9, ten dr\u017e\u00ed proudnici a has\u00ed), \u0161\u00e9f\u00edk (ten m\u00e1 vys\u00edla\u010dku v ruce)\u201c. Nejv\u00edce se zm\u011bnil m\u016fj pohled na sektory jim nad\u0159\u00edzen\u00e9 \u2013 na n\u011b se trochu zlob\u00edm. A\u0165 u\u017e jsou to prof\u00edci, nebo dobr\u00e1ci z t\u00e9 nejmen\u0161\u00ed obce, mysl\u00edm, \u017ee ka\u017ed\u00fd hasi\u010dsk\u00fd sbor by zaslou\u017eil xkr\u00e1t v\u00edc, ne\u017e dost\u00e1v\u00e1. A\u0165 u\u017e jde o techniku, nebo pen\u00edze.<\/p>\n\n\n\n<h3 class=\"wp-block-heading\"><strong>A co byl zat\u00edm V\u00e1\u0161 nejsiln\u011bj\u0161\u00ed z\u00e1\u017eitek s\u00a0Avi\u00ed?<\/strong><\/h3>\n\n\n\n<p>Z\u00e1\u017eitek? Je jich stra\u0161n\u011b moc! Nejv\u011bt\u0161\u00ed v\u0161ak byl, kdy\u017e jsme proj\u00ed\u017ed\u011bli ulic\u00ed, kde byla zaparkovan\u00e1 auta na obou krajnic\u00edch. V tu dobu se konala jak\u00e1si m\u00edstn\u00ed slavnost v obci. M\u00edsta k projeti sotva na jeden osob\u00e1k a j\u00e1 se nem\u011bl ani kde oto\u010dit. N\u00e1hle jsem vid\u011bl mezi auty mezeru \u2013 byla tam z\u00e1vora se zna\u010dkou z\u00e1kazu vjezdu. Sotva jsem tam zato\u010dil, \u017ee se pouze oto\u010d\u00edm, p\u0159ib\u011bhli dva ml\u00e1denci, dali z\u00e1voru na stranu a \u00faklonem n\u00e1s p\u0159iv\u00edtali ve VIP z\u00f3n\u011b. A abych nev\u00e1hal vjet, je\u0161t\u011b n\u00e1s povzbuzovali m\u00e1v\u00e1n\u00edm ruky &#8222;honem honem&#8230;&#8220; Tak\u017ee nepl\u00e1novan\u011b a zdarma jsme kempovali a je\u0161t\u011b n\u00e1m cht\u011bli d\u00e1t naj\u00edst. (sm\u00edch)<\/p>\n\n\n\n<figure class=\"wp-block-image size-large\"><img loading=\"lazy\" decoding=\"async\" width=\"800\" height=\"450\" src=\"https:\/\/all4camper.com\/\/wp-content\/uploads\/2020\/03\/89722129_342895863288644_4739708994837282816_n.jpg\" alt=\"\" class=\"wp-image-85465\" srcset=\"https:\/\/all4camper.com\/wp-content\/uploads\/2020\/03\/89722129_342895863288644_4739708994837282816_n.jpg 800w, https:\/\/all4camper.com\/wp-content\/uploads\/2020\/03\/89722129_342895863288644_4739708994837282816_n-300x169.jpg 300w, https:\/\/all4camper.com\/wp-content\/uploads\/2020\/03\/89722129_342895863288644_4739708994837282816_n-150x84.jpg 150w, https:\/\/all4camper.com\/wp-content\/uploads\/2020\/03\/89722129_342895863288644_4739708994837282816_n-768x432.jpg 768w, https:\/\/all4camper.com\/wp-content\/uploads\/2020\/03\/89722129_342895863288644_4739708994837282816_n-678x381.jpg 678w\" sizes=\"auto, (max-width: 800px) 100vw, 800px\" \/><\/figure>\n\n\n\n<h3 class=\"wp-block-heading\"><strong>Cel\u00e9 v\u00e1s to nadchlo natolik, \u017ee va\u0161e aktivita v t\u00e9to rovin\u011b pokra\u010duje a bude dal\u0161\u00ed Avie. Prozra\u010fte n\u00e1m jak a pro koho? <\/strong><\/h3>\n\n\n\n<p>U\u017e jsem se zm\u00ednil o posledn\u00edm p\u0159\u00edr\u016fstku \u2013 Fugon (pracovn\u00ed ozna\u010den\u00ed Furgo\u0161). Furgo\u0161e se ujmuli moji rodi\u010de. Je te\u010f ve f\u00e1zi vyprazd\u0148ov\u00e1n\u00ed. Likvidujeme v\u0161e, co je uvnit\u0159. V\u0161echno hasi\u010dsk\u00fd mus\u00ed pry\u010d \u2013 a\u0165 m\u00e1me pr\u00e1zdn\u00fd pap\u00edr na stavbu obytky. <strong>Mluv\u00edm zde o lep\u0161\u00ed verzi pro dva d\u016fchodce plus eventu\u00e1ln\u011b dv\u011b vnou\u010data. <\/strong><\/p>\n\n\n\n<h3 class=\"wp-block-heading\"><strong>Ona je to vlastn\u011b i tak trochu v\u00fdzva,kdy hled\u00e1te pomocn\u00edky. Tak\u017ee jak v\u00e1m mohou karavanist\u00e9 pomoci? <\/strong><\/h3>\n\n\n\n<p>Jo, tohle by nem\u011blo b\u00fdt takzvan\u00e9 DODO \u2013 DOd\u011blej si DOma. Tohle (my\u0161lena \u00faprava pro rodi\u010de) toti\u017e nen\u00ed \u00fapln\u011b tradi\u010dn\u00ed \u00faprava (nap\u0159\u00edklad Sprinteru, Masteru). <strong>R\u00e1d bych se setkal s\u00a0n\u011bk\u00fdm, kdo v\u00a0tomhle oboru m\u00e1 praxi a byl by schopen a ochoten n\u00e1m d\u00e1t na st\u016fl n\u00e1vrh, p\u0159\u00edpadn\u011b to pomohl zrealizovat. <\/strong>Jako kompenzaci nab\u00edz\u00edm venkovn\u00ed prostor na zmi\u0148ovan\u00e9 Avii &#8211; v\u0161ak kdo by necht\u011bl m\u00edt reklamu sv\u00e9 firmy, kter\u00e9 si ka\u017ed\u00fd v\u00a0kempu v\u0161imne, po dobu n\u011bkolika let. (sm\u00edch). Pokud se n\u011bkdo takov\u00fd najde, moc d\u011bkuju!<\/p>\n\n\n\n<p>Rodi\u010de &#8211; d\u016fchodci, na rozd\u00edl od n\u00e1s fand\u016f Truck Trialu, maj\u00ed \u010das po dobu cel\u00e9ho l\u00e9ta kempovat, proto bych se jim r\u00e1d postaral o pohodlnost, prakti\u010dnost. Ale tohle u\u017e s\u00e1m asi nezvl\u00e1dnu.<\/p>\n\n\n\n<figure class=\"wp-block-image size-large\"><img loading=\"lazy\" decoding=\"async\" width=\"800\" height=\"450\" src=\"https:\/\/all4camper.com\/\/wp-content\/uploads\/2020\/03\/89263597_132636798187243_8207468913932369920_n.jpg\" alt=\"\" class=\"wp-image-85466\" srcset=\"https:\/\/all4camper.com\/wp-content\/uploads\/2020\/03\/89263597_132636798187243_8207468913932369920_n.jpg 800w, https:\/\/all4camper.com\/wp-content\/uploads\/2020\/03\/89263597_132636798187243_8207468913932369920_n-300x169.jpg 300w, https:\/\/all4camper.com\/wp-content\/uploads\/2020\/03\/89263597_132636798187243_8207468913932369920_n-150x84.jpg 150w, https:\/\/all4camper.com\/wp-content\/uploads\/2020\/03\/89263597_132636798187243_8207468913932369920_n-768x432.jpg 768w, https:\/\/all4camper.com\/wp-content\/uploads\/2020\/03\/89263597_132636798187243_8207468913932369920_n-678x381.jpg 678w\" sizes=\"auto, (max-width: 800px) 100vw, 800px\" \/><\/figure>\n\n\n\n<p>Milo\u0161i. Moc d\u011bkuji za kr\u00e1sn\u00fd rozhovor a budu doufat, \u017ee se nejen najde n\u011bkdo, kdo Ti pom\u016f\u017ee s p\u0159\u00edpravou Avie pro rodi\u010de, ale \u017ee stejn\u011b jako my, i ty propadne\u0161 kouzlu karavaningu a brzy se potk\u00e1me n\u011bkde na cest\u00e1ch. A to nejen my dva, ale i s ostatn\u00edmi nad\u0161enci \u017eivotn\u00edho stylu jm\u00e9nem karavaning. Email, kam p\u0159\u00edpadn\u011b m\u016f\u017eete napsat Milo\u0161ovi s radou a pomoc\u00ed je Milos.soucek@gmail.com <\/p>\n","protected":false},"excerpt":{"rendered":"<p>Milo\u0161 Sou\u010dek je opravdu neobvykl\u00fd kempa\u0159, a pokud ne on, tak rozhodn\u011b neobvyklost\u00ed h\u00fd\u0159\u00ed jeho dopravn\u00ed prost\u0159edek. Na cesty se toti\u017e vyd\u00e1v\u00e1 s\u00a0upravenou hasi\u010dskou Avi\u00ed. Jak to v\u0161echno vzniklo a co origin\u00e1ln\u00edho chyst\u00e1, si nyn\u00ed m\u016f\u017eete p\u0159e\u010d\u00edst v dne\u0161n\u00edm p\u0159\u00edsp\u011bvku, kter\u00fd s radost\u00ed vyd\u00e1v\u00e1me, nebo\u0165 je fajn se dozv\u00eddat jak kdo z v\u00e1s &#8222;karavanuje&#8220;. Vezm\u011bme [&hellip;]<\/p>\n","protected":false},"author":161,"featured_media":85457,"comment_status":"closed","ping_status":"open","sticky":false,"template":"","format":"standard","meta":{"_monsterinsights_skip_tracking":false,"_monsterinsights_sitenote_active":false,"_monsterinsights_sitenote_note":"","_monsterinsights_sitenote_category":0,"footnotes":""},"categories":[368],"tags":[9364,343],"class_list":{"0":"post-85452","1":"post","2":"type-post","3":"status-publish","4":"format-standard","5":"has-post-thumbnail","7":"category-magazin_all4camper","8":"tag-karavanistemezinami","9":"tag-rozhovory"},"yoast_head":"<!-- This site is optimized with the Yoast SEO plugin v27.5 - https:\/\/yoast.com\/product\/yoast-seo-wordpress\/ -->\n<title>Nehasi\u010di aneb Origin\u00e1ln\u00ed kempov\u00e1n\u00ed v obytn\u00e9 Avii - All4Camper<\/title>\n<meta name=\"description\" content=\"All4Camper - Nehasi\u010di aneb Origin\u00e1ln\u00ed kempov\u00e1n\u00ed v obytn\u00e9 Avii\" \/>\n<meta name=\"robots\" content=\"index, follow, max-snippet:-1, max-image-preview:large, max-video-preview:-1\" \/>\n<link rel=\"canonical\" href=\"https:\/\/all4camper.com\/cs\/nehasici-aneb-originalni-kempovani-v-obytne-avii\/\" \/>\n<meta property=\"og:locale\" content=\"cs_CZ\" \/>\n<meta property=\"og:type\" content=\"article\" \/>\n<meta property=\"og:title\" content=\"Nehasi\u010di aneb Origin\u00e1ln\u00ed kempov\u00e1n\u00ed v obytn\u00e9 Avii - All4Camper\" \/>\n<meta property=\"og:description\" content=\"All4Camper - Nehasi\u010di aneb Origin\u00e1ln\u00ed kempov\u00e1n\u00ed v obytn\u00e9 Avii\" \/>\n<meta property=\"og:url\" content=\"https:\/\/all4camper.com\/cs\/nehasici-aneb-originalni-kempovani-v-obytne-avii\/\" \/>\n<meta property=\"og:site_name\" content=\"All4Camper\" \/>\n<meta property=\"article:published_time\" content=\"2020-03-12T12:23:38+00:00\" \/>\n<meta property=\"article:modified_time\" content=\"2022-12-13T14:08:26+00:00\" \/>\n<meta property=\"og:image\" content=\"https:\/\/all4camper.com\/wp-content\/uploads\/2020\/03\/89347582_498147224208716_4704455224666882048_n.jpg\" \/>\n\t<meta property=\"og:image:width\" content=\"800\" \/>\n\t<meta property=\"og:image:height\" content=\"450\" \/>\n\t<meta property=\"og:image:type\" content=\"image\/jpeg\" \/>\n<meta name=\"author\" content=\"Kate\u0159ina\" \/>\n<meta name=\"twitter:card\" content=\"summary_large_image\" \/>\n<meta name=\"twitter:label1\" content=\"Napsal(a)\" \/>\n\t<meta name=\"twitter:data1\" content=\"Kate\u0159ina\" \/>\n\t<meta name=\"twitter:label2\" content=\"Odhadovan\u00e1 doba \u010dten\u00ed\" \/>\n\t<meta name=\"twitter:data2\" content=\"13 minut\" \/>\n<script type=\"application\/ld+json\" class=\"yoast-schema-graph\">{\"@context\":\"https:\\\/\\\/schema.org\",\"@graph\":[{\"@type\":\"Article\",\"@id\":\"https:\\\/\\\/all4camper.com\\\/cs\\\/nehasici-aneb-originalni-kempovani-v-obytne-avii\\\/#article\",\"isPartOf\":{\"@id\":\"https:\\\/\\\/all4camper.com\\\/cs\\\/nehasici-aneb-originalni-kempovani-v-obytne-avii\\\/\"},\"author\":{\"name\":\"Kate\u0159ina\",\"@id\":\"https:\\\/\\\/all4camper.com\\\/cs\\\/#\\\/schema\\\/person\\\/9349489688d4c221ca0fc39ae6bcb70b\"},\"headline\":\"Nehasi\u010di aneb Origin\u00e1ln\u00ed kempov\u00e1n\u00ed v obytn\u00e9 Avii\",\"datePublished\":\"2020-03-12T12:23:38+00:00\",\"dateModified\":\"2022-12-13T14:08:26+00:00\",\"mainEntityOfPage\":{\"@id\":\"https:\\\/\\\/all4camper.com\\\/cs\\\/nehasici-aneb-originalni-kempovani-v-obytne-avii\\\/\"},\"wordCount\":2582,\"publisher\":{\"@id\":\"https:\\\/\\\/all4camper.com\\\/cs\\\/#organization\"},\"image\":{\"@id\":\"https:\\\/\\\/all4camper.com\\\/cs\\\/nehasici-aneb-originalni-kempovani-v-obytne-avii\\\/#primaryimage\"},\"thumbnailUrl\":\"https:\\\/\\\/all4camper.com\\\/wp-content\\\/uploads\\\/2020\\\/03\\\/89347582_498147224208716_4704455224666882048_n.jpg\",\"keywords\":[\"karavanist\u00e9mezin\u00e1mi\",\"Rozhovory\"],\"articleSection\":[\"\u010cten\u00ed na cesty\"],\"inLanguage\":\"cs\"},{\"@type\":\"WebPage\",\"@id\":\"https:\\\/\\\/all4camper.com\\\/cs\\\/nehasici-aneb-originalni-kempovani-v-obytne-avii\\\/\",\"url\":\"https:\\\/\\\/all4camper.com\\\/cs\\\/nehasici-aneb-originalni-kempovani-v-obytne-avii\\\/\",\"name\":\"Nehasi\u010di aneb Origin\u00e1ln\u00ed kempov\u00e1n\u00ed v obytn\u00e9 Avii - All4Camper\",\"isPartOf\":{\"@id\":\"https:\\\/\\\/all4camper.com\\\/cs\\\/#website\"},\"primaryImageOfPage\":{\"@id\":\"https:\\\/\\\/all4camper.com\\\/cs\\\/nehasici-aneb-originalni-kempovani-v-obytne-avii\\\/#primaryimage\"},\"image\":{\"@id\":\"https:\\\/\\\/all4camper.com\\\/cs\\\/nehasici-aneb-originalni-kempovani-v-obytne-avii\\\/#primaryimage\"},\"thumbnailUrl\":\"https:\\\/\\\/all4camper.com\\\/wp-content\\\/uploads\\\/2020\\\/03\\\/89347582_498147224208716_4704455224666882048_n.jpg\",\"datePublished\":\"2020-03-12T12:23:38+00:00\",\"dateModified\":\"2022-12-13T14:08:26+00:00\",\"description\":\"All4Camper - Nehasi\u010di aneb Origin\u00e1ln\u00ed kempov\u00e1n\u00ed v obytn\u00e9 Avii\",\"breadcrumb\":{\"@id\":\"https:\\\/\\\/all4camper.com\\\/cs\\\/nehasici-aneb-originalni-kempovani-v-obytne-avii\\\/#breadcrumb\"},\"inLanguage\":\"cs\",\"potentialAction\":[{\"@type\":\"ReadAction\",\"target\":[\"https:\\\/\\\/all4camper.com\\\/cs\\\/nehasici-aneb-originalni-kempovani-v-obytne-avii\\\/\"]}]},{\"@type\":\"ImageObject\",\"inLanguage\":\"cs\",\"@id\":\"https:\\\/\\\/all4camper.com\\\/cs\\\/nehasici-aneb-originalni-kempovani-v-obytne-avii\\\/#primaryimage\",\"url\":\"https:\\\/\\\/all4camper.com\\\/wp-content\\\/uploads\\\/2020\\\/03\\\/89347582_498147224208716_4704455224666882048_n.jpg\",\"contentUrl\":\"https:\\\/\\\/all4camper.com\\\/wp-content\\\/uploads\\\/2020\\\/03\\\/89347582_498147224208716_4704455224666882048_n.jpg\",\"width\":800,\"height\":450},{\"@type\":\"BreadcrumbList\",\"@id\":\"https:\\\/\\\/all4camper.com\\\/cs\\\/nehasici-aneb-originalni-kempovani-v-obytne-avii\\\/#breadcrumb\",\"itemListElement\":[{\"@type\":\"ListItem\",\"position\":1,\"name\":\"Dom\u016f\",\"item\":\"https:\\\/\\\/all4camper.com\\\/cs\\\/\"},{\"@type\":\"ListItem\",\"position\":2,\"name\":\"\u010cten\u00ed na cesty\",\"item\":\"https:\\\/\\\/all4camper.com\\\/cs\\\/category\\\/magazin_all4camper\\\/\"},{\"@type\":\"ListItem\",\"position\":3,\"name\":\"Nehasi\u010di aneb Origin\u00e1ln\u00ed kempov\u00e1n\u00ed v obytn\u00e9 Avii\"}]},{\"@type\":\"WebSite\",\"@id\":\"https:\\\/\\\/all4camper.com\\\/cs\\\/#website\",\"url\":\"https:\\\/\\\/all4camper.com\\\/cs\\\/\",\"name\":\"All4Camper\",\"description\":\"Nejv\u011bt\u0161\u00ed online magaz\u00edn o kempov\u00e1n\u00ed a karavaninku. V\u00edce jak 900 \u010dl\u00e1nk\u016f pln\u00fdch rad a tip\u016f o kempech a kempov\u00e1n\u00ed.\",\"publisher\":{\"@id\":\"https:\\\/\\\/all4camper.com\\\/cs\\\/#organization\"},\"potentialAction\":[{\"@type\":\"SearchAction\",\"target\":{\"@type\":\"EntryPoint\",\"urlTemplate\":\"https:\\\/\\\/all4camper.com\\\/cs\\\/?s={search_term_string}\"},\"query-input\":{\"@type\":\"PropertyValueSpecification\",\"valueRequired\":true,\"valueName\":\"search_term_string\"}}],\"inLanguage\":\"cs\"},{\"@type\":\"Organization\",\"@id\":\"https:\\\/\\\/all4camper.com\\\/cs\\\/#organization\",\"name\":\"All4Camper - kempujeme s Kl\u00e1rou\",\"url\":\"https:\\\/\\\/all4camper.com\\\/cs\\\/\",\"logo\":{\"@type\":\"ImageObject\",\"inLanguage\":\"cs\",\"@id\":\"https:\\\/\\\/all4camper.com\\\/cs\\\/#\\\/schema\\\/logo\\\/image\\\/\",\"url\":\"https:\\\/\\\/all4camper.com\\\/wp-content\\\/uploads\\\/2018\\\/09\\\/novelogo.png\",\"contentUrl\":\"https:\\\/\\\/all4camper.com\\\/wp-content\\\/uploads\\\/2018\\\/09\\\/novelogo.png\",\"width\":1520,\"height\":600,\"caption\":\"All4Camper - kempujeme s Kl\u00e1rou\"},\"image\":{\"@id\":\"https:\\\/\\\/all4camper.com\\\/cs\\\/#\\\/schema\\\/logo\\\/image\\\/\"}},{\"@type\":\"Person\",\"@id\":\"https:\\\/\\\/all4camper.com\\\/cs\\\/#\\\/schema\\\/person\\\/9349489688d4c221ca0fc39ae6bcb70b\",\"name\":\"Kate\u0159ina\",\"url\":\"https:\\\/\\\/all4camper.com\\\/cs\\\/author\\\/kterina\\\/\"}]}<\/script>\n<!-- \/ Yoast SEO plugin. -->","yoast_head_json":{"title":"Nehasi\u010di aneb Origin\u00e1ln\u00ed kempov\u00e1n\u00ed v obytn\u00e9 Avii - All4Camper","description":"All4Camper - Nehasi\u010di aneb Origin\u00e1ln\u00ed kempov\u00e1n\u00ed v obytn\u00e9 Avii","robots":{"index":"index","follow":"follow","max-snippet":"max-snippet:-1","max-image-preview":"max-image-preview:large","max-video-preview":"max-video-preview:-1"},"canonical":"https:\/\/all4camper.com\/cs\/nehasici-aneb-originalni-kempovani-v-obytne-avii\/","og_locale":"cs_CZ","og_type":"article","og_title":"Nehasi\u010di aneb Origin\u00e1ln\u00ed kempov\u00e1n\u00ed v obytn\u00e9 Avii - All4Camper","og_description":"All4Camper - Nehasi\u010di aneb Origin\u00e1ln\u00ed kempov\u00e1n\u00ed v obytn\u00e9 Avii","og_url":"https:\/\/all4camper.com\/cs\/nehasici-aneb-originalni-kempovani-v-obytne-avii\/","og_site_name":"All4Camper","article_published_time":"2020-03-12T12:23:38+00:00","article_modified_time":"2022-12-13T14:08:26+00:00","og_image":[{"width":800,"height":450,"url":"https:\/\/all4camper.com\/wp-content\/uploads\/2020\/03\/89347582_498147224208716_4704455224666882048_n.jpg","type":"image\/jpeg"}],"author":"Kate\u0159ina","twitter_card":"summary_large_image","twitter_misc":{"Napsal(a)":"Kate\u0159ina","Odhadovan\u00e1 doba \u010dten\u00ed":"13 minut"},"schema":{"@context":"https:\/\/schema.org","@graph":[{"@type":"Article","@id":"https:\/\/all4camper.com\/cs\/nehasici-aneb-originalni-kempovani-v-obytne-avii\/#article","isPartOf":{"@id":"https:\/\/all4camper.com\/cs\/nehasici-aneb-originalni-kempovani-v-obytne-avii\/"},"author":{"name":"Kate\u0159ina","@id":"https:\/\/all4camper.com\/cs\/#\/schema\/person\/9349489688d4c221ca0fc39ae6bcb70b"},"headline":"Nehasi\u010di aneb Origin\u00e1ln\u00ed kempov\u00e1n\u00ed v obytn\u00e9 Avii","datePublished":"2020-03-12T12:23:38+00:00","dateModified":"2022-12-13T14:08:26+00:00","mainEntityOfPage":{"@id":"https:\/\/all4camper.com\/cs\/nehasici-aneb-originalni-kempovani-v-obytne-avii\/"},"wordCount":2582,"publisher":{"@id":"https:\/\/all4camper.com\/cs\/#organization"},"image":{"@id":"https:\/\/all4camper.com\/cs\/nehasici-aneb-originalni-kempovani-v-obytne-avii\/#primaryimage"},"thumbnailUrl":"https:\/\/all4camper.com\/wp-content\/uploads\/2020\/03\/89347582_498147224208716_4704455224666882048_n.jpg","keywords":["karavanist\u00e9mezin\u00e1mi","Rozhovory"],"articleSection":["\u010cten\u00ed na cesty"],"inLanguage":"cs"},{"@type":"WebPage","@id":"https:\/\/all4camper.com\/cs\/nehasici-aneb-originalni-kempovani-v-obytne-avii\/","url":"https:\/\/all4camper.com\/cs\/nehasici-aneb-originalni-kempovani-v-obytne-avii\/","name":"Nehasi\u010di aneb Origin\u00e1ln\u00ed kempov\u00e1n\u00ed v obytn\u00e9 Avii - All4Camper","isPartOf":{"@id":"https:\/\/all4camper.com\/cs\/#website"},"primaryImageOfPage":{"@id":"https:\/\/all4camper.com\/cs\/nehasici-aneb-originalni-kempovani-v-obytne-avii\/#primaryimage"},"image":{"@id":"https:\/\/all4camper.com\/cs\/nehasici-aneb-originalni-kempovani-v-obytne-avii\/#primaryimage"},"thumbnailUrl":"https:\/\/all4camper.com\/wp-content\/uploads\/2020\/03\/89347582_498147224208716_4704455224666882048_n.jpg","datePublished":"2020-03-12T12:23:38+00:00","dateModified":"2022-12-13T14:08:26+00:00","description":"All4Camper - Nehasi\u010di aneb Origin\u00e1ln\u00ed kempov\u00e1n\u00ed v obytn\u00e9 Avii","breadcrumb":{"@id":"https:\/\/all4camper.com\/cs\/nehasici-aneb-originalni-kempovani-v-obytne-avii\/#breadcrumb"},"inLanguage":"cs","potentialAction":[{"@type":"ReadAction","target":["https:\/\/all4camper.com\/cs\/nehasici-aneb-originalni-kempovani-v-obytne-avii\/"]}]},{"@type":"ImageObject","inLanguage":"cs","@id":"https:\/\/all4camper.com\/cs\/nehasici-aneb-originalni-kempovani-v-obytne-avii\/#primaryimage","url":"https:\/\/all4camper.com\/wp-content\/uploads\/2020\/03\/89347582_498147224208716_4704455224666882048_n.jpg","contentUrl":"https:\/\/all4camper.com\/wp-content\/uploads\/2020\/03\/89347582_498147224208716_4704455224666882048_n.jpg","width":800,"height":450},{"@type":"BreadcrumbList","@id":"https:\/\/all4camper.com\/cs\/nehasici-aneb-originalni-kempovani-v-obytne-avii\/#breadcrumb","itemListElement":[{"@type":"ListItem","position":1,"name":"Dom\u016f","item":"https:\/\/all4camper.com\/cs\/"},{"@type":"ListItem","position":2,"name":"\u010cten\u00ed na cesty","item":"https:\/\/all4camper.com\/cs\/category\/magazin_all4camper\/"},{"@type":"ListItem","position":3,"name":"Nehasi\u010di aneb Origin\u00e1ln\u00ed kempov\u00e1n\u00ed v obytn\u00e9 Avii"}]},{"@type":"WebSite","@id":"https:\/\/all4camper.com\/cs\/#website","url":"https:\/\/all4camper.com\/cs\/","name":"All4Camper","description":"Nejv\u011bt\u0161\u00ed online magaz\u00edn o kempov\u00e1n\u00ed a karavaninku. V\u00edce jak 900 \u010dl\u00e1nk\u016f pln\u00fdch rad a tip\u016f o kempech a kempov\u00e1n\u00ed.","publisher":{"@id":"https:\/\/all4camper.com\/cs\/#organization"},"potentialAction":[{"@type":"SearchAction","target":{"@type":"EntryPoint","urlTemplate":"https:\/\/all4camper.com\/cs\/?s={search_term_string}"},"query-input":{"@type":"PropertyValueSpecification","valueRequired":true,"valueName":"search_term_string"}}],"inLanguage":"cs"},{"@type":"Organization","@id":"https:\/\/all4camper.com\/cs\/#organization","name":"All4Camper - kempujeme s Kl\u00e1rou","url":"https:\/\/all4camper.com\/cs\/","logo":{"@type":"ImageObject","inLanguage":"cs","@id":"https:\/\/all4camper.com\/cs\/#\/schema\/logo\/image\/","url":"https:\/\/all4camper.com\/wp-content\/uploads\/2018\/09\/novelogo.png","contentUrl":"https:\/\/all4camper.com\/wp-content\/uploads\/2018\/09\/novelogo.png","width":1520,"height":600,"caption":"All4Camper - kempujeme s Kl\u00e1rou"},"image":{"@id":"https:\/\/all4camper.com\/cs\/#\/schema\/logo\/image\/"}},{"@type":"Person","@id":"https:\/\/all4camper.com\/cs\/#\/schema\/person\/9349489688d4c221ca0fc39ae6bcb70b","name":"Kate\u0159ina","url":"https:\/\/all4camper.com\/cs\/author\/kterina\/"}]}},"_links":{"self":[{"href":"https:\/\/all4camper.com\/cs\/wp-json\/wp\/v2\/posts\/85452","targetHints":{"allow":["GET"]}}],"collection":[{"href":"https:\/\/all4camper.com\/cs\/wp-json\/wp\/v2\/posts"}],"about":[{"href":"https:\/\/all4camper.com\/cs\/wp-json\/wp\/v2\/types\/post"}],"author":[{"embeddable":true,"href":"https:\/\/all4camper.com\/cs\/wp-json\/wp\/v2\/users\/161"}],"replies":[{"embeddable":true,"href":"https:\/\/all4camper.com\/cs\/wp-json\/wp\/v2\/comments?post=85452"}],"version-history":[{"count":0,"href":"https:\/\/all4camper.com\/cs\/wp-json\/wp\/v2\/posts\/85452\/revisions"}],"wp:featuredmedia":[{"embeddable":true,"href":"https:\/\/all4camper.com\/cs\/wp-json\/wp\/v2\/media\/85457"}],"wp:attachment":[{"href":"https:\/\/all4camper.com\/cs\/wp-json\/wp\/v2\/media?parent=85452"}],"wp:term":[{"taxonomy":"category","embeddable":true,"href":"https:\/\/all4camper.com\/cs\/wp-json\/wp\/v2\/categories?post=85452"},{"taxonomy":"post_tag","embeddable":true,"href":"https:\/\/all4camper.com\/cs\/wp-json\/wp\/v2\/tags?post=85452"}],"curies":[{"name":"wp","href":"https:\/\/api.w.org\/{rel}","templated":true}]}}