{"id":85065,"date":"2020-02-03T14:45:23","date_gmt":"2020-02-03T13:45:23","guid":{"rendered":"https:\/\/all4camper.com\/\/?p=85065"},"modified":"2021-03-12T13:02:20","modified_gmt":"2021-03-12T12:02:20","slug":"kempujeme-bez-deti-jake-kempy-jsou-jen-pro-dospele-v-evrope","status":"publish","type":"post","link":"https:\/\/all4camper.com\/cs\/kempujeme-bez-deti-jake-kempy-jsou-jen-pro-dospele-v-evrope\/","title":{"rendered":"Kempujeme bez d\u011bt\u00ed &#8211; jak\u00e9 kempy jsou jen pro dosp\u011bl\u00e9 v Evrop\u011b"},"content":{"rendered":"\n<h4 class=\"wp-block-heading\">Na na\u0161em \u017eivotn\u00edm stylu je perfektn\u00ed to, \u017ee jde nap\u0159\u00ed\u010d v\u0161emi generacemi. Kempuj\u00ed jak mlad\u00ed, co je\u0161t\u011b nemaj\u00ed d\u011bti, tak rodiny s d\u011btmi a samoz\u0159ejm\u011b pak my (ano, u\u017e i j\u00e1 s Dav\u00edm do t\u00e9to kategorie pat\u0159\u00edme), kter\u00e9 d\u011bti opustily s informac\u00ed, \u017ee u\u017e bylo kempov\u00e1n\u00ed dost a hledaj\u00ed si vlastn\u00ed cestu tr\u00e1ven\u00ed dovolen\u00e9. No a p\u0159esn\u011b pro n\u00e1s je tento m\u016fj dne\u0161n\u00ed \u010dl\u00e1nek ur\u010den. Samoz\u0159ejm\u011b to nen\u00ed nic proti d\u011btem, ale popravd\u011b &#8211; nen\u00ed fajn, kdy\u017e si ob\u010das m\u016f\u017eeme zajet do kempu, kde je u\u017e trochu v\u011bt\u0161\u00ed klid a d\u011bti v n\u011bm nejsou?<\/h4>\n\n\n\n<figure class=\"wp-block-image size-large\"><img loading=\"lazy\" decoding=\"async\" width=\"640\" height=\"426\" src=\"https:\/\/all4camper.com\/\/wp-content\/uploads\/2020\/02\/kempy-bez-d\u011bt\u00ed.jpg\" alt=\"\" class=\"wp-image-85066\" srcset=\"https:\/\/all4camper.com\/wp-content\/uploads\/2020\/02\/kempy-bez-d\u011bt\u00ed.jpg 640w, https:\/\/all4camper.com\/wp-content\/uploads\/2020\/02\/kempy-bez-d\u011bt\u00ed-300x200.jpg 300w, https:\/\/all4camper.com\/wp-content\/uploads\/2020\/02\/kempy-bez-d\u011bt\u00ed-150x100.jpg 150w\" sizes=\"auto, (max-width: 640px) 100vw, 640px\" \/><\/figure>\n\n\n\n<h4 class=\"wp-block-heading\">P\u00e1r informac\u00ed na za\u010d\u00e1tek<\/h4>\n\n\n\n<p>Je pravda, \u017ee v\u011bt\u0161ina kemp\u016f je uzp\u016fsobena pr\u00e1v\u011b pro tr\u00e1ven\u00ed dovolen\u00e9 s d\u011btmi s c\u00edlem poskytnout jim perfektn\u00ed z\u00e1\u017eitek a d\u011btem plno z\u00e1bavy. Nicm\u00e9n\u011b existuj\u00ed pr\u00e1v\u011b i kempy pouze pro dosp\u011bl\u00e9. B\u00fdvaj\u00ed ozna\u010dov\u00e1n\u00ed jako &#8222;\u00dc14&#8220;, &#8222;50 +&#8220; \u010di Seniorencamping. Dle toho je pr\u00e1v\u011b m\u016f\u017eete vyhledat. <\/p>\n\n\n\n<h4 class=\"wp-block-heading\">Co znamen\u00e1 co<\/h4>\n\n\n\n<ul class=\"wp-block-list\"><li><strong> \u00dc14 <\/strong>&#8211; kempov\u00e1n\u00ed s d\u011btmi je povoleno, ale jejich v\u011bk mus\u00ed b\u00fdt 14+. Nenajdete v nich d\u011btsk\u00e1 h\u0159i\u0161t\u011b, nej\u010dast\u011bji b\u00fdvaj\u00ed pobl\u00ed\u017e l\u00e1ze\u0148sk\u00fdch m\u011bst a jejich c\u00edlem je zajisti klid a relaxaci sv\u00fdm n\u00e1v\u0161t\u011bvn\u00edk\u016fm.<\/li><li><strong>Camping 50plus<\/strong> <strong>\u010di Seniorencamping<\/strong>  &#8211; v t\u011bchto kempech nen\u00ed mo\u017en\u00e9 kempovat, pokud jste nedos\u00e1hli zmi\u0148ovan\u00e9ho pades\u00e1t\u00e9ho roku. I kdy\u017e na prvn\u00ed pohled to m\u016f\u017ee p\u016fsobit tak, \u017ee je v nich klid a ticho, opak \u010dasto b\u00fdv\u00e1 pravdou. V t\u011bchto kempech jede z\u00e1bava na pln\u00e9 pecky, ale je ur\u010dena senior\u016fm. Tak\u017ee ve\u010d\u00edrky, party, animace, ale tak\u00e9 wellness, relaxace a prostorn\u00e9 a klidn\u00e9 pozemky.<\/li><\/ul>\n\n\n\n<h3 class=\"wp-block-heading\">Kempy bez d\u011bt\u00ed &#8211; n\u011bkolik tip\u016f<\/h3>\n\n\n\n<h4 class=\"wp-block-heading\"><strong>Camping u dvou O\u0159ech\u016f &#8211; \u010cesk\u00e1 republika<\/strong><\/h4>\n\n\n\n<p>Zn\u00ed to a\u017e neuv\u011b\u0159iteln\u011b, ale i u n\u00e1s v \u010cesk\u00e9 republice m\u00e1me jeden takov\u00fd kemp. Najdete jej na \u0160umav\u011b a mrkn\u011bte na jeho str\u00e1nky. T\u0159eba v\u00e1s zaujme natolik, \u017ee jej nav\u0161t\u00edv\u00edte.  <a rel=\"noreferrer noopener\" aria-label=\" (opens in a new tab)\" href=\"https:\/\/www.camping-tsjechie.nl\/\" target=\"_blank\">camping-tsjechie.nl<\/a>. M\u016f\u017eete do n\u011bj s d\u011btmi od 15 let a otev\u0159en je od dubna do z\u00e1\u0159\u00ed.<\/p>\n\n\n\n<figure class=\"wp-block-image size-large\"><img loading=\"lazy\" decoding=\"async\" width=\"900\" height=\"675\" src=\"https:\/\/all4camper.com\/\/wp-content\/uploads\/2020\/02\/U-Dvou-Orechu.jpg\" alt=\"\" class=\"wp-image-85067\" srcset=\"https:\/\/all4camper.com\/wp-content\/uploads\/2020\/02\/U-Dvou-Orechu.jpg 900w, https:\/\/all4camper.com\/wp-content\/uploads\/2020\/02\/U-Dvou-Orechu-300x225.jpg 300w, https:\/\/all4camper.com\/wp-content\/uploads\/2020\/02\/U-Dvou-Orechu-150x113.jpg 150w, https:\/\/all4camper.com\/wp-content\/uploads\/2020\/02\/U-Dvou-Orechu-768x576.jpg 768w, https:\/\/all4camper.com\/wp-content\/uploads\/2020\/02\/U-Dvou-Orechu-678x509.jpg 678w, https:\/\/all4camper.com\/wp-content\/uploads\/2020\/02\/U-Dvou-Orechu-326x245.jpg 326w, https:\/\/all4camper.com\/wp-content\/uploads\/2020\/02\/U-Dvou-Orechu-80x60.jpg 80w\" sizes=\"auto, (max-width: 900px) 100vw, 900px\" \/><\/figure>\n\n\n\n<div class=\"wp-block-advgb-map advgb-map-block\" style=\"margin:10px auto\"><div class=\"advgb-map-content\" id=\"advgbmap-d25c16a7-d223-4818-bf6b-a6f970bf15da\" style=\"height:300px\" data-default=\"https:\/\/maps.gstatic.com\/mapfiles\/api-3\/images\/spotlight-poi2.png\" data-lat=\"49.2812211\" data-lng=\"13.240014\" data-zoom=\"14\" data-title=\"Camping U Dvou O\u0159ech\u016f, Spl\u017e, Str\u00e1\u017eov\" data-desc=\"\" data-icon=\"https:\/\/all4camper.com\/\/wp-content\/uploads\/2020\/01\/ikona-1-123x150.png\" data-shown=\"true\" data-style=\"\"><\/div><\/div>\n\n\n\n<h4 class=\"wp-block-heading\"><strong>Campingplatz am Gro\u00dfen Wentowsee &#8211; N\u011bmecko<\/strong><\/h4>\n\n\n\n<p>Tento kemp najdete asi 80 kilometr\u016f severn\u011b od Berl\u00edna a kempovat na n\u011bm m\u016f\u017eete s d\u011btmi od 14 let. Nach\u00e1z\u00ed se u jezera Wentowsee a v jeho okol\u00ed najdete mnoho mo\u017enost\u00ed pro aktivn\u00ed i pozn\u00e1vac\u00ed dovolenou. V\u00edce se dozv\u00edte na  <a rel=\"noreferrer noopener\" aria-label=\" (opens in a new tab)\" href=\"https:\/\/campingplatz-am-grossen-wentowsee.de\/\" target=\"_blank\">campingplatz-am-grossen-wentowsee.de<\/a><\/p>\n\n\n\n<figure class=\"wp-block-image size-large\"><img loading=\"lazy\" decoding=\"async\" width=\"1200\" height=\"800\" src=\"https:\/\/all4camper.com\/\/wp-content\/uploads\/2020\/02\/kemp-nedaleko-Berlina.jpg\" alt=\"\" class=\"wp-image-85068\" srcset=\"https:\/\/all4camper.com\/wp-content\/uploads\/2020\/02\/kemp-nedaleko-Berlina.jpg 1200w, https:\/\/all4camper.com\/wp-content\/uploads\/2020\/02\/kemp-nedaleko-Berlina-300x200.jpg 300w, https:\/\/all4camper.com\/wp-content\/uploads\/2020\/02\/kemp-nedaleko-Berlina-150x100.jpg 150w, https:\/\/all4camper.com\/wp-content\/uploads\/2020\/02\/kemp-nedaleko-Berlina-768x512.jpg 768w\" sizes=\"auto, (max-width: 1200px) 100vw, 1200px\" \/><\/figure>\n\n\n\n<div class=\"wp-block-advgb-map advgb-map-block\" style=\"margin:10px auto\"><div class=\"advgb-map-content\" id=\"advgbmap-8933047b-80fe-4962-9370-9e26fc7f0ac8\" style=\"height:300px\" data-default=\"https:\/\/maps.gstatic.com\/mapfiles\/api-3\/images\/spotlight-poi2.png\" data-lat=\"53.0609516\" data-lng=\"13.2721559\" data-zoom=\"14\" data-title=\"Campingplatz am Gro\u00dfen Wentowsee\" data-desc=\"\" data-icon=\"https:\/\/all4camper.com\/\/wp-content\/uploads\/2020\/01\/ikona-1-123x150.png\" data-shown=\"true\" data-style=\"\"><\/div><\/div>\n\n\n\n<h4 class=\"wp-block-heading\"><strong>Caravanpark de Duinrand Boulevard &#8211; Nizozemsko (Amsterdam)<\/strong><\/h4>\n\n\n\n<p>Pokud jste se rozhodli v t\u00e9to zemi nav\u0161t\u00edvit Amesterdam, pak po jeho n\u00e1v\u0161t\u011bv\u011b m\u016f\u017eete zav\u00edtat pr\u00e1v\u011b do tohoto kempu. Jeho nespornou v\u00fdhodou je poloha nedaleko pl\u00e1\u017ee. Dal\u0161\u00ed informace se dozv\u00edte na <a rel=\"noreferrer noopener\" aria-label=\" (opens in a new tab)\" href=\"http:\/\/www.campingdeduinrand.nl\/\" target=\"_blank\">campingdeduinrand.nl<\/a>. <\/p>\n\n\n\n<div class=\"wp-block-advgb-map advgb-map-block\" style=\"margin:10px auto\"><div class=\"advgb-map-content\" id=\"advgbmap-a39dda5c-6e61-4947-b850-2f1123a8aea8\" style=\"height:300px\" data-default=\"https:\/\/maps.gstatic.com\/mapfiles\/api-3\/images\/spotlight-poi2.png\" data-lat=\"52.38874440000001\" data-lng=\"4.5365924\" data-zoom=\"14\" data-title=\"Caravanpark de Duinrand Boulevard\" data-desc=\"\" data-icon=\"https:\/\/all4camper.com\/\/wp-content\/uploads\/2020\/01\/ikona-1-123x150.png\" data-shown=\"true\" data-style=\"\"><\/div><\/div>\n\n\n\n<h4 class=\"wp-block-heading\"><strong>Camping Bungalows Adler &#8211; Ji\u017en\u00ed Tyrolsko<\/strong><\/h4>\n\n\n\n<p>Opravdu kr\u00e1sn\u00fd wellness kemp, kter\u00fd je t\u00e9\u017e perfektn\u00ed pro aktivn\u00ed dovolenou. V cen\u011b pobytu m\u00e1te jak mo\u017enost koup\u00e1n\u00ed se v kryt\u00e9m baz\u00e9nu, tak n\u00e1v\u0161t\u011bvu sauny. A pokud by v\u00e1m to bylo m\u00e1lo, jen 350 metr\u016f od kempu stoj\u00ed Aquapark s dal\u0161\u00ed nab\u00eddkou baz\u00e9n\u016f a saunov\u00e9ho sv\u011bta (<a rel=\"noreferrer noopener\" aria-label=\" (opens in a new tab)\" href=\"https:\/\/www.merano-suedtirol.it\/de\/erlebnisbad.html\" target=\"_blank\">merano-suedtirol.it<\/a>). Dal\u0161\u00ed informace o kempu a jeho nab\u00eddce \u010di zaj\u00edmavostech v okol\u00ed se do\u010dtete na <a rel=\"noreferrer noopener\" aria-label=\" (opens in a new tab)\" href=\"https:\/\/www.campingadler.com\/\" target=\"_blank\">campingadler.com<\/a>.<\/p>\n\n\n\n<figure class=\"wp-block-image size-large\"><img loading=\"lazy\" decoding=\"async\" width=\"800\" height=\"450\" src=\"https:\/\/all4camper.com\/\/wp-content\/uploads\/2020\/02\/kemp-bez-deti.jpg\" alt=\"\" class=\"wp-image-85081\" srcset=\"https:\/\/all4camper.com\/wp-content\/uploads\/2020\/02\/kemp-bez-deti.jpg 800w, https:\/\/all4camper.com\/wp-content\/uploads\/2020\/02\/kemp-bez-deti-300x169.jpg 300w, https:\/\/all4camper.com\/wp-content\/uploads\/2020\/02\/kemp-bez-deti-150x84.jpg 150w, https:\/\/all4camper.com\/wp-content\/uploads\/2020\/02\/kemp-bez-deti-768x432.jpg 768w, https:\/\/all4camper.com\/wp-content\/uploads\/2020\/02\/kemp-bez-deti-678x381.jpg 678w\" sizes=\"auto, (max-width: 800px) 100vw, 800px\" \/><\/figure>\n\n\n\n<div class=\"wp-block-advgb-map advgb-map-block\" style=\"margin:10px auto\"><div class=\"advgb-map-content\" id=\"advgbmap-df198066-cd9f-4136-a9ca-03ac7f5f7c43\" style=\"height:300px\" data-default=\"https:\/\/maps.gstatic.com\/mapfiles\/api-3\/images\/spotlight-poi2.png\" data-lat=\"46.64760134610244\" data-lng=\"11.007183820129404\" data-zoom=\"14\" data-title=\"Camping Bungalows Adler\" data-desc=\"\" data-icon=\"https:\/\/all4camper.com\/\/wp-content\/uploads\/2020\/01\/ikona-1-123x150.png\" data-shown=\"true\" data-style=\"\"><\/div><\/div>\n\n\n\n<h4 class=\"wp-block-heading\"><strong>Camping 50 plus Familie Pfandl &#8211; Rakousko<\/strong><\/h4>\n\n\n\n<p>Dal\u0161\u00ed kemp, kde se v\u00e1m bude l\u00edbit. Mimochode, tento kemp z\u00edskal i ocen\u011bn\u00ed &#8222;Best kemp 2020&#8220;, tak\u017ee u\u017e i to v\u00e1m zaru\u010duje perfektn\u00ed pobyt. A proto\u017ee se tento kemp nach\u00e1z\u00ed ve \u0160t\u00fdrsku, m\u00e1te tu zaru\u010deny i kr\u00e1sn\u00e9 p\u011b\u0161\u00ed a cyklo trasy. V\u00edce informac\u00ed na  <a rel=\"noreferrer noopener\" aria-label=\" (opens in a new tab)\" href=\"https:\/\/www.camping50plus.at\/\" target=\"_blank\">camping50plus.at<\/a><\/p>\n\n\n\n<figure class=\"wp-block-image size-large\"><img loading=\"lazy\" decoding=\"async\" width=\"960\" height=\"450\" src=\"https:\/\/all4camper.com\/\/wp-content\/uploads\/2020\/02\/schwimmteich2018.jpg\" alt=\"\" class=\"wp-image-85083\" srcset=\"https:\/\/all4camper.com\/wp-content\/uploads\/2020\/02\/schwimmteich2018.jpg 960w, https:\/\/all4camper.com\/wp-content\/uploads\/2020\/02\/schwimmteich2018-300x141.jpg 300w, https:\/\/all4camper.com\/wp-content\/uploads\/2020\/02\/schwimmteich2018-150x70.jpg 150w, https:\/\/all4camper.com\/wp-content\/uploads\/2020\/02\/schwimmteich2018-768x360.jpg 768w\" sizes=\"auto, (max-width: 960px) 100vw, 960px\" \/><\/figure>\n\n\n\n<div class=\"wp-block-advgb-map advgb-map-block\" style=\"margin:10px auto\"><div class=\"advgb-map-content\" id=\"advgbmap-e148e53b-990d-4376-b51f-2fb8482bf152\" style=\"height:300px\" data-default=\"https:\/\/maps.gstatic.com\/mapfiles\/api-3\/images\/spotlight-poi2.png\" data-lat=\"47.16308129999999\" data-lng=\"14.7378646\" data-zoom=\"14\" data-title=\"Fisching 9 Camping 50 plus\" data-desc=\"\" data-icon=\"https:\/\/all4camper.com\/\/wp-content\/uploads\/2020\/01\/ikona-1-123x150.png\" data-shown=\"true\" data-style=\"\"><\/div><\/div>\n\n\n\n<h4 class=\"wp-block-heading\">Camping Perticara &#8211; It\u00e1lie<\/h4>\n\n\n\n<p>Kemp s opravdu kr\u00e1sn\u00fdm v\u00fdhledem do okoln\u00ed krajiny a p\u0159ilehl\u00e9ho \u00fadol\u00ed nab\u00edzej\u00edc\u00ed rodinnou atmosf\u00e9ru. Jeho dal\u0161\u00edm l\u00e1kadlem je <strong>panoramatick\u00fd baz\u00e9n<\/strong>, kter\u00fd, jak jinak v tomto kempu, v\u00e1m p\u0159i koup\u00e1n\u00ed poskytne malebn\u00e9 v\u00fdhledy do krajiny. No a pokud budete z tohoto kempu pl\u00e1novat v\u00fdlet &#8211; co zajet do San Marina, kter\u00e9 je vzd\u00e1len\u00e9 cca 40 minut od kempu? V\u00edce se dozv\u00edte na <a rel=\"noreferrer noopener\" aria-label=\" (opens in a new tab)\" href=\"http:\/\/www.campingperticara.com\/en\/adults-only-2\/\" target=\"_blank\">campingperticara.com<\/a><\/p>\n\n\n\n<figure class=\"wp-block-image size-large\"><img loading=\"lazy\" decoding=\"async\" width=\"620\" height=\"349\" src=\"https:\/\/all4camper.com\/\/wp-content\/uploads\/2020\/02\/Perticara.jpg\" alt=\"\" class=\"wp-image-85087\" srcset=\"https:\/\/all4camper.com\/wp-content\/uploads\/2020\/02\/Perticara.jpg 620w, https:\/\/all4camper.com\/wp-content\/uploads\/2020\/02\/Perticara-300x169.jpg 300w, https:\/\/all4camper.com\/wp-content\/uploads\/2020\/02\/Perticara-150x84.jpg 150w\" sizes=\"auto, (max-width: 620px) 100vw, 620px\" \/><\/figure>\n\n\n\n<div class=\"wp-block-advgb-map advgb-map-block\" style=\"margin:10px auto\"><div class=\"advgb-map-content\" id=\"advgbmap-64997529-fe09-468d-a502-f5e3a67a63ab\" style=\"height:300px\" data-default=\"https:\/\/maps.gstatic.com\/mapfiles\/api-3\/images\/spotlight-poi2.png\" data-lat=\"43.8952766\" data-lng=\"12.2418126\" data-zoom=\"14\" data-title=\"Camping Perticara\" data-desc=\"\" data-icon=\"https:\/\/all4camper.com\/\/wp-content\/uploads\/2020\/01\/ikona-1-123x150.png\" data-shown=\"true\" data-style=\"\"><\/div><\/div>\n\n\n\n<h4 class=\"wp-block-heading\">Camping Markushof &#8211; Ji\u017en\u00ed Tyrolsko<\/h4>\n\n\n\n<p>Do tohoto kempu m\u016f\u017eete s d\u011btmi 16+ a bohu\u017eel nen\u00ed mo\u017en\u00e9 zde kempovat se psy. P\u0159esto se vyplat\u00ed tento kemp nav\u0161t\u00edvit. V jeho bezprost\u0159edn\u00ed bl\u00edzkosti stoj\u00ed stejnojmenn\u00fd hotel na jeho\u017e panoramatick\u00e9 terase m\u016f\u017eete ralxovat a z\u00e1rove\u0148 m\u016f\u017eete vyu\u017e\u00edt mo\u017enost saunov\u00e1n\u00ed. Sou\u010d\u00e1st\u00ed je i venkovn\u00ed baz\u00e9n. A pro\u010d sem je\u0161t\u011b jet? Proto\u017ee kemp se nach\u00e1z\u00ed v mal\u00e9 vina\u0159sk\u00e9 vesni\u010dce, co\u017e je pro milovn\u00edky v\u00edna ide\u00e1ln\u00ed poloha. M\u00e1te tu tak zaru\u010deny proch\u00e1zky mezi vinicemi a malebn\u00e9 v\u00fdhledy do okol\u00ed. <a rel=\"noreferrer noopener\" aria-label=\" (opens in a new tab)\" href=\"https:\/\/www.hotelmarkushof.it\/camping.html\" target=\"_blank\">hotelmarkushof.it<\/a> <\/p>\n\n\n\n<figure class=\"wp-block-image size-large\"><img loading=\"lazy\" decoding=\"async\" width=\"1650\" height=\"720\" src=\"https:\/\/all4camper.com\/\/wp-content\/uploads\/2020\/02\/markushof.jpg\" alt=\"\" class=\"wp-image-85088\" srcset=\"https:\/\/all4camper.com\/wp-content\/uploads\/2020\/02\/markushof.jpg 1650w, https:\/\/all4camper.com\/wp-content\/uploads\/2020\/02\/markushof-300x131.jpg 300w, https:\/\/all4camper.com\/wp-content\/uploads\/2020\/02\/markushof-150x65.jpg 150w, https:\/\/all4camper.com\/wp-content\/uploads\/2020\/02\/markushof-768x335.jpg 768w, https:\/\/all4camper.com\/wp-content\/uploads\/2020\/02\/markushof-1536x670.jpg 1536w\" sizes=\"auto, (max-width: 1650px) 100vw, 1650px\" \/><\/figure>\n\n\n\n<h4 class=\"wp-block-heading\">Z\u00e1v\u011brem<\/h4>\n\n\n\n<p>Samoz\u0159ejm\u011b \u017ee to, co je uvedeno v\u00fd\u0161e, je jen n\u011bkolik m\u00e1lo inspirativn\u00edch tip\u016f, kter\u00e9 v\u00e1m maj\u00ed uk\u00e1zat jak takov\u00e9 kempy mohou vypadat a \u017ee v\u016fbec existuj\u00ed. V\u00edce jich najdete t\u0159eba na str\u00e1nk\u00e1ch <a rel=\"noreferrer noopener\" aria-label=\" (opens in a new tab)\" href=\"https:\/\/www.pitchup.com\/de\/campsites\/-\/adults-only\/\" target=\"_blank\">pitchup.com<\/a> (odkaz v\u00e1m nab\u00eddne ji\u017e vyfiltrovan\u00e9 kempy s touto t\u00e9matikou). P\u0159eji kr\u00e1snou dovolenou!<\/p>\n","protected":false},"excerpt":{"rendered":"<p>Na na\u0161em \u017eivotn\u00edm stylu je perfektn\u00ed to, \u017ee jde nap\u0159\u00ed\u010d v\u0161emi generacemi. Kempuj\u00ed jak mlad\u00ed, co je\u0161t\u011b nemaj\u00ed d\u011bti, tak rodiny s d\u011btmi a samoz\u0159ejm\u011b pak my (ano, u\u017e i j\u00e1 s Dav\u00edm do t\u00e9to kategorie pat\u0159\u00edme), kter\u00e9 d\u011bti opustily s informac\u00ed, \u017ee u\u017e bylo kempov\u00e1n\u00ed dost a hledaj\u00ed si vlastn\u00ed cestu tr\u00e1ven\u00ed dovolen\u00e9. No [&hellip;]<\/p>\n","protected":false},"author":4,"featured_media":85066,"comment_status":"closed","ping_status":"open","sticky":false,"template":"","format":"standard","meta":{"_monsterinsights_skip_tracking":false,"_monsterinsights_sitenote_active":false,"_monsterinsights_sitenote_note":"","_monsterinsights_sitenote_category":0,"footnotes":""},"categories":[68],"tags":[101],"class_list":{"0":"post-85065","1":"post","2":"type-post","3":"status-publish","4":"format-standard","5":"has-post-thumbnail","7":"category-kempovani-a-zajimave-cile","8":"tag-kempy-1"},"yoast_head":"<!-- This site is optimized with the Yoast SEO plugin v27.4 - https:\/\/yoast.com\/product\/yoast-seo-wordpress\/ -->\n<title>Kempujeme bez d\u011bt\u00ed - jak\u00e9 kempy jsou jen pro dosp\u011bl\u00e9 v Evrop\u011b - All4Camper<\/title>\n<meta name=\"description\" content=\"All4Camper - Kempujeme bez d\u011bt\u00ed - jak\u00e9 kempy jsou jen pro dosp\u011bl\u00e9 v Evrop\u011b\" \/>\n<meta name=\"robots\" content=\"index, follow, max-snippet:-1, max-image-preview:large, max-video-preview:-1\" \/>\n<link rel=\"canonical\" href=\"https:\/\/all4camper.com\/cs\/kempujeme-bez-deti-jake-kempy-jsou-jen-pro-dospele-v-evrope\/\" \/>\n<meta property=\"og:locale\" content=\"cs_CZ\" \/>\n<meta property=\"og:type\" content=\"article\" \/>\n<meta property=\"og:title\" content=\"Kempujeme bez d\u011bt\u00ed - jak\u00e9 kempy jsou jen pro dosp\u011bl\u00e9 v Evrop\u011b - All4Camper\" \/>\n<meta property=\"og:description\" content=\"All4Camper - Kempujeme bez d\u011bt\u00ed - jak\u00e9 kempy jsou jen pro dosp\u011bl\u00e9 v Evrop\u011b\" \/>\n<meta property=\"og:url\" content=\"https:\/\/all4camper.com\/cs\/kempujeme-bez-deti-jake-kempy-jsou-jen-pro-dospele-v-evrope\/\" \/>\n<meta property=\"og:site_name\" content=\"All4Camper\" \/>\n<meta property=\"article:published_time\" content=\"2020-02-03T13:45:23+00:00\" \/>\n<meta property=\"article:modified_time\" content=\"2021-03-12T12:02:20+00:00\" \/>\n<meta property=\"og:image\" content=\"https:\/\/all4camper.com\/wp-content\/uploads\/2020\/02\/kempy-bez-d\u011bt\u00ed.jpg\" \/>\n\t<meta property=\"og:image:width\" content=\"640\" \/>\n\t<meta property=\"og:image:height\" content=\"426\" \/>\n\t<meta property=\"og:image:type\" content=\"image\/jpeg\" \/>\n<meta name=\"author\" content=\"Kl\u00e1ra H\u00e1jkov\u00e1\" \/>\n<meta name=\"twitter:card\" content=\"summary_large_image\" \/>\n<meta name=\"twitter:label1\" content=\"Napsal(a)\" \/>\n\t<meta name=\"twitter:data1\" content=\"Kl\u00e1ra H\u00e1jkov\u00e1\" \/>\n\t<meta name=\"twitter:label2\" content=\"Odhadovan\u00e1 doba \u010dten\u00ed\" \/>\n\t<meta name=\"twitter:data2\" content=\"5 minut\" \/>\n<script type=\"application\/ld+json\" class=\"yoast-schema-graph\">{\"@context\":\"https:\\\/\\\/schema.org\",\"@graph\":[{\"@type\":\"Article\",\"@id\":\"https:\\\/\\\/all4camper.com\\\/cs\\\/kempujeme-bez-deti-jake-kempy-jsou-jen-pro-dospele-v-evrope\\\/#article\",\"isPartOf\":{\"@id\":\"https:\\\/\\\/all4camper.com\\\/cs\\\/kempujeme-bez-deti-jake-kempy-jsou-jen-pro-dospele-v-evrope\\\/\"},\"author\":{\"name\":\"Kl\u00e1ra H\u00e1jkov\u00e1\",\"@id\":\"https:\\\/\\\/all4camper.com\\\/cs\\\/#\\\/schema\\\/person\\\/c6f1efdf1d02bc7d8c53a891cbe18c62\"},\"headline\":\"Kempujeme bez d\u011bt\u00ed &#8211; jak\u00e9 kempy jsou jen pro dosp\u011bl\u00e9 v Evrop\u011b\",\"datePublished\":\"2020-02-03T13:45:23+00:00\",\"dateModified\":\"2021-03-12T12:02:20+00:00\",\"mainEntityOfPage\":{\"@id\":\"https:\\\/\\\/all4camper.com\\\/cs\\\/kempujeme-bez-deti-jake-kempy-jsou-jen-pro-dospele-v-evrope\\\/\"},\"wordCount\":939,\"publisher\":{\"@id\":\"https:\\\/\\\/all4camper.com\\\/cs\\\/#organization\"},\"image\":{\"@id\":\"https:\\\/\\\/all4camper.com\\\/cs\\\/kempujeme-bez-deti-jake-kempy-jsou-jen-pro-dospele-v-evrope\\\/#primaryimage\"},\"thumbnailUrl\":\"https:\\\/\\\/all4camper.com\\\/wp-content\\\/uploads\\\/2020\\\/02\\\/kempy-bez-d\u011bt\u00ed.jpg\",\"keywords\":[\"Kempy a kempovac\u00ed m\u00edsta\"],\"articleSection\":[\"Kempy a zaj\u00edmav\u00e1 m\u00edsta\"],\"inLanguage\":\"cs\"},{\"@type\":\"WebPage\",\"@id\":\"https:\\\/\\\/all4camper.com\\\/cs\\\/kempujeme-bez-deti-jake-kempy-jsou-jen-pro-dospele-v-evrope\\\/\",\"url\":\"https:\\\/\\\/all4camper.com\\\/cs\\\/kempujeme-bez-deti-jake-kempy-jsou-jen-pro-dospele-v-evrope\\\/\",\"name\":\"Kempujeme bez d\u011bt\u00ed - jak\u00e9 kempy jsou jen pro dosp\u011bl\u00e9 v Evrop\u011b - All4Camper\",\"isPartOf\":{\"@id\":\"https:\\\/\\\/all4camper.com\\\/cs\\\/#website\"},\"primaryImageOfPage\":{\"@id\":\"https:\\\/\\\/all4camper.com\\\/cs\\\/kempujeme-bez-deti-jake-kempy-jsou-jen-pro-dospele-v-evrope\\\/#primaryimage\"},\"image\":{\"@id\":\"https:\\\/\\\/all4camper.com\\\/cs\\\/kempujeme-bez-deti-jake-kempy-jsou-jen-pro-dospele-v-evrope\\\/#primaryimage\"},\"thumbnailUrl\":\"https:\\\/\\\/all4camper.com\\\/wp-content\\\/uploads\\\/2020\\\/02\\\/kempy-bez-d\u011bt\u00ed.jpg\",\"datePublished\":\"2020-02-03T13:45:23+00:00\",\"dateModified\":\"2021-03-12T12:02:20+00:00\",\"description\":\"All4Camper - Kempujeme bez d\u011bt\u00ed - jak\u00e9 kempy jsou jen pro dosp\u011bl\u00e9 v Evrop\u011b\",\"breadcrumb\":{\"@id\":\"https:\\\/\\\/all4camper.com\\\/cs\\\/kempujeme-bez-deti-jake-kempy-jsou-jen-pro-dospele-v-evrope\\\/#breadcrumb\"},\"inLanguage\":\"cs\",\"potentialAction\":[{\"@type\":\"ReadAction\",\"target\":[\"https:\\\/\\\/all4camper.com\\\/cs\\\/kempujeme-bez-deti-jake-kempy-jsou-jen-pro-dospele-v-evrope\\\/\"]}]},{\"@type\":\"ImageObject\",\"inLanguage\":\"cs\",\"@id\":\"https:\\\/\\\/all4camper.com\\\/cs\\\/kempujeme-bez-deti-jake-kempy-jsou-jen-pro-dospele-v-evrope\\\/#primaryimage\",\"url\":\"https:\\\/\\\/all4camper.com\\\/wp-content\\\/uploads\\\/2020\\\/02\\\/kempy-bez-d\u011bt\u00ed.jpg\",\"contentUrl\":\"https:\\\/\\\/all4camper.com\\\/wp-content\\\/uploads\\\/2020\\\/02\\\/kempy-bez-d\u011bt\u00ed.jpg\",\"width\":640,\"height\":426},{\"@type\":\"BreadcrumbList\",\"@id\":\"https:\\\/\\\/all4camper.com\\\/cs\\\/kempujeme-bez-deti-jake-kempy-jsou-jen-pro-dospele-v-evrope\\\/#breadcrumb\",\"itemListElement\":[{\"@type\":\"ListItem\",\"position\":1,\"name\":\"Dom\u016f\",\"item\":\"https:\\\/\\\/all4camper.com\\\/cs\\\/\"},{\"@type\":\"ListItem\",\"position\":2,\"name\":\"Kempy a zaj\u00edmav\u00e1 m\u00edsta\",\"item\":\"https:\\\/\\\/all4camper.com\\\/cs\\\/category\\\/kempovani-a-zajimave-cile\\\/\"},{\"@type\":\"ListItem\",\"position\":3,\"name\":\"Kempujeme bez d\u011bt\u00ed &#8211; jak\u00e9 kempy jsou jen pro dosp\u011bl\u00e9 v Evrop\u011b\"}]},{\"@type\":\"WebSite\",\"@id\":\"https:\\\/\\\/all4camper.com\\\/cs\\\/#website\",\"url\":\"https:\\\/\\\/all4camper.com\\\/cs\\\/\",\"name\":\"All4Camper\",\"description\":\"Nejv\u011bt\u0161\u00ed online magaz\u00edn o kempov\u00e1n\u00ed a karavaninku. V\u00edce jak 900 \u010dl\u00e1nk\u016f pln\u00fdch rad a tip\u016f o kempech a kempov\u00e1n\u00ed.\",\"publisher\":{\"@id\":\"https:\\\/\\\/all4camper.com\\\/cs\\\/#organization\"},\"potentialAction\":[{\"@type\":\"SearchAction\",\"target\":{\"@type\":\"EntryPoint\",\"urlTemplate\":\"https:\\\/\\\/all4camper.com\\\/cs\\\/?s={search_term_string}\"},\"query-input\":{\"@type\":\"PropertyValueSpecification\",\"valueRequired\":true,\"valueName\":\"search_term_string\"}}],\"inLanguage\":\"cs\"},{\"@type\":\"Organization\",\"@id\":\"https:\\\/\\\/all4camper.com\\\/cs\\\/#organization\",\"name\":\"All4Camper - kempujeme s Kl\u00e1rou\",\"url\":\"https:\\\/\\\/all4camper.com\\\/cs\\\/\",\"logo\":{\"@type\":\"ImageObject\",\"inLanguage\":\"cs\",\"@id\":\"https:\\\/\\\/all4camper.com\\\/cs\\\/#\\\/schema\\\/logo\\\/image\\\/\",\"url\":\"https:\\\/\\\/all4camper.com\\\/wp-content\\\/uploads\\\/2018\\\/09\\\/novelogo.png\",\"contentUrl\":\"https:\\\/\\\/all4camper.com\\\/wp-content\\\/uploads\\\/2018\\\/09\\\/novelogo.png\",\"width\":1520,\"height\":600,\"caption\":\"All4Camper - kempujeme s Kl\u00e1rou\"},\"image\":{\"@id\":\"https:\\\/\\\/all4camper.com\\\/cs\\\/#\\\/schema\\\/logo\\\/image\\\/\"}},{\"@type\":\"Person\",\"@id\":\"https:\\\/\\\/all4camper.com\\\/cs\\\/#\\\/schema\\\/person\\\/c6f1efdf1d02bc7d8c53a891cbe18c62\",\"name\":\"Kl\u00e1ra H\u00e1jkov\u00e1\",\"sameAs\":[\"http:\\\/\\\/www.all4camper.com\"],\"url\":\"https:\\\/\\\/all4camper.com\\\/cs\\\/author\\\/klarinkacestuje1\\\/\"}]}<\/script>\n<!-- \/ Yoast SEO plugin. -->","yoast_head_json":{"title":"Kempujeme bez d\u011bt\u00ed - jak\u00e9 kempy jsou jen pro dosp\u011bl\u00e9 v Evrop\u011b - All4Camper","description":"All4Camper - Kempujeme bez d\u011bt\u00ed - jak\u00e9 kempy jsou jen pro dosp\u011bl\u00e9 v Evrop\u011b","robots":{"index":"index","follow":"follow","max-snippet":"max-snippet:-1","max-image-preview":"max-image-preview:large","max-video-preview":"max-video-preview:-1"},"canonical":"https:\/\/all4camper.com\/cs\/kempujeme-bez-deti-jake-kempy-jsou-jen-pro-dospele-v-evrope\/","og_locale":"cs_CZ","og_type":"article","og_title":"Kempujeme bez d\u011bt\u00ed - jak\u00e9 kempy jsou jen pro dosp\u011bl\u00e9 v Evrop\u011b - All4Camper","og_description":"All4Camper - Kempujeme bez d\u011bt\u00ed - jak\u00e9 kempy jsou jen pro dosp\u011bl\u00e9 v Evrop\u011b","og_url":"https:\/\/all4camper.com\/cs\/kempujeme-bez-deti-jake-kempy-jsou-jen-pro-dospele-v-evrope\/","og_site_name":"All4Camper","article_published_time":"2020-02-03T13:45:23+00:00","article_modified_time":"2021-03-12T12:02:20+00:00","og_image":[{"width":640,"height":426,"url":"https:\/\/all4camper.com\/wp-content\/uploads\/2020\/02\/kempy-bez-d\u011bt\u00ed.jpg","type":"image\/jpeg"}],"author":"Kl\u00e1ra H\u00e1jkov\u00e1","twitter_card":"summary_large_image","twitter_misc":{"Napsal(a)":"Kl\u00e1ra H\u00e1jkov\u00e1","Odhadovan\u00e1 doba \u010dten\u00ed":"5 minut"},"schema":{"@context":"https:\/\/schema.org","@graph":[{"@type":"Article","@id":"https:\/\/all4camper.com\/cs\/kempujeme-bez-deti-jake-kempy-jsou-jen-pro-dospele-v-evrope\/#article","isPartOf":{"@id":"https:\/\/all4camper.com\/cs\/kempujeme-bez-deti-jake-kempy-jsou-jen-pro-dospele-v-evrope\/"},"author":{"name":"Kl\u00e1ra H\u00e1jkov\u00e1","@id":"https:\/\/all4camper.com\/cs\/#\/schema\/person\/c6f1efdf1d02bc7d8c53a891cbe18c62"},"headline":"Kempujeme bez d\u011bt\u00ed &#8211; jak\u00e9 kempy jsou jen pro dosp\u011bl\u00e9 v Evrop\u011b","datePublished":"2020-02-03T13:45:23+00:00","dateModified":"2021-03-12T12:02:20+00:00","mainEntityOfPage":{"@id":"https:\/\/all4camper.com\/cs\/kempujeme-bez-deti-jake-kempy-jsou-jen-pro-dospele-v-evrope\/"},"wordCount":939,"publisher":{"@id":"https:\/\/all4camper.com\/cs\/#organization"},"image":{"@id":"https:\/\/all4camper.com\/cs\/kempujeme-bez-deti-jake-kempy-jsou-jen-pro-dospele-v-evrope\/#primaryimage"},"thumbnailUrl":"https:\/\/all4camper.com\/wp-content\/uploads\/2020\/02\/kempy-bez-d\u011bt\u00ed.jpg","keywords":["Kempy a kempovac\u00ed m\u00edsta"],"articleSection":["Kempy a zaj\u00edmav\u00e1 m\u00edsta"],"inLanguage":"cs"},{"@type":"WebPage","@id":"https:\/\/all4camper.com\/cs\/kempujeme-bez-deti-jake-kempy-jsou-jen-pro-dospele-v-evrope\/","url":"https:\/\/all4camper.com\/cs\/kempujeme-bez-deti-jake-kempy-jsou-jen-pro-dospele-v-evrope\/","name":"Kempujeme bez d\u011bt\u00ed - jak\u00e9 kempy jsou jen pro dosp\u011bl\u00e9 v Evrop\u011b - All4Camper","isPartOf":{"@id":"https:\/\/all4camper.com\/cs\/#website"},"primaryImageOfPage":{"@id":"https:\/\/all4camper.com\/cs\/kempujeme-bez-deti-jake-kempy-jsou-jen-pro-dospele-v-evrope\/#primaryimage"},"image":{"@id":"https:\/\/all4camper.com\/cs\/kempujeme-bez-deti-jake-kempy-jsou-jen-pro-dospele-v-evrope\/#primaryimage"},"thumbnailUrl":"https:\/\/all4camper.com\/wp-content\/uploads\/2020\/02\/kempy-bez-d\u011bt\u00ed.jpg","datePublished":"2020-02-03T13:45:23+00:00","dateModified":"2021-03-12T12:02:20+00:00","description":"All4Camper - Kempujeme bez d\u011bt\u00ed - jak\u00e9 kempy jsou jen pro dosp\u011bl\u00e9 v Evrop\u011b","breadcrumb":{"@id":"https:\/\/all4camper.com\/cs\/kempujeme-bez-deti-jake-kempy-jsou-jen-pro-dospele-v-evrope\/#breadcrumb"},"inLanguage":"cs","potentialAction":[{"@type":"ReadAction","target":["https:\/\/all4camper.com\/cs\/kempujeme-bez-deti-jake-kempy-jsou-jen-pro-dospele-v-evrope\/"]}]},{"@type":"ImageObject","inLanguage":"cs","@id":"https:\/\/all4camper.com\/cs\/kempujeme-bez-deti-jake-kempy-jsou-jen-pro-dospele-v-evrope\/#primaryimage","url":"https:\/\/all4camper.com\/wp-content\/uploads\/2020\/02\/kempy-bez-d\u011bt\u00ed.jpg","contentUrl":"https:\/\/all4camper.com\/wp-content\/uploads\/2020\/02\/kempy-bez-d\u011bt\u00ed.jpg","width":640,"height":426},{"@type":"BreadcrumbList","@id":"https:\/\/all4camper.com\/cs\/kempujeme-bez-deti-jake-kempy-jsou-jen-pro-dospele-v-evrope\/#breadcrumb","itemListElement":[{"@type":"ListItem","position":1,"name":"Dom\u016f","item":"https:\/\/all4camper.com\/cs\/"},{"@type":"ListItem","position":2,"name":"Kempy a zaj\u00edmav\u00e1 m\u00edsta","item":"https:\/\/all4camper.com\/cs\/category\/kempovani-a-zajimave-cile\/"},{"@type":"ListItem","position":3,"name":"Kempujeme bez d\u011bt\u00ed &#8211; jak\u00e9 kempy jsou jen pro dosp\u011bl\u00e9 v Evrop\u011b"}]},{"@type":"WebSite","@id":"https:\/\/all4camper.com\/cs\/#website","url":"https:\/\/all4camper.com\/cs\/","name":"All4Camper","description":"Nejv\u011bt\u0161\u00ed online magaz\u00edn o kempov\u00e1n\u00ed a karavaninku. V\u00edce jak 900 \u010dl\u00e1nk\u016f pln\u00fdch rad a tip\u016f o kempech a kempov\u00e1n\u00ed.","publisher":{"@id":"https:\/\/all4camper.com\/cs\/#organization"},"potentialAction":[{"@type":"SearchAction","target":{"@type":"EntryPoint","urlTemplate":"https:\/\/all4camper.com\/cs\/?s={search_term_string}"},"query-input":{"@type":"PropertyValueSpecification","valueRequired":true,"valueName":"search_term_string"}}],"inLanguage":"cs"},{"@type":"Organization","@id":"https:\/\/all4camper.com\/cs\/#organization","name":"All4Camper - kempujeme s Kl\u00e1rou","url":"https:\/\/all4camper.com\/cs\/","logo":{"@type":"ImageObject","inLanguage":"cs","@id":"https:\/\/all4camper.com\/cs\/#\/schema\/logo\/image\/","url":"https:\/\/all4camper.com\/wp-content\/uploads\/2018\/09\/novelogo.png","contentUrl":"https:\/\/all4camper.com\/wp-content\/uploads\/2018\/09\/novelogo.png","width":1520,"height":600,"caption":"All4Camper - kempujeme s Kl\u00e1rou"},"image":{"@id":"https:\/\/all4camper.com\/cs\/#\/schema\/logo\/image\/"}},{"@type":"Person","@id":"https:\/\/all4camper.com\/cs\/#\/schema\/person\/c6f1efdf1d02bc7d8c53a891cbe18c62","name":"Kl\u00e1ra H\u00e1jkov\u00e1","sameAs":["http:\/\/www.all4camper.com"],"url":"https:\/\/all4camper.com\/cs\/author\/klarinkacestuje1\/"}]}},"_links":{"self":[{"href":"https:\/\/all4camper.com\/cs\/wp-json\/wp\/v2\/posts\/85065","targetHints":{"allow":["GET"]}}],"collection":[{"href":"https:\/\/all4camper.com\/cs\/wp-json\/wp\/v2\/posts"}],"about":[{"href":"https:\/\/all4camper.com\/cs\/wp-json\/wp\/v2\/types\/post"}],"author":[{"embeddable":true,"href":"https:\/\/all4camper.com\/cs\/wp-json\/wp\/v2\/users\/4"}],"replies":[{"embeddable":true,"href":"https:\/\/all4camper.com\/cs\/wp-json\/wp\/v2\/comments?post=85065"}],"version-history":[{"count":0,"href":"https:\/\/all4camper.com\/cs\/wp-json\/wp\/v2\/posts\/85065\/revisions"}],"wp:featuredmedia":[{"embeddable":true,"href":"https:\/\/all4camper.com\/cs\/wp-json\/wp\/v2\/media\/85066"}],"wp:attachment":[{"href":"https:\/\/all4camper.com\/cs\/wp-json\/wp\/v2\/media?parent=85065"}],"wp:term":[{"taxonomy":"category","embeddable":true,"href":"https:\/\/all4camper.com\/cs\/wp-json\/wp\/v2\/categories?post=85065"},{"taxonomy":"post_tag","embeddable":true,"href":"https:\/\/all4camper.com\/cs\/wp-json\/wp\/v2\/tags?post=85065"}],"curies":[{"name":"wp","href":"https:\/\/api.w.org\/{rel}","templated":true}]}}