{"id":84449,"date":"2020-01-09T11:22:50","date_gmt":"2020-01-09T10:22:50","guid":{"rendered":"https:\/\/all4camper.com\/\/?p=84449"},"modified":"2021-05-31T19:00:14","modified_gmt":"2021-05-31T17:00:14","slug":"nejlepsi-kempy-v-chorvatsku-pro-rok-2020-istrie","status":"publish","type":"post","link":"https:\/\/all4camper.com\/cs\/nejlepsi-kempy-v-chorvatsku-pro-rok-2020-istrie\/","title":{"rendered":"Nejlep\u0161\u00ed kempy v Chorvatsku pro rok 2020 &#8211; Istrie"},"content":{"rendered":"\n<p><strong>A je to tady. Jako u n\u00e1s port\u00e1l dokempu ka\u017edoro\u010dn\u011b vyhla\u0161uje anketu o nejlep\u0161\u00ed kempy dan\u00e9ho roku, tak ani Chorvatsko nez\u016fst\u00e1v\u00e1 pozadu. Jedin\u00fd rozd\u00edl je, \u017ee v t\u00e9to zemi se nejedn\u00e1 o anketu mezi kempa\u0159i, ale v\u00fdb\u011br kemp\u016f je sestaven dle p\u0159edem definovan\u00fdch krit\u00e9ri\u00ed <a aria-label=\"Chorvatsk\u00fdm svazem kemp\u016f (opens in a new tab)\" rel=\"noreferrer noopener\" href=\"https:\/\/www.camping.hr\/\" target=\"_blank\">Chorvatsk\u00fdm svazem kemp\u016f<\/a>. A proto\u017ee pro leto\u0161n\u00ed rok byly ji\u017e v\u00fdsledky vyhl\u00e1\u0161eny, tak je jasn\u00e9, \u017ee ani na m\u00fdch str\u00e1nk\u00e1ch nesm\u011bj\u00ed chyb\u011bt. Dnes se zam\u011b\u0159\u00edme na Istrii.<\/strong><\/p>\n\n\n\n<div class=\"wp-block-image\"><figure class=\"aligncenter size-large\"><img loading=\"lazy\" decoding=\"async\" width=\"290\" height=\"320\" src=\"https:\/\/all4camper.com\/\/wp-content\/uploads\/2020\/01\/croatia-best-logo-2020.png\" alt=\"\" class=\"wp-image-84452\" srcset=\"https:\/\/all4camper.com\/wp-content\/uploads\/2020\/01\/croatia-best-logo-2020.png 290w, https:\/\/all4camper.com\/wp-content\/uploads\/2020\/01\/croatia-best-logo-2020-272x300.png 272w, https:\/\/all4camper.com\/wp-content\/uploads\/2020\/01\/croatia-best-logo-2020-136x150.png 136w\" sizes=\"auto, (max-width: 290px) 100vw, 290px\" \/><\/figure><\/div>\n\n\n\n<h4 class=\"wp-block-heading\"><strong>Camping Savudrija ****<\/strong><\/h4>\n\n\n\n<figure class=\"wp-block-image size-large\"><img loading=\"lazy\" decoding=\"async\" width=\"1200\" height=\"800\" src=\"https:\/\/all4camper.com\/\/wp-content\/uploads\/2020\/01\/camping-savudrija.png\" alt=\"\" class=\"wp-image-84454\" srcset=\"https:\/\/all4camper.com\/wp-content\/uploads\/2020\/01\/camping-savudrija.png 1200w, https:\/\/all4camper.com\/wp-content\/uploads\/2020\/01\/camping-savudrija-300x200.png 300w, https:\/\/all4camper.com\/wp-content\/uploads\/2020\/01\/camping-savudrija-150x100.png 150w, https:\/\/all4camper.com\/wp-content\/uploads\/2020\/01\/camping-savudrija-768x512.png 768w\" sizes=\"auto, (max-width: 1200px) 100vw, 1200px\" \/><\/figure>\n\n\n\n<ul class=\"wp-block-list\"><li>Str\u00e1nky:  <a rel=\"noreferrer noopener\" aria-label=\" (opens in a new tab)\" href=\"https:\/\/www.istracamping.com\/en\/camping\/savudrija\" target=\"_blank\">istracamping.com<\/a><\/li><li><a rel=\"noreferrer noopener\" aria-label=\"Zobrazit na map\u011b (opens in a new tab)\" href=\"https:\/\/g.page\/camping-savudrija?share\" target=\"_blank\">Zobrazit na map\u011b<\/a><\/li><li>Velikost: 11 hektar\u016f<\/li><li>Um\u00edst\u011bn\u00ed: u pl\u00e1\u017ee<\/li><li>Baz\u00e9n: ANO<\/li><li>Adresa:  Istarska 19, HR-52475 Savudrija \/ Umag<\/li><\/ul>\n\n\n\n<h4 class=\"wp-block-heading\"> Camping Stella Maris ****<\/h4>\n\n\n\n<figure class=\"wp-block-image size-large\"><img loading=\"lazy\" decoding=\"async\" width=\"1200\" height=\"800\" src=\"https:\/\/all4camper.com\/\/wp-content\/uploads\/2020\/01\/Stella-Maris.png\" alt=\"\" class=\"wp-image-84455\" srcset=\"https:\/\/all4camper.com\/wp-content\/uploads\/2020\/01\/Stella-Maris.png 1200w, https:\/\/all4camper.com\/wp-content\/uploads\/2020\/01\/Stella-Maris-300x200.png 300w, https:\/\/all4camper.com\/wp-content\/uploads\/2020\/01\/Stella-Maris-150x100.png 150w, https:\/\/all4camper.com\/wp-content\/uploads\/2020\/01\/Stella-Maris-768x512.png 768w\" sizes=\"auto, (max-width: 1200px) 100vw, 1200px\" \/><\/figure>\n\n\n\n<ul class=\"wp-block-list\"><li>Str\u00e1nky:  <a rel=\"noreferrer noopener\" aria-label=\" (opens in a new tab)\" href=\"https:\/\/www.istracamping.com\/en\/camping\/stella-maris\" target=\"_blank\">istracamping.com<\/a><\/li><li><a rel=\"noreferrer noopener\" aria-label=\"Zobrazit na map\u011b (opens in a new tab)\" href=\"https:\/\/g.page\/camping-stella-maris?share\" target=\"_blank\">Zobrazit na map\u011b<\/a><\/li><li>Velikost: 14 hektar\u016f<\/li><li>Um\u00edst\u011bn\u00ed: 300 m od pl\u00e1\u017ee, 700 m od pl\u00e1\u017ee pro psy<\/li><li>Baz\u00e9n: ANO<\/li><li>Adresa:  Stella Maris 9a, HR-52470 Umag \/ Umag<\/li><\/ul>\n\n\n\n<h4 class=\"wp-block-heading\"> Camping Park Umag ****<\/h4>\n\n\n\n<figure class=\"wp-block-image size-large\"><img loading=\"lazy\" decoding=\"async\" width=\"1200\" height=\"800\" src=\"https:\/\/all4camper.com\/\/wp-content\/uploads\/2020\/01\/park-umag.png\" alt=\"\" class=\"wp-image-84456\" srcset=\"https:\/\/all4camper.com\/wp-content\/uploads\/2020\/01\/park-umag.png 1200w, https:\/\/all4camper.com\/wp-content\/uploads\/2020\/01\/park-umag-300x200.png 300w, https:\/\/all4camper.com\/wp-content\/uploads\/2020\/01\/park-umag-150x100.png 150w, https:\/\/all4camper.com\/wp-content\/uploads\/2020\/01\/park-umag-768x512.png 768w\" sizes=\"auto, (max-width: 1200px) 100vw, 1200px\" \/><\/figure>\n\n\n\n<ul class=\"wp-block-list\"><li>Str\u00e1nky:  <a rel=\"noreferrer noopener\" aria-label=\" (opens in a new tab)\" href=\"https:\/\/www.istracamping.com\/en\/camping\/park-umag\" target=\"_blank\">istracamping.com<\/a><\/li><li><a rel=\"noreferrer noopener\" aria-label=\"Zobrazit na map\u011b (opens in a new tab)\" href=\"https:\/\/g.page\/camping-park-umag?share\" target=\"_blank\">Zobrazit na map\u011b<\/a><\/li><li>Velikost: 101 hektar\u016f<\/li><li>Um\u00edst\u011bn\u00ed: u pl\u00e1\u017ee, nedaleko aquapark a pl\u00e1\u017e pro psy<\/li><li>Baz\u00e9n: ANO<\/li><li>Adresa:   Ladin Gaj 132a, HR-52474 Brtonigla <\/li><\/ul>\n\n\n\n<h4 class=\"wp-block-heading\"> Aminess Maravea Camping Resort ****<\/h4>\n\n\n\n<figure class=\"wp-block-image size-large\"><img loading=\"lazy\" decoding=\"async\" width=\"1200\" height=\"800\" src=\"https:\/\/all4camper.com\/\/wp-content\/uploads\/2020\/01\/Aminess-Maravea.jpg\" alt=\"\" class=\"wp-image-84458\" srcset=\"https:\/\/all4camper.com\/wp-content\/uploads\/2020\/01\/Aminess-Maravea.jpg 1200w, https:\/\/all4camper.com\/wp-content\/uploads\/2020\/01\/Aminess-Maravea-300x200.jpg 300w, https:\/\/all4camper.com\/wp-content\/uploads\/2020\/01\/Aminess-Maravea-150x100.jpg 150w, https:\/\/all4camper.com\/wp-content\/uploads\/2020\/01\/Aminess-Maravea-768x512.jpg 768w\" sizes=\"auto, (max-width: 1200px) 100vw, 1200px\" \/><\/figure>\n\n\n\n<ul class=\"wp-block-list\"><li>Str\u00e1nky: <a rel=\"noreferrer noopener\" aria-label=\" (opens in a new tab)\" href=\"https:\/\/www.aminess-campsites.com\/en\/\" target=\"_blank\">aminess-campsites.com<\/a><\/li><li><a rel=\"noreferrer noopener\" aria-label=\"Zobrazit na map\u011b (opens in a new tab)\" href=\"https:\/\/goo.gl\/maps\/1P8QFWW5WD75VkVf7\" target=\"_blank\">Zobrazit na map\u011b<\/a><\/li><li>Velikost: 13 hektar\u016f<\/li><li>Pl\u00e1\u017e: u kempu, pl\u00e1\u017e pro psy, vodn\u00ed park<\/li><li>Baz\u00e9n: ANO<\/li><li>Adresa:  Mareda b.b., HR-52466 Novigrad <\/li><\/ul>\n\n\n\n<h4 class=\"wp-block-heading\"> Santa Marina Boutique Camping *****<\/h4>\n\n\n\n<figure class=\"wp-block-image size-large\"><img loading=\"lazy\" decoding=\"async\" width=\"1920\" height=\"1080\" src=\"https:\/\/all4camper.com\/\/wp-content\/uploads\/2020\/01\/santamarina-camping-1920x1080.jpg\" alt=\"\" class=\"wp-image-84459\" srcset=\"https:\/\/all4camper.com\/wp-content\/uploads\/2020\/01\/santamarina-camping-1920x1080.jpg 1920w, https:\/\/all4camper.com\/wp-content\/uploads\/2020\/01\/santamarina-camping-300x169.jpg 300w, https:\/\/all4camper.com\/wp-content\/uploads\/2020\/01\/santamarina-camping-150x84.jpg 150w, https:\/\/all4camper.com\/wp-content\/uploads\/2020\/01\/santamarina-camping-768x432.jpg 768w, https:\/\/all4camper.com\/wp-content\/uploads\/2020\/01\/santamarina-camping-1536x864.jpg 1536w, https:\/\/all4camper.com\/wp-content\/uploads\/2020\/01\/santamarina-camping-2048x1152.jpg 2048w, https:\/\/all4camper.com\/wp-content\/uploads\/2020\/01\/santamarina-camping-678x381.jpg 678w\" sizes=\"auto, (max-width: 1920px) 100vw, 1920px\" \/><\/figure>\n\n\n\n<ul class=\"wp-block-list\"><li>Str\u00e1nky:  <a rel=\"noreferrer noopener\" aria-label=\" (opens in a new tab)\" href=\"https:\/\/www.santamarina-camping.com\/en\" target=\"_blank\">santamarina-camping.com<\/a><\/li><li><a rel=\"noreferrer noopener\" aria-label=\"Zobrazit na map\u011b (opens in a new tab)\" href=\"https:\/\/g.page\/boutique-camping-santa-marina?share\" target=\"_blank\">Zobrazit na map\u011b<\/a><\/li><li>Velikost: 4,5 hektaru<\/li><li>Pl\u00e1\u017e: 800 m od kempu, p\u0159epravu zaji\u0161\u0165uje kemp<\/li><li>Baz\u00e9n: ANO<\/li><li>Adresa:  Santa Marina 12, HR-52465 Vabriga <\/li><\/ul>\n\n\n\n<h4 class=\"wp-block-heading\"> Solaris Camping Resort ****<\/h4>\n\n\n\n<figure class=\"wp-block-image size-large\"><img loading=\"lazy\" decoding=\"async\" width=\"1920\" height=\"1080\" src=\"https:\/\/all4camper.com\/\/wp-content\/uploads\/2020\/01\/Solaris-Camping-Resort.jpg\" alt=\"\" class=\"wp-image-84460\" srcset=\"https:\/\/all4camper.com\/wp-content\/uploads\/2020\/01\/Solaris-Camping-Resort.jpg 1920w, https:\/\/all4camper.com\/wp-content\/uploads\/2020\/01\/Solaris-Camping-Resort-300x169.jpg 300w, https:\/\/all4camper.com\/wp-content\/uploads\/2020\/01\/Solaris-Camping-Resort-150x84.jpg 150w, https:\/\/all4camper.com\/wp-content\/uploads\/2020\/01\/Solaris-Camping-Resort-768x432.jpg 768w, https:\/\/all4camper.com\/wp-content\/uploads\/2020\/01\/Solaris-Camping-Resort-1536x864.jpg 1536w, https:\/\/all4camper.com\/wp-content\/uploads\/2020\/01\/Solaris-Camping-Resort-678x381.jpg 678w\" sizes=\"auto, (max-width: 1920px) 100vw, 1920px\" \/><\/figure>\n\n\n\n<ul class=\"wp-block-list\"><li>Str\u00e1nky: <a rel=\"noreferrer noopener\" aria-label=\" (opens in a new tab)\" href=\"http:\/\/en.campingsolaris.com\/\" target=\"_blank\">campingsolaris.com<\/a><\/li><li><a rel=\"noreferrer noopener\" aria-label=\"Zobrazit na map\u011b (opens in a new tab)\" href=\"https:\/\/goo.gl\/maps\/fLrV2aS8cGs9fkYH7\" target=\"_blank\">Zobrazit na map\u011b<\/a><\/li><li>Velikost: 49 hektar\u016f<\/li><li>Pl\u00e1\u017e: u pl\u00e1\u017ee, vodn\u00ed park<\/li><li>Baz\u00e9n: ANO<\/li><li>Adresa:  Solaris 1, HR-52465 Tar <\/li><\/ul>\n\n\n\n<h4 class=\"wp-block-heading\"> Lanterna Premium Camping Resort ****<\/h4>\n\n\n\n<figure class=\"wp-block-image size-large\"><img loading=\"lazy\" decoding=\"async\" width=\"900\" height=\"700\" src=\"https:\/\/all4camper.com\/\/wp-content\/uploads\/2020\/01\/lanterna-premium-camping-resort-punto-blu-village.jpg\" alt=\"\" class=\"wp-image-84461\" srcset=\"https:\/\/all4camper.com\/wp-content\/uploads\/2020\/01\/lanterna-premium-camping-resort-punto-blu-village.jpg 900w, https:\/\/all4camper.com\/wp-content\/uploads\/2020\/01\/lanterna-premium-camping-resort-punto-blu-village-300x233.jpg 300w, https:\/\/all4camper.com\/wp-content\/uploads\/2020\/01\/lanterna-premium-camping-resort-punto-blu-village-150x117.jpg 150w, https:\/\/all4camper.com\/wp-content\/uploads\/2020\/01\/lanterna-premium-camping-resort-punto-blu-village-768x597.jpg 768w\" sizes=\"auto, (max-width: 900px) 100vw, 900px\" \/><\/figure>\n\n\n\n<ul class=\"wp-block-list\"><li>Str\u00e1nky: <a rel=\"noreferrer noopener\" aria-label=\" (opens in a new tab)\" href=\"https:\/\/www.camping-adriatic.com\/lanterna-camp-porec\" target=\"_blank\">camping-adriatic.com<\/a><\/li><li><a rel=\"noreferrer noopener\" aria-label=\"Zobrazit na map\u011b (opens in a new tab)\" href=\"https:\/\/goo.gl\/maps\/CqKPDqTppwycvCwc9\" target=\"_blank\">Zobrazit na map\u011b<\/a><\/li><li>Velikost: 83 hektar\u016f<\/li><li>Pl\u00e1\u017e: u pl\u00e1\u017ee, pl\u00e1\u017e pro psy, vodn\u00ed park<\/li><li>Baz\u00e9n: ANO<\/li><li>Adresa:  Lanterna 1, HR-52465 Tar  \/ Pore\u010d<\/li><\/ul>\n\n\n\n<h4 class=\"wp-block-heading\"> Camping Ulika ****<\/h4>\n\n\n\n<figure class=\"wp-block-image size-large\"><img loading=\"lazy\" decoding=\"async\" width=\"1200\" height=\"800\" src=\"https:\/\/all4camper.com\/\/wp-content\/uploads\/2020\/01\/camping-ulika.png\" alt=\"\" class=\"wp-image-84462\" srcset=\"https:\/\/all4camper.com\/wp-content\/uploads\/2020\/01\/camping-ulika.png 1200w, https:\/\/all4camper.com\/wp-content\/uploads\/2020\/01\/camping-ulika-300x200.png 300w, https:\/\/all4camper.com\/wp-content\/uploads\/2020\/01\/camping-ulika-150x100.png 150w, https:\/\/all4camper.com\/wp-content\/uploads\/2020\/01\/camping-ulika-768x512.png 768w\" sizes=\"auto, (max-width: 1200px) 100vw, 1200px\" \/><\/figure>\n\n\n\n<ul class=\"wp-block-list\"><li>Str\u00e1nky:  <a rel=\"noreferrer noopener\" aria-label=\" (opens in a new tab)\" href=\"https:\/\/www.istracamping.com\/en\/camping\/ulika\" target=\"_blank\">istracamping.com<\/a><\/li><li><a rel=\"noreferrer noopener\" aria-label=\"Zobrazit na map\u011b (opens in a new tab)\" href=\"https:\/\/g.page\/camping-ulika?share\" target=\"_blank\">Zobrazit na map\u011b<\/a><\/li><li>Velikost: 29 hektar\u016f<\/li><li>Pl\u00e1\u017e: u pl\u00e1\u017ee, pl\u00e1\u017e pro psy<\/li><li>Baz\u00e9n: ANO<\/li><li>Adresa:  \u010cervar, HR-52440 Pore\u010d  \/ Pore\u010d<\/li><\/ul>\n\n\n\n<h4 class=\"wp-block-heading\"> Camping Zelena Laguna ****<\/h4>\n\n\n\n<figure class=\"wp-block-image size-large\"><img loading=\"lazy\" decoding=\"async\" width=\"1200\" height=\"800\" src=\"https:\/\/all4camper.com\/\/wp-content\/uploads\/2020\/01\/zelena-laguna.png\" alt=\"\" class=\"wp-image-84509\" srcset=\"https:\/\/all4camper.com\/wp-content\/uploads\/2020\/01\/zelena-laguna.png 1200w, https:\/\/all4camper.com\/wp-content\/uploads\/2020\/01\/zelena-laguna-300x200.png 300w, https:\/\/all4camper.com\/wp-content\/uploads\/2020\/01\/zelena-laguna-150x100.png 150w, https:\/\/all4camper.com\/wp-content\/uploads\/2020\/01\/zelena-laguna-768x512.png 768w\" sizes=\"auto, (max-width: 1200px) 100vw, 1200px\" \/><\/figure>\n\n\n\n<ul class=\"wp-block-list\"><li>Str\u00e1nky:  <a rel=\"noreferrer noopener\" aria-label=\" (opens in a new tab)\" href=\"https:\/\/www.istracamping.com\/en\/camping\/zelena-laguna\" target=\"_blank\">istracamping.com<\/a><\/li><li><a rel=\"noreferrer noopener\" aria-label=\"Zobrazit na map\u011b (opens in a new tab)\" href=\"https:\/\/g.page\/camping-zelena-laguna?share\" target=\"_blank\">Zobrazit na map\u011b<\/a><\/li><li>Velikost: 19 hektar\u016f<\/li><li>Pl\u00e1\u017e: u pl\u00e1\u017ee, pl\u00e1\u017e pro psy 100 m<\/li><li>Baz\u00e9n: ANO<\/li><li>Adresa:  Zelena Laguna 24, HR-52452 Funtana \/ Pore\u010d<\/li><\/ul>\n\n\n\n<h4 class=\"wp-block-heading\"> Camping Bijela Uvala ****<\/h4>\n\n\n\n<figure class=\"wp-block-image size-large\"><img loading=\"lazy\" decoding=\"async\" width=\"1200\" height=\"800\" src=\"https:\/\/all4camper.com\/\/wp-content\/uploads\/2020\/01\/Camping-ulava.png\" alt=\"\" class=\"wp-image-84510\" srcset=\"https:\/\/all4camper.com\/wp-content\/uploads\/2020\/01\/Camping-ulava.png 1200w, https:\/\/all4camper.com\/wp-content\/uploads\/2020\/01\/Camping-ulava-300x200.png 300w, https:\/\/all4camper.com\/wp-content\/uploads\/2020\/01\/Camping-ulava-150x100.png 150w, https:\/\/all4camper.com\/wp-content\/uploads\/2020\/01\/Camping-ulava-768x512.png 768w\" sizes=\"auto, (max-width: 1200px) 100vw, 1200px\" \/><\/figure>\n\n\n\n<ul class=\"wp-block-list\"><li>Str\u00e1nky:  <a rel=\"noreferrer noopener\" aria-label=\" (opens in a new tab)\" href=\"https:\/\/www.istracamping.com\/en\/camping\/bijela-uvala\" target=\"_blank\">istracamping.com<\/a><\/li><li><a rel=\"noreferrer noopener\" aria-label=\"Zobrazit na map\u011b (opens in a new tab)\" href=\"https:\/\/g.page\/CampingBijelaUvala?share\" target=\"_blank\">Zobrazit na map\u011b<\/a><\/li><li>Velikost: 45 hektar\u016f<\/li><li>Pl\u00e1\u017e: \u010d\u00e1st kempu pobl\u00ed\u017e, zbytek tak 500 metr\u016f<\/li><li>Baz\u00e9n: ANO<\/li><li>Adresa:  Bijela Uvala 1, HR-52452 Funtana \/ Pore\u010d<\/li><\/ul>\n\n\n\n<h4 class=\"wp-block-heading\"> Polidor Camping ****<\/h4>\n\n\n\n<figure class=\"wp-block-image size-large\"><img loading=\"lazy\" decoding=\"async\" width=\"1396\" height=\"931\" src=\"https:\/\/all4camper.com\/\/wp-content\/uploads\/2020\/01\/polidor.jpg\" alt=\"\" class=\"wp-image-84513\" srcset=\"https:\/\/all4camper.com\/wp-content\/uploads\/2020\/01\/polidor.jpg 1396w, https:\/\/all4camper.com\/wp-content\/uploads\/2020\/01\/polidor-300x200.jpg 300w, https:\/\/all4camper.com\/wp-content\/uploads\/2020\/01\/polidor-150x100.jpg 150w, https:\/\/all4camper.com\/wp-content\/uploads\/2020\/01\/polidor-768x512.jpg 768w\" sizes=\"auto, (max-width: 1396px) 100vw, 1396px\" \/><\/figure>\n\n\n\n<ul class=\"wp-block-list\"><li>Str\u00e1nky: <a rel=\"noreferrer noopener\" aria-label=\"https:\/\/www.campingpolidor.com\/ (opens in a new tab)\" href=\"https:\/\/www.campingpolidor.com\/\" target=\"_blank\">campingpolidor.com<\/a><\/li><li><a rel=\"noreferrer noopener\" aria-label=\"Zobrazit na map\u011b (opens in a new tab)\" href=\"https:\/\/goo.gl\/maps\/H2meXSJWMSRnD6rM8\" target=\"_blank\">Zobrazit na map\u011b<\/a><\/li><li>Velikost: 1,3 hektaru<\/li><li>Pl\u00e1\u017e: 800 metr\u016f od kempu, bezplatn\u00e1 p\u0159eprava z kempu<\/li><li>Baz\u00e9n: ANO<\/li><li>Adresa:  Bijela Uvala 12, HR-52452 Funtana \/ Funtana<\/li><\/ul>\n\n\n\n<h4 class=\"wp-block-heading\"> Istra Premium Camping Resort *****<\/h4>\n\n\n\n<figure class=\"wp-block-image size-large\"><img loading=\"lazy\" decoding=\"async\" width=\"768\" height=\"400\" src=\"https:\/\/all4camper.com\/\/wp-content\/uploads\/2020\/01\/istra-premium-camping-resort-bella-vista-luxury-mare-pitch.jpg\" alt=\"\" class=\"wp-image-84514\" srcset=\"https:\/\/all4camper.com\/wp-content\/uploads\/2020\/01\/istra-premium-camping-resort-bella-vista-luxury-mare-pitch.jpg 768w, https:\/\/all4camper.com\/wp-content\/uploads\/2020\/01\/istra-premium-camping-resort-bella-vista-luxury-mare-pitch-300x156.jpg 300w, https:\/\/all4camper.com\/wp-content\/uploads\/2020\/01\/istra-premium-camping-resort-bella-vista-luxury-mare-pitch-150x78.jpg 150w\" sizes=\"auto, (max-width: 768px) 100vw, 768px\" \/><\/figure>\n\n\n\n<ul class=\"wp-block-list\"><li>Str\u00e1nky:  <a href=\"https:\/\/www.camping-adriatic.com\/istra-camp-porec\">camping-adriatic.com<\/a><\/li><li><a rel=\"noreferrer noopener\" aria-label=\"Zobrazit na map\u011b (opens in a new tab)\" href=\"https:\/\/goo.gl\/maps\/MXivF5eA6X4cBiyt6\" target=\"_blank\">Zobrazit na map\u011b<\/a><\/li><li>Velikost: 37 hektar\u016f<\/li><li>Pl\u00e1\u017e: ano, luxusn\u00ed pozemky p\u0159\u00edmo u mo\u0159e<\/li><li>Baz\u00e9n: ANO<\/li><li>Adresa:  Grgeti 35, HR-52452 Funtana  <\/li><\/ul>\n\n\n\n<h4 class=\"wp-block-heading\"> Valkanela Camping ****<\/h4>\n\n\n\n<figure class=\"wp-block-image size-large\"><img loading=\"lazy\" decoding=\"async\" width=\"1600\" height=\"899\" src=\"https:\/\/all4camper.com\/\/wp-content\/uploads\/2020\/01\/valkanela.jpg\" alt=\"\" class=\"wp-image-84515\" srcset=\"https:\/\/all4camper.com\/wp-content\/uploads\/2020\/01\/valkanela.jpg 1600w, https:\/\/all4camper.com\/wp-content\/uploads\/2020\/01\/valkanela-300x169.jpg 300w, https:\/\/all4camper.com\/wp-content\/uploads\/2020\/01\/valkanela-150x84.jpg 150w, https:\/\/all4camper.com\/wp-content\/uploads\/2020\/01\/valkanela-768x432.jpg 768w, https:\/\/all4camper.com\/wp-content\/uploads\/2020\/01\/valkanela-1536x863.jpg 1536w, https:\/\/all4camper.com\/wp-content\/uploads\/2020\/01\/valkanela-678x381.jpg 678w\" sizes=\"auto, (max-width: 1600px) 100vw, 1600px\" \/><\/figure>\n\n\n\n<ul class=\"wp-block-list\"><li>Str\u00e1nky:  <a href=\"https:\/\/www.maistracamping.com\/campsite-valkanela-vrsar\">maistracamping.com<\/a><\/li><li><a rel=\"noreferrer noopener\" aria-label=\"Zobrazit na map\u011b (opens in a new tab)\" href=\"https:\/\/goo.gl\/maps\/rEo1BJz4gnswSgMx8\" target=\"_blank\">Zobrazit na map\u011b<\/a><\/li><li>Velikost: 56 hektar\u016f<\/li><li>Pl\u00e1\u017e: ano, pl\u00e1\u017e pro psy, speci\u00e1ln\u00ed pro d\u011bti, vodn\u00ed park<\/li><li>Baz\u00e9n: ANO<\/li><li>Adresa:  Valkanela 6, HR-52450 Vrsar <\/li><\/ul>\n\n\n\n<h4 class=\"wp-block-heading\"> Orsera Camping Resort ***<\/h4>\n\n\n\n<figure class=\"wp-block-image size-large\"><img loading=\"lazy\" decoding=\"async\" width=\"800\" height=\"700\" src=\"https:\/\/all4camper.com\/\/wp-content\/uploads\/2020\/01\/camping-orsera-what-proud-of.jpg\" alt=\"\" class=\"wp-image-84517\" srcset=\"https:\/\/all4camper.com\/wp-content\/uploads\/2020\/01\/camping-orsera-what-proud-of.jpg 800w, https:\/\/all4camper.com\/wp-content\/uploads\/2020\/01\/camping-orsera-what-proud-of-300x263.jpg 300w, https:\/\/all4camper.com\/wp-content\/uploads\/2020\/01\/camping-orsera-what-proud-of-150x131.jpg 150w, https:\/\/all4camper.com\/wp-content\/uploads\/2020\/01\/camping-orsera-what-proud-of-768x672.jpg 768w\" sizes=\"auto, (max-width: 800px) 100vw, 800px\" \/><\/figure>\n\n\n\n<ul class=\"wp-block-list\"><li>Str\u00e1nky:  <a rel=\"noreferrer noopener\" aria-label=\" (opens in a new tab)\" href=\"https:\/\/www.camping-adriatic.com\/orsera-camp-porec\" target=\"_blank\">camping-adriatic.com<\/a><\/li><li><a rel=\"noreferrer noopener\" aria-label=\"Zobrazit na map\u011b (opens in a new tab)\" href=\"https:\/\/goo.gl\/maps\/TvCTSX71ffKyPkcr5\" target=\"_blank\">Zobrazit na map\u011b<\/a><\/li><li>Velikost: 9 hektar\u016f<\/li><li>Pl\u00e1\u017e: ano, vodn\u00ed park, pl\u00e1\u017e pro psy<\/li><li>Baz\u00e9n: ANO<\/li><li>Adresa:  Sveti Martin 2\/1, HR-52450 Vrsar <\/li><\/ul>\n\n\n\n<h4 class=\"wp-block-heading\"> Porto Sole Camping ****<\/h4>\n\n\n\n<figure class=\"wp-block-image size-large\"><img loading=\"lazy\" decoding=\"async\" width=\"943\" height=\"530\" src=\"https:\/\/all4camper.com\/\/wp-content\/uploads\/2020\/01\/Porto-Sole.jpg\" alt=\"\" class=\"wp-image-84518\" srcset=\"https:\/\/all4camper.com\/wp-content\/uploads\/2020\/01\/Porto-Sole.jpg 943w, https:\/\/all4camper.com\/wp-content\/uploads\/2020\/01\/Porto-Sole-300x169.jpg 300w, https:\/\/all4camper.com\/wp-content\/uploads\/2020\/01\/Porto-Sole-150x84.jpg 150w, https:\/\/all4camper.com\/wp-content\/uploads\/2020\/01\/Porto-Sole-768x432.jpg 768w, https:\/\/all4camper.com\/wp-content\/uploads\/2020\/01\/Porto-Sole-678x381.jpg 678w\" sizes=\"auto, (max-width: 943px) 100vw, 943px\" \/><\/figure>\n\n\n\n<ul class=\"wp-block-list\"><li>Str\u00e1nky:  <a href=\"https:\/\/www.maistracamping.com\/campsite-porto-sole-vrsar\">maistracamping.com<\/a><\/li><li><a rel=\"noreferrer noopener\" aria-label=\"Zobrazit na map\u011b (opens in a new tab)\" href=\"https:\/\/goo.gl\/maps\/zbBk2B21G3qyb5zN9\" target=\"_blank\">Zobrazit na map\u011b<\/a><\/li><li>Velikost: 19,5 hektaru<\/li><li>Pl\u00e1\u017e: ano, vodn\u00ed park, pl\u00e1\u017e pro psy<\/li><li>Baz\u00e9n: ANO<\/li><li>Adresa:  Petalon 1, HR-52450 Vrsar <\/li><\/ul>\n\n\n\n<h4 class=\"wp-block-heading\"> Val Saline Camping <\/h4>\n\n\n\n<figure class=\"wp-block-image size-large\"><img loading=\"lazy\" decoding=\"async\" width=\"1088\" height=\"730\" src=\"https:\/\/all4camper.com\/\/wp-content\/uploads\/2020\/01\/campvalsaline.jpg\" alt=\"\" class=\"wp-image-84519\" srcset=\"https:\/\/all4camper.com\/wp-content\/uploads\/2020\/01\/campvalsaline.jpg 1088w, https:\/\/all4camper.com\/wp-content\/uploads\/2020\/01\/campvalsaline-300x201.jpg 300w, https:\/\/all4camper.com\/wp-content\/uploads\/2020\/01\/campvalsaline-150x101.jpg 150w, https:\/\/all4camper.com\/wp-content\/uploads\/2020\/01\/campvalsaline-768x515.jpg 768w\" sizes=\"auto, (max-width: 1088px) 100vw, 1088px\" \/><\/figure>\n\n\n\n<ul class=\"wp-block-list\"><li>Str\u00e1nky: <a rel=\"noreferrer noopener\" aria-label=\" (opens in a new tab)\" href=\"http:\/\/www.campvalsaline.hr\/\" target=\"_blank\">campvalsaline.hr<\/a><\/li><li><a rel=\"noreferrer noopener\" aria-label=\"Zobrazit na map\u011b (opens in a new tab)\" href=\"https:\/\/goo.gl\/maps\/i8D2gpNkfU7NtSC38\" target=\"_blank\">Zobrazit na map\u011b<\/a><\/li><li>Velikost: 12 hektar\u016f<\/li><li>Pl\u00e1\u017e: ano, pozor, psi nejsou povoleni<\/li><li>Baz\u00e9n: ANO<\/li><li>Adresa:  Cesta za Valaltu &#8211; Lim 7a, HR-52210 Rovinj <\/li><\/ul>\n\n\n\n<h4 class=\"wp-block-heading\"> Polari Camping <\/h4>\n\n\n\n<figure class=\"wp-block-image size-large\"><img loading=\"lazy\" decoding=\"async\" width=\"795\" height=\"530\" src=\"https:\/\/all4camper.com\/\/wp-content\/uploads\/2020\/01\/4-Camping-Polari-Pool-3469.jpg\" alt=\"\" class=\"wp-image-84521\" srcset=\"https:\/\/all4camper.com\/wp-content\/uploads\/2020\/01\/4-Camping-Polari-Pool-3469.jpg 795w, https:\/\/all4camper.com\/wp-content\/uploads\/2020\/01\/4-Camping-Polari-Pool-3469-300x200.jpg 300w, https:\/\/all4camper.com\/wp-content\/uploads\/2020\/01\/4-Camping-Polari-Pool-3469-150x100.jpg 150w, https:\/\/all4camper.com\/wp-content\/uploads\/2020\/01\/4-Camping-Polari-Pool-3469-768x512.jpg 768w\" sizes=\"auto, (max-width: 795px) 100vw, 795px\" \/><\/figure>\n\n\n\n<ul class=\"wp-block-list\"><li>Str\u00e1nky: <a href=\"https:\/\/www.maistracamping.com\/campsite-polari-rovinj\">maistracamping.com<\/a><\/li><li><a rel=\"noreferrer noopener\" aria-label=\"Zobrazit na map\u011b (opens in a new tab)\" href=\"https:\/\/goo.gl\/maps\/Qpr6U2MXtwjpE12x7\" target=\"_blank\">Zobrazit na map\u011b<\/a><\/li><li>Velikost: 62 hektar\u016f<\/li><li>Pl\u00e1\u017e: ano, vodn\u00ed park, pl\u00e1\u017e pro psy<\/li><li>Baz\u00e9n: ANO<\/li><li>Adresa:  Polari 1, HR-52210 Rovinj <\/li><\/ul>\n\n\n\n<h4 class=\"wp-block-heading\"> Ve\u0161tar Camping <\/h4>\n\n\n\n<figure class=\"wp-block-image size-large\"><img loading=\"lazy\" decoding=\"async\" width=\"795\" height=\"530\" src=\"https:\/\/all4camper.com\/\/wp-content\/uploads\/2020\/01\/1-Vestar-campsite-3763.jpg\" alt=\"\" class=\"wp-image-84522\" srcset=\"https:\/\/all4camper.com\/wp-content\/uploads\/2020\/01\/1-Vestar-campsite-3763.jpg 795w, https:\/\/all4camper.com\/wp-content\/uploads\/2020\/01\/1-Vestar-campsite-3763-300x200.jpg 300w, https:\/\/all4camper.com\/wp-content\/uploads\/2020\/01\/1-Vestar-campsite-3763-150x100.jpg 150w, https:\/\/all4camper.com\/wp-content\/uploads\/2020\/01\/1-Vestar-campsite-3763-768x512.jpg 768w\" sizes=\"auto, (max-width: 795px) 100vw, 795px\" \/><\/figure>\n\n\n\n<ul class=\"wp-block-list\"><li>Str\u00e1nky: <a href=\"https:\/\/www.maistracamping.com\/campsite-vestar-rovinj\">maistracamping.com<\/a><\/li><li><a rel=\"noreferrer noopener\" aria-label=\"Zobrazit na map\u011b (opens in a new tab)\" href=\"https:\/\/goo.gl\/maps\/eA13oJzb6DJYbFNP8\" target=\"_blank\">Zobrazit na map\u011b<\/a><\/li><li>Velikost: 15 hektar\u016f<\/li><li>Pl\u00e1\u017e: ano, vodn\u00ed park, pl\u00e1\u017e pro psy<\/li><li>Baz\u00e9n: ANO<\/li><li>Adresa:  Ve\u0161tar 1, HR-52210 Rovinj <\/li><\/ul>\n\n\n\n<h4 class=\"wp-block-heading\"> Mon Perin Camping ****<\/h4>\n\n\n\n<figure class=\"wp-block-image size-large\"><img loading=\"lazy\" decoding=\"async\" width=\"1200\" height=\"800\" src=\"https:\/\/all4camper.com\/\/wp-content\/uploads\/2020\/01\/Camping-MonPerin_Comfort-Plus_Pitch.jpg\" alt=\"\" class=\"wp-image-84523\" srcset=\"https:\/\/all4camper.com\/wp-content\/uploads\/2020\/01\/Camping-MonPerin_Comfort-Plus_Pitch.jpg 1200w, https:\/\/all4camper.com\/wp-content\/uploads\/2020\/01\/Camping-MonPerin_Comfort-Plus_Pitch-300x200.jpg 300w, https:\/\/all4camper.com\/wp-content\/uploads\/2020\/01\/Camping-MonPerin_Comfort-Plus_Pitch-150x100.jpg 150w, https:\/\/all4camper.com\/wp-content\/uploads\/2020\/01\/Camping-MonPerin_Comfort-Plus_Pitch-768x512.jpg 768w\" sizes=\"auto, (max-width: 1200px) 100vw, 1200px\" \/><\/figure>\n\n\n\n<ul class=\"wp-block-list\"><li>Str\u00e1nky: <a rel=\"noreferrer noopener\" aria-label=\" (opens in a new tab)\" href=\"https:\/\/www.camping-monperin.hr\/\" target=\"_blank\">camping-monperin.hr<\/a><\/li><li><a rel=\"noreferrer noopener\" aria-label=\"Zobrazit na map\u011b (opens in a new tab)\" href=\"https:\/\/goo.gl\/maps\/Lt9XRUu5cHsMDtih7\" target=\"_blank\">Zobrazit na map\u011b<\/a><\/li><li>Velikost: 30 hektar\u016f<\/li><li>Pl\u00e1\u017e: ano, vodn\u00ed park, pl\u00e1\u017e pro psy<\/li><li>Baz\u00e9n: ANO<\/li><li>Adresa:  San Polo 1, HR-52211 Bale <\/li><\/ul>\n\n\n\n<h4 class=\"wp-block-heading\"> Arena Grand Ka\u017eela Campsite <\/h4>\n\n\n\n<figure class=\"wp-block-image size-large\"><img loading=\"lazy\" decoding=\"async\" width=\"1680\" height=\"960\" src=\"https:\/\/all4camper.com\/\/wp-content\/uploads\/2020\/01\/Arena-Grand.jpg\" alt=\"\" class=\"wp-image-84524\" srcset=\"https:\/\/all4camper.com\/wp-content\/uploads\/2020\/01\/Arena-Grand.jpg 1680w, https:\/\/all4camper.com\/wp-content\/uploads\/2020\/01\/Arena-Grand-300x171.jpg 300w, https:\/\/all4camper.com\/wp-content\/uploads\/2020\/01\/Arena-Grand-150x86.jpg 150w, https:\/\/all4camper.com\/wp-content\/uploads\/2020\/01\/Arena-Grand-768x439.jpg 768w, https:\/\/all4camper.com\/wp-content\/uploads\/2020\/01\/Arena-Grand-1536x878.jpg 1536w\" sizes=\"auto, (max-width: 1680px) 100vw, 1680px\" \/><\/figure>\n\n\n\n<ul class=\"wp-block-list\"><li>Str\u00e1nky: <a href=\"https:\/\/www.arenacampsites.com\/de\/campingplatze-istrien\/camping-arena-medulin\">arenacampsites.com<\/a><\/li><li><a rel=\"noreferrer noopener\" aria-label=\"Zobrazen\u00ed na map\u011b (opens in a new tab)\" href=\"https:\/\/goo.gl\/maps\/BiZT5ME4gtSCCEFw8\" target=\"_blank\">Zobrazen\u00ed na map\u011b<\/a><\/li><li>Velikost: 100 hektar\u016f<\/li><li>Pl\u00e1\u017e: ano, vodn\u00ed park, pl\u00e1\u017e pro psy<\/li><li>Baz\u00e9n: ANO<\/li><li>Adresa:  Kapovica 350, HR-52203 Medulin  <\/li><\/ul>\n\n\n\n<h4 class=\"wp-block-heading\"> Bi Village Camping ****<\/h4>\n\n\n\n<figure class=\"wp-block-image size-large\"><img loading=\"lazy\" decoding=\"async\" width=\"1200\" height=\"627\" src=\"https:\/\/all4camper.com\/\/wp-content\/uploads\/2020\/01\/piazzola-mare-camping-bivillage.jpg\" alt=\"\" class=\"wp-image-84525\" srcset=\"https:\/\/all4camper.com\/wp-content\/uploads\/2020\/01\/piazzola-mare-camping-bivillage.jpg 1200w, https:\/\/all4camper.com\/wp-content\/uploads\/2020\/01\/piazzola-mare-camping-bivillage-300x157.jpg 300w, https:\/\/all4camper.com\/wp-content\/uploads\/2020\/01\/piazzola-mare-camping-bivillage-150x78.jpg 150w, https:\/\/all4camper.com\/wp-content\/uploads\/2020\/01\/piazzola-mare-camping-bivillage-768x401.jpg 768w\" sizes=\"auto, (max-width: 1200px) 100vw, 1200px\" \/><\/figure>\n\n\n\n<ul class=\"wp-block-list\"><li>Str\u00e1nky:  <a href=\"https:\/\/www.bivillage.com\/en\/\">bivillage.com<\/a><\/li><li><a rel=\"noreferrer noopener\" aria-label=\"Zobrazen\u00ed na map\u011b (opens in a new tab)\" href=\"https:\/\/goo.gl\/maps\/rvRLgKaaA7okzf3o6\" target=\"_blank\">Zobrazen\u00ed na map\u011b<\/a><\/li><li>Velikost: 48 hektar\u016f<\/li><li>Pl\u00e1\u017e: ano, pl\u00e1\u017e pro psy, vodn\u00ed park<\/li><li>Baz\u00e9n: ANO<\/li><li>Adresa:  Dragonja 115, HR-52212 Fa\u017eana <\/li><\/ul>\n\n\n\n<figure class=\"wp-block-image size-large\"><img loading=\"lazy\" decoding=\"async\" width=\"1800\" height=\"900\" src=\"https:\/\/all4camper.com\/\/wp-content\/uploads\/2021\/05\/606_banner_OFF_05-2021_1800x9005.gif\" alt=\"\" class=\"wp-image-133990\"\/><\/figure>\n","protected":false},"excerpt":{"rendered":"<p>A je to tady. Jako u n\u00e1s port\u00e1l dokempu ka\u017edoro\u010dn\u011b vyhla\u0161uje anketu o nejlep\u0161\u00ed kempy dan\u00e9ho roku, tak ani Chorvatsko nez\u016fst\u00e1v\u00e1 pozadu. Jedin\u00fd rozd\u00edl je, \u017ee v t\u00e9to zemi se nejedn\u00e1 o anketu mezi kempa\u0159i, ale v\u00fdb\u011br kemp\u016f je sestaven dle p\u0159edem definovan\u00fdch krit\u00e9ri\u00ed Chorvatsk\u00fdm svazem kemp\u016f. A proto\u017ee pro leto\u0161n\u00ed rok byly ji\u017e v\u00fdsledky [&hellip;]<\/p>\n","protected":false},"author":4,"featured_media":84521,"comment_status":"closed","ping_status":"open","sticky":false,"template":"","format":"standard","meta":{"_monsterinsights_skip_tracking":false,"_monsterinsights_sitenote_active":false,"_monsterinsights_sitenote_note":"","_monsterinsights_sitenote_category":0,"footnotes":""},"categories":[2382,68,11685],"tags":[112,101,380,8210],"class_list":{"0":"post-84449","1":"post","2":"type-post","3":"status-publish","4":"format-standard","5":"has-post-thumbnail","7":"category-kempovani-a-cestovani-v-chorvatsku","8":"category-kempovani-a-zajimave-cile","9":"category-top-kempy","10":"tag-chorvatsko","11":"tag-kempy-1","12":"tag-topkempy","13":"tag-zpravy"},"yoast_head":"<!-- This site is optimized with the Yoast SEO plugin v27.5 - https:\/\/yoast.com\/product\/yoast-seo-wordpress\/ -->\n<title>Nejlep\u0161\u00ed kempy v Chorvatsku pro rok 2020 - Istrie - All4Camper<\/title>\n<meta name=\"description\" content=\"Jako u n\u00e1s port\u00e1l dokempu ka\u017edoro\u010dn\u011b vyhla\u0161uje anketu o nejlep\u0161\u00ed kempy dan\u00e9ho roku, tak ani Chorvatsko nez\u016fst\u00e1v\u00e1 pozadu. Jedin\u00fd rozd\u00edl je, \u017ee v t\u00e9to zemi se nejedn\u00e1 o anketu mezi kempa\u0159i, ale v\u00fdb\u011br kemp\u016f je sestaven dle p\u0159edem definovan\u00fdch krit\u00e9ri\u00ed Chorvatsk\u00fdm svazem kemp\u016f. A proto\u017ee pro leto\u0161n\u00ed rok byly ji\u017e v\u00fdsledky vyhl\u00e1\u0161eny, tak je jasn\u00e9, \u017ee ani na m\u00fdch str\u00e1nk\u00e1ch nesm\u011bj\u00ed chyb\u011bt. Dnes se zam\u011b\u0159\u00edme na Istrii.\" \/>\n<meta name=\"robots\" content=\"index, follow, max-snippet:-1, max-image-preview:large, max-video-preview:-1\" \/>\n<link rel=\"canonical\" href=\"https:\/\/all4camper.com\/cs\/nejlepsi-kempy-v-chorvatsku-pro-rok-2020-istrie\/\" \/>\n<meta property=\"og:locale\" content=\"cs_CZ\" \/>\n<meta property=\"og:type\" content=\"article\" \/>\n<meta property=\"og:title\" content=\"Nejlep\u0161\u00ed kempy v Chorvatsku pro rok 2020 - Istrie - All4Camper\" \/>\n<meta property=\"og:description\" content=\"Jako u n\u00e1s port\u00e1l dokempu ka\u017edoro\u010dn\u011b vyhla\u0161uje anketu o nejlep\u0161\u00ed kempy dan\u00e9ho roku, tak ani Chorvatsko nez\u016fst\u00e1v\u00e1 pozadu. Jedin\u00fd rozd\u00edl je, \u017ee v t\u00e9to zemi se nejedn\u00e1 o anketu mezi kempa\u0159i, ale v\u00fdb\u011br kemp\u016f je sestaven dle p\u0159edem definovan\u00fdch krit\u00e9ri\u00ed Chorvatsk\u00fdm svazem kemp\u016f. A proto\u017ee pro leto\u0161n\u00ed rok byly ji\u017e v\u00fdsledky vyhl\u00e1\u0161eny, tak je jasn\u00e9, \u017ee ani na m\u00fdch str\u00e1nk\u00e1ch nesm\u011bj\u00ed chyb\u011bt. Dnes se zam\u011b\u0159\u00edme na Istrii.\" \/>\n<meta property=\"og:url\" content=\"https:\/\/all4camper.com\/cs\/nejlepsi-kempy-v-chorvatsku-pro-rok-2020-istrie\/\" \/>\n<meta property=\"og:site_name\" content=\"All4Camper\" \/>\n<meta property=\"article:published_time\" content=\"2020-01-09T10:22:50+00:00\" \/>\n<meta property=\"article:modified_time\" content=\"2021-05-31T17:00:14+00:00\" \/>\n<meta property=\"og:image\" content=\"https:\/\/all4camper.com\/wp-content\/uploads\/2020\/01\/4-Camping-Polari-Pool-3469.jpg\" \/>\n\t<meta property=\"og:image:width\" content=\"795\" \/>\n\t<meta property=\"og:image:height\" content=\"530\" \/>\n\t<meta property=\"og:image:type\" content=\"image\/jpeg\" \/>\n<meta name=\"author\" content=\"Kl\u00e1ra H\u00e1jkov\u00e1\" \/>\n<meta name=\"twitter:card\" content=\"summary_large_image\" \/>\n<meta name=\"twitter:label1\" content=\"Napsal(a)\" \/>\n\t<meta name=\"twitter:data1\" content=\"Kl\u00e1ra H\u00e1jkov\u00e1\" \/>\n\t<meta name=\"twitter:label2\" content=\"Odhadovan\u00e1 doba \u010dten\u00ed\" \/>\n\t<meta name=\"twitter:data2\" content=\"8 minut\" \/>\n<script type=\"application\/ld+json\" class=\"yoast-schema-graph\">{\"@context\":\"https:\\\/\\\/schema.org\",\"@graph\":[{\"@type\":\"Article\",\"@id\":\"https:\\\/\\\/all4camper.com\\\/cs\\\/nejlepsi-kempy-v-chorvatsku-pro-rok-2020-istrie\\\/#article\",\"isPartOf\":{\"@id\":\"https:\\\/\\\/all4camper.com\\\/cs\\\/nejlepsi-kempy-v-chorvatsku-pro-rok-2020-istrie\\\/\"},\"author\":{\"name\":\"Kl\u00e1ra H\u00e1jkov\u00e1\",\"@id\":\"https:\\\/\\\/all4camper.com\\\/cs\\\/#\\\/schema\\\/person\\\/c6f1efdf1d02bc7d8c53a891cbe18c62\"},\"headline\":\"Nejlep\u0161\u00ed kempy v Chorvatsku pro rok 2020 &#8211; Istrie\",\"datePublished\":\"2020-01-09T10:22:50+00:00\",\"dateModified\":\"2021-05-31T17:00:14+00:00\",\"mainEntityOfPage\":{\"@id\":\"https:\\\/\\\/all4camper.com\\\/cs\\\/nejlepsi-kempy-v-chorvatsku-pro-rok-2020-istrie\\\/\"},\"wordCount\":702,\"publisher\":{\"@id\":\"https:\\\/\\\/all4camper.com\\\/cs\\\/#organization\"},\"image\":{\"@id\":\"https:\\\/\\\/all4camper.com\\\/cs\\\/nejlepsi-kempy-v-chorvatsku-pro-rok-2020-istrie\\\/#primaryimage\"},\"thumbnailUrl\":\"https:\\\/\\\/all4camper.com\\\/wp-content\\\/uploads\\\/2020\\\/01\\\/4-Camping-Polari-Pool-3469.jpg\",\"keywords\":[\"Chorvatsko\",\"Kempy a kempovac\u00ed m\u00edsta\",\"TOPkempy\",\"Zpr\u00e1vy\"],\"articleSection\":[\"Kempov\u00e1n\u00ed a cestov\u00e1n\u00ed v Chorvatsku\",\"Kempy a zaj\u00edmav\u00e1 m\u00edsta\",\"TOP kempy\"],\"inLanguage\":\"cs\"},{\"@type\":\"WebPage\",\"@id\":\"https:\\\/\\\/all4camper.com\\\/cs\\\/nejlepsi-kempy-v-chorvatsku-pro-rok-2020-istrie\\\/\",\"url\":\"https:\\\/\\\/all4camper.com\\\/cs\\\/nejlepsi-kempy-v-chorvatsku-pro-rok-2020-istrie\\\/\",\"name\":\"Nejlep\u0161\u00ed kempy v Chorvatsku pro rok 2020 - Istrie - All4Camper\",\"isPartOf\":{\"@id\":\"https:\\\/\\\/all4camper.com\\\/cs\\\/#website\"},\"primaryImageOfPage\":{\"@id\":\"https:\\\/\\\/all4camper.com\\\/cs\\\/nejlepsi-kempy-v-chorvatsku-pro-rok-2020-istrie\\\/#primaryimage\"},\"image\":{\"@id\":\"https:\\\/\\\/all4camper.com\\\/cs\\\/nejlepsi-kempy-v-chorvatsku-pro-rok-2020-istrie\\\/#primaryimage\"},\"thumbnailUrl\":\"https:\\\/\\\/all4camper.com\\\/wp-content\\\/uploads\\\/2020\\\/01\\\/4-Camping-Polari-Pool-3469.jpg\",\"datePublished\":\"2020-01-09T10:22:50+00:00\",\"dateModified\":\"2021-05-31T17:00:14+00:00\",\"description\":\"Jako u n\u00e1s port\u00e1l dokempu ka\u017edoro\u010dn\u011b vyhla\u0161uje anketu o nejlep\u0161\u00ed kempy dan\u00e9ho roku, tak ani Chorvatsko nez\u016fst\u00e1v\u00e1 pozadu. Jedin\u00fd rozd\u00edl je, \u017ee v t\u00e9to zemi se nejedn\u00e1 o anketu mezi kempa\u0159i, ale v\u00fdb\u011br kemp\u016f je sestaven dle p\u0159edem definovan\u00fdch krit\u00e9ri\u00ed Chorvatsk\u00fdm svazem kemp\u016f. A proto\u017ee pro leto\u0161n\u00ed rok byly ji\u017e v\u00fdsledky vyhl\u00e1\u0161eny, tak je jasn\u00e9, \u017ee ani na m\u00fdch str\u00e1nk\u00e1ch nesm\u011bj\u00ed chyb\u011bt. Dnes se zam\u011b\u0159\u00edme na Istrii.\",\"breadcrumb\":{\"@id\":\"https:\\\/\\\/all4camper.com\\\/cs\\\/nejlepsi-kempy-v-chorvatsku-pro-rok-2020-istrie\\\/#breadcrumb\"},\"inLanguage\":\"cs\",\"potentialAction\":[{\"@type\":\"ReadAction\",\"target\":[\"https:\\\/\\\/all4camper.com\\\/cs\\\/nejlepsi-kempy-v-chorvatsku-pro-rok-2020-istrie\\\/\"]}]},{\"@type\":\"ImageObject\",\"inLanguage\":\"cs\",\"@id\":\"https:\\\/\\\/all4camper.com\\\/cs\\\/nejlepsi-kempy-v-chorvatsku-pro-rok-2020-istrie\\\/#primaryimage\",\"url\":\"https:\\\/\\\/all4camper.com\\\/wp-content\\\/uploads\\\/2020\\\/01\\\/4-Camping-Polari-Pool-3469.jpg\",\"contentUrl\":\"https:\\\/\\\/all4camper.com\\\/wp-content\\\/uploads\\\/2020\\\/01\\\/4-Camping-Polari-Pool-3469.jpg\",\"width\":795,\"height\":530},{\"@type\":\"BreadcrumbList\",\"@id\":\"https:\\\/\\\/all4camper.com\\\/cs\\\/nejlepsi-kempy-v-chorvatsku-pro-rok-2020-istrie\\\/#breadcrumb\",\"itemListElement\":[{\"@type\":\"ListItem\",\"position\":1,\"name\":\"Dom\u016f\",\"item\":\"https:\\\/\\\/all4camper.com\\\/cs\\\/\"},{\"@type\":\"ListItem\",\"position\":2,\"name\":\"Kempov\u00e1n\u00ed a cestov\u00e1n\u00ed v Chorvatsku\",\"item\":\"https:\\\/\\\/all4camper.com\\\/cs\\\/category\\\/kempovani-a-cestovani-v-chorvatsku\\\/\"},{\"@type\":\"ListItem\",\"position\":3,\"name\":\"Nejlep\u0161\u00ed kempy v Chorvatsku pro rok 2020 &#8211; Istrie\"}]},{\"@type\":\"WebSite\",\"@id\":\"https:\\\/\\\/all4camper.com\\\/cs\\\/#website\",\"url\":\"https:\\\/\\\/all4camper.com\\\/cs\\\/\",\"name\":\"All4Camper\",\"description\":\"Nejv\u011bt\u0161\u00ed online magaz\u00edn o kempov\u00e1n\u00ed a karavaninku. V\u00edce jak 900 \u010dl\u00e1nk\u016f pln\u00fdch rad a tip\u016f o kempech a kempov\u00e1n\u00ed.\",\"publisher\":{\"@id\":\"https:\\\/\\\/all4camper.com\\\/cs\\\/#organization\"},\"potentialAction\":[{\"@type\":\"SearchAction\",\"target\":{\"@type\":\"EntryPoint\",\"urlTemplate\":\"https:\\\/\\\/all4camper.com\\\/cs\\\/?s={search_term_string}\"},\"query-input\":{\"@type\":\"PropertyValueSpecification\",\"valueRequired\":true,\"valueName\":\"search_term_string\"}}],\"inLanguage\":\"cs\"},{\"@type\":\"Organization\",\"@id\":\"https:\\\/\\\/all4camper.com\\\/cs\\\/#organization\",\"name\":\"All4Camper - kempujeme s Kl\u00e1rou\",\"url\":\"https:\\\/\\\/all4camper.com\\\/cs\\\/\",\"logo\":{\"@type\":\"ImageObject\",\"inLanguage\":\"cs\",\"@id\":\"https:\\\/\\\/all4camper.com\\\/cs\\\/#\\\/schema\\\/logo\\\/image\\\/\",\"url\":\"https:\\\/\\\/all4camper.com\\\/wp-content\\\/uploads\\\/2018\\\/09\\\/novelogo.png\",\"contentUrl\":\"https:\\\/\\\/all4camper.com\\\/wp-content\\\/uploads\\\/2018\\\/09\\\/novelogo.png\",\"width\":1520,\"height\":600,\"caption\":\"All4Camper - kempujeme s Kl\u00e1rou\"},\"image\":{\"@id\":\"https:\\\/\\\/all4camper.com\\\/cs\\\/#\\\/schema\\\/logo\\\/image\\\/\"}},{\"@type\":\"Person\",\"@id\":\"https:\\\/\\\/all4camper.com\\\/cs\\\/#\\\/schema\\\/person\\\/c6f1efdf1d02bc7d8c53a891cbe18c62\",\"name\":\"Kl\u00e1ra H\u00e1jkov\u00e1\",\"sameAs\":[\"http:\\\/\\\/www.all4camper.com\"],\"url\":\"https:\\\/\\\/all4camper.com\\\/cs\\\/author\\\/klarinkacestuje1\\\/\"}]}<\/script>\n<!-- \/ Yoast SEO plugin. -->","yoast_head_json":{"title":"Nejlep\u0161\u00ed kempy v Chorvatsku pro rok 2020 - Istrie - All4Camper","description":"Jako u n\u00e1s port\u00e1l dokempu ka\u017edoro\u010dn\u011b vyhla\u0161uje anketu o nejlep\u0161\u00ed kempy dan\u00e9ho roku, tak ani Chorvatsko nez\u016fst\u00e1v\u00e1 pozadu. Jedin\u00fd rozd\u00edl je, \u017ee v t\u00e9to zemi se nejedn\u00e1 o anketu mezi kempa\u0159i, ale v\u00fdb\u011br kemp\u016f je sestaven dle p\u0159edem definovan\u00fdch krit\u00e9ri\u00ed Chorvatsk\u00fdm svazem kemp\u016f. A proto\u017ee pro leto\u0161n\u00ed rok byly ji\u017e v\u00fdsledky vyhl\u00e1\u0161eny, tak je jasn\u00e9, \u017ee ani na m\u00fdch str\u00e1nk\u00e1ch nesm\u011bj\u00ed chyb\u011bt. Dnes se zam\u011b\u0159\u00edme na Istrii.","robots":{"index":"index","follow":"follow","max-snippet":"max-snippet:-1","max-image-preview":"max-image-preview:large","max-video-preview":"max-video-preview:-1"},"canonical":"https:\/\/all4camper.com\/cs\/nejlepsi-kempy-v-chorvatsku-pro-rok-2020-istrie\/","og_locale":"cs_CZ","og_type":"article","og_title":"Nejlep\u0161\u00ed kempy v Chorvatsku pro rok 2020 - Istrie - All4Camper","og_description":"Jako u n\u00e1s port\u00e1l dokempu ka\u017edoro\u010dn\u011b vyhla\u0161uje anketu o nejlep\u0161\u00ed kempy dan\u00e9ho roku, tak ani Chorvatsko nez\u016fst\u00e1v\u00e1 pozadu. Jedin\u00fd rozd\u00edl je, \u017ee v t\u00e9to zemi se nejedn\u00e1 o anketu mezi kempa\u0159i, ale v\u00fdb\u011br kemp\u016f je sestaven dle p\u0159edem definovan\u00fdch krit\u00e9ri\u00ed Chorvatsk\u00fdm svazem kemp\u016f. A proto\u017ee pro leto\u0161n\u00ed rok byly ji\u017e v\u00fdsledky vyhl\u00e1\u0161eny, tak je jasn\u00e9, \u017ee ani na m\u00fdch str\u00e1nk\u00e1ch nesm\u011bj\u00ed chyb\u011bt. Dnes se zam\u011b\u0159\u00edme na Istrii.","og_url":"https:\/\/all4camper.com\/cs\/nejlepsi-kempy-v-chorvatsku-pro-rok-2020-istrie\/","og_site_name":"All4Camper","article_published_time":"2020-01-09T10:22:50+00:00","article_modified_time":"2021-05-31T17:00:14+00:00","og_image":[{"width":795,"height":530,"url":"https:\/\/all4camper.com\/wp-content\/uploads\/2020\/01\/4-Camping-Polari-Pool-3469.jpg","type":"image\/jpeg"}],"author":"Kl\u00e1ra H\u00e1jkov\u00e1","twitter_card":"summary_large_image","twitter_misc":{"Napsal(a)":"Kl\u00e1ra H\u00e1jkov\u00e1","Odhadovan\u00e1 doba \u010dten\u00ed":"8 minut"},"schema":{"@context":"https:\/\/schema.org","@graph":[{"@type":"Article","@id":"https:\/\/all4camper.com\/cs\/nejlepsi-kempy-v-chorvatsku-pro-rok-2020-istrie\/#article","isPartOf":{"@id":"https:\/\/all4camper.com\/cs\/nejlepsi-kempy-v-chorvatsku-pro-rok-2020-istrie\/"},"author":{"name":"Kl\u00e1ra H\u00e1jkov\u00e1","@id":"https:\/\/all4camper.com\/cs\/#\/schema\/person\/c6f1efdf1d02bc7d8c53a891cbe18c62"},"headline":"Nejlep\u0161\u00ed kempy v Chorvatsku pro rok 2020 &#8211; Istrie","datePublished":"2020-01-09T10:22:50+00:00","dateModified":"2021-05-31T17:00:14+00:00","mainEntityOfPage":{"@id":"https:\/\/all4camper.com\/cs\/nejlepsi-kempy-v-chorvatsku-pro-rok-2020-istrie\/"},"wordCount":702,"publisher":{"@id":"https:\/\/all4camper.com\/cs\/#organization"},"image":{"@id":"https:\/\/all4camper.com\/cs\/nejlepsi-kempy-v-chorvatsku-pro-rok-2020-istrie\/#primaryimage"},"thumbnailUrl":"https:\/\/all4camper.com\/wp-content\/uploads\/2020\/01\/4-Camping-Polari-Pool-3469.jpg","keywords":["Chorvatsko","Kempy a kempovac\u00ed m\u00edsta","TOPkempy","Zpr\u00e1vy"],"articleSection":["Kempov\u00e1n\u00ed a cestov\u00e1n\u00ed v Chorvatsku","Kempy a zaj\u00edmav\u00e1 m\u00edsta","TOP kempy"],"inLanguage":"cs"},{"@type":"WebPage","@id":"https:\/\/all4camper.com\/cs\/nejlepsi-kempy-v-chorvatsku-pro-rok-2020-istrie\/","url":"https:\/\/all4camper.com\/cs\/nejlepsi-kempy-v-chorvatsku-pro-rok-2020-istrie\/","name":"Nejlep\u0161\u00ed kempy v Chorvatsku pro rok 2020 - Istrie - All4Camper","isPartOf":{"@id":"https:\/\/all4camper.com\/cs\/#website"},"primaryImageOfPage":{"@id":"https:\/\/all4camper.com\/cs\/nejlepsi-kempy-v-chorvatsku-pro-rok-2020-istrie\/#primaryimage"},"image":{"@id":"https:\/\/all4camper.com\/cs\/nejlepsi-kempy-v-chorvatsku-pro-rok-2020-istrie\/#primaryimage"},"thumbnailUrl":"https:\/\/all4camper.com\/wp-content\/uploads\/2020\/01\/4-Camping-Polari-Pool-3469.jpg","datePublished":"2020-01-09T10:22:50+00:00","dateModified":"2021-05-31T17:00:14+00:00","description":"Jako u n\u00e1s port\u00e1l dokempu ka\u017edoro\u010dn\u011b vyhla\u0161uje anketu o nejlep\u0161\u00ed kempy dan\u00e9ho roku, tak ani Chorvatsko nez\u016fst\u00e1v\u00e1 pozadu. Jedin\u00fd rozd\u00edl je, \u017ee v t\u00e9to zemi se nejedn\u00e1 o anketu mezi kempa\u0159i, ale v\u00fdb\u011br kemp\u016f je sestaven dle p\u0159edem definovan\u00fdch krit\u00e9ri\u00ed Chorvatsk\u00fdm svazem kemp\u016f. A proto\u017ee pro leto\u0161n\u00ed rok byly ji\u017e v\u00fdsledky vyhl\u00e1\u0161eny, tak je jasn\u00e9, \u017ee ani na m\u00fdch str\u00e1nk\u00e1ch nesm\u011bj\u00ed chyb\u011bt. Dnes se zam\u011b\u0159\u00edme na Istrii.","breadcrumb":{"@id":"https:\/\/all4camper.com\/cs\/nejlepsi-kempy-v-chorvatsku-pro-rok-2020-istrie\/#breadcrumb"},"inLanguage":"cs","potentialAction":[{"@type":"ReadAction","target":["https:\/\/all4camper.com\/cs\/nejlepsi-kempy-v-chorvatsku-pro-rok-2020-istrie\/"]}]},{"@type":"ImageObject","inLanguage":"cs","@id":"https:\/\/all4camper.com\/cs\/nejlepsi-kempy-v-chorvatsku-pro-rok-2020-istrie\/#primaryimage","url":"https:\/\/all4camper.com\/wp-content\/uploads\/2020\/01\/4-Camping-Polari-Pool-3469.jpg","contentUrl":"https:\/\/all4camper.com\/wp-content\/uploads\/2020\/01\/4-Camping-Polari-Pool-3469.jpg","width":795,"height":530},{"@type":"BreadcrumbList","@id":"https:\/\/all4camper.com\/cs\/nejlepsi-kempy-v-chorvatsku-pro-rok-2020-istrie\/#breadcrumb","itemListElement":[{"@type":"ListItem","position":1,"name":"Dom\u016f","item":"https:\/\/all4camper.com\/cs\/"},{"@type":"ListItem","position":2,"name":"Kempov\u00e1n\u00ed a cestov\u00e1n\u00ed v Chorvatsku","item":"https:\/\/all4camper.com\/cs\/category\/kempovani-a-cestovani-v-chorvatsku\/"},{"@type":"ListItem","position":3,"name":"Nejlep\u0161\u00ed kempy v Chorvatsku pro rok 2020 &#8211; Istrie"}]},{"@type":"WebSite","@id":"https:\/\/all4camper.com\/cs\/#website","url":"https:\/\/all4camper.com\/cs\/","name":"All4Camper","description":"Nejv\u011bt\u0161\u00ed online magaz\u00edn o kempov\u00e1n\u00ed a karavaninku. V\u00edce jak 900 \u010dl\u00e1nk\u016f pln\u00fdch rad a tip\u016f o kempech a kempov\u00e1n\u00ed.","publisher":{"@id":"https:\/\/all4camper.com\/cs\/#organization"},"potentialAction":[{"@type":"SearchAction","target":{"@type":"EntryPoint","urlTemplate":"https:\/\/all4camper.com\/cs\/?s={search_term_string}"},"query-input":{"@type":"PropertyValueSpecification","valueRequired":true,"valueName":"search_term_string"}}],"inLanguage":"cs"},{"@type":"Organization","@id":"https:\/\/all4camper.com\/cs\/#organization","name":"All4Camper - kempujeme s Kl\u00e1rou","url":"https:\/\/all4camper.com\/cs\/","logo":{"@type":"ImageObject","inLanguage":"cs","@id":"https:\/\/all4camper.com\/cs\/#\/schema\/logo\/image\/","url":"https:\/\/all4camper.com\/wp-content\/uploads\/2018\/09\/novelogo.png","contentUrl":"https:\/\/all4camper.com\/wp-content\/uploads\/2018\/09\/novelogo.png","width":1520,"height":600,"caption":"All4Camper - kempujeme s Kl\u00e1rou"},"image":{"@id":"https:\/\/all4camper.com\/cs\/#\/schema\/logo\/image\/"}},{"@type":"Person","@id":"https:\/\/all4camper.com\/cs\/#\/schema\/person\/c6f1efdf1d02bc7d8c53a891cbe18c62","name":"Kl\u00e1ra H\u00e1jkov\u00e1","sameAs":["http:\/\/www.all4camper.com"],"url":"https:\/\/all4camper.com\/cs\/author\/klarinkacestuje1\/"}]}},"_links":{"self":[{"href":"https:\/\/all4camper.com\/cs\/wp-json\/wp\/v2\/posts\/84449","targetHints":{"allow":["GET"]}}],"collection":[{"href":"https:\/\/all4camper.com\/cs\/wp-json\/wp\/v2\/posts"}],"about":[{"href":"https:\/\/all4camper.com\/cs\/wp-json\/wp\/v2\/types\/post"}],"author":[{"embeddable":true,"href":"https:\/\/all4camper.com\/cs\/wp-json\/wp\/v2\/users\/4"}],"replies":[{"embeddable":true,"href":"https:\/\/all4camper.com\/cs\/wp-json\/wp\/v2\/comments?post=84449"}],"version-history":[{"count":0,"href":"https:\/\/all4camper.com\/cs\/wp-json\/wp\/v2\/posts\/84449\/revisions"}],"wp:featuredmedia":[{"embeddable":true,"href":"https:\/\/all4camper.com\/cs\/wp-json\/wp\/v2\/media\/84521"}],"wp:attachment":[{"href":"https:\/\/all4camper.com\/cs\/wp-json\/wp\/v2\/media?parent=84449"}],"wp:term":[{"taxonomy":"category","embeddable":true,"href":"https:\/\/all4camper.com\/cs\/wp-json\/wp\/v2\/categories?post=84449"},{"taxonomy":"post_tag","embeddable":true,"href":"https:\/\/all4camper.com\/cs\/wp-json\/wp\/v2\/tags?post=84449"}],"curies":[{"name":"wp","href":"https:\/\/api.w.org\/{rel}","templated":true}]}}