{"id":84403,"date":"2020-01-21T08:57:25","date_gmt":"2020-01-21T07:57:25","guid":{"rendered":"https:\/\/all4camper.com\/\/?p=84403"},"modified":"2021-04-14T08:58:56","modified_gmt":"2021-04-14T06:58:56","slug":"kde-uz-v-unoru-muzete-kempovat-v-tricku","status":"publish","type":"post","link":"https:\/\/all4camper.com\/cs\/kde-uz-v-unoru-muzete-kempovat-v-tricku\/","title":{"rendered":"Kde u\u017e v \u00fanoru m\u016f\u017eete kempovat v tri\u010dku"},"content":{"rendered":"\n<h4 class=\"wp-block-heading\"><strong>Zimn\u00ed kempov\u00e1n\u00ed je super, ale p\u0159iznejme si to otev\u0159en\u011b, \u017ee ona trocha toho tepla p\u0159ece jen neza\u0161kod\u00ed. I kdy\u017e ta zima letos\u2026 Mo\u017en\u00e1 prost\u011b bude lep\u0161\u00ed j\u00edt jaru tak trochu naproti. Zde tedy p\u00e1r tip\u016f na cesty s&nbsp;obytn\u00fdm autem pr\u00e1v\u011b za teplem. Koneckonc\u016f, v&nbsp;\u00fanoru je nav\u00edc Valent\u00fdn, a tak i to m\u016f\u017ee b\u00fdt d\u016fvod k&nbsp;v\u00fdletu, nemysl\u00edte?<\/strong><\/h4>\n\n\n\n<figure class=\"wp-block-image size-large\"><img loading=\"lazy\" decoding=\"async\" width=\"1621\" height=\"1080\" src=\"https:\/\/all4camper.com\/\/wp-content\/uploads\/2020\/01\/motorhome-1511765_1920-1621x1080.jpg\" alt=\"\" class=\"wp-image-84404\" srcset=\"https:\/\/all4camper.com\/wp-content\/uploads\/2020\/01\/motorhome-1511765_1920-1621x1080.jpg 1621w, https:\/\/all4camper.com\/wp-content\/uploads\/2020\/01\/motorhome-1511765_1920-300x200.jpg 300w, https:\/\/all4camper.com\/wp-content\/uploads\/2020\/01\/motorhome-1511765_1920-150x100.jpg 150w, https:\/\/all4camper.com\/wp-content\/uploads\/2020\/01\/motorhome-1511765_1920-768x512.jpg 768w, https:\/\/all4camper.com\/wp-content\/uploads\/2020\/01\/motorhome-1511765_1920-1536x1023.jpg 1536w, https:\/\/all4camper.com\/wp-content\/uploads\/2020\/01\/motorhome-1511765_1920.jpg 1920w\" sizes=\"auto, (max-width: 1621px) 100vw, 1621px\" \/><\/figure>\n\n\n\n<h3 class=\"wp-block-heading\"><strong>Madrid je jistota a je tam karneval<\/strong><\/h3>\n\n\n\n<p> Pr\u016fm\u011brn\u00e1 \u00fanorov\u00e1 teplota v&nbsp;Madridu je 12 stup\u0148\u016f, nicm\u00e9n\u011b obvykle b\u00fdv\u00e1 v\u00fdrazn\u011b tepleji. A s&nbsp;prvn\u00edmi tepl\u00fdmi slune\u010dn\u00edmi paprsky to v&nbsp;Madridu o\u017e\u00edv\u00e1. Doslova. Pr\u00e1v\u011b v&nbsp;\u00fanoru toti\u017e za\u010d\u00ednaj\u00ed r\u016fzn\u00e9 flamenco festivaly, ale t\u00edm hlavn\u00edm je bezesporu karneval. <a rel=\"noreferrer noopener\" aria-label=\" (opens in a new tab)\" href=\"https:\/\/www.esmadrid.com\/en\/whats-on\/carnaval-madrid\" target=\"_blank\">carnaval-madrid<\/a> Letos se kon\u00e1 v&nbsp;obdob\u00ed 21. a\u017e 26. \u00fanora a jedn\u00e1 se o rej masek, sv\u011btel, tance a dobr\u00e9 n\u00e1lady. V\u0161e je\u0161t\u011b dopl\u0148uj\u00ed v\u0161udyp\u0159\u00edtomn\u00e9 st\u00e1nky s&nbsp;dobr\u00fdm j\u00eddlem, tak\u017ee \u2013 pokud milujete \u0161pan\u011blskou kuchyni stejn\u011b jako j\u00e1, p\u0159ijdete si na sv\u00e9. Cel\u00fd karneval uzav\u00edr\u00e1 pomp\u00e9zn\u00ed poh\u0159eb sardinek (kter\u00e9 jsou ostatn\u011b takov\u00fdm jeho symbolem a jako suven\u00fdr si je m\u016f\u017eete koupit t\u0159eba i v&nbsp;\u010dokol\u00e1dov\u00e9 podob\u011b) na n\u00e1m\u011bst\u00ed Plaza Mayor. Vid\u011bt, jak se slavnostn\u011b p\u0159en\u00e1\u0161\u00ed rakev se sardinkami, je p\u0159esn\u011b tak vtipn\u00e9 a bizarn\u00ed, jak to zn\u00ed. Budete m\u00edt z\u00e1\u017eitek, to slibuji! No a kde tedy zakempovat? Jistotou je Camping Pico de la Miel. <a rel=\"noreferrer noopener\" aria-label=\" (opens in a new tab)\" href=\"https:\/\/www.picodelamiel.com\/?lang=en\" target=\"_blank\">picodelamiel <\/a>Do Madridu v\u00e1s sice \u010dek\u00e1 asi 45minutov\u00e1 cesta, ale spojen\u00ed je pohodov\u00e9. Nav\u00edc p\u0159\u00edmo v&nbsp;okol\u00ed samotn\u00e9ho kempu je dost m\u00edst pro dal\u0161\u00ed v\u00fdlety. Nap\u0159\u00edklad mno\u017estv\u00ed mal\u00fdch a p\u016fvabn\u00fdch horsk\u00fdch vesnic&nbsp;\u010di n\u00e1rodn\u00ed park Guadarrama. Pokud byste cht\u011bli p\u0159\u00edmo do Madridu, tak stellplatz najdete nap\u0159\u00edklad zde. <a rel=\"noreferrer noopener\" aria-label=\" (opens in a new tab)\" href=\"https:\/\/www.caramaps.com\/map?latlng=40.4047,-3.6851799999999457&amp;z=12\" target=\"_blank\">caramaps<\/a><\/p>\n\n\n\n<figure class=\"wp-block-image size-large\"><img loading=\"lazy\" decoding=\"async\" width=\"1830\" height=\"1080\" src=\"https:\/\/all4camper.com\/\/wp-content\/uploads\/2020\/01\/madrid-336725_1920-1830x1080.jpg\" alt=\"\" class=\"wp-image-84405\" srcset=\"https:\/\/all4camper.com\/wp-content\/uploads\/2020\/01\/madrid-336725_1920-1830x1080.jpg 1830w, https:\/\/all4camper.com\/wp-content\/uploads\/2020\/01\/madrid-336725_1920-300x177.jpg 300w, https:\/\/all4camper.com\/wp-content\/uploads\/2020\/01\/madrid-336725_1920-150x89.jpg 150w, https:\/\/all4camper.com\/wp-content\/uploads\/2020\/01\/madrid-336725_1920-768x453.jpg 768w, https:\/\/all4camper.com\/wp-content\/uploads\/2020\/01\/madrid-336725_1920-1536x906.jpg 1536w, https:\/\/all4camper.com\/wp-content\/uploads\/2020\/01\/madrid-336725_1920.jpg 1920w\" sizes=\"auto, (max-width: 1830px) 100vw, 1830px\" \/><\/figure>\n\n\n\n<h3 class=\"wp-block-heading\"><strong>Na divoko v \u00fanorov\u00e9 Alb\u00e1ni<\/strong>i<\/h3>\n\n\n\n<p>Je\u0161t\u011b teplej\u0161\u00ed po\u010das\u00ed v\u00e1s \u010dek\u00e1 v&nbsp;Alb\u00e1nii. A krom\u011b toho mo\u017enost kempov\u00e1n\u00ed na divoko, co\u017e je super. Jen je pot\u0159eba d\u00e1t si pozor, jestli nejste t\u0159eba v&nbsp;n\u00e1rodn\u00edm parku, tam b\u00fdvaj\u00ed specifick\u00e1 pravidla \u010di p\u0159\u00edmo vyhrazen\u00e9 kempy, ale \u010dasto ani tam z\u00e1kazy nejsou. Je\u0161t\u011b k&nbsp;t\u00e9 teplot\u011b, ve vy\u0161\u0161\u00edch oblastech samoz\u0159ejm\u011b je\u0161t\u011b teplej\u0161\u00ed oble\u010den\u00ed vyu\u017eijete, ale pokud nejste vylo\u017een\u011b \u201ezmrzliny\u201c, je docela dob\u0159e mo\u017en\u00e9, \u017ee se budete i koupat v&nbsp;mo\u0159i. Jinak Alb\u00e1nie je ide\u00e1ln\u00ed m\u00edsto, pokud milujete proch\u00e1zky nedot\u010denou krajinou. T\u0159eba park Hotova-Dangell m\u00e1 par\u00e1dn\u00ed stezky kolem jezer. No \u2013 a pokud sledujete kempa\u0159e t\u0159eba na Instagramu, tak v\u00e1m mnoh\u00e9 fotky \u201ejako z&nbsp;kalend\u00e1\u0159e\u201c pr\u00e1v\u011b z&nbsp;Alb\u00e1nie nemohly uniknout. A v\u011bzte, \u017ee v&nbsp;tomto p\u0159\u00edpad\u011b filtry moc nepom\u00e1haly, ono to tam takhle par\u00e1dn\u011b v\u00e1\u017en\u011b vypad\u00e1 a obvykle v\u00e1m p\u0159i kempov\u00e1n\u00ed d\u011bl\u00e1 spole\u010dnost t\u0159eba jen jezero. Ale pozor, mus\u00edm k&nbsp;tomu dodat \u2013 zat\u00edm. V\u00fdlet bych moc neodkl\u00e1dala. Popularita t\u00e9to zem\u011b neskute\u010dn\u011b roste. Jinak i takov\u00fd Berat, kter\u00e9mu se p\u0159ezd\u00edv\u00e1 M\u011bsto tis\u00edce oken, je \u00fa\u017easn\u00fd, aby to nebylo jen o t\u00e9 p\u0159\u00edrod\u011b. Navnadila jsem v\u00e1s?<\/p>\n\n\n\n<figure class=\"wp-block-image size-large\"><img loading=\"lazy\" decoding=\"async\" width=\"1620\" height=\"1080\" src=\"https:\/\/all4camper.com\/\/wp-content\/uploads\/2020\/01\/berat-3707969_1920-1620x1080.jpg\" alt=\"\" class=\"wp-image-84406\" srcset=\"https:\/\/all4camper.com\/wp-content\/uploads\/2020\/01\/berat-3707969_1920-1620x1080.jpg 1620w, https:\/\/all4camper.com\/wp-content\/uploads\/2020\/01\/berat-3707969_1920-300x200.jpg 300w, https:\/\/all4camper.com\/wp-content\/uploads\/2020\/01\/berat-3707969_1920-150x100.jpg 150w, https:\/\/all4camper.com\/wp-content\/uploads\/2020\/01\/berat-3707969_1920-768x512.jpg 768w, https:\/\/all4camper.com\/wp-content\/uploads\/2020\/01\/berat-3707969_1920-1536x1024.jpg 1536w, https:\/\/all4camper.com\/wp-content\/uploads\/2020\/01\/berat-3707969_1920.jpg 1920w\" sizes=\"auto, (max-width: 1620px) 100vw, 1620px\" \/><\/figure>\n\n\n\n<h3 class=\"wp-block-heading\"><strong>Ben\u00e1tky s&nbsp;jedn\u00edm velk\u00fdm ALE<\/strong><\/h3>\n\n\n\n<p> A to ALE uvedu hned na za\u010d\u00e1tku. Pokud tak trochu sledujete d\u011bn\u00ed v&nbsp;Evrop\u011b, nemohlo v\u00e1m uniknout, \u017ee m\u011bsto se v&nbsp;posledn\u00ed dob\u011b velmi \u010dasto pot\u00fdk\u00e1 s&nbsp;extr\u00e9mn\u00edmi z\u00e1plavami. Tud\u00ed\u017e opravdu sledujte aktuality a p\u0159edpov\u011b\u010f po\u010das\u00ed, ne\u017e se tam vyd\u00e1te. Legend\u00e1rn\u00ed ben\u00e1tsk\u00fd karneval se letos kon\u00e1 od 8. do 25. \u00fanora. A kdy\u017e to nen\u00ed (v lep\u0161\u00edm p\u0159\u00edpad\u011b) na hol\u00ednky, z\u00e1\u017eitek je to \u00fa\u017easn\u00fd. Kempovat m\u016f\u017eete pouh\u00fdch 10 minut od centra t\u0159eba tady: <a rel=\"noreferrer noopener\" aria-label=\" (opens in a new tab)\" href=\"https:\/\/www.sangiulianovenice.com\/de\/\" target=\"_blank\">sangiulianovenice <\/a>Ale pokud byste si cht\u011bli u\u017e\u00edt i l\u00e1zn\u011b a wellness, zami\u0159te sem: <a rel=\"noreferrer noopener\" aria-label=\" (opens in a new tab)\" href=\"https:\/\/www.veneziavillage.it\/\" target=\"_blank\">veneziavillage<\/a><\/p>\n\n\n\n<figure class=\"wp-block-image size-large\"><img loading=\"lazy\" decoding=\"async\" width=\"1620\" height=\"1080\" src=\"https:\/\/all4camper.com\/\/wp-content\/uploads\/2020\/01\/mask-2894421_1920-1620x1080.jpg\" alt=\"\" class=\"wp-image-84409\" srcset=\"https:\/\/all4camper.com\/wp-content\/uploads\/2020\/01\/mask-2894421_1920-1620x1080.jpg 1620w, https:\/\/all4camper.com\/wp-content\/uploads\/2020\/01\/mask-2894421_1920-300x200.jpg 300w, https:\/\/all4camper.com\/wp-content\/uploads\/2020\/01\/mask-2894421_1920-150x100.jpg 150w, https:\/\/all4camper.com\/wp-content\/uploads\/2020\/01\/mask-2894421_1920-768x512.jpg 768w, https:\/\/all4camper.com\/wp-content\/uploads\/2020\/01\/mask-2894421_1920-1536x1024.jpg 1536w, https:\/\/all4camper.com\/wp-content\/uploads\/2020\/01\/mask-2894421_1920.jpg 1920w\" sizes=\"auto, (max-width: 1620px) 100vw, 1620px\" \/><\/figure>\n","protected":false},"excerpt":{"rendered":"<p>Zimn\u00ed kempov\u00e1n\u00ed je super, ale p\u0159iznejme si to otev\u0159en\u011b, \u017ee ona trocha toho tepla p\u0159ece jen neza\u0161kod\u00ed. I kdy\u017e ta zima letos\u2026 Mo\u017en\u00e1 prost\u011b bude lep\u0161\u00ed j\u00edt jaru tak trochu naproti. Zde tedy p\u00e1r tip\u016f na cesty s&nbsp;obytn\u00fdm autem pr\u00e1v\u011b za teplem. Koneckonc\u016f, v&nbsp;\u00fanoru je nav\u00edc Valent\u00fdn, a tak i to m\u016f\u017ee b\u00fdt d\u016fvod k&nbsp;v\u00fdletu, [&hellip;]<\/p>\n","protected":false},"author":161,"featured_media":84764,"comment_status":"closed","ping_status":"open","sticky":false,"template":"","format":"standard","meta":{"_monsterinsights_skip_tracking":false,"_monsterinsights_sitenote_active":false,"_monsterinsights_sitenote_note":"","_monsterinsights_sitenote_category":0,"footnotes":""},"categories":[11546,422,2373,341],"tags":[87,85,321],"class_list":{"0":"post-84403","1":"post","2":"type-post","3":"status-publish","4":"format-standard","5":"has-post-thumbnail","7":"category-kempujeme-a-cestujeme-spanelsko","8":"category-novinky-kempovani-a-karavaning","9":"category-ostatni-zeme","10":"category-zimni-kempovani","12":"tag-spanelsko","13":"tag-winter-camping"},"yoast_head":"<!-- This site is optimized with the Yoast SEO plugin v27.5 - https:\/\/yoast.com\/product\/yoast-seo-wordpress\/ -->\n<title>Kde u\u017e v \u00fanoru m\u016f\u017eete kempovat v tri\u010dku - All4Camper<\/title>\n<meta name=\"description\" content=\"All4Camper - Kde u\u017e v \u00fanoru m\u016f\u017eete kempovat v tri\u010dku\" \/>\n<meta name=\"robots\" content=\"index, follow, max-snippet:-1, max-image-preview:large, max-video-preview:-1\" \/>\n<link rel=\"canonical\" href=\"https:\/\/all4camper.com\/cs\/kde-uz-v-unoru-muzete-kempovat-v-tricku\/\" \/>\n<meta property=\"og:locale\" content=\"cs_CZ\" \/>\n<meta property=\"og:type\" content=\"article\" \/>\n<meta property=\"og:title\" content=\"Kde u\u017e v \u00fanoru m\u016f\u017eete kempovat v tri\u010dku - All4Camper\" \/>\n<meta property=\"og:description\" content=\"All4Camper - Kde u\u017e v \u00fanoru m\u016f\u017eete kempovat v tri\u010dku\" \/>\n<meta property=\"og:url\" content=\"https:\/\/all4camper.com\/cs\/kde-uz-v-unoru-muzete-kempovat-v-tricku\/\" \/>\n<meta property=\"og:site_name\" content=\"All4Camper\" \/>\n<meta property=\"article:published_time\" content=\"2020-01-21T07:57:25+00:00\" \/>\n<meta property=\"article:modified_time\" content=\"2021-04-14T06:58:56+00:00\" \/>\n<meta property=\"og:image\" content=\"https:\/\/all4camper.com\/wp-content\/uploads\/2020\/01\/dovolena-v-karavanu.jpg\" \/>\n\t<meta property=\"og:image:width\" content=\"1200\" \/>\n\t<meta property=\"og:image:height\" content=\"716\" \/>\n\t<meta property=\"og:image:type\" content=\"image\/jpeg\" \/>\n<meta name=\"author\" content=\"Kate\u0159ina\" \/>\n<meta name=\"twitter:card\" content=\"summary_large_image\" \/>\n<meta name=\"twitter:label1\" content=\"Napsal(a)\" \/>\n\t<meta name=\"twitter:data1\" content=\"Kate\u0159ina\" \/>\n\t<meta name=\"twitter:label2\" content=\"Odhadovan\u00e1 doba \u010dten\u00ed\" \/>\n\t<meta name=\"twitter:data2\" content=\"4 minuty\" \/>\n<script type=\"application\/ld+json\" class=\"yoast-schema-graph\">{\"@context\":\"https:\\\/\\\/schema.org\",\"@graph\":[{\"@type\":\"Article\",\"@id\":\"https:\\\/\\\/all4camper.com\\\/cs\\\/kde-uz-v-unoru-muzete-kempovat-v-tricku\\\/#article\",\"isPartOf\":{\"@id\":\"https:\\\/\\\/all4camper.com\\\/cs\\\/kde-uz-v-unoru-muzete-kempovat-v-tricku\\\/\"},\"author\":{\"name\":\"Kate\u0159ina\",\"@id\":\"https:\\\/\\\/all4camper.com\\\/cs\\\/#\\\/schema\\\/person\\\/9349489688d4c221ca0fc39ae6bcb70b\"},\"headline\":\"Kde u\u017e v \u00fanoru m\u016f\u017eete kempovat v tri\u010dku\",\"datePublished\":\"2020-01-21T07:57:25+00:00\",\"dateModified\":\"2021-04-14T06:58:56+00:00\",\"mainEntityOfPage\":{\"@id\":\"https:\\\/\\\/all4camper.com\\\/cs\\\/kde-uz-v-unoru-muzete-kempovat-v-tricku\\\/\"},\"wordCount\":718,\"publisher\":{\"@id\":\"https:\\\/\\\/all4camper.com\\\/cs\\\/#organization\"},\"image\":{\"@id\":\"https:\\\/\\\/all4camper.com\\\/cs\\\/kde-uz-v-unoru-muzete-kempovat-v-tricku\\\/#primaryimage\"},\"thumbnailUrl\":\"https:\\\/\\\/all4camper.com\\\/wp-content\\\/uploads\\\/2020\\\/01\\\/dovolena-v-karavanu.jpg\",\"keywords\":[\"It\u00e1lie\",\"\u0160pan\u011blsko\",\"Zimn\u00ed kempov\u00e1n\u00ed\"],\"articleSection\":[\"Kempujeme a cestujeme \u0160pan\u011blsko\",\"Novinky - Kempov\u00e1n\u00ed a karavaning\",\"Ostatn\u00ed zem\u011b\",\"Zimn\u00ed kempov\u00e1n\u00ed\"],\"inLanguage\":\"cs\"},{\"@type\":\"WebPage\",\"@id\":\"https:\\\/\\\/all4camper.com\\\/cs\\\/kde-uz-v-unoru-muzete-kempovat-v-tricku\\\/\",\"url\":\"https:\\\/\\\/all4camper.com\\\/cs\\\/kde-uz-v-unoru-muzete-kempovat-v-tricku\\\/\",\"name\":\"Kde u\u017e v \u00fanoru m\u016f\u017eete kempovat v tri\u010dku - All4Camper\",\"isPartOf\":{\"@id\":\"https:\\\/\\\/all4camper.com\\\/cs\\\/#website\"},\"primaryImageOfPage\":{\"@id\":\"https:\\\/\\\/all4camper.com\\\/cs\\\/kde-uz-v-unoru-muzete-kempovat-v-tricku\\\/#primaryimage\"},\"image\":{\"@id\":\"https:\\\/\\\/all4camper.com\\\/cs\\\/kde-uz-v-unoru-muzete-kempovat-v-tricku\\\/#primaryimage\"},\"thumbnailUrl\":\"https:\\\/\\\/all4camper.com\\\/wp-content\\\/uploads\\\/2020\\\/01\\\/dovolena-v-karavanu.jpg\",\"datePublished\":\"2020-01-21T07:57:25+00:00\",\"dateModified\":\"2021-04-14T06:58:56+00:00\",\"description\":\"All4Camper - Kde u\u017e v \u00fanoru m\u016f\u017eete kempovat v tri\u010dku\",\"breadcrumb\":{\"@id\":\"https:\\\/\\\/all4camper.com\\\/cs\\\/kde-uz-v-unoru-muzete-kempovat-v-tricku\\\/#breadcrumb\"},\"inLanguage\":\"cs\",\"potentialAction\":[{\"@type\":\"ReadAction\",\"target\":[\"https:\\\/\\\/all4camper.com\\\/cs\\\/kde-uz-v-unoru-muzete-kempovat-v-tricku\\\/\"]}]},{\"@type\":\"ImageObject\",\"inLanguage\":\"cs\",\"@id\":\"https:\\\/\\\/all4camper.com\\\/cs\\\/kde-uz-v-unoru-muzete-kempovat-v-tricku\\\/#primaryimage\",\"url\":\"https:\\\/\\\/all4camper.com\\\/wp-content\\\/uploads\\\/2020\\\/01\\\/dovolena-v-karavanu.jpg\",\"contentUrl\":\"https:\\\/\\\/all4camper.com\\\/wp-content\\\/uploads\\\/2020\\\/01\\\/dovolena-v-karavanu.jpg\",\"width\":1200,\"height\":716},{\"@type\":\"BreadcrumbList\",\"@id\":\"https:\\\/\\\/all4camper.com\\\/cs\\\/kde-uz-v-unoru-muzete-kempovat-v-tricku\\\/#breadcrumb\",\"itemListElement\":[{\"@type\":\"ListItem\",\"position\":1,\"name\":\"Dom\u016f\",\"item\":\"https:\\\/\\\/all4camper.com\\\/cs\\\/\"},{\"@type\":\"ListItem\",\"position\":2,\"name\":\"Kempujeme a cestujeme \u0160pan\u011blsko\",\"item\":\"https:\\\/\\\/all4camper.com\\\/cs\\\/category\\\/kempujeme-a-cestujeme-spanelsko\\\/\"},{\"@type\":\"ListItem\",\"position\":3,\"name\":\"Kde u\u017e v \u00fanoru m\u016f\u017eete kempovat v tri\u010dku\"}]},{\"@type\":\"WebSite\",\"@id\":\"https:\\\/\\\/all4camper.com\\\/cs\\\/#website\",\"url\":\"https:\\\/\\\/all4camper.com\\\/cs\\\/\",\"name\":\"All4Camper\",\"description\":\"Nejv\u011bt\u0161\u00ed online magaz\u00edn o kempov\u00e1n\u00ed a karavaninku. V\u00edce jak 900 \u010dl\u00e1nk\u016f pln\u00fdch rad a tip\u016f o kempech a kempov\u00e1n\u00ed.\",\"publisher\":{\"@id\":\"https:\\\/\\\/all4camper.com\\\/cs\\\/#organization\"},\"potentialAction\":[{\"@type\":\"SearchAction\",\"target\":{\"@type\":\"EntryPoint\",\"urlTemplate\":\"https:\\\/\\\/all4camper.com\\\/cs\\\/?s={search_term_string}\"},\"query-input\":{\"@type\":\"PropertyValueSpecification\",\"valueRequired\":true,\"valueName\":\"search_term_string\"}}],\"inLanguage\":\"cs\"},{\"@type\":\"Organization\",\"@id\":\"https:\\\/\\\/all4camper.com\\\/cs\\\/#organization\",\"name\":\"All4Camper - kempujeme s Kl\u00e1rou\",\"url\":\"https:\\\/\\\/all4camper.com\\\/cs\\\/\",\"logo\":{\"@type\":\"ImageObject\",\"inLanguage\":\"cs\",\"@id\":\"https:\\\/\\\/all4camper.com\\\/cs\\\/#\\\/schema\\\/logo\\\/image\\\/\",\"url\":\"https:\\\/\\\/all4camper.com\\\/wp-content\\\/uploads\\\/2018\\\/09\\\/novelogo.png\",\"contentUrl\":\"https:\\\/\\\/all4camper.com\\\/wp-content\\\/uploads\\\/2018\\\/09\\\/novelogo.png\",\"width\":1520,\"height\":600,\"caption\":\"All4Camper - kempujeme s Kl\u00e1rou\"},\"image\":{\"@id\":\"https:\\\/\\\/all4camper.com\\\/cs\\\/#\\\/schema\\\/logo\\\/image\\\/\"}},{\"@type\":\"Person\",\"@id\":\"https:\\\/\\\/all4camper.com\\\/cs\\\/#\\\/schema\\\/person\\\/9349489688d4c221ca0fc39ae6bcb70b\",\"name\":\"Kate\u0159ina\",\"url\":\"https:\\\/\\\/all4camper.com\\\/cs\\\/author\\\/kterina\\\/\"}]}<\/script>\n<!-- \/ Yoast SEO plugin. -->","yoast_head_json":{"title":"Kde u\u017e v \u00fanoru m\u016f\u017eete kempovat v tri\u010dku - All4Camper","description":"All4Camper - Kde u\u017e v \u00fanoru m\u016f\u017eete kempovat v tri\u010dku","robots":{"index":"index","follow":"follow","max-snippet":"max-snippet:-1","max-image-preview":"max-image-preview:large","max-video-preview":"max-video-preview:-1"},"canonical":"https:\/\/all4camper.com\/cs\/kde-uz-v-unoru-muzete-kempovat-v-tricku\/","og_locale":"cs_CZ","og_type":"article","og_title":"Kde u\u017e v \u00fanoru m\u016f\u017eete kempovat v tri\u010dku - All4Camper","og_description":"All4Camper - Kde u\u017e v \u00fanoru m\u016f\u017eete kempovat v tri\u010dku","og_url":"https:\/\/all4camper.com\/cs\/kde-uz-v-unoru-muzete-kempovat-v-tricku\/","og_site_name":"All4Camper","article_published_time":"2020-01-21T07:57:25+00:00","article_modified_time":"2021-04-14T06:58:56+00:00","og_image":[{"width":1200,"height":716,"url":"https:\/\/all4camper.com\/wp-content\/uploads\/2020\/01\/dovolena-v-karavanu.jpg","type":"image\/jpeg"}],"author":"Kate\u0159ina","twitter_card":"summary_large_image","twitter_misc":{"Napsal(a)":"Kate\u0159ina","Odhadovan\u00e1 doba \u010dten\u00ed":"4 minuty"},"schema":{"@context":"https:\/\/schema.org","@graph":[{"@type":"Article","@id":"https:\/\/all4camper.com\/cs\/kde-uz-v-unoru-muzete-kempovat-v-tricku\/#article","isPartOf":{"@id":"https:\/\/all4camper.com\/cs\/kde-uz-v-unoru-muzete-kempovat-v-tricku\/"},"author":{"name":"Kate\u0159ina","@id":"https:\/\/all4camper.com\/cs\/#\/schema\/person\/9349489688d4c221ca0fc39ae6bcb70b"},"headline":"Kde u\u017e v \u00fanoru m\u016f\u017eete kempovat v tri\u010dku","datePublished":"2020-01-21T07:57:25+00:00","dateModified":"2021-04-14T06:58:56+00:00","mainEntityOfPage":{"@id":"https:\/\/all4camper.com\/cs\/kde-uz-v-unoru-muzete-kempovat-v-tricku\/"},"wordCount":718,"publisher":{"@id":"https:\/\/all4camper.com\/cs\/#organization"},"image":{"@id":"https:\/\/all4camper.com\/cs\/kde-uz-v-unoru-muzete-kempovat-v-tricku\/#primaryimage"},"thumbnailUrl":"https:\/\/all4camper.com\/wp-content\/uploads\/2020\/01\/dovolena-v-karavanu.jpg","keywords":["It\u00e1lie","\u0160pan\u011blsko","Zimn\u00ed kempov\u00e1n\u00ed"],"articleSection":["Kempujeme a cestujeme \u0160pan\u011blsko","Novinky - Kempov\u00e1n\u00ed a karavaning","Ostatn\u00ed zem\u011b","Zimn\u00ed kempov\u00e1n\u00ed"],"inLanguage":"cs"},{"@type":"WebPage","@id":"https:\/\/all4camper.com\/cs\/kde-uz-v-unoru-muzete-kempovat-v-tricku\/","url":"https:\/\/all4camper.com\/cs\/kde-uz-v-unoru-muzete-kempovat-v-tricku\/","name":"Kde u\u017e v \u00fanoru m\u016f\u017eete kempovat v tri\u010dku - All4Camper","isPartOf":{"@id":"https:\/\/all4camper.com\/cs\/#website"},"primaryImageOfPage":{"@id":"https:\/\/all4camper.com\/cs\/kde-uz-v-unoru-muzete-kempovat-v-tricku\/#primaryimage"},"image":{"@id":"https:\/\/all4camper.com\/cs\/kde-uz-v-unoru-muzete-kempovat-v-tricku\/#primaryimage"},"thumbnailUrl":"https:\/\/all4camper.com\/wp-content\/uploads\/2020\/01\/dovolena-v-karavanu.jpg","datePublished":"2020-01-21T07:57:25+00:00","dateModified":"2021-04-14T06:58:56+00:00","description":"All4Camper - Kde u\u017e v \u00fanoru m\u016f\u017eete kempovat v tri\u010dku","breadcrumb":{"@id":"https:\/\/all4camper.com\/cs\/kde-uz-v-unoru-muzete-kempovat-v-tricku\/#breadcrumb"},"inLanguage":"cs","potentialAction":[{"@type":"ReadAction","target":["https:\/\/all4camper.com\/cs\/kde-uz-v-unoru-muzete-kempovat-v-tricku\/"]}]},{"@type":"ImageObject","inLanguage":"cs","@id":"https:\/\/all4camper.com\/cs\/kde-uz-v-unoru-muzete-kempovat-v-tricku\/#primaryimage","url":"https:\/\/all4camper.com\/wp-content\/uploads\/2020\/01\/dovolena-v-karavanu.jpg","contentUrl":"https:\/\/all4camper.com\/wp-content\/uploads\/2020\/01\/dovolena-v-karavanu.jpg","width":1200,"height":716},{"@type":"BreadcrumbList","@id":"https:\/\/all4camper.com\/cs\/kde-uz-v-unoru-muzete-kempovat-v-tricku\/#breadcrumb","itemListElement":[{"@type":"ListItem","position":1,"name":"Dom\u016f","item":"https:\/\/all4camper.com\/cs\/"},{"@type":"ListItem","position":2,"name":"Kempujeme a cestujeme \u0160pan\u011blsko","item":"https:\/\/all4camper.com\/cs\/category\/kempujeme-a-cestujeme-spanelsko\/"},{"@type":"ListItem","position":3,"name":"Kde u\u017e v \u00fanoru m\u016f\u017eete kempovat v tri\u010dku"}]},{"@type":"WebSite","@id":"https:\/\/all4camper.com\/cs\/#website","url":"https:\/\/all4camper.com\/cs\/","name":"All4Camper","description":"Nejv\u011bt\u0161\u00ed online magaz\u00edn o kempov\u00e1n\u00ed a karavaninku. V\u00edce jak 900 \u010dl\u00e1nk\u016f pln\u00fdch rad a tip\u016f o kempech a kempov\u00e1n\u00ed.","publisher":{"@id":"https:\/\/all4camper.com\/cs\/#organization"},"potentialAction":[{"@type":"SearchAction","target":{"@type":"EntryPoint","urlTemplate":"https:\/\/all4camper.com\/cs\/?s={search_term_string}"},"query-input":{"@type":"PropertyValueSpecification","valueRequired":true,"valueName":"search_term_string"}}],"inLanguage":"cs"},{"@type":"Organization","@id":"https:\/\/all4camper.com\/cs\/#organization","name":"All4Camper - kempujeme s Kl\u00e1rou","url":"https:\/\/all4camper.com\/cs\/","logo":{"@type":"ImageObject","inLanguage":"cs","@id":"https:\/\/all4camper.com\/cs\/#\/schema\/logo\/image\/","url":"https:\/\/all4camper.com\/wp-content\/uploads\/2018\/09\/novelogo.png","contentUrl":"https:\/\/all4camper.com\/wp-content\/uploads\/2018\/09\/novelogo.png","width":1520,"height":600,"caption":"All4Camper - kempujeme s Kl\u00e1rou"},"image":{"@id":"https:\/\/all4camper.com\/cs\/#\/schema\/logo\/image\/"}},{"@type":"Person","@id":"https:\/\/all4camper.com\/cs\/#\/schema\/person\/9349489688d4c221ca0fc39ae6bcb70b","name":"Kate\u0159ina","url":"https:\/\/all4camper.com\/cs\/author\/kterina\/"}]}},"_links":{"self":[{"href":"https:\/\/all4camper.com\/cs\/wp-json\/wp\/v2\/posts\/84403","targetHints":{"allow":["GET"]}}],"collection":[{"href":"https:\/\/all4camper.com\/cs\/wp-json\/wp\/v2\/posts"}],"about":[{"href":"https:\/\/all4camper.com\/cs\/wp-json\/wp\/v2\/types\/post"}],"author":[{"embeddable":true,"href":"https:\/\/all4camper.com\/cs\/wp-json\/wp\/v2\/users\/161"}],"replies":[{"embeddable":true,"href":"https:\/\/all4camper.com\/cs\/wp-json\/wp\/v2\/comments?post=84403"}],"version-history":[{"count":0,"href":"https:\/\/all4camper.com\/cs\/wp-json\/wp\/v2\/posts\/84403\/revisions"}],"wp:featuredmedia":[{"embeddable":true,"href":"https:\/\/all4camper.com\/cs\/wp-json\/wp\/v2\/media\/84764"}],"wp:attachment":[{"href":"https:\/\/all4camper.com\/cs\/wp-json\/wp\/v2\/media?parent=84403"}],"wp:term":[{"taxonomy":"category","embeddable":true,"href":"https:\/\/all4camper.com\/cs\/wp-json\/wp\/v2\/categories?post=84403"},{"taxonomy":"post_tag","embeddable":true,"href":"https:\/\/all4camper.com\/cs\/wp-json\/wp\/v2\/tags?post=84403"}],"curies":[{"name":"wp","href":"https:\/\/api.w.org\/{rel}","templated":true}]}}