{"id":84396,"date":"2020-01-23T11:10:54","date_gmt":"2020-01-23T10:10:54","guid":{"rendered":"https:\/\/all4camper.com\/\/?p=84396"},"modified":"2020-01-23T11:14:05","modified_gmt":"2020-01-23T10:14:05","slug":"apres-ski-sauna-a-termalni-lazne-s-kempem-pod-horou","status":"publish","type":"post","link":"https:\/\/all4camper.com\/cs\/apres-ski-sauna-a-termalni-lazne-s-kempem-pod-horou\/","title":{"rendered":"Apr\u00e8s ski sauna a term\u00e1ln\u00ed l\u00e1zn\u011b s kempem pod horou"},"content":{"rendered":"\n<h4 class=\"wp-block-heading\"><strong>Na\u0161e kroky, respektive ujet\u00e9 kilometry po silnic\u00edch, tentokr\u00e1t povedou do Bad Mitterndofu ve \u0160t\u00fdrsku. Najdete tu nejen bezvadn\u00e9 saunov\u00e1n\u00ed a koup\u00e1n\u00ed v&nbsp;term\u00e1ln\u00edch l\u00e1zn\u00edch, ale i moc fajn kemp, kter\u00fd je perfektn\u00edm bodem pro ly\u017ea\u0159sk\u00e9 a b\u011b\u017eka\u0159sk\u00e9 rad\u016fstky. <\/strong><\/h4>\n\n\n\n<figure class=\"wp-block-image size-large\"><img loading=\"lazy\" decoding=\"async\" width=\"1024\" height=\"683\" src=\"https:\/\/all4camper.com\/\/wp-content\/uploads\/2020\/01\/chf_20180214_105925.jpg\" alt=\"\" class=\"wp-image-84397\" srcset=\"https:\/\/all4camper.com\/wp-content\/uploads\/2020\/01\/chf_20180214_105925.jpg 1024w, https:\/\/all4camper.com\/wp-content\/uploads\/2020\/01\/chf_20180214_105925-300x200.jpg 300w, https:\/\/all4camper.com\/wp-content\/uploads\/2020\/01\/chf_20180214_105925-150x100.jpg 150w, https:\/\/all4camper.com\/wp-content\/uploads\/2020\/01\/chf_20180214_105925-768x512.jpg 768w\" sizes=\"auto, (max-width: 1024px) 100vw, 1024px\" \/><\/figure>\n\n\n\n<h3 class=\"wp-block-heading\"><strong>Term\u00e1ln\u00ed l\u00e1zn\u011b, kter\u00e9 st\u0159e\u017e\u00ed hora<\/strong><\/h3>\n\n\n\n<p>Grimming Therme ve \u0160t\u00fdrsku dostaly jm\u00e9no podle 2351 metr\u016f vysok\u00e9 hory Grimming. <a rel=\"noreferrer noopener\" aria-label=\" (opens in a new tab)\" href=\"https:\/\/www.grimming-therme.com\/\" target=\"_blank\">grimming-therme<\/a> Ostatn\u011b, pokud l\u00e1zn\u011b nav\u0161t\u00edv\u00edte, sezn\u00e1m\u00edte se s&nbsp;n\u00ed opravdu d\u016fkladn\u011b. Ob\u0159\u00ed sklen\u011bn\u00e1 st\u011bna term\u00e1ln\u00edch l\u00e1zn\u00ed nab\u00edz\u00ed v\u00fdhled na pr\u00e1v\u011b na tento 9 kilometr\u016f dlouh\u00fd horsk\u00fd masiv, kter\u00fd se zved\u00e1 mezi dv\u011bma \u00fadol\u00edmi. Uvnit\u0159 najdete \u010dty\u0159i vnit\u0159n\u00ed a t\u0159i venkovn\u00ed baz\u00e9ny, samostatnou \u010d\u00e1st pro d\u011bti i odd\u011blenou \u010d\u00e1st speci\u00e1ln\u011b pro relaxaci. Tam najdete nap\u0159\u00edklad na 400 leh\u00e1tek v&nbsp;p\u011bti patrech, kter\u00e1 nab\u00edzej\u00ed ni\u010d\u00edm neru\u0161en\u00fd v\u00fdhled pr\u00e1v\u011b na monument\u00e1ln\u00ed skaln\u00ed masiv. O j\u00eddlo je pak postar\u00e1no v&nbsp;samoobslu\u017en\u00e9 restauraci. Skute\u010dnou perli\u010dkou je ov\u0161em saunov\u00fd sv\u011bt. Najdete tu celkem sedm saun a dv\u011b p\u00e1ry, nicm\u00e9n\u011b zvl\u00e1\u0161tnost\u00ed je \u201eAlm-Sauna\u201c \u2013 sauna nach\u00e1zej\u00edc\u00ed se v tichu horsk\u00e9 chaty s apr\u00e8s ski. <\/p>\n\n\n\n<figure class=\"wp-block-image size-large\"><img loading=\"lazy\" decoding=\"async\" width=\"1200\" height=\"801\" src=\"https:\/\/all4camper.com\/\/wp-content\/uploads\/2020\/01\/almsauna_grimmingtherme_sauna_saunagenuss_1.png\" alt=\"\" class=\"wp-image-84398\" srcset=\"https:\/\/all4camper.com\/wp-content\/uploads\/2020\/01\/almsauna_grimmingtherme_sauna_saunagenuss_1.png 1200w, https:\/\/all4camper.com\/wp-content\/uploads\/2020\/01\/almsauna_grimmingtherme_sauna_saunagenuss_1-300x200.png 300w, https:\/\/all4camper.com\/wp-content\/uploads\/2020\/01\/almsauna_grimmingtherme_sauna_saunagenuss_1-150x100.png 150w, https:\/\/all4camper.com\/wp-content\/uploads\/2020\/01\/almsauna_grimmingtherme_sauna_saunagenuss_1-768x513.png 768w\" sizes=\"auto, (max-width: 1200px) 100vw, 1200px\" \/><\/figure>\n\n\n\n<h3 class=\"wp-block-heading\"><strong>Co nav\u0161t\u00edvit v&nbsp;okol\u00ed?<\/strong><\/h3>\n\n\n\n<p>Tak co t\u0159eba kone\u010dn\u011b ten Hallstatt. P\u00ed\u0161u to pr\u00e1v\u011b takhle, proto\u017ee v\u00edm, \u017ee spousta lid\u00ed tenhle c\u00edl z\u00a0mnoha r\u016fzn\u00fdch d\u016fvod\u016f st\u00e1le odkl\u00e1d\u00e1, i kdy\u017e na n\u011bj pom\u011brn\u011b \u010dasto mysl\u00ed. Je to opravdu n\u00e1dhern\u00e9 m\u011bste\u010dko, i kdy\u017e celkov\u00fd dojem trochu kaz\u00ed p\u0159em\u00edra turist\u016f. No a pr\u00e1v\u011b v\u00a0zim\u011b tam a\u017e takov\u00e9 davy neproud\u00ed. A za vid\u011bn\u00ed opravdu stoj\u00ed. Kup\u0159\u00edkladu na sever od kostela se nach\u00e1z\u00ed h\u0159bitov a v\u00a0n\u011bm kostnice kter\u00e1 se datuje do 16. stolet\u00ed. Je zde ulo\u017eeno n\u011bkolik set lebek zesnul\u00fdch.\u00a0Ty byly po 20 a\u017e 30 lety exhumov\u00e1ny, nab\u00edleny a ozdobeny. Na \u010dele najdete jm\u00e9no nebo\u017et\u00edka a datum \u00famrt\u00ed. Stellplatz nap\u0159\u00edklad zde: <a rel=\"noreferrer noopener\" aria-label=\" (opens in a new tab)\" href=\"https:\/\/www.camperado.de\/wohnmobilstellplatz\/am-see-p4-am-marktplatz-hallstatt-14031\" target=\"_blank\">wohnmobilstellplatz<\/a><\/p>\n\n\n\n<figure class=\"wp-block-image size-large\"><img loading=\"lazy\" decoding=\"async\" width=\"1440\" height=\"1080\" src=\"https:\/\/all4camper.com\/\/wp-content\/uploads\/2020\/01\/hallstatt-1329869_1920-1440x1080.jpg\" alt=\"\" class=\"wp-image-84399\" srcset=\"https:\/\/all4camper.com\/wp-content\/uploads\/2020\/01\/hallstatt-1329869_1920-1440x1080.jpg 1440w, https:\/\/all4camper.com\/wp-content\/uploads\/2020\/01\/hallstatt-1329869_1920-300x225.jpg 300w, https:\/\/all4camper.com\/wp-content\/uploads\/2020\/01\/hallstatt-1329869_1920-150x113.jpg 150w, https:\/\/all4camper.com\/wp-content\/uploads\/2020\/01\/hallstatt-1329869_1920-768x576.jpg 768w, https:\/\/all4camper.com\/wp-content\/uploads\/2020\/01\/hallstatt-1329869_1920-1536x1152.jpg 1536w, https:\/\/all4camper.com\/wp-content\/uploads\/2020\/01\/hallstatt-1329869_1920-678x509.jpg 678w, https:\/\/all4camper.com\/wp-content\/uploads\/2020\/01\/hallstatt-1329869_1920-326x245.jpg 326w, https:\/\/all4camper.com\/wp-content\/uploads\/2020\/01\/hallstatt-1329869_1920-80x60.jpg 80w, https:\/\/all4camper.com\/wp-content\/uploads\/2020\/01\/hallstatt-1329869_1920.jpg 1920w\" sizes=\"auto, (max-width: 1440px) 100vw, 1440px\" \/><\/figure>\n\n\n\n<h3 class=\"wp-block-heading\"><strong>Kempov\u00e1n\u00ed p\u0159\u00edmo u term\u00e1ln\u00edch l\u00e1zn\u00ed<\/strong><\/h3>\n\n\n\n<p>No \u2013 a kde tedy zakempovat, zejm\u00e9na, kdy\u017e v\u00e1s l\u00e1kaj\u00ed hlavn\u011b ty term\u00e1ln\u00ed l\u00e1zn\u011b a t\u0159eba n\u011bjak\u00e1 ly\u017eova\u010dka k\u00a0tomu? Doporu\u010duji v\u00e1m nap\u0159\u00edklad celoro\u010dn\u011b otev\u0159en\u00fd Kur-Camping Grimmingsicht. <a rel=\"noreferrer noopener\" aria-label=\" (opens in a new tab)\" href=\"http:\/\/www.grimmingsicht.at\/\" target=\"_blank\">grimmingsicht<\/a> Jedn\u00e1 se o mimo\u0159\u00e1dn\u011b p\u0159\u00edjemn\u00e9 m\u00edsto t\u0159eba i proto, \u017ee majitel je s\u00e1m nad\u0161en\u00fdm kempa\u0159em a d\u011bl\u00e1 to prost\u011b srdcem. Kemp se nach\u00e1z\u00ed p\u0159ibli\u017en\u011b 500 metr\u016f od vesnice. Hned u kempu m\u016f\u017eete nastoupit na jednu z\u00a0nejlep\u0161\u00edch b\u011b\u017eka\u0159sk\u00fdch tras v\u00a0Rakousku a kdybyste cht\u011bli projet v\u0161e, v\u00a0sou\u010dasn\u00e9 chv\u00edli se v\u00e1m nab\u00edz\u00ed okolo 95 kilometr\u016f. Pro milovn\u00edky rychlej\u0161\u00edho pohybuje je tu pak skiare\u00e1l Tauplitz, kde najdete na 40 kilometr\u016f sjezdovek. <a rel=\"noreferrer noopener\" aria-label=\" (opens in a new tab)\" href=\"https:\/\/www.dietauplitz.com\/\" target=\"_blank\">dietauplitz<\/a><\/p>\n\n\n\n<div class=\"wp-block-image\"><figure class=\"aligncenter size-large\"><img loading=\"lazy\" decoding=\"async\" width=\"384\" height=\"288\" src=\"https:\/\/all4camper.com\/\/wp-content\/uploads\/2020\/01\/gelaende_67_20100708_2070735517-1.jpg\" alt=\"\" class=\"wp-image-84400\" srcset=\"https:\/\/all4camper.com\/wp-content\/uploads\/2020\/01\/gelaende_67_20100708_2070735517-1.jpg 384w, https:\/\/all4camper.com\/wp-content\/uploads\/2020\/01\/gelaende_67_20100708_2070735517-1-300x225.jpg 300w, https:\/\/all4camper.com\/wp-content\/uploads\/2020\/01\/gelaende_67_20100708_2070735517-1-150x113.jpg 150w, https:\/\/all4camper.com\/wp-content\/uploads\/2020\/01\/gelaende_67_20100708_2070735517-1-326x245.jpg 326w, https:\/\/all4camper.com\/wp-content\/uploads\/2020\/01\/gelaende_67_20100708_2070735517-1-80x60.jpg 80w\" sizes=\"auto, (max-width: 384px) 100vw, 384px\" \/><\/figure><\/div>\n\n\n\n<p><\/p>\n","protected":false},"excerpt":{"rendered":"<p>Na\u0161e kroky, respektive ujet\u00e9 kilometry po silnic\u00edch, tentokr\u00e1t povedou do Bad Mitterndofu ve \u0160t\u00fdrsku. Najdete tu nejen bezvadn\u00e9 saunov\u00e1n\u00ed a koup\u00e1n\u00ed v&nbsp;term\u00e1ln\u00edch l\u00e1zn\u00edch, ale i moc fajn kemp, kter\u00fd je perfektn\u00edm bodem pro ly\u017ea\u0159sk\u00e9 a b\u011b\u017eka\u0159sk\u00e9 rad\u016fstky. Term\u00e1ln\u00ed l\u00e1zn\u011b, kter\u00e9 st\u0159e\u017e\u00ed hora Grimming Therme ve \u0160t\u00fdrsku dostaly jm\u00e9no podle 2351 metr\u016f vysok\u00e9 hory Grimming. grimming-therme [&hellip;]<\/p>\n","protected":false},"author":161,"featured_media":84771,"comment_status":"closed","ping_status":"open","sticky":false,"template":"","format":"standard","meta":{"_monsterinsights_skip_tracking":false,"_monsterinsights_sitenote_active":false,"_monsterinsights_sitenote_note":"","_monsterinsights_sitenote_category":0,"footnotes":""},"categories":[2379,422,342],"tags":[105,81,321],"class_list":{"0":"post-84396","1":"post","2":"type-post","3":"status-publish","4":"format-standard","5":"has-post-thumbnail","7":"category-kempujeme-a-cestujeme-v-rakousku","8":"category-novinky-kempovani-a-karavaning","9":"category-termalni-lazne-a-aquaparky-zabavni-parky","10":"tag-rakousko","11":"tag-termalni-lazne","12":"tag-winter-camping"},"yoast_head":"<!-- This site is optimized with the Yoast SEO plugin v27.5 - https:\/\/yoast.com\/product\/yoast-seo-wordpress\/ -->\n<title>Apr\u00e8s ski sauna a term\u00e1ln\u00ed l\u00e1zn\u011b s kempem pod horou - All4Camper<\/title>\n<meta name=\"description\" content=\"All4Camper - Apr\u00e8s ski sauna a term\u00e1ln\u00ed l\u00e1zn\u011b s kempem pod horou\" \/>\n<meta name=\"robots\" content=\"index, follow, max-snippet:-1, max-image-preview:large, max-video-preview:-1\" \/>\n<link rel=\"canonical\" href=\"https:\/\/all4camper.com\/cs\/apres-ski-sauna-a-termalni-lazne-s-kempem-pod-horou\/\" \/>\n<meta property=\"og:locale\" content=\"cs_CZ\" \/>\n<meta property=\"og:type\" content=\"article\" \/>\n<meta property=\"og:title\" content=\"Apr\u00e8s ski sauna a term\u00e1ln\u00ed l\u00e1zn\u011b s kempem pod horou - All4Camper\" \/>\n<meta property=\"og:description\" content=\"All4Camper - Apr\u00e8s ski sauna a term\u00e1ln\u00ed l\u00e1zn\u011b s kempem pod horou\" \/>\n<meta property=\"og:url\" content=\"https:\/\/all4camper.com\/cs\/apres-ski-sauna-a-termalni-lazne-s-kempem-pod-horou\/\" \/>\n<meta property=\"og:site_name\" content=\"All4Camper\" \/>\n<meta property=\"article:published_time\" content=\"2020-01-23T10:10:54+00:00\" \/>\n<meta property=\"article:modified_time\" content=\"2020-01-23T10:14:05+00:00\" \/>\n<meta property=\"og:image\" content=\"https:\/\/all4camper.com\/wp-content\/uploads\/2020\/01\/suna-kempov\u00e1n\u00ed.jpg\" \/>\n\t<meta property=\"og:image:width\" content=\"1200\" \/>\n\t<meta property=\"og:image:height\" content=\"696\" \/>\n\t<meta property=\"og:image:type\" content=\"image\/jpeg\" \/>\n<meta name=\"author\" content=\"Kate\u0159ina\" \/>\n<meta name=\"twitter:card\" content=\"summary_large_image\" \/>\n<meta name=\"twitter:label1\" content=\"Napsal(a)\" \/>\n\t<meta name=\"twitter:data1\" content=\"Kate\u0159ina\" \/>\n\t<meta name=\"twitter:label2\" content=\"Odhadovan\u00e1 doba \u010dten\u00ed\" \/>\n\t<meta name=\"twitter:data2\" content=\"3 minuty\" \/>\n<script type=\"application\/ld+json\" class=\"yoast-schema-graph\">{\"@context\":\"https:\\\/\\\/schema.org\",\"@graph\":[{\"@type\":\"Article\",\"@id\":\"https:\\\/\\\/all4camper.com\\\/cs\\\/apres-ski-sauna-a-termalni-lazne-s-kempem-pod-horou\\\/#article\",\"isPartOf\":{\"@id\":\"https:\\\/\\\/all4camper.com\\\/cs\\\/apres-ski-sauna-a-termalni-lazne-s-kempem-pod-horou\\\/\"},\"author\":{\"name\":\"Kate\u0159ina\",\"@id\":\"https:\\\/\\\/all4camper.com\\\/cs\\\/#\\\/schema\\\/person\\\/9349489688d4c221ca0fc39ae6bcb70b\"},\"headline\":\"Apr\u00e8s ski sauna a term\u00e1ln\u00ed l\u00e1zn\u011b s kempem pod horou\",\"datePublished\":\"2020-01-23T10:10:54+00:00\",\"dateModified\":\"2020-01-23T10:14:05+00:00\",\"mainEntityOfPage\":{\"@id\":\"https:\\\/\\\/all4camper.com\\\/cs\\\/apres-ski-sauna-a-termalni-lazne-s-kempem-pod-horou\\\/\"},\"wordCount\":531,\"publisher\":{\"@id\":\"https:\\\/\\\/all4camper.com\\\/cs\\\/#organization\"},\"image\":{\"@id\":\"https:\\\/\\\/all4camper.com\\\/cs\\\/apres-ski-sauna-a-termalni-lazne-s-kempem-pod-horou\\\/#primaryimage\"},\"thumbnailUrl\":\"https:\\\/\\\/all4camper.com\\\/wp-content\\\/uploads\\\/2020\\\/01\\\/suna-kempov\u00e1n\u00ed.jpg\",\"keywords\":[\"Rakousko\",\"Term\u00e1ln\u00ed l\u00e1zn\u011b\",\"Zimn\u00ed kempov\u00e1n\u00ed\"],\"articleSection\":[\"Kempujeme a cestujeme v Rakousku\",\"Novinky - Kempov\u00e1n\u00ed a karavaning\",\"Term\u00e1ln\u00ed l\u00e1zn\u011b, akvaparky a z\u00e1bavn\u00ed parky\"],\"inLanguage\":\"cs\"},{\"@type\":\"WebPage\",\"@id\":\"https:\\\/\\\/all4camper.com\\\/cs\\\/apres-ski-sauna-a-termalni-lazne-s-kempem-pod-horou\\\/\",\"url\":\"https:\\\/\\\/all4camper.com\\\/cs\\\/apres-ski-sauna-a-termalni-lazne-s-kempem-pod-horou\\\/\",\"name\":\"Apr\u00e8s ski sauna a term\u00e1ln\u00ed l\u00e1zn\u011b s kempem pod horou - All4Camper\",\"isPartOf\":{\"@id\":\"https:\\\/\\\/all4camper.com\\\/cs\\\/#website\"},\"primaryImageOfPage\":{\"@id\":\"https:\\\/\\\/all4camper.com\\\/cs\\\/apres-ski-sauna-a-termalni-lazne-s-kempem-pod-horou\\\/#primaryimage\"},\"image\":{\"@id\":\"https:\\\/\\\/all4camper.com\\\/cs\\\/apres-ski-sauna-a-termalni-lazne-s-kempem-pod-horou\\\/#primaryimage\"},\"thumbnailUrl\":\"https:\\\/\\\/all4camper.com\\\/wp-content\\\/uploads\\\/2020\\\/01\\\/suna-kempov\u00e1n\u00ed.jpg\",\"datePublished\":\"2020-01-23T10:10:54+00:00\",\"dateModified\":\"2020-01-23T10:14:05+00:00\",\"description\":\"All4Camper - Apr\u00e8s ski sauna a term\u00e1ln\u00ed l\u00e1zn\u011b s kempem pod horou\",\"breadcrumb\":{\"@id\":\"https:\\\/\\\/all4camper.com\\\/cs\\\/apres-ski-sauna-a-termalni-lazne-s-kempem-pod-horou\\\/#breadcrumb\"},\"inLanguage\":\"cs\",\"potentialAction\":[{\"@type\":\"ReadAction\",\"target\":[\"https:\\\/\\\/all4camper.com\\\/cs\\\/apres-ski-sauna-a-termalni-lazne-s-kempem-pod-horou\\\/\"]}]},{\"@type\":\"ImageObject\",\"inLanguage\":\"cs\",\"@id\":\"https:\\\/\\\/all4camper.com\\\/cs\\\/apres-ski-sauna-a-termalni-lazne-s-kempem-pod-horou\\\/#primaryimage\",\"url\":\"https:\\\/\\\/all4camper.com\\\/wp-content\\\/uploads\\\/2020\\\/01\\\/suna-kempov\u00e1n\u00ed.jpg\",\"contentUrl\":\"https:\\\/\\\/all4camper.com\\\/wp-content\\\/uploads\\\/2020\\\/01\\\/suna-kempov\u00e1n\u00ed.jpg\",\"width\":1200,\"height\":696},{\"@type\":\"BreadcrumbList\",\"@id\":\"https:\\\/\\\/all4camper.com\\\/cs\\\/apres-ski-sauna-a-termalni-lazne-s-kempem-pod-horou\\\/#breadcrumb\",\"itemListElement\":[{\"@type\":\"ListItem\",\"position\":1,\"name\":\"Dom\u016f\",\"item\":\"https:\\\/\\\/all4camper.com\\\/cs\\\/\"},{\"@type\":\"ListItem\",\"position\":2,\"name\":\"Kempujeme a cestujeme v Rakousku\",\"item\":\"https:\\\/\\\/all4camper.com\\\/cs\\\/category\\\/kempujeme-a-cestujeme-v-rakousku\\\/\"},{\"@type\":\"ListItem\",\"position\":3,\"name\":\"Apr\u00e8s ski sauna a term\u00e1ln\u00ed l\u00e1zn\u011b s kempem pod horou\"}]},{\"@type\":\"WebSite\",\"@id\":\"https:\\\/\\\/all4camper.com\\\/cs\\\/#website\",\"url\":\"https:\\\/\\\/all4camper.com\\\/cs\\\/\",\"name\":\"All4Camper\",\"description\":\"Nejv\u011bt\u0161\u00ed online magaz\u00edn o kempov\u00e1n\u00ed a karavaninku. V\u00edce jak 900 \u010dl\u00e1nk\u016f pln\u00fdch rad a tip\u016f o kempech a kempov\u00e1n\u00ed.\",\"publisher\":{\"@id\":\"https:\\\/\\\/all4camper.com\\\/cs\\\/#organization\"},\"potentialAction\":[{\"@type\":\"SearchAction\",\"target\":{\"@type\":\"EntryPoint\",\"urlTemplate\":\"https:\\\/\\\/all4camper.com\\\/cs\\\/?s={search_term_string}\"},\"query-input\":{\"@type\":\"PropertyValueSpecification\",\"valueRequired\":true,\"valueName\":\"search_term_string\"}}],\"inLanguage\":\"cs\"},{\"@type\":\"Organization\",\"@id\":\"https:\\\/\\\/all4camper.com\\\/cs\\\/#organization\",\"name\":\"All4Camper - kempujeme s Kl\u00e1rou\",\"url\":\"https:\\\/\\\/all4camper.com\\\/cs\\\/\",\"logo\":{\"@type\":\"ImageObject\",\"inLanguage\":\"cs\",\"@id\":\"https:\\\/\\\/all4camper.com\\\/cs\\\/#\\\/schema\\\/logo\\\/image\\\/\",\"url\":\"https:\\\/\\\/all4camper.com\\\/wp-content\\\/uploads\\\/2018\\\/09\\\/novelogo.png\",\"contentUrl\":\"https:\\\/\\\/all4camper.com\\\/wp-content\\\/uploads\\\/2018\\\/09\\\/novelogo.png\",\"width\":1520,\"height\":600,\"caption\":\"All4Camper - kempujeme s Kl\u00e1rou\"},\"image\":{\"@id\":\"https:\\\/\\\/all4camper.com\\\/cs\\\/#\\\/schema\\\/logo\\\/image\\\/\"}},{\"@type\":\"Person\",\"@id\":\"https:\\\/\\\/all4camper.com\\\/cs\\\/#\\\/schema\\\/person\\\/9349489688d4c221ca0fc39ae6bcb70b\",\"name\":\"Kate\u0159ina\",\"url\":\"https:\\\/\\\/all4camper.com\\\/cs\\\/author\\\/kterina\\\/\"}]}<\/script>\n<!-- \/ Yoast SEO plugin. -->","yoast_head_json":{"title":"Apr\u00e8s ski sauna a term\u00e1ln\u00ed l\u00e1zn\u011b s kempem pod horou - All4Camper","description":"All4Camper - Apr\u00e8s ski sauna a term\u00e1ln\u00ed l\u00e1zn\u011b s kempem pod horou","robots":{"index":"index","follow":"follow","max-snippet":"max-snippet:-1","max-image-preview":"max-image-preview:large","max-video-preview":"max-video-preview:-1"},"canonical":"https:\/\/all4camper.com\/cs\/apres-ski-sauna-a-termalni-lazne-s-kempem-pod-horou\/","og_locale":"cs_CZ","og_type":"article","og_title":"Apr\u00e8s ski sauna a term\u00e1ln\u00ed l\u00e1zn\u011b s kempem pod horou - All4Camper","og_description":"All4Camper - Apr\u00e8s ski sauna a term\u00e1ln\u00ed l\u00e1zn\u011b s kempem pod horou","og_url":"https:\/\/all4camper.com\/cs\/apres-ski-sauna-a-termalni-lazne-s-kempem-pod-horou\/","og_site_name":"All4Camper","article_published_time":"2020-01-23T10:10:54+00:00","article_modified_time":"2020-01-23T10:14:05+00:00","og_image":[{"width":1200,"height":696,"url":"https:\/\/all4camper.com\/wp-content\/uploads\/2020\/01\/suna-kempov\u00e1n\u00ed.jpg","type":"image\/jpeg"}],"author":"Kate\u0159ina","twitter_card":"summary_large_image","twitter_misc":{"Napsal(a)":"Kate\u0159ina","Odhadovan\u00e1 doba \u010dten\u00ed":"3 minuty"},"schema":{"@context":"https:\/\/schema.org","@graph":[{"@type":"Article","@id":"https:\/\/all4camper.com\/cs\/apres-ski-sauna-a-termalni-lazne-s-kempem-pod-horou\/#article","isPartOf":{"@id":"https:\/\/all4camper.com\/cs\/apres-ski-sauna-a-termalni-lazne-s-kempem-pod-horou\/"},"author":{"name":"Kate\u0159ina","@id":"https:\/\/all4camper.com\/cs\/#\/schema\/person\/9349489688d4c221ca0fc39ae6bcb70b"},"headline":"Apr\u00e8s ski sauna a term\u00e1ln\u00ed l\u00e1zn\u011b s kempem pod horou","datePublished":"2020-01-23T10:10:54+00:00","dateModified":"2020-01-23T10:14:05+00:00","mainEntityOfPage":{"@id":"https:\/\/all4camper.com\/cs\/apres-ski-sauna-a-termalni-lazne-s-kempem-pod-horou\/"},"wordCount":531,"publisher":{"@id":"https:\/\/all4camper.com\/cs\/#organization"},"image":{"@id":"https:\/\/all4camper.com\/cs\/apres-ski-sauna-a-termalni-lazne-s-kempem-pod-horou\/#primaryimage"},"thumbnailUrl":"https:\/\/all4camper.com\/wp-content\/uploads\/2020\/01\/suna-kempov\u00e1n\u00ed.jpg","keywords":["Rakousko","Term\u00e1ln\u00ed l\u00e1zn\u011b","Zimn\u00ed kempov\u00e1n\u00ed"],"articleSection":["Kempujeme a cestujeme v Rakousku","Novinky - Kempov\u00e1n\u00ed a karavaning","Term\u00e1ln\u00ed l\u00e1zn\u011b, akvaparky a z\u00e1bavn\u00ed parky"],"inLanguage":"cs"},{"@type":"WebPage","@id":"https:\/\/all4camper.com\/cs\/apres-ski-sauna-a-termalni-lazne-s-kempem-pod-horou\/","url":"https:\/\/all4camper.com\/cs\/apres-ski-sauna-a-termalni-lazne-s-kempem-pod-horou\/","name":"Apr\u00e8s ski sauna a term\u00e1ln\u00ed l\u00e1zn\u011b s kempem pod horou - All4Camper","isPartOf":{"@id":"https:\/\/all4camper.com\/cs\/#website"},"primaryImageOfPage":{"@id":"https:\/\/all4camper.com\/cs\/apres-ski-sauna-a-termalni-lazne-s-kempem-pod-horou\/#primaryimage"},"image":{"@id":"https:\/\/all4camper.com\/cs\/apres-ski-sauna-a-termalni-lazne-s-kempem-pod-horou\/#primaryimage"},"thumbnailUrl":"https:\/\/all4camper.com\/wp-content\/uploads\/2020\/01\/suna-kempov\u00e1n\u00ed.jpg","datePublished":"2020-01-23T10:10:54+00:00","dateModified":"2020-01-23T10:14:05+00:00","description":"All4Camper - Apr\u00e8s ski sauna a term\u00e1ln\u00ed l\u00e1zn\u011b s kempem pod horou","breadcrumb":{"@id":"https:\/\/all4camper.com\/cs\/apres-ski-sauna-a-termalni-lazne-s-kempem-pod-horou\/#breadcrumb"},"inLanguage":"cs","potentialAction":[{"@type":"ReadAction","target":["https:\/\/all4camper.com\/cs\/apres-ski-sauna-a-termalni-lazne-s-kempem-pod-horou\/"]}]},{"@type":"ImageObject","inLanguage":"cs","@id":"https:\/\/all4camper.com\/cs\/apres-ski-sauna-a-termalni-lazne-s-kempem-pod-horou\/#primaryimage","url":"https:\/\/all4camper.com\/wp-content\/uploads\/2020\/01\/suna-kempov\u00e1n\u00ed.jpg","contentUrl":"https:\/\/all4camper.com\/wp-content\/uploads\/2020\/01\/suna-kempov\u00e1n\u00ed.jpg","width":1200,"height":696},{"@type":"BreadcrumbList","@id":"https:\/\/all4camper.com\/cs\/apres-ski-sauna-a-termalni-lazne-s-kempem-pod-horou\/#breadcrumb","itemListElement":[{"@type":"ListItem","position":1,"name":"Dom\u016f","item":"https:\/\/all4camper.com\/cs\/"},{"@type":"ListItem","position":2,"name":"Kempujeme a cestujeme v Rakousku","item":"https:\/\/all4camper.com\/cs\/category\/kempujeme-a-cestujeme-v-rakousku\/"},{"@type":"ListItem","position":3,"name":"Apr\u00e8s ski sauna a term\u00e1ln\u00ed l\u00e1zn\u011b s kempem pod horou"}]},{"@type":"WebSite","@id":"https:\/\/all4camper.com\/cs\/#website","url":"https:\/\/all4camper.com\/cs\/","name":"All4Camper","description":"Nejv\u011bt\u0161\u00ed online magaz\u00edn o kempov\u00e1n\u00ed a karavaninku. V\u00edce jak 900 \u010dl\u00e1nk\u016f pln\u00fdch rad a tip\u016f o kempech a kempov\u00e1n\u00ed.","publisher":{"@id":"https:\/\/all4camper.com\/cs\/#organization"},"potentialAction":[{"@type":"SearchAction","target":{"@type":"EntryPoint","urlTemplate":"https:\/\/all4camper.com\/cs\/?s={search_term_string}"},"query-input":{"@type":"PropertyValueSpecification","valueRequired":true,"valueName":"search_term_string"}}],"inLanguage":"cs"},{"@type":"Organization","@id":"https:\/\/all4camper.com\/cs\/#organization","name":"All4Camper - kempujeme s Kl\u00e1rou","url":"https:\/\/all4camper.com\/cs\/","logo":{"@type":"ImageObject","inLanguage":"cs","@id":"https:\/\/all4camper.com\/cs\/#\/schema\/logo\/image\/","url":"https:\/\/all4camper.com\/wp-content\/uploads\/2018\/09\/novelogo.png","contentUrl":"https:\/\/all4camper.com\/wp-content\/uploads\/2018\/09\/novelogo.png","width":1520,"height":600,"caption":"All4Camper - kempujeme s Kl\u00e1rou"},"image":{"@id":"https:\/\/all4camper.com\/cs\/#\/schema\/logo\/image\/"}},{"@type":"Person","@id":"https:\/\/all4camper.com\/cs\/#\/schema\/person\/9349489688d4c221ca0fc39ae6bcb70b","name":"Kate\u0159ina","url":"https:\/\/all4camper.com\/cs\/author\/kterina\/"}]}},"_links":{"self":[{"href":"https:\/\/all4camper.com\/cs\/wp-json\/wp\/v2\/posts\/84396","targetHints":{"allow":["GET"]}}],"collection":[{"href":"https:\/\/all4camper.com\/cs\/wp-json\/wp\/v2\/posts"}],"about":[{"href":"https:\/\/all4camper.com\/cs\/wp-json\/wp\/v2\/types\/post"}],"author":[{"embeddable":true,"href":"https:\/\/all4camper.com\/cs\/wp-json\/wp\/v2\/users\/161"}],"replies":[{"embeddable":true,"href":"https:\/\/all4camper.com\/cs\/wp-json\/wp\/v2\/comments?post=84396"}],"version-history":[{"count":0,"href":"https:\/\/all4camper.com\/cs\/wp-json\/wp\/v2\/posts\/84396\/revisions"}],"wp:featuredmedia":[{"embeddable":true,"href":"https:\/\/all4camper.com\/cs\/wp-json\/wp\/v2\/media\/84771"}],"wp:attachment":[{"href":"https:\/\/all4camper.com\/cs\/wp-json\/wp\/v2\/media?parent=84396"}],"wp:term":[{"taxonomy":"category","embeddable":true,"href":"https:\/\/all4camper.com\/cs\/wp-json\/wp\/v2\/categories?post=84396"},{"taxonomy":"post_tag","embeddable":true,"href":"https:\/\/all4camper.com\/cs\/wp-json\/wp\/v2\/tags?post=84396"}],"curies":[{"name":"wp","href":"https:\/\/api.w.org\/{rel}","templated":true}]}}