{"id":83605,"date":"2022-10-27T08:55:00","date_gmt":"2022-10-27T06:55:00","guid":{"rendered":"https:\/\/all4camper.com\/\/?p=83605"},"modified":"2022-10-27T09:00:38","modified_gmt":"2022-10-27T07:00:38","slug":"super-karavanova-stani-nedaleko-nasich-hranic-v-nemecku","status":"publish","type":"post","link":"https:\/\/all4camper.com\/cs\/super-karavanova-stani-nedaleko-nasich-hranic-v-nemecku\/","title":{"rendered":"Superkaravanov\u00e1 st\u00e1n\u00ed u term\u00e1ln\u00edch l\u00e1zn\u00ed nedaleko na\u0161ich hranic v N\u011bmecku"},"content":{"rendered":"\n<p>Aktualizace: <strong>V dne\u0161n\u00edm \u010dl\u00e1nku pro v\u00e1s m\u00e1m opravdu hezk\u00e9 tipy na karavanov\u00e1 st\u00e1n\u00ed u kter\u00fdch si mysl\u00edm, \u017ee je na cest\u00e1ch vyu\u017eijete. Pro\u010d? Proto\u017ee v\u0161echna tato karavanov\u00e1 st\u00e1n\u00ed nab\u00edzej\u00ed krom\u011b hezk\u00e9ho m\u00edsta na kempov\u00e1n\u00ed i nemal\u00e9 zaj\u00edmavosti ve sv\u00e9m nejbli\u017e\u0161\u00edm okol\u00ed, nej\u010dast\u011bji mo\u017enost koupan\u00ed se v term\u00e1ln\u00edch l\u00e1zn\u00edch.<\/strong><\/p>\n\n\n\n<h3 class=\"wp-block-heading\" id=\"1-kaisertherme-0fe8014a-da37-4a66-b90f-d7a13014f477\">1. <strong>Kaiser-Therme<\/strong>, Bad Abbach<\/h3>\n\n\n\n<p>Toto karavanov\u00e9 st\u00e1n\u00ed bylo pr\u00e1vem za\u0159azeno mezi ty &#8222;Top&#8220;, nebo\u0165 u\u017e jen samotn\u00fd fakt, \u017ee jeho n\u00e1v\u0161t\u011bvnost ka\u017ed\u00fdm rokem stoup\u00e1 a <strong>n\u00e1v\u0161t\u011bvn\u00edci mohou p\u0159\u00edmo v \u017eupanu vej\u00edt do term\u00e1ln\u00edch l\u00e1zn\u00ed je prost\u011b perfektn\u00ed<\/strong>. A pozor! Na tomto st\u00e1n\u00ed nemus\u00ed st\u00e1t pouze n\u00e1v\u0161t\u011bvn\u00edci l\u00e1zn\u00ed. Naopak. M\u00edsto je p\u0159ipraven\u00e9 i pro ty z v\u00e1s, kte\u0159\u00ed se rozhodnou objevit kr\u00e1sy samotn\u00e9ho m\u011bsta Bad Abbach. Do jeho centra je to 15 minut ch\u016fze. A jak je ps\u00e1no na str\u00e1nk\u00e1ch &#8222;Jen p\u011bt minut ch\u016fze v\u00e1s d\u011bl\u00ed od nov\u011b zrekonstruovan\u00e9ho l\u00e1ze\u0148sk\u00e9ho parku a centra Bad Abbachu.\u00a0Kaiser-Therme je tedy ide\u00e1ln\u00edm v\u00fdchoz\u00edm bodem pro t\u00fary.\u00a0Nach\u00e1z\u00ed se p\u0159\u00edmo na kvalitn\u00ed turistick\u00e9 stezce Jurasteig.\u00a0Pokud chcete, m\u016f\u017eete se odsud snadno dostat na celost\u00e1tn\u011b zn\u00e1mou stezku Altm\u00fchltal Panoramaweg s fantastick\u00fdmi v\u00fdhledy.\u00a0Cyklisty pot\u011b\u0161\u00ed i romantick\u00e9 cyklostezky pod\u00e9l Dunaje sm\u011brem na Kelheim nebo Regensburg.&#8220; <strong>Odkaz na str\u00e1nky: <\/strong><a href=\"https:\/\/www.kaiser-therme.de\/wohnmobilstellplatz\">kaiser-therme.de,<\/a> <a aria-label=\"zobrazit na map\u011b (opens in a new tab)\" href=\"https:\/\/goo.gl\/maps\/nzM12iMxkhpEWm8p8\" target=\"_blank\" rel=\"noreferrer noopener\">zobrazit na map\u011b<\/a>.<\/p>\n\n\n\n<figure class=\"wp-block-image size-large\"><img loading=\"lazy\" decoding=\"async\" width=\"1920\" height=\"614\" src=\"https:\/\/all4camper.com\/\/wp-content\/uploads\/2020\/01\/6189333_kaisertherme_wohnmobilstellplatz_300dpi_rgb-1-1920x614.jpg\" alt=\"\" class=\"wp-image-84564\" srcset=\"https:\/\/all4camper.com\/wp-content\/uploads\/2020\/01\/6189333_kaisertherme_wohnmobilstellplatz_300dpi_rgb-1-1920x614.jpg 1920w, https:\/\/all4camper.com\/wp-content\/uploads\/2020\/01\/6189333_kaisertherme_wohnmobilstellplatz_300dpi_rgb-1-300x96.jpg 300w, https:\/\/all4camper.com\/wp-content\/uploads\/2020\/01\/6189333_kaisertherme_wohnmobilstellplatz_300dpi_rgb-1-150x48.jpg 150w, https:\/\/all4camper.com\/wp-content\/uploads\/2020\/01\/6189333_kaisertherme_wohnmobilstellplatz_300dpi_rgb-1-768x246.jpg 768w, https:\/\/all4camper.com\/wp-content\/uploads\/2020\/01\/6189333_kaisertherme_wohnmobilstellplatz_300dpi_rgb-1-1536x492.jpg 1536w, https:\/\/all4camper.com\/wp-content\/uploads\/2020\/01\/6189333_kaisertherme_wohnmobilstellplatz_300dpi_rgb-1-2048x655.jpg 2048w\" sizes=\"auto, (max-width: 1920px) 100vw, 1920px\" \/><\/figure>\n\n\n\n<h3 class=\"wp-block-heading\" id=\"-2-arterhof-bad-birnbach-83ffd200-6928-4e9a-a05a-5fa62971429a\"> 2. Arterhof &#8211; Bad Birnbach<\/h3>\n\n\n\n<p>Tak tohle m\u00edsto je hodn\u011b zaj\u00edmav\u00e9. Pokud se mrknete na jejich str\u00e1nky, zjist\u00edte, \u017ee se jedn\u00e1 o hotel a kemp. Jen\u017ee tento hotel <strong>m\u00e1 i sv\u016fj mal\u00fd venkovn\u00ed term\u00e1ln\u00ed baz\u00e9n o teplot\u011b 34\u00b0 C,<\/strong> d\u00e1le pak vnit\u0159n\u00ed baz\u00e9n pln\u00fd zelen\u011b o teplot\u011b 30\u00b0C a samoz\u0159ejm\u011b nechyb\u00ed ani sauna. Do ned\u00e1vn\u00e9 doby byla nutnost se ubytovat pouze v kempu. <strong>Nov\u011b v\u0161ak m\u016f\u017eete vyu\u017eit i karavanov\u00e9 st\u00e1n\u00ed za zv\u00fdhodn\u011bnou cenu (<strong>Wohnmobil-Hafen<\/strong>) oproti pobytu v kempu<\/strong>. Maxim\u00e1ln\u00ed povolen\u00e1 doba kempov\u00e1n\u00ed na tomto m\u00edst\u011b jsou 3 dny viz. cen\u00edk. <strong>Odkaz na str\u00e1nky: <\/strong><a href=\"https:\/\/www.arterhof.de\/camping\/camping-preise-2022\/\">arterhof.de<\/a>, <a aria-label=\"zobrazit na map\u011b (opens in a new tab)\" href=\"https:\/\/goo.gl\/maps\/bYjbcbncMTboRdut6\" target=\"_blank\" rel=\"noreferrer noopener\">zobrazit na map\u011b<\/a>, adresa: Hauptstra\u00dfe 3, Bad Birnbach, N\u011bmecko<\/p>\n\n\n\n<figure class=\"wp-block-image size-large\"><img loading=\"lazy\" decoding=\"async\" width=\"1000\" height=\"670\" src=\"https:\/\/all4camper.com\/\/wp-content\/uploads\/2020\/01\/hallenbad-camping.jpg\" alt=\"\" class=\"wp-image-84565\" srcset=\"https:\/\/all4camper.com\/wp-content\/uploads\/2020\/01\/hallenbad-camping.jpg 1000w, https:\/\/all4camper.com\/wp-content\/uploads\/2020\/01\/hallenbad-camping-300x201.jpg 300w, https:\/\/all4camper.com\/wp-content\/uploads\/2020\/01\/hallenbad-camping-150x101.jpg 150w, https:\/\/all4camper.com\/wp-content\/uploads\/2020\/01\/hallenbad-camping-768x515.jpg 768w\" sizes=\"auto, (max-width: 1000px) 100vw, 1000px\" \/><\/figure>\n\n\n\n<h3 class=\"wp-block-heading\" id=\"-3-stellplatz-karavanove-stani-drazdany-746614ed-bed3-4032-bf1b-6a235d35f24c\">3. Stellplatz &#8211; karavanov\u00e9 st\u00e1n\u00ed Dr\u00e1\u017e\u010fany<\/h3>\n\n\n\n<p>Tohle st\u00e1n\u00ed zcela jist\u011b pot\u011b\u0161\u00ed v\u0161echny, kdo se chystaj\u00ed nav\u0161t\u00edvit toto kr\u00e1sn\u00e9 m\u011bsto, zejm\u00e9na v l\u00e9t\u011b \u010di v r\u00e1mci adventn\u00edch trh\u016f. Hodn\u011b se mi l\u00edb\u00ed klidn\u00e1 lokalita a p\u0159esto bl\u00edzkost centra. Nehled\u011b na to, \u017ee na tomto m\u00edst\u011b m\u016f\u017eete setrvat d\u00e9le, vz\u00edt kola a u\u017e\u00edt si p\u011bkn\u00fd cyklov\u00fdlet pod\u00e9l Labe. Str\u00e1nky:  <a aria-label=\" (opens in a new tab)\" rel=\"noreferrer noopener\" href=\"https:\/\/www.schaffer-mobil.de\/caravaningpark\/ihre-vorteile.html\" target=\"_blank\">schaffer-mobil.de<\/a> , <a aria-label=\"zobrazit na map\u011b (opens in a new tab)\" rel=\"noreferrer noopener\" href=\"https:\/\/www.google.com\/maps\/place\/Wohnmobilstellplatz\/@51.0901287,13.6738971,13.17z\/data=!4m13!1m7!3m6!1s0x4709cfd1fe5217a3:0x8728cb6598abd6a8!2sK%C3%B6tzschenbroder+Str.+125,+01139+Dresden,+Deutschland!3b1!8m2!3d51.0855161!4d13.6823668!3m4!1s0x4709cfbc2a08a2a1:0xfa2e026aa3fdfa12!8m2!3d51.0849756!4d13.6808894?hl=de\" target=\"_blank\">zobrazit na map\u011b<\/a>, adresa: K\u00f6tzschenbroder Str. 125, 01139 Dresden<\/p>\n\n\n\n<figure class=\"wp-block-image size-large\"><img loading=\"lazy\" decoding=\"async\" width=\"800\" height=\"533\" src=\"https:\/\/all4camper.com\/\/wp-content\/uploads\/2021\/03\/stellplatz-Dra\u0301z\u030cd\u030cany.jpg\" alt=\"\" class=\"wp-image-90311\" srcset=\"https:\/\/all4camper.com\/wp-content\/uploads\/2021\/03\/stellplatz-Dra\u0301z\u030cd\u030cany.jpg 800w, https:\/\/all4camper.com\/wp-content\/uploads\/2021\/03\/stellplatz-Dra\u0301z\u030cd\u030cany-300x200.jpg 300w, https:\/\/all4camper.com\/wp-content\/uploads\/2021\/03\/stellplatz-Dra\u0301z\u030cd\u030cany-150x100.jpg 150w, https:\/\/all4camper.com\/wp-content\/uploads\/2021\/03\/stellplatz-Dra\u0301z\u030cd\u030cany-768x512.jpg 768w\" sizes=\"auto, (max-width: 800px) 100vw, 800px\" \/><\/figure>\n\n\n\n<h3 class=\"wp-block-heading\">4. Therme Bad Steben<\/h3>\n\n\n\n<p>Tento stellplatz se nach\u00e1z\u00ed v bezprost\u0159edn\u00ed bl\u00edzkosti l\u00e1ze\u0148sk\u00fdch zahrad a term\u00e1ln\u00edch term\u00e1ln\u00edch l\u00e1zn\u00ed a je ur\u010den pro jejich hosty. Hodn\u011b se mi l\u00edb\u00ed, \u017ee cena pobytu na 24 hodin je 9 euro a zahrnuje v sob\u011b i WiFi p\u0159ipojen\u00ed a dal\u0161\u00ed slu\u017eby (vyjma elekt\u0159iny, ta se plat\u00ed zvl\u00e1\u0161\u0165 &#8211; m\u011bjte tedy s sebou mince). Jen pozor, pokud sem pojedete v t\u00fddnu, dle jejich str\u00e1nek je pr\u00fd nutn\u00e1 rezervace p\u0159edem. Jak je to v re\u00e1lu nev\u00edm. Pokud tam tedy n\u011bkdo pojedete, budu moc r\u00e1da, kdy\u017e mi d\u00e1te v\u011bd\u011bt. Str\u00e1nky <a href=\"https:\/\/www.therme-bad-steben.de\/wohnmobilstellplatz\">herme-bad-steben.de<\/a>, <a href=\"https:\/\/g.page\/WohnmobilstellplatzBadSteben?share\" target=\"_blank\" rel=\"noreferrer noopener\">mapa<\/a><\/p>\n\n\n\n<figure class=\"wp-block-image size-large\"><img loading=\"lazy\" decoding=\"async\" width=\"800\" height=\"532\" src=\"https:\/\/all4camper.com\/\/wp-content\/uploads\/2021\/03\/bad-steben-stellplatz.jpg\" alt=\"\" class=\"wp-image-90315\" srcset=\"https:\/\/all4camper.com\/wp-content\/uploads\/2021\/03\/bad-steben-stellplatz.jpg 800w, https:\/\/all4camper.com\/wp-content\/uploads\/2021\/03\/bad-steben-stellplatz-300x200.jpg 300w, https:\/\/all4camper.com\/wp-content\/uploads\/2021\/03\/bad-steben-stellplatz-150x100.jpg 150w, https:\/\/all4camper.com\/wp-content\/uploads\/2021\/03\/bad-steben-stellplatz-768x511.jpg 768w\" sizes=\"auto, (max-width: 800px) 100vw, 800px\" \/><\/figure>\n\n\n\n<h3 class=\"wp-block-heading\">5. Sibyllenbad &#8211; Bad Neualbenreuth<\/h3>\n\n\n\n<p>Toto karavanov\u00e9 st\u00e1n\u00ed se v\u00e1m bude l\u00edbit zejm\u00e9na proto, \u017ee je opravdu coby kamenem dohodil od \u010desk\u00fdch hranic a je\u0161t\u011b k tomu nab\u00edz\u00ed kr\u00e1sn\u00e9 panoramatick\u00e9 v\u00fdhledy. Najdete jej na parkovi\u0161ti P3 v Sibyllenbad, kter\u00e9 soused\u00ed s l\u00e1ze\u0148skou zahradou a term\u00e1ln\u00edmi l\u00e1zn\u011bmi (<a href=\"https:\/\/www.sibyllenbad.de\/\" target=\"_blank\" rel=\"noreferrer noopener\">sibyllenbad.de<\/a>). Toto st\u00e1n\u00ed je tak\u00e9 ide\u00e1ln\u00ed pro n\u00e1v\u0161t\u011bvu m\u011bste\u010dka a v\u00fdlety po okol\u00ed. No a samoz\u0159ejm\u011b taky pro milovn\u00edky koup\u00e1n\u00ed se v term\u00e1ln\u00edch l\u00e1zn\u00edch. Str\u00e1nky:<a href=\"http:\/\/www.camping-sibyllenbad.de\/Camping-Sibyllenbad\/Reisemobilhafen.html\" target=\"_blank\" rel=\"noreferrer noopener\">camping-sibyllenbad.de<\/a>, <a href=\"https:\/\/goo.gl\/maps\/t6KqwVQP4Ad7LfaS6\" target=\"_blank\" rel=\"noreferrer noopener\">mapa<\/a><\/p>\n\n\n\n<figure class=\"wp-block-image size-large\"><img loading=\"lazy\" decoding=\"async\" width=\"1543\" height=\"1080\" src=\"https:\/\/all4camper.com\/\/wp-content\/uploads\/2021\/03\/Ne\u030cmecko-Sibyllenbad-1543x1080.jpg\" alt=\"\" class=\"wp-image-90324\" srcset=\"https:\/\/all4camper.com\/wp-content\/uploads\/2021\/03\/Ne\u030cmecko-Sibyllenbad-1543x1080.jpg 1543w, https:\/\/all4camper.com\/wp-content\/uploads\/2021\/03\/Ne\u030cmecko-Sibyllenbad-300x210.jpg 300w, https:\/\/all4camper.com\/wp-content\/uploads\/2021\/03\/Ne\u030cmecko-Sibyllenbad-150x105.jpg 150w, https:\/\/all4camper.com\/wp-content\/uploads\/2021\/03\/Ne\u030cmecko-Sibyllenbad-768x538.jpg 768w, https:\/\/all4camper.com\/wp-content\/uploads\/2021\/03\/Ne\u030cmecko-Sibyllenbad-1536x1075.jpg 1536w, https:\/\/all4camper.com\/wp-content\/uploads\/2021\/03\/Ne\u030cmecko-Sibyllenbad.jpg 1600w\" sizes=\"auto, (max-width: 1543px) 100vw, 1543px\" \/><\/figure>\n\n\n\n<pre class=\"wp-block-verse\">Dal\u0161\u00ed tipy na kempov\u00e1n\u00ed a v\u00fdlety v N\u011bmecku najdete v <a href=\"\/cs?cat_ID=2377\" target=\"_blank\" rel=\"noreferrer noopener\">t\u00e9to rubrice<\/a>. A nezapome\u0148te se pod\u00edvat i to rubriky <a href=\"\/cs?cat_ID=342\" target=\"_blank\" rel=\"noreferrer noopener\">term\u00e1ln\u00ed l\u00e1zn\u011b a aquaparky<\/a>.<\/pre>\n","protected":false},"excerpt":{"rendered":"<p>Aktualizace: V dne\u0161n\u00edm \u010dl\u00e1nku pro v\u00e1s m\u00e1m opravdu hezk\u00e9 tipy na karavanov\u00e1 st\u00e1n\u00ed u kter\u00fdch si mysl\u00edm, \u017ee je na cest\u00e1ch vyu\u017eijete. Pro\u010d? Proto\u017ee v\u0161echna tato karavanov\u00e1 st\u00e1n\u00ed nab\u00edzej\u00ed krom\u011b hezk\u00e9ho m\u00edsta na kempov\u00e1n\u00ed i nemal\u00e9 zaj\u00edmavosti ve sv\u00e9m nejbli\u017e\u0161\u00edm okol\u00ed, nej\u010dast\u011bji mo\u017enost koupan\u00ed se v term\u00e1ln\u00edch l\u00e1zn\u00edch. 1. Kaiser-Therme, Bad Abbach Toto karavanov\u00e9 st\u00e1n\u00ed [&hellip;]<\/p>\n","protected":false},"author":4,"featured_media":90324,"comment_status":"closed","ping_status":"open","sticky":false,"template":"","format":"standard","meta":{"_monsterinsights_skip_tracking":false,"_monsterinsights_sitenote_active":false,"_monsterinsights_sitenote_note":"","_monsterinsights_sitenote_category":0,"footnotes":""},"categories":[2377,422,11224],"tags":[437],"class_list":{"0":"post-83605","1":"post","2":"type-post","3":"status-publish","4":"format-standard","5":"has-post-thumbnail","7":"category-kempovani-a-cestovani-v-nemecku","8":"category-novinky-kempovani-a-karavaning","9":"category-stellplatzy","10":"tag-karavanova-stani"},"yoast_head":"<!-- This site is optimized with the Yoast SEO plugin v27.5 - https:\/\/yoast.com\/product\/yoast-seo-wordpress\/ -->\n<title>Superkaravanov\u00e1 st\u00e1n\u00ed u term\u00e1ln\u00edch l\u00e1zn\u00ed nedaleko na\u0161ich hranic v N\u011bmecku - All4Camper<\/title>\n<meta name=\"description\" content=\"All4Camper - Novinky - Kempov\u00e1n\u00ed a karavaning - Superkaravanov\u00e1 st\u00e1n\u00ed u term\u00e1ln\u00edch l\u00e1zn\u00ed nedaleko na\u0161ich hranic v N\u011bmecku\" \/>\n<meta name=\"robots\" content=\"index, follow, max-snippet:-1, max-image-preview:large, max-video-preview:-1\" \/>\n<link rel=\"canonical\" href=\"https:\/\/all4camper.com\/cs\/super-karavanova-stani-nedaleko-nasich-hranic-v-nemecku\/\" \/>\n<meta property=\"og:locale\" content=\"cs_CZ\" \/>\n<meta property=\"og:type\" content=\"article\" \/>\n<meta property=\"og:title\" content=\"Superkaravanov\u00e1 st\u00e1n\u00ed u term\u00e1ln\u00edch l\u00e1zn\u00ed nedaleko na\u0161ich hranic v N\u011bmecku - All4Camper\" \/>\n<meta property=\"og:description\" content=\"All4Camper - Novinky - Kempov\u00e1n\u00ed a karavaning - Superkaravanov\u00e1 st\u00e1n\u00ed u term\u00e1ln\u00edch l\u00e1zn\u00ed nedaleko na\u0161ich hranic v N\u011bmecku\" \/>\n<meta property=\"og:url\" content=\"https:\/\/all4camper.com\/cs\/super-karavanova-stani-nedaleko-nasich-hranic-v-nemecku\/\" \/>\n<meta property=\"og:site_name\" content=\"All4Camper\" \/>\n<meta property=\"article:published_time\" content=\"2022-10-27T06:55:00+00:00\" \/>\n<meta property=\"article:modified_time\" content=\"2022-10-27T07:00:38+00:00\" \/>\n<meta property=\"og:image\" content=\"https:\/\/all4camper.com\/wp-content\/uploads\/2021\/03\/Ne\u030cmecko-Sibyllenbad.jpg\" \/>\n\t<meta property=\"og:image:width\" content=\"1600\" \/>\n\t<meta property=\"og:image:height\" content=\"1120\" \/>\n\t<meta property=\"og:image:type\" content=\"image\/jpeg\" \/>\n<meta name=\"author\" content=\"Kl\u00e1ra H\u00e1jkov\u00e1\" \/>\n<meta name=\"twitter:card\" content=\"summary_large_image\" \/>\n<meta name=\"twitter:label1\" content=\"Napsal(a)\" \/>\n\t<meta name=\"twitter:data1\" content=\"Kl\u00e1ra H\u00e1jkov\u00e1\" \/>\n\t<meta name=\"twitter:label2\" content=\"Odhadovan\u00e1 doba \u010dten\u00ed\" \/>\n\t<meta name=\"twitter:data2\" content=\"4 minuty\" \/>\n<script type=\"application\/ld+json\" class=\"yoast-schema-graph\">{\"@context\":\"https:\\\/\\\/schema.org\",\"@graph\":[{\"@type\":\"Article\",\"@id\":\"https:\\\/\\\/all4camper.com\\\/cs\\\/super-karavanova-stani-nedaleko-nasich-hranic-v-nemecku\\\/#article\",\"isPartOf\":{\"@id\":\"https:\\\/\\\/all4camper.com\\\/cs\\\/super-karavanova-stani-nedaleko-nasich-hranic-v-nemecku\\\/\"},\"author\":{\"name\":\"Kl\u00e1ra H\u00e1jkov\u00e1\",\"@id\":\"https:\\\/\\\/all4camper.com\\\/cs\\\/#\\\/schema\\\/person\\\/c6f1efdf1d02bc7d8c53a891cbe18c62\"},\"headline\":\"Superkaravanov\u00e1 st\u00e1n\u00ed u term\u00e1ln\u00edch l\u00e1zn\u00ed nedaleko na\u0161ich hranic v N\u011bmecku\",\"datePublished\":\"2022-10-27T06:55:00+00:00\",\"dateModified\":\"2022-10-27T07:00:38+00:00\",\"mainEntityOfPage\":{\"@id\":\"https:\\\/\\\/all4camper.com\\\/cs\\\/super-karavanova-stani-nedaleko-nasich-hranic-v-nemecku\\\/\"},\"wordCount\":735,\"publisher\":{\"@id\":\"https:\\\/\\\/all4camper.com\\\/cs\\\/#organization\"},\"image\":{\"@id\":\"https:\\\/\\\/all4camper.com\\\/cs\\\/super-karavanova-stani-nedaleko-nasich-hranic-v-nemecku\\\/#primaryimage\"},\"thumbnailUrl\":\"https:\\\/\\\/all4camper.com\\\/wp-content\\\/uploads\\\/2021\\\/03\\\/Ne\u030cmecko-Sibyllenbad.jpg\",\"keywords\":[\"karavanov\u00e1 st\u00e1n\u00ed\"],\"articleSection\":[\"Kempov\u00e1n\u00ed a cestov\u00e1n\u00ed v N\u011bmecku\",\"Novinky - Kempov\u00e1n\u00ed a karavaning\",\"Stellplatzy\"],\"inLanguage\":\"cs\"},{\"@type\":\"WebPage\",\"@id\":\"https:\\\/\\\/all4camper.com\\\/cs\\\/super-karavanova-stani-nedaleko-nasich-hranic-v-nemecku\\\/\",\"url\":\"https:\\\/\\\/all4camper.com\\\/cs\\\/super-karavanova-stani-nedaleko-nasich-hranic-v-nemecku\\\/\",\"name\":\"Superkaravanov\u00e1 st\u00e1n\u00ed u term\u00e1ln\u00edch l\u00e1zn\u00ed nedaleko na\u0161ich hranic v N\u011bmecku - All4Camper\",\"isPartOf\":{\"@id\":\"https:\\\/\\\/all4camper.com\\\/cs\\\/#website\"},\"primaryImageOfPage\":{\"@id\":\"https:\\\/\\\/all4camper.com\\\/cs\\\/super-karavanova-stani-nedaleko-nasich-hranic-v-nemecku\\\/#primaryimage\"},\"image\":{\"@id\":\"https:\\\/\\\/all4camper.com\\\/cs\\\/super-karavanova-stani-nedaleko-nasich-hranic-v-nemecku\\\/#primaryimage\"},\"thumbnailUrl\":\"https:\\\/\\\/all4camper.com\\\/wp-content\\\/uploads\\\/2021\\\/03\\\/Ne\u030cmecko-Sibyllenbad.jpg\",\"datePublished\":\"2022-10-27T06:55:00+00:00\",\"dateModified\":\"2022-10-27T07:00:38+00:00\",\"description\":\"All4Camper - Novinky - Kempov\u00e1n\u00ed a karavaning - Superkaravanov\u00e1 st\u00e1n\u00ed u term\u00e1ln\u00edch l\u00e1zn\u00ed nedaleko na\u0161ich hranic v N\u011bmecku\",\"breadcrumb\":{\"@id\":\"https:\\\/\\\/all4camper.com\\\/cs\\\/super-karavanova-stani-nedaleko-nasich-hranic-v-nemecku\\\/#breadcrumb\"},\"inLanguage\":\"cs\",\"potentialAction\":[{\"@type\":\"ReadAction\",\"target\":[\"https:\\\/\\\/all4camper.com\\\/cs\\\/super-karavanova-stani-nedaleko-nasich-hranic-v-nemecku\\\/\"]}]},{\"@type\":\"ImageObject\",\"inLanguage\":\"cs\",\"@id\":\"https:\\\/\\\/all4camper.com\\\/cs\\\/super-karavanova-stani-nedaleko-nasich-hranic-v-nemecku\\\/#primaryimage\",\"url\":\"https:\\\/\\\/all4camper.com\\\/wp-content\\\/uploads\\\/2021\\\/03\\\/Ne\u030cmecko-Sibyllenbad.jpg\",\"contentUrl\":\"https:\\\/\\\/all4camper.com\\\/wp-content\\\/uploads\\\/2021\\\/03\\\/Ne\u030cmecko-Sibyllenbad.jpg\",\"width\":1600,\"height\":1120},{\"@type\":\"BreadcrumbList\",\"@id\":\"https:\\\/\\\/all4camper.com\\\/cs\\\/super-karavanova-stani-nedaleko-nasich-hranic-v-nemecku\\\/#breadcrumb\",\"itemListElement\":[{\"@type\":\"ListItem\",\"position\":1,\"name\":\"Dom\u016f\",\"item\":\"https:\\\/\\\/all4camper.com\\\/cs\\\/\"},{\"@type\":\"ListItem\",\"position\":2,\"name\":\"Novinky - Kempov\u00e1n\u00ed a karavaning\",\"item\":\"https:\\\/\\\/all4camper.com\\\/cs\\\/category\\\/novinky-kempovani-a-karavaning\\\/\"},{\"@type\":\"ListItem\",\"position\":3,\"name\":\"Superkaravanov\u00e1 st\u00e1n\u00ed u term\u00e1ln\u00edch l\u00e1zn\u00ed nedaleko na\u0161ich hranic v N\u011bmecku\"}]},{\"@type\":\"WebSite\",\"@id\":\"https:\\\/\\\/all4camper.com\\\/cs\\\/#website\",\"url\":\"https:\\\/\\\/all4camper.com\\\/cs\\\/\",\"name\":\"All4Camper\",\"description\":\"Nejv\u011bt\u0161\u00ed online magaz\u00edn o kempov\u00e1n\u00ed a karavaninku. V\u00edce jak 900 \u010dl\u00e1nk\u016f pln\u00fdch rad a tip\u016f o kempech a kempov\u00e1n\u00ed.\",\"publisher\":{\"@id\":\"https:\\\/\\\/all4camper.com\\\/cs\\\/#organization\"},\"potentialAction\":[{\"@type\":\"SearchAction\",\"target\":{\"@type\":\"EntryPoint\",\"urlTemplate\":\"https:\\\/\\\/all4camper.com\\\/cs\\\/?s={search_term_string}\"},\"query-input\":{\"@type\":\"PropertyValueSpecification\",\"valueRequired\":true,\"valueName\":\"search_term_string\"}}],\"inLanguage\":\"cs\"},{\"@type\":\"Organization\",\"@id\":\"https:\\\/\\\/all4camper.com\\\/cs\\\/#organization\",\"name\":\"All4Camper - kempujeme s Kl\u00e1rou\",\"url\":\"https:\\\/\\\/all4camper.com\\\/cs\\\/\",\"logo\":{\"@type\":\"ImageObject\",\"inLanguage\":\"cs\",\"@id\":\"https:\\\/\\\/all4camper.com\\\/cs\\\/#\\\/schema\\\/logo\\\/image\\\/\",\"url\":\"https:\\\/\\\/all4camper.com\\\/wp-content\\\/uploads\\\/2018\\\/09\\\/novelogo.png\",\"contentUrl\":\"https:\\\/\\\/all4camper.com\\\/wp-content\\\/uploads\\\/2018\\\/09\\\/novelogo.png\",\"width\":1520,\"height\":600,\"caption\":\"All4Camper - kempujeme s Kl\u00e1rou\"},\"image\":{\"@id\":\"https:\\\/\\\/all4camper.com\\\/cs\\\/#\\\/schema\\\/logo\\\/image\\\/\"}},{\"@type\":\"Person\",\"@id\":\"https:\\\/\\\/all4camper.com\\\/cs\\\/#\\\/schema\\\/person\\\/c6f1efdf1d02bc7d8c53a891cbe18c62\",\"name\":\"Kl\u00e1ra H\u00e1jkov\u00e1\",\"sameAs\":[\"http:\\\/\\\/www.all4camper.com\"],\"url\":\"https:\\\/\\\/all4camper.com\\\/cs\\\/author\\\/klarinkacestuje1\\\/\"}]}<\/script>\n<!-- \/ Yoast SEO plugin. -->","yoast_head_json":{"title":"Superkaravanov\u00e1 st\u00e1n\u00ed u term\u00e1ln\u00edch l\u00e1zn\u00ed nedaleko na\u0161ich hranic v N\u011bmecku - All4Camper","description":"All4Camper - Novinky - Kempov\u00e1n\u00ed a karavaning - Superkaravanov\u00e1 st\u00e1n\u00ed u term\u00e1ln\u00edch l\u00e1zn\u00ed nedaleko na\u0161ich hranic v N\u011bmecku","robots":{"index":"index","follow":"follow","max-snippet":"max-snippet:-1","max-image-preview":"max-image-preview:large","max-video-preview":"max-video-preview:-1"},"canonical":"https:\/\/all4camper.com\/cs\/super-karavanova-stani-nedaleko-nasich-hranic-v-nemecku\/","og_locale":"cs_CZ","og_type":"article","og_title":"Superkaravanov\u00e1 st\u00e1n\u00ed u term\u00e1ln\u00edch l\u00e1zn\u00ed nedaleko na\u0161ich hranic v N\u011bmecku - All4Camper","og_description":"All4Camper - Novinky - Kempov\u00e1n\u00ed a karavaning - Superkaravanov\u00e1 st\u00e1n\u00ed u term\u00e1ln\u00edch l\u00e1zn\u00ed nedaleko na\u0161ich hranic v N\u011bmecku","og_url":"https:\/\/all4camper.com\/cs\/super-karavanova-stani-nedaleko-nasich-hranic-v-nemecku\/","og_site_name":"All4Camper","article_published_time":"2022-10-27T06:55:00+00:00","article_modified_time":"2022-10-27T07:00:38+00:00","og_image":[{"width":1600,"height":1120,"url":"https:\/\/all4camper.com\/wp-content\/uploads\/2021\/03\/Ne\u030cmecko-Sibyllenbad.jpg","type":"image\/jpeg"}],"author":"Kl\u00e1ra H\u00e1jkov\u00e1","twitter_card":"summary_large_image","twitter_misc":{"Napsal(a)":"Kl\u00e1ra H\u00e1jkov\u00e1","Odhadovan\u00e1 doba \u010dten\u00ed":"4 minuty"},"schema":{"@context":"https:\/\/schema.org","@graph":[{"@type":"Article","@id":"https:\/\/all4camper.com\/cs\/super-karavanova-stani-nedaleko-nasich-hranic-v-nemecku\/#article","isPartOf":{"@id":"https:\/\/all4camper.com\/cs\/super-karavanova-stani-nedaleko-nasich-hranic-v-nemecku\/"},"author":{"name":"Kl\u00e1ra H\u00e1jkov\u00e1","@id":"https:\/\/all4camper.com\/cs\/#\/schema\/person\/c6f1efdf1d02bc7d8c53a891cbe18c62"},"headline":"Superkaravanov\u00e1 st\u00e1n\u00ed u term\u00e1ln\u00edch l\u00e1zn\u00ed nedaleko na\u0161ich hranic v N\u011bmecku","datePublished":"2022-10-27T06:55:00+00:00","dateModified":"2022-10-27T07:00:38+00:00","mainEntityOfPage":{"@id":"https:\/\/all4camper.com\/cs\/super-karavanova-stani-nedaleko-nasich-hranic-v-nemecku\/"},"wordCount":735,"publisher":{"@id":"https:\/\/all4camper.com\/cs\/#organization"},"image":{"@id":"https:\/\/all4camper.com\/cs\/super-karavanova-stani-nedaleko-nasich-hranic-v-nemecku\/#primaryimage"},"thumbnailUrl":"https:\/\/all4camper.com\/wp-content\/uploads\/2021\/03\/Ne\u030cmecko-Sibyllenbad.jpg","keywords":["karavanov\u00e1 st\u00e1n\u00ed"],"articleSection":["Kempov\u00e1n\u00ed a cestov\u00e1n\u00ed v N\u011bmecku","Novinky - Kempov\u00e1n\u00ed a karavaning","Stellplatzy"],"inLanguage":"cs"},{"@type":"WebPage","@id":"https:\/\/all4camper.com\/cs\/super-karavanova-stani-nedaleko-nasich-hranic-v-nemecku\/","url":"https:\/\/all4camper.com\/cs\/super-karavanova-stani-nedaleko-nasich-hranic-v-nemecku\/","name":"Superkaravanov\u00e1 st\u00e1n\u00ed u term\u00e1ln\u00edch l\u00e1zn\u00ed nedaleko na\u0161ich hranic v N\u011bmecku - All4Camper","isPartOf":{"@id":"https:\/\/all4camper.com\/cs\/#website"},"primaryImageOfPage":{"@id":"https:\/\/all4camper.com\/cs\/super-karavanova-stani-nedaleko-nasich-hranic-v-nemecku\/#primaryimage"},"image":{"@id":"https:\/\/all4camper.com\/cs\/super-karavanova-stani-nedaleko-nasich-hranic-v-nemecku\/#primaryimage"},"thumbnailUrl":"https:\/\/all4camper.com\/wp-content\/uploads\/2021\/03\/Ne\u030cmecko-Sibyllenbad.jpg","datePublished":"2022-10-27T06:55:00+00:00","dateModified":"2022-10-27T07:00:38+00:00","description":"All4Camper - Novinky - Kempov\u00e1n\u00ed a karavaning - Superkaravanov\u00e1 st\u00e1n\u00ed u term\u00e1ln\u00edch l\u00e1zn\u00ed nedaleko na\u0161ich hranic v N\u011bmecku","breadcrumb":{"@id":"https:\/\/all4camper.com\/cs\/super-karavanova-stani-nedaleko-nasich-hranic-v-nemecku\/#breadcrumb"},"inLanguage":"cs","potentialAction":[{"@type":"ReadAction","target":["https:\/\/all4camper.com\/cs\/super-karavanova-stani-nedaleko-nasich-hranic-v-nemecku\/"]}]},{"@type":"ImageObject","inLanguage":"cs","@id":"https:\/\/all4camper.com\/cs\/super-karavanova-stani-nedaleko-nasich-hranic-v-nemecku\/#primaryimage","url":"https:\/\/all4camper.com\/wp-content\/uploads\/2021\/03\/Ne\u030cmecko-Sibyllenbad.jpg","contentUrl":"https:\/\/all4camper.com\/wp-content\/uploads\/2021\/03\/Ne\u030cmecko-Sibyllenbad.jpg","width":1600,"height":1120},{"@type":"BreadcrumbList","@id":"https:\/\/all4camper.com\/cs\/super-karavanova-stani-nedaleko-nasich-hranic-v-nemecku\/#breadcrumb","itemListElement":[{"@type":"ListItem","position":1,"name":"Dom\u016f","item":"https:\/\/all4camper.com\/cs\/"},{"@type":"ListItem","position":2,"name":"Novinky - Kempov\u00e1n\u00ed a karavaning","item":"https:\/\/all4camper.com\/cs\/category\/novinky-kempovani-a-karavaning\/"},{"@type":"ListItem","position":3,"name":"Superkaravanov\u00e1 st\u00e1n\u00ed u term\u00e1ln\u00edch l\u00e1zn\u00ed nedaleko na\u0161ich hranic v N\u011bmecku"}]},{"@type":"WebSite","@id":"https:\/\/all4camper.com\/cs\/#website","url":"https:\/\/all4camper.com\/cs\/","name":"All4Camper","description":"Nejv\u011bt\u0161\u00ed online magaz\u00edn o kempov\u00e1n\u00ed a karavaninku. V\u00edce jak 900 \u010dl\u00e1nk\u016f pln\u00fdch rad a tip\u016f o kempech a kempov\u00e1n\u00ed.","publisher":{"@id":"https:\/\/all4camper.com\/cs\/#organization"},"potentialAction":[{"@type":"SearchAction","target":{"@type":"EntryPoint","urlTemplate":"https:\/\/all4camper.com\/cs\/?s={search_term_string}"},"query-input":{"@type":"PropertyValueSpecification","valueRequired":true,"valueName":"search_term_string"}}],"inLanguage":"cs"},{"@type":"Organization","@id":"https:\/\/all4camper.com\/cs\/#organization","name":"All4Camper - kempujeme s Kl\u00e1rou","url":"https:\/\/all4camper.com\/cs\/","logo":{"@type":"ImageObject","inLanguage":"cs","@id":"https:\/\/all4camper.com\/cs\/#\/schema\/logo\/image\/","url":"https:\/\/all4camper.com\/wp-content\/uploads\/2018\/09\/novelogo.png","contentUrl":"https:\/\/all4camper.com\/wp-content\/uploads\/2018\/09\/novelogo.png","width":1520,"height":600,"caption":"All4Camper - kempujeme s Kl\u00e1rou"},"image":{"@id":"https:\/\/all4camper.com\/cs\/#\/schema\/logo\/image\/"}},{"@type":"Person","@id":"https:\/\/all4camper.com\/cs\/#\/schema\/person\/c6f1efdf1d02bc7d8c53a891cbe18c62","name":"Kl\u00e1ra H\u00e1jkov\u00e1","sameAs":["http:\/\/www.all4camper.com"],"url":"https:\/\/all4camper.com\/cs\/author\/klarinkacestuje1\/"}]}},"_links":{"self":[{"href":"https:\/\/all4camper.com\/cs\/wp-json\/wp\/v2\/posts\/83605","targetHints":{"allow":["GET"]}}],"collection":[{"href":"https:\/\/all4camper.com\/cs\/wp-json\/wp\/v2\/posts"}],"about":[{"href":"https:\/\/all4camper.com\/cs\/wp-json\/wp\/v2\/types\/post"}],"author":[{"embeddable":true,"href":"https:\/\/all4camper.com\/cs\/wp-json\/wp\/v2\/users\/4"}],"replies":[{"embeddable":true,"href":"https:\/\/all4camper.com\/cs\/wp-json\/wp\/v2\/comments?post=83605"}],"version-history":[{"count":0,"href":"https:\/\/all4camper.com\/cs\/wp-json\/wp\/v2\/posts\/83605\/revisions"}],"wp:featuredmedia":[{"embeddable":true,"href":"https:\/\/all4camper.com\/cs\/wp-json\/wp\/v2\/media\/90324"}],"wp:attachment":[{"href":"https:\/\/all4camper.com\/cs\/wp-json\/wp\/v2\/media?parent=83605"}],"wp:term":[{"taxonomy":"category","embeddable":true,"href":"https:\/\/all4camper.com\/cs\/wp-json\/wp\/v2\/categories?post=83605"},{"taxonomy":"post_tag","embeddable":true,"href":"https:\/\/all4camper.com\/cs\/wp-json\/wp\/v2\/tags?post=83605"}],"curies":[{"name":"wp","href":"https:\/\/api.w.org\/{rel}","templated":true}]}}