{"id":83105,"date":"2019-11-28T13:06:29","date_gmt":"2019-11-28T12:06:29","guid":{"rendered":"https:\/\/all4camper.com\/\/?p=83105"},"modified":"2022-05-21T08:37:27","modified_gmt":"2022-05-21T06:37:27","slug":"na-palube-westfalia-sven-hedin-a-srovnani-alkovna-vs-vestavba","status":"publish","type":"post","link":"https:\/\/all4camper.com\/cs\/na-palube-westfalia-sven-hedin-a-srovnani-alkovna-vs-vestavba\/","title":{"rendered":"Na palub\u011b Westfalia Sven Hedin a srovn\u00e1n\u00ed alkovna vs vestavba"},"content":{"rendered":"\n<p>Jak mnoho m\u00fdch \u010dten\u00e1\u0159\u016f v\u00ed, v leto\u0161n\u00edm z\u00e1\u0159\u00ed jsem se vydala na 12 denn\u00ed putov\u00e1n\u00ed po Polsku s Westfalia Sven Hedin, a to jak d\u00edky spole\u010dnosti <a href=\"http:\/\/www.bluerent.cz\/\">Blue Rent<\/a>, tak d\u00edky v\u00fdrobci Westfalia. Celou cestu jsem pro v\u00e1s zaznamen\u00e1vala v r\u00e1mci n\u011bkolika rozhovor\u016f s mou kolegyn\u00ed Kate\u0159inou a na z\u00e1v\u011br pro v\u00e1s vytvo\u0159ila tohoto pr\u016fvodce tak, abyste si um\u011bli v\u00edce p\u0159edstavit jak to v tomto krasavci vypad\u00e1. V\u00edt\u00e1m v\u00e1s na palub\u011b!<\/p>\n\n\n\n<figure class=\"wp-block-embed-youtube wp-block-embed is-type-video is-provider-youtube wp-embed-aspect-4-3 wp-has-aspect-ratio\"><div class=\"wp-block-embed__wrapper\">\n<div class=\"youtube-embed\" data-video_id=\"Fj4MBHyViBc\"><iframe loading=\"lazy\" title=\"Na &quot;palub\u011b&quot; Westfalia Sven Hedin\" width=\"696\" height=\"522\" src=\"https:\/\/www.youtube.com\/embed\/Fj4MBHyViBc?feature=oembed&#038;enablejsapi=1&#038;enablejsapi=1\" frameborder=\"0\" allow=\"accelerometer; autoplay; clipboard-write; encrypted-media; gyroscope; picture-in-picture\" allowfullscreen><\/iframe><\/div>\n<\/div><\/figure>\n\n\n\n<h3 class=\"wp-block-heading\">Z\u00e1kladn\u00ed post\u0159ehy a srovn\u00e1n\u00ed<\/h3>\n\n\n\n<p>V r\u00e1mci leto\u0161n\u00edho veletrhu Caravaning Brno jsme s Dav\u00edm uspo\u0159\u00e1dali p\u0159edn\u00e1\u0161ku na t\u00e9ma &#8222;Z alkovny do vestavby&#8220;, kter\u00e1 u v\u00e1s vzbudila nejen z\u00e1jem, ale tak\u00e9 mnoho pozitivn\u00edch ohlas\u016f. Moc za n\u011b d\u011bkuji. A pro ty, kter\u00fdm tato p\u0159edn\u00e1\u0161ka utekla p\u0159ikl\u00e1d\u00e1m z\u00e1kladn\u00ed informace, kter\u00e9 na n\u00ed zazn\u011bly.<\/p>\n\n\n\n<figure class=\"wp-block-gallery columns-1 is-cropped wp-block-gallery-1 is-layout-flex wp-block-gallery-is-layout-flex\"><ul class=\"blocks-gallery-grid\"><li class=\"blocks-gallery-item\"><figure><img loading=\"lazy\" decoding=\"async\" width=\"1920\" height=\"1080\" src=\"https:\/\/all4camper.com\/\/wp-content\/uploads\/2019\/11\/vestavba_versus_alkovna-page-001-1920x1080.jpg\" alt=\"\" data-id=\"83106\" data-full-url=\"https:\/\/all4camper.com\/\/wp-content\/uploads\/2019\/11\/vestavba_versus_alkovna-page-001-scaled.jpg\" data-link=\"https:\/\/all4camper.com\/\/?attachment_id=83106\" class=\"wp-image-83106\" srcset=\"https:\/\/all4camper.com\/wp-content\/uploads\/2019\/11\/vestavba_versus_alkovna-page-001-1920x1080.jpg 1920w, https:\/\/all4camper.com\/wp-content\/uploads\/2019\/11\/vestavba_versus_alkovna-page-001-300x169.jpg 300w, https:\/\/all4camper.com\/wp-content\/uploads\/2019\/11\/vestavba_versus_alkovna-page-001-150x84.jpg 150w, https:\/\/all4camper.com\/wp-content\/uploads\/2019\/11\/vestavba_versus_alkovna-page-001-768x432.jpg 768w, https:\/\/all4camper.com\/wp-content\/uploads\/2019\/11\/vestavba_versus_alkovna-page-001-1536x864.jpg 1536w, https:\/\/all4camper.com\/wp-content\/uploads\/2019\/11\/vestavba_versus_alkovna-page-001-2048x1152.jpg 2048w, https:\/\/all4camper.com\/wp-content\/uploads\/2019\/11\/vestavba_versus_alkovna-page-001-678x381.jpg 678w\" sizes=\"auto, (max-width: 1920px) 100vw, 1920px\" \/><\/figure><\/li><li class=\"blocks-gallery-item\"><figure><img loading=\"lazy\" decoding=\"async\" width=\"1920\" height=\"1080\" src=\"https:\/\/all4camper.com\/\/wp-content\/uploads\/2019\/11\/vestavba_versus_alkovna-page-002-1920x1080.jpg\" alt=\"\" data-id=\"83107\" data-full-url=\"https:\/\/all4camper.com\/\/wp-content\/uploads\/2019\/11\/vestavba_versus_alkovna-page-002-scaled.jpg\" data-link=\"https:\/\/all4camper.com\/\/?attachment_id=83107\" class=\"wp-image-83107\" srcset=\"https:\/\/all4camper.com\/wp-content\/uploads\/2019\/11\/vestavba_versus_alkovna-page-002-1920x1080.jpg 1920w, https:\/\/all4camper.com\/wp-content\/uploads\/2019\/11\/vestavba_versus_alkovna-page-002-300x169.jpg 300w, https:\/\/all4camper.com\/wp-content\/uploads\/2019\/11\/vestavba_versus_alkovna-page-002-150x84.jpg 150w, https:\/\/all4camper.com\/wp-content\/uploads\/2019\/11\/vestavba_versus_alkovna-page-002-768x432.jpg 768w, https:\/\/all4camper.com\/wp-content\/uploads\/2019\/11\/vestavba_versus_alkovna-page-002-1536x864.jpg 1536w, https:\/\/all4camper.com\/wp-content\/uploads\/2019\/11\/vestavba_versus_alkovna-page-002-2048x1152.jpg 2048w, https:\/\/all4camper.com\/wp-content\/uploads\/2019\/11\/vestavba_versus_alkovna-page-002-678x381.jpg 678w\" sizes=\"auto, (max-width: 1920px) 100vw, 1920px\" \/><\/figure><\/li><li class=\"blocks-gallery-item\"><figure><img loading=\"lazy\" decoding=\"async\" width=\"1920\" height=\"1080\" src=\"https:\/\/all4camper.com\/\/wp-content\/uploads\/2019\/11\/vestavba_versus_alkovna-page-003-1920x1080.jpg\" alt=\"\" data-id=\"83108\" data-full-url=\"https:\/\/all4camper.com\/\/wp-content\/uploads\/2019\/11\/vestavba_versus_alkovna-page-003-scaled.jpg\" data-link=\"https:\/\/all4camper.com\/\/?attachment_id=83108\" class=\"wp-image-83108\" srcset=\"https:\/\/all4camper.com\/wp-content\/uploads\/2019\/11\/vestavba_versus_alkovna-page-003-1920x1080.jpg 1920w, https:\/\/all4camper.com\/wp-content\/uploads\/2019\/11\/vestavba_versus_alkovna-page-003-300x169.jpg 300w, https:\/\/all4camper.com\/wp-content\/uploads\/2019\/11\/vestavba_versus_alkovna-page-003-150x84.jpg 150w, https:\/\/all4camper.com\/wp-content\/uploads\/2019\/11\/vestavba_versus_alkovna-page-003-768x432.jpg 768w, https:\/\/all4camper.com\/wp-content\/uploads\/2019\/11\/vestavba_versus_alkovna-page-003-1536x864.jpg 1536w, https:\/\/all4camper.com\/wp-content\/uploads\/2019\/11\/vestavba_versus_alkovna-page-003-2048x1152.jpg 2048w, https:\/\/all4camper.com\/wp-content\/uploads\/2019\/11\/vestavba_versus_alkovna-page-003-678x381.jpg 678w\" sizes=\"auto, (max-width: 1920px) 100vw, 1920px\" \/><\/figure><\/li><li class=\"blocks-gallery-item\"><figure><img loading=\"lazy\" decoding=\"async\" width=\"1920\" height=\"1080\" src=\"https:\/\/all4camper.com\/\/wp-content\/uploads\/2019\/11\/vestavba_versus_alkovna-page-004-1920x1080.jpg\" alt=\"\" data-id=\"83109\" data-full-url=\"https:\/\/all4camper.com\/\/wp-content\/uploads\/2019\/11\/vestavba_versus_alkovna-page-004-scaled.jpg\" data-link=\"https:\/\/all4camper.com\/\/?attachment_id=83109\" class=\"wp-image-83109\" srcset=\"https:\/\/all4camper.com\/wp-content\/uploads\/2019\/11\/vestavba_versus_alkovna-page-004-1920x1080.jpg 1920w, https:\/\/all4camper.com\/wp-content\/uploads\/2019\/11\/vestavba_versus_alkovna-page-004-300x169.jpg 300w, https:\/\/all4camper.com\/wp-content\/uploads\/2019\/11\/vestavba_versus_alkovna-page-004-150x84.jpg 150w, https:\/\/all4camper.com\/wp-content\/uploads\/2019\/11\/vestavba_versus_alkovna-page-004-768x432.jpg 768w, https:\/\/all4camper.com\/wp-content\/uploads\/2019\/11\/vestavba_versus_alkovna-page-004-1536x864.jpg 1536w, https:\/\/all4camper.com\/wp-content\/uploads\/2019\/11\/vestavba_versus_alkovna-page-004-2048x1152.jpg 2048w, https:\/\/all4camper.com\/wp-content\/uploads\/2019\/11\/vestavba_versus_alkovna-page-004-678x381.jpg 678w\" sizes=\"auto, (max-width: 1920px) 100vw, 1920px\" \/><\/figure><\/li><li class=\"blocks-gallery-item\"><figure><img loading=\"lazy\" decoding=\"async\" width=\"1920\" height=\"1080\" src=\"https:\/\/all4camper.com\/\/wp-content\/uploads\/2019\/11\/vestavba_versus_alkovna-page-005-1920x1080.jpg\" alt=\"\" data-id=\"83110\" data-full-url=\"https:\/\/all4camper.com\/\/wp-content\/uploads\/2019\/11\/vestavba_versus_alkovna-page-005-scaled.jpg\" data-link=\"https:\/\/all4camper.com\/\/?attachment_id=83110\" class=\"wp-image-83110\" srcset=\"https:\/\/all4camper.com\/wp-content\/uploads\/2019\/11\/vestavba_versus_alkovna-page-005-1920x1080.jpg 1920w, https:\/\/all4camper.com\/wp-content\/uploads\/2019\/11\/vestavba_versus_alkovna-page-005-300x169.jpg 300w, https:\/\/all4camper.com\/wp-content\/uploads\/2019\/11\/vestavba_versus_alkovna-page-005-150x84.jpg 150w, https:\/\/all4camper.com\/wp-content\/uploads\/2019\/11\/vestavba_versus_alkovna-page-005-768x432.jpg 768w, https:\/\/all4camper.com\/wp-content\/uploads\/2019\/11\/vestavba_versus_alkovna-page-005-1536x864.jpg 1536w, https:\/\/all4camper.com\/wp-content\/uploads\/2019\/11\/vestavba_versus_alkovna-page-005-2048x1152.jpg 2048w, https:\/\/all4camper.com\/wp-content\/uploads\/2019\/11\/vestavba_versus_alkovna-page-005-678x381.jpg 678w\" sizes=\"auto, (max-width: 1920px) 100vw, 1920px\" \/><\/figure><\/li><li class=\"blocks-gallery-item\"><figure><img loading=\"lazy\" decoding=\"async\" width=\"1920\" height=\"1080\" src=\"https:\/\/all4camper.com\/\/wp-content\/uploads\/2019\/11\/vestavba_versus_alkovna-page-006-1920x1080.jpg\" alt=\"\" data-id=\"83111\" data-full-url=\"https:\/\/all4camper.com\/\/wp-content\/uploads\/2019\/11\/vestavba_versus_alkovna-page-006-scaled.jpg\" data-link=\"https:\/\/all4camper.com\/\/?attachment_id=83111\" class=\"wp-image-83111\" srcset=\"https:\/\/all4camper.com\/wp-content\/uploads\/2019\/11\/vestavba_versus_alkovna-page-006-1920x1080.jpg 1920w, https:\/\/all4camper.com\/wp-content\/uploads\/2019\/11\/vestavba_versus_alkovna-page-006-300x169.jpg 300w, https:\/\/all4camper.com\/wp-content\/uploads\/2019\/11\/vestavba_versus_alkovna-page-006-150x84.jpg 150w, https:\/\/all4camper.com\/wp-content\/uploads\/2019\/11\/vestavba_versus_alkovna-page-006-768x432.jpg 768w, https:\/\/all4camper.com\/wp-content\/uploads\/2019\/11\/vestavba_versus_alkovna-page-006-1536x864.jpg 1536w, https:\/\/all4camper.com\/wp-content\/uploads\/2019\/11\/vestavba_versus_alkovna-page-006-2048x1152.jpg 2048w, https:\/\/all4camper.com\/wp-content\/uploads\/2019\/11\/vestavba_versus_alkovna-page-006-678x381.jpg 678w\" sizes=\"auto, (max-width: 1920px) 100vw, 1920px\" \/><\/figure><\/li><li class=\"blocks-gallery-item\"><figure><img loading=\"lazy\" decoding=\"async\" width=\"1920\" height=\"1080\" src=\"https:\/\/all4camper.com\/\/wp-content\/uploads\/2019\/11\/vestavba_versus_alkovna-page-007-1920x1080.jpg\" alt=\"\" data-id=\"83112\" data-full-url=\"https:\/\/all4camper.com\/\/wp-content\/uploads\/2019\/11\/vestavba_versus_alkovna-page-007-scaled.jpg\" data-link=\"https:\/\/all4camper.com\/\/?attachment_id=83112\" class=\"wp-image-83112\" srcset=\"https:\/\/all4camper.com\/wp-content\/uploads\/2019\/11\/vestavba_versus_alkovna-page-007-1920x1080.jpg 1920w, https:\/\/all4camper.com\/wp-content\/uploads\/2019\/11\/vestavba_versus_alkovna-page-007-300x169.jpg 300w, https:\/\/all4camper.com\/wp-content\/uploads\/2019\/11\/vestavba_versus_alkovna-page-007-150x84.jpg 150w, https:\/\/all4camper.com\/wp-content\/uploads\/2019\/11\/vestavba_versus_alkovna-page-007-768x432.jpg 768w, https:\/\/all4camper.com\/wp-content\/uploads\/2019\/11\/vestavba_versus_alkovna-page-007-1536x864.jpg 1536w, https:\/\/all4camper.com\/wp-content\/uploads\/2019\/11\/vestavba_versus_alkovna-page-007-2048x1152.jpg 2048w, https:\/\/all4camper.com\/wp-content\/uploads\/2019\/11\/vestavba_versus_alkovna-page-007-678x381.jpg 678w\" sizes=\"auto, (max-width: 1920px) 100vw, 1920px\" \/><\/figure><\/li><li class=\"blocks-gallery-item\"><figure><img loading=\"lazy\" decoding=\"async\" width=\"1920\" height=\"1080\" src=\"https:\/\/all4camper.com\/\/wp-content\/uploads\/2019\/11\/vestavba_versus_alkovna-page-008-1920x1080.jpg\" alt=\"\" data-id=\"83113\" data-full-url=\"https:\/\/all4camper.com\/\/wp-content\/uploads\/2019\/11\/vestavba_versus_alkovna-page-008-scaled.jpg\" data-link=\"https:\/\/all4camper.com\/\/?attachment_id=83113\" class=\"wp-image-83113\" srcset=\"https:\/\/all4camper.com\/wp-content\/uploads\/2019\/11\/vestavba_versus_alkovna-page-008-1920x1080.jpg 1920w, https:\/\/all4camper.com\/wp-content\/uploads\/2019\/11\/vestavba_versus_alkovna-page-008-300x169.jpg 300w, https:\/\/all4camper.com\/wp-content\/uploads\/2019\/11\/vestavba_versus_alkovna-page-008-150x84.jpg 150w, https:\/\/all4camper.com\/wp-content\/uploads\/2019\/11\/vestavba_versus_alkovna-page-008-768x432.jpg 768w, https:\/\/all4camper.com\/wp-content\/uploads\/2019\/11\/vestavba_versus_alkovna-page-008-1536x864.jpg 1536w, https:\/\/all4camper.com\/wp-content\/uploads\/2019\/11\/vestavba_versus_alkovna-page-008-2048x1152.jpg 2048w, https:\/\/all4camper.com\/wp-content\/uploads\/2019\/11\/vestavba_versus_alkovna-page-008-678x381.jpg 678w\" sizes=\"auto, (max-width: 1920px) 100vw, 1920px\" \/><\/figure><\/li><li class=\"blocks-gallery-item\"><figure><img loading=\"lazy\" decoding=\"async\" width=\"1920\" height=\"1080\" src=\"https:\/\/all4camper.com\/\/wp-content\/uploads\/2019\/11\/vestavba_versus_alkovna-page-009-1920x1080.jpg\" alt=\"\" data-id=\"83114\" data-full-url=\"https:\/\/all4camper.com\/\/wp-content\/uploads\/2019\/11\/vestavba_versus_alkovna-page-009-scaled.jpg\" data-link=\"https:\/\/all4camper.com\/\/?attachment_id=83114\" class=\"wp-image-83114\" srcset=\"https:\/\/all4camper.com\/wp-content\/uploads\/2019\/11\/vestavba_versus_alkovna-page-009-1920x1080.jpg 1920w, https:\/\/all4camper.com\/wp-content\/uploads\/2019\/11\/vestavba_versus_alkovna-page-009-300x169.jpg 300w, https:\/\/all4camper.com\/wp-content\/uploads\/2019\/11\/vestavba_versus_alkovna-page-009-150x84.jpg 150w, https:\/\/all4camper.com\/wp-content\/uploads\/2019\/11\/vestavba_versus_alkovna-page-009-768x432.jpg 768w, https:\/\/all4camper.com\/wp-content\/uploads\/2019\/11\/vestavba_versus_alkovna-page-009-1536x864.jpg 1536w, https:\/\/all4camper.com\/wp-content\/uploads\/2019\/11\/vestavba_versus_alkovna-page-009-2048x1152.jpg 2048w, https:\/\/all4camper.com\/wp-content\/uploads\/2019\/11\/vestavba_versus_alkovna-page-009-678x381.jpg 678w\" sizes=\"auto, (max-width: 1920px) 100vw, 1920px\" \/><\/figure><\/li><li class=\"blocks-gallery-item\"><figure><img loading=\"lazy\" decoding=\"async\" width=\"1920\" height=\"1080\" src=\"https:\/\/all4camper.com\/\/wp-content\/uploads\/2019\/11\/vestavba_versus_alkovna-page-010-1920x1080.jpg\" alt=\"\" data-id=\"83115\" data-full-url=\"https:\/\/all4camper.com\/\/wp-content\/uploads\/2019\/11\/vestavba_versus_alkovna-page-010-scaled.jpg\" data-link=\"https:\/\/all4camper.com\/\/?attachment_id=83115\" class=\"wp-image-83115\" srcset=\"https:\/\/all4camper.com\/wp-content\/uploads\/2019\/11\/vestavba_versus_alkovna-page-010-1920x1080.jpg 1920w, https:\/\/all4camper.com\/wp-content\/uploads\/2019\/11\/vestavba_versus_alkovna-page-010-300x169.jpg 300w, https:\/\/all4camper.com\/wp-content\/uploads\/2019\/11\/vestavba_versus_alkovna-page-010-150x84.jpg 150w, https:\/\/all4camper.com\/wp-content\/uploads\/2019\/11\/vestavba_versus_alkovna-page-010-768x432.jpg 768w, https:\/\/all4camper.com\/wp-content\/uploads\/2019\/11\/vestavba_versus_alkovna-page-010-1536x864.jpg 1536w, https:\/\/all4camper.com\/wp-content\/uploads\/2019\/11\/vestavba_versus_alkovna-page-010-2048x1152.jpg 2048w, https:\/\/all4camper.com\/wp-content\/uploads\/2019\/11\/vestavba_versus_alkovna-page-010-678x381.jpg 678w\" sizes=\"auto, (max-width: 1920px) 100vw, 1920px\" \/><\/figure><\/li><li class=\"blocks-gallery-item\"><figure><img loading=\"lazy\" decoding=\"async\" width=\"1920\" height=\"1080\" src=\"https:\/\/all4camper.com\/\/wp-content\/uploads\/2019\/11\/vestavba_versus_alkovna-page-011-1920x1080.jpg\" alt=\"\" data-id=\"83116\" data-full-url=\"https:\/\/all4camper.com\/\/wp-content\/uploads\/2019\/11\/vestavba_versus_alkovna-page-011-scaled.jpg\" data-link=\"https:\/\/all4camper.com\/\/?attachment_id=83116\" class=\"wp-image-83116\" srcset=\"https:\/\/all4camper.com\/wp-content\/uploads\/2019\/11\/vestavba_versus_alkovna-page-011-1920x1080.jpg 1920w, https:\/\/all4camper.com\/wp-content\/uploads\/2019\/11\/vestavba_versus_alkovna-page-011-300x169.jpg 300w, https:\/\/all4camper.com\/wp-content\/uploads\/2019\/11\/vestavba_versus_alkovna-page-011-150x84.jpg 150w, https:\/\/all4camper.com\/wp-content\/uploads\/2019\/11\/vestavba_versus_alkovna-page-011-768x432.jpg 768w, https:\/\/all4camper.com\/wp-content\/uploads\/2019\/11\/vestavba_versus_alkovna-page-011-1536x864.jpg 1536w, https:\/\/all4camper.com\/wp-content\/uploads\/2019\/11\/vestavba_versus_alkovna-page-011-2048x1152.jpg 2048w, https:\/\/all4camper.com\/wp-content\/uploads\/2019\/11\/vestavba_versus_alkovna-page-011-678x381.jpg 678w\" sizes=\"auto, (max-width: 1920px) 100vw, 1920px\" \/><\/figure><\/li><li class=\"blocks-gallery-item\"><figure><img loading=\"lazy\" decoding=\"async\" width=\"1920\" height=\"1080\" src=\"https:\/\/all4camper.com\/\/wp-content\/uploads\/2019\/11\/vestavba_versus_alkovna-page-012-1920x1080.jpg\" alt=\"\" data-id=\"83117\" data-full-url=\"https:\/\/all4camper.com\/\/wp-content\/uploads\/2019\/11\/vestavba_versus_alkovna-page-012-scaled.jpg\" data-link=\"https:\/\/all4camper.com\/\/?attachment_id=83117\" class=\"wp-image-83117\" srcset=\"https:\/\/all4camper.com\/wp-content\/uploads\/2019\/11\/vestavba_versus_alkovna-page-012-1920x1080.jpg 1920w, https:\/\/all4camper.com\/wp-content\/uploads\/2019\/11\/vestavba_versus_alkovna-page-012-300x169.jpg 300w, https:\/\/all4camper.com\/wp-content\/uploads\/2019\/11\/vestavba_versus_alkovna-page-012-150x84.jpg 150w, https:\/\/all4camper.com\/wp-content\/uploads\/2019\/11\/vestavba_versus_alkovna-page-012-768x432.jpg 768w, https:\/\/all4camper.com\/wp-content\/uploads\/2019\/11\/vestavba_versus_alkovna-page-012-1536x864.jpg 1536w, https:\/\/all4camper.com\/wp-content\/uploads\/2019\/11\/vestavba_versus_alkovna-page-012-2048x1152.jpg 2048w, https:\/\/all4camper.com\/wp-content\/uploads\/2019\/11\/vestavba_versus_alkovna-page-012-678x381.jpg 678w\" sizes=\"auto, (max-width: 1920px) 100vw, 1920px\" \/><\/figure><\/li><li class=\"blocks-gallery-item\"><figure><img loading=\"lazy\" decoding=\"async\" width=\"1920\" height=\"1080\" src=\"https:\/\/all4camper.com\/\/wp-content\/uploads\/2019\/11\/vestavba_versus_alkovna-page-013-1920x1080.jpg\" alt=\"\" data-id=\"83121\" data-full-url=\"https:\/\/all4camper.com\/\/wp-content\/uploads\/2019\/11\/vestavba_versus_alkovna-page-013-scaled.jpg\" data-link=\"https:\/\/all4camper.com\/\/?attachment_id=83121\" class=\"wp-image-83121\" srcset=\"https:\/\/all4camper.com\/wp-content\/uploads\/2019\/11\/vestavba_versus_alkovna-page-013-1920x1080.jpg 1920w, https:\/\/all4camper.com\/wp-content\/uploads\/2019\/11\/vestavba_versus_alkovna-page-013-300x169.jpg 300w, https:\/\/all4camper.com\/wp-content\/uploads\/2019\/11\/vestavba_versus_alkovna-page-013-150x84.jpg 150w, https:\/\/all4camper.com\/wp-content\/uploads\/2019\/11\/vestavba_versus_alkovna-page-013-768x432.jpg 768w, https:\/\/all4camper.com\/wp-content\/uploads\/2019\/11\/vestavba_versus_alkovna-page-013-1536x864.jpg 1536w, https:\/\/all4camper.com\/wp-content\/uploads\/2019\/11\/vestavba_versus_alkovna-page-013-2048x1152.jpg 2048w, https:\/\/all4camper.com\/wp-content\/uploads\/2019\/11\/vestavba_versus_alkovna-page-013-678x381.jpg 678w\" sizes=\"auto, (max-width: 1920px) 100vw, 1920px\" \/><\/figure><\/li><li class=\"blocks-gallery-item\"><figure><img loading=\"lazy\" decoding=\"async\" width=\"1920\" height=\"1080\" src=\"https:\/\/all4camper.com\/\/wp-content\/uploads\/2019\/11\/vestavba_versus_alkovna-page-020-1920x1080.jpg\" alt=\"\" data-id=\"83122\" data-full-url=\"https:\/\/all4camper.com\/\/wp-content\/uploads\/2019\/11\/vestavba_versus_alkovna-page-020-scaled.jpg\" data-link=\"https:\/\/all4camper.com\/\/?attachment_id=83122\" class=\"wp-image-83122\" srcset=\"https:\/\/all4camper.com\/wp-content\/uploads\/2019\/11\/vestavba_versus_alkovna-page-020-1920x1080.jpg 1920w, https:\/\/all4camper.com\/wp-content\/uploads\/2019\/11\/vestavba_versus_alkovna-page-020-300x169.jpg 300w, https:\/\/all4camper.com\/wp-content\/uploads\/2019\/11\/vestavba_versus_alkovna-page-020-150x84.jpg 150w, https:\/\/all4camper.com\/wp-content\/uploads\/2019\/11\/vestavba_versus_alkovna-page-020-768x432.jpg 768w, https:\/\/all4camper.com\/wp-content\/uploads\/2019\/11\/vestavba_versus_alkovna-page-020-1536x864.jpg 1536w, https:\/\/all4camper.com\/wp-content\/uploads\/2019\/11\/vestavba_versus_alkovna-page-020-2048x1152.jpg 2048w, https:\/\/all4camper.com\/wp-content\/uploads\/2019\/11\/vestavba_versus_alkovna-page-020-678x381.jpg 678w\" sizes=\"auto, (max-width: 1920px) 100vw, 1920px\" \/><\/figure><\/li><li class=\"blocks-gallery-item\"><figure><img loading=\"lazy\" decoding=\"async\" width=\"1920\" height=\"1080\" src=\"https:\/\/all4camper.com\/\/wp-content\/uploads\/2019\/11\/vestavba_versus_alkovna-page-022-1920x1080.jpg\" alt=\"\" data-id=\"83123\" data-full-url=\"https:\/\/all4camper.com\/\/wp-content\/uploads\/2019\/11\/vestavba_versus_alkovna-page-022-scaled.jpg\" data-link=\"https:\/\/all4camper.com\/\/?attachment_id=83123\" class=\"wp-image-83123\" srcset=\"https:\/\/all4camper.com\/wp-content\/uploads\/2019\/11\/vestavba_versus_alkovna-page-022-1920x1080.jpg 1920w, https:\/\/all4camper.com\/wp-content\/uploads\/2019\/11\/vestavba_versus_alkovna-page-022-300x169.jpg 300w, https:\/\/all4camper.com\/wp-content\/uploads\/2019\/11\/vestavba_versus_alkovna-page-022-150x84.jpg 150w, https:\/\/all4camper.com\/wp-content\/uploads\/2019\/11\/vestavba_versus_alkovna-page-022-768x432.jpg 768w, https:\/\/all4camper.com\/wp-content\/uploads\/2019\/11\/vestavba_versus_alkovna-page-022-1536x864.jpg 1536w, https:\/\/all4camper.com\/wp-content\/uploads\/2019\/11\/vestavba_versus_alkovna-page-022-2048x1152.jpg 2048w, https:\/\/all4camper.com\/wp-content\/uploads\/2019\/11\/vestavba_versus_alkovna-page-022-678x381.jpg 678w\" sizes=\"auto, (max-width: 1920px) 100vw, 1920px\" \/><\/figure><\/li><li class=\"blocks-gallery-item\"><figure><img loading=\"lazy\" decoding=\"async\" width=\"1920\" height=\"1080\" src=\"https:\/\/all4camper.com\/\/wp-content\/uploads\/2019\/11\/vestavba_versus_alkovna-page-023-1920x1080.jpg\" alt=\"\" data-id=\"83124\" data-full-url=\"https:\/\/all4camper.com\/\/wp-content\/uploads\/2019\/11\/vestavba_versus_alkovna-page-023-scaled.jpg\" data-link=\"https:\/\/all4camper.com\/\/?attachment_id=83124\" class=\"wp-image-83124\" srcset=\"https:\/\/all4camper.com\/wp-content\/uploads\/2019\/11\/vestavba_versus_alkovna-page-023-1920x1080.jpg 1920w, https:\/\/all4camper.com\/wp-content\/uploads\/2019\/11\/vestavba_versus_alkovna-page-023-300x169.jpg 300w, https:\/\/all4camper.com\/wp-content\/uploads\/2019\/11\/vestavba_versus_alkovna-page-023-150x84.jpg 150w, https:\/\/all4camper.com\/wp-content\/uploads\/2019\/11\/vestavba_versus_alkovna-page-023-768x432.jpg 768w, https:\/\/all4camper.com\/wp-content\/uploads\/2019\/11\/vestavba_versus_alkovna-page-023-1536x864.jpg 1536w, https:\/\/all4camper.com\/wp-content\/uploads\/2019\/11\/vestavba_versus_alkovna-page-023-2048x1152.jpg 2048w, https:\/\/all4camper.com\/wp-content\/uploads\/2019\/11\/vestavba_versus_alkovna-page-023-678x381.jpg 678w\" sizes=\"auto, (max-width: 1920px) 100vw, 1920px\" \/><\/figure><\/li><\/ul><\/figure>\n\n\n\n<p><strong> Zmi\u0148ovan\u00e9 rozhovory z cesty si m\u016f\u017eete p\u0159e\u010d\u00edst na: <\/strong><\/p>\n\n\n\n<p><a href=\"\/?p=81458\">Rozhovor s Kl\u00e1rou odchycenou p\u0159\u00edmo na cest\u00e1ch s Westfali\u00ed po Polsku. Zcela aktu\u00e1ln\u00ed dojmy, kter\u00e9 stoj\u00ed za to si p\u0159e\u010d\u00edst!<\/a> <\/p>\n\n\n\n<p><a href=\"\/?p=81483\">Druh\u00e1 \u010d\u00e1st rozhovoru s Kl\u00e1rou odchycenou p\u0159\u00edmo na cest\u00e1ch s Westfali\u00ed po Polsku. Tentokr\u00e1t zcela aktu\u00e1ln\u00ed dojmy zejm\u00e9na z Polska samotn\u00e9ho!<\/a><\/p>\n\n\n\n<p><a href=\"\/?p=82400\">Mu\u017esk\u00fd pohled na cestov\u00e1n\u00ed s Westf\u00e1li\u00ed nejen po Polsku a polsk\u00e1 epidemie slabosti pro \u010cechy<\/a><\/p>\n","protected":false},"excerpt":{"rendered":"<p>Jak mnoho m\u00fdch \u010dten\u00e1\u0159\u016f v\u00ed, v leto\u0161n\u00edm z\u00e1\u0159\u00ed jsem se vydala na 12 denn\u00ed putov\u00e1n\u00ed po Polsku s Westfalia Sven Hedin, a to jak d\u00edky spole\u010dnosti Blue Rent, tak d\u00edky v\u00fdrobci Westfalia. Celou cestu jsem pro v\u00e1s zaznamen\u00e1vala v r\u00e1mci n\u011bkolika rozhovor\u016f s mou kolegyn\u00ed Kate\u0159inou a na z\u00e1v\u011br pro v\u00e1s vytvo\u0159ila tohoto pr\u016fvodce tak, [&hellip;]<\/p>\n","protected":false},"author":4,"featured_media":83245,"comment_status":"closed","ping_status":"open","sticky":false,"template":"","format":"standard","meta":{"_monsterinsights_skip_tracking":false,"_monsterinsights_sitenote_active":false,"_monsterinsights_sitenote_note":"","_monsterinsights_sitenote_category":0,"footnotes":""},"categories":[11194],"tags":[],"class_list":{"0":"post-83105","1":"post","2":"type-post","3":"status-publish","4":"format-standard","5":"has-post-thumbnail","7":"category-karavaning"},"yoast_head":"<!-- This site is optimized with the Yoast SEO plugin v27.5 - https:\/\/yoast.com\/product\/yoast-seo-wordpress\/ -->\n<title>Na palub\u011b Westfalia Sven Hedin a srovn\u00e1n\u00ed alkovna vs vestavba - All4Camper<\/title>\n<meta name=\"description\" content=\"All4Camper - Na palub\u011b Westfalia Sven Hedin a srovn\u00e1n\u00ed alkovna vs vestavba\" \/>\n<meta name=\"robots\" content=\"index, follow, max-snippet:-1, max-image-preview:large, max-video-preview:-1\" \/>\n<link rel=\"canonical\" href=\"https:\/\/all4camper.com\/cs\/na-palube-westfalia-sven-hedin-a-srovnani-alkovna-vs-vestavba\/\" \/>\n<meta property=\"og:locale\" content=\"cs_CZ\" \/>\n<meta property=\"og:type\" content=\"article\" \/>\n<meta property=\"og:title\" content=\"Na palub\u011b Westfalia Sven Hedin a srovn\u00e1n\u00ed alkovna vs vestavba - All4Camper\" \/>\n<meta property=\"og:description\" content=\"All4Camper - Na palub\u011b Westfalia Sven Hedin a srovn\u00e1n\u00ed alkovna vs vestavba\" \/>\n<meta property=\"og:url\" content=\"https:\/\/all4camper.com\/cs\/na-palube-westfalia-sven-hedin-a-srovnani-alkovna-vs-vestavba\/\" \/>\n<meta property=\"og:site_name\" content=\"All4Camper\" \/>\n<meta property=\"article:published_time\" content=\"2019-11-28T12:06:29+00:00\" \/>\n<meta property=\"article:modified_time\" content=\"2022-05-21T06:37:27+00:00\" \/>\n<meta property=\"og:image\" content=\"https:\/\/all4camper.com\/\/wp-content\/uploads\/2019\/11\/westfalia-recenze_fb.png\" \/>\n<meta name=\"author\" content=\"Kl\u00e1ra H\u00e1jkov\u00e1\" \/>\n<meta name=\"twitter:card\" content=\"summary_large_image\" \/>\n<meta name=\"twitter:label1\" content=\"Napsal(a)\" \/>\n\t<meta name=\"twitter:data1\" content=\"Kl\u00e1ra H\u00e1jkov\u00e1\" \/>\n\t<meta name=\"twitter:label2\" content=\"Odhadovan\u00e1 doba \u010dten\u00ed\" \/>\n\t<meta name=\"twitter:data2\" content=\"1 minuta\" \/>\n<script type=\"application\/ld+json\" class=\"yoast-schema-graph\">{\"@context\":\"https:\\\/\\\/schema.org\",\"@graph\":[{\"@type\":\"Article\",\"@id\":\"https:\\\/\\\/all4camper.com\\\/cs\\\/na-palube-westfalia-sven-hedin-a-srovnani-alkovna-vs-vestavba\\\/#article\",\"isPartOf\":{\"@id\":\"https:\\\/\\\/all4camper.com\\\/cs\\\/na-palube-westfalia-sven-hedin-a-srovnani-alkovna-vs-vestavba\\\/\"},\"author\":{\"name\":\"Kl\u00e1ra H\u00e1jkov\u00e1\",\"@id\":\"https:\\\/\\\/all4camper.com\\\/cs\\\/#\\\/schema\\\/person\\\/c6f1efdf1d02bc7d8c53a891cbe18c62\"},\"headline\":\"Na palub\u011b Westfalia Sven Hedin a srovn\u00e1n\u00ed alkovna vs vestavba\",\"datePublished\":\"2019-11-28T12:06:29+00:00\",\"dateModified\":\"2022-05-21T06:37:27+00:00\",\"mainEntityOfPage\":{\"@id\":\"https:\\\/\\\/all4camper.com\\\/cs\\\/na-palube-westfalia-sven-hedin-a-srovnani-alkovna-vs-vestavba\\\/\"},\"wordCount\":269,\"publisher\":{\"@id\":\"https:\\\/\\\/all4camper.com\\\/cs\\\/#organization\"},\"image\":{\"@id\":\"https:\\\/\\\/all4camper.com\\\/cs\\\/na-palube-westfalia-sven-hedin-a-srovnani-alkovna-vs-vestavba\\\/#primaryimage\"},\"thumbnailUrl\":\"https:\\\/\\\/all4camper.com\\\/wp-content\\\/uploads\\\/2019\\\/11\\\/test5.png\",\"articleSection\":[\"Karavanink\"],\"inLanguage\":\"cs\"},{\"@type\":\"WebPage\",\"@id\":\"https:\\\/\\\/all4camper.com\\\/cs\\\/na-palube-westfalia-sven-hedin-a-srovnani-alkovna-vs-vestavba\\\/\",\"url\":\"https:\\\/\\\/all4camper.com\\\/cs\\\/na-palube-westfalia-sven-hedin-a-srovnani-alkovna-vs-vestavba\\\/\",\"name\":\"Na palub\u011b Westfalia Sven Hedin a srovn\u00e1n\u00ed alkovna vs vestavba - All4Camper\",\"isPartOf\":{\"@id\":\"https:\\\/\\\/all4camper.com\\\/cs\\\/#website\"},\"primaryImageOfPage\":{\"@id\":\"https:\\\/\\\/all4camper.com\\\/cs\\\/na-palube-westfalia-sven-hedin-a-srovnani-alkovna-vs-vestavba\\\/#primaryimage\"},\"image\":{\"@id\":\"https:\\\/\\\/all4camper.com\\\/cs\\\/na-palube-westfalia-sven-hedin-a-srovnani-alkovna-vs-vestavba\\\/#primaryimage\"},\"thumbnailUrl\":\"https:\\\/\\\/all4camper.com\\\/wp-content\\\/uploads\\\/2019\\\/11\\\/test5.png\",\"datePublished\":\"2019-11-28T12:06:29+00:00\",\"dateModified\":\"2022-05-21T06:37:27+00:00\",\"description\":\"All4Camper - Na palub\u011b Westfalia Sven Hedin a srovn\u00e1n\u00ed alkovna vs vestavba\",\"breadcrumb\":{\"@id\":\"https:\\\/\\\/all4camper.com\\\/cs\\\/na-palube-westfalia-sven-hedin-a-srovnani-alkovna-vs-vestavba\\\/#breadcrumb\"},\"inLanguage\":\"cs\",\"potentialAction\":[{\"@type\":\"ReadAction\",\"target\":[\"https:\\\/\\\/all4camper.com\\\/cs\\\/na-palube-westfalia-sven-hedin-a-srovnani-alkovna-vs-vestavba\\\/\"]}]},{\"@type\":\"ImageObject\",\"inLanguage\":\"cs\",\"@id\":\"https:\\\/\\\/all4camper.com\\\/cs\\\/na-palube-westfalia-sven-hedin-a-srovnani-alkovna-vs-vestavba\\\/#primaryimage\",\"url\":\"https:\\\/\\\/all4camper.com\\\/wp-content\\\/uploads\\\/2019\\\/11\\\/test5.png\",\"contentUrl\":\"https:\\\/\\\/all4camper.com\\\/wp-content\\\/uploads\\\/2019\\\/11\\\/test5.png\",\"width\":1200,\"height\":704},{\"@type\":\"BreadcrumbList\",\"@id\":\"https:\\\/\\\/all4camper.com\\\/cs\\\/na-palube-westfalia-sven-hedin-a-srovnani-alkovna-vs-vestavba\\\/#breadcrumb\",\"itemListElement\":[{\"@type\":\"ListItem\",\"position\":1,\"name\":\"Dom\u016f\",\"item\":\"https:\\\/\\\/all4camper.com\\\/cs\\\/\"},{\"@type\":\"ListItem\",\"position\":2,\"name\":\"Karavanink\",\"item\":\"https:\\\/\\\/all4camper.com\\\/cs\\\/category\\\/karavaning\\\/\"},{\"@type\":\"ListItem\",\"position\":3,\"name\":\"Na palub\u011b Westfalia Sven Hedin a srovn\u00e1n\u00ed alkovna vs vestavba\"}]},{\"@type\":\"WebSite\",\"@id\":\"https:\\\/\\\/all4camper.com\\\/cs\\\/#website\",\"url\":\"https:\\\/\\\/all4camper.com\\\/cs\\\/\",\"name\":\"All4Camper\",\"description\":\"Nejv\u011bt\u0161\u00ed online magaz\u00edn o kempov\u00e1n\u00ed a karavaninku. V\u00edce jak 900 \u010dl\u00e1nk\u016f pln\u00fdch rad a tip\u016f o kempech a kempov\u00e1n\u00ed.\",\"publisher\":{\"@id\":\"https:\\\/\\\/all4camper.com\\\/cs\\\/#organization\"},\"potentialAction\":[{\"@type\":\"SearchAction\",\"target\":{\"@type\":\"EntryPoint\",\"urlTemplate\":\"https:\\\/\\\/all4camper.com\\\/cs\\\/?s={search_term_string}\"},\"query-input\":{\"@type\":\"PropertyValueSpecification\",\"valueRequired\":true,\"valueName\":\"search_term_string\"}}],\"inLanguage\":\"cs\"},{\"@type\":\"Organization\",\"@id\":\"https:\\\/\\\/all4camper.com\\\/cs\\\/#organization\",\"name\":\"All4Camper - kempujeme s Kl\u00e1rou\",\"url\":\"https:\\\/\\\/all4camper.com\\\/cs\\\/\",\"logo\":{\"@type\":\"ImageObject\",\"inLanguage\":\"cs\",\"@id\":\"https:\\\/\\\/all4camper.com\\\/cs\\\/#\\\/schema\\\/logo\\\/image\\\/\",\"url\":\"https:\\\/\\\/all4camper.com\\\/wp-content\\\/uploads\\\/2018\\\/09\\\/novelogo.png\",\"contentUrl\":\"https:\\\/\\\/all4camper.com\\\/wp-content\\\/uploads\\\/2018\\\/09\\\/novelogo.png\",\"width\":1520,\"height\":600,\"caption\":\"All4Camper - kempujeme s Kl\u00e1rou\"},\"image\":{\"@id\":\"https:\\\/\\\/all4camper.com\\\/cs\\\/#\\\/schema\\\/logo\\\/image\\\/\"}},{\"@type\":\"Person\",\"@id\":\"https:\\\/\\\/all4camper.com\\\/cs\\\/#\\\/schema\\\/person\\\/c6f1efdf1d02bc7d8c53a891cbe18c62\",\"name\":\"Kl\u00e1ra H\u00e1jkov\u00e1\",\"sameAs\":[\"http:\\\/\\\/www.all4camper.com\"],\"url\":\"https:\\\/\\\/all4camper.com\\\/cs\\\/author\\\/klarinkacestuje1\\\/\"}]}<\/script>\n<!-- \/ Yoast SEO plugin. -->","yoast_head_json":{"title":"Na palub\u011b Westfalia Sven Hedin a srovn\u00e1n\u00ed alkovna vs vestavba - All4Camper","description":"All4Camper - Na palub\u011b Westfalia Sven Hedin a srovn\u00e1n\u00ed alkovna vs vestavba","robots":{"index":"index","follow":"follow","max-snippet":"max-snippet:-1","max-image-preview":"max-image-preview:large","max-video-preview":"max-video-preview:-1"},"canonical":"https:\/\/all4camper.com\/cs\/na-palube-westfalia-sven-hedin-a-srovnani-alkovna-vs-vestavba\/","og_locale":"cs_CZ","og_type":"article","og_title":"Na palub\u011b Westfalia Sven Hedin a srovn\u00e1n\u00ed alkovna vs vestavba - All4Camper","og_description":"All4Camper - Na palub\u011b Westfalia Sven Hedin a srovn\u00e1n\u00ed alkovna vs vestavba","og_url":"https:\/\/all4camper.com\/cs\/na-palube-westfalia-sven-hedin-a-srovnani-alkovna-vs-vestavba\/","og_site_name":"All4Camper","article_published_time":"2019-11-28T12:06:29+00:00","article_modified_time":"2022-05-21T06:37:27+00:00","og_image":[{"url":"https:\/\/all4camper.com\/\/wp-content\/uploads\/2019\/11\/westfalia-recenze_fb.png","type":"","width":"","height":""}],"author":"Kl\u00e1ra H\u00e1jkov\u00e1","twitter_card":"summary_large_image","twitter_misc":{"Napsal(a)":"Kl\u00e1ra H\u00e1jkov\u00e1","Odhadovan\u00e1 doba \u010dten\u00ed":"1 minuta"},"schema":{"@context":"https:\/\/schema.org","@graph":[{"@type":"Article","@id":"https:\/\/all4camper.com\/cs\/na-palube-westfalia-sven-hedin-a-srovnani-alkovna-vs-vestavba\/#article","isPartOf":{"@id":"https:\/\/all4camper.com\/cs\/na-palube-westfalia-sven-hedin-a-srovnani-alkovna-vs-vestavba\/"},"author":{"name":"Kl\u00e1ra H\u00e1jkov\u00e1","@id":"https:\/\/all4camper.com\/cs\/#\/schema\/person\/c6f1efdf1d02bc7d8c53a891cbe18c62"},"headline":"Na palub\u011b Westfalia Sven Hedin a srovn\u00e1n\u00ed alkovna vs vestavba","datePublished":"2019-11-28T12:06:29+00:00","dateModified":"2022-05-21T06:37:27+00:00","mainEntityOfPage":{"@id":"https:\/\/all4camper.com\/cs\/na-palube-westfalia-sven-hedin-a-srovnani-alkovna-vs-vestavba\/"},"wordCount":269,"publisher":{"@id":"https:\/\/all4camper.com\/cs\/#organization"},"image":{"@id":"https:\/\/all4camper.com\/cs\/na-palube-westfalia-sven-hedin-a-srovnani-alkovna-vs-vestavba\/#primaryimage"},"thumbnailUrl":"https:\/\/all4camper.com\/wp-content\/uploads\/2019\/11\/test5.png","articleSection":["Karavanink"],"inLanguage":"cs"},{"@type":"WebPage","@id":"https:\/\/all4camper.com\/cs\/na-palube-westfalia-sven-hedin-a-srovnani-alkovna-vs-vestavba\/","url":"https:\/\/all4camper.com\/cs\/na-palube-westfalia-sven-hedin-a-srovnani-alkovna-vs-vestavba\/","name":"Na palub\u011b Westfalia Sven Hedin a srovn\u00e1n\u00ed alkovna vs vestavba - All4Camper","isPartOf":{"@id":"https:\/\/all4camper.com\/cs\/#website"},"primaryImageOfPage":{"@id":"https:\/\/all4camper.com\/cs\/na-palube-westfalia-sven-hedin-a-srovnani-alkovna-vs-vestavba\/#primaryimage"},"image":{"@id":"https:\/\/all4camper.com\/cs\/na-palube-westfalia-sven-hedin-a-srovnani-alkovna-vs-vestavba\/#primaryimage"},"thumbnailUrl":"https:\/\/all4camper.com\/wp-content\/uploads\/2019\/11\/test5.png","datePublished":"2019-11-28T12:06:29+00:00","dateModified":"2022-05-21T06:37:27+00:00","description":"All4Camper - Na palub\u011b Westfalia Sven Hedin a srovn\u00e1n\u00ed alkovna vs vestavba","breadcrumb":{"@id":"https:\/\/all4camper.com\/cs\/na-palube-westfalia-sven-hedin-a-srovnani-alkovna-vs-vestavba\/#breadcrumb"},"inLanguage":"cs","potentialAction":[{"@type":"ReadAction","target":["https:\/\/all4camper.com\/cs\/na-palube-westfalia-sven-hedin-a-srovnani-alkovna-vs-vestavba\/"]}]},{"@type":"ImageObject","inLanguage":"cs","@id":"https:\/\/all4camper.com\/cs\/na-palube-westfalia-sven-hedin-a-srovnani-alkovna-vs-vestavba\/#primaryimage","url":"https:\/\/all4camper.com\/wp-content\/uploads\/2019\/11\/test5.png","contentUrl":"https:\/\/all4camper.com\/wp-content\/uploads\/2019\/11\/test5.png","width":1200,"height":704},{"@type":"BreadcrumbList","@id":"https:\/\/all4camper.com\/cs\/na-palube-westfalia-sven-hedin-a-srovnani-alkovna-vs-vestavba\/#breadcrumb","itemListElement":[{"@type":"ListItem","position":1,"name":"Dom\u016f","item":"https:\/\/all4camper.com\/cs\/"},{"@type":"ListItem","position":2,"name":"Karavanink","item":"https:\/\/all4camper.com\/cs\/category\/karavaning\/"},{"@type":"ListItem","position":3,"name":"Na palub\u011b Westfalia Sven Hedin a srovn\u00e1n\u00ed alkovna vs vestavba"}]},{"@type":"WebSite","@id":"https:\/\/all4camper.com\/cs\/#website","url":"https:\/\/all4camper.com\/cs\/","name":"All4Camper","description":"Nejv\u011bt\u0161\u00ed online magaz\u00edn o kempov\u00e1n\u00ed a karavaninku. V\u00edce jak 900 \u010dl\u00e1nk\u016f pln\u00fdch rad a tip\u016f o kempech a kempov\u00e1n\u00ed.","publisher":{"@id":"https:\/\/all4camper.com\/cs\/#organization"},"potentialAction":[{"@type":"SearchAction","target":{"@type":"EntryPoint","urlTemplate":"https:\/\/all4camper.com\/cs\/?s={search_term_string}"},"query-input":{"@type":"PropertyValueSpecification","valueRequired":true,"valueName":"search_term_string"}}],"inLanguage":"cs"},{"@type":"Organization","@id":"https:\/\/all4camper.com\/cs\/#organization","name":"All4Camper - kempujeme s Kl\u00e1rou","url":"https:\/\/all4camper.com\/cs\/","logo":{"@type":"ImageObject","inLanguage":"cs","@id":"https:\/\/all4camper.com\/cs\/#\/schema\/logo\/image\/","url":"https:\/\/all4camper.com\/wp-content\/uploads\/2018\/09\/novelogo.png","contentUrl":"https:\/\/all4camper.com\/wp-content\/uploads\/2018\/09\/novelogo.png","width":1520,"height":600,"caption":"All4Camper - kempujeme s Kl\u00e1rou"},"image":{"@id":"https:\/\/all4camper.com\/cs\/#\/schema\/logo\/image\/"}},{"@type":"Person","@id":"https:\/\/all4camper.com\/cs\/#\/schema\/person\/c6f1efdf1d02bc7d8c53a891cbe18c62","name":"Kl\u00e1ra H\u00e1jkov\u00e1","sameAs":["http:\/\/www.all4camper.com"],"url":"https:\/\/all4camper.com\/cs\/author\/klarinkacestuje1\/"}]}},"_links":{"self":[{"href":"https:\/\/all4camper.com\/cs\/wp-json\/wp\/v2\/posts\/83105","targetHints":{"allow":["GET"]}}],"collection":[{"href":"https:\/\/all4camper.com\/cs\/wp-json\/wp\/v2\/posts"}],"about":[{"href":"https:\/\/all4camper.com\/cs\/wp-json\/wp\/v2\/types\/post"}],"author":[{"embeddable":true,"href":"https:\/\/all4camper.com\/cs\/wp-json\/wp\/v2\/users\/4"}],"replies":[{"embeddable":true,"href":"https:\/\/all4camper.com\/cs\/wp-json\/wp\/v2\/comments?post=83105"}],"version-history":[{"count":0,"href":"https:\/\/all4camper.com\/cs\/wp-json\/wp\/v2\/posts\/83105\/revisions"}],"wp:featuredmedia":[{"embeddable":true,"href":"https:\/\/all4camper.com\/cs\/wp-json\/wp\/v2\/media\/83245"}],"wp:attachment":[{"href":"https:\/\/all4camper.com\/cs\/wp-json\/wp\/v2\/media?parent=83105"}],"wp:term":[{"taxonomy":"category","embeddable":true,"href":"https:\/\/all4camper.com\/cs\/wp-json\/wp\/v2\/categories?post=83105"},{"taxonomy":"post_tag","embeddable":true,"href":"https:\/\/all4camper.com\/cs\/wp-json\/wp\/v2\/tags?post=83105"}],"curies":[{"name":"wp","href":"https:\/\/api.w.org\/{rel}","templated":true}]}}