{"id":83088,"date":"2019-12-01T17:54:18","date_gmt":"2019-12-01T16:54:18","guid":{"rendered":"https:\/\/all4camper.com\/\/?p=83088"},"modified":"2021-05-25T15:38:39","modified_gmt":"2021-05-25T13:38:39","slug":"deset-supermist-pro-zimni-kempovani-podle-adac","status":"publish","type":"post","link":"https:\/\/all4camper.com\/cs\/deset-supermist-pro-zimni-kempovani-podle-adac\/","title":{"rendered":"Deset superm\u00edst pro zimn\u00ed kempov\u00e1n\u00ed podle ADAC"},"content":{"rendered":"\n<h4 class=\"wp-block-heading\"><strong>Pr\u016fvodce ADAC Campingf\u00fchrer 2019 doporu\u010duje t\u011bchto deset zimn\u00edch superkemp\u016f, kter\u00e9 maj\u00ed v\u017edy ly\u017e\u00e1rnu se su\u0161\u00e1rnou a p\u0159\u00edm\u00e9 spojen\u00ed skibusem do ly\u017ea\u0159sk\u00fdch are\u00e1l\u016f s&nbsp;vleky a b\u011b\u017eka\u0159sk\u00fdmi trat\u011bmi. <\/strong>A jak\u00e9 to jsou?<\/h4>\n\n\n\n<figure class=\"wp-block-image size-large\"><img loading=\"lazy\" decoding=\"async\" width=\"1620\" height=\"1080\" src=\"https:\/\/all4camper.com\/\/wp-content\/uploads\/2019\/11\/woman-2896389_1920-1620x1080.jpg\" alt=\"\" class=\"wp-image-83089\" srcset=\"https:\/\/all4camper.com\/wp-content\/uploads\/2019\/11\/woman-2896389_1920-1620x1080.jpg 1620w, https:\/\/all4camper.com\/wp-content\/uploads\/2019\/11\/woman-2896389_1920-300x200.jpg 300w, https:\/\/all4camper.com\/wp-content\/uploads\/2019\/11\/woman-2896389_1920-150x100.jpg 150w, https:\/\/all4camper.com\/wp-content\/uploads\/2019\/11\/woman-2896389_1920-768x512.jpg 768w, https:\/\/all4camper.com\/wp-content\/uploads\/2019\/11\/woman-2896389_1920-1536x1024.jpg 1536w, https:\/\/all4camper.com\/wp-content\/uploads\/2019\/11\/woman-2896389_1920.jpg 1920w\" sizes=\"auto, (max-width: 1620px) 100vw, 1620px\" \/><\/figure>\n\n\n\n<h3 class=\"wp-block-heading\"><strong>Camping&nbsp;Hopfensee,&nbsp;Hopfen&nbsp;am&nbsp;See&nbsp;im&nbsp;Allg\u00e4u&nbsp;(N\u011bmecko)<\/strong><\/h3>\n\n\n\n<p>B\u011b\u017eka\u0159sk\u00e1 tra\u0165 za\u010d\u00edn\u00e1 hned u kempu a ly\u017ea\u0159sk\u00fd are\u00e1l je p\u0159ibli\u017en\u011b p\u016fl kilometru vzdu\u0161nou \u010darou. <a rel=\"noreferrer noopener\" aria-label=\" (opens in a new tab)\" href=\"https:\/\/www.pincamp.de\/campingplaetze\/camping-hopfensee\" target=\"_blank\">camping-hopfensee<\/a><\/p>\n\n\n\n<p><em>Za A4C dopl\u0148uji: Maj\u00ed tam naprosto par\u00e1dn\u00ed wellness v&nbsp;duchu 1000 a jedn\u00e9 noci. Vo\u0148av\u00e1 relaxa\u010dn\u00ed m\u00edstnost s&nbsp;v\u00fdhledem do krajiny se opou\u0161t\u00ed t\u011b\u017ece!<\/em><\/p>\n\n\n\n<figure class=\"wp-block-image size-large\"><img loading=\"lazy\" decoding=\"async\" width=\"1600\" height=\"600\" src=\"https:\/\/all4camper.com\/\/wp-content\/uploads\/2019\/11\/csm_5_Sterne_Camping_Hopfensee_Allgaeu_Bayern_Wintercamping_81b77b437f.jpg\" alt=\"\" class=\"wp-image-83090\" srcset=\"https:\/\/all4camper.com\/wp-content\/uploads\/2019\/11\/csm_5_Sterne_Camping_Hopfensee_Allgaeu_Bayern_Wintercamping_81b77b437f.jpg 1600w, https:\/\/all4camper.com\/wp-content\/uploads\/2019\/11\/csm_5_Sterne_Camping_Hopfensee_Allgaeu_Bayern_Wintercamping_81b77b437f-300x113.jpg 300w, https:\/\/all4camper.com\/wp-content\/uploads\/2019\/11\/csm_5_Sterne_Camping_Hopfensee_Allgaeu_Bayern_Wintercamping_81b77b437f-150x56.jpg 150w, https:\/\/all4camper.com\/wp-content\/uploads\/2019\/11\/csm_5_Sterne_Camping_Hopfensee_Allgaeu_Bayern_Wintercamping_81b77b437f-768x288.jpg 768w, https:\/\/all4camper.com\/wp-content\/uploads\/2019\/11\/csm_5_Sterne_Camping_Hopfensee_Allgaeu_Bayern_Wintercamping_81b77b437f-1536x576.jpg 1536w\" sizes=\"auto, (max-width: 1600px) 100vw, 1600px\" \/><\/figure>\n\n\n\n<h3 class=\"wp-block-heading\"><strong>Camping&nbsp;M\u00fcnstertal&nbsp;im&nbsp;Schwarzwald&nbsp;(N\u011bmecko)<\/strong><\/h3>\n\n\n\n<p>B\u011b\u017eka\u0159sk\u00e9 trat\u011b i ly\u017ea\u0159sk\u00fd are\u00e1l jsou 10 kilometr\u016f od kempu.  <a rel=\"noreferrer noopener\" aria-label=\" (opens in a new tab)\" href=\"https:\/\/www.pincamp.de\/campingplaetze\/camping-muenstertal\" target=\"_blank\">camping-muenstertal<\/a><\/p>\n\n\n\n<p><em>Za A4C dopl\u0148uji: Tenhle kemp nadchne milovn\u00edky p\u0159\u00edrody. Panoramatick\u00fd v\u00fdhled s&nbsp;\u010dist\u00fdm vzduchem je balz\u00e1mem pro t\u011blo i du\u0161i. <\/em><\/p>\n\n\n\n<figure class=\"wp-block-image size-large\"><img loading=\"lazy\" decoding=\"async\" width=\"970\" height=\"430\" src=\"https:\/\/all4camper.com\/\/wp-content\/uploads\/2019\/11\/camping-02.jpg\" alt=\"\" class=\"wp-image-83091\" srcset=\"https:\/\/all4camper.com\/wp-content\/uploads\/2019\/11\/camping-02.jpg 970w, https:\/\/all4camper.com\/wp-content\/uploads\/2019\/11\/camping-02-300x133.jpg 300w, https:\/\/all4camper.com\/wp-content\/uploads\/2019\/11\/camping-02-150x66.jpg 150w, https:\/\/all4camper.com\/wp-content\/uploads\/2019\/11\/camping-02-768x340.jpg 768w\" sizes=\"auto, (max-width: 970px) 100vw, 970px\" \/><\/figure>\n\n\n\n<h3 class=\"wp-block-heading\"><strong>Camping&nbsp;Hell,&nbsp;F\u00fcgen,&nbsp;Zillertal&nbsp;in&nbsp;Tirol (Rakousko)<\/strong><\/h3>\n\n\n\n<p>Na b\u011b\u017eky to m\u00e1te dva kilometry, do ly\u017ea\u0159sk\u00e9ho are\u00e1lu pak kilometr jeden. <a rel=\"noreferrer noopener\" aria-label=\" (opens in a new tab)\" href=\"https:\/\/www.pincamp.de\/campingplaetze\/camping-hell\" target=\"_blank\">camping-hell<\/a><\/p>\n\n\n\n<p><em>Za A4C dopl\u0148uji: Trouf\u00e1m si \u0159\u00edct, \u017ee tohle m\u00edsto v\u00e1s p\u0159ekvap\u00ed. Mimo\u0159\u00e1dn\u00fd, modern\u011b pojat\u00fd are\u00e1l s&nbsp;luxusn\u00edm wellness. <\/em><\/p>\n\n\n\n<figure class=\"wp-block-image size-large\"><img loading=\"lazy\" decoding=\"async\" width=\"1023\" height=\"682\" src=\"https:\/\/all4camper.com\/\/wp-content\/uploads\/2019\/11\/Camping-Hell-Wohnmobilstellplaetze-und-Wohnwagenstellplaetze-mit-Blick-auf-die-Alpen.jpg\" alt=\"\" class=\"wp-image-83092\" srcset=\"https:\/\/all4camper.com\/wp-content\/uploads\/2019\/11\/Camping-Hell-Wohnmobilstellplaetze-und-Wohnwagenstellplaetze-mit-Blick-auf-die-Alpen.jpg 1023w, https:\/\/all4camper.com\/wp-content\/uploads\/2019\/11\/Camping-Hell-Wohnmobilstellplaetze-und-Wohnwagenstellplaetze-mit-Blick-auf-die-Alpen-300x200.jpg 300w, https:\/\/all4camper.com\/wp-content\/uploads\/2019\/11\/Camping-Hell-Wohnmobilstellplaetze-und-Wohnwagenstellplaetze-mit-Blick-auf-die-Alpen-150x100.jpg 150w, https:\/\/all4camper.com\/wp-content\/uploads\/2019\/11\/Camping-Hell-Wohnmobilstellplaetze-und-Wohnwagenstellplaetze-mit-Blick-auf-die-Alpen-768x512.jpg 768w\" sizes=\"auto, (max-width: 1023px) 100vw, 1023px\" \/><\/figure>\n\n\n\n<h3 class=\"wp-block-heading\"><strong>Erlebnis Comfort Camping Aufenfeld, Aschau, Zillertal in Tirol&nbsp;(Rakousko)<\/strong><\/h3>\n\n\n\n<p>Na b\u011b\u017eky se p\u0159esouv\u00e1te 0,8 kilometru, do ly\u017ea\u0159sk\u00e9ho are\u00e1lu t\u0159i kilometry. <a rel=\"noreferrer noopener\" aria-label=\" (opens in a new tab)\" href=\"https:\/\/www.pincamp.de\/campingplaetze\/erlebnis-comfort-c-aufenfeld\" target=\"_blank\">erlebnis-comfort-c-aufenfeld<\/a> <\/p>\n\n\n\n<p><em>Za A4C dopl\u0148uji: Maj\u00ed bezva kryt\u00fd baz\u00e9n pro d\u011bti i dosp\u011bl\u00e9 a speci\u00e1ln\u00ed v\u00e1no\u010dn\u00ed i silvestrovsk\u00fd program, pokud je\u0161t\u011b nem\u00e1te nic napl\u00e1novan\u00e9ho a r\u00e1di byste na cesty.<\/em><\/p>\n\n\n\n<figure class=\"wp-block-image size-large\"><img loading=\"lazy\" decoding=\"async\" width=\"1023\" height=\"682\" src=\"https:\/\/all4camper.com\/\/wp-content\/uploads\/2019\/11\/Erlebnis-Comfort-C-Aufenfeld-bersicht-auf-den-Campingplatz-und-Umgebung.jpg\" alt=\"\" class=\"wp-image-83093\" srcset=\"https:\/\/all4camper.com\/wp-content\/uploads\/2019\/11\/Erlebnis-Comfort-C-Aufenfeld-bersicht-auf-den-Campingplatz-und-Umgebung.jpg 1023w, https:\/\/all4camper.com\/wp-content\/uploads\/2019\/11\/Erlebnis-Comfort-C-Aufenfeld-bersicht-auf-den-Campingplatz-und-Umgebung-300x200.jpg 300w, https:\/\/all4camper.com\/wp-content\/uploads\/2019\/11\/Erlebnis-Comfort-C-Aufenfeld-bersicht-auf-den-Campingplatz-und-Umgebung-150x100.jpg 150w, https:\/\/all4camper.com\/wp-content\/uploads\/2019\/11\/Erlebnis-Comfort-C-Aufenfeld-bersicht-auf-den-Campingplatz-und-Umgebung-768x512.jpg 768w\" sizes=\"auto, (max-width: 1023px) 100vw, 1023px\" \/><\/figure>\n\n\n\n<h3 class=\"wp-block-heading\"><strong>Alpencamping Nenzing in Voralberg (Rakousko)<\/strong><\/h3>\n\n\n\n<p>Na b\u011b\u017eka\u0159skou tra\u0165 m\u016f\u017eete vyrazit p\u0159\u00edmo z&nbsp;kempu, ly\u017ea\u0159sk\u00fd are\u00e1l je vzd\u00e1len 1,5 kilometru. <a rel=\"noreferrer noopener\" aria-label=\" (opens in a new tab)\" href=\"https:\/\/www.pincamp.de\/campingplaetze\/alpencamping-nenzing\" target=\"_blank\">alpencamping-nenzing<\/a><\/p>\n\n\n\n<p><em>Za A4C dopl\u0148uji: I tady mus\u00edm vyzdvihnout wellness. Pokud r\u00e1di relaxujete v&nbsp;tepl\u00ed\u010dku tak jako j\u00e1, pod\u00edvejte se na jejich speci\u00e1ln\u00ed zv\u00fdhodn\u011bn\u00e9 bal\u00ed\u010dky. <\/em><\/p>\n\n\n\n<figure class=\"wp-block-image size-large\"><img loading=\"lazy\" decoding=\"async\" width=\"1023\" height=\"682\" src=\"https:\/\/all4camper.com\/\/wp-content\/uploads\/2019\/11\/Alpencamping-Nenzing-Wellnesscenter-mit-Blick-auf-die-Alpen.jpg\" alt=\"\" class=\"wp-image-83094\" srcset=\"https:\/\/all4camper.com\/wp-content\/uploads\/2019\/11\/Alpencamping-Nenzing-Wellnesscenter-mit-Blick-auf-die-Alpen.jpg 1023w, https:\/\/all4camper.com\/wp-content\/uploads\/2019\/11\/Alpencamping-Nenzing-Wellnesscenter-mit-Blick-auf-die-Alpen-300x200.jpg 300w, https:\/\/all4camper.com\/wp-content\/uploads\/2019\/11\/Alpencamping-Nenzing-Wellnesscenter-mit-Blick-auf-die-Alpen-150x100.jpg 150w, https:\/\/all4camper.com\/wp-content\/uploads\/2019\/11\/Alpencamping-Nenzing-Wellnesscenter-mit-Blick-auf-die-Alpen-768x512.jpg 768w\" sizes=\"auto, (max-width: 1023px) 100vw, 1023px\" \/><\/figure>\n\n\n\n<h3 class=\"wp-block-heading\"><strong>Sportcamping Woferlgut, Bruck a.d. Gro\u00dfglocknerstra\u00dfe,\nPinzgau in Salzburg (Rakousko)<\/strong><\/h3>\n\n\n\n<p>B\u011b\u017eky v&nbsp;tomto p\u0159\u00edpad\u011b m\u016f\u017eete nasadit hned u vozu, do ly\u017ea\u0159sk\u00e9ho are\u00e1lu se projedete 2,5 kilometru. <a rel=\"noreferrer noopener\" aria-label=\" (opens in a new tab)\" href=\"https:\/\/www.pincamp.de\/campingplaetze\/sportcamping-woferlgut\" target=\"_blank\">sportcamping-woferlgut<\/a><\/p>\n\n\n\n<p><em>Za A4C dopl\u0148uji: S&nbsp;t\u00edm wellness se budu opakovat, zase. Ona i fotka mluv\u00ed za dost. Ale je\u0161t\u011b mus\u00edm zm\u00ednit jejich kuchyni. Ta je tak\u00e9 skv\u011bl\u00e1 a zejm\u00e9na pak tematick\u00e9 ve\u010dery t\u0159eba s&nbsp;fondue!<\/em><\/p>\n\n\n\n<figure class=\"wp-block-image size-large\"><img loading=\"lazy\" decoding=\"async\" width=\"1023\" height=\"682\" src=\"https:\/\/all4camper.com\/\/wp-content\/uploads\/2019\/11\/Sportcamping-Woferlgut-Indoor-Pool-auf-dem-Campingplatz.jpg\" alt=\"\" class=\"wp-image-83095\" srcset=\"https:\/\/all4camper.com\/wp-content\/uploads\/2019\/11\/Sportcamping-Woferlgut-Indoor-Pool-auf-dem-Campingplatz.jpg 1023w, https:\/\/all4camper.com\/wp-content\/uploads\/2019\/11\/Sportcamping-Woferlgut-Indoor-Pool-auf-dem-Campingplatz-300x200.jpg 300w, https:\/\/all4camper.com\/wp-content\/uploads\/2019\/11\/Sportcamping-Woferlgut-Indoor-Pool-auf-dem-Campingplatz-150x100.jpg 150w, https:\/\/all4camper.com\/wp-content\/uploads\/2019\/11\/Sportcamping-Woferlgut-Indoor-Pool-auf-dem-Campingplatz-768x512.jpg 768w\" sizes=\"auto, (max-width: 1023px) 100vw, 1023px\" \/><\/figure>\n\n\n\n<h3 class=\"wp-block-heading\"><strong>Schluga Camping Hermagor in K\u00e4rnten (Rakousko)<\/strong><\/h3>\n\n\n\n<p>B\u011b\u017ekovat m\u016f\u017eete takt\u00e9\u017e hned od kempu, do ly\u017ea\u0159sk\u00e9ho are\u00e1lu doraz\u00edte po 8 kilometrech. <a rel=\"noreferrer noopener\" aria-label=\" (opens in a new tab)\" href=\"https:\/\/www.pincamp.de\/campingplaetze\/schluga-camping-hermagor\" target=\"_blank\">schluga-camping-hermagor<\/a><\/p>\n\n\n\n<p><em>Za A4C dopl\u0148uji: Dob\u0159e, nebudu se u\u017e zmi\u0148ovat o wellness, ale mnoz\u00ed ocen\u00ed nap\u0159\u00edklad d\u011btskou hernu, a pr\u00e1v\u011b te\u010f v&nbsp;zim\u011b m\u016f\u017eete vyrazit t\u0159eba na organizovan\u00e9 v\u00fdlety na sn\u011b\u017enic\u00edch. Ostatn\u011b, zaj\u00edmav\u00fd program tu vym\u00fd\u0161lej\u00ed pravideln\u011b, pokud byste p\u0159ijeli zcela bez pl\u00e1n\u016f. <\/em><\/p>\n\n\n\n<figure class=\"wp-block-image size-large\"><img loading=\"lazy\" decoding=\"async\" width=\"1023\" height=\"682\" src=\"https:\/\/all4camper.com\/\/wp-content\/uploads\/2019\/11\/Schluga-Camping-Hermagor-Wohnwagen-und-Zeltstellplatz-zwischen-Baeumen-auf-dem-Campingplatz.jpg\" alt=\"\" class=\"wp-image-83096\" srcset=\"https:\/\/all4camper.com\/wp-content\/uploads\/2019\/11\/Schluga-Camping-Hermagor-Wohnwagen-und-Zeltstellplatz-zwischen-Baeumen-auf-dem-Campingplatz.jpg 1023w, https:\/\/all4camper.com\/wp-content\/uploads\/2019\/11\/Schluga-Camping-Hermagor-Wohnwagen-und-Zeltstellplatz-zwischen-Baeumen-auf-dem-Campingplatz-300x200.jpg 300w, https:\/\/all4camper.com\/wp-content\/uploads\/2019\/11\/Schluga-Camping-Hermagor-Wohnwagen-und-Zeltstellplatz-zwischen-Baeumen-auf-dem-Campingplatz-150x100.jpg 150w, https:\/\/all4camper.com\/wp-content\/uploads\/2019\/11\/Schluga-Camping-Hermagor-Wohnwagen-und-Zeltstellplatz-zwischen-Baeumen-auf-dem-Campingplatz-768x512.jpg 768w\" sizes=\"auto, (max-width: 1023px) 100vw, 1023px\" \/><\/figure>\n\n\n\n<h3 class=\"wp-block-heading\"><strong>Camping Residence S\u00e4gem\u00fchle, Prad am Stilfserjoch im\nVinschgau (It\u00e1lie)<\/strong><\/h3>\n\n\n\n<p>Tak tady najdete prostor pro b\u011b\u017ekov\u00e1n\u00ed i cel\u00fd samotn\u00fd are\u00e1l osm kilometr\u016f daleko.  <a rel=\"noreferrer noopener\" aria-label=\" (opens in a new tab)\" href=\"https:\/\/www.pincamp.de\/campingplaetze\/camping-residence-saegemuehle\" target=\"_blank\">camping-residence-saegemuehle<\/a><\/p>\n\n\n\n<p><em>Za A4C dopl\u0148uji: Tak tady mus\u00edm vyzdvihnout kuchyni. Pro\u010d? Jestli m\u00e1te r\u00e1di mo\u0159e a takovou tu italskou pl\u00e1\u017eovou atmosf\u00e9ru, zdej\u0161\u00ed kuchyn\u011b v\u00e1s na ni nalad\u00ed. L\u00edb\u00ed se v\u00e1m p\u0159edstava, \u017ee si d\u00e1te zaru\u010den\u011b \u010derstv\u00e9 mo\u0159sk\u00e9 plody hned po n\u00e1vratu ze sjezdovky? Tak tady je to realita. <\/em><\/p>\n\n\n\n<figure class=\"wp-block-image size-large\"><img loading=\"lazy\" decoding=\"async\" width=\"1023\" height=\"682\" src=\"https:\/\/all4camper.com\/\/wp-content\/uploads\/2019\/11\/Camping-Residence-Saegemuehle-bersicht-auf-das-gesamte-Campingplatz-Gelaende-mit-Blick-auf-die-Berge.jpg\" alt=\"\" class=\"wp-image-83097\" srcset=\"https:\/\/all4camper.com\/wp-content\/uploads\/2019\/11\/Camping-Residence-Saegemuehle-bersicht-auf-das-gesamte-Campingplatz-Gelaende-mit-Blick-auf-die-Berge.jpg 1023w, https:\/\/all4camper.com\/wp-content\/uploads\/2019\/11\/Camping-Residence-Saegemuehle-bersicht-auf-das-gesamte-Campingplatz-Gelaende-mit-Blick-auf-die-Berge-300x200.jpg 300w, https:\/\/all4camper.com\/wp-content\/uploads\/2019\/11\/Camping-Residence-Saegemuehle-bersicht-auf-das-gesamte-Campingplatz-Gelaende-mit-Blick-auf-die-Berge-150x100.jpg 150w, https:\/\/all4camper.com\/wp-content\/uploads\/2019\/11\/Camping-Residence-Saegemuehle-bersicht-auf-das-gesamte-Campingplatz-Gelaende-mit-Blick-auf-die-Berge-768x512.jpg 768w\" sizes=\"auto, (max-width: 1023px) 100vw, 1023px\" \/><\/figure>\n\n\n\n<h3 class=\"wp-block-heading\"><strong>Caravanpark Sexten in S\u00fcdtirol (It\u00e1lie)<\/strong><\/h3>\n\n\n\n<p>Na b\u011b\u017eky tady op\u011bt z&nbsp;kempu, do ly\u017ea\u0159sk\u00e9ho are\u00e1lu o 0,9 kilometru d\u00e1l. <a rel=\"noreferrer noopener\" aria-label=\" (opens in a new tab)\" href=\"https:\/\/www.pincamp.de\/campingplaetze\/caravanpark-sexten\" target=\"_blank\">caravanpark-sexten<\/a> <\/p>\n\n\n\n<p><em>Za A4C dopl\u0148uji: Najdete tu par\u00e1dn\u00ed st\u0159edomo\u0159sk\u00e9 l\u00e1zn\u011b, tud\u00ed\u017e ide\u00e1ln\u00ed c\u00edl pro ly\u017ea\u0159e v&nbsp;kombinaci s&nbsp;\u201enely\u017ea\u0159i\u201c. Jinak tento kemp pravideln\u011b pat\u0159\u00ed k&nbsp;v\u016fbec nejl\u00e9pe hodnocen\u00fdm v&nbsp;Evrop\u011b. <\/em><\/p>\n\n\n\n<figure class=\"wp-block-image size-large\"><img loading=\"lazy\" decoding=\"async\" width=\"1023\" height=\"682\" src=\"https:\/\/all4camper.com\/\/wp-content\/uploads\/2019\/11\/Caravanpark-Sexten-Gaeste-in-der-Outdoor-Sauna-auf-dem-Campingplatz.jpg\" alt=\"\" class=\"wp-image-83098\" srcset=\"https:\/\/all4camper.com\/wp-content\/uploads\/2019\/11\/Caravanpark-Sexten-Gaeste-in-der-Outdoor-Sauna-auf-dem-Campingplatz.jpg 1023w, https:\/\/all4camper.com\/wp-content\/uploads\/2019\/11\/Caravanpark-Sexten-Gaeste-in-der-Outdoor-Sauna-auf-dem-Campingplatz-300x200.jpg 300w, https:\/\/all4camper.com\/wp-content\/uploads\/2019\/11\/Caravanpark-Sexten-Gaeste-in-der-Outdoor-Sauna-auf-dem-Campingplatz-150x100.jpg 150w, https:\/\/all4camper.com\/wp-content\/uploads\/2019\/11\/Caravanpark-Sexten-Gaeste-in-der-Outdoor-Sauna-auf-dem-Campingplatz-768x512.jpg 768w\" sizes=\"auto, (max-width: 1023px) 100vw, 1023px\" \/><\/figure>\n\n\n\n<p><strong>Vidor Family &amp; Wellness Resort, Pozza di Fassa in S\u00fcdtirol (It\u00e1lie)<\/strong><br> Na b\u011b\u017eky to odtud m\u00e1te dva kilometry, do ly\u017ea\u0159sk\u00e9ho are\u00e1lu kilometr jeden. <a rel=\"noreferrer noopener\" aria-label=\" (opens in a new tab)\" href=\"https:\/\/www.pincamp.de\/campingplaetze\/vidor-family-wellness-resort\" target=\"_blank\">vidor-family-wellness-resort<\/a><\/p>\n\n\n\n<p><em>Za A4C dopl\u0148uji: Tady maj\u00ed jednu super vychyt\u00e1vku. Tou jsou priv\u00e1tn\u00ed koupelny. M\u00edsto spole\u010dn\u00fdch um\u00fdv\u00e1ren si tak m\u016f\u017eete u\u017e\u00edt luxus hotelov\u00e9 koupelny s&nbsp;mas\u00e1\u017en\u00ed vanou, televiz\u00ed a v\u00fdhledem na hory. Ur\u010dit\u011b doporu\u010duji alespo\u0148 jednou vyzkou\u0161et. <\/em><\/p>\n\n\n\n<figure class=\"wp-block-image size-large\"><img loading=\"lazy\" decoding=\"async\" width=\"1023\" height=\"682\" src=\"https:\/\/all4camper.com\/\/wp-content\/uploads\/2019\/11\/Vidor-Family-Wellness-Resort-Winterliche-Ansicht-des-Campingplatzes.jpg\" alt=\"\" class=\"wp-image-83099\" srcset=\"https:\/\/all4camper.com\/wp-content\/uploads\/2019\/11\/Vidor-Family-Wellness-Resort-Winterliche-Ansicht-des-Campingplatzes.jpg 1023w, https:\/\/all4camper.com\/wp-content\/uploads\/2019\/11\/Vidor-Family-Wellness-Resort-Winterliche-Ansicht-des-Campingplatzes-300x200.jpg 300w, https:\/\/all4camper.com\/wp-content\/uploads\/2019\/11\/Vidor-Family-Wellness-Resort-Winterliche-Ansicht-des-Campingplatzes-150x100.jpg 150w, https:\/\/all4camper.com\/wp-content\/uploads\/2019\/11\/Vidor-Family-Wellness-Resort-Winterliche-Ansicht-des-Campingplatzes-768x512.jpg 768w\" sizes=\"auto, (max-width: 1023px) 100vw, 1023px\" \/><\/figure>\n\n\n\n<p>Zdroj: <a rel=\"noreferrer noopener\" aria-label=\" (opens in a new tab)\" href=\"https:\/\/www.adac.de\/der-adac\/ueber-uns-se\/news\/reise-unterwegs\/wintercamping-tipps\/?fbclid=IwAR28yM7oRnPHmPAXF44irl1noFR2gMpra9G-cQ46bOtBUnwyTEouYqjFRxA\" target=\"_blank\">www.adac.de<\/a><\/p>\n","protected":false},"excerpt":{"rendered":"<p>Pr\u016fvodce ADAC Campingf\u00fchrer 2019 doporu\u010duje t\u011bchto deset zimn\u00edch superkemp\u016f, kter\u00e9 maj\u00ed v\u017edy ly\u017e\u00e1rnu se su\u0161\u00e1rnou a p\u0159\u00edm\u00e9 spojen\u00ed skibusem do ly\u017ea\u0159sk\u00fdch are\u00e1l\u016f s&nbsp;vleky a b\u011b\u017eka\u0159sk\u00fdmi trat\u011bmi. A jak\u00e9 to jsou? Camping&nbsp;Hopfensee,&nbsp;Hopfen&nbsp;am&nbsp;See&nbsp;im&nbsp;Allg\u00e4u&nbsp;(N\u011bmecko) B\u011b\u017eka\u0159sk\u00e1 tra\u0165 za\u010d\u00edn\u00e1 hned u kempu a ly\u017ea\u0159sk\u00fd are\u00e1l je p\u0159ibli\u017en\u011b p\u016fl kilometru vzdu\u0161nou \u010darou. camping-hopfensee Za A4C dopl\u0148uji: Maj\u00ed tam naprosto par\u00e1dn\u00ed wellness [&hellip;]<\/p>\n","protected":false},"author":4,"featured_media":83609,"comment_status":"closed","ping_status":"open","sticky":false,"template":"","format":"standard","meta":{"_monsterinsights_skip_tracking":false,"_monsterinsights_sitenote_active":false,"_monsterinsights_sitenote_note":"","_monsterinsights_sitenote_category":0,"footnotes":""},"categories":[68,11685,341],"tags":[101,380,321],"class_list":{"0":"post-83088","1":"post","2":"type-post","3":"status-publish","4":"format-standard","5":"has-post-thumbnail","7":"category-kempovani-a-zajimave-cile","8":"category-top-kempy","9":"category-zimni-kempovani","10":"tag-kempy-1","11":"tag-topkempy","12":"tag-winter-camping"},"yoast_head":"<!-- This site is optimized with the Yoast SEO plugin v27.5 - https:\/\/yoast.com\/product\/yoast-seo-wordpress\/ -->\n<title>Deset superm\u00edst pro zimn\u00ed kempov\u00e1n\u00ed podle ADAC - All4Camper<\/title>\n<meta name=\"description\" content=\"All4Camper - Deset superm\u00edst pro zimn\u00ed kempov\u00e1n\u00ed podle ADAC\" \/>\n<meta name=\"robots\" content=\"index, follow, max-snippet:-1, max-image-preview:large, max-video-preview:-1\" \/>\n<link rel=\"canonical\" href=\"https:\/\/all4camper.com\/cs\/deset-supermist-pro-zimni-kempovani-podle-adac\/\" \/>\n<meta property=\"og:locale\" content=\"cs_CZ\" \/>\n<meta property=\"og:type\" content=\"article\" \/>\n<meta property=\"og:title\" content=\"Deset superm\u00edst pro zimn\u00ed kempov\u00e1n\u00ed podle ADAC - All4Camper\" \/>\n<meta property=\"og:description\" content=\"All4Camper - Deset superm\u00edst pro zimn\u00ed kempov\u00e1n\u00ed podle ADAC\" \/>\n<meta property=\"og:url\" content=\"https:\/\/all4camper.com\/cs\/deset-supermist-pro-zimni-kempovani-podle-adac\/\" \/>\n<meta property=\"og:site_name\" content=\"All4Camper\" \/>\n<meta property=\"article:published_time\" content=\"2019-12-01T16:54:18+00:00\" \/>\n<meta property=\"article:modified_time\" content=\"2021-05-25T13:38:39+00:00\" \/>\n<meta property=\"og:image\" content=\"https:\/\/all4camper.com\/wp-content\/uploads\/2019\/12\/zimn\u00ed-kempy.png\" \/>\n\t<meta property=\"og:image:width\" content=\"1023\" \/>\n\t<meta property=\"og:image:height\" content=\"616\" \/>\n\t<meta property=\"og:image:type\" content=\"image\/png\" \/>\n<meta name=\"author\" content=\"Kl\u00e1ra H\u00e1jkov\u00e1\" \/>\n<meta name=\"twitter:card\" content=\"summary_large_image\" \/>\n<meta name=\"twitter:label1\" content=\"Napsal(a)\" \/>\n\t<meta name=\"twitter:data1\" content=\"Kl\u00e1ra H\u00e1jkov\u00e1\" \/>\n\t<meta name=\"twitter:label2\" content=\"Odhadovan\u00e1 doba \u010dten\u00ed\" \/>\n\t<meta name=\"twitter:data2\" content=\"4 minuty\" \/>\n<script type=\"application\/ld+json\" class=\"yoast-schema-graph\">{\"@context\":\"https:\\\/\\\/schema.org\",\"@graph\":[{\"@type\":\"Article\",\"@id\":\"https:\\\/\\\/all4camper.com\\\/cs\\\/deset-supermist-pro-zimni-kempovani-podle-adac\\\/#article\",\"isPartOf\":{\"@id\":\"https:\\\/\\\/all4camper.com\\\/cs\\\/deset-supermist-pro-zimni-kempovani-podle-adac\\\/\"},\"author\":{\"name\":\"Kl\u00e1ra H\u00e1jkov\u00e1\",\"@id\":\"https:\\\/\\\/all4camper.com\\\/cs\\\/#\\\/schema\\\/person\\\/c6f1efdf1d02bc7d8c53a891cbe18c62\"},\"headline\":\"Deset superm\u00edst pro zimn\u00ed kempov\u00e1n\u00ed podle ADAC\",\"datePublished\":\"2019-12-01T16:54:18+00:00\",\"dateModified\":\"2021-05-25T13:38:39+00:00\",\"mainEntityOfPage\":{\"@id\":\"https:\\\/\\\/all4camper.com\\\/cs\\\/deset-supermist-pro-zimni-kempovani-podle-adac\\\/\"},\"wordCount\":801,\"publisher\":{\"@id\":\"https:\\\/\\\/all4camper.com\\\/cs\\\/#organization\"},\"image\":{\"@id\":\"https:\\\/\\\/all4camper.com\\\/cs\\\/deset-supermist-pro-zimni-kempovani-podle-adac\\\/#primaryimage\"},\"thumbnailUrl\":\"https:\\\/\\\/all4camper.com\\\/wp-content\\\/uploads\\\/2019\\\/12\\\/zimn\u00ed-kempy.png\",\"keywords\":[\"Kempy a kempovac\u00ed m\u00edsta\",\"TOPkempy\",\"Zimn\u00ed kempov\u00e1n\u00ed\"],\"articleSection\":[\"Kempy a zaj\u00edmav\u00e1 m\u00edsta\",\"TOP kempy\",\"Zimn\u00ed kempov\u00e1n\u00ed\"],\"inLanguage\":\"cs\"},{\"@type\":\"WebPage\",\"@id\":\"https:\\\/\\\/all4camper.com\\\/cs\\\/deset-supermist-pro-zimni-kempovani-podle-adac\\\/\",\"url\":\"https:\\\/\\\/all4camper.com\\\/cs\\\/deset-supermist-pro-zimni-kempovani-podle-adac\\\/\",\"name\":\"Deset superm\u00edst pro zimn\u00ed kempov\u00e1n\u00ed podle ADAC - All4Camper\",\"isPartOf\":{\"@id\":\"https:\\\/\\\/all4camper.com\\\/cs\\\/#website\"},\"primaryImageOfPage\":{\"@id\":\"https:\\\/\\\/all4camper.com\\\/cs\\\/deset-supermist-pro-zimni-kempovani-podle-adac\\\/#primaryimage\"},\"image\":{\"@id\":\"https:\\\/\\\/all4camper.com\\\/cs\\\/deset-supermist-pro-zimni-kempovani-podle-adac\\\/#primaryimage\"},\"thumbnailUrl\":\"https:\\\/\\\/all4camper.com\\\/wp-content\\\/uploads\\\/2019\\\/12\\\/zimn\u00ed-kempy.png\",\"datePublished\":\"2019-12-01T16:54:18+00:00\",\"dateModified\":\"2021-05-25T13:38:39+00:00\",\"description\":\"All4Camper - Deset superm\u00edst pro zimn\u00ed kempov\u00e1n\u00ed podle ADAC\",\"breadcrumb\":{\"@id\":\"https:\\\/\\\/all4camper.com\\\/cs\\\/deset-supermist-pro-zimni-kempovani-podle-adac\\\/#breadcrumb\"},\"inLanguage\":\"cs\",\"potentialAction\":[{\"@type\":\"ReadAction\",\"target\":[\"https:\\\/\\\/all4camper.com\\\/cs\\\/deset-supermist-pro-zimni-kempovani-podle-adac\\\/\"]}]},{\"@type\":\"ImageObject\",\"inLanguage\":\"cs\",\"@id\":\"https:\\\/\\\/all4camper.com\\\/cs\\\/deset-supermist-pro-zimni-kempovani-podle-adac\\\/#primaryimage\",\"url\":\"https:\\\/\\\/all4camper.com\\\/wp-content\\\/uploads\\\/2019\\\/12\\\/zimn\u00ed-kempy.png\",\"contentUrl\":\"https:\\\/\\\/all4camper.com\\\/wp-content\\\/uploads\\\/2019\\\/12\\\/zimn\u00ed-kempy.png\",\"width\":1023,\"height\":616},{\"@type\":\"BreadcrumbList\",\"@id\":\"https:\\\/\\\/all4camper.com\\\/cs\\\/deset-supermist-pro-zimni-kempovani-podle-adac\\\/#breadcrumb\",\"itemListElement\":[{\"@type\":\"ListItem\",\"position\":1,\"name\":\"Dom\u016f\",\"item\":\"https:\\\/\\\/all4camper.com\\\/cs\\\/\"},{\"@type\":\"ListItem\",\"position\":2,\"name\":\"Kempy a zaj\u00edmav\u00e1 m\u00edsta\",\"item\":\"https:\\\/\\\/all4camper.com\\\/cs\\\/category\\\/kempovani-a-zajimave-cile\\\/\"},{\"@type\":\"ListItem\",\"position\":3,\"name\":\"Deset superm\u00edst pro zimn\u00ed kempov\u00e1n\u00ed podle ADAC\"}]},{\"@type\":\"WebSite\",\"@id\":\"https:\\\/\\\/all4camper.com\\\/cs\\\/#website\",\"url\":\"https:\\\/\\\/all4camper.com\\\/cs\\\/\",\"name\":\"All4Camper\",\"description\":\"Nejv\u011bt\u0161\u00ed online magaz\u00edn o kempov\u00e1n\u00ed a karavaninku. V\u00edce jak 900 \u010dl\u00e1nk\u016f pln\u00fdch rad a tip\u016f o kempech a kempov\u00e1n\u00ed.\",\"publisher\":{\"@id\":\"https:\\\/\\\/all4camper.com\\\/cs\\\/#organization\"},\"potentialAction\":[{\"@type\":\"SearchAction\",\"target\":{\"@type\":\"EntryPoint\",\"urlTemplate\":\"https:\\\/\\\/all4camper.com\\\/cs\\\/?s={search_term_string}\"},\"query-input\":{\"@type\":\"PropertyValueSpecification\",\"valueRequired\":true,\"valueName\":\"search_term_string\"}}],\"inLanguage\":\"cs\"},{\"@type\":\"Organization\",\"@id\":\"https:\\\/\\\/all4camper.com\\\/cs\\\/#organization\",\"name\":\"All4Camper - kempujeme s Kl\u00e1rou\",\"url\":\"https:\\\/\\\/all4camper.com\\\/cs\\\/\",\"logo\":{\"@type\":\"ImageObject\",\"inLanguage\":\"cs\",\"@id\":\"https:\\\/\\\/all4camper.com\\\/cs\\\/#\\\/schema\\\/logo\\\/image\\\/\",\"url\":\"https:\\\/\\\/all4camper.com\\\/wp-content\\\/uploads\\\/2018\\\/09\\\/novelogo.png\",\"contentUrl\":\"https:\\\/\\\/all4camper.com\\\/wp-content\\\/uploads\\\/2018\\\/09\\\/novelogo.png\",\"width\":1520,\"height\":600,\"caption\":\"All4Camper - kempujeme s Kl\u00e1rou\"},\"image\":{\"@id\":\"https:\\\/\\\/all4camper.com\\\/cs\\\/#\\\/schema\\\/logo\\\/image\\\/\"}},{\"@type\":\"Person\",\"@id\":\"https:\\\/\\\/all4camper.com\\\/cs\\\/#\\\/schema\\\/person\\\/c6f1efdf1d02bc7d8c53a891cbe18c62\",\"name\":\"Kl\u00e1ra H\u00e1jkov\u00e1\",\"sameAs\":[\"http:\\\/\\\/www.all4camper.com\"],\"url\":\"https:\\\/\\\/all4camper.com\\\/cs\\\/author\\\/klarinkacestuje1\\\/\"}]}<\/script>\n<!-- \/ Yoast SEO plugin. -->","yoast_head_json":{"title":"Deset superm\u00edst pro zimn\u00ed kempov\u00e1n\u00ed podle ADAC - All4Camper","description":"All4Camper - Deset superm\u00edst pro zimn\u00ed kempov\u00e1n\u00ed podle ADAC","robots":{"index":"index","follow":"follow","max-snippet":"max-snippet:-1","max-image-preview":"max-image-preview:large","max-video-preview":"max-video-preview:-1"},"canonical":"https:\/\/all4camper.com\/cs\/deset-supermist-pro-zimni-kempovani-podle-adac\/","og_locale":"cs_CZ","og_type":"article","og_title":"Deset superm\u00edst pro zimn\u00ed kempov\u00e1n\u00ed podle ADAC - All4Camper","og_description":"All4Camper - Deset superm\u00edst pro zimn\u00ed kempov\u00e1n\u00ed podle ADAC","og_url":"https:\/\/all4camper.com\/cs\/deset-supermist-pro-zimni-kempovani-podle-adac\/","og_site_name":"All4Camper","article_published_time":"2019-12-01T16:54:18+00:00","article_modified_time":"2021-05-25T13:38:39+00:00","og_image":[{"width":1023,"height":616,"url":"https:\/\/all4camper.com\/wp-content\/uploads\/2019\/12\/zimn\u00ed-kempy.png","type":"image\/png"}],"author":"Kl\u00e1ra H\u00e1jkov\u00e1","twitter_card":"summary_large_image","twitter_misc":{"Napsal(a)":"Kl\u00e1ra H\u00e1jkov\u00e1","Odhadovan\u00e1 doba \u010dten\u00ed":"4 minuty"},"schema":{"@context":"https:\/\/schema.org","@graph":[{"@type":"Article","@id":"https:\/\/all4camper.com\/cs\/deset-supermist-pro-zimni-kempovani-podle-adac\/#article","isPartOf":{"@id":"https:\/\/all4camper.com\/cs\/deset-supermist-pro-zimni-kempovani-podle-adac\/"},"author":{"name":"Kl\u00e1ra H\u00e1jkov\u00e1","@id":"https:\/\/all4camper.com\/cs\/#\/schema\/person\/c6f1efdf1d02bc7d8c53a891cbe18c62"},"headline":"Deset superm\u00edst pro zimn\u00ed kempov\u00e1n\u00ed podle ADAC","datePublished":"2019-12-01T16:54:18+00:00","dateModified":"2021-05-25T13:38:39+00:00","mainEntityOfPage":{"@id":"https:\/\/all4camper.com\/cs\/deset-supermist-pro-zimni-kempovani-podle-adac\/"},"wordCount":801,"publisher":{"@id":"https:\/\/all4camper.com\/cs\/#organization"},"image":{"@id":"https:\/\/all4camper.com\/cs\/deset-supermist-pro-zimni-kempovani-podle-adac\/#primaryimage"},"thumbnailUrl":"https:\/\/all4camper.com\/wp-content\/uploads\/2019\/12\/zimn\u00ed-kempy.png","keywords":["Kempy a kempovac\u00ed m\u00edsta","TOPkempy","Zimn\u00ed kempov\u00e1n\u00ed"],"articleSection":["Kempy a zaj\u00edmav\u00e1 m\u00edsta","TOP kempy","Zimn\u00ed kempov\u00e1n\u00ed"],"inLanguage":"cs"},{"@type":"WebPage","@id":"https:\/\/all4camper.com\/cs\/deset-supermist-pro-zimni-kempovani-podle-adac\/","url":"https:\/\/all4camper.com\/cs\/deset-supermist-pro-zimni-kempovani-podle-adac\/","name":"Deset superm\u00edst pro zimn\u00ed kempov\u00e1n\u00ed podle ADAC - All4Camper","isPartOf":{"@id":"https:\/\/all4camper.com\/cs\/#website"},"primaryImageOfPage":{"@id":"https:\/\/all4camper.com\/cs\/deset-supermist-pro-zimni-kempovani-podle-adac\/#primaryimage"},"image":{"@id":"https:\/\/all4camper.com\/cs\/deset-supermist-pro-zimni-kempovani-podle-adac\/#primaryimage"},"thumbnailUrl":"https:\/\/all4camper.com\/wp-content\/uploads\/2019\/12\/zimn\u00ed-kempy.png","datePublished":"2019-12-01T16:54:18+00:00","dateModified":"2021-05-25T13:38:39+00:00","description":"All4Camper - Deset superm\u00edst pro zimn\u00ed kempov\u00e1n\u00ed podle ADAC","breadcrumb":{"@id":"https:\/\/all4camper.com\/cs\/deset-supermist-pro-zimni-kempovani-podle-adac\/#breadcrumb"},"inLanguage":"cs","potentialAction":[{"@type":"ReadAction","target":["https:\/\/all4camper.com\/cs\/deset-supermist-pro-zimni-kempovani-podle-adac\/"]}]},{"@type":"ImageObject","inLanguage":"cs","@id":"https:\/\/all4camper.com\/cs\/deset-supermist-pro-zimni-kempovani-podle-adac\/#primaryimage","url":"https:\/\/all4camper.com\/wp-content\/uploads\/2019\/12\/zimn\u00ed-kempy.png","contentUrl":"https:\/\/all4camper.com\/wp-content\/uploads\/2019\/12\/zimn\u00ed-kempy.png","width":1023,"height":616},{"@type":"BreadcrumbList","@id":"https:\/\/all4camper.com\/cs\/deset-supermist-pro-zimni-kempovani-podle-adac\/#breadcrumb","itemListElement":[{"@type":"ListItem","position":1,"name":"Dom\u016f","item":"https:\/\/all4camper.com\/cs\/"},{"@type":"ListItem","position":2,"name":"Kempy a zaj\u00edmav\u00e1 m\u00edsta","item":"https:\/\/all4camper.com\/cs\/category\/kempovani-a-zajimave-cile\/"},{"@type":"ListItem","position":3,"name":"Deset superm\u00edst pro zimn\u00ed kempov\u00e1n\u00ed podle ADAC"}]},{"@type":"WebSite","@id":"https:\/\/all4camper.com\/cs\/#website","url":"https:\/\/all4camper.com\/cs\/","name":"All4Camper","description":"Nejv\u011bt\u0161\u00ed online magaz\u00edn o kempov\u00e1n\u00ed a karavaninku. V\u00edce jak 900 \u010dl\u00e1nk\u016f pln\u00fdch rad a tip\u016f o kempech a kempov\u00e1n\u00ed.","publisher":{"@id":"https:\/\/all4camper.com\/cs\/#organization"},"potentialAction":[{"@type":"SearchAction","target":{"@type":"EntryPoint","urlTemplate":"https:\/\/all4camper.com\/cs\/?s={search_term_string}"},"query-input":{"@type":"PropertyValueSpecification","valueRequired":true,"valueName":"search_term_string"}}],"inLanguage":"cs"},{"@type":"Organization","@id":"https:\/\/all4camper.com\/cs\/#organization","name":"All4Camper - kempujeme s Kl\u00e1rou","url":"https:\/\/all4camper.com\/cs\/","logo":{"@type":"ImageObject","inLanguage":"cs","@id":"https:\/\/all4camper.com\/cs\/#\/schema\/logo\/image\/","url":"https:\/\/all4camper.com\/wp-content\/uploads\/2018\/09\/novelogo.png","contentUrl":"https:\/\/all4camper.com\/wp-content\/uploads\/2018\/09\/novelogo.png","width":1520,"height":600,"caption":"All4Camper - kempujeme s Kl\u00e1rou"},"image":{"@id":"https:\/\/all4camper.com\/cs\/#\/schema\/logo\/image\/"}},{"@type":"Person","@id":"https:\/\/all4camper.com\/cs\/#\/schema\/person\/c6f1efdf1d02bc7d8c53a891cbe18c62","name":"Kl\u00e1ra H\u00e1jkov\u00e1","sameAs":["http:\/\/www.all4camper.com"],"url":"https:\/\/all4camper.com\/cs\/author\/klarinkacestuje1\/"}]}},"_links":{"self":[{"href":"https:\/\/all4camper.com\/cs\/wp-json\/wp\/v2\/posts\/83088","targetHints":{"allow":["GET"]}}],"collection":[{"href":"https:\/\/all4camper.com\/cs\/wp-json\/wp\/v2\/posts"}],"about":[{"href":"https:\/\/all4camper.com\/cs\/wp-json\/wp\/v2\/types\/post"}],"author":[{"embeddable":true,"href":"https:\/\/all4camper.com\/cs\/wp-json\/wp\/v2\/users\/4"}],"replies":[{"embeddable":true,"href":"https:\/\/all4camper.com\/cs\/wp-json\/wp\/v2\/comments?post=83088"}],"version-history":[{"count":0,"href":"https:\/\/all4camper.com\/cs\/wp-json\/wp\/v2\/posts\/83088\/revisions"}],"wp:featuredmedia":[{"embeddable":true,"href":"https:\/\/all4camper.com\/cs\/wp-json\/wp\/v2\/media\/83609"}],"wp:attachment":[{"href":"https:\/\/all4camper.com\/cs\/wp-json\/wp\/v2\/media?parent=83088"}],"wp:term":[{"taxonomy":"category","embeddable":true,"href":"https:\/\/all4camper.com\/cs\/wp-json\/wp\/v2\/categories?post=83088"},{"taxonomy":"post_tag","embeddable":true,"href":"https:\/\/all4camper.com\/cs\/wp-json\/wp\/v2\/tags?post=83088"}],"curies":[{"name":"wp","href":"https:\/\/api.w.org\/{rel}","templated":true}]}}