{"id":83035,"date":"2019-11-18T10:44:37","date_gmt":"2019-11-18T09:44:37","guid":{"rendered":"https:\/\/all4camper.com\/\/?p=83035"},"modified":"2020-04-21T12:44:36","modified_gmt":"2020-04-21T10:44:36","slug":"adventni-trhy-v-zahrebu-a-rijece-jak-jinak-nez-z-kempu","status":"publish","type":"post","link":"https:\/\/all4camper.com\/cs\/adventni-trhy-v-zahrebu-a-rijece-jak-jinak-nez-z-kempu\/","title":{"rendered":"Adventn\u00ed trhy v Z\u00e1h\u0159ebu a Rijece spojen\u00e9 se zimn\u00edm kempov\u00e1n\u00edm"},"content":{"rendered":"\n<h4 class=\"wp-block-heading\"><strong>Adventn\u00ed trhy v&nbsp;Chorvatsku jsou prost\u011b par\u00e1dn\u00ed. V\u00e1\u017en\u011b. \u00dapln\u011b jin\u00e9 ne\u017e ty, jak\u00e9 zn\u00e1me nap\u0159\u00edklad z&nbsp;N\u011bmecka a Rakouska. A p\u0159itom jsou p\u0159ipraven\u00e9 snad s&nbsp;je\u0161t\u011b v\u011bt\u0161\u00ed preciznost\u00ed. No a pokud se vyd\u00e1te do n\u011bkter\u00e9 z&nbsp;p\u0159\u00edmo\u0159sk\u00fdch lokalit, tak Rolni\u010dky dopln\u011bn\u00e9 podkresem \u0161um\u011bn\u00edm vln budou z\u00e1\u017eitek! Nav\u00edc i v&nbsp;Chorvatsku maj\u00ed celoro\u010dn\u011b otev\u0159en\u00e9 kempy, kde bude m\u00edt v\u00e1\u0161 karavan, stejn\u011b jako vy, ve\u0161ker\u00fd pot\u0159ebn\u00fd servis. <\/strong><\/h4>\n\n\n\n<figure class=\"wp-block-image\"><img loading=\"lazy\" decoding=\"async\" width=\"1620\" height=\"1080\" src=\"https:\/\/all4camper.com\/\/wp-content\/uploads\/2019\/11\/advent-in-klovievi-dvori-julien-duval-5d68f6b57af56-1620x1080.jpg\" alt=\"\" class=\"wp-image-83036\" srcset=\"https:\/\/all4camper.com\/wp-content\/uploads\/2019\/11\/advent-in-klovievi-dvori-julien-duval-5d68f6b57af56-1620x1080.jpg 1620w, https:\/\/all4camper.com\/wp-content\/uploads\/2019\/11\/advent-in-klovievi-dvori-julien-duval-5d68f6b57af56-300x200.jpg 300w, https:\/\/all4camper.com\/wp-content\/uploads\/2019\/11\/advent-in-klovievi-dvori-julien-duval-5d68f6b57af56-150x100.jpg 150w, https:\/\/all4camper.com\/wp-content\/uploads\/2019\/11\/advent-in-klovievi-dvori-julien-duval-5d68f6b57af56-768x512.jpg 768w, https:\/\/all4camper.com\/wp-content\/uploads\/2019\/11\/advent-in-klovievi-dvori-julien-duval-5d68f6b57af56-1536x1024.jpg 1536w, https:\/\/all4camper.com\/wp-content\/uploads\/2019\/11\/advent-in-klovievi-dvori-julien-duval-5d68f6b57af56-2048x1366.jpg 2048w\" sizes=\"auto, (max-width: 1620px) 100vw, 1620px\" \/><figcaption>Zdroj: <a href=\"http:\/\/www.adventzagreb.com\/\">www.adventzagreb.com<\/a><\/figcaption><\/figure>\n\n\n\n<p>Z&nbsp;vlastn\u00ed zku\u0161enosti v\u00edm, \u017ee n\u00e1pad vydat se za V\u00e1nocemi pr\u00e1v\u011b do Chorvatska nadchne hodn\u011b lid\u00ed. Ostatn\u011b uvid\u00edte sami! Tentokr\u00e1t si zajedeme jen na sever, abych v\u00e1s u\u0161et\u0159ila dlouh\u00e9 cesty. Doporu\u010duji za\u010d\u00edt v&nbsp;Z\u00e1h\u0159ebu a pak se p\u0159esunout k&nbsp;mo\u0159i. No a pokud si napl\u00e1nujete volno na v\u00edc dn\u00ed, m\u016f\u017eete to spojit t\u0159eba s&nbsp;n\u00e1v\u0161t\u011bvou n\u011bkter\u00fdch z&nbsp;mnoha term\u00e1ln\u00edch l\u00e1zn\u00ed ve Slovinsku. Inspirujte se t\u0159eba tady: <a rel=\"noreferrer noopener\" aria-label=\" (opens in a new tab)\" href=\"\/?p=82603\" target=\"_blank\">term\u00e1ln\u00ed l\u00e1zn\u011b Slovinsko<\/a>. Tak a te\u010f u\u017e nasadit \u010depice, jedeme poznat chorvatsk\u00fd advent!<\/p>\n\n\n\n<h4 class=\"wp-block-heading\"><strong>Ty nejkr\u00e1sn\u011bj\u0161\u00ed trhy v&nbsp;Z\u00e1h\u0159ebu<\/strong><\/h4>\n\n\n\n<p>Adventn\u00ed trhy v&nbsp;Z\u00e1h\u0159ebu na sebe mohou b\u00fdt pr\u00e1vem py\u0161n\u00e9. <strong>V&nbsp;letech 2016, 2017 a 2018 byly vyhl\u00e1\u0161eny jako nejlep\u0161\u00ed evropsk\u00e9 trhy v\u016fbec.<\/strong> Ostatn\u011b, koukn\u011bte na jejich str\u00e1nky (<a rel=\"noreferrer noopener\" aria-label=\" (opens in a new tab)\" href=\"http:\/\/www.adventzagreb.com\/\" target=\"_blank\">adventzagreb<\/a>). A to u\u017e rozhodn\u011b stoj\u00ed za zamy\u0161len\u00ed, pro\u010d v\u00e1\u017eit trochu del\u0161\u00ed cestu. Sout\u011b\u017eit u\u017e d\u00edky t\u0159em v\u00fdhr\u00e1m sice nemohou, ale jsem p\u0159esv\u011bd\u010den\u00e1, \u017ee n\u00e1dhern\u00e9 budou i bez toho. Letos trhy za\u010d\u00ednaj\u00ed 30. listopadu a kon\u010d\u00ed 7. ledna. Cel\u00e1 adventn\u00ed sl\u00e1va je rozd\u011blena do n\u011bkolika z\u00f3n, nechyb\u00ed ani koncertn\u00ed p\u00f3dia \u010di kluzi\u0161t\u011b. Ostatn\u011b program takt\u00e9\u017e naleznete na jejich str\u00e1nk\u00e1ch. No ale jak u\u017e je v&nbsp;Chorvatsku obecn\u011b zvykem, \u00fast\u0159edn\u00ed roli hraje j\u00eddlo a pit\u00ed a sv\u00e9 st\u00e1nky tu maj\u00ed p\u0159edn\u00ed chorvatsk\u00e9 restaurace. Pr\u0161ut a chobotnicov\u00fd sal\u00e1t u strome\u010dku? Pro\u010d ne! Je to v\u00e1\u017en\u011b z\u00e1\u017eitek.  <\/p>\n\n\n\n<figure class=\"wp-block-image\"><img loading=\"lazy\" decoding=\"async\" width=\"1620\" height=\"1080\" src=\"https:\/\/all4camper.com\/\/wp-content\/uploads\/2019\/11\/advent-on-zrinjevac-julien-duval-5c9b7254ca27f-1620x1080.jpg\" alt=\"\" class=\"wp-image-83037\" srcset=\"https:\/\/all4camper.com\/wp-content\/uploads\/2019\/11\/advent-on-zrinjevac-julien-duval-5c9b7254ca27f-1620x1080.jpg 1620w, https:\/\/all4camper.com\/wp-content\/uploads\/2019\/11\/advent-on-zrinjevac-julien-duval-5c9b7254ca27f-300x200.jpg 300w, https:\/\/all4camper.com\/wp-content\/uploads\/2019\/11\/advent-on-zrinjevac-julien-duval-5c9b7254ca27f-150x100.jpg 150w, https:\/\/all4camper.com\/wp-content\/uploads\/2019\/11\/advent-on-zrinjevac-julien-duval-5c9b7254ca27f-768x512.jpg 768w, https:\/\/all4camper.com\/wp-content\/uploads\/2019\/11\/advent-on-zrinjevac-julien-duval-5c9b7254ca27f-1536x1024.jpg 1536w, https:\/\/all4camper.com\/wp-content\/uploads\/2019\/11\/advent-on-zrinjevac-julien-duval-5c9b7254ca27f-2048x1366.jpg 2048w\" sizes=\"auto, (max-width: 1620px) 100vw, 1620px\" \/><figcaption>Zdroj: <a href=\"http:\/\/www.adventzagreb.com\/\">www.adventzagreb.com<\/a><\/figcaption><\/figure>\n\n\n\n<h4 class=\"wp-block-heading\"><strong>Kempov\u00e1n\u00ed u Z\u00e1h\u0159ebu se \u010dty\u0159mi hv\u011bzdami<\/strong><\/h4>\n\n\n\n<p>Camp Zagreb je par\u00e1dn\u00ed m\u00edsto, kter\u00e9 ocen\u00edte celoro\u010dn\u011b. On toti\u017e Z\u00e1h\u0159eb jako takov\u00fd je moc p\u011bkn\u00e9 m\u011bsto, kter\u00e9 ur\u010dit\u011b stoj\u00ed za n\u00e1v\u0161t\u011bvu a ne jen, abychom ho m\u011bli jako orienta\u010dn\u00ed bod cestou t\u0159eba na Makarskou. Perfektn\u011b upraven\u00e1 m\u00edsta pro obytn\u00e9 vozy, ale t\u0159eba i wellness chaty s&nbsp;vlastn\u00ed v\u00ed\u0159ivkou nemaj\u00ed chybu. Wellness z\u00f3na je pak v&nbsp;kempu i samostatn\u011b a hlad m\u016f\u017eete uti\u0161it v&nbsp;tamn\u00ed restauraci, \u017e\u00edze\u0148 zase v&nbsp;baru. V&nbsp;l\u00e9t\u011b pak maj\u00ed v&nbsp;nab\u00eddce nap\u0159\u00edklad p\u016fj\u010dovnu kajak\u016f, ryba\u0159en\u00ed, nebo proj\u00ed\u017e\u010fky na kon\u00edch. Do centra Z\u00e1h\u0159ebu se snadno dostanete pomoc\u00ed MHD. Uvid\u00edte, \u017ee je to mimo\u0159\u00e1dn\u011b p\u0159\u00edjemn\u00e9 m\u00edsto kam se budete r\u00e1di vracet. <a rel=\"noreferrer noopener\" aria-label=\" (opens in a new tab)\" href=\"http:\/\/www.campzagreb.com\/en\/\" target=\"_blank\">campzagreb<\/a><\/p>\n\n\n\n<figure class=\"wp-block-image\"><img loading=\"lazy\" decoding=\"async\" width=\"1698\" height=\"614\" src=\"https:\/\/all4camper.com\/\/wp-content\/uploads\/2019\/11\/CampZagreb-panorama.jpg\" alt=\"\" class=\"wp-image-83038\" srcset=\"https:\/\/all4camper.com\/wp-content\/uploads\/2019\/11\/CampZagreb-panorama.jpg 1698w, https:\/\/all4camper.com\/wp-content\/uploads\/2019\/11\/CampZagreb-panorama-300x108.jpg 300w, https:\/\/all4camper.com\/wp-content\/uploads\/2019\/11\/CampZagreb-panorama-150x54.jpg 150w, https:\/\/all4camper.com\/wp-content\/uploads\/2019\/11\/CampZagreb-panorama-768x278.jpg 768w, https:\/\/all4camper.com\/wp-content\/uploads\/2019\/11\/CampZagreb-panorama-1536x555.jpg 1536w\" sizes=\"auto, (max-width: 1698px) 100vw, 1698px\" \/><figcaption>Zdroj: www.campzagreb.com<\/figcaption><\/figure>\n\n\n\n<h4 class=\"wp-block-heading\"><strong>V\u00e1no\u010dn\u00ed trhy v&nbsp;Karlovaci<\/strong><\/h4>\n\n\n\n<p>Cestou k&nbsp;mo\u0159sk\u00fdm trh\u016fm budete proj\u00ed\u017ed\u011bt i m\u011bstem Karlovac. A doporu\u010duji jen neproj\u00ed\u017ed\u011bt, ale tak\u00e9 se zastavit. I tam to toti\u017e \u017eije V\u00e1nocemi (<a rel=\"noreferrer noopener\" aria-label=\" (opens in a new tab)\" href=\"https:\/\/adventkarlovac.com\/\" target=\"_blank\">adventkarlovac).<\/a> Tamn\u00ed trhy prob\u00edhaj\u00ed od 14. do 31. prosince, a i kdy\u017e jsou komorn\u011bj\u0161\u00ed, ne\u017e v&nbsp;Z\u00e1h\u0159ebu, tak ka\u017ed\u00fd den m\u00e1 sv\u016fj speci\u00e1ln\u00ed program a v\u011b\u0159te mi, \u017ee o hork\u00e9m Karlova\u010dku budete na letn\u00ed dovolen\u00e9 vypr\u00e1v\u011bt. V&nbsp;jak\u00e9m smyslu? No\u2026 Co \u010dlov\u011bk, to n\u00e1zor. Ka\u017edop\u00e1dn\u011b zdej\u0161\u00ed trhy jsou hrou sv\u011btel a barev, kterou nejv\u00edce ocen\u00edte, kdy\u017e u\u017e se stm\u00edv\u00e1. <\/p>\n\n\n\n<figure class=\"wp-block-image\"><img loading=\"lazy\" decoding=\"async\" width=\"1620\" height=\"1080\" src=\"https:\/\/all4camper.com\/\/wp-content\/uploads\/2019\/11\/IzvanFokusa-0308-1-1620x1080.jpg\" alt=\"\" class=\"wp-image-83039\" srcset=\"https:\/\/all4camper.com\/wp-content\/uploads\/2019\/11\/IzvanFokusa-0308-1-1620x1080.jpg 1620w, https:\/\/all4camper.com\/wp-content\/uploads\/2019\/11\/IzvanFokusa-0308-1-300x200.jpg 300w, https:\/\/all4camper.com\/wp-content\/uploads\/2019\/11\/IzvanFokusa-0308-1-150x100.jpg 150w, https:\/\/all4camper.com\/wp-content\/uploads\/2019\/11\/IzvanFokusa-0308-1-768x512.jpg 768w, https:\/\/all4camper.com\/wp-content\/uploads\/2019\/11\/IzvanFokusa-0308-1-1536x1024.jpg 1536w, https:\/\/all4camper.com\/wp-content\/uploads\/2019\/11\/IzvanFokusa-0308-1.jpg 2048w\" sizes=\"auto, (max-width: 1620px) 100vw, 1620px\" \/><figcaption>Zdroj: <a href=\"https:\/\/adventkarlovac.com\/\">adventkarlovac.com<\/a><\/figcaption><\/figure>\n\n\n\n<h4 class=\"wp-block-heading\"><strong>Rolni\u010dkami zn\u011bj\u00edc\u00ed Rijeka<\/strong><\/h4>\n\n\n\n<p>A te\u010f u\u017e k&nbsp;t\u011bm trh\u016f, kde se m\u00eds\u00ed v\u016fn\u011b cukrov\u00ed s&nbsp;mo\u0159skou br\u00edzou. Rijeka m\u016f\u017ee n\u011bkdy p\u016fsobit tak trochu \u201etov\u00e1rn\u011b\u201c. Tak je to p\u0159ece jen velik\u00fd p\u0159\u00edstav. Nicm\u00e9n\u011b v&nbsp;dob\u011b adventu obl\u00e9k\u00e1 velmi slavnostn\u00ed kab\u00e1tek (v\u00edce informac\u00ed na <a rel=\"noreferrer noopener\" aria-label=\" (opens in a new tab)\" href=\"http:\/\/www.rijekaadvent.com\/\" target=\"_blank\">rijekaadvent<\/a>). Na jejich str\u00e1nk\u00e1ch si ud\u011bl\u00e1te celkem p\u0159esnou p\u0159edstavu a v\u011b\u0159\u00edm, \u017ee v\u00e1s to nal\u00e1k\u00e1. Nav\u00edc tam najdete i p\u0159ehlednou mapku. V\u0161e za\u010d\u00edn\u00e1 30. listopadu a kon\u010d\u00ed 7. ledna. Tak co, d\u00e1te si letos sva\u0159\u00e1k spolu se sma\u017een\u00fdmi kalam\u00e1ry a m\u00edsto koulova\u010dky smo\u010d\u00edte alespo\u0148 kotn\u00edk v&nbsp;Jadranu? <\/p>\n\n\n\n<p>\u010c\u00edm v\u00e1s v&nbsp;tomto p\u0159\u00edpad\u011b ov\u0161em zklamu, je fakt, \u017ee kempy jsou tu v&nbsp;zimn\u00ed sez\u00f3n\u011b vesm\u011bs zav\u0159en\u00e9. Nicm\u00e9n\u011b nen\u00ed t\u0159eba zoufat, v\u017edy jsme si vytipovali restauraci s&nbsp;vlastn\u00edm parkovi\u0161t\u011bm a po domluv\u011b s&nbsp;majiteli za drobn\u00fd poplatek, nebo za to, \u017ee jsme si dali po\u0159\u00e1dnou ve\u010de\u0159i, st\u00e1li u nich. Obvykle byli velice vst\u0159\u00edcn\u00ed a sp\u00ed\u0161e p\u0159ekvapen\u00ed, co tam v&nbsp;tuhle ro\u010dn\u00ed dobu \u201evyv\u00e1d\u00edme\u201c a na pohodov\u00e9 sv\u00e1tky jsme si p\u0159i\u0165ukli rakij\u00ed!<\/p>\n\n\n\n<figure class=\"wp-block-image\"><img loading=\"lazy\" decoding=\"async\" width=\"599\" height=\"401\" src=\"https:\/\/all4camper.com\/\/wp-content\/uploads\/2019\/11\/advent_kobler.jpg\" alt=\"\" class=\"wp-image-83040\" srcset=\"https:\/\/all4camper.com\/wp-content\/uploads\/2019\/11\/advent_kobler.jpg 599w, https:\/\/all4camper.com\/wp-content\/uploads\/2019\/11\/advent_kobler-150x100.jpg 150w, https:\/\/all4camper.com\/wp-content\/uploads\/2019\/11\/advent_kobler-300x201.jpg 300w\" sizes=\"auto, (max-width: 599px) 100vw, 599px\" \/><figcaption>Zdroj: www.rijekaadvent.com<\/figcaption><\/figure>\n","protected":false},"excerpt":{"rendered":"<p>Adventn\u00ed trhy v&nbsp;Chorvatsku jsou prost\u011b par\u00e1dn\u00ed. V\u00e1\u017en\u011b. \u00dapln\u011b jin\u00e9 ne\u017e ty, jak\u00e9 zn\u00e1me nap\u0159\u00edklad z&nbsp;N\u011bmecka a Rakouska. A p\u0159itom jsou p\u0159ipraven\u00e9 snad s&nbsp;je\u0161t\u011b v\u011bt\u0161\u00ed preciznost\u00ed. No a pokud se vyd\u00e1te do n\u011bkter\u00e9 z&nbsp;p\u0159\u00edmo\u0159sk\u00fdch lokalit, tak Rolni\u010dky dopln\u011bn\u00e9 podkresem \u0161um\u011bn\u00edm vln budou z\u00e1\u017eitek! Nav\u00edc i v&nbsp;Chorvatsku maj\u00ed celoro\u010dn\u011b otev\u0159en\u00e9 kempy, kde bude m\u00edt v\u00e1\u0161 karavan, stejn\u011b [&hellip;]<\/p>\n","protected":false},"author":161,"featured_media":83616,"comment_status":"closed","ping_status":"open","sticky":false,"template":"","format":"standard","meta":{"_monsterinsights_skip_tracking":false,"_monsterinsights_sitenote_active":false,"_monsterinsights_sitenote_note":"","_monsterinsights_sitenote_category":0,"footnotes":""},"categories":[2382,341],"tags":[112,321],"class_list":{"0":"post-83035","1":"post","2":"type-post","3":"status-publish","4":"format-standard","5":"has-post-thumbnail","7":"category-kempovani-a-cestovani-v-chorvatsku","8":"category-zimni-kempovani","9":"tag-chorvatsko","10":"tag-winter-camping"},"yoast_head":"<!-- This site is optimized with the Yoast SEO plugin v27.5 - https:\/\/yoast.com\/product\/yoast-seo-wordpress\/ -->\n<title>Adventn\u00ed trhy v Z\u00e1h\u0159ebu a Rijece spojen\u00e9 se zimn\u00edm kempov\u00e1n\u00edm - All4Camper<\/title>\n<meta name=\"description\" content=\"All4Camper - Adventn\u00ed trhy v Z\u00e1h\u0159ebu a Rijece spojen\u00e9 se zimn\u00edm kempov\u00e1n\u00edm\" \/>\n<meta name=\"robots\" content=\"index, follow, max-snippet:-1, max-image-preview:large, max-video-preview:-1\" \/>\n<link rel=\"canonical\" href=\"https:\/\/all4camper.com\/cs\/adventni-trhy-v-zahrebu-a-rijece-jak-jinak-nez-z-kempu\/\" \/>\n<meta property=\"og:locale\" content=\"cs_CZ\" \/>\n<meta property=\"og:type\" content=\"article\" \/>\n<meta property=\"og:title\" content=\"Adventn\u00ed trhy v Z\u00e1h\u0159ebu a Rijece spojen\u00e9 se zimn\u00edm kempov\u00e1n\u00edm - All4Camper\" \/>\n<meta property=\"og:description\" content=\"All4Camper - Adventn\u00ed trhy v Z\u00e1h\u0159ebu a Rijece spojen\u00e9 se zimn\u00edm kempov\u00e1n\u00edm\" \/>\n<meta property=\"og:url\" content=\"https:\/\/all4camper.com\/cs\/adventni-trhy-v-zahrebu-a-rijece-jak-jinak-nez-z-kempu\/\" \/>\n<meta property=\"og:site_name\" content=\"All4Camper\" \/>\n<meta property=\"article:published_time\" content=\"2019-11-18T09:44:37+00:00\" \/>\n<meta property=\"article:modified_time\" content=\"2020-04-21T10:44:36+00:00\" \/>\n<meta property=\"og:image\" content=\"https:\/\/all4camper.com\/\/wp-content\/uploads\/2019\/11\/adventn\u00ed-trhy-chorvatsko_FB.png\" \/>\n<meta name=\"author\" content=\"Kate\u0159ina\" \/>\n<meta name=\"twitter:card\" content=\"summary_large_image\" \/>\n<meta name=\"twitter:label1\" content=\"Napsal(a)\" \/>\n\t<meta name=\"twitter:data1\" content=\"Kate\u0159ina\" \/>\n\t<meta name=\"twitter:label2\" content=\"Odhadovan\u00e1 doba \u010dten\u00ed\" \/>\n\t<meta name=\"twitter:data2\" content=\"5 minut\" \/>\n<script type=\"application\/ld+json\" class=\"yoast-schema-graph\">{\"@context\":\"https:\\\/\\\/schema.org\",\"@graph\":[{\"@type\":\"Article\",\"@id\":\"https:\\\/\\\/all4camper.com\\\/cs\\\/adventni-trhy-v-zahrebu-a-rijece-jak-jinak-nez-z-kempu\\\/#article\",\"isPartOf\":{\"@id\":\"https:\\\/\\\/all4camper.com\\\/cs\\\/adventni-trhy-v-zahrebu-a-rijece-jak-jinak-nez-z-kempu\\\/\"},\"author\":{\"name\":\"Kate\u0159ina\",\"@id\":\"https:\\\/\\\/all4camper.com\\\/cs\\\/#\\\/schema\\\/person\\\/9349489688d4c221ca0fc39ae6bcb70b\"},\"headline\":\"Adventn\u00ed trhy v Z\u00e1h\u0159ebu a Rijece spojen\u00e9 se zimn\u00edm kempov\u00e1n\u00edm\",\"datePublished\":\"2019-11-18T09:44:37+00:00\",\"dateModified\":\"2020-04-21T10:44:36+00:00\",\"mainEntityOfPage\":{\"@id\":\"https:\\\/\\\/all4camper.com\\\/cs\\\/adventni-trhy-v-zahrebu-a-rijece-jak-jinak-nez-z-kempu\\\/\"},\"wordCount\":924,\"publisher\":{\"@id\":\"https:\\\/\\\/all4camper.com\\\/cs\\\/#organization\"},\"image\":{\"@id\":\"https:\\\/\\\/all4camper.com\\\/cs\\\/adventni-trhy-v-zahrebu-a-rijece-jak-jinak-nez-z-kempu\\\/#primaryimage\"},\"thumbnailUrl\":\"https:\\\/\\\/all4camper.com\\\/wp-content\\\/uploads\\\/2019\\\/11\\\/adventn\u00ed-trhy-chorvatsko_clanek.png\",\"keywords\":[\"Chorvatsko\",\"Zimn\u00ed kempov\u00e1n\u00ed\"],\"articleSection\":[\"Kempov\u00e1n\u00ed a cestov\u00e1n\u00ed v Chorvatsku\",\"Zimn\u00ed kempov\u00e1n\u00ed\"],\"inLanguage\":\"cs\"},{\"@type\":\"WebPage\",\"@id\":\"https:\\\/\\\/all4camper.com\\\/cs\\\/adventni-trhy-v-zahrebu-a-rijece-jak-jinak-nez-z-kempu\\\/\",\"url\":\"https:\\\/\\\/all4camper.com\\\/cs\\\/adventni-trhy-v-zahrebu-a-rijece-jak-jinak-nez-z-kempu\\\/\",\"name\":\"Adventn\u00ed trhy v Z\u00e1h\u0159ebu a Rijece spojen\u00e9 se zimn\u00edm kempov\u00e1n\u00edm - All4Camper\",\"isPartOf\":{\"@id\":\"https:\\\/\\\/all4camper.com\\\/cs\\\/#website\"},\"primaryImageOfPage\":{\"@id\":\"https:\\\/\\\/all4camper.com\\\/cs\\\/adventni-trhy-v-zahrebu-a-rijece-jak-jinak-nez-z-kempu\\\/#primaryimage\"},\"image\":{\"@id\":\"https:\\\/\\\/all4camper.com\\\/cs\\\/adventni-trhy-v-zahrebu-a-rijece-jak-jinak-nez-z-kempu\\\/#primaryimage\"},\"thumbnailUrl\":\"https:\\\/\\\/all4camper.com\\\/wp-content\\\/uploads\\\/2019\\\/11\\\/adventn\u00ed-trhy-chorvatsko_clanek.png\",\"datePublished\":\"2019-11-18T09:44:37+00:00\",\"dateModified\":\"2020-04-21T10:44:36+00:00\",\"description\":\"All4Camper - Adventn\u00ed trhy v Z\u00e1h\u0159ebu a Rijece spojen\u00e9 se zimn\u00edm kempov\u00e1n\u00edm\",\"breadcrumb\":{\"@id\":\"https:\\\/\\\/all4camper.com\\\/cs\\\/adventni-trhy-v-zahrebu-a-rijece-jak-jinak-nez-z-kempu\\\/#breadcrumb\"},\"inLanguage\":\"cs\",\"potentialAction\":[{\"@type\":\"ReadAction\",\"target\":[\"https:\\\/\\\/all4camper.com\\\/cs\\\/adventni-trhy-v-zahrebu-a-rijece-jak-jinak-nez-z-kempu\\\/\"]}]},{\"@type\":\"ImageObject\",\"inLanguage\":\"cs\",\"@id\":\"https:\\\/\\\/all4camper.com\\\/cs\\\/adventni-trhy-v-zahrebu-a-rijece-jak-jinak-nez-z-kempu\\\/#primaryimage\",\"url\":\"https:\\\/\\\/all4camper.com\\\/wp-content\\\/uploads\\\/2019\\\/11\\\/adventn\u00ed-trhy-chorvatsko_clanek.png\",\"contentUrl\":\"https:\\\/\\\/all4camper.com\\\/wp-content\\\/uploads\\\/2019\\\/11\\\/adventn\u00ed-trhy-chorvatsko_clanek.png\",\"width\":1200,\"height\":695},{\"@type\":\"BreadcrumbList\",\"@id\":\"https:\\\/\\\/all4camper.com\\\/cs\\\/adventni-trhy-v-zahrebu-a-rijece-jak-jinak-nez-z-kempu\\\/#breadcrumb\",\"itemListElement\":[{\"@type\":\"ListItem\",\"position\":1,\"name\":\"Dom\u016f\",\"item\":\"https:\\\/\\\/all4camper.com\\\/cs\\\/\"},{\"@type\":\"ListItem\",\"position\":2,\"name\":\"Kempov\u00e1n\u00ed a cestov\u00e1n\u00ed v Chorvatsku\",\"item\":\"https:\\\/\\\/all4camper.com\\\/cs\\\/category\\\/kempovani-a-cestovani-v-chorvatsku\\\/\"},{\"@type\":\"ListItem\",\"position\":3,\"name\":\"Adventn\u00ed trhy v Z\u00e1h\u0159ebu a Rijece spojen\u00e9 se zimn\u00edm kempov\u00e1n\u00edm\"}]},{\"@type\":\"WebSite\",\"@id\":\"https:\\\/\\\/all4camper.com\\\/cs\\\/#website\",\"url\":\"https:\\\/\\\/all4camper.com\\\/cs\\\/\",\"name\":\"All4Camper\",\"description\":\"Nejv\u011bt\u0161\u00ed online magaz\u00edn o kempov\u00e1n\u00ed a karavaninku. V\u00edce jak 900 \u010dl\u00e1nk\u016f pln\u00fdch rad a tip\u016f o kempech a kempov\u00e1n\u00ed.\",\"publisher\":{\"@id\":\"https:\\\/\\\/all4camper.com\\\/cs\\\/#organization\"},\"potentialAction\":[{\"@type\":\"SearchAction\",\"target\":{\"@type\":\"EntryPoint\",\"urlTemplate\":\"https:\\\/\\\/all4camper.com\\\/cs\\\/?s={search_term_string}\"},\"query-input\":{\"@type\":\"PropertyValueSpecification\",\"valueRequired\":true,\"valueName\":\"search_term_string\"}}],\"inLanguage\":\"cs\"},{\"@type\":\"Organization\",\"@id\":\"https:\\\/\\\/all4camper.com\\\/cs\\\/#organization\",\"name\":\"All4Camper - kempujeme s Kl\u00e1rou\",\"url\":\"https:\\\/\\\/all4camper.com\\\/cs\\\/\",\"logo\":{\"@type\":\"ImageObject\",\"inLanguage\":\"cs\",\"@id\":\"https:\\\/\\\/all4camper.com\\\/cs\\\/#\\\/schema\\\/logo\\\/image\\\/\",\"url\":\"https:\\\/\\\/all4camper.com\\\/wp-content\\\/uploads\\\/2018\\\/09\\\/novelogo.png\",\"contentUrl\":\"https:\\\/\\\/all4camper.com\\\/wp-content\\\/uploads\\\/2018\\\/09\\\/novelogo.png\",\"width\":1520,\"height\":600,\"caption\":\"All4Camper - kempujeme s Kl\u00e1rou\"},\"image\":{\"@id\":\"https:\\\/\\\/all4camper.com\\\/cs\\\/#\\\/schema\\\/logo\\\/image\\\/\"}},{\"@type\":\"Person\",\"@id\":\"https:\\\/\\\/all4camper.com\\\/cs\\\/#\\\/schema\\\/person\\\/9349489688d4c221ca0fc39ae6bcb70b\",\"name\":\"Kate\u0159ina\",\"url\":\"https:\\\/\\\/all4camper.com\\\/cs\\\/author\\\/kterina\\\/\"}]}<\/script>\n<!-- \/ Yoast SEO plugin. -->","yoast_head_json":{"title":"Adventn\u00ed trhy v Z\u00e1h\u0159ebu a Rijece spojen\u00e9 se zimn\u00edm kempov\u00e1n\u00edm - All4Camper","description":"All4Camper - Adventn\u00ed trhy v Z\u00e1h\u0159ebu a Rijece spojen\u00e9 se zimn\u00edm kempov\u00e1n\u00edm","robots":{"index":"index","follow":"follow","max-snippet":"max-snippet:-1","max-image-preview":"max-image-preview:large","max-video-preview":"max-video-preview:-1"},"canonical":"https:\/\/all4camper.com\/cs\/adventni-trhy-v-zahrebu-a-rijece-jak-jinak-nez-z-kempu\/","og_locale":"cs_CZ","og_type":"article","og_title":"Adventn\u00ed trhy v Z\u00e1h\u0159ebu a Rijece spojen\u00e9 se zimn\u00edm kempov\u00e1n\u00edm - All4Camper","og_description":"All4Camper - Adventn\u00ed trhy v Z\u00e1h\u0159ebu a Rijece spojen\u00e9 se zimn\u00edm kempov\u00e1n\u00edm","og_url":"https:\/\/all4camper.com\/cs\/adventni-trhy-v-zahrebu-a-rijece-jak-jinak-nez-z-kempu\/","og_site_name":"All4Camper","article_published_time":"2019-11-18T09:44:37+00:00","article_modified_time":"2020-04-21T10:44:36+00:00","og_image":[{"url":"https:\/\/all4camper.com\/\/wp-content\/uploads\/2019\/11\/adventn\u00ed-trhy-chorvatsko_FB.png","type":"","width":"","height":""}],"author":"Kate\u0159ina","twitter_card":"summary_large_image","twitter_misc":{"Napsal(a)":"Kate\u0159ina","Odhadovan\u00e1 doba \u010dten\u00ed":"5 minut"},"schema":{"@context":"https:\/\/schema.org","@graph":[{"@type":"Article","@id":"https:\/\/all4camper.com\/cs\/adventni-trhy-v-zahrebu-a-rijece-jak-jinak-nez-z-kempu\/#article","isPartOf":{"@id":"https:\/\/all4camper.com\/cs\/adventni-trhy-v-zahrebu-a-rijece-jak-jinak-nez-z-kempu\/"},"author":{"name":"Kate\u0159ina","@id":"https:\/\/all4camper.com\/cs\/#\/schema\/person\/9349489688d4c221ca0fc39ae6bcb70b"},"headline":"Adventn\u00ed trhy v Z\u00e1h\u0159ebu a Rijece spojen\u00e9 se zimn\u00edm kempov\u00e1n\u00edm","datePublished":"2019-11-18T09:44:37+00:00","dateModified":"2020-04-21T10:44:36+00:00","mainEntityOfPage":{"@id":"https:\/\/all4camper.com\/cs\/adventni-trhy-v-zahrebu-a-rijece-jak-jinak-nez-z-kempu\/"},"wordCount":924,"publisher":{"@id":"https:\/\/all4camper.com\/cs\/#organization"},"image":{"@id":"https:\/\/all4camper.com\/cs\/adventni-trhy-v-zahrebu-a-rijece-jak-jinak-nez-z-kempu\/#primaryimage"},"thumbnailUrl":"https:\/\/all4camper.com\/wp-content\/uploads\/2019\/11\/adventn\u00ed-trhy-chorvatsko_clanek.png","keywords":["Chorvatsko","Zimn\u00ed kempov\u00e1n\u00ed"],"articleSection":["Kempov\u00e1n\u00ed a cestov\u00e1n\u00ed v Chorvatsku","Zimn\u00ed kempov\u00e1n\u00ed"],"inLanguage":"cs"},{"@type":"WebPage","@id":"https:\/\/all4camper.com\/cs\/adventni-trhy-v-zahrebu-a-rijece-jak-jinak-nez-z-kempu\/","url":"https:\/\/all4camper.com\/cs\/adventni-trhy-v-zahrebu-a-rijece-jak-jinak-nez-z-kempu\/","name":"Adventn\u00ed trhy v Z\u00e1h\u0159ebu a Rijece spojen\u00e9 se zimn\u00edm kempov\u00e1n\u00edm - All4Camper","isPartOf":{"@id":"https:\/\/all4camper.com\/cs\/#website"},"primaryImageOfPage":{"@id":"https:\/\/all4camper.com\/cs\/adventni-trhy-v-zahrebu-a-rijece-jak-jinak-nez-z-kempu\/#primaryimage"},"image":{"@id":"https:\/\/all4camper.com\/cs\/adventni-trhy-v-zahrebu-a-rijece-jak-jinak-nez-z-kempu\/#primaryimage"},"thumbnailUrl":"https:\/\/all4camper.com\/wp-content\/uploads\/2019\/11\/adventn\u00ed-trhy-chorvatsko_clanek.png","datePublished":"2019-11-18T09:44:37+00:00","dateModified":"2020-04-21T10:44:36+00:00","description":"All4Camper - Adventn\u00ed trhy v Z\u00e1h\u0159ebu a Rijece spojen\u00e9 se zimn\u00edm kempov\u00e1n\u00edm","breadcrumb":{"@id":"https:\/\/all4camper.com\/cs\/adventni-trhy-v-zahrebu-a-rijece-jak-jinak-nez-z-kempu\/#breadcrumb"},"inLanguage":"cs","potentialAction":[{"@type":"ReadAction","target":["https:\/\/all4camper.com\/cs\/adventni-trhy-v-zahrebu-a-rijece-jak-jinak-nez-z-kempu\/"]}]},{"@type":"ImageObject","inLanguage":"cs","@id":"https:\/\/all4camper.com\/cs\/adventni-trhy-v-zahrebu-a-rijece-jak-jinak-nez-z-kempu\/#primaryimage","url":"https:\/\/all4camper.com\/wp-content\/uploads\/2019\/11\/adventn\u00ed-trhy-chorvatsko_clanek.png","contentUrl":"https:\/\/all4camper.com\/wp-content\/uploads\/2019\/11\/adventn\u00ed-trhy-chorvatsko_clanek.png","width":1200,"height":695},{"@type":"BreadcrumbList","@id":"https:\/\/all4camper.com\/cs\/adventni-trhy-v-zahrebu-a-rijece-jak-jinak-nez-z-kempu\/#breadcrumb","itemListElement":[{"@type":"ListItem","position":1,"name":"Dom\u016f","item":"https:\/\/all4camper.com\/cs\/"},{"@type":"ListItem","position":2,"name":"Kempov\u00e1n\u00ed a cestov\u00e1n\u00ed v Chorvatsku","item":"https:\/\/all4camper.com\/cs\/category\/kempovani-a-cestovani-v-chorvatsku\/"},{"@type":"ListItem","position":3,"name":"Adventn\u00ed trhy v Z\u00e1h\u0159ebu a Rijece spojen\u00e9 se zimn\u00edm kempov\u00e1n\u00edm"}]},{"@type":"WebSite","@id":"https:\/\/all4camper.com\/cs\/#website","url":"https:\/\/all4camper.com\/cs\/","name":"All4Camper","description":"Nejv\u011bt\u0161\u00ed online magaz\u00edn o kempov\u00e1n\u00ed a karavaninku. V\u00edce jak 900 \u010dl\u00e1nk\u016f pln\u00fdch rad a tip\u016f o kempech a kempov\u00e1n\u00ed.","publisher":{"@id":"https:\/\/all4camper.com\/cs\/#organization"},"potentialAction":[{"@type":"SearchAction","target":{"@type":"EntryPoint","urlTemplate":"https:\/\/all4camper.com\/cs\/?s={search_term_string}"},"query-input":{"@type":"PropertyValueSpecification","valueRequired":true,"valueName":"search_term_string"}}],"inLanguage":"cs"},{"@type":"Organization","@id":"https:\/\/all4camper.com\/cs\/#organization","name":"All4Camper - kempujeme s Kl\u00e1rou","url":"https:\/\/all4camper.com\/cs\/","logo":{"@type":"ImageObject","inLanguage":"cs","@id":"https:\/\/all4camper.com\/cs\/#\/schema\/logo\/image\/","url":"https:\/\/all4camper.com\/wp-content\/uploads\/2018\/09\/novelogo.png","contentUrl":"https:\/\/all4camper.com\/wp-content\/uploads\/2018\/09\/novelogo.png","width":1520,"height":600,"caption":"All4Camper - kempujeme s Kl\u00e1rou"},"image":{"@id":"https:\/\/all4camper.com\/cs\/#\/schema\/logo\/image\/"}},{"@type":"Person","@id":"https:\/\/all4camper.com\/cs\/#\/schema\/person\/9349489688d4c221ca0fc39ae6bcb70b","name":"Kate\u0159ina","url":"https:\/\/all4camper.com\/cs\/author\/kterina\/"}]}},"_links":{"self":[{"href":"https:\/\/all4camper.com\/cs\/wp-json\/wp\/v2\/posts\/83035","targetHints":{"allow":["GET"]}}],"collection":[{"href":"https:\/\/all4camper.com\/cs\/wp-json\/wp\/v2\/posts"}],"about":[{"href":"https:\/\/all4camper.com\/cs\/wp-json\/wp\/v2\/types\/post"}],"author":[{"embeddable":true,"href":"https:\/\/all4camper.com\/cs\/wp-json\/wp\/v2\/users\/161"}],"replies":[{"embeddable":true,"href":"https:\/\/all4camper.com\/cs\/wp-json\/wp\/v2\/comments?post=83035"}],"version-history":[{"count":0,"href":"https:\/\/all4camper.com\/cs\/wp-json\/wp\/v2\/posts\/83035\/revisions"}],"wp:featuredmedia":[{"embeddable":true,"href":"https:\/\/all4camper.com\/cs\/wp-json\/wp\/v2\/media\/83616"}],"wp:attachment":[{"href":"https:\/\/all4camper.com\/cs\/wp-json\/wp\/v2\/media?parent=83035"}],"wp:term":[{"taxonomy":"category","embeddable":true,"href":"https:\/\/all4camper.com\/cs\/wp-json\/wp\/v2\/categories?post=83035"},{"taxonomy":"post_tag","embeddable":true,"href":"https:\/\/all4camper.com\/cs\/wp-json\/wp\/v2\/tags?post=83035"}],"curies":[{"name":"wp","href":"https:\/\/api.w.org\/{rel}","templated":true}]}}