{"id":82961,"date":"2019-11-06T09:23:28","date_gmt":"2019-11-06T08:23:28","guid":{"rendered":"https:\/\/all4camper.com\/\/?p=82961"},"modified":"2019-12-11T14:18:26","modified_gmt":"2019-12-11T13:18:26","slug":"s-karavanem-do-norimberku-do-termalu-na-delfiny-a-na-adventni-trhy","status":"publish","type":"post","link":"https:\/\/all4camper.com\/cs\/s-karavanem-do-norimberku-do-termalu-na-delfiny-a-na-adventni-trhy\/","title":{"rendered":"S karavanem do Norimberku do term\u00e1l\u016f, na delf\u00edny a na adventn\u00ed trhy"},"content":{"rendered":"\n<h4 class=\"wp-block-heading\"><strong>Norimberk m\u011b prost\u011b bav\u00ed. Jede se tam naprosto pohodln\u011b (dokonce u\u017e od Prahy), st\u00e1le po d\u00e1lnici, nen\u00ed slo\u017eit\u00e9 se tam vyznat stejn\u011b jako j\u00edm projet karavanem. K tomu v\u0161emu se po tomto m\u011bst\u011b d\u00e1 \u00fapln\u011b jednodu\u0161e pohybovat nikterak slo\u017eit\u00fdm metrem. Ostatn\u011b p\u0159edstavu si m\u016f\u017eete ud\u011blat t\u0159eba tady &#8211; <a rel=\"noreferrer noopener\" aria-label=\" (opens in a new tab)\" href=\"https:\/\/www.prazske-metro.cz\/metro-v-norimberku\/\" target=\"_blank\">metro<\/a>. V\u00fdb\u011br stellplatz\u016f je zde tak\u00e9 pestr\u00fd a samoz\u0159ejm\u011b tu nechyb\u00ed ani kempy. <\/strong><\/h4>\n\n\n\n<p>A do toho si p\u0159edstavte, \u017ee Norimberk je moc hezk\u00e9 m\u011bsto na proch\u00e1zky v&nbsp;kteroukoli ro\u010dn\u00ed dobu. V r\u00e1mci nich m\u016f\u017eete zaj\u00edt nav\u0161t\u00edvit nap\u0159\u00edklad delfin\u00e1rium v&nbsp;tamn\u00ed zoo. V\u011b\u0159te, \u017ee nadchne nejen d\u011bti. No a adventn\u00ed trhy, tak ty jsou jedny z&nbsp;nejhez\u010d\u00edch (a tak\u00e9 nejv\u011bt\u0161\u00edch), kter\u00e9 jsem kdy nav\u0161t\u00edvila. A aby toho nebylo m\u00e1lo, tak tu najdete mo\u017enost proh\u0159\u00e1t\u00ed a odpo\u010dinku v&nbsp;term\u00e1ln\u00edch l\u00e1zn\u00edch.<\/p>\n\n\n\n<figure class=\"wp-block-image\"><img loading=\"lazy\" decoding=\"async\" width=\"1440\" height=\"1080\" src=\"https:\/\/all4camper.com\/\/wp-content\/uploads\/2019\/11\/nuremberg-1916103_1920-1440x1080.jpg\" alt=\"\" class=\"wp-image-82962\" srcset=\"https:\/\/all4camper.com\/wp-content\/uploads\/2019\/11\/nuremberg-1916103_1920-1440x1080.jpg 1440w, https:\/\/all4camper.com\/wp-content\/uploads\/2019\/11\/nuremberg-1916103_1920-300x225.jpg 300w, https:\/\/all4camper.com\/wp-content\/uploads\/2019\/11\/nuremberg-1916103_1920-150x113.jpg 150w, https:\/\/all4camper.com\/wp-content\/uploads\/2019\/11\/nuremberg-1916103_1920-768x576.jpg 768w, https:\/\/all4camper.com\/wp-content\/uploads\/2019\/11\/nuremberg-1916103_1920-1536x1152.jpg 1536w, https:\/\/all4camper.com\/wp-content\/uploads\/2019\/11\/nuremberg-1916103_1920-678x509.jpg 678w, https:\/\/all4camper.com\/wp-content\/uploads\/2019\/11\/nuremberg-1916103_1920-326x245.jpg 326w, https:\/\/all4camper.com\/wp-content\/uploads\/2019\/11\/nuremberg-1916103_1920-80x60.jpg 80w, https:\/\/all4camper.com\/wp-content\/uploads\/2019\/11\/nuremberg-1916103_1920.jpg 1920w\" sizes=\"auto, (max-width: 1440px) 100vw, 1440px\" \/><\/figure>\n\n\n\n<h4 class=\"wp-block-heading\"><strong>M\u011bsto, kter\u00e9 von\u00ed pern\u00ed\u010dky a klob\u00e1skami<\/strong><\/h4>\n\n\n\n<p>Asi nem\u00e1 smysl postupn\u011b popisovat pam\u00e1tku po pam\u00e1tce. Moc p\u011bknou mapu s&nbsp;vyzna\u010den\u00fdmi nejz\u00e1sadn\u011bj\u0161\u00edmi c\u00edli si m\u016f\u017eete st\u00e1hnout a prostudovat tady (<a rel=\"noreferrer noopener\" aria-label=\" (opens in a new tab)\" href=\"http:\/\/www.orangesmile.com\/reiseinfos\/nurnberg\/ausfuhrliche-karten.htm\" target=\"_blank\">reiseinfos).<\/a> Jinak to hlavn\u00ed se d\u00e1 norm\u00e1ln\u00edm tempem obej\u00edt b\u011bhem jednoho dne, ale p\u0159ece jen, kdy\u017e do toho p\u0159ipoj\u00edte t\u0159eba n\u00e1kupy (\u201eobcho\u010f\u00e1ky\u201c jsou tam moc fajn, p\u00e1r i p\u0159\u00edmo v&nbsp;historick\u00e9m centru) nebo zast\u00e1vky na ob\u011bd a k\u00e1vu, u\u017e se to prot\u00e1hne. A speci\u00e1ln\u011b toto v\u00e1m doporu\u010duji nevynechat. Neochutnat toti\u017e t\u0159eba norimbersk\u00e9 klob\u00e1sky p\u0159\u00edmo v&nbsp;Norimberku by byla \u0161koda. P\u011bkn\u011b v&nbsp;rozpe\u010den\u00e9 kaiserce, s&nbsp;ho\u0159\u010dic\u00ed a zel\u00edm. Je to dobrota! A k&nbsp;tomu orosen\u00fd p\u016fllitr t\u0159eba kvasnicov\u00e9ho weissbieru\u2026 Pokud se chcete dozv\u011bd\u011bt v\u00edce o t\u011bchto klob\u00e1s\u00e1ch, pak mrkn\u011bte <a href=\"https:\/\/g-switch.org\/ca\/evropa\/n%C4%9Bmecko\/all-about-the-wurst-nrnberg-rostbratwurst-1519693\/\">sem<\/a>.<\/p>\n\n\n\n<figure class=\"wp-block-image\"><img loading=\"lazy\" decoding=\"async\" width=\"1440\" height=\"1080\" src=\"https:\/\/all4camper.com\/\/wp-content\/uploads\/2019\/11\/wurst-rostbratwurst-nuremburg-1440x1080.png\" alt=\"\" class=\"wp-image-82975\" srcset=\"https:\/\/all4camper.com\/wp-content\/uploads\/2019\/11\/wurst-rostbratwurst-nuremburg-1440x1080.png 1440w, https:\/\/all4camper.com\/wp-content\/uploads\/2019\/11\/wurst-rostbratwurst-nuremburg-300x225.png 300w, https:\/\/all4camper.com\/wp-content\/uploads\/2019\/11\/wurst-rostbratwurst-nuremburg-150x113.png 150w, https:\/\/all4camper.com\/wp-content\/uploads\/2019\/11\/wurst-rostbratwurst-nuremburg-768x576.png 768w, https:\/\/all4camper.com\/wp-content\/uploads\/2019\/11\/wurst-rostbratwurst-nuremburg-1536x1152.png 1536w, https:\/\/all4camper.com\/wp-content\/uploads\/2019\/11\/wurst-rostbratwurst-nuremburg-678x509.png 678w, https:\/\/all4camper.com\/wp-content\/uploads\/2019\/11\/wurst-rostbratwurst-nuremburg-326x245.png 326w, https:\/\/all4camper.com\/wp-content\/uploads\/2019\/11\/wurst-rostbratwurst-nuremburg-80x60.png 80w, https:\/\/all4camper.com\/wp-content\/uploads\/2019\/11\/wurst-rostbratwurst-nuremburg.png 1600w\" sizes=\"auto, (max-width: 1440px) 100vw, 1440px\" \/><figcaption>Zdroj: g-switch.org<\/figcaption><\/figure>\n\n\n\n<p>Abyste si jej mohli d\u00e1t a nav\u00edc si t\u0159eba u\u017e\u00edt ve\u010dern\u00ed m\u011bsto, je samoz\u0159ejm\u011b nutn\u00e9 m\u00edt n\u011bkde \u201eust\u00e1jen\u00fd\u201c sv\u016fj obyt\u0148\u00e1k. Vybrat si m\u016f\u017eete hned z&nbsp;n\u011bkolika stellplatz\u016f, kter\u00e9 p\u0159ehledn\u011b v\u010detn\u011b sou\u0159adnic najdete tady. <a rel=\"noreferrer noopener\" aria-label=\" (opens in a new tab)\" href=\"https:\/\/www.promobil.de\/tour\/stellplatz-tipps-fuer-eine-reise-nach-nuernberg\/\" target=\"_blank\">stellplatz nuernberg<\/a> V\u0161echny jsou celoro\u010dn\u00ed, velk\u00e1 \u010d\u00e1st bezplatn\u00e1, ale pozor, n\u011bkde vy\u017eaduj\u00ed rezervaci p\u0159edem, co\u017e je ale prosp\u011b\u0161n\u00e9 v&nbsp;tom, \u017ee m\u00e1te m\u00edsto zkr\u00e1tka jist\u00e9. Obvykle se pak p\u0159edpokl\u00e1d\u00e1, \u017ee nez\u016fstanete d\u00e9le, ne\u017e t\u0159i noci. Z&nbsp;kemp\u016f pak mohu doporu\u010dit nap\u0159\u00edklad celoro\u010dn\u011b otev\u0159en\u00fd <a rel=\"noreferrer noopener\" aria-label=\" (opens in a new tab)\" href=\"https:\/\/www.knauscamp.de\/nuernberg.html\" target=\"_blank\">knauscamp<\/a>. <\/p>\n\n\n\n<figure class=\"wp-block-image\"><img loading=\"lazy\" decoding=\"async\" width=\"900\" height=\"600\" src=\"https:\/\/all4camper.com\/\/wp-content\/uploads\/2019\/11\/knau-camp.jpg\" alt=\"\" class=\"wp-image-82978\" srcset=\"https:\/\/all4camper.com\/wp-content\/uploads\/2019\/11\/knau-camp.jpg 900w, https:\/\/all4camper.com\/wp-content\/uploads\/2019\/11\/knau-camp-150x100.jpg 150w, https:\/\/all4camper.com\/wp-content\/uploads\/2019\/11\/knau-camp-300x200.jpg 300w, https:\/\/all4camper.com\/wp-content\/uploads\/2019\/11\/knau-camp-768x512.jpg 768w\" sizes=\"auto, (max-width: 900px) 100vw, 900px\" \/><\/figure>\n\n\n\n<h4 class=\"wp-block-heading\"><strong>N\u011bkolik adventn\u00edch trh\u016f v&nbsp;jednom<\/strong><\/h4>\n\n\n\n<p> D\u00e1 se \u0159\u00edci, \u017ee tady se cel\u00e9 historick\u00e9 centrum stane jedn\u00edm velk\u00fdm adventn\u00edm trhem (v\u00edce informac\u00ed na <a rel=\"noreferrer noopener\" aria-label=\" (opens in a new tab)\" href=\"https:\/\/www.christkindlesmarkt.de\/\" target=\"_blank\">christkindlesmarkt<\/a>). P\u0159ipravte se na to, \u017ee projdete starobyl\u00fdmi hradbami a u\u017e v\u00e1s to nepust\u00ed. Letos cel\u00e1 tahle par\u00e1da za\u010d\u00edn\u00e1 29. listopadu a z&nbsp;osobn\u00ed zku\u0161enosti v\u00e1m doporu\u010duji n\u00e1v\u0161t\u011bvu ve v\u0161edn\u00ed dny. O v\u00edkendech sem toti\u017e p\u0159ij\u00ed\u017ed\u011bj\u00ed autobusy pln\u00e9 turist\u016f snad z&nbsp;cel\u00e9 Evropy. Na str\u00e1nk\u00e1ch, na kter\u00e9 jsem v\u00e1s navedla v\u00fd\u0161e, najdete p\u0159ehledn\u00fd pl\u00e1nek. Dokonce m\u016f\u017eete kliknout na jednotliv\u00e9 st\u00e1nky a zobraz\u00ed se v\u00e1m p\u0159\u00edmo jejich re\u00e1ln\u00e1 fotografie. <\/p>\n\n\n\n<p>Za sebe hned d\u00e1v\u00e1m dva tipy. Prvn\u00edm je Feuerzangenbowle, co\u017e je origin\u00e1ln\u00ed siln\u00fd pun\u010d, kter\u00fd dostanete jen tady <a rel=\"noreferrer noopener\" aria-label=\" (opens in a new tab)\" href=\"http:\/\/www.nuernberger-feuerzangenbowle.de\/\" target=\"_blank\">feuerzangenbowle<\/a>. Je to \u00fa\u017easn\u00e1 dobrota slazen\u00e1 cukrem odkap\u00e1vaj\u00edc\u00edm z&nbsp;ho\u0159\u00edc\u00ed cukrov\u00e9 homole. A pamatujte, drobn\u00e9 sladkosti, kter\u00e9 se k&nbsp;tomuto n\u00e1poji \u010dasto nab\u00edzej\u00ed, nejsou ani tak zn\u00e1mkou pohostinnosti jako toho, \u017ee je to v\u00e1\u017en\u011b \u201elomcov\u00e1k\u201c. No a u podobn\u00e9ho t\u00e9matu z\u016fstaneme a d\u00e1v\u00e1m tedy i tip druh\u00fd. Sou\u010d\u00e1st\u00ed v\u00e1no\u010dn\u00edch oslav je toti\u017e tak\u00e9 mezin\u00e1rodn\u00ed trh sp\u0159\u00e1telen\u00fdch m\u011bst (za n\u00e1s je zastoupena Praha a obvykle tam rozl\u00e9vaj\u00ed becherovku). M\u016f\u017eete tak ochutnat v\u00e1no\u010dn\u00ed dobroty a n\u00e1poje pomalu z&nbsp;cel\u00e9ho sv\u011bta. Doporu\u010duji dom\u00e1c\u00ed tyrolsk\u00fd sva\u0159\u00e1k, nedoporu\u010duji horkou rakiji\u2026 Ale to u\u017e ostatn\u011b z\u00e1vis\u00ed na va\u0161\u00ed chuti. M\u016f\u017eete mi d\u00e1t v\u011bd\u011bt, jestli se shodneme.  <\/p>\n\n\n\n<figure class=\"wp-block-image\"><img loading=\"lazy\" decoding=\"async\" width=\"1620\" height=\"1080\" src=\"https:\/\/all4camper.com\/\/wp-content\/uploads\/2019\/11\/christmas-market-551336_1920-1620x1080.jpg\" alt=\"\" class=\"wp-image-82964\" srcset=\"https:\/\/all4camper.com\/wp-content\/uploads\/2019\/11\/christmas-market-551336_1920-1620x1080.jpg 1620w, https:\/\/all4camper.com\/wp-content\/uploads\/2019\/11\/christmas-market-551336_1920-300x200.jpg 300w, https:\/\/all4camper.com\/wp-content\/uploads\/2019\/11\/christmas-market-551336_1920-150x100.jpg 150w, https:\/\/all4camper.com\/wp-content\/uploads\/2019\/11\/christmas-market-551336_1920-768x512.jpg 768w, https:\/\/all4camper.com\/wp-content\/uploads\/2019\/11\/christmas-market-551336_1920-1536x1024.jpg 1536w, https:\/\/all4camper.com\/wp-content\/uploads\/2019\/11\/christmas-market-551336_1920.jpg 1920w\" sizes=\"auto, (max-width: 1620px) 100vw, 1620px\" \/><\/figure>\n\n\n\n<h4 class=\"wp-block-heading\"><strong>Delf\u00edni \u017eij\u00ed kousek za hranicemi<\/strong><\/h4>\n\n\n\n<p>Pokud chcete vid\u011bt na\u017eivo tyhle \u00fa\u017easn\u00e9 tvory, nemus\u00edte do Karibiku, sta\u010d\u00ed Norimberk. V&nbsp;tamn\u00ed zoologick\u00e9 zahrad\u011b (mimochodem nejnav\u0161t\u011bvovan\u011bj\u0161\u00ed v&nbsp;N\u011bmecku) toti\u017e maj\u00ed mimo jin\u00e9 pr\u00e1v\u011b rozs\u00e1hl\u00e9 delfin\u00e1rium. Vypad\u00e1 velmi re\u00e1ln\u011b, skute\u010dn\u011b p\u0159ipom\u00edn\u00e1 tropick\u00fd sv\u011bt a n\u011bkolikr\u00e1t denn\u011b se tam po\u0159\u00e1daj\u00ed speci\u00e1ln\u00ed vystoupen\u00ed. Ostatn\u011b \u2013 v\u0161e p\u0159ehledn\u011b a v\u010detn\u011b ceny vstupn\u00e9ho najdete tady <a rel=\"noreferrer noopener\" aria-label=\" (opens in a new tab)\" href=\"https:\/\/tiergarten.nuernberg.de\/startseite.html\" target=\"_blank\">tiergarten<\/a>. A v\u011bzte, \u017ee nejde jen o delf\u00edny. I kdy\u017e jsou dost z\u00e1sadn\u00edm l\u00e1kadlem, cel\u00e1 zoo, um\u00edst\u011bn\u00e1 v&nbsp;lesoparku, je moc kr\u00e1sn\u00e1.  <\/p>\n\n\n\n<figure class=\"wp-block-image\"><img loading=\"lazy\" decoding=\"async\" width=\"1510\" height=\"1080\" src=\"https:\/\/all4camper.com\/\/wp-content\/uploads\/2019\/11\/dolphin-1633575_1920-1510x1080.jpg\" alt=\"\" class=\"wp-image-82965\" srcset=\"https:\/\/all4camper.com\/wp-content\/uploads\/2019\/11\/dolphin-1633575_1920-1510x1080.jpg 1510w, https:\/\/all4camper.com\/wp-content\/uploads\/2019\/11\/dolphin-1633575_1920-300x215.jpg 300w, https:\/\/all4camper.com\/wp-content\/uploads\/2019\/11\/dolphin-1633575_1920-150x107.jpg 150w, https:\/\/all4camper.com\/wp-content\/uploads\/2019\/11\/dolphin-1633575_1920-768x549.jpg 768w, https:\/\/all4camper.com\/wp-content\/uploads\/2019\/11\/dolphin-1633575_1920-1536x1098.jpg 1536w, https:\/\/all4camper.com\/wp-content\/uploads\/2019\/11\/dolphin-1633575_1920.jpg 1920w\" sizes=\"auto, (max-width: 1510px) 100vw, 1510px\" \/><\/figure>\n\n\n\n<h4 class=\"wp-block-heading\"><strong>A nakonec do tepl\u00fdch term\u00e1ln\u00edch vod<\/strong><\/h4>\n\n\n\n<p>Na kraji Norimberku v&nbsp;oblasti zvan\u00e9 Stein najdete doslova koupac\u00ed a saunovac\u00ed o\u00e1zu. <a rel=\"noreferrer noopener\" aria-label=\" (opens in a new tab)\" href=\"https:\/\/www.palm-beach.de\/\" target=\"_blank\">palm-beach<\/a> Cel\u00fd are\u00e1l se d\u011bl\u00ed na \u010d\u00e1st z\u00e1\u017eitkovou, term\u00e1ln\u00ed a saunovou. Tak\u017ee dohromady je na jednom m\u00edst\u011b t\u0159eba divo\u010dina na tobog\u00e1nech a n\u00e1sledn\u00fd relax v l\u00e9\u010div\u00fdch l\u00e1zn\u00edch \u010di saunov\u00e9m sv\u011bt\u011b. Prost\u011b pohodi\u010dka. Tyhle l\u00e1zn\u011b jsme n\u011bkolikr\u00e1t nav\u0161t\u00edvili a mus\u00edm \u0159\u00edci, \u017ee jsou super. Jen pozor. V sobotu b\u00fdv\u00e1 v term\u00e1ln\u00ed \u010d\u00e1sti opravdu hodn\u011b plno. Doporu\u010duji n\u00e1v\u0161t\u011bvu sp\u00ed\u0161e v p\u00e1tek. Ka\u017edop\u00e1dn\u011b d\u011bti se tu neuv\u011b\u0159iteln\u011b vy\u0159\u00e1d\u00ed na opravdu velk\u00e9m mno\u017estv\u00ed tobog\u00e1n\u016f. V p\u0159\u00edpad\u011b saunov\u00e9ho sv\u011bta &#8211; tak ten je perfektn\u00ed a hned po Therme Erding jej m\u00e1me nejrad\u011bji. Nav\u00edc se ned\u00e1vno roz\u0161\u00ed\u0159il a vy si ho tak m\u016f\u017eete je\u0161t\u011b v\u00edce u\u017e\u00edt. Najdete zde opravdu velk\u00e9 mno\u017estv\u00ed t\u00e9matick\u00fdch saun, kdy asi nejv\u011bt\u0161\u00ed atrakc\u00ed je panorama sauna, kdy v r\u00e1mci saunovac\u00edho ritu\u00e1lu s v\u00e1mi sauna vyjdete do v\u00fd\u0161ky cca 10 metr\u016f. Pro ty, kdo nevydr\u017e\u00ed b\u00fdt po celou dobu ritu\u00e1lu uzav\u0159eni v hork\u00e9 saun\u011b, je tu balk\u00f3n, ze kter\u00e9ho je hezk\u00fd v\u00fdhled na are\u00e1l. U\u017eijte si to tam.<\/p>\n\n\n\n<figure class=\"wp-block-image\"><img loading=\"lazy\" decoding=\"async\" width=\"1498\" height=\"1000\" src=\"https:\/\/all4camper.com\/\/wp-content\/uploads\/2019\/11\/palm-beach.png\" alt=\"\" class=\"wp-image-82979\" srcset=\"https:\/\/all4camper.com\/wp-content\/uploads\/2019\/11\/palm-beach.png 1498w, https:\/\/all4camper.com\/wp-content\/uploads\/2019\/11\/palm-beach-150x100.png 150w, https:\/\/all4camper.com\/wp-content\/uploads\/2019\/11\/palm-beach-300x200.png 300w, https:\/\/all4camper.com\/wp-content\/uploads\/2019\/11\/palm-beach-768x513.png 768w\" sizes=\"auto, (max-width: 1498px) 100vw, 1498px\" \/><figcaption>zdroj:  <a href=\"https:\/\/www.nuernbergluftbild.de\/\" target=\"_blank\" rel=\"noreferrer noopener\" aria-label=\" (opens in a new tab)\">https:\/\/www.nuernbergluftbild.de\/<\/a> <\/figcaption><\/figure>\n","protected":false},"excerpt":{"rendered":"<p>Norimberk m\u011b prost\u011b bav\u00ed. Jede se tam naprosto pohodln\u011b (dokonce u\u017e od Prahy), st\u00e1le po d\u00e1lnici, nen\u00ed slo\u017eit\u00e9 se tam vyznat stejn\u011b jako j\u00edm projet karavanem. K tomu v\u0161emu se po tomto m\u011bst\u011b d\u00e1 \u00fapln\u011b jednodu\u0161e pohybovat nikterak slo\u017eit\u00fdm metrem. Ostatn\u011b p\u0159edstavu si m\u016f\u017eete ud\u011blat t\u0159eba tady &#8211; metro. V\u00fdb\u011br stellplatz\u016f je zde tak\u00e9 pestr\u00fd [&hellip;]<\/p>\n","protected":false},"author":161,"featured_media":83709,"comment_status":"closed","ping_status":"open","sticky":false,"template":"","format":"standard","meta":{"_monsterinsights_skip_tracking":false,"_monsterinsights_sitenote_active":false,"_monsterinsights_sitenote_note":"","_monsterinsights_sitenote_category":0,"footnotes":""},"categories":[2377,422,342,341],"tags":[97,81,321],"class_list":{"0":"post-82961","1":"post","2":"type-post","3":"status-publish","4":"format-standard","5":"has-post-thumbnail","7":"category-kempovani-a-cestovani-v-nemecku","8":"category-novinky-kempovani-a-karavaning","9":"category-termalni-lazne-a-aquaparky-zabavni-parky","10":"category-zimni-kempovani","11":"tag-nemecko","12":"tag-termalni-lazne","13":"tag-winter-camping"},"yoast_head":"<!-- This site is optimized with the Yoast SEO plugin v27.5 - https:\/\/yoast.com\/product\/yoast-seo-wordpress\/ -->\n<title>S karavanem do Norimberku do term\u00e1l\u016f, na delf\u00edny a na adventn\u00ed trhy - All4Camper<\/title>\n<meta name=\"description\" content=\"All4Camper - S karavanem do Norimberku do term\u00e1l\u016f, na delf\u00edny a na adventn\u00ed trhy\" \/>\n<meta name=\"robots\" content=\"index, follow, max-snippet:-1, max-image-preview:large, max-video-preview:-1\" \/>\n<link rel=\"canonical\" href=\"https:\/\/all4camper.com\/cs\/s-karavanem-do-norimberku-do-termalu-na-delfiny-a-na-adventni-trhy\/\" \/>\n<meta property=\"og:locale\" content=\"cs_CZ\" \/>\n<meta property=\"og:type\" content=\"article\" \/>\n<meta property=\"og:title\" content=\"S karavanem do Norimberku do term\u00e1l\u016f, na delf\u00edny a na adventn\u00ed trhy - All4Camper\" \/>\n<meta property=\"og:description\" content=\"All4Camper - S karavanem do Norimberku do term\u00e1l\u016f, na delf\u00edny a na adventn\u00ed trhy\" \/>\n<meta property=\"og:url\" content=\"https:\/\/all4camper.com\/cs\/s-karavanem-do-norimberku-do-termalu-na-delfiny-a-na-adventni-trhy\/\" \/>\n<meta property=\"og:site_name\" content=\"All4Camper\" \/>\n<meta property=\"article:published_time\" content=\"2019-11-06T08:23:28+00:00\" \/>\n<meta property=\"article:modified_time\" content=\"2019-12-11T13:18:26+00:00\" \/>\n<meta property=\"og:image\" content=\"https:\/\/all4camper.com\/wp-content\/uploads\/2019\/11\/adventn\u00ed-trhy-Norimberk.jpg\" \/>\n\t<meta property=\"og:image:width\" content=\"1199\" \/>\n\t<meta property=\"og:image:height\" content=\"715\" \/>\n\t<meta property=\"og:image:type\" content=\"image\/jpeg\" \/>\n<meta name=\"author\" content=\"Kate\u0159ina\" \/>\n<meta name=\"twitter:card\" content=\"summary_large_image\" \/>\n<meta name=\"twitter:label1\" content=\"Napsal(a)\" \/>\n\t<meta name=\"twitter:data1\" content=\"Kate\u0159ina\" \/>\n\t<meta name=\"twitter:label2\" content=\"Odhadovan\u00e1 doba \u010dten\u00ed\" \/>\n\t<meta name=\"twitter:data2\" content=\"6 minut\" \/>\n<script type=\"application\/ld+json\" class=\"yoast-schema-graph\">{\"@context\":\"https:\\\/\\\/schema.org\",\"@graph\":[{\"@type\":\"Article\",\"@id\":\"https:\\\/\\\/all4camper.com\\\/cs\\\/s-karavanem-do-norimberku-do-termalu-na-delfiny-a-na-adventni-trhy\\\/#article\",\"isPartOf\":{\"@id\":\"https:\\\/\\\/all4camper.com\\\/cs\\\/s-karavanem-do-norimberku-do-termalu-na-delfiny-a-na-adventni-trhy\\\/\"},\"author\":{\"name\":\"Kate\u0159ina\",\"@id\":\"https:\\\/\\\/all4camper.com\\\/cs\\\/#\\\/schema\\\/person\\\/9349489688d4c221ca0fc39ae6bcb70b\"},\"headline\":\"S karavanem do Norimberku do term\u00e1l\u016f, na delf\u00edny a na adventn\u00ed trhy\",\"datePublished\":\"2019-11-06T08:23:28+00:00\",\"dateModified\":\"2019-12-11T13:18:26+00:00\",\"mainEntityOfPage\":{\"@id\":\"https:\\\/\\\/all4camper.com\\\/cs\\\/s-karavanem-do-norimberku-do-termalu-na-delfiny-a-na-adventni-trhy\\\/\"},\"wordCount\":1130,\"publisher\":{\"@id\":\"https:\\\/\\\/all4camper.com\\\/cs\\\/#organization\"},\"image\":{\"@id\":\"https:\\\/\\\/all4camper.com\\\/cs\\\/s-karavanem-do-norimberku-do-termalu-na-delfiny-a-na-adventni-trhy\\\/#primaryimage\"},\"thumbnailUrl\":\"https:\\\/\\\/all4camper.com\\\/wp-content\\\/uploads\\\/2019\\\/11\\\/adventn\u00ed-trhy-Norimberk.jpg\",\"keywords\":[\"N\u011bmecko\",\"Term\u00e1ln\u00ed l\u00e1zn\u011b\",\"Zimn\u00ed kempov\u00e1n\u00ed\"],\"articleSection\":[\"Kempov\u00e1n\u00ed a cestov\u00e1n\u00ed v N\u011bmecku\",\"Novinky - Kempov\u00e1n\u00ed a karavaning\",\"Term\u00e1ln\u00ed l\u00e1zn\u011b, akvaparky a z\u00e1bavn\u00ed parky\",\"Zimn\u00ed kempov\u00e1n\u00ed\"],\"inLanguage\":\"cs\"},{\"@type\":\"WebPage\",\"@id\":\"https:\\\/\\\/all4camper.com\\\/cs\\\/s-karavanem-do-norimberku-do-termalu-na-delfiny-a-na-adventni-trhy\\\/\",\"url\":\"https:\\\/\\\/all4camper.com\\\/cs\\\/s-karavanem-do-norimberku-do-termalu-na-delfiny-a-na-adventni-trhy\\\/\",\"name\":\"S karavanem do Norimberku do term\u00e1l\u016f, na delf\u00edny a na adventn\u00ed trhy - All4Camper\",\"isPartOf\":{\"@id\":\"https:\\\/\\\/all4camper.com\\\/cs\\\/#website\"},\"primaryImageOfPage\":{\"@id\":\"https:\\\/\\\/all4camper.com\\\/cs\\\/s-karavanem-do-norimberku-do-termalu-na-delfiny-a-na-adventni-trhy\\\/#primaryimage\"},\"image\":{\"@id\":\"https:\\\/\\\/all4camper.com\\\/cs\\\/s-karavanem-do-norimberku-do-termalu-na-delfiny-a-na-adventni-trhy\\\/#primaryimage\"},\"thumbnailUrl\":\"https:\\\/\\\/all4camper.com\\\/wp-content\\\/uploads\\\/2019\\\/11\\\/adventn\u00ed-trhy-Norimberk.jpg\",\"datePublished\":\"2019-11-06T08:23:28+00:00\",\"dateModified\":\"2019-12-11T13:18:26+00:00\",\"description\":\"All4Camper - S karavanem do Norimberku do term\u00e1l\u016f, na delf\u00edny a na adventn\u00ed trhy\",\"breadcrumb\":{\"@id\":\"https:\\\/\\\/all4camper.com\\\/cs\\\/s-karavanem-do-norimberku-do-termalu-na-delfiny-a-na-adventni-trhy\\\/#breadcrumb\"},\"inLanguage\":\"cs\",\"potentialAction\":[{\"@type\":\"ReadAction\",\"target\":[\"https:\\\/\\\/all4camper.com\\\/cs\\\/s-karavanem-do-norimberku-do-termalu-na-delfiny-a-na-adventni-trhy\\\/\"]}]},{\"@type\":\"ImageObject\",\"inLanguage\":\"cs\",\"@id\":\"https:\\\/\\\/all4camper.com\\\/cs\\\/s-karavanem-do-norimberku-do-termalu-na-delfiny-a-na-adventni-trhy\\\/#primaryimage\",\"url\":\"https:\\\/\\\/all4camper.com\\\/wp-content\\\/uploads\\\/2019\\\/11\\\/adventn\u00ed-trhy-Norimberk.jpg\",\"contentUrl\":\"https:\\\/\\\/all4camper.com\\\/wp-content\\\/uploads\\\/2019\\\/11\\\/adventn\u00ed-trhy-Norimberk.jpg\",\"width\":1199,\"height\":715},{\"@type\":\"BreadcrumbList\",\"@id\":\"https:\\\/\\\/all4camper.com\\\/cs\\\/s-karavanem-do-norimberku-do-termalu-na-delfiny-a-na-adventni-trhy\\\/#breadcrumb\",\"itemListElement\":[{\"@type\":\"ListItem\",\"position\":1,\"name\":\"Dom\u016f\",\"item\":\"https:\\\/\\\/all4camper.com\\\/cs\\\/\"},{\"@type\":\"ListItem\",\"position\":2,\"name\":\"Kempov\u00e1n\u00ed a cestov\u00e1n\u00ed v N\u011bmecku\",\"item\":\"https:\\\/\\\/all4camper.com\\\/cs\\\/category\\\/kempovani-a-cestovani-v-nemecku\\\/\"},{\"@type\":\"ListItem\",\"position\":3,\"name\":\"S karavanem do Norimberku do term\u00e1l\u016f, na delf\u00edny a na adventn\u00ed trhy\"}]},{\"@type\":\"WebSite\",\"@id\":\"https:\\\/\\\/all4camper.com\\\/cs\\\/#website\",\"url\":\"https:\\\/\\\/all4camper.com\\\/cs\\\/\",\"name\":\"All4Camper\",\"description\":\"Nejv\u011bt\u0161\u00ed online magaz\u00edn o kempov\u00e1n\u00ed a karavaninku. V\u00edce jak 900 \u010dl\u00e1nk\u016f pln\u00fdch rad a tip\u016f o kempech a kempov\u00e1n\u00ed.\",\"publisher\":{\"@id\":\"https:\\\/\\\/all4camper.com\\\/cs\\\/#organization\"},\"potentialAction\":[{\"@type\":\"SearchAction\",\"target\":{\"@type\":\"EntryPoint\",\"urlTemplate\":\"https:\\\/\\\/all4camper.com\\\/cs\\\/?s={search_term_string}\"},\"query-input\":{\"@type\":\"PropertyValueSpecification\",\"valueRequired\":true,\"valueName\":\"search_term_string\"}}],\"inLanguage\":\"cs\"},{\"@type\":\"Organization\",\"@id\":\"https:\\\/\\\/all4camper.com\\\/cs\\\/#organization\",\"name\":\"All4Camper - kempujeme s Kl\u00e1rou\",\"url\":\"https:\\\/\\\/all4camper.com\\\/cs\\\/\",\"logo\":{\"@type\":\"ImageObject\",\"inLanguage\":\"cs\",\"@id\":\"https:\\\/\\\/all4camper.com\\\/cs\\\/#\\\/schema\\\/logo\\\/image\\\/\",\"url\":\"https:\\\/\\\/all4camper.com\\\/wp-content\\\/uploads\\\/2018\\\/09\\\/novelogo.png\",\"contentUrl\":\"https:\\\/\\\/all4camper.com\\\/wp-content\\\/uploads\\\/2018\\\/09\\\/novelogo.png\",\"width\":1520,\"height\":600,\"caption\":\"All4Camper - kempujeme s Kl\u00e1rou\"},\"image\":{\"@id\":\"https:\\\/\\\/all4camper.com\\\/cs\\\/#\\\/schema\\\/logo\\\/image\\\/\"}},{\"@type\":\"Person\",\"@id\":\"https:\\\/\\\/all4camper.com\\\/cs\\\/#\\\/schema\\\/person\\\/9349489688d4c221ca0fc39ae6bcb70b\",\"name\":\"Kate\u0159ina\",\"url\":\"https:\\\/\\\/all4camper.com\\\/cs\\\/author\\\/kterina\\\/\"}]}<\/script>\n<!-- \/ Yoast SEO plugin. -->","yoast_head_json":{"title":"S karavanem do Norimberku do term\u00e1l\u016f, na delf\u00edny a na adventn\u00ed trhy - All4Camper","description":"All4Camper - S karavanem do Norimberku do term\u00e1l\u016f, na delf\u00edny a na adventn\u00ed trhy","robots":{"index":"index","follow":"follow","max-snippet":"max-snippet:-1","max-image-preview":"max-image-preview:large","max-video-preview":"max-video-preview:-1"},"canonical":"https:\/\/all4camper.com\/cs\/s-karavanem-do-norimberku-do-termalu-na-delfiny-a-na-adventni-trhy\/","og_locale":"cs_CZ","og_type":"article","og_title":"S karavanem do Norimberku do term\u00e1l\u016f, na delf\u00edny a na adventn\u00ed trhy - All4Camper","og_description":"All4Camper - S karavanem do Norimberku do term\u00e1l\u016f, na delf\u00edny a na adventn\u00ed trhy","og_url":"https:\/\/all4camper.com\/cs\/s-karavanem-do-norimberku-do-termalu-na-delfiny-a-na-adventni-trhy\/","og_site_name":"All4Camper","article_published_time":"2019-11-06T08:23:28+00:00","article_modified_time":"2019-12-11T13:18:26+00:00","og_image":[{"width":1199,"height":715,"url":"https:\/\/all4camper.com\/wp-content\/uploads\/2019\/11\/adventn\u00ed-trhy-Norimberk.jpg","type":"image\/jpeg"}],"author":"Kate\u0159ina","twitter_card":"summary_large_image","twitter_misc":{"Napsal(a)":"Kate\u0159ina","Odhadovan\u00e1 doba \u010dten\u00ed":"6 minut"},"schema":{"@context":"https:\/\/schema.org","@graph":[{"@type":"Article","@id":"https:\/\/all4camper.com\/cs\/s-karavanem-do-norimberku-do-termalu-na-delfiny-a-na-adventni-trhy\/#article","isPartOf":{"@id":"https:\/\/all4camper.com\/cs\/s-karavanem-do-norimberku-do-termalu-na-delfiny-a-na-adventni-trhy\/"},"author":{"name":"Kate\u0159ina","@id":"https:\/\/all4camper.com\/cs\/#\/schema\/person\/9349489688d4c221ca0fc39ae6bcb70b"},"headline":"S karavanem do Norimberku do term\u00e1l\u016f, na delf\u00edny a na adventn\u00ed trhy","datePublished":"2019-11-06T08:23:28+00:00","dateModified":"2019-12-11T13:18:26+00:00","mainEntityOfPage":{"@id":"https:\/\/all4camper.com\/cs\/s-karavanem-do-norimberku-do-termalu-na-delfiny-a-na-adventni-trhy\/"},"wordCount":1130,"publisher":{"@id":"https:\/\/all4camper.com\/cs\/#organization"},"image":{"@id":"https:\/\/all4camper.com\/cs\/s-karavanem-do-norimberku-do-termalu-na-delfiny-a-na-adventni-trhy\/#primaryimage"},"thumbnailUrl":"https:\/\/all4camper.com\/wp-content\/uploads\/2019\/11\/adventn\u00ed-trhy-Norimberk.jpg","keywords":["N\u011bmecko","Term\u00e1ln\u00ed l\u00e1zn\u011b","Zimn\u00ed kempov\u00e1n\u00ed"],"articleSection":["Kempov\u00e1n\u00ed a cestov\u00e1n\u00ed v N\u011bmecku","Novinky - Kempov\u00e1n\u00ed a karavaning","Term\u00e1ln\u00ed l\u00e1zn\u011b, akvaparky a z\u00e1bavn\u00ed parky","Zimn\u00ed kempov\u00e1n\u00ed"],"inLanguage":"cs"},{"@type":"WebPage","@id":"https:\/\/all4camper.com\/cs\/s-karavanem-do-norimberku-do-termalu-na-delfiny-a-na-adventni-trhy\/","url":"https:\/\/all4camper.com\/cs\/s-karavanem-do-norimberku-do-termalu-na-delfiny-a-na-adventni-trhy\/","name":"S karavanem do Norimberku do term\u00e1l\u016f, na delf\u00edny a na adventn\u00ed trhy - All4Camper","isPartOf":{"@id":"https:\/\/all4camper.com\/cs\/#website"},"primaryImageOfPage":{"@id":"https:\/\/all4camper.com\/cs\/s-karavanem-do-norimberku-do-termalu-na-delfiny-a-na-adventni-trhy\/#primaryimage"},"image":{"@id":"https:\/\/all4camper.com\/cs\/s-karavanem-do-norimberku-do-termalu-na-delfiny-a-na-adventni-trhy\/#primaryimage"},"thumbnailUrl":"https:\/\/all4camper.com\/wp-content\/uploads\/2019\/11\/adventn\u00ed-trhy-Norimberk.jpg","datePublished":"2019-11-06T08:23:28+00:00","dateModified":"2019-12-11T13:18:26+00:00","description":"All4Camper - S karavanem do Norimberku do term\u00e1l\u016f, na delf\u00edny a na adventn\u00ed trhy","breadcrumb":{"@id":"https:\/\/all4camper.com\/cs\/s-karavanem-do-norimberku-do-termalu-na-delfiny-a-na-adventni-trhy\/#breadcrumb"},"inLanguage":"cs","potentialAction":[{"@type":"ReadAction","target":["https:\/\/all4camper.com\/cs\/s-karavanem-do-norimberku-do-termalu-na-delfiny-a-na-adventni-trhy\/"]}]},{"@type":"ImageObject","inLanguage":"cs","@id":"https:\/\/all4camper.com\/cs\/s-karavanem-do-norimberku-do-termalu-na-delfiny-a-na-adventni-trhy\/#primaryimage","url":"https:\/\/all4camper.com\/wp-content\/uploads\/2019\/11\/adventn\u00ed-trhy-Norimberk.jpg","contentUrl":"https:\/\/all4camper.com\/wp-content\/uploads\/2019\/11\/adventn\u00ed-trhy-Norimberk.jpg","width":1199,"height":715},{"@type":"BreadcrumbList","@id":"https:\/\/all4camper.com\/cs\/s-karavanem-do-norimberku-do-termalu-na-delfiny-a-na-adventni-trhy\/#breadcrumb","itemListElement":[{"@type":"ListItem","position":1,"name":"Dom\u016f","item":"https:\/\/all4camper.com\/cs\/"},{"@type":"ListItem","position":2,"name":"Kempov\u00e1n\u00ed a cestov\u00e1n\u00ed v N\u011bmecku","item":"https:\/\/all4camper.com\/cs\/category\/kempovani-a-cestovani-v-nemecku\/"},{"@type":"ListItem","position":3,"name":"S karavanem do Norimberku do term\u00e1l\u016f, na delf\u00edny a na adventn\u00ed trhy"}]},{"@type":"WebSite","@id":"https:\/\/all4camper.com\/cs\/#website","url":"https:\/\/all4camper.com\/cs\/","name":"All4Camper","description":"Nejv\u011bt\u0161\u00ed online magaz\u00edn o kempov\u00e1n\u00ed a karavaninku. V\u00edce jak 900 \u010dl\u00e1nk\u016f pln\u00fdch rad a tip\u016f o kempech a kempov\u00e1n\u00ed.","publisher":{"@id":"https:\/\/all4camper.com\/cs\/#organization"},"potentialAction":[{"@type":"SearchAction","target":{"@type":"EntryPoint","urlTemplate":"https:\/\/all4camper.com\/cs\/?s={search_term_string}"},"query-input":{"@type":"PropertyValueSpecification","valueRequired":true,"valueName":"search_term_string"}}],"inLanguage":"cs"},{"@type":"Organization","@id":"https:\/\/all4camper.com\/cs\/#organization","name":"All4Camper - kempujeme s Kl\u00e1rou","url":"https:\/\/all4camper.com\/cs\/","logo":{"@type":"ImageObject","inLanguage":"cs","@id":"https:\/\/all4camper.com\/cs\/#\/schema\/logo\/image\/","url":"https:\/\/all4camper.com\/wp-content\/uploads\/2018\/09\/novelogo.png","contentUrl":"https:\/\/all4camper.com\/wp-content\/uploads\/2018\/09\/novelogo.png","width":1520,"height":600,"caption":"All4Camper - kempujeme s Kl\u00e1rou"},"image":{"@id":"https:\/\/all4camper.com\/cs\/#\/schema\/logo\/image\/"}},{"@type":"Person","@id":"https:\/\/all4camper.com\/cs\/#\/schema\/person\/9349489688d4c221ca0fc39ae6bcb70b","name":"Kate\u0159ina","url":"https:\/\/all4camper.com\/cs\/author\/kterina\/"}]}},"_links":{"self":[{"href":"https:\/\/all4camper.com\/cs\/wp-json\/wp\/v2\/posts\/82961","targetHints":{"allow":["GET"]}}],"collection":[{"href":"https:\/\/all4camper.com\/cs\/wp-json\/wp\/v2\/posts"}],"about":[{"href":"https:\/\/all4camper.com\/cs\/wp-json\/wp\/v2\/types\/post"}],"author":[{"embeddable":true,"href":"https:\/\/all4camper.com\/cs\/wp-json\/wp\/v2\/users\/161"}],"replies":[{"embeddable":true,"href":"https:\/\/all4camper.com\/cs\/wp-json\/wp\/v2\/comments?post=82961"}],"version-history":[{"count":0,"href":"https:\/\/all4camper.com\/cs\/wp-json\/wp\/v2\/posts\/82961\/revisions"}],"wp:featuredmedia":[{"embeddable":true,"href":"https:\/\/all4camper.com\/cs\/wp-json\/wp\/v2\/media\/83709"}],"wp:attachment":[{"href":"https:\/\/all4camper.com\/cs\/wp-json\/wp\/v2\/media?parent=82961"}],"wp:term":[{"taxonomy":"category","embeddable":true,"href":"https:\/\/all4camper.com\/cs\/wp-json\/wp\/v2\/categories?post=82961"},{"taxonomy":"post_tag","embeddable":true,"href":"https:\/\/all4camper.com\/cs\/wp-json\/wp\/v2\/tags?post=82961"}],"curies":[{"name":"wp","href":"https:\/\/api.w.org\/{rel}","templated":true}]}}