{"id":82755,"date":"2019-10-20T18:52:10","date_gmt":"2019-10-20T16:52:10","guid":{"rendered":"https:\/\/all4camper.com\/\/?p=82755"},"modified":"2020-04-21T15:03:03","modified_gmt":"2020-04-21T13:03:03","slug":"karavanem-do-historickych-drazdan-na-nakupy-do-primarku-a-na-adventni-trhy","status":"publish","type":"post","link":"https:\/\/all4camper.com\/cs\/karavanem-do-historickych-drazdan-na-nakupy-do-primarku-a-na-adventni-trhy\/","title":{"rendered":"Karavanem do historick\u00fdch Dr\u00e1\u017e\u010fan, na n\u00e1kupy do Primarku a na adventn\u00ed trhy"},"content":{"rendered":"\n<h4 class=\"wp-block-heading\"><strong>Existuje pom\u011brn\u011b elegantn\u00ed zp\u016fsob, jak spojit nakupovac\u00ed m\u00e1nii v Dr\u00e1\u017e\u010fansk\u00e9m&nbsp;Primarku (zejm\u00e9na na podzim, kdy b\u00fdvaj\u00ed slevy), p\u0159\u00edpadn\u011b n\u00e1v\u0161t\u011bvu adventn\u00edch trh\u016f spojen\u00e1 s&nbsp;kempov\u00e1n\u00edm a prohl\u00eddkou tohoto historick\u00e9ho m\u011bsta. Jen se mus\u00edte rozhodnout, jestli vyu\u017eijete slu\u017eeb stellplatzu bl\u00edzko centra, nebo kempu, kter\u00fd je sice trochu d\u00e1l, ale zase je to pohodln\u011bj\u0161\u00ed. <\/strong><\/h4>\n\n\n\n<figure class=\"wp-block-image\"><img loading=\"lazy\" decoding=\"async\" width=\"1620\" height=\"1080\" src=\"https:\/\/all4camper.com\/\/wp-content\/uploads\/2019\/10\/dresden-806325_1920-1620x1080.jpg\" alt=\"\" class=\"wp-image-82758\" srcset=\"https:\/\/all4camper.com\/wp-content\/uploads\/2019\/10\/dresden-806325_1920-1620x1080.jpg 1620w, https:\/\/all4camper.com\/wp-content\/uploads\/2019\/10\/dresden-806325_1920-300x200.jpg 300w, https:\/\/all4camper.com\/wp-content\/uploads\/2019\/10\/dresden-806325_1920-150x100.jpg 150w, https:\/\/all4camper.com\/wp-content\/uploads\/2019\/10\/dresden-806325_1920-768x512.jpg 768w, https:\/\/all4camper.com\/wp-content\/uploads\/2019\/10\/dresden-806325_1920-1536x1024.jpg 1536w, https:\/\/all4camper.com\/wp-content\/uploads\/2019\/10\/dresden-806325_1920.jpg 1920w\" sizes=\"auto, (max-width: 1620px) 100vw, 1620px\" \/><\/figure>\n\n\n\n<h4 class=\"wp-block-heading\">Pro\u010d se vyplat\u00ed jet sem s obyt\u0148\u00e1kem?<\/h4>\n\n\n\n<p>Florencie na Labi, jak se n\u011bkdy Dr\u00e1\u017e\u010fan\u016fm p\u0159ezd\u00edv\u00e1, nab\u00edz\u00ed mnoho d\u016fvod\u016f pro n\u00e1v\u0161t\u011bvu. Nen\u00ed to v\u016fbec dalek\u00e1 cesta a nav\u00edc po dobr\u00e9 silnici, milovn\u00edci historie tu budou za\u017e\u00edvat doslova orgie a milovn\u00edci nakupov\u00e1n\u00ed vlastn\u011b tak\u00e9. Jeliko\u017e le\u017e\u00ed jen kousek od na\u0161ich hranic, je mo\u017en\u00e9 je bez probl\u00e9mu nav\u0161t\u00edvit i v&nbsp;r\u00e1mci jednodenn\u00edho v\u00fdletu. ALE, je to \u0161koda, proto\u017ee ani zdaleka neuvid\u00edte\/nenav\u0161t\u00edv\u00edte v\u0161e, ve\u010dern\u00ed atmosf\u00e9ra je docela jin\u00e1 a budete uhnan\u00ed, to zaru\u010den\u011b. <\/p>\n\n\n\n<p>Pokud jim v\u011bnujete alespo\u0148 dva dny, uvid\u00edte, \u017ee v\u00e1m uk\u00e1\u017e\u00ed docela jinou tv\u00e1\u0159. Nebudu v\u00e1m tady te\u010f vypisovat v\u0161echny pam\u00e1tky, kter\u00e9 stoj\u00ed za to, celkem p\u0159ehledn\u011b je najdete v\u010detn\u011b fotek t\u0159eba tady:<a rel=\"noreferrer noopener\" aria-label=\" (opens in a new tab)\" href=\"http:\/\/www.drazdany.info\/pamatky\" target=\"_blank\"> drazdany<\/a>. Nicm\u00e9n\u011b, ur\u010dit\u011b moc p\u011bkn\u00e1 zast\u00e1vka p\u0159i cest\u011b do Dr\u00e1\u017e\u010fan, obzvl\u00e1\u0161\u0165, pokud milujete Carcassone, je pevnost K\u00f6nigstein (<a rel=\"noreferrer noopener\" aria-label=\" (opens in a new tab)\" href=\"https:\/\/www.festung-koenigstein.de\/cs\/vitejte.html\" target=\"_blank\">www.festung-koenigstein.de<\/a>). No a milovn\u00edci poh\u00e1dek by rozhodn\u011b nem\u011bli vynechat z\u00e1mek Moritzbur, kde se nat\u00e1\u010dela legend\u00e1rn\u00ed Popelka (<a rel=\"noreferrer noopener\" aria-label=\" (opens in a new tab)\" href=\"https:\/\/www.schloss-moritzburg.de\/cs\/zamek-moritzburg\/\" target=\"_blank\">www.schloss-moritzburg.de<\/a>).<\/p>\n\n\n\n<figure class=\"wp-block-image\"><img loading=\"lazy\" decoding=\"async\" width=\"1920\" height=\"1080\" src=\"https:\/\/all4camper.com\/\/wp-content\/uploads\/2019\/10\/moritzburg-84299_1920.jpg\" alt=\"\" class=\"wp-image-82766\" srcset=\"https:\/\/all4camper.com\/wp-content\/uploads\/2019\/10\/moritzburg-84299_1920.jpg 1920w, https:\/\/all4camper.com\/wp-content\/uploads\/2019\/10\/moritzburg-84299_1920-300x169.jpg 300w, https:\/\/all4camper.com\/wp-content\/uploads\/2019\/10\/moritzburg-84299_1920-150x84.jpg 150w, https:\/\/all4camper.com\/wp-content\/uploads\/2019\/10\/moritzburg-84299_1920-768x432.jpg 768w, https:\/\/all4camper.com\/wp-content\/uploads\/2019\/10\/moritzburg-84299_1920-1536x864.jpg 1536w, https:\/\/all4camper.com\/wp-content\/uploads\/2019\/10\/moritzburg-84299_1920-678x381.jpg 678w\" sizes=\"auto, (max-width: 1920px) 100vw, 1920px\" \/><\/figure>\n\n\n\n<h4 class=\"wp-block-heading\"><strong>Ze stellplatzu pro dr\u00e1\u017e\u010fanskou \u0161tolu <\/strong><\/h4>\n\n\n\n<p>P\u0159es tradi\u010dn\u00ed v\u00e1no\u010dn\u00ed poh\u00e1dku jsem se osl\u00edm m\u016fstkem dostala k&nbsp;velk\u00e9 atrakci \u2013 adventn\u00edm trh\u016fm. Ty letos za\u010d\u00ednaj\u00ed 27. listopadu a kon\u010d\u00ed 24. prosince, p\u0159i\u010dem\u017e \u0160tolov\u00e1 slavnost je 7. 12. Pr\u00e1v\u011b v&nbsp;tomto obdob\u00ed tak opou\u0161t\u011bj\u00ed v\u0161echna v\u011bt\u0161\u00ed \u010desk\u00e1 m\u011bsta autobusy po st\u0159echu napln\u011bn\u00e9 turisty la\u010dn\u00edc\u00edmi po v\u00e1no\u010dn\u00ed atmosf\u00e9\u0159e, \u0161tole, sva\u0159\u00e1ku a n\u00e1kupech, aby se vracely je\u0161t\u011b o mnoho ta\u0161ek pln\u011bj\u0161\u00ed s&nbsp;turisty pon\u011bkud zvl\u00e1\u010dn\u011bl\u00fdmi. Jako \u2013 tak\u00e9 je to mo\u017enost\u2026 <\/p>\n\n\n\n<p>Ov\u0161em co si napl\u00e1novat v\u00fdlet s&nbsp;p\u0159enocov\u00e1n\u00edm t\u0159eba pr\u00e1v\u011b na stellplatzu? Libovoln\u00e9 mno\u017estv\u00ed sva\u0159en\u00e9ho v\u00edna si mohou d\u00e1t v\u0161ichni, ta\u0161ky budou jen a jen va\u0161e stejn\u011b jako postel a nikdo na v\u00e1s nebude divn\u011b koukat, kdy\u017e to t\u0159eba s&nbsp;degustac\u00ed n\u00e1poj\u016f na zah\u0159\u00e1t\u00ed tro\u0161ku ujede. <\/p>\n\n\n\n<figure class=\"wp-block-image\"><img loading=\"lazy\" decoding=\"async\" width=\"1621\" height=\"1080\" src=\"https:\/\/all4camper.com\/\/wp-content\/uploads\/2019\/10\/dresden-2169507_1920-1621x1080.jpg\" alt=\"\" class=\"wp-image-82759\" srcset=\"https:\/\/all4camper.com\/wp-content\/uploads\/2019\/10\/dresden-2169507_1920-1621x1080.jpg 1621w, https:\/\/all4camper.com\/wp-content\/uploads\/2019\/10\/dresden-2169507_1920-300x200.jpg 300w, https:\/\/all4camper.com\/wp-content\/uploads\/2019\/10\/dresden-2169507_1920-150x100.jpg 150w, https:\/\/all4camper.com\/wp-content\/uploads\/2019\/10\/dresden-2169507_1920-768x512.jpg 768w, https:\/\/all4camper.com\/wp-content\/uploads\/2019\/10\/dresden-2169507_1920-1536x1023.jpg 1536w, https:\/\/all4camper.com\/wp-content\/uploads\/2019\/10\/dresden-2169507_1920.jpg 1920w\" sizes=\"auto, (max-width: 1621px) 100vw, 1621px\" \/><\/figure>\n\n\n\n<h4 class=\"wp-block-heading\"><strong>Dr\u00e1\u017e\u010fansk\u00e1 legenda jm\u00e9nem Primark<\/strong><\/h4>\n\n\n\n<p>Tak, te\u010f si polovina z&nbsp;v\u00e1s asi odplivla a polovina zkoum\u00e1 z\u016fstatek na \u00fa\u010dtu, nem\u00e1m pravdu? Mekkou milovn\u00edk\u016f levn\u00fdch n\u00e1kup\u016f se toti\u017e v&nbsp;posledn\u00edch letech stal obchodn\u00ed d\u016fm Primark, no a jeden z nejbli\u017e\u0161\u00edch je pr\u00e1v\u011b v&nbsp;Dr\u00e1\u017e\u010fanech (OC Galerie Dr\u00e1\u017e\u010fany). I kdy\u017e tahle vlna zlehka ztrat\u00ed na s\u00edle, proto\u017ee jeho otev\u0159en\u00ed je napl\u00e1nov\u00e1no i v&nbsp;Praze, zat\u00edm v&nbsp;\u010cech\u00e1ch \u017e\u00e1dn\u00fd nen\u00ed a nav\u00edc n\u011bmeck\u00e9 je p\u0159ece n\u011bmeck\u00e9, ne? Nebudu tady polemizovat o v\u00fdhodnosti nebo nev\u00fdhodnosti, n\u00e1zor si ud\u011blejte sami tady. <a rel=\"noreferrer noopener\" aria-label=\" (opens in a new tab)\" href=\"https:\/\/www.primark.com\/de\" target=\"_blank\">www.primark.com<\/a> Ka\u017edop\u00e1dn\u011b faktem z\u016fst\u00e1v\u00e1, \u017ee s&nbsp;pr\u00e1zdnou odch\u00e1z\u00ed jen m\u00e1lokdo, tak\u017ee asi tak\u2026<\/p>\n\n\n\n<figure class=\"wp-block-image\"><img loading=\"lazy\" decoding=\"async\" width=\"1440\" height=\"1080\" src=\"https:\/\/all4camper.com\/\/wp-content\/uploads\/2019\/10\/center-gallery-2246233_1920-1440x1080.jpg\" alt=\"\" class=\"wp-image-82760\" srcset=\"https:\/\/all4camper.com\/wp-content\/uploads\/2019\/10\/center-gallery-2246233_1920-1440x1080.jpg 1440w, https:\/\/all4camper.com\/wp-content\/uploads\/2019\/10\/center-gallery-2246233_1920-300x225.jpg 300w, https:\/\/all4camper.com\/wp-content\/uploads\/2019\/10\/center-gallery-2246233_1920-150x113.jpg 150w, https:\/\/all4camper.com\/wp-content\/uploads\/2019\/10\/center-gallery-2246233_1920-768x576.jpg 768w, https:\/\/all4camper.com\/wp-content\/uploads\/2019\/10\/center-gallery-2246233_1920-1536x1152.jpg 1536w, https:\/\/all4camper.com\/wp-content\/uploads\/2019\/10\/center-gallery-2246233_1920-678x509.jpg 678w, https:\/\/all4camper.com\/wp-content\/uploads\/2019\/10\/center-gallery-2246233_1920-326x245.jpg 326w, https:\/\/all4camper.com\/wp-content\/uploads\/2019\/10\/center-gallery-2246233_1920-80x60.jpg 80w, https:\/\/all4camper.com\/wp-content\/uploads\/2019\/10\/center-gallery-2246233_1920.jpg 1920w\" sizes=\"auto, (max-width: 1440px) 100vw, 1440px\" \/><\/figure>\n\n\n\n<h4 class=\"wp-block-heading\"><strong>Dr\u00e1\u017e\u010fansk\u00fd kemp s&nbsp;p\u0159\u00edmou linkou do centra<\/strong><\/h4>\n\n\n\n<p> Campingplatz Dresden Mockritz nab\u00edz\u00ed prostor pro obytka, stany i mo\u017enost ubytov\u00e1n\u00ed v&nbsp;chatk\u00e1ch. V\u00fdhodou tohoto kempu je snadn\u00e1 dostupnost centra. Za pouh\u00fdch 15 minut u\u017e bloud\u00edte historick\u00fdmi uli\u010dkami a a\u017e na v\u00fdjimky je otev\u0159en\u00fd celoro\u010dn\u011b. Nicm\u00e9n\u011b pokud chcete m\u00edt jistotu, doporu\u010duji obr\u00e1tit se na n\u011b s&nbsp;dotazem na rezervaci &#8211; <a rel=\"noreferrer noopener\" aria-label=\" (opens in a new tab)\" href=\"https:\/\/www.cbm-camping.de\/dresden\/\" target=\"_blank\">www.cbm-camping.de<\/a><\/p>\n\n\n\n<figure class=\"wp-block-image\"><img loading=\"lazy\" decoding=\"async\" width=\"800\" height=\"533\" src=\"https:\/\/all4camper.com\/\/wp-content\/uploads\/2019\/10\/wohnmobil-stellplatz_bearbeitet-1.jpg\" alt=\"\" class=\"wp-image-82761\" srcset=\"https:\/\/all4camper.com\/wp-content\/uploads\/2019\/10\/wohnmobil-stellplatz_bearbeitet-1.jpg 800w, https:\/\/all4camper.com\/wp-content\/uploads\/2019\/10\/wohnmobil-stellplatz_bearbeitet-1-150x100.jpg 150w, https:\/\/all4camper.com\/wp-content\/uploads\/2019\/10\/wohnmobil-stellplatz_bearbeitet-1-300x200.jpg 300w, https:\/\/all4camper.com\/wp-content\/uploads\/2019\/10\/wohnmobil-stellplatz_bearbeitet-1-768x512.jpg 768w\" sizes=\"auto, (max-width: 800px) 100vw, 800px\" \/><\/figure>\n\n\n\n<h4 class=\"wp-block-heading\"><strong>Stellplatz p\u0159\u00edmo v&nbsp;centru<\/strong><\/h4>\n\n\n\n<p>Pokud se nechcete nikam dopravovat, m\u016f\u017eete vyu\u017e\u00edt stellplatz p\u0159\u00edmo v&nbsp;centru. Jak u\u017e to ale v&nbsp;podobn\u00fdch p\u0159\u00edpadech b\u00fdv\u00e1, tady je mo\u017en\u00e9, \u017ee bude plno a rezervace dop\u0159edu bohu\u017eel nelze za\u0159\u00eddit. Ale v&nbsp;p\u0159\u00edpad\u011b, \u017ee se vejdete, je to v\u00fdchoz\u00ed bod naprosto par\u00e1dn\u00ed. Za 15 eur na noc m\u00e1te ve\u0161ker\u00fd servis a m\u00edsto je to moc p\u0159\u00edjemn\u00e9 w<a rel=\"noreferrer noopener\" aria-label=\" (opens in a new tab)\" href=\"https:\/\/www.wohnmobil-dresden.de\/\" target=\"_blank\">ohnmobil-dresden.de<\/a>.<\/p>\n","protected":false},"excerpt":{"rendered":"<p>Existuje pom\u011brn\u011b elegantn\u00ed zp\u016fsob, jak spojit nakupovac\u00ed m\u00e1nii v Dr\u00e1\u017e\u010fansk\u00e9m&nbsp;Primarku (zejm\u00e9na na podzim, kdy b\u00fdvaj\u00ed slevy), p\u0159\u00edpadn\u011b n\u00e1v\u0161t\u011bvu adventn\u00edch trh\u016f spojen\u00e1 s&nbsp;kempov\u00e1n\u00edm a prohl\u00eddkou tohoto historick\u00e9ho m\u011bsta. Jen se mus\u00edte rozhodnout, jestli vyu\u017eijete slu\u017eeb stellplatzu bl\u00edzko centra, nebo kempu, kter\u00fd je sice trochu d\u00e1l, ale zase je to pohodln\u011bj\u0161\u00ed. Pro\u010d se vyplat\u00ed jet sem s [&hellip;]<\/p>\n","protected":false},"author":161,"featured_media":83651,"comment_status":"closed","ping_status":"open","sticky":false,"template":"","format":"standard","meta":{"_monsterinsights_skip_tracking":false,"_monsterinsights_sitenote_active":false,"_monsterinsights_sitenote_note":"","_monsterinsights_sitenote_category":0,"footnotes":""},"categories":[2377,422,341],"tags":[437,97,321],"class_list":{"0":"post-82755","1":"post","2":"type-post","3":"status-publish","4":"format-standard","5":"has-post-thumbnail","7":"category-kempovani-a-cestovani-v-nemecku","8":"category-novinky-kempovani-a-karavaning","9":"category-zimni-kempovani","10":"tag-karavanova-stani","11":"tag-nemecko","12":"tag-winter-camping"},"yoast_head":"<!-- This site is optimized with the Yoast SEO plugin v27.5 - https:\/\/yoast.com\/product\/yoast-seo-wordpress\/ -->\n<title>Karavanem do historick\u00fdch Dr\u00e1\u017e\u010fan, na n\u00e1kupy do Primarku a na adventn\u00ed trhy - All4Camper<\/title>\n<meta name=\"description\" content=\"All4Camper - Karavanem do historick\u00fdch Dr\u00e1\u017e\u010fan, na n\u00e1kupy do Primarku a na adventn\u00ed trhy\" \/>\n<meta name=\"robots\" content=\"index, follow, max-snippet:-1, max-image-preview:large, max-video-preview:-1\" \/>\n<link rel=\"canonical\" href=\"https:\/\/all4camper.com\/cs\/karavanem-do-historickych-drazdan-na-nakupy-do-primarku-a-na-adventni-trhy\/\" \/>\n<meta property=\"og:locale\" content=\"cs_CZ\" \/>\n<meta property=\"og:type\" content=\"article\" \/>\n<meta property=\"og:title\" content=\"Karavanem do historick\u00fdch Dr\u00e1\u017e\u010fan, na n\u00e1kupy do Primarku a na adventn\u00ed trhy - All4Camper\" \/>\n<meta property=\"og:description\" content=\"All4Camper - Karavanem do historick\u00fdch Dr\u00e1\u017e\u010fan, na n\u00e1kupy do Primarku a na adventn\u00ed trhy\" \/>\n<meta property=\"og:url\" content=\"https:\/\/all4camper.com\/cs\/karavanem-do-historickych-drazdan-na-nakupy-do-primarku-a-na-adventni-trhy\/\" \/>\n<meta property=\"og:site_name\" content=\"All4Camper\" \/>\n<meta property=\"article:published_time\" content=\"2019-10-20T16:52:10+00:00\" \/>\n<meta property=\"article:modified_time\" content=\"2020-04-21T13:03:03+00:00\" \/>\n<meta property=\"og:image\" content=\"https:\/\/all4camper.com\/\/wp-content\/uploads\/2019\/10\/v\u00e1no\u010dn\u00ed-dr\u00e1\u017e\u010fany_FB.png\" \/>\n<meta name=\"author\" content=\"Kate\u0159ina\" \/>\n<meta name=\"twitter:card\" content=\"summary_large_image\" \/>\n<meta name=\"twitter:label1\" content=\"Napsal(a)\" \/>\n\t<meta name=\"twitter:data1\" content=\"Kate\u0159ina\" \/>\n\t<meta name=\"twitter:label2\" content=\"Odhadovan\u00e1 doba \u010dten\u00ed\" \/>\n\t<meta name=\"twitter:data2\" content=\"4 minuty\" \/>\n<script type=\"application\/ld+json\" class=\"yoast-schema-graph\">{\"@context\":\"https:\\\/\\\/schema.org\",\"@graph\":[{\"@type\":\"Article\",\"@id\":\"https:\\\/\\\/all4camper.com\\\/cs\\\/karavanem-do-historickych-drazdan-na-nakupy-do-primarku-a-na-adventni-trhy\\\/#article\",\"isPartOf\":{\"@id\":\"https:\\\/\\\/all4camper.com\\\/cs\\\/karavanem-do-historickych-drazdan-na-nakupy-do-primarku-a-na-adventni-trhy\\\/\"},\"author\":{\"name\":\"Kate\u0159ina\",\"@id\":\"https:\\\/\\\/all4camper.com\\\/cs\\\/#\\\/schema\\\/person\\\/9349489688d4c221ca0fc39ae6bcb70b\"},\"headline\":\"Karavanem do historick\u00fdch Dr\u00e1\u017e\u010fan, na n\u00e1kupy do Primarku a na adventn\u00ed trhy\",\"datePublished\":\"2019-10-20T16:52:10+00:00\",\"dateModified\":\"2020-04-21T13:03:03+00:00\",\"mainEntityOfPage\":{\"@id\":\"https:\\\/\\\/all4camper.com\\\/cs\\\/karavanem-do-historickych-drazdan-na-nakupy-do-primarku-a-na-adventni-trhy\\\/\"},\"wordCount\":783,\"publisher\":{\"@id\":\"https:\\\/\\\/all4camper.com\\\/cs\\\/#organization\"},\"image\":{\"@id\":\"https:\\\/\\\/all4camper.com\\\/cs\\\/karavanem-do-historickych-drazdan-na-nakupy-do-primarku-a-na-adventni-trhy\\\/#primaryimage\"},\"thumbnailUrl\":\"https:\\\/\\\/all4camper.com\\\/wp-content\\\/uploads\\\/2019\\\/10\\\/v\u00e1no\u010dn\u00ed-dr\u00e1\u017e\u010fany_clanek.png\",\"keywords\":[\"karavanov\u00e1 st\u00e1n\u00ed\",\"N\u011bmecko\",\"Zimn\u00ed kempov\u00e1n\u00ed\"],\"articleSection\":[\"Kempov\u00e1n\u00ed a cestov\u00e1n\u00ed v N\u011bmecku\",\"Novinky - Kempov\u00e1n\u00ed a karavaning\",\"Zimn\u00ed kempov\u00e1n\u00ed\"],\"inLanguage\":\"cs\"},{\"@type\":\"WebPage\",\"@id\":\"https:\\\/\\\/all4camper.com\\\/cs\\\/karavanem-do-historickych-drazdan-na-nakupy-do-primarku-a-na-adventni-trhy\\\/\",\"url\":\"https:\\\/\\\/all4camper.com\\\/cs\\\/karavanem-do-historickych-drazdan-na-nakupy-do-primarku-a-na-adventni-trhy\\\/\",\"name\":\"Karavanem do historick\u00fdch Dr\u00e1\u017e\u010fan, na n\u00e1kupy do Primarku a na adventn\u00ed trhy - All4Camper\",\"isPartOf\":{\"@id\":\"https:\\\/\\\/all4camper.com\\\/cs\\\/#website\"},\"primaryImageOfPage\":{\"@id\":\"https:\\\/\\\/all4camper.com\\\/cs\\\/karavanem-do-historickych-drazdan-na-nakupy-do-primarku-a-na-adventni-trhy\\\/#primaryimage\"},\"image\":{\"@id\":\"https:\\\/\\\/all4camper.com\\\/cs\\\/karavanem-do-historickych-drazdan-na-nakupy-do-primarku-a-na-adventni-trhy\\\/#primaryimage\"},\"thumbnailUrl\":\"https:\\\/\\\/all4camper.com\\\/wp-content\\\/uploads\\\/2019\\\/10\\\/v\u00e1no\u010dn\u00ed-dr\u00e1\u017e\u010fany_clanek.png\",\"datePublished\":\"2019-10-20T16:52:10+00:00\",\"dateModified\":\"2020-04-21T13:03:03+00:00\",\"description\":\"All4Camper - Karavanem do historick\u00fdch Dr\u00e1\u017e\u010fan, na n\u00e1kupy do Primarku a na adventn\u00ed trhy\",\"breadcrumb\":{\"@id\":\"https:\\\/\\\/all4camper.com\\\/cs\\\/karavanem-do-historickych-drazdan-na-nakupy-do-primarku-a-na-adventni-trhy\\\/#breadcrumb\"},\"inLanguage\":\"cs\",\"potentialAction\":[{\"@type\":\"ReadAction\",\"target\":[\"https:\\\/\\\/all4camper.com\\\/cs\\\/karavanem-do-historickych-drazdan-na-nakupy-do-primarku-a-na-adventni-trhy\\\/\"]}]},{\"@type\":\"ImageObject\",\"inLanguage\":\"cs\",\"@id\":\"https:\\\/\\\/all4camper.com\\\/cs\\\/karavanem-do-historickych-drazdan-na-nakupy-do-primarku-a-na-adventni-trhy\\\/#primaryimage\",\"url\":\"https:\\\/\\\/all4camper.com\\\/wp-content\\\/uploads\\\/2019\\\/10\\\/v\u00e1no\u010dn\u00ed-dr\u00e1\u017e\u010fany_clanek.png\",\"contentUrl\":\"https:\\\/\\\/all4camper.com\\\/wp-content\\\/uploads\\\/2019\\\/10\\\/v\u00e1no\u010dn\u00ed-dr\u00e1\u017e\u010fany_clanek.png\",\"width\":1200,\"height\":693},{\"@type\":\"BreadcrumbList\",\"@id\":\"https:\\\/\\\/all4camper.com\\\/cs\\\/karavanem-do-historickych-drazdan-na-nakupy-do-primarku-a-na-adventni-trhy\\\/#breadcrumb\",\"itemListElement\":[{\"@type\":\"ListItem\",\"position\":1,\"name\":\"Dom\u016f\",\"item\":\"https:\\\/\\\/all4camper.com\\\/cs\\\/\"},{\"@type\":\"ListItem\",\"position\":2,\"name\":\"Kempov\u00e1n\u00ed a cestov\u00e1n\u00ed v N\u011bmecku\",\"item\":\"https:\\\/\\\/all4camper.com\\\/cs\\\/category\\\/kempovani-a-cestovani-v-nemecku\\\/\"},{\"@type\":\"ListItem\",\"position\":3,\"name\":\"Karavanem do historick\u00fdch Dr\u00e1\u017e\u010fan, na n\u00e1kupy do Primarku a na adventn\u00ed trhy\"}]},{\"@type\":\"WebSite\",\"@id\":\"https:\\\/\\\/all4camper.com\\\/cs\\\/#website\",\"url\":\"https:\\\/\\\/all4camper.com\\\/cs\\\/\",\"name\":\"All4Camper\",\"description\":\"Nejv\u011bt\u0161\u00ed online magaz\u00edn o kempov\u00e1n\u00ed a karavaninku. V\u00edce jak 900 \u010dl\u00e1nk\u016f pln\u00fdch rad a tip\u016f o kempech a kempov\u00e1n\u00ed.\",\"publisher\":{\"@id\":\"https:\\\/\\\/all4camper.com\\\/cs\\\/#organization\"},\"potentialAction\":[{\"@type\":\"SearchAction\",\"target\":{\"@type\":\"EntryPoint\",\"urlTemplate\":\"https:\\\/\\\/all4camper.com\\\/cs\\\/?s={search_term_string}\"},\"query-input\":{\"@type\":\"PropertyValueSpecification\",\"valueRequired\":true,\"valueName\":\"search_term_string\"}}],\"inLanguage\":\"cs\"},{\"@type\":\"Organization\",\"@id\":\"https:\\\/\\\/all4camper.com\\\/cs\\\/#organization\",\"name\":\"All4Camper - kempujeme s Kl\u00e1rou\",\"url\":\"https:\\\/\\\/all4camper.com\\\/cs\\\/\",\"logo\":{\"@type\":\"ImageObject\",\"inLanguage\":\"cs\",\"@id\":\"https:\\\/\\\/all4camper.com\\\/cs\\\/#\\\/schema\\\/logo\\\/image\\\/\",\"url\":\"https:\\\/\\\/all4camper.com\\\/wp-content\\\/uploads\\\/2018\\\/09\\\/novelogo.png\",\"contentUrl\":\"https:\\\/\\\/all4camper.com\\\/wp-content\\\/uploads\\\/2018\\\/09\\\/novelogo.png\",\"width\":1520,\"height\":600,\"caption\":\"All4Camper - kempujeme s Kl\u00e1rou\"},\"image\":{\"@id\":\"https:\\\/\\\/all4camper.com\\\/cs\\\/#\\\/schema\\\/logo\\\/image\\\/\"}},{\"@type\":\"Person\",\"@id\":\"https:\\\/\\\/all4camper.com\\\/cs\\\/#\\\/schema\\\/person\\\/9349489688d4c221ca0fc39ae6bcb70b\",\"name\":\"Kate\u0159ina\",\"url\":\"https:\\\/\\\/all4camper.com\\\/cs\\\/author\\\/kterina\\\/\"}]}<\/script>\n<!-- \/ Yoast SEO plugin. -->","yoast_head_json":{"title":"Karavanem do historick\u00fdch Dr\u00e1\u017e\u010fan, na n\u00e1kupy do Primarku a na adventn\u00ed trhy - All4Camper","description":"All4Camper - Karavanem do historick\u00fdch Dr\u00e1\u017e\u010fan, na n\u00e1kupy do Primarku a na adventn\u00ed trhy","robots":{"index":"index","follow":"follow","max-snippet":"max-snippet:-1","max-image-preview":"max-image-preview:large","max-video-preview":"max-video-preview:-1"},"canonical":"https:\/\/all4camper.com\/cs\/karavanem-do-historickych-drazdan-na-nakupy-do-primarku-a-na-adventni-trhy\/","og_locale":"cs_CZ","og_type":"article","og_title":"Karavanem do historick\u00fdch Dr\u00e1\u017e\u010fan, na n\u00e1kupy do Primarku a na adventn\u00ed trhy - All4Camper","og_description":"All4Camper - Karavanem do historick\u00fdch Dr\u00e1\u017e\u010fan, na n\u00e1kupy do Primarku a na adventn\u00ed trhy","og_url":"https:\/\/all4camper.com\/cs\/karavanem-do-historickych-drazdan-na-nakupy-do-primarku-a-na-adventni-trhy\/","og_site_name":"All4Camper","article_published_time":"2019-10-20T16:52:10+00:00","article_modified_time":"2020-04-21T13:03:03+00:00","og_image":[{"url":"https:\/\/all4camper.com\/\/wp-content\/uploads\/2019\/10\/v\u00e1no\u010dn\u00ed-dr\u00e1\u017e\u010fany_FB.png","type":"","width":"","height":""}],"author":"Kate\u0159ina","twitter_card":"summary_large_image","twitter_misc":{"Napsal(a)":"Kate\u0159ina","Odhadovan\u00e1 doba \u010dten\u00ed":"4 minuty"},"schema":{"@context":"https:\/\/schema.org","@graph":[{"@type":"Article","@id":"https:\/\/all4camper.com\/cs\/karavanem-do-historickych-drazdan-na-nakupy-do-primarku-a-na-adventni-trhy\/#article","isPartOf":{"@id":"https:\/\/all4camper.com\/cs\/karavanem-do-historickych-drazdan-na-nakupy-do-primarku-a-na-adventni-trhy\/"},"author":{"name":"Kate\u0159ina","@id":"https:\/\/all4camper.com\/cs\/#\/schema\/person\/9349489688d4c221ca0fc39ae6bcb70b"},"headline":"Karavanem do historick\u00fdch Dr\u00e1\u017e\u010fan, na n\u00e1kupy do Primarku a na adventn\u00ed trhy","datePublished":"2019-10-20T16:52:10+00:00","dateModified":"2020-04-21T13:03:03+00:00","mainEntityOfPage":{"@id":"https:\/\/all4camper.com\/cs\/karavanem-do-historickych-drazdan-na-nakupy-do-primarku-a-na-adventni-trhy\/"},"wordCount":783,"publisher":{"@id":"https:\/\/all4camper.com\/cs\/#organization"},"image":{"@id":"https:\/\/all4camper.com\/cs\/karavanem-do-historickych-drazdan-na-nakupy-do-primarku-a-na-adventni-trhy\/#primaryimage"},"thumbnailUrl":"https:\/\/all4camper.com\/wp-content\/uploads\/2019\/10\/v\u00e1no\u010dn\u00ed-dr\u00e1\u017e\u010fany_clanek.png","keywords":["karavanov\u00e1 st\u00e1n\u00ed","N\u011bmecko","Zimn\u00ed kempov\u00e1n\u00ed"],"articleSection":["Kempov\u00e1n\u00ed a cestov\u00e1n\u00ed v N\u011bmecku","Novinky - Kempov\u00e1n\u00ed a karavaning","Zimn\u00ed kempov\u00e1n\u00ed"],"inLanguage":"cs"},{"@type":"WebPage","@id":"https:\/\/all4camper.com\/cs\/karavanem-do-historickych-drazdan-na-nakupy-do-primarku-a-na-adventni-trhy\/","url":"https:\/\/all4camper.com\/cs\/karavanem-do-historickych-drazdan-na-nakupy-do-primarku-a-na-adventni-trhy\/","name":"Karavanem do historick\u00fdch Dr\u00e1\u017e\u010fan, na n\u00e1kupy do Primarku a na adventn\u00ed trhy - All4Camper","isPartOf":{"@id":"https:\/\/all4camper.com\/cs\/#website"},"primaryImageOfPage":{"@id":"https:\/\/all4camper.com\/cs\/karavanem-do-historickych-drazdan-na-nakupy-do-primarku-a-na-adventni-trhy\/#primaryimage"},"image":{"@id":"https:\/\/all4camper.com\/cs\/karavanem-do-historickych-drazdan-na-nakupy-do-primarku-a-na-adventni-trhy\/#primaryimage"},"thumbnailUrl":"https:\/\/all4camper.com\/wp-content\/uploads\/2019\/10\/v\u00e1no\u010dn\u00ed-dr\u00e1\u017e\u010fany_clanek.png","datePublished":"2019-10-20T16:52:10+00:00","dateModified":"2020-04-21T13:03:03+00:00","description":"All4Camper - Karavanem do historick\u00fdch Dr\u00e1\u017e\u010fan, na n\u00e1kupy do Primarku a na adventn\u00ed trhy","breadcrumb":{"@id":"https:\/\/all4camper.com\/cs\/karavanem-do-historickych-drazdan-na-nakupy-do-primarku-a-na-adventni-trhy\/#breadcrumb"},"inLanguage":"cs","potentialAction":[{"@type":"ReadAction","target":["https:\/\/all4camper.com\/cs\/karavanem-do-historickych-drazdan-na-nakupy-do-primarku-a-na-adventni-trhy\/"]}]},{"@type":"ImageObject","inLanguage":"cs","@id":"https:\/\/all4camper.com\/cs\/karavanem-do-historickych-drazdan-na-nakupy-do-primarku-a-na-adventni-trhy\/#primaryimage","url":"https:\/\/all4camper.com\/wp-content\/uploads\/2019\/10\/v\u00e1no\u010dn\u00ed-dr\u00e1\u017e\u010fany_clanek.png","contentUrl":"https:\/\/all4camper.com\/wp-content\/uploads\/2019\/10\/v\u00e1no\u010dn\u00ed-dr\u00e1\u017e\u010fany_clanek.png","width":1200,"height":693},{"@type":"BreadcrumbList","@id":"https:\/\/all4camper.com\/cs\/karavanem-do-historickych-drazdan-na-nakupy-do-primarku-a-na-adventni-trhy\/#breadcrumb","itemListElement":[{"@type":"ListItem","position":1,"name":"Dom\u016f","item":"https:\/\/all4camper.com\/cs\/"},{"@type":"ListItem","position":2,"name":"Kempov\u00e1n\u00ed a cestov\u00e1n\u00ed v N\u011bmecku","item":"https:\/\/all4camper.com\/cs\/category\/kempovani-a-cestovani-v-nemecku\/"},{"@type":"ListItem","position":3,"name":"Karavanem do historick\u00fdch Dr\u00e1\u017e\u010fan, na n\u00e1kupy do Primarku a na adventn\u00ed trhy"}]},{"@type":"WebSite","@id":"https:\/\/all4camper.com\/cs\/#website","url":"https:\/\/all4camper.com\/cs\/","name":"All4Camper","description":"Nejv\u011bt\u0161\u00ed online magaz\u00edn o kempov\u00e1n\u00ed a karavaninku. V\u00edce jak 900 \u010dl\u00e1nk\u016f pln\u00fdch rad a tip\u016f o kempech a kempov\u00e1n\u00ed.","publisher":{"@id":"https:\/\/all4camper.com\/cs\/#organization"},"potentialAction":[{"@type":"SearchAction","target":{"@type":"EntryPoint","urlTemplate":"https:\/\/all4camper.com\/cs\/?s={search_term_string}"},"query-input":{"@type":"PropertyValueSpecification","valueRequired":true,"valueName":"search_term_string"}}],"inLanguage":"cs"},{"@type":"Organization","@id":"https:\/\/all4camper.com\/cs\/#organization","name":"All4Camper - kempujeme s Kl\u00e1rou","url":"https:\/\/all4camper.com\/cs\/","logo":{"@type":"ImageObject","inLanguage":"cs","@id":"https:\/\/all4camper.com\/cs\/#\/schema\/logo\/image\/","url":"https:\/\/all4camper.com\/wp-content\/uploads\/2018\/09\/novelogo.png","contentUrl":"https:\/\/all4camper.com\/wp-content\/uploads\/2018\/09\/novelogo.png","width":1520,"height":600,"caption":"All4Camper - kempujeme s Kl\u00e1rou"},"image":{"@id":"https:\/\/all4camper.com\/cs\/#\/schema\/logo\/image\/"}},{"@type":"Person","@id":"https:\/\/all4camper.com\/cs\/#\/schema\/person\/9349489688d4c221ca0fc39ae6bcb70b","name":"Kate\u0159ina","url":"https:\/\/all4camper.com\/cs\/author\/kterina\/"}]}},"_links":{"self":[{"href":"https:\/\/all4camper.com\/cs\/wp-json\/wp\/v2\/posts\/82755","targetHints":{"allow":["GET"]}}],"collection":[{"href":"https:\/\/all4camper.com\/cs\/wp-json\/wp\/v2\/posts"}],"about":[{"href":"https:\/\/all4camper.com\/cs\/wp-json\/wp\/v2\/types\/post"}],"author":[{"embeddable":true,"href":"https:\/\/all4camper.com\/cs\/wp-json\/wp\/v2\/users\/161"}],"replies":[{"embeddable":true,"href":"https:\/\/all4camper.com\/cs\/wp-json\/wp\/v2\/comments?post=82755"}],"version-history":[{"count":0,"href":"https:\/\/all4camper.com\/cs\/wp-json\/wp\/v2\/posts\/82755\/revisions"}],"wp:featuredmedia":[{"embeddable":true,"href":"https:\/\/all4camper.com\/cs\/wp-json\/wp\/v2\/media\/83651"}],"wp:attachment":[{"href":"https:\/\/all4camper.com\/cs\/wp-json\/wp\/v2\/media?parent=82755"}],"wp:term":[{"taxonomy":"category","embeddable":true,"href":"https:\/\/all4camper.com\/cs\/wp-json\/wp\/v2\/categories?post=82755"},{"taxonomy":"post_tag","embeddable":true,"href":"https:\/\/all4camper.com\/cs\/wp-json\/wp\/v2\/tags?post=82755"}],"curies":[{"name":"wp","href":"https:\/\/api.w.org\/{rel}","templated":true}]}}