{"id":82708,"date":"2019-10-15T18:18:30","date_gmt":"2019-10-15T16:18:30","guid":{"rendered":"https:\/\/all4camper.com\/\/?p=82708"},"modified":"2022-12-13T15:09:30","modified_gmt":"2022-12-13T14:09:30","slug":"blanka-milfait-uz-vari-marmelady-ve-svem-vlastnim-kempu-neskutecne-inspirativni-rozhovor","status":"publish","type":"post","link":"https:\/\/all4camper.com\/cs\/blanka-milfait-uz-vari-marmelady-ve-svem-vlastnim-kempu-neskutecne-inspirativni-rozhovor\/","title":{"rendered":"Blanka Milfait u\u017e va\u0159\u00ed marmel\u00e1dy ve sv\u00e9m vlastn\u00edm kempu! Neskute\u010dn\u011b inspirativn\u00ed rozhovor\u2026"},"content":{"rendered":"\n<h4 class=\"wp-block-heading\"><strong>Blance Milfait se \u010dasto p\u0159ezd\u00edv\u00e1 marmel\u00e1dov\u00e1 kr\u00e1lovna. A pr\u00e1vem. Tahle d\u00e1ma toti\u017e va\u0159\u00ed \u00fa\u017easn\u00e9 marmel\u00e1dy, za kter\u00e9 v Anglii na&nbsp;World\u00b4s Marmalade Awards vyhr\u00e1la n\u011bkolikr\u00e1t titul nejlep\u0161\u00ed marmel\u00e1dy na sv\u011bt\u011b. Jak to v\u0161echno za\u010dalo se m\u016f\u017eete do\u010d\u00edst v&nbsp;prvn\u00ed \u010d\u00e1sti rozhovoru. <\/strong><a rel=\"noreferrer noopener\" aria-label=\" (opens in a new tab)\" href=\"\/?p=79744\" target=\"_blank\">kdyz-se-nejlepsi-marmelady-na-svete-vari-v-obytnaku\/<\/a><strong> Nyn\u00ed se v\u0161ak pod\u00edv\u00e1me na sou\u010dasnost, kdy Blanku Milfait m\u016f\u017eete potkat nap\u0159\u00edklad v&nbsp;jej\u00edm kempu \u2013 celkem stylov\u011b \u2013 pod Marmoladou. &nbsp;Jej\u00ed p\u0159\u00edb\u011bh je pln\u00fd odhodl\u00e1n\u00ed a je stejn\u011b inspirativn\u00ed, jako tahle d\u00e1ma sama. <\/strong><\/h4>\n\n\n\n<figure class=\"wp-block-image\"><img loading=\"lazy\" decoding=\"async\" width=\"746\" height=\"605\" src=\"https:\/\/all4camper.com\/\/wp-content\/uploads\/2019\/10\/dfdfdfdfdf.jpg\" alt=\"\" class=\"wp-image-82713\" srcset=\"https:\/\/all4camper.com\/wp-content\/uploads\/2019\/10\/dfdfdfdfdf.jpg 746w, https:\/\/all4camper.com\/wp-content\/uploads\/2019\/10\/dfdfdfdfdf-150x122.jpg 150w, https:\/\/all4camper.com\/wp-content\/uploads\/2019\/10\/dfdfdfdfdf-300x243.jpg 300w\" sizes=\"auto, (max-width: 746px) 100vw, 746px\" \/><\/figure>\n\n\n\n<h4 class=\"wp-block-heading\"><strong>P\u0159i minul\u00e9m rozhovoru jsme skon\u010dili je\u0161t\u011b p\u0159ece jen intenzivn\u011b na cest\u00e1ch. Co bylo t\u00edm zlomem, \u017ee jste za\u010dali p\u0159em\u00fd\u0161let o &#8222;pevn\u011bj\u0161\u00edm&#8220; stanovi\u0161ti?<\/strong><\/h4>\n\n\n\n<p>Ka\u017ed\u00e1 lo\u010f pluj\u00edc\u00ed kolem sv\u011bta m\u00e1 sv\u016fj p\u0159\u00edstav. Je dobr\u00e9 m\u00edt m\u00edsto startu a my ho hledali vysoko v&nbsp;hor\u00e1ch nebo daleko na severu na n\u011bjak\u00e9m soukrom\u00e9m ostrov\u011b. Velc\u00ed mo\u0159eplavci byli na cest\u00e1ch rok, dva, ale i oni pak zakotvili. Jsme na tom stejn\u011b. A proto\u017ee n\u00e1s \u010dek\u00e1 velk\u00e1 expedice z&nbsp;Patagonie na Alja\u0161ku, docela dlouh\u00e1, chceme se na ni vydat z\u2026 pevn\u00e9ho domova. <\/p>\n\n\n\n<h4 class=\"wp-block-heading\"><strong>A jak v\u0161echno prob\u00edhalo, za\u010dn\u011bme t\u00edm \u2013 podle \u010deho jste volili lokalitu?<\/strong><\/h4>\n\n\n\n<p>Nehledali jsme lokalitu, konkr\u00e9tn\u00ed zemi ani kvalitu domu, ale rozlehlost \u201esoukrom\u00ed\u201c a klid, v\u00fdjime\u010dn\u00e9 pov\u011btrnostn\u00ed podm\u00ednky, tedy po\u0159\u00e1dn\u00e9 zimy, bou\u0159ky a \u010dist\u00fd vzduch i vodu. Na\u0161li jsme nakonec po letech ostrov s&nbsp;domem v&nbsp;severn\u00edm Norsku. V\u0161e daleko od lid\u00ed a soukrom\u00e9. Dobr\u00e1 cena, v\u0161e pasovalo, jen ty minimu\u0161ky\u2026 &nbsp;Kdy\u017e jsme za\u010dali vyjedn\u00e1vat smlouvu, ozvali se z&nbsp;Dolomit, kde jsme kdysi nechali vizitku a t\u00edm, \u017ee a\u017e budou cht\u00edt prodat, a\u0165 se ozvou. Ty minimu\u0161ky tam nejsou. Cena byla sice mnohon\u00e1sobn\u011b vy\u0161\u0161\u00ed, ale hory m\u011bly v\u017edy u n\u00e1s p\u0159ednost p\u0159ed oce\u00e1nem.&nbsp; <\/p>\n\n\n\n<figure class=\"wp-block-image\"><img loading=\"lazy\" decoding=\"async\" width=\"497\" height=\"280\" src=\"https:\/\/all4camper.com\/\/wp-content\/uploads\/2019\/10\/37082448_10155550029856787_2996050721901641728_n-1.jpg\" alt=\"\" class=\"wp-image-82714\" srcset=\"https:\/\/all4camper.com\/wp-content\/uploads\/2019\/10\/37082448_10155550029856787_2996050721901641728_n-1.jpg 497w, https:\/\/all4camper.com\/wp-content\/uploads\/2019\/10\/37082448_10155550029856787_2996050721901641728_n-1-150x85.jpg 150w, https:\/\/all4camper.com\/wp-content\/uploads\/2019\/10\/37082448_10155550029856787_2996050721901641728_n-1-300x169.jpg 300w\" sizes=\"auto, (max-width: 497px) 100vw, 497px\" \/><\/figure>\n\n\n\n<h4 class=\"wp-block-heading\"><strong>Marmodala a marmel\u00e1dy, nen\u00ed v tom ur\u010dit\u00e1 symbolika?<\/strong><\/h4>\n\n\n\n<p>I to hr\u00e1lo svoji roli. (sm\u00edch)<\/p>\n\n\n\n<h4 class=\"wp-block-heading\"><strong>V\u00edm, \u017ee jste v t\u00e9to oblasti dokonce dost dramaticky a kuri\u00f3zn\u011b porodila, m\u016f\u017eete n\u00e1m to p\u0159ibl\u00ed\u017eit?<\/strong><\/h4>\n\n\n\n<p>Bude to zn\u00edt a\u017e neuv\u011b\u0159iteln\u011b, ale\u2026 Porod p\u0159i\u0161el o chvilku d\u0159\u00edve, akor\u00e1t jsme m\u011bli odjet do Ben\u00e1tek, kde mu\u017e pronajal d\u016fm kousek od Piazza San Marco a od porodnice, kdy\u017e p\u0159i\u0161la do Dolomit pekeln\u00e1 b\u011bsnivost. Urag\u00e1n Vaia, pusto\u0161il, ni\u010dil, zab\u00edjel a na\u0161\u00ed samotu od\u0159\u00edzl od sv\u011bta na t\u00fddny. Kdy\u017e se z&nbsp;b\u0159eh\u016f vylila \u0159eka, co n\u00e1m prot\u00e9k\u00e1 pozemky, p\u0159i\u0161el star\u00fd soused, jedin\u00fd, co tam s&nbsp;n\u00e1mi \u017eije, bre\u010del, \u017ee pr\u00fd v\u0161ichni um\u0159eme. J\u00e1 za\u010dala rodit. Helikopt\u00e9ra nemohla vzl\u00e9tnout a tak dorazila m\u00edstn\u00ed z\u00e1chrann\u00e1 slu\u017eba. Odhodlan\u00ed horalov\u00e9, nic je nezastavilo. Mu\u017ee jejich ob\u011btavost tak dostala, \u017ee se k&nbsp;nim po kurzech a \u0161kolen\u00edch po n\u011bkolika m\u011bs\u00edc\u00edch p\u0159idal.<\/p>\n\n\n\n<h4 class=\"wp-block-heading\"><strong>T\u00edm to ale nekon\u010dilo, vi\u010fte?<\/strong><\/h4>\n\n\n\n<p>Sanita ujela jen p\u00e1r kilometr\u016f, silnice byly zavaleny str\u017een\u00fdmi svahy, kamen\u00edm a kmeny. Apokalypsa. Tam jsem porodila. Na cest\u011b. Pak n\u00e1s z&nbsp;druh\u00e9 strany jinou sanitkou dostali do nemocnice do Belluna, ale peklo v&nbsp;Dolomitech pokra\u010dovalo. Doma byli bez proudu, telefon\u016f i informac\u00ed. P\u0159edstavte si, ne\u017e vypadl sign\u00e1l, volali mu\u017ei v&nbsp;porodnice, \u017ee syn ned\u00fdch\u00e1 dob\u0159e a mus\u00ed do jin\u00e9 nemocnice na jipku a \u017ee \u017e\u00e1daj\u00ed souhlas. V&nbsp;ten moment se sign\u00e1l ztratil. St\u00e1le pr\u0161elo se sn\u011bhem, stromy okolo padaly, byla to trag\u00e9die. Z\u016fstali jsme dlouho bez pomoci, voj\u00e1ci nikde a Alp\u0161t\u00ed z\u00e1chran\u00e1\u0159i a\u017e po n\u011bkolika dnech p\u0159inesli vys\u00edla\u010dku, p\u0159ekvapeni, \u017ee \u017eijeme. Dolomity se z&nbsp;toho dodnes nevzpamatovaly. <\/p>\n\n\n\n<h4 class=\"wp-block-heading\"><strong>Ale drama st\u00e1le pokra\u010dovalo\u2026<\/strong><\/h4>\n\n\n\n<p>Mu\u017e si zabalil b\u00e1gl, a \u017ee za mnou p\u016fjde p\u0159es hory, dcerky nechal s&nbsp;pu\u0161kou, baterkou a z\u00e1sobami doma s&nbsp;Baru\u0161kou. M\u011bl p\u0159ed sebou n\u011bjak\u00fdch 90 a\u017e 100 kilometr\u016f podle situace. Po n\u011bkolika kilometrech u\u017e byl po prsa ve sn\u011bhu. Vr\u00e1til se a druh\u00fd den r\u00e1no prolezl jako prvn\u00ed zaplaven\u00fdmi tunely, aby se dostal k&nbsp;pomoci. Dole to v\u0161ude hl\u00eddali policist\u00e9 a voj\u00e1ci, z\u00f3na byla v&nbsp;z\u00e1kazu vstupu. Lst\u00ed pro\u0161el, ukradl auto a dojel za mnou do porodnice. T\u00edm autem jsme se vr\u00e1tili pod hory a \u0161li p\u011b\u0161ky dom\u016f. J\u00e1 byla t\u00fdden po porodu a dala si no\u010dn\u00ed vysokohorskou t\u00faru, p\u0159eci jen bydl\u00edme v&nbsp;1500 metrech nad mo\u0159em. Mu\u017e toti\u017e sl\u00edbil dcerk\u00e1m doma \u010dekaj\u00edc\u00edm, \u017ee do noci maminku p\u0159inese t\u0159eba na z\u00e1dech. Syna n\u00e1m dali a\u017e dal\u0161\u00ed dny. A hrozn\u011b se divili, pro\u010d nechceme evakuovat, ale vr\u00e1tit se do toho pekla. Pak p\u0159ijela prvn\u00ed pomoc, prvn\u00ed novin\u00e1\u0159i, arm\u00e1da a po m\u011bs\u00edci se hory otev\u0159ely i turist\u016fm. T\u011bm, co se jezd\u00ed d\u00edvat a fotit z&nbsp;ok\u00e9nek aut boura\u010dky a katastrofy. <\/p>\n\n\n\n<figure class=\"wp-block-image\"><img loading=\"lazy\" decoding=\"async\" width=\"1556\" height=\"1037\" src=\"https:\/\/all4camper.com\/\/wp-content\/uploads\/2019\/10\/IMG_0139.jpg\" alt=\"\" class=\"wp-image-82715\" srcset=\"https:\/\/all4camper.com\/wp-content\/uploads\/2019\/10\/IMG_0139.jpg 1556w, https:\/\/all4camper.com\/wp-content\/uploads\/2019\/10\/IMG_0139-300x200.jpg 300w, https:\/\/all4camper.com\/wp-content\/uploads\/2019\/10\/IMG_0139-150x100.jpg 150w, https:\/\/all4camper.com\/wp-content\/uploads\/2019\/10\/IMG_0139-768x512.jpg 768w, https:\/\/all4camper.com\/wp-content\/uploads\/2019\/10\/IMG_0139-1536x1024.jpg 1536w\" sizes=\"auto, (max-width: 1556px) 100vw, 1556px\" \/><\/figure>\n\n\n\n<h4 class=\"wp-block-heading\"><strong>A pro\u010d v\u016fbec padla volba pr\u00e1v\u011b na to po\u0159\u00eddit si kemp?<\/strong><\/h4>\n\n\n\n<p>Kemp je sou\u010d\u00e1st\u00ed sv\u011bta cestovatel\u016f. Ale my nekupovali prvotn\u011b kemp, ten je vedlej\u0161\u00ed produkt projektu (sm\u00edch), my koupili d\u016fm pod st\u011bnou Marmolady, nejvy\u0161\u0161\u00ed hory Dolomit, kouzeln\u00e9 m\u00edsto s&nbsp;pozemky a \u0159\u00ed\u010dkou. R\u00e1j pro na\u0161e d\u011bti. Proto. <\/p>\n\n\n\n<h4 class=\"wp-block-heading\"><strong>Jednalo se o hotovou stavbu, nebo jste budovali?<\/strong><\/h4>\n\n\n\n<p>Kemp s\u00e1m o sob\u011b st\u00e1l, v\u010detn\u011b na\u0161eho kr\u00e1sn\u00e9ho d\u0159ev\u011bn\u00e9ho domu v&nbsp;alpsk\u00e9m stylu, a fungoval, my jen renovujeme, dod\u011bl\u00e1v\u00e1me a te\u010f se chyt\u00e1me vedle ve svahu postavit \u00fa\u017easnou restauraci. <\/p>\n\n\n\n<h4 class=\"wp-block-heading\"><strong>Co vlastn\u011b v\u0161echno mus\u00ed \u010dlov\u011bk ud\u011blat, kdy\u017e se rozhodne za\u0159\u00eddit si kemp a nav\u00edc v zahrani\u010d\u00ed?<\/strong><\/h4>\n\n\n\n<p>Za\u0159\u00eddit si ho od p\u00edky je slo\u017eit\u00e9, zvl\u00e1\u0161t\u011b pak ohledn\u011b povolen\u00ed. My jsme v&nbsp;UNESCO, v&nbsp;parku, v&nbsp;z\u00f3n\u011b velmi st\u0159e\u017een\u00e9, tak\u017ee starosti s&nbsp;vodou, odpady a elekt\u0159inou jsme m\u011bli vy\u0159e\u0161en\u00e9 p\u0159edem. Sp\u00ed\u0161e jde o tu implementaci do italsk\u00e9ho obchodn\u00edho prost\u0159ed\u00ed. To byla a je st\u00e1le r\u00e1na. Pro St\u0159edoevropana je to absurdn\u00ed sv\u011bt. &nbsp;<\/p>\n\n\n\n<h4 class=\"wp-block-heading\"><strong>Na jak\u00e1 nejv\u011bt\u0161\u00ed \u00faskal\u00ed jste v tomto smyslu nar\u00e1\u017eeli?<\/strong><\/h4>\n\n\n\n<p>M\u011bli jsme obrovsk\u00e9 plus v&nbsp;tom, \u017ee mu\u017e m\u00e1 italsk\u00e9 ob\u010danstv\u00ed, m\u00e1 tam trval\u00e9 bydli\u0161t\u011b. Ne neuv\u011b\u0159iteln\u00e9, jak moc to pom\u00e1halo, a\u010dkoli jsme v EU&nbsp;my i oni. Bez t\u011bchto vstupn\u00edch hodnot bychom nem\u011bli doklady, \u00fa\u010det ani pevnou linku. Nemluv\u00edm o poji\u0161t\u011bn\u00ed, p\u0159ihl\u00e1\u0161en\u00ed auta a tak d\u00e1le\u2026 It\u00e1lie je sv\u011bt stupidn\u00ed byrokracie, to p\u0159edev\u0161\u00edm. Co v \u010cech\u00e1ch na \u00fa\u0159adech zvl\u00e1dnu za den, dva, tam \u0159e\u0161\u00edm rok, dva. Extr\u00e9mn\u00ed da\u0148ov\u00e9 zat\u00ed\u017een\u00ed a n\u00e1klady (\u00fa\u010detn\u00ed, pr\u00e1vn\u00edci, odvody a dodavatel\u00e9). A t\u0159eba takov\u00e9 drobnosti, jako: na Poho\u0159\u00ed na \u0160umav\u011b jsem m\u011bla 30&nbsp;000m2 pozemk\u016f a platila 400 K\u010d da\u0148 z&nbsp;nemovitosti, v&nbsp;Dolomitech za men\u0161\u00ed pozemky plat\u00edm 130&nbsp;000 K\u010d ro\u010dn\u011b. <\/p>\n\n\n\n<h4 class=\"wp-block-heading\"><strong>M\u016f\u017eete n\u00e1m obecn\u011b p\u0159ibl\u00ed\u017eit cel\u00fd proces vybaven\u00ed kempu?<\/strong><\/h4>\n\n\n\n<p>M\u00e1m tu v\u00fdhodu, \u017ee jsem poznala p\u0159i cest\u00e1ch a c\u00edlen\u011b v\u00edce jak stovku evropsk\u00fdch kemp\u016f ve v\u0161ech zem\u00edch kontinentu a nem\u00e1lo africk\u00fdch. Od d\u011bsu a b\u00eddy Bulharska, po pohodi\u010dku Norska a\u017e po t\u011b\u017ek\u00fd dolomitsk\u00fd luxus Sextenu. V\u00edm, co klient \u017e\u00e1d\u00e1, a na druhou stranu v\u00edm, co mu chci nab\u00edzet. Dodavatel\u016f je dostatek a tak sta\u010d\u00ed naj\u00edt vlastn\u00ed cestu, target a formu nejen prodeje a prezentace (my se \u00fa\u010dastn\u00edme nejv\u011bt\u0161\u00edch veletrh\u016f cestovn\u00edho ruchu v&nbsp;Evrop\u011b nap\u0159\u00edklad), ale i ukotven\u00ed na trhu. Tato \u010d\u00e1st n\u00e1s ukrutn\u011b bav\u00ed a n\u00e1\u0161 t\u00fdm v&nbsp;\u010dele s&nbsp;provozn\u00ed \u0159editelkou Erikou ji zvl\u00e1d\u00e1 na jedni\u010dku.<\/p>\n\n\n\n<h4 class=\"wp-block-heading\"><strong>Kolik se v\u00e1s o obsluhu kempu v\u016fbec star\u00e1?<\/strong><\/h4>\n\n\n\n<p>Jsme jedin\u00fd lok\u00e1ln\u00ed zam\u011bstnavatel, kter\u00fd d\u00e1v\u00e1 pr\u00e1ci na dobu neur\u010ditou a celoro\u010dn\u011b. Ani jedna z&nbsp;t\u011bchto hodnot nen\u00ed v&nbsp;Dolomitech v&nbsp;cestovn\u00edm ruchu b\u011b\u017en\u00e1. Lid\u00e9 se berou jen na n\u011bkolik m\u011bs\u00edc\u016f ro\u010dn\u011b, a mnoz\u00ed tak pracuj\u00ed cel\u00fd \u017eivot, a t\u0159eba i co rok to jin\u00e9 m\u00edsto. N\u00e1\u0161 t\u00fdm \u010d\u00edt\u00e1 des\u00edtku zam\u011bstnanc\u016f, \u010d\u00e1st Italov\u00e9 a \u010d\u00e1st \u010ce\u0161i. <\/p>\n\n\n\n<figure class=\"wp-block-image\"><img loading=\"lazy\" decoding=\"async\" width=\"1363\" height=\"1021\" src=\"https:\/\/all4camper.com\/\/wp-content\/uploads\/2019\/10\/20180720_122320.jpg\" alt=\"\" class=\"wp-image-82718\" srcset=\"https:\/\/all4camper.com\/wp-content\/uploads\/2019\/10\/20180720_122320.jpg 1363w, https:\/\/all4camper.com\/wp-content\/uploads\/2019\/10\/20180720_122320-150x112.jpg 150w, https:\/\/all4camper.com\/wp-content\/uploads\/2019\/10\/20180720_122320-300x225.jpg 300w, https:\/\/all4camper.com\/wp-content\/uploads\/2019\/10\/20180720_122320-768x575.jpg 768w, https:\/\/all4camper.com\/wp-content\/uploads\/2019\/10\/20180720_122320-678x509.jpg 678w, https:\/\/all4camper.com\/wp-content\/uploads\/2019\/10\/20180720_122320-326x245.jpg 326w, https:\/\/all4camper.com\/wp-content\/uploads\/2019\/10\/20180720_122320-80x60.jpg 80w\" sizes=\"auto, (max-width: 1363px) 100vw, 1363px\" \/><\/figure>\n\n\n\n<h4 class=\"wp-block-heading\"><strong>Jak vypad\u00e1 v\u00e1\u0161 b\u011b\u017en\u00fd pracovn\u00ed den?<\/strong><\/h4>\n\n\n\n<p>Nen\u00ed moc uk\u00e1zkov\u00fd co do provozu kempu. (sm\u00edch) Se&nbsp;t\u0159emi d\u011btmi, psan\u00edm kn\u00ed\u017eek, dom\u00e1c\u00ed \u0161kolou pro star\u0161\u00ed dcerku, se z\u00e1vody, na kter\u00e9 jezd\u00edme a kter\u00e9 tak\u00e9 v Dolomitech po\u0159\u00e1d\u00e1me, a se st\u00e1l\u00fdm va\u0159en\u00edm marmel\u00e1d a pom\u011brn\u011b \u010dasto na cest\u00e1ch za veletrhy nebo na r\u016fzn\u00e9 nat\u00e1\u010den\u00ed, rozhovory a jin\u00e9 PR aktivity, u\u017e nejsem pro kemp t\u00edm nejd\u016fle\u017eit\u011bj\u0161\u00edm. Ale i tak pracujeme co den od 7 do 20 j\u00e1, kdy d\u011bti chod\u00ed sp\u00e1t. Mu\u017e d\u011bl\u00e1 o moc d\u00e9le. Nejsou dny volna a majitel\u00e9 pracuj\u00ed v\u017edy v\u00edc, ne\u017e zam\u011bstnanci. (sm\u00edch)<\/p>\n\n\n\n<h4 class=\"wp-block-heading\"><strong>S jak\u00fdmi nejv\u011bt\u0161\u00edmi starostmi se pot\u00fdk\u00e1te?<\/strong><\/h4>\n\n\n\n<p>Neuk\u00e1zn\u011bn\u00ed turist\u00e9. Na recepci m\u00e1m \u0161pi\u010dkovou kolegyni, dob\u0159e vzd\u011blan\u00e1, \u010dty\u0159i jazyky, mlad\u00e1 sle\u010dna. O provoz technicky se star\u00e1 dal\u0161\u00ed Ital, \u0159\u00edd\u00ed v&nbsp;m\u00edst\u011b i horskou slu\u017ebu, machr. Oba se shodnou, \u017ee nejhor\u0161\u00ed klient kempu je Ital. Arogance, sebest\u0159ednost a n\u00e1rokov\u00e1n\u00ed si ne\u00fam\u011brn\u00e9ho. Kde\u017eto \u201ecizinci\u201c jsou t\u00e9m\u011b\u0159 v\u017edy v&nbsp;pohod\u011b a nad\u0161en\u00ed, \u010ce\u0161i, a\u017e na jednoho vola loni, v\u017edy super duper! Pak u\u017e n\u00e1s nic moc netr\u00e1p\u00ed. Laviny jsou sou\u010d\u00e1st\u00ed \u017eivota, stejn\u011b jako metry sn\u011bhu, vlci a samota po v\u011bt\u0161inu roku. Tak\u017ee ok. <\/p>\n\n\n\n<h4 class=\"wp-block-heading\"><strong>A co v\u00e1m naopak d\u011bl\u00e1 nejv\u011bt\u0161\u00ed radost?<\/strong><\/h4>\n\n\n\n<p>D\u011bti. Na\u0161e d\u011bti. \u017dij\u00ed vysoko v&nbsp;hor\u00e1ch, pij\u00ed vodu z&nbsp;ledovce, ba\u0161t\u00ed to nejlep\u0161\u00ed, co p\u0159\u00edroda, farm\u00e1\u0159i a na\u0161e latifundie daj\u00ed, permanentn\u011b v&nbsp;pohybu, nulov\u00e1 socializace a tuh\u00e9 zdrav\u00ed. Co v\u00edc si p\u0159\u00e1t\u2026?! <\/p>\n\n\n\n<h4 class=\"wp-block-heading\"><strong>Jste skute\u010dn\u011b p\u0159\u00edmo v p\u0159\u00edrod\u011b, nem\u00e1te t\u0159eba starosti se zv\u00ed\u0159aty? Zm\u00ednila jste u\u017e vlky\u2026<\/strong><\/h4>\n\n\n\n<p>Vlci, kdy\u017e maj\u00ed hlad, hoduj\u00ed i v&nbsp;kempu. D\u011bti pak r\u00e1no odkl\u00edzej\u00ed ze sn\u011bhu zbytky kamz\u00edk\u016f, srnek\u2026 Na ja\u0159e n\u00e1m n\u011bkolikr\u00e1t se\u017eerou osazenstvo d\u011btsk\u00e9 minizoo li\u0161ky, a \u010dern\u00e9 zmije, leskl\u00e9 jako ocel, se z&nbsp;jara protahuj\u00ed po parkovi\u0161ti i v\u0161ude okolo. Hodn\u011b se okolo lov\u00ed a d\u011bti bav\u00ed stopov\u00e1n\u00ed i pozorov\u00e1n\u00ed zv\u011b\u0159e. Za n\u00e1mi u\u017e je jen divo\u010dina, ne b\u011b\u017en\u00e1 \u201ep\u0159\u00edroda\u201c, a \u017e\u00e1dn\u00ed lid\u00e9 okolo, mimo ty 3 m\u011bs\u00edce sezony. Kouzeln\u00e9 m\u00edsto\u2026 Opravdov\u00e9. <\/p>\n\n\n\n<figure class=\"wp-block-image\"><img loading=\"lazy\" decoding=\"async\" width=\"1600\" height=\"900\" src=\"https:\/\/all4camper.com\/\/wp-content\/uploads\/2019\/10\/21741316_1594224837266425_6468630839413952402_o-1.jpg\" alt=\"\" class=\"wp-image-82719\" srcset=\"https:\/\/all4camper.com\/wp-content\/uploads\/2019\/10\/21741316_1594224837266425_6468630839413952402_o-1.jpg 1600w, https:\/\/all4camper.com\/wp-content\/uploads\/2019\/10\/21741316_1594224837266425_6468630839413952402_o-1-300x169.jpg 300w, https:\/\/all4camper.com\/wp-content\/uploads\/2019\/10\/21741316_1594224837266425_6468630839413952402_o-1-150x84.jpg 150w, https:\/\/all4camper.com\/wp-content\/uploads\/2019\/10\/21741316_1594224837266425_6468630839413952402_o-1-768x432.jpg 768w, https:\/\/all4camper.com\/wp-content\/uploads\/2019\/10\/21741316_1594224837266425_6468630839413952402_o-1-1536x864.jpg 1536w, https:\/\/all4camper.com\/wp-content\/uploads\/2019\/10\/21741316_1594224837266425_6468630839413952402_o-1-678x381.jpg 678w\" sizes=\"auto, (max-width: 1600px) 100vw, 1600px\" \/><\/figure>\n\n\n\n<h4 class=\"wp-block-heading\"><strong>Ozna\u010dila byste provoz kempu za n\u00e1ro\u010dnou pr\u00e1ci?<\/strong><\/h4>\n\n\n\n<p>Po technick\u00e9 str\u00e1nce je to ok, to chlapi zvl\u00e1daj\u00ed. Ekonomicky je to naprosto \u0161\u00edlen\u00fd, ale bav\u00ed n\u00e1s to (sm\u00edch), byrokraticky trag\u00e9die a pr\u00e1ce s&nbsp;lidmi? Milujeme to tam (nejen my, ale i na\u0161i zam\u011bstnanci), milujeme to tam n\u00e1sobn\u011b, kdy\u017e sezona skon\u010d\u00ed a jsme tam m\u011bs\u00edce sami. Pravda, neinkasujeme v&nbsp;to obdob\u00ed, ale my tam \u0161li \u017e\u00edt, a\u017e vedlej\u0161\u00ed efekt je podnik\u00e1n\u00ed. Kdyby na to p\u0159i\u0161lo, mohu ten kemp i zav\u0159\u00edt a budeme m\u00edt n\u00e1\u00e1\u00e1dhernou horskou chatu! <\/p>\n\n\n\n<h4 class=\"wp-block-heading\"><strong>Jak byste n\u00e1m sv\u016fj kemp tedy p\u0159edstavila?<\/strong><\/h4>\n\n\n\n<p>Dokonal\u00e1 o\u00e1za klidu, \u010dist\u00e9 p\u0159\u00edrody a pe\u010dliv\u00fdch slu\u017eeb pod nejvy\u0161\u0161\u00ed horu Dolomit.  <\/p>\n\n\n\n<h4 class=\"wp-block-heading\"><strong>Fungujete celoro\u010dn\u011b? Jak se kemp prom\u011b\u0148uje v jednotliv\u00fdch ro\u010dn\u00edch obdob\u00edch?<\/strong><\/h4>\n\n\n\n<p>Ano, jsme otev\u0159eni cel\u00fd rok, vlastn\u011b pro\u010d by to m\u011blo b\u00fdt jinak, \u017eijeme tam, tak nikoho neodm\u00edtneme. V&nbsp;Dolomitech je kr\u00e1tk\u00e9 l\u00e9to, cca m\u011bs\u00edc a t\u00fdden, dva. A to v&nbsp;\u010dervenci dost ced\u00ed. Teploty nejsou p\u0159es 25 nad nulou a v&nbsp;noci se kr\u00e1sn\u011b vysp\u00edte p\u0159i deseti stupn\u00edch. Jaro za\u010d\u00edn\u00e1 pozd\u011b, sn\u00edh mnohdy le\u017e\u00ed i po\u010d\u00e1tkem kv\u011btna, ale pak p\u0159ijde mil\u00fd \u010derven a v\u0161e se proh\u0159eje. I ty zmije. Zimy jsou dokonal\u00e9, za\u017eili jsme ji p\u011btim\u011bs\u00ed\u010dn\u00ed s&nbsp;2 metry sn\u011bhu\u2026 I to je d\u016fvod, pro\u010d jsme tady. Opravdov\u00e9 zimy. Posledn\u00ed \u010d\u00e1st roku je bab\u00ed l\u00e9to a podzim. Dokonal\u00fd \u010das. Pr\u0161\u00ed m\u00e1lo a \u010dasto v\u016fbec, modr\u00e9 nebe od r\u00e1da do ve\u010dera, na tri\u010dko, barvy nejbarevn\u011bj\u0161\u00ed a na treky prost\u011b nen\u00ed lep\u0161\u00edho \u010dasu! <\/p>\n\n\n\n<figure class=\"wp-block-image\"><img loading=\"lazy\" decoding=\"async\" width=\"1401\" height=\"856\" src=\"https:\/\/all4camper.com\/\/wp-content\/uploads\/2019\/10\/outdoor2.jpg\" alt=\"\" class=\"wp-image-82720\" srcset=\"https:\/\/all4camper.com\/wp-content\/uploads\/2019\/10\/outdoor2.jpg 1401w, https:\/\/all4camper.com\/wp-content\/uploads\/2019\/10\/outdoor2-150x92.jpg 150w, https:\/\/all4camper.com\/wp-content\/uploads\/2019\/10\/outdoor2-300x183.jpg 300w, https:\/\/all4camper.com\/wp-content\/uploads\/2019\/10\/outdoor2-768x469.jpg 768w\" sizes=\"auto, (max-width: 1401px) 100vw, 1401px\" \/><\/figure>\n\n\n\n<h4 class=\"wp-block-heading\"><strong>Na co se nap\u0159\u00ed\u010d ro\u010dn\u00edmi obdob\u00edmi tedy mohou t\u011b\u0161it host\u00e9?<\/strong><\/h4>\n\n\n\n<p>Jarn\u00ed p\u0159\u00edsliby, v&nbsp;poupatech vz\u00e1cn\u00e9 orchideje a na konci jara nejt\u011b\u017e\u0161\u00ed evropsk\u00fd z\u00e1vod v&nbsp;b\u011bhu do vrchu, Marmolada Super Vertical, kter\u00fd po\u0159\u00e1d\u00e1me; pak letn\u00ed toul\u00e1n\u00ed po nejkr\u00e1sn\u011bj\u0161\u00edch hor\u00e1ch planety, kdy v\u00e1s nebude nikdo buzerovat za krok mimo cesti\u010dku \u010di bivakov\u00e1n\u00ed na vrcholc\u00edch, podzimn\u00ed v\u016fn\u011b a dokonal\u00e9 ticho v\u016fkol s&nbsp;kr\u00e1sn\u00fdmi grilova\u010dkami m\u00edstn\u00edch specialit; zima je nejen b\u00edl\u00e1 a ostr\u00e1, ale i sportovn\u00ed, proto\u017ee m\u00e1me vlastn\u00ed certifikovanou b\u011b\u017eka\u0159skou tra\u0165, t\u0159i okruhy, p\u016fj\u010dovnu ly\u017e\u00ed a sn\u011b\u017enic tak\u00e9. Udr\u017eujeme fam\u00f3zn\u00ed okruh po okol\u00ed pod ji\u017en\u00ed st\u011bnu Marmolady na sn\u011b\u017enic\u00edch a hosty na sjezdovku \u2013 mimochodem nejdel\u0161\u00ed v&nbsp;Dolomitech a na ledovci \u2013 voz\u00edme z&nbsp;kempu sn\u011b\u017en\u00fdm sk\u00fatrem. Zp\u011bt dojedou ze svahu samosp\u00e1dem. (sm\u00edch) M\u00e1me super bar s&nbsp;dobrotama, pizzou a vlastn\u00edma grappama, no a t\u011b\u0161it se mohou na\u0161i host\u00e9\u2026 i na m\u011b. (sm\u00edch)<\/p>\n\n\n\n<h4 class=\"wp-block-heading\"><strong>U v\u00e1s tedy ale vede bab\u00ed l\u00e9to?<\/strong><\/h4>\n\n\n\n<p>Ano, proto\u017ee je indi\u00e1nsk\u00e9 a zima, proto\u017ee je drsn\u00e1 a dost nebezpe\u010dn\u00e1. Laviny n\u00e1m padaj\u00ed \u201ena dv\u016fr\u201c denn\u011b, to samotn\u00e9 je z\u00e1\u017eitek na cel\u00fd \u017eivot. <\/p>\n\n\n\n<h4 class=\"wp-block-heading\"><strong>Kdo v\u016fbec jsou nej\u010dast\u011bji va\u0161i host\u00e9?<\/strong><\/h4>\n\n\n\n<p>Majitel\u00e9 obytek a p\u0159\u00edv\u011bs\u016f, stana\u0159i, horolezci z&nbsp;cel\u00e9ho sv\u011bta, podle zem\u00ed pak hlavn\u011b \u010ce\u0161i, Francouzi, \u0160pan\u011bl\u00e9, Slov\u00e1ci, Slovinci, N\u011bmci a Holan\u010fan\u00e9, Italov\u00e9. Lid\u00e9, kte\u0159\u00ed miluj\u00ed opravdovost base campu v&nbsp;srdci Dolomit. V\u0161ak j\u00edm geograficky jsme. <\/p>\n\n\n\n<h4 class=\"wp-block-heading\"><strong>Pravd\u011bpodobn\u011b za\u017e\u00edv\u00e1te i kuri\u00f3zn\u00ed situace?<\/strong><\/h4>\n\n\n\n<p>Asi, v&nbsp;jist\u00e9m \u00fahlu pohledu, je kuri\u00f3zn\u00ed cel\u00fd ten \u017eivot tam. Nap\u0159\u00edklad, kdy\u017e lavina na m\u011bs\u00edc od\u0159\u00edzne na\u0161e \u00fadol\u00ed a hol\u010di\u010dky i na ni chod\u00ed s\u00e1\u0148kovat, kdy\u017e mu\u017e v&nbsp;m\u00edst\u011b zachra\u0148uje \u017eivoty turist\u016fm i m\u00edstn\u00edm, a pr\u00e1ce n\u00e1m stoj\u00ed, kdy\u017e za n\u00e1mi chod\u00ed lid\u00e9 z&nbsp;vesnic a m\u011bste\u010dek dole pochopit, co tam v&nbsp;tom zapomenut\u00e9m kraji hled\u00e1me, a pod\u011bkovat. Tis\u00edce kilometr\u016f tam za mnou jezd\u00ed i z\u00e1kazn\u00edci pro marmel\u00e1dy, novin\u00e1\u0159i a televize a j\u00e1 se jim mohu klidn\u011b schovat. (sm\u00edch)<\/p>\n\n\n\n<h4 class=\"wp-block-heading\"><strong>Kolik \u010dasu v\u00e1m zb\u00fdv\u00e1 na soukrom\u00fd \u017eivot?<\/strong><\/h4>\n\n\n\n<p>M\u016fj \u017eivot nem\u00e1 soukromou \u010d\u00e1st u\u017e deset let, u\u017e na \u0160umav\u011b to bylo na 98 % pr\u00e1ce, pak s&nbsp;marmel\u00e1dami a cel\u00fdm t\u00edm cirkusem okolo, d\u00edky m\u00e9di\u00edm a kn\u00ed\u017ek\u00e1m soukrom\u00ed zmizelo. <\/p>\n\n\n\n<h4 class=\"wp-block-heading\"><strong>Jak se l\u00edb\u00ed v zahrani\u010d\u00ed a takto hodn\u011b v p\u0159\u00edrod\u011b d\u011btem?<\/strong><\/h4>\n\n\n\n<p>Pro \u017eivot d\u011bt\u00ed tam a podle n\u00e1s jsem do Dolomit hlavn\u011b ode\u0161la. T\u0159et\u00ed prcek se v&nbsp;m\u00edst\u011b narodil, d\u011bti maj\u00ed bydli\u0161t\u011b i doklady pod Marmoladou a \u0159\u00edkaj\u00ed tomu DOMA. Nedovedu si p\u0159edstavit jim tu p\u0159\u00edrodu vz\u00edt. Maj\u00ed svoje jez\u00edrko, ryby, zv\u00ed\u0159ata, maj\u00ed tam p\u0159\u00e1tele i tu divo\u010dinu. Za\u010d\u00ednaj\u00ed se v\u011bnovat aktivn\u011b b\u011b\u017eka\u0159sk\u00e9mu sportu. Jsou tam \u0161\u0165astn\u00e9, dokonal\u00e9 \u0161\u0165astn\u00e9. U\u010d\u00ed se italsky, do \u0161koly ani \u0161kolky nechod\u00ed, maj\u00ed ji doma a rodi\u010de jsou na dosah. <\/p>\n\n\n\n<figure class=\"wp-block-image\"><img loading=\"lazy\" decoding=\"async\" width=\"1440\" height=\"1080\" src=\"https:\/\/all4camper.com\/\/wp-content\/uploads\/2019\/10\/20181223_223032-1-1440x1080.jpg\" alt=\"\" class=\"wp-image-82722\" srcset=\"https:\/\/all4camper.com\/wp-content\/uploads\/2019\/10\/20181223_223032-1-1440x1080.jpg 1440w, https:\/\/all4camper.com\/wp-content\/uploads\/2019\/10\/20181223_223032-1-300x225.jpg 300w, https:\/\/all4camper.com\/wp-content\/uploads\/2019\/10\/20181223_223032-1-150x113.jpg 150w, https:\/\/all4camper.com\/wp-content\/uploads\/2019\/10\/20181223_223032-1-768x576.jpg 768w, https:\/\/all4camper.com\/wp-content\/uploads\/2019\/10\/20181223_223032-1-1536x1152.jpg 1536w, https:\/\/all4camper.com\/wp-content\/uploads\/2019\/10\/20181223_223032-1-2048x1536.jpg 2048w, https:\/\/all4camper.com\/wp-content\/uploads\/2019\/10\/20181223_223032-1-678x509.jpg 678w, https:\/\/all4camper.com\/wp-content\/uploads\/2019\/10\/20181223_223032-1-326x245.jpg 326w, https:\/\/all4camper.com\/wp-content\/uploads\/2019\/10\/20181223_223032-1-80x60.jpg 80w\" sizes=\"auto, (max-width: 1440px) 100vw, 1440px\" \/><\/figure>\n\n\n\n<h4 class=\"wp-block-heading\"><strong>Dovedete si je\u0161t\u011b p\u0159edstavit, \u017ee byste se vr\u00e1tila a \u017eila v \u010cech\u00e1ch?<\/strong><\/h4>\n\n\n\n<p>Vid\u00edte, pr\u00e1v\u011b v&nbsp;tyto t\u00fddny jsme si v&nbsp;\u010cech\u00e1ch po\u0159\u00eddili novou z\u00e1kladnu. P\u0159\u00ed\u0161t\u00ed rok se \u00fa\u010dastn\u00edm Sv\u011btov\u00e9 v\u00fdstavy EXPO v&nbsp;Dubaji a otev\u00edr\u00e1m tak v&nbsp;\u010cr novou manufakturu a zastoupen\u00ed. Dlouho jsme p\u00e1trali, kde by to bylo nejvhodn\u011bj\u0161\u00ed, hledali i velk\u00e9 pozemky a podneb\u00ed k&nbsp;p\u011bstov\u00e1n\u00ed, na\u0161e rodina je st\u00e1le v\u011bt\u0161\u00ed a produkce i prodej vy\u017eaduj\u00ed\u2026 No, od \u0159\u00edjna n\u00e1s najdete, pokud nejsme v&nbsp;Dolomitech, na renesan\u010dn\u00edm z\u00e1mku Zalu\u017eany, na hranici St\u0159edo\u010desk\u00e9ho a Jiho\u010desk\u00e9ho kraje. Otev\u00edr\u00e1me tam i prodejn\u00ed expozici, didaktickou marmel\u00e1dovnu a m\u00e1me kr\u00e1sn\u00e9 ubytov\u00e1n\u00ed v&nbsp;n\u011bkolika komnat\u00e1ch. Nevrac\u00edme se \u017e\u00edt, ale b\u00fdt. (sm\u00edch) Z\u00e1mek je sice protiklad na\u0161eho \u017eivota v&nbsp;Dolomitech, le\u010d velmi mil\u00fd a vkusn\u00fd a\u2026 Prost\u011b dobrej tah. <\/p>\n\n\n\n<h4 class=\"wp-block-heading\"><strong>Marmel\u00e1dy tedy neopou\u0161t\u00edte. Mohou si je dop\u0159\u00e1t t\u0159eba host\u00e9 v kempu?<\/strong><\/h4>\n\n\n\n<p>Jasn\u011b, dokonce jsme tam se \u0161v\u00fdcarskou a rakouskou televiz\u00ed nato\u010dili super dokument o va\u0159en\u00ed nejlep\u0161\u00edch sv\u011btov\u00fdch marmel\u00e1d pod Marmoladou. A prod\u00e1v\u00e1me je v&nbsp;na\u0161em baru El Morbin, nikde jinde na sv\u011bt\u011b nejsou k&nbsp;sehn\u00e1n\u00ed. Vlastn\u011b, te\u010f u\u017e i na Zalu\u017eansk\u00e9m z\u00e1mku. <\/p>\n\n\n\n<h4 class=\"wp-block-heading\"><strong>Vznikla pr\u00e1v\u011b pod Marmoladou n\u011bjak\u00e1 unik\u00e1tn\u00ed p\u0159\u00edchu\u0165?<\/strong><\/h4>\n\n\n\n<p>Stopro, lesn\u00ed jahody s&nbsp;grappou, bor\u016fvkov\u00e1 s&nbsp;na\u0161\u00edm medem\u2026 Nav\u00edc tam produkujeme i ho\u0159\u010dice a pr\u00e1v\u011b ty ochucen\u00e9 grappy.&nbsp; <\/p>\n\n\n\n<h4 class=\"wp-block-heading\"><strong>A co va\u0161e psan\u00ed, m\u00e1me se t\u011b\u0161it na n\u011bco nov\u00e9ho?<\/strong><\/h4>\n\n\n\n<p>P\u00ed\u0161u \u010dtvrtou knihu, m\u011bla by vyj\u00edt 2020 a pak hned do Afriky za p\u00e1tou knihou a t\u0159et\u00ed expedic\u00ed. (sm\u00edch)<\/p>\n\n\n\n<h4 class=\"wp-block-heading\"><strong>To jsou tedy p\u0159ibli\u017en\u011b va\u0161e pl\u00e1ny do budoucna?<\/strong><\/h4>\n\n\n\n<p>Ten seznam je tak dlouh\u00fd, \u017ee by se sem neve\u0161el. Ale na prvn\u00edm m\u00edst\u011b je rodina, jej\u00ed harmonie, soudr\u017enost. Dom\u00e1c\u00ed \u0161kola dcerek, jejich z\u00e1vod\u011bn\u00ed a sny. Sn\u00edt je toti\u017e t\u0159eba, proto\u017ee jen ten, kdo sn\u00ed, se nau\u010d\u00ed l\u00e9tat. J\u00e1 to u\u017e um\u00edm. <\/p>\n\n\n\n<ul class=\"wp-block-gallery columns-2 is-cropped wp-block-gallery-1 is-layout-flex wp-block-gallery-is-layout-flex\"><li class=\"blocks-gallery-item\"><figure><img loading=\"lazy\" decoding=\"async\" width=\"862\" height=\"1080\" src=\"https:\/\/all4camper.com\/\/wp-content\/uploads\/2019\/10\/20170810_173008-862x1080.jpg\" alt=\"\" data-id=\"82729\" data-link=\"https:\/\/all4camper.com\/\/?attachment_id=82729\" class=\"wp-image-82729\" srcset=\"https:\/\/all4camper.com\/wp-content\/uploads\/2019\/10\/20170810_173008-862x1080.jpg 862w, https:\/\/all4camper.com\/wp-content\/uploads\/2019\/10\/20170810_173008-120x150.jpg 120w, https:\/\/all4camper.com\/wp-content\/uploads\/2019\/10\/20170810_173008-239x300.jpg 239w, https:\/\/all4camper.com\/wp-content\/uploads\/2019\/10\/20170810_173008-768x962.jpg 768w, https:\/\/all4camper.com\/wp-content\/uploads\/2019\/10\/20170810_173008.jpg 1210w\" sizes=\"auto, (max-width: 862px) 100vw, 862px\" \/><\/figure><\/li><li class=\"blocks-gallery-item\"><figure><img loading=\"lazy\" decoding=\"async\" width=\"926\" height=\"1080\" src=\"https:\/\/all4camper.com\/\/wp-content\/uploads\/2019\/10\/20190420_094553-926x1080.jpg\" alt=\"\" data-id=\"82733\" data-link=\"https:\/\/all4camper.com\/\/?attachment_id=82733\" class=\"wp-image-82733\" srcset=\"https:\/\/all4camper.com\/wp-content\/uploads\/2019\/10\/20190420_094553-926x1080.jpg 926w, https:\/\/all4camper.com\/wp-content\/uploads\/2019\/10\/20190420_094553-257x300.jpg 257w, https:\/\/all4camper.com\/wp-content\/uploads\/2019\/10\/20190420_094553-129x150.jpg 129w, https:\/\/all4camper.com\/wp-content\/uploads\/2019\/10\/20190420_094553-768x896.jpg 768w, https:\/\/all4camper.com\/wp-content\/uploads\/2019\/10\/20190420_094553-1317x1536.jpg 1317w, https:\/\/all4camper.com\/wp-content\/uploads\/2019\/10\/20190420_094553-1756x2048.jpg 1756w\" sizes=\"auto, (max-width: 926px) 100vw, 926px\" \/><\/figure><\/li><li class=\"blocks-gallery-item\"><figure><img loading=\"lazy\" decoding=\"async\" width=\"810\" height=\"1080\" src=\"https:\/\/all4camper.com\/\/wp-content\/uploads\/2019\/10\/20180627_122132-3-810x1080.jpg\" alt=\"\" data-id=\"82734\" data-link=\"https:\/\/all4camper.com\/\/?attachment_id=82734\" class=\"wp-image-82734\" srcset=\"https:\/\/all4camper.com\/wp-content\/uploads\/2019\/10\/20180627_122132-3-810x1080.jpg 810w, https:\/\/all4camper.com\/wp-content\/uploads\/2019\/10\/20180627_122132-3-225x300.jpg 225w, https:\/\/all4camper.com\/wp-content\/uploads\/2019\/10\/20180627_122132-3-113x150.jpg 113w, https:\/\/all4camper.com\/wp-content\/uploads\/2019\/10\/20180627_122132-3-768x1024.jpg 768w, https:\/\/all4camper.com\/wp-content\/uploads\/2019\/10\/20180627_122132-3-1152x1536.jpg 1152w, https:\/\/all4camper.com\/wp-content\/uploads\/2019\/10\/20180627_122132-3-1536x2048.jpg 1536w, https:\/\/all4camper.com\/wp-content\/uploads\/2019\/10\/20180627_122132-3-scaled.jpg 1920w\" sizes=\"auto, (max-width: 810px) 100vw, 810px\" \/><\/figure><\/li><li class=\"blocks-gallery-item\"><figure><img loading=\"lazy\" decoding=\"async\" width=\"709\" height=\"1080\" src=\"https:\/\/all4camper.com\/\/wp-content\/uploads\/2019\/10\/sgrapoumala-709x1080.jpg\" alt=\"\" data-id=\"82736\" data-link=\"https:\/\/all4camper.com\/\/?attachment_id=82736\" class=\"wp-image-82736\" srcset=\"https:\/\/all4camper.com\/wp-content\/uploads\/2019\/10\/sgrapoumala-709x1080.jpg 709w, https:\/\/all4camper.com\/wp-content\/uploads\/2019\/10\/sgrapoumala-99x150.jpg 99w, https:\/\/all4camper.com\/wp-content\/uploads\/2019\/10\/sgrapoumala-197x300.jpg 197w, https:\/\/all4camper.com\/wp-content\/uploads\/2019\/10\/sgrapoumala-768x1169.jpg 768w, https:\/\/all4camper.com\/wp-content\/uploads\/2019\/10\/sgrapoumala.jpg 959w\" sizes=\"auto, (max-width: 709px) 100vw, 709px\" \/><\/figure><\/li><li class=\"blocks-gallery-item\"><figure><img loading=\"lazy\" decoding=\"async\" width=\"805\" height=\"1080\" src=\"https:\/\/all4camper.com\/\/wp-content\/uploads\/2019\/10\/samolepka-GIF-805x1080.gif\" alt=\"\" data-id=\"82737\" data-link=\"https:\/\/all4camper.com\/\/?attachment_id=82737\" class=\"wp-image-82737\" srcset=\"https:\/\/all4camper.com\/wp-content\/uploads\/2019\/10\/samolepka-GIF-805x1080.gif 805w, https:\/\/all4camper.com\/wp-content\/uploads\/2019\/10\/samolepka-GIF-224x300.gif 224w, https:\/\/all4camper.com\/wp-content\/uploads\/2019\/10\/samolepka-GIF-112x150.gif 112w, https:\/\/all4camper.com\/wp-content\/uploads\/2019\/10\/samolepka-GIF-768x1031.gif 768w, https:\/\/all4camper.com\/wp-content\/uploads\/2019\/10\/samolepka-GIF-1144x1536.gif 1144w\" sizes=\"auto, (max-width: 805px) 100vw, 805px\" \/><\/figure><\/li><li class=\"blocks-gallery-item\"><figure><img loading=\"lazy\" decoding=\"async\" width=\"768\" height=\"1024\" src=\"https:\/\/all4camper.com\/\/wp-content\/uploads\/2019\/10\/IMG-20180718-WA0012.jpg\" alt=\"\" data-id=\"82738\" data-link=\"https:\/\/all4camper.com\/\/?attachment_id=82738\" class=\"wp-image-82738\" srcset=\"https:\/\/all4camper.com\/wp-content\/uploads\/2019\/10\/IMG-20180718-WA0012.jpg 768w, https:\/\/all4camper.com\/wp-content\/uploads\/2019\/10\/IMG-20180718-WA0012-113x150.jpg 113w, https:\/\/all4camper.com\/wp-content\/uploads\/2019\/10\/IMG-20180718-WA0012-225x300.jpg 225w\" sizes=\"auto, (max-width: 768px) 100vw, 768px\" \/><\/figure><\/li><\/ul>\n","protected":false},"excerpt":{"rendered":"<p>Blance Milfait se \u010dasto p\u0159ezd\u00edv\u00e1 marmel\u00e1dov\u00e1 kr\u00e1lovna. A pr\u00e1vem. Tahle d\u00e1ma toti\u017e va\u0159\u00ed \u00fa\u017easn\u00e9 marmel\u00e1dy, za kter\u00e9 v Anglii na&nbsp;World\u00b4s Marmalade Awards vyhr\u00e1la n\u011bkolikr\u00e1t titul nejlep\u0161\u00ed marmel\u00e1dy na sv\u011bt\u011b. Jak to v\u0161echno za\u010dalo se m\u016f\u017eete do\u010d\u00edst v&nbsp;prvn\u00ed \u010d\u00e1sti rozhovoru. kdyz-se-nejlepsi-marmelady-na-svete-vari-v-obytnaku\/ Nyn\u00ed se v\u0161ak pod\u00edv\u00e1me na sou\u010dasnost, kdy Blanku Milfait m\u016f\u017eete potkat nap\u0159\u00edklad v&nbsp;jej\u00edm kempu \u2013 [&hellip;]<\/p>\n","protected":false},"author":161,"featured_media":82713,"comment_status":"closed","ping_status":"open","sticky":false,"template":"","format":"standard","meta":{"_monsterinsights_skip_tracking":false,"_monsterinsights_sitenote_active":false,"_monsterinsights_sitenote_note":"","_monsterinsights_sitenote_category":0,"footnotes":""},"categories":[368,422],"tags":[87,9364,101,343],"class_list":{"0":"post-82708","1":"post","2":"type-post","3":"status-publish","4":"format-standard","5":"has-post-thumbnail","7":"category-magazin_all4camper","8":"category-novinky-kempovani-a-karavaning","9":"tag-italie","10":"tag-karavanistemezinami","11":"tag-kempy-1","12":"tag-rozhovory"},"yoast_head":"<!-- This site is optimized with the Yoast SEO plugin v27.4 - https:\/\/yoast.com\/product\/yoast-seo-wordpress\/ -->\n<title>Blanka Milfait u\u017e va\u0159\u00ed marmel\u00e1dy ve sv\u00e9m vlastn\u00edm kempu! Neskute\u010dn\u011b inspirativn\u00ed rozhovor\u2026 - All4Camper<\/title>\n<meta name=\"description\" content=\"All4Camper - Blanka Milfait u\u017e va\u0159\u00ed marmel\u00e1dy ve sv\u00e9m vlastn\u00edm kempu! Neskute\u010dn\u011b inspirativn\u00ed rozhovor\u2026\" \/>\n<meta name=\"robots\" content=\"index, follow, max-snippet:-1, max-image-preview:large, max-video-preview:-1\" \/>\n<link rel=\"canonical\" href=\"https:\/\/all4camper.com\/cs\/blanka-milfait-uz-vari-marmelady-ve-svem-vlastnim-kempu-neskutecne-inspirativni-rozhovor\/\" \/>\n<meta property=\"og:locale\" content=\"cs_CZ\" \/>\n<meta property=\"og:type\" content=\"article\" \/>\n<meta property=\"og:title\" content=\"Blanka Milfait u\u017e va\u0159\u00ed marmel\u00e1dy ve sv\u00e9m vlastn\u00edm kempu! Neskute\u010dn\u011b inspirativn\u00ed rozhovor\u2026 - All4Camper\" \/>\n<meta property=\"og:description\" content=\"All4Camper - Blanka Milfait u\u017e va\u0159\u00ed marmel\u00e1dy ve sv\u00e9m vlastn\u00edm kempu! Neskute\u010dn\u011b inspirativn\u00ed rozhovor\u2026\" \/>\n<meta property=\"og:url\" content=\"https:\/\/all4camper.com\/cs\/blanka-milfait-uz-vari-marmelady-ve-svem-vlastnim-kempu-neskutecne-inspirativni-rozhovor\/\" \/>\n<meta property=\"og:site_name\" content=\"All4Camper\" \/>\n<meta property=\"article:published_time\" content=\"2019-10-15T16:18:30+00:00\" \/>\n<meta property=\"article:modified_time\" content=\"2022-12-13T14:09:30+00:00\" \/>\n<meta property=\"og:image\" content=\"https:\/\/all4camper.com\/wp-content\/uploads\/2019\/10\/dfdfdfdfdf.jpg\" \/>\n\t<meta property=\"og:image:width\" content=\"746\" \/>\n\t<meta property=\"og:image:height\" content=\"605\" \/>\n\t<meta property=\"og:image:type\" content=\"image\/jpeg\" \/>\n<meta name=\"author\" content=\"Kate\u0159ina\" \/>\n<meta name=\"twitter:card\" content=\"summary_large_image\" \/>\n<meta name=\"twitter:label1\" content=\"Napsal(a)\" \/>\n\t<meta name=\"twitter:data1\" content=\"Kate\u0159ina\" \/>\n\t<meta name=\"twitter:label2\" content=\"Odhadovan\u00e1 doba \u010dten\u00ed\" \/>\n\t<meta name=\"twitter:data2\" content=\"16 minut\" \/>\n<script type=\"application\/ld+json\" class=\"yoast-schema-graph\">{\"@context\":\"https:\\\/\\\/schema.org\",\"@graph\":[{\"@type\":\"Article\",\"@id\":\"https:\\\/\\\/all4camper.com\\\/cs\\\/blanka-milfait-uz-vari-marmelady-ve-svem-vlastnim-kempu-neskutecne-inspirativni-rozhovor\\\/#article\",\"isPartOf\":{\"@id\":\"https:\\\/\\\/all4camper.com\\\/cs\\\/blanka-milfait-uz-vari-marmelady-ve-svem-vlastnim-kempu-neskutecne-inspirativni-rozhovor\\\/\"},\"author\":{\"name\":\"Kate\u0159ina\",\"@id\":\"https:\\\/\\\/all4camper.com\\\/cs\\\/#\\\/schema\\\/person\\\/9349489688d4c221ca0fc39ae6bcb70b\"},\"headline\":\"Blanka Milfait u\u017e va\u0159\u00ed marmel\u00e1dy ve sv\u00e9m vlastn\u00edm kempu! Neskute\u010dn\u011b inspirativn\u00ed rozhovor\u2026\",\"datePublished\":\"2019-10-15T16:18:30+00:00\",\"dateModified\":\"2022-12-13T14:09:30+00:00\",\"mainEntityOfPage\":{\"@id\":\"https:\\\/\\\/all4camper.com\\\/cs\\\/blanka-milfait-uz-vari-marmelady-ve-svem-vlastnim-kempu-neskutecne-inspirativni-rozhovor\\\/\"},\"wordCount\":3243,\"publisher\":{\"@id\":\"https:\\\/\\\/all4camper.com\\\/cs\\\/#organization\"},\"image\":{\"@id\":\"https:\\\/\\\/all4camper.com\\\/cs\\\/blanka-milfait-uz-vari-marmelady-ve-svem-vlastnim-kempu-neskutecne-inspirativni-rozhovor\\\/#primaryimage\"},\"thumbnailUrl\":\"https:\\\/\\\/all4camper.com\\\/wp-content\\\/uploads\\\/2019\\\/10\\\/dfdfdfdfdf.jpg\",\"keywords\":[\"It\u00e1lie\",\"karavanist\u00e9mezin\u00e1mi\",\"Kempy a kempovac\u00ed m\u00edsta\",\"Rozhovory\"],\"articleSection\":[\"\u010cten\u00ed na cesty\",\"Novinky - Kempov\u00e1n\u00ed a karavaning\"],\"inLanguage\":\"cs\"},{\"@type\":\"WebPage\",\"@id\":\"https:\\\/\\\/all4camper.com\\\/cs\\\/blanka-milfait-uz-vari-marmelady-ve-svem-vlastnim-kempu-neskutecne-inspirativni-rozhovor\\\/\",\"url\":\"https:\\\/\\\/all4camper.com\\\/cs\\\/blanka-milfait-uz-vari-marmelady-ve-svem-vlastnim-kempu-neskutecne-inspirativni-rozhovor\\\/\",\"name\":\"Blanka Milfait u\u017e va\u0159\u00ed marmel\u00e1dy ve sv\u00e9m vlastn\u00edm kempu! Neskute\u010dn\u011b inspirativn\u00ed rozhovor\u2026 - All4Camper\",\"isPartOf\":{\"@id\":\"https:\\\/\\\/all4camper.com\\\/cs\\\/#website\"},\"primaryImageOfPage\":{\"@id\":\"https:\\\/\\\/all4camper.com\\\/cs\\\/blanka-milfait-uz-vari-marmelady-ve-svem-vlastnim-kempu-neskutecne-inspirativni-rozhovor\\\/#primaryimage\"},\"image\":{\"@id\":\"https:\\\/\\\/all4camper.com\\\/cs\\\/blanka-milfait-uz-vari-marmelady-ve-svem-vlastnim-kempu-neskutecne-inspirativni-rozhovor\\\/#primaryimage\"},\"thumbnailUrl\":\"https:\\\/\\\/all4camper.com\\\/wp-content\\\/uploads\\\/2019\\\/10\\\/dfdfdfdfdf.jpg\",\"datePublished\":\"2019-10-15T16:18:30+00:00\",\"dateModified\":\"2022-12-13T14:09:30+00:00\",\"description\":\"All4Camper - Blanka Milfait u\u017e va\u0159\u00ed marmel\u00e1dy ve sv\u00e9m vlastn\u00edm kempu! Neskute\u010dn\u011b inspirativn\u00ed rozhovor\u2026\",\"breadcrumb\":{\"@id\":\"https:\\\/\\\/all4camper.com\\\/cs\\\/blanka-milfait-uz-vari-marmelady-ve-svem-vlastnim-kempu-neskutecne-inspirativni-rozhovor\\\/#breadcrumb\"},\"inLanguage\":\"cs\",\"potentialAction\":[{\"@type\":\"ReadAction\",\"target\":[\"https:\\\/\\\/all4camper.com\\\/cs\\\/blanka-milfait-uz-vari-marmelady-ve-svem-vlastnim-kempu-neskutecne-inspirativni-rozhovor\\\/\"]}]},{\"@type\":\"ImageObject\",\"inLanguage\":\"cs\",\"@id\":\"https:\\\/\\\/all4camper.com\\\/cs\\\/blanka-milfait-uz-vari-marmelady-ve-svem-vlastnim-kempu-neskutecne-inspirativni-rozhovor\\\/#primaryimage\",\"url\":\"https:\\\/\\\/all4camper.com\\\/wp-content\\\/uploads\\\/2019\\\/10\\\/dfdfdfdfdf.jpg\",\"contentUrl\":\"https:\\\/\\\/all4camper.com\\\/wp-content\\\/uploads\\\/2019\\\/10\\\/dfdfdfdfdf.jpg\",\"width\":746,\"height\":605},{\"@type\":\"BreadcrumbList\",\"@id\":\"https:\\\/\\\/all4camper.com\\\/cs\\\/blanka-milfait-uz-vari-marmelady-ve-svem-vlastnim-kempu-neskutecne-inspirativni-rozhovor\\\/#breadcrumb\",\"itemListElement\":[{\"@type\":\"ListItem\",\"position\":1,\"name\":\"Dom\u016f\",\"item\":\"https:\\\/\\\/all4camper.com\\\/cs\\\/\"},{\"@type\":\"ListItem\",\"position\":2,\"name\":\"\u010cten\u00ed na cesty\",\"item\":\"https:\\\/\\\/all4camper.com\\\/cs\\\/category\\\/magazin_all4camper\\\/\"},{\"@type\":\"ListItem\",\"position\":3,\"name\":\"Blanka Milfait u\u017e va\u0159\u00ed marmel\u00e1dy ve sv\u00e9m vlastn\u00edm kempu! Neskute\u010dn\u011b inspirativn\u00ed rozhovor\u2026\"}]},{\"@type\":\"WebSite\",\"@id\":\"https:\\\/\\\/all4camper.com\\\/cs\\\/#website\",\"url\":\"https:\\\/\\\/all4camper.com\\\/cs\\\/\",\"name\":\"All4Camper\",\"description\":\"Nejv\u011bt\u0161\u00ed online magaz\u00edn o kempov\u00e1n\u00ed a karavaninku. V\u00edce jak 900 \u010dl\u00e1nk\u016f pln\u00fdch rad a tip\u016f o kempech a kempov\u00e1n\u00ed.\",\"publisher\":{\"@id\":\"https:\\\/\\\/all4camper.com\\\/cs\\\/#organization\"},\"potentialAction\":[{\"@type\":\"SearchAction\",\"target\":{\"@type\":\"EntryPoint\",\"urlTemplate\":\"https:\\\/\\\/all4camper.com\\\/cs\\\/?s={search_term_string}\"},\"query-input\":{\"@type\":\"PropertyValueSpecification\",\"valueRequired\":true,\"valueName\":\"search_term_string\"}}],\"inLanguage\":\"cs\"},{\"@type\":\"Organization\",\"@id\":\"https:\\\/\\\/all4camper.com\\\/cs\\\/#organization\",\"name\":\"All4Camper - kempujeme s Kl\u00e1rou\",\"url\":\"https:\\\/\\\/all4camper.com\\\/cs\\\/\",\"logo\":{\"@type\":\"ImageObject\",\"inLanguage\":\"cs\",\"@id\":\"https:\\\/\\\/all4camper.com\\\/cs\\\/#\\\/schema\\\/logo\\\/image\\\/\",\"url\":\"https:\\\/\\\/all4camper.com\\\/wp-content\\\/uploads\\\/2018\\\/09\\\/novelogo.png\",\"contentUrl\":\"https:\\\/\\\/all4camper.com\\\/wp-content\\\/uploads\\\/2018\\\/09\\\/novelogo.png\",\"width\":1520,\"height\":600,\"caption\":\"All4Camper - kempujeme s Kl\u00e1rou\"},\"image\":{\"@id\":\"https:\\\/\\\/all4camper.com\\\/cs\\\/#\\\/schema\\\/logo\\\/image\\\/\"}},{\"@type\":\"Person\",\"@id\":\"https:\\\/\\\/all4camper.com\\\/cs\\\/#\\\/schema\\\/person\\\/9349489688d4c221ca0fc39ae6bcb70b\",\"name\":\"Kate\u0159ina\",\"url\":\"https:\\\/\\\/all4camper.com\\\/cs\\\/author\\\/kterina\\\/\"}]}<\/script>\n<!-- \/ Yoast SEO plugin. -->","yoast_head_json":{"title":"Blanka Milfait u\u017e va\u0159\u00ed marmel\u00e1dy ve sv\u00e9m vlastn\u00edm kempu! Neskute\u010dn\u011b inspirativn\u00ed rozhovor\u2026 - All4Camper","description":"All4Camper - Blanka Milfait u\u017e va\u0159\u00ed marmel\u00e1dy ve sv\u00e9m vlastn\u00edm kempu! Neskute\u010dn\u011b inspirativn\u00ed rozhovor\u2026","robots":{"index":"index","follow":"follow","max-snippet":"max-snippet:-1","max-image-preview":"max-image-preview:large","max-video-preview":"max-video-preview:-1"},"canonical":"https:\/\/all4camper.com\/cs\/blanka-milfait-uz-vari-marmelady-ve-svem-vlastnim-kempu-neskutecne-inspirativni-rozhovor\/","og_locale":"cs_CZ","og_type":"article","og_title":"Blanka Milfait u\u017e va\u0159\u00ed marmel\u00e1dy ve sv\u00e9m vlastn\u00edm kempu! Neskute\u010dn\u011b inspirativn\u00ed rozhovor\u2026 - All4Camper","og_description":"All4Camper - Blanka Milfait u\u017e va\u0159\u00ed marmel\u00e1dy ve sv\u00e9m vlastn\u00edm kempu! Neskute\u010dn\u011b inspirativn\u00ed rozhovor\u2026","og_url":"https:\/\/all4camper.com\/cs\/blanka-milfait-uz-vari-marmelady-ve-svem-vlastnim-kempu-neskutecne-inspirativni-rozhovor\/","og_site_name":"All4Camper","article_published_time":"2019-10-15T16:18:30+00:00","article_modified_time":"2022-12-13T14:09:30+00:00","og_image":[{"width":746,"height":605,"url":"https:\/\/all4camper.com\/wp-content\/uploads\/2019\/10\/dfdfdfdfdf.jpg","type":"image\/jpeg"}],"author":"Kate\u0159ina","twitter_card":"summary_large_image","twitter_misc":{"Napsal(a)":"Kate\u0159ina","Odhadovan\u00e1 doba \u010dten\u00ed":"16 minut"},"schema":{"@context":"https:\/\/schema.org","@graph":[{"@type":"Article","@id":"https:\/\/all4camper.com\/cs\/blanka-milfait-uz-vari-marmelady-ve-svem-vlastnim-kempu-neskutecne-inspirativni-rozhovor\/#article","isPartOf":{"@id":"https:\/\/all4camper.com\/cs\/blanka-milfait-uz-vari-marmelady-ve-svem-vlastnim-kempu-neskutecne-inspirativni-rozhovor\/"},"author":{"name":"Kate\u0159ina","@id":"https:\/\/all4camper.com\/cs\/#\/schema\/person\/9349489688d4c221ca0fc39ae6bcb70b"},"headline":"Blanka Milfait u\u017e va\u0159\u00ed marmel\u00e1dy ve sv\u00e9m vlastn\u00edm kempu! Neskute\u010dn\u011b inspirativn\u00ed rozhovor\u2026","datePublished":"2019-10-15T16:18:30+00:00","dateModified":"2022-12-13T14:09:30+00:00","mainEntityOfPage":{"@id":"https:\/\/all4camper.com\/cs\/blanka-milfait-uz-vari-marmelady-ve-svem-vlastnim-kempu-neskutecne-inspirativni-rozhovor\/"},"wordCount":3243,"publisher":{"@id":"https:\/\/all4camper.com\/cs\/#organization"},"image":{"@id":"https:\/\/all4camper.com\/cs\/blanka-milfait-uz-vari-marmelady-ve-svem-vlastnim-kempu-neskutecne-inspirativni-rozhovor\/#primaryimage"},"thumbnailUrl":"https:\/\/all4camper.com\/wp-content\/uploads\/2019\/10\/dfdfdfdfdf.jpg","keywords":["It\u00e1lie","karavanist\u00e9mezin\u00e1mi","Kempy a kempovac\u00ed m\u00edsta","Rozhovory"],"articleSection":["\u010cten\u00ed na cesty","Novinky - Kempov\u00e1n\u00ed a karavaning"],"inLanguage":"cs"},{"@type":"WebPage","@id":"https:\/\/all4camper.com\/cs\/blanka-milfait-uz-vari-marmelady-ve-svem-vlastnim-kempu-neskutecne-inspirativni-rozhovor\/","url":"https:\/\/all4camper.com\/cs\/blanka-milfait-uz-vari-marmelady-ve-svem-vlastnim-kempu-neskutecne-inspirativni-rozhovor\/","name":"Blanka Milfait u\u017e va\u0159\u00ed marmel\u00e1dy ve sv\u00e9m vlastn\u00edm kempu! Neskute\u010dn\u011b inspirativn\u00ed rozhovor\u2026 - All4Camper","isPartOf":{"@id":"https:\/\/all4camper.com\/cs\/#website"},"primaryImageOfPage":{"@id":"https:\/\/all4camper.com\/cs\/blanka-milfait-uz-vari-marmelady-ve-svem-vlastnim-kempu-neskutecne-inspirativni-rozhovor\/#primaryimage"},"image":{"@id":"https:\/\/all4camper.com\/cs\/blanka-milfait-uz-vari-marmelady-ve-svem-vlastnim-kempu-neskutecne-inspirativni-rozhovor\/#primaryimage"},"thumbnailUrl":"https:\/\/all4camper.com\/wp-content\/uploads\/2019\/10\/dfdfdfdfdf.jpg","datePublished":"2019-10-15T16:18:30+00:00","dateModified":"2022-12-13T14:09:30+00:00","description":"All4Camper - Blanka Milfait u\u017e va\u0159\u00ed marmel\u00e1dy ve sv\u00e9m vlastn\u00edm kempu! Neskute\u010dn\u011b inspirativn\u00ed rozhovor\u2026","breadcrumb":{"@id":"https:\/\/all4camper.com\/cs\/blanka-milfait-uz-vari-marmelady-ve-svem-vlastnim-kempu-neskutecne-inspirativni-rozhovor\/#breadcrumb"},"inLanguage":"cs","potentialAction":[{"@type":"ReadAction","target":["https:\/\/all4camper.com\/cs\/blanka-milfait-uz-vari-marmelady-ve-svem-vlastnim-kempu-neskutecne-inspirativni-rozhovor\/"]}]},{"@type":"ImageObject","inLanguage":"cs","@id":"https:\/\/all4camper.com\/cs\/blanka-milfait-uz-vari-marmelady-ve-svem-vlastnim-kempu-neskutecne-inspirativni-rozhovor\/#primaryimage","url":"https:\/\/all4camper.com\/wp-content\/uploads\/2019\/10\/dfdfdfdfdf.jpg","contentUrl":"https:\/\/all4camper.com\/wp-content\/uploads\/2019\/10\/dfdfdfdfdf.jpg","width":746,"height":605},{"@type":"BreadcrumbList","@id":"https:\/\/all4camper.com\/cs\/blanka-milfait-uz-vari-marmelady-ve-svem-vlastnim-kempu-neskutecne-inspirativni-rozhovor\/#breadcrumb","itemListElement":[{"@type":"ListItem","position":1,"name":"Dom\u016f","item":"https:\/\/all4camper.com\/cs\/"},{"@type":"ListItem","position":2,"name":"\u010cten\u00ed na cesty","item":"https:\/\/all4camper.com\/cs\/category\/magazin_all4camper\/"},{"@type":"ListItem","position":3,"name":"Blanka Milfait u\u017e va\u0159\u00ed marmel\u00e1dy ve sv\u00e9m vlastn\u00edm kempu! Neskute\u010dn\u011b inspirativn\u00ed rozhovor\u2026"}]},{"@type":"WebSite","@id":"https:\/\/all4camper.com\/cs\/#website","url":"https:\/\/all4camper.com\/cs\/","name":"All4Camper","description":"Nejv\u011bt\u0161\u00ed online magaz\u00edn o kempov\u00e1n\u00ed a karavaninku. V\u00edce jak 900 \u010dl\u00e1nk\u016f pln\u00fdch rad a tip\u016f o kempech a kempov\u00e1n\u00ed.","publisher":{"@id":"https:\/\/all4camper.com\/cs\/#organization"},"potentialAction":[{"@type":"SearchAction","target":{"@type":"EntryPoint","urlTemplate":"https:\/\/all4camper.com\/cs\/?s={search_term_string}"},"query-input":{"@type":"PropertyValueSpecification","valueRequired":true,"valueName":"search_term_string"}}],"inLanguage":"cs"},{"@type":"Organization","@id":"https:\/\/all4camper.com\/cs\/#organization","name":"All4Camper - kempujeme s Kl\u00e1rou","url":"https:\/\/all4camper.com\/cs\/","logo":{"@type":"ImageObject","inLanguage":"cs","@id":"https:\/\/all4camper.com\/cs\/#\/schema\/logo\/image\/","url":"https:\/\/all4camper.com\/wp-content\/uploads\/2018\/09\/novelogo.png","contentUrl":"https:\/\/all4camper.com\/wp-content\/uploads\/2018\/09\/novelogo.png","width":1520,"height":600,"caption":"All4Camper - kempujeme s Kl\u00e1rou"},"image":{"@id":"https:\/\/all4camper.com\/cs\/#\/schema\/logo\/image\/"}},{"@type":"Person","@id":"https:\/\/all4camper.com\/cs\/#\/schema\/person\/9349489688d4c221ca0fc39ae6bcb70b","name":"Kate\u0159ina","url":"https:\/\/all4camper.com\/cs\/author\/kterina\/"}]}},"_links":{"self":[{"href":"https:\/\/all4camper.com\/cs\/wp-json\/wp\/v2\/posts\/82708","targetHints":{"allow":["GET"]}}],"collection":[{"href":"https:\/\/all4camper.com\/cs\/wp-json\/wp\/v2\/posts"}],"about":[{"href":"https:\/\/all4camper.com\/cs\/wp-json\/wp\/v2\/types\/post"}],"author":[{"embeddable":true,"href":"https:\/\/all4camper.com\/cs\/wp-json\/wp\/v2\/users\/161"}],"replies":[{"embeddable":true,"href":"https:\/\/all4camper.com\/cs\/wp-json\/wp\/v2\/comments?post=82708"}],"version-history":[{"count":0,"href":"https:\/\/all4camper.com\/cs\/wp-json\/wp\/v2\/posts\/82708\/revisions"}],"wp:featuredmedia":[{"embeddable":true,"href":"https:\/\/all4camper.com\/cs\/wp-json\/wp\/v2\/media\/82713"}],"wp:attachment":[{"href":"https:\/\/all4camper.com\/cs\/wp-json\/wp\/v2\/media?parent=82708"}],"wp:term":[{"taxonomy":"category","embeddable":true,"href":"https:\/\/all4camper.com\/cs\/wp-json\/wp\/v2\/categories?post=82708"},{"taxonomy":"post_tag","embeddable":true,"href":"https:\/\/all4camper.com\/cs\/wp-json\/wp\/v2\/tags?post=82708"}],"curies":[{"name":"wp","href":"https:\/\/api.w.org\/{rel}","templated":true}]}}