{"id":82699,"date":"2019-10-13T14:25:17","date_gmt":"2019-10-13T12:25:17","guid":{"rendered":"https:\/\/all4camper.com\/\/?p=82699"},"modified":"2020-10-26T13:21:30","modified_gmt":"2020-10-26T12:21:30","slug":"caravaning-brno-neskutecna-porce-inspirace-na-jednom-miste","status":"publish","type":"post","link":"https:\/\/all4camper.com\/cs\/caravaning-brno-neskutecna-porce-inspirace-na-jednom-miste\/","title":{"rendered":"Caravaning Brno &#8211; nemal\u00e1 porce inspirace na jednom m\u00edst\u011b!"},"content":{"rendered":"\n<h4 class=\"wp-block-heading\">Leto\u0161n\u00ed Mezin\u00e1rodn\u00ed v\u00fdstava karavan\u016f a obytn\u00fdch automobil\u016f&nbsp;Caravaning Brno&nbsp;bude hostit v\u00edce jak 60 zna\u010dek. P\u0159edstav\u00ed tak&nbsp;kompletn\u00ed p\u0159ehl\u00eddku obytn\u00fdch aut, p\u0159\u00edv\u011bs\u016f, a ve\u0161ker\u00e9ho p\u0159\u00edslu\u0161enstv\u00ed, co ke svobodn\u00e9mu cestov\u00e1n\u00ed pat\u0159\u00ed. T\u00edmto ofici\u00e1ln\u00edm textem by se dalo kr\u00e1tce shrnout, co hlavn\u00edho v\u00e1s letos na t\u00e9to v\u00fdstav\u011b \u010dek\u00e1 a All4Camper jako medi\u00e1ln\u00ed partner nebude chyb\u011bt. Cel\u00e1 tahle akce se odehraje v&nbsp;obdob\u00ed 7. \u2013 10. 11. 2019! <\/h4>\n\n\n\n<figure class=\"wp-block-image\"><img loading=\"lazy\" decoding=\"async\" width=\"495\" height=\"330\" src=\"https:\/\/all4camper.com\/\/wp-content\/uploads\/2019\/10\/495X330__rm_karavany_pavilon_f_so_img_4150.jpg\" alt=\"\" class=\"wp-image-82703\" srcset=\"https:\/\/all4camper.com\/wp-content\/uploads\/2019\/10\/495X330__rm_karavany_pavilon_f_so_img_4150.jpg 495w, https:\/\/all4camper.com\/wp-content\/uploads\/2019\/10\/495X330__rm_karavany_pavilon_f_so_img_4150-150x100.jpg 150w, https:\/\/all4camper.com\/wp-content\/uploads\/2019\/10\/495X330__rm_karavany_pavilon_f_so_img_4150-300x200.jpg 300w\" sizes=\"auto, (max-width: 495px) 100vw, 495px\" \/><\/figure>\n\n\n\n<p><em>Are\u00e1l bude otev\u0159en 7.-9.11. od 9.00 hod do 18.00 hod, posledn\u00ed den, tedy 10.11. bude kon\u010dit v\u00fdstava v&nbsp;17 hod. Nejv\u00fdhodn\u011bj\u0161\u00ed vstupn\u00e9 si zakoup\u00edte p\u0159i&nbsp;<a rel=\"noreferrer noopener\" href=\"https:\/\/etickets.bvv.cz\/cs\" target=\"_blank\">on-line registraci<\/a>, pokud to stihnete do 15.\u0159\u00edjna, za\u010d\u00ednaj\u00ed ceny ji\u017e na 100 K\u010d<\/em><\/p>\n\n\n\n<h3 class=\"wp-block-heading\"><strong>Jak v\u0161e bude letos prob\u00edhat?<\/strong><\/h3>\n\n\n\n<p>Leto\u0161n\u00ed ro\u010dn\u00edk veletrhu op\u011bt obsad\u00ed dva pavilony a p\u0159ilehl\u00e9 voln\u00e9 plochy \u2013 celkem tedy 16 tis\u00edc metr\u016f \u010dtvere\u010dn\u00edch. Sv\u00e9 novinky V\u00e1m p\u0159edstav\u00ed st\u00e1l\u00ed vystavovatel\u00e9&nbsp;<strong>Adria karavany Sedl\u010dany, Caravan Metropol, Campingworld Neugebauer, Caravan Centrum Pardubice, Car-Star, Fibich Camping Cars, HV Caravans, Karavantravel.cz, KOV Velim, Rinen, TOPTRADE<\/strong>&nbsp;a dal\u0161\u00ed. T\u011b\u0161it se tak m\u016f\u017eete na&nbsp;<strong>zna\u010dky Adria, B\u00fcrstner, Nisemann + Bischoff, Hymer, Carthago, LMC, Itineo, Rapido, Benimar, Eura Mobi, Dethlefs, Clever Vans, X-Go nebo Frankia. <\/strong>Jedn\u00e1 se tak o perfektn\u00ed zp\u016fsob, jak si ud\u011blat p\u0159edstavu, co v\u016fbec trh nab\u00edz\u00ed, p\u0159\u00edpadn\u011b si d\u016fkladn\u011b (a hlavn\u011b zevnit\u0159) prohl\u00e9dnout obytka, kter\u00e1 mnohdy jen obdivujeme. P\u0159edstavte si to jako takov\u00fd den otev\u0159en\u00fdch dve\u0159\u00ed v&nbsp;mimo\u0159\u00e1dn\u011b zaj\u00edmav\u00e9m kempu. Mysl\u00edm, \u017ee v&nbsp;tom nejsem sama, kdy\u017e ob\u010das p\u0159em\u00fd\u0161l\u00edm, jak to asi vypad\u00e1 u soused\u016f&#8230; I kdy\u017e se zrovna nechyst\u00e1te nic kupovat, m\u016f\u017ee to pro v\u00e1s b\u00fdt inspirac\u00ed t\u0159eba v&nbsp;p\u0159\u00edpad\u011b, \u017ee jste se pustili do vlastnoru\u010dn\u00ed p\u0159estavby a je\u0161t\u011b v\u00e1h\u00e1te nap\u0159\u00edklad nad n\u011bjak\u00fdm rozm\u00edst\u011bn\u00edm. Ale zjist\u00edte t\u0159eba, \u017ee i takov\u00e1 barevnost je mnohdy dost z\u00e1sadn\u00ed. <\/p>\n\n\n\n<figure class=\"wp-block-image\"><img loading=\"lazy\" decoding=\"async\" width=\"495\" height=\"330\" src=\"https:\/\/all4camper.com\/\/wp-content\/uploads\/2019\/10\/495X330__rm_karavany_pavilonf_pa_img_2212.jpg\" alt=\"\" class=\"wp-image-82704\" srcset=\"https:\/\/all4camper.com\/wp-content\/uploads\/2019\/10\/495X330__rm_karavany_pavilonf_pa_img_2212.jpg 495w, https:\/\/all4camper.com\/wp-content\/uploads\/2019\/10\/495X330__rm_karavany_pavilonf_pa_img_2212-150x100.jpg 150w, https:\/\/all4camper.com\/wp-content\/uploads\/2019\/10\/495X330__rm_karavany_pavilonf_pa_img_2212-300x200.jpg 300w\" sizes=\"auto, (max-width: 495px) 100vw, 495px\" \/><\/figure>\n\n\n\n<h3 class=\"wp-block-heading\"><strong>Bude toho ale je\u0161t\u011b mnohem v\u00edc<\/strong><\/h3>\n\n\n\n<p> Na veletrhu zakoup\u00edte i celou \u0159adu p\u0159\u00edslu\u0161enstv\u00ed, dopl\u0148k\u016f a vybaven\u00ed obytn\u00fdch aut a karavan\u016f. Chyb\u011bt v\u0161ak nebudou ani pot\u0159eby pro kempov\u00e1n\u00ed a cestov\u00e1n\u00ed. D\u00edky spolupr\u00e1ci s&nbsp;Asociac\u00ed kemp\u016f se sezn\u00e1m\u00edte s&nbsp;mo\u017enostmi ubytov\u00e1n\u00ed nejen v&nbsp;\u010cesk\u00e9 republice, ale i zahrani\u010d\u00ed. Zkr\u00e1tka takov\u00fd perfektn\u00ed bal\u00ed\u010dek pro v\u0161echny, kte\u0159\u00ed u\u017e caravaningu propadli, anebo pro ty, kte\u0159\u00ed se st\u00e1le je\u0161t\u011b nerozhodli a ten krok, kter\u00fd spoust\u011b lid\u00ed mnohdy tak trochu zm\u011bn\u00ed \u017eivot i pohled na n\u011bj, je teprve \u010dek\u00e1. Sou\u010d\u00e1st\u00ed veletrhu bude toti\u017e bohat\u00fd doprovodn\u00fd program. Sv\u00e9 zku\u0161enosti v\u00e1m op\u011bt p\u0159edaj\u00ed cestovatel\u00e9, kte\u0159\u00ed nav\u0161t\u00edvili nejr\u016fzn\u011bj\u0161\u00ed kouty sv\u011bta \u2013 jak jinak ne\u017e s karavanem. P\u0159ipraveno bude odborn\u00e9 poradenstv\u00ed, kter\u00e9 ocen\u00ed jak za\u010d\u00ednaj\u00edc\u00ed, tak zku\u0161en\u00ed karavanist\u00e9. Vr\u00e1t\u00ed se tak\u00e9 popul\u00e1rn\u00ed testovac\u00ed j\u00edzdy s obytn\u00fdm vozem. J\u00edzdy ur\u010dit\u011b ocen\u00ed n\u00e1v\u0161t\u011bvn\u00edci uva\u017euj\u00edc\u00ed o koupi prvn\u00edho \u201eobyt\u0148\u00e1ku\u201c \u2013 na vlastn\u00ed k\u016f\u017ei toti\u017e poznaj\u00ed odli\u0161n\u00e9 j\u00edzdn\u00ed vlastnosti, kter\u00e9 k tomuto druhu cestov\u00e1n\u00ed jednozna\u010dn\u011b pat\u0159\u00ed. Tradi\u010dn\u011b veletrh dopln\u00ed bazar karavan\u016f a obytn\u00fdch voz\u016f a tak\u00e9 Caravan Park, d\u00edky kter\u00e9mu si budete moci zakempovat p\u0159\u00edmo v are\u00e1lu v\u00fdstavi\u0161t\u011b. <\/p>\n\n\n\n<figure class=\"wp-block-image\"><img loading=\"lazy\" decoding=\"async\" width=\"495\" height=\"330\" src=\"https:\/\/all4camper.com\/\/wp-content\/uploads\/2019\/10\/495X330__rm_karavany_pavilon_p_so_img_4586.jpg\" alt=\"\" class=\"wp-image-82705\" srcset=\"https:\/\/all4camper.com\/wp-content\/uploads\/2019\/10\/495X330__rm_karavany_pavilon_p_so_img_4586.jpg 495w, https:\/\/all4camper.com\/wp-content\/uploads\/2019\/10\/495X330__rm_karavany_pavilon_p_so_img_4586-150x100.jpg 150w, https:\/\/all4camper.com\/wp-content\/uploads\/2019\/10\/495X330__rm_karavany_pavilon_p_so_img_4586-300x200.jpg 300w\" sizes=\"auto, (max-width: 495px) 100vw, 495px\" \/><\/figure>\n\n\n\n<h3 class=\"wp-block-heading\"><strong>Nav\u0161tivte kouzeln\u00e1 m\u00edsta s&nbsp;cestovateli<\/strong><\/h3>\n\n\n\n<p>Tak to je druh\u00e1 rovina veletrhu. Dejme tomu takov\u00e1 Cestom\u00e1nie speci\u00e1ln\u011b pro kempa\u0159e a nav\u00edc na\u017eivo. Pokud se tedy chcete alespo\u0148 na chv\u00edli p\u0159en\u00e9st do jin\u00e9ho sv\u011bta, pln\u00e9ho dobrodru\u017estv\u00ed, z\u00e1\u017eitk\u016f, v\u0161edn\u00edch i nev\u0161edn\u00edch scen\u00e9ri\u00ed? Pak si spole\u010dn\u011b s&nbsp;n\u00e1mi vychutnejte cestovatelsk\u00e9 p\u0159edn\u00e1\u0161ky, kter\u00e9 ka\u017ed\u00fd rok pat\u0159\u00ed do doprovodn\u00e9ho programu v\u00fdstavy Caravaning Brno v&nbsp;pavilonu P. D\u00edky poutav\u00e9mu vypr\u00e1v\u011bn\u00ed a jedine\u010dn\u00fdm obrazov\u00fdm materi\u00e1l\u016fm se m\u016f\u017eete p\u0159en\u00e9st do zem\u00ed bl\u00edzk\u00fdch i vzd\u00e1len\u011bj\u0161\u00edch. <\/p>\n\n\n\n<h3 class=\"wp-block-heading\"><strong>Na co se t\u011b\u0161it konkr\u00e9tn\u011b?<\/strong><\/h3>\n\n\n\n<p>L\u00e1k\u00e1 v\u00e1s Severn\u00ed Amerika, p\u0159esn\u011bji&nbsp;<strong>Kanada<\/strong>? Jakub Moravec v\u00e1m v&nbsp;p\u00e1tek 8. listopadu od 13 hod uk\u00e1\u017ee, \u017ee s&nbsp;p\u016fj\u010den\u00fdm obytn\u00fdm vozem lze toho za dva t\u00fddny v&nbsp;oblasti kolem velk\u00fdch jezer v&nbsp;Kanad\u011b stihnout v\u00edce, ne\u017e by se zd\u00e1lo. &nbsp;Tent\u00fd\u017e den od 16 hodin se m\u016f\u017eete inspirovat cestovatelsk\u00fdm z\u00e1\u017eitkem do destinace bli\u017e\u0161\u00ed, ale pro karavanisty ne p\u0159\u00edli\u0161 zn\u00e1m\u00e9 \u2013 a sice do&nbsp;<strong>V\u00fdchodn\u00edho Polska<\/strong>. Zemi, nab\u00edzej\u00edc\u00ed n\u00e1dhern\u00e9 p\u0159\u00edrodn\u00ed i kulturn\u00ed pam\u00e1tky a p\u0159\u00edv\u011btiv\u00e9 z\u00e1zem\u00ed pro kempov\u00e1n\u00ed, v\u00e1m p\u0159edstav\u00ed Kl\u00e1ra H\u00e1jek Velinsk\u00e1 z All4Camper. Ano \u2013 pr\u00e1v\u011b na\u0161e Kl\u00e1rka, m\u016f\u017eete ji i&nbsp;jej\u00ed neskute\u010dnou energii a z\u00e1pal poznat na\u017eivo. V&nbsp;sobotu se m\u016f\u017eete vypravit s obytn\u00fdm automobilem do&nbsp;<strong>Irska<\/strong>. Atraktivn\u00ed cestopis, poodhaluj\u00edc\u00ed p\u0159\u00edrodn\u00ed kr\u00e1sy Irska a kouzlo zdej\u0161\u00edch vyhl\u00e1\u0161en\u00fdch pal\u00edren whisky, m\u00e1 pro v\u00e1s p\u0159ipraven na 14 hod op\u011bt cestovatel Jakub Moravec. Dobrodru\u017estv\u00ed pro otrlej\u0161\u00ed povahy se p\u0159\u00edmo nab\u00edz\u00ed v&nbsp;ned\u011bli. V&nbsp;11.30 v\u00e1m cestovatel\u00e9 Marek Havl\u00ed\u010dek a Ota Synek p\u0159ibl\u00ed\u017e\u00ed cestopisnou p\u0159edn\u00e1\u0161ku od posledn\u00edho \u017eij\u00edc\u00edho \u010dlena p\u016fvodn\u00ed expedice&nbsp;<strong>Tatra kolem sv\u011bta<\/strong>. Uvid\u00edte nikdy nezve\u0159ejn\u011bn\u00e9 fotografie a budete u p\u0159edstaven\u00ed projektu Tatra kolem sv\u011bta 2, jeho\u017e sou\u010d\u00e1st\u00ed je v\u00fdstava expedi\u010dn\u00edho kamionu p\u0159ed pavilonem P. Kdo z&nbsp;v\u00e1s si troufne je\u0161t\u011b hloub\u011bji do srdce p\u0159\u00edrody, do pomalu objevovan\u00fdch zem\u00ed, pak uv\u00edt\u00e1 poutav\u00fd cestopis Jakuba Moravce nazvan\u00fd&nbsp;<strong>Namibie a Botswana se st\u0159e\u0161n\u00edm stanem.&nbsp;<\/strong>J\u00edzda d\u017e\u00edpem se st\u0159e\u0161n\u00edm stanem, exotick\u00e1 krajina a zv\u00ed\u0159ata jsou z\u00e1rukou neoby\u010dejn\u00e9ho dobrodru\u017estv\u00ed. Inspirovat se m\u016f\u017eete v&nbsp;ned\u011bli ve 13.30 hod.<\/p>\n\n\n\n<h3 class=\"wp-block-heading\"> A <strong>je\u0161t\u011b jeden d\u016fvod pro n\u00e1v\u0161t\u011bvu z\u00e1v\u011brem<\/strong><\/h3>\n\n\n\n<p> Vezm\u011bte si, kolik lid\u00ed, kter\u00e9 poj\u00ed stejn\u00fd z\u00e1jem, se tu na jednom m\u00edst\u011b sejde. To tady p\u0159ece nem\u016f\u017ee panovat jin\u00e1, ne\u017e b\u00e1je\u010dn\u00e1 n\u00e1lada! I kdy\u017e si s&nbsp;sebou dom\u016f odnesete t\u0159eba jen z\u00e1\u017eitek, mysl\u00edm si, \u017ee bude ur\u010dit\u011b p\u0159\u00edjemn\u00fd a p\u0159\u00ednosn\u00fd pro va\u0161e dal\u0161\u00ed cesty. Ona ob\u010das trocha inspirace a jin\u00e9ho pohledu v\u016fbec ne\u0161kod\u00ed. Tak co, potk\u00e1me se? <a rel=\"noreferrer noopener\" aria-label=\" (opens in a new tab)\" href=\"https:\/\/www.bvv.cz\/caravaning-brno\/\" target=\"_blank\">www.bvv.cz\/caravaning-brno<\/a><\/p>\n\n\n\n<figure class=\"wp-block-image\"><img loading=\"lazy\" decoding=\"async\" width=\"1774\" height=\"1080\" src=\"https:\/\/all4camper.com\/\/wp-content\/uploads\/2019\/10\/tent-1335073_1920-1-1774x1080.png\" alt=\"\" class=\"wp-image-82707\" srcset=\"https:\/\/all4camper.com\/wp-content\/uploads\/2019\/10\/tent-1335073_1920-1-1774x1080.png 1774w, https:\/\/all4camper.com\/wp-content\/uploads\/2019\/10\/tent-1335073_1920-1-300x183.png 300w, https:\/\/all4camper.com\/wp-content\/uploads\/2019\/10\/tent-1335073_1920-1-150x91.png 150w, https:\/\/all4camper.com\/wp-content\/uploads\/2019\/10\/tent-1335073_1920-1-768x468.png 768w, https:\/\/all4camper.com\/wp-content\/uploads\/2019\/10\/tent-1335073_1920-1-1536x935.png 1536w, https:\/\/all4camper.com\/wp-content\/uploads\/2019\/10\/tent-1335073_1920-1.png 1920w\" sizes=\"auto, (max-width: 1774px) 100vw, 1774px\" \/><\/figure>\n","protected":false},"excerpt":{"rendered":"<p>Leto\u0161n\u00ed Mezin\u00e1rodn\u00ed v\u00fdstava karavan\u016f a obytn\u00fdch automobil\u016f&nbsp;Caravaning Brno&nbsp;bude hostit v\u00edce jak 60 zna\u010dek. P\u0159edstav\u00ed tak&nbsp;kompletn\u00ed p\u0159ehl\u00eddku obytn\u00fdch aut, p\u0159\u00edv\u011bs\u016f, a ve\u0161ker\u00e9ho p\u0159\u00edslu\u0161enstv\u00ed, co ke svobodn\u00e9mu cestov\u00e1n\u00ed pat\u0159\u00ed. T\u00edmto ofici\u00e1ln\u00edm textem by se dalo kr\u00e1tce shrnout, co hlavn\u00edho v\u00e1s letos na t\u00e9to v\u00fdstav\u011b \u010dek\u00e1 a All4Camper jako medi\u00e1ln\u00ed partner nebude chyb\u011bt. Cel\u00e1 tahle akce se odehraje [&hellip;]<\/p>\n","protected":false},"author":161,"featured_media":82704,"comment_status":"closed","ping_status":"open","sticky":false,"template":"","format":"standard","meta":{"_monsterinsights_skip_tracking":false,"_monsterinsights_sitenote_active":false,"_monsterinsights_sitenote_note":"","_monsterinsights_sitenote_category":0,"footnotes":""},"categories":[422],"tags":[226],"class_list":{"0":"post-82699","1":"post","2":"type-post","3":"status-publish","4":"format-standard","5":"has-post-thumbnail","7":"category-novinky-kempovani-a-karavaning","8":"tag-rady-a-tipy"},"yoast_head":"<!-- This site is optimized with the Yoast SEO plugin v27.5 - https:\/\/yoast.com\/product\/yoast-seo-wordpress\/ -->\n<title>Caravaning Brno - nemal\u00e1 porce inspirace na jednom m\u00edst\u011b! - All4Camper<\/title>\n<meta name=\"description\" content=\"All4Camper - Caravaning Brno - nemal\u00e1 porce inspirace na jednom m\u00edst\u011b!\" \/>\n<meta name=\"robots\" content=\"index, follow, max-snippet:-1, max-image-preview:large, max-video-preview:-1\" \/>\n<link rel=\"canonical\" href=\"https:\/\/all4camper.com\/cs\/caravaning-brno-neskutecna-porce-inspirace-na-jednom-miste\/\" \/>\n<meta property=\"og:locale\" content=\"cs_CZ\" \/>\n<meta property=\"og:type\" content=\"article\" \/>\n<meta property=\"og:title\" content=\"Caravaning Brno - nemal\u00e1 porce inspirace na jednom m\u00edst\u011b! - All4Camper\" \/>\n<meta property=\"og:description\" content=\"All4Camper - Caravaning Brno - nemal\u00e1 porce inspirace na jednom m\u00edst\u011b!\" \/>\n<meta property=\"og:url\" content=\"https:\/\/all4camper.com\/cs\/caravaning-brno-neskutecna-porce-inspirace-na-jednom-miste\/\" \/>\n<meta property=\"og:site_name\" content=\"All4Camper\" \/>\n<meta property=\"article:published_time\" content=\"2019-10-13T12:25:17+00:00\" \/>\n<meta property=\"article:modified_time\" content=\"2020-10-26T12:21:30+00:00\" \/>\n<meta property=\"og:image\" content=\"https:\/\/all4camper.com\/wp-content\/uploads\/2019\/10\/495X330__rm_karavany_pavilonf_pa_img_2212.jpg\" \/>\n\t<meta property=\"og:image:width\" content=\"495\" \/>\n\t<meta property=\"og:image:height\" content=\"330\" \/>\n\t<meta property=\"og:image:type\" content=\"image\/jpeg\" \/>\n<meta name=\"author\" content=\"Kate\u0159ina\" \/>\n<meta name=\"twitter:card\" content=\"summary_large_image\" \/>\n<meta name=\"twitter:label1\" content=\"Napsal(a)\" \/>\n\t<meta name=\"twitter:data1\" content=\"Kate\u0159ina\" \/>\n\t<meta name=\"twitter:label2\" content=\"Odhadovan\u00e1 doba \u010dten\u00ed\" \/>\n\t<meta name=\"twitter:data2\" content=\"6 minut\" \/>\n<script type=\"application\/ld+json\" class=\"yoast-schema-graph\">{\"@context\":\"https:\\\/\\\/schema.org\",\"@graph\":[{\"@type\":\"Article\",\"@id\":\"https:\\\/\\\/all4camper.com\\\/cs\\\/caravaning-brno-neskutecna-porce-inspirace-na-jednom-miste\\\/#article\",\"isPartOf\":{\"@id\":\"https:\\\/\\\/all4camper.com\\\/cs\\\/caravaning-brno-neskutecna-porce-inspirace-na-jednom-miste\\\/\"},\"author\":{\"name\":\"Kate\u0159ina\",\"@id\":\"https:\\\/\\\/all4camper.com\\\/cs\\\/#\\\/schema\\\/person\\\/9349489688d4c221ca0fc39ae6bcb70b\"},\"headline\":\"Caravaning Brno &#8211; nemal\u00e1 porce inspirace na jednom m\u00edst\u011b!\",\"datePublished\":\"2019-10-13T12:25:17+00:00\",\"dateModified\":\"2020-10-26T12:21:30+00:00\",\"mainEntityOfPage\":{\"@id\":\"https:\\\/\\\/all4camper.com\\\/cs\\\/caravaning-brno-neskutecna-porce-inspirace-na-jednom-miste\\\/\"},\"wordCount\":1184,\"publisher\":{\"@id\":\"https:\\\/\\\/all4camper.com\\\/cs\\\/#organization\"},\"image\":{\"@id\":\"https:\\\/\\\/all4camper.com\\\/cs\\\/caravaning-brno-neskutecna-porce-inspirace-na-jednom-miste\\\/#primaryimage\"},\"thumbnailUrl\":\"https:\\\/\\\/all4camper.com\\\/wp-content\\\/uploads\\\/2019\\\/10\\\/495X330__rm_karavany_pavilonf_pa_img_2212.jpg\",\"keywords\":[\"Rady-tipy-informace\"],\"articleSection\":[\"Novinky - Kempov\u00e1n\u00ed a karavaning\"],\"inLanguage\":\"cs\"},{\"@type\":\"WebPage\",\"@id\":\"https:\\\/\\\/all4camper.com\\\/cs\\\/caravaning-brno-neskutecna-porce-inspirace-na-jednom-miste\\\/\",\"url\":\"https:\\\/\\\/all4camper.com\\\/cs\\\/caravaning-brno-neskutecna-porce-inspirace-na-jednom-miste\\\/\",\"name\":\"Caravaning Brno - nemal\u00e1 porce inspirace na jednom m\u00edst\u011b! - All4Camper\",\"isPartOf\":{\"@id\":\"https:\\\/\\\/all4camper.com\\\/cs\\\/#website\"},\"primaryImageOfPage\":{\"@id\":\"https:\\\/\\\/all4camper.com\\\/cs\\\/caravaning-brno-neskutecna-porce-inspirace-na-jednom-miste\\\/#primaryimage\"},\"image\":{\"@id\":\"https:\\\/\\\/all4camper.com\\\/cs\\\/caravaning-brno-neskutecna-porce-inspirace-na-jednom-miste\\\/#primaryimage\"},\"thumbnailUrl\":\"https:\\\/\\\/all4camper.com\\\/wp-content\\\/uploads\\\/2019\\\/10\\\/495X330__rm_karavany_pavilonf_pa_img_2212.jpg\",\"datePublished\":\"2019-10-13T12:25:17+00:00\",\"dateModified\":\"2020-10-26T12:21:30+00:00\",\"description\":\"All4Camper - Caravaning Brno - nemal\u00e1 porce inspirace na jednom m\u00edst\u011b!\",\"breadcrumb\":{\"@id\":\"https:\\\/\\\/all4camper.com\\\/cs\\\/caravaning-brno-neskutecna-porce-inspirace-na-jednom-miste\\\/#breadcrumb\"},\"inLanguage\":\"cs\",\"potentialAction\":[{\"@type\":\"ReadAction\",\"target\":[\"https:\\\/\\\/all4camper.com\\\/cs\\\/caravaning-brno-neskutecna-porce-inspirace-na-jednom-miste\\\/\"]}]},{\"@type\":\"ImageObject\",\"inLanguage\":\"cs\",\"@id\":\"https:\\\/\\\/all4camper.com\\\/cs\\\/caravaning-brno-neskutecna-porce-inspirace-na-jednom-miste\\\/#primaryimage\",\"url\":\"https:\\\/\\\/all4camper.com\\\/wp-content\\\/uploads\\\/2019\\\/10\\\/495X330__rm_karavany_pavilonf_pa_img_2212.jpg\",\"contentUrl\":\"https:\\\/\\\/all4camper.com\\\/wp-content\\\/uploads\\\/2019\\\/10\\\/495X330__rm_karavany_pavilonf_pa_img_2212.jpg\",\"width\":495,\"height\":330},{\"@type\":\"BreadcrumbList\",\"@id\":\"https:\\\/\\\/all4camper.com\\\/cs\\\/caravaning-brno-neskutecna-porce-inspirace-na-jednom-miste\\\/#breadcrumb\",\"itemListElement\":[{\"@type\":\"ListItem\",\"position\":1,\"name\":\"Dom\u016f\",\"item\":\"https:\\\/\\\/all4camper.com\\\/cs\\\/\"},{\"@type\":\"ListItem\",\"position\":2,\"name\":\"Novinky - Kempov\u00e1n\u00ed a karavaning\",\"item\":\"https:\\\/\\\/all4camper.com\\\/cs\\\/category\\\/novinky-kempovani-a-karavaning\\\/\"},{\"@type\":\"ListItem\",\"position\":3,\"name\":\"Caravaning Brno &#8211; nemal\u00e1 porce inspirace na jednom m\u00edst\u011b!\"}]},{\"@type\":\"WebSite\",\"@id\":\"https:\\\/\\\/all4camper.com\\\/cs\\\/#website\",\"url\":\"https:\\\/\\\/all4camper.com\\\/cs\\\/\",\"name\":\"All4Camper\",\"description\":\"Nejv\u011bt\u0161\u00ed online magaz\u00edn o kempov\u00e1n\u00ed a karavaninku. V\u00edce jak 900 \u010dl\u00e1nk\u016f pln\u00fdch rad a tip\u016f o kempech a kempov\u00e1n\u00ed.\",\"publisher\":{\"@id\":\"https:\\\/\\\/all4camper.com\\\/cs\\\/#organization\"},\"potentialAction\":[{\"@type\":\"SearchAction\",\"target\":{\"@type\":\"EntryPoint\",\"urlTemplate\":\"https:\\\/\\\/all4camper.com\\\/cs\\\/?s={search_term_string}\"},\"query-input\":{\"@type\":\"PropertyValueSpecification\",\"valueRequired\":true,\"valueName\":\"search_term_string\"}}],\"inLanguage\":\"cs\"},{\"@type\":\"Organization\",\"@id\":\"https:\\\/\\\/all4camper.com\\\/cs\\\/#organization\",\"name\":\"All4Camper - kempujeme s Kl\u00e1rou\",\"url\":\"https:\\\/\\\/all4camper.com\\\/cs\\\/\",\"logo\":{\"@type\":\"ImageObject\",\"inLanguage\":\"cs\",\"@id\":\"https:\\\/\\\/all4camper.com\\\/cs\\\/#\\\/schema\\\/logo\\\/image\\\/\",\"url\":\"https:\\\/\\\/all4camper.com\\\/wp-content\\\/uploads\\\/2018\\\/09\\\/novelogo.png\",\"contentUrl\":\"https:\\\/\\\/all4camper.com\\\/wp-content\\\/uploads\\\/2018\\\/09\\\/novelogo.png\",\"width\":1520,\"height\":600,\"caption\":\"All4Camper - kempujeme s Kl\u00e1rou\"},\"image\":{\"@id\":\"https:\\\/\\\/all4camper.com\\\/cs\\\/#\\\/schema\\\/logo\\\/image\\\/\"}},{\"@type\":\"Person\",\"@id\":\"https:\\\/\\\/all4camper.com\\\/cs\\\/#\\\/schema\\\/person\\\/9349489688d4c221ca0fc39ae6bcb70b\",\"name\":\"Kate\u0159ina\",\"url\":\"https:\\\/\\\/all4camper.com\\\/cs\\\/author\\\/kterina\\\/\"}]}<\/script>\n<!-- \/ Yoast SEO plugin. -->","yoast_head_json":{"title":"Caravaning Brno - nemal\u00e1 porce inspirace na jednom m\u00edst\u011b! - All4Camper","description":"All4Camper - Caravaning Brno - nemal\u00e1 porce inspirace na jednom m\u00edst\u011b!","robots":{"index":"index","follow":"follow","max-snippet":"max-snippet:-1","max-image-preview":"max-image-preview:large","max-video-preview":"max-video-preview:-1"},"canonical":"https:\/\/all4camper.com\/cs\/caravaning-brno-neskutecna-porce-inspirace-na-jednom-miste\/","og_locale":"cs_CZ","og_type":"article","og_title":"Caravaning Brno - nemal\u00e1 porce inspirace na jednom m\u00edst\u011b! - All4Camper","og_description":"All4Camper - Caravaning Brno - nemal\u00e1 porce inspirace na jednom m\u00edst\u011b!","og_url":"https:\/\/all4camper.com\/cs\/caravaning-brno-neskutecna-porce-inspirace-na-jednom-miste\/","og_site_name":"All4Camper","article_published_time":"2019-10-13T12:25:17+00:00","article_modified_time":"2020-10-26T12:21:30+00:00","og_image":[{"width":495,"height":330,"url":"https:\/\/all4camper.com\/wp-content\/uploads\/2019\/10\/495X330__rm_karavany_pavilonf_pa_img_2212.jpg","type":"image\/jpeg"}],"author":"Kate\u0159ina","twitter_card":"summary_large_image","twitter_misc":{"Napsal(a)":"Kate\u0159ina","Odhadovan\u00e1 doba \u010dten\u00ed":"6 minut"},"schema":{"@context":"https:\/\/schema.org","@graph":[{"@type":"Article","@id":"https:\/\/all4camper.com\/cs\/caravaning-brno-neskutecna-porce-inspirace-na-jednom-miste\/#article","isPartOf":{"@id":"https:\/\/all4camper.com\/cs\/caravaning-brno-neskutecna-porce-inspirace-na-jednom-miste\/"},"author":{"name":"Kate\u0159ina","@id":"https:\/\/all4camper.com\/cs\/#\/schema\/person\/9349489688d4c221ca0fc39ae6bcb70b"},"headline":"Caravaning Brno &#8211; nemal\u00e1 porce inspirace na jednom m\u00edst\u011b!","datePublished":"2019-10-13T12:25:17+00:00","dateModified":"2020-10-26T12:21:30+00:00","mainEntityOfPage":{"@id":"https:\/\/all4camper.com\/cs\/caravaning-brno-neskutecna-porce-inspirace-na-jednom-miste\/"},"wordCount":1184,"publisher":{"@id":"https:\/\/all4camper.com\/cs\/#organization"},"image":{"@id":"https:\/\/all4camper.com\/cs\/caravaning-brno-neskutecna-porce-inspirace-na-jednom-miste\/#primaryimage"},"thumbnailUrl":"https:\/\/all4camper.com\/wp-content\/uploads\/2019\/10\/495X330__rm_karavany_pavilonf_pa_img_2212.jpg","keywords":["Rady-tipy-informace"],"articleSection":["Novinky - Kempov\u00e1n\u00ed a karavaning"],"inLanguage":"cs"},{"@type":"WebPage","@id":"https:\/\/all4camper.com\/cs\/caravaning-brno-neskutecna-porce-inspirace-na-jednom-miste\/","url":"https:\/\/all4camper.com\/cs\/caravaning-brno-neskutecna-porce-inspirace-na-jednom-miste\/","name":"Caravaning Brno - nemal\u00e1 porce inspirace na jednom m\u00edst\u011b! - All4Camper","isPartOf":{"@id":"https:\/\/all4camper.com\/cs\/#website"},"primaryImageOfPage":{"@id":"https:\/\/all4camper.com\/cs\/caravaning-brno-neskutecna-porce-inspirace-na-jednom-miste\/#primaryimage"},"image":{"@id":"https:\/\/all4camper.com\/cs\/caravaning-brno-neskutecna-porce-inspirace-na-jednom-miste\/#primaryimage"},"thumbnailUrl":"https:\/\/all4camper.com\/wp-content\/uploads\/2019\/10\/495X330__rm_karavany_pavilonf_pa_img_2212.jpg","datePublished":"2019-10-13T12:25:17+00:00","dateModified":"2020-10-26T12:21:30+00:00","description":"All4Camper - Caravaning Brno - nemal\u00e1 porce inspirace na jednom m\u00edst\u011b!","breadcrumb":{"@id":"https:\/\/all4camper.com\/cs\/caravaning-brno-neskutecna-porce-inspirace-na-jednom-miste\/#breadcrumb"},"inLanguage":"cs","potentialAction":[{"@type":"ReadAction","target":["https:\/\/all4camper.com\/cs\/caravaning-brno-neskutecna-porce-inspirace-na-jednom-miste\/"]}]},{"@type":"ImageObject","inLanguage":"cs","@id":"https:\/\/all4camper.com\/cs\/caravaning-brno-neskutecna-porce-inspirace-na-jednom-miste\/#primaryimage","url":"https:\/\/all4camper.com\/wp-content\/uploads\/2019\/10\/495X330__rm_karavany_pavilonf_pa_img_2212.jpg","contentUrl":"https:\/\/all4camper.com\/wp-content\/uploads\/2019\/10\/495X330__rm_karavany_pavilonf_pa_img_2212.jpg","width":495,"height":330},{"@type":"BreadcrumbList","@id":"https:\/\/all4camper.com\/cs\/caravaning-brno-neskutecna-porce-inspirace-na-jednom-miste\/#breadcrumb","itemListElement":[{"@type":"ListItem","position":1,"name":"Dom\u016f","item":"https:\/\/all4camper.com\/cs\/"},{"@type":"ListItem","position":2,"name":"Novinky - Kempov\u00e1n\u00ed a karavaning","item":"https:\/\/all4camper.com\/cs\/category\/novinky-kempovani-a-karavaning\/"},{"@type":"ListItem","position":3,"name":"Caravaning Brno &#8211; nemal\u00e1 porce inspirace na jednom m\u00edst\u011b!"}]},{"@type":"WebSite","@id":"https:\/\/all4camper.com\/cs\/#website","url":"https:\/\/all4camper.com\/cs\/","name":"All4Camper","description":"Nejv\u011bt\u0161\u00ed online magaz\u00edn o kempov\u00e1n\u00ed a karavaninku. V\u00edce jak 900 \u010dl\u00e1nk\u016f pln\u00fdch rad a tip\u016f o kempech a kempov\u00e1n\u00ed.","publisher":{"@id":"https:\/\/all4camper.com\/cs\/#organization"},"potentialAction":[{"@type":"SearchAction","target":{"@type":"EntryPoint","urlTemplate":"https:\/\/all4camper.com\/cs\/?s={search_term_string}"},"query-input":{"@type":"PropertyValueSpecification","valueRequired":true,"valueName":"search_term_string"}}],"inLanguage":"cs"},{"@type":"Organization","@id":"https:\/\/all4camper.com\/cs\/#organization","name":"All4Camper - kempujeme s Kl\u00e1rou","url":"https:\/\/all4camper.com\/cs\/","logo":{"@type":"ImageObject","inLanguage":"cs","@id":"https:\/\/all4camper.com\/cs\/#\/schema\/logo\/image\/","url":"https:\/\/all4camper.com\/wp-content\/uploads\/2018\/09\/novelogo.png","contentUrl":"https:\/\/all4camper.com\/wp-content\/uploads\/2018\/09\/novelogo.png","width":1520,"height":600,"caption":"All4Camper - kempujeme s Kl\u00e1rou"},"image":{"@id":"https:\/\/all4camper.com\/cs\/#\/schema\/logo\/image\/"}},{"@type":"Person","@id":"https:\/\/all4camper.com\/cs\/#\/schema\/person\/9349489688d4c221ca0fc39ae6bcb70b","name":"Kate\u0159ina","url":"https:\/\/all4camper.com\/cs\/author\/kterina\/"}]}},"_links":{"self":[{"href":"https:\/\/all4camper.com\/cs\/wp-json\/wp\/v2\/posts\/82699","targetHints":{"allow":["GET"]}}],"collection":[{"href":"https:\/\/all4camper.com\/cs\/wp-json\/wp\/v2\/posts"}],"about":[{"href":"https:\/\/all4camper.com\/cs\/wp-json\/wp\/v2\/types\/post"}],"author":[{"embeddable":true,"href":"https:\/\/all4camper.com\/cs\/wp-json\/wp\/v2\/users\/161"}],"replies":[{"embeddable":true,"href":"https:\/\/all4camper.com\/cs\/wp-json\/wp\/v2\/comments?post=82699"}],"version-history":[{"count":0,"href":"https:\/\/all4camper.com\/cs\/wp-json\/wp\/v2\/posts\/82699\/revisions"}],"wp:featuredmedia":[{"embeddable":true,"href":"https:\/\/all4camper.com\/cs\/wp-json\/wp\/v2\/media\/82704"}],"wp:attachment":[{"href":"https:\/\/all4camper.com\/cs\/wp-json\/wp\/v2\/media?parent=82699"}],"wp:term":[{"taxonomy":"category","embeddable":true,"href":"https:\/\/all4camper.com\/cs\/wp-json\/wp\/v2\/categories?post=82699"},{"taxonomy":"post_tag","embeddable":true,"href":"https:\/\/all4camper.com\/cs\/wp-json\/wp\/v2\/tags?post=82699"}],"curies":[{"name":"wp","href":"https:\/\/api.w.org\/{rel}","templated":true}]}}