{"id":82678,"date":"2019-10-08T15:56:13","date_gmt":"2019-10-08T13:56:13","guid":{"rendered":"https:\/\/all4camper.com\/\/?p=82678"},"modified":"2020-10-26T13:45:52","modified_gmt":"2020-10-26T12:45:52","slug":"ohrejte-se-v-tropical-islands-s-ubytovanim-v-jejich-vlastnim-kempu","status":"publish","type":"post","link":"https:\/\/all4camper.com\/cs\/ohrejte-se-v-tropical-islands-s-ubytovanim-v-jejich-vlastnim-kempu\/","title":{"rendered":"Oh\u0159ejte se v Tropical Islands s ubytov\u00e1n\u00edm v jejich vlastn\u00edm kempu &#8211; s karavanem na v\u00edkend"},"content":{"rendered":"\n<h4 class=\"wp-block-heading\">Pamatuji si, \u017ee kdy\u017e se p\u0159ed 15 lety Tropical Islands otev\u00edral, byly toho pln\u00e9 zpr\u00e1vy. My jsme se tam poprv\u00e9 pod\u00edvali a\u017e o p\u00e1r let pozd\u011bji, kdy opadlo prvotn\u00ed nad\u0161en\u00ed a n\u00e1val, proto\u017ee davy zrovna nemilujeme. A tak\u00e9 moc ani nemus\u00edme tyhle \u201ec\u00edlen\u00e9 atrakce\u201c, ale zv\u011bdavost je zv\u011bdavost, a tak jsme vyrazili. A v\u00edte co \u2013 v\u016fbec toho nelituji a rozhodn\u011b to nebyla jedin\u00e1 n\u00e1v\u0161t\u011bva, ale o tom a\u017e d\u00e1le. V&nbsp;sou\u010dasn\u00e9 dob\u011b je Tropical Islands nejen monument\u00e1ln\u00edm aquaparkem, ale tak\u00e9 obl\u00edben\u00fdm c\u00edlem kempa\u0159\u016f. Pro\u010d? T\u0159eba proto, \u017ee si tu karavanist\u016f v\u00e1\u017e\u00ed natolik, \u017ee tu vznikl p\u0159\u00edmo Tropical Islands kemp, kter\u00fd nab\u00edz\u00ed nejen mo\u017enost naplno si s&nbsp;vlastn\u00edm ubytov\u00e1n\u00edm u\u017e\u00edt \u201etropick\u00fd sv\u011bt pod poklopem\u201c, ale i spoustu dal\u0161\u00edho vy\u017eit\u00ed. <a rel=\"noreferrer noopener\" aria-label=\" (opens in a new tab)\" href=\"https:\/\/www.tropical-islands.de\/\" target=\"_blank\">tropical-islands.de<\/a><\/h4>\n\n\n\n<figure class=\"wp-block-image\"><img loading=\"lazy\" decoding=\"async\" width=\"1920\" height=\"826\" src=\"https:\/\/all4camper.com\/\/wp-content\/uploads\/2019\/10\/TI_Amazonia-11_2000x860-1920x826.jpg\" alt=\"\" class=\"wp-image-82681\" srcset=\"https:\/\/all4camper.com\/wp-content\/uploads\/2019\/10\/TI_Amazonia-11_2000x860-1920x826.jpg 1920w, https:\/\/all4camper.com\/wp-content\/uploads\/2019\/10\/TI_Amazonia-11_2000x860-300x129.jpg 300w, https:\/\/all4camper.com\/wp-content\/uploads\/2019\/10\/TI_Amazonia-11_2000x860-150x65.jpg 150w, https:\/\/all4camper.com\/wp-content\/uploads\/2019\/10\/TI_Amazonia-11_2000x860-768x330.jpg 768w, https:\/\/all4camper.com\/wp-content\/uploads\/2019\/10\/TI_Amazonia-11_2000x860-1536x660.jpg 1536w, https:\/\/all4camper.com\/wp-content\/uploads\/2019\/10\/TI_Amazonia-11_2000x860.jpg 2000w\" sizes=\"auto, (max-width: 1920px) 100vw, 1920px\" \/><figcaption>Zdroj: <a rel=\"noreferrer noopener\" href=\"https:\/\/www.tropical-islands.de\/\" target=\"_blank\">tropical-islands.de<\/a> <\/figcaption><\/figure>\n\n\n\n<h4 class=\"wp-block-heading\"><strong>Co tedy v\u016fbec m\u00e1te o\u010dek\u00e1vat?<\/strong><\/h4>\n\n\n\n<p>Fascinuj\u00edc\u00ed sv\u011bt p\u0159\u00edrodn\u00ed rovnov\u00e1hy, nez\u00e1visl\u00e9ho ekosyst\u00e9mu a hlavn\u011b nekone\u010dnou \u0159adu z\u00e1bavy skr\u00fdvaj\u00edc\u00ed se pod nejv\u011bt\u0161\u00ed voln\u011b stoj\u00edc\u00ed halou sv\u011bta. Je 107 m vysok\u00e1, do d\u00e9lky \u010d\u00edt\u00e1 360 m a \u0161\u00ed\u0159i m\u00e1 210 m. Ve\u0161la by se sem nastojato i Socha Svobody. Najdete zde tropick\u00fd prales (proch\u00e1zka dlouh\u00e1 jeden kilometr), kter\u00fd \u017eije stejn\u011b jako v p\u0159irozen\u00e9m prost\u0159ed\u00ed bez jak\u00fdchkoli nep\u0159irozen\u00fdch post\u0159ik\u016f nebo jin\u00fdch chemick\u00fdch prost\u0159edk\u016f. Ve spole\u010dnosti tropick\u00e9 fauny \u2013 brouk\u016f, ryb nebo ope\u0159enc\u016f \u2013 zde potk\u00e1te na 600 druh\u016f rostlin, strom\u016f a ke\u0159\u016f. Uvid\u00edte zr\u00e1t ban\u00e1ny, uc\u00edt\u00edte dech pralesa a m\u016f\u017eete si o kousek zvednout hladinu adrenalinu. Z 27 m vysok\u00e9 v\u011b\u017ee v\u00e1s do baz\u00e9nu sveze tobog\u00e1n rychlost\u00ed a\u017e 70 km\/h. A pokud v\u00e1m ani to nebude dost, m\u016f\u017eete se prolet\u011bt uvnit\u0159 kopule bal\u00f3nem. Pro slastn\u00fd odpo\u010dinek se polo\u017e\u00edte na tropickou pl\u00e1\u017e. Teplota vody je 28 stup\u0148\u016f minim\u00e1ln\u011b a p\u00edsek je vhodn\u00fd i pro stavbu hrad\u016f. A\u017e padne soumrak, rozhost\u00ed se tu no\u010dn\u00ed atmosf\u00e9ra \u2013 ide\u00e1ln\u00ed pro ve\u010de\u0159i p\u0159i svitu sv\u00ed\u010dek p\u0159\u00edmo v tropick\u00e9 vesnici, kde jsou um\u00edst\u011bny restaurace. Kdo opravdu tou\u017e\u00ed po slasti, m\u016f\u017ee se t\u011b\u0161it na l\u00e1ze\u0148sk\u00fd komplex a fitness centrum t\u00e9\u017e v neust\u00e1l\u00e9m provozu. Nechyb\u00ed samoz\u0159ejm\u011b ani d\u011btsk\u00e1 \u010d\u00e1st are\u00e1lu s&nbsp;nekone\u010dnou \u0159adou prol\u00e9za\u010dek a hern\u00edch dom\u016f! A\u017e ven se pak m\u016f\u017eete nechat vyv\u00e9zt divokou \u0159ekou. P\u0159i tepl\u00e9m po\u010das\u00ed jsou otev\u0159eny i venkovn\u00ed baz\u00e9ny a opalovac\u00ed zahrada. Kryty u jednoho z&nbsp;baz\u00e9n\u016f pr\u00fd \u010d\u00e1ste\u010dn\u011b propou\u0161t\u011bj\u00ed slune\u010dn\u00ed z\u00e1\u0159en\u00ed, tak\u017ee se dokonce m\u016f\u017eete i op\u00e1lit\/sp\u00e1lit.<\/p>\n\n\n\n<figure class=\"wp-block-image\"><img loading=\"lazy\" decoding=\"async\" width=\"1400\" height=\"831\" src=\"https:\/\/all4camper.com\/\/wp-content\/uploads\/2019\/10\/csm_5D2A0534_2800x1662_05c5f692b3.jpg\" alt=\"\" class=\"wp-image-82682\" srcset=\"https:\/\/all4camper.com\/wp-content\/uploads\/2019\/10\/csm_5D2A0534_2800x1662_05c5f692b3.jpg 1400w, https:\/\/all4camper.com\/wp-content\/uploads\/2019\/10\/csm_5D2A0534_2800x1662_05c5f692b3-150x89.jpg 150w, https:\/\/all4camper.com\/wp-content\/uploads\/2019\/10\/csm_5D2A0534_2800x1662_05c5f692b3-300x178.jpg 300w, https:\/\/all4camper.com\/wp-content\/uploads\/2019\/10\/csm_5D2A0534_2800x1662_05c5f692b3-768x456.jpg 768w\" sizes=\"auto, (max-width: 1400px) 100vw, 1400px\" \/><figcaption>Zdroj: <a rel=\"noreferrer noopener\" href=\"https:\/\/www.tropical-islands.de\/\" target=\"_blank\">tropical-islands.de<\/a> <\/figcaption><\/figure>\n\n\n\n<h4 class=\"wp-block-heading\"><strong>Boj\u00edte se toho, \u017ee to je jen dal\u0161\u00ed akvapark?<\/strong><\/h4>\n\n\n\n<p>V\u00a0tomto p\u0159\u00edpad\u011b v\u00e1s trochu vyvedu z\u00a0omylu. Jela jsem tam se stejn\u00fdmi pocity, ale nepotvrdilo se to. I kdy\u017e Tropical Islands st\u00e1le l\u00e1k\u00e1 spousty lid\u00ed, d\u00edky rozloze jsem to nijak nepoci\u0165ovala. Samoz\u0159ejm\u011b, kdy\u017e to jen trochu jde, je nejlep\u0161\u00ed vyhnout se v\u00edkend\u016fm, \u0161koln\u00edm pr\u00e1zdnin\u00e1m a\u00a0sv\u00e1tk\u016fm. Ale to plat\u00ed pro v\u0161echna podobn\u00e1 za\u0159\u00edzen\u00ed. Na koup\u00e1n\u00ed je tu velmi slu\u0161n\u00fd v\u00fdb\u011br baz\u00e9n\u016f a saun tolik, \u017ee se v\u00e1m \u010dasto po\u0161t\u011bst\u00ed i to, \u017ee jste v\u00a0n\u011bkter\u00e9 zcela sami (to m\u011b bavilo velmi). Po cel\u00e9m prostoru jsou um\u00edst\u011bny bary a nechyb\u00ed ani n\u011bkolik obchod\u016f s\u00a0oble\u010den\u00edm a suven\u00fdry. A moc m\u011b pot\u011b\u0161il jejich minigolf, ale to je takov\u00e1 moje \u201e\u00fachylka\u201c. P\u0159i proch\u00e1zce \u201ed\u017eugl\u00ed\u201c si p\u0159ipad\u00e1te jako v\u00a0botanick\u00e9 zahrad\u011b kombinovan\u00e9 se zoo. A moc dob\u0159e se tu naj\u00edte. Sn\u00eddan\u011b jsou skute\u010dn\u011b opuletn\u00ed. Poprv\u00e9 jsem tu ochutnala zwiebelwurst, n\u011bco jako tatar\u00e1k zabalen\u00fd jako klob\u00e1sa. Od t\u00e9 doby je to jedna z\u00a0dal\u0161\u00edch v\u011bc\u00ed, co si voz\u00edm z\u00a0N\u011bmecka dom\u016f. Na ve\u010de\u0159e u n\u00e1s vede \u010d\u00ednsko-thajsk\u00e1 restaurace funguj\u00edc\u00ed na tom principu, \u017ee si sami naberete do misti\u010dky sm\u011bs masa, zeleniny a dal\u0161\u00edch dobrot, zvol\u00edte om\u00e1\u010dku a \u0161\u00e9fkucha\u0159 v\u00e1m v\u0161e p\u0159iprav\u00ed. Kone\u010dn\u011b jsem si splnila sen o \u201e\u010d\u00edn\u011b\u201c tvo\u0159en\u00e9 p\u0159ev\u00e1\u017en\u011b houbami. Ceny jsou p\u0159ekvapiv\u011b docela p\u0159ijateln\u00e9. A ve\u010der jsou tu anima\u010dn\u00ed programy jak je mo\u017en\u00e1 zn\u00e1te z\u00a0hotelov\u00fdch resort\u016f. Co je super, \u017ee tady se opravdu oh\u0159ejete. Pokud tedy chcete uniknout od studen\u00fdch dn\u00ed a mlhy, kter\u00e1 zal\u00e9z\u00e1 a\u017e do spodn\u00edho pr\u00e1dla, je to ide\u00e1ln\u00ed c\u00edl. <\/p>\n\n\n\n<p>P\u0159i prvn\u00ed n\u00e1v\u0161t\u011bv\u011b jsme, tehdy je\u0161t\u011b bez obytka, vyzkou\u0161eli ubytov\u00e1n\u00ed p\u0159\u00edmo pod kopul\u00ed, ale tak\u00e9 v\u00a0kempu, m\u016f\u017eete si tam toti\u017e na p\u0159enocov\u00e1n\u00ed pronajmout stan s\u00a0d\u0159ev\u011bnou podsadou v\u00a0p\u00edse\u010dn\u00fdch dun\u00e1ch. Je to docela z\u00e1\u017eitek, s\u00a0trochou fantazie si v\u00e1\u017en\u011b, m\u016f\u017eete p\u0159ipadat jako v\u00a0divo\u010din\u011b. Ale co v\u00e1m p\u0159izn\u00e1m, bylo mi tam na span\u00ed \u0161\u00edlen\u00e9 vedro. Teplota je toti\u017e st\u00e1l\u00e1, proto\u017ee v\u011bt\u0161ina are\u00e1lu je v\u00a0provozu nep\u0159etr\u017eit\u011b. Tak\u017ee jako v\u00a0tropech bez klimatizace si v\u00e1\u017en\u011b p\u0159ipad\u00e1te. Na druhou stranu, vadilo to jen mn\u011b, tak\u017ee asi nep\u0159\u00edli\u0161 objektivn\u00ed. Dal\u0161\u00ed mo\u017enost\u00ed ubytov\u00e1n\u00ed jsou pak apartm\u00e1ny, ale za m\u011b je asi nejv\u00edc p\u0159\u00edjemn\u00fd pr\u00e1v\u011b kemp. <\/p>\n\n\n\n<figure class=\"wp-block-image\"><img loading=\"lazy\" decoding=\"async\" width=\"1024\" height=\"430\" src=\"https:\/\/all4camper.com\/\/wp-content\/uploads\/2019\/10\/csm_TI_ACC_TENTS9_RGB_2000x860_d4f6d8a8da.jpg\" alt=\"\" class=\"wp-image-82683\" srcset=\"https:\/\/all4camper.com\/wp-content\/uploads\/2019\/10\/csm_TI_ACC_TENTS9_RGB_2000x860_d4f6d8a8da.jpg 1024w, https:\/\/all4camper.com\/wp-content\/uploads\/2019\/10\/csm_TI_ACC_TENTS9_RGB_2000x860_d4f6d8a8da-150x63.jpg 150w, https:\/\/all4camper.com\/wp-content\/uploads\/2019\/10\/csm_TI_ACC_TENTS9_RGB_2000x860_d4f6d8a8da-300x126.jpg 300w, https:\/\/all4camper.com\/wp-content\/uploads\/2019\/10\/csm_TI_ACC_TENTS9_RGB_2000x860_d4f6d8a8da-768x323.jpg 768w\" sizes=\"auto, (max-width: 1024px) 100vw, 1024px\" \/><figcaption>Zdroj: <a rel=\"noreferrer noopener\" href=\"https:\/\/www.tropical-islands.de\/\" target=\"_blank\">tropical-islands.de<\/a> <\/figcaption><\/figure>\n\n\n\n<h4 class=\"wp-block-heading\"><strong>Kemp Tropical Island<\/strong>s<\/h4>\n\n\n\n<p>Kemp se nach\u00e1z\u00ed p\u0159\u00edmo u samotn\u00e9 haly Tropical Islands. K&nbsp;tomu je\u0161t\u011b mus\u00edm zm\u00ednit, \u017ee i pohled z&nbsp;venku stoj\u00ed za to. Je to jednodu\u0161e \u0159e\u010deno neskute\u010dn\u00e9 monstrum relativn\u011b uprost\u0159ed ni\u010deho. Nicm\u00e9n\u011b zp\u011bt ke kempu. Najdete tam ve\u0161ker\u00e9 pot\u0159ebn\u00ed vybaven\u00ed a servis pro obytka. M\u016f\u017eete si ale i pronajmout \u010di postavit stan. Celkem je tu p\u0159ipraveno 92 m\u00edst r\u016fzn\u00fdch kategori\u00ed a v&nbsp;cen\u011b ubytov\u00e1n\u00ed m\u00e1te \u010dasto i vstup do aquaparku (ten m\u016f\u017eete opou\u0161t\u011bt a pak se vracet dle pot\u0159eby). Soci\u00e1ln\u00ed za\u0159\u00edzen\u00ed je p\u011bkn\u00e9 a \u010dist\u00e9. Najdete tu i prostor pro grilov\u00e1n\u00ed. Co je v\u00fdhoda, p\u0159\u00edmo ke vstupu do samotn\u00e9 haly jezd\u00ed neust\u00e1le bezplatn\u00fd autobus, nemus\u00edte se tak b\u00e1t n\u011bjak\u00fdch slo\u017eit\u00fdch p\u0159esun\u016f. Je tu bezplan\u00e1 wifi, televizn\u00ed p\u0159ipojen\u00ed DVB-T2, na objedn\u00e1n\u00ed v\u00e1m r\u00e1no dodaj\u00ed \u201ea\u017e pod nos\u201c \u010derstv\u00e9 pe\u010divo a d\u00e1t si tu m\u016f\u017eete i to\u010den\u00e9 pivo. Tak\u00e9 tu p\u016fj\u010duj\u00ed elektrokola a doporu\u010d\u00ed v\u00e1m zaj\u00edmav\u00e9 v\u00fdlety v&nbsp;nedalek\u00e9m Spreewaldu. Ale i dal\u0161\u00edch aktivit je v&nbsp;okol\u00ed a\u017e p\u0159ekvapiv\u011b hodn\u011b. Pro jistotu doporu\u010duji rezervaci p\u0159edem na jejich str\u00e1nk\u00e1ch. <a rel=\"noreferrer noopener\" aria-label=\" (opens in a new tab)\" href=\"https:\/\/www.tropical-islands.de\/uebernachten\/campingplatz\/stellplaetze\/\" target=\"_blank\">tropical-islands.de\/uebernachten\/<\/a> Nav\u00edc cel\u00fd v\u00fdlet m\u016f\u017eete spojit s n\u00e1v\u0161t\u011bvou Berl\u00edna \u010di Dr\u00e1\u017e\u010fan.<\/p>\n\n\n\n<figure class=\"wp-block-image\"><img loading=\"lazy\" decoding=\"async\" width=\"1024\" height=\"430\" src=\"https:\/\/all4camper.com\/\/wp-content\/uploads\/2019\/10\/csm_Campingkomfort-Stellplatz_da7506cd59.jpg\" alt=\"\" class=\"wp-image-82684\" srcset=\"https:\/\/all4camper.com\/wp-content\/uploads\/2019\/10\/csm_Campingkomfort-Stellplatz_da7506cd59.jpg 1024w, https:\/\/all4camper.com\/wp-content\/uploads\/2019\/10\/csm_Campingkomfort-Stellplatz_da7506cd59-150x63.jpg 150w, https:\/\/all4camper.com\/wp-content\/uploads\/2019\/10\/csm_Campingkomfort-Stellplatz_da7506cd59-300x126.jpg 300w, https:\/\/all4camper.com\/wp-content\/uploads\/2019\/10\/csm_Campingkomfort-Stellplatz_da7506cd59-768x323.jpg 768w\" sizes=\"auto, (max-width: 1024px) 100vw, 1024px\" \/><figcaption>Zdroj: <a rel=\"noreferrer noopener\" href=\"https:\/\/www.tropical-islands.de\/\" target=\"_blank\">tropical-islands.de<\/a> <\/figcaption><\/figure>\n","protected":false},"excerpt":{"rendered":"<p>Pamatuji si, \u017ee kdy\u017e se p\u0159ed 15 lety Tropical Islands otev\u00edral, byly toho pln\u00e9 zpr\u00e1vy. My jsme se tam poprv\u00e9 pod\u00edvali a\u017e o p\u00e1r let pozd\u011bji, kdy opadlo prvotn\u00ed nad\u0161en\u00ed a n\u00e1val, proto\u017ee davy zrovna nemilujeme. A tak\u00e9 moc ani nemus\u00edme tyhle \u201ec\u00edlen\u00e9 atrakce\u201c, ale zv\u011bdavost je zv\u011bdavost, a tak jsme vyrazili. A v\u00edte co [&hellip;]<\/p>\n","protected":false},"author":161,"featured_media":84008,"comment_status":"closed","ping_status":"open","sticky":false,"template":"","format":"standard","meta":{"_monsterinsights_skip_tracking":false,"_monsterinsights_sitenote_active":false,"_monsterinsights_sitenote_note":"","_monsterinsights_sitenote_category":0,"footnotes":""},"categories":[2377,68,422,342],"tags":[89,106,101,97,81],"class_list":{"0":"post-82678","1":"post","2":"type-post","3":"status-publish","4":"format-standard","5":"has-post-thumbnail","7":"category-kempovani-a-cestovani-v-nemecku","8":"category-kempovani-a-zajimave-cile","9":"category-novinky-kempovani-a-karavaning","10":"category-termalni-lazne-a-aquaparky-zabavni-parky","11":"tag-aquapark","12":"tag-dovolena-s-detmi-1","13":"tag-kempy-1","14":"tag-nemecko","15":"tag-termalni-lazne"},"yoast_head":"<!-- This site is optimized with the Yoast SEO plugin v27.5 - https:\/\/yoast.com\/product\/yoast-seo-wordpress\/ -->\n<title>Oh\u0159ejte se v Tropical Islands s ubytov\u00e1n\u00edm v jejich vlastn\u00edm kempu - s karavanem na v\u00edkend - All4Camper<\/title>\n<meta name=\"description\" content=\"All4Camper - Oh\u0159ejte se v Tropical Islands s ubytov\u00e1n\u00edm v jejich vlastn\u00edm kempu - s karavanem na v\u00edkend\" \/>\n<meta name=\"robots\" content=\"index, follow, max-snippet:-1, max-image-preview:large, max-video-preview:-1\" \/>\n<link rel=\"canonical\" href=\"https:\/\/all4camper.com\/cs\/ohrejte-se-v-tropical-islands-s-ubytovanim-v-jejich-vlastnim-kempu\/\" \/>\n<meta property=\"og:locale\" content=\"cs_CZ\" \/>\n<meta property=\"og:type\" content=\"article\" \/>\n<meta property=\"og:title\" content=\"Oh\u0159ejte se v Tropical Islands s ubytov\u00e1n\u00edm v jejich vlastn\u00edm kempu - s karavanem na v\u00edkend - All4Camper\" \/>\n<meta property=\"og:description\" content=\"All4Camper - Oh\u0159ejte se v Tropical Islands s ubytov\u00e1n\u00edm v jejich vlastn\u00edm kempu - s karavanem na v\u00edkend\" \/>\n<meta property=\"og:url\" content=\"https:\/\/all4camper.com\/cs\/ohrejte-se-v-tropical-islands-s-ubytovanim-v-jejich-vlastnim-kempu\/\" \/>\n<meta property=\"og:site_name\" content=\"All4Camper\" \/>\n<meta property=\"article:published_time\" content=\"2019-10-08T13:56:13+00:00\" \/>\n<meta property=\"article:modified_time\" content=\"2020-10-26T12:45:52+00:00\" \/>\n<meta property=\"og:image\" content=\"https:\/\/all4camper.com\/wp-content\/uploads\/2019\/10\/tropical-island.jpg\" \/>\n\t<meta property=\"og:image:width\" content=\"1200\" \/>\n\t<meta property=\"og:image:height\" content=\"712\" \/>\n\t<meta property=\"og:image:type\" content=\"image\/jpeg\" \/>\n<meta name=\"author\" content=\"Kate\u0159ina\" \/>\n<meta name=\"twitter:card\" content=\"summary_large_image\" \/>\n<meta name=\"twitter:label1\" content=\"Napsal(a)\" \/>\n\t<meta name=\"twitter:data1\" content=\"Kate\u0159ina\" \/>\n\t<meta name=\"twitter:label2\" content=\"Odhadovan\u00e1 doba \u010dten\u00ed\" \/>\n\t<meta name=\"twitter:data2\" content=\"6 minut\" \/>\n<script type=\"application\/ld+json\" class=\"yoast-schema-graph\">{\"@context\":\"https:\\\/\\\/schema.org\",\"@graph\":[{\"@type\":\"Article\",\"@id\":\"https:\\\/\\\/all4camper.com\\\/cs\\\/ohrejte-se-v-tropical-islands-s-ubytovanim-v-jejich-vlastnim-kempu\\\/#article\",\"isPartOf\":{\"@id\":\"https:\\\/\\\/all4camper.com\\\/cs\\\/ohrejte-se-v-tropical-islands-s-ubytovanim-v-jejich-vlastnim-kempu\\\/\"},\"author\":{\"name\":\"Kate\u0159ina\",\"@id\":\"https:\\\/\\\/all4camper.com\\\/cs\\\/#\\\/schema\\\/person\\\/9349489688d4c221ca0fc39ae6bcb70b\"},\"headline\":\"Oh\u0159ejte se v Tropical Islands s ubytov\u00e1n\u00edm v jejich vlastn\u00edm kempu &#8211; s karavanem na v\u00edkend\",\"datePublished\":\"2019-10-08T13:56:13+00:00\",\"dateModified\":\"2020-10-26T12:45:52+00:00\",\"mainEntityOfPage\":{\"@id\":\"https:\\\/\\\/all4camper.com\\\/cs\\\/ohrejte-se-v-tropical-islands-s-ubytovanim-v-jejich-vlastnim-kempu\\\/\"},\"wordCount\":1248,\"publisher\":{\"@id\":\"https:\\\/\\\/all4camper.com\\\/cs\\\/#organization\"},\"image\":{\"@id\":\"https:\\\/\\\/all4camper.com\\\/cs\\\/ohrejte-se-v-tropical-islands-s-ubytovanim-v-jejich-vlastnim-kempu\\\/#primaryimage\"},\"thumbnailUrl\":\"https:\\\/\\\/all4camper.com\\\/wp-content\\\/uploads\\\/2019\\\/10\\\/tropical-island.jpg\",\"keywords\":[\"aquapark\",\"Dovolen\u00e1 s d\u011btmi\",\"Kempy a kempovac\u00ed m\u00edsta\",\"N\u011bmecko\",\"Term\u00e1ln\u00ed l\u00e1zn\u011b\"],\"articleSection\":[\"Kempov\u00e1n\u00ed a cestov\u00e1n\u00ed v N\u011bmecku\",\"Kempy a zaj\u00edmav\u00e1 m\u00edsta\",\"Novinky - Kempov\u00e1n\u00ed a karavaning\",\"Term\u00e1ln\u00ed l\u00e1zn\u011b, akvaparky a z\u00e1bavn\u00ed parky\"],\"inLanguage\":\"cs\"},{\"@type\":\"WebPage\",\"@id\":\"https:\\\/\\\/all4camper.com\\\/cs\\\/ohrejte-se-v-tropical-islands-s-ubytovanim-v-jejich-vlastnim-kempu\\\/\",\"url\":\"https:\\\/\\\/all4camper.com\\\/cs\\\/ohrejte-se-v-tropical-islands-s-ubytovanim-v-jejich-vlastnim-kempu\\\/\",\"name\":\"Oh\u0159ejte se v Tropical Islands s ubytov\u00e1n\u00edm v jejich vlastn\u00edm kempu - s karavanem na v\u00edkend - All4Camper\",\"isPartOf\":{\"@id\":\"https:\\\/\\\/all4camper.com\\\/cs\\\/#website\"},\"primaryImageOfPage\":{\"@id\":\"https:\\\/\\\/all4camper.com\\\/cs\\\/ohrejte-se-v-tropical-islands-s-ubytovanim-v-jejich-vlastnim-kempu\\\/#primaryimage\"},\"image\":{\"@id\":\"https:\\\/\\\/all4camper.com\\\/cs\\\/ohrejte-se-v-tropical-islands-s-ubytovanim-v-jejich-vlastnim-kempu\\\/#primaryimage\"},\"thumbnailUrl\":\"https:\\\/\\\/all4camper.com\\\/wp-content\\\/uploads\\\/2019\\\/10\\\/tropical-island.jpg\",\"datePublished\":\"2019-10-08T13:56:13+00:00\",\"dateModified\":\"2020-10-26T12:45:52+00:00\",\"description\":\"All4Camper - Oh\u0159ejte se v Tropical Islands s ubytov\u00e1n\u00edm v jejich vlastn\u00edm kempu - s karavanem na v\u00edkend\",\"breadcrumb\":{\"@id\":\"https:\\\/\\\/all4camper.com\\\/cs\\\/ohrejte-se-v-tropical-islands-s-ubytovanim-v-jejich-vlastnim-kempu\\\/#breadcrumb\"},\"inLanguage\":\"cs\",\"potentialAction\":[{\"@type\":\"ReadAction\",\"target\":[\"https:\\\/\\\/all4camper.com\\\/cs\\\/ohrejte-se-v-tropical-islands-s-ubytovanim-v-jejich-vlastnim-kempu\\\/\"]}]},{\"@type\":\"ImageObject\",\"inLanguage\":\"cs\",\"@id\":\"https:\\\/\\\/all4camper.com\\\/cs\\\/ohrejte-se-v-tropical-islands-s-ubytovanim-v-jejich-vlastnim-kempu\\\/#primaryimage\",\"url\":\"https:\\\/\\\/all4camper.com\\\/wp-content\\\/uploads\\\/2019\\\/10\\\/tropical-island.jpg\",\"contentUrl\":\"https:\\\/\\\/all4camper.com\\\/wp-content\\\/uploads\\\/2019\\\/10\\\/tropical-island.jpg\",\"width\":1200,\"height\":712},{\"@type\":\"BreadcrumbList\",\"@id\":\"https:\\\/\\\/all4camper.com\\\/cs\\\/ohrejte-se-v-tropical-islands-s-ubytovanim-v-jejich-vlastnim-kempu\\\/#breadcrumb\",\"itemListElement\":[{\"@type\":\"ListItem\",\"position\":1,\"name\":\"Dom\u016f\",\"item\":\"https:\\\/\\\/all4camper.com\\\/cs\\\/\"},{\"@type\":\"ListItem\",\"position\":2,\"name\":\"Kempov\u00e1n\u00ed a cestov\u00e1n\u00ed v N\u011bmecku\",\"item\":\"https:\\\/\\\/all4camper.com\\\/cs\\\/category\\\/kempovani-a-cestovani-v-nemecku\\\/\"},{\"@type\":\"ListItem\",\"position\":3,\"name\":\"Oh\u0159ejte se v Tropical Islands s ubytov\u00e1n\u00edm v jejich vlastn\u00edm kempu &#8211; s karavanem na v\u00edkend\"}]},{\"@type\":\"WebSite\",\"@id\":\"https:\\\/\\\/all4camper.com\\\/cs\\\/#website\",\"url\":\"https:\\\/\\\/all4camper.com\\\/cs\\\/\",\"name\":\"All4Camper\",\"description\":\"Nejv\u011bt\u0161\u00ed online magaz\u00edn o kempov\u00e1n\u00ed a karavaninku. V\u00edce jak 900 \u010dl\u00e1nk\u016f pln\u00fdch rad a tip\u016f o kempech a kempov\u00e1n\u00ed.\",\"publisher\":{\"@id\":\"https:\\\/\\\/all4camper.com\\\/cs\\\/#organization\"},\"potentialAction\":[{\"@type\":\"SearchAction\",\"target\":{\"@type\":\"EntryPoint\",\"urlTemplate\":\"https:\\\/\\\/all4camper.com\\\/cs\\\/?s={search_term_string}\"},\"query-input\":{\"@type\":\"PropertyValueSpecification\",\"valueRequired\":true,\"valueName\":\"search_term_string\"}}],\"inLanguage\":\"cs\"},{\"@type\":\"Organization\",\"@id\":\"https:\\\/\\\/all4camper.com\\\/cs\\\/#organization\",\"name\":\"All4Camper - kempujeme s Kl\u00e1rou\",\"url\":\"https:\\\/\\\/all4camper.com\\\/cs\\\/\",\"logo\":{\"@type\":\"ImageObject\",\"inLanguage\":\"cs\",\"@id\":\"https:\\\/\\\/all4camper.com\\\/cs\\\/#\\\/schema\\\/logo\\\/image\\\/\",\"url\":\"https:\\\/\\\/all4camper.com\\\/wp-content\\\/uploads\\\/2018\\\/09\\\/novelogo.png\",\"contentUrl\":\"https:\\\/\\\/all4camper.com\\\/wp-content\\\/uploads\\\/2018\\\/09\\\/novelogo.png\",\"width\":1520,\"height\":600,\"caption\":\"All4Camper - kempujeme s Kl\u00e1rou\"},\"image\":{\"@id\":\"https:\\\/\\\/all4camper.com\\\/cs\\\/#\\\/schema\\\/logo\\\/image\\\/\"}},{\"@type\":\"Person\",\"@id\":\"https:\\\/\\\/all4camper.com\\\/cs\\\/#\\\/schema\\\/person\\\/9349489688d4c221ca0fc39ae6bcb70b\",\"name\":\"Kate\u0159ina\",\"url\":\"https:\\\/\\\/all4camper.com\\\/cs\\\/author\\\/kterina\\\/\"}]}<\/script>\n<!-- \/ Yoast SEO plugin. -->","yoast_head_json":{"title":"Oh\u0159ejte se v Tropical Islands s ubytov\u00e1n\u00edm v jejich vlastn\u00edm kempu - s karavanem na v\u00edkend - All4Camper","description":"All4Camper - Oh\u0159ejte se v Tropical Islands s ubytov\u00e1n\u00edm v jejich vlastn\u00edm kempu - s karavanem na v\u00edkend","robots":{"index":"index","follow":"follow","max-snippet":"max-snippet:-1","max-image-preview":"max-image-preview:large","max-video-preview":"max-video-preview:-1"},"canonical":"https:\/\/all4camper.com\/cs\/ohrejte-se-v-tropical-islands-s-ubytovanim-v-jejich-vlastnim-kempu\/","og_locale":"cs_CZ","og_type":"article","og_title":"Oh\u0159ejte se v Tropical Islands s ubytov\u00e1n\u00edm v jejich vlastn\u00edm kempu - s karavanem na v\u00edkend - All4Camper","og_description":"All4Camper - Oh\u0159ejte se v Tropical Islands s ubytov\u00e1n\u00edm v jejich vlastn\u00edm kempu - s karavanem na v\u00edkend","og_url":"https:\/\/all4camper.com\/cs\/ohrejte-se-v-tropical-islands-s-ubytovanim-v-jejich-vlastnim-kempu\/","og_site_name":"All4Camper","article_published_time":"2019-10-08T13:56:13+00:00","article_modified_time":"2020-10-26T12:45:52+00:00","og_image":[{"width":1200,"height":712,"url":"https:\/\/all4camper.com\/wp-content\/uploads\/2019\/10\/tropical-island.jpg","type":"image\/jpeg"}],"author":"Kate\u0159ina","twitter_card":"summary_large_image","twitter_misc":{"Napsal(a)":"Kate\u0159ina","Odhadovan\u00e1 doba \u010dten\u00ed":"6 minut"},"schema":{"@context":"https:\/\/schema.org","@graph":[{"@type":"Article","@id":"https:\/\/all4camper.com\/cs\/ohrejte-se-v-tropical-islands-s-ubytovanim-v-jejich-vlastnim-kempu\/#article","isPartOf":{"@id":"https:\/\/all4camper.com\/cs\/ohrejte-se-v-tropical-islands-s-ubytovanim-v-jejich-vlastnim-kempu\/"},"author":{"name":"Kate\u0159ina","@id":"https:\/\/all4camper.com\/cs\/#\/schema\/person\/9349489688d4c221ca0fc39ae6bcb70b"},"headline":"Oh\u0159ejte se v Tropical Islands s ubytov\u00e1n\u00edm v jejich vlastn\u00edm kempu &#8211; s karavanem na v\u00edkend","datePublished":"2019-10-08T13:56:13+00:00","dateModified":"2020-10-26T12:45:52+00:00","mainEntityOfPage":{"@id":"https:\/\/all4camper.com\/cs\/ohrejte-se-v-tropical-islands-s-ubytovanim-v-jejich-vlastnim-kempu\/"},"wordCount":1248,"publisher":{"@id":"https:\/\/all4camper.com\/cs\/#organization"},"image":{"@id":"https:\/\/all4camper.com\/cs\/ohrejte-se-v-tropical-islands-s-ubytovanim-v-jejich-vlastnim-kempu\/#primaryimage"},"thumbnailUrl":"https:\/\/all4camper.com\/wp-content\/uploads\/2019\/10\/tropical-island.jpg","keywords":["aquapark","Dovolen\u00e1 s d\u011btmi","Kempy a kempovac\u00ed m\u00edsta","N\u011bmecko","Term\u00e1ln\u00ed l\u00e1zn\u011b"],"articleSection":["Kempov\u00e1n\u00ed a cestov\u00e1n\u00ed v N\u011bmecku","Kempy a zaj\u00edmav\u00e1 m\u00edsta","Novinky - Kempov\u00e1n\u00ed a karavaning","Term\u00e1ln\u00ed l\u00e1zn\u011b, akvaparky a z\u00e1bavn\u00ed parky"],"inLanguage":"cs"},{"@type":"WebPage","@id":"https:\/\/all4camper.com\/cs\/ohrejte-se-v-tropical-islands-s-ubytovanim-v-jejich-vlastnim-kempu\/","url":"https:\/\/all4camper.com\/cs\/ohrejte-se-v-tropical-islands-s-ubytovanim-v-jejich-vlastnim-kempu\/","name":"Oh\u0159ejte se v Tropical Islands s ubytov\u00e1n\u00edm v jejich vlastn\u00edm kempu - s karavanem na v\u00edkend - All4Camper","isPartOf":{"@id":"https:\/\/all4camper.com\/cs\/#website"},"primaryImageOfPage":{"@id":"https:\/\/all4camper.com\/cs\/ohrejte-se-v-tropical-islands-s-ubytovanim-v-jejich-vlastnim-kempu\/#primaryimage"},"image":{"@id":"https:\/\/all4camper.com\/cs\/ohrejte-se-v-tropical-islands-s-ubytovanim-v-jejich-vlastnim-kempu\/#primaryimage"},"thumbnailUrl":"https:\/\/all4camper.com\/wp-content\/uploads\/2019\/10\/tropical-island.jpg","datePublished":"2019-10-08T13:56:13+00:00","dateModified":"2020-10-26T12:45:52+00:00","description":"All4Camper - Oh\u0159ejte se v Tropical Islands s ubytov\u00e1n\u00edm v jejich vlastn\u00edm kempu - s karavanem na v\u00edkend","breadcrumb":{"@id":"https:\/\/all4camper.com\/cs\/ohrejte-se-v-tropical-islands-s-ubytovanim-v-jejich-vlastnim-kempu\/#breadcrumb"},"inLanguage":"cs","potentialAction":[{"@type":"ReadAction","target":["https:\/\/all4camper.com\/cs\/ohrejte-se-v-tropical-islands-s-ubytovanim-v-jejich-vlastnim-kempu\/"]}]},{"@type":"ImageObject","inLanguage":"cs","@id":"https:\/\/all4camper.com\/cs\/ohrejte-se-v-tropical-islands-s-ubytovanim-v-jejich-vlastnim-kempu\/#primaryimage","url":"https:\/\/all4camper.com\/wp-content\/uploads\/2019\/10\/tropical-island.jpg","contentUrl":"https:\/\/all4camper.com\/wp-content\/uploads\/2019\/10\/tropical-island.jpg","width":1200,"height":712},{"@type":"BreadcrumbList","@id":"https:\/\/all4camper.com\/cs\/ohrejte-se-v-tropical-islands-s-ubytovanim-v-jejich-vlastnim-kempu\/#breadcrumb","itemListElement":[{"@type":"ListItem","position":1,"name":"Dom\u016f","item":"https:\/\/all4camper.com\/cs\/"},{"@type":"ListItem","position":2,"name":"Kempov\u00e1n\u00ed a cestov\u00e1n\u00ed v N\u011bmecku","item":"https:\/\/all4camper.com\/cs\/category\/kempovani-a-cestovani-v-nemecku\/"},{"@type":"ListItem","position":3,"name":"Oh\u0159ejte se v Tropical Islands s ubytov\u00e1n\u00edm v jejich vlastn\u00edm kempu &#8211; s karavanem na v\u00edkend"}]},{"@type":"WebSite","@id":"https:\/\/all4camper.com\/cs\/#website","url":"https:\/\/all4camper.com\/cs\/","name":"All4Camper","description":"Nejv\u011bt\u0161\u00ed online magaz\u00edn o kempov\u00e1n\u00ed a karavaninku. V\u00edce jak 900 \u010dl\u00e1nk\u016f pln\u00fdch rad a tip\u016f o kempech a kempov\u00e1n\u00ed.","publisher":{"@id":"https:\/\/all4camper.com\/cs\/#organization"},"potentialAction":[{"@type":"SearchAction","target":{"@type":"EntryPoint","urlTemplate":"https:\/\/all4camper.com\/cs\/?s={search_term_string}"},"query-input":{"@type":"PropertyValueSpecification","valueRequired":true,"valueName":"search_term_string"}}],"inLanguage":"cs"},{"@type":"Organization","@id":"https:\/\/all4camper.com\/cs\/#organization","name":"All4Camper - kempujeme s Kl\u00e1rou","url":"https:\/\/all4camper.com\/cs\/","logo":{"@type":"ImageObject","inLanguage":"cs","@id":"https:\/\/all4camper.com\/cs\/#\/schema\/logo\/image\/","url":"https:\/\/all4camper.com\/wp-content\/uploads\/2018\/09\/novelogo.png","contentUrl":"https:\/\/all4camper.com\/wp-content\/uploads\/2018\/09\/novelogo.png","width":1520,"height":600,"caption":"All4Camper - kempujeme s Kl\u00e1rou"},"image":{"@id":"https:\/\/all4camper.com\/cs\/#\/schema\/logo\/image\/"}},{"@type":"Person","@id":"https:\/\/all4camper.com\/cs\/#\/schema\/person\/9349489688d4c221ca0fc39ae6bcb70b","name":"Kate\u0159ina","url":"https:\/\/all4camper.com\/cs\/author\/kterina\/"}]}},"_links":{"self":[{"href":"https:\/\/all4camper.com\/cs\/wp-json\/wp\/v2\/posts\/82678","targetHints":{"allow":["GET"]}}],"collection":[{"href":"https:\/\/all4camper.com\/cs\/wp-json\/wp\/v2\/posts"}],"about":[{"href":"https:\/\/all4camper.com\/cs\/wp-json\/wp\/v2\/types\/post"}],"author":[{"embeddable":true,"href":"https:\/\/all4camper.com\/cs\/wp-json\/wp\/v2\/users\/161"}],"replies":[{"embeddable":true,"href":"https:\/\/all4camper.com\/cs\/wp-json\/wp\/v2\/comments?post=82678"}],"version-history":[{"count":0,"href":"https:\/\/all4camper.com\/cs\/wp-json\/wp\/v2\/posts\/82678\/revisions"}],"wp:featuredmedia":[{"embeddable":true,"href":"https:\/\/all4camper.com\/cs\/wp-json\/wp\/v2\/media\/84008"}],"wp:attachment":[{"href":"https:\/\/all4camper.com\/cs\/wp-json\/wp\/v2\/media?parent=82678"}],"wp:term":[{"taxonomy":"category","embeddable":true,"href":"https:\/\/all4camper.com\/cs\/wp-json\/wp\/v2\/categories?post=82678"},{"taxonomy":"post_tag","embeddable":true,"href":"https:\/\/all4camper.com\/cs\/wp-json\/wp\/v2\/tags?post=82678"}],"curies":[{"name":"wp","href":"https:\/\/api.w.org\/{rel}","templated":true}]}}