{"id":82603,"date":"2019-10-06T17:13:48","date_gmt":"2019-10-06T15:13:48","guid":{"rendered":"https:\/\/all4camper.com\/\/?p=82603"},"modified":"2019-12-11T17:22:17","modified_gmt":"2019-12-11T16:22:17","slug":"putovani-s-obytkem-mezi-uzasnymi-slovinskymi-termaly-2-cast","status":"publish","type":"post","link":"https:\/\/all4camper.com\/cs\/putovani-s-obytkem-mezi-uzasnymi-slovinskymi-termaly-2-cast\/","title":{"rendered":"Dovolen\u00e1 s karavanem v \u00fa\u017easn\u00fdch slovinsk\u00fdch term\u00e1ln\u00edch l\u00e1zn\u00edch &#8211; 2. \u010d\u00e1st"},"content":{"rendered":"\n<h4 class=\"wp-block-heading\"><strong>Op\u011bt se vyd\u00e1v\u00e1me na cesty mezi slovinsk\u00fdmi kopci, horami a vinicemi za t\u011bmi nejkr\u00e1sn\u011bj\u0161\u00edmi term\u00e1ly. A kdybyste p\u0159ece jen cht\u011bli krom\u011b odpo\u010dinku vid\u011bt n\u011bjakou zaj\u00edmavost, hned na za\u010d\u00e1tku m\u00e1m pro v\u00e1s tip. <\/strong><\/h4>\n\n\n\n<figure class=\"wp-block-image\"><img loading=\"lazy\" decoding=\"async\" width=\"1440\" height=\"1080\" src=\"https:\/\/all4camper.com\/\/wp-content\/uploads\/2019\/10\/donacka-mountain-353648_1920-1440x1080.jpg\" alt=\"\" class=\"wp-image-82604\" srcset=\"https:\/\/all4camper.com\/wp-content\/uploads\/2019\/10\/donacka-mountain-353648_1920-1440x1080.jpg 1440w, https:\/\/all4camper.com\/wp-content\/uploads\/2019\/10\/donacka-mountain-353648_1920-300x225.jpg 300w, https:\/\/all4camper.com\/wp-content\/uploads\/2019\/10\/donacka-mountain-353648_1920-150x113.jpg 150w, https:\/\/all4camper.com\/wp-content\/uploads\/2019\/10\/donacka-mountain-353648_1920-768x576.jpg 768w, https:\/\/all4camper.com\/wp-content\/uploads\/2019\/10\/donacka-mountain-353648_1920-1536x1152.jpg 1536w, https:\/\/all4camper.com\/wp-content\/uploads\/2019\/10\/donacka-mountain-353648_1920-678x509.jpg 678w, https:\/\/all4camper.com\/wp-content\/uploads\/2019\/10\/donacka-mountain-353648_1920-326x245.jpg 326w, https:\/\/all4camper.com\/wp-content\/uploads\/2019\/10\/donacka-mountain-353648_1920-80x60.jpg 80w, https:\/\/all4camper.com\/wp-content\/uploads\/2019\/10\/donacka-mountain-353648_1920.jpg 1920w\" sizes=\"auto, (max-width: 1440px) 100vw, 1440px\" \/><\/figure>\n\n\n\n<h4 class=\"wp-block-heading\"><strong>Pauza od plav\u00e1n\u00ed v sedle<\/strong><\/h4>\n\n\n\n<p>Tu si m\u016f\u017eete dop\u0159\u00e1t v&nbsp;obci Lipica a jak u\u017e n\u00e1zev s\u00e1m trochu napov\u00edd\u00e1, jedn\u00e1 se o domov slavn\u00fdch kon\u00ed pro habsbursk\u00fd dv\u016fr \u2013 lipic\u00e1n\u016f. Najdete tu h\u0159eb\u010d\u00edn i muzeum v\u011bnovan\u00e9 t\u011bmto \u00fa\u017easn\u00fdm zv\u00ed\u0159at\u016fm. Pust\u00ed v\u00e1s p\u0159\u00edmo k&nbsp;nim a jedn\u00e1 se o z\u00e1\u017eitek, kter\u00fd stoj\u00ed za to. Informace o aktu\u00e1ln\u00edch akc\u00ed i mo\u017enost koupit vstupenky dop\u0159edu najdete tady <a rel=\"noreferrer noopener\" aria-label=\" (opens in a new tab)\" href=\"https:\/\/www.lipica.org\/en\/\" target=\"_blank\">lipica.org<\/a><\/p>\n\n\n\n<figure class=\"wp-block-image\"><img loading=\"lazy\" decoding=\"async\" width=\"1620\" height=\"1080\" src=\"https:\/\/all4camper.com\/\/wp-content\/uploads\/2019\/10\/horse-2902867_1920-1620x1080.jpg\" alt=\"\" class=\"wp-image-82605\" srcset=\"https:\/\/all4camper.com\/wp-content\/uploads\/2019\/10\/horse-2902867_1920-1620x1080.jpg 1620w, https:\/\/all4camper.com\/wp-content\/uploads\/2019\/10\/horse-2902867_1920-300x200.jpg 300w, https:\/\/all4camper.com\/wp-content\/uploads\/2019\/10\/horse-2902867_1920-150x100.jpg 150w, https:\/\/all4camper.com\/wp-content\/uploads\/2019\/10\/horse-2902867_1920-768x512.jpg 768w, https:\/\/all4camper.com\/wp-content\/uploads\/2019\/10\/horse-2902867_1920-1536x1024.jpg 1536w, https:\/\/all4camper.com\/wp-content\/uploads\/2019\/10\/horse-2902867_1920.jpg 1920w\" sizes=\"auto, (max-width: 1620px) 100vw, 1620px\" \/><\/figure>\n\n\n\n<h4 class=\"wp-block-heading\"><strong>Terme 3000 \u2013 Moravske Toplice<\/strong> s celoro\u010dn\u00edm kempem<\/h4>\n\n\n\n<p>Uprost\u0159ed panonsk\u00e9 n\u00ed\u017einy v\u00a0srdci Prekmurje je skute\u010dn\u00fd unik\u00e1t. Nejteplej\u0161\u00ed l\u00e9\u010div\u00e1 term\u00e1ln\u00ed voda v\u00a0cel\u00e9m Slovinsku a k\u00a0tomu je\u0161t\u011b speci\u00e1ln\u00ed \u2013 \u010dern\u00e1. Pramen byl objeven n\u00e1hodou p\u0159i t\u011b\u017eb\u011b ropy v\u00a0t\u00e9to oblasti a to je i d\u016fvod n\u00e1zvu. V\u00a0t\u00e9to vod\u011b je tak vysok\u00e1 koncentrace l\u00e9\u010div\u00fdch l\u00e1tek, \u017ee se j\u00ed \u0159\u00edk\u00e1 \u010dern\u00e9 zlato. <a rel=\"noreferrer noopener\" aria-label=\"www.sava (opens in a new tab)\" href=\"https:\/\/www.sava-hotels-resorts.com\/en\/terme-3000-moravske-toplice\" target=\"_blank\">sava<\/a><a href=\"https:\/\/www.sava-hotels-resorts.com\/en\/terme-3000-moravske-toplice\">-hotels-resorts.com<\/a> No a jak je dobr\u00fdm zvykem ve Slovinsku i tady k\u00a0term\u00e1ln\u00edm l\u00e1zn\u00edm rovnou p\u0159il\u00e9h\u00e1 celoro\u010dn\u011b otev\u0159en\u00fd kemp. A pozor, <strong>vstup do term\u00e1ln\u00edho parku tu m\u00e1te rovnou v\u00a0cen\u011b ubytov\u00e1n\u00ed a to je v\u00e1\u017en\u011b par\u00e1da!<\/strong> <a rel=\"noreferrer noopener\" aria-label=\" (opens in a new tab)\" href=\"https:\/\/www.sava-camping.com\/en\/terme-3000-camping\/terme-3000-camping\" target=\"_blank\">sava-camping.com<\/a><\/p>\n\n\n\n<figure class=\"wp-block-image\"><img decoding=\"async\" src=\"https:\/\/all4camper.com\/\/wp-content\/uploads\/2019\/10\/terme-3000-moravske-toplice-172-1920x750.jpg\" alt=\"\" class=\"wp-image-82606\"\/><\/figure>\n\n\n\n<h4 class=\"wp-block-heading\"><strong>Terme Olimia <\/strong>SPA s kempem<\/h4>\n\n\n\n<p>Toto velmi luxusn\u00ed wellness centrum ve sv\u00e9m are\u00e1lu skr\u00fdv\u00e1 nejen prostor pro relaxaci, ale tak\u00e9 akvapark a saunov\u00e9 centrum. Pot\u011b\u0161\u00edte tu nejen sv\u00e9 t\u011blo, ale i du\u0161i, proto\u017ee v\u0161e je tu sice modern\u00ed, ale z\u00e1rove\u0148 navr\u017eeno stoprocentn\u011b v&nbsp;souladu s&nbsp;p\u0159\u00edrodou. Je v\u00e1\u017en\u011b na co se d\u00edvat, co\u017e potvrzuje i n\u011bkolik ocen\u011bn\u00ed v&nbsp;oblasti modern\u00ed architektury, kter\u00e9 l\u00e1zn\u011b z\u00edskaly. <a rel=\"noreferrer noopener\" aria-label=\" (opens in a new tab)\" href=\"https:\/\/www.terme-olimia.com\/gb\" target=\"_blank\">terme-olimia.com<\/a> P\u0159\u00edmo na t\u011bchto str\u00e1nk\u00e1ch najdete odkaz i na kemp, kter\u00fd k&nbsp;term\u00e1l\u016fm pat\u0159\u00ed (pozor, trochu z\u00e1ludn\u011b pod odkazem hotels). P\u0159\u00edpadn\u011b m\u016f\u017eete vyu\u017e\u00edt ubytov\u00e1n\u00ed v&nbsp;n\u00e1dhern\u00e9 glampingov\u00e9 vesni\u010dce. Term\u00e1ln\u00ed baz\u00e9nky najdete i tam. <\/p>\n\n\n\n<figure class=\"wp-block-image\"><img loading=\"lazy\" decoding=\"async\" width=\"1200\" height=\"650\" src=\"https:\/\/all4camper.com\/\/wp-content\/uploads\/2019\/10\/spas_healthy_resorts_7_terme_olimia_orhidelia.jpg\" alt=\"\" class=\"wp-image-82607\" srcset=\"https:\/\/all4camper.com\/wp-content\/uploads\/2019\/10\/spas_healthy_resorts_7_terme_olimia_orhidelia.jpg 1200w, https:\/\/all4camper.com\/wp-content\/uploads\/2019\/10\/spas_healthy_resorts_7_terme_olimia_orhidelia-150x81.jpg 150w, https:\/\/all4camper.com\/wp-content\/uploads\/2019\/10\/spas_healthy_resorts_7_terme_olimia_orhidelia-300x163.jpg 300w, https:\/\/all4camper.com\/wp-content\/uploads\/2019\/10\/spas_healthy_resorts_7_terme_olimia_orhidelia-768x416.jpg 768w\" sizes=\"auto, (max-width: 1200px) 100vw, 1200px\" \/><\/figure>\n\n\n\n<h4 class=\"wp-block-heading\"><strong>Terme Ptuj spa<\/strong><\/h4>\n\n\n\n<p> L\u00e1zn\u011b v\u00a0nejstar\u0161\u00edm m\u011bst\u011b ve Slovinsku maj\u00ed velk\u00fd aquapark a luxusn\u00ed wellness centrum, to v\u0161e ve stylu starov\u011bk\u00fdch \u0158\u00edman\u016f. Venkovn\u00ed i vnit\u0159n\u00ed \u010d\u00e1st, bublinkov\u00e9 l\u00e1zn\u011b, vy\u017eit\u00ed pro d\u011bti a mno\u017estv\u00ed r\u016fzn\u00fdch saun z\u00a0toho d\u011blaj\u00ed perfektn\u00ed m\u00edsto t\u0159eba pro zast\u00e1vku cestou do Chorvatska. I tady p\u0159\u00edmo k\u00a0are\u00e1lu pat\u0159\u00ed kemp, kter\u00fd je z\u00e1rove\u0148 ide\u00e1ln\u00edm v\u00fdchoz\u00edm bodem t\u0159eba pro prohl\u00eddku m\u011bsta. <a rel=\"noreferrer noopener\" aria-label=\" (opens in a new tab)\" href=\"https:\/\/www.sava-hotels-resorts.com\/en\/terme-ptuj\" target=\"_blank\">sava-hotels-resorts.com<\/a>. Osobn\u011b bych v\u0161ak tyto l\u00e1zn\u011b nav\u0161t\u00edvila v l\u00e9t\u011b. nebo\u0165 nab\u00eddka pro chladn\u00e9 dny je omezen\u011bj\u0161\u00ed a venkovn\u00ed aquapark je v\u011bt\u0161\u00ed.<\/p>\n\n\n\n<figure class=\"wp-block-image\"><img loading=\"lazy\" decoding=\"async\" width=\"1200\" height=\"650\" src=\"https:\/\/all4camper.com\/\/wp-content\/uploads\/2019\/10\/spa-terme-ptuj.jpg\" alt=\"\" class=\"wp-image-82608\" srcset=\"https:\/\/all4camper.com\/wp-content\/uploads\/2019\/10\/spa-terme-ptuj.jpg 1200w, https:\/\/all4camper.com\/wp-content\/uploads\/2019\/10\/spa-terme-ptuj-150x81.jpg 150w, https:\/\/all4camper.com\/wp-content\/uploads\/2019\/10\/spa-terme-ptuj-300x163.jpg 300w, https:\/\/all4camper.com\/wp-content\/uploads\/2019\/10\/spa-terme-ptuj-768x416.jpg 768w\" sizes=\"auto, (max-width: 1200px) 100vw, 1200px\" \/><\/figure>\n\n\n\n<h4 class=\"wp-block-heading\"><strong>Radenci health resort<\/strong><\/h4>\n\n\n\n<p>Mo\u017en\u00e1 jste se p\u0159i sv\u00fdch cest\u00e1ch na jih setkali s\u00a0miner\u00e1ln\u00ed vodou Radenska. Tak ta poch\u00e1z\u00ed pr\u00e1v\u011b odsud a tady si ji tak m\u016f\u017eete u\u017e\u00edt v\u00a0t\u00e9 nej\u010derstv\u011bj\u0161\u00ed podob\u011b a to nejen vnit\u0159n\u011b. Term\u00e1ln\u00ed a bioklimatick\u00e9 l\u00e1ze\u0148sk\u00e9 st\u0159edisko je spojen\u00e9 s\u00a0modern\u00edm kardio rehabilita\u010dn\u00edm centrem a host\u00e9 se sem jezd\u00ed ozdravovat u\u017e od roku 1882. <a rel=\"noreferrer noopener\" aria-label=\" (opens in a new tab)\" href=\"https:\/\/www.sava-hotels-resorts.com\/en\/zdravilisce-radenci\" target=\"_blank\">sava-hotels-resorts.com <\/a>K\u00a0ubytov\u00e1n\u00ed m\u016f\u017eete vyu\u017e\u00edt nap\u0159\u00edklad stejn\u00fd kemp jako pro Terme 3000 \u2013 Moravske Toplice. <\/p>\n\n\n\n<figure class=\"wp-block-image\"><img loading=\"lazy\" decoding=\"async\" width=\"1200\" height=\"650\" src=\"https:\/\/all4camper.com\/\/wp-content\/uploads\/2019\/10\/spa-radenci.jpg\" alt=\"\" class=\"wp-image-82609\" srcset=\"https:\/\/all4camper.com\/wp-content\/uploads\/2019\/10\/spa-radenci.jpg 1200w, https:\/\/all4camper.com\/wp-content\/uploads\/2019\/10\/spa-radenci-150x81.jpg 150w, https:\/\/all4camper.com\/wp-content\/uploads\/2019\/10\/spa-radenci-300x163.jpg 300w, https:\/\/all4camper.com\/wp-content\/uploads\/2019\/10\/spa-radenci-768x416.jpg 768w\" sizes=\"auto, (max-width: 1200px) 100vw, 1200px\" \/><\/figure>\n\n\n\n<h4 class=\"wp-block-heading\"><strong>Medical center Roga\u0161ka<\/strong><\/h4>\n\n\n\n<p>Popul\u00e1rn\u00ed centrum zdrav\u00ed a kr\u00e1sy funguje u\u017e v\u00edc ne\u017e 400 let. N\u00e1v\u0161t\u011bvn\u00edky l\u00e1k\u00e1 sv\u00fdmi monument\u00e1ln\u00edmi parky, ale tak\u00e9 vodou Donat Mg, kter\u00e1 je vodou s\u00a0v\u016fbec nejvy\u0161\u0161\u00edm obsahem ho\u0159\u010d\u00edku na sv\u011bt\u011b (m\u016f\u017eete se takt\u00e9\u017e setkat s\u00a0balenou v\u00a0obchodech). <a rel=\"noreferrer noopener\" aria-label=\" (opens in a new tab)\" href=\"https:\/\/www.rogaska-medical.com\/en\/\" target=\"_blank\">rogaska-medical.com<\/a> Jeliko\u017e se jedn\u00e1 o l\u00e1ze\u0148sk\u00fd are\u00e1l v\u00a0prav\u00e9m slova smyslu (nap\u0159\u00edklad v\u00a0duchu Karlov\u00fdch Var\u016f), co se ubytov\u00e1n\u00ed t\u00fd\u010de tu jednozna\u010dn\u011b vedou grandhotely. S\u00a0karavanem ale m\u016f\u017eete vyu\u017e\u00edt nap\u0159\u00edklad kemp u Terme Olimia. <\/p>\n\n\n\n<figure class=\"wp-block-image\"><img loading=\"lazy\" decoding=\"async\" width=\"1200\" height=\"650\" src=\"https:\/\/all4camper.com\/\/wp-content\/uploads\/2019\/10\/spa-rogaska.jpg\" alt=\"\" class=\"wp-image-82610\" srcset=\"https:\/\/all4camper.com\/wp-content\/uploads\/2019\/10\/spa-rogaska.jpg 1200w, https:\/\/all4camper.com\/wp-content\/uploads\/2019\/10\/spa-rogaska-150x81.jpg 150w, https:\/\/all4camper.com\/wp-content\/uploads\/2019\/10\/spa-rogaska-300x163.jpg 300w, https:\/\/all4camper.com\/wp-content\/uploads\/2019\/10\/spa-rogaska-768x416.jpg 768w\" sizes=\"auto, (max-width: 1200px) 100vw, 1200px\" \/><\/figure>\n\n\n\n<h4 class=\"wp-block-heading\"><strong>Talaso Strunjan<\/strong><\/h4>\n\n\n\n<p>Dne\u0161n\u00ed putov\u00e1n\u00ed ukon\u010d\u00edme u mo\u0159e. Toto l\u00e1ze\u0148sk\u00e9 st\u0159edisko se toti\u017e nach\u00e1z\u00ed v\u00a0n\u00e1dhern\u00e9m parku na pob\u0159e\u017e\u00ed Jadersk\u00e9ho mo\u0159e. <strong>Sami sebe ozna\u010duj\u00ed jako proslun\u011bnou wellness z\u00e1toku. <\/strong>U\u017e\u00edvat si tu m\u016f\u017eete nejen mo\u0159sk\u00e9 klima, ale i oh\u0159\u00e1tou mo\u0159skou vodu v\u00a0baz\u00e9nech, terapeutick\u00e9 mo\u0159sk\u00e9 bahno, \u0159asy a v\u00a0neposledn\u00ed \u0159ad\u011b s\u016fl z\u00a0m\u00edstn\u00edch soln\u00fdch p\u00e1nv\u00ed. Dal\u0161\u00ed informace najdete na <a rel=\"noreferrer noopener\" aria-label=\" (opens in a new tab)\" href=\"https:\/\/www.terme-krka.com\/us\/en\/destinations\/strunjan\/\" target=\"_blank\">terme-krka.com<\/a>. Ubytovat se m\u016f\u017eete v\u00a0p\u011bt minut vzd\u00e1len\u00e9m kempu Belvedere (<a rel=\"noreferrer noopener\" aria-label=\" (opens in a new tab)\" href=\"http:\/\/www.campingbelvedere.si\/\" target=\"_blank\">campingbelvedere.si).<\/a> Pod vzrostl\u00fdmi piniemi tu najdete v\u0161e pot\u0159ebn\u00e9 a nemus\u00edte jen nav\u0161t\u011bvovat l\u00e1zn\u011b, kemp samotn\u00fd je obl\u00edben\u00fdm c\u00edlem dovolenk\u00e1\u0159\u016f. <\/p>\n\n\n\n<figure class=\"wp-block-image\"><img loading=\"lazy\" decoding=\"async\" width=\"1700\" height=\"850\" src=\"https:\/\/all4camper.com\/\/wp-content\/uploads\/2019\/10\/Talaso-Strunjan-2.jpg\" alt=\"\" class=\"wp-image-82613\" srcset=\"https:\/\/all4camper.com\/wp-content\/uploads\/2019\/10\/Talaso-Strunjan-2.jpg 1700w, https:\/\/all4camper.com\/wp-content\/uploads\/2019\/10\/Talaso-Strunjan-2-300x150.jpg 300w, https:\/\/all4camper.com\/wp-content\/uploads\/2019\/10\/Talaso-Strunjan-2-150x75.jpg 150w, https:\/\/all4camper.com\/wp-content\/uploads\/2019\/10\/Talaso-Strunjan-2-768x384.jpg 768w, https:\/\/all4camper.com\/wp-content\/uploads\/2019\/10\/Talaso-Strunjan-2-1536x768.jpg 1536w\" sizes=\"auto, (max-width: 1700px) 100vw, 1700px\" \/><\/figure>\n\n\n\n<p>Prvn\u00ed \u010d\u00e1st si m\u016f\u017eete p\u0159e\u010d\u00edst v \u010dl\u00e1nku <a href=\"\/?p=82541\" target=\"_blank\" rel=\"noreferrer noopener\" aria-label=\"Kempa\u0159sk\u00fd odpo\u010dinek ve slovinsk\u00fdch term\u00e1lech. Klenoty, o kter\u00fdch jste netu\u0161ili! 1. \u010d\u00e1st (opens in a new tab)\">Kempa\u0159sk\u00fd odpo\u010dinek ve slovinsk\u00fdch term\u00e1lech. Klenoty, o kter\u00fdch jste netu\u0161ili! 1. \u010d\u00e1st<\/a><\/p>\n","protected":false},"excerpt":{"rendered":"<p>Op\u011bt se vyd\u00e1v\u00e1me na cesty mezi slovinsk\u00fdmi kopci, horami a vinicemi za t\u011bmi nejkr\u00e1sn\u011bj\u0161\u00edmi term\u00e1ly. A kdybyste p\u0159ece jen cht\u011bli krom\u011b odpo\u010dinku vid\u011bt n\u011bjakou zaj\u00edmavost, hned na za\u010d\u00e1tku m\u00e1m pro v\u00e1s tip. Pauza od plav\u00e1n\u00ed v sedle Tu si m\u016f\u017eete dop\u0159\u00e1t v&nbsp;obci Lipica a jak u\u017e n\u00e1zev s\u00e1m trochu napov\u00edd\u00e1, jedn\u00e1 se o domov slavn\u00fdch [&hellip;]<\/p>\n","protected":false},"author":4,"featured_media":82607,"comment_status":"closed","ping_status":"open","sticky":false,"template":"","format":"standard","meta":{"_monsterinsights_skip_tracking":false,"_monsterinsights_sitenote_active":false,"_monsterinsights_sitenote_note":"","_monsterinsights_sitenote_category":0,"footnotes":""},"categories":[2380,422,342,341],"tags":[227,81,321],"class_list":{"0":"post-82603","1":"post","2":"type-post","3":"status-publish","4":"format-standard","5":"has-post-thumbnail","7":"category-kempujeme-a-cestujeme-ve-slovinsku","8":"category-novinky-kempovani-a-karavaning","9":"category-termalni-lazne-a-aquaparky-zabavni-parky","10":"category-zimni-kempovani","11":"tag-slovinsko","12":"tag-termalni-lazne","13":"tag-winter-camping"},"yoast_head":"<!-- This site is optimized with the Yoast SEO plugin v27.5 - https:\/\/yoast.com\/product\/yoast-seo-wordpress\/ -->\n<title>Dovolen\u00e1 s karavanem v \u00fa\u017easn\u00fdch slovinsk\u00fdch term\u00e1ln\u00edch l\u00e1zn\u00edch - 2. \u010d\u00e1st - All4Camper<\/title>\n<meta name=\"description\" content=\"All4Camper - Dovolen\u00e1 s karavanem v \u00fa\u017easn\u00fdch slovinsk\u00fdch term\u00e1ln\u00edch l\u00e1zn\u00edch - 2. \u010d\u00e1st\" \/>\n<meta name=\"robots\" content=\"index, follow, max-snippet:-1, max-image-preview:large, max-video-preview:-1\" \/>\n<link rel=\"canonical\" href=\"https:\/\/all4camper.com\/cs\/putovani-s-obytkem-mezi-uzasnymi-slovinskymi-termaly-2-cast\/\" \/>\n<meta property=\"og:locale\" content=\"cs_CZ\" \/>\n<meta property=\"og:type\" content=\"article\" \/>\n<meta property=\"og:title\" content=\"Dovolen\u00e1 s karavanem v \u00fa\u017easn\u00fdch slovinsk\u00fdch term\u00e1ln\u00edch l\u00e1zn\u00edch - 2. \u010d\u00e1st - All4Camper\" \/>\n<meta property=\"og:description\" content=\"All4Camper - Dovolen\u00e1 s karavanem v \u00fa\u017easn\u00fdch slovinsk\u00fdch term\u00e1ln\u00edch l\u00e1zn\u00edch - 2. \u010d\u00e1st\" \/>\n<meta property=\"og:url\" content=\"https:\/\/all4camper.com\/cs\/putovani-s-obytkem-mezi-uzasnymi-slovinskymi-termaly-2-cast\/\" \/>\n<meta property=\"og:site_name\" content=\"All4Camper\" \/>\n<meta property=\"article:published_time\" content=\"2019-10-06T15:13:48+00:00\" \/>\n<meta property=\"article:modified_time\" content=\"2019-12-11T16:22:17+00:00\" \/>\n<meta property=\"og:image\" content=\"https:\/\/all4camper.com\/wp-content\/uploads\/2019\/10\/spas_healthy_resorts_7_terme_olimia_orhidelia.jpg\" \/>\n\t<meta property=\"og:image:width\" content=\"1200\" \/>\n\t<meta property=\"og:image:height\" content=\"650\" \/>\n\t<meta property=\"og:image:type\" content=\"image\/jpeg\" \/>\n<meta name=\"author\" content=\"Kl\u00e1ra H\u00e1jkov\u00e1\" \/>\n<meta name=\"twitter:card\" content=\"summary_large_image\" \/>\n<meta name=\"twitter:label1\" content=\"Napsal(a)\" \/>\n\t<meta name=\"twitter:data1\" content=\"Kl\u00e1ra H\u00e1jkov\u00e1\" \/>\n\t<meta name=\"twitter:label2\" content=\"Odhadovan\u00e1 doba \u010dten\u00ed\" \/>\n\t<meta name=\"twitter:data2\" content=\"4 minuty\" \/>\n<script type=\"application\/ld+json\" class=\"yoast-schema-graph\">{\"@context\":\"https:\\\/\\\/schema.org\",\"@graph\":[{\"@type\":\"Article\",\"@id\":\"https:\\\/\\\/all4camper.com\\\/cs\\\/putovani-s-obytkem-mezi-uzasnymi-slovinskymi-termaly-2-cast\\\/#article\",\"isPartOf\":{\"@id\":\"https:\\\/\\\/all4camper.com\\\/cs\\\/putovani-s-obytkem-mezi-uzasnymi-slovinskymi-termaly-2-cast\\\/\"},\"author\":{\"name\":\"Kl\u00e1ra H\u00e1jkov\u00e1\",\"@id\":\"https:\\\/\\\/all4camper.com\\\/cs\\\/#\\\/schema\\\/person\\\/c6f1efdf1d02bc7d8c53a891cbe18c62\"},\"headline\":\"Dovolen\u00e1 s karavanem v \u00fa\u017easn\u00fdch slovinsk\u00fdch term\u00e1ln\u00edch l\u00e1zn\u00edch &#8211; 2. \u010d\u00e1st\",\"datePublished\":\"2019-10-06T15:13:48+00:00\",\"dateModified\":\"2019-12-11T16:22:17+00:00\",\"mainEntityOfPage\":{\"@id\":\"https:\\\/\\\/all4camper.com\\\/cs\\\/putovani-s-obytkem-mezi-uzasnymi-slovinskymi-termaly-2-cast\\\/\"},\"wordCount\":904,\"publisher\":{\"@id\":\"https:\\\/\\\/all4camper.com\\\/cs\\\/#organization\"},\"image\":{\"@id\":\"https:\\\/\\\/all4camper.com\\\/cs\\\/putovani-s-obytkem-mezi-uzasnymi-slovinskymi-termaly-2-cast\\\/#primaryimage\"},\"thumbnailUrl\":\"https:\\\/\\\/all4camper.com\\\/wp-content\\\/uploads\\\/2019\\\/10\\\/spas_healthy_resorts_7_terme_olimia_orhidelia.jpg\",\"keywords\":[\"Slovinsko\",\"Term\u00e1ln\u00ed l\u00e1zn\u011b\",\"Zimn\u00ed kempov\u00e1n\u00ed\"],\"articleSection\":[\"Kempujeme a cestujeme ve Slovinsku\",\"Novinky - Kempov\u00e1n\u00ed a karavaning\",\"Term\u00e1ln\u00ed l\u00e1zn\u011b, akvaparky a z\u00e1bavn\u00ed parky\",\"Zimn\u00ed kempov\u00e1n\u00ed\"],\"inLanguage\":\"cs\"},{\"@type\":\"WebPage\",\"@id\":\"https:\\\/\\\/all4camper.com\\\/cs\\\/putovani-s-obytkem-mezi-uzasnymi-slovinskymi-termaly-2-cast\\\/\",\"url\":\"https:\\\/\\\/all4camper.com\\\/cs\\\/putovani-s-obytkem-mezi-uzasnymi-slovinskymi-termaly-2-cast\\\/\",\"name\":\"Dovolen\u00e1 s karavanem v \u00fa\u017easn\u00fdch slovinsk\u00fdch term\u00e1ln\u00edch l\u00e1zn\u00edch - 2. \u010d\u00e1st - All4Camper\",\"isPartOf\":{\"@id\":\"https:\\\/\\\/all4camper.com\\\/cs\\\/#website\"},\"primaryImageOfPage\":{\"@id\":\"https:\\\/\\\/all4camper.com\\\/cs\\\/putovani-s-obytkem-mezi-uzasnymi-slovinskymi-termaly-2-cast\\\/#primaryimage\"},\"image\":{\"@id\":\"https:\\\/\\\/all4camper.com\\\/cs\\\/putovani-s-obytkem-mezi-uzasnymi-slovinskymi-termaly-2-cast\\\/#primaryimage\"},\"thumbnailUrl\":\"https:\\\/\\\/all4camper.com\\\/wp-content\\\/uploads\\\/2019\\\/10\\\/spas_healthy_resorts_7_terme_olimia_orhidelia.jpg\",\"datePublished\":\"2019-10-06T15:13:48+00:00\",\"dateModified\":\"2019-12-11T16:22:17+00:00\",\"description\":\"All4Camper - Dovolen\u00e1 s karavanem v \u00fa\u017easn\u00fdch slovinsk\u00fdch term\u00e1ln\u00edch l\u00e1zn\u00edch - 2. \u010d\u00e1st\",\"breadcrumb\":{\"@id\":\"https:\\\/\\\/all4camper.com\\\/cs\\\/putovani-s-obytkem-mezi-uzasnymi-slovinskymi-termaly-2-cast\\\/#breadcrumb\"},\"inLanguage\":\"cs\",\"potentialAction\":[{\"@type\":\"ReadAction\",\"target\":[\"https:\\\/\\\/all4camper.com\\\/cs\\\/putovani-s-obytkem-mezi-uzasnymi-slovinskymi-termaly-2-cast\\\/\"]}]},{\"@type\":\"ImageObject\",\"inLanguage\":\"cs\",\"@id\":\"https:\\\/\\\/all4camper.com\\\/cs\\\/putovani-s-obytkem-mezi-uzasnymi-slovinskymi-termaly-2-cast\\\/#primaryimage\",\"url\":\"https:\\\/\\\/all4camper.com\\\/wp-content\\\/uploads\\\/2019\\\/10\\\/spas_healthy_resorts_7_terme_olimia_orhidelia.jpg\",\"contentUrl\":\"https:\\\/\\\/all4camper.com\\\/wp-content\\\/uploads\\\/2019\\\/10\\\/spas_healthy_resorts_7_terme_olimia_orhidelia.jpg\",\"width\":1200,\"height\":650},{\"@type\":\"BreadcrumbList\",\"@id\":\"https:\\\/\\\/all4camper.com\\\/cs\\\/putovani-s-obytkem-mezi-uzasnymi-slovinskymi-termaly-2-cast\\\/#breadcrumb\",\"itemListElement\":[{\"@type\":\"ListItem\",\"position\":1,\"name\":\"Dom\u016f\",\"item\":\"https:\\\/\\\/all4camper.com\\\/cs\\\/\"},{\"@type\":\"ListItem\",\"position\":2,\"name\":\"Kempujeme a cestujeme ve Slovinsku\",\"item\":\"https:\\\/\\\/all4camper.com\\\/cs\\\/category\\\/kempujeme-a-cestujeme-ve-slovinsku\\\/\"},{\"@type\":\"ListItem\",\"position\":3,\"name\":\"Dovolen\u00e1 s karavanem v \u00fa\u017easn\u00fdch slovinsk\u00fdch term\u00e1ln\u00edch l\u00e1zn\u00edch &#8211; 2. \u010d\u00e1st\"}]},{\"@type\":\"WebSite\",\"@id\":\"https:\\\/\\\/all4camper.com\\\/cs\\\/#website\",\"url\":\"https:\\\/\\\/all4camper.com\\\/cs\\\/\",\"name\":\"All4Camper\",\"description\":\"Nejv\u011bt\u0161\u00ed online magaz\u00edn o kempov\u00e1n\u00ed a karavaninku. V\u00edce jak 900 \u010dl\u00e1nk\u016f pln\u00fdch rad a tip\u016f o kempech a kempov\u00e1n\u00ed.\",\"publisher\":{\"@id\":\"https:\\\/\\\/all4camper.com\\\/cs\\\/#organization\"},\"potentialAction\":[{\"@type\":\"SearchAction\",\"target\":{\"@type\":\"EntryPoint\",\"urlTemplate\":\"https:\\\/\\\/all4camper.com\\\/cs\\\/?s={search_term_string}\"},\"query-input\":{\"@type\":\"PropertyValueSpecification\",\"valueRequired\":true,\"valueName\":\"search_term_string\"}}],\"inLanguage\":\"cs\"},{\"@type\":\"Organization\",\"@id\":\"https:\\\/\\\/all4camper.com\\\/cs\\\/#organization\",\"name\":\"All4Camper - kempujeme s Kl\u00e1rou\",\"url\":\"https:\\\/\\\/all4camper.com\\\/cs\\\/\",\"logo\":{\"@type\":\"ImageObject\",\"inLanguage\":\"cs\",\"@id\":\"https:\\\/\\\/all4camper.com\\\/cs\\\/#\\\/schema\\\/logo\\\/image\\\/\",\"url\":\"https:\\\/\\\/all4camper.com\\\/wp-content\\\/uploads\\\/2018\\\/09\\\/novelogo.png\",\"contentUrl\":\"https:\\\/\\\/all4camper.com\\\/wp-content\\\/uploads\\\/2018\\\/09\\\/novelogo.png\",\"width\":1520,\"height\":600,\"caption\":\"All4Camper - kempujeme s Kl\u00e1rou\"},\"image\":{\"@id\":\"https:\\\/\\\/all4camper.com\\\/cs\\\/#\\\/schema\\\/logo\\\/image\\\/\"}},{\"@type\":\"Person\",\"@id\":\"https:\\\/\\\/all4camper.com\\\/cs\\\/#\\\/schema\\\/person\\\/c6f1efdf1d02bc7d8c53a891cbe18c62\",\"name\":\"Kl\u00e1ra H\u00e1jkov\u00e1\",\"sameAs\":[\"http:\\\/\\\/www.all4camper.com\"],\"url\":\"https:\\\/\\\/all4camper.com\\\/cs\\\/author\\\/klarinkacestuje1\\\/\"}]}<\/script>\n<!-- \/ Yoast SEO plugin. -->","yoast_head_json":{"title":"Dovolen\u00e1 s karavanem v \u00fa\u017easn\u00fdch slovinsk\u00fdch term\u00e1ln\u00edch l\u00e1zn\u00edch - 2. \u010d\u00e1st - All4Camper","description":"All4Camper - Dovolen\u00e1 s karavanem v \u00fa\u017easn\u00fdch slovinsk\u00fdch term\u00e1ln\u00edch l\u00e1zn\u00edch - 2. \u010d\u00e1st","robots":{"index":"index","follow":"follow","max-snippet":"max-snippet:-1","max-image-preview":"max-image-preview:large","max-video-preview":"max-video-preview:-1"},"canonical":"https:\/\/all4camper.com\/cs\/putovani-s-obytkem-mezi-uzasnymi-slovinskymi-termaly-2-cast\/","og_locale":"cs_CZ","og_type":"article","og_title":"Dovolen\u00e1 s karavanem v \u00fa\u017easn\u00fdch slovinsk\u00fdch term\u00e1ln\u00edch l\u00e1zn\u00edch - 2. \u010d\u00e1st - All4Camper","og_description":"All4Camper - Dovolen\u00e1 s karavanem v \u00fa\u017easn\u00fdch slovinsk\u00fdch term\u00e1ln\u00edch l\u00e1zn\u00edch - 2. \u010d\u00e1st","og_url":"https:\/\/all4camper.com\/cs\/putovani-s-obytkem-mezi-uzasnymi-slovinskymi-termaly-2-cast\/","og_site_name":"All4Camper","article_published_time":"2019-10-06T15:13:48+00:00","article_modified_time":"2019-12-11T16:22:17+00:00","og_image":[{"width":1200,"height":650,"url":"https:\/\/all4camper.com\/wp-content\/uploads\/2019\/10\/spas_healthy_resorts_7_terme_olimia_orhidelia.jpg","type":"image\/jpeg"}],"author":"Kl\u00e1ra H\u00e1jkov\u00e1","twitter_card":"summary_large_image","twitter_misc":{"Napsal(a)":"Kl\u00e1ra H\u00e1jkov\u00e1","Odhadovan\u00e1 doba \u010dten\u00ed":"4 minuty"},"schema":{"@context":"https:\/\/schema.org","@graph":[{"@type":"Article","@id":"https:\/\/all4camper.com\/cs\/putovani-s-obytkem-mezi-uzasnymi-slovinskymi-termaly-2-cast\/#article","isPartOf":{"@id":"https:\/\/all4camper.com\/cs\/putovani-s-obytkem-mezi-uzasnymi-slovinskymi-termaly-2-cast\/"},"author":{"name":"Kl\u00e1ra H\u00e1jkov\u00e1","@id":"https:\/\/all4camper.com\/cs\/#\/schema\/person\/c6f1efdf1d02bc7d8c53a891cbe18c62"},"headline":"Dovolen\u00e1 s karavanem v \u00fa\u017easn\u00fdch slovinsk\u00fdch term\u00e1ln\u00edch l\u00e1zn\u00edch &#8211; 2. \u010d\u00e1st","datePublished":"2019-10-06T15:13:48+00:00","dateModified":"2019-12-11T16:22:17+00:00","mainEntityOfPage":{"@id":"https:\/\/all4camper.com\/cs\/putovani-s-obytkem-mezi-uzasnymi-slovinskymi-termaly-2-cast\/"},"wordCount":904,"publisher":{"@id":"https:\/\/all4camper.com\/cs\/#organization"},"image":{"@id":"https:\/\/all4camper.com\/cs\/putovani-s-obytkem-mezi-uzasnymi-slovinskymi-termaly-2-cast\/#primaryimage"},"thumbnailUrl":"https:\/\/all4camper.com\/wp-content\/uploads\/2019\/10\/spas_healthy_resorts_7_terme_olimia_orhidelia.jpg","keywords":["Slovinsko","Term\u00e1ln\u00ed l\u00e1zn\u011b","Zimn\u00ed kempov\u00e1n\u00ed"],"articleSection":["Kempujeme a cestujeme ve Slovinsku","Novinky - Kempov\u00e1n\u00ed a karavaning","Term\u00e1ln\u00ed l\u00e1zn\u011b, akvaparky a z\u00e1bavn\u00ed parky","Zimn\u00ed kempov\u00e1n\u00ed"],"inLanguage":"cs"},{"@type":"WebPage","@id":"https:\/\/all4camper.com\/cs\/putovani-s-obytkem-mezi-uzasnymi-slovinskymi-termaly-2-cast\/","url":"https:\/\/all4camper.com\/cs\/putovani-s-obytkem-mezi-uzasnymi-slovinskymi-termaly-2-cast\/","name":"Dovolen\u00e1 s karavanem v \u00fa\u017easn\u00fdch slovinsk\u00fdch term\u00e1ln\u00edch l\u00e1zn\u00edch - 2. \u010d\u00e1st - All4Camper","isPartOf":{"@id":"https:\/\/all4camper.com\/cs\/#website"},"primaryImageOfPage":{"@id":"https:\/\/all4camper.com\/cs\/putovani-s-obytkem-mezi-uzasnymi-slovinskymi-termaly-2-cast\/#primaryimage"},"image":{"@id":"https:\/\/all4camper.com\/cs\/putovani-s-obytkem-mezi-uzasnymi-slovinskymi-termaly-2-cast\/#primaryimage"},"thumbnailUrl":"https:\/\/all4camper.com\/wp-content\/uploads\/2019\/10\/spas_healthy_resorts_7_terme_olimia_orhidelia.jpg","datePublished":"2019-10-06T15:13:48+00:00","dateModified":"2019-12-11T16:22:17+00:00","description":"All4Camper - Dovolen\u00e1 s karavanem v \u00fa\u017easn\u00fdch slovinsk\u00fdch term\u00e1ln\u00edch l\u00e1zn\u00edch - 2. \u010d\u00e1st","breadcrumb":{"@id":"https:\/\/all4camper.com\/cs\/putovani-s-obytkem-mezi-uzasnymi-slovinskymi-termaly-2-cast\/#breadcrumb"},"inLanguage":"cs","potentialAction":[{"@type":"ReadAction","target":["https:\/\/all4camper.com\/cs\/putovani-s-obytkem-mezi-uzasnymi-slovinskymi-termaly-2-cast\/"]}]},{"@type":"ImageObject","inLanguage":"cs","@id":"https:\/\/all4camper.com\/cs\/putovani-s-obytkem-mezi-uzasnymi-slovinskymi-termaly-2-cast\/#primaryimage","url":"https:\/\/all4camper.com\/wp-content\/uploads\/2019\/10\/spas_healthy_resorts_7_terme_olimia_orhidelia.jpg","contentUrl":"https:\/\/all4camper.com\/wp-content\/uploads\/2019\/10\/spas_healthy_resorts_7_terme_olimia_orhidelia.jpg","width":1200,"height":650},{"@type":"BreadcrumbList","@id":"https:\/\/all4camper.com\/cs\/putovani-s-obytkem-mezi-uzasnymi-slovinskymi-termaly-2-cast\/#breadcrumb","itemListElement":[{"@type":"ListItem","position":1,"name":"Dom\u016f","item":"https:\/\/all4camper.com\/cs\/"},{"@type":"ListItem","position":2,"name":"Kempujeme a cestujeme ve Slovinsku","item":"https:\/\/all4camper.com\/cs\/category\/kempujeme-a-cestujeme-ve-slovinsku\/"},{"@type":"ListItem","position":3,"name":"Dovolen\u00e1 s karavanem v \u00fa\u017easn\u00fdch slovinsk\u00fdch term\u00e1ln\u00edch l\u00e1zn\u00edch &#8211; 2. \u010d\u00e1st"}]},{"@type":"WebSite","@id":"https:\/\/all4camper.com\/cs\/#website","url":"https:\/\/all4camper.com\/cs\/","name":"All4Camper","description":"Nejv\u011bt\u0161\u00ed online magaz\u00edn o kempov\u00e1n\u00ed a karavaninku. V\u00edce jak 900 \u010dl\u00e1nk\u016f pln\u00fdch rad a tip\u016f o kempech a kempov\u00e1n\u00ed.","publisher":{"@id":"https:\/\/all4camper.com\/cs\/#organization"},"potentialAction":[{"@type":"SearchAction","target":{"@type":"EntryPoint","urlTemplate":"https:\/\/all4camper.com\/cs\/?s={search_term_string}"},"query-input":{"@type":"PropertyValueSpecification","valueRequired":true,"valueName":"search_term_string"}}],"inLanguage":"cs"},{"@type":"Organization","@id":"https:\/\/all4camper.com\/cs\/#organization","name":"All4Camper - kempujeme s Kl\u00e1rou","url":"https:\/\/all4camper.com\/cs\/","logo":{"@type":"ImageObject","inLanguage":"cs","@id":"https:\/\/all4camper.com\/cs\/#\/schema\/logo\/image\/","url":"https:\/\/all4camper.com\/wp-content\/uploads\/2018\/09\/novelogo.png","contentUrl":"https:\/\/all4camper.com\/wp-content\/uploads\/2018\/09\/novelogo.png","width":1520,"height":600,"caption":"All4Camper - kempujeme s Kl\u00e1rou"},"image":{"@id":"https:\/\/all4camper.com\/cs\/#\/schema\/logo\/image\/"}},{"@type":"Person","@id":"https:\/\/all4camper.com\/cs\/#\/schema\/person\/c6f1efdf1d02bc7d8c53a891cbe18c62","name":"Kl\u00e1ra H\u00e1jkov\u00e1","sameAs":["http:\/\/www.all4camper.com"],"url":"https:\/\/all4camper.com\/cs\/author\/klarinkacestuje1\/"}]}},"_links":{"self":[{"href":"https:\/\/all4camper.com\/cs\/wp-json\/wp\/v2\/posts\/82603","targetHints":{"allow":["GET"]}}],"collection":[{"href":"https:\/\/all4camper.com\/cs\/wp-json\/wp\/v2\/posts"}],"about":[{"href":"https:\/\/all4camper.com\/cs\/wp-json\/wp\/v2\/types\/post"}],"author":[{"embeddable":true,"href":"https:\/\/all4camper.com\/cs\/wp-json\/wp\/v2\/users\/4"}],"replies":[{"embeddable":true,"href":"https:\/\/all4camper.com\/cs\/wp-json\/wp\/v2\/comments?post=82603"}],"version-history":[{"count":0,"href":"https:\/\/all4camper.com\/cs\/wp-json\/wp\/v2\/posts\/82603\/revisions"}],"wp:featuredmedia":[{"embeddable":true,"href":"https:\/\/all4camper.com\/cs\/wp-json\/wp\/v2\/media\/82607"}],"wp:attachment":[{"href":"https:\/\/all4camper.com\/cs\/wp-json\/wp\/v2\/media?parent=82603"}],"wp:term":[{"taxonomy":"category","embeddable":true,"href":"https:\/\/all4camper.com\/cs\/wp-json\/wp\/v2\/categories?post=82603"},{"taxonomy":"post_tag","embeddable":true,"href":"https:\/\/all4camper.com\/cs\/wp-json\/wp\/v2\/tags?post=82603"}],"curies":[{"name":"wp","href":"https:\/\/api.w.org\/{rel}","templated":true}]}}