{"id":82541,"date":"2019-09-29T10:11:49","date_gmt":"2019-09-29T08:11:49","guid":{"rendered":"https:\/\/all4camper.com\/\/?p=82541"},"modified":"2019-12-11T17:23:05","modified_gmt":"2019-12-11T16:23:05","slug":"kemparsky-odpocinek-ve-slovinskych-termalech-klenoty-o-kterych-jste-netusili-1-cast","status":"publish","type":"post","link":"https:\/\/all4camper.com\/cs\/kemparsky-odpocinek-ve-slovinskych-termalech-klenoty-o-kterych-jste-netusili-1-cast\/","title":{"rendered":"Term\u00e1ln\u00ed l\u00e1zn\u011b ve Slovinsku &#8211; Klenoty, o kter\u00fdch jste netu\u0161ili! 1. \u010d\u00e1st"},"content":{"rendered":"\n<h4 class=\"wp-block-heading\"><strong>Obvykle o Slovinsku v\u00edme to, \u017ee se p\u0159es n\u011bj jede nejzn\u00e1m\u011bj\u0161\u00ed trasou do Chorvatska. Mo\u017en\u00e1 o n\u011bm ale netu\u0161\u00edte, \u017ee je zem\u00ed zdrav\u00e9 vody! Na jeho \u00fazem\u00ed se nach\u00e1z\u00ed velk\u00e9 mno\u017estv\u00ed term\u00e1ln\u00edch a miner\u00e1ln\u00edch pramen\u016f, kter\u00e9 jsou zdrojem zdrav\u00ed, ale t\u0159eba i psychick\u00e9 pohody. A \u017ee je ze \u010deho vyb\u00edrat \u2013 od Panonsk\u00e9 n\u00ed\u017einy, p\u0159es Alpy a\u017e po St\u0159edozemn\u00ed mo\u0159e. A proto\u017ee v\u00a0l\u00e9t\u011b n\u00e1s to sp\u00ed\u0161 t\u00e1hne je\u0161t\u011b v\u00edce na jih za koup\u00e1n\u00edm, je pr\u00e1v\u011b podzim a zima perfektn\u00edm obdob\u00edm pro zkoum\u00e1n\u00ed t\u011bchto trochu (nepr\u00e1vem) zapomenut\u00fdch b\u00e1je\u010dn\u00fdch m\u00edst. <\/strong><\/h4>\n\n\n\n<figure class=\"wp-block-image\"><img loading=\"lazy\" decoding=\"async\" width=\"1918\" height=\"1080\" src=\"https:\/\/all4camper.com\/\/wp-content\/uploads\/2019\/09\/bled-1899264_1920-1918x1080.jpg\" alt=\"\" class=\"wp-image-82542\" srcset=\"https:\/\/all4camper.com\/wp-content\/uploads\/2019\/09\/bled-1899264_1920-1918x1080.jpg 1918w, https:\/\/all4camper.com\/wp-content\/uploads\/2019\/09\/bled-1899264_1920-300x169.jpg 300w, https:\/\/all4camper.com\/wp-content\/uploads\/2019\/09\/bled-1899264_1920-150x84.jpg 150w, https:\/\/all4camper.com\/wp-content\/uploads\/2019\/09\/bled-1899264_1920-768x432.jpg 768w, https:\/\/all4camper.com\/wp-content\/uploads\/2019\/09\/bled-1899264_1920-1536x865.jpg 1536w, https:\/\/all4camper.com\/wp-content\/uploads\/2019\/09\/bled-1899264_1920-678x381.jpg 678w, https:\/\/all4camper.com\/wp-content\/uploads\/2019\/09\/bled-1899264_1920.jpg 1920w\" sizes=\"auto, (max-width: 1918px) 100vw, 1918px\" \/><\/figure>\n\n\n\n<h4 class=\"wp-block-heading\"><strong>Podle \u010deho si vyb\u00edrat<\/strong><\/h4>\n\n\n\n<p>To je jednoduch\u00e9, v\u00a0tomto p\u0159\u00edpad\u011b je nutn\u00e9 zv\u00e1\u017eit, jak\u00fd region by v\u00e1s zaj\u00edmal a co od l\u00e1zn\u00ed o\u010dek\u00e1v\u00e1te \u2013 tedy ozdraven\u00ed, pobyt s\u00a0d\u011btmi, romantiku a podobn\u011b&#8230; Opravdu p\u0159\u00edli\u0161 nez\u00e1le\u017e\u00ed (z hlediska druhu l\u00e9\u010div\u00fdch pramen\u016f) na tom, jak\u00e1 \u010d\u00e1st Slovinska v\u00e1m bude nejbli\u017e\u0161\u00ed a stane se va\u0161\u00edm c\u00edlem. I kdy\u017e podle pov\u011bst\u00ed a legend m\u00e1 ka\u017ed\u00e1 voda speci\u00e1ln\u00ed s\u00edlu, nab\u00eddka je tak pestr\u00e1, \u017ee n\u011bco pro sebe si najdete prakticky kdekoliv.<\/p>\n\n\n\n<figure class=\"wp-block-image\"><img loading=\"lazy\" decoding=\"async\" width=\"1631\" height=\"1080\" src=\"https:\/\/all4camper.com\/\/wp-content\/uploads\/2019\/09\/spa-853462_1920-1631x1080.jpg\" alt=\"\" class=\"wp-image-82543\" srcset=\"https:\/\/all4camper.com\/wp-content\/uploads\/2019\/09\/spa-853462_1920-1631x1080.jpg 1631w, https:\/\/all4camper.com\/wp-content\/uploads\/2019\/09\/spa-853462_1920-300x199.jpg 300w, https:\/\/all4camper.com\/wp-content\/uploads\/2019\/09\/spa-853462_1920-150x99.jpg 150w, https:\/\/all4camper.com\/wp-content\/uploads\/2019\/09\/spa-853462_1920-768x508.jpg 768w, https:\/\/all4camper.com\/wp-content\/uploads\/2019\/09\/spa-853462_1920-1536x1017.jpg 1536w, https:\/\/all4camper.com\/wp-content\/uploads\/2019\/09\/spa-853462_1920.jpg 1920w\" sizes=\"auto, (max-width: 1631px) 100vw, 1631px\" \/><\/figure>\n\n\n\n<p><strong>Term\u00e1ln\u00ed l\u00e1zn\u011b \u010cate\u017e<\/strong> &#8211;<strong> kempov\u00e1n\u00ed v term\u00e1ln\u00edch l\u00e1zn\u00edch<\/strong><\/p>\n\n\n\n<p>Tak tahle term\u00e1ln\u00ed metropole, jak b\u00fdvaj\u00ed l\u00e1zn\u011b \u010dasto ozna\u010dovan\u00e9, je otev\u0159en\u00e1 365 dn\u00ed v\u00a0roce a to d\u00edky b\u00e1je\u010dn\u011b tepl\u00e9 l\u00e9\u010div\u00e9 vod\u011b. Term\u00e1ln\u00ed l\u00e1zn\u011b \u010cat\u011b\u017e se mohou pochlubit <strong>nejv\u011bt\u0161\u00edmi venkovn\u00edmi a vnit\u0159n\u00edmi baz\u00e9ny s\u00a0velk\u00fdm mno\u017estv\u00edm atrakc\u00ed <\/strong>v cel\u00e9m Slovinsku a co se venkovn\u00edho vodn\u00edho sv\u011bta t\u00fd\u010de, tak dokonce jsou jedny z\u00a0nejv\u011bt\u0161\u00edch v\u00a0t\u00e9to \u010d\u00e1sti Evropy. <\/p>\n\n\n\n<p><strong>A te\u010f super zpr\u00e1va, miluj\u00ed tady karavanisty!<\/strong> A to natolik, \u017ee cel\u00fd are\u00e1l je s\u00a0kempem p\u0159\u00edmo propojen. D\u00edky m\u00edrn\u00e9mu klimatu je tu perfektn\u00ed celoro\u010dn\u00ed kempov\u00e1n\u00ed a zdej\u0161\u00ed kemp nab\u00edz\u00ed ve\u0161ker\u00e9 pot\u0159ebn\u00e9 vybaven\u00ed, servis, restaurace a bezvadn\u00e9 z\u00e1zem\u00ed pro d\u011bti v\u010detn\u011b nap\u0159\u00edklad anima\u010dn\u00edch program\u016f. Ubytovat se m\u016f\u017eete i v\u00a0nov\u00fdch mobilehomech. V\u0161echno p\u0159ehledn\u011b popsan\u00e9 najdete na <a rel=\"noreferrer noopener\" aria-label=\"https:\/\/www.terme-catez.si\/en\/ (opens in a new tab)\" href=\"https:\/\/www.terme-catez.si\/en\/\" target=\"_blank\">terme-catez.si<\/a>. Mimochodem, tohle m\u00edsto se  m\u016f\u017ee st\u00e1t skv\u011bl\u00fdm v\u00fdchoz\u00edm bodem i pro objevov\u00e1n\u00ed dal\u0161\u00edch kr\u00e1s Slovinska!<\/p>\n\n\n\n<figure class=\"wp-block-image\"><img loading=\"lazy\" decoding=\"async\" width=\"1200\" height=\"650\" src=\"https:\/\/all4camper.com\/\/wp-content\/uploads\/2019\/09\/terme-catez-spa-summer.jpg\" alt=\"\" class=\"wp-image-82544\" srcset=\"https:\/\/all4camper.com\/wp-content\/uploads\/2019\/09\/terme-catez-spa-summer.jpg 1200w, https:\/\/all4camper.com\/wp-content\/uploads\/2019\/09\/terme-catez-spa-summer-150x81.jpg 150w, https:\/\/all4camper.com\/wp-content\/uploads\/2019\/09\/terme-catez-spa-summer-300x163.jpg 300w, https:\/\/all4camper.com\/wp-content\/uploads\/2019\/09\/terme-catez-spa-summer-768x416.jpg 768w\" sizes=\"auto, (max-width: 1200px) 100vw, 1200px\" \/><\/figure>\n\n\n\n<p><strong>Term\u00e1ln\u00ed l\u00e1zn\u011b Dobrna<\/strong><\/p>\n\n\n\n<p>Tohle l\u00e1ze\u0148sk\u00e9 st\u0159edisko funguje u\u017e od roku 1403 a <strong>je propojeno s\u00a0feng shui\u00a0energy parkem<\/strong>. Co je zaj\u00edmav\u00e9, jezdil sem relaxovat a \u010derpat inspiraci t\u0159eba Karel May. Bli\u017e\u0161\u00ed informace v\u010detn\u011b detailn\u00ed nab\u00eddky najdete na jejich str\u00e1nk\u00e1ch <a rel=\"noreferrer noopener\" aria-label=\"http:\/\/www.en.terme-dobrna.si\/ (opens in a new tab)\" href=\"http:\/\/www.en.terme-dobrna.si\/\" target=\"_blank\">terme-dobrna.si<\/a>. Mimochodem, sledovat jejich str\u00e1nky se opravdu vyplat\u00ed. Maj\u00ed toti\u017e r\u016fzn\u00e9 sez\u00f3nn\u00ed nab\u00eddky a bal\u00ed\u010dky za velmi v\u00fdhodn\u00e9 ceny. Nejbli\u017e\u0161\u00ed ubytov\u00e1n\u00ed nab\u00edz\u00ed 15 minut vzd\u00e1len\u00fd Autocamp Celje. <a href=\"https:\/\/www.camping-celje.com\/\">camping-celje.com<\/a>.\u00a0 Ten funguje i jako glampingov\u00fd resort, tak\u017ee pokud chcete vyzkou\u0161et i tuto formu kempov\u00e1n\u00ed &#8211; jste v\u00edt\u00e1ni.<\/p>\n\n\n\n<figure class=\"wp-block-image\"><img loading=\"lazy\" decoding=\"async\" width=\"1024\" height=\"677\" src=\"https:\/\/all4camper.com\/\/wp-content\/uploads\/2019\/09\/05_bazeni.jpg\" alt=\"\" class=\"wp-image-82545\" srcset=\"https:\/\/all4camper.com\/wp-content\/uploads\/2019\/09\/05_bazeni.jpg 1024w, https:\/\/all4camper.com\/wp-content\/uploads\/2019\/09\/05_bazeni-150x99.jpg 150w, https:\/\/all4camper.com\/wp-content\/uploads\/2019\/09\/05_bazeni-300x198.jpg 300w, https:\/\/all4camper.com\/wp-content\/uploads\/2019\/09\/05_bazeni-768x508.jpg 768w\" sizes=\"auto, (max-width: 1024px) 100vw, 1024px\" \/><\/figure>\n\n\n\n<p><strong>Term\u00e1ln\u00ed l\u00e1zn\u011b Dolenjske Toplice<\/strong><\/p>\n\n\n\n<p>Term\u00e1ln\u00ed voda v\u00a0t\u011bchto l\u00e1zn\u00edch se na povrch dost\u00e1v\u00e1 z\u00a0hloubky a\u017e tis\u00edc metr\u016f. Nejen<strong> d\u00edky tomu tu byl postaven jeden z\u00a0nejlep\u0161\u00edch wellness hotel\u016f v\u00a0Evrop\u011b<\/strong> a l\u00e9ka\u0159sk\u00e9 rehabilita\u010dn\u00ed centrum (<a href=\"https:\/\/www.terme-krka.com\/us\/en\/destinations\/dolenjske-toplice\/\">terme-<\/a><a rel=\"noreferrer noopener\" aria-label=\"krka (opens in a new tab)\" href=\"https:\/\/www.terme-krka.com\/us\/en\/destinations\/dolenjske-toplice\/\" target=\"_blank\">krka<\/a><a href=\"https:\/\/www.terme-krka.com\/us\/en\/destinations\/dolenjske-toplice\/\">.co<\/a>m). Toto m\u00edsto velmi ocen\u00edte v\u00a0p\u0159\u00edpad\u011b, \u017ee byste pot\u0159ebovali napsat n\u011bjak\u00fd ozdravn\u00fd program na m\u00edru. Nicm\u00e9n\u011b, u\u017eijete si tu samoz\u0159ejm\u011b wellness i bez toho. Nov\u011b si tu na sv\u00e9 p\u0159ijdou i d\u011bti \u2013 a to d\u00edky atrakci Balnea Fun s\u00a0mno\u017estv\u00edm tobogan\u016f. Ubytovat se m\u016f\u017eete ve stejnojmenn\u00e9m kempu <a rel=\"noreferrer noopener\" aria-label=\" (opens in a new tab)\" href=\"http:\/\/www.kamp-dolenjsketoplice.si\/\" target=\"_blank\">kamp-dolenjsketoplice.si<\/a>. A nezapome\u0148te, \u017ee p\u0159i ubytov\u00e1n\u00ed v\u00a0tomto kempu m\u00e1te v\u00a0l\u00e1zn\u00edch 20 % slevu.<\/p>\n\n\n\n<figure class=\"wp-block-image\"><img loading=\"lazy\" decoding=\"async\" width=\"1700\" height=\"850\" src=\"https:\/\/all4camper.com\/\/wp-content\/uploads\/2019\/09\/IMG-2277.jpg\" alt=\"\" class=\"wp-image-82546\" srcset=\"https:\/\/all4camper.com\/wp-content\/uploads\/2019\/09\/IMG-2277.jpg 1700w, https:\/\/all4camper.com\/wp-content\/uploads\/2019\/09\/IMG-2277-300x150.jpg 300w, https:\/\/all4camper.com\/wp-content\/uploads\/2019\/09\/IMG-2277-150x75.jpg 150w, https:\/\/all4camper.com\/wp-content\/uploads\/2019\/09\/IMG-2277-768x384.jpg 768w, https:\/\/all4camper.com\/wp-content\/uploads\/2019\/09\/IMG-2277-1536x768.jpg 1536w\" sizes=\"auto, (max-width: 1700px) 100vw, 1700px\" \/><\/figure>\n\n\n\n<p> <strong>Thermana La\u0161ko s celoro\u010dn\u00edm kempem<\/strong><\/p>\n\n\n\n<p>Term\u00e1ln\u00ed l\u00e1zn\u011b se nach\u00e1zej\u00ed p\u0159\u00edmo u \u0159eky ve m\u011bst\u011b s\u00a0dlouhou pivovarnickou tradic\u00ed. Ano, u\u017e n\u00e1zev v\u00e1m mohl stejnojmenn\u00e9 a zejm\u00e9na v\u00a0Chorvatsku velmi obl\u00edben\u00e9 pivo spr\u00e1vn\u011b p\u0159ipomenout. V\u00a0l\u00e1zn\u00edch se nicm\u00e9n\u011b to\u010d\u00ed v\u0161e kolem vody, kterou se m\u016f\u017eete ozdravovat opravdu ze v\u0161ech stran \u2013 od pit\u00ed a\u017e po koupele. I tady je p\u0159\u00edmo k\u00a0term\u00e1ln\u00edmu parku, kter\u00e9mu dominuje ob\u0159\u00ed kopule ukr\u00fdvaj\u00edc\u00ed baz\u00e9ny, p\u0159idru\u017een celoro\u010dn\u011b otev\u0159en\u00fd kemp. Ostatn\u011b v\u0161e se dozv\u00edte na <a rel=\"noreferrer noopener\" aria-label=\"https:\/\/www.thermana.si\/en\/ (opens in a new tab)\" href=\"https:\/\/www.thermana.si\/en\/\" target=\"_blank\">thermana.si<\/a>.<\/p>\n\n\n\n<figure class=\"wp-block-image\"><img loading=\"lazy\" decoding=\"async\" width=\"940\" height=\"500\" src=\"https:\/\/all4camper.com\/\/wp-content\/uploads\/2019\/09\/dsc_4280tl.jpg\" alt=\"\" class=\"wp-image-82547\" srcset=\"https:\/\/all4camper.com\/wp-content\/uploads\/2019\/09\/dsc_4280tl.jpg 940w, https:\/\/all4camper.com\/wp-content\/uploads\/2019\/09\/dsc_4280tl-150x80.jpg 150w, https:\/\/all4camper.com\/wp-content\/uploads\/2019\/09\/dsc_4280tl-300x160.jpg 300w, https:\/\/all4camper.com\/wp-content\/uploads\/2019\/09\/dsc_4280tl-768x409.jpg 768w\" sizes=\"auto, (max-width: 940px) 100vw, 940px\" \/><\/figure>\n\n\n\n<p><strong>Term\u00e1ln\u00ed l\u00e1zn\u011b Lendava<\/strong> <strong>&#8211; l\u00e1zn\u011b zejm\u00e9na pro dosp\u011bl\u00e9<\/strong> <strong>s men\u0161\u00edm kempem<\/strong><\/p>\n\n\n\n<p>Tyto l\u00e1zn\u011b maj\u00ed jedine\u010dnou paraf\u00ednovou vodu, kter\u00e1 je v\u00fdborn\u00e1 p\u0159i jak\u00fdchkoliv pot\u00ed\u017e\u00edch s\u00a0pohybov\u00fdm apar\u00e1tem. L\u00e1zn\u011b se nach\u00e1zej\u00ed v\u00a0m\u00edst\u011b, kde se setk\u00e1v\u00e1 Slovinsko, Chorvatsko a Ma\u010farsko uprost\u0159ed vinic a pavu\u010diny cyklostezek. I tady je kemp p\u0159\u00edmo sou\u010d\u00e1st\u00ed l\u00e1zn\u00ed a relaxaci s\u00a0vlastn\u00edm z\u00e1zem\u00edm tak nic nebr\u00e1n\u00ed. <a href=\"https:\/\/www.sava-hotels-resorts.com\/en\/terme-lendava\">sava-hotels-resorts.com<\/a><\/p>\n\n\n\n<figure class=\"wp-block-image\"><img loading=\"lazy\" decoding=\"async\" width=\"1200\" height=\"650\" src=\"https:\/\/all4camper.com\/\/wp-content\/uploads\/2019\/09\/spa-terme-lendava.jpg\" alt=\"\" class=\"wp-image-82548\" srcset=\"https:\/\/all4camper.com\/wp-content\/uploads\/2019\/09\/spa-terme-lendava.jpg 1200w, https:\/\/all4camper.com\/wp-content\/uploads\/2019\/09\/spa-terme-lendava-150x81.jpg 150w, https:\/\/all4camper.com\/wp-content\/uploads\/2019\/09\/spa-terme-lendava-300x163.jpg 300w, https:\/\/all4camper.com\/wp-content\/uploads\/2019\/09\/spa-terme-lendava-768x416.jpg 768w\" sizes=\"auto, (max-width: 1200px) 100vw, 1200px\" \/><\/figure>\n\n\n\n<p><em>\u0158\u00edk\u00e1te si, \u017ee jste v\u016fbec netu\u0161ili, kolik term\u00e1ln\u00edch l\u00e1zn\u00ed se na \u00fazem\u00ed Slovinska nach\u00e1z\u00ed? A to v\u00e1m prozrad\u00edm, \u017ee jsme teprve na za\u010d\u00e1tku. Jejich mno\u017estv\u00ed a rozmanitost je skute\u010dn\u011b neuv\u011b\u0159iteln\u00e1. M\u00e1m tak trochu pocit, \u017ee bychom mohli Slovinsko ozna\u010dit za term\u00e1ln\u00ed velmoc. T\u011b\u0161te se na druh\u00fd d\u00edl, j\u00e1 u\u017e zapichuji \u0161pendl\u00edky do \u201eterm\u00e1ln\u00edho putov\u00e1n\u00ed\u201c, kter\u00e9 chci podniknout, pak se p\u0159ece i vzhledem k r\u016fznorod\u00e9 nab\u00eddce mus\u00edm vr\u00e1tit jako \u00fapln\u011b nov\u00fd \u010dlov\u011bk, ne?!<\/em><\/p>\n\n\n\n<p><a href=\"\/?p=82603\">Putov\u00e1n\u00ed nejen s karavanem do \u00fa\u017easn\u00fdch slovinsk\u00fdch term\u00e1l\u016f 2. \u010d\u00e1st<\/a><\/p>\n","protected":false},"excerpt":{"rendered":"<p>Obvykle o Slovinsku v\u00edme to, \u017ee se p\u0159es n\u011bj jede nejzn\u00e1m\u011bj\u0161\u00ed trasou do Chorvatska. Mo\u017en\u00e1 o n\u011bm ale netu\u0161\u00edte, \u017ee je zem\u00ed zdrav\u00e9 vody! Na jeho \u00fazem\u00ed se nach\u00e1z\u00ed velk\u00e9 mno\u017estv\u00ed term\u00e1ln\u00edch a miner\u00e1ln\u00edch pramen\u016f, kter\u00e9 jsou zdrojem zdrav\u00ed, ale t\u0159eba i psychick\u00e9 pohody. A \u017ee je ze \u010deho vyb\u00edrat \u2013 od Panonsk\u00e9 n\u00ed\u017einy, p\u0159es [&hellip;]<\/p>\n","protected":false},"author":4,"featured_media":82561,"comment_status":"closed","ping_status":"open","sticky":false,"template":"","format":"standard","meta":{"_monsterinsights_skip_tracking":false,"_monsterinsights_sitenote_active":false,"_monsterinsights_sitenote_note":"","_monsterinsights_sitenote_category":0,"footnotes":""},"categories":[2380,422,342,341],"tags":[227,81,321],"class_list":{"0":"post-82541","1":"post","2":"type-post","3":"status-publish","4":"format-standard","5":"has-post-thumbnail","7":"category-kempujeme-a-cestujeme-ve-slovinsku","8":"category-novinky-kempovani-a-karavaning","9":"category-termalni-lazne-a-aquaparky-zabavni-parky","10":"category-zimni-kempovani","11":"tag-slovinsko","12":"tag-termalni-lazne","13":"tag-winter-camping"},"yoast_head":"<!-- This site is optimized with the Yoast SEO plugin v27.5 - https:\/\/yoast.com\/product\/yoast-seo-wordpress\/ -->\n<title>Term\u00e1ln\u00ed l\u00e1zn\u011b ve Slovinsku - Klenoty, o kter\u00fdch jste netu\u0161ili! 1. \u010d\u00e1st - All4Camper<\/title>\n<meta name=\"description\" content=\"All4Camper - Term\u00e1ln\u00ed l\u00e1zn\u011b ve Slovinsku - Klenoty, o kter\u00fdch jste netu\u0161ili! 1. \u010d\u00e1st\" \/>\n<meta name=\"robots\" content=\"index, follow, max-snippet:-1, max-image-preview:large, max-video-preview:-1\" \/>\n<link rel=\"canonical\" href=\"https:\/\/all4camper.com\/cs\/kemparsky-odpocinek-ve-slovinskych-termalech-klenoty-o-kterych-jste-netusili-1-cast\/\" \/>\n<meta property=\"og:locale\" content=\"cs_CZ\" \/>\n<meta property=\"og:type\" content=\"article\" \/>\n<meta property=\"og:title\" content=\"Term\u00e1ln\u00ed l\u00e1zn\u011b ve Slovinsku - Klenoty, o kter\u00fdch jste netu\u0161ili! 1. \u010d\u00e1st - All4Camper\" \/>\n<meta property=\"og:description\" content=\"All4Camper - Term\u00e1ln\u00ed l\u00e1zn\u011b ve Slovinsku - Klenoty, o kter\u00fdch jste netu\u0161ili! 1. \u010d\u00e1st\" \/>\n<meta property=\"og:url\" content=\"https:\/\/all4camper.com\/cs\/kemparsky-odpocinek-ve-slovinskych-termalech-klenoty-o-kterych-jste-netusili-1-cast\/\" \/>\n<meta property=\"og:site_name\" content=\"All4Camper\" \/>\n<meta property=\"article:published_time\" content=\"2019-09-29T08:11:49+00:00\" \/>\n<meta property=\"article:modified_time\" content=\"2019-12-11T16:23:05+00:00\" \/>\n<meta property=\"og:image\" content=\"https:\/\/all4camper.com\/wp-content\/uploads\/2019\/09\/cropped-dsc_4280tl.jpg\" \/>\n\t<meta property=\"og:image:width\" content=\"888\" \/>\n\t<meta property=\"og:image:height\" content=\"500\" \/>\n\t<meta property=\"og:image:type\" content=\"image\/jpeg\" \/>\n<meta name=\"author\" content=\"Kl\u00e1ra H\u00e1jkov\u00e1\" \/>\n<meta name=\"twitter:card\" content=\"summary_large_image\" \/>\n<meta name=\"twitter:label1\" content=\"Napsal(a)\" \/>\n\t<meta name=\"twitter:data1\" content=\"Kl\u00e1ra H\u00e1jkov\u00e1\" \/>\n\t<meta name=\"twitter:label2\" content=\"Odhadovan\u00e1 doba \u010dten\u00ed\" \/>\n\t<meta name=\"twitter:data2\" content=\"5 minut\" \/>\n<script type=\"application\/ld+json\" class=\"yoast-schema-graph\">{\"@context\":\"https:\\\/\\\/schema.org\",\"@graph\":[{\"@type\":\"Article\",\"@id\":\"https:\\\/\\\/all4camper.com\\\/cs\\\/kemparsky-odpocinek-ve-slovinskych-termalech-klenoty-o-kterych-jste-netusili-1-cast\\\/#article\",\"isPartOf\":{\"@id\":\"https:\\\/\\\/all4camper.com\\\/cs\\\/kemparsky-odpocinek-ve-slovinskych-termalech-klenoty-o-kterych-jste-netusili-1-cast\\\/\"},\"author\":{\"name\":\"Kl\u00e1ra H\u00e1jkov\u00e1\",\"@id\":\"https:\\\/\\\/all4camper.com\\\/cs\\\/#\\\/schema\\\/person\\\/c6f1efdf1d02bc7d8c53a891cbe18c62\"},\"headline\":\"Term\u00e1ln\u00ed l\u00e1zn\u011b ve Slovinsku &#8211; Klenoty, o kter\u00fdch jste netu\u0161ili! 1. \u010d\u00e1st\",\"datePublished\":\"2019-09-29T08:11:49+00:00\",\"dateModified\":\"2019-12-11T16:23:05+00:00\",\"mainEntityOfPage\":{\"@id\":\"https:\\\/\\\/all4camper.com\\\/cs\\\/kemparsky-odpocinek-ve-slovinskych-termalech-klenoty-o-kterych-jste-netusili-1-cast\\\/\"},\"wordCount\":1000,\"publisher\":{\"@id\":\"https:\\\/\\\/all4camper.com\\\/cs\\\/#organization\"},\"image\":{\"@id\":\"https:\\\/\\\/all4camper.com\\\/cs\\\/kemparsky-odpocinek-ve-slovinskych-termalech-klenoty-o-kterych-jste-netusili-1-cast\\\/#primaryimage\"},\"thumbnailUrl\":\"https:\\\/\\\/all4camper.com\\\/wp-content\\\/uploads\\\/2019\\\/09\\\/cropped-dsc_4280tl.jpg\",\"keywords\":[\"Slovinsko\",\"Term\u00e1ln\u00ed l\u00e1zn\u011b\",\"Zimn\u00ed kempov\u00e1n\u00ed\"],\"articleSection\":[\"Kempujeme a cestujeme ve Slovinsku\",\"Novinky - Kempov\u00e1n\u00ed a karavaning\",\"Term\u00e1ln\u00ed l\u00e1zn\u011b, akvaparky a z\u00e1bavn\u00ed parky\",\"Zimn\u00ed kempov\u00e1n\u00ed\"],\"inLanguage\":\"cs\"},{\"@type\":\"WebPage\",\"@id\":\"https:\\\/\\\/all4camper.com\\\/cs\\\/kemparsky-odpocinek-ve-slovinskych-termalech-klenoty-o-kterych-jste-netusili-1-cast\\\/\",\"url\":\"https:\\\/\\\/all4camper.com\\\/cs\\\/kemparsky-odpocinek-ve-slovinskych-termalech-klenoty-o-kterych-jste-netusili-1-cast\\\/\",\"name\":\"Term\u00e1ln\u00ed l\u00e1zn\u011b ve Slovinsku - Klenoty, o kter\u00fdch jste netu\u0161ili! 1. \u010d\u00e1st - All4Camper\",\"isPartOf\":{\"@id\":\"https:\\\/\\\/all4camper.com\\\/cs\\\/#website\"},\"primaryImageOfPage\":{\"@id\":\"https:\\\/\\\/all4camper.com\\\/cs\\\/kemparsky-odpocinek-ve-slovinskych-termalech-klenoty-o-kterych-jste-netusili-1-cast\\\/#primaryimage\"},\"image\":{\"@id\":\"https:\\\/\\\/all4camper.com\\\/cs\\\/kemparsky-odpocinek-ve-slovinskych-termalech-klenoty-o-kterych-jste-netusili-1-cast\\\/#primaryimage\"},\"thumbnailUrl\":\"https:\\\/\\\/all4camper.com\\\/wp-content\\\/uploads\\\/2019\\\/09\\\/cropped-dsc_4280tl.jpg\",\"datePublished\":\"2019-09-29T08:11:49+00:00\",\"dateModified\":\"2019-12-11T16:23:05+00:00\",\"description\":\"All4Camper - Term\u00e1ln\u00ed l\u00e1zn\u011b ve Slovinsku - Klenoty, o kter\u00fdch jste netu\u0161ili! 1. \u010d\u00e1st\",\"breadcrumb\":{\"@id\":\"https:\\\/\\\/all4camper.com\\\/cs\\\/kemparsky-odpocinek-ve-slovinskych-termalech-klenoty-o-kterych-jste-netusili-1-cast\\\/#breadcrumb\"},\"inLanguage\":\"cs\",\"potentialAction\":[{\"@type\":\"ReadAction\",\"target\":[\"https:\\\/\\\/all4camper.com\\\/cs\\\/kemparsky-odpocinek-ve-slovinskych-termalech-klenoty-o-kterych-jste-netusili-1-cast\\\/\"]}]},{\"@type\":\"ImageObject\",\"inLanguage\":\"cs\",\"@id\":\"https:\\\/\\\/all4camper.com\\\/cs\\\/kemparsky-odpocinek-ve-slovinskych-termalech-klenoty-o-kterych-jste-netusili-1-cast\\\/#primaryimage\",\"url\":\"https:\\\/\\\/all4camper.com\\\/wp-content\\\/uploads\\\/2019\\\/09\\\/cropped-dsc_4280tl.jpg\",\"contentUrl\":\"https:\\\/\\\/all4camper.com\\\/wp-content\\\/uploads\\\/2019\\\/09\\\/cropped-dsc_4280tl.jpg\",\"width\":888,\"height\":500},{\"@type\":\"BreadcrumbList\",\"@id\":\"https:\\\/\\\/all4camper.com\\\/cs\\\/kemparsky-odpocinek-ve-slovinskych-termalech-klenoty-o-kterych-jste-netusili-1-cast\\\/#breadcrumb\",\"itemListElement\":[{\"@type\":\"ListItem\",\"position\":1,\"name\":\"Dom\u016f\",\"item\":\"https:\\\/\\\/all4camper.com\\\/cs\\\/\"},{\"@type\":\"ListItem\",\"position\":2,\"name\":\"Kempujeme a cestujeme ve Slovinsku\",\"item\":\"https:\\\/\\\/all4camper.com\\\/cs\\\/category\\\/kempujeme-a-cestujeme-ve-slovinsku\\\/\"},{\"@type\":\"ListItem\",\"position\":3,\"name\":\"Term\u00e1ln\u00ed l\u00e1zn\u011b ve Slovinsku &#8211; Klenoty, o kter\u00fdch jste netu\u0161ili! 1. \u010d\u00e1st\"}]},{\"@type\":\"WebSite\",\"@id\":\"https:\\\/\\\/all4camper.com\\\/cs\\\/#website\",\"url\":\"https:\\\/\\\/all4camper.com\\\/cs\\\/\",\"name\":\"All4Camper\",\"description\":\"Nejv\u011bt\u0161\u00ed online magaz\u00edn o kempov\u00e1n\u00ed a karavaninku. V\u00edce jak 900 \u010dl\u00e1nk\u016f pln\u00fdch rad a tip\u016f o kempech a kempov\u00e1n\u00ed.\",\"publisher\":{\"@id\":\"https:\\\/\\\/all4camper.com\\\/cs\\\/#organization\"},\"potentialAction\":[{\"@type\":\"SearchAction\",\"target\":{\"@type\":\"EntryPoint\",\"urlTemplate\":\"https:\\\/\\\/all4camper.com\\\/cs\\\/?s={search_term_string}\"},\"query-input\":{\"@type\":\"PropertyValueSpecification\",\"valueRequired\":true,\"valueName\":\"search_term_string\"}}],\"inLanguage\":\"cs\"},{\"@type\":\"Organization\",\"@id\":\"https:\\\/\\\/all4camper.com\\\/cs\\\/#organization\",\"name\":\"All4Camper - kempujeme s Kl\u00e1rou\",\"url\":\"https:\\\/\\\/all4camper.com\\\/cs\\\/\",\"logo\":{\"@type\":\"ImageObject\",\"inLanguage\":\"cs\",\"@id\":\"https:\\\/\\\/all4camper.com\\\/cs\\\/#\\\/schema\\\/logo\\\/image\\\/\",\"url\":\"https:\\\/\\\/all4camper.com\\\/wp-content\\\/uploads\\\/2018\\\/09\\\/novelogo.png\",\"contentUrl\":\"https:\\\/\\\/all4camper.com\\\/wp-content\\\/uploads\\\/2018\\\/09\\\/novelogo.png\",\"width\":1520,\"height\":600,\"caption\":\"All4Camper - kempujeme s Kl\u00e1rou\"},\"image\":{\"@id\":\"https:\\\/\\\/all4camper.com\\\/cs\\\/#\\\/schema\\\/logo\\\/image\\\/\"}},{\"@type\":\"Person\",\"@id\":\"https:\\\/\\\/all4camper.com\\\/cs\\\/#\\\/schema\\\/person\\\/c6f1efdf1d02bc7d8c53a891cbe18c62\",\"name\":\"Kl\u00e1ra H\u00e1jkov\u00e1\",\"sameAs\":[\"http:\\\/\\\/www.all4camper.com\"],\"url\":\"https:\\\/\\\/all4camper.com\\\/cs\\\/author\\\/klarinkacestuje1\\\/\"}]}<\/script>\n<!-- \/ Yoast SEO plugin. -->","yoast_head_json":{"title":"Term\u00e1ln\u00ed l\u00e1zn\u011b ve Slovinsku - Klenoty, o kter\u00fdch jste netu\u0161ili! 1. \u010d\u00e1st - All4Camper","description":"All4Camper - Term\u00e1ln\u00ed l\u00e1zn\u011b ve Slovinsku - Klenoty, o kter\u00fdch jste netu\u0161ili! 1. \u010d\u00e1st","robots":{"index":"index","follow":"follow","max-snippet":"max-snippet:-1","max-image-preview":"max-image-preview:large","max-video-preview":"max-video-preview:-1"},"canonical":"https:\/\/all4camper.com\/cs\/kemparsky-odpocinek-ve-slovinskych-termalech-klenoty-o-kterych-jste-netusili-1-cast\/","og_locale":"cs_CZ","og_type":"article","og_title":"Term\u00e1ln\u00ed l\u00e1zn\u011b ve Slovinsku - Klenoty, o kter\u00fdch jste netu\u0161ili! 1. \u010d\u00e1st - All4Camper","og_description":"All4Camper - Term\u00e1ln\u00ed l\u00e1zn\u011b ve Slovinsku - Klenoty, o kter\u00fdch jste netu\u0161ili! 1. \u010d\u00e1st","og_url":"https:\/\/all4camper.com\/cs\/kemparsky-odpocinek-ve-slovinskych-termalech-klenoty-o-kterych-jste-netusili-1-cast\/","og_site_name":"All4Camper","article_published_time":"2019-09-29T08:11:49+00:00","article_modified_time":"2019-12-11T16:23:05+00:00","og_image":[{"width":888,"height":500,"url":"https:\/\/all4camper.com\/wp-content\/uploads\/2019\/09\/cropped-dsc_4280tl.jpg","type":"image\/jpeg"}],"author":"Kl\u00e1ra H\u00e1jkov\u00e1","twitter_card":"summary_large_image","twitter_misc":{"Napsal(a)":"Kl\u00e1ra H\u00e1jkov\u00e1","Odhadovan\u00e1 doba \u010dten\u00ed":"5 minut"},"schema":{"@context":"https:\/\/schema.org","@graph":[{"@type":"Article","@id":"https:\/\/all4camper.com\/cs\/kemparsky-odpocinek-ve-slovinskych-termalech-klenoty-o-kterych-jste-netusili-1-cast\/#article","isPartOf":{"@id":"https:\/\/all4camper.com\/cs\/kemparsky-odpocinek-ve-slovinskych-termalech-klenoty-o-kterych-jste-netusili-1-cast\/"},"author":{"name":"Kl\u00e1ra H\u00e1jkov\u00e1","@id":"https:\/\/all4camper.com\/cs\/#\/schema\/person\/c6f1efdf1d02bc7d8c53a891cbe18c62"},"headline":"Term\u00e1ln\u00ed l\u00e1zn\u011b ve Slovinsku &#8211; Klenoty, o kter\u00fdch jste netu\u0161ili! 1. \u010d\u00e1st","datePublished":"2019-09-29T08:11:49+00:00","dateModified":"2019-12-11T16:23:05+00:00","mainEntityOfPage":{"@id":"https:\/\/all4camper.com\/cs\/kemparsky-odpocinek-ve-slovinskych-termalech-klenoty-o-kterych-jste-netusili-1-cast\/"},"wordCount":1000,"publisher":{"@id":"https:\/\/all4camper.com\/cs\/#organization"},"image":{"@id":"https:\/\/all4camper.com\/cs\/kemparsky-odpocinek-ve-slovinskych-termalech-klenoty-o-kterych-jste-netusili-1-cast\/#primaryimage"},"thumbnailUrl":"https:\/\/all4camper.com\/wp-content\/uploads\/2019\/09\/cropped-dsc_4280tl.jpg","keywords":["Slovinsko","Term\u00e1ln\u00ed l\u00e1zn\u011b","Zimn\u00ed kempov\u00e1n\u00ed"],"articleSection":["Kempujeme a cestujeme ve Slovinsku","Novinky - Kempov\u00e1n\u00ed a karavaning","Term\u00e1ln\u00ed l\u00e1zn\u011b, akvaparky a z\u00e1bavn\u00ed parky","Zimn\u00ed kempov\u00e1n\u00ed"],"inLanguage":"cs"},{"@type":"WebPage","@id":"https:\/\/all4camper.com\/cs\/kemparsky-odpocinek-ve-slovinskych-termalech-klenoty-o-kterych-jste-netusili-1-cast\/","url":"https:\/\/all4camper.com\/cs\/kemparsky-odpocinek-ve-slovinskych-termalech-klenoty-o-kterych-jste-netusili-1-cast\/","name":"Term\u00e1ln\u00ed l\u00e1zn\u011b ve Slovinsku - Klenoty, o kter\u00fdch jste netu\u0161ili! 1. \u010d\u00e1st - All4Camper","isPartOf":{"@id":"https:\/\/all4camper.com\/cs\/#website"},"primaryImageOfPage":{"@id":"https:\/\/all4camper.com\/cs\/kemparsky-odpocinek-ve-slovinskych-termalech-klenoty-o-kterych-jste-netusili-1-cast\/#primaryimage"},"image":{"@id":"https:\/\/all4camper.com\/cs\/kemparsky-odpocinek-ve-slovinskych-termalech-klenoty-o-kterych-jste-netusili-1-cast\/#primaryimage"},"thumbnailUrl":"https:\/\/all4camper.com\/wp-content\/uploads\/2019\/09\/cropped-dsc_4280tl.jpg","datePublished":"2019-09-29T08:11:49+00:00","dateModified":"2019-12-11T16:23:05+00:00","description":"All4Camper - Term\u00e1ln\u00ed l\u00e1zn\u011b ve Slovinsku - Klenoty, o kter\u00fdch jste netu\u0161ili! 1. \u010d\u00e1st","breadcrumb":{"@id":"https:\/\/all4camper.com\/cs\/kemparsky-odpocinek-ve-slovinskych-termalech-klenoty-o-kterych-jste-netusili-1-cast\/#breadcrumb"},"inLanguage":"cs","potentialAction":[{"@type":"ReadAction","target":["https:\/\/all4camper.com\/cs\/kemparsky-odpocinek-ve-slovinskych-termalech-klenoty-o-kterych-jste-netusili-1-cast\/"]}]},{"@type":"ImageObject","inLanguage":"cs","@id":"https:\/\/all4camper.com\/cs\/kemparsky-odpocinek-ve-slovinskych-termalech-klenoty-o-kterych-jste-netusili-1-cast\/#primaryimage","url":"https:\/\/all4camper.com\/wp-content\/uploads\/2019\/09\/cropped-dsc_4280tl.jpg","contentUrl":"https:\/\/all4camper.com\/wp-content\/uploads\/2019\/09\/cropped-dsc_4280tl.jpg","width":888,"height":500},{"@type":"BreadcrumbList","@id":"https:\/\/all4camper.com\/cs\/kemparsky-odpocinek-ve-slovinskych-termalech-klenoty-o-kterych-jste-netusili-1-cast\/#breadcrumb","itemListElement":[{"@type":"ListItem","position":1,"name":"Dom\u016f","item":"https:\/\/all4camper.com\/cs\/"},{"@type":"ListItem","position":2,"name":"Kempujeme a cestujeme ve Slovinsku","item":"https:\/\/all4camper.com\/cs\/category\/kempujeme-a-cestujeme-ve-slovinsku\/"},{"@type":"ListItem","position":3,"name":"Term\u00e1ln\u00ed l\u00e1zn\u011b ve Slovinsku &#8211; Klenoty, o kter\u00fdch jste netu\u0161ili! 1. \u010d\u00e1st"}]},{"@type":"WebSite","@id":"https:\/\/all4camper.com\/cs\/#website","url":"https:\/\/all4camper.com\/cs\/","name":"All4Camper","description":"Nejv\u011bt\u0161\u00ed online magaz\u00edn o kempov\u00e1n\u00ed a karavaninku. V\u00edce jak 900 \u010dl\u00e1nk\u016f pln\u00fdch rad a tip\u016f o kempech a kempov\u00e1n\u00ed.","publisher":{"@id":"https:\/\/all4camper.com\/cs\/#organization"},"potentialAction":[{"@type":"SearchAction","target":{"@type":"EntryPoint","urlTemplate":"https:\/\/all4camper.com\/cs\/?s={search_term_string}"},"query-input":{"@type":"PropertyValueSpecification","valueRequired":true,"valueName":"search_term_string"}}],"inLanguage":"cs"},{"@type":"Organization","@id":"https:\/\/all4camper.com\/cs\/#organization","name":"All4Camper - kempujeme s Kl\u00e1rou","url":"https:\/\/all4camper.com\/cs\/","logo":{"@type":"ImageObject","inLanguage":"cs","@id":"https:\/\/all4camper.com\/cs\/#\/schema\/logo\/image\/","url":"https:\/\/all4camper.com\/wp-content\/uploads\/2018\/09\/novelogo.png","contentUrl":"https:\/\/all4camper.com\/wp-content\/uploads\/2018\/09\/novelogo.png","width":1520,"height":600,"caption":"All4Camper - kempujeme s Kl\u00e1rou"},"image":{"@id":"https:\/\/all4camper.com\/cs\/#\/schema\/logo\/image\/"}},{"@type":"Person","@id":"https:\/\/all4camper.com\/cs\/#\/schema\/person\/c6f1efdf1d02bc7d8c53a891cbe18c62","name":"Kl\u00e1ra H\u00e1jkov\u00e1","sameAs":["http:\/\/www.all4camper.com"],"url":"https:\/\/all4camper.com\/cs\/author\/klarinkacestuje1\/"}]}},"_links":{"self":[{"href":"https:\/\/all4camper.com\/cs\/wp-json\/wp\/v2\/posts\/82541","targetHints":{"allow":["GET"]}}],"collection":[{"href":"https:\/\/all4camper.com\/cs\/wp-json\/wp\/v2\/posts"}],"about":[{"href":"https:\/\/all4camper.com\/cs\/wp-json\/wp\/v2\/types\/post"}],"author":[{"embeddable":true,"href":"https:\/\/all4camper.com\/cs\/wp-json\/wp\/v2\/users\/4"}],"replies":[{"embeddable":true,"href":"https:\/\/all4camper.com\/cs\/wp-json\/wp\/v2\/comments?post=82541"}],"version-history":[{"count":0,"href":"https:\/\/all4camper.com\/cs\/wp-json\/wp\/v2\/posts\/82541\/revisions"}],"wp:featuredmedia":[{"embeddable":true,"href":"https:\/\/all4camper.com\/cs\/wp-json\/wp\/v2\/media\/82561"}],"wp:attachment":[{"href":"https:\/\/all4camper.com\/cs\/wp-json\/wp\/v2\/media?parent=82541"}],"wp:term":[{"taxonomy":"category","embeddable":true,"href":"https:\/\/all4camper.com\/cs\/wp-json\/wp\/v2\/categories?post=82541"},{"taxonomy":"post_tag","embeddable":true,"href":"https:\/\/all4camper.com\/cs\/wp-json\/wp\/v2\/tags?post=82541"}],"curies":[{"name":"wp","href":"https:\/\/api.w.org\/{rel}","templated":true}]}}