{"id":82241,"date":"2019-09-22T11:03:52","date_gmt":"2019-09-22T09:03:52","guid":{"rendered":"https:\/\/all4camper.com\/\/?p=82241"},"modified":"2020-10-26T13:46:35","modified_gmt":"2020-10-26T12:46:35","slug":"poznejte-nejoriginalnejsi-nemecka-odpocivadla-aneb-kdyz-uz-i-cesta-je-bajecny-zazitek","status":"publish","type":"post","link":"https:\/\/all4camper.com\/cs\/poznejte-nejoriginalnejsi-nemecka-odpocivadla-aneb-kdyz-uz-i-cesta-je-bajecny-zazitek\/","title":{"rendered":"Poznejte nejorigin\u00e1ln\u011bj\u0161\u00ed n\u011bmeck\u00e1 odpo\u010d\u00edvadla, aneb Kdy\u017e u\u017e i cesta je b\u00e1je\u010dn\u00fd z\u00e1\u017eitek"},"content":{"rendered":"\n<h4 class=\"wp-block-heading\"><strong>J\u00e1 prost\u011b miluji benz\u00ednov\u00e9 pumpy a u nich postaven\u00e1 odpo\u010d\u00edvadla. Zastaven\u00ed na takov\u00fdch m\u00edstech je hned z\u00e1bavn\u011bj\u0161\u00ed pro celou pos\u00e1dku vozu a cesta na dovolenou se tak st\u00e1v\u00e1 je\u0161t\u011b v\u011bt\u0161\u00edm z\u00e1\u017eitkem. Poj\u010fte se tedy nyn\u00ed se mnou projet N\u011bmeckem a zastavit se na p\u00e1r m\u00edstech, kter\u00e1 stoj\u00ed za to<\/strong> a potvrzuj\u00ed, \u017ee i &#8222;cesta je c\u00edl&#8220;.<\/h4>\n\n\n\n<figure class=\"wp-block-image\"><img loading=\"lazy\" decoding=\"async\" width=\"1440\" height=\"1080\" src=\"https:\/\/all4camper.com\/\/wp-content\/uploads\/2019\/09\/holiday-2721245_1920-1440x1080.jpg\" alt=\"\" class=\"wp-image-82249\" srcset=\"https:\/\/all4camper.com\/wp-content\/uploads\/2019\/09\/holiday-2721245_1920-1440x1080.jpg 1440w, https:\/\/all4camper.com\/wp-content\/uploads\/2019\/09\/holiday-2721245_1920-300x225.jpg 300w, https:\/\/all4camper.com\/wp-content\/uploads\/2019\/09\/holiday-2721245_1920-150x113.jpg 150w, https:\/\/all4camper.com\/wp-content\/uploads\/2019\/09\/holiday-2721245_1920-768x576.jpg 768w, https:\/\/all4camper.com\/wp-content\/uploads\/2019\/09\/holiday-2721245_1920-1536x1152.jpg 1536w, https:\/\/all4camper.com\/wp-content\/uploads\/2019\/09\/holiday-2721245_1920-678x509.jpg 678w, https:\/\/all4camper.com\/wp-content\/uploads\/2019\/09\/holiday-2721245_1920-326x245.jpg 326w, https:\/\/all4camper.com\/wp-content\/uploads\/2019\/09\/holiday-2721245_1920-80x60.jpg 80w, https:\/\/all4camper.com\/wp-content\/uploads\/2019\/09\/holiday-2721245_1920.jpg 1920w\" sizes=\"auto, (max-width: 1440px) 100vw, 1440px\" \/><\/figure>\n\n\n\n<h4 class=\"wp-block-heading\"><strong>Kdy\u017e je d\u00e1lni\u010dn\u00ed odpo\u010d\u00edvadlo um\u011bn\u00edm<\/strong><\/h4>\n\n\n\n<p>Tak by se dalo nazvat odpo\u010d\u00edvadlo, kter\u00e9 le\u017e\u00ed na A7 mezi Ulmem a Allg\u00e4u. Unaven\u00ed \u0159idi\u010di tu mohou nabrat s\u00edly u\u017e od roku 1997. <strong>Jedn\u00e1 se o po\u010din z\u00a0d\u00edlny rakousk\u00e9ho um\u011blce Herberta Maierhofera a m\u016f\u017ee v\u00e1m tak trochu p\u0159ipom\u00ednat d\u00edla Gaud\u00edho nebo Hundertwassera.<\/strong> Uvnit\u0159 v\u00e1m to pak zase bude p\u0159ipom\u00ednat gurm\u00e1nsk\u00fd r\u00e1j. V\u00a0tomto p\u0159\u00edpad\u011b se vyplat\u00ed t\u0159eba si i trochu zajet. Kuchyn\u011b je dom\u00e1c\u00ed, j\u00eddla se obm\u011b\u0148uj\u00ed podle ro\u010dn\u00edch obdob\u00ed, k\u00a0tomu p\u0159idejte perfektn\u00ed z\u00e1zem\u00ed pro d\u011bti a mal\u00fd obch\u016fdek a m\u00e1te m\u00edsto, kter\u00e9 v\u00e1s skute\u010dn\u011b nabije p\u0159ed dal\u0161\u00ed cestou. Vsa\u010fte se, \u017ee budete fotit! Najdete jej na <a rel=\"noreferrer noopener\" aria-label=\"tomto m\u00edst\u011b (opens in a new tab)\" href=\"https:\/\/www.google.de\/maps\/place\/Kunst-Rastst%C3%A4tte+Illertal-Ost\/@48.124216,10.0952929,14z\/data=!4m5!3m4!1s0x479be5ed56d2b993:0x5b0fc2ac9cd29908!8m2!3d48.124212!4d10.1128024\" target=\"_blank\">tomto m\u00edst\u011b<\/a> a celou nab\u00eddku odpo\u010d\u00edvadla si zobraz\u00edte na <a rel=\"noreferrer noopener\" aria-label=\" (opens in a new tab)\" href=\"https:\/\/www.illertal.com\/home.php\" target=\"_blank\">illertal.com<\/a><\/p>\n\n\n\n<figure class=\"wp-block-image\"><img loading=\"lazy\" decoding=\"async\" width=\"1200\" height=\"800\" src=\"https:\/\/all4camper.com\/\/wp-content\/uploads\/2019\/09\/kunst-1.jpg\" alt=\"\" class=\"wp-image-82251\" srcset=\"https:\/\/all4camper.com\/wp-content\/uploads\/2019\/09\/kunst-1.jpg 1200w, https:\/\/all4camper.com\/wp-content\/uploads\/2019\/09\/kunst-1-150x100.jpg 150w, https:\/\/all4camper.com\/wp-content\/uploads\/2019\/09\/kunst-1-300x200.jpg 300w, https:\/\/all4camper.com\/wp-content\/uploads\/2019\/09\/kunst-1-768x512.jpg 768w\" sizes=\"auto, (max-width: 1200px) 100vw, 1200px\" \/><\/figure>\n\n\n\n<h4 class=\"wp-block-heading\"><strong>Odpo\u010d\u00edvejte a kochejte se v\u00fdhledem na Frankfurt<\/strong><\/h4>\n\n\n\n<p>U\u017e v\u00e1s nebav\u00ed po cest\u011b na dovolenou monot\u00f3nn\u011b sledovat zadn\u00ed n\u00e1razn\u00edky a kufry jin\u00fdch vozidel a karavan\u016f? Na odpo\u010d\u00edvadle Taunusblick na d\u00e1lnici A5 pobl\u00ed\u017e Eschbornu <strong>najdete tak\u00e9 vyhl\u00eddkovou v\u011b\u017e, ze kter\u00e9 p\u0159i dobr\u00e9m po\u010das\u00ed m\u016f\u017eete pozorovat nap\u0159\u00edklad panorama Frankfurtu.<\/strong> Krom\u011b toho se tu maxim\u00e1ln\u011b v\u011bnuj\u00ed gastronomii. D\u00edky tomu tu t\u0159eba te\u010f, v r\u00e1mci obdob\u00ed Okoberfestu, najdete menu inspirovan\u00e9 pr\u00e1v\u011b t\u00edmto festivalem. No a pokud tudy budete proj\u00ed\u017ed\u011bt ve v\u00e1no\u010dn\u00edm \u010dase, pak v\u011b\u0159te, \u017ee budete pot\u011b\u0161eni i kr\u00e1snou v\u00e1no\u010dn\u00ed v\u00fdzdobou. A kde p\u0159esn\u011b toto d\u00e1lni\u010dn\u00ed odpo\u010d\u00edvadlo najdete? <a rel=\"noreferrer noopener\" aria-label=\"TADY (opens in a new tab)\" href=\"https:\/\/goo.gl\/maps\/iHAu7SoqJDLQuCqS8\" target=\"_blank\">TADY<\/a>. Dal\u0161\u00ed informace na <a href=\"https:\/\/www.raststaette-taunusblick.de\/\">raststaette-taunusblick.de<\/a> <\/p>\n\n\n\n<figure class=\"wp-block-image\"><img loading=\"lazy\" decoding=\"async\" width=\"1620\" height=\"1080\" src=\"https:\/\/all4camper.com\/\/wp-content\/uploads\/2019\/09\/die-event-fotografen-de-6715-1620x1080.jpg\" alt=\"\" class=\"wp-image-82383\" srcset=\"https:\/\/all4camper.com\/wp-content\/uploads\/2019\/09\/die-event-fotografen-de-6715-1620x1080.jpg 1620w, https:\/\/all4camper.com\/wp-content\/uploads\/2019\/09\/die-event-fotografen-de-6715-300x200.jpg 300w, https:\/\/all4camper.com\/wp-content\/uploads\/2019\/09\/die-event-fotografen-de-6715-150x100.jpg 150w, https:\/\/all4camper.com\/wp-content\/uploads\/2019\/09\/die-event-fotografen-de-6715-768x512.jpg 768w, https:\/\/all4camper.com\/wp-content\/uploads\/2019\/09\/die-event-fotografen-de-6715-1536x1024.jpg 1536w, https:\/\/all4camper.com\/wp-content\/uploads\/2019\/09\/die-event-fotografen-de-6715-2048x1366.jpg 2048w\" sizes=\"auto, (max-width: 1620px) 100vw, 1620px\" \/><figcaption>zdroj:  <a href=\"https:\/\/www.raststaette-taunusblick.de\/\" target=\"_blank\" rel=\"noreferrer noopener\" aria-label=\" (opens in a new tab)\">https:\/\/www.raststaette-taunusblick.de<\/a> <\/figcaption><\/figure>\n\n\n\n<h4 class=\"wp-block-heading\"><strong>I restaurace u silnice m\u016f\u017ee b\u00fdt romantick\u00e1 <\/strong><br><strong>a nezapomenuteln\u00e1<\/strong><\/h4>\n\n\n\n<p>A ta cestou na Fernpass mezi F\u00fcssenem a Imstem rozhodn\u011b je. Sice u\u017e je v\u00a0Rakousku, ale hl\u00e1s\u00ed se sp\u00ed\u0161e k\u00a0N\u011bmecku. Jmenuje se Zugspitzblick, tedy voln\u011b p\u0159elo\u017eeno n\u011bco jako v\u00fdhled na Zugspitze a ten tam rozhodn\u011b najdete. <strong>Kuchyn\u011b je tu naprosto dokonal\u00e1 &#8211; dom\u00e1c\u00ed tyrolsk\u00e1, ale o va\u0161i pozornost se bude dost pr\u00e1t tak\u00e9 \u00fa\u017easn\u00fd v\u00fdhled na jezero Blindsee a nejvy\u0161\u0161\u00ed horu N\u011bmecka<\/strong> Zugspitze. K\u00a0restauraci pat\u0159\u00ed i obchod se suven\u00fdry a d\u011btsk\u00e9 h\u0159i\u0161t\u011b. Dal\u0161\u00ed informace na <a rel=\"noreferrer noopener\" href=\"https:\/\/segnal.at\/restaurants\/zugspitzblick\/\">zugspitzblick<\/a>. Na map\u011b si tuto restauraci zobraz\u00edte <a rel=\"noreferrer noopener\" aria-label=\"tady (opens in a new tab)\" href=\"https:\/\/goo.gl\/maps\/S3eJ2R2MenhfJTNN6\" target=\"_blank\">tady<\/a>.<\/p>\n\n\n\n<figure class=\"wp-block-image\"><img loading=\"lazy\" decoding=\"async\" width=\"1200\" height=\"803\" src=\"https:\/\/all4camper.com\/\/wp-content\/uploads\/2019\/09\/zugspitzblick-3-kleiner.jpg\" alt=\"\" class=\"wp-image-82260\" srcset=\"https:\/\/all4camper.com\/wp-content\/uploads\/2019\/09\/zugspitzblick-3-kleiner.jpg 1200w, https:\/\/all4camper.com\/wp-content\/uploads\/2019\/09\/zugspitzblick-3-kleiner-150x100.jpg 150w, https:\/\/all4camper.com\/wp-content\/uploads\/2019\/09\/zugspitzblick-3-kleiner-300x201.jpg 300w, https:\/\/all4camper.com\/wp-content\/uploads\/2019\/09\/zugspitzblick-3-kleiner-768x514.jpg 768w\" sizes=\"auto, (max-width: 1200px) 100vw, 1200px\" \/><figcaption>zdroj:  <a href=\"https:\/\/segnal.at\/\" target=\"_blank\" rel=\"noreferrer noopener\" aria-label=\" (opens in a new tab)\">https:\/\/segnal.at<\/a> <\/figcaption><\/figure>\n\n\n\n<h4 class=\"wp-block-heading\">Vynikaj\u00edc\u00ed d<strong>ivo\u010dina u silnice<\/strong><\/h4>\n\n\n\n<p>U d\u00e1lnice A1 v\u00a0bl\u00edzkosti Dinglage najdete odpo\u010d\u00edvadlo s restaurac\u00ed ve kter\u00e9 se zastavuje mnoho cestovatel\u016f. Zd\u011bn\u00fd d\u016fm z\u00a018. stolet\u00ed m\u00e1 \u00fa\u017easnou dom\u00e1ckou atmosf\u00e9ru a na sv\u00e9 si tu p\u0159ijdou zejm\u00e9na &#8222;maso\u017eravci&#8220;. <strong>Specializuj\u00ed se tu toti\u017e na divo\u010dinu a jak u\u017e bylo nazna\u010deno v\u00a0\u00favodu, jde jim to v\u00e1\u017en\u011b dob\u0159e. <\/strong>Mnoho lid\u00ed sem jezd\u00ed prost\u011b na j\u00eddlo a nebere tohle m\u00edsto jen jako oby\u010dejnou zast\u00e1vku. A co vy? zastav\u00edte se? <a rel=\"noreferrer noopener\" aria-label=\"Mapa (opens in a new tab)\" href=\"https:\/\/goo.gl\/maps\/r3ojQr8q6F74JvBj6\" target=\"_blank\">Mapa<\/a>. <a rel=\"noreferrer noopener\" aria-label=\" (opens in a new tab)\" href=\"https:\/\/xn--jgerheim-lohne-5hb.de\/\" target=\"_blank\">jgerheim.de<\/a><\/p>\n\n\n\n<ul class=\"wp-block-gallery columns-1 is-cropped wp-block-gallery-1 is-layout-flex wp-block-gallery-is-layout-flex\"><li class=\"blocks-gallery-item\"><figure><img loading=\"lazy\" decoding=\"async\" width=\"780\" height=\"800\" src=\"https:\/\/all4camper.com\/\/wp-content\/uploads\/2019\/09\/Bild5.jpg\" alt=\"\" data-id=\"82384\" data-link=\"https:\/\/all4camper.com\/\/?attachment_id=82384\" class=\"wp-image-82384\" srcset=\"https:\/\/all4camper.com\/wp-content\/uploads\/2019\/09\/Bild5.jpg 780w, https:\/\/all4camper.com\/wp-content\/uploads\/2019\/09\/Bild5-146x150.jpg 146w, https:\/\/all4camper.com\/wp-content\/uploads\/2019\/09\/Bild5-293x300.jpg 293w, https:\/\/all4camper.com\/wp-content\/uploads\/2019\/09\/Bild5-768x788.jpg 768w\" sizes=\"auto, (max-width: 780px) 100vw, 780px\" \/><figcaption>Zdroj:  <a href=\"https:\/\/xn--jgerheim-lohne-5hb.de\/\">https:\/\/j\u00e4gerheim-lohne.de<\/a> <\/figcaption><\/figure><\/li><\/ul>\n\n\n\n<h3 class=\"wp-block-heading\"><strong>Odpo\u010dinek v&nbsp;odpo\u010dinkov\u00e9 oblasti<\/strong><\/h3>\n\n\n\n<p>Na A61, ji\u017en\u011b od k\u0159i\u017eovatky na Koblenz, se p\u0159\u00edmo u Moselsk\u00e9ho viaduktu  nach\u00e1z\u00ed dal\u0161\u00ed m\u00edsto, kde v\u00e1\u017en\u011b chcete na chvilku vypnout motor. <strong>Tohle odpo\u010d\u00edvadlo v\u00e1m toti\u017e umo\u017en\u00ed nejen se dob\u0159e naj\u00edst a celkov\u011b osv\u011b\u017eit, ale tak\u00e9 si z\u00a0nedalek\u00e9 promen\u00e1dy m\u016f\u017eete prohl\u00e9dnout n\u00e1dhern\u00e9 moselsk\u00e9 \u00fadol\u00ed pln\u00e9 vinic. <\/strong>Dokonce pr\u00e1v\u011b t\u00edmto m\u00edstem proch\u00e1zej\u00ed i turistick\u00e9 stezky a je mo\u017en\u00e9, \u017ee odtud nebudete cht\u00edt odjet, nebo\u0165 jeden z v\u00fdletn\u00edch c\u00edl\u016f jsem tu ji\u017e popisovala v \u010dl\u00e1nku <a rel=\"noreferrer noopener\" aria-label=\"Kempov\u00e1n\u00ed u proslul\u00e9 n\u011bmeck\u00e9 Loreley (opens in a new tab)\" href=\"\/?p=80513\" target=\"_blank\">Kempov\u00e1n\u00ed u proslul\u00e9 n\u011bmeck\u00e9 Loreley<\/a>. P\u0159esnou polohu si zobraz\u00edte <a rel=\"noreferrer noopener\" aria-label=\"tady (opens in a new tab)\" href=\"https:\/\/www.google.com\/maps\/dir\/My+Location\/50.317,7.497\/@50.3166522,7.4273278,12z\/data=!3m1!4b1!4m2!4m1!3e0\" target=\"_blank\">tady<\/a> a dal\u0161\u00ed informace o odpo\u010d\u00edvadle si p\u0159e\u010dtete tady <a rel=\"noreferrer noopener\" aria-label=\" (opens in a new tab)\" href=\"https:\/\/www.serways.de\/standorte\/moseltal-west\/\" target=\"_blank\">serways.de<\/a><\/p>\n\n\n\n<figure class=\"wp-block-image\"><img loading=\"lazy\" decoding=\"async\" width=\"570\" height=\"400\" src=\"https:\/\/all4camper.com\/\/wp-content\/uploads\/2019\/09\/location-placeholder.jpg\" alt=\"\" class=\"wp-image-82264\" srcset=\"https:\/\/all4camper.com\/wp-content\/uploads\/2019\/09\/location-placeholder.jpg 570w, https:\/\/all4camper.com\/wp-content\/uploads\/2019\/09\/location-placeholder-150x105.jpg 150w, https:\/\/all4camper.com\/wp-content\/uploads\/2019\/09\/location-placeholder-300x211.jpg 300w\" sizes=\"auto, (max-width: 570px) 100vw, 570px\" \/><figcaption>zdroj: <a rel=\"noreferrer noopener\" href=\"https:\/\/www.serways.de\/standorte\/moseltal-west\/\" target=\"_blank\">serways.de<\/a> <\/figcaption><\/figure>\n\n\n\n<h3 class=\"wp-block-heading\"><strong>Pauza na route 66<\/strong><\/h3>\n\n\n\n<p>Takov\u00e1 atmosf\u00e9ra panuje na d\u00e1lnici A10 na ji\u017en\u00edm berl\u00ednsk\u00e9m okruhu. P\u0159i pohledu na budovu i <strong>p\u0159i posezen\u00ed uvnit\u0159 si budete p\u0159ipadat, jako byste se ocitli v\u00a0Americe v\u00a050. letech.<\/strong> Tomu odpov\u00edd\u00e1 i nab\u00eddla j\u00eddla, kter\u00e9 kraluj\u00ed b\u00e1je\u010dn\u00e9 hamburgery. Restauraci s odpo\u010d\u00edvadlem najdete <a href=\"https:\/\/goo.gl\/maps\/FUDbDjVxpNVVLprz5\">tady<\/a> a jej\u00ed plnou nab\u00eddku si m\u016f\u017eete p\u0159e\u010d\u00edst na <a rel=\"noreferrer noopener\" aria-label=\" (opens in a new tab)\" href=\"https:\/\/www.cindys-diner.de\/restaurants\/fichtenplan\" target=\"_blank\">cindys-diner.de<\/a><\/p>\n\n\n\n<figure class=\"wp-block-image\"><img loading=\"lazy\" decoding=\"async\" width=\"909\" height=\"311\" src=\"https:\/\/all4camper.com\/\/wp-content\/uploads\/2019\/09\/Slider_Fichtenplan_909x311_3.jpg\" alt=\"\" class=\"wp-image-82266\" srcset=\"https:\/\/all4camper.com\/wp-content\/uploads\/2019\/09\/Slider_Fichtenplan_909x311_3.jpg 909w, https:\/\/all4camper.com\/wp-content\/uploads\/2019\/09\/Slider_Fichtenplan_909x311_3-150x51.jpg 150w, https:\/\/all4camper.com\/wp-content\/uploads\/2019\/09\/Slider_Fichtenplan_909x311_3-300x103.jpg 300w, https:\/\/all4camper.com\/wp-content\/uploads\/2019\/09\/Slider_Fichtenplan_909x311_3-768x263.jpg 768w\" sizes=\"auto, (max-width: 909px) 100vw, 909px\" \/><figcaption>Zdroj:  <a rel=\"noreferrer noopener\" href=\"https:\/\/www.cindys-diner.de\/restaurants\/fichtenplan\" target=\"_blank\">cindys-diner.de<\/a> <\/figcaption><\/figure>\n\n\n\n<h3 class=\"wp-block-heading\"><strong>Prota\u017een\u00ed u bavorsk\u00e9ho mo\u0159e<\/strong><\/h3>\n\n\n\n<p>Tu si m\u016f\u017eete dop\u0159\u00e1t u jezera Chiemsee na A8 mezi Rosenheimem <br>a Salzburgem, kde m\u00e1 spole\u010dnost Chiemgau Rastst\u00e4tten hned t\u0159i m\u00edsta k\u00a0zastaven\u00ed. Klasickou benzinku s\u00a0naprosto <strong>exkluzivn\u00ed bavorskou kuchyn\u00ed, dal\u0161\u00ed, zam\u011b\u0159enou na k\u00e1vov\u00e9 speciality, a pak samotn\u00e9 velk\u00e9 odpo\u010d\u00edvadlo s\u00a0restaurac\u00ed a kr\u00e1snou vyhl\u00eddkovou terasou<\/strong>. Vybrat jednu z\u00a0nich, a zobrazit tak\u00e9 na map\u011b, si m\u016f\u017eete tady. <a rel=\"noreferrer noopener\" aria-label=\" (opens in a new tab)\" href=\"https:\/\/www.autobahnrasthaus.de\/\" target=\"_blank\">autobahnrasthaus.de<\/a><\/p>\n\n\n\n<figure class=\"wp-block-image\"><img loading=\"lazy\" decoding=\"async\" width=\"800\" height=\"800\" src=\"https:\/\/all4camper.com\/\/wp-content\/uploads\/2019\/09\/Kontakt-800x800.jpg\" alt=\"\" class=\"wp-image-82269\" srcset=\"https:\/\/all4camper.com\/wp-content\/uploads\/2019\/09\/Kontakt-800x800.jpg 800w, https:\/\/all4camper.com\/wp-content\/uploads\/2019\/09\/Kontakt-800x800-150x150.jpg 150w, https:\/\/all4camper.com\/wp-content\/uploads\/2019\/09\/Kontakt-800x800-300x300.jpg 300w, https:\/\/all4camper.com\/wp-content\/uploads\/2019\/09\/Kontakt-800x800-768x768.jpg 768w\" sizes=\"auto, (max-width: 800px) 100vw, 800px\" \/><figcaption>Zdroj:  <a rel=\"noreferrer noopener\" href=\"https:\/\/www.autobahnrasthaus.de\/\" target=\"_blank\">autobahnrasthaus.de<\/a> <\/figcaption><\/figure>\n\n\n\n<h3 class=\"wp-block-heading\">Dokonal\u00e9 m\u00edsto p<strong>ro milovn\u00edky v\u00fdchodn\u00edch filozofi\u00ed<\/strong><\/h3>\n\n\n\n<p>Tak pr\u00e1v\u011b pro ty je nezbytn\u00fdm m\u00edstem k\u00a0zastaven\u00ed odpo\u010d\u00edvadlo na A8 mezi Stuttgartem a Ulmem. <strong>Jedn\u00e1 se o prvn\u00ed Feng Shui odpo\u010d\u00edvadlo v\u00a0Evrop\u011b<\/strong>. V\u0161e je to vystav\u011bno a vylad\u011bno do nejmen\u0161\u00edch detail\u016f (v\u010detn\u011b t\u0159eba j\u00eddla), tak\u017ee odj\u00ed\u017ed\u011bt byste m\u011bli prakticky \u201eznovuzrozen\u00ed\u201c. Nen\u00ed to ale jen o spr\u00e1vn\u00e9m rozd\u011blen\u00ed prostor. V\u0161emu napom\u00e1h\u00e1 i zvl\u00e1\u0161tn\u00ed energie v\u00a0m\u00edst\u011b samotn\u00e9m. Doporu\u010duji se tu zastavit jem\u00e9na v moment\u011b, kdy jsou p\u0159ed v\u00e1mi hl\u00e1\u0161eny kolony. <a rel=\"noreferrer noopener\" aria-label=\"Na map\u011b ji najdete tady (opens in a new tab)\" href=\"https:\/\/goo.gl\/maps\/QzD6EWPF6zweC7dx6\" target=\"_blank\">Na map\u011b ji najdete tady<\/a>. <a rel=\"noreferrer noopener\" aria-label=\" (opens in a new tab)\" href=\"https:\/\/fengshuirasthaus.de\/\" target=\"_blank\">fengshuirasthaus.de<\/a><\/p>\n\n\n\n<div class=\"wp-block-image\"><figure class=\"aligncenter\"><img loading=\"lazy\" decoding=\"async\" width=\"440\" height=\"260\" src=\"https:\/\/all4camper.com\/\/wp-content\/uploads\/2019\/09\/foto.png\" alt=\"\" class=\"wp-image-82387\" srcset=\"https:\/\/all4camper.com\/wp-content\/uploads\/2019\/09\/foto.png 440w, https:\/\/all4camper.com\/wp-content\/uploads\/2019\/09\/foto-150x89.png 150w, https:\/\/all4camper.com\/wp-content\/uploads\/2019\/09\/foto-300x177.png 300w\" sizes=\"auto, (max-width: 440px) 100vw, 440px\" \/><figcaption>zdroj:  <a rel=\"noreferrer noopener\" href=\"https:\/\/fengshuirasthaus.de\/\" target=\"_blank\">fengshuirasthaus.de<\/a> <\/figcaption><\/figure><\/div>\n","protected":false},"excerpt":{"rendered":"<p>J\u00e1 prost\u011b miluji benz\u00ednov\u00e9 pumpy a u nich postaven\u00e1 odpo\u010d\u00edvadla. Zastaven\u00ed na takov\u00fdch m\u00edstech je hned z\u00e1bavn\u011bj\u0161\u00ed pro celou pos\u00e1dku vozu a cesta na dovolenou se tak st\u00e1v\u00e1 je\u0161t\u011b v\u011bt\u0161\u00edm z\u00e1\u017eitkem. Poj\u010fte se tedy nyn\u00ed se mnou projet N\u011bmeckem a zastavit se na p\u00e1r m\u00edstech, kter\u00e1 stoj\u00ed za to a potvrzuj\u00ed, \u017ee i &#8222;cesta je [&hellip;]<\/p>\n","protected":false},"author":161,"featured_media":82388,"comment_status":"closed","ping_status":"open","sticky":false,"template":"","format":"standard","meta":{"_monsterinsights_skip_tracking":false,"_monsterinsights_sitenote_active":false,"_monsterinsights_sitenote_note":"","_monsterinsights_sitenote_category":0,"footnotes":""},"categories":[2377,8209],"tags":[97,226],"class_list":{"0":"post-82241","1":"post","2":"type-post","3":"status-publish","4":"format-standard","5":"has-post-thumbnail","7":"category-kempovani-a-cestovani-v-nemecku","8":"category-rady-tipy-informace","9":"tag-nemecko","10":"tag-rady-a-tipy"},"yoast_head":"<!-- This site is optimized with the Yoast SEO plugin v27.5 - https:\/\/yoast.com\/product\/yoast-seo-wordpress\/ -->\n<title>Poznejte nejorigin\u00e1ln\u011bj\u0161\u00ed n\u011bmeck\u00e1 odpo\u010d\u00edvadla, aneb Kdy\u017e u\u017e i cesta je b\u00e1je\u010dn\u00fd z\u00e1\u017eitek - All4Camper<\/title>\n<meta name=\"description\" content=\"All4Camper - Poznejte nejorigin\u00e1ln\u011bj\u0161\u00ed n\u011bmeck\u00e1 odpo\u010d\u00edvadla, aneb Kdy\u017e u\u017e i cesta je b\u00e1je\u010dn\u00fd z\u00e1\u017eitek\" \/>\n<meta name=\"robots\" content=\"index, follow, max-snippet:-1, max-image-preview:large, max-video-preview:-1\" \/>\n<link rel=\"canonical\" href=\"https:\/\/all4camper.com\/cs\/poznejte-nejoriginalnejsi-nemecka-odpocivadla-aneb-kdyz-uz-i-cesta-je-bajecny-zazitek\/\" \/>\n<meta property=\"og:locale\" content=\"cs_CZ\" \/>\n<meta property=\"og:type\" content=\"article\" \/>\n<meta property=\"og:title\" content=\"Poznejte nejorigin\u00e1ln\u011bj\u0161\u00ed n\u011bmeck\u00e1 odpo\u010d\u00edvadla, aneb Kdy\u017e u\u017e i cesta je b\u00e1je\u010dn\u00fd z\u00e1\u017eitek - All4Camper\" \/>\n<meta property=\"og:description\" content=\"All4Camper - Poznejte nejorigin\u00e1ln\u011bj\u0161\u00ed n\u011bmeck\u00e1 odpo\u010d\u00edvadla, aneb Kdy\u017e u\u017e i cesta je b\u00e1je\u010dn\u00fd z\u00e1\u017eitek\" \/>\n<meta property=\"og:url\" content=\"https:\/\/all4camper.com\/cs\/poznejte-nejoriginalnejsi-nemecka-odpocivadla-aneb-kdyz-uz-i-cesta-je-bajecny-zazitek\/\" \/>\n<meta property=\"og:site_name\" content=\"All4Camper\" \/>\n<meta property=\"article:published_time\" content=\"2019-09-22T09:03:52+00:00\" \/>\n<meta property=\"article:modified_time\" content=\"2020-10-26T12:46:35+00:00\" \/>\n<meta property=\"og:image\" content=\"https:\/\/all4camper.com\/wp-content\/uploads\/2019\/09\/cropped-die-event-fotografen-de-6715.jpg\" \/>\n\t<meta property=\"og:image:width\" content=\"2500\" \/>\n\t<meta property=\"og:image:height\" content=\"1407\" \/>\n\t<meta property=\"og:image:type\" content=\"image\/jpeg\" \/>\n<meta name=\"author\" content=\"Kate\u0159ina\" \/>\n<meta name=\"twitter:card\" content=\"summary_large_image\" \/>\n<meta name=\"twitter:label1\" content=\"Napsal(a)\" \/>\n\t<meta name=\"twitter:data1\" content=\"Kate\u0159ina\" \/>\n\t<meta name=\"twitter:label2\" content=\"Odhadovan\u00e1 doba \u010dten\u00ed\" \/>\n\t<meta name=\"twitter:data2\" content=\"5 minut\" \/>\n<script type=\"application\/ld+json\" class=\"yoast-schema-graph\">{\"@context\":\"https:\\\/\\\/schema.org\",\"@graph\":[{\"@type\":\"Article\",\"@id\":\"https:\\\/\\\/all4camper.com\\\/cs\\\/poznejte-nejoriginalnejsi-nemecka-odpocivadla-aneb-kdyz-uz-i-cesta-je-bajecny-zazitek\\\/#article\",\"isPartOf\":{\"@id\":\"https:\\\/\\\/all4camper.com\\\/cs\\\/poznejte-nejoriginalnejsi-nemecka-odpocivadla-aneb-kdyz-uz-i-cesta-je-bajecny-zazitek\\\/\"},\"author\":{\"name\":\"Kate\u0159ina\",\"@id\":\"https:\\\/\\\/all4camper.com\\\/cs\\\/#\\\/schema\\\/person\\\/9349489688d4c221ca0fc39ae6bcb70b\"},\"headline\":\"Poznejte nejorigin\u00e1ln\u011bj\u0161\u00ed n\u011bmeck\u00e1 odpo\u010d\u00edvadla, aneb Kdy\u017e u\u017e i cesta je b\u00e1je\u010dn\u00fd z\u00e1\u017eitek\",\"datePublished\":\"2019-09-22T09:03:52+00:00\",\"dateModified\":\"2020-10-26T12:46:35+00:00\",\"mainEntityOfPage\":{\"@id\":\"https:\\\/\\\/all4camper.com\\\/cs\\\/poznejte-nejoriginalnejsi-nemecka-odpocivadla-aneb-kdyz-uz-i-cesta-je-bajecny-zazitek\\\/\"},\"wordCount\":1035,\"publisher\":{\"@id\":\"https:\\\/\\\/all4camper.com\\\/cs\\\/#organization\"},\"image\":{\"@id\":\"https:\\\/\\\/all4camper.com\\\/cs\\\/poznejte-nejoriginalnejsi-nemecka-odpocivadla-aneb-kdyz-uz-i-cesta-je-bajecny-zazitek\\\/#primaryimage\"},\"thumbnailUrl\":\"https:\\\/\\\/all4camper.com\\\/wp-content\\\/uploads\\\/2019\\\/09\\\/cropped-die-event-fotografen-de-6715.jpg\",\"keywords\":[\"N\u011bmecko\",\"Rady-tipy-informace\"],\"articleSection\":[\"Kempov\u00e1n\u00ed a cestov\u00e1n\u00ed v N\u011bmecku\",\"Rady, tipy, informace\"],\"inLanguage\":\"cs\"},{\"@type\":\"WebPage\",\"@id\":\"https:\\\/\\\/all4camper.com\\\/cs\\\/poznejte-nejoriginalnejsi-nemecka-odpocivadla-aneb-kdyz-uz-i-cesta-je-bajecny-zazitek\\\/\",\"url\":\"https:\\\/\\\/all4camper.com\\\/cs\\\/poznejte-nejoriginalnejsi-nemecka-odpocivadla-aneb-kdyz-uz-i-cesta-je-bajecny-zazitek\\\/\",\"name\":\"Poznejte nejorigin\u00e1ln\u011bj\u0161\u00ed n\u011bmeck\u00e1 odpo\u010d\u00edvadla, aneb Kdy\u017e u\u017e i cesta je b\u00e1je\u010dn\u00fd z\u00e1\u017eitek - All4Camper\",\"isPartOf\":{\"@id\":\"https:\\\/\\\/all4camper.com\\\/cs\\\/#website\"},\"primaryImageOfPage\":{\"@id\":\"https:\\\/\\\/all4camper.com\\\/cs\\\/poznejte-nejoriginalnejsi-nemecka-odpocivadla-aneb-kdyz-uz-i-cesta-je-bajecny-zazitek\\\/#primaryimage\"},\"image\":{\"@id\":\"https:\\\/\\\/all4camper.com\\\/cs\\\/poznejte-nejoriginalnejsi-nemecka-odpocivadla-aneb-kdyz-uz-i-cesta-je-bajecny-zazitek\\\/#primaryimage\"},\"thumbnailUrl\":\"https:\\\/\\\/all4camper.com\\\/wp-content\\\/uploads\\\/2019\\\/09\\\/cropped-die-event-fotografen-de-6715.jpg\",\"datePublished\":\"2019-09-22T09:03:52+00:00\",\"dateModified\":\"2020-10-26T12:46:35+00:00\",\"description\":\"All4Camper - Poznejte nejorigin\u00e1ln\u011bj\u0161\u00ed n\u011bmeck\u00e1 odpo\u010d\u00edvadla, aneb Kdy\u017e u\u017e i cesta je b\u00e1je\u010dn\u00fd z\u00e1\u017eitek\",\"breadcrumb\":{\"@id\":\"https:\\\/\\\/all4camper.com\\\/cs\\\/poznejte-nejoriginalnejsi-nemecka-odpocivadla-aneb-kdyz-uz-i-cesta-je-bajecny-zazitek\\\/#breadcrumb\"},\"inLanguage\":\"cs\",\"potentialAction\":[{\"@type\":\"ReadAction\",\"target\":[\"https:\\\/\\\/all4camper.com\\\/cs\\\/poznejte-nejoriginalnejsi-nemecka-odpocivadla-aneb-kdyz-uz-i-cesta-je-bajecny-zazitek\\\/\"]}]},{\"@type\":\"ImageObject\",\"inLanguage\":\"cs\",\"@id\":\"https:\\\/\\\/all4camper.com\\\/cs\\\/poznejte-nejoriginalnejsi-nemecka-odpocivadla-aneb-kdyz-uz-i-cesta-je-bajecny-zazitek\\\/#primaryimage\",\"url\":\"https:\\\/\\\/all4camper.com\\\/wp-content\\\/uploads\\\/2019\\\/09\\\/cropped-die-event-fotografen-de-6715.jpg\",\"contentUrl\":\"https:\\\/\\\/all4camper.com\\\/wp-content\\\/uploads\\\/2019\\\/09\\\/cropped-die-event-fotografen-de-6715.jpg\",\"width\":2500,\"height\":1407},{\"@type\":\"BreadcrumbList\",\"@id\":\"https:\\\/\\\/all4camper.com\\\/cs\\\/poznejte-nejoriginalnejsi-nemecka-odpocivadla-aneb-kdyz-uz-i-cesta-je-bajecny-zazitek\\\/#breadcrumb\",\"itemListElement\":[{\"@type\":\"ListItem\",\"position\":1,\"name\":\"Dom\u016f\",\"item\":\"https:\\\/\\\/all4camper.com\\\/cs\\\/\"},{\"@type\":\"ListItem\",\"position\":2,\"name\":\"Kempov\u00e1n\u00ed a cestov\u00e1n\u00ed v N\u011bmecku\",\"item\":\"https:\\\/\\\/all4camper.com\\\/cs\\\/category\\\/kempovani-a-cestovani-v-nemecku\\\/\"},{\"@type\":\"ListItem\",\"position\":3,\"name\":\"Poznejte nejorigin\u00e1ln\u011bj\u0161\u00ed n\u011bmeck\u00e1 odpo\u010d\u00edvadla, aneb Kdy\u017e u\u017e i cesta je b\u00e1je\u010dn\u00fd z\u00e1\u017eitek\"}]},{\"@type\":\"WebSite\",\"@id\":\"https:\\\/\\\/all4camper.com\\\/cs\\\/#website\",\"url\":\"https:\\\/\\\/all4camper.com\\\/cs\\\/\",\"name\":\"All4Camper\",\"description\":\"Nejv\u011bt\u0161\u00ed online magaz\u00edn o kempov\u00e1n\u00ed a karavaninku. V\u00edce jak 900 \u010dl\u00e1nk\u016f pln\u00fdch rad a tip\u016f o kempech a kempov\u00e1n\u00ed.\",\"publisher\":{\"@id\":\"https:\\\/\\\/all4camper.com\\\/cs\\\/#organization\"},\"potentialAction\":[{\"@type\":\"SearchAction\",\"target\":{\"@type\":\"EntryPoint\",\"urlTemplate\":\"https:\\\/\\\/all4camper.com\\\/cs\\\/?s={search_term_string}\"},\"query-input\":{\"@type\":\"PropertyValueSpecification\",\"valueRequired\":true,\"valueName\":\"search_term_string\"}}],\"inLanguage\":\"cs\"},{\"@type\":\"Organization\",\"@id\":\"https:\\\/\\\/all4camper.com\\\/cs\\\/#organization\",\"name\":\"All4Camper - kempujeme s Kl\u00e1rou\",\"url\":\"https:\\\/\\\/all4camper.com\\\/cs\\\/\",\"logo\":{\"@type\":\"ImageObject\",\"inLanguage\":\"cs\",\"@id\":\"https:\\\/\\\/all4camper.com\\\/cs\\\/#\\\/schema\\\/logo\\\/image\\\/\",\"url\":\"https:\\\/\\\/all4camper.com\\\/wp-content\\\/uploads\\\/2018\\\/09\\\/novelogo.png\",\"contentUrl\":\"https:\\\/\\\/all4camper.com\\\/wp-content\\\/uploads\\\/2018\\\/09\\\/novelogo.png\",\"width\":1520,\"height\":600,\"caption\":\"All4Camper - kempujeme s Kl\u00e1rou\"},\"image\":{\"@id\":\"https:\\\/\\\/all4camper.com\\\/cs\\\/#\\\/schema\\\/logo\\\/image\\\/\"}},{\"@type\":\"Person\",\"@id\":\"https:\\\/\\\/all4camper.com\\\/cs\\\/#\\\/schema\\\/person\\\/9349489688d4c221ca0fc39ae6bcb70b\",\"name\":\"Kate\u0159ina\",\"url\":\"https:\\\/\\\/all4camper.com\\\/cs\\\/author\\\/kterina\\\/\"}]}<\/script>\n<!-- \/ Yoast SEO plugin. -->","yoast_head_json":{"title":"Poznejte nejorigin\u00e1ln\u011bj\u0161\u00ed n\u011bmeck\u00e1 odpo\u010d\u00edvadla, aneb Kdy\u017e u\u017e i cesta je b\u00e1je\u010dn\u00fd z\u00e1\u017eitek - All4Camper","description":"All4Camper - Poznejte nejorigin\u00e1ln\u011bj\u0161\u00ed n\u011bmeck\u00e1 odpo\u010d\u00edvadla, aneb Kdy\u017e u\u017e i cesta je b\u00e1je\u010dn\u00fd z\u00e1\u017eitek","robots":{"index":"index","follow":"follow","max-snippet":"max-snippet:-1","max-image-preview":"max-image-preview:large","max-video-preview":"max-video-preview:-1"},"canonical":"https:\/\/all4camper.com\/cs\/poznejte-nejoriginalnejsi-nemecka-odpocivadla-aneb-kdyz-uz-i-cesta-je-bajecny-zazitek\/","og_locale":"cs_CZ","og_type":"article","og_title":"Poznejte nejorigin\u00e1ln\u011bj\u0161\u00ed n\u011bmeck\u00e1 odpo\u010d\u00edvadla, aneb Kdy\u017e u\u017e i cesta je b\u00e1je\u010dn\u00fd z\u00e1\u017eitek - All4Camper","og_description":"All4Camper - Poznejte nejorigin\u00e1ln\u011bj\u0161\u00ed n\u011bmeck\u00e1 odpo\u010d\u00edvadla, aneb Kdy\u017e u\u017e i cesta je b\u00e1je\u010dn\u00fd z\u00e1\u017eitek","og_url":"https:\/\/all4camper.com\/cs\/poznejte-nejoriginalnejsi-nemecka-odpocivadla-aneb-kdyz-uz-i-cesta-je-bajecny-zazitek\/","og_site_name":"All4Camper","article_published_time":"2019-09-22T09:03:52+00:00","article_modified_time":"2020-10-26T12:46:35+00:00","og_image":[{"width":2500,"height":1407,"url":"https:\/\/all4camper.com\/wp-content\/uploads\/2019\/09\/cropped-die-event-fotografen-de-6715.jpg","type":"image\/jpeg"}],"author":"Kate\u0159ina","twitter_card":"summary_large_image","twitter_misc":{"Napsal(a)":"Kate\u0159ina","Odhadovan\u00e1 doba \u010dten\u00ed":"5 minut"},"schema":{"@context":"https:\/\/schema.org","@graph":[{"@type":"Article","@id":"https:\/\/all4camper.com\/cs\/poznejte-nejoriginalnejsi-nemecka-odpocivadla-aneb-kdyz-uz-i-cesta-je-bajecny-zazitek\/#article","isPartOf":{"@id":"https:\/\/all4camper.com\/cs\/poznejte-nejoriginalnejsi-nemecka-odpocivadla-aneb-kdyz-uz-i-cesta-je-bajecny-zazitek\/"},"author":{"name":"Kate\u0159ina","@id":"https:\/\/all4camper.com\/cs\/#\/schema\/person\/9349489688d4c221ca0fc39ae6bcb70b"},"headline":"Poznejte nejorigin\u00e1ln\u011bj\u0161\u00ed n\u011bmeck\u00e1 odpo\u010d\u00edvadla, aneb Kdy\u017e u\u017e i cesta je b\u00e1je\u010dn\u00fd z\u00e1\u017eitek","datePublished":"2019-09-22T09:03:52+00:00","dateModified":"2020-10-26T12:46:35+00:00","mainEntityOfPage":{"@id":"https:\/\/all4camper.com\/cs\/poznejte-nejoriginalnejsi-nemecka-odpocivadla-aneb-kdyz-uz-i-cesta-je-bajecny-zazitek\/"},"wordCount":1035,"publisher":{"@id":"https:\/\/all4camper.com\/cs\/#organization"},"image":{"@id":"https:\/\/all4camper.com\/cs\/poznejte-nejoriginalnejsi-nemecka-odpocivadla-aneb-kdyz-uz-i-cesta-je-bajecny-zazitek\/#primaryimage"},"thumbnailUrl":"https:\/\/all4camper.com\/wp-content\/uploads\/2019\/09\/cropped-die-event-fotografen-de-6715.jpg","keywords":["N\u011bmecko","Rady-tipy-informace"],"articleSection":["Kempov\u00e1n\u00ed a cestov\u00e1n\u00ed v N\u011bmecku","Rady, tipy, informace"],"inLanguage":"cs"},{"@type":"WebPage","@id":"https:\/\/all4camper.com\/cs\/poznejte-nejoriginalnejsi-nemecka-odpocivadla-aneb-kdyz-uz-i-cesta-je-bajecny-zazitek\/","url":"https:\/\/all4camper.com\/cs\/poznejte-nejoriginalnejsi-nemecka-odpocivadla-aneb-kdyz-uz-i-cesta-je-bajecny-zazitek\/","name":"Poznejte nejorigin\u00e1ln\u011bj\u0161\u00ed n\u011bmeck\u00e1 odpo\u010d\u00edvadla, aneb Kdy\u017e u\u017e i cesta je b\u00e1je\u010dn\u00fd z\u00e1\u017eitek - All4Camper","isPartOf":{"@id":"https:\/\/all4camper.com\/cs\/#website"},"primaryImageOfPage":{"@id":"https:\/\/all4camper.com\/cs\/poznejte-nejoriginalnejsi-nemecka-odpocivadla-aneb-kdyz-uz-i-cesta-je-bajecny-zazitek\/#primaryimage"},"image":{"@id":"https:\/\/all4camper.com\/cs\/poznejte-nejoriginalnejsi-nemecka-odpocivadla-aneb-kdyz-uz-i-cesta-je-bajecny-zazitek\/#primaryimage"},"thumbnailUrl":"https:\/\/all4camper.com\/wp-content\/uploads\/2019\/09\/cropped-die-event-fotografen-de-6715.jpg","datePublished":"2019-09-22T09:03:52+00:00","dateModified":"2020-10-26T12:46:35+00:00","description":"All4Camper - Poznejte nejorigin\u00e1ln\u011bj\u0161\u00ed n\u011bmeck\u00e1 odpo\u010d\u00edvadla, aneb Kdy\u017e u\u017e i cesta je b\u00e1je\u010dn\u00fd z\u00e1\u017eitek","breadcrumb":{"@id":"https:\/\/all4camper.com\/cs\/poznejte-nejoriginalnejsi-nemecka-odpocivadla-aneb-kdyz-uz-i-cesta-je-bajecny-zazitek\/#breadcrumb"},"inLanguage":"cs","potentialAction":[{"@type":"ReadAction","target":["https:\/\/all4camper.com\/cs\/poznejte-nejoriginalnejsi-nemecka-odpocivadla-aneb-kdyz-uz-i-cesta-je-bajecny-zazitek\/"]}]},{"@type":"ImageObject","inLanguage":"cs","@id":"https:\/\/all4camper.com\/cs\/poznejte-nejoriginalnejsi-nemecka-odpocivadla-aneb-kdyz-uz-i-cesta-je-bajecny-zazitek\/#primaryimage","url":"https:\/\/all4camper.com\/wp-content\/uploads\/2019\/09\/cropped-die-event-fotografen-de-6715.jpg","contentUrl":"https:\/\/all4camper.com\/wp-content\/uploads\/2019\/09\/cropped-die-event-fotografen-de-6715.jpg","width":2500,"height":1407},{"@type":"BreadcrumbList","@id":"https:\/\/all4camper.com\/cs\/poznejte-nejoriginalnejsi-nemecka-odpocivadla-aneb-kdyz-uz-i-cesta-je-bajecny-zazitek\/#breadcrumb","itemListElement":[{"@type":"ListItem","position":1,"name":"Dom\u016f","item":"https:\/\/all4camper.com\/cs\/"},{"@type":"ListItem","position":2,"name":"Kempov\u00e1n\u00ed a cestov\u00e1n\u00ed v N\u011bmecku","item":"https:\/\/all4camper.com\/cs\/category\/kempovani-a-cestovani-v-nemecku\/"},{"@type":"ListItem","position":3,"name":"Poznejte nejorigin\u00e1ln\u011bj\u0161\u00ed n\u011bmeck\u00e1 odpo\u010d\u00edvadla, aneb Kdy\u017e u\u017e i cesta je b\u00e1je\u010dn\u00fd z\u00e1\u017eitek"}]},{"@type":"WebSite","@id":"https:\/\/all4camper.com\/cs\/#website","url":"https:\/\/all4camper.com\/cs\/","name":"All4Camper","description":"Nejv\u011bt\u0161\u00ed online magaz\u00edn o kempov\u00e1n\u00ed a karavaninku. V\u00edce jak 900 \u010dl\u00e1nk\u016f pln\u00fdch rad a tip\u016f o kempech a kempov\u00e1n\u00ed.","publisher":{"@id":"https:\/\/all4camper.com\/cs\/#organization"},"potentialAction":[{"@type":"SearchAction","target":{"@type":"EntryPoint","urlTemplate":"https:\/\/all4camper.com\/cs\/?s={search_term_string}"},"query-input":{"@type":"PropertyValueSpecification","valueRequired":true,"valueName":"search_term_string"}}],"inLanguage":"cs"},{"@type":"Organization","@id":"https:\/\/all4camper.com\/cs\/#organization","name":"All4Camper - kempujeme s Kl\u00e1rou","url":"https:\/\/all4camper.com\/cs\/","logo":{"@type":"ImageObject","inLanguage":"cs","@id":"https:\/\/all4camper.com\/cs\/#\/schema\/logo\/image\/","url":"https:\/\/all4camper.com\/wp-content\/uploads\/2018\/09\/novelogo.png","contentUrl":"https:\/\/all4camper.com\/wp-content\/uploads\/2018\/09\/novelogo.png","width":1520,"height":600,"caption":"All4Camper - kempujeme s Kl\u00e1rou"},"image":{"@id":"https:\/\/all4camper.com\/cs\/#\/schema\/logo\/image\/"}},{"@type":"Person","@id":"https:\/\/all4camper.com\/cs\/#\/schema\/person\/9349489688d4c221ca0fc39ae6bcb70b","name":"Kate\u0159ina","url":"https:\/\/all4camper.com\/cs\/author\/kterina\/"}]}},"_links":{"self":[{"href":"https:\/\/all4camper.com\/cs\/wp-json\/wp\/v2\/posts\/82241","targetHints":{"allow":["GET"]}}],"collection":[{"href":"https:\/\/all4camper.com\/cs\/wp-json\/wp\/v2\/posts"}],"about":[{"href":"https:\/\/all4camper.com\/cs\/wp-json\/wp\/v2\/types\/post"}],"author":[{"embeddable":true,"href":"https:\/\/all4camper.com\/cs\/wp-json\/wp\/v2\/users\/161"}],"replies":[{"embeddable":true,"href":"https:\/\/all4camper.com\/cs\/wp-json\/wp\/v2\/comments?post=82241"}],"version-history":[{"count":0,"href":"https:\/\/all4camper.com\/cs\/wp-json\/wp\/v2\/posts\/82241\/revisions"}],"wp:featuredmedia":[{"embeddable":true,"href":"https:\/\/all4camper.com\/cs\/wp-json\/wp\/v2\/media\/82388"}],"wp:attachment":[{"href":"https:\/\/all4camper.com\/cs\/wp-json\/wp\/v2\/media?parent=82241"}],"wp:term":[{"taxonomy":"category","embeddable":true,"href":"https:\/\/all4camper.com\/cs\/wp-json\/wp\/v2\/categories?post=82241"},{"taxonomy":"post_tag","embeddable":true,"href":"https:\/\/all4camper.com\/cs\/wp-json\/wp\/v2\/tags?post=82241"}],"curies":[{"name":"wp","href":"https:\/\/api.w.org\/{rel}","templated":true}]}}