{"id":81962,"date":"2019-09-18T17:06:50","date_gmt":"2019-09-18T15:06:50","guid":{"rendered":"https:\/\/all4camper.com\/\/?p=81962"},"modified":"2022-01-09T19:13:36","modified_gmt":"2022-01-09T18:13:36","slug":"agent-zefiro-v-akci-prerov-nad-labem","status":"publish","type":"post","link":"https:\/\/all4camper.com\/cs\/agent-zefiro-v-akci-prerov-nad-labem\/","title":{"rendered":"Tip na p\u0159esp\u00e1n\u00ed &#8211; parkovi\u0161t\u011b v P\u0159erov\u011b nad Labem"},"content":{"rendered":"\n<p>Od na\u0161ich \u010dten\u00e1\u0159\u016f: V P\u0159erov\u011b nad Labem najdete rozlehl\u00e9 parkovi\u0161t\u011b vhodn\u00e9 na no\u010dn\u00ed p\u0159esp\u00e1n\u00ed a r\u00e1no zde m\u016f\u017eete nav\u0161t\u00edvit skanzen nebo moto muzeum. Proj\u00ed\u017e\u010fkou na kolech pod\u00e9l toku \u0159eky Labe se dostanete do \u010cel\u00e1kovic, je to cca 8 Km. Zde doporu\u010duji nav\u0161t\u00edvit restauraci U Bohuslav\u016f\u00a0a na zmrzlinu\u00a0si zajd\u011bte do Karkad\u00e9. Pan\u00ed majitelka se 14 dn\u00ed u\u010dila vyr\u00e1b\u011bt zmrzlinu v Ben\u00e1tk\u00e1ch. P\u0159i cest\u011b zp\u011bt m\u016f\u017eete p\u0159es novou cyklol\u00e1vku, kter\u00e1 z\u00edskala n\u011bkolik stavebn\u00edch ocen\u011bn\u00ed, zajet do les\u016f v K\u00e1ran\u00e9m. Tak si tady \u017eijeme v Polabsk\u00e9 n\u00ed\u017ein\u011b 20 Km od Prahy&#8230;P\u011bkn\u00fd den Marek <\/p>\n\n\n\n<figure class=\"wp-block-gallery columns-2 is-cropped wp-block-gallery-1 is-layout-flex wp-block-gallery-is-layout-flex\"><ul class=\"blocks-gallery-grid\"><li class=\"blocks-gallery-item\"><figure><img loading=\"lazy\" decoding=\"async\" width=\"960\" height=\"720\" src=\"https:\/\/all4camper.com\/\/wp-content\/uploads\/2019\/09\/66667003_881286045573211_1157486685475307520_n.jpg\" alt=\"\" data-id=\"81963\" data-link=\"https:\/\/all4camper.com\/\/?attachment_id=81963\" class=\"wp-image-81963\" srcset=\"https:\/\/all4camper.com\/wp-content\/uploads\/2019\/09\/66667003_881286045573211_1157486685475307520_n.jpg 960w, https:\/\/all4camper.com\/wp-content\/uploads\/2019\/09\/66667003_881286045573211_1157486685475307520_n-150x113.jpg 150w, https:\/\/all4camper.com\/wp-content\/uploads\/2019\/09\/66667003_881286045573211_1157486685475307520_n-300x225.jpg 300w, https:\/\/all4camper.com\/wp-content\/uploads\/2019\/09\/66667003_881286045573211_1157486685475307520_n-768x576.jpg 768w, https:\/\/all4camper.com\/wp-content\/uploads\/2019\/09\/66667003_881286045573211_1157486685475307520_n-678x509.jpg 678w, https:\/\/all4camper.com\/wp-content\/uploads\/2019\/09\/66667003_881286045573211_1157486685475307520_n-326x245.jpg 326w, https:\/\/all4camper.com\/wp-content\/uploads\/2019\/09\/66667003_881286045573211_1157486685475307520_n-80x60.jpg 80w\" sizes=\"auto, (max-width: 960px) 100vw, 960px\" \/><\/figure><\/li><li class=\"blocks-gallery-item\"><figure><img loading=\"lazy\" decoding=\"async\" width=\"960\" height=\"720\" src=\"https:\/\/all4camper.com\/\/wp-content\/uploads\/2019\/09\/67294728_2312792978758052_4212038065994072064_n-2.jpg\" alt=\"\" data-id=\"81964\" data-link=\"https:\/\/all4camper.com\/\/?attachment_id=81964\" class=\"wp-image-81964\" srcset=\"https:\/\/all4camper.com\/wp-content\/uploads\/2019\/09\/67294728_2312792978758052_4212038065994072064_n-2.jpg 960w, https:\/\/all4camper.com\/wp-content\/uploads\/2019\/09\/67294728_2312792978758052_4212038065994072064_n-2-150x113.jpg 150w, https:\/\/all4camper.com\/wp-content\/uploads\/2019\/09\/67294728_2312792978758052_4212038065994072064_n-2-300x225.jpg 300w, https:\/\/all4camper.com\/wp-content\/uploads\/2019\/09\/67294728_2312792978758052_4212038065994072064_n-2-768x576.jpg 768w, https:\/\/all4camper.com\/wp-content\/uploads\/2019\/09\/67294728_2312792978758052_4212038065994072064_n-2-678x509.jpg 678w, https:\/\/all4camper.com\/wp-content\/uploads\/2019\/09\/67294728_2312792978758052_4212038065994072064_n-2-326x245.jpg 326w, https:\/\/all4camper.com\/wp-content\/uploads\/2019\/09\/67294728_2312792978758052_4212038065994072064_n-2-80x60.jpg 80w\" sizes=\"auto, (max-width: 960px) 100vw, 960px\" \/><\/figure><\/li><li class=\"blocks-gallery-item\"><figure><img loading=\"lazy\" decoding=\"async\" width=\"960\" height=\"720\" src=\"https:\/\/all4camper.com\/\/wp-content\/uploads\/2019\/09\/66872067_881286178906531_9024945720305647616_n.jpg\" alt=\"\" data-id=\"81965\" data-link=\"https:\/\/all4camper.com\/\/?attachment_id=81965\" class=\"wp-image-81965\" srcset=\"https:\/\/all4camper.com\/wp-content\/uploads\/2019\/09\/66872067_881286178906531_9024945720305647616_n.jpg 960w, https:\/\/all4camper.com\/wp-content\/uploads\/2019\/09\/66872067_881286178906531_9024945720305647616_n-150x113.jpg 150w, https:\/\/all4camper.com\/wp-content\/uploads\/2019\/09\/66872067_881286178906531_9024945720305647616_n-300x225.jpg 300w, https:\/\/all4camper.com\/wp-content\/uploads\/2019\/09\/66872067_881286178906531_9024945720305647616_n-768x576.jpg 768w, https:\/\/all4camper.com\/wp-content\/uploads\/2019\/09\/66872067_881286178906531_9024945720305647616_n-678x509.jpg 678w, https:\/\/all4camper.com\/wp-content\/uploads\/2019\/09\/66872067_881286178906531_9024945720305647616_n-326x245.jpg 326w, https:\/\/all4camper.com\/wp-content\/uploads\/2019\/09\/66872067_881286178906531_9024945720305647616_n-80x60.jpg 80w\" sizes=\"auto, (max-width: 960px) 100vw, 960px\" \/><\/figure><\/li><li class=\"blocks-gallery-item\"><figure><img loading=\"lazy\" decoding=\"async\" width=\"960\" height=\"720\" src=\"https:\/\/all4camper.com\/\/wp-content\/uploads\/2019\/09\/67084921_881286112239871_2233244013073268736_n.jpg\" alt=\"\" data-id=\"81966\" data-link=\"https:\/\/all4camper.com\/\/?attachment_id=81966\" class=\"wp-image-81966\" srcset=\"https:\/\/all4camper.com\/wp-content\/uploads\/2019\/09\/67084921_881286112239871_2233244013073268736_n.jpg 960w, https:\/\/all4camper.com\/wp-content\/uploads\/2019\/09\/67084921_881286112239871_2233244013073268736_n-150x113.jpg 150w, https:\/\/all4camper.com\/wp-content\/uploads\/2019\/09\/67084921_881286112239871_2233244013073268736_n-300x225.jpg 300w, https:\/\/all4camper.com\/wp-content\/uploads\/2019\/09\/67084921_881286112239871_2233244013073268736_n-768x576.jpg 768w, https:\/\/all4camper.com\/wp-content\/uploads\/2019\/09\/67084921_881286112239871_2233244013073268736_n-678x509.jpg 678w, https:\/\/all4camper.com\/wp-content\/uploads\/2019\/09\/67084921_881286112239871_2233244013073268736_n-326x245.jpg 326w, https:\/\/all4camper.com\/wp-content\/uploads\/2019\/09\/67084921_881286112239871_2233244013073268736_n-80x60.jpg 80w\" sizes=\"auto, (max-width: 960px) 100vw, 960px\" \/><\/figure><\/li><\/ul><\/figure>\n\n\n\n<div class=\"wp-block-image\"><figure class=\"aligncenter size-medium\"><img loading=\"lazy\" decoding=\"async\" width=\"249\" height=\"300\" src=\"https:\/\/all4camper.com\/\/wp-content\/uploads\/2019\/09\/67098023_881286118906537_5278298284597706752_n-249x300.jpg\" alt=\"\" class=\"wp-image-81967\" srcset=\"https:\/\/all4camper.com\/wp-content\/uploads\/2019\/09\/67098023_881286118906537_5278298284597706752_n-249x300.jpg 249w, https:\/\/all4camper.com\/wp-content\/uploads\/2019\/09\/67098023_881286118906537_5278298284597706752_n-124x150.jpg 124w, https:\/\/all4camper.com\/wp-content\/uploads\/2019\/09\/67098023_881286118906537_5278298284597706752_n.jpg 750w\" sizes=\"auto, (max-width: 249px) 100vw, 249px\" \/><\/figure><\/div>\n","protected":false},"excerpt":{"rendered":"<p>Od na\u0161ich \u010dten\u00e1\u0159\u016f: V P\u0159erov\u011b nad Labem najdete rozlehl\u00e9 parkovi\u0161t\u011b vhodn\u00e9 na no\u010dn\u00ed p\u0159esp\u00e1n\u00ed a r\u00e1no zde m\u016f\u017eete nav\u0161t\u00edvit skanzen nebo moto muzeum. Proj\u00ed\u017e\u010fkou na kolech pod\u00e9l toku \u0159eky Labe se dostanete do \u010cel\u00e1kovic, je to cca 8 Km. Zde doporu\u010duji nav\u0161t\u00edvit restauraci U Bohuslav\u016f\u00a0a na zmrzlinu\u00a0si zajd\u011bte do Karkad\u00e9. Pan\u00ed majitelka se 14 dn\u00ed [&hellip;]<\/p>\n","protected":false},"author":4,"featured_media":81968,"comment_status":"closed","ping_status":"open","sticky":false,"template":"","format":"standard","meta":{"_monsterinsights_skip_tracking":false,"_monsterinsights_sitenote_active":false,"_monsterinsights_sitenote_note":"","_monsterinsights_sitenote_category":0,"footnotes":""},"categories":[11224],"tags":[437],"class_list":{"0":"post-81962","1":"post","2":"type-post","3":"status-publish","4":"format-standard","5":"has-post-thumbnail","7":"category-stellplatzy","8":"tag-karavanova-stani"},"yoast_head":"<!-- This site is optimized with the Yoast SEO plugin v27.5 - https:\/\/yoast.com\/product\/yoast-seo-wordpress\/ -->\n<title>Tip na p\u0159esp\u00e1n\u00ed - parkovi\u0161t\u011b v P\u0159erov\u011b nad Labem - All4Camper<\/title>\n<meta name=\"description\" content=\"All4Camper - Stellplatzy - Tip na p\u0159esp\u00e1n\u00ed - parkovi\u0161t\u011b v P\u0159erov\u011b nad Labem\" \/>\n<meta name=\"robots\" content=\"index, follow, max-snippet:-1, max-image-preview:large, max-video-preview:-1\" \/>\n<link rel=\"canonical\" href=\"https:\/\/all4camper.com\/cs\/agent-zefiro-v-akci-prerov-nad-labem\/\" \/>\n<meta property=\"og:locale\" content=\"cs_CZ\" \/>\n<meta property=\"og:type\" content=\"article\" \/>\n<meta property=\"og:title\" content=\"Tip na p\u0159esp\u00e1n\u00ed - parkovi\u0161t\u011b v P\u0159erov\u011b nad Labem - All4Camper\" \/>\n<meta property=\"og:description\" content=\"All4Camper - Stellplatzy - Tip na p\u0159esp\u00e1n\u00ed - parkovi\u0161t\u011b v P\u0159erov\u011b nad Labem\" \/>\n<meta property=\"og:url\" content=\"https:\/\/all4camper.com\/cs\/agent-zefiro-v-akci-prerov-nad-labem\/\" \/>\n<meta property=\"og:site_name\" content=\"All4Camper\" \/>\n<meta property=\"article:published_time\" content=\"2019-09-18T15:06:50+00:00\" \/>\n<meta property=\"article:modified_time\" content=\"2022-01-09T18:13:36+00:00\" \/>\n<meta property=\"og:image\" content=\"https:\/\/all4camper.com\/wp-content\/uploads\/2019\/09\/cropped-67084921_881286112239871_2233244013073268736_n.jpg\" \/>\n\t<meta property=\"og:image:width\" content=\"960\" \/>\n\t<meta property=\"og:image:height\" content=\"540\" \/>\n\t<meta property=\"og:image:type\" content=\"image\/jpeg\" \/>\n<meta name=\"author\" content=\"Kl\u00e1ra H\u00e1jkov\u00e1\" \/>\n<meta name=\"twitter:card\" content=\"summary_large_image\" \/>\n<meta name=\"twitter:label1\" content=\"Napsal(a)\" \/>\n\t<meta name=\"twitter:data1\" content=\"Kl\u00e1ra H\u00e1jkov\u00e1\" \/>\n\t<meta name=\"twitter:label2\" content=\"Odhadovan\u00e1 doba \u010dten\u00ed\" \/>\n\t<meta name=\"twitter:data2\" content=\"2 minuty\" \/>\n<script type=\"application\/ld+json\" class=\"yoast-schema-graph\">{\"@context\":\"https:\\\/\\\/schema.org\",\"@graph\":[{\"@type\":\"Article\",\"@id\":\"https:\\\/\\\/all4camper.com\\\/cs\\\/agent-zefiro-v-akci-prerov-nad-labem\\\/#article\",\"isPartOf\":{\"@id\":\"https:\\\/\\\/all4camper.com\\\/cs\\\/agent-zefiro-v-akci-prerov-nad-labem\\\/\"},\"author\":{\"name\":\"Kl\u00e1ra H\u00e1jkov\u00e1\",\"@id\":\"https:\\\/\\\/all4camper.com\\\/cs\\\/#\\\/schema\\\/person\\\/c6f1efdf1d02bc7d8c53a891cbe18c62\"},\"headline\":\"Tip na p\u0159esp\u00e1n\u00ed &#8211; parkovi\u0161t\u011b v P\u0159erov\u011b nad Labem\",\"datePublished\":\"2019-09-18T15:06:50+00:00\",\"dateModified\":\"2022-01-09T18:13:36+00:00\",\"mainEntityOfPage\":{\"@id\":\"https:\\\/\\\/all4camper.com\\\/cs\\\/agent-zefiro-v-akci-prerov-nad-labem\\\/\"},\"wordCount\":138,\"publisher\":{\"@id\":\"https:\\\/\\\/all4camper.com\\\/cs\\\/#organization\"},\"image\":{\"@id\":\"https:\\\/\\\/all4camper.com\\\/cs\\\/agent-zefiro-v-akci-prerov-nad-labem\\\/#primaryimage\"},\"thumbnailUrl\":\"https:\\\/\\\/all4camper.com\\\/wp-content\\\/uploads\\\/2019\\\/09\\\/cropped-67084921_881286112239871_2233244013073268736_n.jpg\",\"keywords\":[\"karavanov\u00e1 st\u00e1n\u00ed\"],\"articleSection\":[\"Stellplatzy\"],\"inLanguage\":\"cs\"},{\"@type\":\"WebPage\",\"@id\":\"https:\\\/\\\/all4camper.com\\\/cs\\\/agent-zefiro-v-akci-prerov-nad-labem\\\/\",\"url\":\"https:\\\/\\\/all4camper.com\\\/cs\\\/agent-zefiro-v-akci-prerov-nad-labem\\\/\",\"name\":\"Tip na p\u0159esp\u00e1n\u00ed - parkovi\u0161t\u011b v P\u0159erov\u011b nad Labem - All4Camper\",\"isPartOf\":{\"@id\":\"https:\\\/\\\/all4camper.com\\\/cs\\\/#website\"},\"primaryImageOfPage\":{\"@id\":\"https:\\\/\\\/all4camper.com\\\/cs\\\/agent-zefiro-v-akci-prerov-nad-labem\\\/#primaryimage\"},\"image\":{\"@id\":\"https:\\\/\\\/all4camper.com\\\/cs\\\/agent-zefiro-v-akci-prerov-nad-labem\\\/#primaryimage\"},\"thumbnailUrl\":\"https:\\\/\\\/all4camper.com\\\/wp-content\\\/uploads\\\/2019\\\/09\\\/cropped-67084921_881286112239871_2233244013073268736_n.jpg\",\"datePublished\":\"2019-09-18T15:06:50+00:00\",\"dateModified\":\"2022-01-09T18:13:36+00:00\",\"description\":\"All4Camper - Stellplatzy - Tip na p\u0159esp\u00e1n\u00ed - parkovi\u0161t\u011b v P\u0159erov\u011b nad Labem\",\"breadcrumb\":{\"@id\":\"https:\\\/\\\/all4camper.com\\\/cs\\\/agent-zefiro-v-akci-prerov-nad-labem\\\/#breadcrumb\"},\"inLanguage\":\"cs\",\"potentialAction\":[{\"@type\":\"ReadAction\",\"target\":[\"https:\\\/\\\/all4camper.com\\\/cs\\\/agent-zefiro-v-akci-prerov-nad-labem\\\/\"]}]},{\"@type\":\"ImageObject\",\"inLanguage\":\"cs\",\"@id\":\"https:\\\/\\\/all4camper.com\\\/cs\\\/agent-zefiro-v-akci-prerov-nad-labem\\\/#primaryimage\",\"url\":\"https:\\\/\\\/all4camper.com\\\/wp-content\\\/uploads\\\/2019\\\/09\\\/cropped-67084921_881286112239871_2233244013073268736_n.jpg\",\"contentUrl\":\"https:\\\/\\\/all4camper.com\\\/wp-content\\\/uploads\\\/2019\\\/09\\\/cropped-67084921_881286112239871_2233244013073268736_n.jpg\",\"width\":960,\"height\":540},{\"@type\":\"BreadcrumbList\",\"@id\":\"https:\\\/\\\/all4camper.com\\\/cs\\\/agent-zefiro-v-akci-prerov-nad-labem\\\/#breadcrumb\",\"itemListElement\":[{\"@type\":\"ListItem\",\"position\":1,\"name\":\"Dom\u016f\",\"item\":\"https:\\\/\\\/all4camper.com\\\/cs\\\/\"},{\"@type\":\"ListItem\",\"position\":2,\"name\":\"Stellplatzy\",\"item\":\"https:\\\/\\\/all4camper.com\\\/cs\\\/category\\\/stellplatzy\\\/\"},{\"@type\":\"ListItem\",\"position\":3,\"name\":\"Tip na p\u0159esp\u00e1n\u00ed &#8211; parkovi\u0161t\u011b v P\u0159erov\u011b nad Labem\"}]},{\"@type\":\"WebSite\",\"@id\":\"https:\\\/\\\/all4camper.com\\\/cs\\\/#website\",\"url\":\"https:\\\/\\\/all4camper.com\\\/cs\\\/\",\"name\":\"All4Camper\",\"description\":\"Nejv\u011bt\u0161\u00ed online magaz\u00edn o kempov\u00e1n\u00ed a karavaninku. V\u00edce jak 900 \u010dl\u00e1nk\u016f pln\u00fdch rad a tip\u016f o kempech a kempov\u00e1n\u00ed.\",\"publisher\":{\"@id\":\"https:\\\/\\\/all4camper.com\\\/cs\\\/#organization\"},\"potentialAction\":[{\"@type\":\"SearchAction\",\"target\":{\"@type\":\"EntryPoint\",\"urlTemplate\":\"https:\\\/\\\/all4camper.com\\\/cs\\\/?s={search_term_string}\"},\"query-input\":{\"@type\":\"PropertyValueSpecification\",\"valueRequired\":true,\"valueName\":\"search_term_string\"}}],\"inLanguage\":\"cs\"},{\"@type\":\"Organization\",\"@id\":\"https:\\\/\\\/all4camper.com\\\/cs\\\/#organization\",\"name\":\"All4Camper - kempujeme s Kl\u00e1rou\",\"url\":\"https:\\\/\\\/all4camper.com\\\/cs\\\/\",\"logo\":{\"@type\":\"ImageObject\",\"inLanguage\":\"cs\",\"@id\":\"https:\\\/\\\/all4camper.com\\\/cs\\\/#\\\/schema\\\/logo\\\/image\\\/\",\"url\":\"https:\\\/\\\/all4camper.com\\\/wp-content\\\/uploads\\\/2018\\\/09\\\/novelogo.png\",\"contentUrl\":\"https:\\\/\\\/all4camper.com\\\/wp-content\\\/uploads\\\/2018\\\/09\\\/novelogo.png\",\"width\":1520,\"height\":600,\"caption\":\"All4Camper - kempujeme s Kl\u00e1rou\"},\"image\":{\"@id\":\"https:\\\/\\\/all4camper.com\\\/cs\\\/#\\\/schema\\\/logo\\\/image\\\/\"}},{\"@type\":\"Person\",\"@id\":\"https:\\\/\\\/all4camper.com\\\/cs\\\/#\\\/schema\\\/person\\\/c6f1efdf1d02bc7d8c53a891cbe18c62\",\"name\":\"Kl\u00e1ra H\u00e1jkov\u00e1\",\"sameAs\":[\"http:\\\/\\\/www.all4camper.com\"],\"url\":\"https:\\\/\\\/all4camper.com\\\/cs\\\/author\\\/klarinkacestuje1\\\/\"}]}<\/script>\n<!-- \/ Yoast SEO plugin. -->","yoast_head_json":{"title":"Tip na p\u0159esp\u00e1n\u00ed - parkovi\u0161t\u011b v P\u0159erov\u011b nad Labem - All4Camper","description":"All4Camper - Stellplatzy - Tip na p\u0159esp\u00e1n\u00ed - parkovi\u0161t\u011b v P\u0159erov\u011b nad Labem","robots":{"index":"index","follow":"follow","max-snippet":"max-snippet:-1","max-image-preview":"max-image-preview:large","max-video-preview":"max-video-preview:-1"},"canonical":"https:\/\/all4camper.com\/cs\/agent-zefiro-v-akci-prerov-nad-labem\/","og_locale":"cs_CZ","og_type":"article","og_title":"Tip na p\u0159esp\u00e1n\u00ed - parkovi\u0161t\u011b v P\u0159erov\u011b nad Labem - All4Camper","og_description":"All4Camper - Stellplatzy - Tip na p\u0159esp\u00e1n\u00ed - parkovi\u0161t\u011b v P\u0159erov\u011b nad Labem","og_url":"https:\/\/all4camper.com\/cs\/agent-zefiro-v-akci-prerov-nad-labem\/","og_site_name":"All4Camper","article_published_time":"2019-09-18T15:06:50+00:00","article_modified_time":"2022-01-09T18:13:36+00:00","og_image":[{"width":960,"height":540,"url":"https:\/\/all4camper.com\/wp-content\/uploads\/2019\/09\/cropped-67084921_881286112239871_2233244013073268736_n.jpg","type":"image\/jpeg"}],"author":"Kl\u00e1ra H\u00e1jkov\u00e1","twitter_card":"summary_large_image","twitter_misc":{"Napsal(a)":"Kl\u00e1ra H\u00e1jkov\u00e1","Odhadovan\u00e1 doba \u010dten\u00ed":"2 minuty"},"schema":{"@context":"https:\/\/schema.org","@graph":[{"@type":"Article","@id":"https:\/\/all4camper.com\/cs\/agent-zefiro-v-akci-prerov-nad-labem\/#article","isPartOf":{"@id":"https:\/\/all4camper.com\/cs\/agent-zefiro-v-akci-prerov-nad-labem\/"},"author":{"name":"Kl\u00e1ra H\u00e1jkov\u00e1","@id":"https:\/\/all4camper.com\/cs\/#\/schema\/person\/c6f1efdf1d02bc7d8c53a891cbe18c62"},"headline":"Tip na p\u0159esp\u00e1n\u00ed &#8211; parkovi\u0161t\u011b v P\u0159erov\u011b nad Labem","datePublished":"2019-09-18T15:06:50+00:00","dateModified":"2022-01-09T18:13:36+00:00","mainEntityOfPage":{"@id":"https:\/\/all4camper.com\/cs\/agent-zefiro-v-akci-prerov-nad-labem\/"},"wordCount":138,"publisher":{"@id":"https:\/\/all4camper.com\/cs\/#organization"},"image":{"@id":"https:\/\/all4camper.com\/cs\/agent-zefiro-v-akci-prerov-nad-labem\/#primaryimage"},"thumbnailUrl":"https:\/\/all4camper.com\/wp-content\/uploads\/2019\/09\/cropped-67084921_881286112239871_2233244013073268736_n.jpg","keywords":["karavanov\u00e1 st\u00e1n\u00ed"],"articleSection":["Stellplatzy"],"inLanguage":"cs"},{"@type":"WebPage","@id":"https:\/\/all4camper.com\/cs\/agent-zefiro-v-akci-prerov-nad-labem\/","url":"https:\/\/all4camper.com\/cs\/agent-zefiro-v-akci-prerov-nad-labem\/","name":"Tip na p\u0159esp\u00e1n\u00ed - parkovi\u0161t\u011b v P\u0159erov\u011b nad Labem - All4Camper","isPartOf":{"@id":"https:\/\/all4camper.com\/cs\/#website"},"primaryImageOfPage":{"@id":"https:\/\/all4camper.com\/cs\/agent-zefiro-v-akci-prerov-nad-labem\/#primaryimage"},"image":{"@id":"https:\/\/all4camper.com\/cs\/agent-zefiro-v-akci-prerov-nad-labem\/#primaryimage"},"thumbnailUrl":"https:\/\/all4camper.com\/wp-content\/uploads\/2019\/09\/cropped-67084921_881286112239871_2233244013073268736_n.jpg","datePublished":"2019-09-18T15:06:50+00:00","dateModified":"2022-01-09T18:13:36+00:00","description":"All4Camper - Stellplatzy - Tip na p\u0159esp\u00e1n\u00ed - parkovi\u0161t\u011b v P\u0159erov\u011b nad Labem","breadcrumb":{"@id":"https:\/\/all4camper.com\/cs\/agent-zefiro-v-akci-prerov-nad-labem\/#breadcrumb"},"inLanguage":"cs","potentialAction":[{"@type":"ReadAction","target":["https:\/\/all4camper.com\/cs\/agent-zefiro-v-akci-prerov-nad-labem\/"]}]},{"@type":"ImageObject","inLanguage":"cs","@id":"https:\/\/all4camper.com\/cs\/agent-zefiro-v-akci-prerov-nad-labem\/#primaryimage","url":"https:\/\/all4camper.com\/wp-content\/uploads\/2019\/09\/cropped-67084921_881286112239871_2233244013073268736_n.jpg","contentUrl":"https:\/\/all4camper.com\/wp-content\/uploads\/2019\/09\/cropped-67084921_881286112239871_2233244013073268736_n.jpg","width":960,"height":540},{"@type":"BreadcrumbList","@id":"https:\/\/all4camper.com\/cs\/agent-zefiro-v-akci-prerov-nad-labem\/#breadcrumb","itemListElement":[{"@type":"ListItem","position":1,"name":"Dom\u016f","item":"https:\/\/all4camper.com\/cs\/"},{"@type":"ListItem","position":2,"name":"Stellplatzy","item":"https:\/\/all4camper.com\/cs\/category\/stellplatzy\/"},{"@type":"ListItem","position":3,"name":"Tip na p\u0159esp\u00e1n\u00ed &#8211; parkovi\u0161t\u011b v P\u0159erov\u011b nad Labem"}]},{"@type":"WebSite","@id":"https:\/\/all4camper.com\/cs\/#website","url":"https:\/\/all4camper.com\/cs\/","name":"All4Camper","description":"Nejv\u011bt\u0161\u00ed online magaz\u00edn o kempov\u00e1n\u00ed a karavaninku. V\u00edce jak 900 \u010dl\u00e1nk\u016f pln\u00fdch rad a tip\u016f o kempech a kempov\u00e1n\u00ed.","publisher":{"@id":"https:\/\/all4camper.com\/cs\/#organization"},"potentialAction":[{"@type":"SearchAction","target":{"@type":"EntryPoint","urlTemplate":"https:\/\/all4camper.com\/cs\/?s={search_term_string}"},"query-input":{"@type":"PropertyValueSpecification","valueRequired":true,"valueName":"search_term_string"}}],"inLanguage":"cs"},{"@type":"Organization","@id":"https:\/\/all4camper.com\/cs\/#organization","name":"All4Camper - kempujeme s Kl\u00e1rou","url":"https:\/\/all4camper.com\/cs\/","logo":{"@type":"ImageObject","inLanguage":"cs","@id":"https:\/\/all4camper.com\/cs\/#\/schema\/logo\/image\/","url":"https:\/\/all4camper.com\/wp-content\/uploads\/2018\/09\/novelogo.png","contentUrl":"https:\/\/all4camper.com\/wp-content\/uploads\/2018\/09\/novelogo.png","width":1520,"height":600,"caption":"All4Camper - kempujeme s Kl\u00e1rou"},"image":{"@id":"https:\/\/all4camper.com\/cs\/#\/schema\/logo\/image\/"}},{"@type":"Person","@id":"https:\/\/all4camper.com\/cs\/#\/schema\/person\/c6f1efdf1d02bc7d8c53a891cbe18c62","name":"Kl\u00e1ra H\u00e1jkov\u00e1","sameAs":["http:\/\/www.all4camper.com"],"url":"https:\/\/all4camper.com\/cs\/author\/klarinkacestuje1\/"}]}},"_links":{"self":[{"href":"https:\/\/all4camper.com\/cs\/wp-json\/wp\/v2\/posts\/81962","targetHints":{"allow":["GET"]}}],"collection":[{"href":"https:\/\/all4camper.com\/cs\/wp-json\/wp\/v2\/posts"}],"about":[{"href":"https:\/\/all4camper.com\/cs\/wp-json\/wp\/v2\/types\/post"}],"author":[{"embeddable":true,"href":"https:\/\/all4camper.com\/cs\/wp-json\/wp\/v2\/users\/4"}],"replies":[{"embeddable":true,"href":"https:\/\/all4camper.com\/cs\/wp-json\/wp\/v2\/comments?post=81962"}],"version-history":[{"count":0,"href":"https:\/\/all4camper.com\/cs\/wp-json\/wp\/v2\/posts\/81962\/revisions"}],"wp:featuredmedia":[{"embeddable":true,"href":"https:\/\/all4camper.com\/cs\/wp-json\/wp\/v2\/media\/81968"}],"wp:attachment":[{"href":"https:\/\/all4camper.com\/cs\/wp-json\/wp\/v2\/media?parent=81962"}],"wp:term":[{"taxonomy":"category","embeddable":true,"href":"https:\/\/all4camper.com\/cs\/wp-json\/wp\/v2\/categories?post=81962"},{"taxonomy":"post_tag","embeddable":true,"href":"https:\/\/all4camper.com\/cs\/wp-json\/wp\/v2\/tags?post=81962"}],"curies":[{"name":"wp","href":"https:\/\/api.w.org\/{rel}","templated":true}]}}