{"id":81426,"date":"2019-09-11T10:46:02","date_gmt":"2019-09-11T08:46:02","guid":{"rendered":"https:\/\/all4camper.com\/\/?p=81426"},"modified":"2020-04-21T14:16:31","modified_gmt":"2020-04-21T12:16:31","slug":"v-cem-se-lisi-kempovani-na-podzim-od-toho-letniho-plus-balicek-zajimavych-tipu","status":"publish","type":"post","link":"https:\/\/all4camper.com\/cs\/v-cem-se-lisi-kempovani-na-podzim-od-toho-letniho-plus-balicek-zajimavych-tipu\/","title":{"rendered":"V \u010dem se li\u0161\u00ed kempov\u00e1n\u00ed na podzim od toho letn\u00edho plus bal\u00ed\u010dek zaj\u00edmav\u00fdch tip\u016f i pro stana\u0159e."},"content":{"rendered":"\n<h4 class=\"wp-block-heading\">L\u00e9to uteklo jako voda, ale milovn\u00edk\u016fm karavaningu a kempov\u00e1n\u00ed dovolenkov\u00e1 sez\u00f3na nekon\u010d\u00ed v&nbsp;podstat\u011b nikdy. Jen je d\u016fle\u017eit\u00e9 si uv\u011bdomit, \u017ee ka\u017ed\u00e9 obdob\u00ed m\u00e1 sv\u00e1 specifika a podle toho se p\u0159ipravit. Pr\u00e1v\u011b podzim je potom pro v\u00fdlety karavanem jak d\u011blan\u00fd. U\u017e nen\u00ed toti\u017e takov\u00e9 vedro, v\u0161ude je m\u00e9n\u011b lid\u00ed a p\u0159\u00edroda p\u0159itom vypad\u00e1 jak z&nbsp;t\u011bch nejk\u00fd\u010dovit\u011bj\u0161\u00edch americk\u00fdch film\u016f. <\/h4>\n\n\n\n<p>Na druhou stranu ale tak\u00e9 nen\u00ed probl\u00e9m je\u0161t\u011b n\u011bkde v&nbsp;pohodln\u00e9 dojezdov\u00e9 vzd\u00e1lenosti dohnat b\u00e1je\u010dn\u00e9 teplo a koup\u00e1n\u00ed. A pr\u00e1v\u011b takov\u00e9 tipy v\u00e1m budu v&nbsp;n\u00e1sleduj\u00edc\u00edch dnech p\u0159in\u00e1\u0161et, ale nejd\u0159\u00edv se poj\u010fme na to podzimn\u00ed kempov\u00e1n\u00ed pod\u00edvat z&nbsp;praktick\u00e9ho hlediska.<\/p>\n\n\n\n<figure class=\"wp-block-image\"><img loading=\"lazy\" decoding=\"async\" width=\"1620\" height=\"1080\" src=\"https:\/\/all4camper.com\/\/wp-content\/uploads\/2019\/09\/autumn-3762992_1920-1620x1080.jpg\" alt=\"\" class=\"wp-image-81427\" srcset=\"https:\/\/all4camper.com\/wp-content\/uploads\/2019\/09\/autumn-3762992_1920-1620x1080.jpg 1620w, https:\/\/all4camper.com\/wp-content\/uploads\/2019\/09\/autumn-3762992_1920-300x200.jpg 300w, https:\/\/all4camper.com\/wp-content\/uploads\/2019\/09\/autumn-3762992_1920-150x100.jpg 150w, https:\/\/all4camper.com\/wp-content\/uploads\/2019\/09\/autumn-3762992_1920-768x512.jpg 768w, https:\/\/all4camper.com\/wp-content\/uploads\/2019\/09\/autumn-3762992_1920-1536x1024.jpg 1536w, https:\/\/all4camper.com\/wp-content\/uploads\/2019\/09\/autumn-3762992_1920.jpg 1920w\" sizes=\"auto, (max-width: 1620px) 100vw, 1620px\" \/><\/figure>\n\n\n\n<h4 class=\"wp-block-heading\"><strong>1. Pl\u00e1nov\u00e1n\u00ed<\/strong><\/h4>\n\n\n\n<p>Je pravda, \u017ee na podzim jsou kempy pr\u00e1zdn\u011bj\u0161\u00ed a mnohdy i v\u00fdrazn\u011b levn\u011bj\u0161\u00ed, ale pozor, n\u011bkter\u00e9 b\u00fdvaj\u00ed tak\u00e9 u\u017e zav\u0159en\u00e9. Proto se vyplat\u00ed, pokud chcete vyu\u017e\u00edvat z\u00e1zem\u00ed kempu, si dop\u0159edu zjistit jak na tom ten v\u00e1\u0161 vybran\u00fd je, p\u0159\u00edpadn\u011b m\u00edt \u201ev ruk\u00e1vu\u201c je\u0161t\u011b n\u011bkolik alternativ. <\/p>\n\n\n\n<h4 class=\"wp-block-heading\"><strong>2. Po\u010das\u00ed<\/strong><\/h4>\n\n\n\n<p>To podzimn\u00ed b\u00fdv\u00e1 nevyzpytateln\u00e9. M\u016f\u017eete chodit v&nbsp;t\u00edlku, ale tak\u00e9 v&nbsp;ko\u017eichu. Proto doporu\u010duji naj\u00edt si n\u011bjak\u00fd zp\u016fsob, jak budete moct sledovat po\u010das\u00ed. My kempa\u0159i jsme v\u011bt\u0161inou pom\u011brn\u011b mobiln\u00ed, a kdy\u017e na m\u00edst\u011b, kde se nach\u00e1z\u00edte hl\u00e1s\u00ed t\u0159i kompletn\u011b propr\u0161en\u00e9 dny, m\u016f\u017ee b\u00fdt o 100 kilometr\u016f d\u00e1l docela jinak a to u\u017e za p\u0159esun stoj\u00ed. Co se po\u010das\u00ed t\u00fd\u010de, je d\u016fle\u017eit\u00e9 myslet je\u0161t\u011b na jednu v\u011bc. Pokud se vyd\u00e1te do v\u00fd\u0161e polo\u017een\u00fdch oblast\u00ed, je docela dob\u0159e mo\u017en\u00e9, \u017ee u\u017e tam bude sn\u00edh a bez zimn\u00edch pneumatik budete m\u00edt probl\u00e9m.<\/p>\n\n\n\n<figure class=\"wp-block-image\"><img loading=\"lazy\" decoding=\"async\" width=\"1440\" height=\"1080\" src=\"https:\/\/all4camper.com\/\/wp-content\/uploads\/2019\/09\/motorhome-820593_1920-1440x1080.jpg\" alt=\"\" class=\"wp-image-81430\" srcset=\"https:\/\/all4camper.com\/wp-content\/uploads\/2019\/09\/motorhome-820593_1920-1440x1080.jpg 1440w, https:\/\/all4camper.com\/wp-content\/uploads\/2019\/09\/motorhome-820593_1920-300x225.jpg 300w, https:\/\/all4camper.com\/wp-content\/uploads\/2019\/09\/motorhome-820593_1920-150x113.jpg 150w, https:\/\/all4camper.com\/wp-content\/uploads\/2019\/09\/motorhome-820593_1920-768x576.jpg 768w, https:\/\/all4camper.com\/wp-content\/uploads\/2019\/09\/motorhome-820593_1920-1536x1152.jpg 1536w, https:\/\/all4camper.com\/wp-content\/uploads\/2019\/09\/motorhome-820593_1920-678x509.jpg 678w, https:\/\/all4camper.com\/wp-content\/uploads\/2019\/09\/motorhome-820593_1920-326x245.jpg 326w, https:\/\/all4camper.com\/wp-content\/uploads\/2019\/09\/motorhome-820593_1920-80x60.jpg 80w, https:\/\/all4camper.com\/wp-content\/uploads\/2019\/09\/motorhome-820593_1920.jpg 1920w\" sizes=\"auto, (max-width: 1440px) 100vw, 1440px\" \/><\/figure>\n\n\n\n<h4 class=\"wp-block-heading\"><strong>3. Termoska<\/strong><\/h4>\n\n\n\n<p>Je fajn, kdy\u017e si m\u016f\u017eete p\u0159i posezen\u00ed venku dol\u00e9vat tepl\u00fd \u010daj, k\u00e1vu nebo t\u0159eba sva\u0159\u00e1k, ale z\u00e1rove\u0148 je par\u00e1dn\u00ed, \u017ee si hork\u00fd n\u00e1poj m\u016f\u017eete vz\u00edt v\u0161ude s&nbsp;sebou. Z&nbsp;vlastn\u00edch zku\u0161enost\u00ed mohu potvrdit, \u017ee je velmi praktick\u00e9 tepl\u00e9 pit\u00ed neust\u00e1le dopl\u0148ovat. Kdy\u017e t\u0159eba z&nbsp;n\u011bjak\u00e9ho d\u016fvodu p\u0159estane j\u00edt elekt\u0159ina, m\u00e1te alespo\u0148 malou z\u00e1chranu.  <\/p>\n\n\n\n<h4 class=\"wp-block-heading\"><strong>4. Oble\u010den\u00ed<\/strong><\/h4>\n\n\n\n<p>Tohle je v\u011bc, kterou se opravdu vyplat\u00ed promyslet, proto\u017ee na rozd\u00edl od l\u00e9ta se na podzimn\u00ed po\u010das\u00ed ned\u00e1 v\u016fbec spol\u00e9hat. Rozhodn\u011b je nam\u00edst\u011b m\u00edt s&nbsp;sebou dostatek v\u011bc\u00ed tak, abyste v&nbsp;p\u0159\u00edpad\u011b zimy mohli vrstvit a v&nbsp;p\u0159\u00edpad\u011b horka naopak odkl\u00e1dat. D\u016fle\u017eit\u00e9 jsou i kvalitn\u00ed (vod\u011b odoln\u00e9) boty a \u010depice. Vyplat\u00ed se investovat i do termopr\u00e1dla a t\u0159eba speci\u00e1ln\u00ed outdoorov\u00e9 bundy. <br>A ani na podzim nezapom\u00ednejte na odpuzova\u010de hmyzu, a\u0165 u\u017e do p\u0159\u00edrody nebo do vnit\u0159n\u00edch prostor.  <\/p>\n\n\n\n<h4 class=\"wp-block-heading\"><strong>5. Kdy\u017e cestujete se stanem<\/strong><\/h4>\n\n\n\n<p>Potom se ur\u010dit\u011b pod\u00edvejte na to, na jak\u00e9 teploty je v\u016fbec koncipov\u00e1n a tak\u00e9 d\u016fkladn\u011b prov\u011b\u0159te, v&nbsp;jak\u00e9m je stavu. Mo\u017en\u00e1 u\u017e nap\u0159\u00edklad nen\u00ed tak nepromokav\u00fd, jako kdy\u017e jste ho kupovali, n\u011bkter\u00e9 zipy se rozev\u00edraj\u00ed&#8230; Tot\u00e9\u017e plat\u00ed i o spac\u00e1c\u00edch a rozhodn\u011b nezapome\u0148te na izola\u010dn\u00ed podlo\u017eku. <\/p>\n\n\n\n<figure class=\"wp-block-image\"><img loading=\"lazy\" decoding=\"async\" width=\"1619\" height=\"1080\" src=\"https:\/\/all4camper.com\/\/wp-content\/uploads\/2019\/09\/foliage-548686_1920-1619x1080.jpg\" alt=\"\" class=\"wp-image-81431\" srcset=\"https:\/\/all4camper.com\/wp-content\/uploads\/2019\/09\/foliage-548686_1920-1619x1080.jpg 1619w, https:\/\/all4camper.com\/wp-content\/uploads\/2019\/09\/foliage-548686_1920-300x200.jpg 300w, https:\/\/all4camper.com\/wp-content\/uploads\/2019\/09\/foliage-548686_1920-150x100.jpg 150w, https:\/\/all4camper.com\/wp-content\/uploads\/2019\/09\/foliage-548686_1920-768x512.jpg 768w, https:\/\/all4camper.com\/wp-content\/uploads\/2019\/09\/foliage-548686_1920-1536x1025.jpg 1536w, https:\/\/all4camper.com\/wp-content\/uploads\/2019\/09\/foliage-548686_1920.jpg 1920w\" sizes=\"auto, (max-width: 1619px) 100vw, 1619px\" \/><\/figure>\n\n\n\n<h4 class=\"wp-block-heading\"><strong>6. Va\u0159en\u00ed<\/strong><\/h4>\n\n\n\n<p>I tady je t\u0159eba pon\u011bkud v\u00edce pl\u00e1novat, ne\u017e v&nbsp;l\u00e9t\u011b, kdy klidn\u011b ba\u0161t\u00edte celou dobu sal\u00e1ty z&nbsp;\u010derstv\u00e9 zeleniny a ovoce. Vyplat\u00ed se promyslet alespo\u0148 z\u00e1kladn\u00ed j\u00eddeln\u00ed\u010dek, ve kter\u00e9m budou zastoupena i tepl\u00e1 j\u00eddla. Uvid\u00edte, \u017ee to n\u00e1ramn\u011b prosp\u011bje i cel\u00e9 podzimn\u00ed atmosf\u00e9\u0159e. Ov\u0161em po\u010d\u00edtejte s&nbsp;t\u00edm, \u017ee takov\u00e9 va\u0159en\u00ed zabere i v\u00edce \u010dasu, zejm\u00e9na pokud pl\u00e1nujete va\u0159it venku na plynov\u00e9m va\u0159i\u010di. Myslete na to, abyste ho m\u011bli v&nbsp;takov\u00e9m m\u00edst\u011b, kde v\u00e1m na n\u011bj nebude p\u0159\u00edli\u0161 foukat, p\u0159\u00edpadn\u011b abyste m\u011bli v\u0161e dostate\u010dn\u011b zabezpe\u010den\u00e9. P\u0159\u00edpadn\u011b se pro tento p\u0159\u00edpad prod\u00e1vaj\u00ed i speci\u00e1ln\u00ed kryty. <\/p>\n\n\n\n<figure class=\"wp-block-image\"><img loading=\"lazy\" decoding=\"async\" width=\"1626\" height=\"1080\" src=\"https:\/\/all4camper.com\/\/wp-content\/uploads\/2019\/09\/rosemary-potatoes-1446677_1920-1626x1080.jpg\" alt=\"\" class=\"wp-image-81433\" srcset=\"https:\/\/all4camper.com\/wp-content\/uploads\/2019\/09\/rosemary-potatoes-1446677_1920-1626x1080.jpg 1626w, https:\/\/all4camper.com\/wp-content\/uploads\/2019\/09\/rosemary-potatoes-1446677_1920-300x199.jpg 300w, https:\/\/all4camper.com\/wp-content\/uploads\/2019\/09\/rosemary-potatoes-1446677_1920-150x100.jpg 150w, https:\/\/all4camper.com\/wp-content\/uploads\/2019\/09\/rosemary-potatoes-1446677_1920-768x510.jpg 768w, https:\/\/all4camper.com\/wp-content\/uploads\/2019\/09\/rosemary-potatoes-1446677_1920-1536x1020.jpg 1536w, https:\/\/all4camper.com\/wp-content\/uploads\/2019\/09\/rosemary-potatoes-1446677_1920.jpg 1920w\" sizes=\"auto, (max-width: 1626px) 100vw, 1626px\" \/><\/figure>\n\n\n\n<h4 class=\"wp-block-heading\"><strong>7. Mark\u00fdza<\/strong><\/h4>\n\n\n\n<p>Posezen\u00ed venku je fajn i na podzim, ale mark\u00fdza, kter\u00e1 v\u00e1s v&nbsp;l\u00e9t\u011b par\u00e1dn\u011b ochr\u00e1n\u00ed p\u0159ed sluncem, v\u00e1m v&nbsp;podzimn\u00edch dnech \u010dasto p\u0159\u00edli\u0161 nepom\u016f\u017ee. Pokud si chcete podzimn\u00ed kempov\u00e1n\u00ed opravdu u\u017e\u00edvat, ur\u010dit\u011b se vyplat\u00ed investovat nap\u0159\u00edklad do bo\u010dn\u00edch z\u00e1st\u011bn a ochran proti v\u011btru. Nejlep\u0161\u00ed je pochopiteln\u011b si po\u0159\u00eddit p\u0159edstan.<\/p>\n\n\n\n<h4 class=\"wp-block-heading\"><strong>8. Volba m\u00edsta<\/strong><\/h4>\n\n\n\n<p>Snad je\u0161t\u011b v\u00edce ne\u017e o pr\u00e1zdnin\u00e1ch se v&nbsp;tomto obdob\u00ed vyplat\u00ed p\u0159em\u00fd\u0161let nad v\u00fdb\u011brem stanovi\u0161t\u011b. Nap\u0159\u00edklad \u2013 pokud budete alespo\u0148 trochu chr\u00e1n\u011bni p\u0159ed v\u011btrem, u\u0161et\u0159\u00edte si spoustu starost\u00ed a energie. A pl\u00e1nujte dop\u0159edu. Pokud si t\u0159eba budete cht\u00edt ud\u011blat t\u00e1bor\u00e1k, d\u0159evo v&nbsp;tomto ro\u010dn\u00edm obdob\u00ed velmi rychle navlhne, kdy\u017e u\u017e tedy p\u0159\u00edmo nepromokne&#8230; I nad jeho skladov\u00e1n\u00edm je nutn\u00e9 se zamyslet. Podpalova\u010d tak\u00e9 asi u\u017eijete v\u00edce, ne\u017e v&nbsp;l\u00e9t\u011b. Dop\u0159edu si tak\u00e9 promyslete, kde budete skladovat a su\u0161it oble\u010den\u00ed <br>a boty, kdy\u017e nap\u0159\u00edklad na proch\u00e1zce promoknete. Zamyslete se nad ubytov\u00e1n\u00edm i v&nbsp;p\u0159\u00edpad\u011b, \u017ee budete pot\u0159ebovat vyu\u017e\u00edvat toalety a um\u00fdv\u00e1rny. Otu\u017eov\u00e1n\u00ed je sice zdrav\u00e9, ale nic se nem\u00e1 p\u0159eh\u00e1n\u011bt. <\/p>\n\n\n\n<figure class=\"wp-block-image\"><img loading=\"lazy\" decoding=\"async\" width=\"1620\" height=\"1080\" src=\"https:\/\/all4camper.com\/\/wp-content\/uploads\/2019\/09\/picnic-4247149_1920-1620x1080.jpg\" alt=\"\" class=\"wp-image-81434\" srcset=\"https:\/\/all4camper.com\/wp-content\/uploads\/2019\/09\/picnic-4247149_1920-1620x1080.jpg 1620w, https:\/\/all4camper.com\/wp-content\/uploads\/2019\/09\/picnic-4247149_1920-300x200.jpg 300w, https:\/\/all4camper.com\/wp-content\/uploads\/2019\/09\/picnic-4247149_1920-150x100.jpg 150w, https:\/\/all4camper.com\/wp-content\/uploads\/2019\/09\/picnic-4247149_1920-768x512.jpg 768w, https:\/\/all4camper.com\/wp-content\/uploads\/2019\/09\/picnic-4247149_1920-1536x1024.jpg 1536w, https:\/\/all4camper.com\/wp-content\/uploads\/2019\/09\/picnic-4247149_1920.jpg 1920w\" sizes=\"auto, (max-width: 1620px) 100vw, 1620px\" \/><\/figure>\n\n\n\n<h4 class=\"wp-block-heading\"><strong>9. P\u0159ipravte se na krat\u0161\u00ed dny<\/strong><\/h4>\n\n\n\n<p>To znamen\u00e1 dop\u0159edu si p\u0159ipravit dostatek osv\u011btlen\u00ed (v\u010detn\u011b t\u0159eba \u010delovek), ale tak\u00e9 zkuste zauva\u017eovat nad t\u00edm, \u017ee i vzhledem k&nbsp;po\u010das\u00ed nebudete tr\u00e1vit tolik \u010dasu venku, a tud\u00ed\u017e se bude nutn\u00e9 i uvnit\u0159 va\u0161eho cestovn\u00edho ubytov\u00e1n\u00ed n\u011bjak zabavit. Plat\u00ed to dvojn\u00e1sob, pokud cestujete s&nbsp;d\u011btmi. Vy se sice zam\u011bstn\u00e1te t\u0159eba knihou, ale u men\u0161\u00edch cestovatel\u016f to obvykle neplat\u00ed&#8230; <\/p>\n\n\n\n<figure class=\"wp-block-image\"><img loading=\"lazy\" decoding=\"async\" width=\"1620\" height=\"1080\" src=\"https:\/\/all4camper.com\/\/wp-content\/uploads\/2019\/09\/norway-1990256_1920-1620x1080.jpg\" alt=\"\" class=\"wp-image-81436\" srcset=\"https:\/\/all4camper.com\/wp-content\/uploads\/2019\/09\/norway-1990256_1920-1620x1080.jpg 1620w, https:\/\/all4camper.com\/wp-content\/uploads\/2019\/09\/norway-1990256_1920-300x200.jpg 300w, https:\/\/all4camper.com\/wp-content\/uploads\/2019\/09\/norway-1990256_1920-150x100.jpg 150w, https:\/\/all4camper.com\/wp-content\/uploads\/2019\/09\/norway-1990256_1920-768x512.jpg 768w, https:\/\/all4camper.com\/wp-content\/uploads\/2019\/09\/norway-1990256_1920-1536x1024.jpg 1536w, https:\/\/all4camper.com\/wp-content\/uploads\/2019\/09\/norway-1990256_1920.jpg 1920w\" sizes=\"auto, (max-width: 1620px) 100vw, 1620px\" \/><\/figure>\n\n\n\n<h4 class=\"wp-block-heading\"><strong>Pro\u010d je je\u0161t\u011b super kempovat na podzim?<\/strong><\/h4>\n\n\n\n<p>Stromy jsou v&nbsp;tomto obdob\u00ed opravdu \u00fa\u017easn\u00e9 barevn\u00e9, p\u0159ivezete si s&nbsp;sebou dom\u016f par\u00e1dn\u00ed fotografie. Tak\u00e9 vzduch je p\u0159\u00edjemn\u011b sv\u011b\u017e\u00ed a dny jsou je\u0161t\u011b b\u00e1je\u010dn\u011b slune\u010dn\u00e9, tak\u017ee na\u010derp\u00e1te vitam\u00edn D do z\u00e1soby. M\u016f\u017eete vyr\u00e1\u017eet na houby, ale t\u0159eba tak\u00e9 na \u0161\u00edpky a dal\u0161\u00ed podzimn\u00ed plodiny mimo sv\u00e1 obvykl\u00e1 m\u00edsta.  No a ze sv\u00e9ho obytn\u00e9ho auta, karavanu \u010di stanu si m\u016f\u017eete vyrobit doslova takov\u00e9 \u00fatuln\u00e9 tepl\u00e9 doup\u011b, ve kter\u00e9m se budete c\u00edtit b\u00e1je\u010dn\u011b uvoln\u011bn\u011b a v&nbsp;bezpe\u010d\u00ed. <strong>\u00da\u017easn\u011b to p\u016fsob\u00ed na psychiku. <\/strong><\/p>\n\n\n\n<p>Kdy\u017e si vezmete dalekohled, d\u00edky tomu, \u017ee na stromech je u\u017e podstat\u011b m\u00e9n\u011b list\u016f, m\u016f\u017eete objevit zcela nov\u00e9 unik\u00e1tn\u00ed v\u00fdhledy. P\u0159em\u00fd\u0161leli jste n\u011bkdy o tom, jak b\u00e1je\u010dn\u011b p\u0159i takov\u00e9m kempov\u00e1n\u00ed chutn\u00e1 siln\u00e9 \u010derven\u00e9 v\u00edno nebo dobr\u00e1 p\u00e1lenka? To u\u017e stoj\u00ed za zkou\u0161ku. Nebo ne?<\/p>\n","protected":false},"excerpt":{"rendered":"<p>L\u00e9to uteklo jako voda, ale milovn\u00edk\u016fm karavaningu a kempov\u00e1n\u00ed dovolenkov\u00e1 sez\u00f3na nekon\u010d\u00ed v&nbsp;podstat\u011b nikdy. Jen je d\u016fle\u017eit\u00e9 si uv\u011bdomit, \u017ee ka\u017ed\u00e9 obdob\u00ed m\u00e1 sv\u00e1 specifika a podle toho se p\u0159ipravit. Pr\u00e1v\u011b podzim je potom pro v\u00fdlety karavanem jak d\u011blan\u00fd. U\u017e nen\u00ed toti\u017e takov\u00e9 vedro, v\u0161ude je m\u00e9n\u011b lid\u00ed a p\u0159\u00edroda p\u0159itom vypad\u00e1 jak z&nbsp;t\u011bch nejk\u00fd\u010dovit\u011bj\u0161\u00edch [&hellip;]<\/p>\n","protected":false},"author":161,"featured_media":81427,"comment_status":"closed","ping_status":"open","sticky":false,"template":"","format":"standard","meta":{"_monsterinsights_skip_tracking":false,"_monsterinsights_sitenote_active":false,"_monsterinsights_sitenote_note":"","_monsterinsights_sitenote_category":0,"footnotes":""},"categories":[368],"tags":[226],"class_list":{"0":"post-81426","1":"post","2":"type-post","3":"status-publish","4":"format-standard","5":"has-post-thumbnail","7":"category-magazin_all4camper","8":"tag-rady-a-tipy"},"yoast_head":"<!-- This site is optimized with the Yoast SEO plugin v27.5 - https:\/\/yoast.com\/product\/yoast-seo-wordpress\/ -->\n<title>V \u010dem se li\u0161\u00ed kempov\u00e1n\u00ed na podzim od toho letn\u00edho plus bal\u00ed\u010dek zaj\u00edmav\u00fdch tip\u016f i pro stana\u0159e. - All4Camper<\/title>\n<meta name=\"description\" content=\"All4Camper - V \u010dem se li\u0161\u00ed kempov\u00e1n\u00ed na podzim od toho letn\u00edho plus bal\u00ed\u010dek zaj\u00edmav\u00fdch tip\u016f i pro stana\u0159e.\" \/>\n<meta name=\"robots\" content=\"index, follow, max-snippet:-1, max-image-preview:large, max-video-preview:-1\" \/>\n<link rel=\"canonical\" href=\"https:\/\/all4camper.com\/cs\/v-cem-se-lisi-kempovani-na-podzim-od-toho-letniho-plus-balicek-zajimavych-tipu\/\" \/>\n<meta property=\"og:locale\" content=\"cs_CZ\" \/>\n<meta property=\"og:type\" content=\"article\" \/>\n<meta property=\"og:title\" content=\"V \u010dem se li\u0161\u00ed kempov\u00e1n\u00ed na podzim od toho letn\u00edho plus bal\u00ed\u010dek zaj\u00edmav\u00fdch tip\u016f i pro stana\u0159e. - All4Camper\" \/>\n<meta property=\"og:description\" content=\"All4Camper - V \u010dem se li\u0161\u00ed kempov\u00e1n\u00ed na podzim od toho letn\u00edho plus bal\u00ed\u010dek zaj\u00edmav\u00fdch tip\u016f i pro stana\u0159e.\" \/>\n<meta property=\"og:url\" content=\"https:\/\/all4camper.com\/cs\/v-cem-se-lisi-kempovani-na-podzim-od-toho-letniho-plus-balicek-zajimavych-tipu\/\" \/>\n<meta property=\"og:site_name\" content=\"All4Camper\" \/>\n<meta property=\"article:published_time\" content=\"2019-09-11T08:46:02+00:00\" \/>\n<meta property=\"article:modified_time\" content=\"2020-04-21T12:16:31+00:00\" \/>\n<meta property=\"og:image\" content=\"https:\/\/all4camper.com\/wp-content\/uploads\/2019\/09\/autumn-3762992_1920.jpg\" \/>\n\t<meta property=\"og:image:width\" content=\"1920\" \/>\n\t<meta property=\"og:image:height\" content=\"1280\" \/>\n\t<meta property=\"og:image:type\" content=\"image\/jpeg\" \/>\n<meta name=\"author\" content=\"Kate\u0159ina\" \/>\n<meta name=\"twitter:card\" content=\"summary_large_image\" \/>\n<meta name=\"twitter:label1\" content=\"Napsal(a)\" \/>\n\t<meta name=\"twitter:data1\" content=\"Kate\u0159ina\" \/>\n\t<meta name=\"twitter:label2\" content=\"Odhadovan\u00e1 doba \u010dten\u00ed\" \/>\n\t<meta name=\"twitter:data2\" content=\"6 minut\" \/>\n<script type=\"application\/ld+json\" class=\"yoast-schema-graph\">{\"@context\":\"https:\\\/\\\/schema.org\",\"@graph\":[{\"@type\":\"Article\",\"@id\":\"https:\\\/\\\/all4camper.com\\\/cs\\\/v-cem-se-lisi-kempovani-na-podzim-od-toho-letniho-plus-balicek-zajimavych-tipu\\\/#article\",\"isPartOf\":{\"@id\":\"https:\\\/\\\/all4camper.com\\\/cs\\\/v-cem-se-lisi-kempovani-na-podzim-od-toho-letniho-plus-balicek-zajimavych-tipu\\\/\"},\"author\":{\"name\":\"Kate\u0159ina\",\"@id\":\"https:\\\/\\\/all4camper.com\\\/cs\\\/#\\\/schema\\\/person\\\/9349489688d4c221ca0fc39ae6bcb70b\"},\"headline\":\"V \u010dem se li\u0161\u00ed kempov\u00e1n\u00ed na podzim od toho letn\u00edho plus bal\u00ed\u010dek zaj\u00edmav\u00fdch tip\u016f i pro stana\u0159e.\",\"datePublished\":\"2019-09-11T08:46:02+00:00\",\"dateModified\":\"2020-04-21T12:16:31+00:00\",\"mainEntityOfPage\":{\"@id\":\"https:\\\/\\\/all4camper.com\\\/cs\\\/v-cem-se-lisi-kempovani-na-podzim-od-toho-letniho-plus-balicek-zajimavych-tipu\\\/\"},\"wordCount\":1258,\"publisher\":{\"@id\":\"https:\\\/\\\/all4camper.com\\\/cs\\\/#organization\"},\"image\":{\"@id\":\"https:\\\/\\\/all4camper.com\\\/cs\\\/v-cem-se-lisi-kempovani-na-podzim-od-toho-letniho-plus-balicek-zajimavych-tipu\\\/#primaryimage\"},\"thumbnailUrl\":\"https:\\\/\\\/all4camper.com\\\/wp-content\\\/uploads\\\/2019\\\/09\\\/autumn-3762992_1920.jpg\",\"keywords\":[\"Rady-tipy-informace\"],\"articleSection\":[\"\u010cten\u00ed na cesty\"],\"inLanguage\":\"cs\"},{\"@type\":\"WebPage\",\"@id\":\"https:\\\/\\\/all4camper.com\\\/cs\\\/v-cem-se-lisi-kempovani-na-podzim-od-toho-letniho-plus-balicek-zajimavych-tipu\\\/\",\"url\":\"https:\\\/\\\/all4camper.com\\\/cs\\\/v-cem-se-lisi-kempovani-na-podzim-od-toho-letniho-plus-balicek-zajimavych-tipu\\\/\",\"name\":\"V \u010dem se li\u0161\u00ed kempov\u00e1n\u00ed na podzim od toho letn\u00edho plus bal\u00ed\u010dek zaj\u00edmav\u00fdch tip\u016f i pro stana\u0159e. - All4Camper\",\"isPartOf\":{\"@id\":\"https:\\\/\\\/all4camper.com\\\/cs\\\/#website\"},\"primaryImageOfPage\":{\"@id\":\"https:\\\/\\\/all4camper.com\\\/cs\\\/v-cem-se-lisi-kempovani-na-podzim-od-toho-letniho-plus-balicek-zajimavych-tipu\\\/#primaryimage\"},\"image\":{\"@id\":\"https:\\\/\\\/all4camper.com\\\/cs\\\/v-cem-se-lisi-kempovani-na-podzim-od-toho-letniho-plus-balicek-zajimavych-tipu\\\/#primaryimage\"},\"thumbnailUrl\":\"https:\\\/\\\/all4camper.com\\\/wp-content\\\/uploads\\\/2019\\\/09\\\/autumn-3762992_1920.jpg\",\"datePublished\":\"2019-09-11T08:46:02+00:00\",\"dateModified\":\"2020-04-21T12:16:31+00:00\",\"description\":\"All4Camper - V \u010dem se li\u0161\u00ed kempov\u00e1n\u00ed na podzim od toho letn\u00edho plus bal\u00ed\u010dek zaj\u00edmav\u00fdch tip\u016f i pro stana\u0159e.\",\"breadcrumb\":{\"@id\":\"https:\\\/\\\/all4camper.com\\\/cs\\\/v-cem-se-lisi-kempovani-na-podzim-od-toho-letniho-plus-balicek-zajimavych-tipu\\\/#breadcrumb\"},\"inLanguage\":\"cs\",\"potentialAction\":[{\"@type\":\"ReadAction\",\"target\":[\"https:\\\/\\\/all4camper.com\\\/cs\\\/v-cem-se-lisi-kempovani-na-podzim-od-toho-letniho-plus-balicek-zajimavych-tipu\\\/\"]}]},{\"@type\":\"ImageObject\",\"inLanguage\":\"cs\",\"@id\":\"https:\\\/\\\/all4camper.com\\\/cs\\\/v-cem-se-lisi-kempovani-na-podzim-od-toho-letniho-plus-balicek-zajimavych-tipu\\\/#primaryimage\",\"url\":\"https:\\\/\\\/all4camper.com\\\/wp-content\\\/uploads\\\/2019\\\/09\\\/autumn-3762992_1920.jpg\",\"contentUrl\":\"https:\\\/\\\/all4camper.com\\\/wp-content\\\/uploads\\\/2019\\\/09\\\/autumn-3762992_1920.jpg\",\"width\":1920,\"height\":1280},{\"@type\":\"BreadcrumbList\",\"@id\":\"https:\\\/\\\/all4camper.com\\\/cs\\\/v-cem-se-lisi-kempovani-na-podzim-od-toho-letniho-plus-balicek-zajimavych-tipu\\\/#breadcrumb\",\"itemListElement\":[{\"@type\":\"ListItem\",\"position\":1,\"name\":\"Dom\u016f\",\"item\":\"https:\\\/\\\/all4camper.com\\\/cs\\\/\"},{\"@type\":\"ListItem\",\"position\":2,\"name\":\"\u010cten\u00ed na cesty\",\"item\":\"https:\\\/\\\/all4camper.com\\\/cs\\\/category\\\/magazin_all4camper\\\/\"},{\"@type\":\"ListItem\",\"position\":3,\"name\":\"V \u010dem se li\u0161\u00ed kempov\u00e1n\u00ed na podzim od toho letn\u00edho plus bal\u00ed\u010dek zaj\u00edmav\u00fdch tip\u016f i pro stana\u0159e.\"}]},{\"@type\":\"WebSite\",\"@id\":\"https:\\\/\\\/all4camper.com\\\/cs\\\/#website\",\"url\":\"https:\\\/\\\/all4camper.com\\\/cs\\\/\",\"name\":\"All4Camper\",\"description\":\"Nejv\u011bt\u0161\u00ed online magaz\u00edn o kempov\u00e1n\u00ed a karavaninku. V\u00edce jak 900 \u010dl\u00e1nk\u016f pln\u00fdch rad a tip\u016f o kempech a kempov\u00e1n\u00ed.\",\"publisher\":{\"@id\":\"https:\\\/\\\/all4camper.com\\\/cs\\\/#organization\"},\"potentialAction\":[{\"@type\":\"SearchAction\",\"target\":{\"@type\":\"EntryPoint\",\"urlTemplate\":\"https:\\\/\\\/all4camper.com\\\/cs\\\/?s={search_term_string}\"},\"query-input\":{\"@type\":\"PropertyValueSpecification\",\"valueRequired\":true,\"valueName\":\"search_term_string\"}}],\"inLanguage\":\"cs\"},{\"@type\":\"Organization\",\"@id\":\"https:\\\/\\\/all4camper.com\\\/cs\\\/#organization\",\"name\":\"All4Camper - kempujeme s Kl\u00e1rou\",\"url\":\"https:\\\/\\\/all4camper.com\\\/cs\\\/\",\"logo\":{\"@type\":\"ImageObject\",\"inLanguage\":\"cs\",\"@id\":\"https:\\\/\\\/all4camper.com\\\/cs\\\/#\\\/schema\\\/logo\\\/image\\\/\",\"url\":\"https:\\\/\\\/all4camper.com\\\/wp-content\\\/uploads\\\/2018\\\/09\\\/novelogo.png\",\"contentUrl\":\"https:\\\/\\\/all4camper.com\\\/wp-content\\\/uploads\\\/2018\\\/09\\\/novelogo.png\",\"width\":1520,\"height\":600,\"caption\":\"All4Camper - kempujeme s Kl\u00e1rou\"},\"image\":{\"@id\":\"https:\\\/\\\/all4camper.com\\\/cs\\\/#\\\/schema\\\/logo\\\/image\\\/\"}},{\"@type\":\"Person\",\"@id\":\"https:\\\/\\\/all4camper.com\\\/cs\\\/#\\\/schema\\\/person\\\/9349489688d4c221ca0fc39ae6bcb70b\",\"name\":\"Kate\u0159ina\",\"url\":\"https:\\\/\\\/all4camper.com\\\/cs\\\/author\\\/kterina\\\/\"}]}<\/script>\n<!-- \/ Yoast SEO plugin. -->","yoast_head_json":{"title":"V \u010dem se li\u0161\u00ed kempov\u00e1n\u00ed na podzim od toho letn\u00edho plus bal\u00ed\u010dek zaj\u00edmav\u00fdch tip\u016f i pro stana\u0159e. - All4Camper","description":"All4Camper - V \u010dem se li\u0161\u00ed kempov\u00e1n\u00ed na podzim od toho letn\u00edho plus bal\u00ed\u010dek zaj\u00edmav\u00fdch tip\u016f i pro stana\u0159e.","robots":{"index":"index","follow":"follow","max-snippet":"max-snippet:-1","max-image-preview":"max-image-preview:large","max-video-preview":"max-video-preview:-1"},"canonical":"https:\/\/all4camper.com\/cs\/v-cem-se-lisi-kempovani-na-podzim-od-toho-letniho-plus-balicek-zajimavych-tipu\/","og_locale":"cs_CZ","og_type":"article","og_title":"V \u010dem se li\u0161\u00ed kempov\u00e1n\u00ed na podzim od toho letn\u00edho plus bal\u00ed\u010dek zaj\u00edmav\u00fdch tip\u016f i pro stana\u0159e. - All4Camper","og_description":"All4Camper - V \u010dem se li\u0161\u00ed kempov\u00e1n\u00ed na podzim od toho letn\u00edho plus bal\u00ed\u010dek zaj\u00edmav\u00fdch tip\u016f i pro stana\u0159e.","og_url":"https:\/\/all4camper.com\/cs\/v-cem-se-lisi-kempovani-na-podzim-od-toho-letniho-plus-balicek-zajimavych-tipu\/","og_site_name":"All4Camper","article_published_time":"2019-09-11T08:46:02+00:00","article_modified_time":"2020-04-21T12:16:31+00:00","og_image":[{"width":1920,"height":1280,"url":"https:\/\/all4camper.com\/wp-content\/uploads\/2019\/09\/autumn-3762992_1920.jpg","type":"image\/jpeg"}],"author":"Kate\u0159ina","twitter_card":"summary_large_image","twitter_misc":{"Napsal(a)":"Kate\u0159ina","Odhadovan\u00e1 doba \u010dten\u00ed":"6 minut"},"schema":{"@context":"https:\/\/schema.org","@graph":[{"@type":"Article","@id":"https:\/\/all4camper.com\/cs\/v-cem-se-lisi-kempovani-na-podzim-od-toho-letniho-plus-balicek-zajimavych-tipu\/#article","isPartOf":{"@id":"https:\/\/all4camper.com\/cs\/v-cem-se-lisi-kempovani-na-podzim-od-toho-letniho-plus-balicek-zajimavych-tipu\/"},"author":{"name":"Kate\u0159ina","@id":"https:\/\/all4camper.com\/cs\/#\/schema\/person\/9349489688d4c221ca0fc39ae6bcb70b"},"headline":"V \u010dem se li\u0161\u00ed kempov\u00e1n\u00ed na podzim od toho letn\u00edho plus bal\u00ed\u010dek zaj\u00edmav\u00fdch tip\u016f i pro stana\u0159e.","datePublished":"2019-09-11T08:46:02+00:00","dateModified":"2020-04-21T12:16:31+00:00","mainEntityOfPage":{"@id":"https:\/\/all4camper.com\/cs\/v-cem-se-lisi-kempovani-na-podzim-od-toho-letniho-plus-balicek-zajimavych-tipu\/"},"wordCount":1258,"publisher":{"@id":"https:\/\/all4camper.com\/cs\/#organization"},"image":{"@id":"https:\/\/all4camper.com\/cs\/v-cem-se-lisi-kempovani-na-podzim-od-toho-letniho-plus-balicek-zajimavych-tipu\/#primaryimage"},"thumbnailUrl":"https:\/\/all4camper.com\/wp-content\/uploads\/2019\/09\/autumn-3762992_1920.jpg","keywords":["Rady-tipy-informace"],"articleSection":["\u010cten\u00ed na cesty"],"inLanguage":"cs"},{"@type":"WebPage","@id":"https:\/\/all4camper.com\/cs\/v-cem-se-lisi-kempovani-na-podzim-od-toho-letniho-plus-balicek-zajimavych-tipu\/","url":"https:\/\/all4camper.com\/cs\/v-cem-se-lisi-kempovani-na-podzim-od-toho-letniho-plus-balicek-zajimavych-tipu\/","name":"V \u010dem se li\u0161\u00ed kempov\u00e1n\u00ed na podzim od toho letn\u00edho plus bal\u00ed\u010dek zaj\u00edmav\u00fdch tip\u016f i pro stana\u0159e. - All4Camper","isPartOf":{"@id":"https:\/\/all4camper.com\/cs\/#website"},"primaryImageOfPage":{"@id":"https:\/\/all4camper.com\/cs\/v-cem-se-lisi-kempovani-na-podzim-od-toho-letniho-plus-balicek-zajimavych-tipu\/#primaryimage"},"image":{"@id":"https:\/\/all4camper.com\/cs\/v-cem-se-lisi-kempovani-na-podzim-od-toho-letniho-plus-balicek-zajimavych-tipu\/#primaryimage"},"thumbnailUrl":"https:\/\/all4camper.com\/wp-content\/uploads\/2019\/09\/autumn-3762992_1920.jpg","datePublished":"2019-09-11T08:46:02+00:00","dateModified":"2020-04-21T12:16:31+00:00","description":"All4Camper - V \u010dem se li\u0161\u00ed kempov\u00e1n\u00ed na podzim od toho letn\u00edho plus bal\u00ed\u010dek zaj\u00edmav\u00fdch tip\u016f i pro stana\u0159e.","breadcrumb":{"@id":"https:\/\/all4camper.com\/cs\/v-cem-se-lisi-kempovani-na-podzim-od-toho-letniho-plus-balicek-zajimavych-tipu\/#breadcrumb"},"inLanguage":"cs","potentialAction":[{"@type":"ReadAction","target":["https:\/\/all4camper.com\/cs\/v-cem-se-lisi-kempovani-na-podzim-od-toho-letniho-plus-balicek-zajimavych-tipu\/"]}]},{"@type":"ImageObject","inLanguage":"cs","@id":"https:\/\/all4camper.com\/cs\/v-cem-se-lisi-kempovani-na-podzim-od-toho-letniho-plus-balicek-zajimavych-tipu\/#primaryimage","url":"https:\/\/all4camper.com\/wp-content\/uploads\/2019\/09\/autumn-3762992_1920.jpg","contentUrl":"https:\/\/all4camper.com\/wp-content\/uploads\/2019\/09\/autumn-3762992_1920.jpg","width":1920,"height":1280},{"@type":"BreadcrumbList","@id":"https:\/\/all4camper.com\/cs\/v-cem-se-lisi-kempovani-na-podzim-od-toho-letniho-plus-balicek-zajimavych-tipu\/#breadcrumb","itemListElement":[{"@type":"ListItem","position":1,"name":"Dom\u016f","item":"https:\/\/all4camper.com\/cs\/"},{"@type":"ListItem","position":2,"name":"\u010cten\u00ed na cesty","item":"https:\/\/all4camper.com\/cs\/category\/magazin_all4camper\/"},{"@type":"ListItem","position":3,"name":"V \u010dem se li\u0161\u00ed kempov\u00e1n\u00ed na podzim od toho letn\u00edho plus bal\u00ed\u010dek zaj\u00edmav\u00fdch tip\u016f i pro stana\u0159e."}]},{"@type":"WebSite","@id":"https:\/\/all4camper.com\/cs\/#website","url":"https:\/\/all4camper.com\/cs\/","name":"All4Camper","description":"Nejv\u011bt\u0161\u00ed online magaz\u00edn o kempov\u00e1n\u00ed a karavaninku. V\u00edce jak 900 \u010dl\u00e1nk\u016f pln\u00fdch rad a tip\u016f o kempech a kempov\u00e1n\u00ed.","publisher":{"@id":"https:\/\/all4camper.com\/cs\/#organization"},"potentialAction":[{"@type":"SearchAction","target":{"@type":"EntryPoint","urlTemplate":"https:\/\/all4camper.com\/cs\/?s={search_term_string}"},"query-input":{"@type":"PropertyValueSpecification","valueRequired":true,"valueName":"search_term_string"}}],"inLanguage":"cs"},{"@type":"Organization","@id":"https:\/\/all4camper.com\/cs\/#organization","name":"All4Camper - kempujeme s Kl\u00e1rou","url":"https:\/\/all4camper.com\/cs\/","logo":{"@type":"ImageObject","inLanguage":"cs","@id":"https:\/\/all4camper.com\/cs\/#\/schema\/logo\/image\/","url":"https:\/\/all4camper.com\/wp-content\/uploads\/2018\/09\/novelogo.png","contentUrl":"https:\/\/all4camper.com\/wp-content\/uploads\/2018\/09\/novelogo.png","width":1520,"height":600,"caption":"All4Camper - kempujeme s Kl\u00e1rou"},"image":{"@id":"https:\/\/all4camper.com\/cs\/#\/schema\/logo\/image\/"}},{"@type":"Person","@id":"https:\/\/all4camper.com\/cs\/#\/schema\/person\/9349489688d4c221ca0fc39ae6bcb70b","name":"Kate\u0159ina","url":"https:\/\/all4camper.com\/cs\/author\/kterina\/"}]}},"_links":{"self":[{"href":"https:\/\/all4camper.com\/cs\/wp-json\/wp\/v2\/posts\/81426","targetHints":{"allow":["GET"]}}],"collection":[{"href":"https:\/\/all4camper.com\/cs\/wp-json\/wp\/v2\/posts"}],"about":[{"href":"https:\/\/all4camper.com\/cs\/wp-json\/wp\/v2\/types\/post"}],"author":[{"embeddable":true,"href":"https:\/\/all4camper.com\/cs\/wp-json\/wp\/v2\/users\/161"}],"replies":[{"embeddable":true,"href":"https:\/\/all4camper.com\/cs\/wp-json\/wp\/v2\/comments?post=81426"}],"version-history":[{"count":0,"href":"https:\/\/all4camper.com\/cs\/wp-json\/wp\/v2\/posts\/81426\/revisions"}],"wp:featuredmedia":[{"embeddable":true,"href":"https:\/\/all4camper.com\/cs\/wp-json\/wp\/v2\/media\/81427"}],"wp:attachment":[{"href":"https:\/\/all4camper.com\/cs\/wp-json\/wp\/v2\/media?parent=81426"}],"wp:term":[{"taxonomy":"category","embeddable":true,"href":"https:\/\/all4camper.com\/cs\/wp-json\/wp\/v2\/categories?post=81426"},{"taxonomy":"post_tag","embeddable":true,"href":"https:\/\/all4camper.com\/cs\/wp-json\/wp\/v2\/tags?post=81426"}],"curies":[{"name":"wp","href":"https:\/\/api.w.org\/{rel}","templated":true}]}}