{"id":81404,"date":"2019-09-09T09:46:03","date_gmt":"2019-09-09T07:46:03","guid":{"rendered":"https:\/\/all4camper.com\/\/?p=81404"},"modified":"2019-09-09T09:46:12","modified_gmt":"2019-09-09T07:46:12","slug":"krupavy-chleb-z-panve-ktery-pripravite-i-v-te-nejvetsi-divocine","status":"publish","type":"post","link":"https:\/\/all4camper.com\/cs\/krupavy-chleb-z-panve-ktery-pripravite-i-v-te-nejvetsi-divocine\/","title":{"rendered":"K\u0159upav\u00fd chl\u00e9b z p\u00e1nve, kter\u00fd p\u0159iprav\u00edte i v t\u00e9 nejv\u011bt\u0161\u00ed divo\u010din\u011b"},"content":{"rendered":"\n<h4 class=\"wp-block-heading\">A\u0165 u\u017e se jedn\u00e1 o sn\u00eddani, ob\u011bd nebo ve\u010de\u0159i, ka\u017ed\u00e9 z&nbsp;t\u011bchto j\u00eddel dok\u00e1\u017ee a\u017e neskute\u010dn\u011b pozvednou \u010derstv\u00fd chl\u00e9b. \u00dapln\u011b jsem dostala chu\u0165 t\u0159eba na takov\u00fd jednoduch\u00fd \u0159eck\u00fd sal\u00e1t a k&nbsp;tomu kousek v\u00fdborn\u00e9ho chleba i b\u011bhem psan\u00ed tohoto \u010dl\u00e1nku. Do n\u011bkter\u00fdch kemp\u016f je \u010derstv\u00e9 pe\u010divo pravideln\u011b r\u00e1no dov\u00e1\u017eeno, ale nen\u00ed to pravidlo \u2013 <br>a co si po\u010d\u00edt, kdy\u017e jste \u00fapln\u011b mimo civilizaci?<\/h4>\n\n\n\n<figure class=\"wp-block-image\"><img loading=\"lazy\" decoding=\"async\" width=\"1617\" height=\"1080\" src=\"https:\/\/all4camper.com\/\/wp-content\/uploads\/2019\/09\/fire-832842_1920-1617x1080.jpg\" alt=\"\" class=\"wp-image-81405\" srcset=\"https:\/\/all4camper.com\/wp-content\/uploads\/2019\/09\/fire-832842_1920-1617x1080.jpg 1617w, https:\/\/all4camper.com\/wp-content\/uploads\/2019\/09\/fire-832842_1920-300x200.jpg 300w, https:\/\/all4camper.com\/wp-content\/uploads\/2019\/09\/fire-832842_1920-150x100.jpg 150w, https:\/\/all4camper.com\/wp-content\/uploads\/2019\/09\/fire-832842_1920-768x513.jpg 768w, https:\/\/all4camper.com\/wp-content\/uploads\/2019\/09\/fire-832842_1920-1536x1026.jpg 1536w, https:\/\/all4camper.com\/wp-content\/uploads\/2019\/09\/fire-832842_1920.jpg 1920w\" sizes=\"auto, (max-width: 1617px) 100vw, 1617px\" \/><\/figure>\n\n\n\n<h3 class=\"wp-block-heading\"><strong>Jednodu\u0161e a rychle p\u0159ipraven\u00fd chl\u00e9b<\/strong><\/h3>\n\n\n\n<p>Zkr\u00e1tka si ho\nup\u00e9ct sami. Garantuji v\u00e1m, \u017ee pokud zvl\u00e1dnete nap\u0159\u00edklad volsk\u00e9 oko, porad\u00edte si\nv&nbsp;pohod\u011b i s&nbsp;t\u00edmto chlebem a ten v\u00fdsledek v\u00e1\u017en\u011b stoj\u00ed za to! <\/p>\n\n\n\n<p><strong>Pot\u0159ebujete pouze n\u00e1sleduj\u00edc\u00ed:<\/strong> 800 g mouky \u017eitn\u00e9 chlebov\u00e9, 7 g su\u0161en\u00fdch\nkvasnic, 3 dl tepl\u00e9 vody, 3 dl oleje na sma\u017een\u00ed, 3 l\u017ei\u010dky soli a 1 l\u017ei\u010dku cukru.\n<\/p>\n\n\n\n<p>Ne\u017e se pust\u00edte\ndo va\u0159en\u00ed, m\u00e1m pro v\u00e1s k&nbsp;tomu b\u00e1je\u010dn\u00fd tip. Such\u00e9 ingredience si odva\u017ete\ndoma a rozd\u011blte sm\u00edchan\u00e9 do uzav\u00edrateln\u00fdch s\u00e1\u010dk\u016f. Odpad\u00e1 tak starost\ns&nbsp;t\u00edm, kde vezmete v\u00e1hu. M\u016f\u017eete jich m\u00edt s&nbsp;sebou takto t\u0159eba n\u011bkolik\na v\u017edy prakticky po ruce. Nav\u00edc \u2013 a to zaru\u010duji \u2013 nejen, \u017ee si sami b\u00e1je\u010dn\u011b\npochutn\u00e1te, ale budete za hv\u011bzdu u v\u0161ech str\u00e1vn\u00edk\u016f. &nbsp;<\/p>\n\n\n\n<p><strong>I p\u0159\u00edprava je geni\u00e1ln\u011b jednoduch\u00e1:<\/strong> V\u0161echny ingredience (krom\u011b oleje) sm\u00edchejte a sm\u011bs pot\u00e9 nechte chvilku vykynout. Pot\u00e9 z&nbsp;t\u011bsta odkrajujte kousky asi o velikosti p\u011bsti a vytvarujte je jako lango\u0161e nebo pitu. Sma\u017ete na p\u00e1nvi na tro\u0161ce oleje z&nbsp;obou stran do zlatova a pot\u00e9 nechte na ubrousku okapat. Trvalo to chvili\u010dku a \u2013 dobrota je na sv\u011bt\u011b! Je\u0161t\u011b jeden tip \u2013 obvykle pou\u017e\u00edv\u00e1m olej olivov\u00fd. P\u0159\u00edmo do t\u011bsta pak tak\u00e9 m\u016f\u017eete zam\u00edchat r\u016fzn\u00e9 ko\u0159en\u00ed dle chuti. <\/p>\n\n\n\n<figure class=\"wp-block-image\"><img loading=\"lazy\" decoding=\"async\" width=\"1663\" height=\"1080\" src=\"https:\/\/all4camper.com\/\/wp-content\/uploads\/2019\/09\/bread-4373363_1920-1663x1080.jpg\" alt=\"\" class=\"wp-image-81406\" srcset=\"https:\/\/all4camper.com\/wp-content\/uploads\/2019\/09\/bread-4373363_1920-1663x1080.jpg 1663w, https:\/\/all4camper.com\/wp-content\/uploads\/2019\/09\/bread-4373363_1920-300x195.jpg 300w, https:\/\/all4camper.com\/wp-content\/uploads\/2019\/09\/bread-4373363_1920-150x97.jpg 150w, https:\/\/all4camper.com\/wp-content\/uploads\/2019\/09\/bread-4373363_1920-768x499.jpg 768w, https:\/\/all4camper.com\/wp-content\/uploads\/2019\/09\/bread-4373363_1920-1536x998.jpg 1536w, https:\/\/all4camper.com\/wp-content\/uploads\/2019\/09\/bread-4373363_1920.jpg 1920w\" sizes=\"auto, (max-width: 1663px) 100vw, 1663px\" \/><\/figure>\n\n\n\n<h3 class=\"wp-block-heading\"><strong>Co s&nbsp;chlebem d\u00e1l?<\/strong><\/h3>\n\n\n\n<p>To u\u017e je na v\u00e1s,\ntedy p\u0159esn\u011bji \u0159e\u010deno na vlastn\u00ed chuti. N\u011bkdo ho je\u0161t\u011b hork\u00fd pot\u00edr\u00e1 \u010desnekem\nut\u0159en\u00fdm se sol\u00ed, tro\u0161kou olivov\u00e9ho oleje a rozmar\u00fdnu \u010di bylinek podle chuti a\nu\u017e nic v\u00edc. I kdy\u017e vlastn\u011b \u2013 sklenku v\u00edna. Jinak s&nbsp;n\u00edm nakl\u00e1dejte jako\ns&nbsp;b\u011b\u017en\u00fdm chlebem, t\u0159eba se s\u00fdrem, \u0161unkou a pl\u00e1tky raj\u010dat nem\u00e1 chybu. J\u00e1 ho\nn\u011bkdy p\u0159ipravuji i doma p\u0159i grilov\u00e1n\u00ed, tak snad si ho obl\u00edb\u00edte tak\u00e9. <\/p>\n","protected":false},"excerpt":{"rendered":"<p>A\u0165 u\u017e se jedn\u00e1 o sn\u00eddani, ob\u011bd nebo ve\u010de\u0159i, ka\u017ed\u00e9 z&nbsp;t\u011bchto j\u00eddel dok\u00e1\u017ee a\u017e neskute\u010dn\u011b pozvednou \u010derstv\u00fd chl\u00e9b. \u00dapln\u011b jsem dostala chu\u0165 t\u0159eba na takov\u00fd jednoduch\u00fd \u0159eck\u00fd sal\u00e1t a k&nbsp;tomu kousek v\u00fdborn\u00e9ho chleba i b\u011bhem psan\u00ed tohoto \u010dl\u00e1nku. Do n\u011bkter\u00fdch kemp\u016f je \u010derstv\u00e9 pe\u010divo pravideln\u011b r\u00e1no dov\u00e1\u017eeno, ale nen\u00ed to pravidlo \u2013 a co si [&hellip;]<\/p>\n","protected":false},"author":161,"featured_media":81412,"comment_status":"closed","ping_status":"open","sticky":false,"template":"","format":"standard","meta":{"_monsterinsights_skip_tracking":false,"_monsterinsights_sitenote_active":false,"_monsterinsights_sitenote_note":"","_monsterinsights_sitenote_category":0,"footnotes":""},"categories":[368,422],"tags":[226,373],"class_list":{"0":"post-81404","1":"post","2":"type-post","3":"status-publish","4":"format-standard","5":"has-post-thumbnail","7":"category-magazin_all4camper","8":"category-novinky-kempovani-a-karavaning","9":"tag-rady-a-tipy","10":"tag-recepty"},"yoast_head":"<!-- This site is optimized with the Yoast SEO plugin v27.5 - https:\/\/yoast.com\/product\/yoast-seo-wordpress\/ -->\n<title>K\u0159upav\u00fd chl\u00e9b z p\u00e1nve, kter\u00fd p\u0159iprav\u00edte i v t\u00e9 nejv\u011bt\u0161\u00ed divo\u010din\u011b - All4Camper<\/title>\n<meta name=\"description\" content=\"All4Camper - K\u0159upav\u00fd chl\u00e9b z p\u00e1nve, kter\u00fd p\u0159iprav\u00edte i v t\u00e9 nejv\u011bt\u0161\u00ed divo\u010din\u011b\" \/>\n<meta name=\"robots\" content=\"index, follow, max-snippet:-1, max-image-preview:large, max-video-preview:-1\" \/>\n<link rel=\"canonical\" href=\"https:\/\/all4camper.com\/cs\/krupavy-chleb-z-panve-ktery-pripravite-i-v-te-nejvetsi-divocine\/\" \/>\n<meta property=\"og:locale\" content=\"cs_CZ\" \/>\n<meta property=\"og:type\" content=\"article\" \/>\n<meta property=\"og:title\" content=\"K\u0159upav\u00fd chl\u00e9b z p\u00e1nve, kter\u00fd p\u0159iprav\u00edte i v t\u00e9 nejv\u011bt\u0161\u00ed divo\u010din\u011b - All4Camper\" \/>\n<meta property=\"og:description\" content=\"All4Camper - K\u0159upav\u00fd chl\u00e9b z p\u00e1nve, kter\u00fd p\u0159iprav\u00edte i v t\u00e9 nejv\u011bt\u0161\u00ed divo\u010din\u011b\" \/>\n<meta property=\"og:url\" content=\"https:\/\/all4camper.com\/cs\/krupavy-chleb-z-panve-ktery-pripravite-i-v-te-nejvetsi-divocine\/\" \/>\n<meta property=\"og:site_name\" content=\"All4Camper\" \/>\n<meta property=\"article:published_time\" content=\"2019-09-09T07:46:03+00:00\" \/>\n<meta property=\"article:modified_time\" content=\"2019-09-09T07:46:12+00:00\" \/>\n<meta property=\"og:image\" content=\"https:\/\/all4camper.com\/wp-content\/uploads\/2019\/09\/cropped-fire-832842_1920-1.jpg\" \/>\n\t<meta property=\"og:image:width\" content=\"1920\" \/>\n\t<meta property=\"og:image:height\" content=\"1082\" \/>\n\t<meta property=\"og:image:type\" content=\"image\/jpeg\" \/>\n<meta name=\"author\" content=\"Kate\u0159ina\" \/>\n<meta name=\"twitter:card\" content=\"summary_large_image\" \/>\n<meta name=\"twitter:label1\" content=\"Napsal(a)\" \/>\n\t<meta name=\"twitter:data1\" content=\"Kate\u0159ina\" \/>\n\t<meta name=\"twitter:label2\" content=\"Odhadovan\u00e1 doba \u010dten\u00ed\" \/>\n\t<meta name=\"twitter:data2\" content=\"2 minuty\" \/>\n<script type=\"application\/ld+json\" class=\"yoast-schema-graph\">{\"@context\":\"https:\\\/\\\/schema.org\",\"@graph\":[{\"@type\":\"Article\",\"@id\":\"https:\\\/\\\/all4camper.com\\\/cs\\\/krupavy-chleb-z-panve-ktery-pripravite-i-v-te-nejvetsi-divocine\\\/#article\",\"isPartOf\":{\"@id\":\"https:\\\/\\\/all4camper.com\\\/cs\\\/krupavy-chleb-z-panve-ktery-pripravite-i-v-te-nejvetsi-divocine\\\/\"},\"author\":{\"name\":\"Kate\u0159ina\",\"@id\":\"https:\\\/\\\/all4camper.com\\\/cs\\\/#\\\/schema\\\/person\\\/9349489688d4c221ca0fc39ae6bcb70b\"},\"headline\":\"K\u0159upav\u00fd chl\u00e9b z p\u00e1nve, kter\u00fd p\u0159iprav\u00edte i v t\u00e9 nejv\u011bt\u0161\u00ed divo\u010din\u011b\",\"datePublished\":\"2019-09-09T07:46:03+00:00\",\"dateModified\":\"2019-09-09T07:46:12+00:00\",\"mainEntityOfPage\":{\"@id\":\"https:\\\/\\\/all4camper.com\\\/cs\\\/krupavy-chleb-z-panve-ktery-pripravite-i-v-te-nejvetsi-divocine\\\/\"},\"wordCount\":480,\"publisher\":{\"@id\":\"https:\\\/\\\/all4camper.com\\\/cs\\\/#organization\"},\"image\":{\"@id\":\"https:\\\/\\\/all4camper.com\\\/cs\\\/krupavy-chleb-z-panve-ktery-pripravite-i-v-te-nejvetsi-divocine\\\/#primaryimage\"},\"thumbnailUrl\":\"https:\\\/\\\/all4camper.com\\\/wp-content\\\/uploads\\\/2019\\\/09\\\/cropped-fire-832842_1920-1.jpg\",\"keywords\":[\"Rady-tipy-informace\",\"Recepty\"],\"articleSection\":[\"\u010cten\u00ed na cesty\",\"Novinky - Kempov\u00e1n\u00ed a karavaning\"],\"inLanguage\":\"cs\"},{\"@type\":\"WebPage\",\"@id\":\"https:\\\/\\\/all4camper.com\\\/cs\\\/krupavy-chleb-z-panve-ktery-pripravite-i-v-te-nejvetsi-divocine\\\/\",\"url\":\"https:\\\/\\\/all4camper.com\\\/cs\\\/krupavy-chleb-z-panve-ktery-pripravite-i-v-te-nejvetsi-divocine\\\/\",\"name\":\"K\u0159upav\u00fd chl\u00e9b z p\u00e1nve, kter\u00fd p\u0159iprav\u00edte i v t\u00e9 nejv\u011bt\u0161\u00ed divo\u010din\u011b - All4Camper\",\"isPartOf\":{\"@id\":\"https:\\\/\\\/all4camper.com\\\/cs\\\/#website\"},\"primaryImageOfPage\":{\"@id\":\"https:\\\/\\\/all4camper.com\\\/cs\\\/krupavy-chleb-z-panve-ktery-pripravite-i-v-te-nejvetsi-divocine\\\/#primaryimage\"},\"image\":{\"@id\":\"https:\\\/\\\/all4camper.com\\\/cs\\\/krupavy-chleb-z-panve-ktery-pripravite-i-v-te-nejvetsi-divocine\\\/#primaryimage\"},\"thumbnailUrl\":\"https:\\\/\\\/all4camper.com\\\/wp-content\\\/uploads\\\/2019\\\/09\\\/cropped-fire-832842_1920-1.jpg\",\"datePublished\":\"2019-09-09T07:46:03+00:00\",\"dateModified\":\"2019-09-09T07:46:12+00:00\",\"description\":\"All4Camper - K\u0159upav\u00fd chl\u00e9b z p\u00e1nve, kter\u00fd p\u0159iprav\u00edte i v t\u00e9 nejv\u011bt\u0161\u00ed divo\u010din\u011b\",\"breadcrumb\":{\"@id\":\"https:\\\/\\\/all4camper.com\\\/cs\\\/krupavy-chleb-z-panve-ktery-pripravite-i-v-te-nejvetsi-divocine\\\/#breadcrumb\"},\"inLanguage\":\"cs\",\"potentialAction\":[{\"@type\":\"ReadAction\",\"target\":[\"https:\\\/\\\/all4camper.com\\\/cs\\\/krupavy-chleb-z-panve-ktery-pripravite-i-v-te-nejvetsi-divocine\\\/\"]}]},{\"@type\":\"ImageObject\",\"inLanguage\":\"cs\",\"@id\":\"https:\\\/\\\/all4camper.com\\\/cs\\\/krupavy-chleb-z-panve-ktery-pripravite-i-v-te-nejvetsi-divocine\\\/#primaryimage\",\"url\":\"https:\\\/\\\/all4camper.com\\\/wp-content\\\/uploads\\\/2019\\\/09\\\/cropped-fire-832842_1920-1.jpg\",\"contentUrl\":\"https:\\\/\\\/all4camper.com\\\/wp-content\\\/uploads\\\/2019\\\/09\\\/cropped-fire-832842_1920-1.jpg\",\"width\":1920,\"height\":1082},{\"@type\":\"BreadcrumbList\",\"@id\":\"https:\\\/\\\/all4camper.com\\\/cs\\\/krupavy-chleb-z-panve-ktery-pripravite-i-v-te-nejvetsi-divocine\\\/#breadcrumb\",\"itemListElement\":[{\"@type\":\"ListItem\",\"position\":1,\"name\":\"Dom\u016f\",\"item\":\"https:\\\/\\\/all4camper.com\\\/cs\\\/\"},{\"@type\":\"ListItem\",\"position\":2,\"name\":\"\u010cten\u00ed na cesty\",\"item\":\"https:\\\/\\\/all4camper.com\\\/cs\\\/category\\\/magazin_all4camper\\\/\"},{\"@type\":\"ListItem\",\"position\":3,\"name\":\"K\u0159upav\u00fd chl\u00e9b z p\u00e1nve, kter\u00fd p\u0159iprav\u00edte i v t\u00e9 nejv\u011bt\u0161\u00ed divo\u010din\u011b\"}]},{\"@type\":\"WebSite\",\"@id\":\"https:\\\/\\\/all4camper.com\\\/cs\\\/#website\",\"url\":\"https:\\\/\\\/all4camper.com\\\/cs\\\/\",\"name\":\"All4Camper\",\"description\":\"Nejv\u011bt\u0161\u00ed online magaz\u00edn o kempov\u00e1n\u00ed a karavaninku. V\u00edce jak 900 \u010dl\u00e1nk\u016f pln\u00fdch rad a tip\u016f o kempech a kempov\u00e1n\u00ed.\",\"publisher\":{\"@id\":\"https:\\\/\\\/all4camper.com\\\/cs\\\/#organization\"},\"potentialAction\":[{\"@type\":\"SearchAction\",\"target\":{\"@type\":\"EntryPoint\",\"urlTemplate\":\"https:\\\/\\\/all4camper.com\\\/cs\\\/?s={search_term_string}\"},\"query-input\":{\"@type\":\"PropertyValueSpecification\",\"valueRequired\":true,\"valueName\":\"search_term_string\"}}],\"inLanguage\":\"cs\"},{\"@type\":\"Organization\",\"@id\":\"https:\\\/\\\/all4camper.com\\\/cs\\\/#organization\",\"name\":\"All4Camper - kempujeme s Kl\u00e1rou\",\"url\":\"https:\\\/\\\/all4camper.com\\\/cs\\\/\",\"logo\":{\"@type\":\"ImageObject\",\"inLanguage\":\"cs\",\"@id\":\"https:\\\/\\\/all4camper.com\\\/cs\\\/#\\\/schema\\\/logo\\\/image\\\/\",\"url\":\"https:\\\/\\\/all4camper.com\\\/wp-content\\\/uploads\\\/2018\\\/09\\\/novelogo.png\",\"contentUrl\":\"https:\\\/\\\/all4camper.com\\\/wp-content\\\/uploads\\\/2018\\\/09\\\/novelogo.png\",\"width\":1520,\"height\":600,\"caption\":\"All4Camper - kempujeme s Kl\u00e1rou\"},\"image\":{\"@id\":\"https:\\\/\\\/all4camper.com\\\/cs\\\/#\\\/schema\\\/logo\\\/image\\\/\"}},{\"@type\":\"Person\",\"@id\":\"https:\\\/\\\/all4camper.com\\\/cs\\\/#\\\/schema\\\/person\\\/9349489688d4c221ca0fc39ae6bcb70b\",\"name\":\"Kate\u0159ina\",\"url\":\"https:\\\/\\\/all4camper.com\\\/cs\\\/author\\\/kterina\\\/\"}]}<\/script>\n<!-- \/ Yoast SEO plugin. -->","yoast_head_json":{"title":"K\u0159upav\u00fd chl\u00e9b z p\u00e1nve, kter\u00fd p\u0159iprav\u00edte i v t\u00e9 nejv\u011bt\u0161\u00ed divo\u010din\u011b - All4Camper","description":"All4Camper - K\u0159upav\u00fd chl\u00e9b z p\u00e1nve, kter\u00fd p\u0159iprav\u00edte i v t\u00e9 nejv\u011bt\u0161\u00ed divo\u010din\u011b","robots":{"index":"index","follow":"follow","max-snippet":"max-snippet:-1","max-image-preview":"max-image-preview:large","max-video-preview":"max-video-preview:-1"},"canonical":"https:\/\/all4camper.com\/cs\/krupavy-chleb-z-panve-ktery-pripravite-i-v-te-nejvetsi-divocine\/","og_locale":"cs_CZ","og_type":"article","og_title":"K\u0159upav\u00fd chl\u00e9b z p\u00e1nve, kter\u00fd p\u0159iprav\u00edte i v t\u00e9 nejv\u011bt\u0161\u00ed divo\u010din\u011b - All4Camper","og_description":"All4Camper - K\u0159upav\u00fd chl\u00e9b z p\u00e1nve, kter\u00fd p\u0159iprav\u00edte i v t\u00e9 nejv\u011bt\u0161\u00ed divo\u010din\u011b","og_url":"https:\/\/all4camper.com\/cs\/krupavy-chleb-z-panve-ktery-pripravite-i-v-te-nejvetsi-divocine\/","og_site_name":"All4Camper","article_published_time":"2019-09-09T07:46:03+00:00","article_modified_time":"2019-09-09T07:46:12+00:00","og_image":[{"width":1920,"height":1082,"url":"https:\/\/all4camper.com\/wp-content\/uploads\/2019\/09\/cropped-fire-832842_1920-1.jpg","type":"image\/jpeg"}],"author":"Kate\u0159ina","twitter_card":"summary_large_image","twitter_misc":{"Napsal(a)":"Kate\u0159ina","Odhadovan\u00e1 doba \u010dten\u00ed":"2 minuty"},"schema":{"@context":"https:\/\/schema.org","@graph":[{"@type":"Article","@id":"https:\/\/all4camper.com\/cs\/krupavy-chleb-z-panve-ktery-pripravite-i-v-te-nejvetsi-divocine\/#article","isPartOf":{"@id":"https:\/\/all4camper.com\/cs\/krupavy-chleb-z-panve-ktery-pripravite-i-v-te-nejvetsi-divocine\/"},"author":{"name":"Kate\u0159ina","@id":"https:\/\/all4camper.com\/cs\/#\/schema\/person\/9349489688d4c221ca0fc39ae6bcb70b"},"headline":"K\u0159upav\u00fd chl\u00e9b z p\u00e1nve, kter\u00fd p\u0159iprav\u00edte i v t\u00e9 nejv\u011bt\u0161\u00ed divo\u010din\u011b","datePublished":"2019-09-09T07:46:03+00:00","dateModified":"2019-09-09T07:46:12+00:00","mainEntityOfPage":{"@id":"https:\/\/all4camper.com\/cs\/krupavy-chleb-z-panve-ktery-pripravite-i-v-te-nejvetsi-divocine\/"},"wordCount":480,"publisher":{"@id":"https:\/\/all4camper.com\/cs\/#organization"},"image":{"@id":"https:\/\/all4camper.com\/cs\/krupavy-chleb-z-panve-ktery-pripravite-i-v-te-nejvetsi-divocine\/#primaryimage"},"thumbnailUrl":"https:\/\/all4camper.com\/wp-content\/uploads\/2019\/09\/cropped-fire-832842_1920-1.jpg","keywords":["Rady-tipy-informace","Recepty"],"articleSection":["\u010cten\u00ed na cesty","Novinky - Kempov\u00e1n\u00ed a karavaning"],"inLanguage":"cs"},{"@type":"WebPage","@id":"https:\/\/all4camper.com\/cs\/krupavy-chleb-z-panve-ktery-pripravite-i-v-te-nejvetsi-divocine\/","url":"https:\/\/all4camper.com\/cs\/krupavy-chleb-z-panve-ktery-pripravite-i-v-te-nejvetsi-divocine\/","name":"K\u0159upav\u00fd chl\u00e9b z p\u00e1nve, kter\u00fd p\u0159iprav\u00edte i v t\u00e9 nejv\u011bt\u0161\u00ed divo\u010din\u011b - All4Camper","isPartOf":{"@id":"https:\/\/all4camper.com\/cs\/#website"},"primaryImageOfPage":{"@id":"https:\/\/all4camper.com\/cs\/krupavy-chleb-z-panve-ktery-pripravite-i-v-te-nejvetsi-divocine\/#primaryimage"},"image":{"@id":"https:\/\/all4camper.com\/cs\/krupavy-chleb-z-panve-ktery-pripravite-i-v-te-nejvetsi-divocine\/#primaryimage"},"thumbnailUrl":"https:\/\/all4camper.com\/wp-content\/uploads\/2019\/09\/cropped-fire-832842_1920-1.jpg","datePublished":"2019-09-09T07:46:03+00:00","dateModified":"2019-09-09T07:46:12+00:00","description":"All4Camper - K\u0159upav\u00fd chl\u00e9b z p\u00e1nve, kter\u00fd p\u0159iprav\u00edte i v t\u00e9 nejv\u011bt\u0161\u00ed divo\u010din\u011b","breadcrumb":{"@id":"https:\/\/all4camper.com\/cs\/krupavy-chleb-z-panve-ktery-pripravite-i-v-te-nejvetsi-divocine\/#breadcrumb"},"inLanguage":"cs","potentialAction":[{"@type":"ReadAction","target":["https:\/\/all4camper.com\/cs\/krupavy-chleb-z-panve-ktery-pripravite-i-v-te-nejvetsi-divocine\/"]}]},{"@type":"ImageObject","inLanguage":"cs","@id":"https:\/\/all4camper.com\/cs\/krupavy-chleb-z-panve-ktery-pripravite-i-v-te-nejvetsi-divocine\/#primaryimage","url":"https:\/\/all4camper.com\/wp-content\/uploads\/2019\/09\/cropped-fire-832842_1920-1.jpg","contentUrl":"https:\/\/all4camper.com\/wp-content\/uploads\/2019\/09\/cropped-fire-832842_1920-1.jpg","width":1920,"height":1082},{"@type":"BreadcrumbList","@id":"https:\/\/all4camper.com\/cs\/krupavy-chleb-z-panve-ktery-pripravite-i-v-te-nejvetsi-divocine\/#breadcrumb","itemListElement":[{"@type":"ListItem","position":1,"name":"Dom\u016f","item":"https:\/\/all4camper.com\/cs\/"},{"@type":"ListItem","position":2,"name":"\u010cten\u00ed na cesty","item":"https:\/\/all4camper.com\/cs\/category\/magazin_all4camper\/"},{"@type":"ListItem","position":3,"name":"K\u0159upav\u00fd chl\u00e9b z p\u00e1nve, kter\u00fd p\u0159iprav\u00edte i v t\u00e9 nejv\u011bt\u0161\u00ed divo\u010din\u011b"}]},{"@type":"WebSite","@id":"https:\/\/all4camper.com\/cs\/#website","url":"https:\/\/all4camper.com\/cs\/","name":"All4Camper","description":"Nejv\u011bt\u0161\u00ed online magaz\u00edn o kempov\u00e1n\u00ed a karavaninku. V\u00edce jak 900 \u010dl\u00e1nk\u016f pln\u00fdch rad a tip\u016f o kempech a kempov\u00e1n\u00ed.","publisher":{"@id":"https:\/\/all4camper.com\/cs\/#organization"},"potentialAction":[{"@type":"SearchAction","target":{"@type":"EntryPoint","urlTemplate":"https:\/\/all4camper.com\/cs\/?s={search_term_string}"},"query-input":{"@type":"PropertyValueSpecification","valueRequired":true,"valueName":"search_term_string"}}],"inLanguage":"cs"},{"@type":"Organization","@id":"https:\/\/all4camper.com\/cs\/#organization","name":"All4Camper - kempujeme s Kl\u00e1rou","url":"https:\/\/all4camper.com\/cs\/","logo":{"@type":"ImageObject","inLanguage":"cs","@id":"https:\/\/all4camper.com\/cs\/#\/schema\/logo\/image\/","url":"https:\/\/all4camper.com\/wp-content\/uploads\/2018\/09\/novelogo.png","contentUrl":"https:\/\/all4camper.com\/wp-content\/uploads\/2018\/09\/novelogo.png","width":1520,"height":600,"caption":"All4Camper - kempujeme s Kl\u00e1rou"},"image":{"@id":"https:\/\/all4camper.com\/cs\/#\/schema\/logo\/image\/"}},{"@type":"Person","@id":"https:\/\/all4camper.com\/cs\/#\/schema\/person\/9349489688d4c221ca0fc39ae6bcb70b","name":"Kate\u0159ina","url":"https:\/\/all4camper.com\/cs\/author\/kterina\/"}]}},"_links":{"self":[{"href":"https:\/\/all4camper.com\/cs\/wp-json\/wp\/v2\/posts\/81404","targetHints":{"allow":["GET"]}}],"collection":[{"href":"https:\/\/all4camper.com\/cs\/wp-json\/wp\/v2\/posts"}],"about":[{"href":"https:\/\/all4camper.com\/cs\/wp-json\/wp\/v2\/types\/post"}],"author":[{"embeddable":true,"href":"https:\/\/all4camper.com\/cs\/wp-json\/wp\/v2\/users\/161"}],"replies":[{"embeddable":true,"href":"https:\/\/all4camper.com\/cs\/wp-json\/wp\/v2\/comments?post=81404"}],"version-history":[{"count":0,"href":"https:\/\/all4camper.com\/cs\/wp-json\/wp\/v2\/posts\/81404\/revisions"}],"wp:featuredmedia":[{"embeddable":true,"href":"https:\/\/all4camper.com\/cs\/wp-json\/wp\/v2\/media\/81412"}],"wp:attachment":[{"href":"https:\/\/all4camper.com\/cs\/wp-json\/wp\/v2\/media?parent=81404"}],"wp:term":[{"taxonomy":"category","embeddable":true,"href":"https:\/\/all4camper.com\/cs\/wp-json\/wp\/v2\/categories?post=81404"},{"taxonomy":"post_tag","embeddable":true,"href":"https:\/\/all4camper.com\/cs\/wp-json\/wp\/v2\/tags?post=81404"}],"curies":[{"name":"wp","href":"https:\/\/api.w.org\/{rel}","templated":true}]}}