{"id":81378,"date":"2019-09-05T15:04:03","date_gmt":"2019-09-05T13:04:03","guid":{"rendered":"https:\/\/all4camper.com\/\/?p=81378"},"modified":"2022-12-13T15:19:19","modified_gmt":"2022-12-13T14:19:19","slug":"rok-helmuta-aneb-jak-jsme-si-splnili-sen-a-postavili-svou-prvni-dodavku","status":"publish","type":"post","link":"https:\/\/all4camper.com\/cs\/rok-helmuta-aneb-jak-jsme-si-splnili-sen-a-postavili-svou-prvni-dodavku\/","title":{"rendered":"Rok &#8222;Helmuta&#8220; aneb jak jsme si splnili sen a postavili svou prvn\u00ed dod\u00e1vku"},"content":{"rendered":"\n<h4 class=\"wp-block-heading\">Ur\u010dit\u011b si pamatujete na ned\u00e1vn\u00fd p\u0159\u00edsp\u011bvek od \u010dten\u00e1\u0159ky V\u011brky, kter\u00e1 popisovala radost ze sv\u00e9 prvn\u00ed dovolen\u00e9 v obytn\u00e9m voze <a rel=\"noreferrer noopener\" aria-label=\"Na\u0161e prvn\u00ed dovolen\u00e1 s obyt\u0148\u00e1kem \u2013 jak jsme si ji u\u017eili a jak to pak dopadlo (opens in a new tab)\" href=\"\/?p=81019\" target=\"_blank\">Na\u0161e prvn\u00ed dovolen\u00e1 s obyt\u0148\u00e1kem \u2013 jak jsme si ji u\u017eili a jak to pak dopadlo<\/a>. No a proto\u017ee V\u011brka s mu\u017eem byla opravdu tak stra\u0161n\u011b moc z toho v\u0161eho nad\u0161en\u00e1, rozhodla se st\u00e1t plnohodnotnou karavanistkou a po\u0159\u00eddili si &#8222;Helmuta&#8220;, kter\u00e9ho si hezky s l\u00e1skou sami dali dohromady. Jak\u00fd je tedy jej\u00ed p\u0159\u00edb\u011bh, resp. jak\u00fd je p\u0159\u00edb\u011bh &#8222;Helmuta&#8220;? To si p\u0159e\u010dtete n\u00ed\u017ee.<\/h4>\n\n\n\n<h3 class=\"wp-block-heading\">Jak jsme si postavili obytnou dod\u00e1vku aneb \u201eROK HELMUTA\u201c<\/h3>\n\n\n\n<p>Na podzim roku 2018 jsme propadli kouzlu karavaningu, a to&nbsp; b\u011bhem jedin\u00e9 dovolen\u00e9 v&nbsp;p\u016fj\u010den\u00e9m obytn\u00e9m aut\u011b. A jak u\u017e je u n\u00e1s zvykem, kdy\u017e n\u011b\u010demu propadneme, sna\u017e\u00edme se osto\u0161est, abychom mohli z\u00e1libu provozovat \u010dasto a podle sv\u00fdch p\u0159edstav. Co\u017e v&nbsp;tomto p\u0159\u00edpad\u011b znamenalo snahu o po\u0159\u00edzen\u00ed vlastn\u00edho vozu. Co\u017e v\u0161ak nebylo jednoduch\u00e9.&nbsp;Nicm\u00e9n\u011b to st\u00e1lo za to!<\/p>\n\n\n\n<figure class=\"wp-block-image\"><img loading=\"lazy\" decoding=\"async\" width=\"1266\" height=\"949\" src=\"https:\/\/all4camper.com\/\/wp-content\/uploads\/2019\/08\/dovolena-obytnym-vozem15.jpg\" alt=\"\" class=\"wp-image-81045\" srcset=\"https:\/\/all4camper.com\/wp-content\/uploads\/2019\/08\/dovolena-obytnym-vozem15.jpg 1266w, https:\/\/all4camper.com\/wp-content\/uploads\/2019\/08\/dovolena-obytnym-vozem15-150x112.jpg 150w, https:\/\/all4camper.com\/wp-content\/uploads\/2019\/08\/dovolena-obytnym-vozem15-300x225.jpg 300w, https:\/\/all4camper.com\/wp-content\/uploads\/2019\/08\/dovolena-obytnym-vozem15-768x576.jpg 768w, https:\/\/all4camper.com\/wp-content\/uploads\/2019\/08\/dovolena-obytnym-vozem15-678x509.jpg 678w, https:\/\/all4camper.com\/wp-content\/uploads\/2019\/08\/dovolena-obytnym-vozem15-326x245.jpg 326w, https:\/\/all4camper.com\/wp-content\/uploads\/2019\/08\/dovolena-obytnym-vozem15-80x60.jpg 80w\" sizes=\"auto, (max-width: 1266px) 100vw, 1266px\" \/><\/figure>\n\n\n\n<h3 class=\"wp-block-heading\">Prvn\u00ed rozhodov\u00e1n\u00ed<\/h3>\n\n\n\n<p><strong>Nov\u00e9 auto?<\/strong> Tak o tom jsme v\u016fbec nep\u0159em\u00fd\u0161leli.&nbsp;<strong>Star\u0161\u00ed z\u00e1novn\u00ed auto?<\/strong> O tom jsme sice u\u017e p\u0159em\u00fd\u0161leli, ale jak s&nbsp;nads\u00e1zkou \u0159\u00edk\u00e1me \u201elouku po babi\u010dce\u201c jsme zat\u00edm neprodali, tak\u017ee tudy cesta taky nevedla.<strong> Je\u0161t\u011b star\u0161\u00ed auto?<\/strong> P\u00e1r jsme jich vid\u011bli a odradilo n\u00e1s to definitivn\u011b.&nbsp;<strong>Tak jak na to proboha?<\/strong> Vestavba do dod\u00e1vky! <strong>To bude to prav\u00e9<\/strong>.&nbsp;<\/p>\n\n\n\n<p>Nav\u0161t\u00edvili jsme tedy  pro inspiraci veletrh v&nbsp;Brn\u011b. No tam v\u00e1m ale byly n\u00e1dhern\u00e9 kousky! I vestavby p\u0159ekr\u00e1sn\u00e9, hezky prostorov\u011b vymy\u0161len\u00e9, radost pohled\u011bt. Auta kr\u00e1sn\u00e1, ceny v\u0161ak vysok\u00e9 &#8230; ale sem\u00ednko u\u017e bylo zaseto.<\/p>\n\n\n\n<figure class=\"wp-block-image\"><img loading=\"lazy\" decoding=\"async\" width=\"1620\" height=\"1080\" src=\"https:\/\/all4camper.com\/\/wp-content\/uploads\/2019\/09\/caravaning-brno-2018-08-1620x1080.jpg\" alt=\"\" class=\"wp-image-81379\" srcset=\"https:\/\/all4camper.com\/wp-content\/uploads\/2019\/09\/caravaning-brno-2018-08-1620x1080.jpg 1620w, https:\/\/all4camper.com\/wp-content\/uploads\/2019\/09\/caravaning-brno-2018-08-300x200.jpg 300w, https:\/\/all4camper.com\/wp-content\/uploads\/2019\/09\/caravaning-brno-2018-08-150x100.jpg 150w, https:\/\/all4camper.com\/wp-content\/uploads\/2019\/09\/caravaning-brno-2018-08-768x512.jpg 768w, https:\/\/all4camper.com\/wp-content\/uploads\/2019\/09\/caravaning-brno-2018-08-1536x1024.jpg 1536w, https:\/\/all4camper.com\/wp-content\/uploads\/2019\/09\/caravaning-brno-2018-08.jpg 1920w\" sizes=\"auto, (max-width: 1620px) 100vw, 1620px\" \/><figcaption>Zdroj: <a rel=\"noreferrer noopener\" aria-label=\" (opens in a new tab)\" href=\"https:\/\/www.bvv.cz\/caravaning-brno\/\" target=\"_blank\">bvv.cz\/caravaning-brno<\/a><\/figcaption><\/figure>\n\n\n\n<h3 class=\"wp-block-heading\">M\u00e1me jasno!<\/h3>\n\n\n\n<p>M\u011bla by to b\u00fdt dod\u00e1vka, to bylo u\u017e te\u010f jasn\u00e9. <strong>Ale kdo n\u00e1m vestavbu ud\u011bl\u00e1?<\/strong> Existuj\u00ed renomovan\u00e9 firmy, kter\u00e9 i do star\u0161\u00ed dod\u00e1vky ud\u011blaj\u00ed vestavbu na zak\u00e1zku. Taky kr\u00e1sn\u00e9, op\u011bt v\u0161ak pro n\u00e1s drah\u00e9. <strong>A tu p\u0159i\u0161la my\u0161lenka si v\u0161e vyrobit vlastn\u00edmi silami.\u00a0M\u016f\u017ee se to? Budeme to um\u011bt? D\u00e1 se to ud\u011blat ofici\u00e1ln\u011b? <\/strong>Necht\u011bli jsme jezdit na tajno s\u00a0n\u00e1kla\u010f\u00e1\u010dkem, kter\u00fd vlastn\u011b n\u00e1kla\u010f\u00e1\u010dkem nen\u00ed. Tak\u017ee hodiny a hodiny na internetu.<strong> Je\u0161t\u011b\u017ee je p\u00e1r str\u00e1nek pro \u201eNom\u00e1dy\u201c i mnoho vide\u00ed jak na to.<\/strong>\u00a0 Tak\u017ee jsme m\u011bli hlavu v\u00a0lednu a \u00fanoru jako \u201ep\u00e1trac\u00ed bal\u00f3n\u201c. <\/p>\n\n\n\n<p>ALE! K\u00a0na\u0161emu \u00fadivu z\u00a0toho vyplynulo, \u017ee to tak ud\u011blala spousta \u0161ikovn\u00fdch lid\u00ed, maj\u00ed to kr\u00e1sn\u00e9, ud\u011blan\u00e9 podle vlastn\u00edch p\u0159edstav a n\u00e1rok\u016f, a hlavn\u011b!!! &#8211;  ofici\u00e1ln\u011b. Tak to byla moc dobr\u00e1 zpr\u00e1va. Za\u010dali jsme tedy s\u00a0v\u00fdb\u011brem dod\u00e1vky. Hled\u00e1me nejdel\u0161\u00ed a nejvy\u0161\u0161\u00ed (pokud mo\u017eno). Jezdit sice budeme nej\u010dast\u011bji my dva a pes, nicm\u00e9n\u011b m\u00e1me dv\u011b vnou\u010data, kter\u00e1 bychom taky r\u00e1di svezli. Tud\u00ed\u017e p\u0159ipadalo v\u00a0\u00favahu Ducato, Sprinter, Volkswagen ( LT35).\u00a0<\/p>\n\n\n\n<h3 class=\"wp-block-heading\">Tak\u017ee jak\u00fd bude Helmut?<\/h3>\n\n\n\n<p><strong>Chceme si vyrobit vestavbu \u00fa\u010delnou, chceme sp\u00e1t po d\u00e9lce vozu, nechceme vzadu okna (ud\u011bl\u00e1me si je na boc\u00edch), na\u0161e priorita je b\u00fdt sob\u011bsta\u010dn\u00ed co nejd\u00e9le (po\u0159\u00e1dn\u00fd sol\u00e1r, baterie, nab\u00edje\u010dka a v\u0161e co k\u00a0tomu pat\u0159\u00ed) a nechceme kazetov\u00e9 WC( jednak nem\u00edn\u00edme d\u011blat\u00a0do auta  zbyte\u010dn\u011b moc otvor\u016f, a tak\u00e9 jsme zjistili, porovn\u00e1n\u00edm na karavanov\u00fdch obchodech, kter\u00e9 WC m\u00e1 bezkonkuren\u010dn\u011b nejv\u011bt\u0161\u00ed n\u00e1dr\u017e na vodu.<\/strong> UF! &#8230; A tak\u00e9 ur\u010dit\u011b v\u00edme jak velk\u00fd cenov\u00fd rozd\u00edl je mezi kazetov\u00fdm a chemick\u00fdm WC&#8230; No a koupelni\u010dka je nutn\u00e1 a na kuchy\u0148ce si d\u00e1me z\u00e1le\u017eet.<\/p>\n\n\n\n<h3 class=\"wp-block-heading\">Hledat, hledat a zase jen hledat &#8211; to je z\u00e1klad!<\/h3>\n\n\n\n<p>Nap\u0159ed jsme tedy za\u010dali hledat p\u0159es bazary. Nej\u010dast\u011bji pou\u017e\u00edvan\u00e9 Ducato jsme nezavrhovali, n\u011bkolik jsme jich m\u011bli i vybran\u00fdch. <strong>Ov\u0161em u jednoho nejmenovan\u00e9ho velik\u00e9ho autobazaru jsme se opravdu, ale opravdu na\u0161tvali. <\/strong>Jedno auto jsme si vybrali (co\u017e znamenalo v&nbsp;na\u0161em p\u0159\u00edpad\u011b hodiny a hodiny diskuz\u00ed, porovn\u00e1v\u00e1n\u00ed a telefonov\u00e1n\u00ed). Zarezervov\u00e1no! Zajeli jsme tedy zaplatit kauci na p\u0159evoz z&nbsp;Prahy (zase p\u00e1r hodin v&nbsp;trapu) a druh\u00fd den r\u00e1no <strong>telefon\u00e1t, \u017ee n\u00e1mi takto zaji\u0161t\u011bn\u00e9 auto v&nbsp;Praze r\u00e1no prodali!!!!!! Ale pr\u00fd si ur\u010dit\u011b vybereme jin\u00e9 z&nbsp;jejich nep\u0159ebern\u00e9 nab\u00eddky (maj\u00ed jich p\u0159ece hodn\u011b).<\/strong> Tak\u017ee dal\u0161\u00ed cesta do autobazaru, tentokr\u00e1t pro kauci. A to byl konec s&nbsp;autobazary! Sorry!<\/p>\n\n\n\n<p><strong>Budeme tedy hledat u soukromn\u00edk\u016f. <\/strong>N\u00e1\u0161 v\u00fdb\u011br se z\u00fa\u017eil na VW LT35, a to kv\u016fli rozm\u011br\u016fm, dobr\u00e9 motorizaci atd.. Objevila jsem ve Svitav\u00e1ch jeden slu\u0161n\u00fd kousek s&nbsp;u\u017e zapo\u010datou p\u0159estavbou (co\u017e, jak jsme zjistili, znamenalo profesion\u00e1ln\u00ed zaizolov\u00e1n\u00ed &#8211; hur\u00e1). Auto bylo mont\u00e1\u017en\u00edm vozidlem pro 6 osob, vybaven\u00e9 nez\u00e1visl\u00fdm naftov\u00fdm topen\u00edm, ta\u017en\u00fdm za\u0159\u00edzen\u00edm, najeto m\u011blo 330.000 km a jeho max. hmotnost byla 3200kg. &nbsp;P\u0159i osobn\u00ed prohl\u00eddce jsme sice zjistili korozi, ale co chcete od 13 let star\u00e9ho auta. A LT\u00e9\u010dka maj\u00ed svoje \u201eslab\u00e1 m\u00edsta\u201c, to jsme v\u011bd\u011bli. Tak\u017ee na sv\u016fj v\u011bk bylo v&nbsp;solidn\u00edm stavu. <strong>Po 2 dnech v\u00e1h\u00e1n\u00ed jsme si \u201epl\u00e1cli\u201c a odvezli si ho dom\u016f (nem\u011bl je\u0161t\u011b chud\u00e1k ani jm\u00e9no).<\/strong><\/p>\n\n\n\n<h3 class=\"wp-block-heading\">Hur\u00e1, m\u00e1me Helmuta!<\/h3>\n\n\n\n<p>A tak n\u00e1m 13. \u00fanora za\u010dal \u201eRok Helmuta\u201c (solidn\u00ed n\u011bmeck\u00e9 jm\u00e9no pro solidn\u00ed n\u011bmeck\u00fd v\u016fz). Vyk\u00e1celi jsme na pozemku 2 stromy a p\u00e1r ke\u0159\u016f a ud\u011blali Helmutovi m\u00edsto p\u011bkn\u011b vysypan\u00e9 \u0161t\u011brkem. Chyba! <strong>Podlo\u017e\u00ed povolilo, a Helmut se jako spr\u00e1vn\u00e1 zadokolka s&nbsp;pr\u00e1zdn\u00fdm n\u00e1kladov\u00fdm prostorem zahrabal a byl \u201evypro\u0161\u0165ov\u00e1n\u201c asi 3 hodiny.<\/strong> Zase zku\u0161enost. Tohle jsme si nefotili, kdo by se pak cht\u011bl d\u00edvat na ty na\u0161e obli\u010deje. \u201eZuby jsme sk\u0159\u00edpali\u201c &#8211; poprv\u00e9 a nejv\u00edc Rom\u010da, proto\u017ee si to d\u00e1val za vinu.&nbsp;<\/p>\n\n\n\n<p><strong>Druh\u00fd pokus vy\u0161el. <\/strong>Ze solidn\u011b vybudovan\u00e9ho a \u0159\u00e1dn\u011b zpevn\u011bn\u00e9ho st\u00e1n\u00ed u\u017e vyj\u00ed\u017ed\u00ed bravurn\u011b. <strong>Boj s&nbsp;koroz\u00ed n\u00e1s hodn\u011b zdr\u017eel.<\/strong> Bylo toho tro\u0161ku v\u00edc, ne\u017e jsme na za\u010d\u00e1tku mysleli. Ale ud\u011blat se to mus\u00ed, se shnilou podlahou a prorezl\u00fdm prahem jezdit nem\u016f\u017eeme, a zapl\u00e1cnout to jen tak? To bychom byli sami proti sob\u011b.<\/p>\n\n\n\n<p>\u0160patn\u00e9 t\u011bsn\u011bn\u00ed kolem dve\u0159\u00ed zp\u016fsobilo, \u017ee se \u0159ezala i p\u016flka dve\u0159\u00ed. Rom\u010da bytostn\u011b nesn\u00e1\u0161\u00ed autoklemp\u00ed\u0159sk\u00e9 a lak\u00fdrnick\u00e9 pr\u00e1ce, tak\u017ee \u201esk\u0159\u00edpeme zubama \u201e podruh\u00e9, mo\u017en\u00e1 ne naposled. Ale poda\u0159ilo se, jen jsme se asi m\u011bs\u00edc zdr\u017eeli. <\/p>\n\n\n\n<div class=\"wp-block-image\"><figure class=\"aligncenter is-resized\"><img loading=\"lazy\" decoding=\"async\" src=\"https:\/\/all4camper.com\/\/wp-content\/uploads\/2019\/09\/helmut-810x1080.jpg\" alt=\"\" class=\"wp-image-81383\" width=\"372\" height=\"496\" srcset=\"https:\/\/all4camper.com\/wp-content\/uploads\/2019\/09\/helmut-810x1080.jpg 810w, https:\/\/all4camper.com\/wp-content\/uploads\/2019\/09\/helmut-112x150.jpg 112w, https:\/\/all4camper.com\/wp-content\/uploads\/2019\/09\/helmut-225x300.jpg 225w, https:\/\/all4camper.com\/wp-content\/uploads\/2019\/09\/helmut-768x1025.jpg 768w, https:\/\/all4camper.com\/wp-content\/uploads\/2019\/09\/helmut.jpg 823w\" sizes=\"auto, (max-width: 372px) 100vw, 372px\" \/><\/figure><\/div>\n\n\n\n<p>Sund\u00e1v\u00e1me v\u0161echny izolace (pozd\u011bji v\u0161ak p\u016fjdou zase zp\u011bt), proto\u017ee chceme &#8222;doizolovat &#8220; skoro cel\u00e9 auto., nebo\u0165 budeme ur\u010dit\u011b jezdit i v\u00a0chladn\u011bj\u0161\u00edch dnech. Tak abychom nelitovali. Na karavanov\u00fdch obchodech u\u017e vyb\u00edr\u00e1me komponenty. Budeme pot\u0159ebovat dv\u011b men\u0161\u00ed okna, jedno st\u0159e\u0161n\u00ed s\u00a0ventil\u00e1torem, oh\u0159\u00edva\u010d vody, sol\u00e1rn\u00ed panel, baterii a v\u0161echny ty v\u011bci\u010dky co k\u00a0tomu pat\u0159\u00ed. A samoz\u0159ejm\u011b n\u00e1dr\u017e na \u010distou vodu, n\u00e1dr\u017e na odpadn\u00ed vodu, WC, sprchovou vani\u010dku, umyvadlo, va\u0159i\u010d s\u00a0d\u0159ezem, baterie k\u00a0d\u0159ezu \u2026 A\u017e to pan po\u0161\u0165\u00e1k za\u010dne vozit, to budou pen\u00edze jen l\u00edtat. Nu co\u017e!<\/p>\n\n\n\n<div class=\"wp-block-image\"><figure class=\"aligncenter is-resized\"><img loading=\"lazy\" decoding=\"async\" src=\"https:\/\/all4camper.com\/\/wp-content\/uploads\/2019\/09\/Roman-Helmut.jpg\" alt=\"\" class=\"wp-image-81384\" width=\"378\" height=\"503\" srcset=\"https:\/\/all4camper.com\/wp-content\/uploads\/2019\/09\/Roman-Helmut.jpg 803w, https:\/\/all4camper.com\/wp-content\/uploads\/2019\/09\/Roman-Helmut-113x150.jpg 113w, https:\/\/all4camper.com\/wp-content\/uploads\/2019\/09\/Roman-Helmut-225x300.jpg 225w, https:\/\/all4camper.com\/wp-content\/uploads\/2019\/09\/Roman-Helmut-768x1023.jpg 768w\" sizes=\"auto, (max-width: 378px) 100vw, 378px\" \/><\/figure><\/div>\n\n\n\n<p>Za\u010d\u00edn\u00e1me se starat o n\u00e1bytek. Interi\u00e9r lad\u00edme do barvy b\u00edl\u00e9, \u0161ed\u00e9 a granit. Tady mus\u00edm \u0159\u00edct, \u017ee jsem tyto barvy p\u016fvodn\u011b necht\u011bla, ale izola\u010dn\u00ed materi\u00e1l, s\u00a0kter\u00fdm jsme Helmuta koupili, je velice kvalitn\u00ed, ale m\u00e1 barvu takovou \u0161edomodrou. No a k\u00a0tomu barvy d\u0159eva prost\u011b moc neladily. <strong>Ale nakonec mus\u00edm \u0159\u00edct, \u017ee mi ta na\u0161e fin\u00e1ln\u00ed podoba p\u0159ijde zaj\u00edmav\u00e1 a ned\u011blalo mi probl\u00e9m si na ni zvyknout. Ostatn\u011b posu\u010fte sami.<\/strong>   <\/p>\n\n\n\n<figure class=\"wp-block-image\"><img loading=\"lazy\" decoding=\"async\" width=\"945\" height=\"709\" src=\"https:\/\/all4camper.com\/\/wp-content\/uploads\/2019\/09\/helmut_2.jpg\" alt=\"\" class=\"wp-image-81385\" srcset=\"https:\/\/all4camper.com\/wp-content\/uploads\/2019\/09\/helmut_2.jpg 945w, https:\/\/all4camper.com\/wp-content\/uploads\/2019\/09\/helmut_2-150x113.jpg 150w, https:\/\/all4camper.com\/wp-content\/uploads\/2019\/09\/helmut_2-300x225.jpg 300w, https:\/\/all4camper.com\/wp-content\/uploads\/2019\/09\/helmut_2-768x576.jpg 768w, https:\/\/all4camper.com\/wp-content\/uploads\/2019\/09\/helmut_2-678x509.jpg 678w, https:\/\/all4camper.com\/wp-content\/uploads\/2019\/09\/helmut_2-326x245.jpg 326w, https:\/\/all4camper.com\/wp-content\/uploads\/2019\/09\/helmut_2-80x60.jpg 80w\" sizes=\"auto, (max-width: 945px) 100vw, 945px\" \/><\/figure>\n\n\n\n<div class=\"wp-block-image\"><figure class=\"aligncenter is-resized\"><img loading=\"lazy\" decoding=\"async\" src=\"https:\/\/all4camper.com\/\/wp-content\/uploads\/2019\/09\/helmut-1.jpg\" alt=\"\" class=\"wp-image-81386\" width=\"335\" height=\"446\" srcset=\"https:\/\/all4camper.com\/wp-content\/uploads\/2019\/09\/helmut-1.jpg 716w, https:\/\/all4camper.com\/wp-content\/uploads\/2019\/09\/helmut-1-112x150.jpg 112w, https:\/\/all4camper.com\/wp-content\/uploads\/2019\/09\/helmut-1-225x300.jpg 225w\" sizes=\"auto, (max-width: 335px) 100vw, 335px\" \/><\/figure><\/div>\n\n\n\n<p>Taky budeme pot\u0159ebovat ro\u0161ty pod matrace a matrace jako takov\u00e9. Vymysleli jsme tedy ro\u0161ty odkl\u00e1p\u011bc\u00ed, \u010d\u00edm\u017e n\u00e1m v\u00a0p\u0159\u00edpad\u011b pot\u0159eby vznik\u00e1 \u0161irok\u00e1 chodbi\u010dka (p\u0159\u00ed\u0161t\u00ed rok se zamysl\u00edme a mo\u017en\u00e1 zde budeme p\u0159epravovat kola) &#8230; <strong>A t\u00fddny ub\u00edhaly a my jak ti mravene\u010dci pracovali na na\u0161em Helmutovi.<\/strong> Dob\u0159e, samoz\u0159ejm\u011b nejv\u00edc Rom\u010da.<\/p>\n\n\n\n<ul class=\"wp-block-gallery columns-2 is-cropped wp-block-gallery-1 is-layout-flex wp-block-gallery-is-layout-flex\"><li class=\"blocks-gallery-item\"><figure><img loading=\"lazy\" decoding=\"async\" width=\"623\" height=\"831\" src=\"https:\/\/all4camper.com\/\/wp-content\/uploads\/2019\/09\/helmu_3.jpg\" alt=\"\" data-id=\"81387\" data-link=\"https:\/\/all4camper.com\/\/?attachment_id=81387\" class=\"wp-image-81387\" srcset=\"https:\/\/all4camper.com\/wp-content\/uploads\/2019\/09\/helmu_3.jpg 623w, https:\/\/all4camper.com\/wp-content\/uploads\/2019\/09\/helmu_3-112x150.jpg 112w, https:\/\/all4camper.com\/wp-content\/uploads\/2019\/09\/helmu_3-225x300.jpg 225w\" sizes=\"auto, (max-width: 623px) 100vw, 623px\" \/><\/figure><\/li><li class=\"blocks-gallery-item\"><figure><img loading=\"lazy\" decoding=\"async\" width=\"574\" height=\"766\" src=\"https:\/\/all4camper.com\/\/wp-content\/uploads\/2019\/09\/helmut_4.jpg\" alt=\"\" data-id=\"81388\" data-link=\"https:\/\/all4camper.com\/\/?attachment_id=81388\" class=\"wp-image-81388\" srcset=\"https:\/\/all4camper.com\/wp-content\/uploads\/2019\/09\/helmut_4.jpg 574w, https:\/\/all4camper.com\/wp-content\/uploads\/2019\/09\/helmut_4-112x150.jpg 112w, https:\/\/all4camper.com\/wp-content\/uploads\/2019\/09\/helmut_4-225x300.jpg 225w\" sizes=\"auto, (max-width: 574px) 100vw, 574px\" \/><\/figure><\/li><li class=\"blocks-gallery-item\"><figure><img loading=\"lazy\" decoding=\"async\" width=\"603\" height=\"813\" src=\"https:\/\/all4camper.com\/\/wp-content\/uploads\/2019\/09\/helmut_5.jpg\" alt=\"\" data-id=\"81389\" data-link=\"https:\/\/all4camper.com\/\/?attachment_id=81389\" class=\"wp-image-81389\" srcset=\"https:\/\/all4camper.com\/wp-content\/uploads\/2019\/09\/helmut_5.jpg 603w, https:\/\/all4camper.com\/wp-content\/uploads\/2019\/09\/helmut_5-111x150.jpg 111w, https:\/\/all4camper.com\/wp-content\/uploads\/2019\/09\/helmut_5-223x300.jpg 223w\" sizes=\"auto, (max-width: 603px) 100vw, 603px\" \/><\/figure><\/li><li class=\"blocks-gallery-item\"><figure><img loading=\"lazy\" decoding=\"async\" width=\"640\" height=\"853\" src=\"https:\/\/all4camper.com\/\/wp-content\/uploads\/2019\/09\/helmut_6.jpg\" alt=\"\" data-id=\"81390\" data-link=\"https:\/\/all4camper.com\/\/?attachment_id=81390\" class=\"wp-image-81390\" srcset=\"https:\/\/all4camper.com\/wp-content\/uploads\/2019\/09\/helmut_6.jpg 640w, https:\/\/all4camper.com\/wp-content\/uploads\/2019\/09\/helmut_6-113x150.jpg 113w, https:\/\/all4camper.com\/wp-content\/uploads\/2019\/09\/helmut_6-225x300.jpg 225w\" sizes=\"auto, (max-width: 640px) 100vw, 640px\" \/><\/figure><\/li><\/ul>\n\n\n\n<p><strong>A co zbylo na m\u011b?<\/strong> Takov\u00e1 mali\u010dkost- velice aktivn\u00ed dvoulet\u00fd chodsk\u00fd pes se kter\u00fdm m\u011bs\u00ed\u010dn\u011b nachod\u00edm mezi 180- 200km !!!, D\u00e1le pro leto\u0161ek starost o celou zahradu, v\u010detn\u011b sek\u00e1n\u00ed tr\u00e1vy (pozeme\u010dek m\u00e1me \u201ejen\u201c 1.700m2&#8243;). A taky se starat o pestr\u00fd j\u00eddeln\u00ed\u010dek na\u0161eho tv\u016frce. Ale p\u0159ece jen m\u011b ob\u010das Rom\u010da pot\u0159ebuje i v\u00a0Helmutovi (n\u011bco podat, podr\u017eet, dov\u00e9zt), a taky se t\u011b\u0161\u00edm, a\u017e u\u0161iji z\u00e1clonky, z\u00e1v\u011bsy a podobn\u00e9 nesmysly&#8230; nemyslete si, hned zkraje, zrovna kdy\u017e se n\u011bco neda\u0159ilo, jsem si sice vyslechla v\u011btu \u201eTy tvoje z\u00e1v\u011bsy m\u011b te\u010f zrovna tak asi tak moc zaj\u00edmaj\u00ed\u201c (ch\u00e1pu, ml\u010d\u00edm, zu\u0159\u00edm), ale v\u0161ak ono na n\u011b taky dojde. <strong>Co d\u00e1my? Samy v\u00edme, \u017ee?  <\/strong><\/p>\n\n\n\n<ul class=\"wp-block-gallery columns-2 is-cropped wp-block-gallery-2 is-layout-flex wp-block-gallery-is-layout-flex\"><li class=\"blocks-gallery-item\"><figure><img loading=\"lazy\" decoding=\"async\" width=\"731\" height=\"800\" src=\"https:\/\/all4camper.com\/\/wp-content\/uploads\/2019\/09\/helmut_7.jpg\" alt=\"\" data-id=\"81391\" data-link=\"https:\/\/all4camper.com\/\/?attachment_id=81391\" class=\"wp-image-81391\" srcset=\"https:\/\/all4camper.com\/wp-content\/uploads\/2019\/09\/helmut_7.jpg 731w, https:\/\/all4camper.com\/wp-content\/uploads\/2019\/09\/helmut_7-137x150.jpg 137w, https:\/\/all4camper.com\/wp-content\/uploads\/2019\/09\/helmut_7-274x300.jpg 274w\" sizes=\"auto, (max-width: 731px) 100vw, 731px\" \/><\/figure><\/li><li class=\"blocks-gallery-item\"><figure><img loading=\"lazy\" decoding=\"async\" width=\"782\" height=\"587\" src=\"https:\/\/all4camper.com\/\/wp-content\/uploads\/2019\/09\/helmut_8.jpg\" alt=\"\" data-id=\"81392\" data-link=\"https:\/\/all4camper.com\/\/?attachment_id=81392\" class=\"wp-image-81392\" srcset=\"https:\/\/all4camper.com\/wp-content\/uploads\/2019\/09\/helmut_8.jpg 782w, https:\/\/all4camper.com\/wp-content\/uploads\/2019\/09\/helmut_8-150x113.jpg 150w, https:\/\/all4camper.com\/wp-content\/uploads\/2019\/09\/helmut_8-300x225.jpg 300w, https:\/\/all4camper.com\/wp-content\/uploads\/2019\/09\/helmut_8-768x576.jpg 768w, https:\/\/all4camper.com\/wp-content\/uploads\/2019\/09\/helmut_8-678x509.jpg 678w, https:\/\/all4camper.com\/wp-content\/uploads\/2019\/09\/helmut_8-326x245.jpg 326w, https:\/\/all4camper.com\/wp-content\/uploads\/2019\/09\/helmut_8-80x60.jpg 80w\" sizes=\"auto, (max-width: 782px) 100vw, 782px\" \/><\/figure><\/li><\/ul>\n\n\n\n<p>Nem\u00e1me v\u016fbec voln\u00e9 v\u00edkendy, v\u0161echny chv\u00edle po pr\u00e1ci a p\u0159ed prac\u00ed v\u011bnujeme p\u0159estavb\u011b. A jestli jsme unaven\u00ed? J<strong>sme, ale po\u0159\u00e1d v\u00edt\u011bz\u00ed optimismus, jen ho n\u011bkdy opravdu nen\u00ed na rozd\u00e1v\u00e1n\u00ed. Ale m\u00e1me co jsme cht\u011bli.\u00a0<\/strong>A kdy\u017e se hlava nechce uklidnit z\u00a0p\u0159em\u00edry informac\u00ed, pom\u016f\u017ee j\u00f3ga&#8230;<\/p>\n\n\n\n<p>A tak se se\u0161el t\u00fdden s\u00a0t\u00fddnem a Helmut se pomalu za\u010dal plnit v\u0161\u00edm co bylo t\u0159eba (jak prost\u00e9). I kr\u00e1snou novou podlahu m\u00e1me. P\u016fvodn\u011b jsme si mysleli, \u017ee budeme hotovi do konce kv\u011btna, ale ani za\u010d\u00e1tek pr\u00e1zdnin by nebyl \u0161patn\u00fd term\u00edn&#8230; <strong>Tak\u017ee mak\u00e1me a mak\u00e1me, posunujeme se v\u00a0na\u0161em d\u00edle a ob\u010das n\u00e1s to taky nebav\u00ed. Ale k\u00a0c\u00edli se u\u017e opravdu bl\u00ed\u017e\u00edme.<\/strong> L\u00e1dujeme to tam osto\u0161est. Je jasn\u00e9, \u017ee \u00fapln\u011b poprv\u00e9 pojedeme bez n\u011bkolika v\u011bc\u00ed, ty v\u0161ak nutn\u011b nepot\u0159ebujeme k\u00a0\u017eivotu (nap\u0159\u00edklad lep\u0161\u00ed organizace v\u011bc\u00ed pod postelemi, dal\u0161\u00ed sk\u0159\u00ed\u0148ka do kuchyn\u011b a je\u0161t\u011b p\u00e1r mali\u010dkost\u00ed)&#8230;<\/p>\n\n\n\n<h3 class=\"wp-block-heading\">V\u00edtej nov\u00fd Helmute!<\/h3>\n\n\n\n<p><strong>Tak\u017ee na za\u010d\u00e1tku pr\u00e1zdnin m\u016f\u017eeme \u0159\u00edct, \u017ee n\u00e1\u0161 Helmut je ji\u017e skoro hotov, d\u00e1 se s\u00a0n\u00edm komfortn\u011b vyjet a chyb\u00ed jen drobnosti. <\/strong>Taky v\u0161ak mus\u00edme za\u010d\u00edt se zm\u011bnami, kter\u00e9 se mus\u00ed za\u0159\u00eddit, aby z\u00a0n\u011bj bylo osobn\u00ed auto- obytn\u00e9. <strong>Technick\u00e1 n\u00e1m plat\u00ed do konce srpna, tak\u017ee i p\u0159etypov\u00e1n\u00ed sm\u011b\u0159ujeme ke konci pr\u00e1zdnin. Tohle jsme jako jedinou v\u011bc sv\u011b\u0159ili odborn\u00edkovi. <\/strong>Zajistila n\u00e1m to firma tom-car. Nap\u0159ed jsme poslali fotodokumentaci emailem, pot\u00e9 p\u0159ijeli s\u00a0revizn\u00ed spr\u00e1vou od elekt\u0159iny, plnou n\u00e1dr\u017e\u00ed nafty i vody a po pe\u010dliv\u00e9m zkoum\u00e1n\u00ed byly panem Kahounem vypln\u011bny v\u0161echny listiny (souhlas v\u00fdrobce auta zaji\u0161\u0165oval taky) a byl proveden z\u00e1pis do velk\u00e9ho TP &#8230; a my jsme si pak za\u0161li na magistr\u00e1t pro mal\u00fd TP. <strong>Za 2 dny nato STK a JE TO HOTOVO!!!!!!!!<\/strong><\/p>\n\n\n\n<p><strong>Jednoduch\u00e9 jako facka? Tak to ani omylem. <\/strong>V\u0161e jsme si d\u011blali sami \u2013 pr\u00e1ce na zkorodovan\u00fdch d\u00edlech, v\u010detn\u011b lakov\u00e1n\u00ed, instalace oken, sol\u00e1rn\u00edho panelu, n\u00e1bytek do kuchy\u0148ky i koupelny, atypick\u00e9 ro\u0161ty pod matrace, nov\u00e9 o\u010daloun\u011bn\u00ed stropu kabiny, rozvody vody \u010dist\u00e9 i odpadn\u00ed, instalace pot\u0159ebn\u00fdch n\u00e1dr\u017e\u00ed \u2026<strong> J\u00e1 u\u017e si to ani v\u0161echno nepamatuju? Prost\u011b jako kdy\u017e stav\u00edte d\u016fm (s t\u00edm v\u0161ak u\u017e zku\u0161enost m\u00e1me!), jenom je to v\u0161echno men\u0161\u00ed, a o to n\u00e1ro\u010dn\u011bj\u0161\u00ed<\/strong>&#8230;<\/p>\n\n\n\n<h3 class=\"wp-block-heading\">A jak\u00fd je tedy n\u00e1\u0161 milovan\u00fd Helmut?<\/h3>\n\n\n\n<p>Jednoduch\u00fd, funk\u010dn\u00ed a relativn\u011b levn\u00fd. \u0160et\u0159ili jsme, kde se dalo, ale na t\u011bch z\u00e1sadn\u00edch v\u011bcech ne! <strong>Nejv\u00edc jsme pochopiteln\u011b u\u0161et\u0159ili t\u00edm, \u017ee jsme zadali v\u00fdrobu sami sob\u011b. A mus\u00edme dnes konstatovat, \u017ee se v\u016fbec nediv\u00edme, \u017ee vestavby stoj\u00ed, to co stoj\u00ed!.<\/strong> Co auto, to origin\u00e1l, v\u0161e na m\u00edru ud\u011blan\u00e9 tak, aby to p\u0159e\u017eilo na\u0161e silnice&#8230; Jo, jo, u\u017e v\u00edme o \u010dem to je.<\/p>\n\n\n\n<p>V\u00a0pr\u016fb\u011bhu p\u0159estavby jsme tvrdili, \u017ee do n\u011b\u010deho podobn\u00e9ho se u\u017e nikdy, ale v\u00e1\u017en\u011b nikdy nepust\u00edme. A ejhle! Sotva je hotovo, u\u017e sly\u0161\u00edm, \u017ee tak za 3 roky, a\u017e si Helmuta po\u0159\u00e1dn\u011b u\u017eijeme, bychom koupili nov\u011bj\u0161\u00ed dod\u00e1vku a s\u00a0ji\u017e nabyt\u00fdmi zku\u0161enostmi se do toho pustili zase. No tohle! (\u00fasm\u011bv).<\/p>\n\n\n\n<p>A te\u010f kone\u010dn\u011b n\u011bco, na co mo\u017en\u00e1 \u010dek\u00e1te od za\u010d\u00e1tku, a pokud jste do\u010detli a\u017e sem, dozv\u00edte se jak\u00e9 technick\u00e9 parametry na\u0161e auto m\u00e1 a co n\u00e1s to st\u00e1lo:<\/p>\n\n\n\n<p><strong>Po\u0159\u00edzen\u00ed vozu:<\/strong> VWLT35 r.v.2005, motor 2.5 TDi s\u00a0ta\u017en\u00fdm za\u0159\u00edzen\u00edm, nez\u00e1visl\u00fdm topen\u00edm a izolacemi 145.000,- K\u010d.<\/p>\n\n\n\n<p><strong>Co jsme nakoupili a nainstalovali: <\/strong>Sol\u00e1rn\u00ed panel 280W, trak\u010dn\u00ed baterie zat\u00edm 100A(brzy bude je\u0161t\u011b jedna), nab\u00edje\u010dka, regul\u00e1tor, p\u0159ep\u00edna\u010d bateri\u00ed, kombinovan\u00fd oh\u0159\u00edva\u010d vody, va\u0159i\u010d s\u00a0d\u0159ezem Dometic, sprchov\u00e1 vani\u010dka, umyvadlo, chemick\u00e9 WC Thetford porta potti excellence, baterie d\u0159ezov\u00e1 a sprchov\u00e1, materi\u00e1l na podlahu a n\u00e1bytek, 2 okna do lo\u017eni\u010dky, 1 okno s ventil\u00e1torem , termofolie na okna, a dal\u0161\u00ed spot\u0159ebn\u00ed materi\u00e1l(lepidla, tmely, \u0161rouby\u2026\u2026\u2026)\u00a0 to v\u0161e za 100.000,-K\u010d.<\/p>\n\n\n\n<p><strong>A kdo se na na\u0161em projektu pod\u00edlel?<\/strong> Tak tedy z\u00a099,99% \u201eHelmutotv\u016frce\u201c Rom\u010da a zbytek j\u00e1 a n\u00e1\u0161 syn (ten hlavn\u011b p\u0159i p\u0159\u00edprav\u011b parkovi\u0161t\u011b a byl k\u00a0ruce, kdy\u017e 2 ruce stavitele nesta\u010dily).<\/p>\n\n\n\n<blockquote class=\"wp-block-quote is-layout-flow wp-block-quote-is-layout-flow\"><p><strong>Co napsat na z\u00e1v\u011br? Obytn\u00e1 dod\u00e1vka je n\u00e1\u0161 spln\u011bn\u00fd sen. M\u00e1me r\u00e1di p\u0159\u00edrodu, r\u00e1di se toul\u00e1me po hor\u00e1ch u n\u00e1s i v\u00a0cizin\u011b, jsme r\u00e1di sami a preferujeme nen\u00e1padnost, a taky sob\u011bsta\u010dnost. To v\u0161e n\u00e1m n\u00e1\u0161 dome\u010dek na kole\u010dk\u00e1ch pln\u00ed. P\u0159ejeme v\u0161em, kte\u0159\u00ed se rozhoduj\u00ed, zda si sv\u00e9pomoc\u00ed ud\u011blat auto sv\u00fdch sn\u016f, a\u0165 se jim d\u00edlo da\u0159\u00ed. <\/strong><\/p><\/blockquote>\n\n\n\n<p>V\u011brka a Rom\u010da <\/p>\n\n\n\n<figure class=\"wp-block-image\"><img loading=\"lazy\" decoding=\"async\" width=\"1440\" height=\"912\" src=\"https:\/\/all4camper.com\/\/wp-content\/uploads\/2019\/09\/Hlemut-v\u00edt\u011bz\u00ed.jpg\" alt=\"\" class=\"wp-image-81393\" srcset=\"https:\/\/all4camper.com\/wp-content\/uploads\/2019\/09\/Hlemut-v\u00edt\u011bz\u00ed.jpg 1440w, https:\/\/all4camper.com\/wp-content\/uploads\/2019\/09\/Hlemut-v\u00edt\u011bz\u00ed-150x95.jpg 150w, https:\/\/all4camper.com\/wp-content\/uploads\/2019\/09\/Hlemut-v\u00edt\u011bz\u00ed-300x190.jpg 300w, https:\/\/all4camper.com\/wp-content\/uploads\/2019\/09\/Hlemut-v\u00edt\u011bz\u00ed-768x486.jpg 768w\" sizes=\"auto, (max-width: 1440px) 100vw, 1440px\" \/><\/figure>\n\n\n\n<p>                                             <\/p>\n","protected":false},"excerpt":{"rendered":"<p>Ur\u010dit\u011b si pamatujete na ned\u00e1vn\u00fd p\u0159\u00edsp\u011bvek od \u010dten\u00e1\u0159ky V\u011brky, kter\u00e1 popisovala radost ze sv\u00e9 prvn\u00ed dovolen\u00e9 v obytn\u00e9m voze Na\u0161e prvn\u00ed dovolen\u00e1 s obyt\u0148\u00e1kem \u2013 jak jsme si ji u\u017eili a jak to pak dopadlo. No a proto\u017ee V\u011brka s mu\u017eem byla opravdu tak stra\u0161n\u011b moc z toho v\u0161eho nad\u0161en\u00e1, rozhodla se st\u00e1t plnohodnotnou karavanistkou [&hellip;]<\/p>\n","protected":false},"author":4,"featured_media":81394,"comment_status":"closed","ping_status":"open","sticky":false,"template":"","format":"standard","meta":{"_monsterinsights_skip_tracking":false,"_monsterinsights_sitenote_active":false,"_monsterinsights_sitenote_note":"","_monsterinsights_sitenote_category":0,"footnotes":""},"categories":[368,422],"tags":[11759,9364],"class_list":{"0":"post-81378","1":"post","2":"type-post","3":"status-publish","4":"format-standard","5":"has-post-thumbnail","7":"category-magazin_all4camper","8":"category-novinky-kempovani-a-karavaning","9":"tag-magazin","10":"tag-karavanistemezinami"},"yoast_head":"<!-- This site is optimized with the Yoast SEO plugin v27.5 - https:\/\/yoast.com\/product\/yoast-seo-wordpress\/ -->\n<title>Rok &quot;Helmuta&quot; aneb jak jsme si splnili sen a postavili svou prvn\u00ed dod\u00e1vku - All4Camper<\/title>\n<meta name=\"description\" content=\"All4Camper - Rok &quot;Helmuta&quot; aneb jak jsme si splnili sen a postavili svou prvn\u00ed dod\u00e1vku\" \/>\n<meta name=\"robots\" content=\"index, follow, max-snippet:-1, max-image-preview:large, max-video-preview:-1\" \/>\n<link rel=\"canonical\" href=\"https:\/\/all4camper.com\/cs\/rok-helmuta-aneb-jak-jsme-si-splnili-sen-a-postavili-svou-prvni-dodavku\/\" \/>\n<meta property=\"og:locale\" content=\"cs_CZ\" \/>\n<meta property=\"og:type\" content=\"article\" \/>\n<meta property=\"og:title\" content=\"Rok &quot;Helmuta&quot; aneb jak jsme si splnili sen a postavili svou prvn\u00ed dod\u00e1vku - All4Camper\" \/>\n<meta property=\"og:description\" content=\"All4Camper - Rok &quot;Helmuta&quot; aneb jak jsme si splnili sen a postavili svou prvn\u00ed dod\u00e1vku\" \/>\n<meta property=\"og:url\" content=\"https:\/\/all4camper.com\/cs\/rok-helmuta-aneb-jak-jsme-si-splnili-sen-a-postavili-svou-prvni-dodavku\/\" \/>\n<meta property=\"og:site_name\" content=\"All4Camper\" \/>\n<meta property=\"article:published_time\" content=\"2019-09-05T13:04:03+00:00\" \/>\n<meta property=\"article:modified_time\" content=\"2022-12-13T14:19:19+00:00\" \/>\n<meta property=\"og:image\" content=\"https:\/\/all4camper.com\/wp-content\/uploads\/2019\/09\/cropped-helmut.jpg\" \/>\n\t<meta property=\"og:image:width\" content=\"823\" \/>\n\t<meta property=\"og:image:height\" content=\"462\" \/>\n\t<meta property=\"og:image:type\" content=\"image\/jpeg\" \/>\n<meta name=\"author\" content=\"Kl\u00e1ra H\u00e1jkov\u00e1\" \/>\n<meta name=\"twitter:card\" content=\"summary_large_image\" \/>\n<meta name=\"twitter:label1\" content=\"Napsal(a)\" \/>\n\t<meta name=\"twitter:data1\" content=\"Kl\u00e1ra H\u00e1jkov\u00e1\" \/>\n\t<meta name=\"twitter:label2\" content=\"Odhadovan\u00e1 doba \u010dten\u00ed\" \/>\n\t<meta name=\"twitter:data2\" content=\"13 minut\" \/>\n<script type=\"application\/ld+json\" class=\"yoast-schema-graph\">{\"@context\":\"https:\\\/\\\/schema.org\",\"@graph\":[{\"@type\":\"Article\",\"@id\":\"https:\\\/\\\/all4camper.com\\\/cs\\\/rok-helmuta-aneb-jak-jsme-si-splnili-sen-a-postavili-svou-prvni-dodavku\\\/#article\",\"isPartOf\":{\"@id\":\"https:\\\/\\\/all4camper.com\\\/cs\\\/rok-helmuta-aneb-jak-jsme-si-splnili-sen-a-postavili-svou-prvni-dodavku\\\/\"},\"author\":{\"name\":\"Kl\u00e1ra H\u00e1jkov\u00e1\",\"@id\":\"https:\\\/\\\/all4camper.com\\\/cs\\\/#\\\/schema\\\/person\\\/c6f1efdf1d02bc7d8c53a891cbe18c62\"},\"headline\":\"Rok &#8222;Helmuta&#8220; aneb jak jsme si splnili sen a postavili svou prvn\u00ed dod\u00e1vku\",\"datePublished\":\"2019-09-05T13:04:03+00:00\",\"dateModified\":\"2022-12-13T14:19:19+00:00\",\"mainEntityOfPage\":{\"@id\":\"https:\\\/\\\/all4camper.com\\\/cs\\\/rok-helmuta-aneb-jak-jsme-si-splnili-sen-a-postavili-svou-prvni-dodavku\\\/\"},\"wordCount\":2551,\"publisher\":{\"@id\":\"https:\\\/\\\/all4camper.com\\\/cs\\\/#organization\"},\"image\":{\"@id\":\"https:\\\/\\\/all4camper.com\\\/cs\\\/rok-helmuta-aneb-jak-jsme-si-splnili-sen-a-postavili-svou-prvni-dodavku\\\/#primaryimage\"},\"thumbnailUrl\":\"https:\\\/\\\/all4camper.com\\\/wp-content\\\/uploads\\\/2019\\\/09\\\/cropped-helmut.jpg\",\"keywords\":[\"\u010dten\u00ed na cesty\",\"karavanist\u00e9mezin\u00e1mi\"],\"articleSection\":[\"\u010cten\u00ed na cesty\",\"Novinky - Kempov\u00e1n\u00ed a karavaning\"],\"inLanguage\":\"cs\"},{\"@type\":\"WebPage\",\"@id\":\"https:\\\/\\\/all4camper.com\\\/cs\\\/rok-helmuta-aneb-jak-jsme-si-splnili-sen-a-postavili-svou-prvni-dodavku\\\/\",\"url\":\"https:\\\/\\\/all4camper.com\\\/cs\\\/rok-helmuta-aneb-jak-jsme-si-splnili-sen-a-postavili-svou-prvni-dodavku\\\/\",\"name\":\"Rok \\\"Helmuta\\\" aneb jak jsme si splnili sen a postavili svou prvn\u00ed dod\u00e1vku - All4Camper\",\"isPartOf\":{\"@id\":\"https:\\\/\\\/all4camper.com\\\/cs\\\/#website\"},\"primaryImageOfPage\":{\"@id\":\"https:\\\/\\\/all4camper.com\\\/cs\\\/rok-helmuta-aneb-jak-jsme-si-splnili-sen-a-postavili-svou-prvni-dodavku\\\/#primaryimage\"},\"image\":{\"@id\":\"https:\\\/\\\/all4camper.com\\\/cs\\\/rok-helmuta-aneb-jak-jsme-si-splnili-sen-a-postavili-svou-prvni-dodavku\\\/#primaryimage\"},\"thumbnailUrl\":\"https:\\\/\\\/all4camper.com\\\/wp-content\\\/uploads\\\/2019\\\/09\\\/cropped-helmut.jpg\",\"datePublished\":\"2019-09-05T13:04:03+00:00\",\"dateModified\":\"2022-12-13T14:19:19+00:00\",\"description\":\"All4Camper - Rok \\\"Helmuta\\\" aneb jak jsme si splnili sen a postavili svou prvn\u00ed dod\u00e1vku\",\"breadcrumb\":{\"@id\":\"https:\\\/\\\/all4camper.com\\\/cs\\\/rok-helmuta-aneb-jak-jsme-si-splnili-sen-a-postavili-svou-prvni-dodavku\\\/#breadcrumb\"},\"inLanguage\":\"cs\",\"potentialAction\":[{\"@type\":\"ReadAction\",\"target\":[\"https:\\\/\\\/all4camper.com\\\/cs\\\/rok-helmuta-aneb-jak-jsme-si-splnili-sen-a-postavili-svou-prvni-dodavku\\\/\"]}]},{\"@type\":\"ImageObject\",\"inLanguage\":\"cs\",\"@id\":\"https:\\\/\\\/all4camper.com\\\/cs\\\/rok-helmuta-aneb-jak-jsme-si-splnili-sen-a-postavili-svou-prvni-dodavku\\\/#primaryimage\",\"url\":\"https:\\\/\\\/all4camper.com\\\/wp-content\\\/uploads\\\/2019\\\/09\\\/cropped-helmut.jpg\",\"contentUrl\":\"https:\\\/\\\/all4camper.com\\\/wp-content\\\/uploads\\\/2019\\\/09\\\/cropped-helmut.jpg\",\"width\":823,\"height\":462},{\"@type\":\"BreadcrumbList\",\"@id\":\"https:\\\/\\\/all4camper.com\\\/cs\\\/rok-helmuta-aneb-jak-jsme-si-splnili-sen-a-postavili-svou-prvni-dodavku\\\/#breadcrumb\",\"itemListElement\":[{\"@type\":\"ListItem\",\"position\":1,\"name\":\"Dom\u016f\",\"item\":\"https:\\\/\\\/all4camper.com\\\/cs\\\/\"},{\"@type\":\"ListItem\",\"position\":2,\"name\":\"\u010cten\u00ed na cesty\",\"item\":\"https:\\\/\\\/all4camper.com\\\/cs\\\/category\\\/magazin_all4camper\\\/\"},{\"@type\":\"ListItem\",\"position\":3,\"name\":\"Rok &#8222;Helmuta&#8220; aneb jak jsme si splnili sen a postavili svou prvn\u00ed dod\u00e1vku\"}]},{\"@type\":\"WebSite\",\"@id\":\"https:\\\/\\\/all4camper.com\\\/cs\\\/#website\",\"url\":\"https:\\\/\\\/all4camper.com\\\/cs\\\/\",\"name\":\"All4Camper\",\"description\":\"Nejv\u011bt\u0161\u00ed online magaz\u00edn o kempov\u00e1n\u00ed a karavaninku. V\u00edce jak 900 \u010dl\u00e1nk\u016f pln\u00fdch rad a tip\u016f o kempech a kempov\u00e1n\u00ed.\",\"publisher\":{\"@id\":\"https:\\\/\\\/all4camper.com\\\/cs\\\/#organization\"},\"potentialAction\":[{\"@type\":\"SearchAction\",\"target\":{\"@type\":\"EntryPoint\",\"urlTemplate\":\"https:\\\/\\\/all4camper.com\\\/cs\\\/?s={search_term_string}\"},\"query-input\":{\"@type\":\"PropertyValueSpecification\",\"valueRequired\":true,\"valueName\":\"search_term_string\"}}],\"inLanguage\":\"cs\"},{\"@type\":\"Organization\",\"@id\":\"https:\\\/\\\/all4camper.com\\\/cs\\\/#organization\",\"name\":\"All4Camper - kempujeme s Kl\u00e1rou\",\"url\":\"https:\\\/\\\/all4camper.com\\\/cs\\\/\",\"logo\":{\"@type\":\"ImageObject\",\"inLanguage\":\"cs\",\"@id\":\"https:\\\/\\\/all4camper.com\\\/cs\\\/#\\\/schema\\\/logo\\\/image\\\/\",\"url\":\"https:\\\/\\\/all4camper.com\\\/wp-content\\\/uploads\\\/2018\\\/09\\\/novelogo.png\",\"contentUrl\":\"https:\\\/\\\/all4camper.com\\\/wp-content\\\/uploads\\\/2018\\\/09\\\/novelogo.png\",\"width\":1520,\"height\":600,\"caption\":\"All4Camper - kempujeme s Kl\u00e1rou\"},\"image\":{\"@id\":\"https:\\\/\\\/all4camper.com\\\/cs\\\/#\\\/schema\\\/logo\\\/image\\\/\"}},{\"@type\":\"Person\",\"@id\":\"https:\\\/\\\/all4camper.com\\\/cs\\\/#\\\/schema\\\/person\\\/c6f1efdf1d02bc7d8c53a891cbe18c62\",\"name\":\"Kl\u00e1ra H\u00e1jkov\u00e1\",\"sameAs\":[\"http:\\\/\\\/www.all4camper.com\"],\"url\":\"https:\\\/\\\/all4camper.com\\\/cs\\\/author\\\/klarinkacestuje1\\\/\"}]}<\/script>\n<!-- \/ Yoast SEO plugin. -->","yoast_head_json":{"title":"Rok \"Helmuta\" aneb jak jsme si splnili sen a postavili svou prvn\u00ed dod\u00e1vku - All4Camper","description":"All4Camper - Rok \"Helmuta\" aneb jak jsme si splnili sen a postavili svou prvn\u00ed dod\u00e1vku","robots":{"index":"index","follow":"follow","max-snippet":"max-snippet:-1","max-image-preview":"max-image-preview:large","max-video-preview":"max-video-preview:-1"},"canonical":"https:\/\/all4camper.com\/cs\/rok-helmuta-aneb-jak-jsme-si-splnili-sen-a-postavili-svou-prvni-dodavku\/","og_locale":"cs_CZ","og_type":"article","og_title":"Rok \"Helmuta\" aneb jak jsme si splnili sen a postavili svou prvn\u00ed dod\u00e1vku - All4Camper","og_description":"All4Camper - Rok \"Helmuta\" aneb jak jsme si splnili sen a postavili svou prvn\u00ed dod\u00e1vku","og_url":"https:\/\/all4camper.com\/cs\/rok-helmuta-aneb-jak-jsme-si-splnili-sen-a-postavili-svou-prvni-dodavku\/","og_site_name":"All4Camper","article_published_time":"2019-09-05T13:04:03+00:00","article_modified_time":"2022-12-13T14:19:19+00:00","og_image":[{"width":823,"height":462,"url":"https:\/\/all4camper.com\/wp-content\/uploads\/2019\/09\/cropped-helmut.jpg","type":"image\/jpeg"}],"author":"Kl\u00e1ra H\u00e1jkov\u00e1","twitter_card":"summary_large_image","twitter_misc":{"Napsal(a)":"Kl\u00e1ra H\u00e1jkov\u00e1","Odhadovan\u00e1 doba \u010dten\u00ed":"13 minut"},"schema":{"@context":"https:\/\/schema.org","@graph":[{"@type":"Article","@id":"https:\/\/all4camper.com\/cs\/rok-helmuta-aneb-jak-jsme-si-splnili-sen-a-postavili-svou-prvni-dodavku\/#article","isPartOf":{"@id":"https:\/\/all4camper.com\/cs\/rok-helmuta-aneb-jak-jsme-si-splnili-sen-a-postavili-svou-prvni-dodavku\/"},"author":{"name":"Kl\u00e1ra H\u00e1jkov\u00e1","@id":"https:\/\/all4camper.com\/cs\/#\/schema\/person\/c6f1efdf1d02bc7d8c53a891cbe18c62"},"headline":"Rok &#8222;Helmuta&#8220; aneb jak jsme si splnili sen a postavili svou prvn\u00ed dod\u00e1vku","datePublished":"2019-09-05T13:04:03+00:00","dateModified":"2022-12-13T14:19:19+00:00","mainEntityOfPage":{"@id":"https:\/\/all4camper.com\/cs\/rok-helmuta-aneb-jak-jsme-si-splnili-sen-a-postavili-svou-prvni-dodavku\/"},"wordCount":2551,"publisher":{"@id":"https:\/\/all4camper.com\/cs\/#organization"},"image":{"@id":"https:\/\/all4camper.com\/cs\/rok-helmuta-aneb-jak-jsme-si-splnili-sen-a-postavili-svou-prvni-dodavku\/#primaryimage"},"thumbnailUrl":"https:\/\/all4camper.com\/wp-content\/uploads\/2019\/09\/cropped-helmut.jpg","keywords":["\u010dten\u00ed na cesty","karavanist\u00e9mezin\u00e1mi"],"articleSection":["\u010cten\u00ed na cesty","Novinky - Kempov\u00e1n\u00ed a karavaning"],"inLanguage":"cs"},{"@type":"WebPage","@id":"https:\/\/all4camper.com\/cs\/rok-helmuta-aneb-jak-jsme-si-splnili-sen-a-postavili-svou-prvni-dodavku\/","url":"https:\/\/all4camper.com\/cs\/rok-helmuta-aneb-jak-jsme-si-splnili-sen-a-postavili-svou-prvni-dodavku\/","name":"Rok \"Helmuta\" aneb jak jsme si splnili sen a postavili svou prvn\u00ed dod\u00e1vku - All4Camper","isPartOf":{"@id":"https:\/\/all4camper.com\/cs\/#website"},"primaryImageOfPage":{"@id":"https:\/\/all4camper.com\/cs\/rok-helmuta-aneb-jak-jsme-si-splnili-sen-a-postavili-svou-prvni-dodavku\/#primaryimage"},"image":{"@id":"https:\/\/all4camper.com\/cs\/rok-helmuta-aneb-jak-jsme-si-splnili-sen-a-postavili-svou-prvni-dodavku\/#primaryimage"},"thumbnailUrl":"https:\/\/all4camper.com\/wp-content\/uploads\/2019\/09\/cropped-helmut.jpg","datePublished":"2019-09-05T13:04:03+00:00","dateModified":"2022-12-13T14:19:19+00:00","description":"All4Camper - Rok \"Helmuta\" aneb jak jsme si splnili sen a postavili svou prvn\u00ed dod\u00e1vku","breadcrumb":{"@id":"https:\/\/all4camper.com\/cs\/rok-helmuta-aneb-jak-jsme-si-splnili-sen-a-postavili-svou-prvni-dodavku\/#breadcrumb"},"inLanguage":"cs","potentialAction":[{"@type":"ReadAction","target":["https:\/\/all4camper.com\/cs\/rok-helmuta-aneb-jak-jsme-si-splnili-sen-a-postavili-svou-prvni-dodavku\/"]}]},{"@type":"ImageObject","inLanguage":"cs","@id":"https:\/\/all4camper.com\/cs\/rok-helmuta-aneb-jak-jsme-si-splnili-sen-a-postavili-svou-prvni-dodavku\/#primaryimage","url":"https:\/\/all4camper.com\/wp-content\/uploads\/2019\/09\/cropped-helmut.jpg","contentUrl":"https:\/\/all4camper.com\/wp-content\/uploads\/2019\/09\/cropped-helmut.jpg","width":823,"height":462},{"@type":"BreadcrumbList","@id":"https:\/\/all4camper.com\/cs\/rok-helmuta-aneb-jak-jsme-si-splnili-sen-a-postavili-svou-prvni-dodavku\/#breadcrumb","itemListElement":[{"@type":"ListItem","position":1,"name":"Dom\u016f","item":"https:\/\/all4camper.com\/cs\/"},{"@type":"ListItem","position":2,"name":"\u010cten\u00ed na cesty","item":"https:\/\/all4camper.com\/cs\/category\/magazin_all4camper\/"},{"@type":"ListItem","position":3,"name":"Rok &#8222;Helmuta&#8220; aneb jak jsme si splnili sen a postavili svou prvn\u00ed dod\u00e1vku"}]},{"@type":"WebSite","@id":"https:\/\/all4camper.com\/cs\/#website","url":"https:\/\/all4camper.com\/cs\/","name":"All4Camper","description":"Nejv\u011bt\u0161\u00ed online magaz\u00edn o kempov\u00e1n\u00ed a karavaninku. V\u00edce jak 900 \u010dl\u00e1nk\u016f pln\u00fdch rad a tip\u016f o kempech a kempov\u00e1n\u00ed.","publisher":{"@id":"https:\/\/all4camper.com\/cs\/#organization"},"potentialAction":[{"@type":"SearchAction","target":{"@type":"EntryPoint","urlTemplate":"https:\/\/all4camper.com\/cs\/?s={search_term_string}"},"query-input":{"@type":"PropertyValueSpecification","valueRequired":true,"valueName":"search_term_string"}}],"inLanguage":"cs"},{"@type":"Organization","@id":"https:\/\/all4camper.com\/cs\/#organization","name":"All4Camper - kempujeme s Kl\u00e1rou","url":"https:\/\/all4camper.com\/cs\/","logo":{"@type":"ImageObject","inLanguage":"cs","@id":"https:\/\/all4camper.com\/cs\/#\/schema\/logo\/image\/","url":"https:\/\/all4camper.com\/wp-content\/uploads\/2018\/09\/novelogo.png","contentUrl":"https:\/\/all4camper.com\/wp-content\/uploads\/2018\/09\/novelogo.png","width":1520,"height":600,"caption":"All4Camper - kempujeme s Kl\u00e1rou"},"image":{"@id":"https:\/\/all4camper.com\/cs\/#\/schema\/logo\/image\/"}},{"@type":"Person","@id":"https:\/\/all4camper.com\/cs\/#\/schema\/person\/c6f1efdf1d02bc7d8c53a891cbe18c62","name":"Kl\u00e1ra H\u00e1jkov\u00e1","sameAs":["http:\/\/www.all4camper.com"],"url":"https:\/\/all4camper.com\/cs\/author\/klarinkacestuje1\/"}]}},"_links":{"self":[{"href":"https:\/\/all4camper.com\/cs\/wp-json\/wp\/v2\/posts\/81378","targetHints":{"allow":["GET"]}}],"collection":[{"href":"https:\/\/all4camper.com\/cs\/wp-json\/wp\/v2\/posts"}],"about":[{"href":"https:\/\/all4camper.com\/cs\/wp-json\/wp\/v2\/types\/post"}],"author":[{"embeddable":true,"href":"https:\/\/all4camper.com\/cs\/wp-json\/wp\/v2\/users\/4"}],"replies":[{"embeddable":true,"href":"https:\/\/all4camper.com\/cs\/wp-json\/wp\/v2\/comments?post=81378"}],"version-history":[{"count":0,"href":"https:\/\/all4camper.com\/cs\/wp-json\/wp\/v2\/posts\/81378\/revisions"}],"wp:featuredmedia":[{"embeddable":true,"href":"https:\/\/all4camper.com\/cs\/wp-json\/wp\/v2\/media\/81394"}],"wp:attachment":[{"href":"https:\/\/all4camper.com\/cs\/wp-json\/wp\/v2\/media?parent=81378"}],"wp:term":[{"taxonomy":"category","embeddable":true,"href":"https:\/\/all4camper.com\/cs\/wp-json\/wp\/v2\/categories?post=81378"},{"taxonomy":"post_tag","embeddable":true,"href":"https:\/\/all4camper.com\/cs\/wp-json\/wp\/v2\/tags?post=81378"}],"curies":[{"name":"wp","href":"https:\/\/api.w.org\/{rel}","templated":true}]}}