{"id":81169,"date":"2019-08-29T18:50:22","date_gmt":"2019-08-29T16:50:22","guid":{"rendered":"https:\/\/all4camper.com\/\/?p=81169"},"modified":"2019-12-15T14:34:56","modified_gmt":"2019-12-15T13:34:56","slug":"zivot-v-dodavce-aneb-jak-to-vse-zacalo-a-co-nam-to-dalo","status":"publish","type":"post","link":"https:\/\/all4camper.com\/cs\/zivot-v-dodavce-aneb-jak-to-vse-zacalo-a-co-nam-to-dalo\/","title":{"rendered":"\u017divot v dod\u00e1vce aneb jak to v\u0161e za\u010dalo a co n\u00e1m to dalo"},"content":{"rendered":"\n<h4 class=\"wp-block-heading\">U\u017e je to v\u00edce ne\u017e rok, kdy jsme po zdlouhav\u00e9m hled\u00e1n\u00ed koupili ojetou dod\u00e1vku Fiat Ducato &#8211; n\u00e1\u0161 budouc\u00ed domov na kolech. Dodynka, jak j\u00ed \u0159\u00edk\u00e1me, je dvacetilet\u00e1 d\u00e1ma, za ta l\u00e9ta ji\u017e lehce prohnil\u00e1, ov\u0161em spolehliv\u00e1 a pro n\u00e1s t\u0159i rozm\u011brov\u011b ide\u00e1ln\u00ed. Jo a &#8222;my&#8220;, to jsme Barbora, Forest a n\u00e1\u0161 pes Samuel.  <\/h4>\n\n\n\n<figure class=\"wp-block-image\"><img loading=\"lazy\" decoding=\"async\" width=\"1366\" height=\"768\" src=\"https:\/\/all4camper.com\/\/wp-content\/uploads\/2019\/08\/stehujemese.jpg\" alt=\"\" class=\"wp-image-81170\" srcset=\"https:\/\/all4camper.com\/wp-content\/uploads\/2019\/08\/stehujemese.jpg 1366w, https:\/\/all4camper.com\/wp-content\/uploads\/2019\/08\/stehujemese-150x84.jpg 150w, https:\/\/all4camper.com\/wp-content\/uploads\/2019\/08\/stehujemese-300x169.jpg 300w, https:\/\/all4camper.com\/wp-content\/uploads\/2019\/08\/stehujemese-768x432.jpg 768w, https:\/\/all4camper.com\/wp-content\/uploads\/2019\/08\/stehujemese-678x381.jpg 678w\" sizes=\"auto, (max-width: 1366px) 100vw, 1366px\" \/><\/figure>\n\n\n\n<h4 class=\"wp-block-heading\">C\u00edl byl tedy jasn\u00fd &#8211; p\u0159estav\u011bt dod\u00e1vku a alespo\u0148 rok s n\u00ed cestovat po Evrop\u011b a mo\u017en\u00e1 dojet je\u0161t\u011b n\u011bkam d\u00e1l.<\/h4>\n\n\n\n<p>Samuel je vlastn\u011b i jeden z\u00a0hlavn\u00edch d\u016fvod\u016f, pro\u010d jsme se rozhodli cel\u00fd tento projekt uskute\u010dnit. Vanlife je podle n\u00e1s toti\u017e ide\u00e1ln\u00ed zp\u016fsob, jak t\u00e9m\u011b\u0159 neomezen\u011b a pohodln\u011b cestovat se psem. Ono toti\u017e l\u00e9t\u00e1n\u00ed se psy je velmi komplikovan\u00e9 a pro zv\u00ed\u0159ata \u010dasto stresuj\u00edc\u00ed. Nav\u00edc v\u00a0mnoha zem\u00edch nesm\u011bj\u00ed ani do ve\u0159ejn\u00fdch dopravn\u00edch prost\u0159edk\u016f a to nemluv\u00edm o ubytov\u00e1n\u00ed. S\u00a0vlastn\u00edm autem v\u0161echny tyto komplikace odpadaj\u00ed. A Samuela na\u0161e putov\u00e1n\u00ed zat\u00edm dost bav\u00ed. Po cest\u011b tak\u00e9 zji\u0161\u0165ujeme, \u017ee t\u00edmto zp\u016fsobem cestuje se zv\u00ed\u0159aty mnoho lid\u00ed. Nez\u0159\u00eddka v\u00edd\u00e1me za p\u0159edn\u00edm oknem spokojen\u011b sp\u00edc\u00ed ko\u010dky a kolem auta pob\u00edhaj\u00edc\u00ed psi. Zv\u00ed\u0159ata tak neztr\u00e1cej\u00ed pohodl\u00ed sv\u00fdch pel\u00ed\u0161k\u016f a z\u00e1rove\u0148 maj\u00ed mo\u017enost si u\u017e\u00edt p\u0159\u00edrodu. Mysl\u00edm, \u017ee nejeden &#8222;Al\u00edk&#8220; by &#8222;sv\u016fj&#8220; mal\u00fd dvorek nebo byt, ve kter\u00e9m tr\u00e1v\u00ed v\u011bt\u0161inu \u010dasu \u010dek\u00e1n\u00edm na p\u00e1n\u00ed\u010dky a\u017e se vr\u00e1t\u00ed z pr\u00e1ce, vym\u011bnil za toto cestov\u00e1n\u00ed.<\/p>\n\n\n\n<figure class=\"wp-block-image\"><img loading=\"lazy\" decoding=\"async\" width=\"1608\" height=\"1080\" src=\"https:\/\/all4camper.com\/\/wp-content\/uploads\/2019\/08\/zivot_v_dodavce-1608x1080.png\" alt=\"\" class=\"wp-image-81171\" srcset=\"https:\/\/all4camper.com\/wp-content\/uploads\/2019\/08\/zivot_v_dodavce-1608x1080.png 1608w, https:\/\/all4camper.com\/wp-content\/uploads\/2019\/08\/zivot_v_dodavce-300x202.png 300w, https:\/\/all4camper.com\/wp-content\/uploads\/2019\/08\/zivot_v_dodavce-150x101.png 150w, https:\/\/all4camper.com\/wp-content\/uploads\/2019\/08\/zivot_v_dodavce-768x516.png 768w, https:\/\/all4camper.com\/wp-content\/uploads\/2019\/08\/zivot_v_dodavce-1536x1032.png 1536w, https:\/\/all4camper.com\/wp-content\/uploads\/2019\/08\/zivot_v_dodavce.png 1645w\" sizes=\"auto, (max-width: 1608px) 100vw, 1608px\" \/><\/figure>\n\n\n\n<h3 class=\"wp-block-heading\">Ale zp\u00e1tky k\u00a0p\u0159estavb\u011b<\/h3>\n\n\n\n<p>Trvalo n\u00e1m dlouh\u00fdch deset m\u011bs\u00edc\u016f, ne\u017e jsme z \u201eoby\u010dejn\u00e9\u201c dod\u00e1vky postavili dod\u00e1vku obytnou, navr\u017eenou tak, aby se n\u00e1m v\u00a0n\u00ed dob\u0159e a dlouhodob\u011b bydlelo. Dali jsme tomu ve\u0161ker\u00fd voln\u00fd \u010das a nelitujeme ani jedn\u00e9 minuty. Ostatn\u011b samotn\u00e1 p\u0159estavba byla sou\u010d\u00e1st\u00ed na\u0161eho pl\u00e1nu a jsme p\u0159esv\u011bd\u010deni, \u017ee kdybychom si koupili u\u017e hotov\u00fd obyt\u0148\u00e1k, nem\u011bli bychom z\u00a0toho takovou radost. Tvo\u0159it a vym\u00fd\u0161let nov\u00e9 v\u011bci n\u00e1s prost\u011b bav\u00ed.<\/p>\n\n\n\n<figure class=\"wp-block-image\"><img loading=\"lazy\" decoding=\"async\" width=\"1601\" height=\"1080\" src=\"https:\/\/all4camper.com\/\/wp-content\/uploads\/2019\/08\/dodynka-1601x1080.png\" alt=\"\" class=\"wp-image-81172\" srcset=\"https:\/\/all4camper.com\/wp-content\/uploads\/2019\/08\/dodynka-1601x1080.png 1601w, https:\/\/all4camper.com\/wp-content\/uploads\/2019\/08\/dodynka-300x202.png 300w, https:\/\/all4camper.com\/wp-content\/uploads\/2019\/08\/dodynka-150x101.png 150w, https:\/\/all4camper.com\/wp-content\/uploads\/2019\/08\/dodynka-768x518.png 768w, https:\/\/all4camper.com\/wp-content\/uploads\/2019\/08\/dodynka-1536x1036.png 1536w, https:\/\/all4camper.com\/wp-content\/uploads\/2019\/08\/dodynka.png 1660w\" sizes=\"auto, (max-width: 1601px) 100vw, 1601px\" \/><\/figure>\n\n\n\n<p>B\u011bhem p\u0159estavby jsme se nau\u010dili spoustu v\u011bc\u00ed a na\u010detli mnoho informac\u00ed t\u00fdkaj\u00edc\u00edch se pr\u00e1v\u011b \u017eivota na \u010dty\u0159ech kolech. Rozhodli jsme se tak\u00e9 cel\u00fd projekt od za\u010d\u00e1tku dokumentovat pod n\u00e1zvem \u017divot v\u00a0dod\u00e1vce a cel\u00e9 p\u0159estavb\u011b se pak detailn\u011b v\u011bnujeme na na\u0161em YouTube kan\u00e1le \u017divot v\u00a0dod\u00e1vce, kde vyd\u00e1v\u00e1me videa z\u00a0cestov\u00e1n\u00ed i tipy a rady pro karavanisty a cestovatele. Tak\u017ee pokud v\u00e1s toto t\u00e9ma zaj\u00edm\u00e1, budeme r\u00e1di, kdy\u017e n\u00e1s na tomto kan\u00e1le nav\u0161t\u00edv\u00edte.<\/p>\n\n\n\n<h3 class=\"wp-block-heading\">Vyj\u00ed\u017ed\u00edme<\/h3>\n\n\n\n<p>17. prosince 2018 nastal ten spr\u00e1vn\u00fd \u010das a my nat\u011b\u0161en\u011b vyjeli na na\u0161i pl\u00e1novanou cestu a t\u00edm se i vydali vst\u0159\u00edc mnoha dobrodru\u017estv\u00edm. Jej\u00ed prvn\u00ed \u010d\u00e1st vedla na jih \u0160pan\u011blska, kam jsme se cht\u011bli schovat p\u0159ed zimou. V\u00a0prvn\u00edch dnech cesty jsme si pomalu zvykali na n\u00e1\u0161 nov\u00fd \u017eivot v\u00a0dod\u00e1vce a u\u010dili se fungovat na mal\u00e9m prostoru tak, abychom se neu\u0161lapali. Ke spokojenosti n\u00e1s v\u0161ech jsme zjistili, \u017ee obytn\u00fd prostor funguje l\u00e9pe, ne\u017e jsme o\u010dek\u00e1vali. <\/p>\n\n\n\n<p>Fajn tak\u00e9 bylo, \u017ee nic za j\u00edzdy nevrzalo, nedrn\u010delo, keramick\u00e9 n\u00e1dob\u00ed, voln\u011b ulo\u017een\u00e9 ve sk\u0159\u00ed\u0148k\u00e1ch se nerozb\u00edjelo a Dodynka \u0161lapala jak m\u00e1, a\u017e na mal\u00fd probl\u00e9m s\u00a0blinkry, kter\u00fd se p\u0159ekvapiv\u011b vy\u0159e\u0161il odpojen\u00edm topen\u00ed. O to v\u00edc jsme se zabaleni v\u00a0dek\u00e1ch t\u011b\u0161ili do tepla s pl\u00e1nem topen\u00ed opravit pozd\u011bji.<\/p>\n\n\n\n<figure class=\"wp-block-image\"><img loading=\"lazy\" decoding=\"async\" width=\"1600\" height=\"1060\" src=\"https:\/\/all4camper.com\/\/wp-content\/uploads\/2019\/08\/69979162_408749119995450_7443839607197663232_n.jpg\" alt=\"\" class=\"wp-image-81200\" srcset=\"https:\/\/all4camper.com\/wp-content\/uploads\/2019\/08\/69979162_408749119995450_7443839607197663232_n.jpg 1600w, https:\/\/all4camper.com\/wp-content\/uploads\/2019\/08\/69979162_408749119995450_7443839607197663232_n-300x199.jpg 300w, https:\/\/all4camper.com\/wp-content\/uploads\/2019\/08\/69979162_408749119995450_7443839607197663232_n-150x99.jpg 150w, https:\/\/all4camper.com\/wp-content\/uploads\/2019\/08\/69979162_408749119995450_7443839607197663232_n-768x509.jpg 768w, https:\/\/all4camper.com\/wp-content\/uploads\/2019\/08\/69979162_408749119995450_7443839607197663232_n-1536x1018.jpg 1536w\" sizes=\"auto, (max-width: 1600px) 100vw, 1600px\" \/><\/figure>\n\n\n\n<h3 class=\"wp-block-heading\">Pro\u010d jezdit po d\u00e1lnici, kdy\u017e je v\u0161ude tak kr\u00e1sn\u00e1 krajina<\/h3>\n\n\n\n<p>Ve Francii jsme n\u011bjakou dobu proj\u00ed\u017ed\u011bli m\u00fdtn\u00e9 br\u00e1ny. N\u00e1sledn\u011b ale padlo rozhodnut\u00ed z d\u00e1lnice sjet a pokra\u010dovat d\u00e1l tzn. francouzskou vyso\u010dinou. V\u0161ak nikam neposp\u00edch\u00e1me, m\u00e1me p\u0159ed sebou cel\u00fd rok putov\u00e1n\u00ed, tak pro\u010d ne. Krajina, kter\u00e1 se n\u00e1m postupn\u011b otev\u00edrala st\u00e1la za to. Po klikat\u00edc\u00edch se silni\u010dk\u00e1ch jsme m\u00edjeli rozlehl\u00e9 louky s\u00a0osl\u00edky, proj\u00ed\u017ed\u011bli hlubok\u00fdmi lesy a ob\u010das n\u00e1s cesta vynesla na p\u011bkn\u00fd kope\u010dek, kde se konalo prota\u017een\u00ed nohou proch\u00e1zkami po okol\u00ed. Tak\u00e9 se objevila prvn\u00ed mil\u00e1 setk\u00e1n\u00ed s na cest\u011b potkan\u00fdmi m\u00edstn\u00edmi obyvateli. Pokud tedy i vy na sv\u00fdch cest\u00e1ch nikam nesp\u011bch\u00e1te, doporu\u010dujeme nudn\u00e9 d\u00e1lnice vynechat a u\u017e\u00edt si tohle malebn\u00e9 toul\u00e1n\u00ed. <\/p>\n\n\n\n<ul class=\"wp-block-gallery columns-1 is-cropped wp-block-gallery-1 is-layout-flex wp-block-gallery-is-layout-flex\"><li class=\"blocks-gallery-item\"><figure><img loading=\"lazy\" decoding=\"async\" width=\"1600\" height=\"1060\" src=\"https:\/\/all4camper.com\/\/wp-content\/uploads\/2019\/08\/69212958_468666730389327_6807086219957108736_n.jpg\" alt=\"\" data-id=\"81176\" data-link=\"https:\/\/all4camper.com\/\/?attachment_id=81176\" class=\"wp-image-81176\" srcset=\"https:\/\/all4camper.com\/wp-content\/uploads\/2019\/08\/69212958_468666730389327_6807086219957108736_n.jpg 1600w, https:\/\/all4camper.com\/wp-content\/uploads\/2019\/08\/69212958_468666730389327_6807086219957108736_n-300x199.jpg 300w, https:\/\/all4camper.com\/wp-content\/uploads\/2019\/08\/69212958_468666730389327_6807086219957108736_n-150x99.jpg 150w, https:\/\/all4camper.com\/wp-content\/uploads\/2019\/08\/69212958_468666730389327_6807086219957108736_n-768x509.jpg 768w, https:\/\/all4camper.com\/wp-content\/uploads\/2019\/08\/69212958_468666730389327_6807086219957108736_n-1536x1018.jpg 1536w\" sizes=\"auto, (max-width: 1600px) 100vw, 1600px\" \/><\/figure><\/li><li class=\"blocks-gallery-item\"><figure><img loading=\"lazy\" decoding=\"async\" width=\"1600\" height=\"1060\" src=\"https:\/\/all4camper.com\/\/wp-content\/uploads\/2019\/08\/69338435_3030551407017576_3676436943895265280_n.jpg\" alt=\"\" data-id=\"81177\" data-link=\"https:\/\/all4camper.com\/\/?attachment_id=81177\" class=\"wp-image-81177\" srcset=\"https:\/\/all4camper.com\/wp-content\/uploads\/2019\/08\/69338435_3030551407017576_3676436943895265280_n.jpg 1600w, https:\/\/all4camper.com\/wp-content\/uploads\/2019\/08\/69338435_3030551407017576_3676436943895265280_n-300x199.jpg 300w, https:\/\/all4camper.com\/wp-content\/uploads\/2019\/08\/69338435_3030551407017576_3676436943895265280_n-150x99.jpg 150w, https:\/\/all4camper.com\/wp-content\/uploads\/2019\/08\/69338435_3030551407017576_3676436943895265280_n-768x509.jpg 768w, https:\/\/all4camper.com\/wp-content\/uploads\/2019\/08\/69338435_3030551407017576_3676436943895265280_n-1536x1018.jpg 1536w\" sizes=\"auto, (max-width: 1600px) 100vw, 1600px\" \/><\/figure><\/li><\/ul>\n\n\n\n<h3 class=\"wp-block-heading\">Ka\u017ed\u00e1 sranda n\u011bco stoj\u00ed &#8211; jak to tedy d\u011bl\u00e1me?<\/h3>\n\n\n\n<p>Spoustu z\u00a0v\u00e1s asi zaj\u00edm\u00e1, jak cel\u00fd tento podnik financujeme. Tak\u017ee &#8211; na dod\u00e1vku a jej\u00ed p\u0159estavbu jsme si uspo\u0159ili. Kdy\u017e jsme spo\u010d\u00edtali celkov\u00e9 n\u00e1klady na p\u0159estavbu, kter\u00e9 jsme si po celou dobu bedliv\u011b zaznamen\u00e1vali, do\u0161li jsme k\u00a0\u010d\u00e1stce kolem 220\u00a0000 K\u010d. Z\u00a0toho 60\u00a0000 K\u010d st\u00e1la dod\u00e1vka a \u010d\u00e1st pot\u0159ebn\u00e9ho materi\u00e1lu (zateplen\u00ed, sou\u010d\u00e1stky na rozvod elekt\u0159iny, nov\u00e9 pneumatiky a speci\u00e1ln\u00ed lepidla) na p\u0159estavbu n\u00e1m v\u011bnovali na\u0161i kamar\u00e1di a zn\u00e1m\u00ed, za co\u017e jsme velmi vd\u011b\u010dn\u00ed a jako pod\u011bkov\u00e1n\u00ed maj\u00ed loga sv\u00fdch firem na boc\u00edch na\u0161\u00ed Dodynky. <\/p>\n\n\n\n<p>Na samotnou cestu jsme vyrazili s\u00a0finan\u010dn\u00edmi \u00faspory tzv. do za\u010d\u00e1tk\u016f. Ty jsme m\u011bli v\u00a0pl\u00e1nu pou\u017e\u00edt na p\u0159\u00edle\u017eitostn\u00e9 opravy dod\u00e1vky. Jako obvykle se v\u0161ak v\u0161echno vyvrbilo jinak a hned v\u00a0prvn\u00edch dvou m\u011bs\u00edc\u00edch na cest\u011b padla velk\u00e1 \u010d\u00e1st na\u0161ich \u00faspor na novou techniku \u2013 Forestovi ode\u0161el telefon a zanedlouho i notebook. Jeliko\u017e se Forest na cest\u011b st\u00e1le \u017eiv\u00ed prac\u00ed online, tyto p\u0159\u00edstroje jsou pro n\u011bj nezbytn\u00e9 a tak nezbylo ne\u017e po\u0159\u00eddit nov\u00e9. Pot\u0159ebn\u00e9 p\u0159ipojen\u00ed k\u00a0internetu \u0159e\u0161\u00edme m\u00edstn\u00edmi SIM kartami. Za 20 euro po\u0159\u00edd\u00edte 20 GB dat, o \u010dem\u017e si zat\u00edm v\u00a0\u010cR m\u016f\u017eeme nechat zd\u00e1t. B\u011bhem cesty n\u00e1s tak\u00e9 zradila baterie k\u00a0sol\u00e1rn\u00edmu nap\u00e1jen\u00ed a tak jsme ve \u0160pan\u011blsku museli po\u0159\u00eddit novou. P\u0159ekvapiv\u011b t\u00e9m\u011b\u0159 jedin\u00e1 technick\u00e1 v\u011bc, kter\u00e1 zat\u00edm funguje bez probl\u00e9m\u016f, je na\u0161e Dodynka. <\/p>\n\n\n\n<figure class=\"wp-block-image\"><img loading=\"lazy\" decoding=\"async\" width=\"1440\" height=\"1080\" src=\"https:\/\/all4camper.com\/\/wp-content\/uploads\/2019\/08\/69991961_935190076815846_5258715170758197248_n-1440x1080.jpg\" alt=\"\" class=\"wp-image-81178\" srcset=\"https:\/\/all4camper.com\/wp-content\/uploads\/2019\/08\/69991961_935190076815846_5258715170758197248_n-1440x1080.jpg 1440w, https:\/\/all4camper.com\/wp-content\/uploads\/2019\/08\/69991961_935190076815846_5258715170758197248_n-300x225.jpg 300w, https:\/\/all4camper.com\/wp-content\/uploads\/2019\/08\/69991961_935190076815846_5258715170758197248_n-150x113.jpg 150w, https:\/\/all4camper.com\/wp-content\/uploads\/2019\/08\/69991961_935190076815846_5258715170758197248_n-768x576.jpg 768w, https:\/\/all4camper.com\/wp-content\/uploads\/2019\/08\/69991961_935190076815846_5258715170758197248_n-1536x1152.jpg 1536w, https:\/\/all4camper.com\/wp-content\/uploads\/2019\/08\/69991961_935190076815846_5258715170758197248_n-678x509.jpg 678w, https:\/\/all4camper.com\/wp-content\/uploads\/2019\/08\/69991961_935190076815846_5258715170758197248_n-326x245.jpg 326w, https:\/\/all4camper.com\/wp-content\/uploads\/2019\/08\/69991961_935190076815846_5258715170758197248_n-80x60.jpg 80w, https:\/\/all4camper.com\/wp-content\/uploads\/2019\/08\/69991961_935190076815846_5258715170758197248_n.jpg 1600w\" sizes=\"auto, (max-width: 1440px) 100vw, 1440px\" \/><\/figure>\n\n\n\n<h3 class=\"wp-block-heading\">Co dal\u0161\u00edho jsme se je\u0161t\u011b nau\u010dili?<\/h3>\n\n\n\n<p>V\u00a0pr\u016fb\u011bhu cesty jsme se museli nau\u010dit \u0159e\u0161it z\u00e1kladn\u00ed pot\u0159eby, jako je pravideln\u00e9 dopl\u0148ov\u00e1n\u00ed vody, \u0159e\u0161it sprchu a toaletu. Zjistili jsme, \u017ee dopl\u0148ov\u00e1n\u00ed vody nen\u00ed probl\u00e9m. T\u00e9m\u011b\u0159 v\u00a0ka\u017ed\u00e9 vesnici nap\u0159\u00ed\u010d Franci\u00ed i \u0160pan\u011blskem nach\u00e1z\u00edme ve\u0159ejn\u00e1 p\u00edtka. Ve Francii se \u010dasto vyskytuj\u00ed ve form\u011b kohout\u016f s\u00a0oto\u010dnou p\u00e1\u010dkou, kde vodu bez probl\u00e9mu napln\u00edte do 25 litrov\u00fdch barel\u016f. Ve \u0160pan\u011blsku zase najdete velk\u00e9 mno\u017estv\u00ed p\u00edtek. Pod ty barel sice nepostav\u00edte tak, abyste z\u00a0n\u00e1\u00fastku vodu na\u010derpali, m\u016f\u017eete na n\u011bj v\u0161ak p\u0159ipojit kousek vodovodn\u00ed hadi\u010dky, kterou si vezmete sebou. My voz\u00edme barely o celkov\u00e9m objemu asi 55 litr\u016f a v\u017edy n\u00e1m z\u00e1soby vydr\u017e\u00ed cca 3 \u2013 4 dny i se skromnou \u201ekoupel\u00ed\u201c. <\/p>\n\n\n\n<figure class=\"wp-block-image\"><img loading=\"lazy\" decoding=\"async\" width=\"1600\" height=\"1060\" src=\"https:\/\/all4camper.com\/\/wp-content\/uploads\/2019\/08\/69671846_486319675259154_1387451702793207808_n.jpg\" alt=\"\" class=\"wp-image-81180\" srcset=\"https:\/\/all4camper.com\/wp-content\/uploads\/2019\/08\/69671846_486319675259154_1387451702793207808_n.jpg 1600w, https:\/\/all4camper.com\/wp-content\/uploads\/2019\/08\/69671846_486319675259154_1387451702793207808_n-300x199.jpg 300w, https:\/\/all4camper.com\/wp-content\/uploads\/2019\/08\/69671846_486319675259154_1387451702793207808_n-150x99.jpg 150w, https:\/\/all4camper.com\/wp-content\/uploads\/2019\/08\/69671846_486319675259154_1387451702793207808_n-768x509.jpg 768w, https:\/\/all4camper.com\/wp-content\/uploads\/2019\/08\/69671846_486319675259154_1387451702793207808_n-1536x1018.jpg 1536w\" sizes=\"auto, (max-width: 1600px) 100vw, 1600px\" \/><\/figure>\n\n\n\n<p>O\u010distu lze vy\u0159e\u0161it n\u011bkolika zp\u016fsoby. Pokud se dr\u017e\u00edte d\u00e1lnic a v\u011bt\u0161\u00edch silnic, nen\u00ed probl\u00e9m zaplatit si sprchu na p\u0159\u00edtomn\u00fdch benzink\u00e1ch tak, jako to d\u011blaj\u00ed \u0159idi\u010di kamion\u016f. Bude V\u00e1s to st\u00e1t cca 3 eura. Dal\u0161\u00ed zp\u016fsob, jak se dostat ke spr\u0161e, je n\u00e1v\u0161t\u011bva kempu. A pozor! Ubytovat se zde nemus\u00edte. Tak\u00e9 m\u016f\u017eete vyu\u017e\u00edt ve\u0159ejn\u00e1 koupali\u0161t\u011b a kryt\u00e9 baz\u00e9ny. Za p\u00e1r eur si u\u017eijete sprchy do sytosti a je\u0161t\u011b si zaplavete. My jsme v\u0161ak necht\u011bli b\u00fdt z\u00e1visl\u00ed jen na zm\u00edn\u011bn\u00fdch podnic\u00edch, a tak si sebou vezeme sprchovou sadu s\u00a0\u010derpadlem. V\u00a0kombinaci s\u00a0n\u00e1dr\u017e\u00ed na sol\u00e1rn\u00ed oh\u0159ev vody si za p\u011bkn\u00fdch dn\u00ed m\u016f\u017eete u\u017e\u00edt teplou sprchu v\u00a0p\u0159\u00edrod\u011b. U toho n\u00e1m p\u0159ijde f\u00e9r myslet na eko v\u00fdrobky v\u00a0podob\u011b m\u00fddel, \u0161ampon\u016f a jin\u00fdch \u010dist\u00edc\u00edch prost\u0159edk\u016f. K\u00a0p\u0159\u00edrod\u011b se prost\u011b chceme chovat hezky. <\/p>\n\n\n\n<figure class=\"wp-block-image\"><img loading=\"lazy\" decoding=\"async\" width=\"1600\" height=\"1060\" src=\"https:\/\/all4camper.com\/\/wp-content\/uploads\/2019\/08\/DSC_0008-1-2.jpg\" alt=\"\" class=\"wp-image-81179\" srcset=\"https:\/\/all4camper.com\/wp-content\/uploads\/2019\/08\/DSC_0008-1-2.jpg 1600w, https:\/\/all4camper.com\/wp-content\/uploads\/2019\/08\/DSC_0008-1-2-150x99.jpg 150w, https:\/\/all4camper.com\/wp-content\/uploads\/2019\/08\/DSC_0008-1-2-300x199.jpg 300w, https:\/\/all4camper.com\/wp-content\/uploads\/2019\/08\/DSC_0008-1-2-768x509.jpg 768w, https:\/\/all4camper.com\/wp-content\/uploads\/2019\/08\/DSC_0008-1-2-1536x1018.jpg 1536w\" sizes=\"auto, (max-width: 1600px) 100vw, 1600px\" \/><\/figure>\n\n\n\n<p>Posledn\u00ed zp\u016fsob, kter\u00fd vyu\u017e\u00edv\u00e1me k\u00a0o\u010dist\u011b, je skl\u00e1dac\u00ed d\u011btsk\u00e1 vani\u010dka, kter\u00e1 skv\u011ble poslou\u017e\u00ed zejm\u00e9na k\u00a0myt\u00ed uvnit\u0159 auta. Vodu oh\u0159\u00edv\u00e1me jednodu\u0161e, a to v\u00a0konvici na plynov\u00e9m va\u0159i\u010di. Na koupel sta\u010d\u00ed p\u00e1r litr\u016f hork\u00e9 vody a je to. <strong>\u017divot v\u00a0dod\u00e1vce je p\u0159\u00ednosn\u00fd i v\u00a0tom, \u017ee nau\u010d\u00ed \u010dlov\u011bka skromnosti a trp\u011blivosti.<\/strong><\/p>\n\n\n\n<figure class=\"wp-block-image\"><img loading=\"lazy\" decoding=\"async\" width=\"1080\" height=\"1080\" src=\"https:\/\/all4camper.com\/\/wp-content\/uploads\/2019\/08\/69264360_1183537588506103_2947087673820446720_n-1080x1080.jpg\" alt=\"\" class=\"wp-image-81181\" srcset=\"https:\/\/all4camper.com\/wp-content\/uploads\/2019\/08\/69264360_1183537588506103_2947087673820446720_n-1080x1080.jpg 1080w, https:\/\/all4camper.com\/wp-content\/uploads\/2019\/08\/69264360_1183537588506103_2947087673820446720_n-300x300.jpg 300w, https:\/\/all4camper.com\/wp-content\/uploads\/2019\/08\/69264360_1183537588506103_2947087673820446720_n-150x150.jpg 150w, https:\/\/all4camper.com\/wp-content\/uploads\/2019\/08\/69264360_1183537588506103_2947087673820446720_n-768x768.jpg 768w, https:\/\/all4camper.com\/wp-content\/uploads\/2019\/08\/69264360_1183537588506103_2947087673820446720_n-1536x1536.jpg 1536w, https:\/\/all4camper.com\/wp-content\/uploads\/2019\/08\/69264360_1183537588506103_2947087673820446720_n.jpg 1600w\" sizes=\"auto, (max-width: 1080px) 100vw, 1080px\" \/><\/figure>\n\n\n\n<p>Posledn\u00edm o\u0159\u00ed\u0161kem je toaleta. My jsme si na cestu po\u0159\u00eddili chemick\u00e9 WC. Po dvou m\u011bs\u00edc\u00edch jsme ale zjistili, \u017ee jsme ho ani jednou nepou\u017eili a proto jsme ho je\u0161t\u011b zabalen\u00e9 ve \u0160pan\u011blsku prodali. P\u0159i proch\u00e1zk\u00e1ch po m\u011bst\u011b je v\u017edy p\u0159\u00edle\u017eitost naj\u00edt ve\u0159ejn\u00e9 WC a pokud se ve m\u011bstech nezdr\u017eujete p\u0159es noc, ale d\u00e1v\u00e1te p\u0159ednost t\u00e1bo\u0159en\u00ed v\u00a0p\u0159\u00edrod\u011b, tento probl\u00e9m se d\u00e1 v\u017edy s\u00a0lopatkou elegantn\u011b vy\u0159e\u0161it.<\/p>\n\n\n\n<h3 class=\"wp-block-heading\">Vivat \u0160pan\u011blsko a pak kam d\u00e1l?<\/h3>\n\n\n\n<p>Ve \u0160pan\u011blsku jsme te\u010f u\u017e t\u00e9m\u011b\u0159 dva m\u011bs\u00edce, za tu dobu jsme nav\u0161t\u00edvili spoustu kr\u00e1sn\u00fdch m\u00edst. Hory Siera Nevady, term\u00e1ln\u00ed prameny, vodop\u00e1dy, skaln\u00ed stezky, dlouh\u00e9 opu\u0161t\u011bn\u00e9 pl\u00e1\u017ee a dal\u0161\u00ed m\u00edsta t\u00e9to rozlehl\u00e9 krajiny. Mnoho z\u00a0t\u011bchto m\u00edst se n\u00e1m na p\u00e1r dn\u00ed stalo domovem. M\u00e1me tak mo\u017enost u\u017e\u00edt si naprostou svobodu pohybu. <\/p>\n\n\n\n<figure class=\"wp-block-image\"><img loading=\"lazy\" decoding=\"async\" width=\"1600\" height=\"1060\" src=\"https:\/\/all4camper.com\/\/wp-content\/uploads\/2019\/08\/69433401_299704450868844_699222256336764928_n.jpg\" alt=\"\" class=\"wp-image-81191\" srcset=\"https:\/\/all4camper.com\/wp-content\/uploads\/2019\/08\/69433401_299704450868844_699222256336764928_n.jpg 1600w, https:\/\/all4camper.com\/wp-content\/uploads\/2019\/08\/69433401_299704450868844_699222256336764928_n-300x199.jpg 300w, https:\/\/all4camper.com\/wp-content\/uploads\/2019\/08\/69433401_299704450868844_699222256336764928_n-150x99.jpg 150w, https:\/\/all4camper.com\/wp-content\/uploads\/2019\/08\/69433401_299704450868844_699222256336764928_n-768x509.jpg 768w, https:\/\/all4camper.com\/wp-content\/uploads\/2019\/08\/69433401_299704450868844_699222256336764928_n-1536x1018.jpg 1536w\" sizes=\"auto, (max-width: 1600px) 100vw, 1600px\" \/><\/figure>\n\n\n\n<p>V\u00a0sou\u010dasn\u00e9 chv\u00edli stoj\u00edme u Gibraltaru, kde si d\u00e1v\u00e1me p\u00e1r dn\u00ed pohody u mo\u0159e. Na \u010dlov\u011bka zde naraz\u00edme jen n\u00e1hodn\u011b a u\u017e\u00edv\u00e1me si kr\u00e1sn\u00fd v\u00fdhled na mohutnou Gibraltarskou sk\u00e1lu. Za p\u00e1r dn\u00ed se p\u0159eplav\u00edme do Maroka. Ale abychom tam mohli jet (a hlavn\u011b odjet zp\u00e1tky do EU) i se Samuelem, museli jsme mu nechat vy\u0159\u00eddit serologick\u00e9 vy\u0161et\u0159en\u00ed na vzteklinu, na kter\u00e9 jsme \u010dekali 21 dn\u00ed. B\u011bhem t\u00e9 doby se n\u00e1m poda\u0159ilo Samuela nev\u011bdomky p\u0159iotr\u00e1vit avok\u00e1dem a za\u017eili jsme kru\u0161n\u00e9 dny strachu o jeho \u017eivot a n\u00e1v\u0161t\u011bvy m\u00edstn\u00ed veteriny. <\/p>\n\n\n\n<p>Samuel m\u00e1 na\u0161t\u011bst\u00ed tuh\u00fd ko\u0159\u00ednek a tak u\u017e te\u010f zase pob\u00edh\u00e1 vesele po pl\u00e1\u017e\u00edch. Pro n\u00e1s je to velk\u00e9 ponau\u010den\u00ed a proto pos\u00edl\u00e1me tuhle zpr\u00e1vu d\u00e1l: <strong>nikdy nekrmte sv\u00e9 zv\u00ed\u0159e avok\u00e1dem<\/strong> \u2013 na rozd\u00edl od n\u00e1s lid\u00ed, je pro zv\u00ed\u0159ata siln\u011b toxick\u00e9 a v\u00a0krajn\u00edch p\u0159\u00edpadech m\u016f\u017ee otrava skon\u010dit \u00famrt\u00edm zv\u00ed\u0159ete. <em>(To plat\u00ed i pro v\u00edce zn\u00e1m\u00e9 ps\u00ed jedy jako jsou hrozny, rozinky, \u010dokol\u00e1da a dal\u0161\u00ed.) <\/em><\/p>\n\n\n\n<figure class=\"wp-block-image\"><img loading=\"lazy\" decoding=\"async\" width=\"1600\" height=\"1060\" src=\"https:\/\/all4camper.com\/\/wp-content\/uploads\/2019\/08\/DSC_0447-1.jpg\" alt=\"\" class=\"wp-image-81182\" srcset=\"https:\/\/all4camper.com\/wp-content\/uploads\/2019\/08\/DSC_0447-1.jpg 1600w, https:\/\/all4camper.com\/wp-content\/uploads\/2019\/08\/DSC_0447-1-150x99.jpg 150w, https:\/\/all4camper.com\/wp-content\/uploads\/2019\/08\/DSC_0447-1-300x199.jpg 300w, https:\/\/all4camper.com\/wp-content\/uploads\/2019\/08\/DSC_0447-1-768x509.jpg 768w, https:\/\/all4camper.com\/wp-content\/uploads\/2019\/08\/DSC_0447-1-1536x1018.jpg 1536w\" sizes=\"auto, (max-width: 1600px) 100vw, 1600px\" \/><\/figure>\n\n\n\n<p>Douf\u00e1me, \u017ee v\u00a0Maroku u\u017e na n\u00e1s \u010dekaj\u00ed jen hezk\u00e9 z\u00e1\u017eitky a zemi skrz na\u0161i cestu zbl\u00edzka pozn\u00e1me. Po n\u00e1vratu na pevninu EU se chceme pod\u00edvat do Portugalska, kde si Barbora mo\u017en\u00e1 odsko\u010d\u00ed na poutn\u00ed cestu z\u00a0Porta do Santiaga de Compostela. Pak u\u017e se chceme severem \u0160pan\u011blska st\u00e1\u010det na sever Evropy, d\u0159\u00edv ne\u017e p\u0159ijde l\u00e9to a s\u00a0n\u00edm vysok\u00e9 teploty. Na\u0161\u00edm c\u00edlem je Skandin\u00e1vie, kterou milujeme a kde bychom si tak\u00e9 r\u00e1di na p\u00e1r m\u011bs\u00edc\u016f na\u0161li pr\u00e1ci a z\u016fstali a\u017e do podzimu. <\/p>\n\n\n\n<p><em>Pozn\u00e1mka na z\u00e1v\u011br: Tento \u010dl\u00e1nek vznikl ji\u017e na ja\u0159e, av\u0161ak jsme s Forestem nena\u0161li spole\u010dn\u00fd \u010das jej publikovat, a tak se &#8222;na\u0161e pos\u00e1dka z dod\u00e1vky&#8220; mezit\u00edm p\u0159esunula do Norska. Tak\u017ee pokud v\u00e1s zaj\u00edm\u00e1, zda se Forest, Samuel a Barbora nakonec do Maroka pod\u00edvali a kam d\u00e1l vedla jejich cesta, sledujte m\u011b. Ur\u010dit\u011b bude dal\u0161\u00ed pokra\u010dov\u00e1n\u00ed tohoto jejich p\u0159\u00edb\u011bhu tady na all4camper vyd\u00e1no. <\/em><\/p>\n\n\n\n<blockquote class=\"wp-block-quote is-layout-flow wp-block-quote-is-layout-flow\"><p><strong>ALE!!!!<\/strong> <strong>Pokud se chcete dozv\u011bd\u011bt v\u00edc o tom, jak prob\u00edhala cel\u00e1 p\u0159estavba a jak\u00e9 peripetie a radosti na cest\u011b za\u017e\u00edv\u00e1me, sledujte n\u00e1s na <\/strong><a rel=\"noreferrer noopener\" aria-label=\" (opens in a new tab)\" href=\"https:\/\/facebook.com\/zivotvdodavce\/\" target=\"_blank\"><strong>Facebooku<\/strong><\/a><strong>, <\/strong><a rel=\"noreferrer noopener\" aria-label=\" (opens in a new tab)\" href=\"https:\/\/instagram.com\/zivotvdodavce\/\" target=\"_blank\"><strong>Instagramu<\/strong><\/a><strong> a <\/strong><a rel=\"noreferrer noopener\" aria-label=\" (opens in a new tab)\" href=\"https:\/\/youtube.com\/zivotvdodavce\" target=\"_blank\"><strong>Youtube pod n\u00e1zvem \u017divot v\u00a0dod\u00e1vce<\/strong><\/a><strong>, r\u00e1di se s\u00a0V\u00e1mi o sv\u00e9 z\u00e1\u017eitky pod\u011bl\u00edme.<\/strong><\/p><\/blockquote>\n\n\n\n<ul class=\"wp-block-gallery columns-2 is-cropped wp-block-gallery-2 is-layout-flex wp-block-gallery-is-layout-flex\"><li class=\"blocks-gallery-item\"><figure><img loading=\"lazy\" decoding=\"async\" width=\"1080\" height=\"1080\" src=\"https:\/\/all4camper.com\/\/wp-content\/uploads\/2019\/08\/DSC_0020-1-2-1080x1080.jpg\" alt=\"\" data-id=\"81183\" data-link=\"https:\/\/all4camper.com\/\/?attachment_id=81183\" class=\"wp-image-81183\" srcset=\"https:\/\/all4camper.com\/wp-content\/uploads\/2019\/08\/DSC_0020-1-2-1080x1080.jpg 1080w, https:\/\/all4camper.com\/wp-content\/uploads\/2019\/08\/DSC_0020-1-2-150x150.jpg 150w, https:\/\/all4camper.com\/wp-content\/uploads\/2019\/08\/DSC_0020-1-2-300x300.jpg 300w, https:\/\/all4camper.com\/wp-content\/uploads\/2019\/08\/DSC_0020-1-2-768x768.jpg 768w, https:\/\/all4camper.com\/wp-content\/uploads\/2019\/08\/DSC_0020-1-2-1536x1536.jpg 1536w, https:\/\/all4camper.com\/wp-content\/uploads\/2019\/08\/DSC_0020-1-2.jpg 1600w\" sizes=\"auto, (max-width: 1080px) 100vw, 1080px\" \/><\/figure><\/li><li class=\"blocks-gallery-item\"><figure><img loading=\"lazy\" decoding=\"async\" width=\"1600\" height=\"1060\" src=\"https:\/\/all4camper.com\/\/wp-content\/uploads\/2019\/08\/DSC_0105-1.jpg\" alt=\"\" data-id=\"81184\" data-link=\"https:\/\/all4camper.com\/\/?attachment_id=81184\" class=\"wp-image-81184\" srcset=\"https:\/\/all4camper.com\/wp-content\/uploads\/2019\/08\/DSC_0105-1.jpg 1600w, https:\/\/all4camper.com\/wp-content\/uploads\/2019\/08\/DSC_0105-1-150x99.jpg 150w, https:\/\/all4camper.com\/wp-content\/uploads\/2019\/08\/DSC_0105-1-300x199.jpg 300w, https:\/\/all4camper.com\/wp-content\/uploads\/2019\/08\/DSC_0105-1-768x509.jpg 768w, https:\/\/all4camper.com\/wp-content\/uploads\/2019\/08\/DSC_0105-1-1536x1018.jpg 1536w\" sizes=\"auto, (max-width: 1600px) 100vw, 1600px\" \/><\/figure><\/li><li class=\"blocks-gallery-item\"><figure><img loading=\"lazy\" decoding=\"async\" width=\"1080\" height=\"1080\" src=\"https:\/\/all4camper.com\/\/wp-content\/uploads\/2019\/08\/DSC_0137-1-1080x1080.jpg\" alt=\"\" data-id=\"81186\" data-link=\"https:\/\/all4camper.com\/\/?attachment_id=81186\" class=\"wp-image-81186\" srcset=\"https:\/\/all4camper.com\/wp-content\/uploads\/2019\/08\/DSC_0137-1-1080x1080.jpg 1080w, https:\/\/all4camper.com\/wp-content\/uploads\/2019\/08\/DSC_0137-1-150x150.jpg 150w, https:\/\/all4camper.com\/wp-content\/uploads\/2019\/08\/DSC_0137-1-300x300.jpg 300w, https:\/\/all4camper.com\/wp-content\/uploads\/2019\/08\/DSC_0137-1-768x768.jpg 768w, https:\/\/all4camper.com\/wp-content\/uploads\/2019\/08\/DSC_0137-1-1536x1536.jpg 1536w, https:\/\/all4camper.com\/wp-content\/uploads\/2019\/08\/DSC_0137-1.jpg 1600w\" sizes=\"auto, (max-width: 1080px) 100vw, 1080px\" \/><\/figure><\/li><li class=\"blocks-gallery-item\"><figure><img loading=\"lazy\" decoding=\"async\" width=\"1600\" height=\"1060\" src=\"https:\/\/all4camper.com\/\/wp-content\/uploads\/2019\/08\/DSC_0169-1.jpg\" alt=\"\" data-id=\"81187\" data-link=\"https:\/\/all4camper.com\/\/?attachment_id=81187\" class=\"wp-image-81187\" srcset=\"https:\/\/all4camper.com\/wp-content\/uploads\/2019\/08\/DSC_0169-1.jpg 1600w, https:\/\/all4camper.com\/wp-content\/uploads\/2019\/08\/DSC_0169-1-150x99.jpg 150w, https:\/\/all4camper.com\/wp-content\/uploads\/2019\/08\/DSC_0169-1-300x199.jpg 300w, https:\/\/all4camper.com\/wp-content\/uploads\/2019\/08\/DSC_0169-1-768x509.jpg 768w, https:\/\/all4camper.com\/wp-content\/uploads\/2019\/08\/DSC_0169-1-1536x1018.jpg 1536w\" sizes=\"auto, (max-width: 1600px) 100vw, 1600px\" \/><\/figure><\/li><li class=\"blocks-gallery-item\"><figure><img loading=\"lazy\" decoding=\"async\" width=\"1600\" height=\"1060\" src=\"https:\/\/all4camper.com\/\/wp-content\/uploads\/2019\/08\/DSC_0455-2.jpg\" alt=\"\" data-id=\"81188\" data-link=\"https:\/\/all4camper.com\/\/?attachment_id=81188\" class=\"wp-image-81188\" srcset=\"https:\/\/all4camper.com\/wp-content\/uploads\/2019\/08\/DSC_0455-2.jpg 1600w, https:\/\/all4camper.com\/wp-content\/uploads\/2019\/08\/DSC_0455-2-150x99.jpg 150w, https:\/\/all4camper.com\/wp-content\/uploads\/2019\/08\/DSC_0455-2-300x199.jpg 300w, https:\/\/all4camper.com\/wp-content\/uploads\/2019\/08\/DSC_0455-2-768x509.jpg 768w, https:\/\/all4camper.com\/wp-content\/uploads\/2019\/08\/DSC_0455-2-1536x1018.jpg 1536w\" sizes=\"auto, (max-width: 1600px) 100vw, 1600px\" \/><\/figure><\/li><li class=\"blocks-gallery-item\"><figure><img loading=\"lazy\" decoding=\"async\" width=\"1600\" height=\"1060\" src=\"https:\/\/all4camper.com\/\/wp-content\/uploads\/2019\/08\/slouceni-1.jpg\" alt=\"\" data-id=\"81189\" data-link=\"https:\/\/all4camper.com\/\/?attachment_id=81189\" class=\"wp-image-81189\" srcset=\"https:\/\/all4camper.com\/wp-content\/uploads\/2019\/08\/slouceni-1.jpg 1600w, https:\/\/all4camper.com\/wp-content\/uploads\/2019\/08\/slouceni-1-300x199.jpg 300w, https:\/\/all4camper.com\/wp-content\/uploads\/2019\/08\/slouceni-1-150x99.jpg 150w, https:\/\/all4camper.com\/wp-content\/uploads\/2019\/08\/slouceni-1-768x509.jpg 768w, https:\/\/all4camper.com\/wp-content\/uploads\/2019\/08\/slouceni-1-1536x1018.jpg 1536w\" sizes=\"auto, (max-width: 1600px) 100vw, 1600px\" \/><\/figure><\/li><\/ul>\n","protected":false},"excerpt":{"rendered":"<p>U\u017e je to v\u00edce ne\u017e rok, kdy jsme po zdlouhav\u00e9m hled\u00e1n\u00ed koupili ojetou dod\u00e1vku Fiat Ducato &#8211; n\u00e1\u0161 budouc\u00ed domov na kolech. Dodynka, jak j\u00ed \u0159\u00edk\u00e1me, je dvacetilet\u00e1 d\u00e1ma, za ta l\u00e9ta ji\u017e lehce prohnil\u00e1, ov\u0161em spolehliv\u00e1 a pro n\u00e1s t\u0159i rozm\u011brov\u011b ide\u00e1ln\u00ed. Jo a &#8222;my&#8220;, to jsme Barbora, Forest a n\u00e1\u0161 pes Samuel. C\u00edl [&hellip;]<\/p>\n","protected":false},"author":27,"featured_media":81195,"comment_status":"closed","ping_status":"open","sticky":false,"template":"","format":"standard","meta":{"_monsterinsights_skip_tracking":false,"_monsterinsights_sitenote_active":false,"_monsterinsights_sitenote_note":"","_monsterinsights_sitenote_category":0,"footnotes":""},"categories":[368],"tags":[110],"class_list":{"0":"post-81169","1":"post","2":"type-post","3":"status-publish","4":"format-standard","5":"has-post-thumbnail","7":"category-magazin_all4camper","8":"tag-cestopis"},"yoast_head":"<!-- This site is optimized with the Yoast SEO plugin v27.5 - https:\/\/yoast.com\/product\/yoast-seo-wordpress\/ -->\n<title>\u017divot v dod\u00e1vce aneb jak to v\u0161e za\u010dalo a co n\u00e1m to dalo - All4Camper<\/title>\n<meta name=\"description\" content=\"All4Camper - \u017divot v dod\u00e1vce aneb jak to v\u0161e za\u010dalo a co n\u00e1m to dalo\" \/>\n<meta name=\"robots\" content=\"index, follow, max-snippet:-1, max-image-preview:large, max-video-preview:-1\" \/>\n<link rel=\"canonical\" href=\"https:\/\/all4camper.com\/cs\/zivot-v-dodavce-aneb-jak-to-vse-zacalo-a-co-nam-to-dalo\/\" \/>\n<meta property=\"og:locale\" content=\"cs_CZ\" \/>\n<meta property=\"og:type\" content=\"article\" \/>\n<meta property=\"og:title\" content=\"\u017divot v dod\u00e1vce aneb jak to v\u0161e za\u010dalo a co n\u00e1m to dalo - All4Camper\" \/>\n<meta property=\"og:description\" content=\"All4Camper - \u017divot v dod\u00e1vce aneb jak to v\u0161e za\u010dalo a co n\u00e1m to dalo\" \/>\n<meta property=\"og:url\" content=\"https:\/\/all4camper.com\/cs\/zivot-v-dodavce-aneb-jak-to-vse-zacalo-a-co-nam-to-dalo\/\" \/>\n<meta property=\"og:site_name\" content=\"All4Camper\" \/>\n<meta property=\"article:published_time\" content=\"2019-08-29T16:50:22+00:00\" \/>\n<meta property=\"article:modified_time\" content=\"2019-12-15T13:34:56+00:00\" \/>\n<meta property=\"og:image\" content=\"https:\/\/all4camper.com\/wp-content\/uploads\/2019\/08\/cropped-DSC_0055-1-3.jpg\" \/>\n\t<meta property=\"og:image:width\" content=\"2560\" \/>\n\t<meta property=\"og:image:height\" content=\"1443\" \/>\n\t<meta property=\"og:image:type\" content=\"image\/jpeg\" \/>\n<meta name=\"author\" content=\"Od na\u0161ich \u010dten\u00e1\u0159\u016f\" \/>\n<meta name=\"twitter:card\" content=\"summary_large_image\" \/>\n<meta name=\"twitter:label1\" content=\"Napsal(a)\" \/>\n\t<meta name=\"twitter:data1\" content=\"Od na\u0161ich \u010dten\u00e1\u0159\u016f\" \/>\n\t<meta name=\"twitter:label2\" content=\"Odhadovan\u00e1 doba \u010dten\u00ed\" \/>\n\t<meta name=\"twitter:data2\" content=\"11 minut\" \/>\n<script type=\"application\/ld+json\" class=\"yoast-schema-graph\">{\"@context\":\"https:\\\/\\\/schema.org\",\"@graph\":[{\"@type\":\"Article\",\"@id\":\"https:\\\/\\\/all4camper.com\\\/cs\\\/zivot-v-dodavce-aneb-jak-to-vse-zacalo-a-co-nam-to-dalo\\\/#article\",\"isPartOf\":{\"@id\":\"https:\\\/\\\/all4camper.com\\\/cs\\\/zivot-v-dodavce-aneb-jak-to-vse-zacalo-a-co-nam-to-dalo\\\/\"},\"author\":{\"name\":\"Od na\u0161ich \u010dten\u00e1\u0159\u016f\",\"@id\":\"https:\\\/\\\/all4camper.com\\\/cs\\\/#\\\/schema\\\/person\\\/6e44acf123c404fdffce72310b6e0f1c\"},\"headline\":\"\u017divot v dod\u00e1vce aneb jak to v\u0161e za\u010dalo a co n\u00e1m to dalo\",\"datePublished\":\"2019-08-29T16:50:22+00:00\",\"dateModified\":\"2019-12-15T13:34:56+00:00\",\"mainEntityOfPage\":{\"@id\":\"https:\\\/\\\/all4camper.com\\\/cs\\\/zivot-v-dodavce-aneb-jak-to-vse-zacalo-a-co-nam-to-dalo\\\/\"},\"wordCount\":2186,\"publisher\":{\"@id\":\"https:\\\/\\\/all4camper.com\\\/cs\\\/#organization\"},\"image\":{\"@id\":\"https:\\\/\\\/all4camper.com\\\/cs\\\/zivot-v-dodavce-aneb-jak-to-vse-zacalo-a-co-nam-to-dalo\\\/#primaryimage\"},\"thumbnailUrl\":\"https:\\\/\\\/all4camper.com\\\/wp-content\\\/uploads\\\/2019\\\/08\\\/cropped-DSC_0055-1-3.jpg\",\"keywords\":[\"Cestopis\"],\"articleSection\":[\"\u010cten\u00ed na cesty\"],\"inLanguage\":\"cs\"},{\"@type\":\"WebPage\",\"@id\":\"https:\\\/\\\/all4camper.com\\\/cs\\\/zivot-v-dodavce-aneb-jak-to-vse-zacalo-a-co-nam-to-dalo\\\/\",\"url\":\"https:\\\/\\\/all4camper.com\\\/cs\\\/zivot-v-dodavce-aneb-jak-to-vse-zacalo-a-co-nam-to-dalo\\\/\",\"name\":\"\u017divot v dod\u00e1vce aneb jak to v\u0161e za\u010dalo a co n\u00e1m to dalo - All4Camper\",\"isPartOf\":{\"@id\":\"https:\\\/\\\/all4camper.com\\\/cs\\\/#website\"},\"primaryImageOfPage\":{\"@id\":\"https:\\\/\\\/all4camper.com\\\/cs\\\/zivot-v-dodavce-aneb-jak-to-vse-zacalo-a-co-nam-to-dalo\\\/#primaryimage\"},\"image\":{\"@id\":\"https:\\\/\\\/all4camper.com\\\/cs\\\/zivot-v-dodavce-aneb-jak-to-vse-zacalo-a-co-nam-to-dalo\\\/#primaryimage\"},\"thumbnailUrl\":\"https:\\\/\\\/all4camper.com\\\/wp-content\\\/uploads\\\/2019\\\/08\\\/cropped-DSC_0055-1-3.jpg\",\"datePublished\":\"2019-08-29T16:50:22+00:00\",\"dateModified\":\"2019-12-15T13:34:56+00:00\",\"description\":\"All4Camper - \u017divot v dod\u00e1vce aneb jak to v\u0161e za\u010dalo a co n\u00e1m to dalo\",\"breadcrumb\":{\"@id\":\"https:\\\/\\\/all4camper.com\\\/cs\\\/zivot-v-dodavce-aneb-jak-to-vse-zacalo-a-co-nam-to-dalo\\\/#breadcrumb\"},\"inLanguage\":\"cs\",\"potentialAction\":[{\"@type\":\"ReadAction\",\"target\":[\"https:\\\/\\\/all4camper.com\\\/cs\\\/zivot-v-dodavce-aneb-jak-to-vse-zacalo-a-co-nam-to-dalo\\\/\"]}]},{\"@type\":\"ImageObject\",\"inLanguage\":\"cs\",\"@id\":\"https:\\\/\\\/all4camper.com\\\/cs\\\/zivot-v-dodavce-aneb-jak-to-vse-zacalo-a-co-nam-to-dalo\\\/#primaryimage\",\"url\":\"https:\\\/\\\/all4camper.com\\\/wp-content\\\/uploads\\\/2019\\\/08\\\/cropped-DSC_0055-1-3.jpg\",\"contentUrl\":\"https:\\\/\\\/all4camper.com\\\/wp-content\\\/uploads\\\/2019\\\/08\\\/cropped-DSC_0055-1-3.jpg\",\"width\":2560,\"height\":1443},{\"@type\":\"BreadcrumbList\",\"@id\":\"https:\\\/\\\/all4camper.com\\\/cs\\\/zivot-v-dodavce-aneb-jak-to-vse-zacalo-a-co-nam-to-dalo\\\/#breadcrumb\",\"itemListElement\":[{\"@type\":\"ListItem\",\"position\":1,\"name\":\"Dom\u016f\",\"item\":\"https:\\\/\\\/all4camper.com\\\/cs\\\/\"},{\"@type\":\"ListItem\",\"position\":2,\"name\":\"\u010cten\u00ed na cesty\",\"item\":\"https:\\\/\\\/all4camper.com\\\/cs\\\/category\\\/magazin_all4camper\\\/\"},{\"@type\":\"ListItem\",\"position\":3,\"name\":\"\u017divot v dod\u00e1vce aneb jak to v\u0161e za\u010dalo a co n\u00e1m to dalo\"}]},{\"@type\":\"WebSite\",\"@id\":\"https:\\\/\\\/all4camper.com\\\/cs\\\/#website\",\"url\":\"https:\\\/\\\/all4camper.com\\\/cs\\\/\",\"name\":\"All4Camper\",\"description\":\"Nejv\u011bt\u0161\u00ed online magaz\u00edn o kempov\u00e1n\u00ed a karavaninku. V\u00edce jak 900 \u010dl\u00e1nk\u016f pln\u00fdch rad a tip\u016f o kempech a kempov\u00e1n\u00ed.\",\"publisher\":{\"@id\":\"https:\\\/\\\/all4camper.com\\\/cs\\\/#organization\"},\"potentialAction\":[{\"@type\":\"SearchAction\",\"target\":{\"@type\":\"EntryPoint\",\"urlTemplate\":\"https:\\\/\\\/all4camper.com\\\/cs\\\/?s={search_term_string}\"},\"query-input\":{\"@type\":\"PropertyValueSpecification\",\"valueRequired\":true,\"valueName\":\"search_term_string\"}}],\"inLanguage\":\"cs\"},{\"@type\":\"Organization\",\"@id\":\"https:\\\/\\\/all4camper.com\\\/cs\\\/#organization\",\"name\":\"All4Camper - kempujeme s Kl\u00e1rou\",\"url\":\"https:\\\/\\\/all4camper.com\\\/cs\\\/\",\"logo\":{\"@type\":\"ImageObject\",\"inLanguage\":\"cs\",\"@id\":\"https:\\\/\\\/all4camper.com\\\/cs\\\/#\\\/schema\\\/logo\\\/image\\\/\",\"url\":\"https:\\\/\\\/all4camper.com\\\/wp-content\\\/uploads\\\/2018\\\/09\\\/novelogo.png\",\"contentUrl\":\"https:\\\/\\\/all4camper.com\\\/wp-content\\\/uploads\\\/2018\\\/09\\\/novelogo.png\",\"width\":1520,\"height\":600,\"caption\":\"All4Camper - kempujeme s Kl\u00e1rou\"},\"image\":{\"@id\":\"https:\\\/\\\/all4camper.com\\\/cs\\\/#\\\/schema\\\/logo\\\/image\\\/\"}},{\"@type\":\"Person\",\"@id\":\"https:\\\/\\\/all4camper.com\\\/cs\\\/#\\\/schema\\\/person\\\/6e44acf123c404fdffce72310b6e0f1c\",\"name\":\"Od na\u0161ich \u010dten\u00e1\u0159\u016f\",\"url\":\"https:\\\/\\\/all4camper.com\\\/cs\\\/author\\\/od-nasich-ctenaru\\\/\"}]}<\/script>\n<!-- \/ Yoast SEO plugin. -->","yoast_head_json":{"title":"\u017divot v dod\u00e1vce aneb jak to v\u0161e za\u010dalo a co n\u00e1m to dalo - All4Camper","description":"All4Camper - \u017divot v dod\u00e1vce aneb jak to v\u0161e za\u010dalo a co n\u00e1m to dalo","robots":{"index":"index","follow":"follow","max-snippet":"max-snippet:-1","max-image-preview":"max-image-preview:large","max-video-preview":"max-video-preview:-1"},"canonical":"https:\/\/all4camper.com\/cs\/zivot-v-dodavce-aneb-jak-to-vse-zacalo-a-co-nam-to-dalo\/","og_locale":"cs_CZ","og_type":"article","og_title":"\u017divot v dod\u00e1vce aneb jak to v\u0161e za\u010dalo a co n\u00e1m to dalo - All4Camper","og_description":"All4Camper - \u017divot v dod\u00e1vce aneb jak to v\u0161e za\u010dalo a co n\u00e1m to dalo","og_url":"https:\/\/all4camper.com\/cs\/zivot-v-dodavce-aneb-jak-to-vse-zacalo-a-co-nam-to-dalo\/","og_site_name":"All4Camper","article_published_time":"2019-08-29T16:50:22+00:00","article_modified_time":"2019-12-15T13:34:56+00:00","og_image":[{"width":2560,"height":1443,"url":"https:\/\/all4camper.com\/wp-content\/uploads\/2019\/08\/cropped-DSC_0055-1-3.jpg","type":"image\/jpeg"}],"author":"Od na\u0161ich \u010dten\u00e1\u0159\u016f","twitter_card":"summary_large_image","twitter_misc":{"Napsal(a)":"Od na\u0161ich \u010dten\u00e1\u0159\u016f","Odhadovan\u00e1 doba \u010dten\u00ed":"11 minut"},"schema":{"@context":"https:\/\/schema.org","@graph":[{"@type":"Article","@id":"https:\/\/all4camper.com\/cs\/zivot-v-dodavce-aneb-jak-to-vse-zacalo-a-co-nam-to-dalo\/#article","isPartOf":{"@id":"https:\/\/all4camper.com\/cs\/zivot-v-dodavce-aneb-jak-to-vse-zacalo-a-co-nam-to-dalo\/"},"author":{"name":"Od na\u0161ich \u010dten\u00e1\u0159\u016f","@id":"https:\/\/all4camper.com\/cs\/#\/schema\/person\/6e44acf123c404fdffce72310b6e0f1c"},"headline":"\u017divot v dod\u00e1vce aneb jak to v\u0161e za\u010dalo a co n\u00e1m to dalo","datePublished":"2019-08-29T16:50:22+00:00","dateModified":"2019-12-15T13:34:56+00:00","mainEntityOfPage":{"@id":"https:\/\/all4camper.com\/cs\/zivot-v-dodavce-aneb-jak-to-vse-zacalo-a-co-nam-to-dalo\/"},"wordCount":2186,"publisher":{"@id":"https:\/\/all4camper.com\/cs\/#organization"},"image":{"@id":"https:\/\/all4camper.com\/cs\/zivot-v-dodavce-aneb-jak-to-vse-zacalo-a-co-nam-to-dalo\/#primaryimage"},"thumbnailUrl":"https:\/\/all4camper.com\/wp-content\/uploads\/2019\/08\/cropped-DSC_0055-1-3.jpg","keywords":["Cestopis"],"articleSection":["\u010cten\u00ed na cesty"],"inLanguage":"cs"},{"@type":"WebPage","@id":"https:\/\/all4camper.com\/cs\/zivot-v-dodavce-aneb-jak-to-vse-zacalo-a-co-nam-to-dalo\/","url":"https:\/\/all4camper.com\/cs\/zivot-v-dodavce-aneb-jak-to-vse-zacalo-a-co-nam-to-dalo\/","name":"\u017divot v dod\u00e1vce aneb jak to v\u0161e za\u010dalo a co n\u00e1m to dalo - All4Camper","isPartOf":{"@id":"https:\/\/all4camper.com\/cs\/#website"},"primaryImageOfPage":{"@id":"https:\/\/all4camper.com\/cs\/zivot-v-dodavce-aneb-jak-to-vse-zacalo-a-co-nam-to-dalo\/#primaryimage"},"image":{"@id":"https:\/\/all4camper.com\/cs\/zivot-v-dodavce-aneb-jak-to-vse-zacalo-a-co-nam-to-dalo\/#primaryimage"},"thumbnailUrl":"https:\/\/all4camper.com\/wp-content\/uploads\/2019\/08\/cropped-DSC_0055-1-3.jpg","datePublished":"2019-08-29T16:50:22+00:00","dateModified":"2019-12-15T13:34:56+00:00","description":"All4Camper - \u017divot v dod\u00e1vce aneb jak to v\u0161e za\u010dalo a co n\u00e1m to dalo","breadcrumb":{"@id":"https:\/\/all4camper.com\/cs\/zivot-v-dodavce-aneb-jak-to-vse-zacalo-a-co-nam-to-dalo\/#breadcrumb"},"inLanguage":"cs","potentialAction":[{"@type":"ReadAction","target":["https:\/\/all4camper.com\/cs\/zivot-v-dodavce-aneb-jak-to-vse-zacalo-a-co-nam-to-dalo\/"]}]},{"@type":"ImageObject","inLanguage":"cs","@id":"https:\/\/all4camper.com\/cs\/zivot-v-dodavce-aneb-jak-to-vse-zacalo-a-co-nam-to-dalo\/#primaryimage","url":"https:\/\/all4camper.com\/wp-content\/uploads\/2019\/08\/cropped-DSC_0055-1-3.jpg","contentUrl":"https:\/\/all4camper.com\/wp-content\/uploads\/2019\/08\/cropped-DSC_0055-1-3.jpg","width":2560,"height":1443},{"@type":"BreadcrumbList","@id":"https:\/\/all4camper.com\/cs\/zivot-v-dodavce-aneb-jak-to-vse-zacalo-a-co-nam-to-dalo\/#breadcrumb","itemListElement":[{"@type":"ListItem","position":1,"name":"Dom\u016f","item":"https:\/\/all4camper.com\/cs\/"},{"@type":"ListItem","position":2,"name":"\u010cten\u00ed na cesty","item":"https:\/\/all4camper.com\/cs\/category\/magazin_all4camper\/"},{"@type":"ListItem","position":3,"name":"\u017divot v dod\u00e1vce aneb jak to v\u0161e za\u010dalo a co n\u00e1m to dalo"}]},{"@type":"WebSite","@id":"https:\/\/all4camper.com\/cs\/#website","url":"https:\/\/all4camper.com\/cs\/","name":"All4Camper","description":"Nejv\u011bt\u0161\u00ed online magaz\u00edn o kempov\u00e1n\u00ed a karavaninku. V\u00edce jak 900 \u010dl\u00e1nk\u016f pln\u00fdch rad a tip\u016f o kempech a kempov\u00e1n\u00ed.","publisher":{"@id":"https:\/\/all4camper.com\/cs\/#organization"},"potentialAction":[{"@type":"SearchAction","target":{"@type":"EntryPoint","urlTemplate":"https:\/\/all4camper.com\/cs\/?s={search_term_string}"},"query-input":{"@type":"PropertyValueSpecification","valueRequired":true,"valueName":"search_term_string"}}],"inLanguage":"cs"},{"@type":"Organization","@id":"https:\/\/all4camper.com\/cs\/#organization","name":"All4Camper - kempujeme s Kl\u00e1rou","url":"https:\/\/all4camper.com\/cs\/","logo":{"@type":"ImageObject","inLanguage":"cs","@id":"https:\/\/all4camper.com\/cs\/#\/schema\/logo\/image\/","url":"https:\/\/all4camper.com\/wp-content\/uploads\/2018\/09\/novelogo.png","contentUrl":"https:\/\/all4camper.com\/wp-content\/uploads\/2018\/09\/novelogo.png","width":1520,"height":600,"caption":"All4Camper - kempujeme s Kl\u00e1rou"},"image":{"@id":"https:\/\/all4camper.com\/cs\/#\/schema\/logo\/image\/"}},{"@type":"Person","@id":"https:\/\/all4camper.com\/cs\/#\/schema\/person\/6e44acf123c404fdffce72310b6e0f1c","name":"Od na\u0161ich \u010dten\u00e1\u0159\u016f","url":"https:\/\/all4camper.com\/cs\/author\/od-nasich-ctenaru\/"}]}},"_links":{"self":[{"href":"https:\/\/all4camper.com\/cs\/wp-json\/wp\/v2\/posts\/81169","targetHints":{"allow":["GET"]}}],"collection":[{"href":"https:\/\/all4camper.com\/cs\/wp-json\/wp\/v2\/posts"}],"about":[{"href":"https:\/\/all4camper.com\/cs\/wp-json\/wp\/v2\/types\/post"}],"author":[{"embeddable":true,"href":"https:\/\/all4camper.com\/cs\/wp-json\/wp\/v2\/users\/27"}],"replies":[{"embeddable":true,"href":"https:\/\/all4camper.com\/cs\/wp-json\/wp\/v2\/comments?post=81169"}],"version-history":[{"count":0,"href":"https:\/\/all4camper.com\/cs\/wp-json\/wp\/v2\/posts\/81169\/revisions"}],"wp:featuredmedia":[{"embeddable":true,"href":"https:\/\/all4camper.com\/cs\/wp-json\/wp\/v2\/media\/81195"}],"wp:attachment":[{"href":"https:\/\/all4camper.com\/cs\/wp-json\/wp\/v2\/media?parent=81169"}],"wp:term":[{"taxonomy":"category","embeddable":true,"href":"https:\/\/all4camper.com\/cs\/wp-json\/wp\/v2\/categories?post=81169"},{"taxonomy":"post_tag","embeddable":true,"href":"https:\/\/all4camper.com\/cs\/wp-json\/wp\/v2\/tags?post=81169"}],"curies":[{"name":"wp","href":"https:\/\/api.w.org\/{rel}","templated":true}]}}