{"id":80929,"date":"2019-08-19T10:57:15","date_gmt":"2019-08-19T08:57:15","guid":{"rendered":"https:\/\/all4camper.com\/\/?p=80929"},"modified":"2019-09-19T14:01:43","modified_gmt":"2019-09-19T12:01:43","slug":"atovlakem-do-stredomori-v-rakousku-jezero-worthersee","status":"publish","type":"post","link":"https:\/\/all4camper.com\/cs\/atovlakem-do-stredomori-v-rakousku-jezero-worthersee\/","title":{"rendered":"Autovlakem do St\u0159edomo\u0159\u00ed v\u00a0Rakousku \u2013 jezero W\u00f6rthersee"},"content":{"rendered":"\n<p>K\u00a0Vrbsk\u00e9mu jezeru jsem se dostala n\u00e1hodou. Ano, takhle zvl\u00e1\u0161tn\u011b se opravdu \u010desky W\u00f6rthersee jmenuje, ale j\u00e1 p\u0159ece jen asi z\u016fstanu u alternativy v\u00a0n\u011bm\u010din\u011b. <\/p>\n\n\n\n<figure class=\"wp-block-image\"><img loading=\"lazy\" decoding=\"async\" width=\"1625\" height=\"1080\" src=\"https:\/\/all4camper.com\/\/wp-content\/uploads\/2019\/08\/Lode\u030c-na-Wo\u0308thersee-1625x1080.jpg\" alt=\"\" class=\"wp-image-80930\" srcset=\"https:\/\/all4camper.com\/wp-content\/uploads\/2019\/08\/Lode\u030c-na-Wo\u0308thersee-1625x1080.jpg 1625w, https:\/\/all4camper.com\/wp-content\/uploads\/2019\/08\/Lode\u030c-na-Wo\u0308thersee-300x199.jpg 300w, https:\/\/all4camper.com\/wp-content\/uploads\/2019\/08\/Lode\u030c-na-Wo\u0308thersee-150x100.jpg 150w, https:\/\/all4camper.com\/wp-content\/uploads\/2019\/08\/Lode\u030c-na-Wo\u0308thersee-768x510.jpg 768w, https:\/\/all4camper.com\/wp-content\/uploads\/2019\/08\/Lode\u030c-na-Wo\u0308thersee-1536x1021.jpg 1536w, https:\/\/all4camper.com\/wp-content\/uploads\/2019\/08\/Lode\u030c-na-Wo\u0308thersee.jpg 1920w\" sizes=\"auto, (max-width: 1625px) 100vw, 1625px\" \/><\/figure>\n\n\n\n<h3 class=\"wp-block-heading\">Ne\u010dekan\u00e1 j\u00edzda autovlakem<\/h3>\n\n\n\n<p>V\u00a0t\u00e9 dob\u011b, je\u0161t\u011b bez navigace a internetu v\u00a0mobilu, jsem na map\u011b vybrala zd\u00e1nliv\u011b nejkrat\u0161\u00ed cestu. P\u00ed\u0161i zd\u00e1nliv\u011b, proto\u017ee to, co jsem si \u0159\u00edkala, \u017ee bude t\u0159eba pr\u016fjezd tunelem, p\u0159\u00edpadn\u011b placen\u00e1 cesta n\u00e1rodn\u00edm parkem, byl ve skute\u010dnosti <strong>autovlak v\u00a0Bad Gasteinu<\/strong>. A pr\u00e1v\u011b tento autovlak bych v\u00e1m r\u00e1da doporu\u010dila. Stoprocentn\u011b je to velk\u00fd z\u00e1\u017eitek pro d\u011bti, ale i my, dosp\u011bl\u00ed, jsme z\u00a0toho byli dost nad\u0161en\u00ed. Nav\u00edc takhle cesta nen\u00ed dlouh\u00e1 a ve v\u00fdsledku ani tak drah\u00e1 (v\u0161echny pot\u0159ebn\u00e9 informace k t\u00e9to j\u00edzd\u011b najdete <a rel=\"noreferrer noopener\" aria-label=\"zde (opens in a new tab)\" href=\"https:\/\/www.oebb.at\/de\/regionale-angebote\/kaernten\/autoschleuse-tauernbahn.html\" target=\"_blank\"><strong>zde<\/strong><\/a>). Skv\u011blou zpr\u00e1vou je i to, \u017ee na vlak v\u00e1m nalo\u017e\u00ed i obyt\u0148\u00e1k.  Mysl\u00edm, \u017ee je to pro v\u00e1s perfektn\u00ed tip kdybyste si cht\u011bli cestu zpest\u0159it. Jinak tam samoz\u0159ejm\u011b vede d\u00e1lnice a kdy\u017e se pr\u016fsmyk projede, ocitnete se v\u00a0docela jin\u00e9m sv\u011bte. Alespo\u0148 mn\u011b to tak p\u0159ipadalo.\u00a0<\/p>\n\n\n\n<figure class=\"wp-block-image\"><img loading=\"lazy\" decoding=\"async\" width=\"600\" height=\"435\" src=\"https:\/\/all4camper.com\/\/wp-content\/uploads\/2019\/08\/preprava-aut-po-zeleznici.jpg\" alt=\"\" class=\"wp-image-80931\" srcset=\"https:\/\/all4camper.com\/wp-content\/uploads\/2019\/08\/preprava-aut-po-zeleznici.jpg 600w, https:\/\/all4camper.com\/wp-content\/uploads\/2019\/08\/preprava-aut-po-zeleznici-150x109.jpg 150w, https:\/\/all4camper.com\/wp-content\/uploads\/2019\/08\/preprava-aut-po-zeleznici-300x218.jpg 300w\" sizes=\"auto, (max-width: 600px) 100vw, 600px\" \/><figcaption>zdroj:  <a href=\"http:\/\/www.alpy.net\/ankogel\/prepravaaut.php\" target=\"_blank\" rel=\"noreferrer noopener\" aria-label=\" (opens in a new tab)\">http:\/\/www.alpy.net\/ankogel\/prepravaaut.php<\/a> <\/figcaption><\/figure>\n\n\n\n<h3 class=\"wp-block-heading\"><strong>\u0160\u0165astn\u00e1 poloha se st\u0159edomo\u0159sk\u00fdm klimatem<\/strong><\/h3>\n\n\n\n<p>Pro\u010d? Bylo tam slunce a teplo a co teprve u samotn\u00e9ho W\u00f6rthersee&#8230; Kdo tam byl, jist\u011b mi d\u00e1 za pravdu, \u017ee u tohoto jezera je prost\u011b n\u00e1dhern\u011b. Jezero je jako v\u00a0sev\u0159en\u00fdch dlan\u00edch obklopeno horsk\u00fdmi vrcholky a voda je opravdu b\u00e1je\u010dn\u00e1. D\u00edky podzemn\u00edm pramen\u016fm m\u00edv\u00e1 v\u00a0l\u00e9t\u011b a\u017e 28 stup\u0148\u016f \u2013 a to jezero nen\u00ed \u017e\u00e1dn\u00fd drobe\u010dek. <strong>Jeho d\u00e9lka 16,5 kilometru, \u0161\u00ed\u0159ka 1,7 kilometru a hloubka a\u017e 85,2 metru.<\/strong> Co se mi hodn\u011b l\u00edbilo, to byly dlouh\u00e9 l\u00e1vky ze b\u0159ehu do jezera ukon\u010den\u00e9 schody, za kter\u00fdch postupn\u011b sestoup\u00edte do vodn\u00ed n\u00e1ru\u010de.\u00a0<\/p>\n\n\n\n<figure class=\"wp-block-image\"><img loading=\"lazy\" decoding=\"async\" width=\"1584\" height=\"1080\" src=\"https:\/\/all4camper.com\/\/wp-content\/uploads\/2019\/08\/Schody-do-jezera-1584x1080.jpg\" alt=\"\" class=\"wp-image-80932\" srcset=\"https:\/\/all4camper.com\/wp-content\/uploads\/2019\/08\/Schody-do-jezera-1584x1080.jpg 1584w, https:\/\/all4camper.com\/wp-content\/uploads\/2019\/08\/Schody-do-jezera-300x205.jpg 300w, https:\/\/all4camper.com\/wp-content\/uploads\/2019\/08\/Schody-do-jezera-150x102.jpg 150w, https:\/\/all4camper.com\/wp-content\/uploads\/2019\/08\/Schody-do-jezera-768x524.jpg 768w, https:\/\/all4camper.com\/wp-content\/uploads\/2019\/08\/Schody-do-jezera-1536x1047.jpg 1536w, https:\/\/all4camper.com\/wp-content\/uploads\/2019\/08\/Schody-do-jezera.jpg 1920w\" sizes=\"auto, (max-width: 1584px) 100vw, 1584px\" \/><\/figure>\n\n\n\n<h3 class=\"wp-block-heading\"><strong>Nen\u00ed to jen o koup\u00e1n\u00ed<\/strong><\/h3>\n\n\n\n<p>Jestli n\u011bkde najdete mnoho mo\u017enost\u00ed pro vy\u017eit\u00ed, je to podle m\u011b pr\u00e1v\u011b tady. <strong>Nav\u0161t\u00edvit m\u016f\u017eete t\u0159eba elegantn\u00ed c\u00edsa\u0159sk\u00fd z\u00e1mek ve Veldenu, kter\u00fd byl p\u0159edlohou pro seri\u00e1l Z\u00e1mek na W\u00f6rthersee <\/strong>(zahr\u00e1l si v\u00a0n\u011bm i Vinnetou Pierre Brice). Pro dal\u0161\u00ed informace mrkn\u011bt\u011b <a rel=\"noreferrer noopener\" aria-label=\"sem (opens in a new tab)\" href=\"https:\/\/www.falkensteiner.com\/en\/schlosshotel-velden\" target=\"_blank\">sem<\/a>. <\/p>\n\n\n\n<figure class=\"wp-block-image\"><img loading=\"lazy\" decoding=\"async\" width=\"1440\" height=\"1080\" src=\"https:\/\/all4camper.com\/\/wp-content\/uploads\/2019\/08\/Za\u0301mek-Velden-1440x1080.jpg\" alt=\"\" class=\"wp-image-80933\" srcset=\"https:\/\/all4camper.com\/wp-content\/uploads\/2019\/08\/Za\u0301mek-Velden-1440x1080.jpg 1440w, https:\/\/all4camper.com\/wp-content\/uploads\/2019\/08\/Za\u0301mek-Velden-300x225.jpg 300w, https:\/\/all4camper.com\/wp-content\/uploads\/2019\/08\/Za\u0301mek-Velden-150x113.jpg 150w, https:\/\/all4camper.com\/wp-content\/uploads\/2019\/08\/Za\u0301mek-Velden-768x576.jpg 768w, https:\/\/all4camper.com\/wp-content\/uploads\/2019\/08\/Za\u0301mek-Velden-1536x1152.jpg 1536w, https:\/\/all4camper.com\/wp-content\/uploads\/2019\/08\/Za\u0301mek-Velden-678x509.jpg 678w, https:\/\/all4camper.com\/wp-content\/uploads\/2019\/08\/Za\u0301mek-Velden-326x245.jpg 326w, https:\/\/all4camper.com\/wp-content\/uploads\/2019\/08\/Za\u0301mek-Velden-80x60.jpg 80w, https:\/\/all4camper.com\/wp-content\/uploads\/2019\/08\/Za\u0301mek-Velden.jpg 1920w\" sizes=\"auto, (max-width: 1440px) 100vw, 1440px\" \/><\/figure>\n\n\n\n<p>Tento z\u00e1mek slou\u017e\u00ed i jako hotel. Bohu\u017eel, ceny jsou tu hodn\u011b p\u0159emr\u0161t\u011bn\u00e9&#8230; Ostatn\u011b, to je v\u011bc, kterou bych r\u00e1da zm\u00ednila. Obecn\u011b se toti\u017e o tomto m\u00edst\u011b traduje \u017ee je velmi drah\u00e9, co\u017e je z\u00a0velk\u00e9 \u010d\u00e1sti pravda a je t\u0159eba s t\u00edm po\u010d\u00edtat. Nicm\u00e9n\u011b, kdy\u017e se ubytujete v\u00a0kempu a nebudete trvat na n\u00e1v\u0161t\u011bv\u011b luxusn\u00edch restaurac\u00edch, cenov\u011b to nen\u00ed zas tak hrozn\u00e9.<\/p>\n\n\n\n<p>Z\u00a0p\u0159\u00edstavi\u0161t\u011b pod z\u00e1mkem pak vyj\u00ed\u017ed\u011bj\u00ed lod\u011b na vyhl\u00eddkov\u00e9 plavby. Mimo\u0159\u00e1dn\u011b okouzlen\u00fd t\u00edmto\u00a0m\u00edstem byl i Johannes Brahms, kter\u00fd \u0159ekl: <em>\u201eW\u00f6rthersee je panenskou p\u016fdou, tam melodie poletuj\u00ed, \u017ee si \u010dlov\u011bk mus\u00ed d\u00e1vat pozor, aby \u017e\u00e1dnou neza\u0161l\u00e1pl.\u201c<\/em> Dodnes ho p\u0159ipom\u00edn\u00e1 jeho v\u00fdletn\u00ed domek i ka\u017edoro\u010dn\u00ed hudebn\u00ed festival spojen\u00fd s\u00a0odkazem tohoto legend\u00e1rn\u00edho skladatele. <strong>A \u017ee to tu obecn\u011b na r\u016fzn\u00e9 skladatele p\u016fsob\u00ed dob\u0159e potvrzuje i fakt, \u017ee se sem jezdil inspirovat i Gustav Mahler. Tak\u017ee kdo v\u00ed, t\u0159eba se tak\u00e9 vr\u00e1t\u00edte s\u00a0p\u00edsn\u00ed na rtech.<\/strong>..,<\/p>\n\n\n\n<figure class=\"wp-block-image\"><img loading=\"lazy\" decoding=\"async\" width=\"1620\" height=\"1080\" src=\"https:\/\/all4camper.com\/\/wp-content\/uploads\/2019\/08\/Klagenfurt-1620x1080.jpg\" alt=\"\" class=\"wp-image-80936\" srcset=\"https:\/\/all4camper.com\/wp-content\/uploads\/2019\/08\/Klagenfurt-1620x1080.jpg 1620w, https:\/\/all4camper.com\/wp-content\/uploads\/2019\/08\/Klagenfurt-300x200.jpg 300w, https:\/\/all4camper.com\/wp-content\/uploads\/2019\/08\/Klagenfurt-150x100.jpg 150w, https:\/\/all4camper.com\/wp-content\/uploads\/2019\/08\/Klagenfurt-768x512.jpg 768w, https:\/\/all4camper.com\/wp-content\/uploads\/2019\/08\/Klagenfurt-1536x1024.jpg 1536w, https:\/\/all4camper.com\/wp-content\/uploads\/2019\/08\/Klagenfurt.jpg 1920w\" sizes=\"auto, (max-width: 1620px) 100vw, 1620px\" \/><\/figure>\n\n\n\n<p>&#8230; a nebo se z\u00e1\u017eitkem z\u00a0Maria W\u00f6rth, co\u017e je b\u00edl\u00fd kostel\u00edk na jezern\u00edm v\u00fdb\u011b\u017eku, kter\u00fd b\u00fdv\u00e1 ozna\u010dov\u00e1n jako jedno z\u00a0nejromanti\u010dt\u011bj\u0161\u00edch korutansk\u00fdch m\u00edst. Za v\u00fdlet stoj\u00ed t\u0159eba i z\u00e1mek <a rel=\"noreferrer noopener\" aria-label=\"Rosseg (opens in a new tab)\" href=\"http:\/\/www.rosegg.at\/\" target=\"_blank\">Rosseg<\/a> se zoologickou zahradou a nejv\u011bt\u0161\u00edm zahradn\u00edm\u00a0labyrintem v Rakousku. V\u0161e si pohodln\u011b m\u016f\u017eete prohl\u00e9dnou z\u00a0rozhledny Pyramidenkogel, o kter\u00e9 jsem psala v tomto <a rel=\"noreferrer noopener\" aria-label=\"\u010dl\u00e1nku (opens in a new tab)\" href=\"\/?p=80796\" target=\"_blank\">\u010dl\u00e1nku<\/a>. Pohodov\u00fd z\u00e1\u017eitek si odnesete i z\u00a0n\u00e1v\u0161t\u011bvy parku <a rel=\"noreferrer noopener\" aria-label=\"Minimundus (opens in a new tab)\" href=\"http:\/\/www.minimundus.at\" target=\"_blank\">Minimundus<\/a>, kde uvid\u00edte miniatury zn\u00e1m\u00fdch sv\u011btov\u00fdch staveb. <\/p>\n\n\n\n<p>V r\u00e1mci ubytov\u00e1n\u00ed v\u00e1m s\u00a0nejv\u011bt\u0161\u00ed pravd\u011bpodobnost\u00ed bude nab\u00eddnuta i <a rel=\"noreferrer noopener\" aria-label=\"Korutansk\u00e1 karta (opens in a new tab)\" href=\"http:\/\/www.kaerntencard.at\" target=\"_blank\">Korutansk\u00e1 karta<\/a>, kterou se vyplat\u00ed m\u00edt. Nen\u00ed drah\u00e1 a vstupy do obrovsk\u00e9ho mno\u017estv\u00ed v\u00fdletn\u00edch c\u00edl\u016f m\u00e1te d\u00edky n\u00ed zdarma, p\u0159\u00edpadn\u011b s\u00a0v\u00fdraznou slevou. Dostanete i podrobn\u00fd p\u0159ehled s\u00a0mapkou a opravdu to stoj\u00ed za to!<\/p>\n\n\n\n<h3 class=\"wp-block-heading\">A k<strong>de nab\u00edrat s\u00edly na v\u00fdlety?<\/strong><\/h3>\n\n\n\n<p>Okolo jezera se nach\u00e1z\u00ed n\u011bkolik kemp\u016f. J\u00e1 bych v\u00e1m doporu\u010dila <a rel=\"noreferrer noopener\" aria-label=\"Camping Klagenfurt (opens in a new tab)\" href=\"http:\/\/www.camping-woerthersee.at\" target=\"_blank\">Camping Klagenfurt<\/a>, nebo\u0165 je to z n\u011bj bl\u00edzko jak do m\u011bsta Klagenfurt, tak do Minimundu. Kempuje se v n\u011bm na tr\u00e1v\u011b, pod stromy. Ve\u0161ker\u00fd pot\u0159ebn\u00fd servis je samoz\u0159ejmost\u00ed. Um\u00fdv\u00e1rny jsou \u010dist\u00e9 a koup\u00e1n\u00ed je na placen\u00e9 pl\u00e1\u017ei (vy v\u0161ak m\u00e1te vstup v\u00a0cen\u011b) hned u kempu. V\u00a0are\u00e1lu plov\u00e1rny je pak velk\u00e9 a cenov\u011b p\u0159\u00edjemn\u00e9 bistro a p\u016fj\u010dovna \u0161lapadel \u010di tobogan. Jen p\u0159\u00edli\u0161 nedoporu\u010duji n\u00e1v\u0161t\u011bvu v dob\u011b, kdy tam prob\u00edh\u00e1 Iroman Klagenfurt. <\/p>\n\n\n\n<figure class=\"wp-block-image\"><img loading=\"lazy\" decoding=\"async\" width=\"1200\" height=\"800\" src=\"https:\/\/all4camper.com\/\/wp-content\/uploads\/2019\/08\/kemp-Klagenfurt.jpg\" alt=\"\" class=\"wp-image-80937\" srcset=\"https:\/\/all4camper.com\/wp-content\/uploads\/2019\/08\/kemp-Klagenfurt.jpg 1200w, https:\/\/all4camper.com\/wp-content\/uploads\/2019\/08\/kemp-Klagenfurt-150x100.jpg 150w, https:\/\/all4camper.com\/wp-content\/uploads\/2019\/08\/kemp-Klagenfurt-300x200.jpg 300w, https:\/\/all4camper.com\/wp-content\/uploads\/2019\/08\/kemp-Klagenfurt-768x512.jpg 768w\" sizes=\"auto, (max-width: 1200px) 100vw, 1200px\" \/><\/figure>\n\n\n\n<p><em>Autor: Kate\u0159ina<\/em><\/p>\n","protected":false},"excerpt":{"rendered":"<p>K\u00a0Vrbsk\u00e9mu jezeru jsem se dostala n\u00e1hodou. Ano, takhle zvl\u00e1\u0161tn\u011b se opravdu \u010desky W\u00f6rthersee jmenuje, ale j\u00e1 p\u0159ece jen asi z\u016fstanu u alternativy v\u00a0n\u011bm\u010din\u011b. Ne\u010dekan\u00e1 j\u00edzda autovlakem V\u00a0t\u00e9 dob\u011b, je\u0161t\u011b bez navigace a internetu v\u00a0mobilu, jsem na map\u011b vybrala zd\u00e1nliv\u011b nejkrat\u0161\u00ed cestu. P\u00ed\u0161i zd\u00e1nliv\u011b, proto\u017ee to, co jsem si \u0159\u00edkala, \u017ee bude t\u0159eba pr\u016fjezd tunelem, p\u0159\u00edpadn\u011b [&hellip;]<\/p>\n","protected":false},"author":161,"featured_media":80948,"comment_status":"closed","ping_status":"open","sticky":false,"template":"","format":"standard","meta":{"_monsterinsights_skip_tracking":false,"_monsterinsights_sitenote_active":false,"_monsterinsights_sitenote_note":"","_monsterinsights_sitenote_category":0,"footnotes":""},"categories":[2379,422],"tags":[325,105],"class_list":{"0":"post-80929","1":"post","2":"type-post","3":"status-publish","4":"format-standard","5":"has-post-thumbnail","7":"category-kempujeme-a-cestujeme-v-rakousku","8":"category-novinky-kempovani-a-karavaning","9":"tag-poznavaci-dovolena","10":"tag-rakousko"},"yoast_head":"<!-- This site is optimized with the Yoast SEO plugin v27.5 - https:\/\/yoast.com\/product\/yoast-seo-wordpress\/ -->\n<title>Autovlakem do St\u0159edomo\u0159\u00ed v\u00a0Rakousku \u2013 jezero W\u00f6rthersee - All4Camper<\/title>\n<meta name=\"description\" content=\"All4Camper - Autovlakem do St\u0159edomo\u0159\u00ed v\u00a0Rakousku \u2013 jezero W\u00f6rthersee\" \/>\n<meta name=\"robots\" content=\"index, follow, max-snippet:-1, max-image-preview:large, max-video-preview:-1\" \/>\n<link rel=\"canonical\" href=\"https:\/\/all4camper.com\/cs\/atovlakem-do-stredomori-v-rakousku-jezero-worthersee\/\" \/>\n<meta property=\"og:locale\" content=\"cs_CZ\" \/>\n<meta property=\"og:type\" content=\"article\" \/>\n<meta property=\"og:title\" content=\"Autovlakem do St\u0159edomo\u0159\u00ed v\u00a0Rakousku \u2013 jezero W\u00f6rthersee - All4Camper\" \/>\n<meta property=\"og:description\" content=\"All4Camper - Autovlakem do St\u0159edomo\u0159\u00ed v\u00a0Rakousku \u2013 jezero W\u00f6rthersee\" \/>\n<meta property=\"og:url\" content=\"https:\/\/all4camper.com\/cs\/atovlakem-do-stredomori-v-rakousku-jezero-worthersee\/\" \/>\n<meta property=\"og:site_name\" content=\"All4Camper\" \/>\n<meta property=\"article:published_time\" content=\"2019-08-19T08:57:15+00:00\" \/>\n<meta property=\"article:modified_time\" content=\"2019-09-19T12:01:43+00:00\" \/>\n<meta property=\"og:image\" content=\"https:\/\/all4camper.com\/wp-content\/uploads\/2019\/08\/cropped-Lode\u030c-na-Wo\u0308thersee.jpg\" \/>\n\t<meta property=\"og:image:width\" content=\"1920\" \/>\n\t<meta property=\"og:image:height\" content=\"1081\" \/>\n\t<meta property=\"og:image:type\" content=\"image\/jpeg\" \/>\n<meta name=\"author\" content=\"Kate\u0159ina\" \/>\n<meta name=\"twitter:card\" content=\"summary_large_image\" \/>\n<meta name=\"twitter:label1\" content=\"Napsal(a)\" \/>\n\t<meta name=\"twitter:data1\" content=\"Kate\u0159ina\" \/>\n\t<meta name=\"twitter:label2\" content=\"Odhadovan\u00e1 doba \u010dten\u00ed\" \/>\n\t<meta name=\"twitter:data2\" content=\"4 minuty\" \/>\n<script type=\"application\/ld+json\" class=\"yoast-schema-graph\">{\"@context\":\"https:\\\/\\\/schema.org\",\"@graph\":[{\"@type\":\"Article\",\"@id\":\"https:\\\/\\\/all4camper.com\\\/cs\\\/atovlakem-do-stredomori-v-rakousku-jezero-worthersee\\\/#article\",\"isPartOf\":{\"@id\":\"https:\\\/\\\/all4camper.com\\\/cs\\\/atovlakem-do-stredomori-v-rakousku-jezero-worthersee\\\/\"},\"author\":{\"name\":\"Kate\u0159ina\",\"@id\":\"https:\\\/\\\/all4camper.com\\\/cs\\\/#\\\/schema\\\/person\\\/9349489688d4c221ca0fc39ae6bcb70b\"},\"headline\":\"Autovlakem do St\u0159edomo\u0159\u00ed v\u00a0Rakousku \u2013 jezero W\u00f6rthersee\",\"datePublished\":\"2019-08-19T08:57:15+00:00\",\"dateModified\":\"2019-09-19T12:01:43+00:00\",\"mainEntityOfPage\":{\"@id\":\"https:\\\/\\\/all4camper.com\\\/cs\\\/atovlakem-do-stredomori-v-rakousku-jezero-worthersee\\\/\"},\"wordCount\":892,\"publisher\":{\"@id\":\"https:\\\/\\\/all4camper.com\\\/cs\\\/#organization\"},\"image\":{\"@id\":\"https:\\\/\\\/all4camper.com\\\/cs\\\/atovlakem-do-stredomori-v-rakousku-jezero-worthersee\\\/#primaryimage\"},\"thumbnailUrl\":\"https:\\\/\\\/all4camper.com\\\/wp-content\\\/uploads\\\/2019\\\/08\\\/cropped-Lode\u030c-na-Wo\u0308thersee.jpg\",\"keywords\":[\"Pozn\u00e1vac\u00ed dovolen\u00e1\",\"Rakousko\"],\"articleSection\":[\"Kempujeme a cestujeme v Rakousku\",\"Novinky - Kempov\u00e1n\u00ed a karavaning\"],\"inLanguage\":\"cs\"},{\"@type\":\"WebPage\",\"@id\":\"https:\\\/\\\/all4camper.com\\\/cs\\\/atovlakem-do-stredomori-v-rakousku-jezero-worthersee\\\/\",\"url\":\"https:\\\/\\\/all4camper.com\\\/cs\\\/atovlakem-do-stredomori-v-rakousku-jezero-worthersee\\\/\",\"name\":\"Autovlakem do St\u0159edomo\u0159\u00ed v\u00a0Rakousku \u2013 jezero W\u00f6rthersee - All4Camper\",\"isPartOf\":{\"@id\":\"https:\\\/\\\/all4camper.com\\\/cs\\\/#website\"},\"primaryImageOfPage\":{\"@id\":\"https:\\\/\\\/all4camper.com\\\/cs\\\/atovlakem-do-stredomori-v-rakousku-jezero-worthersee\\\/#primaryimage\"},\"image\":{\"@id\":\"https:\\\/\\\/all4camper.com\\\/cs\\\/atovlakem-do-stredomori-v-rakousku-jezero-worthersee\\\/#primaryimage\"},\"thumbnailUrl\":\"https:\\\/\\\/all4camper.com\\\/wp-content\\\/uploads\\\/2019\\\/08\\\/cropped-Lode\u030c-na-Wo\u0308thersee.jpg\",\"datePublished\":\"2019-08-19T08:57:15+00:00\",\"dateModified\":\"2019-09-19T12:01:43+00:00\",\"description\":\"All4Camper - Autovlakem do St\u0159edomo\u0159\u00ed v\u00a0Rakousku \u2013 jezero W\u00f6rthersee\",\"breadcrumb\":{\"@id\":\"https:\\\/\\\/all4camper.com\\\/cs\\\/atovlakem-do-stredomori-v-rakousku-jezero-worthersee\\\/#breadcrumb\"},\"inLanguage\":\"cs\",\"potentialAction\":[{\"@type\":\"ReadAction\",\"target\":[\"https:\\\/\\\/all4camper.com\\\/cs\\\/atovlakem-do-stredomori-v-rakousku-jezero-worthersee\\\/\"]}]},{\"@type\":\"ImageObject\",\"inLanguage\":\"cs\",\"@id\":\"https:\\\/\\\/all4camper.com\\\/cs\\\/atovlakem-do-stredomori-v-rakousku-jezero-worthersee\\\/#primaryimage\",\"url\":\"https:\\\/\\\/all4camper.com\\\/wp-content\\\/uploads\\\/2019\\\/08\\\/cropped-Lode\u030c-na-Wo\u0308thersee.jpg\",\"contentUrl\":\"https:\\\/\\\/all4camper.com\\\/wp-content\\\/uploads\\\/2019\\\/08\\\/cropped-Lode\u030c-na-Wo\u0308thersee.jpg\",\"width\":1920,\"height\":1081},{\"@type\":\"BreadcrumbList\",\"@id\":\"https:\\\/\\\/all4camper.com\\\/cs\\\/atovlakem-do-stredomori-v-rakousku-jezero-worthersee\\\/#breadcrumb\",\"itemListElement\":[{\"@type\":\"ListItem\",\"position\":1,\"name\":\"Dom\u016f\",\"item\":\"https:\\\/\\\/all4camper.com\\\/cs\\\/\"},{\"@type\":\"ListItem\",\"position\":2,\"name\":\"Kempujeme a cestujeme v Rakousku\",\"item\":\"https:\\\/\\\/all4camper.com\\\/cs\\\/category\\\/kempujeme-a-cestujeme-v-rakousku\\\/\"},{\"@type\":\"ListItem\",\"position\":3,\"name\":\"Autovlakem do St\u0159edomo\u0159\u00ed v\u00a0Rakousku \u2013 jezero W\u00f6rthersee\"}]},{\"@type\":\"WebSite\",\"@id\":\"https:\\\/\\\/all4camper.com\\\/cs\\\/#website\",\"url\":\"https:\\\/\\\/all4camper.com\\\/cs\\\/\",\"name\":\"All4Camper\",\"description\":\"Nejv\u011bt\u0161\u00ed online magaz\u00edn o kempov\u00e1n\u00ed a karavaninku. V\u00edce jak 900 \u010dl\u00e1nk\u016f pln\u00fdch rad a tip\u016f o kempech a kempov\u00e1n\u00ed.\",\"publisher\":{\"@id\":\"https:\\\/\\\/all4camper.com\\\/cs\\\/#organization\"},\"potentialAction\":[{\"@type\":\"SearchAction\",\"target\":{\"@type\":\"EntryPoint\",\"urlTemplate\":\"https:\\\/\\\/all4camper.com\\\/cs\\\/?s={search_term_string}\"},\"query-input\":{\"@type\":\"PropertyValueSpecification\",\"valueRequired\":true,\"valueName\":\"search_term_string\"}}],\"inLanguage\":\"cs\"},{\"@type\":\"Organization\",\"@id\":\"https:\\\/\\\/all4camper.com\\\/cs\\\/#organization\",\"name\":\"All4Camper - kempujeme s Kl\u00e1rou\",\"url\":\"https:\\\/\\\/all4camper.com\\\/cs\\\/\",\"logo\":{\"@type\":\"ImageObject\",\"inLanguage\":\"cs\",\"@id\":\"https:\\\/\\\/all4camper.com\\\/cs\\\/#\\\/schema\\\/logo\\\/image\\\/\",\"url\":\"https:\\\/\\\/all4camper.com\\\/wp-content\\\/uploads\\\/2018\\\/09\\\/novelogo.png\",\"contentUrl\":\"https:\\\/\\\/all4camper.com\\\/wp-content\\\/uploads\\\/2018\\\/09\\\/novelogo.png\",\"width\":1520,\"height\":600,\"caption\":\"All4Camper - kempujeme s Kl\u00e1rou\"},\"image\":{\"@id\":\"https:\\\/\\\/all4camper.com\\\/cs\\\/#\\\/schema\\\/logo\\\/image\\\/\"}},{\"@type\":\"Person\",\"@id\":\"https:\\\/\\\/all4camper.com\\\/cs\\\/#\\\/schema\\\/person\\\/9349489688d4c221ca0fc39ae6bcb70b\",\"name\":\"Kate\u0159ina\",\"url\":\"https:\\\/\\\/all4camper.com\\\/cs\\\/author\\\/kterina\\\/\"}]}<\/script>\n<!-- \/ Yoast SEO plugin. -->","yoast_head_json":{"title":"Autovlakem do St\u0159edomo\u0159\u00ed v\u00a0Rakousku \u2013 jezero W\u00f6rthersee - All4Camper","description":"All4Camper - Autovlakem do St\u0159edomo\u0159\u00ed v\u00a0Rakousku \u2013 jezero W\u00f6rthersee","robots":{"index":"index","follow":"follow","max-snippet":"max-snippet:-1","max-image-preview":"max-image-preview:large","max-video-preview":"max-video-preview:-1"},"canonical":"https:\/\/all4camper.com\/cs\/atovlakem-do-stredomori-v-rakousku-jezero-worthersee\/","og_locale":"cs_CZ","og_type":"article","og_title":"Autovlakem do St\u0159edomo\u0159\u00ed v\u00a0Rakousku \u2013 jezero W\u00f6rthersee - All4Camper","og_description":"All4Camper - Autovlakem do St\u0159edomo\u0159\u00ed v\u00a0Rakousku \u2013 jezero W\u00f6rthersee","og_url":"https:\/\/all4camper.com\/cs\/atovlakem-do-stredomori-v-rakousku-jezero-worthersee\/","og_site_name":"All4Camper","article_published_time":"2019-08-19T08:57:15+00:00","article_modified_time":"2019-09-19T12:01:43+00:00","og_image":[{"width":1920,"height":1081,"url":"https:\/\/all4camper.com\/wp-content\/uploads\/2019\/08\/cropped-Lode\u030c-na-Wo\u0308thersee.jpg","type":"image\/jpeg"}],"author":"Kate\u0159ina","twitter_card":"summary_large_image","twitter_misc":{"Napsal(a)":"Kate\u0159ina","Odhadovan\u00e1 doba \u010dten\u00ed":"4 minuty"},"schema":{"@context":"https:\/\/schema.org","@graph":[{"@type":"Article","@id":"https:\/\/all4camper.com\/cs\/atovlakem-do-stredomori-v-rakousku-jezero-worthersee\/#article","isPartOf":{"@id":"https:\/\/all4camper.com\/cs\/atovlakem-do-stredomori-v-rakousku-jezero-worthersee\/"},"author":{"name":"Kate\u0159ina","@id":"https:\/\/all4camper.com\/cs\/#\/schema\/person\/9349489688d4c221ca0fc39ae6bcb70b"},"headline":"Autovlakem do St\u0159edomo\u0159\u00ed v\u00a0Rakousku \u2013 jezero W\u00f6rthersee","datePublished":"2019-08-19T08:57:15+00:00","dateModified":"2019-09-19T12:01:43+00:00","mainEntityOfPage":{"@id":"https:\/\/all4camper.com\/cs\/atovlakem-do-stredomori-v-rakousku-jezero-worthersee\/"},"wordCount":892,"publisher":{"@id":"https:\/\/all4camper.com\/cs\/#organization"},"image":{"@id":"https:\/\/all4camper.com\/cs\/atovlakem-do-stredomori-v-rakousku-jezero-worthersee\/#primaryimage"},"thumbnailUrl":"https:\/\/all4camper.com\/wp-content\/uploads\/2019\/08\/cropped-Lode\u030c-na-Wo\u0308thersee.jpg","keywords":["Pozn\u00e1vac\u00ed dovolen\u00e1","Rakousko"],"articleSection":["Kempujeme a cestujeme v Rakousku","Novinky - Kempov\u00e1n\u00ed a karavaning"],"inLanguage":"cs"},{"@type":"WebPage","@id":"https:\/\/all4camper.com\/cs\/atovlakem-do-stredomori-v-rakousku-jezero-worthersee\/","url":"https:\/\/all4camper.com\/cs\/atovlakem-do-stredomori-v-rakousku-jezero-worthersee\/","name":"Autovlakem do St\u0159edomo\u0159\u00ed v\u00a0Rakousku \u2013 jezero W\u00f6rthersee - All4Camper","isPartOf":{"@id":"https:\/\/all4camper.com\/cs\/#website"},"primaryImageOfPage":{"@id":"https:\/\/all4camper.com\/cs\/atovlakem-do-stredomori-v-rakousku-jezero-worthersee\/#primaryimage"},"image":{"@id":"https:\/\/all4camper.com\/cs\/atovlakem-do-stredomori-v-rakousku-jezero-worthersee\/#primaryimage"},"thumbnailUrl":"https:\/\/all4camper.com\/wp-content\/uploads\/2019\/08\/cropped-Lode\u030c-na-Wo\u0308thersee.jpg","datePublished":"2019-08-19T08:57:15+00:00","dateModified":"2019-09-19T12:01:43+00:00","description":"All4Camper - Autovlakem do St\u0159edomo\u0159\u00ed v\u00a0Rakousku \u2013 jezero W\u00f6rthersee","breadcrumb":{"@id":"https:\/\/all4camper.com\/cs\/atovlakem-do-stredomori-v-rakousku-jezero-worthersee\/#breadcrumb"},"inLanguage":"cs","potentialAction":[{"@type":"ReadAction","target":["https:\/\/all4camper.com\/cs\/atovlakem-do-stredomori-v-rakousku-jezero-worthersee\/"]}]},{"@type":"ImageObject","inLanguage":"cs","@id":"https:\/\/all4camper.com\/cs\/atovlakem-do-stredomori-v-rakousku-jezero-worthersee\/#primaryimage","url":"https:\/\/all4camper.com\/wp-content\/uploads\/2019\/08\/cropped-Lode\u030c-na-Wo\u0308thersee.jpg","contentUrl":"https:\/\/all4camper.com\/wp-content\/uploads\/2019\/08\/cropped-Lode\u030c-na-Wo\u0308thersee.jpg","width":1920,"height":1081},{"@type":"BreadcrumbList","@id":"https:\/\/all4camper.com\/cs\/atovlakem-do-stredomori-v-rakousku-jezero-worthersee\/#breadcrumb","itemListElement":[{"@type":"ListItem","position":1,"name":"Dom\u016f","item":"https:\/\/all4camper.com\/cs\/"},{"@type":"ListItem","position":2,"name":"Kempujeme a cestujeme v Rakousku","item":"https:\/\/all4camper.com\/cs\/category\/kempujeme-a-cestujeme-v-rakousku\/"},{"@type":"ListItem","position":3,"name":"Autovlakem do St\u0159edomo\u0159\u00ed v\u00a0Rakousku \u2013 jezero W\u00f6rthersee"}]},{"@type":"WebSite","@id":"https:\/\/all4camper.com\/cs\/#website","url":"https:\/\/all4camper.com\/cs\/","name":"All4Camper","description":"Nejv\u011bt\u0161\u00ed online magaz\u00edn o kempov\u00e1n\u00ed a karavaninku. V\u00edce jak 900 \u010dl\u00e1nk\u016f pln\u00fdch rad a tip\u016f o kempech a kempov\u00e1n\u00ed.","publisher":{"@id":"https:\/\/all4camper.com\/cs\/#organization"},"potentialAction":[{"@type":"SearchAction","target":{"@type":"EntryPoint","urlTemplate":"https:\/\/all4camper.com\/cs\/?s={search_term_string}"},"query-input":{"@type":"PropertyValueSpecification","valueRequired":true,"valueName":"search_term_string"}}],"inLanguage":"cs"},{"@type":"Organization","@id":"https:\/\/all4camper.com\/cs\/#organization","name":"All4Camper - kempujeme s Kl\u00e1rou","url":"https:\/\/all4camper.com\/cs\/","logo":{"@type":"ImageObject","inLanguage":"cs","@id":"https:\/\/all4camper.com\/cs\/#\/schema\/logo\/image\/","url":"https:\/\/all4camper.com\/wp-content\/uploads\/2018\/09\/novelogo.png","contentUrl":"https:\/\/all4camper.com\/wp-content\/uploads\/2018\/09\/novelogo.png","width":1520,"height":600,"caption":"All4Camper - kempujeme s Kl\u00e1rou"},"image":{"@id":"https:\/\/all4camper.com\/cs\/#\/schema\/logo\/image\/"}},{"@type":"Person","@id":"https:\/\/all4camper.com\/cs\/#\/schema\/person\/9349489688d4c221ca0fc39ae6bcb70b","name":"Kate\u0159ina","url":"https:\/\/all4camper.com\/cs\/author\/kterina\/"}]}},"_links":{"self":[{"href":"https:\/\/all4camper.com\/cs\/wp-json\/wp\/v2\/posts\/80929","targetHints":{"allow":["GET"]}}],"collection":[{"href":"https:\/\/all4camper.com\/cs\/wp-json\/wp\/v2\/posts"}],"about":[{"href":"https:\/\/all4camper.com\/cs\/wp-json\/wp\/v2\/types\/post"}],"author":[{"embeddable":true,"href":"https:\/\/all4camper.com\/cs\/wp-json\/wp\/v2\/users\/161"}],"replies":[{"embeddable":true,"href":"https:\/\/all4camper.com\/cs\/wp-json\/wp\/v2\/comments?post=80929"}],"version-history":[{"count":0,"href":"https:\/\/all4camper.com\/cs\/wp-json\/wp\/v2\/posts\/80929\/revisions"}],"wp:featuredmedia":[{"embeddable":true,"href":"https:\/\/all4camper.com\/cs\/wp-json\/wp\/v2\/media\/80948"}],"wp:attachment":[{"href":"https:\/\/all4camper.com\/cs\/wp-json\/wp\/v2\/media?parent=80929"}],"wp:term":[{"taxonomy":"category","embeddable":true,"href":"https:\/\/all4camper.com\/cs\/wp-json\/wp\/v2\/categories?post=80929"},{"taxonomy":"post_tag","embeddable":true,"href":"https:\/\/all4camper.com\/cs\/wp-json\/wp\/v2\/tags?post=80929"}],"curies":[{"name":"wp","href":"https:\/\/api.w.org\/{rel}","templated":true}]}}