{"id":80904,"date":"2019-08-14T10:58:03","date_gmt":"2019-08-14T08:58:03","guid":{"rendered":"https:\/\/all4camper.com\/\/?p=80904"},"modified":"2020-05-22T14:52:47","modified_gmt":"2020-05-22T12:52:47","slug":"vyber-tahouna-pro-karavan-pokracovani-prevodovka","status":"publish","type":"post","link":"https:\/\/all4camper.com\/cs\/vyber-tahouna-pro-karavan-pokracovani-prevodovka\/","title":{"rendered":"V\u00fdb\u011br tahouna pro karavan pokra\u010dov\u00e1n\u00ed &#8211; p\u0159evodovka"},"content":{"rendered":"\n<h4 class=\"wp-block-heading\">Tak tu m\u00e1me dokon\u010den\u00ed p\u0159edchoz\u00edho \u010dl\u00e1nku o v\u00fdb\u011bru tahac\u00edho auta (<a rel=\"noreferrer noopener\" aria-label=\"Jak\u00fd v\u016fz je ide\u00e1ln\u00ed pro ta\u017een\u00ed karavanu aneb jak\u00e9ho tahouna byste m\u011bli vlastnit (opens in a new tab)\" href=\"\/?p=80810\" target=\"_blank\">Jak\u00fd v\u016fz je ide\u00e1ln\u00ed pro ta\u017een\u00ed karavanu aneb jak\u00e9ho tahouna byste m\u011bli vlastnit<\/a>). Hodn\u011b diskuz\u00ed se vede o p\u0159evodovk\u00e1ch, tak\u017ee tomuto t\u00e9matu se budu dnes v\u011bnovat.<\/h4>\n\n\n\n<figure class=\"wp-block-image\"><img loading=\"lazy\" decoding=\"async\" width=\"1280\" height=\"851\" src=\"https:\/\/all4camper.com\/\/wp-content\/uploads\/2019\/08\/automobile-1839560_1280.jpg\" alt=\"\" class=\"wp-image-80908\" srcset=\"https:\/\/all4camper.com\/wp-content\/uploads\/2019\/08\/automobile-1839560_1280.jpg 1280w, https:\/\/all4camper.com\/wp-content\/uploads\/2019\/08\/automobile-1839560_1280-150x100.jpg 150w, https:\/\/all4camper.com\/wp-content\/uploads\/2019\/08\/automobile-1839560_1280-300x199.jpg 300w, https:\/\/all4camper.com\/wp-content\/uploads\/2019\/08\/automobile-1839560_1280-768x511.jpg 768w\" sizes=\"auto, (max-width: 1280px) 100vw, 1280px\" \/><\/figure>\n\n\n\n<p>D\u0159\u00edve se rozhodovalo mezi klasicky \u0159azenou manu\u00e1ln\u00ed p\u0159evodovkou a automatem, dnes k tomu p\u0159ibyly je\u0161t\u011b robotick\u00e9 p\u0159evodovky. O vari\u00e1torov\u00fdch se zmi\u0148ovat nebudu, proto\u017ee ty se pou\u017e\u00edvaj\u00ed jen m\u00e1lo, a v\u011bt\u0161inou u men\u0161\u00edch aut.<\/p>\n\n\n\n<h4 class=\"wp-block-heading\">Manu\u00e1ln\u00ed p\u0159evodovka<\/h4>\n\n\n\n<p>Klasick\u00e1 p\u0159evodovka se dnes objevuje nej\u010dast\u011bji s p\u011bti, nebo \u0161esti rychlostn\u00edmi stupni. <strong>V\u00fdhodou mechanick\u00e9 p\u0159evodovky je jej\u00ed relativn\u011b dlouh\u00e1 \u017eivotnost, nen\u00e1ro\u010dnost na \u00fadr\u017ebu, a ni\u017e\u0161\u00ed spot\u0159eba vozidla. Nev\u00fdhodou je, \u017ee mus\u00edme \u0159adit p\u00e1kou a ma\u010dkat spojku. <\/strong>A nav\u00edc pro n\u011bkoho je to radost, u\u017e\u00edvat si j\u00edzdu autem s mechanickou p\u0159evodovkou a \u0159adit s\u00e1m podle sebe. Tak\u00e9 pat\u0159\u00edm k t\u011bm, kte\u0159\u00ed se s manu\u00e1lem r\u00e1di svezou, ale v posledn\u00ed dob\u011b, kdy je cestov\u00e1n\u00ed u\u017e jen malou \u010d\u00e1st\u00ed o svezen\u00ed, a velkou \u010d\u00e1st\u00ed o st\u00e1n\u00ed a popoj\u00ed\u017ed\u011bn\u00ed v kolon\u00e1ch, u\u017e tak\u00e9 jsem n\u011bkdy r\u00e1d \u017ee jsem v aut\u011b s automatem.  Naposledy jsem to ocenil, kdy\u017e jsme dv\u011b a p\u016fl hodiny popoj\u00ed\u017ed\u011bli ve front\u011b na Slovinsko \u2013 Chorvatsk\u00e9 hranici. <strong>Tam jsem t\u011bm s manu\u00e1ly opravdu nez\u00e1vid\u011bl\u2026 Nicm\u00e9n\u011b klasickou mechanickou p\u0159evodovkou u ta\u017en\u00e9ho auta nic nezkaz\u00edme.<\/strong><\/p>\n\n\n\n<figure class=\"wp-block-image\"><img loading=\"lazy\" decoding=\"async\" width=\"1280\" height=\"850\" src=\"https:\/\/all4camper.com\/\/wp-content\/uploads\/2019\/08\/teardrop-camper-4057195_1280.jpg\" alt=\"\" class=\"wp-image-80909\" srcset=\"https:\/\/all4camper.com\/wp-content\/uploads\/2019\/08\/teardrop-camper-4057195_1280.jpg 1280w, https:\/\/all4camper.com\/wp-content\/uploads\/2019\/08\/teardrop-camper-4057195_1280-150x100.jpg 150w, https:\/\/all4camper.com\/wp-content\/uploads\/2019\/08\/teardrop-camper-4057195_1280-300x199.jpg 300w, https:\/\/all4camper.com\/wp-content\/uploads\/2019\/08\/teardrop-camper-4057195_1280-768x510.jpg 768w\" sizes=\"auto, (max-width: 1280px) 100vw, 1280px\" \/><\/figure>\n\n\n\n<h4 class=\"wp-block-heading\">Automatick\u00e1 p\u0159evodovka<\/h4>\n\n\n\n<p>Automatick\u00e1 p\u0159evodovka je p\u0159evodovka vybaven\u00e1 hydrodynamick\u00fdm m\u011bni\u010dem pro rozjezd a sestavou planetov\u00fdch p\u0159evod\u016f pro zm\u011bnu rychlostn\u00edch stup\u0148\u016f. D\u0159\u00edve byly automaty t\u0159\u00edstup\u0148ov\u00e9, dnes se v\u011bt\u0161inou vyskytuj\u00ed 5-7 stup\u0148ov\u00e9, kter\u00e9 k \u0159azen\u00ed p\u0159evod\u016f vyu\u017e\u00edvaj\u00ed elektroniky. J\u00edzda s modern\u00edm automatem je velmi p\u0159\u00edjemn\u00e1, rozjezdy mimo\u0159\u00e1dn\u011b hladk\u00e9, spot\u0159eba ov\u0161em vy\u0161\u0161\u00ed, ne\u017e u manu\u00e1lu. <strong>V\u011bt\u0161ina dne\u0161n\u00edch automat\u016f umo\u017e\u0148uje p\u0159epnut\u00ed na manu\u00e1ln\u00ed \u0159azen\u00ed, kdy se \u0159ad\u00ed jen lehk\u00fdm klepnut\u00edm na p\u00e1ku. To je sice na prvn\u00ed pohled hezk\u00e9, ale v praxi v podstat\u011b vyu\u017eiteln\u00e9 jen pro od\u0159azov\u00e1n\u00ed a v\u011bt\u0161\u00ed brzd\u011bn\u00ed motorem p\u0159i j\u00edzd\u011b z kopce, co\u017e je ale pro j\u00edzdu s karavanem velmi u\u017eite\u010dn\u00e9. <\/strong>Pro j\u00edzdu to \u00fapln\u011b Hifi nen\u00ed, proto\u017ee n\u00e1m do toho st\u00e1le kec\u00e1 elektronika, a kdy\u017e se j\u00ed n\u00e1\u0161 zp\u016fsob j\u00edzdy nel\u00edb\u00ed, p\u0159e\u0159ad\u00ed si sama. <strong>Pro tah\u00e1n\u00ed vleku je automat ide\u00e1ln\u00ed, proto\u017ee n\u00e1s b\u011bhem j\u00edzdy neunavuje, a m\u011bni\u010di nevad\u00ed \u010dast\u00e9 rozjezdy s t\u011b\u017ek\u00fdm vlekem.<\/strong> Dokonce ani p\u0159i n\u011bjak\u00e9m slo\u017eit\u00e9m man\u00e9vrov\u00e1n\u00ed a couv\u00e1n\u00ed neprotestuje, a zaji\u0161\u0165uje opravdu plynul\u00e9 rozjezdy, ani\u017e by doch\u00e1zelo k n\u011bjak\u00e9mu opot\u0159ebov\u00e1v\u00e1n\u00ed jej\u00edch d\u00edl\u016f. Nev\u00fdhodou automatick\u00e9 p\u0159evodovky je krom zmi\u0148ovan\u00e9 vy\u0161\u0161\u00ed spot\u0159eby i doporu\u010den\u00e1 v\u00fdm\u011bna oleje cca po 60000 &#8211; 80000km, jej\u00ed\u017e cena se pohybuje cca od 7000 do 17000 K\u010d (poh\u00e1dky o celo\u017eivotn\u00ed n\u00e1plni jsou jen marketingov\u00fdm tahem, abychom j\u00ed sn\u00ed\u017eili \u017eivotnost).<\/p>\n\n\n\n<h3 class=\"wp-block-heading\">Robotizovan\u00e1 p\u0159evodovka<\/h3>\n\n\n\n<p>Robotizovan\u00e9 p\u0159evodovky jsou dnes velmi roz\u0161\u00ed\u0159en\u00e9. Jde ve v\u011bt\u0161in\u011b p\u0159\u00edpad\u016f o klasickou mechanickou p\u0159evodovku, kde ov\u0161em pomoc\u00ed r\u016fzn\u00fdch mechanism\u016f za n\u00e1s \u0159ad\u00ed a spojkuje elektronika. I zde je v\u0161ak mo\u017enost p\u0159epnout na manu\u00e1ln\u00ed \u0159azen\u00ed, i kdy\u017e do toho zase v\u00edce, \u010di m\u00e9n\u011b kec\u00e1 elektronika. Do t\u00e9to kategorie spadaj\u00ed i p\u0159evodovky DSG, Powershift atd., i kdy\u017e ty maj\u00ed trochu jinou konstrukci. Pro tah\u00e1n\u00ed vlek\u016f se vozidla s t\u011bmito p\u0159evodovkami daj\u00ed bez probl\u00e9m\u016f pou\u017e\u00edt, ale n\u011bkdy je t\u0159eba po\u010d\u00edtat s t\u00edm, \u017ee rozjezdy jsou m\u00e9n\u011b hladk\u00e9, a p\u0159i \u010dast\u011bj\u0161\u00edm n\u00e1ro\u010dn\u00e9m man\u00e9vrov\u00e1n\u00ed s karavanem trp\u00ed spojka, tak\u017ee je t\u0159eba po\u010d\u00edtat s jej\u00ed d\u0159\u00edv\u011bj\u0161\u00ed v\u00fdm\u011bnou. Spot\u0159eba je u t\u011bchto p\u0159evodovek v\u011bt\u0161inou tak n\u011bjak srovnateln\u00e1 s vozidly s manu\u00e1ln\u00ed p\u0159evodovkou.<\/p>\n\n\n\n<h4 class=\"wp-block-heading\">Pohon 4&#215;4<\/h4>\n\n\n\n<p>Dal\u0161\u00ed \u010dasto diskutovanou ot\u00e1zkou je, zda pohon 4&#215;4, \u010di nikoli. J<strong>\u00e1 osobn\u011b jsem zast\u00e1ncem n\u00e1zoru, \u017ee pokud \u010dlov\u011bk nejezd\u00ed kempovat do ter\u00e9nu, kemp\u016f s m\u011bkk\u00fdm povrchem, kter\u00fd se p\u0159i prvn\u00edm de\u0161ti rozbahn\u00ed, nebo v zim\u011b je pohon 4&#215;4 zbyte\u010dn\u00fd<\/strong> (sada \u0159et\u011bz\u016f v kufru n\u011bkdy pom\u016f\u017ee v\u00edc, ne\u017e cel\u00e1 4&#215;4). Je hezk\u00e9 v\u011bd\u011bt, \u017ee pokud n\u011bkde nastane trak\u010dn\u00ed probl\u00e9m, tak m\u00e1m \u0161anci vyjet, ale na druhou stranu se to t\u0159eba stane jedenkr\u00e1t za dv\u011b sez\u00f3ny, ale hromadu h\u0159\u00eddel\u00ed, lo\u017eisek a p\u0159evodov\u00fdch kol voz\u00edme s sebou st\u00e1le. <\/p>\n\n\n\n<figure class=\"wp-block-image\"><img loading=\"lazy\" decoding=\"async\" width=\"1280\" height=\"853\" src=\"https:\/\/all4camper.com\/\/wp-content\/uploads\/2019\/08\/lost-750040_1280.jpg\" alt=\"\" class=\"wp-image-80910\" srcset=\"https:\/\/all4camper.com\/wp-content\/uploads\/2019\/08\/lost-750040_1280.jpg 1280w, https:\/\/all4camper.com\/wp-content\/uploads\/2019\/08\/lost-750040_1280-150x100.jpg 150w, https:\/\/all4camper.com\/wp-content\/uploads\/2019\/08\/lost-750040_1280-300x200.jpg 300w, https:\/\/all4camper.com\/wp-content\/uploads\/2019\/08\/lost-750040_1280-768x512.jpg 768w\" sizes=\"auto, (max-width: 1280px) 100vw, 1280px\" \/><\/figure>\n\n\n\n<p><strong>Vozidlo s pohonem 4&#215;4 je dra\u017e\u0161\u00ed, t\u011b\u017e\u0161\u00ed, m\u00e1 v\u011bt\u0161\u00ed spot\u0159ebu, men\u0161\u00ed dynamiku, men\u0161\u00ed zavazadlov\u00fd prostor a dra\u017e\u0161\u00ed \u00fadr\u017ebu.<\/strong> Na druhou stranu m\u00e1 n\u011bkdy \u010dty\u0159kolka povolenou v\u011bt\u0161\u00ed hmotnost na kouli, co\u017e ur\u010dit\u011b mnoz\u00ed karavanist\u00e9 ocen\u00ed. Tak\u017ee tuto problematiku je v\u017edy nutno pe\u010dliv\u011b zv\u00e1\u017eit, a rozhodnout se podle konkr\u00e9tn\u00edch pot\u0159eb ka\u017ed\u00e9ho z v\u00e1s.\u00a0Pozor, problematika je je\u0161t\u011b slo\u017eit\u011bj\u0161\u00ed o to, \u017ee nen\u00ed 4&#215;4, jako 4&#215;4. Automobilky pou\u017e\u00edvaj\u00ed r\u016fzn\u00e9 koncepce a r\u016fzn\u00e1 konstruk\u010dn\u00ed \u0159e\u0161en\u00ed pohonu 4&#215;4, z nich\u017e n\u011bkter\u00e1 jsou t\u00e9m\u011b\u0159 na nic, a jin\u00e9 funguj\u00ed dooost dob\u0159e. P\u0159ed koup\u00ed auta 4&#215;4 je dobr\u00e9 prostudovat recenze ke konkr\u00e9tn\u00edmu typu, konkr\u00e9tn\u00ed motorizaci a roku v\u00fdroby, proto\u017ee i u jednotliv\u00fdch v\u00fdrobc\u016f se syst\u00e9my pohonu li\u0161\u00ed.<\/p>\n\n\n\n<h4 class=\"wp-block-heading\">A co v\u00fdbava?<\/h4>\n\n\n\n<p><strong>Dal\u0161\u00ed ot\u00e1zkou b\u00fdv\u00e1 v\u00fdbava.<\/strong> Pot\u0159ebuji to, \u010di ono? To je ot\u00e1zka, na kterou si ka\u017ed\u00fd odpov\u00ed jinak, podle sv\u00fdch individu\u00e1ln\u00edch pot\u0159eb. Pokud to vezmu ze sv\u00e9ho pohledu, tak z komfortn\u00ed v\u00fdbavy bych preferoval posilova\u010d \u0159\u00edzen\u00ed, centr\u00e1ln\u00ed zamyk\u00e1n\u00ed, klimatizaci, pokud se nab\u00edz\u00ed, tak pohodln\u011bj\u0161\u00ed seda\u010dky, elektricky ovl\u00e1dan\u00e1 zrc\u00e1tka a staviteln\u00fd volant. <strong>V dne\u0161n\u00ed dob\u011b neust\u00e1l\u00fdch dopravn\u00edch omezen\u00ed a omezen\u00ed rychlost\u00ed stoj\u00ed za zv\u00e1\u017een\u00ed i tempomat, nejl\u00e9pe adaptivn\u00ed, p\u0159\u00edpadn\u011b s integrovan\u00fdm omezova\u010dem rychlosti. <\/strong>Ostatn\u00ed v\u00fdbava je pochopiteln\u011b p\u0159\u00edjemn\u00e1 v\u011bt\u0161inou se v\u0161ak bez n\u00ed obejdeme. Nav\u00edc, \u010d\u00edm v\u00edc blbost\u00ed auto m\u00e1, t\u00edm je v\u011bt\u0161\u00ed \u0161ance, \u017ee n\u011bco p\u0159estane fungovat. :-)\u00a0<\/p>\n\n\n\n<figure class=\"wp-block-image\"><img loading=\"lazy\" decoding=\"async\" width=\"1280\" height=\"853\" src=\"https:\/\/all4camper.com\/\/wp-content\/uploads\/2019\/08\/mercedes-2222289_1280.jpg\" alt=\"\" class=\"wp-image-80911\" srcset=\"https:\/\/all4camper.com\/wp-content\/uploads\/2019\/08\/mercedes-2222289_1280.jpg 1280w, https:\/\/all4camper.com\/wp-content\/uploads\/2019\/08\/mercedes-2222289_1280-150x100.jpg 150w, https:\/\/all4camper.com\/wp-content\/uploads\/2019\/08\/mercedes-2222289_1280-300x200.jpg 300w, https:\/\/all4camper.com\/wp-content\/uploads\/2019\/08\/mercedes-2222289_1280-768x512.jpg 768w\" sizes=\"auto, (max-width: 1280px) 100vw, 1280px\" \/><\/figure>\n\n\n\n<p>Z bezpe\u010dnostn\u00ed v\u00fdbavy by auto m\u011blo m\u00edt alespo\u0148 minim\u00e1ln\u011b p\u0159edn\u00ed airbagy a p\u0159edep\u00edna\u010de p\u00e1s\u016f, ABS, pro j\u00edzdu s vlekem se ob\u010das hod\u00ed protiprokluz (v\u011bt\u0161inou zna\u010den\u00fd ASR) a stabiliza\u010dn\u00ed syst\u00e9m ESP. Ostatn\u00ed syst\u00e9my tak\u00e9 dobr\u00e9, ale ne nezbytn\u00e9. Ostatn\u011b v\u011bt\u0161ina t\u011bchto syst\u00e9m\u016f je standardn\u00ed v\u00fdbavou v\u011bt\u0161iny voz\u016f vyr\u00e1b\u011bn\u00fdch od druh\u00e9 poloviny devades\u00e1t\u00fdch let.<\/p>\n\n\n\n<p>J\u00edzdn\u00ed vlastnosti aut pro tah\u00e1n\u00ed nejsou a\u017e tak prvo\u0159ad\u00e9, i kdy\u017e teoreticky auto s tu\u017e\u0161\u00edm podvozkem a krat\u0161\u00edm zadn\u00edm p\u0159evisem je pro tah\u00e1n\u00ed vhodn\u011bj\u0161\u00ed.\u00a0 Zde je sp\u00ed\u0161 d\u016fle\u017eit\u00e9, aby auto bylo v dobr\u00e9m technick\u00e9m stavu a vybaven\u00e9 pln\u011b funk\u010dn\u00edmi kvalitn\u00edmi tlumi\u010di. Tlumi\u010de se opravdu nevyplat\u00ed podce\u0148ovat, nebo\u0165 tlumi\u010d s ni\u017e\u0161\u00ed \u00fa\u010dinnost\u00ed m\u016f\u017ee zp\u016fsobit hork\u00e9 chvilky za volantem, p\u0159\u00edpadn\u011b i hav\u00e1rii. <strong>To sam\u00e9 plat\u00ed pro pneumatiky \u2013 kvalitn\u00ed a neojet\u00e9!<\/strong> Vcelku ani tak nez\u00e1le\u017e\u00ed zda p\u0159edn\u00ed, \u010di zadn\u00ed n\u00e1hon, ale p\u0159i vyj\u00ed\u017ed\u011bn\u00ed na kluzk\u00e9m ter\u00e9nu je v\u011bt\u0161inou v\u00fdhodn\u011bj\u0161\u00ed p\u0159edn\u00ed n\u00e1hon.<\/p>\n\n\n\n<h4 class=\"wp-block-heading\">Koupit \u010di nekoupit auto rovnou s ta\u017en\u00fdm?<\/h4>\n\n\n\n<p><strong>Zejm\u00e9na p\u0159i koupi star\u0161\u00edho auta si mnoho lid\u00ed klade ot\u00e1zku, zda koupit auto s ta\u017en\u00fdm, nebo bez n\u011bho. Logick\u00e9 by bylo, auto na tah\u00e1n\u00ed koupit s ta\u017en\u00fdm. <\/strong>Nemus\u00ed se pak dokupovat, nechat montovat a zapisovat do TP a nav\u00edc to vyjde levn\u011bji, tedy v podstat\u011b sam\u00e1 pozitiva. <strong>Ke koupi auta bez ta\u017en\u00e9ho za\u0159\u00edzen\u00ed vede lidi n\u00e1zor, \u017ee auto bez koule nic netahalo, a bylo tedy b\u011bhem p\u0159edchoz\u00edho \u017eivota m\u00e9n\u011b nam\u00e1han\u00e9. To je nesporn\u00fd fakt, proto\u017ee u auta s koul\u00ed se nikdy nev\u00ed co, kdo a jak za t\u00edm tahal, a n\u011bkdy to na aut\u011b m\u016f\u017ee b\u00fdt dost zn\u00e1t.\u00a0<\/strong>Vybrat ta\u017en\u00e9, koupit ho, nechat namontovat a zapsat je sice trochu starost, ale nic, co by se nedalo zvl\u00e1dnout, a vidina neutahan\u00e9ho auta to ospravedl\u0148uje. <strong>Jen\u017ee je tu jedno \u201eale\u201c. <\/strong><\/p>\n\n\n\n<figure class=\"wp-block-image\"><img loading=\"lazy\" decoding=\"async\" width=\"1280\" height=\"849\" src=\"https:\/\/all4camper.com\/\/wp-content\/uploads\/2019\/08\/aircraft-2160456_1280.jpg\" alt=\"\" class=\"wp-image-80915\" srcset=\"https:\/\/all4camper.com\/wp-content\/uploads\/2019\/08\/aircraft-2160456_1280.jpg 1280w, https:\/\/all4camper.com\/wp-content\/uploads\/2019\/08\/aircraft-2160456_1280-150x99.jpg 150w, https:\/\/all4camper.com\/wp-content\/uploads\/2019\/08\/aircraft-2160456_1280-300x199.jpg 300w, https:\/\/all4camper.com\/wp-content\/uploads\/2019\/08\/aircraft-2160456_1280-768x509.jpg 768w\" sizes=\"auto, (max-width: 1280px) 100vw, 1280px\" \/><figcaption>Ilustra\u010dn\u00ed foto pro odleh\u010den\u00ed a dobrou n\u00e1ladu ;-)<\/figcaption><\/figure>\n\n\n\n<p>Dne\u0161n\u00ed sv\u011bt je pln\u00fd bl\u00e1zniv\u00fdch z\u00e1kon\u016f, p\u0159edpis\u016f, loby v\u00fdrobc\u016f a dal\u0161\u00edch nesmysl\u016f, a ty se nevyhnuly ani ta\u017en\u00fdm za\u0159\u00edzen\u00edm. <strong>Tak\u017ee pozor!!! Na n\u011bkter\u00e1 auta jde z\u00e1v\u011bs namontovat jen za ur\u010dit\u00fdch podm\u00ednek, a ty jsou r\u016fzn\u00e9. <\/strong>Od elektronick\u00e9 krabi\u010dky pro komunikaci couvac\u00edch senzor\u016f, a\u017e po v\u00fdm\u011bny brzd, chladi\u010d\u016f, ventil\u00e1tor\u016f, sahar, elektrick\u00fdch svazk\u016f, p\u0159eprogramov\u00e1n\u00ed jednotek a podobn\u011b. Tak\u017ee mont\u00e1\u017e ta\u017en\u00e9ho m\u016f\u017ee vyj\u00edt i hodn\u011b p\u0159es 50 tis\u00edc korun. <\/p>\n\n\n\n<p>Dal\u0161\u00edm p\u0159ekvapen\u00edm m\u016f\u017ee b\u00fdt zji\u0161t\u011bn\u00ed faktu, \u017ee na dan\u00fd model v\u00fdrobce mont\u00e1\u017e ta\u017en\u00e9ho neschv\u00e1lil, tak\u017ee leg\u00e1ln\u011b z\u00e1v\u011bs domontovat nelze. <strong>Dal\u0161\u00ed specialitou jsou u n\u011bkter\u00fdch vozidel ta\u017en\u00e1 za\u0159\u00edzen\u00ed, kter\u00e1 se nesm\u00ed pou\u017e\u00edvat k tah\u00e1n\u00ed\u2026 Ano, i to se v dne\u0161n\u00edm sv\u011bt\u011b vyskytuje :-(<\/strong>.<strong> Takov\u00e9 ta\u017en\u00e9 za\u0159\u00edzen\u00ed pozn\u00e1te podle toho, \u017ee m\u00e1 na \u0161t\u00edtku uvedenu hmotnost p\u0159\u00edv\u011bsu 0. <\/strong>A proto\u017ee m\u00e1 povolen\u00e9 svisl\u00e9 zat\u00ed\u017een\u00ed na kouli 50-60 kg, tak ho m\u016f\u017eeme vyu\u017e\u00edt jen k mont\u00e1\u017ei dr\u017e\u00e1ku na kola, p\u0159\u00edpadn\u011b n\u011bjak\u00e9 p\u0159epravn\u00ed bedny. <strong>Tak\u017ee POZOR, p\u0159ed koup\u00ed ov\u011b\u0159it, zda jde ta\u017en\u00e9 namontovat, za jak\u00fdch podm\u00ednek a kolik se na n\u011bm bude sm\u011bt tahat.<\/strong> Tento \u00fadaj o hmotnosti p\u0159\u00edv\u011bsu by m\u011bl b\u00fdt v TP a na v\u00fdrobn\u00edm \u0161t\u00edtku vozidla. Jestli se pak namontuje ta\u017en\u00e9 s pevnou, demontovatelnou, nebo skl\u00e1p\u011bc\u00ed koul\u00ed je vcelku jedno, jen u odn\u00edmateln\u00e9 koule je pot\u0159eba v\u017edy zkontrolovat, zda je spr\u00e1vn\u011b zaji\u0161t\u011bna.\u00a0<\/p>\n\n\n\n<blockquote class=\"wp-block-quote is-layout-flow wp-block-quote-is-layout-flow\"><p>Cel\u00fd tento \u010dl\u00e1nek byl ur\u010den p\u0159edev\u0161\u00edm pro ty, kte\u0159\u00ed cht\u011bj\u00ed koupit auto pro tah\u00e1n\u00ed vleku, proto\u017ee s n\u00edm jezd\u00ed \u010dasto i daleko. Pokud n\u011bkdo jede p\u00e1rkr\u00e1t do roka do kempu po republice, m\u016f\u017ee ho v klidu ignorovat, a zap\u0159\u00e1hnout karavan za to co m\u00e1 doma a co b\u011b\u017en\u011b pou\u017e\u00edv\u00e1 k denn\u00edmu je\u017ed\u011bn\u00ed (pochopiteln\u011b pokud to hmotnostn\u011b vych\u00e1z\u00ed).<\/p><\/blockquote>\n\n\n\n<p><strong> S p\u0159\u00e1n\u00edm \u0161\u0165astn\u00e9ho n\u00e1vratu Mirek Pa\u017eout <\/strong><\/p>\n","protected":false},"excerpt":{"rendered":"<p>Tak tu m\u00e1me dokon\u010den\u00ed p\u0159edchoz\u00edho \u010dl\u00e1nku o v\u00fdb\u011bru tahac\u00edho auta (Jak\u00fd v\u016fz je ide\u00e1ln\u00ed pro ta\u017een\u00ed karavanu aneb jak\u00e9ho tahouna byste m\u011bli vlastnit). Hodn\u011b diskuz\u00ed se vede o p\u0159evodovk\u00e1ch, tak\u017ee tomuto t\u00e9matu se budu dnes v\u011bnovat. D\u0159\u00edve se rozhodovalo mezi klasicky \u0159azenou manu\u00e1ln\u00ed p\u0159evodovkou a automatem, dnes k tomu p\u0159ibyly je\u0161t\u011b robotick\u00e9 p\u0159evodovky. O vari\u00e1torov\u00fdch [&hellip;]<\/p>\n","protected":false},"author":4,"featured_media":80921,"comment_status":"closed","ping_status":"open","sticky":false,"template":"","format":"standard","meta":{"_monsterinsights_skip_tracking":false,"_monsterinsights_sitenote_active":false,"_monsterinsights_sitenote_note":"","_monsterinsights_sitenote_category":0,"footnotes":""},"categories":[8209],"tags":[226],"class_list":{"0":"post-80904","1":"post","2":"type-post","3":"status-publish","4":"format-standard","5":"has-post-thumbnail","7":"category-rady-tipy-informace","8":"tag-rady-a-tipy"},"yoast_head":"<!-- This site is optimized with the Yoast SEO plugin v27.5 - https:\/\/yoast.com\/product\/yoast-seo-wordpress\/ -->\n<title>V\u00fdb\u011br tahouna pro karavan pokra\u010dov\u00e1n\u00ed - p\u0159evodovka - All4Camper<\/title>\n<meta name=\"description\" content=\"All4Camper - V\u00fdb\u011br tahouna pro karavan pokra\u010dov\u00e1n\u00ed - p\u0159evodovka\" \/>\n<meta name=\"robots\" content=\"index, follow, max-snippet:-1, max-image-preview:large, max-video-preview:-1\" \/>\n<link rel=\"canonical\" href=\"https:\/\/all4camper.com\/cs\/vyber-tahouna-pro-karavan-pokracovani-prevodovka\/\" \/>\n<meta property=\"og:locale\" content=\"cs_CZ\" \/>\n<meta property=\"og:type\" content=\"article\" \/>\n<meta property=\"og:title\" content=\"V\u00fdb\u011br tahouna pro karavan pokra\u010dov\u00e1n\u00ed - p\u0159evodovka - All4Camper\" \/>\n<meta property=\"og:description\" content=\"All4Camper - V\u00fdb\u011br tahouna pro karavan pokra\u010dov\u00e1n\u00ed - p\u0159evodovka\" \/>\n<meta property=\"og:url\" content=\"https:\/\/all4camper.com\/cs\/vyber-tahouna-pro-karavan-pokracovani-prevodovka\/\" \/>\n<meta property=\"og:site_name\" content=\"All4Camper\" \/>\n<meta property=\"article:published_time\" content=\"2019-08-14T08:58:03+00:00\" \/>\n<meta property=\"article:modified_time\" content=\"2020-05-22T12:52:47+00:00\" \/>\n<meta property=\"og:image\" content=\"https:\/\/all4camper.com\/wp-content\/uploads\/2019\/08\/cropped-trailer-2663606_1280.jpg\" \/>\n\t<meta property=\"og:image:width\" content=\"1280\" \/>\n\t<meta property=\"og:image:height\" content=\"719\" \/>\n\t<meta property=\"og:image:type\" content=\"image\/jpeg\" \/>\n<meta name=\"author\" content=\"Kl\u00e1ra H\u00e1jkov\u00e1\" \/>\n<meta name=\"twitter:card\" content=\"summary_large_image\" \/>\n<meta name=\"twitter:label1\" content=\"Napsal(a)\" \/>\n\t<meta name=\"twitter:data1\" content=\"Kl\u00e1ra H\u00e1jkov\u00e1\" \/>\n\t<meta name=\"twitter:label2\" content=\"Odhadovan\u00e1 doba \u010dten\u00ed\" \/>\n\t<meta name=\"twitter:data2\" content=\"10 minut\" \/>\n<script type=\"application\/ld+json\" class=\"yoast-schema-graph\">{\"@context\":\"https:\\\/\\\/schema.org\",\"@graph\":[{\"@type\":\"Article\",\"@id\":\"https:\\\/\\\/all4camper.com\\\/cs\\\/vyber-tahouna-pro-karavan-pokracovani-prevodovka\\\/#article\",\"isPartOf\":{\"@id\":\"https:\\\/\\\/all4camper.com\\\/cs\\\/vyber-tahouna-pro-karavan-pokracovani-prevodovka\\\/\"},\"author\":{\"name\":\"Kl\u00e1ra H\u00e1jkov\u00e1\",\"@id\":\"https:\\\/\\\/all4camper.com\\\/cs\\\/#\\\/schema\\\/person\\\/c6f1efdf1d02bc7d8c53a891cbe18c62\"},\"headline\":\"V\u00fdb\u011br tahouna pro karavan pokra\u010dov\u00e1n\u00ed &#8211; p\u0159evodovka\",\"datePublished\":\"2019-08-14T08:58:03+00:00\",\"dateModified\":\"2020-05-22T12:52:47+00:00\",\"mainEntityOfPage\":{\"@id\":\"https:\\\/\\\/all4camper.com\\\/cs\\\/vyber-tahouna-pro-karavan-pokracovani-prevodovka\\\/\"},\"wordCount\":1937,\"publisher\":{\"@id\":\"https:\\\/\\\/all4camper.com\\\/cs\\\/#organization\"},\"image\":{\"@id\":\"https:\\\/\\\/all4camper.com\\\/cs\\\/vyber-tahouna-pro-karavan-pokracovani-prevodovka\\\/#primaryimage\"},\"thumbnailUrl\":\"https:\\\/\\\/all4camper.com\\\/wp-content\\\/uploads\\\/2019\\\/08\\\/cropped-trailer-2663606_1280.jpg\",\"keywords\":[\"Rady-tipy-informace\"],\"articleSection\":[\"Rady, tipy, informace\"],\"inLanguage\":\"cs\"},{\"@type\":\"WebPage\",\"@id\":\"https:\\\/\\\/all4camper.com\\\/cs\\\/vyber-tahouna-pro-karavan-pokracovani-prevodovka\\\/\",\"url\":\"https:\\\/\\\/all4camper.com\\\/cs\\\/vyber-tahouna-pro-karavan-pokracovani-prevodovka\\\/\",\"name\":\"V\u00fdb\u011br tahouna pro karavan pokra\u010dov\u00e1n\u00ed - p\u0159evodovka - All4Camper\",\"isPartOf\":{\"@id\":\"https:\\\/\\\/all4camper.com\\\/cs\\\/#website\"},\"primaryImageOfPage\":{\"@id\":\"https:\\\/\\\/all4camper.com\\\/cs\\\/vyber-tahouna-pro-karavan-pokracovani-prevodovka\\\/#primaryimage\"},\"image\":{\"@id\":\"https:\\\/\\\/all4camper.com\\\/cs\\\/vyber-tahouna-pro-karavan-pokracovani-prevodovka\\\/#primaryimage\"},\"thumbnailUrl\":\"https:\\\/\\\/all4camper.com\\\/wp-content\\\/uploads\\\/2019\\\/08\\\/cropped-trailer-2663606_1280.jpg\",\"datePublished\":\"2019-08-14T08:58:03+00:00\",\"dateModified\":\"2020-05-22T12:52:47+00:00\",\"description\":\"All4Camper - V\u00fdb\u011br tahouna pro karavan pokra\u010dov\u00e1n\u00ed - p\u0159evodovka\",\"breadcrumb\":{\"@id\":\"https:\\\/\\\/all4camper.com\\\/cs\\\/vyber-tahouna-pro-karavan-pokracovani-prevodovka\\\/#breadcrumb\"},\"inLanguage\":\"cs\",\"potentialAction\":[{\"@type\":\"ReadAction\",\"target\":[\"https:\\\/\\\/all4camper.com\\\/cs\\\/vyber-tahouna-pro-karavan-pokracovani-prevodovka\\\/\"]}]},{\"@type\":\"ImageObject\",\"inLanguage\":\"cs\",\"@id\":\"https:\\\/\\\/all4camper.com\\\/cs\\\/vyber-tahouna-pro-karavan-pokracovani-prevodovka\\\/#primaryimage\",\"url\":\"https:\\\/\\\/all4camper.com\\\/wp-content\\\/uploads\\\/2019\\\/08\\\/cropped-trailer-2663606_1280.jpg\",\"contentUrl\":\"https:\\\/\\\/all4camper.com\\\/wp-content\\\/uploads\\\/2019\\\/08\\\/cropped-trailer-2663606_1280.jpg\",\"width\":1280,\"height\":719},{\"@type\":\"BreadcrumbList\",\"@id\":\"https:\\\/\\\/all4camper.com\\\/cs\\\/vyber-tahouna-pro-karavan-pokracovani-prevodovka\\\/#breadcrumb\",\"itemListElement\":[{\"@type\":\"ListItem\",\"position\":1,\"name\":\"Dom\u016f\",\"item\":\"https:\\\/\\\/all4camper.com\\\/cs\\\/\"},{\"@type\":\"ListItem\",\"position\":2,\"name\":\"Rady, tipy, informace\",\"item\":\"https:\\\/\\\/all4camper.com\\\/cs\\\/category\\\/rady-tipy-informace\\\/\"},{\"@type\":\"ListItem\",\"position\":3,\"name\":\"V\u00fdb\u011br tahouna pro karavan pokra\u010dov\u00e1n\u00ed &#8211; p\u0159evodovka\"}]},{\"@type\":\"WebSite\",\"@id\":\"https:\\\/\\\/all4camper.com\\\/cs\\\/#website\",\"url\":\"https:\\\/\\\/all4camper.com\\\/cs\\\/\",\"name\":\"All4Camper\",\"description\":\"Nejv\u011bt\u0161\u00ed online magaz\u00edn o kempov\u00e1n\u00ed a karavaninku. V\u00edce jak 900 \u010dl\u00e1nk\u016f pln\u00fdch rad a tip\u016f o kempech a kempov\u00e1n\u00ed.\",\"publisher\":{\"@id\":\"https:\\\/\\\/all4camper.com\\\/cs\\\/#organization\"},\"potentialAction\":[{\"@type\":\"SearchAction\",\"target\":{\"@type\":\"EntryPoint\",\"urlTemplate\":\"https:\\\/\\\/all4camper.com\\\/cs\\\/?s={search_term_string}\"},\"query-input\":{\"@type\":\"PropertyValueSpecification\",\"valueRequired\":true,\"valueName\":\"search_term_string\"}}],\"inLanguage\":\"cs\"},{\"@type\":\"Organization\",\"@id\":\"https:\\\/\\\/all4camper.com\\\/cs\\\/#organization\",\"name\":\"All4Camper - kempujeme s Kl\u00e1rou\",\"url\":\"https:\\\/\\\/all4camper.com\\\/cs\\\/\",\"logo\":{\"@type\":\"ImageObject\",\"inLanguage\":\"cs\",\"@id\":\"https:\\\/\\\/all4camper.com\\\/cs\\\/#\\\/schema\\\/logo\\\/image\\\/\",\"url\":\"https:\\\/\\\/all4camper.com\\\/wp-content\\\/uploads\\\/2018\\\/09\\\/novelogo.png\",\"contentUrl\":\"https:\\\/\\\/all4camper.com\\\/wp-content\\\/uploads\\\/2018\\\/09\\\/novelogo.png\",\"width\":1520,\"height\":600,\"caption\":\"All4Camper - kempujeme s Kl\u00e1rou\"},\"image\":{\"@id\":\"https:\\\/\\\/all4camper.com\\\/cs\\\/#\\\/schema\\\/logo\\\/image\\\/\"}},{\"@type\":\"Person\",\"@id\":\"https:\\\/\\\/all4camper.com\\\/cs\\\/#\\\/schema\\\/person\\\/c6f1efdf1d02bc7d8c53a891cbe18c62\",\"name\":\"Kl\u00e1ra H\u00e1jkov\u00e1\",\"sameAs\":[\"http:\\\/\\\/www.all4camper.com\"],\"url\":\"https:\\\/\\\/all4camper.com\\\/cs\\\/author\\\/klarinkacestuje1\\\/\"}]}<\/script>\n<!-- \/ Yoast SEO plugin. -->","yoast_head_json":{"title":"V\u00fdb\u011br tahouna pro karavan pokra\u010dov\u00e1n\u00ed - p\u0159evodovka - All4Camper","description":"All4Camper - V\u00fdb\u011br tahouna pro karavan pokra\u010dov\u00e1n\u00ed - p\u0159evodovka","robots":{"index":"index","follow":"follow","max-snippet":"max-snippet:-1","max-image-preview":"max-image-preview:large","max-video-preview":"max-video-preview:-1"},"canonical":"https:\/\/all4camper.com\/cs\/vyber-tahouna-pro-karavan-pokracovani-prevodovka\/","og_locale":"cs_CZ","og_type":"article","og_title":"V\u00fdb\u011br tahouna pro karavan pokra\u010dov\u00e1n\u00ed - p\u0159evodovka - All4Camper","og_description":"All4Camper - V\u00fdb\u011br tahouna pro karavan pokra\u010dov\u00e1n\u00ed - p\u0159evodovka","og_url":"https:\/\/all4camper.com\/cs\/vyber-tahouna-pro-karavan-pokracovani-prevodovka\/","og_site_name":"All4Camper","article_published_time":"2019-08-14T08:58:03+00:00","article_modified_time":"2020-05-22T12:52:47+00:00","og_image":[{"width":1280,"height":719,"url":"https:\/\/all4camper.com\/wp-content\/uploads\/2019\/08\/cropped-trailer-2663606_1280.jpg","type":"image\/jpeg"}],"author":"Kl\u00e1ra H\u00e1jkov\u00e1","twitter_card":"summary_large_image","twitter_misc":{"Napsal(a)":"Kl\u00e1ra H\u00e1jkov\u00e1","Odhadovan\u00e1 doba \u010dten\u00ed":"10 minut"},"schema":{"@context":"https:\/\/schema.org","@graph":[{"@type":"Article","@id":"https:\/\/all4camper.com\/cs\/vyber-tahouna-pro-karavan-pokracovani-prevodovka\/#article","isPartOf":{"@id":"https:\/\/all4camper.com\/cs\/vyber-tahouna-pro-karavan-pokracovani-prevodovka\/"},"author":{"name":"Kl\u00e1ra H\u00e1jkov\u00e1","@id":"https:\/\/all4camper.com\/cs\/#\/schema\/person\/c6f1efdf1d02bc7d8c53a891cbe18c62"},"headline":"V\u00fdb\u011br tahouna pro karavan pokra\u010dov\u00e1n\u00ed &#8211; p\u0159evodovka","datePublished":"2019-08-14T08:58:03+00:00","dateModified":"2020-05-22T12:52:47+00:00","mainEntityOfPage":{"@id":"https:\/\/all4camper.com\/cs\/vyber-tahouna-pro-karavan-pokracovani-prevodovka\/"},"wordCount":1937,"publisher":{"@id":"https:\/\/all4camper.com\/cs\/#organization"},"image":{"@id":"https:\/\/all4camper.com\/cs\/vyber-tahouna-pro-karavan-pokracovani-prevodovka\/#primaryimage"},"thumbnailUrl":"https:\/\/all4camper.com\/wp-content\/uploads\/2019\/08\/cropped-trailer-2663606_1280.jpg","keywords":["Rady-tipy-informace"],"articleSection":["Rady, tipy, informace"],"inLanguage":"cs"},{"@type":"WebPage","@id":"https:\/\/all4camper.com\/cs\/vyber-tahouna-pro-karavan-pokracovani-prevodovka\/","url":"https:\/\/all4camper.com\/cs\/vyber-tahouna-pro-karavan-pokracovani-prevodovka\/","name":"V\u00fdb\u011br tahouna pro karavan pokra\u010dov\u00e1n\u00ed - p\u0159evodovka - All4Camper","isPartOf":{"@id":"https:\/\/all4camper.com\/cs\/#website"},"primaryImageOfPage":{"@id":"https:\/\/all4camper.com\/cs\/vyber-tahouna-pro-karavan-pokracovani-prevodovka\/#primaryimage"},"image":{"@id":"https:\/\/all4camper.com\/cs\/vyber-tahouna-pro-karavan-pokracovani-prevodovka\/#primaryimage"},"thumbnailUrl":"https:\/\/all4camper.com\/wp-content\/uploads\/2019\/08\/cropped-trailer-2663606_1280.jpg","datePublished":"2019-08-14T08:58:03+00:00","dateModified":"2020-05-22T12:52:47+00:00","description":"All4Camper - V\u00fdb\u011br tahouna pro karavan pokra\u010dov\u00e1n\u00ed - p\u0159evodovka","breadcrumb":{"@id":"https:\/\/all4camper.com\/cs\/vyber-tahouna-pro-karavan-pokracovani-prevodovka\/#breadcrumb"},"inLanguage":"cs","potentialAction":[{"@type":"ReadAction","target":["https:\/\/all4camper.com\/cs\/vyber-tahouna-pro-karavan-pokracovani-prevodovka\/"]}]},{"@type":"ImageObject","inLanguage":"cs","@id":"https:\/\/all4camper.com\/cs\/vyber-tahouna-pro-karavan-pokracovani-prevodovka\/#primaryimage","url":"https:\/\/all4camper.com\/wp-content\/uploads\/2019\/08\/cropped-trailer-2663606_1280.jpg","contentUrl":"https:\/\/all4camper.com\/wp-content\/uploads\/2019\/08\/cropped-trailer-2663606_1280.jpg","width":1280,"height":719},{"@type":"BreadcrumbList","@id":"https:\/\/all4camper.com\/cs\/vyber-tahouna-pro-karavan-pokracovani-prevodovka\/#breadcrumb","itemListElement":[{"@type":"ListItem","position":1,"name":"Dom\u016f","item":"https:\/\/all4camper.com\/cs\/"},{"@type":"ListItem","position":2,"name":"Rady, tipy, informace","item":"https:\/\/all4camper.com\/cs\/category\/rady-tipy-informace\/"},{"@type":"ListItem","position":3,"name":"V\u00fdb\u011br tahouna pro karavan pokra\u010dov\u00e1n\u00ed &#8211; p\u0159evodovka"}]},{"@type":"WebSite","@id":"https:\/\/all4camper.com\/cs\/#website","url":"https:\/\/all4camper.com\/cs\/","name":"All4Camper","description":"Nejv\u011bt\u0161\u00ed online magaz\u00edn o kempov\u00e1n\u00ed a karavaninku. V\u00edce jak 900 \u010dl\u00e1nk\u016f pln\u00fdch rad a tip\u016f o kempech a kempov\u00e1n\u00ed.","publisher":{"@id":"https:\/\/all4camper.com\/cs\/#organization"},"potentialAction":[{"@type":"SearchAction","target":{"@type":"EntryPoint","urlTemplate":"https:\/\/all4camper.com\/cs\/?s={search_term_string}"},"query-input":{"@type":"PropertyValueSpecification","valueRequired":true,"valueName":"search_term_string"}}],"inLanguage":"cs"},{"@type":"Organization","@id":"https:\/\/all4camper.com\/cs\/#organization","name":"All4Camper - kempujeme s Kl\u00e1rou","url":"https:\/\/all4camper.com\/cs\/","logo":{"@type":"ImageObject","inLanguage":"cs","@id":"https:\/\/all4camper.com\/cs\/#\/schema\/logo\/image\/","url":"https:\/\/all4camper.com\/wp-content\/uploads\/2018\/09\/novelogo.png","contentUrl":"https:\/\/all4camper.com\/wp-content\/uploads\/2018\/09\/novelogo.png","width":1520,"height":600,"caption":"All4Camper - kempujeme s Kl\u00e1rou"},"image":{"@id":"https:\/\/all4camper.com\/cs\/#\/schema\/logo\/image\/"}},{"@type":"Person","@id":"https:\/\/all4camper.com\/cs\/#\/schema\/person\/c6f1efdf1d02bc7d8c53a891cbe18c62","name":"Kl\u00e1ra H\u00e1jkov\u00e1","sameAs":["http:\/\/www.all4camper.com"],"url":"https:\/\/all4camper.com\/cs\/author\/klarinkacestuje1\/"}]}},"_links":{"self":[{"href":"https:\/\/all4camper.com\/cs\/wp-json\/wp\/v2\/posts\/80904","targetHints":{"allow":["GET"]}}],"collection":[{"href":"https:\/\/all4camper.com\/cs\/wp-json\/wp\/v2\/posts"}],"about":[{"href":"https:\/\/all4camper.com\/cs\/wp-json\/wp\/v2\/types\/post"}],"author":[{"embeddable":true,"href":"https:\/\/all4camper.com\/cs\/wp-json\/wp\/v2\/users\/4"}],"replies":[{"embeddable":true,"href":"https:\/\/all4camper.com\/cs\/wp-json\/wp\/v2\/comments?post=80904"}],"version-history":[{"count":0,"href":"https:\/\/all4camper.com\/cs\/wp-json\/wp\/v2\/posts\/80904\/revisions"}],"wp:featuredmedia":[{"embeddable":true,"href":"https:\/\/all4camper.com\/cs\/wp-json\/wp\/v2\/media\/80921"}],"wp:attachment":[{"href":"https:\/\/all4camper.com\/cs\/wp-json\/wp\/v2\/media?parent=80904"}],"wp:term":[{"taxonomy":"category","embeddable":true,"href":"https:\/\/all4camper.com\/cs\/wp-json\/wp\/v2\/categories?post=80904"},{"taxonomy":"post_tag","embeddable":true,"href":"https:\/\/all4camper.com\/cs\/wp-json\/wp\/v2\/tags?post=80904"}],"curies":[{"name":"wp","href":"https:\/\/api.w.org\/{rel}","templated":true}]}}