{"id":80862,"date":"2019-08-13T15:16:47","date_gmt":"2019-08-13T13:16:47","guid":{"rendered":"https:\/\/all4camper.com\/\/?p=80862"},"modified":"2020-04-21T14:54:45","modified_gmt":"2020-04-21T12:54:45","slug":"kempujeme-a-poznavame-historicke-lazne-karlova-studanka-a-krnov","status":"publish","type":"post","link":"https:\/\/all4camper.com\/cs\/kempujeme-a-poznavame-historicke-lazne-karlova-studanka-a-krnov\/","title":{"rendered":"Kempujeme a pozn\u00e1v\u00e1me historick\u00e9 l\u00e1zn\u011b Karlova Stud\u00e1nka a m\u011bsto Krnov"},"content":{"rendered":"\n<h4 class=\"wp-block-heading\">Pokud se na sv\u00fdch cest\u00e1ch budete pohybovat v Moravskoslezsk\u00e9m kraji, pak jedn\u00edm z mnoha va\u0161ich zastaven\u00edch by mohlo b\u00fdt m\u011bsto Krnov a n\u00e1sledn\u011b 40 km vzd\u00e1len\u00e9 horsk\u00e9 l\u00e1zn\u011b Karlova Stud\u00e1nka. Oboje toti\u017e za to zastaven\u00ed a pozn\u00e1n\u00ed stoj\u00ed, nebo\u0165 jak n\u011bkte\u0159\u00ed v\u00edte, Krnov je historick\u00e9 m\u011bsto s dlouholetou textiln\u00ed tradic\u00ed a Karlova Stud\u00e1nka je zn\u00e1ma zase zdej\u0161\u00ed l\u00e9\u010divou miner\u00e1ln\u00ed vodou, \u010dist\u00fdm vzduchem a kr\u00e1sn\u00fdm prost\u0159ed\u00edm.<\/h4>\n\n\n\n<figure class=\"wp-block-image\"><img loading=\"lazy\" decoding=\"async\" width=\"1440\" height=\"1080\" src=\"https:\/\/all4camper.com\/\/wp-content\/uploads\/2019\/08\/IMG_20190727_163937-1440x1080.jpg\" alt=\"\" class=\"wp-image-80863\" srcset=\"https:\/\/all4camper.com\/wp-content\/uploads\/2019\/08\/IMG_20190727_163937-1440x1080.jpg 1440w, https:\/\/all4camper.com\/wp-content\/uploads\/2019\/08\/IMG_20190727_163937-300x225.jpg 300w, https:\/\/all4camper.com\/wp-content\/uploads\/2019\/08\/IMG_20190727_163937-150x113.jpg 150w, https:\/\/all4camper.com\/wp-content\/uploads\/2019\/08\/IMG_20190727_163937-768x576.jpg 768w, https:\/\/all4camper.com\/wp-content\/uploads\/2019\/08\/IMG_20190727_163937-1536x1152.jpg 1536w, https:\/\/all4camper.com\/wp-content\/uploads\/2019\/08\/IMG_20190727_163937-2048x1536.jpg 2048w, https:\/\/all4camper.com\/wp-content\/uploads\/2019\/08\/IMG_20190727_163937-678x509.jpg 678w, https:\/\/all4camper.com\/wp-content\/uploads\/2019\/08\/IMG_20190727_163937-326x245.jpg 326w, https:\/\/all4camper.com\/wp-content\/uploads\/2019\/08\/IMG_20190727_163937-80x60.jpg 80w\" sizes=\"auto, (max-width: 1440px) 100vw, 1440px\" \/><figcaption>Krnov<\/figcaption><\/figure>\n\n\n\n<p>Sv\u00e9 psan\u00ed za\u010dnu m\u011bstem Krnov, nebo\u0165 po jeho n\u00e1v\u0161t\u011bv\u011b doporu\u010duji p\u0159ejet do v\u00fd\u0161e zm\u00edn\u011bn\u00e9 Karlovy Stud\u00e1nky vzd\u00e1len\u00e9 asi 6 km od kempu Dolina, kde m\u016f\u017eete p\u0159enocovat.<\/p>\n\n\n\n<h3 class=\"wp-block-heading\">M\u011bsto Krnov<\/h3>\n\n\n\n<p>Co byste m\u011bli p\u0159i n\u00e1v\u0161t\u011bv\u011b Krnova ur\u010dit\u011b nav\u0161t\u00edvit je z<strong>dej\u0161\u00ed synagoga. Jedn\u00e1 se toti\u017e o jedinou synagogu v tomto kraji, kter\u00e1 nebyla v r\u00e1mci K\u0159i\u0161\u0165\u00e1lov\u00e9 noci vyp\u00e1lena. <\/strong>Stalo se tak d\u00edky zdej\u0161\u00ed n\u011bmeckojazy\u010dn\u00e9 m\u011bstsk\u00e9 rad\u011b, kter\u00e1 neuposlechla p\u0159\u00edkaz z Berl\u00edna, zak\u00e1zala jej\u00ed vyrabov\u00e1n\u00ed a vyp\u00e1len\u00ed a rozhodla ji prom\u011bnit na tr\u017enici. Po v\u00e1lce zde pak bylo po n\u011bjakou dobu skladi\u0161t\u011b a n\u00e1sledn\u011b st\u00e1tn\u00ed archiv. P\u0159i jej\u00ed n\u00e1v\u0161t\u011bv\u011b si v n\u00ed m\u016f\u017eete mj. prohl\u00e9dnout muzejn\u00ed expozici p\u0159ipom\u00ednaj\u00edc\u00ed \u017eidovsk\u00e9 pr\u016fmysln\u00edky a vyn\u00e1lezce. Je tak\u00e9 dobr\u00e9 v\u011bd\u011bt, \u017ee tato synagoga je sou\u010d\u00e1st\u00ed Technostrasy, co\u017e je stezka po technick\u00fdch atraktivit\u00e1ch tohoto kraje a kterou si m\u016f\u017eete celou zobrazit na tomto <a rel=\"noreferrer noopener\" aria-label=\"odkazu (opens in a new tab)\" href=\"http:\/\/technotrasa.cz\/\" target=\"_blank\">odkazu<\/a>. <\/p>\n\n\n\n<figure class=\"wp-block-image\"><img loading=\"lazy\" decoding=\"async\" width=\"1280\" height=\"853\" src=\"https:\/\/all4camper.com\/\/wp-content\/uploads\/2019\/08\/syn.jpg\" alt=\"\" class=\"wp-image-80865\" srcset=\"https:\/\/all4camper.com\/wp-content\/uploads\/2019\/08\/syn.jpg 1280w, https:\/\/all4camper.com\/wp-content\/uploads\/2019\/08\/syn-150x100.jpg 150w, https:\/\/all4camper.com\/wp-content\/uploads\/2019\/08\/syn-300x200.jpg 300w, https:\/\/all4camper.com\/wp-content\/uploads\/2019\/08\/syn-768x512.jpg 768w\" sizes=\"auto, (max-width: 1280px) 100vw, 1280px\" \/><figcaption>Zdroj:  Moravian-Silesian Tourism <\/figcaption><\/figure>\n\n\n\n<p>Dal\u0161\u00ed zaj\u00edmavost\u00ed m\u011bsta je radnice a spo\u0159itelna, kter\u00e1 byla vystav\u011bna v&nbsp;roce 1901-1903 podle pl\u00e1n\u016f v\u00edde\u0148sk\u00e9ho architekta Moritze Hintragera a stoj\u00ed na m\u00edst\u011b b\u00fdval\u00e9 radnice ze 16. stolet\u00ed. Na radnici si nezapome\u0148te v\u0161imnout v\u011b\u017ee vysok\u00e9 52 metr\u016f, kter\u00e1 je v\u011brnou kopi\u00ed radni\u010dn\u00ed v\u011b\u017ee ve W\u00e4hringu, 18. obvodu ve V\u00eddni. Tuto v\u011b\u017e je mo\u017en\u00e9 nav\u0161t\u00edvit a odm\u011bnou za vystoup\u00e1n\u00ed nahoru v\u00e1m bude kr\u00e1sn\u00fd v\u00fdhled na m\u011bsto a jeho okol\u00ed. Prohl\u00eddky prob\u00edhaj\u00ed od 15. 5. do 15. 9., v\u017edy ve&nbsp;st\u0159edu od 10:00 a 14:00, v sobotu od 14:00 a v ned\u011bli od 9:00 hod.<\/p>\n\n\n\n<figure class=\"wp-block-image\"><img loading=\"lazy\" decoding=\"async\" width=\"799\" height=\"599\" src=\"https:\/\/all4camper.com\/\/wp-content\/uploads\/2019\/08\/sporitelna.jpg\" alt=\"\" class=\"wp-image-80866\" srcset=\"https:\/\/all4camper.com\/wp-content\/uploads\/2019\/08\/sporitelna.jpg 799w, https:\/\/all4camper.com\/wp-content\/uploads\/2019\/08\/sporitelna-150x112.jpg 150w, https:\/\/all4camper.com\/wp-content\/uploads\/2019\/08\/sporitelna-300x225.jpg 300w, https:\/\/all4camper.com\/wp-content\/uploads\/2019\/08\/sporitelna-768x576.jpg 768w, https:\/\/all4camper.com\/wp-content\/uploads\/2019\/08\/sporitelna-678x509.jpg 678w, https:\/\/all4camper.com\/wp-content\/uploads\/2019\/08\/sporitelna-326x245.jpg 326w, https:\/\/all4camper.com\/wp-content\/uploads\/2019\/08\/sporitelna-80x60.jpg 80w\" sizes=\"auto, (max-width: 799px) 100vw, 799px\" \/><figcaption>zdroj:  <a href=\"http:\/\/www.infokrnov.cz\/\" target=\"_blank\" rel=\"noreferrer noopener\" aria-label=\" (opens in a new tab)\">http:\/\/www.infokrnov.cz<\/a> <\/figcaption><\/figure>\n\n\n\n<p>No a proto\u017ee budete ve m\u011bst\u011b spojen\u00e9m s textiln\u00edmi tov\u00e1rnami, pak doporu\u010duji vyu\u017e\u00edt i komentovanou prohl\u00eddku<strong> &#8222;Po stop\u00e1ch textiln\u00ed historie&#8220;, kter\u00e1 se bude konat 21. 8. a 11. 9. od 16.00. <\/strong>Zavede v\u00e1s nejen do historick\u00e9ho centra m\u011bsta, ale tak\u00e9 na \u0158\u00ed\u010dn\u00ed okruh a k m\u011bstsk\u00e9mu muzeu. Na n\u00ed se dozv\u00edte v\u0161e o historii textiln\u00edch tov\u00e1ren a tov\u00e1rn\u00edk\u016f v tomto m\u011bst\u011b. Pokud ji nestihnete, nemus\u00edte zoufat. M\u016f\u017eete se tu sami proj\u00edt a nav\u0161t\u00edvit nejv\u00fdznamn\u011bj\u0161\u00ed vily zdej\u0161\u00edch tov\u00e1rn\u00edk\u016f, kter\u00e9 jsou opravdu honosn\u00e9. Soupis v\u0161ech vil najdete <a rel=\"noreferrer noopener\" aria-label=\"tady (opens in a new tab)\" href=\"http:\/\/www.infokrnov.cz\/cs\/zajimavosti-krnov\/vily\" target=\"_blank\">tady<\/a>.<\/p>\n\n\n\n<p><strong>V Krnov\u011b je toho samoz\u0159ejm\u011b k vid\u011bn\u00ed mnohem v\u00edce, av\u0161ak v\u0161e se mi do tohoto \u010dl\u00e1nku nevejde. Proto doporu\u010duji p\u0159ej\u00edt str\u00e1nky krnovsk\u00e9ho inforcentra, kde je v\u0161e p\u0159ehledn\u011b pops\u00e1no <\/strong><a rel=\"noreferrer noopener\" href=\"http:\/\/www.infokrnov.cz\/\" target=\"_blank\"><strong>http:\/\/www.infokrnov.cz<\/strong><\/a><strong> <\/strong><\/p>\n\n\n\n<h3 class=\"wp-block-heading\">Okol\u00ed Krnova na kolech<\/h3>\n\n\n\n<p>Pokud se rozhodnete prozkoumat okol\u00ed Krnova, pak m\u00e1m pro v\u00e1s super tip. <strong>V r\u00e1mci projektu &#8222;<a rel=\"noreferrer noopener\" aria-label=\"E-kola (opens in a new tab)\" href=\"https:\/\/severnimorava.travel\/musite-videt\/e-kola-pro-kraj\/homepage?fbclid=IwAR3SS7umRNVcLqXnezZ-o5k5qlAGl5EoxJHd2GSpUHA613Y5jrXaSwAxorA\" target=\"_blank\">E-kola<\/a> pro kraj&#8220; m\u00e1te toti\u017e mo\u017enost si v infocentru na n\u00e1m\u011bst\u00ed doslova za p\u00e1r korun pronajmout elektrokolo a vydat se na pozn\u00e1v\u00e1n\u00ed okol\u00ed.<\/strong> J\u00e1 jsem samoz\u0159ejm\u011b tuto mo\u017enost vyu\u017eila a bylo to perfektn\u00ed. <em>Detailn\u00ed informace o mo\u017enosti pron\u00e1jmu v Krnov\u011b najdete <\/em><a rel=\"noreferrer noopener\" aria-label=\"tady (opens in a new tab)\" href=\"http:\/\/www.infokrnov.cz\/cs\/o-nas\/pujcovna\/1619-pujcovna-kolobezky-elektrokola-trekove-hole-sachove-figurky\" target=\"_blank\"><em>tady<\/em><\/a><em>.<\/em><\/p>\n\n\n\n<figure class=\"wp-block-image\"><img loading=\"lazy\" decoding=\"async\" width=\"1440\" height=\"1080\" src=\"https:\/\/all4camper.com\/\/wp-content\/uploads\/2019\/08\/IMG_20190727_164320-1440x1080.jpg\" alt=\"\" class=\"wp-image-80867\" srcset=\"https:\/\/all4camper.com\/wp-content\/uploads\/2019\/08\/IMG_20190727_164320-1440x1080.jpg 1440w, https:\/\/all4camper.com\/wp-content\/uploads\/2019\/08\/IMG_20190727_164320-300x225.jpg 300w, https:\/\/all4camper.com\/wp-content\/uploads\/2019\/08\/IMG_20190727_164320-150x113.jpg 150w, https:\/\/all4camper.com\/wp-content\/uploads\/2019\/08\/IMG_20190727_164320-768x576.jpg 768w, https:\/\/all4camper.com\/wp-content\/uploads\/2019\/08\/IMG_20190727_164320-1536x1152.jpg 1536w, https:\/\/all4camper.com\/wp-content\/uploads\/2019\/08\/IMG_20190727_164320-2048x1536.jpg 2048w, https:\/\/all4camper.com\/wp-content\/uploads\/2019\/08\/IMG_20190727_164320-678x509.jpg 678w, https:\/\/all4camper.com\/wp-content\/uploads\/2019\/08\/IMG_20190727_164320-326x245.jpg 326w, https:\/\/all4camper.com\/wp-content\/uploads\/2019\/08\/IMG_20190727_164320-80x60.jpg 80w\" sizes=\"auto, (max-width: 1440px) 100vw, 1440px\" \/><\/figure>\n\n\n\n<p>A kam se vydat? Mo\u017enost\u00ed je opravdu mnoho. J\u00e1 jsem nap\u0159\u00edklad zvolila vyj\u00ed\u017e\u010fku elektrokolem na zdej\u0161\u00ed <strong>vrch Cvil\u00edn s poutn\u00edm kostelem a rozhlednou<\/strong> (pozor, rozhledna je aktu\u00e1ln\u011b zav\u0159en\u00e1). <strong>V\u00fdlet to byl par\u00e1dn\u00ed, proto\u017ee m\u00edsto abych minim\u00e1ln\u011b hodinku \u0161lapala p\u011b\u0161ky na vrch, na kole jsem tam byla za 10 minut.<\/strong> Samoz\u0159ejm\u011b jsem se nezapomn\u011bla po cest\u011b kochat v\u00fdhledy na zdej\u0161\u00ed krajinu. Tak\u017ee tuto slu\u017ebu ur\u010dit\u011b doporu\u010duji. Dal\u0161\u00ed tipy na v\u00fdlety v okol\u00ed najdete <a href=\"http:\/\/www.infokrnov.cz\/cs\/tipy-na-vylet\" target=\"_blank\" rel=\"noreferrer noopener\" aria-label=\"tady (opens in a new tab)\">tady<\/a>.<\/p>\n\n\n\n<figure class=\"wp-block-image\"><img loading=\"lazy\" decoding=\"async\" width=\"1440\" height=\"1080\" src=\"https:\/\/all4camper.com\/\/wp-content\/uploads\/2019\/08\/IMG_20190727_183332-1440x1080.jpg\" alt=\"\" class=\"wp-image-80868\" srcset=\"https:\/\/all4camper.com\/wp-content\/uploads\/2019\/08\/IMG_20190727_183332-1440x1080.jpg 1440w, https:\/\/all4camper.com\/wp-content\/uploads\/2019\/08\/IMG_20190727_183332-300x225.jpg 300w, https:\/\/all4camper.com\/wp-content\/uploads\/2019\/08\/IMG_20190727_183332-150x113.jpg 150w, https:\/\/all4camper.com\/wp-content\/uploads\/2019\/08\/IMG_20190727_183332-768x576.jpg 768w, https:\/\/all4camper.com\/wp-content\/uploads\/2019\/08\/IMG_20190727_183332-1536x1152.jpg 1536w, https:\/\/all4camper.com\/wp-content\/uploads\/2019\/08\/IMG_20190727_183332-2048x1536.jpg 2048w, https:\/\/all4camper.com\/wp-content\/uploads\/2019\/08\/IMG_20190727_183332-678x509.jpg 678w, https:\/\/all4camper.com\/wp-content\/uploads\/2019\/08\/IMG_20190727_183332-326x245.jpg 326w, https:\/\/all4camper.com\/wp-content\/uploads\/2019\/08\/IMG_20190727_183332-80x60.jpg 80w\" sizes=\"auto, (max-width: 1440px) 100vw, 1440px\" \/><\/figure>\n\n\n\n<p>A co kdy\u017e chcete dojet na Civil\u00edn s karavanem? Co jsem se tam rozhl\u00ed\u017eela, tak mo\u017enost parkov\u00e1n\u00ed pro jedno obytn\u00e9 auto \u010di karavan tam je. Tak\u017ee si tam ur\u010dit\u011b zaje\u010fte. <strong>Nejen\u017ee zde m\u00e1te mo\u017enost nav\u0161t\u00edvit poutn\u00ed kostel, kter\u00fd je duchovn\u00ed perlou Slezska a je p\u0159ezd\u00edv\u00e1n jako Slezsk\u00fd krnovsk\u00fd Kope\u010dek, ale tak\u00e9 tu m\u016f\u017eete zaj\u00edt na nedalekou vyhl\u00eddku. <\/strong>Cel\u00e9 m\u00edsto m\u00e1 kr\u00e1snou atmosf\u00e9ru a ur\u010dit\u011b se v\u00e1m tu bude l\u00edbit. No a naj\u00edst se m\u016f\u017eete v hotelu Civil\u00edn, kde opravdu moc dob\u0159e va\u0159\u00ed a za p\u011bkn\u00e9ho po\u010das\u00ed je v n\u011bm otev\u0159ena panoramatick\u00e1 terasa. D\u00edky tomu si ob\u011bd je\u0161t\u011b v\u00edce vychutn\u00e1te. Dal\u0161\u00ed informace o tomto m\u00edst\u011b si m\u016f\u017eete p\u0159e\u010d\u00edst <a rel=\"noreferrer noopener\" aria-label=\"tady (opens in a new tab)\" href=\"http:\/\/www.infokrnov.cz\/cs\/zajimavosti-krnov\/21-poutni-kostel-panny-marie-sedmibolestne\" target=\"_blank\">tady<\/a>.<\/p>\n\n\n\n<figure class=\"wp-block-image\"><img loading=\"lazy\" decoding=\"async\" width=\"1440\" height=\"1080\" src=\"https:\/\/all4camper.com\/\/wp-content\/uploads\/2019\/08\/IMG_20190727_184556-1440x1080.jpg\" alt=\"\" class=\"wp-image-80869\" srcset=\"https:\/\/all4camper.com\/wp-content\/uploads\/2019\/08\/IMG_20190727_184556-1440x1080.jpg 1440w, https:\/\/all4camper.com\/wp-content\/uploads\/2019\/08\/IMG_20190727_184556-300x225.jpg 300w, https:\/\/all4camper.com\/wp-content\/uploads\/2019\/08\/IMG_20190727_184556-150x113.jpg 150w, https:\/\/all4camper.com\/wp-content\/uploads\/2019\/08\/IMG_20190727_184556-768x576.jpg 768w, https:\/\/all4camper.com\/wp-content\/uploads\/2019\/08\/IMG_20190727_184556-1536x1152.jpg 1536w, https:\/\/all4camper.com\/wp-content\/uploads\/2019\/08\/IMG_20190727_184556-2048x1536.jpg 2048w, https:\/\/all4camper.com\/wp-content\/uploads\/2019\/08\/IMG_20190727_184556-678x509.jpg 678w, https:\/\/all4camper.com\/wp-content\/uploads\/2019\/08\/IMG_20190727_184556-326x245.jpg 326w, https:\/\/all4camper.com\/wp-content\/uploads\/2019\/08\/IMG_20190727_184556-80x60.jpg 80w\" sizes=\"auto, (max-width: 1440px) 100vw, 1440px\" \/><\/figure>\n\n\n\n<h3 class=\"wp-block-heading\">Horsk\u00e9 l\u00e1zn\u011b Karlova Stud\u00e1nka<\/h3>\n\n\n\n<p>Z Krnova se p\u0159esouv\u00e1me do t\u011bchto kr\u00e1sn\u00fdch <strong>horsk\u00fdch l\u00e1zn\u00ed s nej\u010dist\u0161\u00edm vzduchem v \u010cesk\u00e9 republice srovnateln\u00fdm s alpsk\u00fdm prost\u0159ed\u00edm. <\/strong>Pro \u00faplnost je\u0161t\u011b dod\u00e1v\u00e1m, \u017ee se jedn\u00e1 o nejv\u00fd\u0161e polo\u017een\u00e9 l\u00e1zn\u011b u n\u00e1s a jsou postaveny v unik\u00e1tn\u00edm architektonick\u00e9m stylu horsk\u00e9ho charakteru. <\/p>\n\n\n\n<figure class=\"wp-block-image\"><img loading=\"lazy\" decoding=\"async\" width=\"1440\" height=\"1080\" src=\"https:\/\/all4camper.com\/\/wp-content\/uploads\/2019\/08\/IMG_20190728_175933-1440x1080.jpg\" alt=\"\" class=\"wp-image-80895\" srcset=\"https:\/\/all4camper.com\/wp-content\/uploads\/2019\/08\/IMG_20190728_175933-1440x1080.jpg 1440w, https:\/\/all4camper.com\/wp-content\/uploads\/2019\/08\/IMG_20190728_175933-300x225.jpg 300w, https:\/\/all4camper.com\/wp-content\/uploads\/2019\/08\/IMG_20190728_175933-150x113.jpg 150w, https:\/\/all4camper.com\/wp-content\/uploads\/2019\/08\/IMG_20190728_175933-768x576.jpg 768w, https:\/\/all4camper.com\/wp-content\/uploads\/2019\/08\/IMG_20190728_175933-1536x1152.jpg 1536w, https:\/\/all4camper.com\/wp-content\/uploads\/2019\/08\/IMG_20190728_175933-2048x1536.jpg 2048w, https:\/\/all4camper.com\/wp-content\/uploads\/2019\/08\/IMG_20190728_175933-678x509.jpg 678w, https:\/\/all4camper.com\/wp-content\/uploads\/2019\/08\/IMG_20190728_175933-326x245.jpg 326w, https:\/\/all4camper.com\/wp-content\/uploads\/2019\/08\/IMG_20190728_175933-80x60.jpg 80w\" sizes=\"auto, (max-width: 1440px) 100vw, 1440px\" \/><\/figure>\n\n\n\n<p>P\u0159i jejich n\u00e1v\u0161t\u011bv\u011b se zastavte v pitn\u00e9m pavilonu, kde stoj\u00ed za to ochutnat zdej\u0161\u00ed miner\u00e1ln\u00ed vodu. Tak\u00e9 si zajd\u011bte ke zdej\u0161\u00edmu mal\u00e9mu vodop\u00e1du. No a samoz\u0159ejm\u011b tu m\u00e1te mo\u017enost si zvenku prohl\u00e9dnout l\u00e1ze\u0148sk\u00e9 domy. Cel\u00e1 obec je opravdu moc hezk\u00e1 a jej\u00ed zelen\u00e9 prost\u0159ed\u00ed s parky l\u00e1k\u00e1 k dal\u0161\u00edm proch\u00e1zk\u00e1m a prozkoum\u00e1v\u00e1n\u00ed.<\/p>\n\n\n\n<figure class=\"wp-block-image\"><img loading=\"lazy\" decoding=\"async\" width=\"1440\" height=\"1080\" src=\"https:\/\/all4camper.com\/\/wp-content\/uploads\/2019\/08\/IMG_20190728_180438-1440x1080.jpg\" alt=\"\" class=\"wp-image-80872\" srcset=\"https:\/\/all4camper.com\/wp-content\/uploads\/2019\/08\/IMG_20190728_180438-1440x1080.jpg 1440w, https:\/\/all4camper.com\/wp-content\/uploads\/2019\/08\/IMG_20190728_180438-300x225.jpg 300w, https:\/\/all4camper.com\/wp-content\/uploads\/2019\/08\/IMG_20190728_180438-150x113.jpg 150w, https:\/\/all4camper.com\/wp-content\/uploads\/2019\/08\/IMG_20190728_180438-768x576.jpg 768w, https:\/\/all4camper.com\/wp-content\/uploads\/2019\/08\/IMG_20190728_180438-1536x1152.jpg 1536w, https:\/\/all4camper.com\/wp-content\/uploads\/2019\/08\/IMG_20190728_180438-2048x1536.jpg 2048w, https:\/\/all4camper.com\/wp-content\/uploads\/2019\/08\/IMG_20190728_180438-678x509.jpg 678w, https:\/\/all4camper.com\/wp-content\/uploads\/2019\/08\/IMG_20190728_180438-326x245.jpg 326w, https:\/\/all4camper.com\/wp-content\/uploads\/2019\/08\/IMG_20190728_180438-80x60.jpg 80w\" sizes=\"auto, (max-width: 1440px) 100vw, 1440px\" \/><\/figure>\n\n\n\n<p>V okol\u00ed stud\u00e1nky vede n\u011bkolik stezek, kter\u00e9 v\u00e1s zavedou nap\u0159\u00edklad ke kapli svat\u00e9ho Huberta, na Prad\u011bd \u010di v\u00e1s provedou po nau\u010dn\u00e9 stezce B\u00edl\u00e1 Opava. Je toho tady opravdu hodn\u011b k vid\u011bn\u00ed a op\u011bt, i zde, m\u016f\u017eete vyu\u017e\u00edt mo\u017enost pron\u00e1jmu elektrokola. I tyto l\u00e1zn\u011b jsou zapojeny do v\u00fd\u0161e zm\u00edn\u011bn\u00e9ho projektu <strong><a rel=\"noreferrer noopener\" href=\"https:\/\/severnimorava.travel\/musite-videt\/e-kola-pro-kraj\/homepage?fbclid=IwAR3SS7umRNVcLqXnezZ-o5k5qlAGl5EoxJHd2GSpUHA613Y5jrXaSwAxorA\" target=\"_blank\">E-kola<\/a> pro kraj<\/strong>.<\/p>\n\n\n\n<figure class=\"wp-block-image\"><img loading=\"lazy\" decoding=\"async\" width=\"1440\" height=\"1080\" src=\"https:\/\/all4camper.com\/\/wp-content\/uploads\/2019\/08\/IMG_20190728_175807-1440x1080.jpg\" alt=\"\" class=\"wp-image-80875\" srcset=\"https:\/\/all4camper.com\/wp-content\/uploads\/2019\/08\/IMG_20190728_175807-1440x1080.jpg 1440w, https:\/\/all4camper.com\/wp-content\/uploads\/2019\/08\/IMG_20190728_175807-300x225.jpg 300w, https:\/\/all4camper.com\/wp-content\/uploads\/2019\/08\/IMG_20190728_175807-150x113.jpg 150w, https:\/\/all4camper.com\/wp-content\/uploads\/2019\/08\/IMG_20190728_175807-768x576.jpg 768w, https:\/\/all4camper.com\/wp-content\/uploads\/2019\/08\/IMG_20190728_175807-1536x1152.jpg 1536w, https:\/\/all4camper.com\/wp-content\/uploads\/2019\/08\/IMG_20190728_175807-2048x1536.jpg 2048w, https:\/\/all4camper.com\/wp-content\/uploads\/2019\/08\/IMG_20190728_175807-678x509.jpg 678w, https:\/\/all4camper.com\/wp-content\/uploads\/2019\/08\/IMG_20190728_175807-326x245.jpg 326w, https:\/\/all4camper.com\/wp-content\/uploads\/2019\/08\/IMG_20190728_175807-80x60.jpg 80w\" sizes=\"auto, (max-width: 1440px) 100vw, 1440px\" \/><\/figure>\n\n\n\n<h4 class=\"wp-block-heading\">A kde kempovat?<\/h4>\n\n\n\n<p>Asi 6 kilometr\u016f od Karlovy Stud\u00e1nky le\u017e\u00ed kemp Dolina (<a rel=\"noreferrer noopener\" aria-label=\" (opens in a new tab)\" href=\"https:\/\/www.autokemp-vrbno.cz\/\" target=\"_blank\">autokemp-vrbno.cz<\/a>).Nejedn\u00e1 se o modern\u00ed kemp, av\u0161ak jeho udr\u017eovan\u00e1 a prostorn\u00e1 kempingov\u00e1 louka v\u00e1m poskytne dostate\u010dn\u00e9 z\u00e1zem\u00ed pro kempov\u00e1n\u00ed s karavanem \u010di stanem. V kempu jsou samoz\u0159ejm\u011b i soci\u00e1lky, av\u0161ak mus\u00edte po\u010d\u00edtat s t\u00edm, \u017ee u\u017e maj\u00ed n\u011bco m\u00e1lo za sebou. Nicm\u00e9n\u011b sv\u016fj \u00fa\u010del spln\u00ed a ur\u010dit\u011b je fajn, \u017ee jsou \u010dist\u00e9 a pln\u011b funk\u010dn\u00ed. Tak\u017ee i tento kemp chv\u00e1l\u00edm.<\/p>\n\n\n\n<p>Jeho velkou p\u0159idanou hodnotou je tak\u00e9 jeho poloha. Nejen\u017ee v okol\u00ed najdete mnoho mo\u017enost\u00ed pro po\u0159\u00e1d\u00e1n\u00ed v\u00fdlet\u016f, ale i zde si m\u016f\u017eete zap\u016fj\u010dit elektrokola a zajet t\u0159eba do zmi\u0148ovan\u00e9 Karlovy Stud\u00e1nky&#8230; Anebo t\u0159eba na nedalek\u00fd Prad\u011bd. A\u0165 u\u017e je to jakkoliv, tento kemp ur\u010dit\u011b bude pro v\u00e1s dobr\u00fdm z\u00e1zem\u00edm a startovac\u00edm bodem pro pozn\u00e1v\u00e1n\u00ed zdej\u0161\u00ed p\u0159\u00edrody a okol\u00ed.<\/p>\n\n\n\n<figure class=\"wp-block-gallery columns-2 is-cropped wp-block-gallery-1 is-layout-flex wp-block-gallery-is-layout-flex\"><ul class=\"blocks-gallery-grid\"><li class=\"blocks-gallery-item\"><figure><img loading=\"lazy\" decoding=\"async\" width=\"1440\" height=\"1080\" src=\"https:\/\/all4camper.com\/\/wp-content\/uploads\/2019\/08\/IMG_20190728_171509-1440x1080.jpg\" alt=\"\" data-id=\"80877\" data-link=\"https:\/\/all4camper.com\/\/?attachment_id=80877\" class=\"wp-image-80877\" srcset=\"https:\/\/all4camper.com\/wp-content\/uploads\/2019\/08\/IMG_20190728_171509-1440x1080.jpg 1440w, https:\/\/all4camper.com\/wp-content\/uploads\/2019\/08\/IMG_20190728_171509-300x225.jpg 300w, https:\/\/all4camper.com\/wp-content\/uploads\/2019\/08\/IMG_20190728_171509-150x113.jpg 150w, https:\/\/all4camper.com\/wp-content\/uploads\/2019\/08\/IMG_20190728_171509-768x576.jpg 768w, https:\/\/all4camper.com\/wp-content\/uploads\/2019\/08\/IMG_20190728_171509-1536x1152.jpg 1536w, https:\/\/all4camper.com\/wp-content\/uploads\/2019\/08\/IMG_20190728_171509-2048x1536.jpg 2048w, https:\/\/all4camper.com\/wp-content\/uploads\/2019\/08\/IMG_20190728_171509-678x509.jpg 678w, https:\/\/all4camper.com\/wp-content\/uploads\/2019\/08\/IMG_20190728_171509-326x245.jpg 326w, https:\/\/all4camper.com\/wp-content\/uploads\/2019\/08\/IMG_20190728_171509-80x60.jpg 80w\" sizes=\"auto, (max-width: 1440px) 100vw, 1440px\" \/><\/figure><\/li><li class=\"blocks-gallery-item\"><figure><img loading=\"lazy\" decoding=\"async\" width=\"1440\" height=\"1080\" src=\"https:\/\/all4camper.com\/\/wp-content\/uploads\/2019\/08\/IMG_20190728_171637-1440x1080.jpg\" alt=\"\" data-id=\"80878\" data-link=\"https:\/\/all4camper.com\/\/?attachment_id=80878\" class=\"wp-image-80878\" srcset=\"https:\/\/all4camper.com\/wp-content\/uploads\/2019\/08\/IMG_20190728_171637-1440x1080.jpg 1440w, https:\/\/all4camper.com\/wp-content\/uploads\/2019\/08\/IMG_20190728_171637-300x225.jpg 300w, https:\/\/all4camper.com\/wp-content\/uploads\/2019\/08\/IMG_20190728_171637-150x113.jpg 150w, https:\/\/all4camper.com\/wp-content\/uploads\/2019\/08\/IMG_20190728_171637-768x576.jpg 768w, https:\/\/all4camper.com\/wp-content\/uploads\/2019\/08\/IMG_20190728_171637-1536x1152.jpg 1536w, https:\/\/all4camper.com\/wp-content\/uploads\/2019\/08\/IMG_20190728_171637-2048x1536.jpg 2048w, https:\/\/all4camper.com\/wp-content\/uploads\/2019\/08\/IMG_20190728_171637-678x509.jpg 678w, https:\/\/all4camper.com\/wp-content\/uploads\/2019\/08\/IMG_20190728_171637-326x245.jpg 326w, https:\/\/all4camper.com\/wp-content\/uploads\/2019\/08\/IMG_20190728_171637-80x60.jpg 80w\" sizes=\"auto, (max-width: 1440px) 100vw, 1440px\" \/><\/figure><\/li><li class=\"blocks-gallery-item\"><figure><img loading=\"lazy\" decoding=\"async\" width=\"1440\" height=\"1080\" src=\"https:\/\/all4camper.com\/\/wp-content\/uploads\/2019\/08\/IMG_20190728_172038-1440x1080.jpg\" alt=\"\" data-id=\"80879\" data-link=\"https:\/\/all4camper.com\/\/?attachment_id=80879\" class=\"wp-image-80879\" srcset=\"https:\/\/all4camper.com\/wp-content\/uploads\/2019\/08\/IMG_20190728_172038-1440x1080.jpg 1440w, https:\/\/all4camper.com\/wp-content\/uploads\/2019\/08\/IMG_20190728_172038-300x225.jpg 300w, https:\/\/all4camper.com\/wp-content\/uploads\/2019\/08\/IMG_20190728_172038-150x113.jpg 150w, https:\/\/all4camper.com\/wp-content\/uploads\/2019\/08\/IMG_20190728_172038-768x576.jpg 768w, https:\/\/all4camper.com\/wp-content\/uploads\/2019\/08\/IMG_20190728_172038-1536x1152.jpg 1536w, https:\/\/all4camper.com\/wp-content\/uploads\/2019\/08\/IMG_20190728_172038-2048x1536.jpg 2048w, https:\/\/all4camper.com\/wp-content\/uploads\/2019\/08\/IMG_20190728_172038-678x509.jpg 678w, https:\/\/all4camper.com\/wp-content\/uploads\/2019\/08\/IMG_20190728_172038-326x245.jpg 326w, https:\/\/all4camper.com\/wp-content\/uploads\/2019\/08\/IMG_20190728_172038-80x60.jpg 80w\" sizes=\"auto, (max-width: 1440px) 100vw, 1440px\" \/><\/figure><\/li><li class=\"blocks-gallery-item\"><figure><img loading=\"lazy\" decoding=\"async\" width=\"1440\" height=\"1080\" src=\"https:\/\/all4camper.com\/\/wp-content\/uploads\/2019\/08\/IMG_20190728_172259-1440x1080.jpg\" alt=\"\" data-id=\"80881\" data-link=\"https:\/\/all4camper.com\/\/?attachment_id=80881\" class=\"wp-image-80881\" srcset=\"https:\/\/all4camper.com\/wp-content\/uploads\/2019\/08\/IMG_20190728_172259-1440x1080.jpg 1440w, https:\/\/all4camper.com\/wp-content\/uploads\/2019\/08\/IMG_20190728_172259-300x225.jpg 300w, https:\/\/all4camper.com\/wp-content\/uploads\/2019\/08\/IMG_20190728_172259-150x113.jpg 150w, https:\/\/all4camper.com\/wp-content\/uploads\/2019\/08\/IMG_20190728_172259-768x576.jpg 768w, https:\/\/all4camper.com\/wp-content\/uploads\/2019\/08\/IMG_20190728_172259-1536x1152.jpg 1536w, https:\/\/all4camper.com\/wp-content\/uploads\/2019\/08\/IMG_20190728_172259-2048x1536.jpg 2048w, https:\/\/all4camper.com\/wp-content\/uploads\/2019\/08\/IMG_20190728_172259-678x509.jpg 678w, https:\/\/all4camper.com\/wp-content\/uploads\/2019\/08\/IMG_20190728_172259-326x245.jpg 326w, https:\/\/all4camper.com\/wp-content\/uploads\/2019\/08\/IMG_20190728_172259-80x60.jpg 80w\" sizes=\"auto, (max-width: 1440px) 100vw, 1440px\" \/><\/figure><\/li><li class=\"blocks-gallery-item\"><figure><img loading=\"lazy\" decoding=\"async\" width=\"1440\" height=\"1080\" src=\"https:\/\/all4camper.com\/\/wp-content\/uploads\/2019\/08\/IMG_20190728_172343-1440x1080.jpg\" alt=\"\" data-id=\"80882\" data-link=\"https:\/\/all4camper.com\/\/?attachment_id=80882\" class=\"wp-image-80882\" srcset=\"https:\/\/all4camper.com\/wp-content\/uploads\/2019\/08\/IMG_20190728_172343-1440x1080.jpg 1440w, https:\/\/all4camper.com\/wp-content\/uploads\/2019\/08\/IMG_20190728_172343-300x225.jpg 300w, https:\/\/all4camper.com\/wp-content\/uploads\/2019\/08\/IMG_20190728_172343-150x113.jpg 150w, https:\/\/all4camper.com\/wp-content\/uploads\/2019\/08\/IMG_20190728_172343-768x576.jpg 768w, https:\/\/all4camper.com\/wp-content\/uploads\/2019\/08\/IMG_20190728_172343-1536x1152.jpg 1536w, https:\/\/all4camper.com\/wp-content\/uploads\/2019\/08\/IMG_20190728_172343-2048x1536.jpg 2048w, https:\/\/all4camper.com\/wp-content\/uploads\/2019\/08\/IMG_20190728_172343-678x509.jpg 678w, https:\/\/all4camper.com\/wp-content\/uploads\/2019\/08\/IMG_20190728_172343-326x245.jpg 326w, https:\/\/all4camper.com\/wp-content\/uploads\/2019\/08\/IMG_20190728_172343-80x60.jpg 80w\" sizes=\"auto, (max-width: 1440px) 100vw, 1440px\" \/><\/figure><\/li><li class=\"blocks-gallery-item\"><figure><img loading=\"lazy\" decoding=\"async\" width=\"1440\" height=\"1080\" src=\"https:\/\/all4camper.com\/\/wp-content\/uploads\/2019\/08\/IMG_20190728_172645-1440x1080.jpg\" alt=\"\" data-id=\"80883\" data-link=\"https:\/\/all4camper.com\/\/?attachment_id=80883\" class=\"wp-image-80883\" srcset=\"https:\/\/all4camper.com\/wp-content\/uploads\/2019\/08\/IMG_20190728_172645-1440x1080.jpg 1440w, https:\/\/all4camper.com\/wp-content\/uploads\/2019\/08\/IMG_20190728_172645-300x225.jpg 300w, https:\/\/all4camper.com\/wp-content\/uploads\/2019\/08\/IMG_20190728_172645-150x113.jpg 150w, https:\/\/all4camper.com\/wp-content\/uploads\/2019\/08\/IMG_20190728_172645-768x576.jpg 768w, https:\/\/all4camper.com\/wp-content\/uploads\/2019\/08\/IMG_20190728_172645-1536x1152.jpg 1536w, https:\/\/all4camper.com\/wp-content\/uploads\/2019\/08\/IMG_20190728_172645-2048x1536.jpg 2048w, https:\/\/all4camper.com\/wp-content\/uploads\/2019\/08\/IMG_20190728_172645-678x509.jpg 678w, https:\/\/all4camper.com\/wp-content\/uploads\/2019\/08\/IMG_20190728_172645-326x245.jpg 326w, https:\/\/all4camper.com\/wp-content\/uploads\/2019\/08\/IMG_20190728_172645-80x60.jpg 80w\" sizes=\"auto, (max-width: 1440px) 100vw, 1440px\" \/><\/figure><\/li><li class=\"blocks-gallery-item\"><figure><img loading=\"lazy\" decoding=\"async\" width=\"1440\" height=\"1080\" src=\"https:\/\/all4camper.com\/\/wp-content\/uploads\/2019\/08\/IMG_20190728_172711-1440x1080.jpg\" alt=\"\" data-id=\"80884\" data-link=\"https:\/\/all4camper.com\/\/?attachment_id=80884\" class=\"wp-image-80884\" srcset=\"https:\/\/all4camper.com\/wp-content\/uploads\/2019\/08\/IMG_20190728_172711-1440x1080.jpg 1440w, https:\/\/all4camper.com\/wp-content\/uploads\/2019\/08\/IMG_20190728_172711-300x225.jpg 300w, https:\/\/all4camper.com\/wp-content\/uploads\/2019\/08\/IMG_20190728_172711-150x113.jpg 150w, https:\/\/all4camper.com\/wp-content\/uploads\/2019\/08\/IMG_20190728_172711-768x576.jpg 768w, https:\/\/all4camper.com\/wp-content\/uploads\/2019\/08\/IMG_20190728_172711-1536x1152.jpg 1536w, https:\/\/all4camper.com\/wp-content\/uploads\/2019\/08\/IMG_20190728_172711-2048x1536.jpg 2048w, https:\/\/all4camper.com\/wp-content\/uploads\/2019\/08\/IMG_20190728_172711-678x509.jpg 678w, https:\/\/all4camper.com\/wp-content\/uploads\/2019\/08\/IMG_20190728_172711-326x245.jpg 326w, https:\/\/all4camper.com\/wp-content\/uploads\/2019\/08\/IMG_20190728_172711-80x60.jpg 80w\" sizes=\"auto, (max-width: 1440px) 100vw, 1440px\" \/><\/figure><\/li><li class=\"blocks-gallery-item\"><figure><img loading=\"lazy\" decoding=\"async\" width=\"1440\" height=\"1080\" src=\"https:\/\/all4camper.com\/\/wp-content\/uploads\/2019\/08\/IMG_20190728_172928-1440x1080.jpg\" alt=\"\" data-id=\"80885\" data-link=\"https:\/\/all4camper.com\/\/?attachment_id=80885\" class=\"wp-image-80885\" srcset=\"https:\/\/all4camper.com\/wp-content\/uploads\/2019\/08\/IMG_20190728_172928-1440x1080.jpg 1440w, https:\/\/all4camper.com\/wp-content\/uploads\/2019\/08\/IMG_20190728_172928-300x225.jpg 300w, https:\/\/all4camper.com\/wp-content\/uploads\/2019\/08\/IMG_20190728_172928-150x113.jpg 150w, https:\/\/all4camper.com\/wp-content\/uploads\/2019\/08\/IMG_20190728_172928-768x576.jpg 768w, https:\/\/all4camper.com\/wp-content\/uploads\/2019\/08\/IMG_20190728_172928-1536x1152.jpg 1536w, https:\/\/all4camper.com\/wp-content\/uploads\/2019\/08\/IMG_20190728_172928-2048x1536.jpg 2048w, https:\/\/all4camper.com\/wp-content\/uploads\/2019\/08\/IMG_20190728_172928-678x509.jpg 678w, https:\/\/all4camper.com\/wp-content\/uploads\/2019\/08\/IMG_20190728_172928-326x245.jpg 326w, https:\/\/all4camper.com\/wp-content\/uploads\/2019\/08\/IMG_20190728_172928-80x60.jpg 80w\" sizes=\"auto, (max-width: 1440px) 100vw, 1440px\" \/><\/figure><\/li><\/ul><\/figure>\n","protected":false},"excerpt":{"rendered":"<p>Pokud se na sv\u00fdch cest\u00e1ch budete pohybovat v Moravskoslezsk\u00e9m kraji, pak jedn\u00edm z mnoha va\u0161ich zastaven\u00edch by mohlo b\u00fdt m\u011bsto Krnov a n\u00e1sledn\u011b 40 km vzd\u00e1len\u00e9 horsk\u00e9 l\u00e1zn\u011b Karlova Stud\u00e1nka. Oboje toti\u017e za to zastaven\u00ed a pozn\u00e1n\u00ed stoj\u00ed, nebo\u0165 jak n\u011bkte\u0159\u00ed v\u00edte, Krnov je historick\u00e9 m\u011bsto s dlouholetou textiln\u00ed tradic\u00ed a Karlova Stud\u00e1nka je zn\u00e1ma [&hellip;]<\/p>\n","protected":false},"author":4,"featured_media":80886,"comment_status":"closed","ping_status":"open","sticky":false,"template":"","format":"standard","meta":{"_monsterinsights_skip_tracking":false,"_monsterinsights_sitenote_active":false,"_monsterinsights_sitenote_note":"","_monsterinsights_sitenote_category":0,"footnotes":""},"categories":[364],"tags":[354,325],"class_list":{"0":"post-80862","1":"post","2":"type-post","3":"status-publish","4":"format-standard","5":"has-post-thumbnail","7":"category-cestujeme-a-kempujeme-v-cr","8":"tag-morava","9":"tag-poznavaci-dovolena"},"yoast_head":"<!-- This site is optimized with the Yoast SEO plugin v27.5 - https:\/\/yoast.com\/product\/yoast-seo-wordpress\/ -->\n<title>Kempujeme a pozn\u00e1v\u00e1me historick\u00e9 l\u00e1zn\u011b Karlova Stud\u00e1nka a m\u011bsto Krnov - All4Camper<\/title>\n<meta name=\"description\" content=\"All4Camper - Kempujeme a pozn\u00e1v\u00e1me historick\u00e9 l\u00e1zn\u011b Karlova Stud\u00e1nka a m\u011bsto Krnov\" \/>\n<meta name=\"robots\" content=\"index, follow, max-snippet:-1, max-image-preview:large, max-video-preview:-1\" \/>\n<link rel=\"canonical\" href=\"https:\/\/all4camper.com\/cs\/kempujeme-a-poznavame-historicke-lazne-karlova-studanka-a-krnov\/\" \/>\n<meta property=\"og:locale\" content=\"cs_CZ\" \/>\n<meta property=\"og:type\" content=\"article\" \/>\n<meta property=\"og:title\" content=\"Kempujeme a pozn\u00e1v\u00e1me historick\u00e9 l\u00e1zn\u011b Karlova Stud\u00e1nka a m\u011bsto Krnov - All4Camper\" \/>\n<meta property=\"og:description\" content=\"All4Camper - Kempujeme a pozn\u00e1v\u00e1me historick\u00e9 l\u00e1zn\u011b Karlova Stud\u00e1nka a m\u011bsto Krnov\" \/>\n<meta property=\"og:url\" content=\"https:\/\/all4camper.com\/cs\/kempujeme-a-poznavame-historicke-lazne-karlova-studanka-a-krnov\/\" \/>\n<meta property=\"og:site_name\" content=\"All4Camper\" \/>\n<meta property=\"article:published_time\" content=\"2019-08-13T13:16:47+00:00\" \/>\n<meta property=\"article:modified_time\" content=\"2020-04-21T12:54:45+00:00\" \/>\n<meta property=\"og:image\" content=\"https:\/\/all4camper.com\/wp-content\/uploads\/2019\/08\/cropped-IMG_20190728_172928.jpg\" \/>\n\t<meta property=\"og:image:width\" content=\"2560\" \/>\n\t<meta property=\"og:image:height\" content=\"1438\" \/>\n\t<meta property=\"og:image:type\" content=\"image\/jpeg\" \/>\n<meta name=\"author\" content=\"Kl\u00e1ra H\u00e1jkov\u00e1\" \/>\n<meta name=\"twitter:card\" content=\"summary_large_image\" \/>\n<meta name=\"twitter:label1\" content=\"Napsal(a)\" \/>\n\t<meta name=\"twitter:data1\" content=\"Kl\u00e1ra H\u00e1jkov\u00e1\" \/>\n\t<meta name=\"twitter:label2\" content=\"Odhadovan\u00e1 doba \u010dten\u00ed\" \/>\n\t<meta name=\"twitter:data2\" content=\"6 minut\" \/>\n<script type=\"application\/ld+json\" class=\"yoast-schema-graph\">{\"@context\":\"https:\\\/\\\/schema.org\",\"@graph\":[{\"@type\":\"Article\",\"@id\":\"https:\\\/\\\/all4camper.com\\\/cs\\\/kempujeme-a-poznavame-historicke-lazne-karlova-studanka-a-krnov\\\/#article\",\"isPartOf\":{\"@id\":\"https:\\\/\\\/all4camper.com\\\/cs\\\/kempujeme-a-poznavame-historicke-lazne-karlova-studanka-a-krnov\\\/\"},\"author\":{\"name\":\"Kl\u00e1ra H\u00e1jkov\u00e1\",\"@id\":\"https:\\\/\\\/all4camper.com\\\/cs\\\/#\\\/schema\\\/person\\\/c6f1efdf1d02bc7d8c53a891cbe18c62\"},\"headline\":\"Kempujeme a pozn\u00e1v\u00e1me historick\u00e9 l\u00e1zn\u011b Karlova Stud\u00e1nka a m\u011bsto Krnov\",\"datePublished\":\"2019-08-13T13:16:47+00:00\",\"dateModified\":\"2020-04-21T12:54:45+00:00\",\"mainEntityOfPage\":{\"@id\":\"https:\\\/\\\/all4camper.com\\\/cs\\\/kempujeme-a-poznavame-historicke-lazne-karlova-studanka-a-krnov\\\/\"},\"wordCount\":1296,\"publisher\":{\"@id\":\"https:\\\/\\\/all4camper.com\\\/cs\\\/#organization\"},\"image\":{\"@id\":\"https:\\\/\\\/all4camper.com\\\/cs\\\/kempujeme-a-poznavame-historicke-lazne-karlova-studanka-a-krnov\\\/#primaryimage\"},\"thumbnailUrl\":\"https:\\\/\\\/all4camper.com\\\/wp-content\\\/uploads\\\/2019\\\/08\\\/cropped-IMG_20190728_172928.jpg\",\"keywords\":[\"Morava\",\"Pozn\u00e1vac\u00ed dovolen\u00e1\"],\"articleSection\":[\"Cestujeme a kempujeme v \u010cR\"],\"inLanguage\":\"cs\"},{\"@type\":\"WebPage\",\"@id\":\"https:\\\/\\\/all4camper.com\\\/cs\\\/kempujeme-a-poznavame-historicke-lazne-karlova-studanka-a-krnov\\\/\",\"url\":\"https:\\\/\\\/all4camper.com\\\/cs\\\/kempujeme-a-poznavame-historicke-lazne-karlova-studanka-a-krnov\\\/\",\"name\":\"Kempujeme a pozn\u00e1v\u00e1me historick\u00e9 l\u00e1zn\u011b Karlova Stud\u00e1nka a m\u011bsto Krnov - All4Camper\",\"isPartOf\":{\"@id\":\"https:\\\/\\\/all4camper.com\\\/cs\\\/#website\"},\"primaryImageOfPage\":{\"@id\":\"https:\\\/\\\/all4camper.com\\\/cs\\\/kempujeme-a-poznavame-historicke-lazne-karlova-studanka-a-krnov\\\/#primaryimage\"},\"image\":{\"@id\":\"https:\\\/\\\/all4camper.com\\\/cs\\\/kempujeme-a-poznavame-historicke-lazne-karlova-studanka-a-krnov\\\/#primaryimage\"},\"thumbnailUrl\":\"https:\\\/\\\/all4camper.com\\\/wp-content\\\/uploads\\\/2019\\\/08\\\/cropped-IMG_20190728_172928.jpg\",\"datePublished\":\"2019-08-13T13:16:47+00:00\",\"dateModified\":\"2020-04-21T12:54:45+00:00\",\"description\":\"All4Camper - Kempujeme a pozn\u00e1v\u00e1me historick\u00e9 l\u00e1zn\u011b Karlova Stud\u00e1nka a m\u011bsto Krnov\",\"breadcrumb\":{\"@id\":\"https:\\\/\\\/all4camper.com\\\/cs\\\/kempujeme-a-poznavame-historicke-lazne-karlova-studanka-a-krnov\\\/#breadcrumb\"},\"inLanguage\":\"cs\",\"potentialAction\":[{\"@type\":\"ReadAction\",\"target\":[\"https:\\\/\\\/all4camper.com\\\/cs\\\/kempujeme-a-poznavame-historicke-lazne-karlova-studanka-a-krnov\\\/\"]}]},{\"@type\":\"ImageObject\",\"inLanguage\":\"cs\",\"@id\":\"https:\\\/\\\/all4camper.com\\\/cs\\\/kempujeme-a-poznavame-historicke-lazne-karlova-studanka-a-krnov\\\/#primaryimage\",\"url\":\"https:\\\/\\\/all4camper.com\\\/wp-content\\\/uploads\\\/2019\\\/08\\\/cropped-IMG_20190728_172928.jpg\",\"contentUrl\":\"https:\\\/\\\/all4camper.com\\\/wp-content\\\/uploads\\\/2019\\\/08\\\/cropped-IMG_20190728_172928.jpg\",\"width\":2560,\"height\":1438},{\"@type\":\"BreadcrumbList\",\"@id\":\"https:\\\/\\\/all4camper.com\\\/cs\\\/kempujeme-a-poznavame-historicke-lazne-karlova-studanka-a-krnov\\\/#breadcrumb\",\"itemListElement\":[{\"@type\":\"ListItem\",\"position\":1,\"name\":\"Dom\u016f\",\"item\":\"https:\\\/\\\/all4camper.com\\\/cs\\\/\"},{\"@type\":\"ListItem\",\"position\":2,\"name\":\"Cestujeme a kempujeme v \u010cR\",\"item\":\"https:\\\/\\\/all4camper.com\\\/cs\\\/category\\\/cestujeme-a-kempujeme-v-cr\\\/\"},{\"@type\":\"ListItem\",\"position\":3,\"name\":\"Kempujeme a pozn\u00e1v\u00e1me historick\u00e9 l\u00e1zn\u011b Karlova Stud\u00e1nka a m\u011bsto Krnov\"}]},{\"@type\":\"WebSite\",\"@id\":\"https:\\\/\\\/all4camper.com\\\/cs\\\/#website\",\"url\":\"https:\\\/\\\/all4camper.com\\\/cs\\\/\",\"name\":\"All4Camper\",\"description\":\"Nejv\u011bt\u0161\u00ed online magaz\u00edn o kempov\u00e1n\u00ed a karavaninku. V\u00edce jak 900 \u010dl\u00e1nk\u016f pln\u00fdch rad a tip\u016f o kempech a kempov\u00e1n\u00ed.\",\"publisher\":{\"@id\":\"https:\\\/\\\/all4camper.com\\\/cs\\\/#organization\"},\"potentialAction\":[{\"@type\":\"SearchAction\",\"target\":{\"@type\":\"EntryPoint\",\"urlTemplate\":\"https:\\\/\\\/all4camper.com\\\/cs\\\/?s={search_term_string}\"},\"query-input\":{\"@type\":\"PropertyValueSpecification\",\"valueRequired\":true,\"valueName\":\"search_term_string\"}}],\"inLanguage\":\"cs\"},{\"@type\":\"Organization\",\"@id\":\"https:\\\/\\\/all4camper.com\\\/cs\\\/#organization\",\"name\":\"All4Camper - kempujeme s Kl\u00e1rou\",\"url\":\"https:\\\/\\\/all4camper.com\\\/cs\\\/\",\"logo\":{\"@type\":\"ImageObject\",\"inLanguage\":\"cs\",\"@id\":\"https:\\\/\\\/all4camper.com\\\/cs\\\/#\\\/schema\\\/logo\\\/image\\\/\",\"url\":\"https:\\\/\\\/all4camper.com\\\/wp-content\\\/uploads\\\/2018\\\/09\\\/novelogo.png\",\"contentUrl\":\"https:\\\/\\\/all4camper.com\\\/wp-content\\\/uploads\\\/2018\\\/09\\\/novelogo.png\",\"width\":1520,\"height\":600,\"caption\":\"All4Camper - kempujeme s Kl\u00e1rou\"},\"image\":{\"@id\":\"https:\\\/\\\/all4camper.com\\\/cs\\\/#\\\/schema\\\/logo\\\/image\\\/\"}},{\"@type\":\"Person\",\"@id\":\"https:\\\/\\\/all4camper.com\\\/cs\\\/#\\\/schema\\\/person\\\/c6f1efdf1d02bc7d8c53a891cbe18c62\",\"name\":\"Kl\u00e1ra H\u00e1jkov\u00e1\",\"sameAs\":[\"http:\\\/\\\/www.all4camper.com\"],\"url\":\"https:\\\/\\\/all4camper.com\\\/cs\\\/author\\\/klarinkacestuje1\\\/\"}]}<\/script>\n<!-- \/ Yoast SEO plugin. -->","yoast_head_json":{"title":"Kempujeme a pozn\u00e1v\u00e1me historick\u00e9 l\u00e1zn\u011b Karlova Stud\u00e1nka a m\u011bsto Krnov - All4Camper","description":"All4Camper - Kempujeme a pozn\u00e1v\u00e1me historick\u00e9 l\u00e1zn\u011b Karlova Stud\u00e1nka a m\u011bsto Krnov","robots":{"index":"index","follow":"follow","max-snippet":"max-snippet:-1","max-image-preview":"max-image-preview:large","max-video-preview":"max-video-preview:-1"},"canonical":"https:\/\/all4camper.com\/cs\/kempujeme-a-poznavame-historicke-lazne-karlova-studanka-a-krnov\/","og_locale":"cs_CZ","og_type":"article","og_title":"Kempujeme a pozn\u00e1v\u00e1me historick\u00e9 l\u00e1zn\u011b Karlova Stud\u00e1nka a m\u011bsto Krnov - All4Camper","og_description":"All4Camper - Kempujeme a pozn\u00e1v\u00e1me historick\u00e9 l\u00e1zn\u011b Karlova Stud\u00e1nka a m\u011bsto Krnov","og_url":"https:\/\/all4camper.com\/cs\/kempujeme-a-poznavame-historicke-lazne-karlova-studanka-a-krnov\/","og_site_name":"All4Camper","article_published_time":"2019-08-13T13:16:47+00:00","article_modified_time":"2020-04-21T12:54:45+00:00","og_image":[{"width":2560,"height":1438,"url":"https:\/\/all4camper.com\/wp-content\/uploads\/2019\/08\/cropped-IMG_20190728_172928.jpg","type":"image\/jpeg"}],"author":"Kl\u00e1ra H\u00e1jkov\u00e1","twitter_card":"summary_large_image","twitter_misc":{"Napsal(a)":"Kl\u00e1ra H\u00e1jkov\u00e1","Odhadovan\u00e1 doba \u010dten\u00ed":"6 minut"},"schema":{"@context":"https:\/\/schema.org","@graph":[{"@type":"Article","@id":"https:\/\/all4camper.com\/cs\/kempujeme-a-poznavame-historicke-lazne-karlova-studanka-a-krnov\/#article","isPartOf":{"@id":"https:\/\/all4camper.com\/cs\/kempujeme-a-poznavame-historicke-lazne-karlova-studanka-a-krnov\/"},"author":{"name":"Kl\u00e1ra H\u00e1jkov\u00e1","@id":"https:\/\/all4camper.com\/cs\/#\/schema\/person\/c6f1efdf1d02bc7d8c53a891cbe18c62"},"headline":"Kempujeme a pozn\u00e1v\u00e1me historick\u00e9 l\u00e1zn\u011b Karlova Stud\u00e1nka a m\u011bsto Krnov","datePublished":"2019-08-13T13:16:47+00:00","dateModified":"2020-04-21T12:54:45+00:00","mainEntityOfPage":{"@id":"https:\/\/all4camper.com\/cs\/kempujeme-a-poznavame-historicke-lazne-karlova-studanka-a-krnov\/"},"wordCount":1296,"publisher":{"@id":"https:\/\/all4camper.com\/cs\/#organization"},"image":{"@id":"https:\/\/all4camper.com\/cs\/kempujeme-a-poznavame-historicke-lazne-karlova-studanka-a-krnov\/#primaryimage"},"thumbnailUrl":"https:\/\/all4camper.com\/wp-content\/uploads\/2019\/08\/cropped-IMG_20190728_172928.jpg","keywords":["Morava","Pozn\u00e1vac\u00ed dovolen\u00e1"],"articleSection":["Cestujeme a kempujeme v \u010cR"],"inLanguage":"cs"},{"@type":"WebPage","@id":"https:\/\/all4camper.com\/cs\/kempujeme-a-poznavame-historicke-lazne-karlova-studanka-a-krnov\/","url":"https:\/\/all4camper.com\/cs\/kempujeme-a-poznavame-historicke-lazne-karlova-studanka-a-krnov\/","name":"Kempujeme a pozn\u00e1v\u00e1me historick\u00e9 l\u00e1zn\u011b Karlova Stud\u00e1nka a m\u011bsto Krnov - All4Camper","isPartOf":{"@id":"https:\/\/all4camper.com\/cs\/#website"},"primaryImageOfPage":{"@id":"https:\/\/all4camper.com\/cs\/kempujeme-a-poznavame-historicke-lazne-karlova-studanka-a-krnov\/#primaryimage"},"image":{"@id":"https:\/\/all4camper.com\/cs\/kempujeme-a-poznavame-historicke-lazne-karlova-studanka-a-krnov\/#primaryimage"},"thumbnailUrl":"https:\/\/all4camper.com\/wp-content\/uploads\/2019\/08\/cropped-IMG_20190728_172928.jpg","datePublished":"2019-08-13T13:16:47+00:00","dateModified":"2020-04-21T12:54:45+00:00","description":"All4Camper - Kempujeme a pozn\u00e1v\u00e1me historick\u00e9 l\u00e1zn\u011b Karlova Stud\u00e1nka a m\u011bsto Krnov","breadcrumb":{"@id":"https:\/\/all4camper.com\/cs\/kempujeme-a-poznavame-historicke-lazne-karlova-studanka-a-krnov\/#breadcrumb"},"inLanguage":"cs","potentialAction":[{"@type":"ReadAction","target":["https:\/\/all4camper.com\/cs\/kempujeme-a-poznavame-historicke-lazne-karlova-studanka-a-krnov\/"]}]},{"@type":"ImageObject","inLanguage":"cs","@id":"https:\/\/all4camper.com\/cs\/kempujeme-a-poznavame-historicke-lazne-karlova-studanka-a-krnov\/#primaryimage","url":"https:\/\/all4camper.com\/wp-content\/uploads\/2019\/08\/cropped-IMG_20190728_172928.jpg","contentUrl":"https:\/\/all4camper.com\/wp-content\/uploads\/2019\/08\/cropped-IMG_20190728_172928.jpg","width":2560,"height":1438},{"@type":"BreadcrumbList","@id":"https:\/\/all4camper.com\/cs\/kempujeme-a-poznavame-historicke-lazne-karlova-studanka-a-krnov\/#breadcrumb","itemListElement":[{"@type":"ListItem","position":1,"name":"Dom\u016f","item":"https:\/\/all4camper.com\/cs\/"},{"@type":"ListItem","position":2,"name":"Cestujeme a kempujeme v \u010cR","item":"https:\/\/all4camper.com\/cs\/category\/cestujeme-a-kempujeme-v-cr\/"},{"@type":"ListItem","position":3,"name":"Kempujeme a pozn\u00e1v\u00e1me historick\u00e9 l\u00e1zn\u011b Karlova Stud\u00e1nka a m\u011bsto Krnov"}]},{"@type":"WebSite","@id":"https:\/\/all4camper.com\/cs\/#website","url":"https:\/\/all4camper.com\/cs\/","name":"All4Camper","description":"Nejv\u011bt\u0161\u00ed online magaz\u00edn o kempov\u00e1n\u00ed a karavaninku. V\u00edce jak 900 \u010dl\u00e1nk\u016f pln\u00fdch rad a tip\u016f o kempech a kempov\u00e1n\u00ed.","publisher":{"@id":"https:\/\/all4camper.com\/cs\/#organization"},"potentialAction":[{"@type":"SearchAction","target":{"@type":"EntryPoint","urlTemplate":"https:\/\/all4camper.com\/cs\/?s={search_term_string}"},"query-input":{"@type":"PropertyValueSpecification","valueRequired":true,"valueName":"search_term_string"}}],"inLanguage":"cs"},{"@type":"Organization","@id":"https:\/\/all4camper.com\/cs\/#organization","name":"All4Camper - kempujeme s Kl\u00e1rou","url":"https:\/\/all4camper.com\/cs\/","logo":{"@type":"ImageObject","inLanguage":"cs","@id":"https:\/\/all4camper.com\/cs\/#\/schema\/logo\/image\/","url":"https:\/\/all4camper.com\/wp-content\/uploads\/2018\/09\/novelogo.png","contentUrl":"https:\/\/all4camper.com\/wp-content\/uploads\/2018\/09\/novelogo.png","width":1520,"height":600,"caption":"All4Camper - kempujeme s Kl\u00e1rou"},"image":{"@id":"https:\/\/all4camper.com\/cs\/#\/schema\/logo\/image\/"}},{"@type":"Person","@id":"https:\/\/all4camper.com\/cs\/#\/schema\/person\/c6f1efdf1d02bc7d8c53a891cbe18c62","name":"Kl\u00e1ra H\u00e1jkov\u00e1","sameAs":["http:\/\/www.all4camper.com"],"url":"https:\/\/all4camper.com\/cs\/author\/klarinkacestuje1\/"}]}},"_links":{"self":[{"href":"https:\/\/all4camper.com\/cs\/wp-json\/wp\/v2\/posts\/80862","targetHints":{"allow":["GET"]}}],"collection":[{"href":"https:\/\/all4camper.com\/cs\/wp-json\/wp\/v2\/posts"}],"about":[{"href":"https:\/\/all4camper.com\/cs\/wp-json\/wp\/v2\/types\/post"}],"author":[{"embeddable":true,"href":"https:\/\/all4camper.com\/cs\/wp-json\/wp\/v2\/users\/4"}],"replies":[{"embeddable":true,"href":"https:\/\/all4camper.com\/cs\/wp-json\/wp\/v2\/comments?post=80862"}],"version-history":[{"count":0,"href":"https:\/\/all4camper.com\/cs\/wp-json\/wp\/v2\/posts\/80862\/revisions"}],"wp:featuredmedia":[{"embeddable":true,"href":"https:\/\/all4camper.com\/cs\/wp-json\/wp\/v2\/media\/80886"}],"wp:attachment":[{"href":"https:\/\/all4camper.com\/cs\/wp-json\/wp\/v2\/media?parent=80862"}],"wp:term":[{"taxonomy":"category","embeddable":true,"href":"https:\/\/all4camper.com\/cs\/wp-json\/wp\/v2\/categories?post=80862"},{"taxonomy":"post_tag","embeddable":true,"href":"https:\/\/all4camper.com\/cs\/wp-json\/wp\/v2\/tags?post=80862"}],"curies":[{"name":"wp","href":"https:\/\/api.w.org\/{rel}","templated":true}]}}