{"id":80796,"date":"2019-08-12T13:21:24","date_gmt":"2019-08-12T11:21:24","guid":{"rendered":"https:\/\/all4camper.com\/\/?p=80796"},"modified":"2019-09-19T14:02:20","modified_gmt":"2019-09-19T12:02:20","slug":"fkk-v-korutanech-a-nezapomenutelny-pohled-z-vysky","status":"publish","type":"post","link":"https:\/\/all4camper.com\/cs\/fkk-v-korutanech-a-nezapomenutelny-pohled-z-vysky\/","title":{"rendered":"FKK v Korutanech a nezapomenuteln\u00fd pohled z v\u00fd\u0161ky"},"content":{"rendered":"\n<h4 class=\"wp-block-heading\"><strong>Pyramidenkogel jsem u\u017e zm\u00ednila v\u00a0\u010dl\u00e1nku o W\u00f6rthersee (<a href=\"\/?p=68469\">tady<\/a>) s\u00a0t\u00edm, \u017ee se t\u00e9to rozhledn\u011b budeme v\u011bnovat samostatn\u011b \u2013 a tady to tedy je. A pro\u010d? Proto\u017ee je to tu prost\u011b a jednodu\u0161e VELK\u00c9!<\/strong><\/h4>\n\n\n\n<figure class=\"wp-block-image\"><img decoding=\"async\" src=\"https:\/\/all4camper.com\/\/wp-content\/uploads\/2019\/08\/Vy\u0301hled-Pyramidenkogel-1920x987.jpg\" alt=\"\" class=\"wp-image-80797\"\/><figcaption>v\u00fdhled z  Pyramidenkogel <\/figcaption><\/figure>\n\n\n\n<p>Pyramidenkoigel je rozhledna na vrcholu stejnojmenn\u00e9 hory Pyramidenkogel, kter\u00e1 samotn\u00e1 je vysok\u00e1 851 metr\u016f. Ty\u010d\u00ed se nad jezerem W\u00f6rthersee u obce Keutschach am See. Informace o vstupn\u00e9m s\u00a0otev\u00edrac\u00ed dob\u011b najdete zde: <a href=\"https:\/\/www.pyramidenkogel.info\/\">pyramidenkogel.info<\/a>. <\/p>\n\n\n\n<p>Tohle m\u00edsto l\u00e1kalo ke stavb\u011b rozhledny u\u017e dlouho. V\u016fbec prvn\u00ed zde byla vystav\u011bna v\u00a0roce 1950. Byla d\u0159ev\u011bn\u00e1 a vysok\u00e1 pouh\u00fdch 27 metr\u016f. V\u00a0roce 1968 ji pak nahradila dal\u0161\u00ed, tentokr\u00e1t \u017eelezobetonov\u00e1 stavba, kter\u00e1 se ty\u010dila do v\u00fd\u0161e 54 metr\u016f a v\u00a0roce 2012 byla vyhozena do pov\u011bt\u0159\u00ed. Na jej\u00edm m\u00edst\u011b se ihned za\u010dalo se stavbou t\u00e9 sou\u010dasn\u00e9. Otev\u0159ena byla 20. \u010dervna 2013 a jej\u00ed stavba vy\u0161la na 8 mili\u00f3n\u016f eur.\u00a0<\/p>\n\n\n\n<ul class=\"wp-block-gallery columns-2 is-cropped wp-block-gallery-1 is-layout-flex wp-block-gallery-is-layout-flex\"><li class=\"blocks-gallery-item\"><figure><img loading=\"lazy\" decoding=\"async\" width=\"720\" height=\"1080\" src=\"https:\/\/all4camper.com\/\/wp-content\/uploads\/2019\/08\/Pyramidenkogel-vec\u030cer-1-720x1080.jpg\" alt=\"\" data-id=\"80798\" data-link=\"https:\/\/all4camper.com\/\/?attachment_id=80798\" class=\"wp-image-80798\" srcset=\"https:\/\/all4camper.com\/wp-content\/uploads\/2019\/08\/Pyramidenkogel-vec\u030cer-1-720x1080.jpg 720w, https:\/\/all4camper.com\/wp-content\/uploads\/2019\/08\/Pyramidenkogel-vec\u030cer-1-200x300.jpg 200w, https:\/\/all4camper.com\/wp-content\/uploads\/2019\/08\/Pyramidenkogel-vec\u030cer-1-100x150.jpg 100w, https:\/\/all4camper.com\/wp-content\/uploads\/2019\/08\/Pyramidenkogel-vec\u030cer-1-768x1152.jpg 768w, https:\/\/all4camper.com\/wp-content\/uploads\/2019\/08\/Pyramidenkogel-vec\u030cer-1-1024x1536.jpg 1024w, https:\/\/all4camper.com\/wp-content\/uploads\/2019\/08\/Pyramidenkogel-vec\u030cer-1.jpg 1280w\" sizes=\"auto, (max-width: 720px) 100vw, 720px\" \/><\/figure><\/li><li class=\"blocks-gallery-item\"><figure><img loading=\"lazy\" decoding=\"async\" width=\"720\" height=\"1080\" src=\"https:\/\/all4camper.com\/\/wp-content\/uploads\/2019\/08\/Pyramidenkogel-720x1080.jpg\" alt=\"\" data-id=\"80799\" data-link=\"https:\/\/all4camper.com\/\/?attachment_id=80799\" class=\"wp-image-80799\" srcset=\"https:\/\/all4camper.com\/wp-content\/uploads\/2019\/08\/Pyramidenkogel-720x1080.jpg 720w, https:\/\/all4camper.com\/wp-content\/uploads\/2019\/08\/Pyramidenkogel-200x300.jpg 200w, https:\/\/all4camper.com\/wp-content\/uploads\/2019\/08\/Pyramidenkogel-100x150.jpg 100w, https:\/\/all4camper.com\/wp-content\/uploads\/2019\/08\/Pyramidenkogel-768x1152.jpg 768w, https:\/\/all4camper.com\/wp-content\/uploads\/2019\/08\/Pyramidenkogel-1024x1536.jpg 1024w, https:\/\/all4camper.com\/wp-content\/uploads\/2019\/08\/Pyramidenkogel.jpg 1280w\" sizes=\"auto, (max-width: 720px) 100vw, 720px\" \/><\/figure><\/li><\/ul>\n\n\n\n<h4 class=\"wp-block-heading\"><strong>\u010c\u00edslo t\u0159i je skute\u010dn\u00fd unik\u00e1t<\/strong><\/h4>\n\n\n\n<p>Tahle v\u011b\u017e u\u017e sah\u00e1 do po\u0159\u00e1dn\u00e9 v\u00fd\u0161ky, cel\u00fdch 100 metr\u016f, nicm\u00e9n\u011b ani j\u00e1, a to nejsem \u017e\u00e1dn\u00fd extra p\u0159\u00edznivec v\u00fd\u0161ek, jsem s\u00a0t\u00edm nem\u011bla probl\u00e9m. Kdy\u017e se objev\u00edte naho\u0159e, budete tak udiveni a okouzleni, \u017ee zapomenete na skoro na v\u0161echno a ten v\u00fdhled v\u00e1s prost\u011b nal\u00e1k\u00e1. Cel\u00e1 stavba m\u00e1 spir\u00e1lovit\u00fd tvar tvo\u0159en\u00fd 16 zato\u010den\u00fdmi mod\u0159\u00ednov\u00fdmi sloupy v\u00a010 patrech spojen\u00fdmi ocelov\u00fdmi prstenci. Pro v\u00e1\u0161 klid \u2013 celou konstrukci je\u0161t\u011b zpev\u0148uj\u00ed po cel\u00e9 v\u00fd\u0161ce diagon\u00e1ln\u00ed ocelov\u00e1 t\u00e1hla.<strong> To v\u0161e pak d\u011bl\u00e1 z\u00a0Pyramidenkogel nejvy\u0161\u0161\u00ed d\u0159ev\u011bnou rozhlednu na sv\u011bt\u011b.\u00a0<\/strong><\/p>\n\n\n\n<p><strong>Na vyhl\u00eddce za okam\u017eik<\/strong><\/p>\n\n\n\n<p>Zm\u00ednila jsem sv\u016fj strach z\u00a0v\u00fd\u0161ek \u2013 abyste si ud\u011blali p\u0159edstavu, nahoru bych po schodech nevy\u0161la. Naproti tomu \u2013 rychlov\u00fdtahem je to par\u00e1da, ne\u017e se sta\u010d\u00edte rozkoukat, m\u00e1te stoup\u00e1n\u00ed za sebou. Za pouh\u00fdch 30 sekund. Pak u\u017e si jen m\u016f\u017eete vybrat ze t\u0159\u00ed vyhl\u00eddkov\u00fdch plo\u0161in. Na dv\u011b vy\u0161\u0161\u00ed je nutno kousek vystoupat, ale ani to nen\u00ed nic hrozn\u00e9ho, nebojte, kdy\u017e jsem to zvl\u00e1dla j\u00e1&#8230; <\/p>\n\n\n\n<p>V\u011b\u017e nese na \u0161pi\u010dce 18 m vysok\u00fd sto\u017e\u00e1r s\u00a0<a href=\"https:\/\/cs.wikipedia.org\/wiki\/Vys%C3%ADla%C4%8D\">rozhlasov\u00fdmi vys\u00edla\u010di<\/a>\u00a0pro cel\u00e9 Korutany.\u00a0A pak u\u017e se nesta\u010d\u00edte d\u00edvat, to mi v\u011b\u0159te, z\u00e1\u017eitek je to nezapomenuteln\u00fd. No \u2013 a pozd\u011bji (t\u0159eba a\u017e po n\u011bkolika hodin\u00e1ch) u\u017e dol\u016f \u2013 op\u011bt v\u00fdtahem, ale pokud by v\u00e1m 30 sekund p\u0159ipadalo p\u0159\u00edli\u0161 dlouh\u00fdch, m\u016f\u017eete zvolit 120 metr\u016f dlouhou spir\u00e1lovitou skluzavku, na kter\u00e9 na speci\u00e1ln\u00edch podlo\u017ek\u00e1ch m\u016f\u017eete dos\u00e1hnout rychlosti a\u017e 25 kilometr\u016f za hodinu. <\/p>\n\n\n\n<p>Kdy\u017e si budete cht\u00edt odn\u00e9st je\u0161t\u011b jinou vzpom\u00ednku, u vstupu se nach\u00e1z\u00ed prodejna suven\u00fdr\u016f, a pokud by se v\u00e1m p\u0159ece jen z\u00a0toho v\u0161eho motala hlava, u paty rozhledny se nach\u00e1z\u00ed restaurace, kde si m\u016f\u017eete d\u00e1t n\u011bco dobr\u00e9ho nebo pan\u00e1ka m\u00edstn\u00ed p\u00e1lenky na vzpamatov\u00e1n\u00ed. Parkovi\u0161t\u011b je hned vedle a je zaj\u00edmav\u00e9, prohl\u00e9dnout si z\u00a0t\u00e9 v\u00fd\u0161ky sv\u016fj v\u016fz, i kdy\u017e jsem se neubr\u00e1nila zamy\u0161len\u00ed \u2013 tak a te\u010f jen koukat t\u0159eba na to, jak se v\u00e1m pokou\u0161\u00ed do auta n\u011bkdo vloupat, to by vyly \u201emety\u201c ke skluzavce&#8230; To jen pro odleh\u010den\u00ed, parkovi\u0161t\u011b je bezpe\u010dn\u00e9.\u00a0<\/p>\n\n\n\n<h4 class=\"wp-block-heading\"><strong>Ubytov\u00e1n\u00ed naho\u0159e bez<\/strong><\/h4>\n\n\n\n<p>Nejvy\u0161\u0161\u00ed d\u0159ev\u011bn\u00e1 rozhledna sv\u011bta si zaslou\u017e\u00ed tak\u00e9 trochu jin\u00e9 ubytov\u00e1n\u00ed, ne\u017e klasick\u00fd kemp, nemysl\u00edte? Proto v\u00e1m tentokr\u00e1t doporu\u010d\u00edm n\u011bco speci\u00e1ln\u00edho. Tak trochu \u201eve st\u00ednu\u201c W\u00f6rthersee (a nepr\u00e1vem) se hned u Pyramidenkogel nach\u00e1z\u00ed jezero Keutschacher See. Podstatn\u011b men\u0161\u00ed, ale kemp\u016f je u n\u011bj v\u00fdrazn\u011b v\u00edc. A to jak t\u011bch b\u011b\u017en\u00fdch, tak FKK, co\u017e nen\u00ed v\u00a0t\u00e9to oblasti a\u017e tak b\u011b\u017en\u00e9. <\/p>\n\n\n\n<p><strong>P\u0159\u00edmo u jezera Keutschacher See jsou pak dva.<\/strong> My se zam\u011b\u0159\u00edme na Camping M\u00fcllerhof <a href=\"http:\/\/fkk-camping.at\/\">fkk-camping.at<\/a>.<\/p>\n\n\n\n<figure class=\"wp-block-image\"><img loading=\"lazy\" decoding=\"async\" width=\"1030\" height=\"687\" src=\"https:\/\/all4camper.com\/\/wp-content\/uploads\/2019\/08\/Camping-M\u00fcllerhof.jpg\" alt=\"\" class=\"wp-image-80800\" srcset=\"https:\/\/all4camper.com\/wp-content\/uploads\/2019\/08\/Camping-M\u00fcllerhof.jpg 1030w, https:\/\/all4camper.com\/wp-content\/uploads\/2019\/08\/Camping-M\u00fcllerhof-150x100.jpg 150w, https:\/\/all4camper.com\/wp-content\/uploads\/2019\/08\/Camping-M\u00fcllerhof-300x200.jpg 300w, https:\/\/all4camper.com\/wp-content\/uploads\/2019\/08\/Camping-M\u00fcllerhof-768x512.jpg 768w\" sizes=\"auto, (max-width: 1030px) 100vw, 1030px\" \/><figcaption>zdroj:  Camping M\u00fcllerhof <\/figcaption><\/figure>\n\n\n\n<p>Ubytovat se tu m\u016f\u017eete ve stanech, obyt\u0148\u00e1c\u00edch, penzionu i mobilhomech. Kemp le\u017e\u00ed na ji\u017en\u00edm, slunn\u00e9m b\u0159ehu jezera a volnost tu nebudete poci\u0165ovat jen d\u00edky absenci od\u011bvu, ale i kempov\u00e1 st\u00e1n\u00ed jsou tu opravdu velkorys\u00e1 a se v\u0161\u00edm komfortem. Kemp je cel\u00fd koncipov\u00e1n jako klidov\u00fd, ale p\u0159esto je tu dostatek sportovn\u00edho vy\u017eit\u00ed, mal\u00fd obchod s\u00a0potravinami i restaurace. <\/p>\n\n\n\n<p>Pro d\u011bti jsou tu pak anima\u010dn\u00ed programy. Pr\u00e1v\u011b pro n\u011b je tak\u00e9 speci\u00e1ln\u011b vy\u010dlen\u011bna jedna ze t\u0159\u00ed pl\u00e1\u017e\u00ed a nikdo si tak nep\u0159ek\u00e1\u017e\u00ed. A\u010d nejsem \u00fapln\u011b p\u0159\u00edznivcem FKK pl\u00e1\u017e\u00ed a kemp\u016f, tady to m\u00e1 p\u0159ece jen n\u011bco do sebe. Kdy\u017e si vezmete, jak intenzivn\u011b tu vn\u00edm\u00e1te p\u0159\u00edrodu a ta n\u00e1dhern\u00e1 k\u0159i\u0161\u0165\u00e1lov\u011b \u010dist\u00e1 jezera, ono to tak trochu sv\u00e1d\u00ed odhodit od\u011bv, nic ne\u0159e\u0161it a prost\u011b se vrhnout do vody&#8230;<\/p>\n\n\n\n<h4 class=\"wp-block-heading\"><strong>Kdyby v\u00e1m jezero bylo mal\u00e9<\/strong><\/h4>\n\n\n\n<p>4-Seental Keutschach <a href=\"https:\/\/www.woerthersee.com\/de\/4-seental-keutschach\/\">woerthersee.com <\/a>to je pak n\u00e1zev cel\u00e9 oblasti s\u00a0celkem \u010dty\u0159mi jezery mezi W\u00f6rthersee a \u0159ekou Dr\u00e1vou. A od W\u00f6rthersee je to tu diametr\u00e1ln\u011b odli\u0161n\u00e9 \u2013 jak cenov\u011b, tak celkovou atmosf\u00e9rou, kter\u00e1 je tu mnohem pr\u00e1zdninov\u011bj\u0161\u00ed a ne tolik \u201eVIP\u201c. <\/p>\n\n\n\n<figure class=\"wp-block-image\"><img loading=\"lazy\" decoding=\"async\" width=\"1440\" height=\"1080\" src=\"https:\/\/all4camper.com\/\/wp-content\/uploads\/2019\/08\/Keutschacher-See-1440x1080.jpg\" alt=\"\" class=\"wp-image-80801\" srcset=\"https:\/\/all4camper.com\/wp-content\/uploads\/2019\/08\/Keutschacher-See-1440x1080.jpg 1440w, https:\/\/all4camper.com\/wp-content\/uploads\/2019\/08\/Keutschacher-See-300x225.jpg 300w, https:\/\/all4camper.com\/wp-content\/uploads\/2019\/08\/Keutschacher-See-150x113.jpg 150w, https:\/\/all4camper.com\/wp-content\/uploads\/2019\/08\/Keutschacher-See-768x576.jpg 768w, https:\/\/all4camper.com\/wp-content\/uploads\/2019\/08\/Keutschacher-See-1536x1152.jpg 1536w, https:\/\/all4camper.com\/wp-content\/uploads\/2019\/08\/Keutschacher-See-678x509.jpg 678w, https:\/\/all4camper.com\/wp-content\/uploads\/2019\/08\/Keutschacher-See-326x245.jpg 326w, https:\/\/all4camper.com\/wp-content\/uploads\/2019\/08\/Keutschacher-See-80x60.jpg 80w, https:\/\/all4camper.com\/wp-content\/uploads\/2019\/08\/Keutschacher-See.jpg 1920w\" sizes=\"auto, (max-width: 1440px) 100vw, 1440px\" \/><\/figure>\n\n\n\n<p>V\u00a0oblasti jsou pak FKK kempy celkem \u010dty\u0159i a n\u011bkolik i t\u011bch klasick\u00fdch. \u017de u\u017e jste n\u011bkde trochu jinde, to pozn\u00e1te i podle toho, \u017ee d\u00edky bl\u00edzkosti slovinsk\u00e9 hranice je tu v\u011bt\u0161ina n\u00e1pis\u016f dvojjazy\u010dn\u00fdch a odpov\u00edd\u00e1 tomu \u010dasto i architektura. <strong>Tak co, odhod\u00edte pl\u00e1ny na konzervativn\u00ed W\u00f6rthersee i od\u011bv a vyd\u00e1te se sem?<\/strong><\/p>\n\n\n\n<p><em>Autor: Kate\u0159ina<\/em><\/p>\n","protected":false},"excerpt":{"rendered":"<p>Pyramidenkogel jsem u\u017e zm\u00ednila v\u00a0\u010dl\u00e1nku o W\u00f6rthersee (tady) s\u00a0t\u00edm, \u017ee se t\u00e9to rozhledn\u011b budeme v\u011bnovat samostatn\u011b \u2013 a tady to tedy je. A pro\u010d? Proto\u017ee je to tu prost\u011b a jednodu\u0161e VELK\u00c9! Pyramidenkoigel je rozhledna na vrcholu stejnojmenn\u00e9 hory Pyramidenkogel, kter\u00e1 samotn\u00e1 je vysok\u00e1 851 metr\u016f. Ty\u010d\u00ed se nad jezerem W\u00f6rthersee u obce Keutschach am [&hellip;]<\/p>\n","protected":false},"author":161,"featured_media":80805,"comment_status":"closed","ping_status":"open","sticky":false,"template":"","format":"standard","meta":{"_monsterinsights_skip_tracking":false,"_monsterinsights_sitenote_active":false,"_monsterinsights_sitenote_note":"","_monsterinsights_sitenote_category":0,"footnotes":""},"categories":[2379,422],"tags":[84,325,105],"class_list":{"0":"post-80796","1":"post","2":"type-post","3":"status-publish","4":"format-standard","5":"has-post-thumbnail","7":"category-kempujeme-a-cestujeme-v-rakousku","8":"category-novinky-kempovani-a-karavaning","9":"tag-fkk","10":"tag-poznavaci-dovolena","11":"tag-rakousko"},"yoast_head":"<!-- This site is optimized with the Yoast SEO plugin v27.5 - https:\/\/yoast.com\/product\/yoast-seo-wordpress\/ -->\n<title>FKK v Korutanech a nezapomenuteln\u00fd pohled z v\u00fd\u0161ky - All4Camper<\/title>\n<meta name=\"description\" content=\"All4Camper - FKK v Korutanech a nezapomenuteln\u00fd pohled z v\u00fd\u0161ky\" \/>\n<meta name=\"robots\" content=\"index, follow, max-snippet:-1, max-image-preview:large, max-video-preview:-1\" \/>\n<link rel=\"canonical\" href=\"https:\/\/all4camper.com\/cs\/fkk-v-korutanech-a-nezapomenutelny-pohled-z-vysky\/\" \/>\n<meta property=\"og:locale\" content=\"cs_CZ\" \/>\n<meta property=\"og:type\" content=\"article\" \/>\n<meta property=\"og:title\" content=\"FKK v Korutanech a nezapomenuteln\u00fd pohled z v\u00fd\u0161ky - All4Camper\" \/>\n<meta property=\"og:description\" content=\"All4Camper - FKK v Korutanech a nezapomenuteln\u00fd pohled z v\u00fd\u0161ky\" \/>\n<meta property=\"og:url\" content=\"https:\/\/all4camper.com\/cs\/fkk-v-korutanech-a-nezapomenutelny-pohled-z-vysky\/\" \/>\n<meta property=\"og:site_name\" content=\"All4Camper\" \/>\n<meta property=\"article:published_time\" content=\"2019-08-12T11:21:24+00:00\" \/>\n<meta property=\"article:modified_time\" content=\"2019-09-19T12:02:20+00:00\" \/>\n<meta property=\"og:image\" content=\"https:\/\/all4camper.com\/wp-content\/uploads\/2019\/08\/cropped-Camping-M\u00fcllerhof.jpg\" \/>\n\t<meta property=\"og:image:width\" content=\"1030\" \/>\n\t<meta property=\"og:image:height\" content=\"579\" \/>\n\t<meta property=\"og:image:type\" content=\"image\/jpeg\" \/>\n<meta name=\"author\" content=\"Kate\u0159ina\" \/>\n<meta name=\"twitter:card\" content=\"summary_large_image\" \/>\n<meta name=\"twitter:label1\" content=\"Napsal(a)\" \/>\n\t<meta name=\"twitter:data1\" content=\"Kate\u0159ina\" \/>\n\t<meta name=\"twitter:label2\" content=\"Odhadovan\u00e1 doba \u010dten\u00ed\" \/>\n\t<meta name=\"twitter:data2\" content=\"5 minut\" \/>\n<script type=\"application\/ld+json\" class=\"yoast-schema-graph\">{\"@context\":\"https:\\\/\\\/schema.org\",\"@graph\":[{\"@type\":\"Article\",\"@id\":\"https:\\\/\\\/all4camper.com\\\/cs\\\/fkk-v-korutanech-a-nezapomenutelny-pohled-z-vysky\\\/#article\",\"isPartOf\":{\"@id\":\"https:\\\/\\\/all4camper.com\\\/cs\\\/fkk-v-korutanech-a-nezapomenutelny-pohled-z-vysky\\\/\"},\"author\":{\"name\":\"Kate\u0159ina\",\"@id\":\"https:\\\/\\\/all4camper.com\\\/cs\\\/#\\\/schema\\\/person\\\/9349489688d4c221ca0fc39ae6bcb70b\"},\"headline\":\"FKK v Korutanech a nezapomenuteln\u00fd pohled z v\u00fd\u0161ky\",\"datePublished\":\"2019-08-12T11:21:24+00:00\",\"dateModified\":\"2019-09-19T12:02:20+00:00\",\"mainEntityOfPage\":{\"@id\":\"https:\\\/\\\/all4camper.com\\\/cs\\\/fkk-v-korutanech-a-nezapomenutelny-pohled-z-vysky\\\/\"},\"wordCount\":999,\"publisher\":{\"@id\":\"https:\\\/\\\/all4camper.com\\\/cs\\\/#organization\"},\"image\":{\"@id\":\"https:\\\/\\\/all4camper.com\\\/cs\\\/fkk-v-korutanech-a-nezapomenutelny-pohled-z-vysky\\\/#primaryimage\"},\"thumbnailUrl\":\"https:\\\/\\\/all4camper.com\\\/wp-content\\\/uploads\\\/2019\\\/08\\\/cropped-Camping-M\u00fcllerhof.jpg\",\"keywords\":[\"FKK\",\"Pozn\u00e1vac\u00ed dovolen\u00e1\",\"Rakousko\"],\"articleSection\":[\"Kempujeme a cestujeme v Rakousku\",\"Novinky - Kempov\u00e1n\u00ed a karavaning\"],\"inLanguage\":\"cs\"},{\"@type\":\"WebPage\",\"@id\":\"https:\\\/\\\/all4camper.com\\\/cs\\\/fkk-v-korutanech-a-nezapomenutelny-pohled-z-vysky\\\/\",\"url\":\"https:\\\/\\\/all4camper.com\\\/cs\\\/fkk-v-korutanech-a-nezapomenutelny-pohled-z-vysky\\\/\",\"name\":\"FKK v Korutanech a nezapomenuteln\u00fd pohled z v\u00fd\u0161ky - All4Camper\",\"isPartOf\":{\"@id\":\"https:\\\/\\\/all4camper.com\\\/cs\\\/#website\"},\"primaryImageOfPage\":{\"@id\":\"https:\\\/\\\/all4camper.com\\\/cs\\\/fkk-v-korutanech-a-nezapomenutelny-pohled-z-vysky\\\/#primaryimage\"},\"image\":{\"@id\":\"https:\\\/\\\/all4camper.com\\\/cs\\\/fkk-v-korutanech-a-nezapomenutelny-pohled-z-vysky\\\/#primaryimage\"},\"thumbnailUrl\":\"https:\\\/\\\/all4camper.com\\\/wp-content\\\/uploads\\\/2019\\\/08\\\/cropped-Camping-M\u00fcllerhof.jpg\",\"datePublished\":\"2019-08-12T11:21:24+00:00\",\"dateModified\":\"2019-09-19T12:02:20+00:00\",\"description\":\"All4Camper - FKK v Korutanech a nezapomenuteln\u00fd pohled z v\u00fd\u0161ky\",\"breadcrumb\":{\"@id\":\"https:\\\/\\\/all4camper.com\\\/cs\\\/fkk-v-korutanech-a-nezapomenutelny-pohled-z-vysky\\\/#breadcrumb\"},\"inLanguage\":\"cs\",\"potentialAction\":[{\"@type\":\"ReadAction\",\"target\":[\"https:\\\/\\\/all4camper.com\\\/cs\\\/fkk-v-korutanech-a-nezapomenutelny-pohled-z-vysky\\\/\"]}]},{\"@type\":\"ImageObject\",\"inLanguage\":\"cs\",\"@id\":\"https:\\\/\\\/all4camper.com\\\/cs\\\/fkk-v-korutanech-a-nezapomenutelny-pohled-z-vysky\\\/#primaryimage\",\"url\":\"https:\\\/\\\/all4camper.com\\\/wp-content\\\/uploads\\\/2019\\\/08\\\/cropped-Camping-M\u00fcllerhof.jpg\",\"contentUrl\":\"https:\\\/\\\/all4camper.com\\\/wp-content\\\/uploads\\\/2019\\\/08\\\/cropped-Camping-M\u00fcllerhof.jpg\",\"width\":1030,\"height\":579},{\"@type\":\"BreadcrumbList\",\"@id\":\"https:\\\/\\\/all4camper.com\\\/cs\\\/fkk-v-korutanech-a-nezapomenutelny-pohled-z-vysky\\\/#breadcrumb\",\"itemListElement\":[{\"@type\":\"ListItem\",\"position\":1,\"name\":\"Dom\u016f\",\"item\":\"https:\\\/\\\/all4camper.com\\\/cs\\\/\"},{\"@type\":\"ListItem\",\"position\":2,\"name\":\"Kempujeme a cestujeme v Rakousku\",\"item\":\"https:\\\/\\\/all4camper.com\\\/cs\\\/category\\\/kempujeme-a-cestujeme-v-rakousku\\\/\"},{\"@type\":\"ListItem\",\"position\":3,\"name\":\"FKK v Korutanech a nezapomenuteln\u00fd pohled z v\u00fd\u0161ky\"}]},{\"@type\":\"WebSite\",\"@id\":\"https:\\\/\\\/all4camper.com\\\/cs\\\/#website\",\"url\":\"https:\\\/\\\/all4camper.com\\\/cs\\\/\",\"name\":\"All4Camper\",\"description\":\"Nejv\u011bt\u0161\u00ed online magaz\u00edn o kempov\u00e1n\u00ed a karavaninku. V\u00edce jak 900 \u010dl\u00e1nk\u016f pln\u00fdch rad a tip\u016f o kempech a kempov\u00e1n\u00ed.\",\"publisher\":{\"@id\":\"https:\\\/\\\/all4camper.com\\\/cs\\\/#organization\"},\"potentialAction\":[{\"@type\":\"SearchAction\",\"target\":{\"@type\":\"EntryPoint\",\"urlTemplate\":\"https:\\\/\\\/all4camper.com\\\/cs\\\/?s={search_term_string}\"},\"query-input\":{\"@type\":\"PropertyValueSpecification\",\"valueRequired\":true,\"valueName\":\"search_term_string\"}}],\"inLanguage\":\"cs\"},{\"@type\":\"Organization\",\"@id\":\"https:\\\/\\\/all4camper.com\\\/cs\\\/#organization\",\"name\":\"All4Camper - kempujeme s Kl\u00e1rou\",\"url\":\"https:\\\/\\\/all4camper.com\\\/cs\\\/\",\"logo\":{\"@type\":\"ImageObject\",\"inLanguage\":\"cs\",\"@id\":\"https:\\\/\\\/all4camper.com\\\/cs\\\/#\\\/schema\\\/logo\\\/image\\\/\",\"url\":\"https:\\\/\\\/all4camper.com\\\/wp-content\\\/uploads\\\/2018\\\/09\\\/novelogo.png\",\"contentUrl\":\"https:\\\/\\\/all4camper.com\\\/wp-content\\\/uploads\\\/2018\\\/09\\\/novelogo.png\",\"width\":1520,\"height\":600,\"caption\":\"All4Camper - kempujeme s Kl\u00e1rou\"},\"image\":{\"@id\":\"https:\\\/\\\/all4camper.com\\\/cs\\\/#\\\/schema\\\/logo\\\/image\\\/\"}},{\"@type\":\"Person\",\"@id\":\"https:\\\/\\\/all4camper.com\\\/cs\\\/#\\\/schema\\\/person\\\/9349489688d4c221ca0fc39ae6bcb70b\",\"name\":\"Kate\u0159ina\",\"url\":\"https:\\\/\\\/all4camper.com\\\/cs\\\/author\\\/kterina\\\/\"}]}<\/script>\n<!-- \/ Yoast SEO plugin. -->","yoast_head_json":{"title":"FKK v Korutanech a nezapomenuteln\u00fd pohled z v\u00fd\u0161ky - All4Camper","description":"All4Camper - FKK v Korutanech a nezapomenuteln\u00fd pohled z v\u00fd\u0161ky","robots":{"index":"index","follow":"follow","max-snippet":"max-snippet:-1","max-image-preview":"max-image-preview:large","max-video-preview":"max-video-preview:-1"},"canonical":"https:\/\/all4camper.com\/cs\/fkk-v-korutanech-a-nezapomenutelny-pohled-z-vysky\/","og_locale":"cs_CZ","og_type":"article","og_title":"FKK v Korutanech a nezapomenuteln\u00fd pohled z v\u00fd\u0161ky - All4Camper","og_description":"All4Camper - FKK v Korutanech a nezapomenuteln\u00fd pohled z v\u00fd\u0161ky","og_url":"https:\/\/all4camper.com\/cs\/fkk-v-korutanech-a-nezapomenutelny-pohled-z-vysky\/","og_site_name":"All4Camper","article_published_time":"2019-08-12T11:21:24+00:00","article_modified_time":"2019-09-19T12:02:20+00:00","og_image":[{"width":1030,"height":579,"url":"https:\/\/all4camper.com\/wp-content\/uploads\/2019\/08\/cropped-Camping-M\u00fcllerhof.jpg","type":"image\/jpeg"}],"author":"Kate\u0159ina","twitter_card":"summary_large_image","twitter_misc":{"Napsal(a)":"Kate\u0159ina","Odhadovan\u00e1 doba \u010dten\u00ed":"5 minut"},"schema":{"@context":"https:\/\/schema.org","@graph":[{"@type":"Article","@id":"https:\/\/all4camper.com\/cs\/fkk-v-korutanech-a-nezapomenutelny-pohled-z-vysky\/#article","isPartOf":{"@id":"https:\/\/all4camper.com\/cs\/fkk-v-korutanech-a-nezapomenutelny-pohled-z-vysky\/"},"author":{"name":"Kate\u0159ina","@id":"https:\/\/all4camper.com\/cs\/#\/schema\/person\/9349489688d4c221ca0fc39ae6bcb70b"},"headline":"FKK v Korutanech a nezapomenuteln\u00fd pohled z v\u00fd\u0161ky","datePublished":"2019-08-12T11:21:24+00:00","dateModified":"2019-09-19T12:02:20+00:00","mainEntityOfPage":{"@id":"https:\/\/all4camper.com\/cs\/fkk-v-korutanech-a-nezapomenutelny-pohled-z-vysky\/"},"wordCount":999,"publisher":{"@id":"https:\/\/all4camper.com\/cs\/#organization"},"image":{"@id":"https:\/\/all4camper.com\/cs\/fkk-v-korutanech-a-nezapomenutelny-pohled-z-vysky\/#primaryimage"},"thumbnailUrl":"https:\/\/all4camper.com\/wp-content\/uploads\/2019\/08\/cropped-Camping-M\u00fcllerhof.jpg","keywords":["FKK","Pozn\u00e1vac\u00ed dovolen\u00e1","Rakousko"],"articleSection":["Kempujeme a cestujeme v Rakousku","Novinky - Kempov\u00e1n\u00ed a karavaning"],"inLanguage":"cs"},{"@type":"WebPage","@id":"https:\/\/all4camper.com\/cs\/fkk-v-korutanech-a-nezapomenutelny-pohled-z-vysky\/","url":"https:\/\/all4camper.com\/cs\/fkk-v-korutanech-a-nezapomenutelny-pohled-z-vysky\/","name":"FKK v Korutanech a nezapomenuteln\u00fd pohled z v\u00fd\u0161ky - All4Camper","isPartOf":{"@id":"https:\/\/all4camper.com\/cs\/#website"},"primaryImageOfPage":{"@id":"https:\/\/all4camper.com\/cs\/fkk-v-korutanech-a-nezapomenutelny-pohled-z-vysky\/#primaryimage"},"image":{"@id":"https:\/\/all4camper.com\/cs\/fkk-v-korutanech-a-nezapomenutelny-pohled-z-vysky\/#primaryimage"},"thumbnailUrl":"https:\/\/all4camper.com\/wp-content\/uploads\/2019\/08\/cropped-Camping-M\u00fcllerhof.jpg","datePublished":"2019-08-12T11:21:24+00:00","dateModified":"2019-09-19T12:02:20+00:00","description":"All4Camper - FKK v Korutanech a nezapomenuteln\u00fd pohled z v\u00fd\u0161ky","breadcrumb":{"@id":"https:\/\/all4camper.com\/cs\/fkk-v-korutanech-a-nezapomenutelny-pohled-z-vysky\/#breadcrumb"},"inLanguage":"cs","potentialAction":[{"@type":"ReadAction","target":["https:\/\/all4camper.com\/cs\/fkk-v-korutanech-a-nezapomenutelny-pohled-z-vysky\/"]}]},{"@type":"ImageObject","inLanguage":"cs","@id":"https:\/\/all4camper.com\/cs\/fkk-v-korutanech-a-nezapomenutelny-pohled-z-vysky\/#primaryimage","url":"https:\/\/all4camper.com\/wp-content\/uploads\/2019\/08\/cropped-Camping-M\u00fcllerhof.jpg","contentUrl":"https:\/\/all4camper.com\/wp-content\/uploads\/2019\/08\/cropped-Camping-M\u00fcllerhof.jpg","width":1030,"height":579},{"@type":"BreadcrumbList","@id":"https:\/\/all4camper.com\/cs\/fkk-v-korutanech-a-nezapomenutelny-pohled-z-vysky\/#breadcrumb","itemListElement":[{"@type":"ListItem","position":1,"name":"Dom\u016f","item":"https:\/\/all4camper.com\/cs\/"},{"@type":"ListItem","position":2,"name":"Kempujeme a cestujeme v Rakousku","item":"https:\/\/all4camper.com\/cs\/category\/kempujeme-a-cestujeme-v-rakousku\/"},{"@type":"ListItem","position":3,"name":"FKK v Korutanech a nezapomenuteln\u00fd pohled z v\u00fd\u0161ky"}]},{"@type":"WebSite","@id":"https:\/\/all4camper.com\/cs\/#website","url":"https:\/\/all4camper.com\/cs\/","name":"All4Camper","description":"Nejv\u011bt\u0161\u00ed online magaz\u00edn o kempov\u00e1n\u00ed a karavaninku. V\u00edce jak 900 \u010dl\u00e1nk\u016f pln\u00fdch rad a tip\u016f o kempech a kempov\u00e1n\u00ed.","publisher":{"@id":"https:\/\/all4camper.com\/cs\/#organization"},"potentialAction":[{"@type":"SearchAction","target":{"@type":"EntryPoint","urlTemplate":"https:\/\/all4camper.com\/cs\/?s={search_term_string}"},"query-input":{"@type":"PropertyValueSpecification","valueRequired":true,"valueName":"search_term_string"}}],"inLanguage":"cs"},{"@type":"Organization","@id":"https:\/\/all4camper.com\/cs\/#organization","name":"All4Camper - kempujeme s Kl\u00e1rou","url":"https:\/\/all4camper.com\/cs\/","logo":{"@type":"ImageObject","inLanguage":"cs","@id":"https:\/\/all4camper.com\/cs\/#\/schema\/logo\/image\/","url":"https:\/\/all4camper.com\/wp-content\/uploads\/2018\/09\/novelogo.png","contentUrl":"https:\/\/all4camper.com\/wp-content\/uploads\/2018\/09\/novelogo.png","width":1520,"height":600,"caption":"All4Camper - kempujeme s Kl\u00e1rou"},"image":{"@id":"https:\/\/all4camper.com\/cs\/#\/schema\/logo\/image\/"}},{"@type":"Person","@id":"https:\/\/all4camper.com\/cs\/#\/schema\/person\/9349489688d4c221ca0fc39ae6bcb70b","name":"Kate\u0159ina","url":"https:\/\/all4camper.com\/cs\/author\/kterina\/"}]}},"_links":{"self":[{"href":"https:\/\/all4camper.com\/cs\/wp-json\/wp\/v2\/posts\/80796","targetHints":{"allow":["GET"]}}],"collection":[{"href":"https:\/\/all4camper.com\/cs\/wp-json\/wp\/v2\/posts"}],"about":[{"href":"https:\/\/all4camper.com\/cs\/wp-json\/wp\/v2\/types\/post"}],"author":[{"embeddable":true,"href":"https:\/\/all4camper.com\/cs\/wp-json\/wp\/v2\/users\/161"}],"replies":[{"embeddable":true,"href":"https:\/\/all4camper.com\/cs\/wp-json\/wp\/v2\/comments?post=80796"}],"version-history":[{"count":0,"href":"https:\/\/all4camper.com\/cs\/wp-json\/wp\/v2\/posts\/80796\/revisions"}],"wp:featuredmedia":[{"embeddable":true,"href":"https:\/\/all4camper.com\/cs\/wp-json\/wp\/v2\/media\/80805"}],"wp:attachment":[{"href":"https:\/\/all4camper.com\/cs\/wp-json\/wp\/v2\/media?parent=80796"}],"wp:term":[{"taxonomy":"category","embeddable":true,"href":"https:\/\/all4camper.com\/cs\/wp-json\/wp\/v2\/categories?post=80796"},{"taxonomy":"post_tag","embeddable":true,"href":"https:\/\/all4camper.com\/cs\/wp-json\/wp\/v2\/tags?post=80796"}],"curies":[{"name":"wp","href":"https:\/\/api.w.org\/{rel}","templated":true}]}}