{"id":80712,"date":"2022-01-22T16:03:00","date_gmt":"2022-01-22T15:03:00","guid":{"rendered":"https:\/\/all4camper.com\/\/?p=80712"},"modified":"2022-12-13T14:44:57","modified_gmt":"2022-12-13T13:44:57","slug":"zaciname-jezdit-s-obytnym-privesem-dulezite-informace-pro-zacatecniky","status":"publish","type":"post","link":"https:\/\/all4camper.com\/cs\/zaciname-jezdit-s-obytnym-privesem-dulezite-informace-pro-zacatecniky\/","title":{"rendered":"Za\u010d\u00edn\u00e1me jezdit s obytn\u00fdm p\u0159\u00edv\u011bsem &#8211; d\u016fle\u017eit\u00e9 informace pro za\u010d\u00e1te\u010dn\u00edky"},"content":{"rendered":"\n<p><strong>Chyst\u00e1te se po\u0159\u00eddit si karavan a za\u010d\u00edt cestovat na vlastn\u00ed p\u011bst? Nen\u00ed na tom v\u016fbec nic slo\u017eit\u00e9ho, ale pokud jste v&nbsp;t\u00e9to oblasti \u00fapln\u00fd za\u010d\u00e1te\u010dn\u00edk, budou se v\u00e1m hodit tyto informace, ne\u017e se i z&nbsp;v\u00e1s \u010dasem stanou ost\u0159\u00edlen\u00ed karavanist\u00e9.<\/strong><\/p>\n\n\n\n<figure class=\"wp-block-image\"><img loading=\"lazy\" decoding=\"async\" width=\"1727\" height=\"1080\" src=\"https:\/\/all4camper.com\/\/wp-content\/uploads\/2019\/08\/caravan-3366918_1920-1727x1080.jpg\" alt=\"\" class=\"wp-image-80713\" srcset=\"https:\/\/all4camper.com\/wp-content\/uploads\/2019\/08\/caravan-3366918_1920-1727x1080.jpg 1727w, https:\/\/all4camper.com\/wp-content\/uploads\/2019\/08\/caravan-3366918_1920-300x188.jpg 300w, https:\/\/all4camper.com\/wp-content\/uploads\/2019\/08\/caravan-3366918_1920-150x94.jpg 150w, https:\/\/all4camper.com\/wp-content\/uploads\/2019\/08\/caravan-3366918_1920-768x480.jpg 768w, https:\/\/all4camper.com\/wp-content\/uploads\/2019\/08\/caravan-3366918_1920-1536x961.jpg 1536w, https:\/\/all4camper.com\/wp-content\/uploads\/2019\/08\/caravan-3366918_1920.jpg 1920w\" sizes=\"auto, (max-width: 1727px) 100vw, 1727px\" \/><\/figure>\n\n\n\n<p>Prvn\u00ed z\u00e1sadn\u00ed v\u011bc\u00ed, kter\u00e1 v\u00e1s \u010dek\u00e1, je vyb\u00edr\u00e1n\u00ed karavanu, aby vyhovoval va\u0161im pot\u0159eb\u00e1m. V\u00fdb\u011br je v\u017edycky souhrn designov\u00fdch, u\u017eitkov\u00fdch, praktick\u00fdch a finan\u010dn\u00edch kompromis\u016f a opravdu z\u00e1le\u017e\u00ed jen na tom, co od sv\u00e9ho nov\u00e9ho karavanu o\u010dek\u00e1v\u00e1te. O v\u00fdb\u011bru by se proto dalo ps\u00e1t dlouho, p\u0159esto existuje n\u011bkolik z\u00e1kladn\u00edch v\u011bc\u00ed, na kter\u00e9 je pot\u0159eba d\u00e1t si pozor.<\/p>\n\n\n\n<ol class=\"wp-block-list\" type=\"1\"><li>Ujist\u011bte se, jestli je auto, kter\u00e9 m\u00e1te, nebo hodl\u00e1te po\u0159\u00eddit, vhodn\u00e9 k&nbsp;tah\u00e1n\u00ed vleku, a jak t\u011b\u017ek\u00fd vlek m\u016f\u017ee t\u00e1hnout.<\/li><li>Zkontrolujte si \u0159idi\u010dsk\u00fd pr\u016fkaz, abyste se ujistili, \u017ee m\u016f\u017eete jezdit se soupravou vzniklou z&nbsp;auta a ta\u017en\u00e9ho vleku.<\/li><li>Osobn\u011b si karavan p\u0159ed koup\u00ed prohl\u00e9dn\u011bte a zkontrolujte jeho technick\u00fd stav.<\/li><li>Zkontrolujte doklady ke karavanu a porovnejte \u00fadaje v&nbsp;TP se skute\u010dnost\u00ed. Zam\u011b\u0159te se p\u0159edev\u0161\u00edm na po\u010det n\u00e1prav, p\u0159em\u011b\u0159te z\u00e1kladn\u00ed rozm\u011bry karavanu a ov\u011b\u0159te \u010ditelnost a proveden\u00ed v\u00fdrobn\u00edho \u010d\u00edsla.<\/li><\/ol>\n\n\n\n<pre class=\"wp-block-verse\"><strong>Co, jak a za \u010d\u00edm mohu tahat, je bl\u00ed\u017ee popsan\u00e9 v tomhle \u010dl\u00e1nku <\/strong><a href=\"\/cs?p=84948\" target=\"_blank\" rel=\"noreferrer noopener\"><strong>\u0158idi\u010dsk\u00e9 pr\u016fkazy u obytn\u00fdch p\u0159\u00edv\u011bs\u016f \u2013 karavan\u016f, zap\u0159a\u017eitelnost a rychlostn\u00ed limity \u2013 jak to tedy je v \u010cR<\/strong> <\/a><\/pre>\n\n\n\n<figure class=\"wp-block-image is-resized\"><img loading=\"lazy\" decoding=\"async\" src=\"https:\/\/all4camper.com\/\/wp-content\/uploads\/2019\/08\/camper-933266_1280.jpg\" alt=\"\" class=\"wp-image-80716\" width=\"695\" height=\"462\" srcset=\"https:\/\/all4camper.com\/wp-content\/uploads\/2019\/08\/camper-933266_1280.jpg 1280w, https:\/\/all4camper.com\/wp-content\/uploads\/2019\/08\/camper-933266_1280-150x100.jpg 150w, https:\/\/all4camper.com\/wp-content\/uploads\/2019\/08\/camper-933266_1280-300x199.jpg 300w, https:\/\/all4camper.com\/wp-content\/uploads\/2019\/08\/camper-933266_1280-768x511.jpg 768w\" sizes=\"auto, (max-width: 695px) 100vw, 695px\" \/><\/figure>\n\n\n\n<h2 class=\"wp-block-heading\" id=\"zkusebni-jizda-s-karavanem\"><strong>Zku\u0161ebn\u00ed j\u00edzda s karavanem<\/strong><\/h2>\n\n\n\n<p>Po v\u00fdb\u011bru a koupen\u00ed karavanu p\u0159ich\u00e1z\u00ed probl\u00e9m, jak ho dopravit dom\u016f. Ti odv\u00e1\u017en\u011bj\u0161\u00ed k&nbsp;n\u011bmu zacouvaj\u00ed, p\u0159ipoj\u00ed ho k&nbsp;autu a vyraz\u00ed dom\u016f. Pokud jste dostate\u010dn\u011b opatrn\u00ed a budete m\u00edt \u0161t\u011bst\u00ed, dojedete v&nbsp;po\u0159\u00e1dku. V&nbsp;p\u0159\u00edpad\u011b, \u017ee jste ale za autem nikdy nic net\u00e1hli, je tento zp\u016fsob opravdu riskantn\u00ed. Auto s&nbsp;p\u0159\u00edv\u011bsem se toti\u017e na silnici chov\u00e1 jinak ne\u017e auto samotn\u00e9, tak\u017ee p\u0159i sv\u00e9 prvn\u00ed cest\u011b m\u016f\u017eete \u2013 v&nbsp;tom lep\u0161\u00edm p\u0159\u00edpad\u011b \u2013 skon\u010dit n\u011bkde ve \u0161karp\u011b.<\/p>\n\n\n\n<p>Mnohem bezpe\u010dn\u011bj\u0161\u00ed zp\u016fsob je nechat si karavan p\u0159iv\u00e9zt od n\u011bkoho zku\u0161en\u011bj\u0161\u00edho. Doma se pak s&nbsp;karavanem m\u016f\u017eete v&nbsp;klidu sezn\u00e1mit. Na zku\u0161ebn\u00ed j\u00edzdu zvolte n\u011bjakou m\u00e9n\u011b frekventovanou trasu, kde se nebudete muset ot\u00e1\u010det ani couvat. Jakmile zvl\u00e1dnete j\u00edzdu s&nbsp;karavanem, nau\u010dte se couvat. Ze za\u010d\u00e1tku budete nejsp\u00ed\u0161 pot\u0159ebovat pomoct n\u011bkoho, kdo v\u00e1m bude ukazovat. Couv\u00e1n\u00ed ur\u010dit\u011b nepodce\u0148ujte, a\u0165 nezdr\u017eujete provoz p\u0159i sv\u00e9 nemotorn\u00e9 snaze zaparkovat karavan. Rizikem \u0161patn\u00e9ho couv\u00e1n\u00ed je pak u nabour\u00e1n\u00ed, zlomen\u00ed vlaku nebo sp\u00e1len\u00ed spojky.<\/p>\n\n\n\n<p>Karavany maj\u00ed st\u00e1le \u010dast\u011bji vychyt\u00e1vku, kter\u00e9 se \u0159\u00edk\u00e1 \u201emover\u201c. Je to za\u0159\u00edzen\u00ed, kter\u00e9 dok\u00e1\u017ee pomoc\u00ed d\u00e1lkov\u00e9ho ovl\u00e1d\u00e1n\u00ed manipulovat s&nbsp;vlekem i po jeho odpojen\u00ed. Pokud jste zaparkovali na m\u00edst\u011b, kter\u00e9 umo\u017e\u0148uje bezpe\u010dnou manipulaci, va\u0161e d\u011bti si ur\u010dit\u011b u\u017eij\u00ed parkov\u00e1n\u00ed karavanu pomoc\u00ed d\u00e1lkov\u00e9ho ovl\u00e1d\u00e1n\u00ed. P\u0159ed odjezdem si v\u0161ak tento zp\u016fsob parkov\u00e1n\u00ed rad\u011bji natr\u00e9nujte. I kdy\u017e m\u00e1 v\u00e1\u0161 karavan mover, nespol\u00e9hejte pouze na n\u011bj a natr\u00e9nujte si klasick\u00e9 parkov\u00e1n\u00ed karavanu. Ne v\u0161ude toti\u017e bude mo\u017en\u00e9 mover vyu\u017e\u00edt.<\/p>\n\n\n\n<figure class=\"wp-block-image size-large is-resized\"><img loading=\"lazy\" decoding=\"async\" src=\"https:\/\/all4camper.com\/\/wp-content\/uploads\/2022\/01\/knaustabbert-press-2022-leserwahl-weinsberg-caraone-1569x1080.jpg\" alt=\"\" class=\"wp-image-139221\" width=\"695\" height=\"478\" srcset=\"https:\/\/all4camper.com\/wp-content\/uploads\/2022\/01\/knaustabbert-press-2022-leserwahl-weinsberg-caraone-1569x1080.jpg 1569w, https:\/\/all4camper.com\/wp-content\/uploads\/2022\/01\/knaustabbert-press-2022-leserwahl-weinsberg-caraone-300x207.jpg 300w, https:\/\/all4camper.com\/wp-content\/uploads\/2022\/01\/knaustabbert-press-2022-leserwahl-weinsberg-caraone-150x103.jpg 150w, https:\/\/all4camper.com\/wp-content\/uploads\/2022\/01\/knaustabbert-press-2022-leserwahl-weinsberg-caraone-768x529.jpg 768w, https:\/\/all4camper.com\/wp-content\/uploads\/2022\/01\/knaustabbert-press-2022-leserwahl-weinsberg-caraone-1536x1057.jpg 1536w, https:\/\/all4camper.com\/wp-content\/uploads\/2022\/01\/knaustabbert-press-2022-leserwahl-weinsberg-caraone-2048x1410.jpg 2048w, https:\/\/all4camper.com\/wp-content\/uploads\/2022\/01\/knaustabbert-press-2022-leserwahl-weinsberg-caraone-218x150.jpg 218w, https:\/\/all4camper.com\/wp-content\/uploads\/2022\/01\/knaustabbert-press-2022-leserwahl-weinsberg-caraone-696x479.jpg 696w, https:\/\/all4camper.com\/wp-content\/uploads\/2022\/01\/knaustabbert-press-2022-leserwahl-weinsberg-caraone-1068x735.jpg 1068w, https:\/\/all4camper.com\/wp-content\/uploads\/2022\/01\/knaustabbert-press-2022-leserwahl-weinsberg-caraone-1920x1322.jpg 1920w\" sizes=\"auto, (max-width: 695px) 100vw, 695px\" \/><figcaption>foto: https:\/\/www.knaustabbert.de\/<\/figcaption><\/figure>\n\n\n\n<h2 class=\"wp-block-heading\" id=\"kontrola-zarizeni-a-obsluha\"><strong>Kontrola za\u0159\u00edzen\u00ed a obsluha<\/strong><\/h2>\n\n\n\n<p>Po po\u0159\u00edzen\u00ed karavanu je d\u016fle\u017eit\u00e9 sezn\u00e1mit se s&nbsp;jeho konstrukc\u00ed a obsluhou. Jde p\u0159edev\u0161\u00edm o sezn\u00e1men\u00ed se se syst\u00e9mem ovl\u00e1d\u00e1n\u00ed a zaji\u0161t\u011bn\u00ed spojovac\u00edho mechanismu (\u010duby). \u0160patn\u00e9 spojen\u00ed s&nbsp;ta\u017en\u00fdm vozidlem m\u016f\u017ee b\u00fdt \u00fasm\u011bvn\u00e1 historka, pokud odjedeme a vlek z\u016fstane st\u00e1t na parkovi\u0161ti, nebo obrovsk\u00fd pr\u016f\u0161vih v&nbsp;p\u0159\u00edpad\u011b, \u017ee se p\u0159\u00edv\u011bs odpoj\u00ed b\u011bhem j\u00edzdy v&nbsp;zat\u00e1\u010dce, vraz\u00ed do protijedouc\u00edho auta nebo smete chodce. Nezapome\u0148te tedy prozkoumat otev\u00edr\u00e1n\u00ed, zav\u00edr\u00e1n\u00ed, zaji\u0161\u0165ov\u00e1n\u00ed a zamyk\u00e1n\u00ed \u010duby a myslet na to, \u017ee je d\u016fle\u017eit\u00e9 p\u0159ed ka\u017ed\u00fdm vyjet\u00edm alespo\u0148 vizu\u00e1ln\u011b zkontrolovat spojen\u00ed.<\/p>\n\n\n\n<p>Dal\u0161\u00ed nutnost\u00ed je vyzkou\u0161en\u00ed z\u00e1suvky a koupen\u00ed spr\u00e1vn\u00e9 redukce v&nbsp;p\u0159\u00edpad\u011b, \u017ee auto a karavan maj\u00ed rozd\u00edlen\u00e9 osazen\u00ed. Z\u00e1suvku i z\u00e1str\u010dku je t\u0159eba udr\u017eovat v&nbsp;\u010distot\u011b a ob\u010das prost\u0159\u00edknout olejem na kontakty. Koroze a oxidace ve spoji b\u00fdv\u00e1 nej\u010dast\u011bj\u0161\u00ed p\u0159\u00ed\u010dinou toho, \u017ee na karavanu n\u011bco nesv\u00edt\u00ed nebo naopak a\u017e p\u0159\u00edli\u0161 blik\u00e1.<\/p>\n\n\n\n<p>Probl\u00e9my m\u016f\u017ee zp\u016fsobit i bezpe\u010dnostn\u00ed lanko. Lanko m\u00e1 b\u00fdt na vleku upevn\u011bno na ta\u017en\u00e9m za\u0159\u00edzen\u00ed k&nbsp;mechanismu n\u00e1jezdov\u00e9 brzdy, aby v&nbsp;p\u0159\u00edpad\u011b rozpojen\u00ed \u010duby zabrzdilo odpojen\u00fd vlek. Nen\u00ed v\u0161ak nic neobvykl\u00e9ho setkat se s&nbsp;t\u00edm, \u017ee o\u010dko na ta\u017en\u00e9 lanko nen\u00ed tam, kde by m\u011blo b\u00fdt. To je v\u011bt\u0161inou \u0159e\u0161eno um\u00edst\u011bn\u00edm ta\u017en\u00e9ho lanka okolo koule pod \u010dubu. V&nbsp;n\u011bkter\u00fdch p\u0159\u00edpadech to opravdu m\u016f\u017ee sta\u010dit, ale pokud se ta\u017en\u00e9 lanko p\u0159etrhne nebo se uvoln\u00ed nezaji\u0161t\u011bn\u00e1 koule, bude toto provizorn\u00ed um\u00edst\u011bn\u00ed lanka \u00fapln\u011b k&nbsp;ni\u010demu. Je dobr\u00e9 nechat si dod\u011blat o\u010dko na z\u00e1kladn\u00ed konstrukci ta\u017en\u00e9ho za\u0159\u00edzen\u00ed. Pozor v\u0161ak na to, \u017ee o\u010dko i z\u00e1suvka na ta\u017en\u00e9m za\u0159\u00edzen\u00ed mus\u00ed b\u00fdt um\u00edst\u011bny co nejbl\u00ed\u017ee ke kouli. \u010c\u00edm d\u00e1le jsou toti\u017e od st\u0159edu vozidla, t\u00edm je v\u011bt\u0161\u00ed riziko, \u017ee p\u0159i man\u00e9vrov\u00e1n\u00ed a ostr\u00e9m vybo\u010den\u00ed vleku dojde k&nbsp;vytr\u017een\u00ed kabelu k&nbsp;z\u00e1suvce, nebo zablokov\u00e1n\u00ed brzdy lankem.<\/p>\n\n\n\n<p>P\u0159i seznamov\u00e1n\u00ed se s&nbsp;karavanem si zjist\u011bte, kde je ulo\u017een\u00e9 rezervn\u00ed kolo a jak se karavan p\u0159i v\u00fdm\u011bn\u011b zved\u00e1. Pokud v\u00e1\u0161 karavan rezervu nem\u00e1, po\u0159i\u010fte si ji i s&nbsp;vhodn\u00fdm heverem.<\/p>\n\n\n\n<p>P\u0159ed ka\u017ed\u00fdm vyjet\u00edm nezapome\u0148te na pojezdov\u00e9 kole\u010dko, kter\u00e9 v\u017edy zasu\u0148te kli\u010dkou na minim\u00e1ln\u00ed d\u00e9lku a posu\u0148te nahoru, aby na nerovnostech ne\u0161krtalo o ter\u00e9n. Areta\u010dn\u00ed kli\u010dku je pot\u0159eba po\u0159\u00e1dn\u011b dot\u00e1hnout, jinak si z&nbsp;v\u00fdletu m\u016f\u017eete p\u0159iv\u00e9zt ubrou\u0161en\u00e9 a ohnut\u00e9 kole\u010dko, nebo se dokonce vr\u00e1tit bez kole\u010dka.<\/p>\n\n\n\n<p>P\u0159ed j\u00edzdou je vhodn\u00e9 je\u0161t\u011b p\u0159ev\u00e1\u017eit nalo\u017een\u00fd karavan, abyste m\u011bli p\u0159edstavu o hmotnosti, a zv\u00e1\u017eit zat\u00ed\u017een\u00ed na kouli. Nezapome\u0148te, \u017ee vlek se mus\u00ed v\u00e1\u017eit odpojen\u00fd od auta, jinak nebudou v\u00fdsledky odpov\u00eddat realit\u011b. P\u0159\u00edv\u011bs by m\u011bl b\u00fdt nalo\u017een\u00fd tak, aby se zat\u00ed\u017een\u00ed koule co nejv\u00edce bl\u00ed\u017eilo maxim\u00e1ln\u00edmu povolen\u00e9ho zat\u00ed\u017een\u00ed, kter\u00e9 je uveden\u00e9 v&nbsp;TP ta\u017en\u00e9ho vozidla. Takto nalo\u017een\u00fd vlek se bude za j\u00edzdy chovat klidn\u011b a riziko jeho rozhoup\u00e1n\u00ed bude sn\u00ed\u017eeno na minimum.<\/p>\n\n\n\n<p>Cestov\u00e1n\u00ed v\u00e1m tak\u00e9 velmi usnadn\u00ed zapamatov\u00e1n\u00ed maxim\u00e1ln\u00ed v\u00fd\u0161ky karavanu. P\u0159i pl\u00e1nov\u00e1n\u00ed trasy pak budete hned v\u011bd\u011bt, pod kter\u00fd podjezd se vejdete, a kde to p\u0159\u00edpadn\u011b budete muset vz\u00edt oklikou.<\/p>\n\n\n\n<figure class=\"wp-block-image size-full is-resized\"><img loading=\"lazy\" decoding=\"async\" src=\"https:\/\/all4camper.com\/\/wp-content\/uploads\/2022\/01\/X-line-Jelen-zelen\u017e-2020-p\u00d6j\u00fcovna-Olomouc-7.jpeg\" alt=\"\" class=\"wp-image-139223\" width=\"695\" height=\"521\"\/><figcaption>Foto: https:\/\/lifestylecamper.cz\/<\/figcaption><\/figure>\n\n\n\n<h2 class=\"wp-block-heading\" id=\"behem-jizdy\"><strong>B\u011bhem j\u00edzdy<\/strong><\/h2>\n\n\n\n<p>P\u0159ed odjezdem se ujist\u011bte, \u017ee jste odbrzdili parkovac\u00ed brzdu, proto\u017ee to v\u00e1m \u017e\u00e1dn\u00e1 kontrolka v&nbsp;aut\u011b neuk\u00e1\u017ee.<\/p>\n\n\n\n<p>J\u00edzda s&nbsp;vlekem je jin\u00e1 ne\u017e se samotn\u00fdm autem. Nejd\u016fle\u017eit\u011bj\u0161\u00ed je nikdy nezapomenout, \u017ee za sebou m\u00e1te vlek. Situace \u2013 nap\u0159\u00edklad p\u0159i p\u0159edj\u00ed\u017ed\u011bn\u00ed \u2013 toti\u017e s&nbsp;vlekem dost\u00e1vaj\u00ed jin\u00fd rozm\u011br. To, co byste toti\u017e p\u0159i j\u00edzd\u011b jenom s&nbsp;autem naprosto s&nbsp;p\u0159ehledem zvl\u00e1dli, s&nbsp;vlekem za sebou nestihnete.<\/p>\n\n\n\n<p>Dal\u0161\u00ed v\u011bc\u00ed, na kterou je p\u0159i j\u00edzd\u011b s&nbsp;vlekem pot\u0159eba d\u00e1vat pozor, je odbo\u010dov\u00e1n\u00ed nebo p\u0159ej\u00ed\u017ed\u011bn\u00ed z&nbsp;jednoho pruhu do druh\u00e9ho. P\u0159i odbo\u010dov\u00e1n\u00ed v&nbsp;ost\u0159ej\u0161\u00edm \u00fahlu vlek zat\u00e1\u010dku trochu \u201e\u0159\u00edzne\u201c. Velmi snadno se tak stane, \u017ee bokem karavanu vezmete n\u011bco s&nbsp;sebou, v&nbsp;tom lep\u0161\u00edm p\u0159\u00edpad\u011b jenom svodidla, v&nbsp;tom hor\u0161\u00edm auto v&nbsp;protism\u011bru nebo ve vedlej\u0161\u00edm pruhu. Nezapom\u00ednejte si proto situaci ohl\u00eddat v&nbsp;zrc\u00e1tku. V&nbsp;p\u0159\u00edpad\u011b, \u017ee v\u00e1s \u010dek\u00e1 prudk\u00fd zlom p\u0159i vjezdu do dvora, na parkovi\u0161t\u011b, nebo v&nbsp;kempu, rad\u011bji vystupte a obhl\u00e9dn\u011bte situaci. Je sice jednoduch\u00e9 poslat spolujezdce, aby vysko\u010dil a zjistil, kolik m\u00e1te kolem sebe m\u00edsta, ale bezpe\u010dn\u011bj\u0161\u00ed je, kdy\u017e se o situaci p\u0159esv\u011bd\u010d\u00ed s\u00e1m \u0159idi\u010d.<\/p>\n\n\n\n<p>B\u011bhem j\u00edzdy mus\u00edte hlavn\u011b p\u0159edv\u00eddat a myslet na to, \u017ee je pot\u0159eba nech\u00e1vat si v\u011bt\u0161\u00ed rozestupy, za\u010d\u00ednat brzdit d\u0159\u00edve a man\u00e9vrovat v&nbsp;klidu a bez zbrklost\u00ed. S&nbsp;karavanem prost\u011b cht\u011b necht\u011b vytv\u00e1\u0159\u00edte p\u0159ek\u00e1\u017eku b\u011b\u017en\u00e9mu silni\u010dn\u00edmu provozu. Kontrolujte proto zp\u011btn\u00e1 zrc\u00e1tka a v&nbsp;p\u0159\u00edpad\u011b, \u017ee v\u00e1s n\u011bkdo p\u0159edj\u00ed\u017ed\u00ed, v&nbsp;mez\u00edch mo\u017enost\u00ed uhn\u011bte nebo zpomalte. Zapnut\u00edm prav\u00e9ho blinkru tak\u00e9 d\u00e1te ostatn\u00edm najevo, \u017ee v\u00e1s mohou p\u0159edjet.<\/p>\n\n\n\n<figure class=\"wp-block-image size-large is-resized\"><img loading=\"lazy\" decoding=\"async\" src=\"https:\/\/all4camper.com\/\/wp-content\/uploads\/2022\/01\/CELLINI_655-SDF_F-1-1539x1080.jpg\" alt=\"\" class=\"wp-image-139225\" width=\"695\" height=\"487\" srcset=\"https:\/\/all4camper.com\/wp-content\/uploads\/2022\/01\/CELLINI_655-SDF_F-1-1539x1080.jpg 1539w, https:\/\/all4camper.com\/wp-content\/uploads\/2022\/01\/CELLINI_655-SDF_F-1-300x211.jpg 300w, https:\/\/all4camper.com\/wp-content\/uploads\/2022\/01\/CELLINI_655-SDF_F-1-150x105.jpg 150w, https:\/\/all4camper.com\/wp-content\/uploads\/2022\/01\/CELLINI_655-SDF_F-1-768x539.jpg 768w, https:\/\/all4camper.com\/wp-content\/uploads\/2022\/01\/CELLINI_655-SDF_F-1-1536x1078.jpg 1536w, https:\/\/all4camper.com\/wp-content\/uploads\/2022\/01\/CELLINI_655-SDF_F-1-2048x1437.jpg 2048w, https:\/\/all4camper.com\/wp-content\/uploads\/2022\/01\/CELLINI_655-SDF_F-1-696x488.jpg 696w, https:\/\/all4camper.com\/wp-content\/uploads\/2022\/01\/CELLINI_655-SDF_F-1-1068x750.jpg 1068w, https:\/\/all4camper.com\/wp-content\/uploads\/2022\/01\/CELLINI_655-SDF_F-1-1920x1348.jpg 1920w\" sizes=\"auto, (max-width: 695px) 100vw, 695px\" \/><figcaption><meta charset=\"utf-8\">foto: https:\/\/www.knaustabbert.de\/<\/figcaption><\/figure>\n\n\n\n<pre class=\"wp-block-verse\"><strong>Dal\u0161\u00ed p\u0159\u00edsp\u011bvky na t\u00e9ma karavaning si p\u0159e\u010dtete <a href=\"\/cs?cat_ID=8122\" target=\"_blank\" rel=\"noreferrer noopener\">tady<\/a>.<\/strong><\/pre>\n","protected":false},"excerpt":{"rendered":"<p>Chyst\u00e1te se po\u0159\u00eddit si karavan a za\u010d\u00edt cestovat na vlastn\u00ed p\u011bst? Nen\u00ed na tom v\u016fbec nic slo\u017eit\u00e9ho, ale pokud jste v&nbsp;t\u00e9to oblasti \u00fapln\u00fd za\u010d\u00e1te\u010dn\u00edk, budou se v\u00e1m hodit tyto informace, ne\u017e se i z&nbsp;v\u00e1s \u010dasem stanou ost\u0159\u00edlen\u00ed karavanist\u00e9. Prvn\u00ed z\u00e1sadn\u00ed v\u011bc\u00ed, kter\u00e1 v\u00e1s \u010dek\u00e1, je vyb\u00edr\u00e1n\u00ed karavanu, aby vyhovoval va\u0161im pot\u0159eb\u00e1m. V\u00fdb\u011br je v\u017edycky souhrn [&hellip;]<\/p>\n","protected":false},"author":4,"featured_media":139225,"comment_status":"closed","ping_status":"open","sticky":false,"template":"","format":"standard","meta":{"_monsterinsights_skip_tracking":false,"_monsterinsights_sitenote_active":false,"_monsterinsights_sitenote_note":"","_monsterinsights_sitenote_category":0,"footnotes":""},"categories":[11194,422,8209],"tags":[226,366,8122],"class_list":{"0":"post-80712","1":"post","2":"type-post","3":"status-publish","4":"format-standard","5":"has-post-thumbnail","7":"category-karavaning","8":"category-novinky-kempovani-a-karavaning","9":"category-rady-tipy-informace","10":"tag-rady-a-tipy","11":"tag-zakladni-informace","12":"tag-karavaning"},"yoast_head":"<!-- This site is optimized with the Yoast SEO plugin v27.5 - https:\/\/yoast.com\/product\/yoast-seo-wordpress\/ -->\n<title>Za\u010d\u00edn\u00e1me jezdit s obytn\u00fdm p\u0159\u00edv\u011bsem - d\u016fle\u017eit\u00e9 informace pro za\u010d\u00e1te\u010dn\u00edky - All4Camper<\/title>\n<meta name=\"description\" content=\"stovat na vlastn\u00ed p\u011bst? Nen\u00ed na tom v\u016fbec nic slo\u017eit\u00e9ho, ale pokud jste v\u00a0t\u00e9to oblasti \u00fapln\u00fd za\u010d\u00e1te\u010dn\u00edk, budou se v\u00e1m hodit tyto informace, ne\u017e se i z\u00a0v\u00e1s \u010dasem stanou ost\u0159\u00edlen\u00ed karavanist\u00e9.\" \/>\n<meta name=\"robots\" content=\"index, follow, max-snippet:-1, max-image-preview:large, max-video-preview:-1\" \/>\n<link rel=\"canonical\" href=\"https:\/\/all4camper.com\/cs\/zaciname-jezdit-s-obytnym-privesem-dulezite-informace-pro-zacatecniky\/\" \/>\n<meta property=\"og:locale\" content=\"cs_CZ\" \/>\n<meta property=\"og:type\" content=\"article\" \/>\n<meta property=\"og:title\" content=\"Za\u010d\u00edn\u00e1me jezdit s obytn\u00fdm p\u0159\u00edv\u011bsem - d\u016fle\u017eit\u00e9 informace pro za\u010d\u00e1te\u010dn\u00edky - All4Camper\" \/>\n<meta property=\"og:description\" content=\"stovat na vlastn\u00ed p\u011bst? Nen\u00ed na tom v\u016fbec nic slo\u017eit\u00e9ho, ale pokud jste v\u00a0t\u00e9to oblasti \u00fapln\u00fd za\u010d\u00e1te\u010dn\u00edk, budou se v\u00e1m hodit tyto informace, ne\u017e se i z\u00a0v\u00e1s \u010dasem stanou ost\u0159\u00edlen\u00ed karavanist\u00e9.\" \/>\n<meta property=\"og:url\" content=\"https:\/\/all4camper.com\/cs\/zaciname-jezdit-s-obytnym-privesem-dulezite-informace-pro-zacatecniky\/\" \/>\n<meta property=\"og:site_name\" content=\"All4Camper\" \/>\n<meta property=\"article:published_time\" content=\"2022-01-22T15:03:00+00:00\" \/>\n<meta property=\"article:modified_time\" content=\"2022-12-13T13:44:57+00:00\" \/>\n<meta property=\"og:image\" content=\"https:\/\/all4camper.com\/wp-content\/uploads\/2022\/01\/CELLINI_655-SDF_F-1-scaled.jpg\" \/>\n\t<meta property=\"og:image:width\" content=\"2560\" \/>\n\t<meta property=\"og:image:height\" content=\"1797\" \/>\n\t<meta property=\"og:image:type\" content=\"image\/jpeg\" \/>\n<meta name=\"author\" content=\"Kl\u00e1ra H\u00e1jkov\u00e1\" \/>\n<meta name=\"twitter:card\" content=\"summary_large_image\" \/>\n<meta name=\"twitter:label1\" content=\"Napsal(a)\" \/>\n\t<meta name=\"twitter:data1\" content=\"Kl\u00e1ra H\u00e1jkov\u00e1\" \/>\n\t<meta name=\"twitter:label2\" content=\"Odhadovan\u00e1 doba \u010dten\u00ed\" \/>\n\t<meta name=\"twitter:data2\" content=\"7 minut\" \/>\n<script type=\"application\/ld+json\" class=\"yoast-schema-graph\">{\"@context\":\"https:\\\/\\\/schema.org\",\"@graph\":[{\"@type\":\"Article\",\"@id\":\"https:\\\/\\\/all4camper.com\\\/cs\\\/zaciname-jezdit-s-obytnym-privesem-dulezite-informace-pro-zacatecniky\\\/#article\",\"isPartOf\":{\"@id\":\"https:\\\/\\\/all4camper.com\\\/cs\\\/zaciname-jezdit-s-obytnym-privesem-dulezite-informace-pro-zacatecniky\\\/\"},\"author\":{\"name\":\"Kl\u00e1ra H\u00e1jkov\u00e1\",\"@id\":\"https:\\\/\\\/all4camper.com\\\/cs\\\/#\\\/schema\\\/person\\\/c6f1efdf1d02bc7d8c53a891cbe18c62\"},\"headline\":\"Za\u010d\u00edn\u00e1me jezdit s obytn\u00fdm p\u0159\u00edv\u011bsem &#8211; d\u016fle\u017eit\u00e9 informace pro za\u010d\u00e1te\u010dn\u00edky\",\"datePublished\":\"2022-01-22T15:03:00+00:00\",\"dateModified\":\"2022-12-13T13:44:57+00:00\",\"mainEntityOfPage\":{\"@id\":\"https:\\\/\\\/all4camper.com\\\/cs\\\/zaciname-jezdit-s-obytnym-privesem-dulezite-informace-pro-zacatecniky\\\/\"},\"wordCount\":1665,\"publisher\":{\"@id\":\"https:\\\/\\\/all4camper.com\\\/cs\\\/#organization\"},\"image\":{\"@id\":\"https:\\\/\\\/all4camper.com\\\/cs\\\/zaciname-jezdit-s-obytnym-privesem-dulezite-informace-pro-zacatecniky\\\/#primaryimage\"},\"thumbnailUrl\":\"https:\\\/\\\/all4camper.com\\\/wp-content\\\/uploads\\\/2022\\\/01\\\/CELLINI_655-SDF_F-1-scaled.jpg\",\"keywords\":[\"Rady-tipy-informace\",\"Z\u00e1kladn\u00ed informace\",\"Ze sv\u011bta karavaningu\"],\"articleSection\":[\"Karavanink\",\"Novinky - Kempov\u00e1n\u00ed a karavaning\",\"Rady, tipy, informace\"],\"inLanguage\":\"cs\"},{\"@type\":\"WebPage\",\"@id\":\"https:\\\/\\\/all4camper.com\\\/cs\\\/zaciname-jezdit-s-obytnym-privesem-dulezite-informace-pro-zacatecniky\\\/\",\"url\":\"https:\\\/\\\/all4camper.com\\\/cs\\\/zaciname-jezdit-s-obytnym-privesem-dulezite-informace-pro-zacatecniky\\\/\",\"name\":\"Za\u010d\u00edn\u00e1me jezdit s obytn\u00fdm p\u0159\u00edv\u011bsem - d\u016fle\u017eit\u00e9 informace pro za\u010d\u00e1te\u010dn\u00edky - All4Camper\",\"isPartOf\":{\"@id\":\"https:\\\/\\\/all4camper.com\\\/cs\\\/#website\"},\"primaryImageOfPage\":{\"@id\":\"https:\\\/\\\/all4camper.com\\\/cs\\\/zaciname-jezdit-s-obytnym-privesem-dulezite-informace-pro-zacatecniky\\\/#primaryimage\"},\"image\":{\"@id\":\"https:\\\/\\\/all4camper.com\\\/cs\\\/zaciname-jezdit-s-obytnym-privesem-dulezite-informace-pro-zacatecniky\\\/#primaryimage\"},\"thumbnailUrl\":\"https:\\\/\\\/all4camper.com\\\/wp-content\\\/uploads\\\/2022\\\/01\\\/CELLINI_655-SDF_F-1-scaled.jpg\",\"datePublished\":\"2022-01-22T15:03:00+00:00\",\"dateModified\":\"2022-12-13T13:44:57+00:00\",\"description\":\"stovat na vlastn\u00ed p\u011bst? Nen\u00ed na tom v\u016fbec nic slo\u017eit\u00e9ho, ale pokud jste v\u00a0t\u00e9to oblasti \u00fapln\u00fd za\u010d\u00e1te\u010dn\u00edk, budou se v\u00e1m hodit tyto informace, ne\u017e se i z\u00a0v\u00e1s \u010dasem stanou ost\u0159\u00edlen\u00ed karavanist\u00e9.\",\"breadcrumb\":{\"@id\":\"https:\\\/\\\/all4camper.com\\\/cs\\\/zaciname-jezdit-s-obytnym-privesem-dulezite-informace-pro-zacatecniky\\\/#breadcrumb\"},\"inLanguage\":\"cs\",\"potentialAction\":[{\"@type\":\"ReadAction\",\"target\":[\"https:\\\/\\\/all4camper.com\\\/cs\\\/zaciname-jezdit-s-obytnym-privesem-dulezite-informace-pro-zacatecniky\\\/\"]}]},{\"@type\":\"ImageObject\",\"inLanguage\":\"cs\",\"@id\":\"https:\\\/\\\/all4camper.com\\\/cs\\\/zaciname-jezdit-s-obytnym-privesem-dulezite-informace-pro-zacatecniky\\\/#primaryimage\",\"url\":\"https:\\\/\\\/all4camper.com\\\/wp-content\\\/uploads\\\/2022\\\/01\\\/CELLINI_655-SDF_F-1-scaled.jpg\",\"contentUrl\":\"https:\\\/\\\/all4camper.com\\\/wp-content\\\/uploads\\\/2022\\\/01\\\/CELLINI_655-SDF_F-1-scaled.jpg\",\"width\":2560,\"height\":1797},{\"@type\":\"BreadcrumbList\",\"@id\":\"https:\\\/\\\/all4camper.com\\\/cs\\\/zaciname-jezdit-s-obytnym-privesem-dulezite-informace-pro-zacatecniky\\\/#breadcrumb\",\"itemListElement\":[{\"@type\":\"ListItem\",\"position\":1,\"name\":\"Dom\u016f\",\"item\":\"https:\\\/\\\/all4camper.com\\\/cs\\\/\"},{\"@type\":\"ListItem\",\"position\":2,\"name\":\"Karavanink\",\"item\":\"https:\\\/\\\/all4camper.com\\\/cs\\\/category\\\/karavaning\\\/\"},{\"@type\":\"ListItem\",\"position\":3,\"name\":\"Za\u010d\u00edn\u00e1me jezdit s obytn\u00fdm p\u0159\u00edv\u011bsem &#8211; d\u016fle\u017eit\u00e9 informace pro za\u010d\u00e1te\u010dn\u00edky\"}]},{\"@type\":\"WebSite\",\"@id\":\"https:\\\/\\\/all4camper.com\\\/cs\\\/#website\",\"url\":\"https:\\\/\\\/all4camper.com\\\/cs\\\/\",\"name\":\"All4Camper\",\"description\":\"Nejv\u011bt\u0161\u00ed online magaz\u00edn o kempov\u00e1n\u00ed a karavaninku. V\u00edce jak 900 \u010dl\u00e1nk\u016f pln\u00fdch rad a tip\u016f o kempech a kempov\u00e1n\u00ed.\",\"publisher\":{\"@id\":\"https:\\\/\\\/all4camper.com\\\/cs\\\/#organization\"},\"potentialAction\":[{\"@type\":\"SearchAction\",\"target\":{\"@type\":\"EntryPoint\",\"urlTemplate\":\"https:\\\/\\\/all4camper.com\\\/cs\\\/?s={search_term_string}\"},\"query-input\":{\"@type\":\"PropertyValueSpecification\",\"valueRequired\":true,\"valueName\":\"search_term_string\"}}],\"inLanguage\":\"cs\"},{\"@type\":\"Organization\",\"@id\":\"https:\\\/\\\/all4camper.com\\\/cs\\\/#organization\",\"name\":\"All4Camper - kempujeme s Kl\u00e1rou\",\"url\":\"https:\\\/\\\/all4camper.com\\\/cs\\\/\",\"logo\":{\"@type\":\"ImageObject\",\"inLanguage\":\"cs\",\"@id\":\"https:\\\/\\\/all4camper.com\\\/cs\\\/#\\\/schema\\\/logo\\\/image\\\/\",\"url\":\"https:\\\/\\\/all4camper.com\\\/wp-content\\\/uploads\\\/2018\\\/09\\\/novelogo.png\",\"contentUrl\":\"https:\\\/\\\/all4camper.com\\\/wp-content\\\/uploads\\\/2018\\\/09\\\/novelogo.png\",\"width\":1520,\"height\":600,\"caption\":\"All4Camper - kempujeme s Kl\u00e1rou\"},\"image\":{\"@id\":\"https:\\\/\\\/all4camper.com\\\/cs\\\/#\\\/schema\\\/logo\\\/image\\\/\"}},{\"@type\":\"Person\",\"@id\":\"https:\\\/\\\/all4camper.com\\\/cs\\\/#\\\/schema\\\/person\\\/c6f1efdf1d02bc7d8c53a891cbe18c62\",\"name\":\"Kl\u00e1ra H\u00e1jkov\u00e1\",\"sameAs\":[\"http:\\\/\\\/www.all4camper.com\"],\"url\":\"https:\\\/\\\/all4camper.com\\\/cs\\\/author\\\/klarinkacestuje1\\\/\"}]}<\/script>\n<!-- \/ Yoast SEO plugin. -->","yoast_head_json":{"title":"Za\u010d\u00edn\u00e1me jezdit s obytn\u00fdm p\u0159\u00edv\u011bsem - d\u016fle\u017eit\u00e9 informace pro za\u010d\u00e1te\u010dn\u00edky - All4Camper","description":"stovat na vlastn\u00ed p\u011bst? Nen\u00ed na tom v\u016fbec nic slo\u017eit\u00e9ho, ale pokud jste v\u00a0t\u00e9to oblasti \u00fapln\u00fd za\u010d\u00e1te\u010dn\u00edk, budou se v\u00e1m hodit tyto informace, ne\u017e se i z\u00a0v\u00e1s \u010dasem stanou ost\u0159\u00edlen\u00ed karavanist\u00e9.","robots":{"index":"index","follow":"follow","max-snippet":"max-snippet:-1","max-image-preview":"max-image-preview:large","max-video-preview":"max-video-preview:-1"},"canonical":"https:\/\/all4camper.com\/cs\/zaciname-jezdit-s-obytnym-privesem-dulezite-informace-pro-zacatecniky\/","og_locale":"cs_CZ","og_type":"article","og_title":"Za\u010d\u00edn\u00e1me jezdit s obytn\u00fdm p\u0159\u00edv\u011bsem - d\u016fle\u017eit\u00e9 informace pro za\u010d\u00e1te\u010dn\u00edky - All4Camper","og_description":"stovat na vlastn\u00ed p\u011bst? Nen\u00ed na tom v\u016fbec nic slo\u017eit\u00e9ho, ale pokud jste v\u00a0t\u00e9to oblasti \u00fapln\u00fd za\u010d\u00e1te\u010dn\u00edk, budou se v\u00e1m hodit tyto informace, ne\u017e se i z\u00a0v\u00e1s \u010dasem stanou ost\u0159\u00edlen\u00ed karavanist\u00e9.","og_url":"https:\/\/all4camper.com\/cs\/zaciname-jezdit-s-obytnym-privesem-dulezite-informace-pro-zacatecniky\/","og_site_name":"All4Camper","article_published_time":"2022-01-22T15:03:00+00:00","article_modified_time":"2022-12-13T13:44:57+00:00","og_image":[{"width":2560,"height":1797,"url":"https:\/\/all4camper.com\/wp-content\/uploads\/2022\/01\/CELLINI_655-SDF_F-1-scaled.jpg","type":"image\/jpeg"}],"author":"Kl\u00e1ra H\u00e1jkov\u00e1","twitter_card":"summary_large_image","twitter_misc":{"Napsal(a)":"Kl\u00e1ra H\u00e1jkov\u00e1","Odhadovan\u00e1 doba \u010dten\u00ed":"7 minut"},"schema":{"@context":"https:\/\/schema.org","@graph":[{"@type":"Article","@id":"https:\/\/all4camper.com\/cs\/zaciname-jezdit-s-obytnym-privesem-dulezite-informace-pro-zacatecniky\/#article","isPartOf":{"@id":"https:\/\/all4camper.com\/cs\/zaciname-jezdit-s-obytnym-privesem-dulezite-informace-pro-zacatecniky\/"},"author":{"name":"Kl\u00e1ra H\u00e1jkov\u00e1","@id":"https:\/\/all4camper.com\/cs\/#\/schema\/person\/c6f1efdf1d02bc7d8c53a891cbe18c62"},"headline":"Za\u010d\u00edn\u00e1me jezdit s obytn\u00fdm p\u0159\u00edv\u011bsem &#8211; d\u016fle\u017eit\u00e9 informace pro za\u010d\u00e1te\u010dn\u00edky","datePublished":"2022-01-22T15:03:00+00:00","dateModified":"2022-12-13T13:44:57+00:00","mainEntityOfPage":{"@id":"https:\/\/all4camper.com\/cs\/zaciname-jezdit-s-obytnym-privesem-dulezite-informace-pro-zacatecniky\/"},"wordCount":1665,"publisher":{"@id":"https:\/\/all4camper.com\/cs\/#organization"},"image":{"@id":"https:\/\/all4camper.com\/cs\/zaciname-jezdit-s-obytnym-privesem-dulezite-informace-pro-zacatecniky\/#primaryimage"},"thumbnailUrl":"https:\/\/all4camper.com\/wp-content\/uploads\/2022\/01\/CELLINI_655-SDF_F-1-scaled.jpg","keywords":["Rady-tipy-informace","Z\u00e1kladn\u00ed informace","Ze sv\u011bta karavaningu"],"articleSection":["Karavanink","Novinky - Kempov\u00e1n\u00ed a karavaning","Rady, tipy, informace"],"inLanguage":"cs"},{"@type":"WebPage","@id":"https:\/\/all4camper.com\/cs\/zaciname-jezdit-s-obytnym-privesem-dulezite-informace-pro-zacatecniky\/","url":"https:\/\/all4camper.com\/cs\/zaciname-jezdit-s-obytnym-privesem-dulezite-informace-pro-zacatecniky\/","name":"Za\u010d\u00edn\u00e1me jezdit s obytn\u00fdm p\u0159\u00edv\u011bsem - d\u016fle\u017eit\u00e9 informace pro za\u010d\u00e1te\u010dn\u00edky - All4Camper","isPartOf":{"@id":"https:\/\/all4camper.com\/cs\/#website"},"primaryImageOfPage":{"@id":"https:\/\/all4camper.com\/cs\/zaciname-jezdit-s-obytnym-privesem-dulezite-informace-pro-zacatecniky\/#primaryimage"},"image":{"@id":"https:\/\/all4camper.com\/cs\/zaciname-jezdit-s-obytnym-privesem-dulezite-informace-pro-zacatecniky\/#primaryimage"},"thumbnailUrl":"https:\/\/all4camper.com\/wp-content\/uploads\/2022\/01\/CELLINI_655-SDF_F-1-scaled.jpg","datePublished":"2022-01-22T15:03:00+00:00","dateModified":"2022-12-13T13:44:57+00:00","description":"stovat na vlastn\u00ed p\u011bst? Nen\u00ed na tom v\u016fbec nic slo\u017eit\u00e9ho, ale pokud jste v\u00a0t\u00e9to oblasti \u00fapln\u00fd za\u010d\u00e1te\u010dn\u00edk, budou se v\u00e1m hodit tyto informace, ne\u017e se i z\u00a0v\u00e1s \u010dasem stanou ost\u0159\u00edlen\u00ed karavanist\u00e9.","breadcrumb":{"@id":"https:\/\/all4camper.com\/cs\/zaciname-jezdit-s-obytnym-privesem-dulezite-informace-pro-zacatecniky\/#breadcrumb"},"inLanguage":"cs","potentialAction":[{"@type":"ReadAction","target":["https:\/\/all4camper.com\/cs\/zaciname-jezdit-s-obytnym-privesem-dulezite-informace-pro-zacatecniky\/"]}]},{"@type":"ImageObject","inLanguage":"cs","@id":"https:\/\/all4camper.com\/cs\/zaciname-jezdit-s-obytnym-privesem-dulezite-informace-pro-zacatecniky\/#primaryimage","url":"https:\/\/all4camper.com\/wp-content\/uploads\/2022\/01\/CELLINI_655-SDF_F-1-scaled.jpg","contentUrl":"https:\/\/all4camper.com\/wp-content\/uploads\/2022\/01\/CELLINI_655-SDF_F-1-scaled.jpg","width":2560,"height":1797},{"@type":"BreadcrumbList","@id":"https:\/\/all4camper.com\/cs\/zaciname-jezdit-s-obytnym-privesem-dulezite-informace-pro-zacatecniky\/#breadcrumb","itemListElement":[{"@type":"ListItem","position":1,"name":"Dom\u016f","item":"https:\/\/all4camper.com\/cs\/"},{"@type":"ListItem","position":2,"name":"Karavanink","item":"https:\/\/all4camper.com\/cs\/category\/karavaning\/"},{"@type":"ListItem","position":3,"name":"Za\u010d\u00edn\u00e1me jezdit s obytn\u00fdm p\u0159\u00edv\u011bsem &#8211; d\u016fle\u017eit\u00e9 informace pro za\u010d\u00e1te\u010dn\u00edky"}]},{"@type":"WebSite","@id":"https:\/\/all4camper.com\/cs\/#website","url":"https:\/\/all4camper.com\/cs\/","name":"All4Camper","description":"Nejv\u011bt\u0161\u00ed online magaz\u00edn o kempov\u00e1n\u00ed a karavaninku. V\u00edce jak 900 \u010dl\u00e1nk\u016f pln\u00fdch rad a tip\u016f o kempech a kempov\u00e1n\u00ed.","publisher":{"@id":"https:\/\/all4camper.com\/cs\/#organization"},"potentialAction":[{"@type":"SearchAction","target":{"@type":"EntryPoint","urlTemplate":"https:\/\/all4camper.com\/cs\/?s={search_term_string}"},"query-input":{"@type":"PropertyValueSpecification","valueRequired":true,"valueName":"search_term_string"}}],"inLanguage":"cs"},{"@type":"Organization","@id":"https:\/\/all4camper.com\/cs\/#organization","name":"All4Camper - kempujeme s Kl\u00e1rou","url":"https:\/\/all4camper.com\/cs\/","logo":{"@type":"ImageObject","inLanguage":"cs","@id":"https:\/\/all4camper.com\/cs\/#\/schema\/logo\/image\/","url":"https:\/\/all4camper.com\/wp-content\/uploads\/2018\/09\/novelogo.png","contentUrl":"https:\/\/all4camper.com\/wp-content\/uploads\/2018\/09\/novelogo.png","width":1520,"height":600,"caption":"All4Camper - kempujeme s Kl\u00e1rou"},"image":{"@id":"https:\/\/all4camper.com\/cs\/#\/schema\/logo\/image\/"}},{"@type":"Person","@id":"https:\/\/all4camper.com\/cs\/#\/schema\/person\/c6f1efdf1d02bc7d8c53a891cbe18c62","name":"Kl\u00e1ra H\u00e1jkov\u00e1","sameAs":["http:\/\/www.all4camper.com"],"url":"https:\/\/all4camper.com\/cs\/author\/klarinkacestuje1\/"}]}},"_links":{"self":[{"href":"https:\/\/all4camper.com\/cs\/wp-json\/wp\/v2\/posts\/80712","targetHints":{"allow":["GET"]}}],"collection":[{"href":"https:\/\/all4camper.com\/cs\/wp-json\/wp\/v2\/posts"}],"about":[{"href":"https:\/\/all4camper.com\/cs\/wp-json\/wp\/v2\/types\/post"}],"author":[{"embeddable":true,"href":"https:\/\/all4camper.com\/cs\/wp-json\/wp\/v2\/users\/4"}],"replies":[{"embeddable":true,"href":"https:\/\/all4camper.com\/cs\/wp-json\/wp\/v2\/comments?post=80712"}],"version-history":[{"count":0,"href":"https:\/\/all4camper.com\/cs\/wp-json\/wp\/v2\/posts\/80712\/revisions"}],"wp:featuredmedia":[{"embeddable":true,"href":"https:\/\/all4camper.com\/cs\/wp-json\/wp\/v2\/media\/139225"}],"wp:attachment":[{"href":"https:\/\/all4camper.com\/cs\/wp-json\/wp\/v2\/media?parent=80712"}],"wp:term":[{"taxonomy":"category","embeddable":true,"href":"https:\/\/all4camper.com\/cs\/wp-json\/wp\/v2\/categories?post=80712"},{"taxonomy":"post_tag","embeddable":true,"href":"https:\/\/all4camper.com\/cs\/wp-json\/wp\/v2\/tags?post=80712"}],"curies":[{"name":"wp","href":"https:\/\/api.w.org\/{rel}","templated":true}]}}