{"id":80679,"date":"2019-08-01T13:32:01","date_gmt":"2019-08-01T11:32:01","guid":{"rendered":"https:\/\/all4camper.com\/\/?p=80679"},"modified":"2020-10-26T13:18:01","modified_gmt":"2020-10-26T12:18:01","slug":"autokemp-dalmacija-klame-sve-navstevniky-a-z-pohodove-dovolene-se-stava-horor","status":"publish","type":"post","link":"https:\/\/all4camper.com\/cs\/autokemp-dalmacija-klame-sve-navstevniky-a-z-pohodove-dovolene-se-stava-horor\/","title":{"rendered":"Autokemp Dalmacija klame sv\u00e9 n\u00e1v\u0161t\u011bvn\u00edky a z pohodov\u00e9 dovolen\u00e9 se st\u00e1v\u00e1 &#8222;horor&#8220;"},"content":{"rendered":"\n<h4 class=\"wp-block-heading\">Zaslan\u00e1 re\u00e1ln\u00e1 recenze Karin: R\u00e1da bych napsala sv\u016fj pohled na autokemp Dalmacija v\u00a0mal\u00e9 obci Privlaka, cca 20km od m\u011bsta Zadar v\u00a0Chorvatsku. Ne\u017e tak u\u010din\u00edm, pova\u017euji za nutn\u00e9 napsat, \u017ee jsem milovn\u00edkem Chorvatska. M\u00e1m zde sestru s\u00a0rodinou, zn\u00e1m jejich \u0159e\u010d, mentalitu, m\u00e1m pro tuto zemi a jej\u00ed ob\u010dany slabost a jezd\u00edm sem, my\u0161leno do Chorvatska &#8211; a\u0165 k\u00a0pob\u0159e\u017e\u00ed \u010di do vnitrozem\u00ed, l\u00e9ta. Ka\u017ed\u00e1 m\u00e1 dovolen\u00e1 u mo\u0159e byla v\u017edy v\u00a0kempu, tak\u017ee si troufnu \u0159\u00edci, \u017ee jsem jich projela mnoho a m\u00e1m s\u00a0\u010d\u00edm srovn\u00e1vat. To, co jsem v\u0161ak za\u017eila a vid\u011bla v\u00a0tomto konkr\u00e9tn\u00edm kempu mne v\u0161ak srazilo na kolena.<\/h4>\n\n\n\n<figure class=\"wp-block-image\"><img loading=\"lazy\" decoding=\"async\" width=\"1624\" height=\"1080\" src=\"https:\/\/all4camper.com\/\/wp-content\/uploads\/2019\/08\/Chorvatsko-2019-195-1624x1080.jpg\" alt=\"\" class=\"wp-image-80680\" srcset=\"https:\/\/all4camper.com\/wp-content\/uploads\/2019\/08\/Chorvatsko-2019-195-1624x1080.jpg 1624w, https:\/\/all4camper.com\/wp-content\/uploads\/2019\/08\/Chorvatsko-2019-195-300x199.jpg 300w, https:\/\/all4camper.com\/wp-content\/uploads\/2019\/08\/Chorvatsko-2019-195-150x100.jpg 150w, https:\/\/all4camper.com\/wp-content\/uploads\/2019\/08\/Chorvatsko-2019-195-768x511.jpg 768w, https:\/\/all4camper.com\/wp-content\/uploads\/2019\/08\/Chorvatsko-2019-195-1536x1021.jpg 1536w, https:\/\/all4camper.com\/wp-content\/uploads\/2019\/08\/Chorvatsko-2019-195-2048x1362.jpg 2048w\" sizes=\"auto, (max-width: 1624px) 100vw, 1624px\" \/><\/figure>\n\n\n\n<p>Po dlouh\u00e9m hled\u00e1n\u00ed na internetu, pro\u010d\u00edt\u00e1n\u00ed recenz\u00ed a shl\u00e9dnut\u00ed n\u011bkolika vide\u00ed jsem se rozhodla, \u017ee letos pojedu do Dalmacija camp v&nbsp;Privlace. Kemp veden je N\u011bmci, maj\u00ed zde zrekonstruovan\u00e9 soci\u00e1ln\u00ed za\u0159\u00edzen\u00ed, p\u00edse\u010dnou pl\u00e1\u017e, wifi v&nbsp;cel\u00e9m are\u00e1lu, samoobsluhu, pivnici, pizzerii, pl\u00e1\u017eov\u00fd bar, mas\u00e1\u017ee, d\u011btsk\u00e9 h\u0159i\u0161t\u011b, grilovac\u00ed koutek, v\u00fdb\u011br z&nbsp;mnoha parcel r\u016fzn\u00fdch velikost\u00ed, kuchy\u0148ku, pr\u00e1delnu, chemick\u00e9 v\u00fdlevky\u2026 Co v\u00edc si p\u0159\u00e1t.<\/p>\n\n\n\n<p>Parcelu jsem rezervovala v&nbsp;lednu, v\u0161e p\u00edsemnou formou p\u0159es email. Byla mi nacen\u011bna a kemp po\u017eadoval z\u00e1lohu 149 Euro. Ne\u017e jsem zaplatila, ujistila jsem se, \u017ee je tato cena kone\u010dn\u00e1 a je v&nbsp;n\u00ed zapo\u010d\u00edt\u00e1no v\u0161e, tedy: parcela, elekt\u0159ina, osoby, karavan, auto, rekrea\u010dn\u00ed poplatek, tepl\u00e1 voda, wifi\u2026 Cht\u011bli jsme platit v&nbsp;kun\u00e1ch, ale kemp p\u0159ij\u00edm\u00e1 pouze Euro. Tak jsem zaplatila z\u00e1lohu a u\u017e se jen t\u011b\u0161ila na vysn\u011bnou dovolenou.<\/p>\n\n\n\n<h3 class=\"wp-block-heading\">Co se d\u011blo po p\u0159\u00edjezdu<\/h3>\n\n\n\n<p>Mlad\u00fd pan recep\u010dn\u00ed byl mil\u00fd a usm\u011bvav\u00fd. Jen\u017ee t\u00edm tato poh\u00e1dka v&nbsp;r\u00e1ji kon\u010d\u00ed. Dostali jsme mapu kempu s informac\u00ed, abychom si  svou parcelu na\u0161li sami. Na parcele jsme m\u011bli 3 stromy (na\u0161t\u011bst\u00ed v&nbsp;roz\u00edch a objednali jsme nejv\u011bt\u0161\u00ed mo\u017enou), tak\u017ee se n\u00e1m poda\u0159ilo dob\u0159e ust\u00e1jit karavan i s p\u0159edstanem. Zabydleli jsme a cht\u011bli se j\u00edt osprchovat. Tady nastal prvn\u00ed \u0161ok. WC i sprchy z&nbsp;venku hezk\u00e9, uvnit\u0159 zni\u010den\u00e9 dve\u0159e, kladky jako u kr\u00e1lik\u00e1rny. \u010cistota nic moc, mraky kom\u00e1r\u016f, voda jen studen\u00e1, teplou mo\u017eno zakupit za 5 kun p\u0159es automat, po boc\u00edch obrovsk\u00e9 svazky kabel\u016f (n\u011bkter\u00e9 notn\u011b za hranic\u00ed \u017eivotnosti) visely nad na\u0161\u00ed hlavou na tr\u00e1mku, div n\u00e1m v&nbsp;n\u011bkter\u00fdch m\u00edstech ne\u010desaly \u00fa\u010desy&#8230; <\/p>\n\n\n\n<p><strong>Ukl\u00edze\u010dka namo\u010dila mop pod studenou tekouc\u00ed vodou v&nbsp;umyvadle a st\u00edrala WC i sprchy jedn\u00edm tahem! <\/strong>Druh\u00e9 um\u00fdv\u00e1rny byly je\u0161t\u011b hor\u0161\u00ed. P\u016fvodn\u00ed, snad z&nbsp;80t\u00fdch let, schody rozdrolen\u00e9, dobr\u00e9 tak k&nbsp;\u00farazu. \u0160la jsem na recepci objasnit situaci. Odpov\u011b\u010f zn\u011bla, \u017ee vodu si prost\u011b mus\u00edme zaplatit, proto\u017ee ani zam\u011bstnanci ji nemaj\u00ed zdarma. O kom\u00e1rech v\u00ed, ale \u017e\u00e1dn\u00e9 opat\u0159en\u00ed (post\u0159ik \u010di vyhuben\u00ed) nepl\u00e1nuj\u00ed. Nav\u00edc ji\u017e p\u00e1tou sez\u00f3nu kemp nevlastn\u00ed N\u011bmci, ale spadl pod st\u00e1tn\u00ed sektor Chorvatska.<\/p>\n\n\n\n<figure class=\"wp-block-image\"><img loading=\"lazy\" decoding=\"async\" width=\"1624\" height=\"1080\" src=\"https:\/\/all4camper.com\/\/wp-content\/uploads\/2019\/08\/Chorvatsko-2019-198-1624x1080.jpg\" alt=\"\" class=\"wp-image-80681\" srcset=\"https:\/\/all4camper.com\/wp-content\/uploads\/2019\/08\/Chorvatsko-2019-198-1624x1080.jpg 1624w, https:\/\/all4camper.com\/wp-content\/uploads\/2019\/08\/Chorvatsko-2019-198-300x199.jpg 300w, https:\/\/all4camper.com\/wp-content\/uploads\/2019\/08\/Chorvatsko-2019-198-150x100.jpg 150w, https:\/\/all4camper.com\/wp-content\/uploads\/2019\/08\/Chorvatsko-2019-198-768x511.jpg 768w, https:\/\/all4camper.com\/wp-content\/uploads\/2019\/08\/Chorvatsko-2019-198-1536x1021.jpg 1536w, https:\/\/all4camper.com\/wp-content\/uploads\/2019\/08\/Chorvatsko-2019-198-2048x1362.jpg 2048w\" sizes=\"auto, (max-width: 1624px) 100vw, 1624px\" \/><\/figure>\n\n\n\n<p>Teprve nyn\u00ed jsme m\u011bli \u010das a pro\u0161li jsme si kemp a pl\u00e1\u017e. Na pl\u00e1\u017ei, dle mapy kempu, m\u011bl b\u00fdt pl\u00e1\u017eov\u00fd bar \u2013 nebyl. V&nbsp;kempu mas\u00e1\u017ee \u2013 nebyly. Samoobsluha \u2013 nebyla otev\u0159ena snad ji\u017e n\u011bkolik let. Pizzerie \u2013 nebyla, pivn\u00ed bar byl, ale okupovali jej pouze \u010d\u00ed\u0161n\u00edci tv\u00e1\u0159\u00edc\u00ed se jako byste je obt\u011b\u017eovali. <\/p>\n\n\n\n<p>V\u011b\u010dn\u011b p\u0159epln\u011bn\u00e9 kontejnery na odpad doprov\u00e1zeny z\u00e1pachem a neskute\u010dn\u00fd nepo\u0159\u00e1dek v okol\u00ed kempu, jen\u017e nem\u011bli na sv\u011bdom\u00ed n\u00e1v\u0161t\u011bvn\u00edci, n\u00fdbr\u017e kemp samotn\u00fd. <\/p>\n\n\n\n<p>D\u011btsk\u00e9 h\u0159i\u0161t\u011b chyb\u011blo, grilovac\u00ed z\u00f3na \u2013 katastrofa, pln\u00e1 \u0161p\u00edny, mastnoty, star\u00e9ho oho\u0159el\u00e9ho uhl\u00ed a polorozbit\u00e1. Kuchy\u0148ka bez spor\u00e1k\u016f (pro stana\u0159e, po\u010d\u00edtaj\u00edc\u00ed s&nbsp;vybaven\u00edm asi katastrofa), pln\u00e1 kom\u00e1r\u016f. Zde byl jedin\u00fd p\u0159\u00edsun tepl\u00e9 vody bez poplatku. Pr\u00e1delna sice m\u011bla 2 pra\u010dky, ale v&nbsp;korytech na pran\u00ed si o tepl\u00e9 vod\u011b m\u016f\u017eete nechat jen zd\u00e1t a hned vedle nich byla koupelna pro psy. Tak\u00e9 zde m\u011bli \u201e \u00fato\u010di\u0161t\u011b\u201c zam\u011bstnanci, kde tr\u00e1vili mnoho sv\u00e9 pracovn\u00ed doby, sva\u010dili, pop\u00edjeli kaf\u00ed\u010dko a sok a debatovali \u2013 tud\u00ed\u017e tuto \u010d\u00e1st prakticky st\u00e1le okupovali. Pakli\u017ee jste cht\u011bli k&nbsp;chemick\u00e9 v\u00fdlevce, museli jste se prodrat kolem neskute\u010dn\u00e9 hromady odpadu jak\u00fdmsi d\u0159ev\u011bn\u00fdm bludi\u0161t\u011bm. <\/p>\n\n\n\n<figure class=\"wp-block-image\"><img loading=\"lazy\" decoding=\"async\" width=\"1440\" height=\"810\" src=\"https:\/\/all4camper.com\/\/wp-content\/uploads\/2019\/08\/67580528_353660065302252_5765599544515493888_n.jpg\" alt=\"\" class=\"wp-image-80682\" srcset=\"https:\/\/all4camper.com\/wp-content\/uploads\/2019\/08\/67580528_353660065302252_5765599544515493888_n.jpg 1440w, https:\/\/all4camper.com\/wp-content\/uploads\/2019\/08\/67580528_353660065302252_5765599544515493888_n-150x84.jpg 150w, https:\/\/all4camper.com\/wp-content\/uploads\/2019\/08\/67580528_353660065302252_5765599544515493888_n-300x169.jpg 300w, https:\/\/all4camper.com\/wp-content\/uploads\/2019\/08\/67580528_353660065302252_5765599544515493888_n-768x432.jpg 768w, https:\/\/all4camper.com\/wp-content\/uploads\/2019\/08\/67580528_353660065302252_5765599544515493888_n-678x381.jpg 678w\" sizes=\"auto, (max-width: 1440px) 100vw, 1440px\" \/><\/figure>\n\n\n\n<p>Kemp se prezentuje jako spole\u010densk\u00fd, kde se kon\u00e1 mnoho akc\u00ed pro n\u00e1v\u0161t\u011bvn\u00edky. Nam\u00edsto toho je zde polorozpadl\u00fd tane\u010dn\u00ed parket p\u0159\u00edmo u soci\u00e1lek jen\u017e lemuj\u00ed chodn\u00edky, kter\u00fdm z&nbsp;vyvr\u00e1cen\u00fdch obrubn\u00edk\u016f nebezpe\u010dn\u011b tr\u010d\u00ed kusy \u017eelez a kde kdysi pravd\u011bpodobn\u011b mohlo b\u00fdt z\u00e1bradl\u00ed.&nbsp; <\/p>\n\n\n\n<h3 class=\"wp-block-heading\">A te\u010f to nejd\u016fle\u017eit\u011bj\u0161\u00ed &#8211; parcely<\/h3>\n\n\n\n<p>Tohle jsem v&nbsp;\u017eivot\u011b v&nbsp;\u017e\u00e1dn\u00e9m kempu neza\u017eila. Parcely jsou velikostn\u011b 60m2, \u010di 90m2 a v&nbsp;r\u016fzn\u00fdch z\u00f3n\u00e1ch. Ov\u0161em, troufnu si \u0159\u00edct, \u017ee 90% z&nbsp;nich je nevyu\u017eiteln\u00fdch. Tu na jedn\u00e9 stoj\u00ed p\u011bt velk\u00fdch strom\u016f \u2013 klidn\u011b uprost\u0159ed parcely, tu zase ter\u00e9n se sk\u00e1lou klidn\u011b i 40 cm vysokou uprost\u0159ed n\u00ed, \u010di k\u0159ovinou. Tamhle zase ko\u0159eny strom\u016f, kameny \u010di v\u00fdmoly, n\u011bkde z&nbsp;ka\u017ed\u00e9ho kus. Pokud u\u017e je parcela hezk\u00e1, hned vedlej\u0161\u00ed je pln\u00e1 star\u00fdch palet po st\u00e1n\u00ed karavanu, jen\u017e zde kdysi pravd\u011bpodobn\u011b byl na st\u00e1lo. To posledn\u00ed, pro n\u00e1s ne a\u017e tak d\u016fle\u017eit\u00e9, byla wifi. Sice zdarma, ale zcela ur\u010dit\u011b nebylo pokryt\u00ed cel\u00e9ho kempu a velmi \u010dasto vypad\u00e1vala a nebylo to vyt\u00ed\u017een\u00edm, jeliko\u017e kemp nebyl zapln\u011bn ani z&nbsp;poloviny.<\/p>\n\n\n\n<p>Po n\u011bkolika dnech jsme se rozhodli p\u0159esunout do jin\u00e9ho kempu. \u0160li jsme tedy vyrovnat \u00fa\u010det a tady n\u00e1s \u010dekalo dal\u0161\u00ed nemil\u00e9 p\u0159ekvapen\u00ed. Ze z\u00e1lohy 149eur, n\u00e1m bylo str\u017eeno cca 13 euro jako poplatek bance, proto\u017ee jsme platili v&nbsp;Eurech!!! Ani po upozorn\u011bn\u00ed na fakt, \u017ee si kemp \u00fahradu v&nbsp;t\u00e9to m\u011bn\u011b vylo\u017een\u011b \u017e\u00e1dal, n\u00e1m tento nesmysln\u00fd poplatek nebyl odpu\u0161t\u011bn.&nbsp;<\/p>\n\n\n\n<p>Pokud tedy shrnu recenzi, pak za n\u00e1s neodpov\u00eddaj\u00edc\u00ed slu\u017eby, vybaven\u00ed a prost\u0159ed\u00ed a dovol\u00edm si \u0159\u00edci \u017ee i klamav\u00e1 reklama\u2026  <a rel=\"noreferrer noopener\" aria-label=\"http:\/\/www.dalmacija-camp.com\/  (opens in a new tab)\" href=\"http:\/\/www.dalmacija-camp.com\/\" target=\"_blank\">http:\/\/www.dalmacija-camp.com\/ <\/a><\/p>\n\n\n\n<p><em>Autor: Karin<\/em> &#8211; <em>osobn\u00ed recenze<\/em><\/p>\n\n\n\n<ul class=\"wp-block-gallery columns-2 is-cropped wp-block-gallery-1 is-layout-flex wp-block-gallery-is-layout-flex\"><li class=\"blocks-gallery-item\"><figure><img loading=\"lazy\" decoding=\"async\" width=\"1000\" height=\"665\" src=\"https:\/\/all4camper.com\/\/wp-content\/uploads\/2019\/08\/Chorvatsko-2019-205.jpg\" alt=\"\" data-id=\"80692\" data-link=\"https:\/\/all4camper.com\/\/cs\/autokemp-dalmacija-klame-sve-navstevniky-a-z-pohodove-dovolene-se-stava-horor\/chorvatsko-2019-205\/\" class=\"wp-image-80692\" srcset=\"https:\/\/all4camper.com\/wp-content\/uploads\/2019\/08\/Chorvatsko-2019-205.jpg 1000w, https:\/\/all4camper.com\/wp-content\/uploads\/2019\/08\/Chorvatsko-2019-205-150x100.jpg 150w, https:\/\/all4camper.com\/wp-content\/uploads\/2019\/08\/Chorvatsko-2019-205-300x200.jpg 300w, https:\/\/all4camper.com\/wp-content\/uploads\/2019\/08\/Chorvatsko-2019-205-768x511.jpg 768w\" sizes=\"auto, (max-width: 1000px) 100vw, 1000px\" \/><\/figure><\/li><li class=\"blocks-gallery-item\"><figure><img loading=\"lazy\" decoding=\"async\" width=\"1000\" height=\"665\" src=\"https:\/\/all4camper.com\/\/wp-content\/uploads\/2019\/08\/Chorvatsko-2019-223.jpg\" alt=\"\" data-id=\"80693\" data-link=\"https:\/\/all4camper.com\/\/cs\/autokemp-dalmacija-klame-sve-navstevniky-a-z-pohodove-dovolene-se-stava-horor\/chorvatsko-2019-223\/\" class=\"wp-image-80693\" srcset=\"https:\/\/all4camper.com\/wp-content\/uploads\/2019\/08\/Chorvatsko-2019-223.jpg 1000w, https:\/\/all4camper.com\/wp-content\/uploads\/2019\/08\/Chorvatsko-2019-223-150x100.jpg 150w, https:\/\/all4camper.com\/wp-content\/uploads\/2019\/08\/Chorvatsko-2019-223-300x200.jpg 300w, https:\/\/all4camper.com\/wp-content\/uploads\/2019\/08\/Chorvatsko-2019-223-768x511.jpg 768w\" sizes=\"auto, (max-width: 1000px) 100vw, 1000px\" \/><\/figure><\/li><li class=\"blocks-gallery-item\"><figure><img loading=\"lazy\" decoding=\"async\" width=\"1000\" height=\"665\" src=\"https:\/\/all4camper.com\/\/wp-content\/uploads\/2019\/08\/Chorvatsko-2019-225.jpg\" alt=\"\" data-id=\"80694\" data-link=\"https:\/\/all4camper.com\/\/cs\/autokemp-dalmacija-klame-sve-navstevniky-a-z-pohodove-dovolene-se-stava-horor\/chorvatsko-2019-225\/\" class=\"wp-image-80694\" srcset=\"https:\/\/all4camper.com\/wp-content\/uploads\/2019\/08\/Chorvatsko-2019-225.jpg 1000w, https:\/\/all4camper.com\/wp-content\/uploads\/2019\/08\/Chorvatsko-2019-225-150x100.jpg 150w, https:\/\/all4camper.com\/wp-content\/uploads\/2019\/08\/Chorvatsko-2019-225-300x200.jpg 300w, https:\/\/all4camper.com\/wp-content\/uploads\/2019\/08\/Chorvatsko-2019-225-768x511.jpg 768w\" sizes=\"auto, (max-width: 1000px) 100vw, 1000px\" \/><\/figure><\/li><li class=\"blocks-gallery-item\"><figure><img loading=\"lazy\" decoding=\"async\" width=\"1000\" height=\"665\" src=\"https:\/\/all4camper.com\/\/wp-content\/uploads\/2019\/08\/Chorvatsko-2019-231.jpg\" alt=\"\" data-id=\"80695\" data-link=\"https:\/\/all4camper.com\/\/cs\/autokemp-dalmacija-klame-sve-navstevniky-a-z-pohodove-dovolene-se-stava-horor\/chorvatsko-2019-231\/\" class=\"wp-image-80695\" srcset=\"https:\/\/all4camper.com\/wp-content\/uploads\/2019\/08\/Chorvatsko-2019-231.jpg 1000w, https:\/\/all4camper.com\/wp-content\/uploads\/2019\/08\/Chorvatsko-2019-231-150x100.jpg 150w, https:\/\/all4camper.com\/wp-content\/uploads\/2019\/08\/Chorvatsko-2019-231-300x200.jpg 300w, https:\/\/all4camper.com\/wp-content\/uploads\/2019\/08\/Chorvatsko-2019-231-768x511.jpg 768w\" sizes=\"auto, (max-width: 1000px) 100vw, 1000px\" \/><\/figure><\/li><li class=\"blocks-gallery-item\"><figure><img loading=\"lazy\" decoding=\"async\" width=\"1000\" height=\"665\" src=\"https:\/\/all4camper.com\/\/wp-content\/uploads\/2019\/08\/Chorvatsko-2019-233.jpg\" alt=\"\" data-id=\"80696\" data-link=\"https:\/\/all4camper.com\/\/cs\/autokemp-dalmacija-klame-sve-navstevniky-a-z-pohodove-dovolene-se-stava-horor\/chorvatsko-2019-233\/\" class=\"wp-image-80696\" srcset=\"https:\/\/all4camper.com\/wp-content\/uploads\/2019\/08\/Chorvatsko-2019-233.jpg 1000w, https:\/\/all4camper.com\/wp-content\/uploads\/2019\/08\/Chorvatsko-2019-233-150x100.jpg 150w, https:\/\/all4camper.com\/wp-content\/uploads\/2019\/08\/Chorvatsko-2019-233-300x200.jpg 300w, https:\/\/all4camper.com\/wp-content\/uploads\/2019\/08\/Chorvatsko-2019-233-768x511.jpg 768w\" sizes=\"auto, (max-width: 1000px) 100vw, 1000px\" \/><\/figure><\/li><li class=\"blocks-gallery-item\"><figure><img loading=\"lazy\" decoding=\"async\" width=\"1000\" height=\"665\" src=\"https:\/\/all4camper.com\/\/wp-content\/uploads\/2019\/08\/Chorvatsko-2019-238.jpg\" alt=\"\" data-id=\"80697\" data-link=\"https:\/\/all4camper.com\/\/cs\/autokemp-dalmacija-klame-sve-navstevniky-a-z-pohodove-dovolene-se-stava-horor\/chorvatsko-2019-238\/\" class=\"wp-image-80697\" srcset=\"https:\/\/all4camper.com\/wp-content\/uploads\/2019\/08\/Chorvatsko-2019-238.jpg 1000w, https:\/\/all4camper.com\/wp-content\/uploads\/2019\/08\/Chorvatsko-2019-238-150x100.jpg 150w, https:\/\/all4camper.com\/wp-content\/uploads\/2019\/08\/Chorvatsko-2019-238-300x200.jpg 300w, https:\/\/all4camper.com\/wp-content\/uploads\/2019\/08\/Chorvatsko-2019-238-768x511.jpg 768w\" sizes=\"auto, (max-width: 1000px) 100vw, 1000px\" \/><\/figure><\/li><li class=\"blocks-gallery-item\"><figure><img loading=\"lazy\" decoding=\"async\" width=\"1000\" height=\"665\" src=\"https:\/\/all4camper.com\/\/wp-content\/uploads\/2019\/08\/Chorvatsko-2019-241.jpg\" alt=\"\" data-id=\"80698\" data-link=\"https:\/\/all4camper.com\/\/cs\/autokemp-dalmacija-klame-sve-navstevniky-a-z-pohodove-dovolene-se-stava-horor\/chorvatsko-2019-241\/\" class=\"wp-image-80698\" srcset=\"https:\/\/all4camper.com\/wp-content\/uploads\/2019\/08\/Chorvatsko-2019-241.jpg 1000w, https:\/\/all4camper.com\/wp-content\/uploads\/2019\/08\/Chorvatsko-2019-241-150x100.jpg 150w, https:\/\/all4camper.com\/wp-content\/uploads\/2019\/08\/Chorvatsko-2019-241-300x200.jpg 300w, https:\/\/all4camper.com\/wp-content\/uploads\/2019\/08\/Chorvatsko-2019-241-768x511.jpg 768w\" sizes=\"auto, (max-width: 1000px) 100vw, 1000px\" \/><\/figure><\/li><li class=\"blocks-gallery-item\"><figure><img loading=\"lazy\" decoding=\"async\" width=\"1000\" height=\"665\" src=\"https:\/\/all4camper.com\/\/wp-content\/uploads\/2019\/08\/Chorvatsko-2019-243.jpg\" alt=\"\" data-id=\"80699\" data-link=\"https:\/\/all4camper.com\/\/cs\/autokemp-dalmacija-klame-sve-navstevniky-a-z-pohodove-dovolene-se-stava-horor\/chorvatsko-2019-243\/\" class=\"wp-image-80699\" srcset=\"https:\/\/all4camper.com\/wp-content\/uploads\/2019\/08\/Chorvatsko-2019-243.jpg 1000w, https:\/\/all4camper.com\/wp-content\/uploads\/2019\/08\/Chorvatsko-2019-243-150x100.jpg 150w, https:\/\/all4camper.com\/wp-content\/uploads\/2019\/08\/Chorvatsko-2019-243-300x200.jpg 300w, https:\/\/all4camper.com\/wp-content\/uploads\/2019\/08\/Chorvatsko-2019-243-768x511.jpg 768w\" sizes=\"auto, (max-width: 1000px) 100vw, 1000px\" \/><\/figure><\/li><li class=\"blocks-gallery-item\"><figure><img loading=\"lazy\" decoding=\"async\" width=\"1000\" height=\"665\" src=\"https:\/\/all4camper.com\/\/wp-content\/uploads\/2019\/08\/Chorvatsko-2019-247.jpg\" alt=\"\" data-id=\"80700\" data-link=\"https:\/\/all4camper.com\/\/cs\/autokemp-dalmacija-klame-sve-navstevniky-a-z-pohodove-dovolene-se-stava-horor\/chorvatsko-2019-247\/\" class=\"wp-image-80700\" srcset=\"https:\/\/all4camper.com\/wp-content\/uploads\/2019\/08\/Chorvatsko-2019-247.jpg 1000w, https:\/\/all4camper.com\/wp-content\/uploads\/2019\/08\/Chorvatsko-2019-247-150x100.jpg 150w, https:\/\/all4camper.com\/wp-content\/uploads\/2019\/08\/Chorvatsko-2019-247-300x200.jpg 300w, https:\/\/all4camper.com\/wp-content\/uploads\/2019\/08\/Chorvatsko-2019-247-768x511.jpg 768w\" sizes=\"auto, (max-width: 1000px) 100vw, 1000px\" \/><\/figure><\/li><li class=\"blocks-gallery-item\"><figure><img loading=\"lazy\" decoding=\"async\" width=\"1000\" height=\"665\" src=\"https:\/\/all4camper.com\/\/wp-content\/uploads\/2019\/08\/Chorvatsko-2019-252.jpg\" alt=\"\" data-id=\"80701\" data-link=\"https:\/\/all4camper.com\/\/cs\/autokemp-dalmacija-klame-sve-navstevniky-a-z-pohodove-dovolene-se-stava-horor\/chorvatsko-2019-252\/\" class=\"wp-image-80701\" srcset=\"https:\/\/all4camper.com\/wp-content\/uploads\/2019\/08\/Chorvatsko-2019-252.jpg 1000w, https:\/\/all4camper.com\/wp-content\/uploads\/2019\/08\/Chorvatsko-2019-252-150x100.jpg 150w, https:\/\/all4camper.com\/wp-content\/uploads\/2019\/08\/Chorvatsko-2019-252-300x200.jpg 300w, https:\/\/all4camper.com\/wp-content\/uploads\/2019\/08\/Chorvatsko-2019-252-768x511.jpg 768w\" sizes=\"auto, (max-width: 1000px) 100vw, 1000px\" \/><\/figure><\/li><li class=\"blocks-gallery-item\"><figure><img loading=\"lazy\" decoding=\"async\" width=\"1000\" height=\"665\" src=\"https:\/\/all4camper.com\/\/wp-content\/uploads\/2019\/08\/Chorvatsko-2019-255.jpg\" alt=\"\" data-id=\"80702\" data-link=\"https:\/\/all4camper.com\/\/cs\/autokemp-dalmacija-klame-sve-navstevniky-a-z-pohodove-dovolene-se-stava-horor\/chorvatsko-2019-255\/\" class=\"wp-image-80702\" srcset=\"https:\/\/all4camper.com\/wp-content\/uploads\/2019\/08\/Chorvatsko-2019-255.jpg 1000w, https:\/\/all4camper.com\/wp-content\/uploads\/2019\/08\/Chorvatsko-2019-255-150x100.jpg 150w, https:\/\/all4camper.com\/wp-content\/uploads\/2019\/08\/Chorvatsko-2019-255-300x200.jpg 300w, https:\/\/all4camper.com\/wp-content\/uploads\/2019\/08\/Chorvatsko-2019-255-768x511.jpg 768w\" sizes=\"auto, (max-width: 1000px) 100vw, 1000px\" \/><\/figure><\/li><\/ul>\n","protected":false},"excerpt":{"rendered":"<p>Zaslan\u00e1 re\u00e1ln\u00e1 recenze Karin: R\u00e1da bych napsala sv\u016fj pohled na autokemp Dalmacija v\u00a0mal\u00e9 obci Privlaka, cca 20km od m\u011bsta Zadar v\u00a0Chorvatsku. Ne\u017e tak u\u010din\u00edm, pova\u017euji za nutn\u00e9 napsat, \u017ee jsem milovn\u00edkem Chorvatska. M\u00e1m zde sestru s\u00a0rodinou, zn\u00e1m jejich \u0159e\u010d, mentalitu, m\u00e1m pro tuto zemi a jej\u00ed ob\u010dany slabost a jezd\u00edm sem, my\u0161leno do Chorvatska &#8211; [&hellip;]<\/p>\n","protected":false},"author":27,"featured_media":80703,"comment_status":"closed","ping_status":"open","sticky":false,"template":"","format":"standard","meta":{"_monsterinsights_skip_tracking":false,"_monsterinsights_sitenote_active":false,"_monsterinsights_sitenote_note":"","_monsterinsights_sitenote_category":0,"footnotes":""},"categories":[2382],"tags":[112,8210],"class_list":{"0":"post-80679","1":"post","2":"type-post","3":"status-publish","4":"format-standard","5":"has-post-thumbnail","7":"category-kempovani-a-cestovani-v-chorvatsku","8":"tag-chorvatsko","9":"tag-zpravy"},"yoast_head":"<!-- This site is optimized with the Yoast SEO plugin v27.5 - https:\/\/yoast.com\/product\/yoast-seo-wordpress\/ -->\n<title>Autokemp Dalmacija klame sv\u00e9 n\u00e1v\u0161t\u011bvn\u00edky a z pohodov\u00e9 dovolen\u00e9 se st\u00e1v\u00e1 &quot;horor&quot; - All4Camper<\/title>\n<meta name=\"description\" content=\"All4Camper - Autokemp Dalmacija klame sv\u00e9 n\u00e1v\u0161t\u011bvn\u00edky a z pohodov\u00e9 dovolen\u00e9 se st\u00e1v\u00e1 &quot;horor&quot;\" \/>\n<meta name=\"robots\" content=\"index, follow, max-snippet:-1, max-image-preview:large, max-video-preview:-1\" \/>\n<link rel=\"canonical\" href=\"https:\/\/all4camper.com\/cs\/autokemp-dalmacija-klame-sve-navstevniky-a-z-pohodove-dovolene-se-stava-horor\/\" \/>\n<meta property=\"og:locale\" content=\"cs_CZ\" \/>\n<meta property=\"og:type\" content=\"article\" \/>\n<meta property=\"og:title\" content=\"Autokemp Dalmacija klame sv\u00e9 n\u00e1v\u0161t\u011bvn\u00edky a z pohodov\u00e9 dovolen\u00e9 se st\u00e1v\u00e1 &quot;horor&quot; - All4Camper\" \/>\n<meta property=\"og:description\" content=\"All4Camper - Autokemp Dalmacija klame sv\u00e9 n\u00e1v\u0161t\u011bvn\u00edky a z pohodov\u00e9 dovolen\u00e9 se st\u00e1v\u00e1 &quot;horor&quot;\" \/>\n<meta property=\"og:url\" content=\"https:\/\/all4camper.com\/cs\/autokemp-dalmacija-klame-sve-navstevniky-a-z-pohodove-dovolene-se-stava-horor\/\" \/>\n<meta property=\"og:site_name\" content=\"All4Camper\" \/>\n<meta property=\"article:published_time\" content=\"2019-08-01T11:32:01+00:00\" \/>\n<meta property=\"article:modified_time\" content=\"2020-10-26T12:18:01+00:00\" \/>\n<meta property=\"og:image\" content=\"https:\/\/all4camper.com\/wp-content\/uploads\/2019\/08\/cropped-Chorvatsko-2019-255.jpg\" \/>\n\t<meta property=\"og:image:width\" content=\"1000\" \/>\n\t<meta property=\"og:image:height\" content=\"562\" \/>\n\t<meta property=\"og:image:type\" content=\"image\/jpeg\" \/>\n<meta name=\"author\" content=\"Od na\u0161ich \u010dten\u00e1\u0159\u016f\" \/>\n<meta name=\"twitter:card\" content=\"summary_large_image\" \/>\n<meta name=\"twitter:label1\" content=\"Napsal(a)\" \/>\n\t<meta name=\"twitter:data1\" content=\"Od na\u0161ich \u010dten\u00e1\u0159\u016f\" \/>\n\t<meta name=\"twitter:label2\" content=\"Odhadovan\u00e1 doba \u010dten\u00ed\" \/>\n\t<meta name=\"twitter:data2\" content=\"6 minut\" \/>\n<script type=\"application\/ld+json\" class=\"yoast-schema-graph\">{\"@context\":\"https:\\\/\\\/schema.org\",\"@graph\":[{\"@type\":\"Article\",\"@id\":\"https:\\\/\\\/all4camper.com\\\/cs\\\/autokemp-dalmacija-klame-sve-navstevniky-a-z-pohodove-dovolene-se-stava-horor\\\/#article\",\"isPartOf\":{\"@id\":\"https:\\\/\\\/all4camper.com\\\/cs\\\/autokemp-dalmacija-klame-sve-navstevniky-a-z-pohodove-dovolene-se-stava-horor\\\/\"},\"author\":{\"name\":\"Od na\u0161ich \u010dten\u00e1\u0159\u016f\",\"@id\":\"https:\\\/\\\/all4camper.com\\\/cs\\\/#\\\/schema\\\/person\\\/6e44acf123c404fdffce72310b6e0f1c\"},\"headline\":\"Autokemp Dalmacija klame sv\u00e9 n\u00e1v\u0161t\u011bvn\u00edky a z pohodov\u00e9 dovolen\u00e9 se st\u00e1v\u00e1 &#8222;horor&#8220;\",\"datePublished\":\"2019-08-01T11:32:01+00:00\",\"dateModified\":\"2020-10-26T12:18:01+00:00\",\"mainEntityOfPage\":{\"@id\":\"https:\\\/\\\/all4camper.com\\\/cs\\\/autokemp-dalmacija-klame-sve-navstevniky-a-z-pohodove-dovolene-se-stava-horor\\\/\"},\"wordCount\":1167,\"publisher\":{\"@id\":\"https:\\\/\\\/all4camper.com\\\/cs\\\/#organization\"},\"image\":{\"@id\":\"https:\\\/\\\/all4camper.com\\\/cs\\\/autokemp-dalmacija-klame-sve-navstevniky-a-z-pohodove-dovolene-se-stava-horor\\\/#primaryimage\"},\"thumbnailUrl\":\"https:\\\/\\\/all4camper.com\\\/wp-content\\\/uploads\\\/2019\\\/08\\\/cropped-Chorvatsko-2019-255.jpg\",\"keywords\":[\"Chorvatsko\",\"Zpr\u00e1vy\"],\"articleSection\":[\"Kempov\u00e1n\u00ed a cestov\u00e1n\u00ed v Chorvatsku\"],\"inLanguage\":\"cs\"},{\"@type\":\"WebPage\",\"@id\":\"https:\\\/\\\/all4camper.com\\\/cs\\\/autokemp-dalmacija-klame-sve-navstevniky-a-z-pohodove-dovolene-se-stava-horor\\\/\",\"url\":\"https:\\\/\\\/all4camper.com\\\/cs\\\/autokemp-dalmacija-klame-sve-navstevniky-a-z-pohodove-dovolene-se-stava-horor\\\/\",\"name\":\"Autokemp Dalmacija klame sv\u00e9 n\u00e1v\u0161t\u011bvn\u00edky a z pohodov\u00e9 dovolen\u00e9 se st\u00e1v\u00e1 \\\"horor\\\" - All4Camper\",\"isPartOf\":{\"@id\":\"https:\\\/\\\/all4camper.com\\\/cs\\\/#website\"},\"primaryImageOfPage\":{\"@id\":\"https:\\\/\\\/all4camper.com\\\/cs\\\/autokemp-dalmacija-klame-sve-navstevniky-a-z-pohodove-dovolene-se-stava-horor\\\/#primaryimage\"},\"image\":{\"@id\":\"https:\\\/\\\/all4camper.com\\\/cs\\\/autokemp-dalmacija-klame-sve-navstevniky-a-z-pohodove-dovolene-se-stava-horor\\\/#primaryimage\"},\"thumbnailUrl\":\"https:\\\/\\\/all4camper.com\\\/wp-content\\\/uploads\\\/2019\\\/08\\\/cropped-Chorvatsko-2019-255.jpg\",\"datePublished\":\"2019-08-01T11:32:01+00:00\",\"dateModified\":\"2020-10-26T12:18:01+00:00\",\"description\":\"All4Camper - Autokemp Dalmacija klame sv\u00e9 n\u00e1v\u0161t\u011bvn\u00edky a z pohodov\u00e9 dovolen\u00e9 se st\u00e1v\u00e1 \\\"horor\\\"\",\"breadcrumb\":{\"@id\":\"https:\\\/\\\/all4camper.com\\\/cs\\\/autokemp-dalmacija-klame-sve-navstevniky-a-z-pohodove-dovolene-se-stava-horor\\\/#breadcrumb\"},\"inLanguage\":\"cs\",\"potentialAction\":[{\"@type\":\"ReadAction\",\"target\":[\"https:\\\/\\\/all4camper.com\\\/cs\\\/autokemp-dalmacija-klame-sve-navstevniky-a-z-pohodove-dovolene-se-stava-horor\\\/\"]}]},{\"@type\":\"ImageObject\",\"inLanguage\":\"cs\",\"@id\":\"https:\\\/\\\/all4camper.com\\\/cs\\\/autokemp-dalmacija-klame-sve-navstevniky-a-z-pohodove-dovolene-se-stava-horor\\\/#primaryimage\",\"url\":\"https:\\\/\\\/all4camper.com\\\/wp-content\\\/uploads\\\/2019\\\/08\\\/cropped-Chorvatsko-2019-255.jpg\",\"contentUrl\":\"https:\\\/\\\/all4camper.com\\\/wp-content\\\/uploads\\\/2019\\\/08\\\/cropped-Chorvatsko-2019-255.jpg\",\"width\":1000,\"height\":562},{\"@type\":\"BreadcrumbList\",\"@id\":\"https:\\\/\\\/all4camper.com\\\/cs\\\/autokemp-dalmacija-klame-sve-navstevniky-a-z-pohodove-dovolene-se-stava-horor\\\/#breadcrumb\",\"itemListElement\":[{\"@type\":\"ListItem\",\"position\":1,\"name\":\"Dom\u016f\",\"item\":\"https:\\\/\\\/all4camper.com\\\/cs\\\/\"},{\"@type\":\"ListItem\",\"position\":2,\"name\":\"Kempov\u00e1n\u00ed a cestov\u00e1n\u00ed v Chorvatsku\",\"item\":\"https:\\\/\\\/all4camper.com\\\/cs\\\/category\\\/kempovani-a-cestovani-v-chorvatsku\\\/\"},{\"@type\":\"ListItem\",\"position\":3,\"name\":\"Autokemp Dalmacija klame sv\u00e9 n\u00e1v\u0161t\u011bvn\u00edky a z pohodov\u00e9 dovolen\u00e9 se st\u00e1v\u00e1 &#8222;horor&#8220;\"}]},{\"@type\":\"WebSite\",\"@id\":\"https:\\\/\\\/all4camper.com\\\/cs\\\/#website\",\"url\":\"https:\\\/\\\/all4camper.com\\\/cs\\\/\",\"name\":\"All4Camper\",\"description\":\"Nejv\u011bt\u0161\u00ed online magaz\u00edn o kempov\u00e1n\u00ed a karavaninku. V\u00edce jak 900 \u010dl\u00e1nk\u016f pln\u00fdch rad a tip\u016f o kempech a kempov\u00e1n\u00ed.\",\"publisher\":{\"@id\":\"https:\\\/\\\/all4camper.com\\\/cs\\\/#organization\"},\"potentialAction\":[{\"@type\":\"SearchAction\",\"target\":{\"@type\":\"EntryPoint\",\"urlTemplate\":\"https:\\\/\\\/all4camper.com\\\/cs\\\/?s={search_term_string}\"},\"query-input\":{\"@type\":\"PropertyValueSpecification\",\"valueRequired\":true,\"valueName\":\"search_term_string\"}}],\"inLanguage\":\"cs\"},{\"@type\":\"Organization\",\"@id\":\"https:\\\/\\\/all4camper.com\\\/cs\\\/#organization\",\"name\":\"All4Camper - kempujeme s Kl\u00e1rou\",\"url\":\"https:\\\/\\\/all4camper.com\\\/cs\\\/\",\"logo\":{\"@type\":\"ImageObject\",\"inLanguage\":\"cs\",\"@id\":\"https:\\\/\\\/all4camper.com\\\/cs\\\/#\\\/schema\\\/logo\\\/image\\\/\",\"url\":\"https:\\\/\\\/all4camper.com\\\/wp-content\\\/uploads\\\/2018\\\/09\\\/novelogo.png\",\"contentUrl\":\"https:\\\/\\\/all4camper.com\\\/wp-content\\\/uploads\\\/2018\\\/09\\\/novelogo.png\",\"width\":1520,\"height\":600,\"caption\":\"All4Camper - kempujeme s Kl\u00e1rou\"},\"image\":{\"@id\":\"https:\\\/\\\/all4camper.com\\\/cs\\\/#\\\/schema\\\/logo\\\/image\\\/\"}},{\"@type\":\"Person\",\"@id\":\"https:\\\/\\\/all4camper.com\\\/cs\\\/#\\\/schema\\\/person\\\/6e44acf123c404fdffce72310b6e0f1c\",\"name\":\"Od na\u0161ich \u010dten\u00e1\u0159\u016f\",\"url\":\"https:\\\/\\\/all4camper.com\\\/cs\\\/author\\\/od-nasich-ctenaru\\\/\"}]}<\/script>\n<!-- \/ Yoast SEO plugin. -->","yoast_head_json":{"title":"Autokemp Dalmacija klame sv\u00e9 n\u00e1v\u0161t\u011bvn\u00edky a z pohodov\u00e9 dovolen\u00e9 se st\u00e1v\u00e1 \"horor\" - All4Camper","description":"All4Camper - Autokemp Dalmacija klame sv\u00e9 n\u00e1v\u0161t\u011bvn\u00edky a z pohodov\u00e9 dovolen\u00e9 se st\u00e1v\u00e1 \"horor\"","robots":{"index":"index","follow":"follow","max-snippet":"max-snippet:-1","max-image-preview":"max-image-preview:large","max-video-preview":"max-video-preview:-1"},"canonical":"https:\/\/all4camper.com\/cs\/autokemp-dalmacija-klame-sve-navstevniky-a-z-pohodove-dovolene-se-stava-horor\/","og_locale":"cs_CZ","og_type":"article","og_title":"Autokemp Dalmacija klame sv\u00e9 n\u00e1v\u0161t\u011bvn\u00edky a z pohodov\u00e9 dovolen\u00e9 se st\u00e1v\u00e1 \"horor\" - All4Camper","og_description":"All4Camper - Autokemp Dalmacija klame sv\u00e9 n\u00e1v\u0161t\u011bvn\u00edky a z pohodov\u00e9 dovolen\u00e9 se st\u00e1v\u00e1 \"horor\"","og_url":"https:\/\/all4camper.com\/cs\/autokemp-dalmacija-klame-sve-navstevniky-a-z-pohodove-dovolene-se-stava-horor\/","og_site_name":"All4Camper","article_published_time":"2019-08-01T11:32:01+00:00","article_modified_time":"2020-10-26T12:18:01+00:00","og_image":[{"width":1000,"height":562,"url":"https:\/\/all4camper.com\/wp-content\/uploads\/2019\/08\/cropped-Chorvatsko-2019-255.jpg","type":"image\/jpeg"}],"author":"Od na\u0161ich \u010dten\u00e1\u0159\u016f","twitter_card":"summary_large_image","twitter_misc":{"Napsal(a)":"Od na\u0161ich \u010dten\u00e1\u0159\u016f","Odhadovan\u00e1 doba \u010dten\u00ed":"6 minut"},"schema":{"@context":"https:\/\/schema.org","@graph":[{"@type":"Article","@id":"https:\/\/all4camper.com\/cs\/autokemp-dalmacija-klame-sve-navstevniky-a-z-pohodove-dovolene-se-stava-horor\/#article","isPartOf":{"@id":"https:\/\/all4camper.com\/cs\/autokemp-dalmacija-klame-sve-navstevniky-a-z-pohodove-dovolene-se-stava-horor\/"},"author":{"name":"Od na\u0161ich \u010dten\u00e1\u0159\u016f","@id":"https:\/\/all4camper.com\/cs\/#\/schema\/person\/6e44acf123c404fdffce72310b6e0f1c"},"headline":"Autokemp Dalmacija klame sv\u00e9 n\u00e1v\u0161t\u011bvn\u00edky a z pohodov\u00e9 dovolen\u00e9 se st\u00e1v\u00e1 &#8222;horor&#8220;","datePublished":"2019-08-01T11:32:01+00:00","dateModified":"2020-10-26T12:18:01+00:00","mainEntityOfPage":{"@id":"https:\/\/all4camper.com\/cs\/autokemp-dalmacija-klame-sve-navstevniky-a-z-pohodove-dovolene-se-stava-horor\/"},"wordCount":1167,"publisher":{"@id":"https:\/\/all4camper.com\/cs\/#organization"},"image":{"@id":"https:\/\/all4camper.com\/cs\/autokemp-dalmacija-klame-sve-navstevniky-a-z-pohodove-dovolene-se-stava-horor\/#primaryimage"},"thumbnailUrl":"https:\/\/all4camper.com\/wp-content\/uploads\/2019\/08\/cropped-Chorvatsko-2019-255.jpg","keywords":["Chorvatsko","Zpr\u00e1vy"],"articleSection":["Kempov\u00e1n\u00ed a cestov\u00e1n\u00ed v Chorvatsku"],"inLanguage":"cs"},{"@type":"WebPage","@id":"https:\/\/all4camper.com\/cs\/autokemp-dalmacija-klame-sve-navstevniky-a-z-pohodove-dovolene-se-stava-horor\/","url":"https:\/\/all4camper.com\/cs\/autokemp-dalmacija-klame-sve-navstevniky-a-z-pohodove-dovolene-se-stava-horor\/","name":"Autokemp Dalmacija klame sv\u00e9 n\u00e1v\u0161t\u011bvn\u00edky a z pohodov\u00e9 dovolen\u00e9 se st\u00e1v\u00e1 \"horor\" - All4Camper","isPartOf":{"@id":"https:\/\/all4camper.com\/cs\/#website"},"primaryImageOfPage":{"@id":"https:\/\/all4camper.com\/cs\/autokemp-dalmacija-klame-sve-navstevniky-a-z-pohodove-dovolene-se-stava-horor\/#primaryimage"},"image":{"@id":"https:\/\/all4camper.com\/cs\/autokemp-dalmacija-klame-sve-navstevniky-a-z-pohodove-dovolene-se-stava-horor\/#primaryimage"},"thumbnailUrl":"https:\/\/all4camper.com\/wp-content\/uploads\/2019\/08\/cropped-Chorvatsko-2019-255.jpg","datePublished":"2019-08-01T11:32:01+00:00","dateModified":"2020-10-26T12:18:01+00:00","description":"All4Camper - Autokemp Dalmacija klame sv\u00e9 n\u00e1v\u0161t\u011bvn\u00edky a z pohodov\u00e9 dovolen\u00e9 se st\u00e1v\u00e1 \"horor\"","breadcrumb":{"@id":"https:\/\/all4camper.com\/cs\/autokemp-dalmacija-klame-sve-navstevniky-a-z-pohodove-dovolene-se-stava-horor\/#breadcrumb"},"inLanguage":"cs","potentialAction":[{"@type":"ReadAction","target":["https:\/\/all4camper.com\/cs\/autokemp-dalmacija-klame-sve-navstevniky-a-z-pohodove-dovolene-se-stava-horor\/"]}]},{"@type":"ImageObject","inLanguage":"cs","@id":"https:\/\/all4camper.com\/cs\/autokemp-dalmacija-klame-sve-navstevniky-a-z-pohodove-dovolene-se-stava-horor\/#primaryimage","url":"https:\/\/all4camper.com\/wp-content\/uploads\/2019\/08\/cropped-Chorvatsko-2019-255.jpg","contentUrl":"https:\/\/all4camper.com\/wp-content\/uploads\/2019\/08\/cropped-Chorvatsko-2019-255.jpg","width":1000,"height":562},{"@type":"BreadcrumbList","@id":"https:\/\/all4camper.com\/cs\/autokemp-dalmacija-klame-sve-navstevniky-a-z-pohodove-dovolene-se-stava-horor\/#breadcrumb","itemListElement":[{"@type":"ListItem","position":1,"name":"Dom\u016f","item":"https:\/\/all4camper.com\/cs\/"},{"@type":"ListItem","position":2,"name":"Kempov\u00e1n\u00ed a cestov\u00e1n\u00ed v Chorvatsku","item":"https:\/\/all4camper.com\/cs\/category\/kempovani-a-cestovani-v-chorvatsku\/"},{"@type":"ListItem","position":3,"name":"Autokemp Dalmacija klame sv\u00e9 n\u00e1v\u0161t\u011bvn\u00edky a z pohodov\u00e9 dovolen\u00e9 se st\u00e1v\u00e1 &#8222;horor&#8220;"}]},{"@type":"WebSite","@id":"https:\/\/all4camper.com\/cs\/#website","url":"https:\/\/all4camper.com\/cs\/","name":"All4Camper","description":"Nejv\u011bt\u0161\u00ed online magaz\u00edn o kempov\u00e1n\u00ed a karavaninku. V\u00edce jak 900 \u010dl\u00e1nk\u016f pln\u00fdch rad a tip\u016f o kempech a kempov\u00e1n\u00ed.","publisher":{"@id":"https:\/\/all4camper.com\/cs\/#organization"},"potentialAction":[{"@type":"SearchAction","target":{"@type":"EntryPoint","urlTemplate":"https:\/\/all4camper.com\/cs\/?s={search_term_string}"},"query-input":{"@type":"PropertyValueSpecification","valueRequired":true,"valueName":"search_term_string"}}],"inLanguage":"cs"},{"@type":"Organization","@id":"https:\/\/all4camper.com\/cs\/#organization","name":"All4Camper - kempujeme s Kl\u00e1rou","url":"https:\/\/all4camper.com\/cs\/","logo":{"@type":"ImageObject","inLanguage":"cs","@id":"https:\/\/all4camper.com\/cs\/#\/schema\/logo\/image\/","url":"https:\/\/all4camper.com\/wp-content\/uploads\/2018\/09\/novelogo.png","contentUrl":"https:\/\/all4camper.com\/wp-content\/uploads\/2018\/09\/novelogo.png","width":1520,"height":600,"caption":"All4Camper - kempujeme s Kl\u00e1rou"},"image":{"@id":"https:\/\/all4camper.com\/cs\/#\/schema\/logo\/image\/"}},{"@type":"Person","@id":"https:\/\/all4camper.com\/cs\/#\/schema\/person\/6e44acf123c404fdffce72310b6e0f1c","name":"Od na\u0161ich \u010dten\u00e1\u0159\u016f","url":"https:\/\/all4camper.com\/cs\/author\/od-nasich-ctenaru\/"}]}},"_links":{"self":[{"href":"https:\/\/all4camper.com\/cs\/wp-json\/wp\/v2\/posts\/80679","targetHints":{"allow":["GET"]}}],"collection":[{"href":"https:\/\/all4camper.com\/cs\/wp-json\/wp\/v2\/posts"}],"about":[{"href":"https:\/\/all4camper.com\/cs\/wp-json\/wp\/v2\/types\/post"}],"author":[{"embeddable":true,"href":"https:\/\/all4camper.com\/cs\/wp-json\/wp\/v2\/users\/27"}],"replies":[{"embeddable":true,"href":"https:\/\/all4camper.com\/cs\/wp-json\/wp\/v2\/comments?post=80679"}],"version-history":[{"count":0,"href":"https:\/\/all4camper.com\/cs\/wp-json\/wp\/v2\/posts\/80679\/revisions"}],"wp:featuredmedia":[{"embeddable":true,"href":"https:\/\/all4camper.com\/cs\/wp-json\/wp\/v2\/media\/80703"}],"wp:attachment":[{"href":"https:\/\/all4camper.com\/cs\/wp-json\/wp\/v2\/media?parent=80679"}],"wp:term":[{"taxonomy":"category","embeddable":true,"href":"https:\/\/all4camper.com\/cs\/wp-json\/wp\/v2\/categories?post=80679"},{"taxonomy":"post_tag","embeddable":true,"href":"https:\/\/all4camper.com\/cs\/wp-json\/wp\/v2\/tags?post=80679"}],"curies":[{"name":"wp","href":"https:\/\/api.w.org\/{rel}","templated":true}]}}