{"id":80655,"date":"2019-07-31T14:16:53","date_gmt":"2019-07-31T12:16:53","guid":{"rendered":"https:\/\/all4camper.com\/\/?p=80655"},"modified":"2020-10-26T13:18:22","modified_gmt":"2020-10-26T12:18:22","slug":"tornado-v-chorvatsku-bylo-ci-nebylo-katerina-se-hlasi-primo-z-mista","status":"publish","type":"post","link":"https:\/\/all4camper.com\/cs\/tornado-v-chorvatsku-bylo-ci-nebylo-katerina-se-hlasi-primo-z-mista\/","title":{"rendered":"Torn\u00e1do v Chorvatsku &#8211; bylo \u010di nebylo? Kate\u0159ina se hl\u00e1s\u00ed p\u0159\u00edmo z m\u00edsta"},"content":{"rendered":"\n<h4 class=\"wp-block-heading\">P\u0159edn\u00ed str\u00e1nky v\u0161ech sv\u011btov\u00fdch, no dob\u0159e, evropsk\u00fdch m\u00e9di\u00ed pln\u00ed zpr\u00e1vy o tom, \u017ee v\u00a0Chorvatsku bylo torn\u00e1do. P\u00e1ni a j\u00e1 byla p\u0159\u00edmo u toho a je\u0161t\u011b te\u010f se klepu strachy&#8230; No dob\u0159e cht\u011bla jsem b\u00fdt trochu dramatick\u00e1 ve stylu \u010desk\u00fdch m\u00e9di\u00ed, u kter\u00fdch (zejm\u00e9na jednoho) m\u00e1m letos tak trochu pocit, \u017ee se rozhodla, \u017ee dovolenou v\u00a0Chorvatsku vyl\u00ed\u010d\u00ed \u010desk\u00fdm turist\u016fm tak hrozn\u011b, \u017ee sem prost\u011b nikdo nepojede. Kdy\u017e to \u00fapln\u011b jednodu\u0161e shrnu, tak \u017eraloci, kom\u00e1\u0159i, spla\u0161ky, p\u0159\u00ed\u0161ern\u00e9 ceny, zlod\u011bji no &#8230; a te\u010f \u2013 torn\u00e1do. Vy byste do takov\u00e9 zem\u011b jeli?<\/h4>\n\n\n\n<figure class=\"wp-block-image\"><img loading=\"lazy\" decoding=\"async\" width=\"1280\" height=\"665\" src=\"https:\/\/all4camper.com\/\/wp-content\/uploads\/2019\/07\/tornado-v-Chorvatsku.jpg\" alt=\"\" class=\"wp-image-80656\" srcset=\"https:\/\/all4camper.com\/wp-content\/uploads\/2019\/07\/tornado-v-Chorvatsku.jpg 1280w, https:\/\/all4camper.com\/wp-content\/uploads\/2019\/07\/tornado-v-Chorvatsku-150x78.jpg 150w, https:\/\/all4camper.com\/wp-content\/uploads\/2019\/07\/tornado-v-Chorvatsku-300x156.jpg 300w, https:\/\/all4camper.com\/wp-content\/uploads\/2019\/07\/tornado-v-Chorvatsku-768x399.jpg 768w\" sizes=\"auto, (max-width: 1280px) 100vw, 1280px\" \/><\/figure>\n\n\n\n<h3 class=\"wp-block-heading\">Co tedy ty z\u00e1plavy ve m\u011bstech?<\/h3>\n\n\n\n<p>Tak\u017ee ano, posledn\u00ed t\u0159i dny tu opravdu, ale opravdu hodn\u011b pr\u0161elo. \u0158\u00edk\u00e1m pr\u0161elo. Jasn\u011b, byly zatopen\u00e9 sklepy a voda se m\u00edsty vylila do ulic. Jsem na Hvaru a t\u0159eba takov\u00fd Stari Grad trochu p\u0159ipom\u00ednal Ben\u00e1tky v\u00a0t\u00e9 f\u00e1zi, kdy lid\u00e9 chod\u00ed po m\u016fstc\u00edch, ALE, on je v\u00a0posledn\u00ed dob\u011b p\u0159ipom\u00edn\u00e1 skoro p\u0159i ka\u017ed\u00e9m v\u011bt\u0161\u00edm de\u0161ti. T\u011b\u017eko \u0159\u00edct, jestli je to vlivem toho, \u017ee tam vystav\u011bli nov\u00fd ob\u0159\u00ed betonov\u00fd p\u0159\u00edstav (k tomu se p\u0159ikl\u00e1n\u011bj\u00ed m\u00edstn\u00ed), nebo toho, \u017ee zkr\u00e1tka p\u0159\u00edroda je vlivem mnoha faktor\u016f \u010d\u00edm d\u00e1l t\u00edm \u201ekreativn\u011bj\u0161\u00ed\u201c. <\/p>\n\n\n\n<p>Kdy\u017e se nad t\u00edm zamysl\u00edme, tak i u n\u00e1s jsou n\u00e1razov\u011b zaplaven\u00e9 ulice m\u011bst \u010d\u00edm d\u00e1l t\u00edm b\u011b\u017en\u011bj\u0161\u00ed. To, kdo za to m\u016f\u017ee, nebo pro\u010d se to d\u011bje, nech\u00e1m na va\u0161\u00ed \u00favaze&#8230;. Podobn\u00e9 to bylo i ve Splitu nebo v\u00a0Dubrovn\u00edku a i v\u00a0samotn\u00e9m m\u011bst\u011b Hvar, je to u\u017e takov\u00fd evergreen. <\/p>\n\n\n\n<p>Co v\u00e1m k\u00a0tomu m\u016f\u017eu doporu\u010dit, je nechodit v\u00a0p\u0159\u00edpad\u011b, \u017ee se o\u010dek\u00e1v\u00e1 n\u011bjak\u00fd rozmar po\u010das\u00ed, v\u00a0bot\u00e1ch na kter\u00fdch v\u00e1m z\u00e1le\u017e\u00ed, nebo kter\u00e9 se snadno rozlep\u00ed. Proto\u017ee jinak je to vlastn\u011b docela sranda, pokud tedy nejste zrovna majitelem zaplaven\u00e9ho kr\u00e1mku. A je\u0161t\u011b k\u00a0tomu dopln\u00edm, \u017ee ano, pr\u0161\u00ed, ale i p\u0159esto je kr\u00e1sn\u011b teplo a d\u00e1 se koupat. Jen mo\u0159e se mus\u00ed trochu usadit a dooh\u0159\u00e1t. <\/p>\n\n\n\n<p>A posledn\u00ed v\u011bc, tentokr\u00e1t opravdu v\u00e1\u017en\u011b varuji, pozor na silnic\u00edch. Klou\u017ee to. Hrozn\u011b to klou\u017ee. V\u00e1\u017en\u011b. Nejsou to b\u00e1chorky jadransk\u00e9. Opatrnost je na m\u00edst\u011b a pokud je d\u00e9\u0161\u0165 opravdu velk\u00fd, prost\u011b zastavte. Je to, jako byste jeli po ledu. Naprosto nesrovnateln\u00e9 se silnicemi u n\u00e1s.\u00a0<\/p>\n\n\n\n<h3 class=\"wp-block-heading\"><strong>Torn\u00e1do, p\u0159i kter\u00e9m pij\u00ed mraky<\/strong><\/h3>\n\n\n\n<p>No a te\u010f k\u00a0tomu \u201etorn\u00e1du\u201c. Koukali jsme na n\u011bj od Su\u0107uraje z\u00a0Hvaru a jasn\u011b, stra\u0161ideln\u011b to vypad\u00e1, to je \u201efakt.\u201c Vlastn\u00ed fotku bohu\u017eel nem\u00e1m, proto\u017ee cel\u00e1 tahle pod\u00edvan\u00e1 trv\u00e1 jen chvilku a auto jsme na to, abychom dob\u011bhli pro fo\u0165\u00e1k nebo telefon, m\u011bli p\u0159\u00edli\u0161 daleko. Nicm\u00e9n\u011b mrkn\u011bte na to v\u00a0odkazu n\u00ed\u017ee, podep\u00ed\u0161u se pod to, \u017ee to v\u00e1\u017en\u011b p\u0159esn\u011b takhle vypadalo. <\/p>\n\n\n\n<p>Vzpom\u00edn\u00e1m si, \u017ee poprv\u00e9 jsem ho (rozum\u011bjte zat\u00edm st\u00e1le je\u0161t\u011b to torn\u00e1do) vid\u011bla tak\u00e9 na Hvaru p\u0159ed 25 lety, kdy\u017e jsme je\u0161t\u011b bydleli v apartm\u00e1nu. Uprost\u0159ed ob\u0159\u00ed bou\u0159ky najednou z\u00a0terasy kouk\u00e1me na torn\u00e1do. V\u00a0panice jsme se pomalu lou\u010dili se \u017eivotem, zat\u00edmco n\u00e1\u0161 dom\u00e1c\u00ed a dobr\u00fd kamar\u00e1d v jednom <em>(Ton\u0107i, douf\u00e1m, \u017ee m\u00e1\u0161 tam naho\u0159e \u201emirno more\u201c, nep\u0159estal jsi n\u00e1m chyb\u011bt) <\/em>s\u00a0ko\u0161t\u011btem v\u00a0jedn\u00e9 ruce, pan\u00e1kem rakije v\u00a0druh\u00e9 a nezbytnou cigaretou v\u00a0koutku \u00fast jen kroutil hlavou.<strong> \u201eJebem ti oluju. I normalna pijavica.\u201c<\/strong> Voln\u011b a slu\u0161n\u011b p\u0159elo\u017eeno a vysv\u011btleno: <strong>\u201eTo je ale blb\u00e1 a otravn\u00e1 bou\u0159ka, budu muset zametat bahno kolem cel\u00e9ho domu a v\u016fbec, ale v\u016fbec nic se mi nechce<\/strong>. <strong>No a vy tady b\u011bh\u00e1te a k\u0159i\u010d\u00edte na ostatn\u00ed jako bl\u00e1zni, kdy\u017e je to \u00fapln\u011b norm\u00e1ln\u00ed pijavica. Jste mago\u0159i, to jste snad nikdy nevid\u011bli pijavicu (zapomn\u011bl na to, \u017ee v\u00a0\u010cech\u00e1ch je mo\u0159sk\u00fdch vodn\u00edch ploch pom\u00e1lu&#8230;)?\u201c <\/strong><\/p>\n\n\n\n<p>Tak\u017ee na \u00farovni Makarsk\u00e9 se opravdu objevila takzvan\u00e1 pijavica, de facto vzdu\u0161n\u00fd v\u00edr, kter\u00fd nab\u00edr\u00e1 vodu do mrak\u016f. Tahle v\u011bc vyd\u011bsila lidi nejen na pob\u0159e\u017e\u00ed a tak\u00e9 pos\u00e1dku nedalek\u00e9 lodi, kter\u00e9, jak p\u00ed\u0161\u00ed n\u011bkter\u00e1 chorvatsk\u00e1 m\u00e9dia, \u201eopl\u00e1chla\u201c palubu. <strong>Zd\u011b\u0161en\u00ed turist\u00e9 se ptali kapit\u00e1na, jestli to p\u0159e\u017eij\u00ed&#8230; <\/strong><\/p>\n\n\n\n<figure class=\"wp-block-image\"><img loading=\"lazy\" decoding=\"async\" width=\"1280\" height=\"665\" src=\"https:\/\/all4camper.com\/\/wp-content\/uploads\/2019\/07\/67706790_2373609972687421_997816392868691968_n.jpg\" alt=\"\" class=\"wp-image-80660\" srcset=\"https:\/\/all4camper.com\/wp-content\/uploads\/2019\/07\/67706790_2373609972687421_997816392868691968_n.jpg 1280w, https:\/\/all4camper.com\/wp-content\/uploads\/2019\/07\/67706790_2373609972687421_997816392868691968_n-150x78.jpg 150w, https:\/\/all4camper.com\/wp-content\/uploads\/2019\/07\/67706790_2373609972687421_997816392868691968_n-300x156.jpg 300w, https:\/\/all4camper.com\/wp-content\/uploads\/2019\/07\/67706790_2373609972687421_997816392868691968_n-768x399.jpg 768w\" sizes=\"auto, (max-width: 1280px) 100vw, 1280px\" \/><\/figure>\n\n\n\n<p>V\u00a0podstat\u011b se ale jedn\u00e1 o b\u011b\u017en\u00fd jev, kter\u00fd obvykle nezp\u016fsobuje \u017e\u00e1dn\u00e9 v\u00e1\u017en\u011bj\u0161\u00ed \u0161kody. <strong>Ka\u017edop\u00e1dn\u011b ur\u010dit\u011b je dobr\u00e9 zpozorn\u011bt, to ano, ale nen\u00ed d\u016fvod k\u00a0velk\u00e9 panice. <\/strong>Ostatn\u011b, tento jev, standardn\u00ed zejm\u00e9na na podzim a v\u00a0zim\u011b, se toti\u017e obvykle poj\u00ed s\u00a0bou\u0159kou a u n\u00e1s se v\u00a0tomto p\u0159\u00edpad\u011b tak\u00e9 neb\u011b\u017e\u00edte postavit pod nejvy\u0161\u0161\u00ed kovov\u00fd sloup na hol\u00e9m kopci. Alespo\u0148 douf\u00e1m, \u017ee ne&#8230; <a rel=\"noreferrer noopener\" aria-label=\"https:\/\/www.slobodnadalmacija.hr\/dalmacija\/split-zupanija\/clanak\/id\/615899\/pijavica-kod-makarske-bila-je-visoka-i-prilicno-jaka-pogledajte-snimku (opens in a new tab)\" href=\"https:\/\/www.slobodnadalmacija.hr\/dalmacija\/split-zupanija\/clanak\/id\/615899\/pijavica-kod-makarske-bila-je-visoka-i-prilicno-jaka-pogledajte-snimku\" target=\"_blank\">slobodnadalmacija.hr<\/a><\/p>\n\n\n\n<figure class=\"wp-block-image\"><img loading=\"lazy\" decoding=\"async\" width=\"780\" height=\"520\" src=\"https:\/\/all4camper.com\/\/wp-content\/uploads\/2019\/07\/bbimagehandler.jpg\" alt=\"\" class=\"wp-image-80657\" srcset=\"https:\/\/all4camper.com\/wp-content\/uploads\/2019\/07\/bbimagehandler.jpg 780w, https:\/\/all4camper.com\/wp-content\/uploads\/2019\/07\/bbimagehandler-150x100.jpg 150w, https:\/\/all4camper.com\/wp-content\/uploads\/2019\/07\/bbimagehandler-300x200.jpg 300w, https:\/\/all4camper.com\/wp-content\/uploads\/2019\/07\/bbimagehandler-768x512.jpg 768w\" sizes=\"auto, (max-width: 780px) 100vw, 780px\" \/><figcaption>Zdroj: slobodnadalmacija.hr<\/figcaption><\/figure>\n\n\n\n<h3 class=\"wp-block-heading\"><strong>Daleko v\u011bt\u0161\u00ed nebezpe\u010d\u00ed<\/strong><\/h3>\n\n\n\n<p>Mnohem v\u00edc, ne\u017e domn\u011bl\u00e1 torn\u00e1da, m\u011b ale d\u011bs\u00ed jedna v\u011bc \u2013 po\u017e\u00e1ry. Velik\u00fd byl (a st\u00e1le se doha\u0161uje) u \u0160ibeniku. Podle prvotn\u00edho vy\u0161et\u0159ov\u00e1n\u00ed ho z\u00e1m\u011brn\u011b zalo\u017eila pyromanka. <\/p>\n\n\n\n<p><strong>Druh\u00fd, takt\u00e9\u017e velik\u00fd, byl pr\u00e1v\u011b tady na Hvaru. Pravd\u011bpodobn\u011b ho zalo\u017eil debil. <\/strong>Nezlobte se, \u017ee to takhle p\u00ed\u0161u, ale kdo jin\u00fd zahod\u00ed nedopalek do tot\u00e1ln\u011b such\u00e9 p\u0159\u00edrody? Byly povol\u00e1ny dokonce hasi\u010dsk\u00e9 jednotky z\u00a0pevniny a l\u00edtal i kanader (takov\u00e9 to velk\u00e9 \u017elut\u00e9 letadlo nab\u00edraj\u00edc\u00ed vodu z\u00a0mo\u0159e). Proto na v\u00e1s apeluji a pros\u00edm. D\u00e1vejte si na to pozor. Sta\u010d\u00ed stra\u0161n\u011b m\u00e1lo a katastrofa je to nedoz\u00edrn\u00e1. Jeden p\u0159\u00edklad za v\u0161echny, m\u00e1te r\u00e1di cvrk\u00e1n\u00ed cik\u00e1d? Tak t\u0159eba tyhle p\u0159\u00ed\u0161erky nemaj\u00ed v\u00a0tomto p\u0159\u00edpad\u011b \u0161anci. A to jen jen zlomek&#8230; Zkr\u00e1tka s\u00a0jak\u00fdmkoli ohn\u011bm extr\u00e9mn\u011b opatrn\u011b. A t\u00edmto kon\u010d\u00edm hl\u00e1\u0161en\u00ed na t\u00e9ma chorvatsk\u00e1 dramata a jin\u00e9 p\u0159\u00edb\u011bhy.<\/p>\n\n\n\n<p>A jak to tu te\u010f vypad\u00e1? No &#8211; mrkn\u011bte<\/p>\n\n\n\n<figure class=\"wp-block-image\"><img loading=\"lazy\" decoding=\"async\" width=\"1280\" height=\"665\" src=\"https:\/\/all4camper.com\/\/wp-content\/uploads\/2019\/07\/chorvatsko-po-tornadu-2.jpg\" alt=\"\" class=\"wp-image-80658\" srcset=\"https:\/\/all4camper.com\/wp-content\/uploads\/2019\/07\/chorvatsko-po-tornadu-2.jpg 1280w, https:\/\/all4camper.com\/wp-content\/uploads\/2019\/07\/chorvatsko-po-tornadu-2-150x78.jpg 150w, https:\/\/all4camper.com\/wp-content\/uploads\/2019\/07\/chorvatsko-po-tornadu-2-300x156.jpg 300w, https:\/\/all4camper.com\/wp-content\/uploads\/2019\/07\/chorvatsko-po-tornadu-2-768x399.jpg 768w\" sizes=\"auto, (max-width: 1280px) 100vw, 1280px\" \/><\/figure>\n\n\n\n<figure class=\"wp-block-image\"><img loading=\"lazy\" decoding=\"async\" width=\"1280\" height=\"665\" src=\"https:\/\/all4camper.com\/\/wp-content\/uploads\/2019\/07\/chorvatsko-po-tornadu.jpg\" alt=\"\" class=\"wp-image-80659\" srcset=\"https:\/\/all4camper.com\/wp-content\/uploads\/2019\/07\/chorvatsko-po-tornadu.jpg 1280w, https:\/\/all4camper.com\/wp-content\/uploads\/2019\/07\/chorvatsko-po-tornadu-150x78.jpg 150w, https:\/\/all4camper.com\/wp-content\/uploads\/2019\/07\/chorvatsko-po-tornadu-300x156.jpg 300w, https:\/\/all4camper.com\/wp-content\/uploads\/2019\/07\/chorvatsko-po-tornadu-768x399.jpg 768w\" sizes=\"auto, (max-width: 1280px) 100vw, 1280px\" \/><\/figure>\n\n\n\n<p><em>Autor: Kate\u0159ina<\/em><\/p>\n","protected":false},"excerpt":{"rendered":"<p>P\u0159edn\u00ed str\u00e1nky v\u0161ech sv\u011btov\u00fdch, no dob\u0159e, evropsk\u00fdch m\u00e9di\u00ed pln\u00ed zpr\u00e1vy o tom, \u017ee v\u00a0Chorvatsku bylo torn\u00e1do. P\u00e1ni a j\u00e1 byla p\u0159\u00edmo u toho a je\u0161t\u011b te\u010f se klepu strachy&#8230; No dob\u0159e cht\u011bla jsem b\u00fdt trochu dramatick\u00e1 ve stylu \u010desk\u00fdch m\u00e9di\u00ed, u kter\u00fdch (zejm\u00e9na jednoho) m\u00e1m letos tak trochu pocit, \u017ee se rozhodla, \u017ee dovolenou v\u00a0Chorvatsku [&hellip;]<\/p>\n","protected":false},"author":161,"featured_media":80661,"comment_status":"closed","ping_status":"open","sticky":false,"template":"","format":"standard","meta":{"_monsterinsights_skip_tracking":false,"_monsterinsights_sitenote_active":false,"_monsterinsights_sitenote_note":"","_monsterinsights_sitenote_category":0,"footnotes":""},"categories":[2382],"tags":[112,8210],"class_list":{"0":"post-80655","1":"post","2":"type-post","3":"status-publish","4":"format-standard","5":"has-post-thumbnail","7":"category-kempovani-a-cestovani-v-chorvatsku","8":"tag-chorvatsko","9":"tag-zpravy"},"yoast_head":"<!-- This site is optimized with the Yoast SEO plugin v27.5 - https:\/\/yoast.com\/product\/yoast-seo-wordpress\/ -->\n<title>Torn\u00e1do v Chorvatsku - bylo \u010di nebylo? Kate\u0159ina se hl\u00e1s\u00ed p\u0159\u00edmo z m\u00edsta - All4Camper<\/title>\n<meta name=\"description\" content=\"All4Camper - Torn\u00e1do v Chorvatsku - bylo \u010di nebylo? Kate\u0159ina se hl\u00e1s\u00ed p\u0159\u00edmo z m\u00edsta\" \/>\n<meta name=\"robots\" content=\"index, follow, max-snippet:-1, max-image-preview:large, max-video-preview:-1\" \/>\n<link rel=\"canonical\" href=\"https:\/\/all4camper.com\/cs\/tornado-v-chorvatsku-bylo-ci-nebylo-katerina-se-hlasi-primo-z-mista\/\" \/>\n<meta property=\"og:locale\" content=\"cs_CZ\" \/>\n<meta property=\"og:type\" content=\"article\" \/>\n<meta property=\"og:title\" content=\"Torn\u00e1do v Chorvatsku - bylo \u010di nebylo? Kate\u0159ina se hl\u00e1s\u00ed p\u0159\u00edmo z m\u00edsta - All4Camper\" \/>\n<meta property=\"og:description\" content=\"All4Camper - Torn\u00e1do v Chorvatsku - bylo \u010di nebylo? Kate\u0159ina se hl\u00e1s\u00ed p\u0159\u00edmo z m\u00edsta\" \/>\n<meta property=\"og:url\" content=\"https:\/\/all4camper.com\/cs\/tornado-v-chorvatsku-bylo-ci-nebylo-katerina-se-hlasi-primo-z-mista\/\" \/>\n<meta property=\"og:site_name\" content=\"All4Camper\" \/>\n<meta property=\"article:published_time\" content=\"2019-07-31T12:16:53+00:00\" \/>\n<meta property=\"article:modified_time\" content=\"2020-10-26T12:18:22+00:00\" \/>\n<meta property=\"og:image\" content=\"https:\/\/all4camper.com\/wp-content\/uploads\/2019\/07\/cropped-67706790_2373609972687421_997816392868691968_n.jpg\" \/>\n\t<meta property=\"og:image:width\" content=\"1182\" \/>\n\t<meta property=\"og:image:height\" content=\"665\" \/>\n\t<meta property=\"og:image:type\" content=\"image\/jpeg\" \/>\n<meta name=\"author\" content=\"Kate\u0159ina\" \/>\n<meta name=\"twitter:card\" content=\"summary_large_image\" \/>\n<meta name=\"twitter:label1\" content=\"Napsal(a)\" \/>\n\t<meta name=\"twitter:data1\" content=\"Kate\u0159ina\" \/>\n\t<meta name=\"twitter:label2\" content=\"Odhadovan\u00e1 doba \u010dten\u00ed\" \/>\n\t<meta name=\"twitter:data2\" content=\"5 minut\" \/>\n<script type=\"application\/ld+json\" class=\"yoast-schema-graph\">{\"@context\":\"https:\\\/\\\/schema.org\",\"@graph\":[{\"@type\":\"Article\",\"@id\":\"https:\\\/\\\/all4camper.com\\\/cs\\\/tornado-v-chorvatsku-bylo-ci-nebylo-katerina-se-hlasi-primo-z-mista\\\/#article\",\"isPartOf\":{\"@id\":\"https:\\\/\\\/all4camper.com\\\/cs\\\/tornado-v-chorvatsku-bylo-ci-nebylo-katerina-se-hlasi-primo-z-mista\\\/\"},\"author\":{\"name\":\"Kate\u0159ina\",\"@id\":\"https:\\\/\\\/all4camper.com\\\/cs\\\/#\\\/schema\\\/person\\\/9349489688d4c221ca0fc39ae6bcb70b\"},\"headline\":\"Torn\u00e1do v Chorvatsku &#8211; bylo \u010di nebylo? Kate\u0159ina se hl\u00e1s\u00ed p\u0159\u00edmo z m\u00edsta\",\"datePublished\":\"2019-07-31T12:16:53+00:00\",\"dateModified\":\"2020-10-26T12:18:22+00:00\",\"mainEntityOfPage\":{\"@id\":\"https:\\\/\\\/all4camper.com\\\/cs\\\/tornado-v-chorvatsku-bylo-ci-nebylo-katerina-se-hlasi-primo-z-mista\\\/\"},\"wordCount\":1109,\"publisher\":{\"@id\":\"https:\\\/\\\/all4camper.com\\\/cs\\\/#organization\"},\"image\":{\"@id\":\"https:\\\/\\\/all4camper.com\\\/cs\\\/tornado-v-chorvatsku-bylo-ci-nebylo-katerina-se-hlasi-primo-z-mista\\\/#primaryimage\"},\"thumbnailUrl\":\"https:\\\/\\\/all4camper.com\\\/wp-content\\\/uploads\\\/2019\\\/07\\\/cropped-67706790_2373609972687421_997816392868691968_n.jpg\",\"keywords\":[\"Chorvatsko\",\"Zpr\u00e1vy\"],\"articleSection\":[\"Kempov\u00e1n\u00ed a cestov\u00e1n\u00ed v Chorvatsku\"],\"inLanguage\":\"cs\"},{\"@type\":\"WebPage\",\"@id\":\"https:\\\/\\\/all4camper.com\\\/cs\\\/tornado-v-chorvatsku-bylo-ci-nebylo-katerina-se-hlasi-primo-z-mista\\\/\",\"url\":\"https:\\\/\\\/all4camper.com\\\/cs\\\/tornado-v-chorvatsku-bylo-ci-nebylo-katerina-se-hlasi-primo-z-mista\\\/\",\"name\":\"Torn\u00e1do v Chorvatsku - bylo \u010di nebylo? Kate\u0159ina se hl\u00e1s\u00ed p\u0159\u00edmo z m\u00edsta - All4Camper\",\"isPartOf\":{\"@id\":\"https:\\\/\\\/all4camper.com\\\/cs\\\/#website\"},\"primaryImageOfPage\":{\"@id\":\"https:\\\/\\\/all4camper.com\\\/cs\\\/tornado-v-chorvatsku-bylo-ci-nebylo-katerina-se-hlasi-primo-z-mista\\\/#primaryimage\"},\"image\":{\"@id\":\"https:\\\/\\\/all4camper.com\\\/cs\\\/tornado-v-chorvatsku-bylo-ci-nebylo-katerina-se-hlasi-primo-z-mista\\\/#primaryimage\"},\"thumbnailUrl\":\"https:\\\/\\\/all4camper.com\\\/wp-content\\\/uploads\\\/2019\\\/07\\\/cropped-67706790_2373609972687421_997816392868691968_n.jpg\",\"datePublished\":\"2019-07-31T12:16:53+00:00\",\"dateModified\":\"2020-10-26T12:18:22+00:00\",\"description\":\"All4Camper - Torn\u00e1do v Chorvatsku - bylo \u010di nebylo? Kate\u0159ina se hl\u00e1s\u00ed p\u0159\u00edmo z m\u00edsta\",\"breadcrumb\":{\"@id\":\"https:\\\/\\\/all4camper.com\\\/cs\\\/tornado-v-chorvatsku-bylo-ci-nebylo-katerina-se-hlasi-primo-z-mista\\\/#breadcrumb\"},\"inLanguage\":\"cs\",\"potentialAction\":[{\"@type\":\"ReadAction\",\"target\":[\"https:\\\/\\\/all4camper.com\\\/cs\\\/tornado-v-chorvatsku-bylo-ci-nebylo-katerina-se-hlasi-primo-z-mista\\\/\"]}]},{\"@type\":\"ImageObject\",\"inLanguage\":\"cs\",\"@id\":\"https:\\\/\\\/all4camper.com\\\/cs\\\/tornado-v-chorvatsku-bylo-ci-nebylo-katerina-se-hlasi-primo-z-mista\\\/#primaryimage\",\"url\":\"https:\\\/\\\/all4camper.com\\\/wp-content\\\/uploads\\\/2019\\\/07\\\/cropped-67706790_2373609972687421_997816392868691968_n.jpg\",\"contentUrl\":\"https:\\\/\\\/all4camper.com\\\/wp-content\\\/uploads\\\/2019\\\/07\\\/cropped-67706790_2373609972687421_997816392868691968_n.jpg\",\"width\":1182,\"height\":665},{\"@type\":\"BreadcrumbList\",\"@id\":\"https:\\\/\\\/all4camper.com\\\/cs\\\/tornado-v-chorvatsku-bylo-ci-nebylo-katerina-se-hlasi-primo-z-mista\\\/#breadcrumb\",\"itemListElement\":[{\"@type\":\"ListItem\",\"position\":1,\"name\":\"Dom\u016f\",\"item\":\"https:\\\/\\\/all4camper.com\\\/cs\\\/\"},{\"@type\":\"ListItem\",\"position\":2,\"name\":\"Kempov\u00e1n\u00ed a cestov\u00e1n\u00ed v Chorvatsku\",\"item\":\"https:\\\/\\\/all4camper.com\\\/cs\\\/category\\\/kempovani-a-cestovani-v-chorvatsku\\\/\"},{\"@type\":\"ListItem\",\"position\":3,\"name\":\"Torn\u00e1do v Chorvatsku &#8211; bylo \u010di nebylo? Kate\u0159ina se hl\u00e1s\u00ed p\u0159\u00edmo z m\u00edsta\"}]},{\"@type\":\"WebSite\",\"@id\":\"https:\\\/\\\/all4camper.com\\\/cs\\\/#website\",\"url\":\"https:\\\/\\\/all4camper.com\\\/cs\\\/\",\"name\":\"All4Camper\",\"description\":\"Nejv\u011bt\u0161\u00ed online magaz\u00edn o kempov\u00e1n\u00ed a karavaninku. V\u00edce jak 900 \u010dl\u00e1nk\u016f pln\u00fdch rad a tip\u016f o kempech a kempov\u00e1n\u00ed.\",\"publisher\":{\"@id\":\"https:\\\/\\\/all4camper.com\\\/cs\\\/#organization\"},\"potentialAction\":[{\"@type\":\"SearchAction\",\"target\":{\"@type\":\"EntryPoint\",\"urlTemplate\":\"https:\\\/\\\/all4camper.com\\\/cs\\\/?s={search_term_string}\"},\"query-input\":{\"@type\":\"PropertyValueSpecification\",\"valueRequired\":true,\"valueName\":\"search_term_string\"}}],\"inLanguage\":\"cs\"},{\"@type\":\"Organization\",\"@id\":\"https:\\\/\\\/all4camper.com\\\/cs\\\/#organization\",\"name\":\"All4Camper - kempujeme s Kl\u00e1rou\",\"url\":\"https:\\\/\\\/all4camper.com\\\/cs\\\/\",\"logo\":{\"@type\":\"ImageObject\",\"inLanguage\":\"cs\",\"@id\":\"https:\\\/\\\/all4camper.com\\\/cs\\\/#\\\/schema\\\/logo\\\/image\\\/\",\"url\":\"https:\\\/\\\/all4camper.com\\\/wp-content\\\/uploads\\\/2018\\\/09\\\/novelogo.png\",\"contentUrl\":\"https:\\\/\\\/all4camper.com\\\/wp-content\\\/uploads\\\/2018\\\/09\\\/novelogo.png\",\"width\":1520,\"height\":600,\"caption\":\"All4Camper - kempujeme s Kl\u00e1rou\"},\"image\":{\"@id\":\"https:\\\/\\\/all4camper.com\\\/cs\\\/#\\\/schema\\\/logo\\\/image\\\/\"}},{\"@type\":\"Person\",\"@id\":\"https:\\\/\\\/all4camper.com\\\/cs\\\/#\\\/schema\\\/person\\\/9349489688d4c221ca0fc39ae6bcb70b\",\"name\":\"Kate\u0159ina\",\"url\":\"https:\\\/\\\/all4camper.com\\\/cs\\\/author\\\/kterina\\\/\"}]}<\/script>\n<!-- \/ Yoast SEO plugin. -->","yoast_head_json":{"title":"Torn\u00e1do v Chorvatsku - bylo \u010di nebylo? Kate\u0159ina se hl\u00e1s\u00ed p\u0159\u00edmo z m\u00edsta - All4Camper","description":"All4Camper - Torn\u00e1do v Chorvatsku - bylo \u010di nebylo? Kate\u0159ina se hl\u00e1s\u00ed p\u0159\u00edmo z m\u00edsta","robots":{"index":"index","follow":"follow","max-snippet":"max-snippet:-1","max-image-preview":"max-image-preview:large","max-video-preview":"max-video-preview:-1"},"canonical":"https:\/\/all4camper.com\/cs\/tornado-v-chorvatsku-bylo-ci-nebylo-katerina-se-hlasi-primo-z-mista\/","og_locale":"cs_CZ","og_type":"article","og_title":"Torn\u00e1do v Chorvatsku - bylo \u010di nebylo? Kate\u0159ina se hl\u00e1s\u00ed p\u0159\u00edmo z m\u00edsta - All4Camper","og_description":"All4Camper - Torn\u00e1do v Chorvatsku - bylo \u010di nebylo? Kate\u0159ina se hl\u00e1s\u00ed p\u0159\u00edmo z m\u00edsta","og_url":"https:\/\/all4camper.com\/cs\/tornado-v-chorvatsku-bylo-ci-nebylo-katerina-se-hlasi-primo-z-mista\/","og_site_name":"All4Camper","article_published_time":"2019-07-31T12:16:53+00:00","article_modified_time":"2020-10-26T12:18:22+00:00","og_image":[{"width":1182,"height":665,"url":"https:\/\/all4camper.com\/wp-content\/uploads\/2019\/07\/cropped-67706790_2373609972687421_997816392868691968_n.jpg","type":"image\/jpeg"}],"author":"Kate\u0159ina","twitter_card":"summary_large_image","twitter_misc":{"Napsal(a)":"Kate\u0159ina","Odhadovan\u00e1 doba \u010dten\u00ed":"5 minut"},"schema":{"@context":"https:\/\/schema.org","@graph":[{"@type":"Article","@id":"https:\/\/all4camper.com\/cs\/tornado-v-chorvatsku-bylo-ci-nebylo-katerina-se-hlasi-primo-z-mista\/#article","isPartOf":{"@id":"https:\/\/all4camper.com\/cs\/tornado-v-chorvatsku-bylo-ci-nebylo-katerina-se-hlasi-primo-z-mista\/"},"author":{"name":"Kate\u0159ina","@id":"https:\/\/all4camper.com\/cs\/#\/schema\/person\/9349489688d4c221ca0fc39ae6bcb70b"},"headline":"Torn\u00e1do v Chorvatsku &#8211; bylo \u010di nebylo? Kate\u0159ina se hl\u00e1s\u00ed p\u0159\u00edmo z m\u00edsta","datePublished":"2019-07-31T12:16:53+00:00","dateModified":"2020-10-26T12:18:22+00:00","mainEntityOfPage":{"@id":"https:\/\/all4camper.com\/cs\/tornado-v-chorvatsku-bylo-ci-nebylo-katerina-se-hlasi-primo-z-mista\/"},"wordCount":1109,"publisher":{"@id":"https:\/\/all4camper.com\/cs\/#organization"},"image":{"@id":"https:\/\/all4camper.com\/cs\/tornado-v-chorvatsku-bylo-ci-nebylo-katerina-se-hlasi-primo-z-mista\/#primaryimage"},"thumbnailUrl":"https:\/\/all4camper.com\/wp-content\/uploads\/2019\/07\/cropped-67706790_2373609972687421_997816392868691968_n.jpg","keywords":["Chorvatsko","Zpr\u00e1vy"],"articleSection":["Kempov\u00e1n\u00ed a cestov\u00e1n\u00ed v Chorvatsku"],"inLanguage":"cs"},{"@type":"WebPage","@id":"https:\/\/all4camper.com\/cs\/tornado-v-chorvatsku-bylo-ci-nebylo-katerina-se-hlasi-primo-z-mista\/","url":"https:\/\/all4camper.com\/cs\/tornado-v-chorvatsku-bylo-ci-nebylo-katerina-se-hlasi-primo-z-mista\/","name":"Torn\u00e1do v Chorvatsku - bylo \u010di nebylo? Kate\u0159ina se hl\u00e1s\u00ed p\u0159\u00edmo z m\u00edsta - All4Camper","isPartOf":{"@id":"https:\/\/all4camper.com\/cs\/#website"},"primaryImageOfPage":{"@id":"https:\/\/all4camper.com\/cs\/tornado-v-chorvatsku-bylo-ci-nebylo-katerina-se-hlasi-primo-z-mista\/#primaryimage"},"image":{"@id":"https:\/\/all4camper.com\/cs\/tornado-v-chorvatsku-bylo-ci-nebylo-katerina-se-hlasi-primo-z-mista\/#primaryimage"},"thumbnailUrl":"https:\/\/all4camper.com\/wp-content\/uploads\/2019\/07\/cropped-67706790_2373609972687421_997816392868691968_n.jpg","datePublished":"2019-07-31T12:16:53+00:00","dateModified":"2020-10-26T12:18:22+00:00","description":"All4Camper - Torn\u00e1do v Chorvatsku - bylo \u010di nebylo? Kate\u0159ina se hl\u00e1s\u00ed p\u0159\u00edmo z m\u00edsta","breadcrumb":{"@id":"https:\/\/all4camper.com\/cs\/tornado-v-chorvatsku-bylo-ci-nebylo-katerina-se-hlasi-primo-z-mista\/#breadcrumb"},"inLanguage":"cs","potentialAction":[{"@type":"ReadAction","target":["https:\/\/all4camper.com\/cs\/tornado-v-chorvatsku-bylo-ci-nebylo-katerina-se-hlasi-primo-z-mista\/"]}]},{"@type":"ImageObject","inLanguage":"cs","@id":"https:\/\/all4camper.com\/cs\/tornado-v-chorvatsku-bylo-ci-nebylo-katerina-se-hlasi-primo-z-mista\/#primaryimage","url":"https:\/\/all4camper.com\/wp-content\/uploads\/2019\/07\/cropped-67706790_2373609972687421_997816392868691968_n.jpg","contentUrl":"https:\/\/all4camper.com\/wp-content\/uploads\/2019\/07\/cropped-67706790_2373609972687421_997816392868691968_n.jpg","width":1182,"height":665},{"@type":"BreadcrumbList","@id":"https:\/\/all4camper.com\/cs\/tornado-v-chorvatsku-bylo-ci-nebylo-katerina-se-hlasi-primo-z-mista\/#breadcrumb","itemListElement":[{"@type":"ListItem","position":1,"name":"Dom\u016f","item":"https:\/\/all4camper.com\/cs\/"},{"@type":"ListItem","position":2,"name":"Kempov\u00e1n\u00ed a cestov\u00e1n\u00ed v Chorvatsku","item":"https:\/\/all4camper.com\/cs\/category\/kempovani-a-cestovani-v-chorvatsku\/"},{"@type":"ListItem","position":3,"name":"Torn\u00e1do v Chorvatsku &#8211; bylo \u010di nebylo? Kate\u0159ina se hl\u00e1s\u00ed p\u0159\u00edmo z m\u00edsta"}]},{"@type":"WebSite","@id":"https:\/\/all4camper.com\/cs\/#website","url":"https:\/\/all4camper.com\/cs\/","name":"All4Camper","description":"Nejv\u011bt\u0161\u00ed online magaz\u00edn o kempov\u00e1n\u00ed a karavaninku. V\u00edce jak 900 \u010dl\u00e1nk\u016f pln\u00fdch rad a tip\u016f o kempech a kempov\u00e1n\u00ed.","publisher":{"@id":"https:\/\/all4camper.com\/cs\/#organization"},"potentialAction":[{"@type":"SearchAction","target":{"@type":"EntryPoint","urlTemplate":"https:\/\/all4camper.com\/cs\/?s={search_term_string}"},"query-input":{"@type":"PropertyValueSpecification","valueRequired":true,"valueName":"search_term_string"}}],"inLanguage":"cs"},{"@type":"Organization","@id":"https:\/\/all4camper.com\/cs\/#organization","name":"All4Camper - kempujeme s Kl\u00e1rou","url":"https:\/\/all4camper.com\/cs\/","logo":{"@type":"ImageObject","inLanguage":"cs","@id":"https:\/\/all4camper.com\/cs\/#\/schema\/logo\/image\/","url":"https:\/\/all4camper.com\/wp-content\/uploads\/2018\/09\/novelogo.png","contentUrl":"https:\/\/all4camper.com\/wp-content\/uploads\/2018\/09\/novelogo.png","width":1520,"height":600,"caption":"All4Camper - kempujeme s Kl\u00e1rou"},"image":{"@id":"https:\/\/all4camper.com\/cs\/#\/schema\/logo\/image\/"}},{"@type":"Person","@id":"https:\/\/all4camper.com\/cs\/#\/schema\/person\/9349489688d4c221ca0fc39ae6bcb70b","name":"Kate\u0159ina","url":"https:\/\/all4camper.com\/cs\/author\/kterina\/"}]}},"_links":{"self":[{"href":"https:\/\/all4camper.com\/cs\/wp-json\/wp\/v2\/posts\/80655","targetHints":{"allow":["GET"]}}],"collection":[{"href":"https:\/\/all4camper.com\/cs\/wp-json\/wp\/v2\/posts"}],"about":[{"href":"https:\/\/all4camper.com\/cs\/wp-json\/wp\/v2\/types\/post"}],"author":[{"embeddable":true,"href":"https:\/\/all4camper.com\/cs\/wp-json\/wp\/v2\/users\/161"}],"replies":[{"embeddable":true,"href":"https:\/\/all4camper.com\/cs\/wp-json\/wp\/v2\/comments?post=80655"}],"version-history":[{"count":0,"href":"https:\/\/all4camper.com\/cs\/wp-json\/wp\/v2\/posts\/80655\/revisions"}],"wp:featuredmedia":[{"embeddable":true,"href":"https:\/\/all4camper.com\/cs\/wp-json\/wp\/v2\/media\/80661"}],"wp:attachment":[{"href":"https:\/\/all4camper.com\/cs\/wp-json\/wp\/v2\/media?parent=80655"}],"wp:term":[{"taxonomy":"category","embeddable":true,"href":"https:\/\/all4camper.com\/cs\/wp-json\/wp\/v2\/categories?post=80655"},{"taxonomy":"post_tag","embeddable":true,"href":"https:\/\/all4camper.com\/cs\/wp-json\/wp\/v2\/tags?post=80655"}],"curies":[{"name":"wp","href":"https:\/\/api.w.org\/{rel}","templated":true}]}}