{"id":80513,"date":"2019-08-03T08:00:41","date_gmt":"2019-08-03T06:00:41","guid":{"rendered":"https:\/\/all4camper.com\/\/?p=80513"},"modified":"2019-09-19T16:08:33","modified_gmt":"2019-09-19T14:08:33","slug":"kempovani-u-proslule-nemecke-loreley","status":"publish","type":"post","link":"https:\/\/all4camper.com\/cs\/kempovani-u-proslule-nemecke-loreley\/","title":{"rendered":"Kempov\u00e1n\u00ed u proslul\u00e9 n\u011bmeck\u00e9 Loreley"},"content":{"rendered":"\n<h4 class=\"wp-block-heading\"><strong>M\u00e1te u\u017e od p\u0159e\u010dten\u00ed nadpisu tak n\u011bjak pocit, \u017ee v\u00e1s to za\u010dalo v\u00e1bit, a\u010dkoli ani netu\u0161\u00edte, o co p\u016fjde? Nen\u00ed divu, mo\u017en\u00e1 je za t\u00edm tajemn\u00e1 d\u00edvka Loreley&#8230; Nicm\u00e9n\u011b v\u00e1s ur\u010dit\u011b nepostihne smutn\u00fd osud jako om\u00e1men\u00e9 ryb\u00e1\u0159e a u\u017eijete si perfektn\u00ed odpo\u010dinek. Poj\u010fme se tam tedy vydat.<\/strong><\/h4>\n\n\n\n<figure class=\"wp-block-image\"><img loading=\"lazy\" decoding=\"async\" width=\"1440\" height=\"1080\" src=\"https:\/\/all4camper.com\/\/wp-content\/uploads\/2019\/07\/Hrad-Katz-1440x1080.jpg\" alt=\"\" class=\"wp-image-80514\" srcset=\"https:\/\/all4camper.com\/wp-content\/uploads\/2019\/07\/Hrad-Katz-1440x1080.jpg 1440w, https:\/\/all4camper.com\/wp-content\/uploads\/2019\/07\/Hrad-Katz-300x225.jpg 300w, https:\/\/all4camper.com\/wp-content\/uploads\/2019\/07\/Hrad-Katz-150x113.jpg 150w, https:\/\/all4camper.com\/wp-content\/uploads\/2019\/07\/Hrad-Katz-768x576.jpg 768w, https:\/\/all4camper.com\/wp-content\/uploads\/2019\/07\/Hrad-Katz-1536x1152.jpg 1536w, https:\/\/all4camper.com\/wp-content\/uploads\/2019\/07\/Hrad-Katz-678x509.jpg 678w, https:\/\/all4camper.com\/wp-content\/uploads\/2019\/07\/Hrad-Katz-326x245.jpg 326w, https:\/\/all4camper.com\/wp-content\/uploads\/2019\/07\/Hrad-Katz-80x60.jpg 80w, https:\/\/all4camper.com\/wp-content\/uploads\/2019\/07\/Hrad-Katz.jpg 1920w\" sizes=\"auto, (max-width: 1440px) 100vw, 1440px\" \/><\/figure>\n\n\n\n<p>Lolerey (<a rel=\"noreferrer noopener\" aria-label=\"zobrazit na map\u011b (opens in a new tab)\" href=\"https:\/\/goo.gl\/maps\/fZHvSJh6odHCD3D66\" target=\"_blank\">zobrazit na map\u011b<\/a>)je sk\u00e1la na v\u00fdchodn\u00edm b\u0159ehu R\u00fdna v\u00a0poho\u0159\u00ed Taunus v\u00a0n\u011bmeck\u00e9 spolkov\u00e9 zemi Por\u00fdn\u00ed-Falc. U\u017e samotn\u00e9 jm\u00e9no odkazuje na to, \u017ee se bude jednat o n\u011bco zvl\u00e1\u0161tn\u00edho. Vych\u00e1z\u00ed ze staron\u011bmeck\u00e9ho luren, kter\u00e9 znamen\u00e1 \u0161um\u011bt a keltsk\u00e9ho ley, tedy sk\u00e1la. Za zdej\u0161\u00edm  intenzivn\u00edm \u0161um\u011bn\u00edm stoj\u00ed velmi siln\u00fd a prudk\u00fd proud a traduje se, \u017ee tu kdysi b\u00fdval i vodop\u00e1d. V\u0161e pak je\u0161t\u011b d\u00e1le zesilovaly strm\u00e9 sk\u00e1ly. U\u017e tenhle fakt d\u011bl\u00e1 z\u00a0tohoto m\u00edsta n\u011bco nezvykl\u00e9ho. Pr\u00e1v\u011b proto, \u017ee proud je zde velmi nevyzpytateln\u00fd a nav\u00edc se tu \u0159eka zu\u017euje tak\u0159ka na t\u0159etinu, tu doch\u00e1zelo zejm\u00e9na v\u00a0minulosti k\u00a0\u010dast\u00fdm lodn\u00edm nehod\u00e1m.\u00a0<\/p>\n\n\n\n<h3 class=\"wp-block-heading\"><strong>Za v\u0161\u00edm hledej \u017eenu<\/strong><\/h3>\n\n\n\n<p><strong>Podle legendy za to v\u0161ak mohla d\u00edvka, p\u0159\u00edpadn\u011b ne\u0161\u0165astn\u011b zamilovan\u00e1 vodn\u00ed v\u00edla Loreley, kter\u00e1 ze sk\u00e1ly vysok\u00e9 137 metr\u016f jako Sir\u00e9na z\u00a0\u0159eck\u00e9 mytologie v\u00e1bila n\u00e1mo\u0159n\u00edky a ti pod kouzlem jej\u00edho hlasu najeli na sk\u00e1lu. <\/strong>P\u0159e\u010d\u00edst si o tom m\u016f\u017eete i v\u00a0literatu\u0159e, nap\u0159\u00edklad Heinrich Heine napsal b\u00e1se\u0148 Die Lore-Ley. <\/p>\n\n\n\n<p>N\u011bkdy se m\u016f\u017eete setkat i s\u00a0roz\u0161\u00ed\u0159enou verz\u00ed, \u017ee v\u00edle \u201epom\u00e1halo\u201c je\u0161t\u011b sedm d\u00edvek, kter\u00e9 za sv\u00e9 zl\u00e9 \u010diny byly prom\u011bn\u011bny ve sk\u00e1ly ve vod\u011b pod \u00fatesem a m\u016f\u017eete je vid\u011bt, kdy\u017e je voda hodn\u011b n\u00edzko. Pr\u00e1v\u011b ony (ty podvodn\u00ed sk\u00e1ly samoz\u0159ejm\u011b) pak tak\u00e9 stoj\u00ed za mno\u017estv\u00edm nehod. <strong>Ze sk\u00e1ly je b\u00e1je\u010dn\u00fd v\u00fdhled a m\u016f\u017eete sledovat, \u017ee zde i lod\u011b jsou tak n\u011bjak ostra\u017eit\u011bj\u0161\u00ed. <\/strong><\/p>\n\n\n\n<figure class=\"wp-block-image\"><img loading=\"lazy\" decoding=\"async\" width=\"1440\" height=\"1080\" src=\"https:\/\/all4camper.com\/\/wp-content\/uploads\/2019\/07\/U\u0301doli\u0301-Ry\u0301na-3-1440x1080.jpg\" alt=\"\" class=\"wp-image-80515\" srcset=\"https:\/\/all4camper.com\/wp-content\/uploads\/2019\/07\/U\u0301doli\u0301-Ry\u0301na-3-1440x1080.jpg 1440w, https:\/\/all4camper.com\/wp-content\/uploads\/2019\/07\/U\u0301doli\u0301-Ry\u0301na-3-300x225.jpg 300w, https:\/\/all4camper.com\/wp-content\/uploads\/2019\/07\/U\u0301doli\u0301-Ry\u0301na-3-150x113.jpg 150w, https:\/\/all4camper.com\/wp-content\/uploads\/2019\/07\/U\u0301doli\u0301-Ry\u0301na-3-768x576.jpg 768w, https:\/\/all4camper.com\/wp-content\/uploads\/2019\/07\/U\u0301doli\u0301-Ry\u0301na-3-1536x1152.jpg 1536w, https:\/\/all4camper.com\/wp-content\/uploads\/2019\/07\/U\u0301doli\u0301-Ry\u0301na-3-678x509.jpg 678w, https:\/\/all4camper.com\/wp-content\/uploads\/2019\/07\/U\u0301doli\u0301-Ry\u0301na-3-326x245.jpg 326w, https:\/\/all4camper.com\/wp-content\/uploads\/2019\/07\/U\u0301doli\u0301-Ry\u0301na-3-80x60.jpg 80w, https:\/\/all4camper.com\/wp-content\/uploads\/2019\/07\/U\u0301doli\u0301-Ry\u0301na-3.jpg 1920w\" sizes=\"auto, (max-width: 1440px) 100vw, 1440px\" \/><\/figure>\n\n\n\n<p>A v\u00edte, co v\u00e1m m\u016f\u017ee \u0161kodolib\u00fd pohled na zamy\u0161len\u00e9 n\u00e1mo\u0159n\u00edky je\u0161t\u011b zp\u0159\u00edjem\u0148ovat? Restaurace, ve kter\u00e9 v\u00fdborn\u011b va\u0159\u00ed a moc p\u0159\u00edjemn\u011b se tam sed\u00ed. <strong>O kus d\u00e1l po \u0159ece pak milovn\u00edci historie mohou vid\u011bt poz\u016fstatky legend\u00e1rn\u00edho mostu u Remagenu u stejnojmenn\u00e9ho m\u011bsta.<\/strong> V\u00a0mostn\u00ed v\u011b\u017ei najdete mal\u00e9 muzeum. <a rel=\"noreferrer noopener\" aria-label=\" (opens in a new tab)\" href=\"http:\/\/www.bruecke-remagen.de\/\" target=\"_blank\">bruecke-remagen.de<\/a><\/p>\n\n\n\n<h3 class=\"wp-block-heading\"><strong>K\u00a0vid\u011bn\u00ed je toho mnohem v\u00edce<\/strong><\/h3>\n\n\n\n<p>Tak, legenda je to p\u011bkn\u00e1, ale je mi jasn\u00e9, \u017ee tam p\u0159ece jen nepojedete kv\u016fli jedn\u00e9 sk\u00e1le, i kdy\u017e to \u0161um\u011bn\u00ed je v\u00e1\u017en\u011b zvl\u00e1\u0161tn\u00ed. Nicm\u00e9n\u011b nach\u00e1z\u00ed se tu toho mnohem v\u00edce. <\/p>\n\n\n\n<p><strong>Pr\u00e1v\u011b St\u0159edn\u00ed Por\u00fdn\u00ed je toti\u017e m\u00edstem se snad\u00a0nejv\u011bt\u0161\u00ed kumulac\u00ed hrad\u016f a z\u00e1mk\u016f na sv\u011bt\u011b.<\/strong> V\u0161e je\u0161t\u011b vylep\u0161uje fakt, \u017ee k\u00a0pam\u00e1tk\u00e1m ne\u0161plhaj\u00ed jen zv\u011bdav\u00ed turist\u00e9, ale tak\u00e9 vinice, z\u00a0nich\u017e poch\u00e1zej\u00ed sv\u011btov\u011b proslul\u00e1 v\u00edna.  Vinn\u00fdch skl\u00edpk\u016f je tu spousta a jestli v\u00e1m mohu doporu\u010dit, tak vyzkou\u0161ejte zejm\u00e9na v\u00edna sladk\u00e1. Jsou vo\u0148av\u00e1 a skute\u010dn\u011b v\u00fdborn\u00e1. Vsad\u00edm se s\u00a0v\u00e1mi, \u017ee si minim\u00e1ln\u011b \u0161est lahv\u00ed budete odv\u00e1\u017eet. <\/p>\n\n\n\n<figure class=\"wp-block-image\"><img loading=\"lazy\" decoding=\"async\" width=\"1883\" height=\"1080\" src=\"https:\/\/all4camper.com\/\/wp-content\/uploads\/2019\/07\/Vinice-nad-Ry\u0301nem-1883x1080.jpg\" alt=\"\" class=\"wp-image-80516\" srcset=\"https:\/\/all4camper.com\/wp-content\/uploads\/2019\/07\/Vinice-nad-Ry\u0301nem-1883x1080.jpg 1883w, https:\/\/all4camper.com\/wp-content\/uploads\/2019\/07\/Vinice-nad-Ry\u0301nem-300x172.jpg 300w, https:\/\/all4camper.com\/wp-content\/uploads\/2019\/07\/Vinice-nad-Ry\u0301nem-150x86.jpg 150w, https:\/\/all4camper.com\/wp-content\/uploads\/2019\/07\/Vinice-nad-Ry\u0301nem-768x440.jpg 768w, https:\/\/all4camper.com\/wp-content\/uploads\/2019\/07\/Vinice-nad-Ry\u0301nem-1536x881.jpg 1536w, https:\/\/all4camper.com\/wp-content\/uploads\/2019\/07\/Vinice-nad-Ry\u0301nem.jpg 1920w\" sizes=\"auto, (max-width: 1883px) 100vw, 1883px\" \/><\/figure>\n\n\n\n<p>Jeliko\u017e je zde krajina hodn\u011b kopcovit\u00e1, abyste si ji prohl\u00e9dli co nejv\u00edce, d\u00e1 to docela zabrat. Proto pro v\u00e1s m\u00e1m jedno \u0159e\u0161en\u00ed a t\u00edm je v\u00fdletn\u00ed plavba. <a rel=\"noreferrer noopener\" aria-label=\" (opens in a new tab)\" href=\"https:\/\/www.k-d.com\/de\/schiffstouren\/loreley-tour\/\" target=\"_blank\">https:\/\/www.k-d.com\/de\/schiffstouren\/loreley-tour\/<\/a> <\/p>\n\n\n\n<p>Nen\u00ed to jen o Loreley, jejich nab\u00eddka je velik\u00e1 a pohled z\u00a0\u0159\u00ed\u010dn\u00ed hladiny si rozhodn\u011b u\u017eijete. Jinak rozhodn\u011b doporu\u010duji vz\u00edt si s\u00a0sebou kola. Stezky jsou zde bezvadn\u011b upraven\u00e9 a to i pro in-liny a pohodln\u011b se tu projdete i s\u00a0ko\u010d\u00e1rkem.<\/p>\n\n\n\n<h3 class=\"wp-block-heading\"><strong>Nechte se usp\u00e1vat \u0161um\u011bn\u00edm<\/strong><\/h3>\n\n\n\n<p><strong>Zakempovat tentokr\u00e1t p\u016fjdeme opravdu stylov\u011b \u2013 na\u0161\u00edm c\u00edlem je Camping Loreleystadt.<\/strong> <a rel=\"noreferrer noopener\" aria-label=\" (opens in a new tab)\" href=\"https:\/\/www.camping-loreleystadt.de\/\" target=\"_blank\">camping-loreleystadt.de<\/a>, <a rel=\"noreferrer noopener\" aria-label=\"zobrazit na map\u011b (opens in a new tab)\" href=\"https:\/\/goo.gl\/maps\/zeVWP49qq6i3pS2e7\" target=\"_blank\">zobrazit na map\u011b<\/a>.<\/p>\n\n\n\n<figure class=\"wp-block-image\"><img loading=\"lazy\" decoding=\"async\" width=\"960\" height=\"716\" src=\"https:\/\/all4camper.com\/\/wp-content\/uploads\/2019\/07\/camping-loreleystadt.jpg\" alt=\"\" class=\"wp-image-80517\" srcset=\"https:\/\/all4camper.com\/wp-content\/uploads\/2019\/07\/camping-loreleystadt.jpg 960w, https:\/\/all4camper.com\/wp-content\/uploads\/2019\/07\/camping-loreleystadt-150x112.jpg 150w, https:\/\/all4camper.com\/wp-content\/uploads\/2019\/07\/camping-loreleystadt-300x224.jpg 300w, https:\/\/all4camper.com\/wp-content\/uploads\/2019\/07\/camping-loreleystadt-768x573.jpg 768w, https:\/\/all4camper.com\/wp-content\/uploads\/2019\/07\/camping-loreleystadt-80x60.jpg 80w\" sizes=\"auto, (max-width: 960px) 100vw, 960px\" \/><figcaption><em>Zdroj: camping-loreleystadt.de<\/em><\/figcaption><\/figure>\n\n\n\n<p>Kemp se nach\u00e1z\u00ed p\u0159\u00edmo u \u0159eky na velk\u00e9 upravovan\u00e9 louce ale daj\u00ed se naj\u00edt i opravdu p\u011bkn\u00e1 m\u00edsta ve st\u00ednu strom\u016f. Co je d\u016fle\u017eit\u00e9 v\u011bd\u011bt je, \u017ee pejsci jsou tu opravdu d\u016frazn\u011b na dotaz, majitele k\u00a0tomu vedly \u0161patn\u00e9 zku\u0161enosti s\u00a0nezodpov\u011bdn\u00fdmi pejska\u0159i. Ale zase si tu m\u016f\u017eete doobjednat sn\u00eddan\u011b. Tak co, nech\u00e1te se p\u0159iv\u00e1bit alespo\u0148 t\u0159eba t\u011bmi vinn\u00fdmi sklepy, kdy\u017e u\u017e ne hned v\u00edlou?<\/p>\n\n\n\n<p>Dal\u0161\u00ed kempy v okol\u00ed jsou Camping Loreleyblick (<a rel=\"noreferrer noopener\" aria-label=\"mapa (opens in a new tab)\" href=\"https:\/\/goo.gl\/maps\/yE1hZYFeZ43JjJt57\" target=\"_blank\">mapa<\/a>) a Campingplatz Loreley <a rel=\"noreferrer noopener\" aria-label=\"(mapa (opens in a new tab)\" href=\"https:\/\/goo.gl\/maps\/bu3BqJCbGZjcSk8L6\" target=\"_blank\">(mapa<\/a>).<\/p>\n","protected":false},"excerpt":{"rendered":"<p>M\u00e1te u\u017e od p\u0159e\u010dten\u00ed nadpisu tak n\u011bjak pocit, \u017ee v\u00e1s to za\u010dalo v\u00e1bit, a\u010dkoli ani netu\u0161\u00edte, o co p\u016fjde? Nen\u00ed divu, mo\u017en\u00e1 je za t\u00edm tajemn\u00e1 d\u00edvka Loreley&#8230; Nicm\u00e9n\u011b v\u00e1s ur\u010dit\u011b nepostihne smutn\u00fd osud jako om\u00e1men\u00e9 ryb\u00e1\u0159e a u\u017eijete si perfektn\u00ed odpo\u010dinek. Poj\u010fme se tam tedy vydat. Lolerey (zobrazit na map\u011b)je sk\u00e1la na v\u00fdchodn\u00edm b\u0159ehu [&hellip;]<\/p>\n","protected":false},"author":161,"featured_media":80518,"comment_status":"closed","ping_status":"open","sticky":false,"template":"","format":"standard","meta":{"_monsterinsights_skip_tracking":false,"_monsterinsights_sitenote_active":false,"_monsterinsights_sitenote_note":"","_monsterinsights_sitenote_category":0,"footnotes":""},"categories":[2377,68],"tags":[101,97,383,325],"class_list":{"0":"post-80513","1":"post","2":"type-post","3":"status-publish","4":"format-standard","5":"has-post-thumbnail","7":"category-kempovani-a-cestovani-v-nemecku","8":"category-kempovani-a-zajimave-cile","9":"tag-kempy-1","10":"tag-nemecko","11":"tag-ostatni-zeme","12":"tag-poznavaci-dovolena"},"yoast_head":"<!-- This site is optimized with the Yoast SEO plugin v27.4 - https:\/\/yoast.com\/product\/yoast-seo-wordpress\/ -->\n<title>Kempov\u00e1n\u00ed u proslul\u00e9 n\u011bmeck\u00e9 Loreley - All4Camper<\/title>\n<meta name=\"description\" content=\"All4Camper - Kempov\u00e1n\u00ed u proslul\u00e9 n\u011bmeck\u00e9 Loreley\" \/>\n<meta name=\"robots\" content=\"index, follow, max-snippet:-1, max-image-preview:large, max-video-preview:-1\" \/>\n<link rel=\"canonical\" href=\"https:\/\/all4camper.com\/cs\/kempovani-u-proslule-nemecke-loreley\/\" \/>\n<meta property=\"og:locale\" content=\"cs_CZ\" \/>\n<meta property=\"og:type\" content=\"article\" \/>\n<meta property=\"og:title\" content=\"Kempov\u00e1n\u00ed u proslul\u00e9 n\u011bmeck\u00e9 Loreley - All4Camper\" \/>\n<meta property=\"og:description\" content=\"All4Camper - Kempov\u00e1n\u00ed u proslul\u00e9 n\u011bmeck\u00e9 Loreley\" \/>\n<meta property=\"og:url\" content=\"https:\/\/all4camper.com\/cs\/kempovani-u-proslule-nemecke-loreley\/\" \/>\n<meta property=\"og:site_name\" content=\"All4Camper\" \/>\n<meta property=\"article:published_time\" content=\"2019-08-03T06:00:41+00:00\" \/>\n<meta property=\"article:modified_time\" content=\"2019-09-19T14:08:33+00:00\" \/>\n<meta property=\"og:image\" content=\"https:\/\/all4camper.com\/wp-content\/uploads\/2019\/07\/cropped-Hrad-Katz.jpg\" \/>\n\t<meta property=\"og:image:width\" content=\"1920\" \/>\n\t<meta property=\"og:image:height\" content=\"1080\" \/>\n\t<meta property=\"og:image:type\" content=\"image\/jpeg\" \/>\n<meta name=\"author\" content=\"Kate\u0159ina\" \/>\n<meta name=\"twitter:card\" content=\"summary_large_image\" \/>\n<meta name=\"twitter:label1\" content=\"Napsal(a)\" \/>\n\t<meta name=\"twitter:data1\" content=\"Kate\u0159ina\" \/>\n\t<meta name=\"twitter:label2\" content=\"Odhadovan\u00e1 doba \u010dten\u00ed\" \/>\n\t<meta name=\"twitter:data2\" content=\"4 minuty\" \/>\n<script type=\"application\/ld+json\" class=\"yoast-schema-graph\">{\"@context\":\"https:\\\/\\\/schema.org\",\"@graph\":[{\"@type\":\"Article\",\"@id\":\"https:\\\/\\\/all4camper.com\\\/cs\\\/kempovani-u-proslule-nemecke-loreley\\\/#article\",\"isPartOf\":{\"@id\":\"https:\\\/\\\/all4camper.com\\\/cs\\\/kempovani-u-proslule-nemecke-loreley\\\/\"},\"author\":{\"name\":\"Kate\u0159ina\",\"@id\":\"https:\\\/\\\/all4camper.com\\\/cs\\\/#\\\/schema\\\/person\\\/9349489688d4c221ca0fc39ae6bcb70b\"},\"headline\":\"Kempov\u00e1n\u00ed u proslul\u00e9 n\u011bmeck\u00e9 Loreley\",\"datePublished\":\"2019-08-03T06:00:41+00:00\",\"dateModified\":\"2019-09-19T14:08:33+00:00\",\"mainEntityOfPage\":{\"@id\":\"https:\\\/\\\/all4camper.com\\\/cs\\\/kempovani-u-proslule-nemecke-loreley\\\/\"},\"wordCount\":819,\"publisher\":{\"@id\":\"https:\\\/\\\/all4camper.com\\\/cs\\\/#organization\"},\"image\":{\"@id\":\"https:\\\/\\\/all4camper.com\\\/cs\\\/kempovani-u-proslule-nemecke-loreley\\\/#primaryimage\"},\"thumbnailUrl\":\"https:\\\/\\\/all4camper.com\\\/wp-content\\\/uploads\\\/2019\\\/07\\\/cropped-Hrad-Katz.jpg\",\"keywords\":[\"Kempy a kempovac\u00ed m\u00edsta\",\"N\u011bmecko\",\"Ostatn\u00ed zem\u011b\",\"Pozn\u00e1vac\u00ed dovolen\u00e1\"],\"articleSection\":[\"Kempov\u00e1n\u00ed a cestov\u00e1n\u00ed v N\u011bmecku\",\"Kempy a zaj\u00edmav\u00e1 m\u00edsta\"],\"inLanguage\":\"cs\"},{\"@type\":\"WebPage\",\"@id\":\"https:\\\/\\\/all4camper.com\\\/cs\\\/kempovani-u-proslule-nemecke-loreley\\\/\",\"url\":\"https:\\\/\\\/all4camper.com\\\/cs\\\/kempovani-u-proslule-nemecke-loreley\\\/\",\"name\":\"Kempov\u00e1n\u00ed u proslul\u00e9 n\u011bmeck\u00e9 Loreley - All4Camper\",\"isPartOf\":{\"@id\":\"https:\\\/\\\/all4camper.com\\\/cs\\\/#website\"},\"primaryImageOfPage\":{\"@id\":\"https:\\\/\\\/all4camper.com\\\/cs\\\/kempovani-u-proslule-nemecke-loreley\\\/#primaryimage\"},\"image\":{\"@id\":\"https:\\\/\\\/all4camper.com\\\/cs\\\/kempovani-u-proslule-nemecke-loreley\\\/#primaryimage\"},\"thumbnailUrl\":\"https:\\\/\\\/all4camper.com\\\/wp-content\\\/uploads\\\/2019\\\/07\\\/cropped-Hrad-Katz.jpg\",\"datePublished\":\"2019-08-03T06:00:41+00:00\",\"dateModified\":\"2019-09-19T14:08:33+00:00\",\"description\":\"All4Camper - Kempov\u00e1n\u00ed u proslul\u00e9 n\u011bmeck\u00e9 Loreley\",\"breadcrumb\":{\"@id\":\"https:\\\/\\\/all4camper.com\\\/cs\\\/kempovani-u-proslule-nemecke-loreley\\\/#breadcrumb\"},\"inLanguage\":\"cs\",\"potentialAction\":[{\"@type\":\"ReadAction\",\"target\":[\"https:\\\/\\\/all4camper.com\\\/cs\\\/kempovani-u-proslule-nemecke-loreley\\\/\"]}]},{\"@type\":\"ImageObject\",\"inLanguage\":\"cs\",\"@id\":\"https:\\\/\\\/all4camper.com\\\/cs\\\/kempovani-u-proslule-nemecke-loreley\\\/#primaryimage\",\"url\":\"https:\\\/\\\/all4camper.com\\\/wp-content\\\/uploads\\\/2019\\\/07\\\/cropped-Hrad-Katz.jpg\",\"contentUrl\":\"https:\\\/\\\/all4camper.com\\\/wp-content\\\/uploads\\\/2019\\\/07\\\/cropped-Hrad-Katz.jpg\",\"width\":1920,\"height\":1080},{\"@type\":\"BreadcrumbList\",\"@id\":\"https:\\\/\\\/all4camper.com\\\/cs\\\/kempovani-u-proslule-nemecke-loreley\\\/#breadcrumb\",\"itemListElement\":[{\"@type\":\"ListItem\",\"position\":1,\"name\":\"Dom\u016f\",\"item\":\"https:\\\/\\\/all4camper.com\\\/cs\\\/\"},{\"@type\":\"ListItem\",\"position\":2,\"name\":\"Kempov\u00e1n\u00ed a cestov\u00e1n\u00ed v N\u011bmecku\",\"item\":\"https:\\\/\\\/all4camper.com\\\/cs\\\/category\\\/kempovani-a-cestovani-v-nemecku\\\/\"},{\"@type\":\"ListItem\",\"position\":3,\"name\":\"Kempov\u00e1n\u00ed u proslul\u00e9 n\u011bmeck\u00e9 Loreley\"}]},{\"@type\":\"WebSite\",\"@id\":\"https:\\\/\\\/all4camper.com\\\/cs\\\/#website\",\"url\":\"https:\\\/\\\/all4camper.com\\\/cs\\\/\",\"name\":\"All4Camper\",\"description\":\"Nejv\u011bt\u0161\u00ed online magaz\u00edn o kempov\u00e1n\u00ed a karavaninku. V\u00edce jak 900 \u010dl\u00e1nk\u016f pln\u00fdch rad a tip\u016f o kempech a kempov\u00e1n\u00ed.\",\"publisher\":{\"@id\":\"https:\\\/\\\/all4camper.com\\\/cs\\\/#organization\"},\"potentialAction\":[{\"@type\":\"SearchAction\",\"target\":{\"@type\":\"EntryPoint\",\"urlTemplate\":\"https:\\\/\\\/all4camper.com\\\/cs\\\/?s={search_term_string}\"},\"query-input\":{\"@type\":\"PropertyValueSpecification\",\"valueRequired\":true,\"valueName\":\"search_term_string\"}}],\"inLanguage\":\"cs\"},{\"@type\":\"Organization\",\"@id\":\"https:\\\/\\\/all4camper.com\\\/cs\\\/#organization\",\"name\":\"All4Camper - kempujeme s Kl\u00e1rou\",\"url\":\"https:\\\/\\\/all4camper.com\\\/cs\\\/\",\"logo\":{\"@type\":\"ImageObject\",\"inLanguage\":\"cs\",\"@id\":\"https:\\\/\\\/all4camper.com\\\/cs\\\/#\\\/schema\\\/logo\\\/image\\\/\",\"url\":\"https:\\\/\\\/all4camper.com\\\/wp-content\\\/uploads\\\/2018\\\/09\\\/novelogo.png\",\"contentUrl\":\"https:\\\/\\\/all4camper.com\\\/wp-content\\\/uploads\\\/2018\\\/09\\\/novelogo.png\",\"width\":1520,\"height\":600,\"caption\":\"All4Camper - kempujeme s Kl\u00e1rou\"},\"image\":{\"@id\":\"https:\\\/\\\/all4camper.com\\\/cs\\\/#\\\/schema\\\/logo\\\/image\\\/\"}},{\"@type\":\"Person\",\"@id\":\"https:\\\/\\\/all4camper.com\\\/cs\\\/#\\\/schema\\\/person\\\/9349489688d4c221ca0fc39ae6bcb70b\",\"name\":\"Kate\u0159ina\",\"url\":\"https:\\\/\\\/all4camper.com\\\/cs\\\/author\\\/kterina\\\/\"}]}<\/script>\n<!-- \/ Yoast SEO plugin. -->","yoast_head_json":{"title":"Kempov\u00e1n\u00ed u proslul\u00e9 n\u011bmeck\u00e9 Loreley - All4Camper","description":"All4Camper - Kempov\u00e1n\u00ed u proslul\u00e9 n\u011bmeck\u00e9 Loreley","robots":{"index":"index","follow":"follow","max-snippet":"max-snippet:-1","max-image-preview":"max-image-preview:large","max-video-preview":"max-video-preview:-1"},"canonical":"https:\/\/all4camper.com\/cs\/kempovani-u-proslule-nemecke-loreley\/","og_locale":"cs_CZ","og_type":"article","og_title":"Kempov\u00e1n\u00ed u proslul\u00e9 n\u011bmeck\u00e9 Loreley - All4Camper","og_description":"All4Camper - Kempov\u00e1n\u00ed u proslul\u00e9 n\u011bmeck\u00e9 Loreley","og_url":"https:\/\/all4camper.com\/cs\/kempovani-u-proslule-nemecke-loreley\/","og_site_name":"All4Camper","article_published_time":"2019-08-03T06:00:41+00:00","article_modified_time":"2019-09-19T14:08:33+00:00","og_image":[{"width":1920,"height":1080,"url":"https:\/\/all4camper.com\/wp-content\/uploads\/2019\/07\/cropped-Hrad-Katz.jpg","type":"image\/jpeg"}],"author":"Kate\u0159ina","twitter_card":"summary_large_image","twitter_misc":{"Napsal(a)":"Kate\u0159ina","Odhadovan\u00e1 doba \u010dten\u00ed":"4 minuty"},"schema":{"@context":"https:\/\/schema.org","@graph":[{"@type":"Article","@id":"https:\/\/all4camper.com\/cs\/kempovani-u-proslule-nemecke-loreley\/#article","isPartOf":{"@id":"https:\/\/all4camper.com\/cs\/kempovani-u-proslule-nemecke-loreley\/"},"author":{"name":"Kate\u0159ina","@id":"https:\/\/all4camper.com\/cs\/#\/schema\/person\/9349489688d4c221ca0fc39ae6bcb70b"},"headline":"Kempov\u00e1n\u00ed u proslul\u00e9 n\u011bmeck\u00e9 Loreley","datePublished":"2019-08-03T06:00:41+00:00","dateModified":"2019-09-19T14:08:33+00:00","mainEntityOfPage":{"@id":"https:\/\/all4camper.com\/cs\/kempovani-u-proslule-nemecke-loreley\/"},"wordCount":819,"publisher":{"@id":"https:\/\/all4camper.com\/cs\/#organization"},"image":{"@id":"https:\/\/all4camper.com\/cs\/kempovani-u-proslule-nemecke-loreley\/#primaryimage"},"thumbnailUrl":"https:\/\/all4camper.com\/wp-content\/uploads\/2019\/07\/cropped-Hrad-Katz.jpg","keywords":["Kempy a kempovac\u00ed m\u00edsta","N\u011bmecko","Ostatn\u00ed zem\u011b","Pozn\u00e1vac\u00ed dovolen\u00e1"],"articleSection":["Kempov\u00e1n\u00ed a cestov\u00e1n\u00ed v N\u011bmecku","Kempy a zaj\u00edmav\u00e1 m\u00edsta"],"inLanguage":"cs"},{"@type":"WebPage","@id":"https:\/\/all4camper.com\/cs\/kempovani-u-proslule-nemecke-loreley\/","url":"https:\/\/all4camper.com\/cs\/kempovani-u-proslule-nemecke-loreley\/","name":"Kempov\u00e1n\u00ed u proslul\u00e9 n\u011bmeck\u00e9 Loreley - All4Camper","isPartOf":{"@id":"https:\/\/all4camper.com\/cs\/#website"},"primaryImageOfPage":{"@id":"https:\/\/all4camper.com\/cs\/kempovani-u-proslule-nemecke-loreley\/#primaryimage"},"image":{"@id":"https:\/\/all4camper.com\/cs\/kempovani-u-proslule-nemecke-loreley\/#primaryimage"},"thumbnailUrl":"https:\/\/all4camper.com\/wp-content\/uploads\/2019\/07\/cropped-Hrad-Katz.jpg","datePublished":"2019-08-03T06:00:41+00:00","dateModified":"2019-09-19T14:08:33+00:00","description":"All4Camper - Kempov\u00e1n\u00ed u proslul\u00e9 n\u011bmeck\u00e9 Loreley","breadcrumb":{"@id":"https:\/\/all4camper.com\/cs\/kempovani-u-proslule-nemecke-loreley\/#breadcrumb"},"inLanguage":"cs","potentialAction":[{"@type":"ReadAction","target":["https:\/\/all4camper.com\/cs\/kempovani-u-proslule-nemecke-loreley\/"]}]},{"@type":"ImageObject","inLanguage":"cs","@id":"https:\/\/all4camper.com\/cs\/kempovani-u-proslule-nemecke-loreley\/#primaryimage","url":"https:\/\/all4camper.com\/wp-content\/uploads\/2019\/07\/cropped-Hrad-Katz.jpg","contentUrl":"https:\/\/all4camper.com\/wp-content\/uploads\/2019\/07\/cropped-Hrad-Katz.jpg","width":1920,"height":1080},{"@type":"BreadcrumbList","@id":"https:\/\/all4camper.com\/cs\/kempovani-u-proslule-nemecke-loreley\/#breadcrumb","itemListElement":[{"@type":"ListItem","position":1,"name":"Dom\u016f","item":"https:\/\/all4camper.com\/cs\/"},{"@type":"ListItem","position":2,"name":"Kempov\u00e1n\u00ed a cestov\u00e1n\u00ed v N\u011bmecku","item":"https:\/\/all4camper.com\/cs\/category\/kempovani-a-cestovani-v-nemecku\/"},{"@type":"ListItem","position":3,"name":"Kempov\u00e1n\u00ed u proslul\u00e9 n\u011bmeck\u00e9 Loreley"}]},{"@type":"WebSite","@id":"https:\/\/all4camper.com\/cs\/#website","url":"https:\/\/all4camper.com\/cs\/","name":"All4Camper","description":"Nejv\u011bt\u0161\u00ed online magaz\u00edn o kempov\u00e1n\u00ed a karavaninku. V\u00edce jak 900 \u010dl\u00e1nk\u016f pln\u00fdch rad a tip\u016f o kempech a kempov\u00e1n\u00ed.","publisher":{"@id":"https:\/\/all4camper.com\/cs\/#organization"},"potentialAction":[{"@type":"SearchAction","target":{"@type":"EntryPoint","urlTemplate":"https:\/\/all4camper.com\/cs\/?s={search_term_string}"},"query-input":{"@type":"PropertyValueSpecification","valueRequired":true,"valueName":"search_term_string"}}],"inLanguage":"cs"},{"@type":"Organization","@id":"https:\/\/all4camper.com\/cs\/#organization","name":"All4Camper - kempujeme s Kl\u00e1rou","url":"https:\/\/all4camper.com\/cs\/","logo":{"@type":"ImageObject","inLanguage":"cs","@id":"https:\/\/all4camper.com\/cs\/#\/schema\/logo\/image\/","url":"https:\/\/all4camper.com\/wp-content\/uploads\/2018\/09\/novelogo.png","contentUrl":"https:\/\/all4camper.com\/wp-content\/uploads\/2018\/09\/novelogo.png","width":1520,"height":600,"caption":"All4Camper - kempujeme s Kl\u00e1rou"},"image":{"@id":"https:\/\/all4camper.com\/cs\/#\/schema\/logo\/image\/"}},{"@type":"Person","@id":"https:\/\/all4camper.com\/cs\/#\/schema\/person\/9349489688d4c221ca0fc39ae6bcb70b","name":"Kate\u0159ina","url":"https:\/\/all4camper.com\/cs\/author\/kterina\/"}]}},"_links":{"self":[{"href":"https:\/\/all4camper.com\/cs\/wp-json\/wp\/v2\/posts\/80513","targetHints":{"allow":["GET"]}}],"collection":[{"href":"https:\/\/all4camper.com\/cs\/wp-json\/wp\/v2\/posts"}],"about":[{"href":"https:\/\/all4camper.com\/cs\/wp-json\/wp\/v2\/types\/post"}],"author":[{"embeddable":true,"href":"https:\/\/all4camper.com\/cs\/wp-json\/wp\/v2\/users\/161"}],"replies":[{"embeddable":true,"href":"https:\/\/all4camper.com\/cs\/wp-json\/wp\/v2\/comments?post=80513"}],"version-history":[{"count":0,"href":"https:\/\/all4camper.com\/cs\/wp-json\/wp\/v2\/posts\/80513\/revisions"}],"wp:featuredmedia":[{"embeddable":true,"href":"https:\/\/all4camper.com\/cs\/wp-json\/wp\/v2\/media\/80518"}],"wp:attachment":[{"href":"https:\/\/all4camper.com\/cs\/wp-json\/wp\/v2\/media?parent=80513"}],"wp:term":[{"taxonomy":"category","embeddable":true,"href":"https:\/\/all4camper.com\/cs\/wp-json\/wp\/v2\/categories?post=80513"},{"taxonomy":"post_tag","embeddable":true,"href":"https:\/\/all4camper.com\/cs\/wp-json\/wp\/v2\/tags?post=80513"}],"curies":[{"name":"wp","href":"https:\/\/api.w.org\/{rel}","templated":true}]}}